{"id":45188,"date":"2019-11-21T00:00:18","date_gmt":"2019-11-20T23:00:18","guid":{"rendered":"http:\/\/www.rassegnastampa-totustuus.it\/cattolica\/?p=45188"},"modified":"2019-11-18T13:21:04","modified_gmt":"2019-11-18T12:21:04","slug":"la-messa-delle-americhe-fa-tappa-a-washington","status":"publish","type":"post","link":"https:\/\/www.rassegnastampa-totustuus.it\/cattolica\/la-messa-delle-americhe-fa-tappa-a-washington\/","title":{"rendered":"La \u00abMessa delle Americhe\u00bb fa tappa a Washington"},"content":{"rendered":"<p style=\"text-align: center;\"><strong><a href=\"https:\/\/www.rassegnastampa-totustuus.it\/cattolica\/wp-content\/uploads\/2019\/11\/Frank_La_Rocca.png\"><img loading=\"lazy\" decoding=\"async\" class=\"alignleft wp-image-45192 size-full\" src=\"https:\/\/www.rassegnastampa-totustuus.it\/cattolica\/wp-content\/uploads\/2019\/11\/Frank_La_Rocca.png\" alt=\"\" width=\"228\" height=\"221\" \/><\/a>Alleanza Cattolica<\/strong> Sabato 16 Novembre 2019<\/p>\n<p style=\"text-align: justify;\"><em>Gi\u00e0 eseguita in California e in Messico, la Messa composta nel 2018 in onore della Madonna di Guadalupe e dell\u2019Immacolata Concezione continua il tour \u201cdi unit\u00e0 mariana\u201d<\/em><\/p>\n<p style=\"text-align: center;\">di <strong>Maurizio Brunetti<\/strong><\/p>\n<p><!--more--><\/p>\n<p style=\"text-align: justify;\">Il valore di ogni santa Messa, si sa, \u00e8 inestimabile. E, arrivati al momento della consacrazione, qualunque sia il grado di consapevolezza dei presenti, le formule liturgiche hanno la forza di infrangere le barriere del tempo e dello spazio: misteriosamente, ci si ritrova in compagnia di angeli e di santi del Paradiso ai piedi della croce, presenti al sacrificio per mezzo del quale Cristo ha redento il mondo.<\/p>\n<p style=\"text-align: justify;\">La percezione di tale realt\u00e0, tuttavia, pu\u00f2 essere pi\u00f9 o meno lucida, e diversi elementi di contorno possono irrobustirla: ecco in che cosa possono fare la differenza la compostezza del celebrante, la bellezza dei paramenti liturgici e degli elementi architettonici \u2013 per esempio \u2013 o, come ricorda il cardinale Robert Sarah, l\u2019uso del latino, anche nella liturgia post-conciliare, e la celebrazione ad orientem. Un elemento fra questi tutt\u2019altro che secondario \u00e8 la musica.<\/p>\n<p style=\"text-align: justify;\"><a href=\"https:\/\/www.rassegnastampa-totustuus.it\/cattolica\/wp-content\/uploads\/2017\/03\/Messa_novo_ordo.jpg\"><img loading=\"lazy\" decoding=\"async\" class=\"alignright wp-image-37465\" src=\"https:\/\/www.rassegnastampa-totustuus.it\/cattolica\/wp-content\/uploads\/2017\/03\/Messa_novo_ordo-300x168.jpg\" alt=\"\" width=\"250\" height=\"140\" \/><\/a>Ove presente, infatti, essa, \u00e8 parte integrante della liturgia e, se decorosa \u2013 insegnava il venerabile Papa Pio XII (1876-1958) \u2013, \u00abviene accresciuto l\u2019onore che la Chiesa porge a Dio in unione con Cristo suo capo\u00bb.<\/p>\n<p style=\"text-align: justify;\">Ne era certamente consapevole mons. Salvatore Joseph Cordileone, arcivescovo metropolita di San Francisco, in California, quando, nel 2017, all\u2019Istituto Benedetto XVI per la Musica Sacra e il Culto Divino e a uno dei suoi musicisti di riferimento, Frank La Rocca, ha commissionato la composizione di una Messa che avrebbe onorato la santa Vergine sotto il duplice titolo di Immacolata Concezione, che \u00e8 patrona degli Stati Uniti d\u2019America, e di Nostra Signora di Guadalupe, che invece lo \u00e8 di tutti i popoli di lingua spagnola e del continente americano in particolare.<\/p>\n<p style=\"text-align: justify;\">Ma chi \u00e8 Frank La Rocca? Nato a Clifton, nel New Jersey, nel 1951 e formatosi alle universit\u00e0 di Yale e di Berkeley negli anni Settanta, dopo essersi liberato dal linguaggio modernista e dodecafonico impostogli dall\u2019ambiente accademico \u2013 dai lui paragonato a posteriori a una prigione \u2013, inizia a elaborare negli anni 1990 un linguaggio artistico tendenzialmente personale radicato nella tradizione della grande musica classica occidentale.<\/p>\n<p style=\"text-align: justify;\">Un percorso di ricerca della bellezza che contestualmente, dall\u2019agnosticismo della giovinezza, ha portato La Rocca ad avvicinarsi prima al cristianesimo protestante nel 1997, e poi al cattolicesimo dell\u2019infanzia, cui \u00e8 riapprodato nel 2011.<\/p>\n<p style=\"text-align: justify;\"><a href=\"https:\/\/www.rassegnastampa-totustuus.it\/cattolica\/wp-content\/uploads\/2017\/12\/organo_musica.jpg\"><img loading=\"lazy\" decoding=\"async\" class=\"size-full wp-image-39474 alignleft\" src=\"https:\/\/www.rassegnastampa-totustuus.it\/cattolica\/wp-content\/uploads\/2017\/12\/organo_musica.jpg\" alt=\"\" width=\"278\" height=\"181\" \/><\/a>Per la \u00abMessa delle Americhe\u00bb, la cui prima esecuzione ha avuto luogo l\u20198 dicembre scorso nella Cattedrale di San Francisco, Frank La Rocca dice di aver seguito le raccomandazioni di mons. Cordileone: per significare il tratto evangelizzatore e \u201cunificante\u201d della Madonna \u2013 il cui manto protegge e accomuna nella figliolanza divina tutti i battezzati \u2013, la partitura prevede, oltre al coro, alle voci soliste solisti, all\u2019organo e a un quartetto d\u2019archi, l\u2019uso della marimba, una variante dello xilofono di origini africane e diffusa soprattutto nell\u2019America centromeridionale.<\/p>\n<p style=\"text-align: justify;\">L\u2019arcivescovo ha pure compulsato la scelta multilinguistica: in latino, che rimane la lingua ufficiale della Chiesa universale, viene cantato il Gloria, l\u2019Ave Maria al momento dell\u2019Offertorio, il Sanctus e il canto finale. La Rocca ha scelto invece scelto l\u2019inglese per l\u2019Acclamazione Memoriale e per l\u2019Agnus Dei, nonch\u00e9 lo spagnolo per il Bendito e per il canto d\u2019ingresso, El Cantico del Alba, un inno mariano intonato dai coloni della California quando faceva ancora parte dell\u2019impero spagnolo.<\/p>\n<p style=\"text-align: justify;\">Durante la comunione dei fedeli, infine, viene eseguita una versione dell\u2019Ave Maria in nahuatl, l\u2019idioma parlato dagli aztechi. Il compositore ha spiegato in questi termini le ragioni di tale scelta: \u00abCi tenevo che si potesse sentire la lingua con la quale Nostra Signora di Guadalupe si rivolse a san Juan Diego [Cuauhtlatoatzin, 1474 ca.-1548] in una messa a Lei dedicata. Volevo anche che la lingua utilizzata dai sacerdoti aztechi quando compivano sacrifici umani fosse per cos\u00ec dire redenta, tramite il suo utilizzo nei riti dell\u2019Unico Vero Sacrificio Incruento che veramente salva\u00bb.<\/p>\n<p style=\"text-align: justify;\"><a href=\"https:\/\/www.rassegnastampa-totustuus.it\/cattolica\/wp-content\/uploads\/2006\/10\/musica_sacra.jpg\"><img loading=\"lazy\" decoding=\"async\" class=\"size-full wp-image-32944 alignright\" src=\"https:\/\/www.rassegnastampa-totustuus.it\/cattolica\/wp-content\/uploads\/2006\/10\/musica_sacra.jpg\" alt=\"\" width=\"299\" height=\"168\" \/><\/a>All\u2019attenzione dei lettori si propone qui in particolare l\u2019ascolto dell<a href=\"https:\/\/www.youtube.com\/watch?v=FpoF3y7Oqis&amp;list=PLgth7UAnTn59Rj_SRmYYOjDbHPFITkj6o&amp;index=3\" target=\"_blank\" rel=\"noopener noreferrer\">\u2019Alleluia,<\/a> sia perch\u00e9 la combinazione di elementi folklorici messicani in una melodia sacra d\u2019impianto tradizionale sembra particolarmente riuscita, sia per confortare chi, vagheggiando la conquista del Paradiso al termine di questa vita terrena, \u00e8 in angustie \u2013 mi si consenta la boutade \u2013 dinanzi all\u2019eventualit\u00e0 di non poter poi sfuggire all\u2019intonazione per omnia s\u00e6cula s\u00e6culorum dell\u2019Alleluia delle lampadine da parte dei cori angelici.<\/p>\n<p style=\"text-align: justify;\">Si raccomanda inoltre l\u2019ascolto del <a href=\"https:\/\/www.youtube.com\/watch?v=l-FOkdzFgm8\" target=\"_blank\" rel=\"noopener noreferrer\">Sanctus-Bendito<\/a>, perch\u00e9 le immagini raccolte dal compositore per il video costituiscono un campione significativo per intuire i suoi parametri estetico-culturali. Oggi, 16 novembre, la Mass of the Americas verr\u00e0 eseguita, con un organico strumentale rinforzato, nel Santuario nazionale dell\u2019Immacolata Concezione a Washington, la capitale statunitense.<\/p>\n<p style=\"text-align: justify;\"><a href=\"https:\/\/www.rassegnastampa-totustuus.it\/cattolica\/wp-content\/uploads\/2016\/01\/corale.jpg\"><img loading=\"lazy\" decoding=\"async\" class=\"size-full wp-image-30047 alignleft\" src=\"https:\/\/www.rassegnastampa-totustuus.it\/cattolica\/wp-content\/uploads\/2016\/01\/corale.jpg\" alt=\"\" width=\"259\" height=\"194\" \/><\/a>Ma, siccome stavolta mons. Cordileone celebrer\u00e0 la Messa secondo il Rito Romano Antico, tutti i brani dell\u2019Ordinario verranno cantati in latino ed \u00e8 prevista una collocazione dell\u2019Ave Maria in nahuatl che rispetti le rubriche liturgiche. Dopo quella di San Francisco e quella di Tijuana, in Messico, la tappa di Washington \u00e8 la terza di un tour mariano di \u201cunificazione\u201d che punta a un avvicinamento dei fedeli di culture e di lingue diverse.<\/p>\n<p style=\"text-align: justify;\">Entro il 2020 sono gi\u00e0 previste due celebrazioni della Messa delle Americhe in Texas e un\u2019esecuzione in forma di concerto \u2013 e quindi non all\u2019interno della liturgia \u2013 a Roma. Ma, anche il quel caso, gli italiani avranno tutto da guadagnare se in conclusione verr\u00e0 eseguito, come a San Francisco,l\u2019ormai millenaria antifona mariana Alma Redemptoris Mater: \u00abO Santa Madre del Redentore, porta dei cieli, stella del mare, soccorri il tuo popolo che anela a risorgere\u00bb.<\/p>\n","protected":false},"excerpt":{"rendered":"<p>Alleanza Cattolica Sabato 16 Novembre 2019 Gi\u00e0 eseguita in California e in Messico, la Messa composta nel 2018 in onore della Madonna di Guadalupe e dell\u2019Immacolata Concezione continua il tour \u201cdi unit\u00e0 mariana\u201d di Maurizio Brunetti<\/p><p><a class=\"more-link btn\" href=\"https:\/\/www.rassegnastampa-totustuus.it\/cattolica\/la-messa-delle-americhe-fa-tappa-a-washington\/\">Continua a leggere<\/a><\/p>\n","protected":false},"author":6,"featured_media":45190,"comment_status":"closed","ping_status":"closed","sticky":false,"template":"","format":"standard","meta":{"footnotes":""},"categories":[5,115],"tags":[157,328,1325],"class_list":["post-45188","post","type-post","status-publish","format-standard","has-post-thumbnail","hentry","category-chiesa","category-liturgia","tag-chiesa-2","tag-liturgia-2","tag-musica-sacra","item-wrap"],"yoast_head":"<!-- This site is optimized with the Yoast SEO plugin v27.5 - https:\/\/yoast.com\/product\/yoast-seo-wordpress\/ -->\n<title>La \u00abMessa delle Americhe\u00bb fa tappa a Washington - Rassegna Stampa Cattolica<\/title>\n<meta name=\"description\" content=\"Rassegna Stampa Cattolica - Per una cultura che nasce dalla Rivelazione cristiana in conformit\u00e0 alla tradizione e al Magistero della Chiesa in opposizione ad ogni relativismo e totalitarismo\" \/>\n<meta name=\"robots\" content=\"index, follow, max-snippet:-1, max-image-preview:large, max-video-preview:-1\" \/>\n<link rel=\"canonical\" href=\"https:\/\/www.rassegnastampa-totustuus.it\/cattolica\/la-messa-delle-americhe-fa-tappa-a-washington\/\" \/>\n<meta property=\"og:locale\" content=\"it_IT\" \/>\n<meta property=\"og:type\" content=\"article\" \/>\n<meta property=\"og:title\" content=\"La \u00abMessa delle Americhe\u00bb fa tappa a Washington - Rassegna Stampa Cattolica\" \/>\n<meta property=\"og:description\" content=\"Rassegna Stampa Cattolica - Per una cultura che nasce dalla Rivelazione cristiana in conformit\u00e0 alla tradizione e al Magistero della Chiesa in opposizione ad ogni relativismo e totalitarismo\" \/>\n<meta property=\"og:url\" content=\"https:\/\/www.rassegnastampa-totustuus.it\/cattolica\/la-messa-delle-americhe-fa-tappa-a-washington\/\" \/>\n<meta property=\"og:site_name\" content=\"Rassegna Stampa Cattolica\" \/>\n<meta property=\"article:publisher\" content=\"https:\/\/www.facebook.com\/rassegnastampacattolica\" \/>\n<meta property=\"article:published_time\" content=\"2019-11-20T23:00:18+00:00\" \/>\n<meta property=\"og:image\" content=\"https:\/\/www.rassegnastampa-totustuus.it\/cattolica\/wp-content\/uploads\/2019\/11\/musica_liturgia_chiesa.jpg\" \/>\n\t<meta property=\"og:image:width\" content=\"2048\" \/>\n\t<meta property=\"og:image:height\" content=\"1152\" \/>\n\t<meta property=\"og:image:type\" content=\"image\/jpeg\" \/>\n<meta name=\"author\" content=\"Redazione\" \/>\n<meta name=\"twitter:card\" content=\"summary_large_image\" \/>\n<meta name=\"twitter:creator\" content=\"@rassegnastampa9\" \/>\n<meta name=\"twitter:site\" content=\"@rassegnastampa9\" \/>\n<meta name=\"twitter:label1\" content=\"Scritto da\" \/>\n\t<meta name=\"twitter:data1\" content=\"Redazione\" \/>\n\t<meta name=\"twitter:label2\" content=\"Tempo di lettura stimato\" \/>\n\t<meta name=\"twitter:data2\" content=\"5 minuti\" \/>\n<script type=\"application\/ld+json\" class=\"yoast-schema-graph\">{\"@context\":\"https:\\\/\\\/schema.org\",\"@graph\":[{\"@type\":\"Article\",\"@id\":\"https:\\\/\\\/www.rassegnastampa-totustuus.it\\\/cattolica\\\/la-messa-delle-americhe-fa-tappa-a-washington\\\/#article\",\"isPartOf\":{\"@id\":\"https:\\\/\\\/www.rassegnastampa-totustuus.it\\\/cattolica\\\/la-messa-delle-americhe-fa-tappa-a-washington\\\/\"},\"author\":{\"name\":\"Redazione\",\"@id\":\"https:\\\/\\\/www.rassegnastampa-totustuus.it\\\/cattolica\\\/#\\\/schema\\\/person\\\/08f319d2bd1a0904ad9e2bfb7b15e5c3\"},\"headline\":\"La \u00abMessa delle Americhe\u00bb fa tappa a Washington\",\"datePublished\":\"2019-11-20T23:00:18+00:00\",\"mainEntityOfPage\":{\"@id\":\"https:\\\/\\\/www.rassegnastampa-totustuus.it\\\/cattolica\\\/la-messa-delle-americhe-fa-tappa-a-washington\\\/\"},\"wordCount\":940,\"publisher\":{\"@id\":\"https:\\\/\\\/www.rassegnastampa-totustuus.it\\\/cattolica\\\/#organization\"},\"image\":{\"@id\":\"https:\\\/\\\/www.rassegnastampa-totustuus.it\\\/cattolica\\\/la-messa-delle-americhe-fa-tappa-a-washington\\\/#primaryimage\"},\"thumbnailUrl\":\"https:\\\/\\\/www.rassegnastampa-totustuus.it\\\/cattolica\\\/wp-content\\\/uploads\\\/2019\\\/11\\\/musica_liturgia_chiesa.jpg\",\"keywords\":[\"chiesa\",\"liturgia\",\"musica sacra\"],\"articleSection\":[\"Chiesa\",\"Liturgia\"],\"inLanguage\":\"it-IT\"},{\"@type\":\"WebPage\",\"@id\":\"https:\\\/\\\/www.rassegnastampa-totustuus.it\\\/cattolica\\\/la-messa-delle-americhe-fa-tappa-a-washington\\\/\",\"url\":\"https:\\\/\\\/www.rassegnastampa-totustuus.it\\\/cattolica\\\/la-messa-delle-americhe-fa-tappa-a-washington\\\/\",\"name\":\"La \u00abMessa delle Americhe\u00bb fa tappa a Washington - Rassegna Stampa Cattolica\",\"isPartOf\":{\"@id\":\"https:\\\/\\\/www.rassegnastampa-totustuus.it\\\/cattolica\\\/#website\"},\"primaryImageOfPage\":{\"@id\":\"https:\\\/\\\/www.rassegnastampa-totustuus.it\\\/cattolica\\\/la-messa-delle-americhe-fa-tappa-a-washington\\\/#primaryimage\"},\"image\":{\"@id\":\"https:\\\/\\\/www.rassegnastampa-totustuus.it\\\/cattolica\\\/la-messa-delle-americhe-fa-tappa-a-washington\\\/#primaryimage\"},\"thumbnailUrl\":\"https:\\\/\\\/www.rassegnastampa-totustuus.it\\\/cattolica\\\/wp-content\\\/uploads\\\/2019\\\/11\\\/musica_liturgia_chiesa.jpg\",\"datePublished\":\"2019-11-20T23:00:18+00:00\",\"description\":\"Rassegna Stampa Cattolica - Per una cultura che nasce dalla Rivelazione cristiana in conformit\u00e0 alla tradizione e al Magistero della Chiesa in opposizione ad ogni relativismo e totalitarismo\",\"breadcrumb\":{\"@id\":\"https:\\\/\\\/www.rassegnastampa-totustuus.it\\\/cattolica\\\/la-messa-delle-americhe-fa-tappa-a-washington\\\/#breadcrumb\"},\"inLanguage\":\"it-IT\",\"potentialAction\":[{\"@type\":\"ReadAction\",\"target\":[\"https:\\\/\\\/www.rassegnastampa-totustuus.it\\\/cattolica\\\/la-messa-delle-americhe-fa-tappa-a-washington\\\/\"]}]},{\"@type\":\"ImageObject\",\"inLanguage\":\"it-IT\",\"@id\":\"https:\\\/\\\/www.rassegnastampa-totustuus.it\\\/cattolica\\\/la-messa-delle-americhe-fa-tappa-a-washington\\\/#primaryimage\",\"url\":\"https:\\\/\\\/www.rassegnastampa-totustuus.it\\\/cattolica\\\/wp-content\\\/uploads\\\/2019\\\/11\\\/musica_liturgia_chiesa.jpg\",\"contentUrl\":\"https:\\\/\\\/www.rassegnastampa-totustuus.it\\\/cattolica\\\/wp-content\\\/uploads\\\/2019\\\/11\\\/musica_liturgia_chiesa.jpg\",\"width\":2048,\"height\":1152},{\"@type\":\"BreadcrumbList\",\"@id\":\"https:\\\/\\\/www.rassegnastampa-totustuus.it\\\/cattolica\\\/la-messa-delle-americhe-fa-tappa-a-washington\\\/#breadcrumb\",\"itemListElement\":[{\"@type\":\"ListItem\",\"position\":1,\"name\":\"Home\",\"item\":\"https:\\\/\\\/www.rassegnastampa-totustuus.it\\\/cattolica\\\/\"},{\"@type\":\"ListItem\",\"position\":2,\"name\":\"La \u00abMessa delle Americhe\u00bb fa tappa a Washington\"}]},{\"@type\":\"WebSite\",\"@id\":\"https:\\\/\\\/www.rassegnastampa-totustuus.it\\\/cattolica\\\/#website\",\"url\":\"https:\\\/\\\/www.rassegnastampa-totustuus.it\\\/cattolica\\\/\",\"name\":\"Rassegna Stampa Cattolica\",\"description\":\"Per una cultura che nasce dalla Rivelazione cristiana in conformit\u00e0 alla tradizione e al Magistero della Chiesa in opposizione ad ogni relativismo e totalitarismo\",\"publisher\":{\"@id\":\"https:\\\/\\\/www.rassegnastampa-totustuus.it\\\/cattolica\\\/#organization\"},\"alternateName\":\"Rass. Cattolica\",\"potentialAction\":[{\"@type\":\"SearchAction\",\"target\":{\"@type\":\"EntryPoint\",\"urlTemplate\":\"https:\\\/\\\/www.rassegnastampa-totustuus.it\\\/cattolica\\\/?s={search_term_string}\"},\"query-input\":{\"@type\":\"PropertyValueSpecification\",\"valueRequired\":true,\"valueName\":\"search_term_string\"}}],\"inLanguage\":\"it-IT\"},{\"@type\":\"Organization\",\"@id\":\"https:\\\/\\\/www.rassegnastampa-totustuus.it\\\/cattolica\\\/#organization\",\"name\":\"Rassegna Stampa Cattolica\",\"url\":\"https:\\\/\\\/www.rassegnastampa-totustuus.it\\\/cattolica\\\/\",\"logo\":{\"@type\":\"ImageObject\",\"inLanguage\":\"it-IT\",\"@id\":\"https:\\\/\\\/www.rassegnastampa-totustuus.it\\\/cattolica\\\/#\\\/schema\\\/logo\\\/image\\\/\",\"url\":\"https:\\\/\\\/www.rassegnastampa-totustuus.it\\\/cattolica\\\/wp-content\\\/uploads\\\/2014\\\/04\\\/logo-rassegna1.gif\",\"contentUrl\":\"https:\\\/\\\/www.rassegnastampa-totustuus.it\\\/cattolica\\\/wp-content\\\/uploads\\\/2014\\\/04\\\/logo-rassegna1.gif\",\"width\":600,\"height\":163,\"caption\":\"Rassegna Stampa Cattolica\"},\"image\":{\"@id\":\"https:\\\/\\\/www.rassegnastampa-totustuus.it\\\/cattolica\\\/#\\\/schema\\\/logo\\\/image\\\/\"},\"sameAs\":[\"https:\\\/\\\/www.facebook.com\\\/rassegnastampacattolica\",\"https:\\\/\\\/x.com\\\/rassegnastampa9\"]},{\"@type\":\"Person\",\"@id\":\"https:\\\/\\\/www.rassegnastampa-totustuus.it\\\/cattolica\\\/#\\\/schema\\\/person\\\/08f319d2bd1a0904ad9e2bfb7b15e5c3\",\"name\":\"Redazione\",\"image\":{\"@type\":\"ImageObject\",\"inLanguage\":\"it-IT\",\"@id\":\"https:\\\/\\\/secure.gravatar.com\\\/avatar\\\/2fcdf27c78ea025fbdb44e914cc63c72249ffec9dc8aafd5c82b26240ef3f346?s=96&d=mm&r=g\",\"url\":\"https:\\\/\\\/secure.gravatar.com\\\/avatar\\\/2fcdf27c78ea025fbdb44e914cc63c72249ffec9dc8aafd5c82b26240ef3f346?s=96&d=mm&r=g\",\"contentUrl\":\"https:\\\/\\\/secure.gravatar.com\\\/avatar\\\/2fcdf27c78ea025fbdb44e914cc63c72249ffec9dc8aafd5c82b26240ef3f346?s=96&d=mm&r=g\",\"caption\":\"Redazione\"},\"url\":\"https:\\\/\\\/www.rassegnastampa-totustuus.it\\\/cattolica\\\/author\\\/pietroelle\\\/\"}]}<\/script>\n<!-- \/ Yoast SEO plugin. -->","yoast_head_json":{"title":"La \u00abMessa delle Americhe\u00bb fa tappa a Washington - Rassegna Stampa Cattolica","description":"Rassegna Stampa Cattolica - Per una cultura che nasce dalla Rivelazione cristiana in conformit\u00e0 alla tradizione e al Magistero della Chiesa in opposizione ad ogni relativismo e totalitarismo","robots":{"index":"index","follow":"follow","max-snippet":"max-snippet:-1","max-image-preview":"max-image-preview:large","max-video-preview":"max-video-preview:-1"},"canonical":"https:\/\/www.rassegnastampa-totustuus.it\/cattolica\/la-messa-delle-americhe-fa-tappa-a-washington\/","og_locale":"it_IT","og_type":"article","og_title":"La \u00abMessa delle Americhe\u00bb fa tappa a Washington - Rassegna Stampa Cattolica","og_description":"Rassegna Stampa Cattolica - Per una cultura che nasce dalla Rivelazione cristiana in conformit\u00e0 alla tradizione e al Magistero della Chiesa in opposizione ad ogni relativismo e totalitarismo","og_url":"https:\/\/www.rassegnastampa-totustuus.it\/cattolica\/la-messa-delle-americhe-fa-tappa-a-washington\/","og_site_name":"Rassegna Stampa Cattolica","article_publisher":"https:\/\/www.facebook.com\/rassegnastampacattolica","article_published_time":"2019-11-20T23:00:18+00:00","og_image":[{"width":2048,"height":1152,"url":"https:\/\/www.rassegnastampa-totustuus.it\/cattolica\/wp-content\/uploads\/2019\/11\/musica_liturgia_chiesa.jpg","type":"image\/jpeg"}],"author":"Redazione","twitter_card":"summary_large_image","twitter_creator":"@rassegnastampa9","twitter_site":"@rassegnastampa9","twitter_misc":{"Scritto da":"Redazione","Tempo di lettura stimato":"5 minuti"},"schema":{"@context":"https:\/\/schema.org","@graph":[{"@type":"Article","@id":"https:\/\/www.rassegnastampa-totustuus.it\/cattolica\/la-messa-delle-americhe-fa-tappa-a-washington\/#article","isPartOf":{"@id":"https:\/\/www.rassegnastampa-totustuus.it\/cattolica\/la-messa-delle-americhe-fa-tappa-a-washington\/"},"author":{"name":"Redazione","@id":"https:\/\/www.rassegnastampa-totustuus.it\/cattolica\/#\/schema\/person\/08f319d2bd1a0904ad9e2bfb7b15e5c3"},"headline":"La \u00abMessa delle Americhe\u00bb fa tappa a Washington","datePublished":"2019-11-20T23:00:18+00:00","mainEntityOfPage":{"@id":"https:\/\/www.rassegnastampa-totustuus.it\/cattolica\/la-messa-delle-americhe-fa-tappa-a-washington\/"},"wordCount":940,"publisher":{"@id":"https:\/\/www.rassegnastampa-totustuus.it\/cattolica\/#organization"},"image":{"@id":"https:\/\/www.rassegnastampa-totustuus.it\/cattolica\/la-messa-delle-americhe-fa-tappa-a-washington\/#primaryimage"},"thumbnailUrl":"https:\/\/www.rassegnastampa-totustuus.it\/cattolica\/wp-content\/uploads\/2019\/11\/musica_liturgia_chiesa.jpg","keywords":["chiesa","liturgia","musica sacra"],"articleSection":["Chiesa","Liturgia"],"inLanguage":"it-IT"},{"@type":"WebPage","@id":"https:\/\/www.rassegnastampa-totustuus.it\/cattolica\/la-messa-delle-americhe-fa-tappa-a-washington\/","url":"https:\/\/www.rassegnastampa-totustuus.it\/cattolica\/la-messa-delle-americhe-fa-tappa-a-washington\/","name":"La \u00abMessa delle Americhe\u00bb fa tappa a Washington - Rassegna Stampa Cattolica","isPartOf":{"@id":"https:\/\/www.rassegnastampa-totustuus.it\/cattolica\/#website"},"primaryImageOfPage":{"@id":"https:\/\/www.rassegnastampa-totustuus.it\/cattolica\/la-messa-delle-americhe-fa-tappa-a-washington\/#primaryimage"},"image":{"@id":"https:\/\/www.rassegnastampa-totustuus.it\/cattolica\/la-messa-delle-americhe-fa-tappa-a-washington\/#primaryimage"},"thumbnailUrl":"https:\/\/www.rassegnastampa-totustuus.it\/cattolica\/wp-content\/uploads\/2019\/11\/musica_liturgia_chiesa.jpg","datePublished":"2019-11-20T23:00:18+00:00","description":"Rassegna Stampa Cattolica - Per una cultura che nasce dalla Rivelazione cristiana in conformit\u00e0 alla tradizione e al Magistero della Chiesa in opposizione ad ogni relativismo e totalitarismo","breadcrumb":{"@id":"https:\/\/www.rassegnastampa-totustuus.it\/cattolica\/la-messa-delle-americhe-fa-tappa-a-washington\/#breadcrumb"},"inLanguage":"it-IT","potentialAction":[{"@type":"ReadAction","target":["https:\/\/www.rassegnastampa-totustuus.it\/cattolica\/la-messa-delle-americhe-fa-tappa-a-washington\/"]}]},{"@type":"ImageObject","inLanguage":"it-IT","@id":"https:\/\/www.rassegnastampa-totustuus.it\/cattolica\/la-messa-delle-americhe-fa-tappa-a-washington\/#primaryimage","url":"https:\/\/www.rassegnastampa-totustuus.it\/cattolica\/wp-content\/uploads\/2019\/11\/musica_liturgia_chiesa.jpg","contentUrl":"https:\/\/www.rassegnastampa-totustuus.it\/cattolica\/wp-content\/uploads\/2019\/11\/musica_liturgia_chiesa.jpg","width":2048,"height":1152},{"@type":"BreadcrumbList","@id":"https:\/\/www.rassegnastampa-totustuus.it\/cattolica\/la-messa-delle-americhe-fa-tappa-a-washington\/#breadcrumb","itemListElement":[{"@type":"ListItem","position":1,"name":"Home","item":"https:\/\/www.rassegnastampa-totustuus.it\/cattolica\/"},{"@type":"ListItem","position":2,"name":"La \u00abMessa delle Americhe\u00bb fa tappa a Washington"}]},{"@type":"WebSite","@id":"https:\/\/www.rassegnastampa-totustuus.it\/cattolica\/#website","url":"https:\/\/www.rassegnastampa-totustuus.it\/cattolica\/","name":"Rassegna Stampa Cattolica","description":"Per una cultura che nasce dalla Rivelazione cristiana in conformit\u00e0 alla tradizione e al Magistero della Chiesa in opposizione ad ogni relativismo e totalitarismo","publisher":{"@id":"https:\/\/www.rassegnastampa-totustuus.it\/cattolica\/#organization"},"alternateName":"Rass. Cattolica","potentialAction":[{"@type":"SearchAction","target":{"@type":"EntryPoint","urlTemplate":"https:\/\/www.rassegnastampa-totustuus.it\/cattolica\/?s={search_term_string}"},"query-input":{"@type":"PropertyValueSpecification","valueRequired":true,"valueName":"search_term_string"}}],"inLanguage":"it-IT"},{"@type":"Organization","@id":"https:\/\/www.rassegnastampa-totustuus.it\/cattolica\/#organization","name":"Rassegna Stampa Cattolica","url":"https:\/\/www.rassegnastampa-totustuus.it\/cattolica\/","logo":{"@type":"ImageObject","inLanguage":"it-IT","@id":"https:\/\/www.rassegnastampa-totustuus.it\/cattolica\/#\/schema\/logo\/image\/","url":"https:\/\/www.rassegnastampa-totustuus.it\/cattolica\/wp-content\/uploads\/2014\/04\/logo-rassegna1.gif","contentUrl":"https:\/\/www.rassegnastampa-totustuus.it\/cattolica\/wp-content\/uploads\/2014\/04\/logo-rassegna1.gif","width":600,"height":163,"caption":"Rassegna Stampa Cattolica"},"image":{"@id":"https:\/\/www.rassegnastampa-totustuus.it\/cattolica\/#\/schema\/logo\/image\/"},"sameAs":["https:\/\/www.facebook.com\/rassegnastampacattolica","https:\/\/x.com\/rassegnastampa9"]},{"@type":"Person","@id":"https:\/\/www.rassegnastampa-totustuus.it\/cattolica\/#\/schema\/person\/08f319d2bd1a0904ad9e2bfb7b15e5c3","name":"Redazione","image":{"@type":"ImageObject","inLanguage":"it-IT","@id":"https:\/\/secure.gravatar.com\/avatar\/2fcdf27c78ea025fbdb44e914cc63c72249ffec9dc8aafd5c82b26240ef3f346?s=96&d=mm&r=g","url":"https:\/\/secure.gravatar.com\/avatar\/2fcdf27c78ea025fbdb44e914cc63c72249ffec9dc8aafd5c82b26240ef3f346?s=96&d=mm&r=g","contentUrl":"https:\/\/secure.gravatar.com\/avatar\/2fcdf27c78ea025fbdb44e914cc63c72249ffec9dc8aafd5c82b26240ef3f346?s=96&d=mm&r=g","caption":"Redazione"},"url":"https:\/\/www.rassegnastampa-totustuus.it\/cattolica\/author\/pietroelle\/"}]}},"_links":{"self":[{"href":"https:\/\/www.rassegnastampa-totustuus.it\/cattolica\/wp-json\/wp\/v2\/posts\/45188","targetHints":{"allow":["GET"]}}],"collection":[{"href":"https:\/\/www.rassegnastampa-totustuus.it\/cattolica\/wp-json\/wp\/v2\/posts"}],"about":[{"href":"https:\/\/www.rassegnastampa-totustuus.it\/cattolica\/wp-json\/wp\/v2\/types\/post"}],"author":[{"embeddable":true,"href":"https:\/\/www.rassegnastampa-totustuus.it\/cattolica\/wp-json\/wp\/v2\/users\/6"}],"replies":[{"embeddable":true,"href":"https:\/\/www.rassegnastampa-totustuus.it\/cattolica\/wp-json\/wp\/v2\/comments?post=45188"}],"version-history":[{"count":3,"href":"https:\/\/www.rassegnastampa-totustuus.it\/cattolica\/wp-json\/wp\/v2\/posts\/45188\/revisions"}],"predecessor-version":[{"id":45193,"href":"https:\/\/www.rassegnastampa-totustuus.it\/cattolica\/wp-json\/wp\/v2\/posts\/45188\/revisions\/45193"}],"wp:featuredmedia":[{"embeddable":true,"href":"https:\/\/www.rassegnastampa-totustuus.it\/cattolica\/wp-json\/wp\/v2\/media\/45190"}],"wp:attachment":[{"href":"https:\/\/www.rassegnastampa-totustuus.it\/cattolica\/wp-json\/wp\/v2\/media?parent=45188"}],"wp:term":[{"taxonomy":"category","embeddable":true,"href":"https:\/\/www.rassegnastampa-totustuus.it\/cattolica\/wp-json\/wp\/v2\/categories?post=45188"},{"taxonomy":"post_tag","embeddable":true,"href":"https:\/\/www.rassegnastampa-totustuus.it\/cattolica\/wp-json\/wp\/v2\/tags?post=45188"}],"curies":[{"name":"wp","href":"https:\/\/api.w.org\/{rel}","templated":true}]}}