{"id":45140,"date":"2014-11-13T00:00:44","date_gmt":"2014-11-12T23:00:44","guid":{"rendered":"http:\/\/www.rassegnastampa-totustuus.it\/cattolica\/?p=45140"},"modified":"2019-11-13T09:02:57","modified_gmt":"2019-11-13T08:02:57","slug":"donna-eleonora-finta-eroina-che-stava-con-gli-invasori","status":"publish","type":"post","link":"https:\/\/www.rassegnastampa-totustuus.it\/cattolica\/donna-eleonora-finta-eroina-che-stava-con-gli-invasori\/","title":{"rendered":"Donna Eleonora, finta eroina che stava con gli invasori"},"content":{"rendered":"<p style=\"text-align: center;\"><strong><a href=\"https:\/\/www.rassegnastampa-totustuus.it\/cattolica\/wp-content\/uploads\/2014\/11\/Eleonora_Pimentel_de_Fonseca..jpg\"><img loading=\"lazy\" decoding=\"async\" class=\"size-full wp-image-45146 alignleft\" src=\"https:\/\/www.rassegnastampa-totustuus.it\/cattolica\/wp-content\/uploads\/2014\/11\/Eleonora_Pimentel_de_Fonseca..jpg\" alt=\"\" width=\"203\" height=\"249\" \/><\/a>La Nuova Bussola quotidiana<\/strong><\/p>\n<p style=\"text-align: center;\">28 Agosto 2014 <strong>\u00a0<\/strong><\/p>\n<p style=\"text-align: justify;\"><em>A Napoli si \u00e8 svolta una cerimonia pubblica per commemorare il 215\u00b0 anniversario del \u201cmartirio\u201d dei primi otto \u201cpatrioti\u201d napoletani autori della rivoluzione giacobina del 1799. Tra questi, la celebre Eleonora Pimentel de Fonseca. Celebrata come martire della libert\u00e0. Un vero falso storico.<\/em><\/p>\n<p style=\"text-align: center;\">di <strong>Rino Cammilleri<\/strong><\/p>\n<p><!--more--><\/p>\n<p style=\"text-align: justify;\">La notizia: a Napoli il 20 agosto u.s. si \u00e8 svolta una suggestiva cerimonia pubblica per commemorare il 215\u00b0 anniversario del \u00abmartirio\u00bb che soffersero i primi otto \u00abpatrioti\u00bb napoletani autori della rivoluzione giacobina del 1799. Tra questi, la celebre Eleonora Pimentel de Fonseca.<\/p>\n<p style=\"text-align: justify;\">La corona di fiori \u00e8 stata deposta in Piazza del Mercato, dove sorgeva il patibolo per quei \u00ablibertari\u00bb. Con l\u2019occasione \u00e8 stato istituito un premio giornalistico al femminile per ricordare la Pimentel, \u00abche diede la sua vita\u00bb per la causa. Il tutto -ha detto l\u2019assessore alla cultura- \u00abha un valore enorme sia dal punto di vista culturale che civile perch\u00e9 (\u2026) i valori dell&#8217;Illuminismo, dei diritti, della libert\u00e0 e della giustizia sono gli unici attorno a cui possiamo pensare di ricostruire una via di possibile salvezza per il mondo contemporaneo che vive momenti molto angoscianti di sonno della ragione\u00bb (con i puntini tra parentesi abbiamo evitato al lettore il tedio di una lunga tirata retorica da discorso ufficiale).<\/p>\n<p style=\"text-align: justify;\"><strong>Ora, lasciamo da parte per una volta la citt\u00e0 di Giggino<\/strong> <strong>-la pi\u00f9 problematica d\u2019Europa<\/strong> e con una lunga serie di primati <a href=\"https:\/\/www.rassegnastampa-totustuus.it\/cattolica\/wp-content\/uploads\/2016\/09\/Napoli.jpg\"><img loading=\"lazy\" decoding=\"async\" class=\"size-medium wp-image-41149 alignright\" src=\"https:\/\/www.rassegnastampa-totustuus.it\/cattolica\/wp-content\/uploads\/2016\/09\/Napoli-300x168.jpg\" alt=\"\" width=\"300\" height=\"168\" \/><\/a>negativi- la cui amministrazione allegramente perde tempo e denaro con <em>circenses<\/em> come concerti rock, nozze gay e commemorazioni inutili come questa: di certo ci avranno pensato i disoccupati, le vittime della camorra e della microcriminalit\u00e0, i neoborbonici (numerosi da quelle parti) a far sentire il loro rumoroso parere alla premiata giunta De Magistris.<\/p>\n<p style=\"text-align: justify;\">Noi ci limitiamo a osservare le incongruenze del discorso strampalato dell\u2019assessore \u00aballa cultura\u00bb. Il \u00absonno della ragione\u00bb a cui si fa cenno \u00e8 il titolo di un celebre disegno di Goya che proprio contro l\u2019Illuminismo era diretto, quell\u2019Illuminismo che di \u00abdiritti\u00bb e \u00ablibert\u00e0\u00bb si riempiva la bocca ma avanzava sulla punta delle baionette francesi e aveva come simbolo la ghigliottina.<\/p>\n<p style=\"text-align: justify;\"><strong>Esageriamo? No: nel 1989 la Francia festeggi\u00f2 il Bicentenario della Rivoluzione<\/strong> e un\u2019indagine statistica <a href=\"https:\/\/www.rassegnastampa-totustuus.it\/cattolica\/wp-content\/uploads\/2005\/09\/ghigliottina.jpg\"><img loading=\"lazy\" decoding=\"async\" class=\" wp-image-40885 alignleft\" src=\"https:\/\/www.rassegnastampa-totustuus.it\/cattolica\/wp-content\/uploads\/2005\/09\/ghigliottina.jpg\" alt=\"\" width=\"188\" height=\"233\" \/><\/a>evidenzi\u00f2 che la prima cosa che la parola \u00abR\u00e9volution\u00bb faceva venire in mente agli intervistati era, appunto, la ghigliottina. Per quanto riguarda i \u00abpatrioti\u00bb non erano che collaborazionisti degli invasori francesi, \u00abgiacubbini\u00bb (come li chiamava il popolo) entusiasti delle nuove idee robespierriane.<\/p>\n<p style=\"text-align: justify;\">La Pimentel era una <em>parvenue<\/em> portoghese che la regina aveva preso sotto la sua protezione e, per assicurarle un titolo, aveva appioppata a un vecchio marchese. Costei era diventata una delle pi\u00f9 accanite tra i giacobini napoletani, si esibiva in teatro nei <em>tableaux vivants<\/em> che celebravano la rivoluzione, ballava attorno agli \u00abalberi della libert\u00e0\u00bb e aveva addirittura fondato un giornale dal titolo significativo, \u00abIl Monitore\u00bb.<\/p>\n<p style=\"text-align: justify;\">Era uno dei tantissimi \u00abmonitori\u00bb che i giacobini di tutta Europa avevano creato per ammaestrare il popolo bue. Lei lo riempiva praticamente da sola, infarcendola di vituperi per la sua ex benefattrice (\u00abtribade impura\u00bb era uno dei pi\u00f9 forbiti).<\/p>\n<p style=\"text-align: justify;\"><strong>Quest\u2019ultima, sorella di quella Maria Antonietta che i giacobini avevano <\/strong>ghigliottinato, quando pot\u00e9 tornare <a href=\"https:\/\/www.rassegnastampa-totustuus.it\/cattolica\/wp-content\/uploads\/2005\/09\/insorgenze1.jpg\"><img loading=\"lazy\" decoding=\"async\" class=\"size-full wp-image-30808 alignright\" src=\"https:\/\/www.rassegnastampa-totustuus.it\/cattolica\/wp-content\/uploads\/2005\/09\/insorgenze1.jpg\" alt=\"\" width=\"256\" height=\"169\" \/><\/a>dall\u2019esilio non ebbe alcun riguardo con i traditori. I quali non avevano esitato a sparare sui lazzari napoletani che si battevano disperatamente contro i francesi.<\/p>\n<p style=\"text-align: justify;\">Quando Napoli fu liberata dai Sanfedisti del cardinale Ruffo, quest\u2019ultimo raccomand\u00f2 moderazione con i giacobini locali e ne chiese l\u2019amnistia. Fu l\u2019ammiraglio inglese Nelson, di cui la corte borbonica era praticamente ostaggio, a non volerne sapere.<\/p>\n<p style=\"text-align: justify;\">Cos\u00ec, Eleonora Pimentel de Fonseca venne impiccata nella Piazza del Mercato, luogo delle esecuzioni capitali. Tanto era il favore che si era guadagnato con le sue \u00abmonizioni\u00bb nel popolo napoletano che questo \u2013come suo solito- le dedic\u00f2 un epitaffio in musica: \u00abAro\u2019 \u00e8 gghiuta donna Lionora c\u2019abballava \u2018n copp\u2019o tiatro? Mo\u2019 abballa \u2018n miezz\u2019o mircato cu\u2019 masto Donato\u00bb.<\/p>\n<p style=\"text-align: justify;\"><strong>Mastro Donato era il boia di Napoli e la Pimentel non \u00abdiede la sua vita\u00bb<\/strong>: gliela prese lui in base alla legge. S\u00ec, <a href=\"https:\/\/www.rassegnastampa-totustuus.it\/cattolica\/wp-content\/uploads\/2019\/08\/Regno_Napoli.png\"><img loading=\"lazy\" decoding=\"async\" class=\"size-full wp-image-44465 alignleft\" src=\"https:\/\/www.rassegnastampa-totustuus.it\/cattolica\/wp-content\/uploads\/2019\/08\/Regno_Napoli.png\" alt=\"\" width=\"195\" height=\"258\" \/><\/a>perch\u00e9 i \u00abpatrioti\u00bb erano i lazzari che difendevano la loro patria, non i giacobini che parteggiavano per gli invasori. Se la regina Maria Carolina avesse dato retta al cardinale Ruffo, oggi non ci sarebbe alcun \u00abmartire\u00bb da commemorare in una citt\u00e0 che non riesce nemmeno a liberarsi della \u00abmonnezza\u00bb e che, perci\u00f2, avrebbe cose molto pi\u00f9 serie di cui occuparsi.<\/p>\n<p style=\"text-align: justify;\">Certe cerimonie di parte, oggi come allora, riguardano una sparuta minoranza di intellettuali che, giacobinamente, si ritengono gli unici depositari della verit\u00e0 storica solo perch\u00e9, magari, possono ammannirla dalla prima pagina del \u00abCorriere della Sera\u00bb.<\/p>\n<p style=\"text-align: justify;\"><a href=\"https:\/\/www.rassegnastampa-totustuus.it\/cattolica\/wp-content\/uploads\/2014\/11\/Monitore_napoli_giacobini.jpg\"><img loading=\"lazy\" decoding=\"async\" class=\"size-full wp-image-45148 alignright\" src=\"https:\/\/www.rassegnastampa-totustuus.it\/cattolica\/wp-content\/uploads\/2014\/11\/Monitore_napoli_giacobini.jpg\" alt=\"\" width=\"266\" height=\"189\" \/><\/a>Come, all\u2019epoca del Bicentenario, fece Maria Antonietta Macciocchi (ex Pci, poi Partito radicale), la quale si stracciava le vesti perch\u00e9 la povera Eleonora era stata giustiziata senza mutande onde gratificare dello spettacolo la plebe. Naturalmente non era vero, anche perch\u00e9 l\u2019impiccato cadeva in una buca ricavata sul palco della forca e non certo sulle teste della gente assiepata sotto.<\/p>\n<p style=\"text-align: justify;\"><strong>Ma ancora oggi gli intellettuali giacobini sono come quelli del pimenteliano<\/strong> \u00abMonitore\u00bb quando il popolo era illetterato. Anche i salotti \u00abrossi\u00bb sono gli stessi, cos\u00ec come le contesse e le marchese pro-rivoluzione. Solo che adesso il loro compito \u00e8 pi\u00f9 difficile e le loro fesserie storiche devono infilarle nei sussidiari scolastici, cosa molto pi\u00f9 elaborata da farsi.<\/p>\n<p style=\"text-align: justify;\">Certo, qualcuno che ancora ci casca lo si trova sempre. Ma basta fare un giro per via San Giovanni dei Librai \u2013dove i titoli filoborbonici riempiono le vetrine- per constatare che ormai a Napoli pi\u00f9 <em>nisciuno \u00e8 fesso<\/em>.<\/p>\n","protected":false},"excerpt":{"rendered":"<p>La Nuova Bussola quotidiana 28 Agosto 2014 \u00a0 A Napoli si \u00e8 svolta una cerimonia pubblica per commemorare il 215\u00b0 anniversario del \u201cmartirio\u201d dei primi otto \u201cpatrioti\u201d napoletani autori della rivoluzione giacobina del 1799. Tra questi, la celebre Eleonora Pimentel de Fonseca. Celebrata come martire della libert\u00e0. Un vero falso storico. di Rino Cammilleri<\/p><p><a class=\"more-link btn\" href=\"https:\/\/www.rassegnastampa-totustuus.it\/cattolica\/donna-eleonora-finta-eroina-che-stava-con-gli-invasori\/\">Continua a leggere<\/a><\/p>\n","protected":false},"author":6,"featured_media":45144,"comment_status":"closed","ping_status":"closed","sticky":false,"template":"","format":"standard","meta":{"footnotes":""},"categories":[18,24,96],"tags":[2771,1053,283,162,404],"class_list":["post-45140","post","type-post","status-publish","format-standard","has-post-thumbnail","hentry","category-personaggi","category-storia","category-storia-italiana","tag-eleonora-pimental-de-fonseca","tag-giacobini","tag-personaggi-2","tag-storia-2","tag-storia-italiana-2","item-wrap"],"yoast_head":"<!-- This site is optimized with the Yoast SEO plugin v27.5 - https:\/\/yoast.com\/product\/yoast-seo-wordpress\/ -->\n<title>Donna Eleonora, finta eroina che stava con gli invasori - Rassegna Stampa Cattolica<\/title>\n<meta name=\"description\" content=\"Rassegna Stampa Cattolica - Per una cultura che nasce dalla Rivelazione cristiana in conformit\u00e0 alla tradizione e al Magistero della Chiesa in opposizione ad ogni relativismo e totalitarismo\" \/>\n<meta name=\"robots\" content=\"index, follow, max-snippet:-1, max-image-preview:large, max-video-preview:-1\" \/>\n<link rel=\"canonical\" href=\"https:\/\/www.rassegnastampa-totustuus.it\/cattolica\/donna-eleonora-finta-eroina-che-stava-con-gli-invasori\/\" \/>\n<meta property=\"og:locale\" content=\"it_IT\" \/>\n<meta property=\"og:type\" content=\"article\" \/>\n<meta property=\"og:title\" content=\"Donna Eleonora, finta eroina che stava con gli invasori - Rassegna Stampa Cattolica\" \/>\n<meta property=\"og:description\" content=\"Rassegna Stampa Cattolica - Per una cultura che nasce dalla Rivelazione cristiana in conformit\u00e0 alla tradizione e al Magistero della Chiesa in opposizione ad ogni relativismo e totalitarismo\" \/>\n<meta property=\"og:url\" content=\"https:\/\/www.rassegnastampa-totustuus.it\/cattolica\/donna-eleonora-finta-eroina-che-stava-con-gli-invasori\/\" \/>\n<meta property=\"og:site_name\" content=\"Rassegna Stampa Cattolica\" \/>\n<meta property=\"article:publisher\" content=\"https:\/\/www.facebook.com\/rassegnastampacattolica\" \/>\n<meta property=\"article:published_time\" content=\"2014-11-12T23:00:44+00:00\" \/>\n<meta property=\"article:modified_time\" content=\"2019-11-13T08:02:57+00:00\" \/>\n<meta property=\"og:image\" content=\"https:\/\/www.rassegnastampa-totustuus.it\/cattolica\/wp-content\/uploads\/2014\/11\/Napoli_1799.jpg\" \/>\n\t<meta property=\"og:image:width\" content=\"2480\" \/>\n\t<meta property=\"og:image:height\" content=\"1350\" \/>\n\t<meta property=\"og:image:type\" content=\"image\/jpeg\" \/>\n<meta name=\"author\" content=\"Redazione\" \/>\n<meta name=\"twitter:card\" content=\"summary_large_image\" \/>\n<meta name=\"twitter:creator\" content=\"@rassegnastampa9\" \/>\n<meta name=\"twitter:site\" content=\"@rassegnastampa9\" \/>\n<meta name=\"twitter:label1\" content=\"Scritto da\" \/>\n\t<meta name=\"twitter:data1\" content=\"Redazione\" \/>\n\t<meta name=\"twitter:label2\" content=\"Tempo di lettura stimato\" \/>\n\t<meta name=\"twitter:data2\" content=\"5 minuti\" \/>\n<script type=\"application\/ld+json\" class=\"yoast-schema-graph\">{\"@context\":\"https:\\\/\\\/schema.org\",\"@graph\":[{\"@type\":\"Article\",\"@id\":\"https:\\\/\\\/www.rassegnastampa-totustuus.it\\\/cattolica\\\/donna-eleonora-finta-eroina-che-stava-con-gli-invasori\\\/#article\",\"isPartOf\":{\"@id\":\"https:\\\/\\\/www.rassegnastampa-totustuus.it\\\/cattolica\\\/donna-eleonora-finta-eroina-che-stava-con-gli-invasori\\\/\"},\"author\":{\"name\":\"Redazione\",\"@id\":\"https:\\\/\\\/www.rassegnastampa-totustuus.it\\\/cattolica\\\/#\\\/schema\\\/person\\\/08f319d2bd1a0904ad9e2bfb7b15e5c3\"},\"headline\":\"Donna Eleonora, finta eroina che stava con gli invasori\",\"datePublished\":\"2014-11-12T23:00:44+00:00\",\"dateModified\":\"2019-11-13T08:02:57+00:00\",\"mainEntityOfPage\":{\"@id\":\"https:\\\/\\\/www.rassegnastampa-totustuus.it\\\/cattolica\\\/donna-eleonora-finta-eroina-che-stava-con-gli-invasori\\\/\"},\"wordCount\":926,\"publisher\":{\"@id\":\"https:\\\/\\\/www.rassegnastampa-totustuus.it\\\/cattolica\\\/#organization\"},\"image\":{\"@id\":\"https:\\\/\\\/www.rassegnastampa-totustuus.it\\\/cattolica\\\/donna-eleonora-finta-eroina-che-stava-con-gli-invasori\\\/#primaryimage\"},\"thumbnailUrl\":\"https:\\\/\\\/www.rassegnastampa-totustuus.it\\\/cattolica\\\/wp-content\\\/uploads\\\/2014\\\/11\\\/Napoli_1799.jpg\",\"keywords\":[\"Eleonora Pimental de Fonseca\",\"giacobini\",\"personaggi\",\"storia\",\"storia italiana\"],\"articleSection\":[\"Personaggi\",\"Storia\",\"Storia italiana\"],\"inLanguage\":\"it-IT\"},{\"@type\":\"WebPage\",\"@id\":\"https:\\\/\\\/www.rassegnastampa-totustuus.it\\\/cattolica\\\/donna-eleonora-finta-eroina-che-stava-con-gli-invasori\\\/\",\"url\":\"https:\\\/\\\/www.rassegnastampa-totustuus.it\\\/cattolica\\\/donna-eleonora-finta-eroina-che-stava-con-gli-invasori\\\/\",\"name\":\"Donna Eleonora, finta eroina che stava con gli invasori - Rassegna Stampa Cattolica\",\"isPartOf\":{\"@id\":\"https:\\\/\\\/www.rassegnastampa-totustuus.it\\\/cattolica\\\/#website\"},\"primaryImageOfPage\":{\"@id\":\"https:\\\/\\\/www.rassegnastampa-totustuus.it\\\/cattolica\\\/donna-eleonora-finta-eroina-che-stava-con-gli-invasori\\\/#primaryimage\"},\"image\":{\"@id\":\"https:\\\/\\\/www.rassegnastampa-totustuus.it\\\/cattolica\\\/donna-eleonora-finta-eroina-che-stava-con-gli-invasori\\\/#primaryimage\"},\"thumbnailUrl\":\"https:\\\/\\\/www.rassegnastampa-totustuus.it\\\/cattolica\\\/wp-content\\\/uploads\\\/2014\\\/11\\\/Napoli_1799.jpg\",\"datePublished\":\"2014-11-12T23:00:44+00:00\",\"dateModified\":\"2019-11-13T08:02:57+00:00\",\"description\":\"Rassegna Stampa Cattolica - Per una cultura che nasce dalla Rivelazione cristiana in conformit\u00e0 alla tradizione e al Magistero della Chiesa in opposizione ad ogni relativismo e totalitarismo\",\"breadcrumb\":{\"@id\":\"https:\\\/\\\/www.rassegnastampa-totustuus.it\\\/cattolica\\\/donna-eleonora-finta-eroina-che-stava-con-gli-invasori\\\/#breadcrumb\"},\"inLanguage\":\"it-IT\",\"potentialAction\":[{\"@type\":\"ReadAction\",\"target\":[\"https:\\\/\\\/www.rassegnastampa-totustuus.it\\\/cattolica\\\/donna-eleonora-finta-eroina-che-stava-con-gli-invasori\\\/\"]}]},{\"@type\":\"ImageObject\",\"inLanguage\":\"it-IT\",\"@id\":\"https:\\\/\\\/www.rassegnastampa-totustuus.it\\\/cattolica\\\/donna-eleonora-finta-eroina-che-stava-con-gli-invasori\\\/#primaryimage\",\"url\":\"https:\\\/\\\/www.rassegnastampa-totustuus.it\\\/cattolica\\\/wp-content\\\/uploads\\\/2014\\\/11\\\/Napoli_1799.jpg\",\"contentUrl\":\"https:\\\/\\\/www.rassegnastampa-totustuus.it\\\/cattolica\\\/wp-content\\\/uploads\\\/2014\\\/11\\\/Napoli_1799.jpg\",\"width\":2480,\"height\":1350},{\"@type\":\"BreadcrumbList\",\"@id\":\"https:\\\/\\\/www.rassegnastampa-totustuus.it\\\/cattolica\\\/donna-eleonora-finta-eroina-che-stava-con-gli-invasori\\\/#breadcrumb\",\"itemListElement\":[{\"@type\":\"ListItem\",\"position\":1,\"name\":\"Home\",\"item\":\"https:\\\/\\\/www.rassegnastampa-totustuus.it\\\/cattolica\\\/\"},{\"@type\":\"ListItem\",\"position\":2,\"name\":\"Donna Eleonora, finta eroina che stava con gli invasori\"}]},{\"@type\":\"WebSite\",\"@id\":\"https:\\\/\\\/www.rassegnastampa-totustuus.it\\\/cattolica\\\/#website\",\"url\":\"https:\\\/\\\/www.rassegnastampa-totustuus.it\\\/cattolica\\\/\",\"name\":\"Rassegna Stampa Cattolica\",\"description\":\"Per una cultura che nasce dalla Rivelazione cristiana in conformit\u00e0 alla tradizione e al Magistero della Chiesa in opposizione ad ogni relativismo e totalitarismo\",\"publisher\":{\"@id\":\"https:\\\/\\\/www.rassegnastampa-totustuus.it\\\/cattolica\\\/#organization\"},\"alternateName\":\"Rass. Cattolica\",\"potentialAction\":[{\"@type\":\"SearchAction\",\"target\":{\"@type\":\"EntryPoint\",\"urlTemplate\":\"https:\\\/\\\/www.rassegnastampa-totustuus.it\\\/cattolica\\\/?s={search_term_string}\"},\"query-input\":{\"@type\":\"PropertyValueSpecification\",\"valueRequired\":true,\"valueName\":\"search_term_string\"}}],\"inLanguage\":\"it-IT\"},{\"@type\":\"Organization\",\"@id\":\"https:\\\/\\\/www.rassegnastampa-totustuus.it\\\/cattolica\\\/#organization\",\"name\":\"Rassegna Stampa Cattolica\",\"url\":\"https:\\\/\\\/www.rassegnastampa-totustuus.it\\\/cattolica\\\/\",\"logo\":{\"@type\":\"ImageObject\",\"inLanguage\":\"it-IT\",\"@id\":\"https:\\\/\\\/www.rassegnastampa-totustuus.it\\\/cattolica\\\/#\\\/schema\\\/logo\\\/image\\\/\",\"url\":\"https:\\\/\\\/www.rassegnastampa-totustuus.it\\\/cattolica\\\/wp-content\\\/uploads\\\/2014\\\/04\\\/logo-rassegna1.gif\",\"contentUrl\":\"https:\\\/\\\/www.rassegnastampa-totustuus.it\\\/cattolica\\\/wp-content\\\/uploads\\\/2014\\\/04\\\/logo-rassegna1.gif\",\"width\":600,\"height\":163,\"caption\":\"Rassegna Stampa Cattolica\"},\"image\":{\"@id\":\"https:\\\/\\\/www.rassegnastampa-totustuus.it\\\/cattolica\\\/#\\\/schema\\\/logo\\\/image\\\/\"},\"sameAs\":[\"https:\\\/\\\/www.facebook.com\\\/rassegnastampacattolica\",\"https:\\\/\\\/x.com\\\/rassegnastampa9\"]},{\"@type\":\"Person\",\"@id\":\"https:\\\/\\\/www.rassegnastampa-totustuus.it\\\/cattolica\\\/#\\\/schema\\\/person\\\/08f319d2bd1a0904ad9e2bfb7b15e5c3\",\"name\":\"Redazione\",\"image\":{\"@type\":\"ImageObject\",\"inLanguage\":\"it-IT\",\"@id\":\"https:\\\/\\\/secure.gravatar.com\\\/avatar\\\/2fcdf27c78ea025fbdb44e914cc63c72249ffec9dc8aafd5c82b26240ef3f346?s=96&d=mm&r=g\",\"url\":\"https:\\\/\\\/secure.gravatar.com\\\/avatar\\\/2fcdf27c78ea025fbdb44e914cc63c72249ffec9dc8aafd5c82b26240ef3f346?s=96&d=mm&r=g\",\"contentUrl\":\"https:\\\/\\\/secure.gravatar.com\\\/avatar\\\/2fcdf27c78ea025fbdb44e914cc63c72249ffec9dc8aafd5c82b26240ef3f346?s=96&d=mm&r=g\",\"caption\":\"Redazione\"},\"url\":\"https:\\\/\\\/www.rassegnastampa-totustuus.it\\\/cattolica\\\/author\\\/pietroelle\\\/\"}]}<\/script>\n<!-- \/ Yoast SEO plugin. -->","yoast_head_json":{"title":"Donna Eleonora, finta eroina che stava con gli invasori - Rassegna Stampa Cattolica","description":"Rassegna Stampa Cattolica - Per una cultura che nasce dalla Rivelazione cristiana in conformit\u00e0 alla tradizione e al Magistero della Chiesa in opposizione ad ogni relativismo e totalitarismo","robots":{"index":"index","follow":"follow","max-snippet":"max-snippet:-1","max-image-preview":"max-image-preview:large","max-video-preview":"max-video-preview:-1"},"canonical":"https:\/\/www.rassegnastampa-totustuus.it\/cattolica\/donna-eleonora-finta-eroina-che-stava-con-gli-invasori\/","og_locale":"it_IT","og_type":"article","og_title":"Donna Eleonora, finta eroina che stava con gli invasori - Rassegna Stampa Cattolica","og_description":"Rassegna Stampa Cattolica - Per una cultura che nasce dalla Rivelazione cristiana in conformit\u00e0 alla tradizione e al Magistero della Chiesa in opposizione ad ogni relativismo e totalitarismo","og_url":"https:\/\/www.rassegnastampa-totustuus.it\/cattolica\/donna-eleonora-finta-eroina-che-stava-con-gli-invasori\/","og_site_name":"Rassegna Stampa Cattolica","article_publisher":"https:\/\/www.facebook.com\/rassegnastampacattolica","article_published_time":"2014-11-12T23:00:44+00:00","article_modified_time":"2019-11-13T08:02:57+00:00","og_image":[{"width":2480,"height":1350,"url":"https:\/\/www.rassegnastampa-totustuus.it\/cattolica\/wp-content\/uploads\/2014\/11\/Napoli_1799.jpg","type":"image\/jpeg"}],"author":"Redazione","twitter_card":"summary_large_image","twitter_creator":"@rassegnastampa9","twitter_site":"@rassegnastampa9","twitter_misc":{"Scritto da":"Redazione","Tempo di lettura stimato":"5 minuti"},"schema":{"@context":"https:\/\/schema.org","@graph":[{"@type":"Article","@id":"https:\/\/www.rassegnastampa-totustuus.it\/cattolica\/donna-eleonora-finta-eroina-che-stava-con-gli-invasori\/#article","isPartOf":{"@id":"https:\/\/www.rassegnastampa-totustuus.it\/cattolica\/donna-eleonora-finta-eroina-che-stava-con-gli-invasori\/"},"author":{"name":"Redazione","@id":"https:\/\/www.rassegnastampa-totustuus.it\/cattolica\/#\/schema\/person\/08f319d2bd1a0904ad9e2bfb7b15e5c3"},"headline":"Donna Eleonora, finta eroina che stava con gli invasori","datePublished":"2014-11-12T23:00:44+00:00","dateModified":"2019-11-13T08:02:57+00:00","mainEntityOfPage":{"@id":"https:\/\/www.rassegnastampa-totustuus.it\/cattolica\/donna-eleonora-finta-eroina-che-stava-con-gli-invasori\/"},"wordCount":926,"publisher":{"@id":"https:\/\/www.rassegnastampa-totustuus.it\/cattolica\/#organization"},"image":{"@id":"https:\/\/www.rassegnastampa-totustuus.it\/cattolica\/donna-eleonora-finta-eroina-che-stava-con-gli-invasori\/#primaryimage"},"thumbnailUrl":"https:\/\/www.rassegnastampa-totustuus.it\/cattolica\/wp-content\/uploads\/2014\/11\/Napoli_1799.jpg","keywords":["Eleonora Pimental de Fonseca","giacobini","personaggi","storia","storia italiana"],"articleSection":["Personaggi","Storia","Storia italiana"],"inLanguage":"it-IT"},{"@type":"WebPage","@id":"https:\/\/www.rassegnastampa-totustuus.it\/cattolica\/donna-eleonora-finta-eroina-che-stava-con-gli-invasori\/","url":"https:\/\/www.rassegnastampa-totustuus.it\/cattolica\/donna-eleonora-finta-eroina-che-stava-con-gli-invasori\/","name":"Donna Eleonora, finta eroina che stava con gli invasori - Rassegna Stampa Cattolica","isPartOf":{"@id":"https:\/\/www.rassegnastampa-totustuus.it\/cattolica\/#website"},"primaryImageOfPage":{"@id":"https:\/\/www.rassegnastampa-totustuus.it\/cattolica\/donna-eleonora-finta-eroina-che-stava-con-gli-invasori\/#primaryimage"},"image":{"@id":"https:\/\/www.rassegnastampa-totustuus.it\/cattolica\/donna-eleonora-finta-eroina-che-stava-con-gli-invasori\/#primaryimage"},"thumbnailUrl":"https:\/\/www.rassegnastampa-totustuus.it\/cattolica\/wp-content\/uploads\/2014\/11\/Napoli_1799.jpg","datePublished":"2014-11-12T23:00:44+00:00","dateModified":"2019-11-13T08:02:57+00:00","description":"Rassegna Stampa Cattolica - Per una cultura che nasce dalla Rivelazione cristiana in conformit\u00e0 alla tradizione e al Magistero della Chiesa in opposizione ad ogni relativismo e totalitarismo","breadcrumb":{"@id":"https:\/\/www.rassegnastampa-totustuus.it\/cattolica\/donna-eleonora-finta-eroina-che-stava-con-gli-invasori\/#breadcrumb"},"inLanguage":"it-IT","potentialAction":[{"@type":"ReadAction","target":["https:\/\/www.rassegnastampa-totustuus.it\/cattolica\/donna-eleonora-finta-eroina-che-stava-con-gli-invasori\/"]}]},{"@type":"ImageObject","inLanguage":"it-IT","@id":"https:\/\/www.rassegnastampa-totustuus.it\/cattolica\/donna-eleonora-finta-eroina-che-stava-con-gli-invasori\/#primaryimage","url":"https:\/\/www.rassegnastampa-totustuus.it\/cattolica\/wp-content\/uploads\/2014\/11\/Napoli_1799.jpg","contentUrl":"https:\/\/www.rassegnastampa-totustuus.it\/cattolica\/wp-content\/uploads\/2014\/11\/Napoli_1799.jpg","width":2480,"height":1350},{"@type":"BreadcrumbList","@id":"https:\/\/www.rassegnastampa-totustuus.it\/cattolica\/donna-eleonora-finta-eroina-che-stava-con-gli-invasori\/#breadcrumb","itemListElement":[{"@type":"ListItem","position":1,"name":"Home","item":"https:\/\/www.rassegnastampa-totustuus.it\/cattolica\/"},{"@type":"ListItem","position":2,"name":"Donna Eleonora, finta eroina che stava con gli invasori"}]},{"@type":"WebSite","@id":"https:\/\/www.rassegnastampa-totustuus.it\/cattolica\/#website","url":"https:\/\/www.rassegnastampa-totustuus.it\/cattolica\/","name":"Rassegna Stampa Cattolica","description":"Per una cultura che nasce dalla Rivelazione cristiana in conformit\u00e0 alla tradizione e al Magistero della Chiesa in opposizione ad ogni relativismo e totalitarismo","publisher":{"@id":"https:\/\/www.rassegnastampa-totustuus.it\/cattolica\/#organization"},"alternateName":"Rass. Cattolica","potentialAction":[{"@type":"SearchAction","target":{"@type":"EntryPoint","urlTemplate":"https:\/\/www.rassegnastampa-totustuus.it\/cattolica\/?s={search_term_string}"},"query-input":{"@type":"PropertyValueSpecification","valueRequired":true,"valueName":"search_term_string"}}],"inLanguage":"it-IT"},{"@type":"Organization","@id":"https:\/\/www.rassegnastampa-totustuus.it\/cattolica\/#organization","name":"Rassegna Stampa Cattolica","url":"https:\/\/www.rassegnastampa-totustuus.it\/cattolica\/","logo":{"@type":"ImageObject","inLanguage":"it-IT","@id":"https:\/\/www.rassegnastampa-totustuus.it\/cattolica\/#\/schema\/logo\/image\/","url":"https:\/\/www.rassegnastampa-totustuus.it\/cattolica\/wp-content\/uploads\/2014\/04\/logo-rassegna1.gif","contentUrl":"https:\/\/www.rassegnastampa-totustuus.it\/cattolica\/wp-content\/uploads\/2014\/04\/logo-rassegna1.gif","width":600,"height":163,"caption":"Rassegna Stampa Cattolica"},"image":{"@id":"https:\/\/www.rassegnastampa-totustuus.it\/cattolica\/#\/schema\/logo\/image\/"},"sameAs":["https:\/\/www.facebook.com\/rassegnastampacattolica","https:\/\/x.com\/rassegnastampa9"]},{"@type":"Person","@id":"https:\/\/www.rassegnastampa-totustuus.it\/cattolica\/#\/schema\/person\/08f319d2bd1a0904ad9e2bfb7b15e5c3","name":"Redazione","image":{"@type":"ImageObject","inLanguage":"it-IT","@id":"https:\/\/secure.gravatar.com\/avatar\/2fcdf27c78ea025fbdb44e914cc63c72249ffec9dc8aafd5c82b26240ef3f346?s=96&d=mm&r=g","url":"https:\/\/secure.gravatar.com\/avatar\/2fcdf27c78ea025fbdb44e914cc63c72249ffec9dc8aafd5c82b26240ef3f346?s=96&d=mm&r=g","contentUrl":"https:\/\/secure.gravatar.com\/avatar\/2fcdf27c78ea025fbdb44e914cc63c72249ffec9dc8aafd5c82b26240ef3f346?s=96&d=mm&r=g","caption":"Redazione"},"url":"https:\/\/www.rassegnastampa-totustuus.it\/cattolica\/author\/pietroelle\/"}]}},"_links":{"self":[{"href":"https:\/\/www.rassegnastampa-totustuus.it\/cattolica\/wp-json\/wp\/v2\/posts\/45140","targetHints":{"allow":["GET"]}}],"collection":[{"href":"https:\/\/www.rassegnastampa-totustuus.it\/cattolica\/wp-json\/wp\/v2\/posts"}],"about":[{"href":"https:\/\/www.rassegnastampa-totustuus.it\/cattolica\/wp-json\/wp\/v2\/types\/post"}],"author":[{"embeddable":true,"href":"https:\/\/www.rassegnastampa-totustuus.it\/cattolica\/wp-json\/wp\/v2\/users\/6"}],"replies":[{"embeddable":true,"href":"https:\/\/www.rassegnastampa-totustuus.it\/cattolica\/wp-json\/wp\/v2\/comments?post=45140"}],"version-history":[{"count":3,"href":"https:\/\/www.rassegnastampa-totustuus.it\/cattolica\/wp-json\/wp\/v2\/posts\/45140\/revisions"}],"predecessor-version":[{"id":45149,"href":"https:\/\/www.rassegnastampa-totustuus.it\/cattolica\/wp-json\/wp\/v2\/posts\/45140\/revisions\/45149"}],"wp:featuredmedia":[{"embeddable":true,"href":"https:\/\/www.rassegnastampa-totustuus.it\/cattolica\/wp-json\/wp\/v2\/media\/45144"}],"wp:attachment":[{"href":"https:\/\/www.rassegnastampa-totustuus.it\/cattolica\/wp-json\/wp\/v2\/media?parent=45140"}],"wp:term":[{"taxonomy":"category","embeddable":true,"href":"https:\/\/www.rassegnastampa-totustuus.it\/cattolica\/wp-json\/wp\/v2\/categories?post=45140"},{"taxonomy":"post_tag","embeddable":true,"href":"https:\/\/www.rassegnastampa-totustuus.it\/cattolica\/wp-json\/wp\/v2\/tags?post=45140"}],"curies":[{"name":"wp","href":"https:\/\/api.w.org\/{rel}","templated":true}]}}