{"id":4514,"date":"2011-04-07T11:41:26","date_gmt":"2011-04-07T09:41:26","guid":{"rendered":""},"modified":"2019-11-06T16:41:19","modified_gmt":"2019-11-06T15:41:19","slug":"e-tutto-oro-quel-che-biologico","status":"publish","type":"post","link":"https:\/\/www.rassegnastampa-totustuus.it\/cattolica\/e-tutto-oro-quel-che-biologico\/","title":{"rendered":"E\u2019 tutto oro quel che &egrave; biologico?"},"content":{"rendered":"<div style=\"text-align: center;\"><strong><a href=\"https:\/\/www.rassegnastampa-totustuus.it\/cattolica\/wp-content\/uploads\/2011\/04\/bio_agri.jpg\"><img loading=\"lazy\" decoding=\"async\" class=\"alignright wp-image-22300\" src=\"https:\/\/www.rassegnastampa-totustuus.it\/cattolica\/wp-content\/uploads\/2011\/04\/bio_agri.jpg\" alt=\"bio_agri\" width=\"250\" height=\"166\" \/><\/a>Nuova secondaria<\/strong><\/div>\n<div style=\"text-align: center;\">n.7 15 marzo 2011<\/div>\n<p style=\"text-align: justify;\"><em>Nella storia i nostri agricoltori hanno diffuso tecnologia e innovazione in tutto il mondo favorendo lo sviluppo di sistemi di coltivazione innovativi; ora si trovano costretti a sfilare con i trattori in porti e autostrade convinti da chi, con poche idee di cosa sia lo sviluppo del settore agricolo, non sa come rendere di nuovo competitiva la nostra agricoltura, pensando a come tentare di bloccare lo sviluppo creato dagli altri<br \/>\n<\/em><\/p>\n<p style=\"text-align: center;\"><strong>Bruno Mezzetti<\/strong><\/p>\n<p style=\"text-align: center;\"><em>(Dip. Scienze Ambientali e delle Produzioni vegetali\u00a0Universit\u00e0 Politecnica delle Marche)<\/em><\/p>\n<p><!--more--><\/p>\n<p style=\"text-align: justify;\">La vera agricoltura tradizionale forse riusciva a garantire prodotti cosiddetti pi\u00f9 naturali, forse non sempre salubri, ma in ogni caso con elevati costi sociali. Un esempio storico di sfruttamento nei campi ci riporta al tempo delle mondine, quando le donne dovevano vincere la lotta alle malerbe nei campi perch\u00e9 ancora non esistevano diserbanti o altre pratiche alternative per il controllo delle infestanti, n\u00e9 macchine per la piantagione e per la raccolta.<\/p>\n<p style=\"text-align: justify;\"><a href=\"https:\/\/www.rassegnastampa-totustuus.it\/cattolica\/wp-content\/uploads\/2012\/01\/contadini.jpg\"><img loading=\"lazy\" decoding=\"async\" class=\"size-full wp-image-33793 alignleft\" src=\"https:\/\/www.rassegnastampa-totustuus.it\/cattolica\/wp-content\/uploads\/2012\/01\/contadini.jpg\" alt=\"\" width=\"284\" height=\"177\" \/><\/a>Sebbene ci siano state tante battaglie per la dignit\u00e0 del lavoro nelle campagne, questo problema sociale \u00e8 ancora attuale ed ha effetti sulla nostra agricoltura per le differenze del costo del lavoro che caratterizza i diversi Paesi, provocando o una competizione tra le nostre produzioni e quelle originate dai Paesi con basso costo del lavoro, o anche il flusso di popolazioni dai Paesi poveri verso l&#8217;Italia per i lavori pi\u00f9 faticosi nelle campagne, a basso salario e senza nessuna tutela (raccolta pomodori, frutta e vendemmia).<\/p>\n<p style=\"text-align: justify;\"><strong>IL RITORNO ALL&#8217;AGRICOLTURA TRADIZIONALE<\/strong><\/p>\n<p style=\"text-align: justify;\">Oggi si propone di tornare ad un&#8217;agricoltura tradizionale, ma non \u00e8 chiaro che cosa sia oggi un&#8217;agricoltura tradizionale, e tornare a questi livelli e condizioni produttive \u00e8 improponibile ed anche inaccettabile per le condizioni degli agricoltori e per il rischio di non riuscire a garantire un livello produttivo sufficiente per le nostre esigenze alimentari, in continuo aumento per il prossimo futuro.<\/p>\n<p style=\"text-align: justify;\"><a href=\"https:\/\/www.rassegnastampa-totustuus.it\/cattolica\/wp-content\/uploads\/2012\/09\/agricoltura_bambini_lavoro.jpg\"><img loading=\"lazy\" decoding=\"async\" class=\"size-full wp-image-45033 alignright\" src=\"https:\/\/www.rassegnastampa-totustuus.it\/cattolica\/wp-content\/uploads\/2012\/09\/agricoltura_bambini_lavoro.jpg\" alt=\"\" width=\"297\" height=\"169\" \/><\/a>La tradizione agricola, fondamento della nostra societ\u00e0, deve essere preservata e perch\u00e9 ci\u00f2 avvenga deve rimanere un&#8217;agricoltura compatibile con le esigenze sociali di chi la realizza (tutti gli operatori delle diverse fasi produttive). Un&#8217;agricoltura sostenibile deve quindi garantire un&#8217;elevata efficienza produttiva, al minor impatto ambientale, con il pi\u00f9 elevato controllo della qualit\u00e0 e con costi compatibili per l&#8217;agricoltore e per il consumatore.<\/p>\n<p style=\"text-align: justify;\">L&#8217;agricoltura biologica, che ora si caratterizza per un maggiore costo a carico del consumatore (costi dei contributi finora erogati per promuovere l&#8217;agricoltura biologica, compensare il calo delle rese produttive e conseguente maggior prezzo che generalmente si richiede al consumatore), senza provati effetti di miglioramento ambientale e\/o di riduzione di rischio per il consumatore (anzi, con evidenze del contrario), non pu\u00f2 essere considerata un&#8217;agricoltura sostenibile e tanto meno futuribile per il nostro Paese.<\/p>\n<p style=\"text-align: justify;\"><a href=\"https:\/\/www.rassegnastampa-totustuus.it\/cattolica\/wp-content\/uploads\/2004\/10\/ogm_ricerca_agricoltura.jpg\"><img loading=\"lazy\" decoding=\"async\" class=\"size-full wp-image-43286 alignleft\" src=\"https:\/\/www.rassegnastampa-totustuus.it\/cattolica\/wp-content\/uploads\/2004\/10\/ogm_ricerca_agricoltura.jpg\" alt=\"\" width=\"275\" height=\"183\" \/><\/a>Per conservare la nostra agricoltura non basta una valorizzazione delle produzioni tipiche d&#8217;eccellenza, per mercati di nicchia ad elevato valore, ma occorre anche pensare allo sviluppo di sistemi di coltivazione ad elevata efficienza produttiva, utili per garantire ricavi agli agricoltori anche con prodotti indirizzati a settori di mercato a basso prezzo, sempre pi\u00f9 rilevanti anche nel nostro Paese.<\/p>\n<p style=\"text-align: justify;\">La forte azione propagandistica a favore dell&#8217;agricoltura tradizionale e dei relativi mercati di nicchia dar\u00e0 forse benef\u00ecci limitati a pochi nel breve periodo. Coster\u00e0 per\u00f2 non poco al nostro Paese la perdita di conoscenze conseguente al blocco della ricerca sulle biotecnologie vegetali, iniziato con le prime moratorie del 1998, poi continuato in diversi modi, producendo l&#8217;effetto del completo abbandono della sperimentazione in campo sulle piante transgeniche.<\/p>\n<p style=\"text-align: justify;\"><strong>LE DIRETTIVE COMUNITARIE<\/strong><\/p>\n<p style=\"text-align: justify;\">Alcune amministrazioni comunali e regionali italiane si sono dichiarate OGM-free. Il Governo italiano stesso vieta la coltivazione delle piante transgeniche su tutto il territorio nazionale sia per scopi sperimentali che commerciali. Questi divieti si basano su leggi e regolamenti privi di valore giuridico. Infatti, la normativa sulla coltivazione e sulla commercializzazione di prodotti transgenici dovrebbe dipendere dalle direttive comunitarie.<\/p>\n<p style=\"text-align: justify;\"><a href=\"https:\/\/www.rassegnastampa-totustuus.it\/cattolica\/wp-content\/uploads\/2009\/03\/ogm.jpg\"><img loading=\"lazy\" decoding=\"async\" class=\"size-full wp-image-30455 alignright\" src=\"https:\/\/www.rassegnastampa-totustuus.it\/cattolica\/wp-content\/uploads\/2009\/03\/ogm.jpg\" alt=\"\" width=\"275\" height=\"183\" \/><\/a>Le pi\u00f9 importanti sono la Direttiva 2001\/18 per le autorizzazioni per sperimentazione e per coltivazione, e dal 2004 anche dalla direttiva EC 1829\/2003, (1) che definisce una procedura di autorizzazione comune per i paesi Comunitari, identificando l&#8217;EFSA (Autorit\u00e0 Europea per la Sicurezza Alimentare) come responsabile della valutazione scientifica delle piante e dei prodotti OGM per uso alimentare e zootecnico.<\/p>\n<p style=\"text-align: justify;\">Con il Decreto 224 del 2003 il nostro Paese ha recepito la direttiva EU 2001\/18, ma questa non ha ancora avuto applicazione. Ci\u00f2 perch\u00e9 nel Decreto \u00e8 previsto l&#8217;obbligo da parte del Ministero dell&#8217;Agricoltura di predisporre protocolli di sperimentazione per tutte le specie di interesse. Dal 2003 ad oggi questi protocolli non sono mai stati preparati. Resta il dubbio che questa sia stata una scelta volontaria della nostra classe politica per far slittare e quindi bloccare nel tempo ogni autorizzazione.<\/p>\n<p style=\"text-align: justify;\"><a href=\"https:\/\/www.rassegnastampa-totustuus.it\/cattolica\/wp-content\/uploads\/2012\/10\/ogm.jpg\"><img loading=\"lazy\" decoding=\"async\" class=\"size-full wp-image-24394 alignleft\" src=\"https:\/\/www.rassegnastampa-totustuus.it\/cattolica\/wp-content\/uploads\/2012\/10\/ogm.jpg\" alt=\"\" width=\"283\" height=\"178\" \/><\/a>Si pensi che, nello stesso periodo, la Spagna non solo ha preparato i suoi protocolli e sviluppato una consistente coltivazione commerciale di mais Bt (nel 2006 gi\u00e0 superiore a 50.000 ettari), ma anche realizzato il primo studio in Europa sui benefici economici derivanti dalla coltivazione di mais resistente agli insetti (2).<\/p>\n<p style=\"text-align: justify;\">Il primo paradosso di questa situazione di blocco creato dal \u201cmovimento\u201d anti-OGM \u00e8 che ci\u00f2, in realt\u00e0, \u00e8 a favore solo delle multinazionali: ad esempio, quelle chimiche che continuano a produrre e vendere i loro fitofarmaci, anche quelli utilizzati per l&#8217;agricoltura biologica (che spesso ne richiede pi\u00f9 di quella integrata e che comunque devono essere tossici verso i parassiti); oppure quelle del Biotech che, mantenendo elevati gli investimenti in ricerca, seppure fuori dell&#8217;Europa, hanno continuato a sviluppare nuove tecnologie e nuovi prodotti.<\/p>\n<p style=\"text-align: justify;\"><a href=\"https:\/\/www.rassegnastampa-totustuus.it\/cattolica\/wp-content\/uploads\/2016\/07\/no_ogm.png\"><img loading=\"lazy\" decoding=\"async\" class=\"size-full wp-image-35646 alignright\" src=\"https:\/\/www.rassegnastampa-totustuus.it\/cattolica\/wp-content\/uploads\/2016\/07\/no_ogm.png\" alt=\"\" width=\"289\" height=\"175\" \/><\/a>Il movimento anti-OGM si basa anche sull&#8217;opinione di rari colleghi ricercatori (spesso di campi non pertinenti alla genetica e alla biologia molecolare vegetale e quindi senza competenze specifiche) che considerano le piante transgeniche poco efficaci, incompatibili con il nostro sistema agricolo, o pericolose e in ogni caso di appannaggio solo delle multinazionali.<\/p>\n<p style=\"text-align: justify;\">La loro posizione \u00e8 spesso frutto di scarsa conoscenza. Di fatto, che nel nostro Paese e in Europa continui questa situazione di perdita della conoscenza scientifica nelle biotecnologie vegetali non porta ad altro risultato che mantenere il monopolio dei prodotti nelle mani multinazionali.<\/p>\n<p style=\"text-align: justify;\"><strong>Un secondo paradosso, diremmo di non poco interesse,<\/strong> \u00e8 la situazione creatasi in Italia, considerando che cosa sta succedendo in Friuli con agricoltori che rivendicano il diritto di poter coltivare mais-Bt perch\u00e9 hanno ormai chiari i possibili vantaggi di queste coltivazioni, consapevoli dell&#8217;assenza di rischio reale per l&#8217;ambiente, per la salute del consumatore ed anche del benef\u00eccio in termini di competitivita e qualit\u00e0 delle loro produzioni.<\/p>\n<p style=\"text-align: justify;\"><a href=\"https:\/\/www.rassegnastampa-totustuus.it\/cattolica\/wp-content\/uploads\/2004\/10\/Ogm.jpg\"><img loading=\"lazy\" decoding=\"async\" class=\"size-full wp-image-33537 alignleft\" src=\"https:\/\/www.rassegnastampa-totustuus.it\/cattolica\/wp-content\/uploads\/2004\/10\/Ogm.jpg\" alt=\"\" width=\"276\" height=\"183\" \/><\/a>Il fatto che un agricoltore venga multato per azioni mirate solo a sostenere il diritto di sapere se gli OGM possono essere di utilit\u00e0 per la sua produzione \u00e8 un esempio di come questa situazione sia gestita in un regime di estremo controllo e come chi non si adegua alle idee portate avanti da certi politici poi deve essere punito. Questo agricoltore deve avere il sostegno della comunit\u00e0 scientifica a dimostrare che quanto propone di fare non crea alcun danno all&#8217;ambiente e tanto meno ai sistemi agricoli.<\/p>\n<p style=\"text-align: justify;\"><strong>PRINCIPIO DI PRECAUZIONE E APPROCCIO PRECAUZIONALE<\/strong><\/p>\n<p style=\"text-align: justify;\">L&#8217;attuale normativa prevede l&#8217;applicazione del Principio di Precauzione, inteso solo come valutazione dei possibili rischi (e quelli teorizzabili sono sempre infiniti), mentre poco si guarda ai benefici. La necessit\u00e0 di verifica dei rischi, ora estremizzato da un punto di vista normativo, rende impraticabile o inaccessibile alle piccole strutture di ricerca &#8211; che sono soprattutto pubbliche nel nostro Paese &#8211; ogni possibile rilascio commerciale di una pianta transgenica.<\/p>\n<p style=\"text-align: justify;\"><a href=\"https:\/\/www.rassegnastampa-totustuus.it\/cattolica\/wp-content\/uploads\/2005\/12\/no_ogm.jpg\"><img loading=\"lazy\" decoding=\"async\" class=\"size-medium wp-image-14854 alignright\" src=\"https:\/\/www.rassegnastampa-totustuus.it\/cattolica\/wp-content\/uploads\/2005\/12\/no_ogm-300x150.jpg\" alt=\"\" width=\"300\" height=\"150\" srcset=\"https:\/\/www.rassegnastampa-totustuus.it\/cattolica\/wp-content\/uploads\/2005\/12\/no_ogm-300x150.jpg 300w, https:\/\/www.rassegnastampa-totustuus.it\/cattolica\/wp-content\/uploads\/2005\/12\/no_ogm.jpg 318w\" sizes=\"auto, (max-width: 300px) 100vw, 300px\" \/><\/a>Una ricerca prima finalizzata alla verifica dei benefici, seguita poi da una verifica dei rischi, sempre in paragone ai rischi delle controparti convenzionali o biologiche e concentrata solo sui prodotti pi\u00f9 interessanti, sarebbe enormemente pi\u00f9 efficace, efficiente ed anche accessibile. La creazione di una rete nazionale di siti sperimentali dove sviluppare la sperimentazione sulle piante transgeniche di possibile interesse per la nostra agricoltura (Fig. 2) sarebbe un primo passo in questa direzione.<\/p>\n<p style=\"text-align: justify;\">Produrre una pianta transgenica con caratteristiche genetiche che risolvano specifici problemi dei prodotti tipici italiani \u00e8 possibile, pur con le ridotte risorse economiche a disposizione della nostra ricerca pubblica. Rimane per\u00f2 il problema degli enormi costi previsti per produrre i dati scientifici, oggi per la maggior parte inutili perch\u00e9 gi\u00e0 disponibili nella letteratura scientifica, sulla relativa assenza di rischi delle singole piante. Infatti, nel processo di autorizzazione per la coltivazione e la commercializzazione di piante transgeniche, TUE applica quel Principio di Precauzione che, di fatto, \u00e8 trasformato in Principio di Blocco. Infatti, la sua interpretazione corrente \u00e8 &#8220;non posso verificare tutte le ipotesi di rischio e quindi non autorizzo&#8221;.<\/p>\n<p style=\"text-align: justify;\"><a href=\"https:\/\/www.rassegnastampa-totustuus.it\/cattolica\/wp-content\/uploads\/2009\/03\/agricoltura.jpg\"><img loading=\"lazy\" decoding=\"async\" class=\"size-full wp-image-30461 alignleft\" src=\"https:\/\/www.rassegnastampa-totustuus.it\/cattolica\/wp-content\/uploads\/2009\/03\/agricoltura.jpg\" alt=\"\" width=\"273\" height=\"184\" \/><\/a>Dovrebbe invece essere logico che, nell&#8217;intero processo decisionale, sia utilizzato un <em>Approccio Precauzionale<\/em>, inteso secondo il cosiddetto <em>Principio di Familiarit\u00e0<\/em>: valuto i rischi tenendo conto sia delle conoscenze gi\u00e0 disponibili sia di informazioni che potranno essere acquisite con ulteriore sperimentazione. Ci\u00f2 significa, ad esempio, che non si dovrebbe ripartire ogni volta da zero, per dimostrare che lo stesso gene, inserito in una nuova variet\u00e0 di pomodoro, non provoca danni alla salute dell&#8217;uomo e all&#8217;ambiente.<\/p>\n<p style=\"text-align: justify;\">\u00c8 infatti fondamentale produrre e diffondere risultati sperimentali concreti da utilizzare poi nella discussione politica e pubblica sui reali rischi e benefici di queste produzioni a confronto con quanto si pu\u00f2 ottenere con i metodi di coltivazione convenzionali, integrati e, soprattutto, biologici. Il risultato di questa attivit\u00e0 scientifica trasferita al consumatore si pu\u00f2 identificare con il <em>principio di familiarit\u00e0<\/em> da seguire per una discussione condivisa con l&#8217;opinione pubblica dei risultati scientifici ma anche con prodotti concreti da mostrare al pubblico, come ad esempio il risultato della sperimentazione effettuata presso l&#8217;Universit\u00e0 Politecnica delle Marche su uva da tavola.<\/p>\n<p style=\"text-align: justify;\"><a href=\"https:\/\/www.rassegnastampa-totustuus.it\/cattolica\/wp-content\/uploads\/2019\/07\/agricoltura_plantio_direto.jpg\"><img loading=\"lazy\" decoding=\"async\" class=\"size-full wp-image-43698 alignright\" src=\"https:\/\/www.rassegnastampa-totustuus.it\/cattolica\/wp-content\/uploads\/2019\/07\/agricoltura_plantio_direto.jpg\" alt=\"\" width=\"299\" height=\"168\" \/><\/a>Purtroppo, ci\u00f2 ora non avviene, anzi a volte c&#8217;\u00e8 anche un vero e proprio occultamento nei confronti dell&#8217;opinione pubblica dei risultati che dimostrano i benefici che possono derivare da una nuova pianta transgenica. La ricerca nel settore della biologia molecolare sta portando allo sviluppo di nuove tecniche di ingegneria genetica che riducono i rischi e rendono pi\u00f9 accettabili ai consumatori i loro prodotti.<\/p>\n<p style=\"text-align: justify;\">Tra queste, di sicuro interesse \u00e8 la cisgenetica, che significa il trasferimento di geni che sono stati isolati dalla stessa specie. Diversi lavori scientifici hanno evidenziato che una pianta geneticamente modificata con un gene che \u00e8 stato isolato dalla stessa specie dovrebbe essere considerata come una pianta ottenuta con metodi tradizionali d&#8217;incrocio e quindi non da assoggettare alle pesanti normative previste per le piante transgeniche.<\/p>\n<p style=\"text-align: justify;\"><a href=\"https:\/\/www.rassegnastampa-totustuus.it\/cattolica\/wp-content\/uploads\/2017\/08\/agricoltura.jpg\"><img loading=\"lazy\" decoding=\"async\" class=\"size-full wp-image-38343 alignleft\" src=\"https:\/\/www.rassegnastampa-totustuus.it\/cattolica\/wp-content\/uploads\/2017\/08\/agricoltura.jpg\" alt=\"\" width=\"284\" height=\"177\" \/><\/a>Queste nuove tecniche possono aiutare ad aumentare l&#8217;accettabilit\u00e0 delle piante transgeniche, ma in ogni caso rimane fondamentale promuovere e sviluppare la ricerca su studi applicati a nuovi geni di interesse specifico per le esigenze della nostra agricoltura che, come abbiamo detto prima, deve mirare a: riduzione degli input (e quindi una riduzione dell&#8217;impatto ambientale, dei costi e del rischio per gli agricoltori); qualit\u00e0 del prodotto, intesa come una riduzione del rischio per il consumatore e un aumento del valore nutrizionale (<em>food safety<\/em>), disponibilit\u00e0 e accessibilit\u00e0 del costo del prodotto (<em>food security<\/em>).<\/p>\n<p style=\"text-align: justify;\">Per altre specie vegetali l&#8217;assenza di transgeni commerciali \u00e8 certamente da ricercare anche nella loro tipologia di commercializzazione. Il mercato delle specie ortofrutticole \u00e8 composto da molteplici mercati cosiddetti di nicchia, in cui le preferenze dei consumatori in termini di sapori, colori, dimensioni, odori, riguardo a una certa specie vegetale, variano anche solo passando da una provincia ad un&#8217;altra.<\/p>\n<p style=\"text-align: justify;\"><a href=\"https:\/\/www.rassegnastampa-totustuus.it\/cattolica\/wp-content\/uploads\/2011\/04\/agricoltura_cibo.jpg\"><img loading=\"lazy\" decoding=\"async\" class=\"size-full wp-image-45037 alignright\" src=\"https:\/\/www.rassegnastampa-totustuus.it\/cattolica\/wp-content\/uploads\/2011\/04\/agricoltura_cibo.jpg\" alt=\"\" width=\"279\" height=\"181\" \/><\/a>Pertanto, una certa variet\u00e0 pu\u00f2 risultare economicamente trainante in una limitata frazione del mercato globale dei prodotti ortofrutticoli, e questo impedisce un qualsiasi investimento finalizzato allo studio per la sua trasformazione genica (che di per s\u00e9 pu\u00f2 essere anche abbastanza limitato), ma soprattutto per i costi delle valutazioni richieste dalle normative, stimate fino a 8-10 milioni di dollari, costi che solo alcune multinazionali possono essere in grado di sostenere.<\/p>\n<p style=\"text-align: justify;\">Ad oggi \u00e8 dunque chiaro che solo alcune colture transgeniche possono essere applicate su larga scala, mentre molte altre stentano ad affacciarsi sul mercato globale. Ingenti costi di ricerca, limitati ettari destinati alla loro coltivazione, variabilit\u00e0 genetica, barriere imposte dal mercato e opposizioni politiche rappresentano quindi le cause principali dei limiti imposti ad applicazioni biotecnologiche su diverse specie frutticole e orticole.<\/p>\n<p style=\"text-align: justify;\"><strong>CUI PRODEST?<\/strong><\/p>\n<p style=\"text-align: justify;\"><a href=\"https:\/\/www.rassegnastampa-totustuus.it\/cattolica\/wp-content\/uploads\/2019\/11\/imballaggi_plastica_cibo.jpg\"><img loading=\"lazy\" decoding=\"async\" class=\"size-full wp-image-44978 alignleft\" src=\"https:\/\/www.rassegnastampa-totustuus.it\/cattolica\/wp-content\/uploads\/2019\/11\/imballaggi_plastica_cibo.jpg\" alt=\"\" width=\"275\" height=\"183\" \/><\/a>Abbiamo inteso evidenziare i possibili benefici della transgenesi a confronto con il biologico. Finora si \u00e8 sempre fatto il contrario. Nella storia i nostri agricoltori hanno diffuso tecnologia e innovazione in tutto il mondo, favorendo lo sviluppo di sistemi di coltivazione innovativi; ora si trovano costretti a sfilare con i trattori in porti e autostrade (vedi proteste organizzate da alcune associazioni) convinti da chi, con poche idee di che cosa sia lo sviluppo del settore agricolo, non sa come rendere di nuovo competitiva la nostra agricoltura, pensando solo a tentare come bloccare lo sviluppo creato dagli altri. Pensare solo a biologico, km-zero, e tipico non aiuta la nostra agricoltura ma la distrugge.<\/p>\n<p style=\"text-align: justify;\">Continuare in questo modo significa perdere tempo, questi prodotti continueranno ad entrare nel nostro Paese, ma soprattutto occuperanno sempre pi\u00f9 spazio su altri mercati togliendolo ai nostri.<\/p>\n<p style=\"text-align: justify;\">Continuare in questo modo significa immobilizzare la nostra agricoltura e mantenerla legata agli interessi di chi ha gestito e spera di continuare a gestire contributi comunitari, utili solo a demolire la capacit\u00e0 imprenditoriale dei nostri agricoltori.<\/p>\n<p style=\"text-align: justify;\"><a href=\"https:\/\/www.rassegnastampa-totustuus.it\/cattolica\/wp-content\/uploads\/2011\/04\/agrucoltura_Europa.jpg\"><img loading=\"lazy\" decoding=\"async\" class=\"size-full wp-image-45038 alignright\" src=\"https:\/\/www.rassegnastampa-totustuus.it\/cattolica\/wp-content\/uploads\/2011\/04\/agrucoltura_Europa.jpg\" alt=\"\" width=\"259\" height=\"195\" \/><\/a>Gi\u00e0 10 anni fa si parlava di una nuova politica europea basata sulla tecnologia e l&#8217;innovazione, ma non \u00e8 successo nulla; ora si discute per una nuova PAC (Politica agricola comune) e questa idea dell&#8217;innovazione viene riproposta, ma difficilmente si potr\u00e0 realizzare, ora che si \u00e8 gi\u00e0 quasi persa &#8220;<em>un&#8217;era tecnologica<\/em>&#8220;.<\/p>\n<p style=\"text-align: justify;\">Si dovrebbe velocemente passare da una visione ristretta di prodotti locali, facilmente clonabili, a nuovi prodotti locali innovativi, efficienti, di qualit\u00e0, di elevata sicurezza e utili per nuove strategie di mercati. In questo nuovo scenario si dovrebbe dare al pi\u00f9 presto una giusta collocazione al contributo che pu\u00f2 derivare dalle biotecnologie<\/p>\n<p style=\"text-align: justify;\"><strong>Note<\/strong><\/p>\n<p style=\"text-align: justify;\"><strong>1)\u00a0<\/strong><a href=\"http:\/\/eur-lp.x.europa.eu\/LexUriServ\/LexUriS\u00c9rv.do?mi-OJ:L:2003:268:0001:0023:EN:PDF\">http:\/\/eur-lp.x.europa.eu\/LexUriServ\/LexUriS\u00c9rv.do?mi-OJ:L:2003:268:0001:0023:EN:PDF.<\/a><\/p>\n<p style=\"text-align: justify;\"><strong>2)<\/strong> Gomez-Barbero et al., <em>Nature Biotech<\/em>, 26, 2008, pp. 384-386.<\/p>\n","protected":false},"excerpt":{"rendered":"<p>Nuova secondaria n.7 15 marzo 2011 Nella storia i nostri agricoltori hanno diffuso tecnologia e innovazione in tutto il mondo favorendo lo sviluppo di sistemi di coltivazione innovativi; ora si trovano costretti a sfilare con i trattori in porti e autostrade convinti da chi, con poche idee di cosa sia lo sviluppo del settore agricolo, &hellip; <\/p>\n<p><a class=\"more-link btn\" href=\"https:\/\/www.rassegnastampa-totustuus.it\/cattolica\/e-tutto-oro-quel-che-biologico\/\">Continua a leggere<\/a><\/p>\n","protected":false},"author":6,"featured_media":22300,"comment_status":"closed","ping_status":"open","sticky":false,"template":"","format":"standard","meta":{"footnotes":""},"categories":[3],"tags":[1928,1929],"class_list":["post-4514","post","type-post","status-publish","format-standard","has-post-thumbnail","hentry","category-ambientalismo","tag-agricoltura","tag-agricoltura-bio","item-wrap"],"yoast_head":"<!-- This site is optimized with the Yoast SEO plugin v27.5 - https:\/\/yoast.com\/product\/yoast-seo-wordpress\/ -->\n<title>E\u2019 tutto oro quel che &egrave; biologico? - Rassegna Stampa Cattolica<\/title>\n<meta name=\"description\" content=\"Rassegna Stampa Cattolica - Per una cultura che nasce dalla Rivelazione cristiana in conformit\u00e0 alla tradizione e al Magistero della Chiesa in opposizione ad ogni relativismo e totalitarismo\" \/>\n<meta name=\"robots\" content=\"index, follow, max-snippet:-1, max-image-preview:large, max-video-preview:-1\" \/>\n<link rel=\"canonical\" href=\"https:\/\/www.rassegnastampa-totustuus.it\/cattolica\/e-tutto-oro-quel-che-biologico\/\" \/>\n<meta property=\"og:locale\" content=\"it_IT\" \/>\n<meta property=\"og:type\" content=\"article\" \/>\n<meta property=\"og:title\" content=\"E\u2019 tutto oro quel che &egrave; biologico? - Rassegna Stampa Cattolica\" \/>\n<meta property=\"og:description\" content=\"Rassegna Stampa Cattolica - Per una cultura che nasce dalla Rivelazione cristiana in conformit\u00e0 alla tradizione e al Magistero della Chiesa in opposizione ad ogni relativismo e totalitarismo\" \/>\n<meta property=\"og:url\" content=\"https:\/\/www.rassegnastampa-totustuus.it\/cattolica\/e-tutto-oro-quel-che-biologico\/\" \/>\n<meta property=\"og:site_name\" content=\"Rassegna Stampa Cattolica\" \/>\n<meta property=\"article:publisher\" content=\"https:\/\/www.facebook.com\/rassegnastampacattolica\" \/>\n<meta property=\"article:published_time\" content=\"2011-04-07T09:41:26+00:00\" \/>\n<meta property=\"article:modified_time\" content=\"2019-11-06T15:41:19+00:00\" \/>\n<meta property=\"og:image\" content=\"https:\/\/www.rassegnastampa-totustuus.it\/cattolica\/wp-content\/uploads\/2011\/04\/bio_agri.jpg\" \/>\n\t<meta property=\"og:image:width\" content=\"275\" \/>\n\t<meta property=\"og:image:height\" content=\"183\" \/>\n\t<meta property=\"og:image:type\" content=\"image\/jpeg\" \/>\n<meta name=\"author\" content=\"Redazione\" \/>\n<meta name=\"twitter:card\" content=\"summary_large_image\" \/>\n<meta name=\"twitter:creator\" content=\"@rassegnastampa9\" \/>\n<meta name=\"twitter:site\" content=\"@rassegnastampa9\" \/>\n<meta name=\"twitter:label1\" content=\"Scritto da\" \/>\n\t<meta name=\"twitter:data1\" content=\"Redazione\" \/>\n\t<meta name=\"twitter:label2\" content=\"Tempo di lettura stimato\" \/>\n\t<meta name=\"twitter:data2\" content=\"11 minuti\" \/>\n<script type=\"application\/ld+json\" class=\"yoast-schema-graph\">{\"@context\":\"https:\\\/\\\/schema.org\",\"@graph\":[{\"@type\":\"Article\",\"@id\":\"https:\\\/\\\/www.rassegnastampa-totustuus.it\\\/cattolica\\\/e-tutto-oro-quel-che-biologico\\\/#article\",\"isPartOf\":{\"@id\":\"https:\\\/\\\/www.rassegnastampa-totustuus.it\\\/cattolica\\\/e-tutto-oro-quel-che-biologico\\\/\"},\"author\":{\"name\":\"Redazione\",\"@id\":\"https:\\\/\\\/www.rassegnastampa-totustuus.it\\\/cattolica\\\/#\\\/schema\\\/person\\\/08f319d2bd1a0904ad9e2bfb7b15e5c3\"},\"headline\":\"E\u2019 tutto oro quel che &egrave; biologico?\",\"datePublished\":\"2011-04-07T09:41:26+00:00\",\"dateModified\":\"2019-11-06T15:41:19+00:00\",\"mainEntityOfPage\":{\"@id\":\"https:\\\/\\\/www.rassegnastampa-totustuus.it\\\/cattolica\\\/e-tutto-oro-quel-che-biologico\\\/\"},\"wordCount\":2295,\"publisher\":{\"@id\":\"https:\\\/\\\/www.rassegnastampa-totustuus.it\\\/cattolica\\\/#organization\"},\"image\":{\"@id\":\"https:\\\/\\\/www.rassegnastampa-totustuus.it\\\/cattolica\\\/e-tutto-oro-quel-che-biologico\\\/#primaryimage\"},\"thumbnailUrl\":\"https:\\\/\\\/www.rassegnastampa-totustuus.it\\\/cattolica\\\/wp-content\\\/uploads\\\/2011\\\/04\\\/bio_agri.jpg\",\"keywords\":[\"agricoltura\",\"agricoltura bio\"],\"articleSection\":[\"Ambientalismo\"],\"inLanguage\":\"it-IT\"},{\"@type\":\"WebPage\",\"@id\":\"https:\\\/\\\/www.rassegnastampa-totustuus.it\\\/cattolica\\\/e-tutto-oro-quel-che-biologico\\\/\",\"url\":\"https:\\\/\\\/www.rassegnastampa-totustuus.it\\\/cattolica\\\/e-tutto-oro-quel-che-biologico\\\/\",\"name\":\"E\u2019 tutto oro quel che &egrave; biologico? - Rassegna Stampa Cattolica\",\"isPartOf\":{\"@id\":\"https:\\\/\\\/www.rassegnastampa-totustuus.it\\\/cattolica\\\/#website\"},\"primaryImageOfPage\":{\"@id\":\"https:\\\/\\\/www.rassegnastampa-totustuus.it\\\/cattolica\\\/e-tutto-oro-quel-che-biologico\\\/#primaryimage\"},\"image\":{\"@id\":\"https:\\\/\\\/www.rassegnastampa-totustuus.it\\\/cattolica\\\/e-tutto-oro-quel-che-biologico\\\/#primaryimage\"},\"thumbnailUrl\":\"https:\\\/\\\/www.rassegnastampa-totustuus.it\\\/cattolica\\\/wp-content\\\/uploads\\\/2011\\\/04\\\/bio_agri.jpg\",\"datePublished\":\"2011-04-07T09:41:26+00:00\",\"dateModified\":\"2019-11-06T15:41:19+00:00\",\"description\":\"Rassegna Stampa Cattolica - Per una cultura che nasce dalla Rivelazione cristiana in conformit\u00e0 alla tradizione e al Magistero della Chiesa in opposizione ad ogni relativismo e totalitarismo\",\"breadcrumb\":{\"@id\":\"https:\\\/\\\/www.rassegnastampa-totustuus.it\\\/cattolica\\\/e-tutto-oro-quel-che-biologico\\\/#breadcrumb\"},\"inLanguage\":\"it-IT\",\"potentialAction\":[{\"@type\":\"ReadAction\",\"target\":[\"https:\\\/\\\/www.rassegnastampa-totustuus.it\\\/cattolica\\\/e-tutto-oro-quel-che-biologico\\\/\"]}]},{\"@type\":\"ImageObject\",\"inLanguage\":\"it-IT\",\"@id\":\"https:\\\/\\\/www.rassegnastampa-totustuus.it\\\/cattolica\\\/e-tutto-oro-quel-che-biologico\\\/#primaryimage\",\"url\":\"https:\\\/\\\/www.rassegnastampa-totustuus.it\\\/cattolica\\\/wp-content\\\/uploads\\\/2011\\\/04\\\/bio_agri.jpg\",\"contentUrl\":\"https:\\\/\\\/www.rassegnastampa-totustuus.it\\\/cattolica\\\/wp-content\\\/uploads\\\/2011\\\/04\\\/bio_agri.jpg\",\"width\":275,\"height\":183},{\"@type\":\"BreadcrumbList\",\"@id\":\"https:\\\/\\\/www.rassegnastampa-totustuus.it\\\/cattolica\\\/e-tutto-oro-quel-che-biologico\\\/#breadcrumb\",\"itemListElement\":[{\"@type\":\"ListItem\",\"position\":1,\"name\":\"Home\",\"item\":\"https:\\\/\\\/www.rassegnastampa-totustuus.it\\\/cattolica\\\/\"},{\"@type\":\"ListItem\",\"position\":2,\"name\":\"E\u2019 tutto oro quel che &egrave; biologico?\"}]},{\"@type\":\"WebSite\",\"@id\":\"https:\\\/\\\/www.rassegnastampa-totustuus.it\\\/cattolica\\\/#website\",\"url\":\"https:\\\/\\\/www.rassegnastampa-totustuus.it\\\/cattolica\\\/\",\"name\":\"Rassegna Stampa Cattolica\",\"description\":\"Per una cultura che nasce dalla Rivelazione cristiana in conformit\u00e0 alla tradizione e al Magistero della Chiesa in opposizione ad ogni relativismo e totalitarismo\",\"publisher\":{\"@id\":\"https:\\\/\\\/www.rassegnastampa-totustuus.it\\\/cattolica\\\/#organization\"},\"alternateName\":\"Rass. Cattolica\",\"potentialAction\":[{\"@type\":\"SearchAction\",\"target\":{\"@type\":\"EntryPoint\",\"urlTemplate\":\"https:\\\/\\\/www.rassegnastampa-totustuus.it\\\/cattolica\\\/?s={search_term_string}\"},\"query-input\":{\"@type\":\"PropertyValueSpecification\",\"valueRequired\":true,\"valueName\":\"search_term_string\"}}],\"inLanguage\":\"it-IT\"},{\"@type\":\"Organization\",\"@id\":\"https:\\\/\\\/www.rassegnastampa-totustuus.it\\\/cattolica\\\/#organization\",\"name\":\"Rassegna Stampa Cattolica\",\"url\":\"https:\\\/\\\/www.rassegnastampa-totustuus.it\\\/cattolica\\\/\",\"logo\":{\"@type\":\"ImageObject\",\"inLanguage\":\"it-IT\",\"@id\":\"https:\\\/\\\/www.rassegnastampa-totustuus.it\\\/cattolica\\\/#\\\/schema\\\/logo\\\/image\\\/\",\"url\":\"https:\\\/\\\/www.rassegnastampa-totustuus.it\\\/cattolica\\\/wp-content\\\/uploads\\\/2014\\\/04\\\/logo-rassegna1.gif\",\"contentUrl\":\"https:\\\/\\\/www.rassegnastampa-totustuus.it\\\/cattolica\\\/wp-content\\\/uploads\\\/2014\\\/04\\\/logo-rassegna1.gif\",\"width\":600,\"height\":163,\"caption\":\"Rassegna Stampa Cattolica\"},\"image\":{\"@id\":\"https:\\\/\\\/www.rassegnastampa-totustuus.it\\\/cattolica\\\/#\\\/schema\\\/logo\\\/image\\\/\"},\"sameAs\":[\"https:\\\/\\\/www.facebook.com\\\/rassegnastampacattolica\",\"https:\\\/\\\/x.com\\\/rassegnastampa9\"]},{\"@type\":\"Person\",\"@id\":\"https:\\\/\\\/www.rassegnastampa-totustuus.it\\\/cattolica\\\/#\\\/schema\\\/person\\\/08f319d2bd1a0904ad9e2bfb7b15e5c3\",\"name\":\"Redazione\",\"image\":{\"@type\":\"ImageObject\",\"inLanguage\":\"it-IT\",\"@id\":\"https:\\\/\\\/secure.gravatar.com\\\/avatar\\\/2fcdf27c78ea025fbdb44e914cc63c72249ffec9dc8aafd5c82b26240ef3f346?s=96&d=mm&r=g\",\"url\":\"https:\\\/\\\/secure.gravatar.com\\\/avatar\\\/2fcdf27c78ea025fbdb44e914cc63c72249ffec9dc8aafd5c82b26240ef3f346?s=96&d=mm&r=g\",\"contentUrl\":\"https:\\\/\\\/secure.gravatar.com\\\/avatar\\\/2fcdf27c78ea025fbdb44e914cc63c72249ffec9dc8aafd5c82b26240ef3f346?s=96&d=mm&r=g\",\"caption\":\"Redazione\"},\"url\":\"https:\\\/\\\/www.rassegnastampa-totustuus.it\\\/cattolica\\\/author\\\/pietroelle\\\/\"}]}<\/script>\n<!-- \/ Yoast SEO plugin. -->","yoast_head_json":{"title":"E\u2019 tutto oro quel che &egrave; biologico? - Rassegna Stampa Cattolica","description":"Rassegna Stampa Cattolica - Per una cultura che nasce dalla Rivelazione cristiana in conformit\u00e0 alla tradizione e al Magistero della Chiesa in opposizione ad ogni relativismo e totalitarismo","robots":{"index":"index","follow":"follow","max-snippet":"max-snippet:-1","max-image-preview":"max-image-preview:large","max-video-preview":"max-video-preview:-1"},"canonical":"https:\/\/www.rassegnastampa-totustuus.it\/cattolica\/e-tutto-oro-quel-che-biologico\/","og_locale":"it_IT","og_type":"article","og_title":"E\u2019 tutto oro quel che &egrave; biologico? - Rassegna Stampa Cattolica","og_description":"Rassegna Stampa Cattolica - Per una cultura che nasce dalla Rivelazione cristiana in conformit\u00e0 alla tradizione e al Magistero della Chiesa in opposizione ad ogni relativismo e totalitarismo","og_url":"https:\/\/www.rassegnastampa-totustuus.it\/cattolica\/e-tutto-oro-quel-che-biologico\/","og_site_name":"Rassegna Stampa Cattolica","article_publisher":"https:\/\/www.facebook.com\/rassegnastampacattolica","article_published_time":"2011-04-07T09:41:26+00:00","article_modified_time":"2019-11-06T15:41:19+00:00","og_image":[{"width":275,"height":183,"url":"https:\/\/www.rassegnastampa-totustuus.it\/cattolica\/wp-content\/uploads\/2011\/04\/bio_agri.jpg","type":"image\/jpeg"}],"author":"Redazione","twitter_card":"summary_large_image","twitter_creator":"@rassegnastampa9","twitter_site":"@rassegnastampa9","twitter_misc":{"Scritto da":"Redazione","Tempo di lettura stimato":"11 minuti"},"schema":{"@context":"https:\/\/schema.org","@graph":[{"@type":"Article","@id":"https:\/\/www.rassegnastampa-totustuus.it\/cattolica\/e-tutto-oro-quel-che-biologico\/#article","isPartOf":{"@id":"https:\/\/www.rassegnastampa-totustuus.it\/cattolica\/e-tutto-oro-quel-che-biologico\/"},"author":{"name":"Redazione","@id":"https:\/\/www.rassegnastampa-totustuus.it\/cattolica\/#\/schema\/person\/08f319d2bd1a0904ad9e2bfb7b15e5c3"},"headline":"E\u2019 tutto oro quel che &egrave; biologico?","datePublished":"2011-04-07T09:41:26+00:00","dateModified":"2019-11-06T15:41:19+00:00","mainEntityOfPage":{"@id":"https:\/\/www.rassegnastampa-totustuus.it\/cattolica\/e-tutto-oro-quel-che-biologico\/"},"wordCount":2295,"publisher":{"@id":"https:\/\/www.rassegnastampa-totustuus.it\/cattolica\/#organization"},"image":{"@id":"https:\/\/www.rassegnastampa-totustuus.it\/cattolica\/e-tutto-oro-quel-che-biologico\/#primaryimage"},"thumbnailUrl":"https:\/\/www.rassegnastampa-totustuus.it\/cattolica\/wp-content\/uploads\/2011\/04\/bio_agri.jpg","keywords":["agricoltura","agricoltura bio"],"articleSection":["Ambientalismo"],"inLanguage":"it-IT"},{"@type":"WebPage","@id":"https:\/\/www.rassegnastampa-totustuus.it\/cattolica\/e-tutto-oro-quel-che-biologico\/","url":"https:\/\/www.rassegnastampa-totustuus.it\/cattolica\/e-tutto-oro-quel-che-biologico\/","name":"E\u2019 tutto oro quel che &egrave; biologico? - Rassegna Stampa Cattolica","isPartOf":{"@id":"https:\/\/www.rassegnastampa-totustuus.it\/cattolica\/#website"},"primaryImageOfPage":{"@id":"https:\/\/www.rassegnastampa-totustuus.it\/cattolica\/e-tutto-oro-quel-che-biologico\/#primaryimage"},"image":{"@id":"https:\/\/www.rassegnastampa-totustuus.it\/cattolica\/e-tutto-oro-quel-che-biologico\/#primaryimage"},"thumbnailUrl":"https:\/\/www.rassegnastampa-totustuus.it\/cattolica\/wp-content\/uploads\/2011\/04\/bio_agri.jpg","datePublished":"2011-04-07T09:41:26+00:00","dateModified":"2019-11-06T15:41:19+00:00","description":"Rassegna Stampa Cattolica - Per una cultura che nasce dalla Rivelazione cristiana in conformit\u00e0 alla tradizione e al Magistero della Chiesa in opposizione ad ogni relativismo e totalitarismo","breadcrumb":{"@id":"https:\/\/www.rassegnastampa-totustuus.it\/cattolica\/e-tutto-oro-quel-che-biologico\/#breadcrumb"},"inLanguage":"it-IT","potentialAction":[{"@type":"ReadAction","target":["https:\/\/www.rassegnastampa-totustuus.it\/cattolica\/e-tutto-oro-quel-che-biologico\/"]}]},{"@type":"ImageObject","inLanguage":"it-IT","@id":"https:\/\/www.rassegnastampa-totustuus.it\/cattolica\/e-tutto-oro-quel-che-biologico\/#primaryimage","url":"https:\/\/www.rassegnastampa-totustuus.it\/cattolica\/wp-content\/uploads\/2011\/04\/bio_agri.jpg","contentUrl":"https:\/\/www.rassegnastampa-totustuus.it\/cattolica\/wp-content\/uploads\/2011\/04\/bio_agri.jpg","width":275,"height":183},{"@type":"BreadcrumbList","@id":"https:\/\/www.rassegnastampa-totustuus.it\/cattolica\/e-tutto-oro-quel-che-biologico\/#breadcrumb","itemListElement":[{"@type":"ListItem","position":1,"name":"Home","item":"https:\/\/www.rassegnastampa-totustuus.it\/cattolica\/"},{"@type":"ListItem","position":2,"name":"E\u2019 tutto oro quel che &egrave; biologico?"}]},{"@type":"WebSite","@id":"https:\/\/www.rassegnastampa-totustuus.it\/cattolica\/#website","url":"https:\/\/www.rassegnastampa-totustuus.it\/cattolica\/","name":"Rassegna Stampa Cattolica","description":"Per una cultura che nasce dalla Rivelazione cristiana in conformit\u00e0 alla tradizione e al Magistero della Chiesa in opposizione ad ogni relativismo e totalitarismo","publisher":{"@id":"https:\/\/www.rassegnastampa-totustuus.it\/cattolica\/#organization"},"alternateName":"Rass. Cattolica","potentialAction":[{"@type":"SearchAction","target":{"@type":"EntryPoint","urlTemplate":"https:\/\/www.rassegnastampa-totustuus.it\/cattolica\/?s={search_term_string}"},"query-input":{"@type":"PropertyValueSpecification","valueRequired":true,"valueName":"search_term_string"}}],"inLanguage":"it-IT"},{"@type":"Organization","@id":"https:\/\/www.rassegnastampa-totustuus.it\/cattolica\/#organization","name":"Rassegna Stampa Cattolica","url":"https:\/\/www.rassegnastampa-totustuus.it\/cattolica\/","logo":{"@type":"ImageObject","inLanguage":"it-IT","@id":"https:\/\/www.rassegnastampa-totustuus.it\/cattolica\/#\/schema\/logo\/image\/","url":"https:\/\/www.rassegnastampa-totustuus.it\/cattolica\/wp-content\/uploads\/2014\/04\/logo-rassegna1.gif","contentUrl":"https:\/\/www.rassegnastampa-totustuus.it\/cattolica\/wp-content\/uploads\/2014\/04\/logo-rassegna1.gif","width":600,"height":163,"caption":"Rassegna Stampa Cattolica"},"image":{"@id":"https:\/\/www.rassegnastampa-totustuus.it\/cattolica\/#\/schema\/logo\/image\/"},"sameAs":["https:\/\/www.facebook.com\/rassegnastampacattolica","https:\/\/x.com\/rassegnastampa9"]},{"@type":"Person","@id":"https:\/\/www.rassegnastampa-totustuus.it\/cattolica\/#\/schema\/person\/08f319d2bd1a0904ad9e2bfb7b15e5c3","name":"Redazione","image":{"@type":"ImageObject","inLanguage":"it-IT","@id":"https:\/\/secure.gravatar.com\/avatar\/2fcdf27c78ea025fbdb44e914cc63c72249ffec9dc8aafd5c82b26240ef3f346?s=96&d=mm&r=g","url":"https:\/\/secure.gravatar.com\/avatar\/2fcdf27c78ea025fbdb44e914cc63c72249ffec9dc8aafd5c82b26240ef3f346?s=96&d=mm&r=g","contentUrl":"https:\/\/secure.gravatar.com\/avatar\/2fcdf27c78ea025fbdb44e914cc63c72249ffec9dc8aafd5c82b26240ef3f346?s=96&d=mm&r=g","caption":"Redazione"},"url":"https:\/\/www.rassegnastampa-totustuus.it\/cattolica\/author\/pietroelle\/"}]}},"_links":{"self":[{"href":"https:\/\/www.rassegnastampa-totustuus.it\/cattolica\/wp-json\/wp\/v2\/posts\/4514","targetHints":{"allow":["GET"]}}],"collection":[{"href":"https:\/\/www.rassegnastampa-totustuus.it\/cattolica\/wp-json\/wp\/v2\/posts"}],"about":[{"href":"https:\/\/www.rassegnastampa-totustuus.it\/cattolica\/wp-json\/wp\/v2\/types\/post"}],"author":[{"embeddable":true,"href":"https:\/\/www.rassegnastampa-totustuus.it\/cattolica\/wp-json\/wp\/v2\/users\/6"}],"replies":[{"embeddable":true,"href":"https:\/\/www.rassegnastampa-totustuus.it\/cattolica\/wp-json\/wp\/v2\/comments?post=4514"}],"version-history":[{"count":3,"href":"https:\/\/www.rassegnastampa-totustuus.it\/cattolica\/wp-json\/wp\/v2\/posts\/4514\/revisions"}],"predecessor-version":[{"id":45039,"href":"https:\/\/www.rassegnastampa-totustuus.it\/cattolica\/wp-json\/wp\/v2\/posts\/4514\/revisions\/45039"}],"wp:featuredmedia":[{"embeddable":true,"href":"https:\/\/www.rassegnastampa-totustuus.it\/cattolica\/wp-json\/wp\/v2\/media\/22300"}],"wp:attachment":[{"href":"https:\/\/www.rassegnastampa-totustuus.it\/cattolica\/wp-json\/wp\/v2\/media?parent=4514"}],"wp:term":[{"taxonomy":"category","embeddable":true,"href":"https:\/\/www.rassegnastampa-totustuus.it\/cattolica\/wp-json\/wp\/v2\/categories?post=4514"},{"taxonomy":"post_tag","embeddable":true,"href":"https:\/\/www.rassegnastampa-totustuus.it\/cattolica\/wp-json\/wp\/v2\/tags?post=4514"}],"curies":[{"name":"wp","href":"https:\/\/api.w.org\/{rel}","templated":true}]}}