{"id":4513,"date":"2011-04-07T09:21:16","date_gmt":"2011-04-07T07:21:16","guid":{"rendered":""},"modified":"2016-03-10T15:49:33","modified_gmt":"2016-03-10T14:49:33","slug":"quel-vincolo-che-d-ali","status":"publish","type":"post","link":"https:\/\/www.rassegnastampa-totustuus.it\/cattolica\/quel-vincolo-che-d-ali\/","title":{"rendered":"Quel vincolo che d&agrave; ali"},"content":{"rendered":"<div style=\"text-align: center;\">In \u00ab<strong>Avvenire<\/strong>\u00bb, editoriale del 15 marzo 2011<\/div>\n<p style=\"text-align: center;\">di <strong>Giacomo Samek Lodovici<\/strong><\/p>\n<p style=\"text-align: justify;\">Come pu\u00f2 esistere una catena che libera ed un vincolo che d\u00e0 ali? Nel giro di venti giorni (il 16 febbraio e venerd\u00ec scorso) Benedetto XVI ha affrontato recentemente questo tema, intervenendo su un concetto molto profondo e paradossale.<\/p>\n<p><!--more--><\/p>\n<div style=\"text-align: justify;\">Se stiamo nella Chiesa \u2013 ha spiegato il Papa rifacendosi a san Giovanni Crisostomo \u2013 \u00e8 vero che un grande vincolo ci unisce con Cristo, appunto mediante la Chiesa, ma \u00ab\u201cE\u2019 bello questo vincolo, con cui ci leghiamo insieme sia gli uni con gli altri sia con Dio. Non \u00e8 una catena che ferisce. Non d\u00e0 crampi alle mani, le lascia libere, d\u00e0 loro ampio spazio e un coraggio pi\u00f9 grande\u201d\u00bb. \u00c8 questo \u00abil paradosso evangelico: l\u2019amore cristiano \u00e8 un vincolo [\u2026], ma un vincolo che libera!\u00bb. Esiste, cio\u00e8, una \u00abgrande catena invisibile, liberante dell\u2019amore\u00bb, perch\u00e9 coloro che si legano per amore agli altri \u00abcos\u00ec legati insieme nell\u2019amore sopportano tutto con facilit\u00e0\u00bb.<\/div>\n<p style=\"text-align: justify;\">In effetti, tutto ci\u00f2 che compiamo per amore ci risulta tanto pi\u00f9 gioioso, o comunque meno gravoso, quanto pi\u00f9 \u00e8 intenso l\u2019amore che ci anima. Ad esempio, se non svolgiamo un lavoro gi\u00e0 stimolante, lavorare per mero senso del dovere, o soltanto per guadagnarci da vivere, \u00e8 molto faticoso, mentre lavorare per amore della propria moglie e dei propri figli, nonch\u00e9 per amore di Dio, pu\u00f2 diventare gratificante, come molte persone possono confermare.<\/p>\n<p style=\"text-align: justify;\">Gli esempi si potrebbero moltiplicare e ognuno pu\u00f2 pensarne di pi\u00f9 efficaci, quel che conta \u00e8 rilevare che l\u2019amore pu\u00f2 trasfigurare le nostre azioni e renderle gioiose, fino al punto che esistono persone di grandissima fede che riescono a provare gioia, o almeno momenti di contentezza, persino in condizioni di acuto dolore fisico causato da una malattia, perch\u00e9 offrono amorosamente a Dio la loro situazione, affinch\u00e9 dal loro amore ricavi un bene.<\/p>\n<p style=\"text-align: justify;\">Viene in mente il detto, spesso mal compreso, di Agostino: \u00abama e fa ci\u00f2 che vuoi\u00bb. Questo grande santo, filosofo e teologo \u2013 probabilmente il pi\u00f9 caro all\u2019attuale Papa \u2013 non intendeva affatto dire ci\u00f2 che gli viene spesso attribuito, e cio\u00e8 che basta amare gli altri e poi si pu\u00f2 fare qualsiasi cosa e poco importano i comandamenti e le leggi morali; piuttosto, per il santo di Ippona, se amiamo qualcuno e soprattutto Qualcuno, quando facciamo\/omettiamo qualcosa per lui, facciamo\/omettiamo quello che vogliamo, perch\u00e9 l\u2019amore ci fa agire volentieri.<\/p>\n<p style=\"text-align: justify;\">E, allora, fermo restando che l\u2019etica cristiana promuove anche azioni nobili che non sono doverose, anche il rispetto dei doveri morali che essa prescrive pu\u00f2 avvenire in due modi: o per mero senso del dovere e per paura di Dio, oppure per amore di Dio e del prossimo. Nel primo caso tale rispetto \u00e8 faticoso, frustrante e finanche repressivo; nel secondo invece \u00e8 pi\u00f9 lieve e talvolta persino gioioso, perch\u00e9 la motivazione \u00e8 appunto l\u2019amore. In questo secondo caso noi viviamo (anche) rispettando obblighi e norme, ma la motivazione che ci anima d\u00e0 slancio al nostro agire.<\/p>\n<p style=\"text-align: justify;\">Per dirla evangelicamente (<em>Mt<\/em>, 11,30) c\u2019\u00e8 un giogo che \u00e8 leggero, e che pu\u00f2 diventare talvolta persino soave. Ma leggiamo in proposito il Papa: \u00abSe un uomo reca in s\u00e9 un grande amore, questo amore gli d\u00e0 quasi ali, e sopporta pi\u00f9 facilmente tutte le molestie della vita\u00bb. Per questo, se amiamo il prossimo e Cristo \u00abL&#8217;andare con Cristo [\u2026] non \u00e8 un peso aggiunto al gi\u00e0 sufficientemente duro fardello della nostra vita\u00bb, bens\u00ec \u00e8 \u00abuna forza, che ci aiuta a portare questo fardello\u00bb. Una forza che si acquisisce coltivando in noi stessi l\u2019amore e lasciandoci docilmente animare da quello che viene dall\u2019Alto<\/p>\n","protected":false},"excerpt":{"rendered":"<p>In \u00abAvvenire\u00bb, editoriale del 15 marzo 2011 di Giacomo Samek Lodovici Come pu\u00f2 esistere una catena che libera ed un vincolo che d\u00e0 ali? Nel giro di venti giorni (il 16 febbraio e venerd\u00ec scorso) Benedetto XVI ha affrontato recentemente questo tema, intervenendo su un concetto molto profondo e paradossale.<\/p><p><a class=\"more-link btn\" href=\"https:\/\/www.rassegnastampa-totustuus.it\/cattolica\/quel-vincolo-che-d-ali\/\">Continua a leggere<\/a><\/p>\n","protected":false},"author":6,"featured_media":0,"comment_status":"closed","ping_status":"open","sticky":false,"template":"","format":"standard","meta":{"footnotes":""},"categories":[110,5,42],"tags":[223],"class_list":["post-4513","post","type-post","status-publish","format-standard","hentry","category-benedetto-xvi","category-chiesa","category-dottrina-e-morale","tag-amore","item-wrap"],"yoast_head":"<!-- This site is optimized with the Yoast SEO plugin v27.5 - https:\/\/yoast.com\/product\/yoast-seo-wordpress\/ -->\n<title>Quel vincolo che d&agrave; ali - Rassegna Stampa Cattolica<\/title>\n<meta name=\"description\" content=\"Rassegna Stampa Cattolica - Per una cultura che nasce dalla Rivelazione cristiana in conformit\u00e0 alla tradizione e al Magistero della Chiesa in opposizione ad ogni relativismo e totalitarismo\" \/>\n<meta name=\"robots\" content=\"index, follow, max-snippet:-1, max-image-preview:large, max-video-preview:-1\" \/>\n<link rel=\"canonical\" href=\"https:\/\/www.rassegnastampa-totustuus.it\/cattolica\/quel-vincolo-che-d-ali\/\" \/>\n<meta property=\"og:locale\" content=\"it_IT\" \/>\n<meta property=\"og:type\" content=\"article\" \/>\n<meta property=\"og:title\" content=\"Quel vincolo che d&agrave; ali - Rassegna Stampa Cattolica\" \/>\n<meta property=\"og:description\" content=\"Rassegna Stampa Cattolica - Per una cultura che nasce dalla Rivelazione cristiana in conformit\u00e0 alla tradizione e al Magistero della Chiesa in opposizione ad ogni relativismo e totalitarismo\" \/>\n<meta property=\"og:url\" content=\"https:\/\/www.rassegnastampa-totustuus.it\/cattolica\/quel-vincolo-che-d-ali\/\" \/>\n<meta property=\"og:site_name\" content=\"Rassegna Stampa Cattolica\" \/>\n<meta property=\"article:publisher\" content=\"https:\/\/www.facebook.com\/rassegnastampacattolica\" \/>\n<meta property=\"article:published_time\" content=\"2011-04-07T07:21:16+00:00\" \/>\n<meta property=\"article:modified_time\" content=\"2016-03-10T14:49:33+00:00\" \/>\n<meta property=\"og:image\" content=\"https:\/\/www.rassegnastampa-totustuus.it\/cattolica\/wp-content\/uploads\/2014\/04\/logo-rassegna.gif\" \/>\n\t<meta property=\"og:image:width\" content=\"600\" \/>\n\t<meta property=\"og:image:height\" content=\"163\" \/>\n\t<meta property=\"og:image:type\" content=\"image\/gif\" \/>\n<meta name=\"author\" content=\"Redazione\" \/>\n<meta name=\"twitter:card\" content=\"summary_large_image\" \/>\n<meta name=\"twitter:creator\" content=\"@rassegnastampa9\" \/>\n<meta name=\"twitter:site\" content=\"@rassegnastampa9\" \/>\n<meta name=\"twitter:label1\" content=\"Scritto da\" \/>\n\t<meta name=\"twitter:data1\" content=\"Redazione\" \/>\n\t<meta name=\"twitter:label2\" content=\"Tempo di lettura stimato\" \/>\n\t<meta name=\"twitter:data2\" content=\"3 minuti\" \/>\n<script type=\"application\/ld+json\" class=\"yoast-schema-graph\">{\"@context\":\"https:\\\/\\\/schema.org\",\"@graph\":[{\"@type\":\"Article\",\"@id\":\"https:\\\/\\\/www.rassegnastampa-totustuus.it\\\/cattolica\\\/quel-vincolo-che-d-ali\\\/#article\",\"isPartOf\":{\"@id\":\"https:\\\/\\\/www.rassegnastampa-totustuus.it\\\/cattolica\\\/quel-vincolo-che-d-ali\\\/\"},\"author\":{\"name\":\"Redazione\",\"@id\":\"https:\\\/\\\/www.rassegnastampa-totustuus.it\\\/cattolica\\\/#\\\/schema\\\/person\\\/08f319d2bd1a0904ad9e2bfb7b15e5c3\"},\"headline\":\"Quel vincolo che d&agrave; ali\",\"datePublished\":\"2011-04-07T07:21:16+00:00\",\"dateModified\":\"2016-03-10T14:49:33+00:00\",\"mainEntityOfPage\":{\"@id\":\"https:\\\/\\\/www.rassegnastampa-totustuus.it\\\/cattolica\\\/quel-vincolo-che-d-ali\\\/\"},\"wordCount\":594,\"publisher\":{\"@id\":\"https:\\\/\\\/www.rassegnastampa-totustuus.it\\\/cattolica\\\/#organization\"},\"keywords\":[\"amore\"],\"articleSection\":[\"Benedetto XVI\",\"Chiesa\",\"Dottrina e morale\"],\"inLanguage\":\"it-IT\"},{\"@type\":\"WebPage\",\"@id\":\"https:\\\/\\\/www.rassegnastampa-totustuus.it\\\/cattolica\\\/quel-vincolo-che-d-ali\\\/\",\"url\":\"https:\\\/\\\/www.rassegnastampa-totustuus.it\\\/cattolica\\\/quel-vincolo-che-d-ali\\\/\",\"name\":\"Quel vincolo che d&agrave; ali - Rassegna Stampa Cattolica\",\"isPartOf\":{\"@id\":\"https:\\\/\\\/www.rassegnastampa-totustuus.it\\\/cattolica\\\/#website\"},\"datePublished\":\"2011-04-07T07:21:16+00:00\",\"dateModified\":\"2016-03-10T14:49:33+00:00\",\"description\":\"Rassegna Stampa Cattolica - Per una cultura che nasce dalla Rivelazione cristiana in conformit\u00e0 alla tradizione e al Magistero della Chiesa in opposizione ad ogni relativismo e totalitarismo\",\"breadcrumb\":{\"@id\":\"https:\\\/\\\/www.rassegnastampa-totustuus.it\\\/cattolica\\\/quel-vincolo-che-d-ali\\\/#breadcrumb\"},\"inLanguage\":\"it-IT\",\"potentialAction\":[{\"@type\":\"ReadAction\",\"target\":[\"https:\\\/\\\/www.rassegnastampa-totustuus.it\\\/cattolica\\\/quel-vincolo-che-d-ali\\\/\"]}]},{\"@type\":\"BreadcrumbList\",\"@id\":\"https:\\\/\\\/www.rassegnastampa-totustuus.it\\\/cattolica\\\/quel-vincolo-che-d-ali\\\/#breadcrumb\",\"itemListElement\":[{\"@type\":\"ListItem\",\"position\":1,\"name\":\"Home\",\"item\":\"https:\\\/\\\/www.rassegnastampa-totustuus.it\\\/cattolica\\\/\"},{\"@type\":\"ListItem\",\"position\":2,\"name\":\"Quel vincolo che d&agrave; ali\"}]},{\"@type\":\"WebSite\",\"@id\":\"https:\\\/\\\/www.rassegnastampa-totustuus.it\\\/cattolica\\\/#website\",\"url\":\"https:\\\/\\\/www.rassegnastampa-totustuus.it\\\/cattolica\\\/\",\"name\":\"Rassegna Stampa Cattolica\",\"description\":\"Per una cultura che nasce dalla Rivelazione cristiana in conformit\u00e0 alla tradizione e al Magistero della Chiesa in opposizione ad ogni relativismo e totalitarismo\",\"publisher\":{\"@id\":\"https:\\\/\\\/www.rassegnastampa-totustuus.it\\\/cattolica\\\/#organization\"},\"alternateName\":\"Rass. Cattolica\",\"potentialAction\":[{\"@type\":\"SearchAction\",\"target\":{\"@type\":\"EntryPoint\",\"urlTemplate\":\"https:\\\/\\\/www.rassegnastampa-totustuus.it\\\/cattolica\\\/?s={search_term_string}\"},\"query-input\":{\"@type\":\"PropertyValueSpecification\",\"valueRequired\":true,\"valueName\":\"search_term_string\"}}],\"inLanguage\":\"it-IT\"},{\"@type\":\"Organization\",\"@id\":\"https:\\\/\\\/www.rassegnastampa-totustuus.it\\\/cattolica\\\/#organization\",\"name\":\"Rassegna Stampa Cattolica\",\"url\":\"https:\\\/\\\/www.rassegnastampa-totustuus.it\\\/cattolica\\\/\",\"logo\":{\"@type\":\"ImageObject\",\"inLanguage\":\"it-IT\",\"@id\":\"https:\\\/\\\/www.rassegnastampa-totustuus.it\\\/cattolica\\\/#\\\/schema\\\/logo\\\/image\\\/\",\"url\":\"https:\\\/\\\/www.rassegnastampa-totustuus.it\\\/cattolica\\\/wp-content\\\/uploads\\\/2014\\\/04\\\/logo-rassegna1.gif\",\"contentUrl\":\"https:\\\/\\\/www.rassegnastampa-totustuus.it\\\/cattolica\\\/wp-content\\\/uploads\\\/2014\\\/04\\\/logo-rassegna1.gif\",\"width\":600,\"height\":163,\"caption\":\"Rassegna Stampa Cattolica\"},\"image\":{\"@id\":\"https:\\\/\\\/www.rassegnastampa-totustuus.it\\\/cattolica\\\/#\\\/schema\\\/logo\\\/image\\\/\"},\"sameAs\":[\"https:\\\/\\\/www.facebook.com\\\/rassegnastampacattolica\",\"https:\\\/\\\/x.com\\\/rassegnastampa9\"]},{\"@type\":\"Person\",\"@id\":\"https:\\\/\\\/www.rassegnastampa-totustuus.it\\\/cattolica\\\/#\\\/schema\\\/person\\\/08f319d2bd1a0904ad9e2bfb7b15e5c3\",\"name\":\"Redazione\",\"image\":{\"@type\":\"ImageObject\",\"inLanguage\":\"it-IT\",\"@id\":\"https:\\\/\\\/secure.gravatar.com\\\/avatar\\\/2fcdf27c78ea025fbdb44e914cc63c72249ffec9dc8aafd5c82b26240ef3f346?s=96&d=mm&r=g\",\"url\":\"https:\\\/\\\/secure.gravatar.com\\\/avatar\\\/2fcdf27c78ea025fbdb44e914cc63c72249ffec9dc8aafd5c82b26240ef3f346?s=96&d=mm&r=g\",\"contentUrl\":\"https:\\\/\\\/secure.gravatar.com\\\/avatar\\\/2fcdf27c78ea025fbdb44e914cc63c72249ffec9dc8aafd5c82b26240ef3f346?s=96&d=mm&r=g\",\"caption\":\"Redazione\"},\"url\":\"https:\\\/\\\/www.rassegnastampa-totustuus.it\\\/cattolica\\\/author\\\/pietroelle\\\/\"}]}<\/script>\n<!-- \/ Yoast SEO plugin. -->","yoast_head_json":{"title":"Quel vincolo che d&agrave; ali - Rassegna Stampa Cattolica","description":"Rassegna Stampa Cattolica - Per una cultura che nasce dalla Rivelazione cristiana in conformit\u00e0 alla tradizione e al Magistero della Chiesa in opposizione ad ogni relativismo e totalitarismo","robots":{"index":"index","follow":"follow","max-snippet":"max-snippet:-1","max-image-preview":"max-image-preview:large","max-video-preview":"max-video-preview:-1"},"canonical":"https:\/\/www.rassegnastampa-totustuus.it\/cattolica\/quel-vincolo-che-d-ali\/","og_locale":"it_IT","og_type":"article","og_title":"Quel vincolo che d&agrave; ali - Rassegna Stampa Cattolica","og_description":"Rassegna Stampa Cattolica - Per una cultura che nasce dalla Rivelazione cristiana in conformit\u00e0 alla tradizione e al Magistero della Chiesa in opposizione ad ogni relativismo e totalitarismo","og_url":"https:\/\/www.rassegnastampa-totustuus.it\/cattolica\/quel-vincolo-che-d-ali\/","og_site_name":"Rassegna Stampa Cattolica","article_publisher":"https:\/\/www.facebook.com\/rassegnastampacattolica","article_published_time":"2011-04-07T07:21:16+00:00","article_modified_time":"2016-03-10T14:49:33+00:00","og_image":[{"width":600,"height":163,"url":"https:\/\/www.rassegnastampa-totustuus.it\/cattolica\/wp-content\/uploads\/2014\/04\/logo-rassegna.gif","type":"image\/gif"}],"author":"Redazione","twitter_card":"summary_large_image","twitter_creator":"@rassegnastampa9","twitter_site":"@rassegnastampa9","twitter_misc":{"Scritto da":"Redazione","Tempo di lettura stimato":"3 minuti"},"schema":{"@context":"https:\/\/schema.org","@graph":[{"@type":"Article","@id":"https:\/\/www.rassegnastampa-totustuus.it\/cattolica\/quel-vincolo-che-d-ali\/#article","isPartOf":{"@id":"https:\/\/www.rassegnastampa-totustuus.it\/cattolica\/quel-vincolo-che-d-ali\/"},"author":{"name":"Redazione","@id":"https:\/\/www.rassegnastampa-totustuus.it\/cattolica\/#\/schema\/person\/08f319d2bd1a0904ad9e2bfb7b15e5c3"},"headline":"Quel vincolo che d&agrave; ali","datePublished":"2011-04-07T07:21:16+00:00","dateModified":"2016-03-10T14:49:33+00:00","mainEntityOfPage":{"@id":"https:\/\/www.rassegnastampa-totustuus.it\/cattolica\/quel-vincolo-che-d-ali\/"},"wordCount":594,"publisher":{"@id":"https:\/\/www.rassegnastampa-totustuus.it\/cattolica\/#organization"},"keywords":["amore"],"articleSection":["Benedetto XVI","Chiesa","Dottrina e morale"],"inLanguage":"it-IT"},{"@type":"WebPage","@id":"https:\/\/www.rassegnastampa-totustuus.it\/cattolica\/quel-vincolo-che-d-ali\/","url":"https:\/\/www.rassegnastampa-totustuus.it\/cattolica\/quel-vincolo-che-d-ali\/","name":"Quel vincolo che d&agrave; ali - Rassegna Stampa Cattolica","isPartOf":{"@id":"https:\/\/www.rassegnastampa-totustuus.it\/cattolica\/#website"},"datePublished":"2011-04-07T07:21:16+00:00","dateModified":"2016-03-10T14:49:33+00:00","description":"Rassegna Stampa Cattolica - Per una cultura che nasce dalla Rivelazione cristiana in conformit\u00e0 alla tradizione e al Magistero della Chiesa in opposizione ad ogni relativismo e totalitarismo","breadcrumb":{"@id":"https:\/\/www.rassegnastampa-totustuus.it\/cattolica\/quel-vincolo-che-d-ali\/#breadcrumb"},"inLanguage":"it-IT","potentialAction":[{"@type":"ReadAction","target":["https:\/\/www.rassegnastampa-totustuus.it\/cattolica\/quel-vincolo-che-d-ali\/"]}]},{"@type":"BreadcrumbList","@id":"https:\/\/www.rassegnastampa-totustuus.it\/cattolica\/quel-vincolo-che-d-ali\/#breadcrumb","itemListElement":[{"@type":"ListItem","position":1,"name":"Home","item":"https:\/\/www.rassegnastampa-totustuus.it\/cattolica\/"},{"@type":"ListItem","position":2,"name":"Quel vincolo che d&agrave; ali"}]},{"@type":"WebSite","@id":"https:\/\/www.rassegnastampa-totustuus.it\/cattolica\/#website","url":"https:\/\/www.rassegnastampa-totustuus.it\/cattolica\/","name":"Rassegna Stampa Cattolica","description":"Per una cultura che nasce dalla Rivelazione cristiana in conformit\u00e0 alla tradizione e al Magistero della Chiesa in opposizione ad ogni relativismo e totalitarismo","publisher":{"@id":"https:\/\/www.rassegnastampa-totustuus.it\/cattolica\/#organization"},"alternateName":"Rass. Cattolica","potentialAction":[{"@type":"SearchAction","target":{"@type":"EntryPoint","urlTemplate":"https:\/\/www.rassegnastampa-totustuus.it\/cattolica\/?s={search_term_string}"},"query-input":{"@type":"PropertyValueSpecification","valueRequired":true,"valueName":"search_term_string"}}],"inLanguage":"it-IT"},{"@type":"Organization","@id":"https:\/\/www.rassegnastampa-totustuus.it\/cattolica\/#organization","name":"Rassegna Stampa Cattolica","url":"https:\/\/www.rassegnastampa-totustuus.it\/cattolica\/","logo":{"@type":"ImageObject","inLanguage":"it-IT","@id":"https:\/\/www.rassegnastampa-totustuus.it\/cattolica\/#\/schema\/logo\/image\/","url":"https:\/\/www.rassegnastampa-totustuus.it\/cattolica\/wp-content\/uploads\/2014\/04\/logo-rassegna1.gif","contentUrl":"https:\/\/www.rassegnastampa-totustuus.it\/cattolica\/wp-content\/uploads\/2014\/04\/logo-rassegna1.gif","width":600,"height":163,"caption":"Rassegna Stampa Cattolica"},"image":{"@id":"https:\/\/www.rassegnastampa-totustuus.it\/cattolica\/#\/schema\/logo\/image\/"},"sameAs":["https:\/\/www.facebook.com\/rassegnastampacattolica","https:\/\/x.com\/rassegnastampa9"]},{"@type":"Person","@id":"https:\/\/www.rassegnastampa-totustuus.it\/cattolica\/#\/schema\/person\/08f319d2bd1a0904ad9e2bfb7b15e5c3","name":"Redazione","image":{"@type":"ImageObject","inLanguage":"it-IT","@id":"https:\/\/secure.gravatar.com\/avatar\/2fcdf27c78ea025fbdb44e914cc63c72249ffec9dc8aafd5c82b26240ef3f346?s=96&d=mm&r=g","url":"https:\/\/secure.gravatar.com\/avatar\/2fcdf27c78ea025fbdb44e914cc63c72249ffec9dc8aafd5c82b26240ef3f346?s=96&d=mm&r=g","contentUrl":"https:\/\/secure.gravatar.com\/avatar\/2fcdf27c78ea025fbdb44e914cc63c72249ffec9dc8aafd5c82b26240ef3f346?s=96&d=mm&r=g","caption":"Redazione"},"url":"https:\/\/www.rassegnastampa-totustuus.it\/cattolica\/author\/pietroelle\/"}]}},"_links":{"self":[{"href":"https:\/\/www.rassegnastampa-totustuus.it\/cattolica\/wp-json\/wp\/v2\/posts\/4513","targetHints":{"allow":["GET"]}}],"collection":[{"href":"https:\/\/www.rassegnastampa-totustuus.it\/cattolica\/wp-json\/wp\/v2\/posts"}],"about":[{"href":"https:\/\/www.rassegnastampa-totustuus.it\/cattolica\/wp-json\/wp\/v2\/types\/post"}],"author":[{"embeddable":true,"href":"https:\/\/www.rassegnastampa-totustuus.it\/cattolica\/wp-json\/wp\/v2\/users\/6"}],"replies":[{"embeddable":true,"href":"https:\/\/www.rassegnastampa-totustuus.it\/cattolica\/wp-json\/wp\/v2\/comments?post=4513"}],"version-history":[{"count":3,"href":"https:\/\/www.rassegnastampa-totustuus.it\/cattolica\/wp-json\/wp\/v2\/posts\/4513\/revisions"}],"predecessor-version":[{"id":22304,"href":"https:\/\/www.rassegnastampa-totustuus.it\/cattolica\/wp-json\/wp\/v2\/posts\/4513\/revisions\/22304"}],"wp:attachment":[{"href":"https:\/\/www.rassegnastampa-totustuus.it\/cattolica\/wp-json\/wp\/v2\/media?parent=4513"}],"wp:term":[{"taxonomy":"category","embeddable":true,"href":"https:\/\/www.rassegnastampa-totustuus.it\/cattolica\/wp-json\/wp\/v2\/categories?post=4513"},{"taxonomy":"post_tag","embeddable":true,"href":"https:\/\/www.rassegnastampa-totustuus.it\/cattolica\/wp-json\/wp\/v2\/tags?post=4513"}],"curies":[{"name":"wp","href":"https:\/\/api.w.org\/{rel}","templated":true}]}}