{"id":451,"date":"2005-05-11T15:13:24","date_gmt":"2005-05-11T13:13:24","guid":{"rendered":""},"modified":"2016-03-10T14:21:44","modified_gmt":"2016-03-10T13:21:44","slug":"un-diritto-senza-dio-un-diritto-debole","status":"publish","type":"post","link":"https:\/\/www.rassegnastampa-totustuus.it\/cattolica\/un-diritto-senza-dio-un-diritto-debole\/","title":{"rendered":"Un Diritto senza Dio &egrave; un diritto debole"},"content":{"rendered":"<div style=\"text-align: center;\"><img loading=\"lazy\" decoding=\"async\" class=\"alignright wp-image-31558\" src=\"https:\/\/www.rassegnastampa-totustuus.it\/cattolica\/wp-content\/uploads\/2005\/05\/legge_Dio.jpg\" alt=\"legge_Dio\" width=\"250\" height=\"168\" \/>Articolo pubblicato su <strong>L&#8217;Osservatore Romano<\/strong> del 25 maggio 1996.<\/div>\n<p style=\"text-align: justify;\"><em>Discorso ai partecipanti al Symposium su\u00a0 &#8220;Evangelium vitae&#8221; e Diritto, del 24-5-1996, nn. 4-6,<\/em><\/p>\n<p><!--more--><\/p>\n<div style=\"text-align: justify;\">In occasione del <em>Symposium <\/em>giuridico, promosso per celebrare il 10\u00b0 anniversario della promulgazione del nuovo Codice di Diritto Canonico, osservavo che <em><em>&#8220;come al centro dell&#8217;ordinamento canonico c&#8217;\u00e8 l&#8217;uomo redento da Cristo e divenuto con il battesimo persona nella Chiesa&#8230;, cos\u00ec le societ\u00e0 civili sono invitate dall&#8217;esempio della Chiesa a porre la persona umana al centro dei loro ordinamenti, mai sottraendosi ai postulati del diritto naturale, per non cadere nell&#8217;arbitrio di false ideologie.<br \/>\n<\/em><\/em><\/div>\n<p style=\"text-align: justify;\"><em>I postulati del diritto naturale sono infatti validi in ogni luogo e per ogni popolo, oggi e sempre, perch\u00e9 dettati dalla <\/em>recta ratio<em>, nella quale, come spiega san Tommaso, sta l&#8217;essenza del diritto naturale: <\/em>&#8220;omnis lex humanitus posita intantum habet de ratione legis, inquantum a lege naturae derivatur&#8221; [ogni legge posta dall&#8217;uomo ha ragione di legge nella misura in cui deriva dalla legge naturale] <em>(<\/em>Summa Theol<em>., I-II, q. 95, a. 2)&#8221; <\/em>(<em>AAS <\/em>86 [1994], 248).<\/p>\n<p style=\"text-align: justify;\">Questo concetto era gi\u00e0 stato in antecedenza ben compreso dal pensiero giuridico classico. [&#8230;]\u00a0Gli elementi costitutivi della <em>verit\u00e0 oggettiva sull&#8217;uomo <\/em>e sulla sua dignit\u00e0 si radicano profondamente nella <em>recta ratio<\/em>, nell&#8217;etica e nel diritto naturale: sono valori che precedono ogni ordinamento giuridico positivo e che la legislazione, nello Stato di diritto, deve sempre tutelare, sottraendoli all&#8217;arbitrio dei singoli e all&#8217;arroganza dei potenti.<\/p>\n<p style=\"text-align: justify;\">Di fronte all&#8217;umanesimo ateo, che misconosce o addirittura nega la dimensione essenziale dell&#8217;essere umano, connessa con la sua origine divina e col suo destino eterno, \u00e8 compito del cristiano, e soprattutto dei Pastori e dei teologi, annunciare il Vangelo della vita, secondo l&#8217;insegnamento del Concilio Vaticano II, che, toccando con frase lapidaria il fondo del problema, ha affermato: <em>&#8220;In realt\u00e0, solamente nel mistero del Verbo incarnato trova vera luce il mistero dell&#8217;uomo&#8221; <\/em>(<em>Gaudium et spes<\/em>, 22).<\/p>\n<p style=\"text-align: justify;\">Tale urgente impegno interpella in modo singolare i giuristi cristiani, spingendoli a far emergere, nel settore di loro competenza, <em>il carattere intrinsecamente debole di un Diritto precluso alla dimensione trascendente della persona<\/em>. Il fondamento pi\u00f9 solido di ogni legge che tutela l&#8217;inviolabilit\u00e0, l&#8217;integrit\u00e0, la libert\u00e0 della persona risiede, infatti, nel suo essere creata ad immagine e somiglianza di Dio (cfr. <em>Gn <\/em>1, 27).<\/p>\n<p style=\"text-align: justify;\">A tale riguardo, un problema che direttamente investe il dibattito fra biologi, moralisti e giuristi \u00e8 costituito dai diritti fondamentali della persona, che devono essere riconosciuti ad ogni soggetto umano in tutto l&#8217;arco della vita, e particolarmente fin dal suo sorgere.<\/p>\n<p style=\"text-align: justify;\">L&#8217;essere umano &#8211; come ha richiamato l&#8217;Istruzione <em>Donum Vitae <\/em>e riconfermato l&#8217;Enciclica <em>Evangelium Vitae <\/em>&#8211; <em>&#8220;va rispettato e trattato come persona fin dal suo concepimento e, pertanto, da quello stesso momento gli si devono riconoscere i diritti della persona, tra i quali anzitutto il diritto inviolabile di ogni essere umano innocente alla vita&#8221; <\/em>(Lett. enc. <em>Evangelium Vitae<\/em>, n. 60: <em>AAS <\/em>87 [1995], 469; cfr. Istr. <em>Donum Vitae<\/em>, 1: <em>AAS <\/em>80 [1988], 79).<\/p>\n<p style=\"text-align: justify;\">Questa affermazione trova piena corrispondenza nei diritti essenziali propri dell&#8217;individuo, riconosciuti e tutelati nella Dichiarazione Universale dei Diritti dell&#8217;Uomo (art. 3).<\/p>\n","protected":false},"excerpt":{"rendered":"<p>Articolo pubblicato su L&#8217;Osservatore Romano del 25 maggio 1996. Discorso ai partecipanti al Symposium su\u00a0 &#8220;Evangelium vitae&#8221; e Diritto, del 24-5-1996, nn. 4-6,<\/p><p><a class=\"more-link btn\" href=\"https:\/\/www.rassegnastampa-totustuus.it\/cattolica\/un-diritto-senza-dio-un-diritto-debole\/\">Continua a leggere<\/a><\/p>\n","protected":false},"author":6,"featured_media":31558,"comment_status":"closed","ping_status":"open","sticky":false,"template":"","format":"standard","meta":{"footnotes":""},"categories":[10],"tags":[180],"class_list":["post-451","post","type-post","status-publish","format-standard","has-post-thumbnail","hentry","category-diritto","tag-diritto-2","item-wrap"],"yoast_head":"<!-- This site is optimized with the Yoast SEO plugin v27.5 - https:\/\/yoast.com\/product\/yoast-seo-wordpress\/ -->\n<title>Un Diritto senza Dio &egrave; un diritto debole - Rassegna Stampa Cattolica<\/title>\n<meta name=\"description\" content=\"Rassegna Stampa Cattolica - Per una cultura che nasce dalla Rivelazione cristiana in conformit\u00e0 alla tradizione e al Magistero della Chiesa in opposizione ad ogni relativismo e totalitarismo\" \/>\n<meta name=\"robots\" content=\"index, follow, max-snippet:-1, max-image-preview:large, max-video-preview:-1\" \/>\n<link rel=\"canonical\" href=\"https:\/\/www.rassegnastampa-totustuus.it\/cattolica\/un-diritto-senza-dio-un-diritto-debole\/\" \/>\n<meta property=\"og:locale\" content=\"it_IT\" \/>\n<meta property=\"og:type\" content=\"article\" \/>\n<meta property=\"og:title\" content=\"Un Diritto senza Dio &egrave; un diritto debole - Rassegna Stampa Cattolica\" \/>\n<meta property=\"og:description\" content=\"Rassegna Stampa Cattolica - Per una cultura che nasce dalla Rivelazione cristiana in conformit\u00e0 alla tradizione e al Magistero della Chiesa in opposizione ad ogni relativismo e totalitarismo\" \/>\n<meta property=\"og:url\" content=\"https:\/\/www.rassegnastampa-totustuus.it\/cattolica\/un-diritto-senza-dio-un-diritto-debole\/\" \/>\n<meta property=\"og:site_name\" content=\"Rassegna Stampa Cattolica\" \/>\n<meta property=\"article:publisher\" content=\"https:\/\/www.facebook.com\/rassegnastampacattolica\" \/>\n<meta property=\"article:published_time\" content=\"2005-05-11T13:13:24+00:00\" \/>\n<meta property=\"article:modified_time\" content=\"2016-03-10T13:21:44+00:00\" \/>\n<meta property=\"og:image\" content=\"https:\/\/www.rassegnastampa-totustuus.it\/cattolica\/wp-content\/uploads\/2005\/05\/legge_Dio.jpg\" \/>\n\t<meta property=\"og:image:width\" content=\"274\" \/>\n\t<meta property=\"og:image:height\" content=\"184\" \/>\n\t<meta property=\"og:image:type\" content=\"image\/jpeg\" \/>\n<meta name=\"author\" content=\"Redazione\" \/>\n<meta name=\"twitter:card\" content=\"summary_large_image\" \/>\n<meta name=\"twitter:creator\" content=\"@rassegnastampa9\" \/>\n<meta name=\"twitter:site\" content=\"@rassegnastampa9\" \/>\n<meta name=\"twitter:label1\" content=\"Scritto da\" \/>\n\t<meta name=\"twitter:data1\" content=\"Redazione\" \/>\n\t<meta name=\"twitter:label2\" content=\"Tempo di lettura stimato\" \/>\n\t<meta name=\"twitter:data2\" content=\"2 minuti\" \/>\n<script type=\"application\/ld+json\" class=\"yoast-schema-graph\">{\"@context\":\"https:\\\/\\\/schema.org\",\"@graph\":[{\"@type\":\"Article\",\"@id\":\"https:\\\/\\\/www.rassegnastampa-totustuus.it\\\/cattolica\\\/un-diritto-senza-dio-un-diritto-debole\\\/#article\",\"isPartOf\":{\"@id\":\"https:\\\/\\\/www.rassegnastampa-totustuus.it\\\/cattolica\\\/un-diritto-senza-dio-un-diritto-debole\\\/\"},\"author\":{\"name\":\"Redazione\",\"@id\":\"https:\\\/\\\/www.rassegnastampa-totustuus.it\\\/cattolica\\\/#\\\/schema\\\/person\\\/08f319d2bd1a0904ad9e2bfb7b15e5c3\"},\"headline\":\"Un Diritto senza Dio &egrave; un diritto debole\",\"datePublished\":\"2005-05-11T13:13:24+00:00\",\"dateModified\":\"2016-03-10T13:21:44+00:00\",\"mainEntityOfPage\":{\"@id\":\"https:\\\/\\\/www.rassegnastampa-totustuus.it\\\/cattolica\\\/un-diritto-senza-dio-un-diritto-debole\\\/\"},\"wordCount\":515,\"publisher\":{\"@id\":\"https:\\\/\\\/www.rassegnastampa-totustuus.it\\\/cattolica\\\/#organization\"},\"image\":{\"@id\":\"https:\\\/\\\/www.rassegnastampa-totustuus.it\\\/cattolica\\\/un-diritto-senza-dio-un-diritto-debole\\\/#primaryimage\"},\"thumbnailUrl\":\"https:\\\/\\\/www.rassegnastampa-totustuus.it\\\/cattolica\\\/wp-content\\\/uploads\\\/2005\\\/05\\\/legge_Dio.jpg\",\"keywords\":[\"diritto\"],\"articleSection\":[\"Diritto\"],\"inLanguage\":\"it-IT\"},{\"@type\":\"WebPage\",\"@id\":\"https:\\\/\\\/www.rassegnastampa-totustuus.it\\\/cattolica\\\/un-diritto-senza-dio-un-diritto-debole\\\/\",\"url\":\"https:\\\/\\\/www.rassegnastampa-totustuus.it\\\/cattolica\\\/un-diritto-senza-dio-un-diritto-debole\\\/\",\"name\":\"Un Diritto senza Dio &egrave; un diritto debole - Rassegna Stampa Cattolica\",\"isPartOf\":{\"@id\":\"https:\\\/\\\/www.rassegnastampa-totustuus.it\\\/cattolica\\\/#website\"},\"primaryImageOfPage\":{\"@id\":\"https:\\\/\\\/www.rassegnastampa-totustuus.it\\\/cattolica\\\/un-diritto-senza-dio-un-diritto-debole\\\/#primaryimage\"},\"image\":{\"@id\":\"https:\\\/\\\/www.rassegnastampa-totustuus.it\\\/cattolica\\\/un-diritto-senza-dio-un-diritto-debole\\\/#primaryimage\"},\"thumbnailUrl\":\"https:\\\/\\\/www.rassegnastampa-totustuus.it\\\/cattolica\\\/wp-content\\\/uploads\\\/2005\\\/05\\\/legge_Dio.jpg\",\"datePublished\":\"2005-05-11T13:13:24+00:00\",\"dateModified\":\"2016-03-10T13:21:44+00:00\",\"description\":\"Rassegna Stampa Cattolica - Per una cultura che nasce dalla Rivelazione cristiana in conformit\u00e0 alla tradizione e al Magistero della Chiesa in opposizione ad ogni relativismo e totalitarismo\",\"breadcrumb\":{\"@id\":\"https:\\\/\\\/www.rassegnastampa-totustuus.it\\\/cattolica\\\/un-diritto-senza-dio-un-diritto-debole\\\/#breadcrumb\"},\"inLanguage\":\"it-IT\",\"potentialAction\":[{\"@type\":\"ReadAction\",\"target\":[\"https:\\\/\\\/www.rassegnastampa-totustuus.it\\\/cattolica\\\/un-diritto-senza-dio-un-diritto-debole\\\/\"]}]},{\"@type\":\"ImageObject\",\"inLanguage\":\"it-IT\",\"@id\":\"https:\\\/\\\/www.rassegnastampa-totustuus.it\\\/cattolica\\\/un-diritto-senza-dio-un-diritto-debole\\\/#primaryimage\",\"url\":\"https:\\\/\\\/www.rassegnastampa-totustuus.it\\\/cattolica\\\/wp-content\\\/uploads\\\/2005\\\/05\\\/legge_Dio.jpg\",\"contentUrl\":\"https:\\\/\\\/www.rassegnastampa-totustuus.it\\\/cattolica\\\/wp-content\\\/uploads\\\/2005\\\/05\\\/legge_Dio.jpg\",\"width\":274,\"height\":184},{\"@type\":\"BreadcrumbList\",\"@id\":\"https:\\\/\\\/www.rassegnastampa-totustuus.it\\\/cattolica\\\/un-diritto-senza-dio-un-diritto-debole\\\/#breadcrumb\",\"itemListElement\":[{\"@type\":\"ListItem\",\"position\":1,\"name\":\"Home\",\"item\":\"https:\\\/\\\/www.rassegnastampa-totustuus.it\\\/cattolica\\\/\"},{\"@type\":\"ListItem\",\"position\":2,\"name\":\"Un Diritto senza Dio &egrave; un diritto debole\"}]},{\"@type\":\"WebSite\",\"@id\":\"https:\\\/\\\/www.rassegnastampa-totustuus.it\\\/cattolica\\\/#website\",\"url\":\"https:\\\/\\\/www.rassegnastampa-totustuus.it\\\/cattolica\\\/\",\"name\":\"Rassegna Stampa Cattolica\",\"description\":\"Per una cultura che nasce dalla Rivelazione cristiana in conformit\u00e0 alla tradizione e al Magistero della Chiesa in opposizione ad ogni relativismo e totalitarismo\",\"publisher\":{\"@id\":\"https:\\\/\\\/www.rassegnastampa-totustuus.it\\\/cattolica\\\/#organization\"},\"alternateName\":\"Rass. Cattolica\",\"potentialAction\":[{\"@type\":\"SearchAction\",\"target\":{\"@type\":\"EntryPoint\",\"urlTemplate\":\"https:\\\/\\\/www.rassegnastampa-totustuus.it\\\/cattolica\\\/?s={search_term_string}\"},\"query-input\":{\"@type\":\"PropertyValueSpecification\",\"valueRequired\":true,\"valueName\":\"search_term_string\"}}],\"inLanguage\":\"it-IT\"},{\"@type\":\"Organization\",\"@id\":\"https:\\\/\\\/www.rassegnastampa-totustuus.it\\\/cattolica\\\/#organization\",\"name\":\"Rassegna Stampa Cattolica\",\"url\":\"https:\\\/\\\/www.rassegnastampa-totustuus.it\\\/cattolica\\\/\",\"logo\":{\"@type\":\"ImageObject\",\"inLanguage\":\"it-IT\",\"@id\":\"https:\\\/\\\/www.rassegnastampa-totustuus.it\\\/cattolica\\\/#\\\/schema\\\/logo\\\/image\\\/\",\"url\":\"https:\\\/\\\/www.rassegnastampa-totustuus.it\\\/cattolica\\\/wp-content\\\/uploads\\\/2014\\\/04\\\/logo-rassegna1.gif\",\"contentUrl\":\"https:\\\/\\\/www.rassegnastampa-totustuus.it\\\/cattolica\\\/wp-content\\\/uploads\\\/2014\\\/04\\\/logo-rassegna1.gif\",\"width\":600,\"height\":163,\"caption\":\"Rassegna Stampa Cattolica\"},\"image\":{\"@id\":\"https:\\\/\\\/www.rassegnastampa-totustuus.it\\\/cattolica\\\/#\\\/schema\\\/logo\\\/image\\\/\"},\"sameAs\":[\"https:\\\/\\\/www.facebook.com\\\/rassegnastampacattolica\",\"https:\\\/\\\/x.com\\\/rassegnastampa9\"]},{\"@type\":\"Person\",\"@id\":\"https:\\\/\\\/www.rassegnastampa-totustuus.it\\\/cattolica\\\/#\\\/schema\\\/person\\\/08f319d2bd1a0904ad9e2bfb7b15e5c3\",\"name\":\"Redazione\",\"image\":{\"@type\":\"ImageObject\",\"inLanguage\":\"it-IT\",\"@id\":\"https:\\\/\\\/secure.gravatar.com\\\/avatar\\\/2fcdf27c78ea025fbdb44e914cc63c72249ffec9dc8aafd5c82b26240ef3f346?s=96&d=mm&r=g\",\"url\":\"https:\\\/\\\/secure.gravatar.com\\\/avatar\\\/2fcdf27c78ea025fbdb44e914cc63c72249ffec9dc8aafd5c82b26240ef3f346?s=96&d=mm&r=g\",\"contentUrl\":\"https:\\\/\\\/secure.gravatar.com\\\/avatar\\\/2fcdf27c78ea025fbdb44e914cc63c72249ffec9dc8aafd5c82b26240ef3f346?s=96&d=mm&r=g\",\"caption\":\"Redazione\"},\"url\":\"https:\\\/\\\/www.rassegnastampa-totustuus.it\\\/cattolica\\\/author\\\/pietroelle\\\/\"}]}<\/script>\n<!-- \/ Yoast SEO plugin. -->","yoast_head_json":{"title":"Un Diritto senza Dio &egrave; un diritto debole - Rassegna Stampa Cattolica","description":"Rassegna Stampa Cattolica - Per una cultura che nasce dalla Rivelazione cristiana in conformit\u00e0 alla tradizione e al Magistero della Chiesa in opposizione ad ogni relativismo e totalitarismo","robots":{"index":"index","follow":"follow","max-snippet":"max-snippet:-1","max-image-preview":"max-image-preview:large","max-video-preview":"max-video-preview:-1"},"canonical":"https:\/\/www.rassegnastampa-totustuus.it\/cattolica\/un-diritto-senza-dio-un-diritto-debole\/","og_locale":"it_IT","og_type":"article","og_title":"Un Diritto senza Dio &egrave; un diritto debole - Rassegna Stampa Cattolica","og_description":"Rassegna Stampa Cattolica - Per una cultura che nasce dalla Rivelazione cristiana in conformit\u00e0 alla tradizione e al Magistero della Chiesa in opposizione ad ogni relativismo e totalitarismo","og_url":"https:\/\/www.rassegnastampa-totustuus.it\/cattolica\/un-diritto-senza-dio-un-diritto-debole\/","og_site_name":"Rassegna Stampa Cattolica","article_publisher":"https:\/\/www.facebook.com\/rassegnastampacattolica","article_published_time":"2005-05-11T13:13:24+00:00","article_modified_time":"2016-03-10T13:21:44+00:00","og_image":[{"width":274,"height":184,"url":"https:\/\/www.rassegnastampa-totustuus.it\/cattolica\/wp-content\/uploads\/2005\/05\/legge_Dio.jpg","type":"image\/jpeg"}],"author":"Redazione","twitter_card":"summary_large_image","twitter_creator":"@rassegnastampa9","twitter_site":"@rassegnastampa9","twitter_misc":{"Scritto da":"Redazione","Tempo di lettura stimato":"2 minuti"},"schema":{"@context":"https:\/\/schema.org","@graph":[{"@type":"Article","@id":"https:\/\/www.rassegnastampa-totustuus.it\/cattolica\/un-diritto-senza-dio-un-diritto-debole\/#article","isPartOf":{"@id":"https:\/\/www.rassegnastampa-totustuus.it\/cattolica\/un-diritto-senza-dio-un-diritto-debole\/"},"author":{"name":"Redazione","@id":"https:\/\/www.rassegnastampa-totustuus.it\/cattolica\/#\/schema\/person\/08f319d2bd1a0904ad9e2bfb7b15e5c3"},"headline":"Un Diritto senza Dio &egrave; un diritto debole","datePublished":"2005-05-11T13:13:24+00:00","dateModified":"2016-03-10T13:21:44+00:00","mainEntityOfPage":{"@id":"https:\/\/www.rassegnastampa-totustuus.it\/cattolica\/un-diritto-senza-dio-un-diritto-debole\/"},"wordCount":515,"publisher":{"@id":"https:\/\/www.rassegnastampa-totustuus.it\/cattolica\/#organization"},"image":{"@id":"https:\/\/www.rassegnastampa-totustuus.it\/cattolica\/un-diritto-senza-dio-un-diritto-debole\/#primaryimage"},"thumbnailUrl":"https:\/\/www.rassegnastampa-totustuus.it\/cattolica\/wp-content\/uploads\/2005\/05\/legge_Dio.jpg","keywords":["diritto"],"articleSection":["Diritto"],"inLanguage":"it-IT"},{"@type":"WebPage","@id":"https:\/\/www.rassegnastampa-totustuus.it\/cattolica\/un-diritto-senza-dio-un-diritto-debole\/","url":"https:\/\/www.rassegnastampa-totustuus.it\/cattolica\/un-diritto-senza-dio-un-diritto-debole\/","name":"Un Diritto senza Dio &egrave; un diritto debole - Rassegna Stampa Cattolica","isPartOf":{"@id":"https:\/\/www.rassegnastampa-totustuus.it\/cattolica\/#website"},"primaryImageOfPage":{"@id":"https:\/\/www.rassegnastampa-totustuus.it\/cattolica\/un-diritto-senza-dio-un-diritto-debole\/#primaryimage"},"image":{"@id":"https:\/\/www.rassegnastampa-totustuus.it\/cattolica\/un-diritto-senza-dio-un-diritto-debole\/#primaryimage"},"thumbnailUrl":"https:\/\/www.rassegnastampa-totustuus.it\/cattolica\/wp-content\/uploads\/2005\/05\/legge_Dio.jpg","datePublished":"2005-05-11T13:13:24+00:00","dateModified":"2016-03-10T13:21:44+00:00","description":"Rassegna Stampa Cattolica - Per una cultura che nasce dalla Rivelazione cristiana in conformit\u00e0 alla tradizione e al Magistero della Chiesa in opposizione ad ogni relativismo e totalitarismo","breadcrumb":{"@id":"https:\/\/www.rassegnastampa-totustuus.it\/cattolica\/un-diritto-senza-dio-un-diritto-debole\/#breadcrumb"},"inLanguage":"it-IT","potentialAction":[{"@type":"ReadAction","target":["https:\/\/www.rassegnastampa-totustuus.it\/cattolica\/un-diritto-senza-dio-un-diritto-debole\/"]}]},{"@type":"ImageObject","inLanguage":"it-IT","@id":"https:\/\/www.rassegnastampa-totustuus.it\/cattolica\/un-diritto-senza-dio-un-diritto-debole\/#primaryimage","url":"https:\/\/www.rassegnastampa-totustuus.it\/cattolica\/wp-content\/uploads\/2005\/05\/legge_Dio.jpg","contentUrl":"https:\/\/www.rassegnastampa-totustuus.it\/cattolica\/wp-content\/uploads\/2005\/05\/legge_Dio.jpg","width":274,"height":184},{"@type":"BreadcrumbList","@id":"https:\/\/www.rassegnastampa-totustuus.it\/cattolica\/un-diritto-senza-dio-un-diritto-debole\/#breadcrumb","itemListElement":[{"@type":"ListItem","position":1,"name":"Home","item":"https:\/\/www.rassegnastampa-totustuus.it\/cattolica\/"},{"@type":"ListItem","position":2,"name":"Un Diritto senza Dio &egrave; un diritto debole"}]},{"@type":"WebSite","@id":"https:\/\/www.rassegnastampa-totustuus.it\/cattolica\/#website","url":"https:\/\/www.rassegnastampa-totustuus.it\/cattolica\/","name":"Rassegna Stampa Cattolica","description":"Per una cultura che nasce dalla Rivelazione cristiana in conformit\u00e0 alla tradizione e al Magistero della Chiesa in opposizione ad ogni relativismo e totalitarismo","publisher":{"@id":"https:\/\/www.rassegnastampa-totustuus.it\/cattolica\/#organization"},"alternateName":"Rass. Cattolica","potentialAction":[{"@type":"SearchAction","target":{"@type":"EntryPoint","urlTemplate":"https:\/\/www.rassegnastampa-totustuus.it\/cattolica\/?s={search_term_string}"},"query-input":{"@type":"PropertyValueSpecification","valueRequired":true,"valueName":"search_term_string"}}],"inLanguage":"it-IT"},{"@type":"Organization","@id":"https:\/\/www.rassegnastampa-totustuus.it\/cattolica\/#organization","name":"Rassegna Stampa Cattolica","url":"https:\/\/www.rassegnastampa-totustuus.it\/cattolica\/","logo":{"@type":"ImageObject","inLanguage":"it-IT","@id":"https:\/\/www.rassegnastampa-totustuus.it\/cattolica\/#\/schema\/logo\/image\/","url":"https:\/\/www.rassegnastampa-totustuus.it\/cattolica\/wp-content\/uploads\/2014\/04\/logo-rassegna1.gif","contentUrl":"https:\/\/www.rassegnastampa-totustuus.it\/cattolica\/wp-content\/uploads\/2014\/04\/logo-rassegna1.gif","width":600,"height":163,"caption":"Rassegna Stampa Cattolica"},"image":{"@id":"https:\/\/www.rassegnastampa-totustuus.it\/cattolica\/#\/schema\/logo\/image\/"},"sameAs":["https:\/\/www.facebook.com\/rassegnastampacattolica","https:\/\/x.com\/rassegnastampa9"]},{"@type":"Person","@id":"https:\/\/www.rassegnastampa-totustuus.it\/cattolica\/#\/schema\/person\/08f319d2bd1a0904ad9e2bfb7b15e5c3","name":"Redazione","image":{"@type":"ImageObject","inLanguage":"it-IT","@id":"https:\/\/secure.gravatar.com\/avatar\/2fcdf27c78ea025fbdb44e914cc63c72249ffec9dc8aafd5c82b26240ef3f346?s=96&d=mm&r=g","url":"https:\/\/secure.gravatar.com\/avatar\/2fcdf27c78ea025fbdb44e914cc63c72249ffec9dc8aafd5c82b26240ef3f346?s=96&d=mm&r=g","contentUrl":"https:\/\/secure.gravatar.com\/avatar\/2fcdf27c78ea025fbdb44e914cc63c72249ffec9dc8aafd5c82b26240ef3f346?s=96&d=mm&r=g","caption":"Redazione"},"url":"https:\/\/www.rassegnastampa-totustuus.it\/cattolica\/author\/pietroelle\/"}]}},"_links":{"self":[{"href":"https:\/\/www.rassegnastampa-totustuus.it\/cattolica\/wp-json\/wp\/v2\/posts\/451","targetHints":{"allow":["GET"]}}],"collection":[{"href":"https:\/\/www.rassegnastampa-totustuus.it\/cattolica\/wp-json\/wp\/v2\/posts"}],"about":[{"href":"https:\/\/www.rassegnastampa-totustuus.it\/cattolica\/wp-json\/wp\/v2\/types\/post"}],"author":[{"embeddable":true,"href":"https:\/\/www.rassegnastampa-totustuus.it\/cattolica\/wp-json\/wp\/v2\/users\/6"}],"replies":[{"embeddable":true,"href":"https:\/\/www.rassegnastampa-totustuus.it\/cattolica\/wp-json\/wp\/v2\/comments?post=451"}],"version-history":[{"count":4,"href":"https:\/\/www.rassegnastampa-totustuus.it\/cattolica\/wp-json\/wp\/v2\/posts\/451\/revisions"}],"predecessor-version":[{"id":31559,"href":"https:\/\/www.rassegnastampa-totustuus.it\/cattolica\/wp-json\/wp\/v2\/posts\/451\/revisions\/31559"}],"wp:featuredmedia":[{"embeddable":true,"href":"https:\/\/www.rassegnastampa-totustuus.it\/cattolica\/wp-json\/wp\/v2\/media\/31558"}],"wp:attachment":[{"href":"https:\/\/www.rassegnastampa-totustuus.it\/cattolica\/wp-json\/wp\/v2\/media?parent=451"}],"wp:term":[{"taxonomy":"category","embeddable":true,"href":"https:\/\/www.rassegnastampa-totustuus.it\/cattolica\/wp-json\/wp\/v2\/categories?post=451"},{"taxonomy":"post_tag","embeddable":true,"href":"https:\/\/www.rassegnastampa-totustuus.it\/cattolica\/wp-json\/wp\/v2\/tags?post=451"}],"curies":[{"name":"wp","href":"https:\/\/api.w.org\/{rel}","templated":true}]}}