{"id":44913,"date":"2019-10-31T00:00:37","date_gmt":"2019-10-30T23:00:37","guid":{"rendered":"http:\/\/www.rassegnastampa-totustuus.it\/cattolica\/?p=44913"},"modified":"2019-10-29T15:52:18","modified_gmt":"2019-10-29T14:52:18","slug":"il-non-detto-della-crescita-sostenibile","status":"publish","type":"post","link":"https:\/\/www.rassegnastampa-totustuus.it\/cattolica\/il-non-detto-della-crescita-sostenibile\/","title":{"rendered":"Il \u201cnon detto\u201d della crescita \u201csostenibile\u201d"},"content":{"rendered":"<p style=\"text-align: center;\"><strong><a href=\"https:\/\/www.rassegnastampa-totustuus.it\/cattolica\/wp-content\/uploads\/2019\/09\/Ambiente_sviluppo_sostenibile.jpg\"><img loading=\"lazy\" decoding=\"async\" class=\"alignleft wp-image-44342\" src=\"https:\/\/www.rassegnastampa-totustuus.it\/cattolica\/wp-content\/uploads\/2019\/09\/Ambiente_sviluppo_sostenibile-300x200.jpg\" alt=\"\" width=\"250\" height=\"167\" srcset=\"https:\/\/www.rassegnastampa-totustuus.it\/cattolica\/wp-content\/uploads\/2019\/09\/Ambiente_sviluppo_sostenibile-300x200.jpg 300w, https:\/\/www.rassegnastampa-totustuus.it\/cattolica\/wp-content\/uploads\/2019\/09\/Ambiente_sviluppo_sostenibile-768x512.jpg 768w, https:\/\/www.rassegnastampa-totustuus.it\/cattolica\/wp-content\/uploads\/2019\/09\/Ambiente_sviluppo_sostenibile.jpg 1024w, https:\/\/www.rassegnastampa-totustuus.it\/cattolica\/wp-content\/uploads\/2019\/09\/Ambiente_sviluppo_sostenibile-595x400.jpg 595w\" sizes=\"auto, (max-width: 250px) 100vw, 250px\" \/><\/a><a href=\"https:\/\/alleanzacattolica.org\/\" target=\"_blank\" rel=\"noopener noreferrer\">Alleanza Cattolica<\/a><\/strong> Marted\u00ec, 29 ottobre 2019 <strong>\u00a0<\/strong><\/p>\n<p style=\"text-align: justify;\"><em>Cosa s\u2019intende davvero quando si parla di \u201csostenibilit\u00e0\u201d? Bisogna chiarire anzitutto il termine, poich\u00e9 dietro di esso si annida in agguato l\u2019inganno.<\/em><\/p>\n<p style=\"text-align: center;\"><strong>Maurizio Milano <\/strong><\/p>\n<p><!--more--><\/p>\n<p style=\"text-align: justify;\">Il termine \u00absostenibilit\u00e0\u00bb \u00e8 stato introdotto nella Conferenza internazionale sulla popolazione e lo sviluppo, svoltasi a Il Cairo, in Egitto, nel settembre del 1994, organizzata dall\u2019UNFPA, il Fondo delle Nazioni Unite per la popolazione.<\/p>\n<p style=\"text-align: justify;\"><a href=\"https:\/\/www.rassegnastampa-totustuus.it\/cattolica\/wp-content\/uploads\/2009\/03\/bomba-demografica.jpg\"><img loading=\"lazy\" decoding=\"async\" class=\"alignright wp-image-18063\" src=\"https:\/\/www.rassegnastampa-totustuus.it\/cattolica\/wp-content\/uploads\/2009\/03\/bomba-demografica.jpg\" alt=\"\" width=\"176\" height=\"200\" \/><\/a>Questo il ragionamento di fondo: la popolazione mondiale sta crescendo troppo, nei prossimi decenni ci saranno seri rischi di carenza delle risorse disponibili, occorre quindi agire subito per porvi rimedio.<\/p>\n<p style=\"text-align: justify;\">Quale la \u201csoluzione\u201d proposta per uno sviluppo \u201cequo e sostenibile\u201d? La \u00abpianificazione familiare\u00bb per la \u00absalute riproduttiva e sessuale\u00bb: tradotto dal gergo dell\u2019ONU significa promozione della contraccezione, della sterilizzazione e di quel male nefando che \u00e8 l\u2019aborto.<\/p>\n<p style=\"text-align: justify;\">Negli ultimi dieci anni si \u00e8 aggiunta anche la teoria della \u00abdecrescita felice\u00bb, avanzata dall\u2019economista e filosofo francese Serge Latouche, che condanna la ricerca della crescita economica e sociale, proponendo in alternativa un <em>bien vivre\u00a0<\/em> n cui si \u00e8 pi\u00f9 poveri, certamente, ma in compenso pi\u00f9 felici.<\/p>\n<p style=\"text-align: justify;\"><a href=\"https:\/\/www.rassegnastampa-totustuus.it\/cattolica\/wp-content\/uploads\/2016\/02\/culle_vuote.jpg\"><img loading=\"lazy\" decoding=\"async\" class=\"alignleft wp-image-31123\" src=\"https:\/\/www.rassegnastampa-totustuus.it\/cattolica\/wp-content\/uploads\/2016\/02\/culle_vuote.jpg\" alt=\"\" width=\"250\" height=\"161\" \/><\/a>Ebbene, la decrescita \u201cserena\u201d si sposa perfettamente alle politiche antinataliste ostili alla famiglia naturale ed \u00e8 un vessillo pauperista di moda nella Sinistra <em>radical-chic<\/em> e <em>no-global<\/em>: pare invece abbia poco <em>appeal<\/em> presso i poveri veri, che semplicemente aspirano a un miglioramento delle proprie condizioni di vita.<\/p>\n<p style=\"text-align: justify;\">Entrambe le proposte indicate partono da una visione \u201cstatica\u201d della ricchezza e delle risorse a disposizione: una prospettiva pessimistica e negativa in cui l\u2019uomo \u00e8 visto per lo pi\u00f9 come un elemento di disturbo, una voce passiva nel bilancio, una sorta di parassita o di cancro.<\/p>\n<p style=\"text-align: justify;\">Il \u201cdecrescismo\u201d di Latouche e simili \u00e8 del resto solo lo sviluppo pi\u00f9 recente delle tesi del pastore anglicano Thomas Robert Malthus (1766-1834), un economista e demografo che predicava politiche antinatalit\u00e0 come unica soluzione per assicurare la felicit\u00e0 umana a fronte di una pretesa scarsit\u00e0 di risorse naturali. Nella prospettiva della cosiddetta \u201csostenibilit\u00e0\u201d, infatti, le risorse si considerano come un \u201cdato\u201d.<\/p>\n<div id=\"attachment_30536\" style=\"width: 224px\" class=\"wp-caption alignright\"><a href=\"https:\/\/www.rassegnastampa-totustuus.it\/cattolica\/wp-content\/uploads\/2004\/11\/Thomas-Malthus.jpg\"><img loading=\"lazy\" decoding=\"async\" aria-describedby=\"caption-attachment-30536\" class=\"wp-image-30536 size-full\" src=\"https:\/\/www.rassegnastampa-totustuus.it\/cattolica\/wp-content\/uploads\/2004\/11\/Thomas-Malthus.jpg\" alt=\"\" width=\"224\" height=\"224\" srcset=\"https:\/\/www.rassegnastampa-totustuus.it\/cattolica\/wp-content\/uploads\/2004\/11\/Thomas-Malthus.jpg 224w, https:\/\/www.rassegnastampa-totustuus.it\/cattolica\/wp-content\/uploads\/2004\/11\/Thomas-Malthus-150x150.jpg 150w\" sizes=\"auto, (max-width: 224px) 100vw, 224px\" \/><\/a><p id=\"caption-attachment-30536\" class=\"wp-caption-text\">Thomas Malthus<\/p><\/div>\n<p style=\"text-align: justify;\">Se non si possono accrescere, diventa gioco-forza contenere il numero dei commensali: tra gli ultimi frutti avvelenati di tale mentalit\u00e0 si sono aggiunti ultimamente anche il \u201csuicidio assistito\u201d e l\u2019eutanasia, per eliminare le persone la cui \u201cqualit\u00e0\u201d di vita appare \u201cinadeguata\u201d.<\/p>\n<p style=\"text-align: justify;\">Papa Francesco nella sua prima esortazione apostolica, <a href=\"https:\/\/w2.vatican.va\/content\/francesco\/it\/apost_exhortations\/documents\/papa-francesco_esortazione-ap_20131124_evangelii-gaudium.html\" target=\"_blank\" rel=\"noopener noreferrer\"><em>Evangelii Gaudium<\/em><\/a>, del 2013, ha messo in guardia dalla diffusione della \u00abcultura dello \u201cscarto\u201d\u00bb ai danni dei pi\u00f9 fragili, ovvero la <a href=\"https:\/\/w2.vatican.va\/content\/john-paul-ii\/it\/encyclicals\/documents\/hf_jp-ii_enc_25031995_evangelium-vitae.html\" target=\"_blank\" rel=\"noopener noreferrer\">\u00abcultura di morte\u00bb<\/a>, di stampo neomalthusiano e vagamente gnostico denunciata a pi\u00f9 riprese gi\u00e0 da Papa san Giovanni Paolo II (1920-2005).<\/p>\n<p style=\"text-align: justify;\">Il santo pontefice polacco comprese infatti i semi avvelenati insiti nel concetto ambiguo di \u00absostenibilit\u00e0\u00bb e li contrast\u00f2 con fermezza sin dagli esordi: il mondo cattolico farebbe bene a ricordare tali insegnamenti, per non cadere nelle trappole linguistiche dell\u2019ONU e delle varie agenzie mondiale che diffondono abilmente tale \u201ccultura\u201d.<\/p>\n<p style=\"text-align: justify;\"><a href=\"https:\/\/www.rassegnastampa-totustuus.it\/cattolica\/wp-content\/uploads\/2005\/09\/Giovanni_Paolo.jpg\"><img loading=\"lazy\" decoding=\"async\" class=\"alignleft wp-image-33845\" src=\"https:\/\/www.rassegnastampa-totustuus.it\/cattolica\/wp-content\/uploads\/2005\/09\/Giovanni_Paolo.jpg\" alt=\"\" width=\"249\" height=\"171\" \/><\/a>Smentendo i \u201cprofeti di sventura\u201d, l\u2019esperienza degli ultimi due secoli \u2013 caratterizzati da un progresso esponenziale in campo scientifico, tecnologico e medico \u2013 ha dimostrato invece la capacit\u00e0 dell\u2019ingegno umano di moltiplicare i doni del buon Dio in modo assai pi\u00f9 rapido della crescita della popolazione.<\/p>\n<p style=\"text-align: justify;\">In particolare, a partire dagli anni 1970 del secolo scorso, si \u00e8 infatti assistito nel mondo a un progressivo tracollo nel numero delle persone in condizioni di estrema povert\u00e0, sia in termini assoluti sia relativi. Nonostante la\u00a0<em>vulgata\u00a0<\/em>attuale predichi il contrario, ci\u00f2 dimostra come la ricchezza si stia diffondendo nonostante la popolazione si sia accresciuta.<\/p>\n<p style=\"text-align: justify;\"><em><a href=\"https:\/\/www.rassegnastampa-totustuus.it\/cattolica\/wp-content\/uploads\/2004\/11\/agricoltura.jpg\"><img loading=\"lazy\" decoding=\"async\" class=\"alignright wp-image-28172\" src=\"https:\/\/www.rassegnastampa-totustuus.it\/cattolica\/wp-content\/uploads\/2004\/11\/agricoltura.jpg\" alt=\"\" width=\"250\" height=\"166\" \/><\/a>Caetera desiderantur<\/em>, certamente, ma falsificare i dati serve solo a sbagliare diagnosi e conseguentemente anche terapia. Il giro mentale dei \u201csostenibilisti\u201d \u00e8 lo stesso dell\u2019ideologia ambientalista, un neo-paganesimo centrato sulla \u201cdifesa dell\u2019ambiente\u201d, dove la minaccia \u00e8 sempre l\u2019uomo e dove l\u2019\u201cambiente\u201d non \u00e8 certamente il \u201ccreato\u201d della prospettiva giudaico-cristiana.<\/p>\n<p style=\"text-align: justify;\">Gi\u00e0, perch\u00e9 nella visione cristiana autentica l\u2019uomo, per dirla con lo scrittore cattolico inglese John Ronald Reuel Tolkien (1892-1973), \u00e8 \u201csub-creatore\u201d all\u2019interno del piano provvidenziale di un Dio creatore che ci ha fatti a Sua immagine e somiglianza.<\/p>\n<p style=\"text-align: justify;\">Il \u201cgiardino dell\u2019Eden\u201d, il mondo quindi, \u00e8 stato donato all\u2019uomo \u00ab<em>ut operaretur et custodiret illum<\/em>\u00bb (<em>Gn<\/em> 2, 15), perch\u00e9 lo lavorasse e lo custodisse. Non gi\u00e0 per trasformarlo in un museo o per idolatrarlo.<\/p>\n<p style=\"text-align: justify;\"><a href=\"https:\/\/www.rassegnastampa-totustuus.it\/cattolica\/wp-content\/uploads\/2007\/03\/famiglia.jpg\"><img loading=\"lazy\" decoding=\"async\" class=\"alignleft wp-image-31353\" src=\"https:\/\/www.rassegnastampa-totustuus.it\/cattolica\/wp-content\/uploads\/2007\/03\/famiglia.jpg\" alt=\"\" width=\"250\" height=\"176\" \/><\/a>Lavorando e mettendo al mondo dei figli, l\u2019uomo corrisponde al progetto originario di \u00abcrescere, moltiplicarsi e soggiogare la terra\u00bb (<em>Gn<\/em> 1, 28). La \u201cTerra\u201d non \u00e8 nostra \u201cmadre\u201d \u2013 la Pacha Mama, la divinit\u00e0 venerata dagli Incas e dai Quechua \u2013, ma semmai, alla scuola di san Francesco d\u2019Assisi (1181-1226) nel <em>Cantico delle creature<\/em>, \u00ab<em>sora<\/em> nostra matre terra\u00bb, creatura anch\u2019essa quindi, che riflette l\u2019immagine del Creatore.<\/p>\n<p style=\"text-align: justify;\">La visione cristiana \u00e8 radicalmente ottimista, a favore non di uno sviluppo \u201c<em>sostenibile<\/em>\u201d bens\u00ec di uno \u00absviluppo umano integrale\u00bb, per dirla ancora con san Giovanni Paolo II.<\/p>\n<p style=\"text-align: justify;\">\u00c8 la prospettiva che a partire dal secolo VI secolo spinse i monaci benedettini a trasformare terre incolte, foreste e paludi dell\u2019Europa in terreni fertili e prosperosi, diffondendo dai loro monasteri innovazioni tecnologiche e lavorative che accrebbero esponenzialmente le capacit\u00e0 della terra di soddisfare le crescenti esigenze dell\u2019umanit\u00e0.<\/p>\n<p style=\"text-align: justify;\"><a href=\"https:\/\/www.rassegnastampa-totustuus.it\/cattolica\/wp-content\/uploads\/2019\/10\/Montecassino_monastero_benedettini.jpg\"><img loading=\"lazy\" decoding=\"async\" class=\"alignright wp-image-44789\" src=\"https:\/\/www.rassegnastampa-totustuus.it\/cattolica\/wp-content\/uploads\/2019\/10\/Montecassino_monastero_benedettini.jpg\" alt=\"\" width=\"250\" height=\"166\" \/><\/a>\u00ab<em>Ora et labora<\/em>\u00bb: una fede che seppe felicemente diventare cultura, alle radici della cristianit\u00e0 romano-germanica da cui noi occidentali indegnamente discendiamo.<\/p>\n<p style=\"text-align: justify;\">Guardando alla realt\u00e0 senza inforcare gli occhiali dell\u2019ideologia, si deve prendere atto che proprio la denatalit\u00e0 e l\u2019invecchiamento demografico che affliggono da decenni il Giappone e tutti i Paesi sviluppati sono tra le cause strutturali dell\u2019avvitamento economico-finanziario degli ultimi lustri.<\/p>\n<p style=\"text-align: justify;\">Nei prossimi decenni i Paesi ricchi dovranno fronteggiare una minaccia esattamente opposta a quella paventata: non gi\u00e0 una \u201cesplosione\u201d demografica \u2013 come vaticinava erroneamente il professor Paul R. Ehrlich dell\u2019Universit\u00e0 di Stanford nel suo famoso <a href=\"https:\/\/www.amazon.it\/Population-Bomb-Paul-R-Ehrlich\/dp\/1568495870\" target=\"_blank\" rel=\"noopener noreferrer\"><em>The Population Bomb<\/em><\/a>, del 1968 \u2013. ma una vera e propria \u201cimplosione\u201d demografica che render\u00e0 sempre meno \u201csostenibili\u201d i conti della previdenza sociale e assicurativa e dell\u2019assistenza sanitaria.<\/p>\n<p style=\"text-align: justify;\">In Italia, l\u2019innalzamento progressivo dell\u2019et\u00e0 pensionabile verso i 70 anni \u00e8 gi\u00e0 una prima conseguenza del \u201csuicidio demografico\u201d in atto da oltre trent\u2019anni. In aggiunta al mito della crescita demografica \u201cinsostenibile\u201d, il catastrofismo ecologista fondato sulla teoria del surriscaldamento e del <a href=\"https:\/\/www.rassegnastampa-totustuus.it\/cattolica\/wp-content\/uploads\/2019\/10\/Zichichi.jpg\"><img loading=\"lazy\" decoding=\"async\" class=\"alignleft wp-image-44919\" src=\"https:\/\/www.rassegnastampa-totustuus.it\/cattolica\/wp-content\/uploads\/2019\/10\/Zichichi.jpg\" alt=\"\" width=\"250\" height=\"166\" \/><\/a>cambiamento climatico di pretesa origine antropica \u2013 osteggiato da scienziati seri come Carlo Rubbia e Antonino Zichichi, per restare all\u2019Italia \u2013 prima diffonde artatamente il panico e poi propone come \u201csoluzione\u201d improcrastinabile incentivi pluri-miliardari all\u2019industria\u00a0<em>green<\/em>, ovviamente con risorse prelevate coattivamente dai contribuenti, spesso neppure in modo trasparente.<\/p>\n<p style=\"text-align: justify;\">In tal modo lievitano i costi di molti beni e servizi, con effetti \u201cregressivi\u201d come capita con le imposte indirette, cio\u00e8 oneri percentualmente pi\u00f9 elevati al decrescere del reddito. I benefici invece, a parte quelli delle industrie sovvenzionate, sono tutti da dimostrare.<\/p>\n<p style=\"text-align: justify;\">Dirottare risorse scarse per lottare prioritariamente contro la CO<sub>2<\/sub>\u00a0rischia di essere un\u2019arma di distrazione di massa dagli effetti deleteri sullo sviluppo autentico, con pesanti effetti redistributivi della ricchezza e ricadute negative soprattutto per i meno abbienti.<\/p>\n<p style=\"text-align: justify;\"><a href=\"https:\/\/www.rassegnastampa-totustuus.it\/cattolica\/wp-content\/uploads\/2019\/09\/ambiente_CO2.jpg\"><img loading=\"lazy\" decoding=\"async\" class=\"alignright wp-image-44226\" src=\"https:\/\/www.rassegnastampa-totustuus.it\/cattolica\/wp-content\/uploads\/2019\/09\/ambiente_CO2.jpg\" alt=\"\" width=\"250\" height=\"151\" \/><\/a>E siccome ogni religione abbisogna di una morale, di profeti e di liturgie, nei vari <em>climate strike<\/em> si assiste al triste spettacolo di milioni di giovani inconsapevoli manipolati da una cinica orchestrazione planetaria del consenso: \u201cMa come osate? Ci avete rubato il futuro! Non abbiamo pi\u00f9 tempo!\u201d.<\/p>\n<p style=\"text-align: justify;\">Al netto della buona fede di tali <em>testimonial<\/em>, grattando la \u00absostenibilit\u00e0\u00bb, di \u201cverde\u201d sembra ci sia soprattutto quello dei dollari. Insomma, <em>business as usual.<\/em><\/p>\n<p style=\"text-align: justify;\">Se dunque per \u00absostenibilit\u00e0\u00bb si vuol dire, come purtroppo intendono l\u2019ONU e molte agenzie mondiali, un\u2019autolimitazione delle potenzialit\u00e0 di crescita integrale della famiglia umana, allora la risposta, da cristiani e anche semplicemente da persone di buon senso, deve essere il rifiuto perch\u00e9 trattasi di errore, d\u2019ingiustizia, di liberticidio e ultimamente d\u2019insostenibilit\u00e0.<\/p>\n<p style=\"text-align: justify;\">Al di l\u00e0 della parola suadente, \u00absostenibile\u00bb non \u00e8 poi cos\u00ec bello come vorrebbero far credere. Per nulla.<\/p>\n","protected":false},"excerpt":{"rendered":"<p>Alleanza Cattolica Marted\u00ec, 29 ottobre 2019 \u00a0 Cosa s\u2019intende davvero quando si parla di \u201csostenibilit\u00e0\u201d? Bisogna chiarire anzitutto il termine, poich\u00e9 dietro di esso si annida in agguato l\u2019inganno. Maurizio Milano<\/p><p><a class=\"more-link btn\" href=\"https:\/\/www.rassegnastampa-totustuus.it\/cattolica\/il-non-detto-della-crescita-sostenibile\/\">Continua a leggere<\/a><\/p>\n","protected":false},"author":6,"featured_media":44917,"comment_status":"closed","ping_status":"closed","sticky":false,"template":"","format":"standard","meta":{"footnotes":""},"categories":[3,13],"tags":[2387,2389,2753],"class_list":["post-44913","post","type-post","status-publish","format-standard","has-post-thumbnail","hentry","category-ambientalismo","category-economia","tag-ambientalismo","tag-economia","tag-sviluppo-sostenibile","item-wrap"],"yoast_head":"<!-- This site is optimized with the Yoast SEO plugin v27.5 - https:\/\/yoast.com\/product\/yoast-seo-wordpress\/ -->\n<title>Il \u201cnon detto\u201d della crescita \u201csostenibile\u201d - Rassegna Stampa Cattolica<\/title>\n<meta name=\"description\" content=\"Rassegna Stampa Cattolica - Per una cultura che nasce dalla Rivelazione cristiana in conformit\u00e0 alla tradizione e al Magistero della Chiesa in opposizione ad ogni relativismo e totalitarismo\" \/>\n<meta name=\"robots\" content=\"index, follow, max-snippet:-1, max-image-preview:large, max-video-preview:-1\" \/>\n<link rel=\"canonical\" href=\"https:\/\/www.rassegnastampa-totustuus.it\/cattolica\/il-non-detto-della-crescita-sostenibile\/\" \/>\n<meta property=\"og:locale\" content=\"it_IT\" \/>\n<meta property=\"og:type\" content=\"article\" \/>\n<meta property=\"og:title\" content=\"Il \u201cnon detto\u201d della crescita \u201csostenibile\u201d - Rassegna Stampa Cattolica\" \/>\n<meta property=\"og:description\" content=\"Rassegna Stampa Cattolica - Per una cultura che nasce dalla Rivelazione cristiana in conformit\u00e0 alla tradizione e al Magistero della Chiesa in opposizione ad ogni relativismo e totalitarismo\" \/>\n<meta property=\"og:url\" content=\"https:\/\/www.rassegnastampa-totustuus.it\/cattolica\/il-non-detto-della-crescita-sostenibile\/\" \/>\n<meta property=\"og:site_name\" content=\"Rassegna Stampa Cattolica\" \/>\n<meta property=\"article:publisher\" content=\"https:\/\/www.facebook.com\/rassegnastampacattolica\" \/>\n<meta property=\"article:published_time\" content=\"2019-10-30T23:00:37+00:00\" \/>\n<meta property=\"og:image\" content=\"https:\/\/www.rassegnastampa-totustuus.it\/cattolica\/wp-content\/uploads\/2019\/10\/ambientalismo.jpeg\" \/>\n\t<meta property=\"og:image:width\" content=\"1280\" \/>\n\t<meta property=\"og:image:height\" content=\"1280\" \/>\n\t<meta property=\"og:image:type\" content=\"image\/jpeg\" \/>\n<meta name=\"author\" content=\"Redazione\" \/>\n<meta name=\"twitter:card\" content=\"summary_large_image\" \/>\n<meta name=\"twitter:creator\" content=\"@rassegnastampa9\" \/>\n<meta name=\"twitter:site\" content=\"@rassegnastampa9\" \/>\n<meta name=\"twitter:label1\" content=\"Scritto da\" \/>\n\t<meta name=\"twitter:data1\" content=\"Redazione\" \/>\n\t<meta name=\"twitter:label2\" content=\"Tempo di lettura stimato\" \/>\n\t<meta name=\"twitter:data2\" content=\"6 minuti\" \/>\n<script type=\"application\/ld+json\" class=\"yoast-schema-graph\">{\"@context\":\"https:\\\/\\\/schema.org\",\"@graph\":[{\"@type\":\"Article\",\"@id\":\"https:\\\/\\\/www.rassegnastampa-totustuus.it\\\/cattolica\\\/il-non-detto-della-crescita-sostenibile\\\/#article\",\"isPartOf\":{\"@id\":\"https:\\\/\\\/www.rassegnastampa-totustuus.it\\\/cattolica\\\/il-non-detto-della-crescita-sostenibile\\\/\"},\"author\":{\"name\":\"Redazione\",\"@id\":\"https:\\\/\\\/www.rassegnastampa-totustuus.it\\\/cattolica\\\/#\\\/schema\\\/person\\\/08f319d2bd1a0904ad9e2bfb7b15e5c3\"},\"headline\":\"Il \u201cnon detto\u201d della crescita \u201csostenibile\u201d\",\"datePublished\":\"2019-10-30T23:00:37+00:00\",\"mainEntityOfPage\":{\"@id\":\"https:\\\/\\\/www.rassegnastampa-totustuus.it\\\/cattolica\\\/il-non-detto-della-crescita-sostenibile\\\/\"},\"wordCount\":1284,\"publisher\":{\"@id\":\"https:\\\/\\\/www.rassegnastampa-totustuus.it\\\/cattolica\\\/#organization\"},\"image\":{\"@id\":\"https:\\\/\\\/www.rassegnastampa-totustuus.it\\\/cattolica\\\/il-non-detto-della-crescita-sostenibile\\\/#primaryimage\"},\"thumbnailUrl\":\"https:\\\/\\\/www.rassegnastampa-totustuus.it\\\/cattolica\\\/wp-content\\\/uploads\\\/2019\\\/10\\\/ambientalismo.jpeg\",\"keywords\":[\"Ambientalismo\",\"Economia\",\"sviluppo sostenibile\"],\"articleSection\":[\"Ambientalismo\",\"Economia\"],\"inLanguage\":\"it-IT\"},{\"@type\":\"WebPage\",\"@id\":\"https:\\\/\\\/www.rassegnastampa-totustuus.it\\\/cattolica\\\/il-non-detto-della-crescita-sostenibile\\\/\",\"url\":\"https:\\\/\\\/www.rassegnastampa-totustuus.it\\\/cattolica\\\/il-non-detto-della-crescita-sostenibile\\\/\",\"name\":\"Il \u201cnon detto\u201d della crescita \u201csostenibile\u201d - Rassegna Stampa Cattolica\",\"isPartOf\":{\"@id\":\"https:\\\/\\\/www.rassegnastampa-totustuus.it\\\/cattolica\\\/#website\"},\"primaryImageOfPage\":{\"@id\":\"https:\\\/\\\/www.rassegnastampa-totustuus.it\\\/cattolica\\\/il-non-detto-della-crescita-sostenibile\\\/#primaryimage\"},\"image\":{\"@id\":\"https:\\\/\\\/www.rassegnastampa-totustuus.it\\\/cattolica\\\/il-non-detto-della-crescita-sostenibile\\\/#primaryimage\"},\"thumbnailUrl\":\"https:\\\/\\\/www.rassegnastampa-totustuus.it\\\/cattolica\\\/wp-content\\\/uploads\\\/2019\\\/10\\\/ambientalismo.jpeg\",\"datePublished\":\"2019-10-30T23:00:37+00:00\",\"description\":\"Rassegna Stampa Cattolica - Per una cultura che nasce dalla Rivelazione cristiana in conformit\u00e0 alla tradizione e al Magistero della Chiesa in opposizione ad ogni relativismo e totalitarismo\",\"breadcrumb\":{\"@id\":\"https:\\\/\\\/www.rassegnastampa-totustuus.it\\\/cattolica\\\/il-non-detto-della-crescita-sostenibile\\\/#breadcrumb\"},\"inLanguage\":\"it-IT\",\"potentialAction\":[{\"@type\":\"ReadAction\",\"target\":[\"https:\\\/\\\/www.rassegnastampa-totustuus.it\\\/cattolica\\\/il-non-detto-della-crescita-sostenibile\\\/\"]}]},{\"@type\":\"ImageObject\",\"inLanguage\":\"it-IT\",\"@id\":\"https:\\\/\\\/www.rassegnastampa-totustuus.it\\\/cattolica\\\/il-non-detto-della-crescita-sostenibile\\\/#primaryimage\",\"url\":\"https:\\\/\\\/www.rassegnastampa-totustuus.it\\\/cattolica\\\/wp-content\\\/uploads\\\/2019\\\/10\\\/ambientalismo.jpeg\",\"contentUrl\":\"https:\\\/\\\/www.rassegnastampa-totustuus.it\\\/cattolica\\\/wp-content\\\/uploads\\\/2019\\\/10\\\/ambientalismo.jpeg\",\"width\":1280,\"height\":1280},{\"@type\":\"BreadcrumbList\",\"@id\":\"https:\\\/\\\/www.rassegnastampa-totustuus.it\\\/cattolica\\\/il-non-detto-della-crescita-sostenibile\\\/#breadcrumb\",\"itemListElement\":[{\"@type\":\"ListItem\",\"position\":1,\"name\":\"Home\",\"item\":\"https:\\\/\\\/www.rassegnastampa-totustuus.it\\\/cattolica\\\/\"},{\"@type\":\"ListItem\",\"position\":2,\"name\":\"Il \u201cnon detto\u201d della crescita \u201csostenibile\u201d\"}]},{\"@type\":\"WebSite\",\"@id\":\"https:\\\/\\\/www.rassegnastampa-totustuus.it\\\/cattolica\\\/#website\",\"url\":\"https:\\\/\\\/www.rassegnastampa-totustuus.it\\\/cattolica\\\/\",\"name\":\"Rassegna Stampa Cattolica\",\"description\":\"Per una cultura che nasce dalla Rivelazione cristiana in conformit\u00e0 alla tradizione e al Magistero della Chiesa in opposizione ad ogni relativismo e totalitarismo\",\"publisher\":{\"@id\":\"https:\\\/\\\/www.rassegnastampa-totustuus.it\\\/cattolica\\\/#organization\"},\"alternateName\":\"Rass. Cattolica\",\"potentialAction\":[{\"@type\":\"SearchAction\",\"target\":{\"@type\":\"EntryPoint\",\"urlTemplate\":\"https:\\\/\\\/www.rassegnastampa-totustuus.it\\\/cattolica\\\/?s={search_term_string}\"},\"query-input\":{\"@type\":\"PropertyValueSpecification\",\"valueRequired\":true,\"valueName\":\"search_term_string\"}}],\"inLanguage\":\"it-IT\"},{\"@type\":\"Organization\",\"@id\":\"https:\\\/\\\/www.rassegnastampa-totustuus.it\\\/cattolica\\\/#organization\",\"name\":\"Rassegna Stampa Cattolica\",\"url\":\"https:\\\/\\\/www.rassegnastampa-totustuus.it\\\/cattolica\\\/\",\"logo\":{\"@type\":\"ImageObject\",\"inLanguage\":\"it-IT\",\"@id\":\"https:\\\/\\\/www.rassegnastampa-totustuus.it\\\/cattolica\\\/#\\\/schema\\\/logo\\\/image\\\/\",\"url\":\"https:\\\/\\\/www.rassegnastampa-totustuus.it\\\/cattolica\\\/wp-content\\\/uploads\\\/2014\\\/04\\\/logo-rassegna1.gif\",\"contentUrl\":\"https:\\\/\\\/www.rassegnastampa-totustuus.it\\\/cattolica\\\/wp-content\\\/uploads\\\/2014\\\/04\\\/logo-rassegna1.gif\",\"width\":600,\"height\":163,\"caption\":\"Rassegna Stampa Cattolica\"},\"image\":{\"@id\":\"https:\\\/\\\/www.rassegnastampa-totustuus.it\\\/cattolica\\\/#\\\/schema\\\/logo\\\/image\\\/\"},\"sameAs\":[\"https:\\\/\\\/www.facebook.com\\\/rassegnastampacattolica\",\"https:\\\/\\\/x.com\\\/rassegnastampa9\"]},{\"@type\":\"Person\",\"@id\":\"https:\\\/\\\/www.rassegnastampa-totustuus.it\\\/cattolica\\\/#\\\/schema\\\/person\\\/08f319d2bd1a0904ad9e2bfb7b15e5c3\",\"name\":\"Redazione\",\"image\":{\"@type\":\"ImageObject\",\"inLanguage\":\"it-IT\",\"@id\":\"https:\\\/\\\/secure.gravatar.com\\\/avatar\\\/2fcdf27c78ea025fbdb44e914cc63c72249ffec9dc8aafd5c82b26240ef3f346?s=96&d=mm&r=g\",\"url\":\"https:\\\/\\\/secure.gravatar.com\\\/avatar\\\/2fcdf27c78ea025fbdb44e914cc63c72249ffec9dc8aafd5c82b26240ef3f346?s=96&d=mm&r=g\",\"contentUrl\":\"https:\\\/\\\/secure.gravatar.com\\\/avatar\\\/2fcdf27c78ea025fbdb44e914cc63c72249ffec9dc8aafd5c82b26240ef3f346?s=96&d=mm&r=g\",\"caption\":\"Redazione\"},\"url\":\"https:\\\/\\\/www.rassegnastampa-totustuus.it\\\/cattolica\\\/author\\\/pietroelle\\\/\"}]}<\/script>\n<!-- \/ Yoast SEO plugin. -->","yoast_head_json":{"title":"Il \u201cnon detto\u201d della crescita \u201csostenibile\u201d - Rassegna Stampa Cattolica","description":"Rassegna Stampa Cattolica - Per una cultura che nasce dalla Rivelazione cristiana in conformit\u00e0 alla tradizione e al Magistero della Chiesa in opposizione ad ogni relativismo e totalitarismo","robots":{"index":"index","follow":"follow","max-snippet":"max-snippet:-1","max-image-preview":"max-image-preview:large","max-video-preview":"max-video-preview:-1"},"canonical":"https:\/\/www.rassegnastampa-totustuus.it\/cattolica\/il-non-detto-della-crescita-sostenibile\/","og_locale":"it_IT","og_type":"article","og_title":"Il \u201cnon detto\u201d della crescita \u201csostenibile\u201d - Rassegna Stampa Cattolica","og_description":"Rassegna Stampa Cattolica - Per una cultura che nasce dalla Rivelazione cristiana in conformit\u00e0 alla tradizione e al Magistero della Chiesa in opposizione ad ogni relativismo e totalitarismo","og_url":"https:\/\/www.rassegnastampa-totustuus.it\/cattolica\/il-non-detto-della-crescita-sostenibile\/","og_site_name":"Rassegna Stampa Cattolica","article_publisher":"https:\/\/www.facebook.com\/rassegnastampacattolica","article_published_time":"2019-10-30T23:00:37+00:00","og_image":[{"width":1280,"height":1280,"url":"https:\/\/www.rassegnastampa-totustuus.it\/cattolica\/wp-content\/uploads\/2019\/10\/ambientalismo.jpeg","type":"image\/jpeg"}],"author":"Redazione","twitter_card":"summary_large_image","twitter_creator":"@rassegnastampa9","twitter_site":"@rassegnastampa9","twitter_misc":{"Scritto da":"Redazione","Tempo di lettura stimato":"6 minuti"},"schema":{"@context":"https:\/\/schema.org","@graph":[{"@type":"Article","@id":"https:\/\/www.rassegnastampa-totustuus.it\/cattolica\/il-non-detto-della-crescita-sostenibile\/#article","isPartOf":{"@id":"https:\/\/www.rassegnastampa-totustuus.it\/cattolica\/il-non-detto-della-crescita-sostenibile\/"},"author":{"name":"Redazione","@id":"https:\/\/www.rassegnastampa-totustuus.it\/cattolica\/#\/schema\/person\/08f319d2bd1a0904ad9e2bfb7b15e5c3"},"headline":"Il \u201cnon detto\u201d della crescita \u201csostenibile\u201d","datePublished":"2019-10-30T23:00:37+00:00","mainEntityOfPage":{"@id":"https:\/\/www.rassegnastampa-totustuus.it\/cattolica\/il-non-detto-della-crescita-sostenibile\/"},"wordCount":1284,"publisher":{"@id":"https:\/\/www.rassegnastampa-totustuus.it\/cattolica\/#organization"},"image":{"@id":"https:\/\/www.rassegnastampa-totustuus.it\/cattolica\/il-non-detto-della-crescita-sostenibile\/#primaryimage"},"thumbnailUrl":"https:\/\/www.rassegnastampa-totustuus.it\/cattolica\/wp-content\/uploads\/2019\/10\/ambientalismo.jpeg","keywords":["Ambientalismo","Economia","sviluppo sostenibile"],"articleSection":["Ambientalismo","Economia"],"inLanguage":"it-IT"},{"@type":"WebPage","@id":"https:\/\/www.rassegnastampa-totustuus.it\/cattolica\/il-non-detto-della-crescita-sostenibile\/","url":"https:\/\/www.rassegnastampa-totustuus.it\/cattolica\/il-non-detto-della-crescita-sostenibile\/","name":"Il \u201cnon detto\u201d della crescita \u201csostenibile\u201d - Rassegna Stampa Cattolica","isPartOf":{"@id":"https:\/\/www.rassegnastampa-totustuus.it\/cattolica\/#website"},"primaryImageOfPage":{"@id":"https:\/\/www.rassegnastampa-totustuus.it\/cattolica\/il-non-detto-della-crescita-sostenibile\/#primaryimage"},"image":{"@id":"https:\/\/www.rassegnastampa-totustuus.it\/cattolica\/il-non-detto-della-crescita-sostenibile\/#primaryimage"},"thumbnailUrl":"https:\/\/www.rassegnastampa-totustuus.it\/cattolica\/wp-content\/uploads\/2019\/10\/ambientalismo.jpeg","datePublished":"2019-10-30T23:00:37+00:00","description":"Rassegna Stampa Cattolica - Per una cultura che nasce dalla Rivelazione cristiana in conformit\u00e0 alla tradizione e al Magistero della Chiesa in opposizione ad ogni relativismo e totalitarismo","breadcrumb":{"@id":"https:\/\/www.rassegnastampa-totustuus.it\/cattolica\/il-non-detto-della-crescita-sostenibile\/#breadcrumb"},"inLanguage":"it-IT","potentialAction":[{"@type":"ReadAction","target":["https:\/\/www.rassegnastampa-totustuus.it\/cattolica\/il-non-detto-della-crescita-sostenibile\/"]}]},{"@type":"ImageObject","inLanguage":"it-IT","@id":"https:\/\/www.rassegnastampa-totustuus.it\/cattolica\/il-non-detto-della-crescita-sostenibile\/#primaryimage","url":"https:\/\/www.rassegnastampa-totustuus.it\/cattolica\/wp-content\/uploads\/2019\/10\/ambientalismo.jpeg","contentUrl":"https:\/\/www.rassegnastampa-totustuus.it\/cattolica\/wp-content\/uploads\/2019\/10\/ambientalismo.jpeg","width":1280,"height":1280},{"@type":"BreadcrumbList","@id":"https:\/\/www.rassegnastampa-totustuus.it\/cattolica\/il-non-detto-della-crescita-sostenibile\/#breadcrumb","itemListElement":[{"@type":"ListItem","position":1,"name":"Home","item":"https:\/\/www.rassegnastampa-totustuus.it\/cattolica\/"},{"@type":"ListItem","position":2,"name":"Il \u201cnon detto\u201d della crescita \u201csostenibile\u201d"}]},{"@type":"WebSite","@id":"https:\/\/www.rassegnastampa-totustuus.it\/cattolica\/#website","url":"https:\/\/www.rassegnastampa-totustuus.it\/cattolica\/","name":"Rassegna Stampa Cattolica","description":"Per una cultura che nasce dalla Rivelazione cristiana in conformit\u00e0 alla tradizione e al Magistero della Chiesa in opposizione ad ogni relativismo e totalitarismo","publisher":{"@id":"https:\/\/www.rassegnastampa-totustuus.it\/cattolica\/#organization"},"alternateName":"Rass. Cattolica","potentialAction":[{"@type":"SearchAction","target":{"@type":"EntryPoint","urlTemplate":"https:\/\/www.rassegnastampa-totustuus.it\/cattolica\/?s={search_term_string}"},"query-input":{"@type":"PropertyValueSpecification","valueRequired":true,"valueName":"search_term_string"}}],"inLanguage":"it-IT"},{"@type":"Organization","@id":"https:\/\/www.rassegnastampa-totustuus.it\/cattolica\/#organization","name":"Rassegna Stampa Cattolica","url":"https:\/\/www.rassegnastampa-totustuus.it\/cattolica\/","logo":{"@type":"ImageObject","inLanguage":"it-IT","@id":"https:\/\/www.rassegnastampa-totustuus.it\/cattolica\/#\/schema\/logo\/image\/","url":"https:\/\/www.rassegnastampa-totustuus.it\/cattolica\/wp-content\/uploads\/2014\/04\/logo-rassegna1.gif","contentUrl":"https:\/\/www.rassegnastampa-totustuus.it\/cattolica\/wp-content\/uploads\/2014\/04\/logo-rassegna1.gif","width":600,"height":163,"caption":"Rassegna Stampa Cattolica"},"image":{"@id":"https:\/\/www.rassegnastampa-totustuus.it\/cattolica\/#\/schema\/logo\/image\/"},"sameAs":["https:\/\/www.facebook.com\/rassegnastampacattolica","https:\/\/x.com\/rassegnastampa9"]},{"@type":"Person","@id":"https:\/\/www.rassegnastampa-totustuus.it\/cattolica\/#\/schema\/person\/08f319d2bd1a0904ad9e2bfb7b15e5c3","name":"Redazione","image":{"@type":"ImageObject","inLanguage":"it-IT","@id":"https:\/\/secure.gravatar.com\/avatar\/2fcdf27c78ea025fbdb44e914cc63c72249ffec9dc8aafd5c82b26240ef3f346?s=96&d=mm&r=g","url":"https:\/\/secure.gravatar.com\/avatar\/2fcdf27c78ea025fbdb44e914cc63c72249ffec9dc8aafd5c82b26240ef3f346?s=96&d=mm&r=g","contentUrl":"https:\/\/secure.gravatar.com\/avatar\/2fcdf27c78ea025fbdb44e914cc63c72249ffec9dc8aafd5c82b26240ef3f346?s=96&d=mm&r=g","caption":"Redazione"},"url":"https:\/\/www.rassegnastampa-totustuus.it\/cattolica\/author\/pietroelle\/"}]}},"_links":{"self":[{"href":"https:\/\/www.rassegnastampa-totustuus.it\/cattolica\/wp-json\/wp\/v2\/posts\/44913","targetHints":{"allow":["GET"]}}],"collection":[{"href":"https:\/\/www.rassegnastampa-totustuus.it\/cattolica\/wp-json\/wp\/v2\/posts"}],"about":[{"href":"https:\/\/www.rassegnastampa-totustuus.it\/cattolica\/wp-json\/wp\/v2\/types\/post"}],"author":[{"embeddable":true,"href":"https:\/\/www.rassegnastampa-totustuus.it\/cattolica\/wp-json\/wp\/v2\/users\/6"}],"replies":[{"embeddable":true,"href":"https:\/\/www.rassegnastampa-totustuus.it\/cattolica\/wp-json\/wp\/v2\/comments?post=44913"}],"version-history":[{"count":3,"href":"https:\/\/www.rassegnastampa-totustuus.it\/cattolica\/wp-json\/wp\/v2\/posts\/44913\/revisions"}],"predecessor-version":[{"id":44920,"href":"https:\/\/www.rassegnastampa-totustuus.it\/cattolica\/wp-json\/wp\/v2\/posts\/44913\/revisions\/44920"}],"wp:featuredmedia":[{"embeddable":true,"href":"https:\/\/www.rassegnastampa-totustuus.it\/cattolica\/wp-json\/wp\/v2\/media\/44917"}],"wp:attachment":[{"href":"https:\/\/www.rassegnastampa-totustuus.it\/cattolica\/wp-json\/wp\/v2\/media?parent=44913"}],"wp:term":[{"taxonomy":"category","embeddable":true,"href":"https:\/\/www.rassegnastampa-totustuus.it\/cattolica\/wp-json\/wp\/v2\/categories?post=44913"},{"taxonomy":"post_tag","embeddable":true,"href":"https:\/\/www.rassegnastampa-totustuus.it\/cattolica\/wp-json\/wp\/v2\/tags?post=44913"}],"curies":[{"name":"wp","href":"https:\/\/api.w.org\/{rel}","templated":true}]}}