{"id":4481,"date":"2011-03-28T10:43:40","date_gmt":"2011-03-28T08:43:40","guid":{"rendered":""},"modified":"2016-02-04T15:33:21","modified_gmt":"2016-02-04T14:33:21","slug":"islam-eppur-si-muove","status":"publish","type":"post","link":"https:\/\/www.rassegnastampa-totustuus.it\/cattolica\/islam-eppur-si-muove\/","title":{"rendered":"Islam, eppur si muove"},"content":{"rendered":"<div style=\"text-align: center;\"><strong><a href=\"https:\/\/www.rassegnastampa-totustuus.it\/cattolica\/wp-content\/uploads\/2011\/03\/primavera-araba.jpg\"><img loading=\"lazy\" decoding=\"async\" class=\"alignright wp-image-30299\" src=\"https:\/\/www.rassegnastampa-totustuus.it\/cattolica\/wp-content\/uploads\/2011\/03\/primavera-araba.jpg\" alt=\"primavera araba\" width=\"250\" height=\"140\" \/><\/a>Il Timone<\/strong> n.101 marzo 2011<\/div>\n<p style=\"text-align: justify;\"><em>Dietro ai sommovimenti in atto nel Nordafrica e in Medio Oriente, c\u2019\u00e8 una sfida radicale all\u2019islam politico: dalla piazza e dalle universit\u00e0 si alza la voce di chi chiede all\u2019islam di cambiare, per aprirsi alla democrazia e al rispetto dei diritti umani<\/em><\/p>\n<p style=\"text-align: center;\">di <strong>Riccardo Cascioli<\/strong><\/p>\n<p><!--more--><\/p>\n<div style=\"text-align: justify;\">Quanto sta accadendo in questi mesi in Nordafrica e Medio Oriente \u00e8 certamente un fatto epocale che ha la potenzialit\u00e0 di ridisegnare la mappa politica non solo di quella regione. Ma dietro ai fatti di cronaca e ai cambiamenti di regime in corso ci sono movimenti meno evidenti ma non per questo meno importanti. Anzi, in prospettiva sono proprio questi movimenti a essere pi\u00f9 decisivi per il futuro.<\/div>\n<p style=\"text-align: justify;\">Il riferimento \u00e8 soprattutto a quanto sta accadendo nell&#8217;islam perch\u00e9, aldil\u00e0 delle profonde diversit\u00e0 delle situazioni nei singoli paesi, si coglie un fermento che riguarda proprio la religione islamica costretta a confrontarsi con la modernit\u00e0.Come \u00e8 noto, una caratteristica del mondo islamico \u00e8 la mancanza di distinzione tra sfera religiosa e sfera politica, che si traduce ad esempio nella applicazione ferrea della legge coranica nell&#8217;ordinamento statale: in pratica, abbiamo di fronte paesi e movimenti che cercano di tenere sostanzialmente ferma &#8211; o riportare &#8211; la propria societ\u00e0 al VII secolo.<\/p>\n<p style=\"text-align: justify;\">Questo pu\u00f2 tenere finch\u00e9 la societ\u00e0 \u00e8 chiusa, finch\u00e9 \u00e8 negato ogni contatto con l&#8217;esterno o, addirittura, usando le nuove tecnologie &#8211; vedi tv satellitari e siti internet &#8211; per inculcare su ampia scala una visione distorta del mondo non islamico.<\/p>\n<p style=\"text-align: justify;\">Ma gli eventi di questi mesi ci fanno vedere che il desiderio di libert\u00e0 e di giustizia che anima tante piazze sta provocando delle crepe anche in questo muro. Lo dimostrano sia alcune voci autorevoli del mondo islamico sia alcune posizioni espresse dalla piazza. Ad esempio, sulla scia delle rivolte in Tunisia ed Egitto, alla fine di gennaio oltre 2200 studiosi, politici e attivisti arabi, provenienti da 20 paesi arabi, hanno pubblicato un appello urgente per la difesa e il consolidamento dei diritti umani e della democrazia nel mondo arabo.<\/p>\n<p style=\"text-align: justify;\">\u00c8 stato chiamato \u00abAppello di Casablanca\u00bb, dal nome della citt\u00e0 del Marocco dove nello scorso ottobre \u00e8 stata organizzata una conferenza proprio per discutere del futuro dei paesi arabi.<\/p>\n<p style=\"text-align: justify;\">\u00abL&#8217;Appello di Casablanca &#8211; ha detto Radwan Masmoudi, presidente del Center for the Study of Islam and Democracy (Csid) e organizzatore della Conferenza dell&#8217;ottobre scorso &#8211; \u00e8 sostenuto da intellettuali e politici arabi di primo piano, di ogni convinzione politica, dall&#8217;ala sinistra e dai secolaristi fino agli islamici moderati e anche i Fratelli Musulmani, tutti d&#8217;accordo che la democrazia e i diritti umani sono oggi una &#8220;necessit\u00e0 assoluta&#8221; per il mondo arabo\u00bb.<\/p>\n<p style=\"text-align: justify;\">\u00abLa rivoluzione tunisina &#8211; gli ha fatto eco Emad Ei-Din Shahin, docente di Religioni, Conflitti e Operazioni di pace all&#8217;Universit\u00e0 di Notre Dame, tra gli estensori del documento &#8211; ha spazzato via diversi miti: il mito. dell&#8217;eccezione mediorientale alla democrazia, il mito di poter ottenere riforme economiche senza una liberalizzazione politica, e il mito per cui il sostegno occidentale ai regimi autocratici della regione manterr\u00e0 la stabilit\u00e0 e protegger\u00e0 gli interessi strategici occidentali\u00bb.<\/p>\n<p style=\"text-align: justify;\">Un secondo fatto, potenzialmente pi\u00f9 esplosivo, riguarda la pubblicazione in Egitto, il 24 gennaio, di un \u00abDocumento per il rinnovamento del discorso religioso\u00bb, postato sul sito del settimanale Yawm al-S\u00e0bi&#8217;. Dieci pagine, ventidue punti: un programma di riforma dell&#8217;islam che spazia dalla revisione del concetto di jihad (guerra santa) al ruolo della donna, dalla revisione dei testi religiosi (le parole attribuite a Maometto e i commentari coranici) fino alla separazione tra religione e politica.<\/p>\n<p style=\"text-align: justify;\">L&#8217;iniziativa \u00e8 partita da un gruppo di persone legate al settimanale che hanno per\u00f2 ripreso e sistematizzato discorsi e scritti di 23 dotti islamici legati alla famosa Universit\u00e0 Al Azhar del Cairo, il centro pi\u00f9 importante per la formazione e la teologia islamica. Tra i nomi dei dotti ci sono infatti personalit\u00e0 religiose di rilievo come Nasr Farid Wasel, ex gran Muft\u00ec dell&#8217;Egitto; l&#8217;imam Safwat Hegazi; il dottor Gamal al-Banna, fratello del fondatore dei Fratelli Musulmani; i professori Malakah Zir\u00e0r e \u00c0minah Noseir; il celebre scrittore islamista Fahmi Huweidi; il dottor Mabruk Atiyyah; un gran numero di predicatori (du&#8217;\u00e0t), incaricati della Propaganda islamica quali Khalid al-Gindi, Muhammad Hed\u00e0yah, Mustafa Husni<\/p>\n<p style=\"text-align: justify;\">Il documento \u00e8 stato immediatamente rilanciato su migliaia di siti, blog e forum provocando accese discussioni. Le prime reazioni dei frequentatori dei siti sono state in maggioranza ostili, timorose di una messa in discussione dei capisaldi della societ\u00e0 araba e islamica. Ma non ci si poteva certo aspettare il contrario. Fatto sta per\u00f2 che qualcosa si sta muovendo anche fra coloro che possono avere una maggiore influenza sulla popolazione e sulla cultura islamica.<\/p>\n<p style=\"text-align: justify;\">Non sono infatti mancati finora intellettuali islamici, soprattutto nella regione del Maghreb, che hanno cercato di conciliare l&#8217;islam con la modernit\u00e0 &#8211; che significa soprattutto il valore della persona e i diritti umani -, ma il loro impatto \u00e8 irrilevante, perch\u00e9 a contare nel mondo islamico sono fondamentalmente le autorit\u00e0 religiose. \u00c8 per questo che la dichiarazione maturata nell&#8217;ambiente dell&#8217;universit\u00e0 Al Azhar assume una grande importanza.<\/p>\n<p style=\"text-align: justify;\">Questo non significa che ci si deve aspettare chiss\u00e0 quali cambiamenti in breve tempo, perch\u00e9 le resistenze &#8211; religiose, culturali e politiche &#8211; saranno enormi, come peraltro dimostrano le prime reazioni al documento dei dotti islamici. Ma \u00e8 comunque l&#8217;inizio di una rivoluzione culturale potenzialmente decisiva per il futuro. Anche perch\u00e9 \u00e8 accompagnata da moti di piazza che, a partire dall&#8217;Egitto, dimostrano come ci sia ormai un&#8217;ampia fascia di popolazione che vuole la democrazia e la libert\u00e0, pur senza mettere in discussione l&#8217;islam. \u00c8 impossibile prevedere al momento quale sar\u00e0 l&#8217;esito politico di queste rivolte, ma \u00e8 un fatto che \u00e8 ormai molto diffusa una richiesta di democrazia con cui dovranno fare i conti anche i partiti fondamentalisti come i Fratelli Musulmani.<\/p>\n<p style=\"text-align: justify;\">E ci\u00f2 che accade nell&#8217;Egitto sunnita \u00e8 confermato anche dall&#8217;Iran sciita, dove sull&#8217;onda di quanto accade in altri paesi del Medio Oriente sono riprese le manifestazioni studentesche che gi\u00e0 da due anni si ripetono in successive ondate. Anche qui gli oppositori al regime non mettono in discussione l&#8217;esistenza della repubblica islamica, ma chiedono democrazia e fine dell&#8217;isolamento del paese. Il messaggio \u00e8 chiaro: il terrore non \u00e8 il modo migliore per salvare l&#8217;islam, molto meglio accettare il buono della modernit\u00e0. Il problema \u00e8 che ayatollah e sceicchi sono ancora convinti del contrario.<\/p>\n","protected":false},"excerpt":{"rendered":"<p>Il Timone n.101 marzo 2011 Dietro ai sommovimenti in atto nel Nordafrica e in Medio Oriente, c\u2019\u00e8 una sfida radicale all\u2019islam politico: dalla piazza e dalle universit\u00e0 si alza la voce di chi chiede all\u2019islam di cambiare, per aprirsi alla democrazia e al rispetto dei diritti umani di Riccardo Cascioli<\/p><p><a class=\"more-link btn\" href=\"https:\/\/www.rassegnastampa-totustuus.it\/cattolica\/islam-eppur-si-muove\/\">Continua a leggere<\/a><\/p>\n","protected":false},"author":6,"featured_media":30299,"comment_status":"closed","ping_status":"open","sticky":false,"template":"","format":"standard","meta":{"footnotes":""},"categories":[39,16],"tags":[1919],"class_list":["post-4481","post","type-post","status-publish","format-standard","has-post-thumbnail","hentry","category-africa","category-islam","tag-primavere-arabe","item-wrap"],"yoast_head":"<!-- This site is optimized with the Yoast SEO plugin v27.5 - https:\/\/yoast.com\/product\/yoast-seo-wordpress\/ -->\n<title>Islam, eppur si muove - Rassegna Stampa Cattolica<\/title>\n<meta name=\"description\" content=\"Rassegna Stampa Cattolica - Per una cultura che nasce dalla Rivelazione cristiana in conformit\u00e0 alla tradizione e al Magistero della Chiesa in opposizione ad ogni relativismo e totalitarismo\" \/>\n<meta name=\"robots\" content=\"index, follow, max-snippet:-1, max-image-preview:large, max-video-preview:-1\" \/>\n<link rel=\"canonical\" href=\"https:\/\/www.rassegnastampa-totustuus.it\/cattolica\/islam-eppur-si-muove\/\" \/>\n<meta property=\"og:locale\" content=\"it_IT\" \/>\n<meta property=\"og:type\" content=\"article\" \/>\n<meta property=\"og:title\" content=\"Islam, eppur si muove - Rassegna Stampa Cattolica\" \/>\n<meta property=\"og:description\" content=\"Rassegna Stampa Cattolica - Per una cultura che nasce dalla Rivelazione cristiana in conformit\u00e0 alla tradizione e al Magistero della Chiesa in opposizione ad ogni relativismo e totalitarismo\" \/>\n<meta property=\"og:url\" content=\"https:\/\/www.rassegnastampa-totustuus.it\/cattolica\/islam-eppur-si-muove\/\" \/>\n<meta property=\"og:site_name\" content=\"Rassegna Stampa Cattolica\" \/>\n<meta property=\"article:publisher\" content=\"https:\/\/www.facebook.com\/rassegnastampacattolica\" \/>\n<meta property=\"article:published_time\" content=\"2011-03-28T08:43:40+00:00\" \/>\n<meta property=\"article:modified_time\" content=\"2016-02-04T14:33:21+00:00\" \/>\n<meta property=\"og:image\" content=\"https:\/\/www.rassegnastampa-totustuus.it\/cattolica\/wp-content\/uploads\/2011\/03\/primavera-araba.jpg\" \/>\n\t<meta property=\"og:image:width\" content=\"299\" \/>\n\t<meta property=\"og:image:height\" content=\"168\" \/>\n\t<meta property=\"og:image:type\" content=\"image\/jpeg\" \/>\n<meta name=\"author\" content=\"Redazione\" \/>\n<meta name=\"twitter:card\" content=\"summary_large_image\" \/>\n<meta name=\"twitter:creator\" content=\"@rassegnastampa9\" \/>\n<meta name=\"twitter:site\" content=\"@rassegnastampa9\" \/>\n<meta name=\"twitter:label1\" content=\"Scritto da\" \/>\n\t<meta name=\"twitter:data1\" content=\"Redazione\" \/>\n\t<meta name=\"twitter:label2\" content=\"Tempo di lettura stimato\" \/>\n\t<meta name=\"twitter:data2\" content=\"5 minuti\" \/>\n<script type=\"application\/ld+json\" class=\"yoast-schema-graph\">{\"@context\":\"https:\\\/\\\/schema.org\",\"@graph\":[{\"@type\":\"Article\",\"@id\":\"https:\\\/\\\/www.rassegnastampa-totustuus.it\\\/cattolica\\\/islam-eppur-si-muove\\\/#article\",\"isPartOf\":{\"@id\":\"https:\\\/\\\/www.rassegnastampa-totustuus.it\\\/cattolica\\\/islam-eppur-si-muove\\\/\"},\"author\":{\"name\":\"Redazione\",\"@id\":\"https:\\\/\\\/www.rassegnastampa-totustuus.it\\\/cattolica\\\/#\\\/schema\\\/person\\\/08f319d2bd1a0904ad9e2bfb7b15e5c3\"},\"headline\":\"Islam, eppur si muove\",\"datePublished\":\"2011-03-28T08:43:40+00:00\",\"dateModified\":\"2016-02-04T14:33:21+00:00\",\"mainEntityOfPage\":{\"@id\":\"https:\\\/\\\/www.rassegnastampa-totustuus.it\\\/cattolica\\\/islam-eppur-si-muove\\\/\"},\"wordCount\":1061,\"publisher\":{\"@id\":\"https:\\\/\\\/www.rassegnastampa-totustuus.it\\\/cattolica\\\/#organization\"},\"image\":{\"@id\":\"https:\\\/\\\/www.rassegnastampa-totustuus.it\\\/cattolica\\\/islam-eppur-si-muove\\\/#primaryimage\"},\"thumbnailUrl\":\"https:\\\/\\\/www.rassegnastampa-totustuus.it\\\/cattolica\\\/wp-content\\\/uploads\\\/2011\\\/03\\\/primavera-araba.jpg\",\"keywords\":[\"primavere arabe\"],\"articleSection\":[\"Africa\",\"Islam\"],\"inLanguage\":\"it-IT\"},{\"@type\":\"WebPage\",\"@id\":\"https:\\\/\\\/www.rassegnastampa-totustuus.it\\\/cattolica\\\/islam-eppur-si-muove\\\/\",\"url\":\"https:\\\/\\\/www.rassegnastampa-totustuus.it\\\/cattolica\\\/islam-eppur-si-muove\\\/\",\"name\":\"Islam, eppur si muove - Rassegna Stampa Cattolica\",\"isPartOf\":{\"@id\":\"https:\\\/\\\/www.rassegnastampa-totustuus.it\\\/cattolica\\\/#website\"},\"primaryImageOfPage\":{\"@id\":\"https:\\\/\\\/www.rassegnastampa-totustuus.it\\\/cattolica\\\/islam-eppur-si-muove\\\/#primaryimage\"},\"image\":{\"@id\":\"https:\\\/\\\/www.rassegnastampa-totustuus.it\\\/cattolica\\\/islam-eppur-si-muove\\\/#primaryimage\"},\"thumbnailUrl\":\"https:\\\/\\\/www.rassegnastampa-totustuus.it\\\/cattolica\\\/wp-content\\\/uploads\\\/2011\\\/03\\\/primavera-araba.jpg\",\"datePublished\":\"2011-03-28T08:43:40+00:00\",\"dateModified\":\"2016-02-04T14:33:21+00:00\",\"description\":\"Rassegna Stampa Cattolica - Per una cultura che nasce dalla Rivelazione cristiana in conformit\u00e0 alla tradizione e al Magistero della Chiesa in opposizione ad ogni relativismo e totalitarismo\",\"breadcrumb\":{\"@id\":\"https:\\\/\\\/www.rassegnastampa-totustuus.it\\\/cattolica\\\/islam-eppur-si-muove\\\/#breadcrumb\"},\"inLanguage\":\"it-IT\",\"potentialAction\":[{\"@type\":\"ReadAction\",\"target\":[\"https:\\\/\\\/www.rassegnastampa-totustuus.it\\\/cattolica\\\/islam-eppur-si-muove\\\/\"]}]},{\"@type\":\"ImageObject\",\"inLanguage\":\"it-IT\",\"@id\":\"https:\\\/\\\/www.rassegnastampa-totustuus.it\\\/cattolica\\\/islam-eppur-si-muove\\\/#primaryimage\",\"url\":\"https:\\\/\\\/www.rassegnastampa-totustuus.it\\\/cattolica\\\/wp-content\\\/uploads\\\/2011\\\/03\\\/primavera-araba.jpg\",\"contentUrl\":\"https:\\\/\\\/www.rassegnastampa-totustuus.it\\\/cattolica\\\/wp-content\\\/uploads\\\/2011\\\/03\\\/primavera-araba.jpg\",\"width\":299,\"height\":168},{\"@type\":\"BreadcrumbList\",\"@id\":\"https:\\\/\\\/www.rassegnastampa-totustuus.it\\\/cattolica\\\/islam-eppur-si-muove\\\/#breadcrumb\",\"itemListElement\":[{\"@type\":\"ListItem\",\"position\":1,\"name\":\"Home\",\"item\":\"https:\\\/\\\/www.rassegnastampa-totustuus.it\\\/cattolica\\\/\"},{\"@type\":\"ListItem\",\"position\":2,\"name\":\"Islam, eppur si muove\"}]},{\"@type\":\"WebSite\",\"@id\":\"https:\\\/\\\/www.rassegnastampa-totustuus.it\\\/cattolica\\\/#website\",\"url\":\"https:\\\/\\\/www.rassegnastampa-totustuus.it\\\/cattolica\\\/\",\"name\":\"Rassegna Stampa Cattolica\",\"description\":\"Per una cultura che nasce dalla Rivelazione cristiana in conformit\u00e0 alla tradizione e al Magistero della Chiesa in opposizione ad ogni relativismo e totalitarismo\",\"publisher\":{\"@id\":\"https:\\\/\\\/www.rassegnastampa-totustuus.it\\\/cattolica\\\/#organization\"},\"alternateName\":\"Rass. Cattolica\",\"potentialAction\":[{\"@type\":\"SearchAction\",\"target\":{\"@type\":\"EntryPoint\",\"urlTemplate\":\"https:\\\/\\\/www.rassegnastampa-totustuus.it\\\/cattolica\\\/?s={search_term_string}\"},\"query-input\":{\"@type\":\"PropertyValueSpecification\",\"valueRequired\":true,\"valueName\":\"search_term_string\"}}],\"inLanguage\":\"it-IT\"},{\"@type\":\"Organization\",\"@id\":\"https:\\\/\\\/www.rassegnastampa-totustuus.it\\\/cattolica\\\/#organization\",\"name\":\"Rassegna Stampa Cattolica\",\"url\":\"https:\\\/\\\/www.rassegnastampa-totustuus.it\\\/cattolica\\\/\",\"logo\":{\"@type\":\"ImageObject\",\"inLanguage\":\"it-IT\",\"@id\":\"https:\\\/\\\/www.rassegnastampa-totustuus.it\\\/cattolica\\\/#\\\/schema\\\/logo\\\/image\\\/\",\"url\":\"https:\\\/\\\/www.rassegnastampa-totustuus.it\\\/cattolica\\\/wp-content\\\/uploads\\\/2014\\\/04\\\/logo-rassegna1.gif\",\"contentUrl\":\"https:\\\/\\\/www.rassegnastampa-totustuus.it\\\/cattolica\\\/wp-content\\\/uploads\\\/2014\\\/04\\\/logo-rassegna1.gif\",\"width\":600,\"height\":163,\"caption\":\"Rassegna Stampa Cattolica\"},\"image\":{\"@id\":\"https:\\\/\\\/www.rassegnastampa-totustuus.it\\\/cattolica\\\/#\\\/schema\\\/logo\\\/image\\\/\"},\"sameAs\":[\"https:\\\/\\\/www.facebook.com\\\/rassegnastampacattolica\",\"https:\\\/\\\/x.com\\\/rassegnastampa9\"]},{\"@type\":\"Person\",\"@id\":\"https:\\\/\\\/www.rassegnastampa-totustuus.it\\\/cattolica\\\/#\\\/schema\\\/person\\\/08f319d2bd1a0904ad9e2bfb7b15e5c3\",\"name\":\"Redazione\",\"image\":{\"@type\":\"ImageObject\",\"inLanguage\":\"it-IT\",\"@id\":\"https:\\\/\\\/secure.gravatar.com\\\/avatar\\\/2fcdf27c78ea025fbdb44e914cc63c72249ffec9dc8aafd5c82b26240ef3f346?s=96&d=mm&r=g\",\"url\":\"https:\\\/\\\/secure.gravatar.com\\\/avatar\\\/2fcdf27c78ea025fbdb44e914cc63c72249ffec9dc8aafd5c82b26240ef3f346?s=96&d=mm&r=g\",\"contentUrl\":\"https:\\\/\\\/secure.gravatar.com\\\/avatar\\\/2fcdf27c78ea025fbdb44e914cc63c72249ffec9dc8aafd5c82b26240ef3f346?s=96&d=mm&r=g\",\"caption\":\"Redazione\"},\"url\":\"https:\\\/\\\/www.rassegnastampa-totustuus.it\\\/cattolica\\\/author\\\/pietroelle\\\/\"}]}<\/script>\n<!-- \/ Yoast SEO plugin. -->","yoast_head_json":{"title":"Islam, eppur si muove - Rassegna Stampa Cattolica","description":"Rassegna Stampa Cattolica - Per una cultura che nasce dalla Rivelazione cristiana in conformit\u00e0 alla tradizione e al Magistero della Chiesa in opposizione ad ogni relativismo e totalitarismo","robots":{"index":"index","follow":"follow","max-snippet":"max-snippet:-1","max-image-preview":"max-image-preview:large","max-video-preview":"max-video-preview:-1"},"canonical":"https:\/\/www.rassegnastampa-totustuus.it\/cattolica\/islam-eppur-si-muove\/","og_locale":"it_IT","og_type":"article","og_title":"Islam, eppur si muove - Rassegna Stampa Cattolica","og_description":"Rassegna Stampa Cattolica - Per una cultura che nasce dalla Rivelazione cristiana in conformit\u00e0 alla tradizione e al Magistero della Chiesa in opposizione ad ogni relativismo e totalitarismo","og_url":"https:\/\/www.rassegnastampa-totustuus.it\/cattolica\/islam-eppur-si-muove\/","og_site_name":"Rassegna Stampa Cattolica","article_publisher":"https:\/\/www.facebook.com\/rassegnastampacattolica","article_published_time":"2011-03-28T08:43:40+00:00","article_modified_time":"2016-02-04T14:33:21+00:00","og_image":[{"width":299,"height":168,"url":"https:\/\/www.rassegnastampa-totustuus.it\/cattolica\/wp-content\/uploads\/2011\/03\/primavera-araba.jpg","type":"image\/jpeg"}],"author":"Redazione","twitter_card":"summary_large_image","twitter_creator":"@rassegnastampa9","twitter_site":"@rassegnastampa9","twitter_misc":{"Scritto da":"Redazione","Tempo di lettura stimato":"5 minuti"},"schema":{"@context":"https:\/\/schema.org","@graph":[{"@type":"Article","@id":"https:\/\/www.rassegnastampa-totustuus.it\/cattolica\/islam-eppur-si-muove\/#article","isPartOf":{"@id":"https:\/\/www.rassegnastampa-totustuus.it\/cattolica\/islam-eppur-si-muove\/"},"author":{"name":"Redazione","@id":"https:\/\/www.rassegnastampa-totustuus.it\/cattolica\/#\/schema\/person\/08f319d2bd1a0904ad9e2bfb7b15e5c3"},"headline":"Islam, eppur si muove","datePublished":"2011-03-28T08:43:40+00:00","dateModified":"2016-02-04T14:33:21+00:00","mainEntityOfPage":{"@id":"https:\/\/www.rassegnastampa-totustuus.it\/cattolica\/islam-eppur-si-muove\/"},"wordCount":1061,"publisher":{"@id":"https:\/\/www.rassegnastampa-totustuus.it\/cattolica\/#organization"},"image":{"@id":"https:\/\/www.rassegnastampa-totustuus.it\/cattolica\/islam-eppur-si-muove\/#primaryimage"},"thumbnailUrl":"https:\/\/www.rassegnastampa-totustuus.it\/cattolica\/wp-content\/uploads\/2011\/03\/primavera-araba.jpg","keywords":["primavere arabe"],"articleSection":["Africa","Islam"],"inLanguage":"it-IT"},{"@type":"WebPage","@id":"https:\/\/www.rassegnastampa-totustuus.it\/cattolica\/islam-eppur-si-muove\/","url":"https:\/\/www.rassegnastampa-totustuus.it\/cattolica\/islam-eppur-si-muove\/","name":"Islam, eppur si muove - Rassegna Stampa Cattolica","isPartOf":{"@id":"https:\/\/www.rassegnastampa-totustuus.it\/cattolica\/#website"},"primaryImageOfPage":{"@id":"https:\/\/www.rassegnastampa-totustuus.it\/cattolica\/islam-eppur-si-muove\/#primaryimage"},"image":{"@id":"https:\/\/www.rassegnastampa-totustuus.it\/cattolica\/islam-eppur-si-muove\/#primaryimage"},"thumbnailUrl":"https:\/\/www.rassegnastampa-totustuus.it\/cattolica\/wp-content\/uploads\/2011\/03\/primavera-araba.jpg","datePublished":"2011-03-28T08:43:40+00:00","dateModified":"2016-02-04T14:33:21+00:00","description":"Rassegna Stampa Cattolica - Per una cultura che nasce dalla Rivelazione cristiana in conformit\u00e0 alla tradizione e al Magistero della Chiesa in opposizione ad ogni relativismo e totalitarismo","breadcrumb":{"@id":"https:\/\/www.rassegnastampa-totustuus.it\/cattolica\/islam-eppur-si-muove\/#breadcrumb"},"inLanguage":"it-IT","potentialAction":[{"@type":"ReadAction","target":["https:\/\/www.rassegnastampa-totustuus.it\/cattolica\/islam-eppur-si-muove\/"]}]},{"@type":"ImageObject","inLanguage":"it-IT","@id":"https:\/\/www.rassegnastampa-totustuus.it\/cattolica\/islam-eppur-si-muove\/#primaryimage","url":"https:\/\/www.rassegnastampa-totustuus.it\/cattolica\/wp-content\/uploads\/2011\/03\/primavera-araba.jpg","contentUrl":"https:\/\/www.rassegnastampa-totustuus.it\/cattolica\/wp-content\/uploads\/2011\/03\/primavera-araba.jpg","width":299,"height":168},{"@type":"BreadcrumbList","@id":"https:\/\/www.rassegnastampa-totustuus.it\/cattolica\/islam-eppur-si-muove\/#breadcrumb","itemListElement":[{"@type":"ListItem","position":1,"name":"Home","item":"https:\/\/www.rassegnastampa-totustuus.it\/cattolica\/"},{"@type":"ListItem","position":2,"name":"Islam, eppur si muove"}]},{"@type":"WebSite","@id":"https:\/\/www.rassegnastampa-totustuus.it\/cattolica\/#website","url":"https:\/\/www.rassegnastampa-totustuus.it\/cattolica\/","name":"Rassegna Stampa Cattolica","description":"Per una cultura che nasce dalla Rivelazione cristiana in conformit\u00e0 alla tradizione e al Magistero della Chiesa in opposizione ad ogni relativismo e totalitarismo","publisher":{"@id":"https:\/\/www.rassegnastampa-totustuus.it\/cattolica\/#organization"},"alternateName":"Rass. Cattolica","potentialAction":[{"@type":"SearchAction","target":{"@type":"EntryPoint","urlTemplate":"https:\/\/www.rassegnastampa-totustuus.it\/cattolica\/?s={search_term_string}"},"query-input":{"@type":"PropertyValueSpecification","valueRequired":true,"valueName":"search_term_string"}}],"inLanguage":"it-IT"},{"@type":"Organization","@id":"https:\/\/www.rassegnastampa-totustuus.it\/cattolica\/#organization","name":"Rassegna Stampa Cattolica","url":"https:\/\/www.rassegnastampa-totustuus.it\/cattolica\/","logo":{"@type":"ImageObject","inLanguage":"it-IT","@id":"https:\/\/www.rassegnastampa-totustuus.it\/cattolica\/#\/schema\/logo\/image\/","url":"https:\/\/www.rassegnastampa-totustuus.it\/cattolica\/wp-content\/uploads\/2014\/04\/logo-rassegna1.gif","contentUrl":"https:\/\/www.rassegnastampa-totustuus.it\/cattolica\/wp-content\/uploads\/2014\/04\/logo-rassegna1.gif","width":600,"height":163,"caption":"Rassegna Stampa Cattolica"},"image":{"@id":"https:\/\/www.rassegnastampa-totustuus.it\/cattolica\/#\/schema\/logo\/image\/"},"sameAs":["https:\/\/www.facebook.com\/rassegnastampacattolica","https:\/\/x.com\/rassegnastampa9"]},{"@type":"Person","@id":"https:\/\/www.rassegnastampa-totustuus.it\/cattolica\/#\/schema\/person\/08f319d2bd1a0904ad9e2bfb7b15e5c3","name":"Redazione","image":{"@type":"ImageObject","inLanguage":"it-IT","@id":"https:\/\/secure.gravatar.com\/avatar\/2fcdf27c78ea025fbdb44e914cc63c72249ffec9dc8aafd5c82b26240ef3f346?s=96&d=mm&r=g","url":"https:\/\/secure.gravatar.com\/avatar\/2fcdf27c78ea025fbdb44e914cc63c72249ffec9dc8aafd5c82b26240ef3f346?s=96&d=mm&r=g","contentUrl":"https:\/\/secure.gravatar.com\/avatar\/2fcdf27c78ea025fbdb44e914cc63c72249ffec9dc8aafd5c82b26240ef3f346?s=96&d=mm&r=g","caption":"Redazione"},"url":"https:\/\/www.rassegnastampa-totustuus.it\/cattolica\/author\/pietroelle\/"}]}},"_links":{"self":[{"href":"https:\/\/www.rassegnastampa-totustuus.it\/cattolica\/wp-json\/wp\/v2\/posts\/4481","targetHints":{"allow":["GET"]}}],"collection":[{"href":"https:\/\/www.rassegnastampa-totustuus.it\/cattolica\/wp-json\/wp\/v2\/posts"}],"about":[{"href":"https:\/\/www.rassegnastampa-totustuus.it\/cattolica\/wp-json\/wp\/v2\/types\/post"}],"author":[{"embeddable":true,"href":"https:\/\/www.rassegnastampa-totustuus.it\/cattolica\/wp-json\/wp\/v2\/users\/6"}],"replies":[{"embeddable":true,"href":"https:\/\/www.rassegnastampa-totustuus.it\/cattolica\/wp-json\/wp\/v2\/comments?post=4481"}],"version-history":[{"count":4,"href":"https:\/\/www.rassegnastampa-totustuus.it\/cattolica\/wp-json\/wp\/v2\/posts\/4481\/revisions"}],"predecessor-version":[{"id":30300,"href":"https:\/\/www.rassegnastampa-totustuus.it\/cattolica\/wp-json\/wp\/v2\/posts\/4481\/revisions\/30300"}],"wp:featuredmedia":[{"embeddable":true,"href":"https:\/\/www.rassegnastampa-totustuus.it\/cattolica\/wp-json\/wp\/v2\/media\/30299"}],"wp:attachment":[{"href":"https:\/\/www.rassegnastampa-totustuus.it\/cattolica\/wp-json\/wp\/v2\/media?parent=4481"}],"wp:term":[{"taxonomy":"category","embeddable":true,"href":"https:\/\/www.rassegnastampa-totustuus.it\/cattolica\/wp-json\/wp\/v2\/categories?post=4481"},{"taxonomy":"post_tag","embeddable":true,"href":"https:\/\/www.rassegnastampa-totustuus.it\/cattolica\/wp-json\/wp\/v2\/tags?post=4481"}],"curies":[{"name":"wp","href":"https:\/\/api.w.org\/{rel}","templated":true}]}}