{"id":4475,"date":"2011-03-23T09:51:34","date_gmt":"2011-03-23T08:51:34","guid":{"rendered":""},"modified":"2015-03-31T15:57:18","modified_gmt":"2015-03-31T13:57:18","slug":"disastro-di-chernobyl-soltanto-56-morti-a-causa-delle-radiazioni","status":"publish","type":"post","link":"https:\/\/www.rassegnastampa-totustuus.it\/cattolica\/disastro-di-chernobyl-soltanto-56-morti-a-causa-delle-radiazioni\/","title":{"rendered":"Disastro di Chernobyl &laquo;Soltanto 56 morti a causa delle radiazioni&raquo;"},"content":{"rendered":"<div style=\"text-align: center;\"><strong><a href=\"https:\/\/www.rassegnastampa-totustuus.it\/cattolica\/wp-content\/uploads\/2011\/03\/Chernobil.jpg\"><img loading=\"lazy\" decoding=\"async\" class=\"alignleft wp-image-22348\" src=\"https:\/\/www.rassegnastampa-totustuus.it\/cattolica\/wp-content\/uploads\/2011\/03\/Chernobil.jpg\" alt=\"Chernobil\" width=\"250\" height=\"168\" \/><\/a>Corriere della Sera<\/strong> 6 settembre 2005<\/div>\n<p style=\"text-align: center;\"><em>\u00a0Rapporto delle Nazioni Unite<\/em><\/p>\n<p style=\"text-align: justify;\">\u00c8 stato il pi\u00f9 grave incidente atomico mai avvenuto sulla Terra: l&#8217; esplosione della centrale nucleare sovietica di Chernobyl, in Ucraina, il 26 aprile 1986. A vent&#8217; anni di distanza il bilancio reale di quell&#8217; incidente, in termini umani e ambientali, sembra inferiore alle previsioni. Lo rivela un sorprendente studio dell&#8217; Onu pubblicato ieri a Vienna.<\/p>\n<p style=\"text-align: justify;\"><!--more--><\/p>\n<p style=\"text-align: justify;\">Il rapporto \u00e8 stato preparato da un gruppo di oltre cento scienziati di tutto il mondo, compresi esperti di otto agenzie delle Nazioni Unite, in vista del convegno su Chernobyl che si terr\u00e0 oggi e domani, a Vienna, con la partecipazione di esperti e rappresentanti dei governi di Ucraina, Bielorussia e Russia, che sono gli Stati pi\u00f9 vicini al luogo della catastrofe.<\/p>\n<p style=\"text-align: justify;\">Un dato per tutti: lo studio in 600 pagine sull&#8217; \u00aberedit\u00e0 di Cernobyl\u00bb calcola che sar\u00e0 di quattromila (e non decine di migliaia come stimato nell&#8217; 86) la cifra finale dei morti legati al caso Chernobyl. Di questi, per\u00f2, soltanto 56 sono \u00abdirettamente attribuibili\u00bb alle radiazioni: quasi tutti operai che quel giorno lavoravano all&#8217; impianto.<\/p>\n<p style=\"text-align: center;\">________________<\/p>\n<p style=\"text-align: center;\"><strong>L&#8217;Occidentale<\/strong> 17 Settembre 2007<\/p>\n<p style=\"text-align: center;\"><strong>L&#8217;Italia ha bisogno del nucleare\u00a0 <\/strong><strong>ma deve sconfiggere l&#8217;effetto &#8220;Chernobyl&#8221;<\/strong><\/p>\n<p style=\"text-align: center;\">di <strong>Dario Giardi<\/strong><\/p>\n<p style=\"text-align: justify;\">Si avvicina l\u2019inverno e come ogni anno il nucleare torna prepotentemente nell\u2019agenda e nei discorsi di molti esponenti politici. In una lettera pubblicata sul Corriere della sera, \u00e8 lo stesso leader Udc Pier Ferdinando Casini, a ribadire che riconsiderare l&#8217;opportunit\u00e0 di rilanciare anche da noi il nucleare non e&#8217; una provocazione culturale ma piuttosto una seria opzione di politica industriale ed energetica del Paese.<\/p>\n<p style=\"text-align: justify;\">Ma che per l\u2019Italia la reintroduzione del nucleare \u00e8 una scelta obbligata da diversi punti di vista, \u00e8 ormai chiaro a tutti. Il nucleare \u00e8 indispensabile se vogliamo ridurre la nostra dipendenza da risorse energetiche quali petrolio e gas e se di conseguenza vogliamo sottrarci al potere di ricatto che i paesi produttori esercitano in tutti i campi nei nostri confronti. Inoltre, ci troviamo di fronte a un paradosso: quello d\u2019importare energia elettrica generata da reattori nucleari che si trovano alle porte di casa nostra, in paesi come Francia e Slovenia. Il 15-18% dell\u2019energia elettrica che importiamo dalla Francia deriva da combustibile nucleare.<\/p>\n<p style=\"text-align: justify;\">A questo punto, in un\u2019ottica di autonomia energetica, non sarebbe pi\u00f9 ragionevole che anche l\u2019Italia si dotasse di reattori nucleari? C\u2019\u00e8 poi il problema dei costi. La richiesta di energia \u00e8 in costante crescita e nel lungo periodo la bolletta energetica si far\u00e0 sempre pi\u00f9 insostenibile per i consumatori, dai cittadini alle imprese, che devono pagarla.<\/p>\n<p style=\"text-align: justify;\">La reintroduzione del nucleare avrebbe l\u2019effetto di alleggerirne il peso a vantaggio di tutti. Il costo dell\u2019energia elettrica generata da reattori nucleari \u00e8 di gran lunga inferiore a quella prodotta da altre fonti. Basti pensare che il costo dell\u2019energia elettrica prodotta dai reattori nucleari francesi \u00e8 pi\u00f9 basso dell\u2019energia elettrica prodotta in Italia da altre fonti. In particolare, il ricorso alle fonti rinnovabili comporta costi elevatissimi, per di pi\u00f9 ingiustificati in rapporto alla loro reale capacit\u00e0 di generare energia.<\/p>\n<p style=\"text-align: justify;\">Se \u00e8 cos\u00ec, cosa impedisce all\u2019Italia di reintrodurre il nucleare? Tecnicamente parlando, non esistono elementi ostativi. In ogni momento \u00e8 possibile comprare un reattore e predisporne l\u2019installazione sul nostro territorio. Il problema semmai \u00e8 di natura culturale. In Italia, certa propaganda, a partire da una percezione erronea ed esasperata del disastro di Chernobyl, ha diffuso nell\u2019opinione pubblica la fobia della tecnologia, con il risultato che oggi la semplice parola nucleare viene associata a quanto di peggio possa esistere.<\/p>\n<p style=\"text-align: justify;\">In un recente rapporto stilato dal \u201cChernobyl Forum\u201d (che comprende agenzie dell\u2019 Onu ed in particolare l\u2019 Agenzia internazionale per l\u2019energia atomica e l\u2019Organizzazione Mondiale della Sanit\u00e0) emerge come dopo 19 anni dalla tragedia solo 56 morti si potrebbero attribuire direttamente a quelle radiazioni.<\/p>\n<p style=\"text-align: justify;\">Il documento continua dicendo che la tragedia di Chernobyl sarebbe la tragedia pi\u00f9 gonfiata della storia e che le cifre di centinaia di soccorritori contaminati, migliaia di bambini malformati e milioni di persone a rischio sarebbero tutte ingigantite. La realt\u00e0 sarebbe un\u2019altra: le cifre sarebbero state falsificate per attirare compassione e finanziamenti. A leggere questo rapporto si rimane quantomeno sconcertati e spiazzati.<\/p>\n<p style=\"text-align: justify;\">Gli effetti di quell\u2019incidente sono stati esaminati &#8211; a 10, 15 e 20 anni di distanza \u2013 anche dall\u2019Unscear (Comitato scientifico dell\u2019Onu sugli effetti delle radiazioni atomiche) i cui rapporti rappresentano il lavoro di oltre 100 scienziati appartenenti a 20 nazioni diverse. Ogni rapporto conferma i risultati del precedente: il numero totale di decessi attribuibili all\u2019incidente di Chernobyl non \u00e8 stato le decine o centinaia di migliaia di cui si \u00e8 favoleggiato, ma \u00e8 inferiore a 60.<\/p>\n<p style=\"text-align: justify;\">Pi\u00f9 precisamente, 3 lavoratori morirono sotto le macerie dell\u2019esplosione, e dei 237 tra lavoratori nella centrale e soccorritori cui fu diagnosticata la sindrome acuta da radiazioni (poi confermata a 134 di essi), 28 morirono entro pochi mesi. Dei rimanenti, ulteriori 19 sono morti tra il 1987 e il 2004 \u00abper varie cause\u00bb (uno di costoro, ad esempio, mor\u00ec in incidente d\u2019auto). Gli altri sono ancora vivi.<\/p>\n<p style=\"text-align: justify;\">Meno di 60, appunto, e non le migliaia che molti organi d\u2019informazione (si fa per dire) e responsabili politici hanno asserito (e continuano indisturbati ad asserire). Costoro, piuttosto, sono i veri responsabili del pi\u00f9 grave danno sanitario riscontrato dallo studio dell\u2019Unscear secondo cui le conseguenze psicologiche subite dagli abitanti le zone vicine all\u2019incidente sono state simili a quelle dei sopravvissuti alle bombe atomiche.<\/p>\n<p style=\"text-align: justify;\">La cattiva informazione e la propaganda terroristica \u00abetichettarono quelle popolazioni come \u201cvittime di Chernobyl\u201d attribuendo loro il ruolo di invalidi, e incoraggiandoli a percepire s\u00e9 stessi come disperati, deboli e senza prospettiva di alcun futuro; ed \u00e8 noto che se una situazione \u00e8 percepita come reale, essa diventa reale nelle sue conseguenze.<\/p>\n<p style=\"text-align: justify;\">Naturalmente, tutti credono che sia la pi\u00f9 pericolosa, perch\u00e9 cos\u00ec \u00e8 stato fatto credere da chi ha avuto l\u2019interesse, tutto politico, a demonizzarla. Altri diranno che i rapporti delle Nazioni Unite non fanno altro che difendere gli interessi delle grosse potenze occidentali nucleariste. A questo punto per\u00f2 bisognerebbe mettersi d\u2019accordo circa la corretta interpretazione e legittimazione dei rapporti ONU. Non si capisce, infatti, perch\u00e9 se l\u2019ONU denuncia i cambiamenti climatici e la fame nel mondo diventa la fonte pi\u00f9 autorevole esistente e quando analizza gli effetti del nucleare e le sue prospettive diviene strumento guidato dagli interessi del capitalismo mondiale. O \u00e8 vero tutto o tutto \u00e8 in discussione.<\/p>\n<p style=\"text-align: justify;\">Ma volendo rimanere alla fobia del nucleare, \u00e8 facile dimostrare come questa non trovi giustificazione nella pericolosit\u00e0 che questa fonte di energia porta con s\u00e9. Il nucleare, infatti, non \u00e8 la sola fonte di incidenti gravi: tutti ricordano Chernobyl, ma anche altre fonti hanno fatto (e tuttora fanno) molte vittime (dirette e indirette). Per il carbone ci sono 6-7mila morti l&#8217;anno (soprattutto derivanti dal lavoro in miniera).<\/p>\n<p style=\"text-align: justify;\">Il gas naturale: 1984, Messico a San Juanito esplosero diversi serbatoi di gas uccidendo 550 persone e ferendone 7mila. 300 mila persone furono evacuate. E milioni di metri cubi di gas e di chiss\u00e0 quali altri materiali pesanti (metalli, plastiche, vernici, solventi&#8230;) sono stati immessi nell&#8217;atmosfera.<\/p>\n<p style=\"text-align: justify;\">Il petrolio: oltre le innumerevoli petroliere che perdono petrolio e inquinano il mare esistono anche innumerevoli disastri dimenticati: 1998, Warri Nigeria la perdita di un oleodotto provoc\u00f2 la morte di pi\u00f9 di 500 persone; o Seul 1994, dove in seguito all&#8217;esplosione di diversi serbatoi di carburante morirono altre 500 persone; o Durunkha Egitto dove in seguito all&#8217;esplosione di un pozzo di petrolio morirono pi\u00f9 di 600 persone&#8230; e ce ne sono molti altri. Idroelettrico: 1963 Vajont, con quasi 2000 morti. Ma in nessuno di questi disastri ci si \u00e8 per\u00f2 curato di controllare le sostanze cancerogene immesse nell&#8217;atmosfera n\u00e8 di calcolare le possibili vittime a lungo termine.<\/p>\n<p style=\"text-align: justify;\">Quella per la reintroduzione del nucleare \u00e8 dunque una battaglia culturale. Esattamente. \u00c8 necessario creare un clima sociale di consapevolezza e accettazione che renda possibile l\u2019installazione d\u2019impianti per la produzione di energia nucleare in territorio italiano. Ed \u00e8 cosa tutt\u2019altro che facile. Le resistenze sono molte.<\/p>\n<p style=\"text-align: justify;\">Va poi considerato che nelle societ\u00e0 industriali avanzate la popolazione \u00e8 solitamente refrattaria alle decisioni di carattere impositivo. Costruire una centrale nucleare senza il consenso della cittadinanza \u00e8 impensabile, perci\u00f2 \u00e8 necessaria un\u2019opera di re-informazione dell\u2019opinione pubblica in modo da renderla consapevole dei suoi stessi bisogni energetici e da creare quel clima sociale di consapevolezza e accettazione che \u00e8 patrimonio comune di tutti i paesi industrializzati tranne il nostro.<\/p>\n","protected":false},"excerpt":{"rendered":"<p>Corriere della Sera 6 settembre 2005 \u00a0Rapporto delle Nazioni Unite \u00c8 stato il pi\u00f9 grave incidente atomico mai avvenuto sulla Terra: l&#8217; esplosione della centrale nucleare sovietica di Chernobyl, in Ucraina, il 26 aprile 1986. A vent&#8217; anni di distanza il bilancio reale di quell&#8217; incidente, in termini umani e ambientali, sembra inferiore alle previsioni. &hellip; <\/p>\n<p><a class=\"more-link btn\" href=\"https:\/\/www.rassegnastampa-totustuus.it\/cattolica\/disastro-di-chernobyl-soltanto-56-morti-a-causa-delle-radiazioni\/\">Continua a leggere<\/a><\/p>\n","protected":false},"author":6,"featured_media":22348,"comment_status":"closed","ping_status":"open","sticky":false,"template":"","format":"standard","meta":{"footnotes":""},"categories":[3],"tags":[1932,1124],"class_list":["post-4475","post","type-post","status-publish","format-standard","has-post-thumbnail","hentry","category-ambientalismo","tag-chernobyl","tag-nucleare","item-wrap"],"yoast_head":"<!-- This site is optimized with the Yoast SEO plugin v27.5 - https:\/\/yoast.com\/product\/yoast-seo-wordpress\/ -->\n<title>Disastro di Chernobyl &laquo;Soltanto 56 morti a causa delle radiazioni&raquo; - Rassegna Stampa Cattolica<\/title>\n<meta name=\"description\" content=\"Rassegna Stampa Cattolica - Per una cultura che nasce dalla Rivelazione cristiana in conformit\u00e0 alla tradizione e al Magistero della Chiesa in opposizione ad ogni relativismo e totalitarismo\" \/>\n<meta name=\"robots\" content=\"index, follow, max-snippet:-1, max-image-preview:large, max-video-preview:-1\" \/>\n<link rel=\"canonical\" href=\"https:\/\/www.rassegnastampa-totustuus.it\/cattolica\/disastro-di-chernobyl-soltanto-56-morti-a-causa-delle-radiazioni\/\" \/>\n<meta property=\"og:locale\" content=\"it_IT\" \/>\n<meta property=\"og:type\" content=\"article\" \/>\n<meta property=\"og:title\" content=\"Disastro di Chernobyl &laquo;Soltanto 56 morti a causa delle radiazioni&raquo; - Rassegna Stampa Cattolica\" \/>\n<meta property=\"og:description\" content=\"Rassegna Stampa Cattolica - Per una cultura che nasce dalla Rivelazione cristiana in conformit\u00e0 alla tradizione e al Magistero della Chiesa in opposizione ad ogni relativismo e totalitarismo\" \/>\n<meta property=\"og:url\" content=\"https:\/\/www.rassegnastampa-totustuus.it\/cattolica\/disastro-di-chernobyl-soltanto-56-morti-a-causa-delle-radiazioni\/\" \/>\n<meta property=\"og:site_name\" content=\"Rassegna Stampa Cattolica\" \/>\n<meta property=\"article:publisher\" content=\"https:\/\/www.facebook.com\/rassegnastampacattolica\" \/>\n<meta property=\"article:published_time\" content=\"2011-03-23T08:51:34+00:00\" \/>\n<meta property=\"article:modified_time\" content=\"2015-03-31T13:57:18+00:00\" \/>\n<meta property=\"og:image\" content=\"https:\/\/www.rassegnastampa-totustuus.it\/cattolica\/wp-content\/uploads\/2011\/03\/Chernobil.jpg\" \/>\n\t<meta property=\"og:image:width\" content=\"274\" \/>\n\t<meta property=\"og:image:height\" content=\"184\" \/>\n\t<meta property=\"og:image:type\" content=\"image\/jpeg\" \/>\n<meta name=\"author\" content=\"Redazione\" \/>\n<meta name=\"twitter:card\" content=\"summary_large_image\" \/>\n<meta name=\"twitter:creator\" content=\"@rassegnastampa9\" \/>\n<meta name=\"twitter:site\" content=\"@rassegnastampa9\" \/>\n<meta name=\"twitter:label1\" content=\"Scritto da\" \/>\n\t<meta name=\"twitter:data1\" content=\"Redazione\" \/>\n\t<meta name=\"twitter:label2\" content=\"Tempo di lettura stimato\" \/>\n\t<meta name=\"twitter:data2\" content=\"7 minuti\" \/>\n<script type=\"application\/ld+json\" class=\"yoast-schema-graph\">{\"@context\":\"https:\\\/\\\/schema.org\",\"@graph\":[{\"@type\":\"Article\",\"@id\":\"https:\\\/\\\/www.rassegnastampa-totustuus.it\\\/cattolica\\\/disastro-di-chernobyl-soltanto-56-morti-a-causa-delle-radiazioni\\\/#article\",\"isPartOf\":{\"@id\":\"https:\\\/\\\/www.rassegnastampa-totustuus.it\\\/cattolica\\\/disastro-di-chernobyl-soltanto-56-morti-a-causa-delle-radiazioni\\\/\"},\"author\":{\"name\":\"Redazione\",\"@id\":\"https:\\\/\\\/www.rassegnastampa-totustuus.it\\\/cattolica\\\/#\\\/schema\\\/person\\\/08f319d2bd1a0904ad9e2bfb7b15e5c3\"},\"headline\":\"Disastro di Chernobyl &laquo;Soltanto 56 morti a causa delle radiazioni&raquo;\",\"datePublished\":\"2011-03-23T08:51:34+00:00\",\"dateModified\":\"2015-03-31T13:57:18+00:00\",\"mainEntityOfPage\":{\"@id\":\"https:\\\/\\\/www.rassegnastampa-totustuus.it\\\/cattolica\\\/disastro-di-chernobyl-soltanto-56-morti-a-causa-delle-radiazioni\\\/\"},\"wordCount\":1377,\"publisher\":{\"@id\":\"https:\\\/\\\/www.rassegnastampa-totustuus.it\\\/cattolica\\\/#organization\"},\"image\":{\"@id\":\"https:\\\/\\\/www.rassegnastampa-totustuus.it\\\/cattolica\\\/disastro-di-chernobyl-soltanto-56-morti-a-causa-delle-radiazioni\\\/#primaryimage\"},\"thumbnailUrl\":\"https:\\\/\\\/www.rassegnastampa-totustuus.it\\\/cattolica\\\/wp-content\\\/uploads\\\/2011\\\/03\\\/Chernobil.jpg\",\"keywords\":[\"Chernobyl\",\"nucleare\"],\"articleSection\":[\"Ambientalismo\"],\"inLanguage\":\"it-IT\"},{\"@type\":\"WebPage\",\"@id\":\"https:\\\/\\\/www.rassegnastampa-totustuus.it\\\/cattolica\\\/disastro-di-chernobyl-soltanto-56-morti-a-causa-delle-radiazioni\\\/\",\"url\":\"https:\\\/\\\/www.rassegnastampa-totustuus.it\\\/cattolica\\\/disastro-di-chernobyl-soltanto-56-morti-a-causa-delle-radiazioni\\\/\",\"name\":\"Disastro di Chernobyl &laquo;Soltanto 56 morti a causa delle radiazioni&raquo; - Rassegna Stampa Cattolica\",\"isPartOf\":{\"@id\":\"https:\\\/\\\/www.rassegnastampa-totustuus.it\\\/cattolica\\\/#website\"},\"primaryImageOfPage\":{\"@id\":\"https:\\\/\\\/www.rassegnastampa-totustuus.it\\\/cattolica\\\/disastro-di-chernobyl-soltanto-56-morti-a-causa-delle-radiazioni\\\/#primaryimage\"},\"image\":{\"@id\":\"https:\\\/\\\/www.rassegnastampa-totustuus.it\\\/cattolica\\\/disastro-di-chernobyl-soltanto-56-morti-a-causa-delle-radiazioni\\\/#primaryimage\"},\"thumbnailUrl\":\"https:\\\/\\\/www.rassegnastampa-totustuus.it\\\/cattolica\\\/wp-content\\\/uploads\\\/2011\\\/03\\\/Chernobil.jpg\",\"datePublished\":\"2011-03-23T08:51:34+00:00\",\"dateModified\":\"2015-03-31T13:57:18+00:00\",\"description\":\"Rassegna Stampa Cattolica - Per una cultura che nasce dalla Rivelazione cristiana in conformit\u00e0 alla tradizione e al Magistero della Chiesa in opposizione ad ogni relativismo e totalitarismo\",\"breadcrumb\":{\"@id\":\"https:\\\/\\\/www.rassegnastampa-totustuus.it\\\/cattolica\\\/disastro-di-chernobyl-soltanto-56-morti-a-causa-delle-radiazioni\\\/#breadcrumb\"},\"inLanguage\":\"it-IT\",\"potentialAction\":[{\"@type\":\"ReadAction\",\"target\":[\"https:\\\/\\\/www.rassegnastampa-totustuus.it\\\/cattolica\\\/disastro-di-chernobyl-soltanto-56-morti-a-causa-delle-radiazioni\\\/\"]}]},{\"@type\":\"ImageObject\",\"inLanguage\":\"it-IT\",\"@id\":\"https:\\\/\\\/www.rassegnastampa-totustuus.it\\\/cattolica\\\/disastro-di-chernobyl-soltanto-56-morti-a-causa-delle-radiazioni\\\/#primaryimage\",\"url\":\"https:\\\/\\\/www.rassegnastampa-totustuus.it\\\/cattolica\\\/wp-content\\\/uploads\\\/2011\\\/03\\\/Chernobil.jpg\",\"contentUrl\":\"https:\\\/\\\/www.rassegnastampa-totustuus.it\\\/cattolica\\\/wp-content\\\/uploads\\\/2011\\\/03\\\/Chernobil.jpg\",\"width\":274,\"height\":184},{\"@type\":\"BreadcrumbList\",\"@id\":\"https:\\\/\\\/www.rassegnastampa-totustuus.it\\\/cattolica\\\/disastro-di-chernobyl-soltanto-56-morti-a-causa-delle-radiazioni\\\/#breadcrumb\",\"itemListElement\":[{\"@type\":\"ListItem\",\"position\":1,\"name\":\"Home\",\"item\":\"https:\\\/\\\/www.rassegnastampa-totustuus.it\\\/cattolica\\\/\"},{\"@type\":\"ListItem\",\"position\":2,\"name\":\"Disastro di Chernobyl &laquo;Soltanto 56 morti a causa delle radiazioni&raquo;\"}]},{\"@type\":\"WebSite\",\"@id\":\"https:\\\/\\\/www.rassegnastampa-totustuus.it\\\/cattolica\\\/#website\",\"url\":\"https:\\\/\\\/www.rassegnastampa-totustuus.it\\\/cattolica\\\/\",\"name\":\"Rassegna Stampa Cattolica\",\"description\":\"Per una cultura che nasce dalla Rivelazione cristiana in conformit\u00e0 alla tradizione e al Magistero della Chiesa in opposizione ad ogni relativismo e totalitarismo\",\"publisher\":{\"@id\":\"https:\\\/\\\/www.rassegnastampa-totustuus.it\\\/cattolica\\\/#organization\"},\"alternateName\":\"Rass. Cattolica\",\"potentialAction\":[{\"@type\":\"SearchAction\",\"target\":{\"@type\":\"EntryPoint\",\"urlTemplate\":\"https:\\\/\\\/www.rassegnastampa-totustuus.it\\\/cattolica\\\/?s={search_term_string}\"},\"query-input\":{\"@type\":\"PropertyValueSpecification\",\"valueRequired\":true,\"valueName\":\"search_term_string\"}}],\"inLanguage\":\"it-IT\"},{\"@type\":\"Organization\",\"@id\":\"https:\\\/\\\/www.rassegnastampa-totustuus.it\\\/cattolica\\\/#organization\",\"name\":\"Rassegna Stampa Cattolica\",\"url\":\"https:\\\/\\\/www.rassegnastampa-totustuus.it\\\/cattolica\\\/\",\"logo\":{\"@type\":\"ImageObject\",\"inLanguage\":\"it-IT\",\"@id\":\"https:\\\/\\\/www.rassegnastampa-totustuus.it\\\/cattolica\\\/#\\\/schema\\\/logo\\\/image\\\/\",\"url\":\"https:\\\/\\\/www.rassegnastampa-totustuus.it\\\/cattolica\\\/wp-content\\\/uploads\\\/2014\\\/04\\\/logo-rassegna1.gif\",\"contentUrl\":\"https:\\\/\\\/www.rassegnastampa-totustuus.it\\\/cattolica\\\/wp-content\\\/uploads\\\/2014\\\/04\\\/logo-rassegna1.gif\",\"width\":600,\"height\":163,\"caption\":\"Rassegna Stampa Cattolica\"},\"image\":{\"@id\":\"https:\\\/\\\/www.rassegnastampa-totustuus.it\\\/cattolica\\\/#\\\/schema\\\/logo\\\/image\\\/\"},\"sameAs\":[\"https:\\\/\\\/www.facebook.com\\\/rassegnastampacattolica\",\"https:\\\/\\\/x.com\\\/rassegnastampa9\"]},{\"@type\":\"Person\",\"@id\":\"https:\\\/\\\/www.rassegnastampa-totustuus.it\\\/cattolica\\\/#\\\/schema\\\/person\\\/08f319d2bd1a0904ad9e2bfb7b15e5c3\",\"name\":\"Redazione\",\"image\":{\"@type\":\"ImageObject\",\"inLanguage\":\"it-IT\",\"@id\":\"https:\\\/\\\/secure.gravatar.com\\\/avatar\\\/2fcdf27c78ea025fbdb44e914cc63c72249ffec9dc8aafd5c82b26240ef3f346?s=96&d=mm&r=g\",\"url\":\"https:\\\/\\\/secure.gravatar.com\\\/avatar\\\/2fcdf27c78ea025fbdb44e914cc63c72249ffec9dc8aafd5c82b26240ef3f346?s=96&d=mm&r=g\",\"contentUrl\":\"https:\\\/\\\/secure.gravatar.com\\\/avatar\\\/2fcdf27c78ea025fbdb44e914cc63c72249ffec9dc8aafd5c82b26240ef3f346?s=96&d=mm&r=g\",\"caption\":\"Redazione\"},\"url\":\"https:\\\/\\\/www.rassegnastampa-totustuus.it\\\/cattolica\\\/author\\\/pietroelle\\\/\"}]}<\/script>\n<!-- \/ Yoast SEO plugin. -->","yoast_head_json":{"title":"Disastro di Chernobyl &laquo;Soltanto 56 morti a causa delle radiazioni&raquo; - Rassegna Stampa Cattolica","description":"Rassegna Stampa Cattolica - Per una cultura che nasce dalla Rivelazione cristiana in conformit\u00e0 alla tradizione e al Magistero della Chiesa in opposizione ad ogni relativismo e totalitarismo","robots":{"index":"index","follow":"follow","max-snippet":"max-snippet:-1","max-image-preview":"max-image-preview:large","max-video-preview":"max-video-preview:-1"},"canonical":"https:\/\/www.rassegnastampa-totustuus.it\/cattolica\/disastro-di-chernobyl-soltanto-56-morti-a-causa-delle-radiazioni\/","og_locale":"it_IT","og_type":"article","og_title":"Disastro di Chernobyl &laquo;Soltanto 56 morti a causa delle radiazioni&raquo; - Rassegna Stampa Cattolica","og_description":"Rassegna Stampa Cattolica - Per una cultura che nasce dalla Rivelazione cristiana in conformit\u00e0 alla tradizione e al Magistero della Chiesa in opposizione ad ogni relativismo e totalitarismo","og_url":"https:\/\/www.rassegnastampa-totustuus.it\/cattolica\/disastro-di-chernobyl-soltanto-56-morti-a-causa-delle-radiazioni\/","og_site_name":"Rassegna Stampa Cattolica","article_publisher":"https:\/\/www.facebook.com\/rassegnastampacattolica","article_published_time":"2011-03-23T08:51:34+00:00","article_modified_time":"2015-03-31T13:57:18+00:00","og_image":[{"width":274,"height":184,"url":"https:\/\/www.rassegnastampa-totustuus.it\/cattolica\/wp-content\/uploads\/2011\/03\/Chernobil.jpg","type":"image\/jpeg"}],"author":"Redazione","twitter_card":"summary_large_image","twitter_creator":"@rassegnastampa9","twitter_site":"@rassegnastampa9","twitter_misc":{"Scritto da":"Redazione","Tempo di lettura stimato":"7 minuti"},"schema":{"@context":"https:\/\/schema.org","@graph":[{"@type":"Article","@id":"https:\/\/www.rassegnastampa-totustuus.it\/cattolica\/disastro-di-chernobyl-soltanto-56-morti-a-causa-delle-radiazioni\/#article","isPartOf":{"@id":"https:\/\/www.rassegnastampa-totustuus.it\/cattolica\/disastro-di-chernobyl-soltanto-56-morti-a-causa-delle-radiazioni\/"},"author":{"name":"Redazione","@id":"https:\/\/www.rassegnastampa-totustuus.it\/cattolica\/#\/schema\/person\/08f319d2bd1a0904ad9e2bfb7b15e5c3"},"headline":"Disastro di Chernobyl &laquo;Soltanto 56 morti a causa delle radiazioni&raquo;","datePublished":"2011-03-23T08:51:34+00:00","dateModified":"2015-03-31T13:57:18+00:00","mainEntityOfPage":{"@id":"https:\/\/www.rassegnastampa-totustuus.it\/cattolica\/disastro-di-chernobyl-soltanto-56-morti-a-causa-delle-radiazioni\/"},"wordCount":1377,"publisher":{"@id":"https:\/\/www.rassegnastampa-totustuus.it\/cattolica\/#organization"},"image":{"@id":"https:\/\/www.rassegnastampa-totustuus.it\/cattolica\/disastro-di-chernobyl-soltanto-56-morti-a-causa-delle-radiazioni\/#primaryimage"},"thumbnailUrl":"https:\/\/www.rassegnastampa-totustuus.it\/cattolica\/wp-content\/uploads\/2011\/03\/Chernobil.jpg","keywords":["Chernobyl","nucleare"],"articleSection":["Ambientalismo"],"inLanguage":"it-IT"},{"@type":"WebPage","@id":"https:\/\/www.rassegnastampa-totustuus.it\/cattolica\/disastro-di-chernobyl-soltanto-56-morti-a-causa-delle-radiazioni\/","url":"https:\/\/www.rassegnastampa-totustuus.it\/cattolica\/disastro-di-chernobyl-soltanto-56-morti-a-causa-delle-radiazioni\/","name":"Disastro di Chernobyl &laquo;Soltanto 56 morti a causa delle radiazioni&raquo; - Rassegna Stampa Cattolica","isPartOf":{"@id":"https:\/\/www.rassegnastampa-totustuus.it\/cattolica\/#website"},"primaryImageOfPage":{"@id":"https:\/\/www.rassegnastampa-totustuus.it\/cattolica\/disastro-di-chernobyl-soltanto-56-morti-a-causa-delle-radiazioni\/#primaryimage"},"image":{"@id":"https:\/\/www.rassegnastampa-totustuus.it\/cattolica\/disastro-di-chernobyl-soltanto-56-morti-a-causa-delle-radiazioni\/#primaryimage"},"thumbnailUrl":"https:\/\/www.rassegnastampa-totustuus.it\/cattolica\/wp-content\/uploads\/2011\/03\/Chernobil.jpg","datePublished":"2011-03-23T08:51:34+00:00","dateModified":"2015-03-31T13:57:18+00:00","description":"Rassegna Stampa Cattolica - Per una cultura che nasce dalla Rivelazione cristiana in conformit\u00e0 alla tradizione e al Magistero della Chiesa in opposizione ad ogni relativismo e totalitarismo","breadcrumb":{"@id":"https:\/\/www.rassegnastampa-totustuus.it\/cattolica\/disastro-di-chernobyl-soltanto-56-morti-a-causa-delle-radiazioni\/#breadcrumb"},"inLanguage":"it-IT","potentialAction":[{"@type":"ReadAction","target":["https:\/\/www.rassegnastampa-totustuus.it\/cattolica\/disastro-di-chernobyl-soltanto-56-morti-a-causa-delle-radiazioni\/"]}]},{"@type":"ImageObject","inLanguage":"it-IT","@id":"https:\/\/www.rassegnastampa-totustuus.it\/cattolica\/disastro-di-chernobyl-soltanto-56-morti-a-causa-delle-radiazioni\/#primaryimage","url":"https:\/\/www.rassegnastampa-totustuus.it\/cattolica\/wp-content\/uploads\/2011\/03\/Chernobil.jpg","contentUrl":"https:\/\/www.rassegnastampa-totustuus.it\/cattolica\/wp-content\/uploads\/2011\/03\/Chernobil.jpg","width":274,"height":184},{"@type":"BreadcrumbList","@id":"https:\/\/www.rassegnastampa-totustuus.it\/cattolica\/disastro-di-chernobyl-soltanto-56-morti-a-causa-delle-radiazioni\/#breadcrumb","itemListElement":[{"@type":"ListItem","position":1,"name":"Home","item":"https:\/\/www.rassegnastampa-totustuus.it\/cattolica\/"},{"@type":"ListItem","position":2,"name":"Disastro di Chernobyl &laquo;Soltanto 56 morti a causa delle radiazioni&raquo;"}]},{"@type":"WebSite","@id":"https:\/\/www.rassegnastampa-totustuus.it\/cattolica\/#website","url":"https:\/\/www.rassegnastampa-totustuus.it\/cattolica\/","name":"Rassegna Stampa Cattolica","description":"Per una cultura che nasce dalla Rivelazione cristiana in conformit\u00e0 alla tradizione e al Magistero della Chiesa in opposizione ad ogni relativismo e totalitarismo","publisher":{"@id":"https:\/\/www.rassegnastampa-totustuus.it\/cattolica\/#organization"},"alternateName":"Rass. Cattolica","potentialAction":[{"@type":"SearchAction","target":{"@type":"EntryPoint","urlTemplate":"https:\/\/www.rassegnastampa-totustuus.it\/cattolica\/?s={search_term_string}"},"query-input":{"@type":"PropertyValueSpecification","valueRequired":true,"valueName":"search_term_string"}}],"inLanguage":"it-IT"},{"@type":"Organization","@id":"https:\/\/www.rassegnastampa-totustuus.it\/cattolica\/#organization","name":"Rassegna Stampa Cattolica","url":"https:\/\/www.rassegnastampa-totustuus.it\/cattolica\/","logo":{"@type":"ImageObject","inLanguage":"it-IT","@id":"https:\/\/www.rassegnastampa-totustuus.it\/cattolica\/#\/schema\/logo\/image\/","url":"https:\/\/www.rassegnastampa-totustuus.it\/cattolica\/wp-content\/uploads\/2014\/04\/logo-rassegna1.gif","contentUrl":"https:\/\/www.rassegnastampa-totustuus.it\/cattolica\/wp-content\/uploads\/2014\/04\/logo-rassegna1.gif","width":600,"height":163,"caption":"Rassegna Stampa Cattolica"},"image":{"@id":"https:\/\/www.rassegnastampa-totustuus.it\/cattolica\/#\/schema\/logo\/image\/"},"sameAs":["https:\/\/www.facebook.com\/rassegnastampacattolica","https:\/\/x.com\/rassegnastampa9"]},{"@type":"Person","@id":"https:\/\/www.rassegnastampa-totustuus.it\/cattolica\/#\/schema\/person\/08f319d2bd1a0904ad9e2bfb7b15e5c3","name":"Redazione","image":{"@type":"ImageObject","inLanguage":"it-IT","@id":"https:\/\/secure.gravatar.com\/avatar\/2fcdf27c78ea025fbdb44e914cc63c72249ffec9dc8aafd5c82b26240ef3f346?s=96&d=mm&r=g","url":"https:\/\/secure.gravatar.com\/avatar\/2fcdf27c78ea025fbdb44e914cc63c72249ffec9dc8aafd5c82b26240ef3f346?s=96&d=mm&r=g","contentUrl":"https:\/\/secure.gravatar.com\/avatar\/2fcdf27c78ea025fbdb44e914cc63c72249ffec9dc8aafd5c82b26240ef3f346?s=96&d=mm&r=g","caption":"Redazione"},"url":"https:\/\/www.rassegnastampa-totustuus.it\/cattolica\/author\/pietroelle\/"}]}},"_links":{"self":[{"href":"https:\/\/www.rassegnastampa-totustuus.it\/cattolica\/wp-json\/wp\/v2\/posts\/4475","targetHints":{"allow":["GET"]}}],"collection":[{"href":"https:\/\/www.rassegnastampa-totustuus.it\/cattolica\/wp-json\/wp\/v2\/posts"}],"about":[{"href":"https:\/\/www.rassegnastampa-totustuus.it\/cattolica\/wp-json\/wp\/v2\/types\/post"}],"author":[{"embeddable":true,"href":"https:\/\/www.rassegnastampa-totustuus.it\/cattolica\/wp-json\/wp\/v2\/users\/6"}],"replies":[{"embeddable":true,"href":"https:\/\/www.rassegnastampa-totustuus.it\/cattolica\/wp-json\/wp\/v2\/comments?post=4475"}],"version-history":[{"count":3,"href":"https:\/\/www.rassegnastampa-totustuus.it\/cattolica\/wp-json\/wp\/v2\/posts\/4475\/revisions"}],"predecessor-version":[{"id":22349,"href":"https:\/\/www.rassegnastampa-totustuus.it\/cattolica\/wp-json\/wp\/v2\/posts\/4475\/revisions\/22349"}],"wp:featuredmedia":[{"embeddable":true,"href":"https:\/\/www.rassegnastampa-totustuus.it\/cattolica\/wp-json\/wp\/v2\/media\/22348"}],"wp:attachment":[{"href":"https:\/\/www.rassegnastampa-totustuus.it\/cattolica\/wp-json\/wp\/v2\/media?parent=4475"}],"wp:term":[{"taxonomy":"category","embeddable":true,"href":"https:\/\/www.rassegnastampa-totustuus.it\/cattolica\/wp-json\/wp\/v2\/categories?post=4475"},{"taxonomy":"post_tag","embeddable":true,"href":"https:\/\/www.rassegnastampa-totustuus.it\/cattolica\/wp-json\/wp\/v2\/tags?post=4475"}],"curies":[{"name":"wp","href":"https:\/\/api.w.org\/{rel}","templated":true}]}}