{"id":44743,"date":"2019-10-24T00:00:54","date_gmt":"2019-10-23T22:00:54","guid":{"rendered":"http:\/\/www.rassegnastampa-totustuus.it\/cattolica\/?p=44743"},"modified":"2019-10-16T17:26:13","modified_gmt":"2019-10-16T15:26:13","slug":"ineguaglianze-giuste-e-necessarie","status":"publish","type":"post","link":"https:\/\/www.rassegnastampa-totustuus.it\/cattolica\/ineguaglianze-giuste-e-necessarie\/","title":{"rendered":"Ineguaglianze giuste e necessarie"},"content":{"rendered":"<p style=\"text-align: center;\"><strong>Tradizione Famiglia Propriet\u00e0<\/strong> n. 83 Ottobre 2019<\/p>\n<p style=\"text-align: center;\">(Testo tratto da varie conferenze di Plinio Corr\u00eaa de Oliveira. Traduzione di Diego Zoia)<\/p>\n<p><a href=\"https:\/\/www.rassegnastampa-totustuus.it\/cattolica\/wp-content\/uploads\/2019\/10\/diseguaglianze.jpg\"><img loading=\"lazy\" decoding=\"async\" class=\"size-full wp-image-44747 aligncenter\" src=\"https:\/\/www.rassegnastampa-totustuus.it\/cattolica\/wp-content\/uploads\/2019\/10\/diseguaglianze.jpg\" alt=\"\" width=\"275\" height=\"183\" \/><\/a><\/p>\n<p style=\"text-align: justify;\"><em>Un richiamo a una verit\u00e0 dimenticata: l&#8217;ideale cattolico di una societ\u00e0 fraterna, perch\u00e9 armoniosamente gerarchica<\/em><\/p>\n<p style=\"text-align: center;\">di <strong>Plinio Corr<\/strong><strong>\u00ea<\/strong><strong>a de Oliveira<\/strong><\/p>\n<p><!--more--><\/p>\n<p style=\"text-align: center;\"><strong>1. UN MOVIMENTO LENTO E CONTINUO VERSO L&#8217;UGUAGLIANZA SOCIALE <\/strong><\/p>\n<p style=\"text-align: justify;\">Non v&#8217;\u00e8, per cos\u00ec dire, alcuna trasformazione che non produca, che non favorisca, direttamente o no, l&#8217;incamminarsi della societ\u00e0 verso uno stato di cose completamente egalitario.<\/p>\n<p style=\"text-align: justify;\">Ciascuno di noi \u00e8 testimone di molteplici accadimenti, fra loro non connessi, che apportano piccole modifiche nella vita quotidiana, ogni volta in senso sempre pi\u00f9 egalitario.<\/p>\n<p style=\"text-align: justify;\">Cos\u00ec \u00e8, ad esempio, nelle relazioni fra professori e allievi. Non molto tempo fa, il rispetto dovuto all&#8217;insegnante si manifestava in diversi modi: ci si alzava in piedi quando entravano in classe; nessuno avrebbe tenuto in testa un cappello in sua presenza, n\u00e9 si sarebbe permesso di rivolgersi a lui grossolanamente.<\/p>\n<div id=\"attachment_44755\" style=\"width: 262px\" class=\"wp-caption alignleft\"><a href=\"https:\/\/www.rassegnastampa-totustuus.it\/cattolica\/wp-content\/uploads\/2019\/10\/scuola_giovani_protesta.jpg\"><img loading=\"lazy\" decoding=\"async\" aria-describedby=\"caption-attachment-44755\" class=\"wp-image-44755 \" src=\"https:\/\/www.rassegnastampa-totustuus.it\/cattolica\/wp-content\/uploads\/2019\/10\/scuola_giovani_protesta.jpg\" alt=\"\" width=\"262\" height=\"174\" \/><\/a><p id=\"caption-attachment-44755\" class=\"wp-caption-text\">Un liceo nel 1950 e oggi<\/p><\/div>\n<p style=\"text-align: justify;\"><a href=\"https:\/\/www.rassegnastampa-totustuus.it\/cattolica\/wp-content\/uploads\/2019\/10\/scuola_giovani.jpg\"><img loading=\"lazy\" decoding=\"async\" class=\"size-full wp-image-44754 alignleft\" src=\"https:\/\/www.rassegnastampa-totustuus.it\/cattolica\/wp-content\/uploads\/2019\/10\/scuola_giovani.jpg\" alt=\"\" width=\"266\" height=\"190\" \/><\/a>L&#8217;ineguaglianza fra professore e allievi \u00e8 un&#8217;ineguaglianza giusta e necessaria, che cominci\u00f2 a sminuire dopo il maggio del 1968. Poco alla volta, l&#8217;autorit\u00e0 del maestro and\u00f2 scomparendo, cercando d&#8217;essere per i pi\u00f9 nient&#8217;altro che un simpatico compagnone, allo stesso livello degli altri; e l&#8217;allievo, per la maggior parte del tempo, non ricerca che il proprio divertimento. Tuttavia tali cambiamenti si son realizzati gradualmente, e i pi\u00f9 non si son resi conto che l&#8217;insegnamento ha subito un radicale mutamento. Lo stesso si pu\u00f2 affermare delle regole di cortesia e del savoir-vivre.<\/p>\n<p style=\"text-align: justify;\">S\u00ec, un giovane deve alzarsi, sui mezzi pubblici, e cedere il posto a una persona pi\u00f9 anziana, nello stesso modo in cui un uomo cede il passo a una signora, o le apre una porta. Tali segni d&#8217;educazione, che giorno dopo giorno divengono sempre pi\u00f9 rari, attestano in tal modo delle ineguaglianze, giuste e necessarie. Ma come l&#8217;abbandono dei modi cortesi avviene poco a poco, cos\u00ec questo moto \u00e8 impalpabile; e ce ne si accorger\u00e0, con sorpresa, quando si sar\u00e0 giunti a certi estremi.<\/p>\n<p style=\"text-align: justify;\"><a href=\"https:\/\/www.rassegnastampa-totustuus.it\/cattolica\/wp-content\/uploads\/2019\/10\/moda_uomo_gonna.jpg\"><img loading=\"lazy\" decoding=\"async\" class=\" wp-image-44756 alignright\" src=\"https:\/\/www.rassegnastampa-totustuus.it\/cattolica\/wp-content\/uploads\/2019\/10\/moda_uomo_gonna.jpg\" alt=\"\" width=\"168\" height=\"252\" \/><\/a>Orbene, \u00e8 in ogni aspetto dell&#8217;esistenza che s&#8217;introducono tali cambiamenti, sempre con l&#8217;intento di livellare e d&#8217;abolire utili segni di preminenza o di superiorit\u00e0.<\/p>\n<p style=\"text-align: justify;\">L&#8217;assommarsi di tali mutamenti forma una rivoluzione, che tuttavia procede per lo pi\u00f9 inavvertitamente, poich\u00e9 per ciascuna di queste piccole trasformazioni si riesce a trovare una puntuale giustificazione. Questa rivoluzione egalitaria non esplode come una bomba: \u00e8 invece impalpabile, quasi fosse un anestetico sprigionato nell&#8217;aria.<\/p>\n<p style=\"text-align: justify;\"><a href=\"https:\/\/www.rassegnastampa-totustuus.it\/cattolica\/wp-content\/uploads\/2019\/10\/moda_donna.jpg\"><img loading=\"lazy\" decoding=\"async\" class=\"size-full wp-image-44757 alignleft\" src=\"https:\/\/www.rassegnastampa-totustuus.it\/cattolica\/wp-content\/uploads\/2019\/10\/moda_donna.jpg\" alt=\"\" width=\"194\" height=\"259\" \/><\/a>Come si potr\u00e0 osservare, l&#8217;egalitarismo s&#8217;insinua in ambiti come gli aspetti esteriori dell&#8217;esistenza, come il modo di comportarsi in societ\u00e0, o ancora nel campo dell&#8217;economia, della politica, della religione, delle relazioni internazionali, della cultura, e addirittura nel rapporto stesso fra gli uomini e Dio: al punto che, senza dubbio, l&#8217;aspetto pi\u00f9 notevole della nostra epoca sembra essere l&#8217;esito d&#8217;una vasta rivoluzione, che orienta a proprio vantaggio il corso degli eventi in un lungo processo (talvolta graduale e sottile, talvolta dichiarato e brutale) con la pretesa d&#8217;instaurare nel mondo l&#8217;eguaglianza totale.<\/p>\n<p style=\"text-align: justify;\">Quest&#8217;immenso movimento, che \u00e8 in marcia da molti secoli, genera un potente flusso che avanza senza fermarsi, alternando mulinelli lenti e profondi, sbalzi bruschi e rapidi e passaggi di calma apparente<\/p>\n<p style=\"text-align: left;\"><strong>Qualche esempio dell&#8217;avanzata\u00a0 <\/strong><strong>del movimento egalitario universale <\/strong><\/p>\n<p style=\"text-align: justify;\">Negli aspetti esteriori dell&#8217;esistenza, si nota la tendenza a sfumare la naturale differenza fra i sessi. I modelli maschi che sfilano nelle passarelle della moda sono sempre pi\u00f9 spesso androgini, giungendo all&#8217;estremo punto che un uomo alquanto effeminato presenti collezioni d&#8217;abiti da sposa. Contemporaneamente, si assiste sia alla svalutazione, sia alla devianza che all&#8217;inversione dell&#8217;immagine della virilit\u00e0.<\/p>\n<p style=\"text-align: justify;\">Quanto alle donne, \u00e8 da quasi un secolo che han tagliato i loro capelli \u00aballa maschietto\u00bb, incamminandosi su di un percorso che le ha condotte, al giorno d&#8217;oggi, ad abbigliarsi quasi fossero uomini, nel nome di una falsa \u00abliberazione\u00bb, rinunciando cos\u00ec a eleganza, charme e alla delicatezza femminile. Ed \u00e8 proclamando il loro erroneo concetto di uguaglianza che i gruppi di pressione ideologica, facendo proselitismo dell&#8217;omosessualit\u00e0, cercano da svariati anni d&#8217;imporre il riconoscimento sociale delle loro pratiche.<\/p>\n<p style=\"text-align: justify;\"><a href=\"https:\/\/www.rassegnastampa-totustuus.it\/cattolica\/wp-content\/uploads\/2019\/10\/auto.jpg\"><img loading=\"lazy\" decoding=\"async\" class=\"size-full wp-image-44758 alignleft\" src=\"https:\/\/www.rassegnastampa-totustuus.it\/cattolica\/wp-content\/uploads\/2019\/10\/auto.jpg\" alt=\"\" width=\"259\" height=\"194\" \/><\/a>Per altro, la differenza fra le et\u00e0, lungi dall&#8217;essere riaffermata, viene il pi\u00f9 possibile ridotta. L&#8217;ideale di padre alla moda \u00e8 quello d&#8217;essere \u00abil miglior amico\u00bb dei suoi figli. Dei nonni alla moda, poi, non esiteranno affatto a vestirsi come degli adolescenti, e a comportarsi con la stessa spontaneit\u00e0 dei loro immaturi nipoti.<\/p>\n<p style=\"text-align: justify;\">Nel frattempo, negli aspetti esteriori dell&#8217;esistenza, si pu\u00f2 constatare come le automobili si assomiglino tutte, confondendosi in una banale monocromia. Le costruzioni moderne, in ogni dove, sono pressoch\u00e9 identiche: non v&#8217;\u00e8 nulla di pi\u00f9 tristemente somigliante di una sfilza d&#8217;immobili di una periferia di qualsiasi citt\u00e0 in qualsiasi contrada del mondo. I grattacieli di uffici, perfino quelli pi\u00f9 stravaganti, non consentono affatto di distinguere se ci si trova a Parigi, a Boston, a Shangai o a Buenos Aires; tutte le zone commerciali moderne si assomigliano, e non solo in tutte le regioni di un solo paese, ma a tutte le latitudini, contrariamente ai negozi tradizionali dei centro citt\u00e0.<\/p>\n<p style=\"text-align: justify;\"><a href=\"https:\/\/www.rassegnastampa-totustuus.it\/cattolica\/wp-content\/uploads\/2019\/10\/citt\u00e0.jpg\"><img loading=\"lazy\" decoding=\"async\" class=\"size-full wp-image-44759 alignright\" src=\"https:\/\/www.rassegnastampa-totustuus.it\/cattolica\/wp-content\/uploads\/2019\/10\/citt\u00e0.jpg\" alt=\"\" width=\"275\" height=\"183\" \/><\/a>Nei comportamenti sociali gli esempi dell&#8217;avanzata del movimento egalitario universale sono innumerevoli. La crescente perdita della cortesia, dei bei modi, sostituiti da una spontaneit\u00e0 volgare e aggressiva, lascia giustamente inquieti. Nell&#8217;educazione scolastica, l&#8217;eliminazione delle distinzioni e dei segni di rispetto fra discente e docente, concorrono nel formare generazioni d&#8217;ignoranti; si aggiunga a ci\u00f2 l&#8217;esagerata esaltazione dello sport e delle prodezze fisiche, e il progressivo disprezzo per le attivit\u00e0 connesse a riflessione e intelletto.<\/p>\n<p style=\"text-align: justify;\">Cos\u00ec la naturale gerarchia della superiorit\u00e0 del lavoro intellettuale su quello meccanico scompare per il superamento della distinzione fra l&#8217;uno e l&#8217;altro. E gi\u00e0 basta evocare tale gerarchia, fino a ieri ancora del tutto evidente, per far drizzare le orecchie a molti.<\/p>\n<p style=\"text-align: justify;\"><a href=\"https:\/\/www.rassegnastampa-totustuus.it\/cattolica\/wp-content\/uploads\/2017\/05\/Famiglia_patriarcale.jpg\"><img loading=\"lazy\" decoding=\"async\" class=\"size-full wp-image-37770 alignleft\" src=\"https:\/\/www.rassegnastampa-totustuus.it\/cattolica\/wp-content\/uploads\/2017\/05\/Famiglia_patriarcale.jpg\" alt=\"\" width=\"275\" height=\"183\" \/><\/a>Non \u00e8 nemmeno trascorso un secolo dacch\u00e9 la societ\u00e0 si caratterizzava con l&#8217;essere un insieme di famiglie armoniosamente diversificate: oggi, la norma \u00e8 l&#8217;individualismo. Mai tanti essere umani hanno abitato tutti soli: al posto d&#8217;una gerarchia di famiglie articolata in gruppi sociali cos\u00ec da formare un quadro variopinto e armonioso, v&#8217;\u00e8 un grigio affollamento d&#8217;individui indifferenziati, l&#8217;uno accanto all&#8217;altro come i granelli di sabbia su una spiaggia, con l&#8217;unica aspirazione d&#8217;essere rigorosamente identici ai loro vicini e di confondersi nella massa amorfa.<\/p>\n<p style=\"text-align: justify;\">Di pi\u00f9: il movimento egalitario tende alla soppressione delle differenti classi sociali. Contadini, artigiani, operai, impiegati, domestici, funzionari, militari, persone modeste, media e alta borghesia, nobili e aristocrazia ereditaria, tutto deve essere passato al frullatore: in particolare, si \u00e8 perseguita l&#8217;abolizione sistematica di qualsivoglia influenza aristocratica e nobiliare nella vita della societ\u00e0 e &#8211; pi\u00f9 in generale &#8211; nello stile che questa classe dettava a cultura e costumi.<\/p>\n<p style=\"text-align: justify;\"><a href=\"https:\/\/www.rassegnastampa-totustuus.it\/cattolica\/wp-content\/uploads\/2014\/03\/tasse.jpg\"><img loading=\"lazy\" decoding=\"async\" class=\"size-full wp-image-6876 alignright\" src=\"https:\/\/www.rassegnastampa-totustuus.it\/cattolica\/wp-content\/uploads\/2014\/03\/tasse.jpg\" alt=\"\" width=\"232\" height=\"217\" \/><\/a>In campo economico, si avanza passo dopo passo verso l&#8217;idea comunista per cui la propriet\u00e0 \u00e8 un furto. Per questo, occorrer\u00e0 \u00abpunire\u00bb i ricchi; non si dovranno guadagnare \u00abtroppi\u00bb soldi. Chi possiede un patrimonio, non dovr\u00e0 metterlo pi\u00f9 in mostra, e sar\u00e0 malvisto chi ha dei domestici. Anche le automobili di lusso dovranno sempre pi\u00f9 assomigliare a veicoli pi\u00f9 modesti. Si dovr\u00e0 rinunciare a ricercare l&#8217;eccellenza anche negli oggetti che ci circondano; parimenti, anche l&#8217;alta gastronomia dovr\u00e0 indirizzarsi a uno stile affatto minimale e a un aspetto irriconoscibile.<\/p>\n<p style=\"text-align: justify;\">Molti trovano normale che la maggior parte del reddito privato debba essere confiscato dallo Stato per essere dunque mal gestito \u00abper la collettivit\u00e0\u00bb.<\/p>\n<p style=\"text-align: justify;\">Eredit\u00e0 per lasciti testamentari, che sono il modo di trasmettere, all\u2019interno di una famiglia non solamente un patrimonio materiale, ma vieppi\u00f9 una storia, un\u2019identit\u00e0, una personalit\u00e0 propria \u2013 in una parola, una tradizione senza cui andrebbe a perdersi la civilt\u00e0 \u2013 soprattutto, negli aspetti pi\u00f9 consistenti e significativi, sono divorati da uno Stato insaziabile. Malauguratamente, un gran numero di cattolici si \u00e8 lasciato intossicare da codesta ideologia egalitaria contraria alla propriet\u00e0.<\/p>\n<p style=\"text-align: justify;\"><a href=\"https:\/\/www.rassegnastampa-totustuus.it\/cattolica\/wp-content\/uploads\/2019\/10\/renzi_Pd.jpg\"><img loading=\"lazy\" decoding=\"async\" class=\"size-full wp-image-44762 alignleft\" src=\"https:\/\/www.rassegnastampa-totustuus.it\/cattolica\/wp-content\/uploads\/2019\/10\/renzi_Pd.jpg\" alt=\"\" width=\"273\" height=\"184\" \/><\/a>In campo politico, si smorza sempre pi\u00f9 la naturale distinzione tra governanti r governati. La maniacale ossessione di coloro che oggi occupano le pi\u00f9 importanti cariche di sembrare \u00abnormali\u00bb, e il comportarsi sempre come se fossero dei volgari zotici, non ha corrispondenza alcuna\u00a0 se non con la rabbiosa volont\u00e0 dei sudditi, volta sistematicamente a sminuirli dalle loro funzioni. Tutto il contrario della disposizione di spirito anticamente espressa dall&#8217;aforisma \u00ab<em>noblesse oblige<\/em>\u00bb.<\/p>\n<div id=\"attachment_44761\" style=\"width: 275px\" class=\"wp-caption alignright\"><a href=\"https:\/\/www.rassegnastampa-totustuus.it\/cattolica\/wp-content\/uploads\/2019\/10\/vescovi_svizzera_chiesa.jpg\"><img loading=\"lazy\" decoding=\"async\" aria-describedby=\"caption-attachment-44761\" class=\"wp-image-44761 size-full\" src=\"https:\/\/www.rassegnastampa-totustuus.it\/cattolica\/wp-content\/uploads\/2019\/10\/vescovi_svizzera_chiesa.jpg\" alt=\"\" width=\"275\" height=\"183\" \/><\/a><p id=\"caption-attachment-44761\" class=\"wp-caption-text\">vescovi svizzeri nel 2018<\/p><\/div>\n<p style=\"text-align: justify;\">Nemmeno sfugge al progressivo cambiamento egalitarista la sfera religiosa. La distinzione e la gerarchia, essenziale tra clero e fedeli, vengono sconfessate. I preti si vestono come dei civili, e i laici &#8211; prime fra tutti, le donne &#8211; s&#8217;arrogano il servizio all&#8217;Altare. La pompa, i paramenti sacri, l&#8217;architettura e l&#8217;arte raffinata vengono rifiutati e rimpiazzati da qualcosa che rasenta la miseria nei tessuti, nella grossolanit\u00e0, nelle forme spoglie fino a certe statue orripilanti. Il Primato Pontificio e la potest\u00e0 petrina sono contestati; le distinzioni gerarchiche interne al clero vengono rarefatte. Considerare su un medesimo livello tutte le religioni diventa obbligatorio, e la Chiesa cattolica non deve pi\u00f9 presentarsi come l&#8217;unica vera religione: sarebbe antipatico.<\/p>\n<p style=\"text-align: justify;\"><a href=\"https:\/\/www.rassegnastampa-totustuus.it\/cattolica\/wp-content\/uploads\/2019\/10\/uniformi_soldati.jpg\"><img loading=\"lazy\" decoding=\"async\" class=\"size-full wp-image-44763 alignleft\" src=\"https:\/\/www.rassegnastampa-totustuus.it\/cattolica\/wp-content\/uploads\/2019\/10\/uniformi_soldati.jpg\" alt=\"\" width=\"265\" height=\"190\" \/><\/a>Parallelamente, si potr\u00e0 convenire come in tutto il mondo le uniformi degli uomini d&#8217;arme e d&#8217;ordine vanno mutando unicamente verso la funzionalit\u00e0 &#8211; quasi fossero tute da lavoro &#8211; col relativo abbandono degli ornamenti e del taglio che conferivano prestigio alle loro persone: il primo accessorio che dava una nota d&#8217;autorit\u00e0, il copricapo, dalle sue tradizionali e caratteristiche fogge \u00e8 spesso tralasciato per calzare qualcosa che \u00e8 in tutto e per tutto un berretto da spiaggia. L&#8217;uniforme \u00e8 un evidente testimonianza di una ineguaglianza giusta e necessaria che il movimento egalitarista vuol dissolvere.<\/p>\n<p style=\"text-align: justify;\">A livello internazionale, si vagheggia di fondere in uno i popoli e gli stati, cos\u00ec da far scomparire le legittime caratteristiche e le differenze d&#8217;ogni nazione, con lo scopo di annientarne a poco a poco la sovranit\u00e0. E quanto mai opportuno rimarcare che la sovranit\u00e0 \u00e8, secondo il Diritto pubblico, immagine della propriet\u00e0. La marcia forzata verso l&#8217;integrazione europea \u00e8 un triste esempio di cotal movimento che tende all&#8217;egalitarismo mondiale.<\/p>\n<p style=\"text-align: justify;\"><a href=\"https:\/\/www.rassegnastampa-totustuus.it\/cattolica\/wp-content\/uploads\/2019\/10\/corpo_diplomatico.jpg\"><img loading=\"lazy\" decoding=\"async\" class=\"size-full wp-image-44764 alignright\" src=\"https:\/\/www.rassegnastampa-totustuus.it\/cattolica\/wp-content\/uploads\/2019\/10\/corpo_diplomatico.jpg\" alt=\"\" width=\"262\" height=\"193\" \/><\/a>In tal senso, una constatazione che potr\u00e0 anche apparire aneddotica, senza pur esserlo, \u00e8 il decadimento del ruolo degli ambasciatori nelle relazioni internazionali, in concomitanza col declino delle sovranit\u00e0. L&#8217;ambasciatore, uomo di palazzo e di rappresentanza, fine conoscitore delle mentalit\u00e0 del paese ove si trova, e di rapporti di forze politiche talvolta complesse, vede oggigiorno la sua nobile carica ridotta a una mera comparsa ornamentale: a sua volta, nel pensiero comune, l&#8217;attach\u00e9 commerciale o il capo dei servizi segreti rivestono maggior importanza.<\/p>\n<p style=\"text-align: justify;\">Nel mondo della cultura, poi, gli esempi di questa avanzata del movimento egalitario sono i pi\u00f9 numerosi, e tutti hanno come comun denominatore l&#8217;obiettivo dell&#8217;abolizione della differenza fra il bello e il brutto nelle opere e produzioni artistiche.<\/p>\n<p style=\"text-align: left;\"><strong>Egalitarismo e odio verso Dio <\/strong><\/p>\n<p style=\"text-align: justify;\"><a href=\"https:\/\/www.rassegnastampa-totustuus.it\/cattolica\/wp-content\/uploads\/2014\/07\/san-Tommaso-2.jpg\"><img loading=\"lazy\" decoding=\"async\" class=\" wp-image-9184 alignleft\" src=\"https:\/\/www.rassegnastampa-totustuus.it\/cattolica\/wp-content\/uploads\/2014\/07\/san-Tommaso-2.jpg\" alt=\"\" width=\"167\" height=\"218\" \/><\/a>Gli stessi rapporti fra gli uomini e Dio non sfuggono a tale cambiamento livellatore. La mentalit\u00e0 moderna \u00e8 infatti profondamente influenzata dal panteismo, dall&#8217;immanentismo e da tutte le forme esoteriche di religione che tendono a stabilire fra Dio e gli uomini rapporti d&#8217;uguaglianza, e a divinizzare l&#8217;umanit\u00e0.<\/p>\n<p style=\"text-align: justify;\">L&#8217;ateo \u00e8 un egalitarista che vuol evitare l&#8217;assurda affermazione per cui l&#8217;uomo \u00e8 Dio, e che ammette perci\u00f2 un&#8217;altra assurdit\u00e0, ossia l&#8217;inesistenza di Dio.<\/p>\n<p style=\"text-align: justify;\">Il laicismo \u00e8 a sua volta una forma d&#8217;ateismo, e conseguentemente, di egalitarismo: proclamando che nell&#8217;impossibilit\u00e0 di certificare l&#8217;esistenza di Dio, l&#8217;uomo deve agire &#8211; in ambito temporale &#8211; come se Dio non esistesse, ovvero come se Dio fosse un monarca detronizzato.<\/p>\n<p style=\"text-align: justify;\">San Tommaso d&#8217;Aquino insegna che la diversit\u00e0 delle creature e la loro mirabile disposizione gerarchica sono in s\u00e9 un bene, perch\u00e9 in tal modo le perfezioni del Creatore potessero cos\u00ec risplendere al meglio nel Creato. L&#8217;Aquinate poi aggiunge come sia fra gli angeli, sia fra gli uomini, tanto nel Paradiso terrestre, come su questa terra d&#8217;esilio, la Provvidenza abbia istituito l&#8217;ineguaglianza: infatti, un universo di creature eguali eliminerebbe in ogni modo la somiglianza delle creature col loro Creatore.<\/p>\n<p style=\"text-align: justify;\"><a href=\"https:\/\/www.rassegnastampa-totustuus.it\/cattolica\/wp-content\/uploads\/2019\/10\/massa_eguaglianza.jpg\"><img loading=\"lazy\" decoding=\"async\" class=\"size-full wp-image-44765 alignright\" src=\"https:\/\/www.rassegnastampa-totustuus.it\/cattolica\/wp-content\/uploads\/2019\/10\/massa_eguaglianza.jpg\" alt=\"\" width=\"261\" height=\"193\" \/><\/a>L&#8217;odio ideologico per qualsivoglia specie di ineguaglianza conduce dunque a opporsi metafisicamente ai migliori elementi di somiglianza fra il Creatore e la creazione: \u00e8 odio verso Dio.<\/p>\n<p style=\"text-align: justify;\">Tutti questi esempi d&#8217;avanzata del movimento egalitario, in ogni campo e in ogni dove, possono indubbiamente suscitarne altri similari nella mente di ciascun lettore. Si potr\u00e0 disquisire se questa o codesta modifica possa trovare una sua giustificazione &#8211; ad esempio nella correzione di un abuso evidente, o se quell&#8217;altra possa essere un&#8217;accettabile novit\u00e0: ma non ci si stupir\u00e0 affatto se le soluzioni proposte ai moderni problemi siano tutte in senso egalitaristico. Un&#8217;uniformit\u00e0 che non \u00e8 affatto naturale; \u00e8 un modo per forzare la realt\u00e0 e dar corpo a un sogno. L&#8217;uguaglianza \u00e8 l&#8217;obiettivo cui tendono le aspirazioni delle masse, la mistica che dirige l&#8217;azione di quasi tutti gli uomini, l&#8217;idolo sotto il cui segno l&#8217;umanit\u00e0 spera di trovare la sua &#8220;epoca d&#8217;oro&#8221;.<\/p>\n<p style=\"text-align: justify;\"><strong>Il carattere religioso del movimento egalitario <\/strong><\/p>\n<p style=\"text-align: justify;\"><a href=\"https:\/\/www.rassegnastampa-totustuus.it\/cattolica\/wp-content\/uploads\/2019\/10\/libert\u00e8_egalit\u00e8_fraternit\u00e8.jpg\"><img loading=\"lazy\" decoding=\"async\" class=\"size-full wp-image-44766 alignleft\" src=\"https:\/\/www.rassegnastampa-totustuus.it\/cattolica\/wp-content\/uploads\/2019\/10\/libert\u00e8_egalit\u00e8_fraternit\u00e8.jpg\" alt=\"\" width=\"232\" height=\"217\" \/><\/a>Questo movimento, o piuttosto questa rivoluzione impercettibile, riveste uno spiccato carattere religioso, perch\u00e9 \u00e8 una mistica. L&#8217;uguaglianza, innalzata a valore metafisico supremo, pretende d&#8217;essere il principio direttivo cui tutti gli uomini debbono adeguarsi se vogliono raggiungere la perfezione. Un &#8220;ideale&#8221; che viene perseguito con un fervore religioso.<\/p>\n<p style=\"text-align: justify;\">Donde viene questo atteggiamento d&#8217;adorazione, dato che &#8211; propriamente parlando &#8211; non v&#8217;\u00e8 alcuna divinit\u00e0 da venerare e nessun culto da praticare? Promana, e trae la propria forza nella passione dell&#8217;orgoglio, che conduce chi vi ha ceduto ad amare, con tutta l&#8217;anima, l&#8217;egalitarismo. E poich\u00e9 l&#8217;orgoglioso \u00e8 il primo a pretendere d&#8217;essere superiore a chiunque, anche per ci\u00f2, quanto prima possibile brama soprattutto di non aver alcuno superiore a lui, a qualsiasi livello.<\/p>\n<p style=\"text-align: justify;\">L&#8217;egalitarismo \u00e8 dunque un misticismo religioso, e come tutti i misticismi, \u00e8 intollerante, e il vento che spira oggigiorno nel mondo, \u00e8 un vento d&#8217;intolleranza egalitaria: d&#8217;altronde, questa intolleranza \u00e8 uno degli elementi che ne comprovano il carattere religioso, tale che pu\u00f2 spingere sino alla persecuzione.<\/p>\n<p style=\"text-align: justify;\"><a href=\"https:\/\/www.rassegnastampa-totustuus.it\/cattolica\/wp-content\/uploads\/2014\/07\/creazione.jpg\"><img loading=\"lazy\" decoding=\"async\" class=\"size-full wp-image-8821 alignright\" src=\"https:\/\/www.rassegnastampa-totustuus.it\/cattolica\/wp-content\/uploads\/2014\/07\/creazione.jpg\" alt=\"\" width=\"269\" height=\"187\" \/><\/a>Dinnanzi a questa rivoluzione egalitaria universale, che intacca tutti gli ambiti della vita e della societ\u00e0, e che tuttavia assai spesso \u00e8 impalpabile, il cattolico si trova in una situazione diametralmente opposta e incompatibile con codesto movimento. Per comprendere nel migliore ed autentico modo il Magistero dei Papi circa le ineguaglianze giuste e necessarie, occorre dapprima comprendere il concetto cristiano di uguaglianza, basato sulla realt\u00e0 dell&#8217;umana natura, nonch\u00e9 i suoi limiti, e dunque in cosa si oppone al movimento egalitarista.<\/p>\n<p style=\"text-align: center;\"><strong>2. UN RICHIAMO A UNA VERITA&#8217; DIMENTICATA: L&#8217;IDEALE CATTOLICO DI UNA SOCIETA&#8217; FRATERNA, PERCHE&#8217; ARMONIOSAMENTE INEGALITARIA\u00a0<\/strong><\/p>\n<p style=\"text-align: justify;\">Vi sono due concetti di uguaglianza radicalmente opposti. La linea di demarcazione di questi due punti di vista fra loro antagonisti, divide la societ\u00e0 in due campi irriconciliabili.<\/p>\n<p style=\"text-align: justify;\">La prima ad affermarsi, nella storia dell&#8217;umanit\u00e0, fu la concezione cristiana: comparve con l&#8217;evangelizzazione, e mise in discussione la crudelt\u00e0 del mondo pagano. Grazie agli insegnamenti di Nostro Signore Ges\u00f9 Cristo, gli uomini hanno compreso di essere tutti figli di Dio, di esser tutti uguali per il fatto di appartenere al genere umano.<\/p>\n<p style=\"text-align: justify;\"><a href=\"https:\/\/www.rassegnastampa-totustuus.it\/cattolica\/wp-content\/uploads\/2010\/05\/aborto.jpg\"><img loading=\"lazy\" decoding=\"async\" class=\"size-full wp-image-27206 alignleft\" src=\"https:\/\/www.rassegnastampa-totustuus.it\/cattolica\/wp-content\/uploads\/2010\/05\/aborto.jpg\" alt=\"\" width=\"252\" height=\"200\" \/><\/a>In quest&#8217;ottica, tutti i diritti connessi alla natura umana sono identici per ciascuno, a cominciare dai principali e fondamentali: il diritto alla vita, alla dignit\u00e0 e all&#8217;onore, e dunque alla libert\u00e0; cos\u00ec come il diritto alla propriet\u00e0, ossia il diritto di possedere i frutti del proprio lavoro, conseguenza diretta della dignit\u00e0 e della libert\u00e0 della persona umana.<\/p>\n<p style=\"text-align: justify;\">Fino ad allora, il mondo pagano dell&#8217;antichit\u00e0 s&#8217;era rifiutato di riconoscere la fondamentale uguaglianza di tutti gli esseri umani: da qui la schiavit\u00f9, la condizione d&#8217;inferiorit\u00e0 della donna, il disprezzo della vita umana e tutte quelle manifestazioni d&#8217;ingiustizia e crudelt\u00e0 di un mondo barbaro e primitivo, che imbrigliavano il pieno affermarsi della persona.<\/p>\n<p style=\"text-align: justify;\">Per il cristianesimo, e per tutti coloro che si riferiscono alla sua concezione del mondo, non esiste affatto una sub-umanit\u00e0 che si possa privare dei diritti fondamentali, sicch\u00e9 il diritto alla vita \u00e8 lo stesso per tutti i membri del genere umano, qualunque sia la loro razza, et\u00e0 o condizione.<\/p>\n<p style=\"text-align: justify;\"><a href=\"https:\/\/www.rassegnastampa-totustuus.it\/cattolica\/wp-content\/uploads\/2009\/03\/scuola_maestro.jpg\"><img loading=\"lazy\" decoding=\"async\" class=\"size-full wp-image-34671 alignright\" src=\"https:\/\/www.rassegnastampa-totustuus.it\/cattolica\/wp-content\/uploads\/2009\/03\/scuola_maestro.jpg\" alt=\"\" width=\"290\" height=\"174\" \/><\/a>Per contro, questa concezione cristiana dell&#8217;uguaglianza riconosce invero che esistono delle ineguaglianze che sono giuste e necessarie. Non certo delle ineguaglianze essenziali, ossia connesse all&#8217;umana natura, quanto piuttosto e pi\u00f9 semplicemente delle ineguaglianze circostanziali. \u00c8 il caso del talento, della bellezza, della virt\u00f9, del sapere e anche della nascita o della ricchezza. Ad esempio, l&#8217;ineguaglianza che c&#8217;\u00e8 fra professore e alunno, \u00e8 una ineguaglianza giusta e necessaria.<\/p>\n<p style=\"text-align: justify;\">Come &#8211; ad esempio &#8211; l&#8217;ultimo nato in una grande famiglia non ricever\u00e0 pari trattamento del pi\u00f9 anziano membro della stessa, dal momento che ciascuno vi occupa gerarchicamente un posto, allo stesso modo, affinch\u00e9 la societ\u00e0 possa assicurare la piena affermazione di ciascuno, tutte le ineguaglianze giuste e necessarie dovranno essere riconosciute.<\/p>\n<p style=\"text-align: justify;\"><a href=\"https:\/\/www.rassegnastampa-totustuus.it\/cattolica\/wp-content\/uploads\/2005\/09\/medioevo.jpg\"><img loading=\"lazy\" decoding=\"async\" class=\"size-full wp-image-33005 alignleft\" src=\"https:\/\/www.rassegnastampa-totustuus.it\/cattolica\/wp-content\/uploads\/2005\/09\/medioevo.jpg\" alt=\"\" width=\"222\" height=\"227\" \/><\/a>Questo l&#8217;insegnamento della Chiesa cattolica, che afferma cos\u00ec una duplice realt\u00e0: gli esseri umani sono tutti uguali per quanto riguarda i diritti essenziali connessi e derivanti dall&#8217;umana natura stessa, ma contemporaneamente esistono delle ineguaglianze circostanziali che sono giuste e necessarie: a riguardo, si considereranno pi\u00f9 avanti numerose citazioni del Magistero Pontificio.<\/p>\n<p style=\"text-align: justify;\">Conseguentemente, nei secoli in cui la visione cattolica del mondo fu origine e modello di civilt\u00e0, l&#8217;et\u00e0, l&#8217;educazione, la cultura, le arti, i mestieri i beni e un&#8217;infinit\u00e0 di altre circostanze daranno tono ai rapporti in seno alla stessa societ\u00e0, segnandone leggi, costumi ed economia, conferendo a tutta la vita pubblica e privata quel senso di gerarchia, di rispetto, di solennit\u00e0. Era una delle caratteristiche pi\u00f9 rimarch\u00advoli della <em>societas Christiana.<\/em><\/p>\n<p style=\"text-align: justify;\"><a href=\"https:\/\/www.rassegnastampa-totustuus.it\/cattolica\/wp-content\/uploads\/2019\/10\/papa_sedia_gestatoria.jpg\"><img loading=\"lazy\" decoding=\"async\" class=\"size-medium wp-image-44767 alignright\" src=\"https:\/\/www.rassegnastampa-totustuus.it\/cattolica\/wp-content\/uploads\/2019\/10\/papa_sedia_gestatoria.jpg\" alt=\"\" width=\"279\" height=\"181\" \/><\/a>Senza dubbio, \u00e8 un&#8217;esagerazione affermare che oggigiorno questi costumi siano del tutto dimenticati; nondimeno, si dovr\u00e0 pur ammettere che molto di ci\u00f2 \u00e8 scomparso, e che il poco che resta va diminuendo e impallidendo di giorno in giorno.<\/p>\n<p style=\"text-align: justify;\">I cattolici hanno abbandonato, a poco a poco, la loro visione del mondo, che aveva forgiato un&#8217;autentica civilt\u00e0 cristiana, e si son lasciati travolgere &#8211; spesso inavvertitamente &#8211; da un processo egalitarista molto distante dal loro ideale di una societ\u00e0 veramente fraterna perch\u00e9 armoniosamente inegualitaria.<\/p>\n<p style=\"text-align: justify;\">Come si \u00e8 giunti all&#8217;odierna societ\u00e0, caratterizzata da una continua ribellione dell&#8217;inferiore contro il superiore, dal rifiuto di rendere il dovuto omaggio ai superiori, a cominciare da Dio, sino a una rivolta contro tutte le ineguaglianze pi\u00f9 razionali e pi\u00f9 necessarie?<\/p>\n<p style=\"text-align: justify;\">Tutto \u00e8 avvenuto mediante un lento processo, che trasformando gradualmente le espressioni della vita in societ\u00e0, ha imposto un secondo concetto di uguaglianza, opposto a quello cristiano.<\/p>\n<p style=\"text-align: justify;\"><strong>Il concetto materialista di uguaglianza nega la natura umana <\/strong><\/p>\n<p style=\"text-align: justify;\"><a href=\"https:\/\/www.rassegnastampa-totustuus.it\/cattolica\/wp-content\/uploads\/2005\/05\/lavoro_Urss.jpg\"><img loading=\"lazy\" decoding=\"async\" class=\" wp-image-32432 alignleft\" src=\"https:\/\/www.rassegnastampa-totustuus.it\/cattolica\/wp-content\/uploads\/2005\/05\/lavoro_Urss.jpg\" alt=\"\" width=\"167\" height=\"260\" \/><\/a>Il secondo concetto di uguaglianza \u00e8 l&#8217;esatto opposto del precedente. Questo stesso concetto, incivile e pericoloso, nega in profondit\u00e0 che esista una natura umana ben definita, da cui promanano dei diritti fon\u00addamentali per il semplice fatto di appartenervi.<\/p>\n<p style=\"text-align: justify;\">Tale concezione, rinnovando pienamente quella pagana antica, trova la sua piena affermazione nel materialismo evoluzionista marxista; il pensiero socialista ha dunque infettato vasti settori della popolazione, ambienti cattolici compresi.<\/p>\n<p style=\"text-align: justify;\">Negando la realt\u00e0 dell&#8217;umana natura, gli adepti di questa teoria si convinceranno che i diritti fondamentali non sono affatto uguali per tutti: ecco perch\u00e9 un bimbo nel grembo della madre non \u00e8 pi\u00f9 considerato una persona umana, al punto che non ha pi\u00f9 diritto alla vita (aborto); ecco perch\u00e9 malati, anziani o portatori di qualche handicap fisico o mentale non hanno, per loro, lo stesso diritto alla vita di giovani o sani di corpo e di mente (eutanasia).<\/p>\n<p style=\"text-align: justify;\">Negando la dignit\u00e0 della persona, nemmeno vedono alcun ostacolo alle manipolazioni dell&#8217;ingegneria genetica, tanto che ritengono possa avanzare fino a &#8220;creare&#8221; un nuovo essere umano.<\/p>\n<p style=\"text-align: justify;\"><a href=\"https:\/\/www.rassegnastampa-totustuus.it\/cattolica\/wp-content\/uploads\/2005\/07\/fisco.jpg\"><img loading=\"lazy\" decoding=\"async\" class=\"size-full wp-image-27722 alignright\" src=\"https:\/\/www.rassegnastampa-totustuus.it\/cattolica\/wp-content\/uploads\/2005\/07\/fisco.jpg\" alt=\"\" width=\"249\" height=\"202\" \/><\/a>Pronti ad accettare il libertinaggio, costoro rigettano l&#8217;autentica libert\u00e0 della persona, condannata a sua volta a una sorta di minorit\u00e0 perpetua, incapace di assumersi le proprie responsabilit\u00e0, sicch\u00e9 lo Stato (sorta di &#8220;grande fratello&#8221;) deve prenderla in carico per tutta la vita. Conseguentemente, i fautori dell&#8217;egalitarismo rifiutano anche la piena, personale disponibilit\u00e0 dei frutti del lavoro di ciascuno, sostenendo che questi debbano essere trasferiti per la maggior parte alla collettivit\u00e0, attraverso tasse e imposte che somigliano a vere e proprie confische.<\/p>\n<p style=\"text-align: justify;\">Per contro, i fanatici dell&#8217;invidia egalitarista vorrebbero un mondo ove ogni ineguaglianza circostanziale sia soppressa. Similmente, costoro vorrebbero che tutti abbiano la medesima scienza: una vera utopia, nociva e irrealizzabile; fremono dal desiderio di eliminare differenze di censo, di stato sociale, garantendo cos\u00ec che tutti abbiano le stesse caratteristiche f\u00ecsiche, giungendo infine a eliminare la differenza &#8211; necessaria e legittima &#8211; fra uomo e donna, da rimpiazzare con individui dal sesso incerto e mutevole (si pensi alla questione del cosiddetto gender).<\/p>\n<p style=\"text-align: justify;\"><a href=\"https:\/\/www.rassegnastampa-totustuus.it\/cattolica\/wp-content\/uploads\/2019\/10\/invidia.jpg\"><img loading=\"lazy\" decoding=\"async\" class=\"size-full wp-image-44768 alignleft\" src=\"https:\/\/www.rassegnastampa-totustuus.it\/cattolica\/wp-content\/uploads\/2019\/10\/invidia.jpg\" alt=\"\" width=\"196\" height=\"257\" \/><\/a>Motore di questa concezione di uguaglianza \u00e8 dunque l&#8217;invidia, la gelosia: la divorante passione egalitaria fa in modo che costoro preferiscano una miseria generalizzata, cos\u00ec da non avere alcuno al di sopra di loro stessi, o che possieda di pi\u00f9. Ogni qualvolta si tenta di seminare tale dottrina, e nella misura in cui mette le proprie radici in una societ\u00e0, i frutti non sono altro che rovina e disperazione morale e materiale.<\/p>\n<p style=\"text-align: justify;\">Il mondo non potr\u00e0 uscire dalla crisi, profonda in tutti i settori, in cui \u00e8 piombato fintanto che la concezione del mondo ereditata dalla Civilt\u00e0 cristiana non torner\u00e0 a prevalere sul divorante desiderio egalitarista, e non si sar\u00e0 cos\u00ec fatto ritorno all&#8217;ideale cattolico di una societ\u00e0 fraterna, perch\u00e9 armoniosamente inegalitaria.<\/p>\n<p>_________________<\/p>\n<p><strong>Leggi anche:<\/strong><\/p>\n<p><a href=\"https:\/\/www.rassegnastampa-totustuus.it\/cattolica\/?p=994\" data-wplink-edit=\"true\">L\u2019ineguaglianza fattore di armonia<\/a><\/p>\n<p><a href=\"https:\/\/www.rassegnastampa-totustuus.it\/cattolica\/?p=32478\">Gerarchie giuste e necessarie<\/a><\/p>\n","protected":false},"excerpt":{"rendered":"<p>Tradizione Famiglia Propriet\u00e0 n. 83 Ottobre 2019 (Testo tratto da varie conferenze di Plinio Corr\u00eaa de Oliveira. Traduzione di Diego Zoia) Un richiamo a una verit\u00e0 dimenticata: l&#8217;ideale cattolico di una societ\u00e0 fraterna, perch\u00e9 armoniosamente gerarchica di Plinio Corr\u00eaa de Oliveira<\/p><p><a class=\"more-link btn\" href=\"https:\/\/www.rassegnastampa-totustuus.it\/cattolica\/ineguaglianze-giuste-e-necessarie\/\">Continua a leggere<\/a><\/p>\n","protected":false},"author":6,"featured_media":44747,"comment_status":"closed","ping_status":"closed","sticky":false,"template":"","format":"standard","meta":{"footnotes":""},"categories":[7,25],"tags":[304,2193,558],"class_list":["post-44743","post","type-post","status-publish","format-standard","has-post-thumbnail","hentry","category-costume","category-sguardo-sul-nostro-tempo","tag-costume-2","tag-diseguaglianza","tag-sguardo-sul-nostro-tempo-2","item-wrap"],"yoast_head":"<!-- This site is optimized with the Yoast SEO plugin v27.5 - https:\/\/yoast.com\/product\/yoast-seo-wordpress\/ -->\n<title>Ineguaglianze giuste e necessarie - Rassegna Stampa Cattolica<\/title>\n<meta name=\"description\" content=\"Rassegna Stampa Cattolica - Per una cultura che nasce dalla Rivelazione cristiana in conformit\u00e0 alla tradizione e al Magistero della Chiesa in opposizione ad ogni relativismo e totalitarismo\" \/>\n<meta name=\"robots\" content=\"index, follow, max-snippet:-1, max-image-preview:large, max-video-preview:-1\" \/>\n<link rel=\"canonical\" href=\"https:\/\/www.rassegnastampa-totustuus.it\/cattolica\/ineguaglianze-giuste-e-necessarie\/\" \/>\n<meta property=\"og:locale\" content=\"it_IT\" \/>\n<meta property=\"og:type\" content=\"article\" \/>\n<meta property=\"og:title\" content=\"Ineguaglianze giuste e necessarie - Rassegna Stampa Cattolica\" \/>\n<meta property=\"og:description\" content=\"Rassegna Stampa Cattolica - Per una cultura che nasce dalla Rivelazione cristiana in conformit\u00e0 alla tradizione e al Magistero della Chiesa in opposizione ad ogni relativismo e totalitarismo\" \/>\n<meta property=\"og:url\" content=\"https:\/\/www.rassegnastampa-totustuus.it\/cattolica\/ineguaglianze-giuste-e-necessarie\/\" \/>\n<meta property=\"og:site_name\" content=\"Rassegna Stampa Cattolica\" \/>\n<meta property=\"article:publisher\" content=\"https:\/\/www.facebook.com\/rassegnastampacattolica\" \/>\n<meta property=\"article:published_time\" content=\"2019-10-23T22:00:54+00:00\" \/>\n<meta property=\"og:image\" content=\"https:\/\/www.rassegnastampa-totustuus.it\/cattolica\/wp-content\/uploads\/2019\/10\/diseguaglianze.jpg\" \/>\n\t<meta property=\"og:image:width\" content=\"275\" \/>\n\t<meta property=\"og:image:height\" content=\"183\" \/>\n\t<meta property=\"og:image:type\" content=\"image\/jpeg\" \/>\n<meta name=\"author\" content=\"Redazione\" \/>\n<meta name=\"twitter:card\" content=\"summary_large_image\" \/>\n<meta name=\"twitter:creator\" content=\"@rassegnastampa9\" \/>\n<meta name=\"twitter:site\" content=\"@rassegnastampa9\" \/>\n<meta name=\"twitter:label1\" content=\"Scritto da\" \/>\n\t<meta name=\"twitter:data1\" content=\"Redazione\" \/>\n\t<meta name=\"twitter:label2\" content=\"Tempo di lettura stimato\" \/>\n\t<meta name=\"twitter:data2\" content=\"17 minuti\" \/>\n<script type=\"application\/ld+json\" class=\"yoast-schema-graph\">{\"@context\":\"https:\\\/\\\/schema.org\",\"@graph\":[{\"@type\":\"Article\",\"@id\":\"https:\\\/\\\/www.rassegnastampa-totustuus.it\\\/cattolica\\\/ineguaglianze-giuste-e-necessarie\\\/#article\",\"isPartOf\":{\"@id\":\"https:\\\/\\\/www.rassegnastampa-totustuus.it\\\/cattolica\\\/ineguaglianze-giuste-e-necessarie\\\/\"},\"author\":{\"name\":\"Redazione\",\"@id\":\"https:\\\/\\\/www.rassegnastampa-totustuus.it\\\/cattolica\\\/#\\\/schema\\\/person\\\/08f319d2bd1a0904ad9e2bfb7b15e5c3\"},\"headline\":\"Ineguaglianze giuste e necessarie\",\"datePublished\":\"2019-10-23T22:00:54+00:00\",\"mainEntityOfPage\":{\"@id\":\"https:\\\/\\\/www.rassegnastampa-totustuus.it\\\/cattolica\\\/ineguaglianze-giuste-e-necessarie\\\/\"},\"wordCount\":3579,\"publisher\":{\"@id\":\"https:\\\/\\\/www.rassegnastampa-totustuus.it\\\/cattolica\\\/#organization\"},\"image\":{\"@id\":\"https:\\\/\\\/www.rassegnastampa-totustuus.it\\\/cattolica\\\/ineguaglianze-giuste-e-necessarie\\\/#primaryimage\"},\"thumbnailUrl\":\"https:\\\/\\\/www.rassegnastampa-totustuus.it\\\/cattolica\\\/wp-content\\\/uploads\\\/2019\\\/10\\\/diseguaglianze.jpg\",\"keywords\":[\"costume\",\"diseguaglianza\",\"sguardo sul nostro tempo\"],\"articleSection\":[\"Costume\",\"Sguardo sul nostro tempo\"],\"inLanguage\":\"it-IT\"},{\"@type\":\"WebPage\",\"@id\":\"https:\\\/\\\/www.rassegnastampa-totustuus.it\\\/cattolica\\\/ineguaglianze-giuste-e-necessarie\\\/\",\"url\":\"https:\\\/\\\/www.rassegnastampa-totustuus.it\\\/cattolica\\\/ineguaglianze-giuste-e-necessarie\\\/\",\"name\":\"Ineguaglianze giuste e necessarie - Rassegna Stampa Cattolica\",\"isPartOf\":{\"@id\":\"https:\\\/\\\/www.rassegnastampa-totustuus.it\\\/cattolica\\\/#website\"},\"primaryImageOfPage\":{\"@id\":\"https:\\\/\\\/www.rassegnastampa-totustuus.it\\\/cattolica\\\/ineguaglianze-giuste-e-necessarie\\\/#primaryimage\"},\"image\":{\"@id\":\"https:\\\/\\\/www.rassegnastampa-totustuus.it\\\/cattolica\\\/ineguaglianze-giuste-e-necessarie\\\/#primaryimage\"},\"thumbnailUrl\":\"https:\\\/\\\/www.rassegnastampa-totustuus.it\\\/cattolica\\\/wp-content\\\/uploads\\\/2019\\\/10\\\/diseguaglianze.jpg\",\"datePublished\":\"2019-10-23T22:00:54+00:00\",\"description\":\"Rassegna Stampa Cattolica - Per una cultura che nasce dalla Rivelazione cristiana in conformit\u00e0 alla tradizione e al Magistero della Chiesa in opposizione ad ogni relativismo e totalitarismo\",\"breadcrumb\":{\"@id\":\"https:\\\/\\\/www.rassegnastampa-totustuus.it\\\/cattolica\\\/ineguaglianze-giuste-e-necessarie\\\/#breadcrumb\"},\"inLanguage\":\"it-IT\",\"potentialAction\":[{\"@type\":\"ReadAction\",\"target\":[\"https:\\\/\\\/www.rassegnastampa-totustuus.it\\\/cattolica\\\/ineguaglianze-giuste-e-necessarie\\\/\"]}]},{\"@type\":\"ImageObject\",\"inLanguage\":\"it-IT\",\"@id\":\"https:\\\/\\\/www.rassegnastampa-totustuus.it\\\/cattolica\\\/ineguaglianze-giuste-e-necessarie\\\/#primaryimage\",\"url\":\"https:\\\/\\\/www.rassegnastampa-totustuus.it\\\/cattolica\\\/wp-content\\\/uploads\\\/2019\\\/10\\\/diseguaglianze.jpg\",\"contentUrl\":\"https:\\\/\\\/www.rassegnastampa-totustuus.it\\\/cattolica\\\/wp-content\\\/uploads\\\/2019\\\/10\\\/diseguaglianze.jpg\",\"width\":275,\"height\":183},{\"@type\":\"BreadcrumbList\",\"@id\":\"https:\\\/\\\/www.rassegnastampa-totustuus.it\\\/cattolica\\\/ineguaglianze-giuste-e-necessarie\\\/#breadcrumb\",\"itemListElement\":[{\"@type\":\"ListItem\",\"position\":1,\"name\":\"Home\",\"item\":\"https:\\\/\\\/www.rassegnastampa-totustuus.it\\\/cattolica\\\/\"},{\"@type\":\"ListItem\",\"position\":2,\"name\":\"Ineguaglianze giuste e necessarie\"}]},{\"@type\":\"WebSite\",\"@id\":\"https:\\\/\\\/www.rassegnastampa-totustuus.it\\\/cattolica\\\/#website\",\"url\":\"https:\\\/\\\/www.rassegnastampa-totustuus.it\\\/cattolica\\\/\",\"name\":\"Rassegna Stampa Cattolica\",\"description\":\"Per una cultura che nasce dalla Rivelazione cristiana in conformit\u00e0 alla tradizione e al Magistero della Chiesa in opposizione ad ogni relativismo e totalitarismo\",\"publisher\":{\"@id\":\"https:\\\/\\\/www.rassegnastampa-totustuus.it\\\/cattolica\\\/#organization\"},\"alternateName\":\"Rass. Cattolica\",\"potentialAction\":[{\"@type\":\"SearchAction\",\"target\":{\"@type\":\"EntryPoint\",\"urlTemplate\":\"https:\\\/\\\/www.rassegnastampa-totustuus.it\\\/cattolica\\\/?s={search_term_string}\"},\"query-input\":{\"@type\":\"PropertyValueSpecification\",\"valueRequired\":true,\"valueName\":\"search_term_string\"}}],\"inLanguage\":\"it-IT\"},{\"@type\":\"Organization\",\"@id\":\"https:\\\/\\\/www.rassegnastampa-totustuus.it\\\/cattolica\\\/#organization\",\"name\":\"Rassegna Stampa Cattolica\",\"url\":\"https:\\\/\\\/www.rassegnastampa-totustuus.it\\\/cattolica\\\/\",\"logo\":{\"@type\":\"ImageObject\",\"inLanguage\":\"it-IT\",\"@id\":\"https:\\\/\\\/www.rassegnastampa-totustuus.it\\\/cattolica\\\/#\\\/schema\\\/logo\\\/image\\\/\",\"url\":\"https:\\\/\\\/www.rassegnastampa-totustuus.it\\\/cattolica\\\/wp-content\\\/uploads\\\/2014\\\/04\\\/logo-rassegna1.gif\",\"contentUrl\":\"https:\\\/\\\/www.rassegnastampa-totustuus.it\\\/cattolica\\\/wp-content\\\/uploads\\\/2014\\\/04\\\/logo-rassegna1.gif\",\"width\":600,\"height\":163,\"caption\":\"Rassegna Stampa Cattolica\"},\"image\":{\"@id\":\"https:\\\/\\\/www.rassegnastampa-totustuus.it\\\/cattolica\\\/#\\\/schema\\\/logo\\\/image\\\/\"},\"sameAs\":[\"https:\\\/\\\/www.facebook.com\\\/rassegnastampacattolica\",\"https:\\\/\\\/x.com\\\/rassegnastampa9\"]},{\"@type\":\"Person\",\"@id\":\"https:\\\/\\\/www.rassegnastampa-totustuus.it\\\/cattolica\\\/#\\\/schema\\\/person\\\/08f319d2bd1a0904ad9e2bfb7b15e5c3\",\"name\":\"Redazione\",\"image\":{\"@type\":\"ImageObject\",\"inLanguage\":\"it-IT\",\"@id\":\"https:\\\/\\\/secure.gravatar.com\\\/avatar\\\/2fcdf27c78ea025fbdb44e914cc63c72249ffec9dc8aafd5c82b26240ef3f346?s=96&d=mm&r=g\",\"url\":\"https:\\\/\\\/secure.gravatar.com\\\/avatar\\\/2fcdf27c78ea025fbdb44e914cc63c72249ffec9dc8aafd5c82b26240ef3f346?s=96&d=mm&r=g\",\"contentUrl\":\"https:\\\/\\\/secure.gravatar.com\\\/avatar\\\/2fcdf27c78ea025fbdb44e914cc63c72249ffec9dc8aafd5c82b26240ef3f346?s=96&d=mm&r=g\",\"caption\":\"Redazione\"},\"url\":\"https:\\\/\\\/www.rassegnastampa-totustuus.it\\\/cattolica\\\/author\\\/pietroelle\\\/\"}]}<\/script>\n<!-- \/ Yoast SEO plugin. -->","yoast_head_json":{"title":"Ineguaglianze giuste e necessarie - Rassegna Stampa Cattolica","description":"Rassegna Stampa Cattolica - Per una cultura che nasce dalla Rivelazione cristiana in conformit\u00e0 alla tradizione e al Magistero della Chiesa in opposizione ad ogni relativismo e totalitarismo","robots":{"index":"index","follow":"follow","max-snippet":"max-snippet:-1","max-image-preview":"max-image-preview:large","max-video-preview":"max-video-preview:-1"},"canonical":"https:\/\/www.rassegnastampa-totustuus.it\/cattolica\/ineguaglianze-giuste-e-necessarie\/","og_locale":"it_IT","og_type":"article","og_title":"Ineguaglianze giuste e necessarie - Rassegna Stampa Cattolica","og_description":"Rassegna Stampa Cattolica - Per una cultura che nasce dalla Rivelazione cristiana in conformit\u00e0 alla tradizione e al Magistero della Chiesa in opposizione ad ogni relativismo e totalitarismo","og_url":"https:\/\/www.rassegnastampa-totustuus.it\/cattolica\/ineguaglianze-giuste-e-necessarie\/","og_site_name":"Rassegna Stampa Cattolica","article_publisher":"https:\/\/www.facebook.com\/rassegnastampacattolica","article_published_time":"2019-10-23T22:00:54+00:00","og_image":[{"width":275,"height":183,"url":"https:\/\/www.rassegnastampa-totustuus.it\/cattolica\/wp-content\/uploads\/2019\/10\/diseguaglianze.jpg","type":"image\/jpeg"}],"author":"Redazione","twitter_card":"summary_large_image","twitter_creator":"@rassegnastampa9","twitter_site":"@rassegnastampa9","twitter_misc":{"Scritto da":"Redazione","Tempo di lettura stimato":"17 minuti"},"schema":{"@context":"https:\/\/schema.org","@graph":[{"@type":"Article","@id":"https:\/\/www.rassegnastampa-totustuus.it\/cattolica\/ineguaglianze-giuste-e-necessarie\/#article","isPartOf":{"@id":"https:\/\/www.rassegnastampa-totustuus.it\/cattolica\/ineguaglianze-giuste-e-necessarie\/"},"author":{"name":"Redazione","@id":"https:\/\/www.rassegnastampa-totustuus.it\/cattolica\/#\/schema\/person\/08f319d2bd1a0904ad9e2bfb7b15e5c3"},"headline":"Ineguaglianze giuste e necessarie","datePublished":"2019-10-23T22:00:54+00:00","mainEntityOfPage":{"@id":"https:\/\/www.rassegnastampa-totustuus.it\/cattolica\/ineguaglianze-giuste-e-necessarie\/"},"wordCount":3579,"publisher":{"@id":"https:\/\/www.rassegnastampa-totustuus.it\/cattolica\/#organization"},"image":{"@id":"https:\/\/www.rassegnastampa-totustuus.it\/cattolica\/ineguaglianze-giuste-e-necessarie\/#primaryimage"},"thumbnailUrl":"https:\/\/www.rassegnastampa-totustuus.it\/cattolica\/wp-content\/uploads\/2019\/10\/diseguaglianze.jpg","keywords":["costume","diseguaglianza","sguardo sul nostro tempo"],"articleSection":["Costume","Sguardo sul nostro tempo"],"inLanguage":"it-IT"},{"@type":"WebPage","@id":"https:\/\/www.rassegnastampa-totustuus.it\/cattolica\/ineguaglianze-giuste-e-necessarie\/","url":"https:\/\/www.rassegnastampa-totustuus.it\/cattolica\/ineguaglianze-giuste-e-necessarie\/","name":"Ineguaglianze giuste e necessarie - Rassegna Stampa Cattolica","isPartOf":{"@id":"https:\/\/www.rassegnastampa-totustuus.it\/cattolica\/#website"},"primaryImageOfPage":{"@id":"https:\/\/www.rassegnastampa-totustuus.it\/cattolica\/ineguaglianze-giuste-e-necessarie\/#primaryimage"},"image":{"@id":"https:\/\/www.rassegnastampa-totustuus.it\/cattolica\/ineguaglianze-giuste-e-necessarie\/#primaryimage"},"thumbnailUrl":"https:\/\/www.rassegnastampa-totustuus.it\/cattolica\/wp-content\/uploads\/2019\/10\/diseguaglianze.jpg","datePublished":"2019-10-23T22:00:54+00:00","description":"Rassegna Stampa Cattolica - Per una cultura che nasce dalla Rivelazione cristiana in conformit\u00e0 alla tradizione e al Magistero della Chiesa in opposizione ad ogni relativismo e totalitarismo","breadcrumb":{"@id":"https:\/\/www.rassegnastampa-totustuus.it\/cattolica\/ineguaglianze-giuste-e-necessarie\/#breadcrumb"},"inLanguage":"it-IT","potentialAction":[{"@type":"ReadAction","target":["https:\/\/www.rassegnastampa-totustuus.it\/cattolica\/ineguaglianze-giuste-e-necessarie\/"]}]},{"@type":"ImageObject","inLanguage":"it-IT","@id":"https:\/\/www.rassegnastampa-totustuus.it\/cattolica\/ineguaglianze-giuste-e-necessarie\/#primaryimage","url":"https:\/\/www.rassegnastampa-totustuus.it\/cattolica\/wp-content\/uploads\/2019\/10\/diseguaglianze.jpg","contentUrl":"https:\/\/www.rassegnastampa-totustuus.it\/cattolica\/wp-content\/uploads\/2019\/10\/diseguaglianze.jpg","width":275,"height":183},{"@type":"BreadcrumbList","@id":"https:\/\/www.rassegnastampa-totustuus.it\/cattolica\/ineguaglianze-giuste-e-necessarie\/#breadcrumb","itemListElement":[{"@type":"ListItem","position":1,"name":"Home","item":"https:\/\/www.rassegnastampa-totustuus.it\/cattolica\/"},{"@type":"ListItem","position":2,"name":"Ineguaglianze giuste e necessarie"}]},{"@type":"WebSite","@id":"https:\/\/www.rassegnastampa-totustuus.it\/cattolica\/#website","url":"https:\/\/www.rassegnastampa-totustuus.it\/cattolica\/","name":"Rassegna Stampa Cattolica","description":"Per una cultura che nasce dalla Rivelazione cristiana in conformit\u00e0 alla tradizione e al Magistero della Chiesa in opposizione ad ogni relativismo e totalitarismo","publisher":{"@id":"https:\/\/www.rassegnastampa-totustuus.it\/cattolica\/#organization"},"alternateName":"Rass. Cattolica","potentialAction":[{"@type":"SearchAction","target":{"@type":"EntryPoint","urlTemplate":"https:\/\/www.rassegnastampa-totustuus.it\/cattolica\/?s={search_term_string}"},"query-input":{"@type":"PropertyValueSpecification","valueRequired":true,"valueName":"search_term_string"}}],"inLanguage":"it-IT"},{"@type":"Organization","@id":"https:\/\/www.rassegnastampa-totustuus.it\/cattolica\/#organization","name":"Rassegna Stampa Cattolica","url":"https:\/\/www.rassegnastampa-totustuus.it\/cattolica\/","logo":{"@type":"ImageObject","inLanguage":"it-IT","@id":"https:\/\/www.rassegnastampa-totustuus.it\/cattolica\/#\/schema\/logo\/image\/","url":"https:\/\/www.rassegnastampa-totustuus.it\/cattolica\/wp-content\/uploads\/2014\/04\/logo-rassegna1.gif","contentUrl":"https:\/\/www.rassegnastampa-totustuus.it\/cattolica\/wp-content\/uploads\/2014\/04\/logo-rassegna1.gif","width":600,"height":163,"caption":"Rassegna Stampa Cattolica"},"image":{"@id":"https:\/\/www.rassegnastampa-totustuus.it\/cattolica\/#\/schema\/logo\/image\/"},"sameAs":["https:\/\/www.facebook.com\/rassegnastampacattolica","https:\/\/x.com\/rassegnastampa9"]},{"@type":"Person","@id":"https:\/\/www.rassegnastampa-totustuus.it\/cattolica\/#\/schema\/person\/08f319d2bd1a0904ad9e2bfb7b15e5c3","name":"Redazione","image":{"@type":"ImageObject","inLanguage":"it-IT","@id":"https:\/\/secure.gravatar.com\/avatar\/2fcdf27c78ea025fbdb44e914cc63c72249ffec9dc8aafd5c82b26240ef3f346?s=96&d=mm&r=g","url":"https:\/\/secure.gravatar.com\/avatar\/2fcdf27c78ea025fbdb44e914cc63c72249ffec9dc8aafd5c82b26240ef3f346?s=96&d=mm&r=g","contentUrl":"https:\/\/secure.gravatar.com\/avatar\/2fcdf27c78ea025fbdb44e914cc63c72249ffec9dc8aafd5c82b26240ef3f346?s=96&d=mm&r=g","caption":"Redazione"},"url":"https:\/\/www.rassegnastampa-totustuus.it\/cattolica\/author\/pietroelle\/"}]}},"_links":{"self":[{"href":"https:\/\/www.rassegnastampa-totustuus.it\/cattolica\/wp-json\/wp\/v2\/posts\/44743","targetHints":{"allow":["GET"]}}],"collection":[{"href":"https:\/\/www.rassegnastampa-totustuus.it\/cattolica\/wp-json\/wp\/v2\/posts"}],"about":[{"href":"https:\/\/www.rassegnastampa-totustuus.it\/cattolica\/wp-json\/wp\/v2\/types\/post"}],"author":[{"embeddable":true,"href":"https:\/\/www.rassegnastampa-totustuus.it\/cattolica\/wp-json\/wp\/v2\/users\/6"}],"replies":[{"embeddable":true,"href":"https:\/\/www.rassegnastampa-totustuus.it\/cattolica\/wp-json\/wp\/v2\/comments?post=44743"}],"version-history":[{"count":6,"href":"https:\/\/www.rassegnastampa-totustuus.it\/cattolica\/wp-json\/wp\/v2\/posts\/44743\/revisions"}],"predecessor-version":[{"id":44772,"href":"https:\/\/www.rassegnastampa-totustuus.it\/cattolica\/wp-json\/wp\/v2\/posts\/44743\/revisions\/44772"}],"wp:featuredmedia":[{"embeddable":true,"href":"https:\/\/www.rassegnastampa-totustuus.it\/cattolica\/wp-json\/wp\/v2\/media\/44747"}],"wp:attachment":[{"href":"https:\/\/www.rassegnastampa-totustuus.it\/cattolica\/wp-json\/wp\/v2\/media?parent=44743"}],"wp:term":[{"taxonomy":"category","embeddable":true,"href":"https:\/\/www.rassegnastampa-totustuus.it\/cattolica\/wp-json\/wp\/v2\/categories?post=44743"},{"taxonomy":"post_tag","embeddable":true,"href":"https:\/\/www.rassegnastampa-totustuus.it\/cattolica\/wp-json\/wp\/v2\/tags?post=44743"}],"curies":[{"name":"wp","href":"https:\/\/api.w.org\/{rel}","templated":true}]}}