{"id":44733,"date":"2019-10-31T00:00:42","date_gmt":"2019-10-30T23:00:42","guid":{"rendered":"http:\/\/www.rassegnastampa-totustuus.it\/cattolica\/?p=44733"},"modified":"2019-10-24T08:29:22","modified_gmt":"2019-10-24T06:29:22","slug":"custodi-e-amministratori-non-per-la-decerescita","status":"publish","type":"post","link":"https:\/\/www.rassegnastampa-totustuus.it\/cattolica\/custodi-e-amministratori-non-per-la-decerescita\/","title":{"rendered":"Custodi e amministratori, non per la decrescita"},"content":{"rendered":"<p style=\"text-align: center;\"><strong><a href=\"https:\/\/www.rassegnastampa-totustuus.it\/cattolica\/wp-content\/uploads\/2019\/10\/decrescita_ambientalismo-1.jpg\"><img loading=\"lazy\" decoding=\"async\" class=\" wp-image-44737 alignright\" src=\"https:\/\/www.rassegnastampa-totustuus.it\/cattolica\/wp-content\/uploads\/2019\/10\/decrescita_ambientalismo-1.jpg\" alt=\"\" width=\"251\" height=\"144\"><\/a>Il Timone<\/strong> n.188<\/p>\n<p style=\"text-align: center;\">Ottobre 2019<\/p>\n<p style=\"text-align: justify;\"><em>Una autentica &#8220;conversione ecologica&#8221; avviene solo con riferimento al Creatore, che ci consegna il creato per il bene e la felicit\u00e0. Altrimenti ogni decrescita sar\u00e0 solo infelice <\/em><\/p>\n<p style=\"text-align: center;\">di <strong>Giorgio Maria Carbone <\/strong><\/p>\n<p><!--more--><\/p>\n<p style=\"text-align: justify;\">\u00abDecrescita \u00e8 una parola d&#8217;ordine che significa abbandonare radicalmente l&#8217;obiettivo della crescita per la crescita, un obiettivo il cui motore non \u00e8 altro che la ricerca del profitto da parte dei detentori del capitale e le cui conseguenze sono disastrose per l&#8217;ambiente.<\/p>\n<p style=\"text-align: justify;\"><a href=\"https:\/\/www.rassegnastampa-totustuus.it\/cattolica\/wp-content\/uploads\/2012\/09\/povert\u00e0-contadina.png\"><img loading=\"lazy\" decoding=\"async\" class=\"size-full wp-image-24272 alignleft\" src=\"https:\/\/www.rassegnastampa-totustuus.it\/cattolica\/wp-content\/uploads\/2012\/09\/povert\u00e0-contadina.png\" alt=\"\" width=\"266\" height=\"189\"><\/a>A rigor del vero, pi\u00f9 che di decrescita, bisognerebbe parlare di a-crescita, utilizzando la stessa radice di a-teismo, poich\u00e9 si tratta di abbandonare la fede e la religione della crescita, del progresso e dello sviluppo. Non soltanto la societ\u00e0 \u00e8 ridotta a mero strumento e mezzo della meccanica produttiva, ma l&#8217;uomo stesso tende a diventare lo scarto di un sistema che punta a renderlo inutile e a farne a meno&#8230;<\/p>\n<p style=\"text-align: justify;\">L&#8217;obiettivo della decrescita \u00e8 una societ\u00e0 in cui si vivr\u00e0 meglio lavorando e consumando di meno\u00bb cos\u00ec scrive Serge Latouche in <em>La scommessa della decrescita,<\/em> Feltrinelli, Milano 2007. Latouche \u00e8 l&#8217;ideatore della &#8220;decrescita felice&#8221;, divulgata in Italia da molti, tra cui anche Beppe Grillo in varie interviste in cui dice: \u00abUn po&#8217; pi\u00f9 poveri, ma pi\u00f9 contenti\u00bb.<\/p>\n<p style=\"text-align: justify;\"><a href=\"https:\/\/www.rassegnastampa-totustuus.it\/cattolica\/wp-content\/uploads\/2009\/10\/chaplin_lavoro.jpg\"><img loading=\"lazy\" decoding=\"async\" class=\"size-full wp-image-33796 alignright\" src=\"https:\/\/www.rassegnastampa-totustuus.it\/cattolica\/wp-content\/uploads\/2009\/10\/chaplin_lavoro.jpg\" alt=\"\" width=\"256\" height=\"197\"><\/a>Alcune idee della decrescita felice, come ad es. il \u00abbadare meno ai numeri, e pi\u00f9 alla qualit\u00e0 della vita\u00bb, \u00abcambio di paradigma per uno stile di vita sobrio\u00bb, \u00ababbattere gli sprechi\u00bb, \u00abusare s\u00ec la tecnologia ma non per un semplice aumento della produttivit\u00e0\u00bb, possono trovarci d&#8217;accordo. Anche perch\u00e9 la tradizione cristiana ci consegna alcune verit\u00e0:<\/p>\n<p style=\"text-align: justify;\">1) qualsiasi attivit\u00e0 produttiva e il progresso tecnico-scientifico sono realmente segno di progresso solo se hanno come fine lo sviluppo integrale di ogni uomo;<\/p>\n<p style=\"text-align: justify;\">2) la virt\u00f9 della temperanza &#8211; e non la semplice volont\u00e0 di abbattere gli sprechi &#8211; \u00e8 una virt\u00f9 cardinale, cio\u00e8 come un cardine intorno al quale ruota l&#8217;attivit\u00e0 umana;<\/p>\n<p style=\"text-align: justify;\">3) \u00abil benessere economico di un Paese non si misura esclusivamente sulla quantit\u00e0 dei beni prodotti, ma anche tenendo conto del modo in cui essi vengono prodotti e del grado di equit\u00e0 nella distribuzione del reddito, che a tutti dovrebbe consentire di avere a disposizione ci\u00f2 che serve allo sviluppo e perfezionamento della propria persona\u00bb <em>Compendio della dottrina sociale della Chiesa<\/em>, 2005, \u00a7 303.<\/p>\n<p style=\"text-align: justify;\"><a href=\"https:\/\/www.rassegnastampa-totustuus.it\/cattolica\/wp-content\/uploads\/2009\/03\/africa_cibo.jpg\"><img loading=\"lazy\" decoding=\"async\" class=\"size-full wp-image-33591 alignleft\" src=\"https:\/\/www.rassegnastampa-totustuus.it\/cattolica\/wp-content\/uploads\/2009\/03\/africa_cibo.jpg\" alt=\"\" width=\"265\" height=\"190\"><\/a>La decrescita felice \u00e8 una proposta che nasce in Paesi ricchi per persone gi\u00e0 ricche che si possono permettere il lusso di non crescere pi\u00f9. Prova a proporre la a-crescita a un gruppo di persone povere e dopo un po&#8217; abbi il coraggio di osservare se sono felici.<\/p>\n<p style=\"text-align: justify;\">\u00c8 una soluzione inadeguata a problemi molto gravi, come l&#8217;inquinamento, il dissesto idro-geologico, non i cambiamenti climatici &#8211; che con buona pace di tutti ci sono sempre stati, basta conoscere un po&#8217; la storia &#8211; ma la loro violenta accelerazione. Per ridurre l&#8217;impatto inquinante, per contrastare il dissesto idro-geologico o anche solo per studiare le cause dell&#8217;accelerazione dei fenomeni climatici c&#8217;\u00e8 bisogno di ricercatori e di risorse finanziarie e tecnologiche. Dove le prendi se ti proponi di decrescere?<\/p>\n<p style=\"text-align: justify;\"><strong>La<\/strong> <strong>colpa al cristianesimo<\/strong><\/p>\n<p style=\"text-align: justify;\"><a href=\"https:\/\/www.rassegnastampa-totustuus.it\/cattolica\/wp-content\/uploads\/2009\/03\/creazionismo.jpg\"><img loading=\"lazy\" decoding=\"async\" class=\"size-full wp-image-32243 alignright\" src=\"https:\/\/www.rassegnastampa-totustuus.it\/cattolica\/wp-content\/uploads\/2009\/03\/creazionismo.jpg\" alt=\"\" width=\"257\" height=\"196\"><\/a>C&#8217;\u00e8 anche chi addebita al cristianesimo la colpa di tali disastri. Cos\u00ec Lynn White jr. parla di \u00abarroganza cristiana nei confronti della natura\u00bb, fondata sulla \u00abvolont\u00e0 di Dio che l&#8217;uomo sfrutti la natura per i suoi scopi\u00bb.<\/p>\n<p style=\"text-align: justify;\">Cari Amery: \u00abIl nucleo del messaggio [dell&#8217;Antico Testamento] era l&#8217;elezione dell&#8217;uomo rispetto a tutto il creato, il compito affidatogli di stabilire un dominio totale&#8230; Finch\u00e9 questo messaggio rimase confinato nella legge di un piccolo popolo sulla costa orientale del Mediterraneo non pot\u00e8 far sentire il suo influsso. Per questo ci volle l&#8217;internazionalizzazione delle strutture ebraiche, ci volle il Figlio dell&#8217;uomo di Nazareth\u00bb.<\/p>\n<p style=\"text-align: justify;\">La colpevolizzazione della civilt\u00e0 cristiana continua anche con Eugen Drewermann: \u00abil cristianesimo ha assunto insieme all&#8217;antropocentrismo dell&#8217;Antico Testamento il materialismo e pragmatismo del pensiero greco\u00adromano, e cos\u00ec sarebbe iniziato l'&#8221;antropocentrismo distruttivo\u00bb.<\/p>\n<p style=\"text-align: justify;\"><strong>Cosa dice il Magistero <\/strong><\/p>\n<p style=\"text-align: justify;\"><a href=\"https:\/\/www.rassegnastampa-totustuus.it\/cattolica\/wp-content\/uploads\/2005\/06\/Giovanni-Paolo-II.jpg\"><img loading=\"lazy\" decoding=\"async\" class=\" wp-image-34406 alignleft\" src=\"https:\/\/www.rassegnastampa-totustuus.it\/cattolica\/wp-content\/uploads\/2005\/06\/Giovanni-Paolo-II.jpg\" alt=\"\" width=\"229\" height=\"154\"><\/a>Il magistero della Chiesa cattolica \u00e8 intervenuto ripetutamente su questi temi. San Giovanni Paolo II mette in relazione la tutela del creato e il consumismo: \u00abL&#8217;uomo, preso dal desiderio di avere e di godere, pi\u00f9 che di essere e di crescere, consuma in maniera eccessiva e disordinata le risorse della terra e la sua stessa vita. Alla radice dell&#8217;insensata distruzione dell&#8217;ambiente naturale c&#8217;\u00e8 un errore antropologico, purtroppo diffuso nel nostro tempo. L&#8217;uomo, che scopre la sua capacit\u00e0 di trasformare e, in un certo senso, di creare il mondo col proprio lavoro, dimentica che questo si svolge sempre sulla base della prima originaria donazione delle cose da parte di Dio. Egli pensa di poter disporre arbitrariamente della terra, assoggettandola senza riserve alla sua volont\u00e0, come se essa non avesse una propria forma ed una destinazione anteriore datale da Dio, che l&#8217;uomo pu\u00f2, s\u00ec, sviluppare, ma non deve tradire. Invece di svolgere il suo ruolo di collaboratore di Dio nell&#8217;opera della creazione, l&#8217;uomo si sostituisce a Dio e cos\u00ec finisce col provocare la ribellione della natura, piuttosto tiranneggiata che governata da lui\u00bb Enciclica <em>Centesimus<\/em> annus \u00a7 37.<\/p>\n<p style=\"text-align: justify;\"><a href=\"https:\/\/www.rassegnastampa-totustuus.it\/cattolica\/wp-content\/uploads\/2013\/10\/caritas_veritate.jpg\"><img loading=\"lazy\" decoding=\"async\" class=\"alignright wp-image-27288\" src=\"https:\/\/www.rassegnastampa-totustuus.it\/cattolica\/wp-content\/uploads\/2013\/10\/caritas_veritate.jpg\" alt=\"\" width=\"154\" height=\"230\"><\/a>Si tratta quindi di un errore nel modo con cui l&#8217;uomo considera se stesso: il degrado ecologico nasce a causa di un degrado umano. La salvaguardia del creato \u00e8 una questione non tanto etica, ma innanzitutto antropologica: dipende dal ruolo che riconosciamo all&#8217;uomo all&#8217;interno dell&#8217;ambiente naturale di cui egli stesso \u00e8 membro.<\/p>\n<p style=\"text-align: justify;\">L&#8217;uomo \u00e8 il pericolo numero uno della natura e del pianeta Terra, o \u00e8 l&#8217;attore principale dello sviluppo e della cura del pianeta? \u00abLe modalit\u00e0 con cui l&#8217;uomo tratta l&#8217;ambiente influiscono sulle modalit\u00e0 con cui tratta s\u00e9 e viceversa\u00bb (Benedetto XVI, <em>Caritas in ventate<\/em> \u00a7 51).<\/p>\n<p style=\"text-align: justify;\">Infatti la distruzione dell&#8217;ecosistema \u00e8 il risultato di una visione antropologica riduttiva e innaturale, \u00e8 un vero e proprio disprezzo dell&#8217;uomo. Ma a questo stesso disprezzo conducono anche quei movimenti ecologisti che negano la differenza assiologica tra uomo e altre creature e pensano all&#8217;uomo come un animale un po&#8217; pi\u00f9 dotato e niente pi\u00f9.<\/p>\n<p style=\"text-align: justify;\"><a href=\"https:\/\/www.rassegnastampa-totustuus.it\/cattolica\/wp-content\/uploads\/2019\/01\/papa_Francesco.jpg\"><img loading=\"lazy\" decoding=\"async\" class=\" wp-image-41924 alignleft\" src=\"https:\/\/www.rassegnastampa-totustuus.it\/cattolica\/wp-content\/uploads\/2019\/01\/papa_Francesco.jpg\" alt=\"\" width=\"238\" height=\"134\"><\/a>Questo disprezzo apre la porta a tutte le pi\u00f9 dure forme di aggressione selvaggia all&#8217;ambiente e a tutti i viventi, uomo compreso. Perci\u00f2 promuovere la dignit\u00e0 di ogni persona umana \u00e8 il fondamentale principio-guida per un sano progresso economico, industriale e scientifico.<\/p>\n<p style=\"text-align: justify;\">Perci\u00f2 i nostri papi, Giovanni Paolo II, Benedetto e Francesco, parlano ripetutamente di ecologia umana: \u00abMentre ci si preoccupa giustamente, anche se molto meno del necessario, di preservare gli habitat naturali delle diverse specie animali minacciate di estinzione, perch\u00e9 ci si rende conto che ciascuna di esse apporta un particolare contributo all&#8217;equilibrio generale della terra, ci si impegna troppo poco per salvaguardare le condizioni morali di un&#8217;autentica &#8220;ecologia umana&#8221;.<\/p>\n<p style=\"text-align: justify;\"><a href=\"https:\/\/www.rassegnastampa-totustuus.it\/cattolica\/wp-content\/uploads\/2019\/03\/ambiente_paesaggio-toscano.jpg\"><img loading=\"lazy\" decoding=\"async\" class=\" wp-image-42531 alignright\" src=\"https:\/\/www.rassegnastampa-totustuus.it\/cattolica\/wp-content\/uploads\/2019\/03\/ambiente_paesaggio-toscano-300x225.jpg\" alt=\"\" width=\"271\" height=\"203\" srcset=\"https:\/\/www.rassegnastampa-totustuus.it\/cattolica\/wp-content\/uploads\/2019\/03\/ambiente_paesaggio-toscano-300x225.jpg 300w, https:\/\/www.rassegnastampa-totustuus.it\/cattolica\/wp-content\/uploads\/2019\/03\/ambiente_paesaggio-toscano-768x576.jpg 768w, https:\/\/www.rassegnastampa-totustuus.it\/cattolica\/wp-content\/uploads\/2019\/03\/ambiente_paesaggio-toscano.jpg 800w\" sizes=\"auto, (max-width: 271px) 100vw, 271px\" \/><\/a>Non solo la terra \u00e8 stata data da Dio all&#8217;uomo, che deve usarla rispettando l&#8217;intenzione originaria di bene, secondo la quale gli \u00e8 stata donata; ma l&#8217;uomo \u00e8 donato a se stesso da Dio e deve, perci\u00f2, rispettare la struttura naturale e morale di cui \u00e8 stato dotato. Sono da menzionare, in questo contesto, i gravi problemi della moderna urbanizzazione, la necessit\u00e0 di un urbanesimo preoccupato della vita delle persone, come anche la debita attenzione ad un&#8221;&#8216;ecologia sociale del lavoro&#8221;\u00bb <em>Centesimus<\/em> annus \u00a7 38.<\/p>\n<p style=\"text-align: justify;\">\u00abL&#8217;ecologia umana \u00e8 inseparabile dalla nozione di bene comune [&#8230;] che presuppone il rispetto della persona in quanto tale, con diritti fondamentali e inalienabili ordinati al suo sviluppo integrale. Esige anche dispositivi di benessere e sicurezza sociale e lo sviluppo dei diversi gruppi intermedi, tra cui la famiglia\u00bb Francesco, Laudato si&#8217; \u00a7 156-157.<\/p>\n<p style=\"text-align: justify;\">Il magistero della Chiesa ci offre un ragionevole e ampio sguardo sui temi ecologici. Il degrado ambientale \u00e8 il risultato di modi erronei di concepire la natura.<\/p>\n<p style=\"text-align: justify;\"><a href=\"https:\/\/www.rassegnastampa-totustuus.it\/cattolica\/wp-content\/uploads\/2009\/12\/ecologismo.jpg\"><img loading=\"lazy\" decoding=\"async\" class=\"size-full wp-image-31676 alignleft\" src=\"https:\/\/www.rassegnastampa-totustuus.it\/cattolica\/wp-content\/uploads\/2009\/12\/ecologismo.jpg\" alt=\"\" width=\"241\" height=\"209\"><\/a>Se l&#8217;ambiente naturale \u00e8 frutto del caso e non \u00e8 un disegno ordinato che ha in s\u00e9 una logica, allora potr\u00e0 essere sfruttato a piacimento pur di trarre da esso il massimo profitto. Oppure, caso opposto, se la natura \u00e8 eretta a un ideale intoccabile, come divinizzata, allora tutto dovr\u00e0 essere sacrificato per la tutela della natura, anche l&#8217;uomo, che invece \u00e8 parte integrante di tale natura.<\/p>\n<p style=\"text-align: justify;\"><strong>La Bibbia <\/strong><\/p>\n<p style=\"text-align: justify;\">Inoltre, i testi di riferimento che ci orientano su questi temi si trovano nel libro di Genesi, come ad es.: \u00abSiate fecondi e moltiplicatevi, riempite la terra; soggiogatela e dominate sui pesci del mare e sugli uccelli del cielo e su ogni essere vivente che striscia sulla terra (1,26-28); Siate fecondi e moltiplicatevi e riempite la terra\u00bb (9,1).<\/p>\n<p style=\"text-align: justify;\"><a href=\"https:\/\/www.rassegnastampa-totustuus.it\/cattolica\/wp-content\/uploads\/2005\/03\/bibbia.jpg\"><img loading=\"lazy\" decoding=\"async\" class=\"size-full wp-image-31639 alignright\" src=\"https:\/\/www.rassegnastampa-totustuus.it\/cattolica\/wp-content\/uploads\/2005\/03\/bibbia.jpg\" alt=\"\" width=\"259\" height=\"194\"><\/a>Questi brani non rendono lecito alcuno sfruttamento distruttivo e dissennato del creato. I verbi &#8220;soggiogare&#8221; e &#8220;dominare&#8221; vanno letti alla luce dell&#8217;identit\u00e0 stessa dell&#8217;uomo, cio\u00e8 del fatto che l&#8217;uomo \u00e8 creato a \u00abimmagine e somiglianza\u00bb di Dio, come dicono quegli stessi contesti. Come Dio creatore domina e signoreggia, cos\u00ec la persona umana domina e signoreggia sul creato.<\/p>\n<p style=\"text-align: justify;\">La signoria dell&#8217;uomo \u00e8 una signoria partecipata rispetto a quella assoluta del Creatore, \u00e8 una signoria relativa &#8211; e non assoluta dipendente dal Creatore perch\u00e9 l&#8217;uomo stesso \u00e8 creatura che riceve Tessere da Dio. La signoria di Dio realizza la sua sapienza e il suo amore senza limiti. Perci\u00f2 la signoria e il governo che l&#8217;uomo ha del creato saranno anch&#8217;essi riverbero di saggezza e amore.<\/p>\n<p style=\"text-align: justify;\">La conversione &#8220;ecologica&#8221; sar\u00e0 seria e efficace solo se l&#8217;uomo rispetter\u00e0 l&#8217;intenzione fondante con la quale il Creatore ci consegna all&#8217;esistenza, intenzione di bene e di felicit\u00e0 che costituisce l&#8217;uomo e la donna, non arbitri e proprietari assoluti del creato, ma custodi fedeli e amministratori sapienti.<\/p>\n<p style=\"text-align: justify;\">__________________<\/p>\n<p style=\"text-align: justify;\"><strong>Per saperne di pi\u00f9<\/strong><\/p>\n<p style=\"text-align: justify;\"><strong>Pontificio Consiglio della Giustizia e della Pace<\/strong> <em>Compendio della Dottrina Sociale della Chiesa<\/em> Libreria editrice vaticana 2005<\/p>\n<p style=\"text-align: justify;\"><strong>G.<\/strong> <strong>Carbone<\/strong> <em>L&#8217;uomo immagine e somiglianza di Dio<\/em> Edizioni Studio Domenicano 2004<\/p>\n<p style=\"text-align: justify;\"><strong>M. Schooyans<\/strong> <em>Evoluzioni demografiche. Tra falsi miti e verit\u00e0<\/em> Edizioni Studio Domenicano 2013<\/p>\n<p style=\"text-align: justify;\"><strong>M. Schooyans<\/strong> <em>Conversazioni sugli idoli della modernit\u00e0<\/em> Edizioni Studio Domenicano 2010<\/p>\n","protected":false},"excerpt":{"rendered":"<p>Il Timone n.188 Ottobre 2019 Una autentica &#8220;conversione ecologica&#8221; avviene solo con riferimento al Creatore, che ci consegna il creato per il bene e la felicit\u00e0. Altrimenti ogni decrescita sar\u00e0 solo infelice di Giorgio Maria Carbone<\/p><p><a class=\"more-link btn\" href=\"https:\/\/www.rassegnastampa-totustuus.it\/cattolica\/custodi-e-amministratori-non-per-la-decerescita\/\">Continua a leggere<\/a><\/p>\n","protected":false},"author":6,"featured_media":44736,"comment_status":"closed","ping_status":"closed","sticky":false,"template":"","format":"standard","meta":{"footnotes":""},"categories":[3],"tags":[2387,1281],"class_list":["post-44733","post","type-post","status-publish","format-standard","has-post-thumbnail","hentry","category-ambientalismo","tag-ambientalismo","tag-decrescita","item-wrap"],"yoast_head":"<!-- This site is optimized with the Yoast SEO plugin v27.5 - https:\/\/yoast.com\/product\/yoast-seo-wordpress\/ -->\n<title>Custodi e amministratori, non per la decrescita - Rassegna Stampa Cattolica<\/title>\n<meta name=\"description\" content=\"Rassegna Stampa Cattolica - Per una cultura che nasce dalla Rivelazione cristiana in conformit\u00e0 alla tradizione e al Magistero della Chiesa in opposizione ad ogni relativismo e totalitarismo\" \/>\n<meta name=\"robots\" content=\"index, follow, max-snippet:-1, max-image-preview:large, max-video-preview:-1\" \/>\n<link rel=\"canonical\" href=\"https:\/\/www.rassegnastampa-totustuus.it\/cattolica\/custodi-e-amministratori-non-per-la-decerescita\/\" \/>\n<meta property=\"og:locale\" content=\"it_IT\" \/>\n<meta property=\"og:type\" content=\"article\" \/>\n<meta property=\"og:title\" content=\"Custodi e amministratori, non per la decrescita - Rassegna Stampa Cattolica\" \/>\n<meta property=\"og:description\" content=\"Rassegna Stampa Cattolica - Per una cultura che nasce dalla Rivelazione cristiana in conformit\u00e0 alla tradizione e al Magistero della Chiesa in opposizione ad ogni relativismo e totalitarismo\" \/>\n<meta property=\"og:url\" content=\"https:\/\/www.rassegnastampa-totustuus.it\/cattolica\/custodi-e-amministratori-non-per-la-decerescita\/\" \/>\n<meta property=\"og:site_name\" content=\"Rassegna Stampa Cattolica\" \/>\n<meta property=\"article:publisher\" content=\"https:\/\/www.facebook.com\/rassegnastampacattolica\" \/>\n<meta property=\"article:published_time\" content=\"2019-10-30T23:00:42+00:00\" \/>\n<meta property=\"og:image\" content=\"https:\/\/www.rassegnastampa-totustuus.it\/cattolica\/wp-content\/uploads\/2019\/10\/decrescita_ambientalismo.jpg\" \/>\n\t<meta property=\"og:image:width\" content=\"1920\" \/>\n\t<meta property=\"og:image:height\" content=\"1080\" \/>\n\t<meta property=\"og:image:type\" content=\"image\/jpeg\" \/>\n<meta name=\"author\" content=\"Redazione\" \/>\n<meta name=\"twitter:card\" content=\"summary_large_image\" \/>\n<meta name=\"twitter:creator\" content=\"@rassegnastampa9\" \/>\n<meta name=\"twitter:site\" content=\"@rassegnastampa9\" \/>\n<meta name=\"twitter:label1\" content=\"Scritto da\" \/>\n\t<meta name=\"twitter:data1\" content=\"Redazione\" \/>\n\t<meta name=\"twitter:label2\" content=\"Tempo di lettura stimato\" \/>\n\t<meta name=\"twitter:data2\" content=\"8 minuti\" \/>\n<script type=\"application\/ld+json\" class=\"yoast-schema-graph\">{\"@context\":\"https:\\\/\\\/schema.org\",\"@graph\":[{\"@type\":\"Article\",\"@id\":\"https:\\\/\\\/www.rassegnastampa-totustuus.it\\\/cattolica\\\/custodi-e-amministratori-non-per-la-decerescita\\\/#article\",\"isPartOf\":{\"@id\":\"https:\\\/\\\/www.rassegnastampa-totustuus.it\\\/cattolica\\\/custodi-e-amministratori-non-per-la-decerescita\\\/\"},\"author\":{\"name\":\"Redazione\",\"@id\":\"https:\\\/\\\/www.rassegnastampa-totustuus.it\\\/cattolica\\\/#\\\/schema\\\/person\\\/08f319d2bd1a0904ad9e2bfb7b15e5c3\"},\"headline\":\"Custodi e amministratori, non per la decrescita\",\"datePublished\":\"2019-10-30T23:00:42+00:00\",\"mainEntityOfPage\":{\"@id\":\"https:\\\/\\\/www.rassegnastampa-totustuus.it\\\/cattolica\\\/custodi-e-amministratori-non-per-la-decerescita\\\/\"},\"wordCount\":1624,\"publisher\":{\"@id\":\"https:\\\/\\\/www.rassegnastampa-totustuus.it\\\/cattolica\\\/#organization\"},\"image\":{\"@id\":\"https:\\\/\\\/www.rassegnastampa-totustuus.it\\\/cattolica\\\/custodi-e-amministratori-non-per-la-decerescita\\\/#primaryimage\"},\"thumbnailUrl\":\"https:\\\/\\\/www.rassegnastampa-totustuus.it\\\/cattolica\\\/wp-content\\\/uploads\\\/2019\\\/10\\\/decrescita_ambientalismo.jpg\",\"keywords\":[\"Ambientalismo\",\"decrescita\"],\"articleSection\":[\"Ambientalismo\"],\"inLanguage\":\"it-IT\"},{\"@type\":\"WebPage\",\"@id\":\"https:\\\/\\\/www.rassegnastampa-totustuus.it\\\/cattolica\\\/custodi-e-amministratori-non-per-la-decerescita\\\/\",\"url\":\"https:\\\/\\\/www.rassegnastampa-totustuus.it\\\/cattolica\\\/custodi-e-amministratori-non-per-la-decerescita\\\/\",\"name\":\"Custodi e amministratori, non per la decrescita - Rassegna Stampa Cattolica\",\"isPartOf\":{\"@id\":\"https:\\\/\\\/www.rassegnastampa-totustuus.it\\\/cattolica\\\/#website\"},\"primaryImageOfPage\":{\"@id\":\"https:\\\/\\\/www.rassegnastampa-totustuus.it\\\/cattolica\\\/custodi-e-amministratori-non-per-la-decerescita\\\/#primaryimage\"},\"image\":{\"@id\":\"https:\\\/\\\/www.rassegnastampa-totustuus.it\\\/cattolica\\\/custodi-e-amministratori-non-per-la-decerescita\\\/#primaryimage\"},\"thumbnailUrl\":\"https:\\\/\\\/www.rassegnastampa-totustuus.it\\\/cattolica\\\/wp-content\\\/uploads\\\/2019\\\/10\\\/decrescita_ambientalismo.jpg\",\"datePublished\":\"2019-10-30T23:00:42+00:00\",\"description\":\"Rassegna Stampa Cattolica - Per una cultura che nasce dalla Rivelazione cristiana in conformit\u00e0 alla tradizione e al Magistero della Chiesa in opposizione ad ogni relativismo e totalitarismo\",\"breadcrumb\":{\"@id\":\"https:\\\/\\\/www.rassegnastampa-totustuus.it\\\/cattolica\\\/custodi-e-amministratori-non-per-la-decerescita\\\/#breadcrumb\"},\"inLanguage\":\"it-IT\",\"potentialAction\":[{\"@type\":\"ReadAction\",\"target\":[\"https:\\\/\\\/www.rassegnastampa-totustuus.it\\\/cattolica\\\/custodi-e-amministratori-non-per-la-decerescita\\\/\"]}]},{\"@type\":\"ImageObject\",\"inLanguage\":\"it-IT\",\"@id\":\"https:\\\/\\\/www.rassegnastampa-totustuus.it\\\/cattolica\\\/custodi-e-amministratori-non-per-la-decerescita\\\/#primaryimage\",\"url\":\"https:\\\/\\\/www.rassegnastampa-totustuus.it\\\/cattolica\\\/wp-content\\\/uploads\\\/2019\\\/10\\\/decrescita_ambientalismo.jpg\",\"contentUrl\":\"https:\\\/\\\/www.rassegnastampa-totustuus.it\\\/cattolica\\\/wp-content\\\/uploads\\\/2019\\\/10\\\/decrescita_ambientalismo.jpg\",\"width\":1920,\"height\":1080},{\"@type\":\"BreadcrumbList\",\"@id\":\"https:\\\/\\\/www.rassegnastampa-totustuus.it\\\/cattolica\\\/custodi-e-amministratori-non-per-la-decerescita\\\/#breadcrumb\",\"itemListElement\":[{\"@type\":\"ListItem\",\"position\":1,\"name\":\"Home\",\"item\":\"https:\\\/\\\/www.rassegnastampa-totustuus.it\\\/cattolica\\\/\"},{\"@type\":\"ListItem\",\"position\":2,\"name\":\"Custodi e amministratori, non per la decrescita\"}]},{\"@type\":\"WebSite\",\"@id\":\"https:\\\/\\\/www.rassegnastampa-totustuus.it\\\/cattolica\\\/#website\",\"url\":\"https:\\\/\\\/www.rassegnastampa-totustuus.it\\\/cattolica\\\/\",\"name\":\"Rassegna Stampa Cattolica\",\"description\":\"Per una cultura che nasce dalla Rivelazione cristiana in conformit\u00e0 alla tradizione e al Magistero della Chiesa in opposizione ad ogni relativismo e totalitarismo\",\"publisher\":{\"@id\":\"https:\\\/\\\/www.rassegnastampa-totustuus.it\\\/cattolica\\\/#organization\"},\"alternateName\":\"Rass. Cattolica\",\"potentialAction\":[{\"@type\":\"SearchAction\",\"target\":{\"@type\":\"EntryPoint\",\"urlTemplate\":\"https:\\\/\\\/www.rassegnastampa-totustuus.it\\\/cattolica\\\/?s={search_term_string}\"},\"query-input\":{\"@type\":\"PropertyValueSpecification\",\"valueRequired\":true,\"valueName\":\"search_term_string\"}}],\"inLanguage\":\"it-IT\"},{\"@type\":\"Organization\",\"@id\":\"https:\\\/\\\/www.rassegnastampa-totustuus.it\\\/cattolica\\\/#organization\",\"name\":\"Rassegna Stampa Cattolica\",\"url\":\"https:\\\/\\\/www.rassegnastampa-totustuus.it\\\/cattolica\\\/\",\"logo\":{\"@type\":\"ImageObject\",\"inLanguage\":\"it-IT\",\"@id\":\"https:\\\/\\\/www.rassegnastampa-totustuus.it\\\/cattolica\\\/#\\\/schema\\\/logo\\\/image\\\/\",\"url\":\"https:\\\/\\\/www.rassegnastampa-totustuus.it\\\/cattolica\\\/wp-content\\\/uploads\\\/2014\\\/04\\\/logo-rassegna1.gif\",\"contentUrl\":\"https:\\\/\\\/www.rassegnastampa-totustuus.it\\\/cattolica\\\/wp-content\\\/uploads\\\/2014\\\/04\\\/logo-rassegna1.gif\",\"width\":600,\"height\":163,\"caption\":\"Rassegna Stampa Cattolica\"},\"image\":{\"@id\":\"https:\\\/\\\/www.rassegnastampa-totustuus.it\\\/cattolica\\\/#\\\/schema\\\/logo\\\/image\\\/\"},\"sameAs\":[\"https:\\\/\\\/www.facebook.com\\\/rassegnastampacattolica\",\"https:\\\/\\\/x.com\\\/rassegnastampa9\"]},{\"@type\":\"Person\",\"@id\":\"https:\\\/\\\/www.rassegnastampa-totustuus.it\\\/cattolica\\\/#\\\/schema\\\/person\\\/08f319d2bd1a0904ad9e2bfb7b15e5c3\",\"name\":\"Redazione\",\"image\":{\"@type\":\"ImageObject\",\"inLanguage\":\"it-IT\",\"@id\":\"https:\\\/\\\/secure.gravatar.com\\\/avatar\\\/2fcdf27c78ea025fbdb44e914cc63c72249ffec9dc8aafd5c82b26240ef3f346?s=96&d=mm&r=g\",\"url\":\"https:\\\/\\\/secure.gravatar.com\\\/avatar\\\/2fcdf27c78ea025fbdb44e914cc63c72249ffec9dc8aafd5c82b26240ef3f346?s=96&d=mm&r=g\",\"contentUrl\":\"https:\\\/\\\/secure.gravatar.com\\\/avatar\\\/2fcdf27c78ea025fbdb44e914cc63c72249ffec9dc8aafd5c82b26240ef3f346?s=96&d=mm&r=g\",\"caption\":\"Redazione\"},\"url\":\"https:\\\/\\\/www.rassegnastampa-totustuus.it\\\/cattolica\\\/author\\\/pietroelle\\\/\"}]}<\/script>\n<!-- \/ Yoast SEO plugin. -->","yoast_head_json":{"title":"Custodi e amministratori, non per la decrescita - Rassegna Stampa Cattolica","description":"Rassegna Stampa Cattolica - Per una cultura che nasce dalla Rivelazione cristiana in conformit\u00e0 alla tradizione e al Magistero della Chiesa in opposizione ad ogni relativismo e totalitarismo","robots":{"index":"index","follow":"follow","max-snippet":"max-snippet:-1","max-image-preview":"max-image-preview:large","max-video-preview":"max-video-preview:-1"},"canonical":"https:\/\/www.rassegnastampa-totustuus.it\/cattolica\/custodi-e-amministratori-non-per-la-decerescita\/","og_locale":"it_IT","og_type":"article","og_title":"Custodi e amministratori, non per la decrescita - Rassegna Stampa Cattolica","og_description":"Rassegna Stampa Cattolica - Per una cultura che nasce dalla Rivelazione cristiana in conformit\u00e0 alla tradizione e al Magistero della Chiesa in opposizione ad ogni relativismo e totalitarismo","og_url":"https:\/\/www.rassegnastampa-totustuus.it\/cattolica\/custodi-e-amministratori-non-per-la-decerescita\/","og_site_name":"Rassegna Stampa Cattolica","article_publisher":"https:\/\/www.facebook.com\/rassegnastampacattolica","article_published_time":"2019-10-30T23:00:42+00:00","og_image":[{"width":1920,"height":1080,"url":"https:\/\/www.rassegnastampa-totustuus.it\/cattolica\/wp-content\/uploads\/2019\/10\/decrescita_ambientalismo.jpg","type":"image\/jpeg"}],"author":"Redazione","twitter_card":"summary_large_image","twitter_creator":"@rassegnastampa9","twitter_site":"@rassegnastampa9","twitter_misc":{"Scritto da":"Redazione","Tempo di lettura stimato":"8 minuti"},"schema":{"@context":"https:\/\/schema.org","@graph":[{"@type":"Article","@id":"https:\/\/www.rassegnastampa-totustuus.it\/cattolica\/custodi-e-amministratori-non-per-la-decerescita\/#article","isPartOf":{"@id":"https:\/\/www.rassegnastampa-totustuus.it\/cattolica\/custodi-e-amministratori-non-per-la-decerescita\/"},"author":{"name":"Redazione","@id":"https:\/\/www.rassegnastampa-totustuus.it\/cattolica\/#\/schema\/person\/08f319d2bd1a0904ad9e2bfb7b15e5c3"},"headline":"Custodi e amministratori, non per la decrescita","datePublished":"2019-10-30T23:00:42+00:00","mainEntityOfPage":{"@id":"https:\/\/www.rassegnastampa-totustuus.it\/cattolica\/custodi-e-amministratori-non-per-la-decerescita\/"},"wordCount":1624,"publisher":{"@id":"https:\/\/www.rassegnastampa-totustuus.it\/cattolica\/#organization"},"image":{"@id":"https:\/\/www.rassegnastampa-totustuus.it\/cattolica\/custodi-e-amministratori-non-per-la-decerescita\/#primaryimage"},"thumbnailUrl":"https:\/\/www.rassegnastampa-totustuus.it\/cattolica\/wp-content\/uploads\/2019\/10\/decrescita_ambientalismo.jpg","keywords":["Ambientalismo","decrescita"],"articleSection":["Ambientalismo"],"inLanguage":"it-IT"},{"@type":"WebPage","@id":"https:\/\/www.rassegnastampa-totustuus.it\/cattolica\/custodi-e-amministratori-non-per-la-decerescita\/","url":"https:\/\/www.rassegnastampa-totustuus.it\/cattolica\/custodi-e-amministratori-non-per-la-decerescita\/","name":"Custodi e amministratori, non per la decrescita - Rassegna Stampa Cattolica","isPartOf":{"@id":"https:\/\/www.rassegnastampa-totustuus.it\/cattolica\/#website"},"primaryImageOfPage":{"@id":"https:\/\/www.rassegnastampa-totustuus.it\/cattolica\/custodi-e-amministratori-non-per-la-decerescita\/#primaryimage"},"image":{"@id":"https:\/\/www.rassegnastampa-totustuus.it\/cattolica\/custodi-e-amministratori-non-per-la-decerescita\/#primaryimage"},"thumbnailUrl":"https:\/\/www.rassegnastampa-totustuus.it\/cattolica\/wp-content\/uploads\/2019\/10\/decrescita_ambientalismo.jpg","datePublished":"2019-10-30T23:00:42+00:00","description":"Rassegna Stampa Cattolica - Per una cultura che nasce dalla Rivelazione cristiana in conformit\u00e0 alla tradizione e al Magistero della Chiesa in opposizione ad ogni relativismo e totalitarismo","breadcrumb":{"@id":"https:\/\/www.rassegnastampa-totustuus.it\/cattolica\/custodi-e-amministratori-non-per-la-decerescita\/#breadcrumb"},"inLanguage":"it-IT","potentialAction":[{"@type":"ReadAction","target":["https:\/\/www.rassegnastampa-totustuus.it\/cattolica\/custodi-e-amministratori-non-per-la-decerescita\/"]}]},{"@type":"ImageObject","inLanguage":"it-IT","@id":"https:\/\/www.rassegnastampa-totustuus.it\/cattolica\/custodi-e-amministratori-non-per-la-decerescita\/#primaryimage","url":"https:\/\/www.rassegnastampa-totustuus.it\/cattolica\/wp-content\/uploads\/2019\/10\/decrescita_ambientalismo.jpg","contentUrl":"https:\/\/www.rassegnastampa-totustuus.it\/cattolica\/wp-content\/uploads\/2019\/10\/decrescita_ambientalismo.jpg","width":1920,"height":1080},{"@type":"BreadcrumbList","@id":"https:\/\/www.rassegnastampa-totustuus.it\/cattolica\/custodi-e-amministratori-non-per-la-decerescita\/#breadcrumb","itemListElement":[{"@type":"ListItem","position":1,"name":"Home","item":"https:\/\/www.rassegnastampa-totustuus.it\/cattolica\/"},{"@type":"ListItem","position":2,"name":"Custodi e amministratori, non per la decrescita"}]},{"@type":"WebSite","@id":"https:\/\/www.rassegnastampa-totustuus.it\/cattolica\/#website","url":"https:\/\/www.rassegnastampa-totustuus.it\/cattolica\/","name":"Rassegna Stampa Cattolica","description":"Per una cultura che nasce dalla Rivelazione cristiana in conformit\u00e0 alla tradizione e al Magistero della Chiesa in opposizione ad ogni relativismo e totalitarismo","publisher":{"@id":"https:\/\/www.rassegnastampa-totustuus.it\/cattolica\/#organization"},"alternateName":"Rass. Cattolica","potentialAction":[{"@type":"SearchAction","target":{"@type":"EntryPoint","urlTemplate":"https:\/\/www.rassegnastampa-totustuus.it\/cattolica\/?s={search_term_string}"},"query-input":{"@type":"PropertyValueSpecification","valueRequired":true,"valueName":"search_term_string"}}],"inLanguage":"it-IT"},{"@type":"Organization","@id":"https:\/\/www.rassegnastampa-totustuus.it\/cattolica\/#organization","name":"Rassegna Stampa Cattolica","url":"https:\/\/www.rassegnastampa-totustuus.it\/cattolica\/","logo":{"@type":"ImageObject","inLanguage":"it-IT","@id":"https:\/\/www.rassegnastampa-totustuus.it\/cattolica\/#\/schema\/logo\/image\/","url":"https:\/\/www.rassegnastampa-totustuus.it\/cattolica\/wp-content\/uploads\/2014\/04\/logo-rassegna1.gif","contentUrl":"https:\/\/www.rassegnastampa-totustuus.it\/cattolica\/wp-content\/uploads\/2014\/04\/logo-rassegna1.gif","width":600,"height":163,"caption":"Rassegna Stampa Cattolica"},"image":{"@id":"https:\/\/www.rassegnastampa-totustuus.it\/cattolica\/#\/schema\/logo\/image\/"},"sameAs":["https:\/\/www.facebook.com\/rassegnastampacattolica","https:\/\/x.com\/rassegnastampa9"]},{"@type":"Person","@id":"https:\/\/www.rassegnastampa-totustuus.it\/cattolica\/#\/schema\/person\/08f319d2bd1a0904ad9e2bfb7b15e5c3","name":"Redazione","image":{"@type":"ImageObject","inLanguage":"it-IT","@id":"https:\/\/secure.gravatar.com\/avatar\/2fcdf27c78ea025fbdb44e914cc63c72249ffec9dc8aafd5c82b26240ef3f346?s=96&d=mm&r=g","url":"https:\/\/secure.gravatar.com\/avatar\/2fcdf27c78ea025fbdb44e914cc63c72249ffec9dc8aafd5c82b26240ef3f346?s=96&d=mm&r=g","contentUrl":"https:\/\/secure.gravatar.com\/avatar\/2fcdf27c78ea025fbdb44e914cc63c72249ffec9dc8aafd5c82b26240ef3f346?s=96&d=mm&r=g","caption":"Redazione"},"url":"https:\/\/www.rassegnastampa-totustuus.it\/cattolica\/author\/pietroelle\/"}]}},"_links":{"self":[{"href":"https:\/\/www.rassegnastampa-totustuus.it\/cattolica\/wp-json\/wp\/v2\/posts\/44733","targetHints":{"allow":["GET"]}}],"collection":[{"href":"https:\/\/www.rassegnastampa-totustuus.it\/cattolica\/wp-json\/wp\/v2\/posts"}],"about":[{"href":"https:\/\/www.rassegnastampa-totustuus.it\/cattolica\/wp-json\/wp\/v2\/types\/post"}],"author":[{"embeddable":true,"href":"https:\/\/www.rassegnastampa-totustuus.it\/cattolica\/wp-json\/wp\/v2\/users\/6"}],"replies":[{"embeddable":true,"href":"https:\/\/www.rassegnastampa-totustuus.it\/cattolica\/wp-json\/wp\/v2\/comments?post=44733"}],"version-history":[{"count":4,"href":"https:\/\/www.rassegnastampa-totustuus.it\/cattolica\/wp-json\/wp\/v2\/posts\/44733\/revisions"}],"predecessor-version":[{"id":44741,"href":"https:\/\/www.rassegnastampa-totustuus.it\/cattolica\/wp-json\/wp\/v2\/posts\/44733\/revisions\/44741"}],"wp:featuredmedia":[{"embeddable":true,"href":"https:\/\/www.rassegnastampa-totustuus.it\/cattolica\/wp-json\/wp\/v2\/media\/44736"}],"wp:attachment":[{"href":"https:\/\/www.rassegnastampa-totustuus.it\/cattolica\/wp-json\/wp\/v2\/media?parent=44733"}],"wp:term":[{"taxonomy":"category","embeddable":true,"href":"https:\/\/www.rassegnastampa-totustuus.it\/cattolica\/wp-json\/wp\/v2\/categories?post=44733"},{"taxonomy":"post_tag","embeddable":true,"href":"https:\/\/www.rassegnastampa-totustuus.it\/cattolica\/wp-json\/wp\/v2\/tags?post=44733"}],"curies":[{"name":"wp","href":"https:\/\/api.w.org\/{rel}","templated":true}]}}