{"id":4464,"date":"2011-03-18T09:45:17","date_gmt":"2011-03-18T08:45:17","guid":{"rendered":""},"modified":"2016-04-21T12:29:04","modified_gmt":"2016-04-21T10:29:04","slug":"fondamentale-lapporto-dei-cattolici-nel-processo-di-unificazione","status":"publish","type":"post","link":"https:\/\/www.rassegnastampa-totustuus.it\/cattolica\/fondamentale-lapporto-dei-cattolici-nel-processo-di-unificazione\/","title":{"rendered":"Fondamentale l&#8217;apporto dei cattolici nel processo di unificazione"},"content":{"rendered":"<div style=\"text-align: center;\"><strong><img loading=\"lazy\" decoding=\"async\" class=\"alignleft wp-image-33285\" src=\"https:\/\/www.rassegnastampa-totustuus.it\/cattolica\/wp-content\/uploads\/2011\/03\/cattolici_Unit\u00e0.jpg\" alt=\"cattolici_Unit\u00e0\" width=\"221\" height=\"228\" \/>La Bussola quotidiana<\/strong> 16 marzo 2011<\/div>\n<p style=\"text-align: center;\">di <strong>Massimo Introvigne<\/strong><\/p>\n<p style=\"text-align: justify;\"><strong>Il 16 marzo Benedetto XVI<\/strong> ha inviato un Messaggio al Presidente della Repubblica Italiana, On. Giorgio Napolitano, in occasione dei 150 anni dell\u2019Unit\u00e0 politica d\u2019Italia. Questo denso messaggio ripercorre tutta la storia d&#8217;Italia e &#8211; nel clima di conciliazione che dovrebbe caratterizzare la ricorrenza &#8211; cerca di valorizzare tutti gli apporti cattolici alla formazione dell&#8217;identit\u00e0 nazionale, compresi quelli dei cattolici liberali che a loro tempo si trovarono in difficolt\u00e0 con la Chiesa, di alcuni dei quali non si pu\u00f2 per\u00f2 mettere in dubbio la sincerit\u00e0 della fede.<\/p>\n<p><!--more--><\/p>\n<div style=\"text-align: justify;\"><strong>Il Papa ha anzitutto ricordato<\/strong> che le radici dell&#8217;unit\u00e0 d&#8217;Italia, sul piano culturale e religioso, risalgono a ben prima del 1861. L&#8217;unit\u00e0 politica &#8220;costitu\u00ec il naturale sbocco di uno sviluppo identitario nazionale iniziato molto tempo prima. In effetti, la nazione italiana, come comunit\u00e0 di persone unite dalla lingua, dalla cultura, dai sentimenti di una medesima appartenenza, seppure nella pluralit\u00e0 di comunit\u00e0 politiche articolate sulla penisola, comincia a formarsi nell\u2019et\u00e0 medievale&#8221;.<\/div>\n<p style=\"text-align: justify;\"><strong>N\u00e9 \u00e8 pensabile, ha detto il Papa <\/strong>parlare di unit\u00e0 culturale dell&#8217;Italia prescindendo dal cristianesimo. In effetti, &#8220;il Cristianesimo ha contribuito in maniera fondamentale alla costruzione dell\u2019identit\u00e0 italiana attraverso l\u2019opera della Chiesa, delle sue istituzioni educative ed assistenziali, fissando modelli di comportamento, configurazioni istituzionali, rapporti sociali; ma anche mediante una ricchissima attivit\u00e0 artistica: la letteratura, la pittura, la scultura, l\u2019architettura, la musica. Dante, Giotto, Petrarca, Michelangelo, Raffaello, Pierluigi da Palestrina, Caravaggio, Scarlatti, Bernini e Borromini sono solo alcuni nomi di una filiera di grandi artisti che, nei secoli, hanno dato un apporto fondamentale alla formazione dell\u2019identit\u00e0 italiana&#8221;.<\/p>\n<p style=\"text-align: justify;\"><strong>Non \u00e8 neppure corretto affermare,<\/strong> continua il Papa, che l&#8217;unit\u00e0 religiosa dell&#8217;Italia fosse un puro elemento culturale senza valenza politica. Al contrario, &#8220;le esperienze di santit\u00e0, che numerose hanno costellato la storia dell\u2019Italia, contribuirono fortemente a costruire tale identit\u00e0, non solo sotto lo specifico profilo di una peculiare realizzazione del messaggio evangelico, che ha marcato nel tempo l\u2019esperienza religiosa e la spiritualit\u00e0 degli italiani (si pensi alle grandi e molteplici espressioni della piet\u00e0 popolare), ma pure sotto il profilo culturale e persino politico. San Francesco di Assisi, ad esempio, si segnala anche per il contributo a forgiare la lingua nazionale; santa Caterina da Siena offre, seppure semplice popolana, uno stimolo formidabile alla elaborazione di un pensiero politico e giuridico italiano&#8221;.<\/p>\n<p style=\"text-align: justify;\"><strong>Continuando nella sua analisi storica<\/strong>, il Papa ha criticato quanti pensano che dopo il Medioevo in un&#8217;Italia asservita allo straniero il processo mediante il quale la religione ha dato unit\u00e0 agli italiani si sia interrotto. Non \u00e8 cos\u00ec. &#8220;L&#8217;apporto della Chiesa e dei credenti al processo di formazione e di consolidamento dell\u2019identit\u00e0 nazionale continua nell\u2019et\u00e0 moderna e contemporanea. Anche quando parti della penisola furono assoggettate alla sovranit\u00e0 di potenze straniere, fu proprio grazie a tale identit\u00e0 ormai netta e forte che, nonostante il perdurare nel tempo della frammentazione geopolitica, la nazione italiana pot\u00e9 continuare a sussistere e ad essere consapevole di s\u00e9&#8221;.<\/p>\n<p style=\"text-align: justify;\"><strong>Alla fine, se l&#8217;unit\u00e0 politica<\/strong> ha potuto realizzarsi \u00e8 proprio perch\u00e9 esisteva gi\u00e0 una &#8220;identit\u00e0 nazionale forte e radicata, sussistente da tempo. La comunit\u00e0 politica unitaria nascente a conclusione del ciclo risorgimentale ha avuto, in definitiva, come collante che teneva unite le pur sussistenti diversit\u00e0 locali, proprio la preesistente identit\u00e0 nazionale, al cui modellamento il Cristianesimo e la Chiesa hanno dato un contributo fondamentale&#8221;.<\/p>\n<p style=\"text-align: justify;\"><strong>E tuttavia occorre dire anche<\/strong> che su questa storia molto antica &#8220;il Risorgimento \u00e8 passato come un moto contrario alla Chiesa, al Cattolicesimo, talora anche alla religione in generale.&#8221;. Ma in questo &#8220;passaggio&#8221; neppure &#8220;si pu\u00f2 sottacere l\u2019apporto di pensiero &#8211; e talora di azione &#8211; dei cattolici alla formazione dello Stato unitario&#8221;. Il Papa ha citato cattolici liberali come Vincenzo Gioberti e Massimo d&#8217;Azeglio ma ha sottolineato soprattutto che dal punto di vista &#8220;filosofico, politico ed anche giuridico risalta la grande figura di Antonio Rosmini, la cui influenza si \u00e8 dispiegata nel tempo, fino ad informare punti significativi della vigente Costituzione italiana&#8221;.<\/p>\n<p style=\"text-align: justify;\">Ne mancano letterati cattolici come Alessandro Manzoni, definito &#8220;fedele interprete della fede e della morale cattolica&#8221;, o &#8220;Silvio Pellico, che con la sua opera autobiografica sulle dolorose vicissitudini di un patriota seppe testimoniare la conciliabilit\u00e0 dell\u2019amor di Patria con una fede adamantina. E di nuovo figure di santi, come san Giovanni Bosco, spinto dalla preoccupazione pedagogica a comporre manuali di storia Patria, che modell\u00f2 l\u2019appartenenza all\u2019istituto da lui fondato su un paradigma coerente con una sana concezione liberale: &#8216;cittadini di fronte allo Stato e religiosi di fronte alla Chiesa&#8217;&#8221;.<\/p>\n<p style=\"text-align: justify;\"><strong>E tuttavia il processo unitario<\/strong> &#8220;in quanto dovette inevitabilmente misurarsi col problema della sovranit\u00e0 temporale dei Papi (ma anche perch\u00e9 portava ad estendere ai territori via via acquisiti una legislazione in materia ecclesiastica di orientamento fortemente laicista), ebbe effetti dilaceranti nella coscienza individuale e collettiva dei cattolici italiani, divisi tra gli opposti sentimenti di fedelt\u00e0 nascenti dalla cittadinanza da un lato e dall\u2019appartenenza ecclesiale dall\u2019altro. Ma si deve riconoscere che, se fu il processo di unificazione politico-istituzionale a produrre quel conflitto tra Stato e Chiesa che \u00e8 passato alla storia col nome di &#8216;Questione Romana&#8217; suscitando di conseguenza l\u2019aspettativa di una formale &#8216;Conciliazione&#8217;, nessun conflitto si verific\u00f2 nel corpo sociale, segnato da una profonda amicizia tra comunit\u00e0 civile e comunit\u00e0 ecclesiale.<\/p>\n<p style=\"text-align: justify;\">L\u2019identit\u00e0 nazionale degli italiani, cos\u00ec fortemente radicata nelle tradizioni cattoliche, costitu\u00ec in verit\u00e0 la base pi\u00f9 solida della conquistata unit\u00e0 politica. In definitiva, la Conciliazione doveva avvenire fra le Istituzioni, non nel corpo sociale, dove fede e cittadinanza non erano in conflitto&#8221;. Si tratta di un punto fondamentale del Messaggio. Se ci fu conflitto fra la Chiesa e le istituzioni italiane, mai ci fu un conflitto fra la Chiesa e il popolo italiano.<\/p>\n<p style=\"text-align: justify;\"><strong>La Chiesa, poi, non smise mai <\/strong>di operare per il bene comune attraverso la sua attivit\u00e0 sociale. &#8220;Anche negli anni della dilacerazione i cattolici hanno lavorato all\u2019unit\u00e0 del Paese. L\u2019astensione dalla vita politica, seguente il &#8216;non expedit&#8217; rivolse le realt\u00e0 del mondo cattolico verso una grande assunzione di responsabilit\u00e0 nel sociale: educazione, istruzione, assistenza, sanit\u00e0, cooperazione, economia sociale, furono ambiti di impegno che fecero crescere una societ\u00e0 solidale e fortemente coesa&#8221;.<\/p>\n<p style=\"text-align: justify;\"><strong>Ma che dire della questione romana?<\/strong> Il Papa non offre giudizi sommari. &#8220;La vertenza apertasi tra Stato e Chiesa con la proclamazione di Roma capitale d\u2019Italia e con la fine dello Stato Pontificio, era particolarmente complessa. Si trattava indubbiamente di un caso tutto italiano, nella misura in cui solo l\u2019Italia ha la singolarit\u00e0 di ospitare la sede del Papato. D\u2019altra parte, la questione aveva una indubbia rilevanza anche internazionale. Si deve notare che, finito il potere temporale, la Santa Sede, pur reclamando la pi\u00f9 piena libert\u00e0 e la sovranit\u00e0 che le spetta nell\u2019ordine suo, ha sempre rifiutato la possibilit\u00e0 di una soluzione della &#8216;Questione Romana&#8217; attraverso imposizioni dall\u2019esterno, confidando nei sentimenti del popolo italiano e nel senso di responsabilit\u00e0 e giustizia dello Stato italiano.<\/p>\n<p style=\"text-align: justify;\">La firma dei Patti lateranensi, l\u201911 febbraio 1929, segn\u00f2 la definitiva soluzione del problema. A proposito della fine degli Stati pontifici, nel ricordo del beato Papa Pio IX e dei Successori, riprendo le parole del Cardinale Giovanni Battista Montini, nel suo discorso tenuto in Campidoglio il 10 ottobre 1962: &#8216;Il papato riprese con inusitato vigore le sue funzioni di maestro di vita e di testimonio del Vangelo, cos\u00ec da salire a tanta altezza nel governo spirituale della Chiesa e nell\u2019irradiazione sul mondo, come prima non mai'&#8221;.<\/p>\n<p style=\"text-align: justify;\"><strong>Risolta istituzionalmente la questione <\/strong>romana, il successivo &#8220;apporto fondamentale dei cattolici italiani alla elaborazione della Costituzione repubblicana del 1947 \u00e8 ben noto. Se il testo costituzionale fu il positivo frutto di un incontro e di una collaborazione tra diverse tradizioni di pensiero, non c\u2019\u00e8 alcun dubbio che solo i costituenti cattolici si presentarono allo storico appuntamento con un preciso progetto sulla legge fondamentale del nuovo Stato italiano; un progetto maturato all\u2019interno dell\u2019Azione Cattolica, in particolare della FUCI e del Movimento Laureati, e dell\u2019Universit\u00e0 Cattolica del Sacro Cuore, ed oggetto di riflessione e di elaborazione nel Codice di Camaldoli del 1945 e nella XIX Settimana Sociale dei Cattolici Italiani dello stesso anno, dedicata al tema &#8216;Costituzione e Costituente&#8217;.<\/p>\n<p style=\"text-align: justify;\">Da l\u00ec prese l&#8217;avvio un impegno molto significativo dei cattolici italiani nella politica, nell\u2019attivit\u00e0 sindacale, nelle istituzioni pubbliche, nelle realt\u00e0 economiche, nelle espressioni della societ\u00e0 civile, offrendo cos\u00ec un contributo assai rilevante alla crescita del Paese, con dimostrazione di assoluta fedelt\u00e0 allo Stato e di dedizione al bene comune e collocando l\u2019Italia in proiezione europea&#8221;.<\/p>\n<p style=\"text-align: justify;\"><strong>Un cenno il Papa ha riservato<\/strong> anche agli &#8220;anni di piombo&#8221;. &#8220;Negli anni dolorosi ed oscuri del terrorismo, poi, i cattolici hanno dato la loro testimonianza di sangue: come non ricordare, tra le varie figure, quelle dell\u2019On. Aldo Moro e del Prof. Vittorio Bachelet?&#8221;.<\/p>\n<p style=\"text-align: justify;\"><strong>Ma anche negli anni pi\u00f9 difficili, <\/strong>la Chiesa ha proseguito la sua missione.&#8221;Dal canto suo la Chiesa, grazie anche alla larga libert\u00e0 assicuratale dal Concordato lateranense del 1929, ha continuato, con le proprie istituzioni ed attivit\u00e0, a fornire un fattivo contributo al bene comune, intervenendo in particolare a sostegno delle persone pi\u00f9 emarginate e sofferenti, e soprattutto proseguendo ad alimentare il corpo sociale di quei valori morali che sono essenziali per la vita di una societ\u00e0 democratica, giusta, ordinata.<\/p>\n<p style=\"text-align: justify;\">Il bene del Paese, integralmente inteso, \u00e8 stato sempre perseguito e particolarmente espresso in momenti di alto significato, come nella &#8216;grande preghiera per l\u2019Italia&#8217; indetta dal Venerabile Giovanni Paolo II il 10 gennaio 1994&#8243;.Benedetto XVI ha anche ribadito il suo giudizio positivo sulla revisione del Concordato del 1984&#8242; che &#8220;ha segnato il passaggio ad una nuova fase dei rapporti tra Chiesa e Stato in Italia&#8221;, &#8220;chiaramente avvertito&#8221; dal venerabile Giovanni Paolo II.<\/p>\n<p style=\"text-align: justify;\"><strong>Lontana da ogni clericalismo,<\/strong> oggi &#8220;la Chiesa \u00e8 consapevole non solo del contributo che essa offre alla societ\u00e0 civile per il bene comune, ma anche di ci\u00f2 che riceve dalla societ\u00e0 civile, come afferma il Concilio Vaticano II&#8221;.\u00a0 &#8220;Passate le turbolenze causate dalla &#8220;questione romana&#8221;, giunti all\u2019auspicata Conciliazione, anche lo Stato Italiano ha offerto e continua ad offrire una collaborazione preziosa, di cui la Santa Sede fruisce e di cui \u00e8 consapevolmente grata&#8221;.<\/p>\n","protected":false},"excerpt":{"rendered":"<p>La Bussola quotidiana 16 marzo 2011 di Massimo Introvigne Il 16 marzo Benedetto XVI ha inviato un Messaggio al Presidente della Repubblica Italiana, On. Giorgio Napolitano, in occasione dei 150 anni dell\u2019Unit\u00e0 politica d\u2019Italia. Questo denso messaggio ripercorre tutta la storia d&#8217;Italia e &#8211; nel clima di conciliazione che dovrebbe caratterizzare la ricorrenza &#8211; cerca &hellip; <\/p>\n<p><a class=\"more-link btn\" href=\"https:\/\/www.rassegnastampa-totustuus.it\/cattolica\/fondamentale-lapporto-dei-cattolici-nel-processo-di-unificazione\/\">Continua a leggere<\/a><\/p>\n","protected":false},"author":6,"featured_media":33285,"comment_status":"closed","ping_status":"open","sticky":false,"template":"","format":"standard","meta":{"footnotes":""},"categories":[110,5,101,96],"tags":[1287],"class_list":["post-4464","post","type-post","status-publish","format-standard","has-post-thumbnail","hentry","category-benedetto-xvi","category-chiesa","category-risorgimento","category-storia-italiana","tag-150-unita","item-wrap"],"yoast_head":"<!-- This site is optimized with the Yoast SEO plugin v27.5 - https:\/\/yoast.com\/product\/yoast-seo-wordpress\/ -->\n<title>Fondamentale l&#039;apporto dei cattolici nel processo di unificazione - Rassegna Stampa Cattolica<\/title>\n<meta name=\"description\" content=\"Rassegna Stampa Cattolica - Per una cultura che nasce dalla Rivelazione cristiana in conformit\u00e0 alla tradizione e al Magistero della Chiesa in opposizione ad ogni relativismo e totalitarismo\" \/>\n<meta name=\"robots\" content=\"index, follow, max-snippet:-1, max-image-preview:large, max-video-preview:-1\" \/>\n<link rel=\"canonical\" href=\"https:\/\/www.rassegnastampa-totustuus.it\/cattolica\/fondamentale-lapporto-dei-cattolici-nel-processo-di-unificazione\/\" \/>\n<meta property=\"og:locale\" content=\"it_IT\" \/>\n<meta property=\"og:type\" content=\"article\" \/>\n<meta property=\"og:title\" content=\"Fondamentale l&#039;apporto dei cattolici nel processo di unificazione - Rassegna Stampa Cattolica\" \/>\n<meta property=\"og:description\" content=\"Rassegna Stampa Cattolica - Per una cultura che nasce dalla Rivelazione cristiana in conformit\u00e0 alla tradizione e al Magistero della Chiesa in opposizione ad ogni relativismo e totalitarismo\" \/>\n<meta property=\"og:url\" content=\"https:\/\/www.rassegnastampa-totustuus.it\/cattolica\/fondamentale-lapporto-dei-cattolici-nel-processo-di-unificazione\/\" \/>\n<meta property=\"og:site_name\" content=\"Rassegna Stampa Cattolica\" \/>\n<meta property=\"article:publisher\" content=\"https:\/\/www.facebook.com\/rassegnastampacattolica\" \/>\n<meta property=\"article:published_time\" content=\"2011-03-18T08:45:17+00:00\" \/>\n<meta property=\"article:modified_time\" content=\"2016-04-21T10:29:04+00:00\" \/>\n<meta property=\"og:image\" content=\"https:\/\/www.rassegnastampa-totustuus.it\/cattolica\/wp-content\/uploads\/2011\/03\/cattolici_Unit\u00e0.jpg\" \/>\n\t<meta property=\"og:image:width\" content=\"221\" \/>\n\t<meta property=\"og:image:height\" content=\"228\" \/>\n\t<meta property=\"og:image:type\" content=\"image\/jpeg\" \/>\n<meta name=\"author\" content=\"Redazione\" \/>\n<meta name=\"twitter:card\" content=\"summary_large_image\" \/>\n<meta name=\"twitter:creator\" content=\"@rassegnastampa9\" \/>\n<meta name=\"twitter:site\" content=\"@rassegnastampa9\" \/>\n<meta name=\"twitter:label1\" content=\"Scritto da\" \/>\n\t<meta name=\"twitter:data1\" content=\"Redazione\" \/>\n\t<meta name=\"twitter:label2\" content=\"Tempo di lettura stimato\" \/>\n\t<meta name=\"twitter:data2\" content=\"8 minuti\" \/>\n<script type=\"application\/ld+json\" class=\"yoast-schema-graph\">{\"@context\":\"https:\\\/\\\/schema.org\",\"@graph\":[{\"@type\":\"Article\",\"@id\":\"https:\\\/\\\/www.rassegnastampa-totustuus.it\\\/cattolica\\\/fondamentale-lapporto-dei-cattolici-nel-processo-di-unificazione\\\/#article\",\"isPartOf\":{\"@id\":\"https:\\\/\\\/www.rassegnastampa-totustuus.it\\\/cattolica\\\/fondamentale-lapporto-dei-cattolici-nel-processo-di-unificazione\\\/\"},\"author\":{\"name\":\"Redazione\",\"@id\":\"https:\\\/\\\/www.rassegnastampa-totustuus.it\\\/cattolica\\\/#\\\/schema\\\/person\\\/08f319d2bd1a0904ad9e2bfb7b15e5c3\"},\"headline\":\"Fondamentale l&#8217;apporto dei cattolici nel processo di unificazione\",\"datePublished\":\"2011-03-18T08:45:17+00:00\",\"dateModified\":\"2016-04-21T10:29:04+00:00\",\"mainEntityOfPage\":{\"@id\":\"https:\\\/\\\/www.rassegnastampa-totustuus.it\\\/cattolica\\\/fondamentale-lapporto-dei-cattolici-nel-processo-di-unificazione\\\/\"},\"wordCount\":1690,\"publisher\":{\"@id\":\"https:\\\/\\\/www.rassegnastampa-totustuus.it\\\/cattolica\\\/#organization\"},\"image\":{\"@id\":\"https:\\\/\\\/www.rassegnastampa-totustuus.it\\\/cattolica\\\/fondamentale-lapporto-dei-cattolici-nel-processo-di-unificazione\\\/#primaryimage\"},\"thumbnailUrl\":\"https:\\\/\\\/www.rassegnastampa-totustuus.it\\\/cattolica\\\/wp-content\\\/uploads\\\/2011\\\/03\\\/cattolici_Unit\u00e0.jpg\",\"keywords\":[\"150 Unit\u00e0\"],\"articleSection\":[\"Benedetto XVI\",\"Chiesa\",\"Risorgimento\",\"Storia italiana\"],\"inLanguage\":\"it-IT\"},{\"@type\":\"WebPage\",\"@id\":\"https:\\\/\\\/www.rassegnastampa-totustuus.it\\\/cattolica\\\/fondamentale-lapporto-dei-cattolici-nel-processo-di-unificazione\\\/\",\"url\":\"https:\\\/\\\/www.rassegnastampa-totustuus.it\\\/cattolica\\\/fondamentale-lapporto-dei-cattolici-nel-processo-di-unificazione\\\/\",\"name\":\"Fondamentale l'apporto dei cattolici nel processo di unificazione - Rassegna Stampa Cattolica\",\"isPartOf\":{\"@id\":\"https:\\\/\\\/www.rassegnastampa-totustuus.it\\\/cattolica\\\/#website\"},\"primaryImageOfPage\":{\"@id\":\"https:\\\/\\\/www.rassegnastampa-totustuus.it\\\/cattolica\\\/fondamentale-lapporto-dei-cattolici-nel-processo-di-unificazione\\\/#primaryimage\"},\"image\":{\"@id\":\"https:\\\/\\\/www.rassegnastampa-totustuus.it\\\/cattolica\\\/fondamentale-lapporto-dei-cattolici-nel-processo-di-unificazione\\\/#primaryimage\"},\"thumbnailUrl\":\"https:\\\/\\\/www.rassegnastampa-totustuus.it\\\/cattolica\\\/wp-content\\\/uploads\\\/2011\\\/03\\\/cattolici_Unit\u00e0.jpg\",\"datePublished\":\"2011-03-18T08:45:17+00:00\",\"dateModified\":\"2016-04-21T10:29:04+00:00\",\"description\":\"Rassegna Stampa Cattolica - Per una cultura che nasce dalla Rivelazione cristiana in conformit\u00e0 alla tradizione e al Magistero della Chiesa in opposizione ad ogni relativismo e totalitarismo\",\"breadcrumb\":{\"@id\":\"https:\\\/\\\/www.rassegnastampa-totustuus.it\\\/cattolica\\\/fondamentale-lapporto-dei-cattolici-nel-processo-di-unificazione\\\/#breadcrumb\"},\"inLanguage\":\"it-IT\",\"potentialAction\":[{\"@type\":\"ReadAction\",\"target\":[\"https:\\\/\\\/www.rassegnastampa-totustuus.it\\\/cattolica\\\/fondamentale-lapporto-dei-cattolici-nel-processo-di-unificazione\\\/\"]}]},{\"@type\":\"ImageObject\",\"inLanguage\":\"it-IT\",\"@id\":\"https:\\\/\\\/www.rassegnastampa-totustuus.it\\\/cattolica\\\/fondamentale-lapporto-dei-cattolici-nel-processo-di-unificazione\\\/#primaryimage\",\"url\":\"https:\\\/\\\/www.rassegnastampa-totustuus.it\\\/cattolica\\\/wp-content\\\/uploads\\\/2011\\\/03\\\/cattolici_Unit\u00e0.jpg\",\"contentUrl\":\"https:\\\/\\\/www.rassegnastampa-totustuus.it\\\/cattolica\\\/wp-content\\\/uploads\\\/2011\\\/03\\\/cattolici_Unit\u00e0.jpg\",\"width\":221,\"height\":228},{\"@type\":\"BreadcrumbList\",\"@id\":\"https:\\\/\\\/www.rassegnastampa-totustuus.it\\\/cattolica\\\/fondamentale-lapporto-dei-cattolici-nel-processo-di-unificazione\\\/#breadcrumb\",\"itemListElement\":[{\"@type\":\"ListItem\",\"position\":1,\"name\":\"Home\",\"item\":\"https:\\\/\\\/www.rassegnastampa-totustuus.it\\\/cattolica\\\/\"},{\"@type\":\"ListItem\",\"position\":2,\"name\":\"Fondamentale l&#8217;apporto dei cattolici nel processo di unificazione\"}]},{\"@type\":\"WebSite\",\"@id\":\"https:\\\/\\\/www.rassegnastampa-totustuus.it\\\/cattolica\\\/#website\",\"url\":\"https:\\\/\\\/www.rassegnastampa-totustuus.it\\\/cattolica\\\/\",\"name\":\"Rassegna Stampa Cattolica\",\"description\":\"Per una cultura che nasce dalla Rivelazione cristiana in conformit\u00e0 alla tradizione e al Magistero della Chiesa in opposizione ad ogni relativismo e totalitarismo\",\"publisher\":{\"@id\":\"https:\\\/\\\/www.rassegnastampa-totustuus.it\\\/cattolica\\\/#organization\"},\"alternateName\":\"Rass. Cattolica\",\"potentialAction\":[{\"@type\":\"SearchAction\",\"target\":{\"@type\":\"EntryPoint\",\"urlTemplate\":\"https:\\\/\\\/www.rassegnastampa-totustuus.it\\\/cattolica\\\/?s={search_term_string}\"},\"query-input\":{\"@type\":\"PropertyValueSpecification\",\"valueRequired\":true,\"valueName\":\"search_term_string\"}}],\"inLanguage\":\"it-IT\"},{\"@type\":\"Organization\",\"@id\":\"https:\\\/\\\/www.rassegnastampa-totustuus.it\\\/cattolica\\\/#organization\",\"name\":\"Rassegna Stampa Cattolica\",\"url\":\"https:\\\/\\\/www.rassegnastampa-totustuus.it\\\/cattolica\\\/\",\"logo\":{\"@type\":\"ImageObject\",\"inLanguage\":\"it-IT\",\"@id\":\"https:\\\/\\\/www.rassegnastampa-totustuus.it\\\/cattolica\\\/#\\\/schema\\\/logo\\\/image\\\/\",\"url\":\"https:\\\/\\\/www.rassegnastampa-totustuus.it\\\/cattolica\\\/wp-content\\\/uploads\\\/2014\\\/04\\\/logo-rassegna1.gif\",\"contentUrl\":\"https:\\\/\\\/www.rassegnastampa-totustuus.it\\\/cattolica\\\/wp-content\\\/uploads\\\/2014\\\/04\\\/logo-rassegna1.gif\",\"width\":600,\"height\":163,\"caption\":\"Rassegna Stampa Cattolica\"},\"image\":{\"@id\":\"https:\\\/\\\/www.rassegnastampa-totustuus.it\\\/cattolica\\\/#\\\/schema\\\/logo\\\/image\\\/\"},\"sameAs\":[\"https:\\\/\\\/www.facebook.com\\\/rassegnastampacattolica\",\"https:\\\/\\\/x.com\\\/rassegnastampa9\"]},{\"@type\":\"Person\",\"@id\":\"https:\\\/\\\/www.rassegnastampa-totustuus.it\\\/cattolica\\\/#\\\/schema\\\/person\\\/08f319d2bd1a0904ad9e2bfb7b15e5c3\",\"name\":\"Redazione\",\"image\":{\"@type\":\"ImageObject\",\"inLanguage\":\"it-IT\",\"@id\":\"https:\\\/\\\/secure.gravatar.com\\\/avatar\\\/2fcdf27c78ea025fbdb44e914cc63c72249ffec9dc8aafd5c82b26240ef3f346?s=96&d=mm&r=g\",\"url\":\"https:\\\/\\\/secure.gravatar.com\\\/avatar\\\/2fcdf27c78ea025fbdb44e914cc63c72249ffec9dc8aafd5c82b26240ef3f346?s=96&d=mm&r=g\",\"contentUrl\":\"https:\\\/\\\/secure.gravatar.com\\\/avatar\\\/2fcdf27c78ea025fbdb44e914cc63c72249ffec9dc8aafd5c82b26240ef3f346?s=96&d=mm&r=g\",\"caption\":\"Redazione\"},\"url\":\"https:\\\/\\\/www.rassegnastampa-totustuus.it\\\/cattolica\\\/author\\\/pietroelle\\\/\"}]}<\/script>\n<!-- \/ Yoast SEO plugin. -->","yoast_head_json":{"title":"Fondamentale l'apporto dei cattolici nel processo di unificazione - Rassegna Stampa Cattolica","description":"Rassegna Stampa Cattolica - Per una cultura che nasce dalla Rivelazione cristiana in conformit\u00e0 alla tradizione e al Magistero della Chiesa in opposizione ad ogni relativismo e totalitarismo","robots":{"index":"index","follow":"follow","max-snippet":"max-snippet:-1","max-image-preview":"max-image-preview:large","max-video-preview":"max-video-preview:-1"},"canonical":"https:\/\/www.rassegnastampa-totustuus.it\/cattolica\/fondamentale-lapporto-dei-cattolici-nel-processo-di-unificazione\/","og_locale":"it_IT","og_type":"article","og_title":"Fondamentale l'apporto dei cattolici nel processo di unificazione - Rassegna Stampa Cattolica","og_description":"Rassegna Stampa Cattolica - Per una cultura che nasce dalla Rivelazione cristiana in conformit\u00e0 alla tradizione e al Magistero della Chiesa in opposizione ad ogni relativismo e totalitarismo","og_url":"https:\/\/www.rassegnastampa-totustuus.it\/cattolica\/fondamentale-lapporto-dei-cattolici-nel-processo-di-unificazione\/","og_site_name":"Rassegna Stampa Cattolica","article_publisher":"https:\/\/www.facebook.com\/rassegnastampacattolica","article_published_time":"2011-03-18T08:45:17+00:00","article_modified_time":"2016-04-21T10:29:04+00:00","og_image":[{"width":221,"height":228,"url":"https:\/\/www.rassegnastampa-totustuus.it\/cattolica\/wp-content\/uploads\/2011\/03\/cattolici_Unit\u00e0.jpg","type":"image\/jpeg"}],"author":"Redazione","twitter_card":"summary_large_image","twitter_creator":"@rassegnastampa9","twitter_site":"@rassegnastampa9","twitter_misc":{"Scritto da":"Redazione","Tempo di lettura stimato":"8 minuti"},"schema":{"@context":"https:\/\/schema.org","@graph":[{"@type":"Article","@id":"https:\/\/www.rassegnastampa-totustuus.it\/cattolica\/fondamentale-lapporto-dei-cattolici-nel-processo-di-unificazione\/#article","isPartOf":{"@id":"https:\/\/www.rassegnastampa-totustuus.it\/cattolica\/fondamentale-lapporto-dei-cattolici-nel-processo-di-unificazione\/"},"author":{"name":"Redazione","@id":"https:\/\/www.rassegnastampa-totustuus.it\/cattolica\/#\/schema\/person\/08f319d2bd1a0904ad9e2bfb7b15e5c3"},"headline":"Fondamentale l&#8217;apporto dei cattolici nel processo di unificazione","datePublished":"2011-03-18T08:45:17+00:00","dateModified":"2016-04-21T10:29:04+00:00","mainEntityOfPage":{"@id":"https:\/\/www.rassegnastampa-totustuus.it\/cattolica\/fondamentale-lapporto-dei-cattolici-nel-processo-di-unificazione\/"},"wordCount":1690,"publisher":{"@id":"https:\/\/www.rassegnastampa-totustuus.it\/cattolica\/#organization"},"image":{"@id":"https:\/\/www.rassegnastampa-totustuus.it\/cattolica\/fondamentale-lapporto-dei-cattolici-nel-processo-di-unificazione\/#primaryimage"},"thumbnailUrl":"https:\/\/www.rassegnastampa-totustuus.it\/cattolica\/wp-content\/uploads\/2011\/03\/cattolici_Unit\u00e0.jpg","keywords":["150 Unit\u00e0"],"articleSection":["Benedetto XVI","Chiesa","Risorgimento","Storia italiana"],"inLanguage":"it-IT"},{"@type":"WebPage","@id":"https:\/\/www.rassegnastampa-totustuus.it\/cattolica\/fondamentale-lapporto-dei-cattolici-nel-processo-di-unificazione\/","url":"https:\/\/www.rassegnastampa-totustuus.it\/cattolica\/fondamentale-lapporto-dei-cattolici-nel-processo-di-unificazione\/","name":"Fondamentale l'apporto dei cattolici nel processo di unificazione - Rassegna Stampa Cattolica","isPartOf":{"@id":"https:\/\/www.rassegnastampa-totustuus.it\/cattolica\/#website"},"primaryImageOfPage":{"@id":"https:\/\/www.rassegnastampa-totustuus.it\/cattolica\/fondamentale-lapporto-dei-cattolici-nel-processo-di-unificazione\/#primaryimage"},"image":{"@id":"https:\/\/www.rassegnastampa-totustuus.it\/cattolica\/fondamentale-lapporto-dei-cattolici-nel-processo-di-unificazione\/#primaryimage"},"thumbnailUrl":"https:\/\/www.rassegnastampa-totustuus.it\/cattolica\/wp-content\/uploads\/2011\/03\/cattolici_Unit\u00e0.jpg","datePublished":"2011-03-18T08:45:17+00:00","dateModified":"2016-04-21T10:29:04+00:00","description":"Rassegna Stampa Cattolica - Per una cultura che nasce dalla Rivelazione cristiana in conformit\u00e0 alla tradizione e al Magistero della Chiesa in opposizione ad ogni relativismo e totalitarismo","breadcrumb":{"@id":"https:\/\/www.rassegnastampa-totustuus.it\/cattolica\/fondamentale-lapporto-dei-cattolici-nel-processo-di-unificazione\/#breadcrumb"},"inLanguage":"it-IT","potentialAction":[{"@type":"ReadAction","target":["https:\/\/www.rassegnastampa-totustuus.it\/cattolica\/fondamentale-lapporto-dei-cattolici-nel-processo-di-unificazione\/"]}]},{"@type":"ImageObject","inLanguage":"it-IT","@id":"https:\/\/www.rassegnastampa-totustuus.it\/cattolica\/fondamentale-lapporto-dei-cattolici-nel-processo-di-unificazione\/#primaryimage","url":"https:\/\/www.rassegnastampa-totustuus.it\/cattolica\/wp-content\/uploads\/2011\/03\/cattolici_Unit\u00e0.jpg","contentUrl":"https:\/\/www.rassegnastampa-totustuus.it\/cattolica\/wp-content\/uploads\/2011\/03\/cattolici_Unit\u00e0.jpg","width":221,"height":228},{"@type":"BreadcrumbList","@id":"https:\/\/www.rassegnastampa-totustuus.it\/cattolica\/fondamentale-lapporto-dei-cattolici-nel-processo-di-unificazione\/#breadcrumb","itemListElement":[{"@type":"ListItem","position":1,"name":"Home","item":"https:\/\/www.rassegnastampa-totustuus.it\/cattolica\/"},{"@type":"ListItem","position":2,"name":"Fondamentale l&#8217;apporto dei cattolici nel processo di unificazione"}]},{"@type":"WebSite","@id":"https:\/\/www.rassegnastampa-totustuus.it\/cattolica\/#website","url":"https:\/\/www.rassegnastampa-totustuus.it\/cattolica\/","name":"Rassegna Stampa Cattolica","description":"Per una cultura che nasce dalla Rivelazione cristiana in conformit\u00e0 alla tradizione e al Magistero della Chiesa in opposizione ad ogni relativismo e totalitarismo","publisher":{"@id":"https:\/\/www.rassegnastampa-totustuus.it\/cattolica\/#organization"},"alternateName":"Rass. Cattolica","potentialAction":[{"@type":"SearchAction","target":{"@type":"EntryPoint","urlTemplate":"https:\/\/www.rassegnastampa-totustuus.it\/cattolica\/?s={search_term_string}"},"query-input":{"@type":"PropertyValueSpecification","valueRequired":true,"valueName":"search_term_string"}}],"inLanguage":"it-IT"},{"@type":"Organization","@id":"https:\/\/www.rassegnastampa-totustuus.it\/cattolica\/#organization","name":"Rassegna Stampa Cattolica","url":"https:\/\/www.rassegnastampa-totustuus.it\/cattolica\/","logo":{"@type":"ImageObject","inLanguage":"it-IT","@id":"https:\/\/www.rassegnastampa-totustuus.it\/cattolica\/#\/schema\/logo\/image\/","url":"https:\/\/www.rassegnastampa-totustuus.it\/cattolica\/wp-content\/uploads\/2014\/04\/logo-rassegna1.gif","contentUrl":"https:\/\/www.rassegnastampa-totustuus.it\/cattolica\/wp-content\/uploads\/2014\/04\/logo-rassegna1.gif","width":600,"height":163,"caption":"Rassegna Stampa Cattolica"},"image":{"@id":"https:\/\/www.rassegnastampa-totustuus.it\/cattolica\/#\/schema\/logo\/image\/"},"sameAs":["https:\/\/www.facebook.com\/rassegnastampacattolica","https:\/\/x.com\/rassegnastampa9"]},{"@type":"Person","@id":"https:\/\/www.rassegnastampa-totustuus.it\/cattolica\/#\/schema\/person\/08f319d2bd1a0904ad9e2bfb7b15e5c3","name":"Redazione","image":{"@type":"ImageObject","inLanguage":"it-IT","@id":"https:\/\/secure.gravatar.com\/avatar\/2fcdf27c78ea025fbdb44e914cc63c72249ffec9dc8aafd5c82b26240ef3f346?s=96&d=mm&r=g","url":"https:\/\/secure.gravatar.com\/avatar\/2fcdf27c78ea025fbdb44e914cc63c72249ffec9dc8aafd5c82b26240ef3f346?s=96&d=mm&r=g","contentUrl":"https:\/\/secure.gravatar.com\/avatar\/2fcdf27c78ea025fbdb44e914cc63c72249ffec9dc8aafd5c82b26240ef3f346?s=96&d=mm&r=g","caption":"Redazione"},"url":"https:\/\/www.rassegnastampa-totustuus.it\/cattolica\/author\/pietroelle\/"}]}},"_links":{"self":[{"href":"https:\/\/www.rassegnastampa-totustuus.it\/cattolica\/wp-json\/wp\/v2\/posts\/4464","targetHints":{"allow":["GET"]}}],"collection":[{"href":"https:\/\/www.rassegnastampa-totustuus.it\/cattolica\/wp-json\/wp\/v2\/posts"}],"about":[{"href":"https:\/\/www.rassegnastampa-totustuus.it\/cattolica\/wp-json\/wp\/v2\/types\/post"}],"author":[{"embeddable":true,"href":"https:\/\/www.rassegnastampa-totustuus.it\/cattolica\/wp-json\/wp\/v2\/users\/6"}],"replies":[{"embeddable":true,"href":"https:\/\/www.rassegnastampa-totustuus.it\/cattolica\/wp-json\/wp\/v2\/comments?post=4464"}],"version-history":[{"count":4,"href":"https:\/\/www.rassegnastampa-totustuus.it\/cattolica\/wp-json\/wp\/v2\/posts\/4464\/revisions"}],"predecessor-version":[{"id":33286,"href":"https:\/\/www.rassegnastampa-totustuus.it\/cattolica\/wp-json\/wp\/v2\/posts\/4464\/revisions\/33286"}],"wp:featuredmedia":[{"embeddable":true,"href":"https:\/\/www.rassegnastampa-totustuus.it\/cattolica\/wp-json\/wp\/v2\/media\/33285"}],"wp:attachment":[{"href":"https:\/\/www.rassegnastampa-totustuus.it\/cattolica\/wp-json\/wp\/v2\/media?parent=4464"}],"wp:term":[{"taxonomy":"category","embeddable":true,"href":"https:\/\/www.rassegnastampa-totustuus.it\/cattolica\/wp-json\/wp\/v2\/categories?post=4464"},{"taxonomy":"post_tag","embeddable":true,"href":"https:\/\/www.rassegnastampa-totustuus.it\/cattolica\/wp-json\/wp\/v2\/tags?post=4464"}],"curies":[{"name":"wp","href":"https:\/\/api.w.org\/{rel}","templated":true}]}}