{"id":44632,"date":"2019-10-10T00:00:16","date_gmt":"2019-10-09T22:00:16","guid":{"rendered":"http:\/\/www.rassegnastampa-totustuus.it\/cattolica\/?p=44632"},"modified":"2019-10-07T11:02:09","modified_gmt":"2019-10-07T09:02:09","slug":"eutanasia-il-simbolo-odierno-della-disperazione","status":"publish","type":"post","link":"https:\/\/www.rassegnastampa-totustuus.it\/cattolica\/eutanasia-il-simbolo-odierno-della-disperazione\/","title":{"rendered":"Eutanasia: il simbolo odierno della disperazione"},"content":{"rendered":"<p style=\"text-align: center;\"><strong><a href=\"https:\/\/www.rassegnastampa-totustuus.it\/cattolica\/wp-content\/uploads\/2013\/09\/Giussani.jpg\"><img loading=\"lazy\" decoding=\"async\" class=\"size-full wp-image-25876 alignleft\" src=\"https:\/\/www.rassegnastampa-totustuus.it\/cattolica\/wp-content\/uploads\/2013\/09\/Giussani.jpg\" alt=\"\" width=\"195\" height=\"258\" \/><\/a><a href=\"https:\/\/www.culturacattolica.it\/\" target=\"_blank\" rel=\"noopener noreferrer\">Cultura Cattolica<\/a><\/strong> sabato 31 agosto 2019<\/p>\n<p style=\"text-align: center;\"><strong>Gianfranco Amato <\/strong><\/p>\n<p style=\"text-align: justify;\">Duole molto in questi tempi di grande confusione constatare l\u2019assenza di un giudizio chiaro, netto e soprattutto capace di andare controcorrente rispetto alla mentalit\u00e0 dominante, sui grandi temi della vita come quello dell\u2019eutanasia, che una parte del mondo cristiano ha preferito declassare a questione di secondo piano rispetto ad asserite \u00abnuove emergenze sociali\u00bb, come quella relativa alle migrazioni. Fino al punto di fare scelte politiche che implichino addirittura il suo sacrificio a vantaggio delle citate emergenze.<\/p>\n<p><!--more--><\/p>\n<p style=\"text-align: justify;\">Per ritrovare la bussola in questa notte senza stelle, occorre andare a riscoprire, ripercorrendo i decenni, la voce di qualche profeta. Uno di questi \u00e8 certamente Luigi Giussani, fondatore del movimento di Comunione e Liberazione, che io ho avuto la grazia di incontrare personalmente quarantaquattro anni fa.<\/p>\n<p style=\"text-align: justify;\">Ricordo che agli Esercizi Spirituali di Comunione e Liberazione del 1986 \u2013 sono passati pi\u00f9 di trent\u2019anni \u2013, Giussani spiegava come nella societ\u00e0 moderna \u00abl\u2019amore tende ad essere identificato con alcune reazioni biologiche e la vita tende ad essere ridotta ad un oggetto che si pu\u00f2 guardare con cinismo non solo rispetto al tema dell\u2019aborto\u00bb.<\/p>\n<p style=\"text-align: justify;\"><a href=\"https:\/\/www.rassegnastampa-totustuus.it\/cattolica\/wp-content\/uploads\/2019\/10\/Eutanasia.jpg\"><img loading=\"lazy\" decoding=\"async\" class=\"alignright wp-image-44636 \" src=\"https:\/\/www.rassegnastampa-totustuus.it\/cattolica\/wp-content\/uploads\/2019\/10\/Eutanasia-300x169.jpg\" alt=\"\" width=\"360\" height=\"203\" srcset=\"https:\/\/www.rassegnastampa-totustuus.it\/cattolica\/wp-content\/uploads\/2019\/10\/Eutanasia-300x169.jpg 300w, https:\/\/www.rassegnastampa-totustuus.it\/cattolica\/wp-content\/uploads\/2019\/10\/Eutanasia-768x433.jpg 768w, https:\/\/www.rassegnastampa-totustuus.it\/cattolica\/wp-content\/uploads\/2019\/10\/Eutanasia-1024x577.jpg 1024w, https:\/\/www.rassegnastampa-totustuus.it\/cattolica\/wp-content\/uploads\/2019\/10\/Eutanasia.jpg 1800w\" sizes=\"auto, (max-width: 360px) 100vw, 360px\" \/><\/a>In quell\u2019occasione, pose, infatti, una domanda illuminante: \u00abChi di noi pu\u00f2 impedire al potere di dire che per conseguire una umanit\u00e0 giovane l\u2019eutanasia si debba applicare a trentacinque anni? Chi potr\u00e0 impedirlo al potere? Ci\u00f2 accade quando la vita si guarda con cinismo, che \u00e8 frutto dell\u2019egoismo con il quale si educa la classe operaia, visto che orami quella borghese ne \u00e8 gi\u00e0 da tempo affetta\u00bb. (1)<\/p>\n<p style=\"text-align: justify;\">In un ragionamento pi\u00f9 articolato affermava che questa prospettiva nasce, in realt\u00e0, dalla concezione giustamente condannata dal Sillabo nella proposizione XXXIX: \u00abLo Stato, in quanto origine e fonte di tutti i diritti, gode del privilegio di un diritto senza confini\u00bb. A questo proposito Giussani chiariva che il principio condannato dal Sillabo, in realt\u00e0, altro non \u00e8 se non \u00abla definizione dello stato moderno, di tutti gli stati moderni, di qualunque natura\u00bb, come \u00abesito dell\u2019Illuminismo, cio\u00e8 dell\u2019uomo che diviene misura delle cose\u00bb.<\/p>\n<p style=\"text-align: justify;\"><a href=\"https:\/\/www.rassegnastampa-totustuus.it\/cattolica\/wp-content\/uploads\/2018\/05\/eutanasia.jpg\"><img loading=\"lazy\" decoding=\"async\" class=\" wp-image-40273 alignleft\" src=\"https:\/\/www.rassegnastampa-totustuus.it\/cattolica\/wp-content\/uploads\/2018\/05\/eutanasia.jpg\" alt=\"\" width=\"325\" height=\"216\" \/><\/a>E a questo punto aggiungeva una riflessione: \u00abMa se lo Stato ha un diritto senza confini, ha anche il diritto di determinare quanti figli devi avere e come debbano essere; e pu\u00f2 anche stabilire fino a quando tu puoi vivere. Perch\u00e9 non ci sarebbe ragione, se un potere \u00e8 potere, che esso non possa stabilire come legge l\u2019eutanasia, per avere una generazione di umanit\u00e0 fresca, \u201ccreativa\u201d, e perch\u00e9 nessuno viva oltre i trent\u2019anni. Perch\u00e9 non lo dovrebbe fare? Perch\u00e9?\u00bb. (2)<\/p>\n<p style=\"text-align: justify;\">In realt\u00e0 aveva ragione Giussani, nessuno potrebbe impedire al potere di varare una legge generale sull\u2019eutanasia a trent\u2019anni, se la mentalit\u00e0 dominante arrivasse al punto di ritenere un vantaggio per l\u2019umanit\u00e0 mantenere solo una classe di esseri umani giovani, freschi, dinamici e senza i pesi della vecchiaia. Il fatto \u00e8 che queste cose il fondatore di C.L. non solo le scriveva ma aveva persino il coraggio di proclamarle pubblicamente senza vergognarsi di utilizzare il criterio paolino dell\u2019\u00ab<em>opportune et importune<\/em>\u00bb.<\/p>\n<p style=\"text-align: justify;\"><a href=\"https:\/\/www.rassegnastampa-totustuus.it\/cattolica\/wp-content\/uploads\/2018\/01\/eutanasia.jpg\"><img loading=\"lazy\" decoding=\"async\" class=\" wp-image-39506 alignright\" src=\"https:\/\/www.rassegnastampa-totustuus.it\/cattolica\/wp-content\/uploads\/2018\/01\/eutanasia.jpg\" alt=\"\" width=\"291\" height=\"291\" srcset=\"https:\/\/www.rassegnastampa-totustuus.it\/cattolica\/wp-content\/uploads\/2018\/01\/eutanasia.jpg 225w, https:\/\/www.rassegnastampa-totustuus.it\/cattolica\/wp-content\/uploads\/2018\/01\/eutanasia-150x150.jpg 150w\" sizes=\"auto, (max-width: 291px) 100vw, 291px\" \/><\/a>Ricordo di aver personalmente ascoltato dalla sua voce il racconto di quando un giorno egli assistette ad un dibattito in cui un tizio sosteneva una tesi a favore dell\u2019eutanasia. Giussani, pur non essendo tra i relatori, si alz\u00f2 dal pubblico e afferm\u00f2: \u00abBeh, ma chi \u00e8 che fissa l\u2019et\u00e0 in cui l\u2019uomo dovrebbe essere abbandonato dalla societ\u00e0? \u00c8 lo Stato.<\/p>\n<p style=\"text-align: justify;\">Allora, se lo Stato fosse fatto da giovani energici e bellimbusti, tutti atleti, che fissassero l\u2019eutanasia a quarant\u2019anni \u2013 se loro fossero al governo dello Stato, potrebbero! \u2013, a quarant\u2019anni il mondo finirebbe!\u00bb. (3) Per questo invitava i giovani ad opporsi veementemente (usava addirittura il termine \u201cira\u201d) contro la menzogna: \u00abHo parlato di ira contro la menzogna. Il rapporto uomo-donna non \u00e8 il sesso, questa \u00e8 una riduzione, e tutto il mondo di oggi esalta il rapporto uomo-donna in senso biologico o biopsichico e basta. Oppure, dire che occorre che lo Stato sia guidato dalla scienza applicata nella tecnica \u00e8 una riduzione, perch\u00e9 l\u2019uomo non \u00e8 un robot\u00bb.<\/p>\n<p style=\"text-align: justify;\">\u00abPerci\u00f2, la lotta contro questa menzogna pu\u00f2 giustamente far dire che sarebbe meglio per l\u2019uomo essere assassinato che perdere la propria umanit\u00e0. E noi siamo in un\u2019epoca in cui il potere, cio\u00e8 lo Stato, tenta di abolire l\u2019umanit\u00e0. E se lo Stato decide di usare la biogenetica in grande stile, benissimo, lo Stato ha il diritto di usare la biogenetica in grande stile; se, come vi ho gi\u00e0 detto, decide che l\u2019eutanasia avvenga a trent\u2019anni per mantenere vivace e fresca l\u2019umanit\u00e0 \u2013 ragazzi, voi vi salvereste ancora, ma per poco \u2013 non vi sarebbe nessun altro tribunale di riferimento!\u00bb<\/p>\n<p style=\"text-align: justify;\"><a href=\"https:\/\/www.rassegnastampa-totustuus.it\/cattolica\/wp-content\/uploads\/2005\/11\/eutanasia-1.jpg\"><img loading=\"lazy\" decoding=\"async\" class=\" wp-image-35085 alignleft\" src=\"https:\/\/www.rassegnastampa-totustuus.it\/cattolica\/wp-content\/uploads\/2005\/11\/eutanasia-1.jpg\" alt=\"\" width=\"276\" height=\"276\" srcset=\"https:\/\/www.rassegnastampa-totustuus.it\/cattolica\/wp-content\/uploads\/2005\/11\/eutanasia-1.jpg 225w, https:\/\/www.rassegnastampa-totustuus.it\/cattolica\/wp-content\/uploads\/2005\/11\/eutanasia-1-150x150.jpg 150w\" sizes=\"auto, (max-width: 276px) 100vw, 276px\" \/><\/a>\u00abOccorre porre la lotta contro il tiranno che impone il proprio progetto, l\u2019ira contro la menzogna che, per servire il progetto del tiranno, riduce il desiderio, esalta talune esigenze e ne elimina altre\u00bb. Cosa vuole dire questo discorso su certi valori sociali da tutti condivisibili? \u201cQuesto \u00e8 lo sforzo che dobbiamo fare tutti, anche la Chiesa\u201d, disse qualche porporato: \u201cIl compito della Chiesa \u00e8 quello di sostenere valori morali condivisibili da tutti\u201d. Ma questo anche un pagano lo fa, non \u00e8 necessario essere cristiani! Questa \u00e8 la riduzione del desiderio: alcuni desideri ed esigenze sono sottolineati, altri censurati o ridotti. Per questo dico che \u00e8 tirannica, menzognera, la mentalit\u00e0 dominante\u00bb. (4)<\/p>\n<p style=\"text-align: justify;\">La cosa che pi\u00f9 colpisce del giudizio di Giussani sull\u2019eutanasia \u00abcome simbolo della disperazione moderna\u00bb \u00e8 la sua visione profetica: \u00abLa storia del popolo ebraico \u00e8 realmente un miracolo dentro il cammino di tutta l\u2019et\u00e0 umana, perch\u00e9 \u00e8 il punto in cui per secoli un popolo intero ha affermato la positivit\u00e0 della storia, una positivit\u00e0 del mondo per qualcosa di buono che sarebbe successo; e questa attesa, questa speranza, ha coagulato e dato forza e consistenza personale al popolo d\u2019Israele.<\/p>\n<p style=\"text-align: justify;\"><a href=\"https:\/\/www.rassegnastampa-totustuus.it\/cattolica\/wp-content\/uploads\/2006\/06\/eutanasia.jpg\"><img loading=\"lazy\" decoding=\"async\" class=\" wp-image-27554 alignright\" src=\"https:\/\/www.rassegnastampa-totustuus.it\/cattolica\/wp-content\/uploads\/2006\/06\/eutanasia.jpg\" alt=\"\" width=\"370\" height=\"243\" \/><\/a>Il popolo d\u2019Israele \u00e8 il punto del mondo che Dio ha usato come pedagogia per tutti. Che cos\u2019\u00e8 il mondo, dove va a finire il mondo, quali sono i sussulti e le pacificazioni cui il mondo \u00e8 destinato, \u00e8 nella trama della storia del popolo d\u2019Israele che lo si pu\u00f2 comprendere. \u00c8 la grande profezia, \u00e8 la Bibbia, \u00e8 l\u2019Antico Testamento che focalizza un particolare, che ha come soggetto attivo un particolare, il particolare di un piccolo popolo (piccolo, relativamente): eppure tutti i destini degli uomini, come significato e come profezia, sono stati veicolati dalla coscienza di questo popolo.<\/p>\n<p style=\"text-align: justify;\">Parto da questa idea, perch\u00e9 la cosa pi\u00f9 difficile, per l\u2019uomo che pensa, \u00e8 l\u2019affermazione della positivit\u00e0 del vivere. \u00c8 questo che implica subito dopo la questione: in che cosa consiste la positivit\u00e0 del vivere, dov\u2019\u00e8 che questa positivit\u00e0 del vivere s\u2019attesta, dove si radica, cos\u00ec da inerpicarsi sulle erte della storia? Dove pu\u00f2 mettere fronde, rami, dove pu\u00f2 diventare dimora, dove pu\u00f2 diventare costruzione e casa per gli uomini? Non sto dicendo una banalit\u00e0, sto dicendo la cosa che pi\u00f9 mi colpisce.<\/p>\n<p style=\"text-align: justify;\"><a href=\"https:\/\/www.rassegnastampa-totustuus.it\/cattolica\/wp-content\/uploads\/2006\/10\/eutanasia.jpg\"><img loading=\"lazy\" decoding=\"async\" class=\" wp-image-29802 alignleft\" src=\"https:\/\/www.rassegnastampa-totustuus.it\/cattolica\/wp-content\/uploads\/2006\/10\/eutanasia.jpg\" alt=\"\" width=\"351\" height=\"231\" \/><\/a>La difficolt\u00e0 pi\u00f9 grande che ha l\u2019uomo \u00e8 accettare e riconoscere la positivit\u00e0 del suo vivere. Per questo l\u2019eutanasia \u00e8 come un simbolo, il simbolo odierno della disperazione\u00bb. (5)<\/p>\n<p style=\"text-align: justify;\">E la dimensione profetica emergeva ancora di pi\u00f9 quando Giussani approfondiva il senso di questa disperazione: \u00abDico che l\u2019eutanasia \u00e8 come un simbolo dell\u2019assetto disperante della risposta che l\u2019uomo d\u00e0 al vivere, perch\u00e9 \u00e8 come la somma del discorso culturale che si fa oggi: la pace, cio\u00e8 valori sociali che mantengano la tranquillit\u00e0, che mantengano la pace, la solidariet\u00e0, un ottimismo che tutto copra, che copra il baratro disperante in cui l\u2019uomo versa se fissa gli occhi su di s\u00e9\u00bb.<\/p>\n<p style=\"text-align: justify;\">\u00abPerci\u00f2 l\u2019unica salvezza che il mondo pu\u00f2 dare (\u201cmondo\u201d significa \u201cmodo normale con cui noi pensiamo\u201d) \u00e8 la distrazione; una distrazione che permetta di non pensare al fatto che da un istante all\u2019altro pu\u00f2 succedere la catastrofe, la catastrofe della morte o la catastrofe di un dolore. \u00a0Per questo nell\u2019Antico Testamento, dopo una certa epoca, i profeti che accusavano il popolo di non fidarsi di Dio, di non porre la propria speranza in Dio, che perci\u00f2 profetizzavano sventure, erano fatti fuori; i profeti erano fatti fuori, come chiunque dice cose vere, anche adesso\u00bb.<\/p>\n<p style=\"text-align: justify;\"><a href=\"https:\/\/www.rassegnastampa-totustuus.it\/cattolica\/wp-content\/uploads\/2018\/03\/eutanasia-1.jpg\"><img loading=\"lazy\" decoding=\"async\" class=\"wp-image-39879 alignright\" src=\"https:\/\/www.rassegnastampa-totustuus.it\/cattolica\/wp-content\/uploads\/2018\/03\/eutanasia-1.jpg\" alt=\"\" width=\"330\" height=\"219\" \/><\/a>\u00abE tutto \u00e8 pensabile, anche quanto di pi\u00f9 orribile si possa immaginare, tutto pu\u00f2 diventare ipotesi per il futuro della nostra realt\u00e0. Siamo come gente che naviga in un freddo polare e che cerca in qualche modo una tana, un buco in cui riscaldarsi a vicenda per un momento. Senza Cristo io non riesco a capire cosa possa essere pensato di diverso da questa prospettiva tremenda\u00bb. (6)<\/p>\n<p style=\"text-align: justify;\">Dio solo sa quanto oggi avremmo bisogno di ascoltare maestri capaci di giudicare la realt\u00e0 con i criteri della fede, capaci di opporre la verit\u00e0 alla menzogna senza tentennamenti o scorciatoie sociologiche, capaci di correre il rischio di \u201cessere fatti fuori\u201d dal mondo perch\u00e9 scomodi.<\/p>\n<p style=\"text-align: justify;\">Preghiamo perch\u00e9 il Signore mandi altri autentici profeti in mezzo a noi. E ci liberi da quelli falsi.<\/p>\n<p style=\"text-align: justify;\"><strong>Citazioni senza omissis:<\/strong><\/p>\n<p style=\"text-align: justify;\"><strong>1<\/strong> L. GIUSSANI,\u00a0 <em>Aqu\u00e9l que est\u00e1 entre nosotros<\/em> (Ejercicios 85 y 86). Cuadernos para la Memoria, 3. Madrid: Comuni\u00f3n y Liberaci\u00f3n, 1987, pag. 98)<\/p>\n<p style=\"text-align: justify;\"><strong>2<\/strong> L. GIUSSANI, <em>L\u2019io, il potere, le opere: Contributi da un\u2019esperienza. <\/em>Genova: Marietti 1820, 2000., pag. 36.<\/p>\n<p style=\"text-align: justify;\"><strong>3<\/strong> L. GIUSSANI, <em>Una presenza che cambia<\/em>. I libri dello spirito cristiano: Quasi Tischreden, 7. Milano: Biblioteca Universale Rizzoli, 2004, pag. 289.<\/p>\n<p style=\"text-align: justify;\"><strong>4<\/strong> L. GIUSSANI, <em>L\u2019io rinasce in un incontro: (1986-1987)<\/em> . Prefazione di Juli\u00e1n Carr\u00f3n. I libri di Luigi Giussani: L\u2019Equipe. Milano: Biblioteca Universale Rizzoli, 2010., pag. 250.<\/p>\n<p style=\"text-align: justify;\"><strong>5<\/strong> L. GIUSSANI, <em>Un evento reale nella vita dell\u2019uomo: (1990-1991)<\/em>. A cura di Juli\u00e1n Carr\u00f3n. I libri di Luigi Giussani: L\u2019Equipe. Milano: Biblioteca Universale Rizzoli, 2013, pag. 198;<\/p>\n<p style=\"text-align: justify;\"><strong>6<\/strong> L. GIUSSANI, <em>ibidem<\/em>, pag. 199<\/p>\n","protected":false},"excerpt":{"rendered":"<p>Cultura Cattolica sabato 31 agosto 2019 Gianfranco Amato Duole molto in questi tempi di grande confusione constatare l\u2019assenza di un giudizio chiaro, netto e soprattutto capace di andare controcorrente rispetto alla mentalit\u00e0 dominante, sui grandi temi della vita come quello dell\u2019eutanasia, che una parte del mondo cristiano ha preferito declassare a questione di secondo piano &hellip; <\/p>\n<p><a class=\"more-link btn\" href=\"https:\/\/www.rassegnastampa-totustuus.it\/cattolica\/eutanasia-il-simbolo-odierno-della-disperazione\/\">Continua a leggere<\/a><\/p>\n","protected":false},"author":6,"featured_media":44636,"comment_status":"closed","ping_status":"closed","sticky":false,"template":"","format":"standard","meta":{"footnotes":""},"categories":[55],"tags":[141,1738],"class_list":["post-44632","post","type-post","status-publish","format-standard","has-post-thumbnail","hentry","category-eutanasia","tag-eutanasia-2","tag-luigi-giussani","item-wrap"],"yoast_head":"<!-- This site is optimized with the Yoast SEO plugin v27.5 - https:\/\/yoast.com\/product\/yoast-seo-wordpress\/ -->\n<title>Eutanasia: il simbolo odierno della disperazione - Rassegna Stampa Cattolica<\/title>\n<meta name=\"description\" content=\"Rassegna Stampa Cattolica - Per una cultura che nasce dalla Rivelazione cristiana in conformit\u00e0 alla tradizione e al Magistero della Chiesa in opposizione ad ogni relativismo e totalitarismo\" \/>\n<meta name=\"robots\" content=\"index, follow, max-snippet:-1, max-image-preview:large, max-video-preview:-1\" \/>\n<link rel=\"canonical\" href=\"https:\/\/www.rassegnastampa-totustuus.it\/cattolica\/eutanasia-il-simbolo-odierno-della-disperazione\/\" \/>\n<meta property=\"og:locale\" content=\"it_IT\" \/>\n<meta property=\"og:type\" content=\"article\" \/>\n<meta property=\"og:title\" content=\"Eutanasia: il simbolo odierno della disperazione - Rassegna Stampa Cattolica\" \/>\n<meta property=\"og:description\" content=\"Rassegna Stampa Cattolica - Per una cultura che nasce dalla Rivelazione cristiana in conformit\u00e0 alla tradizione e al Magistero della Chiesa in opposizione ad ogni relativismo e totalitarismo\" \/>\n<meta property=\"og:url\" content=\"https:\/\/www.rassegnastampa-totustuus.it\/cattolica\/eutanasia-il-simbolo-odierno-della-disperazione\/\" \/>\n<meta property=\"og:site_name\" content=\"Rassegna Stampa Cattolica\" \/>\n<meta property=\"article:publisher\" content=\"https:\/\/www.facebook.com\/rassegnastampacattolica\" \/>\n<meta property=\"article:published_time\" content=\"2019-10-09T22:00:16+00:00\" \/>\n<meta property=\"og:image\" content=\"https:\/\/www.rassegnastampa-totustuus.it\/cattolica\/wp-content\/uploads\/2019\/10\/Eutanasia.jpg\" \/>\n\t<meta property=\"og:image:width\" content=\"1800\" \/>\n\t<meta property=\"og:image:height\" content=\"1014\" \/>\n\t<meta property=\"og:image:type\" content=\"image\/jpeg\" \/>\n<meta name=\"author\" content=\"Redazione\" \/>\n<meta name=\"twitter:card\" content=\"summary_large_image\" \/>\n<meta name=\"twitter:creator\" content=\"@rassegnastampa9\" \/>\n<meta name=\"twitter:site\" content=\"@rassegnastampa9\" \/>\n<meta name=\"twitter:label1\" content=\"Scritto da\" \/>\n\t<meta name=\"twitter:data1\" content=\"Redazione\" \/>\n\t<meta name=\"twitter:label2\" content=\"Tempo di lettura stimato\" \/>\n\t<meta name=\"twitter:data2\" content=\"8 minuti\" \/>\n<script type=\"application\/ld+json\" class=\"yoast-schema-graph\">{\"@context\":\"https:\\\/\\\/schema.org\",\"@graph\":[{\"@type\":\"Article\",\"@id\":\"https:\\\/\\\/www.rassegnastampa-totustuus.it\\\/cattolica\\\/eutanasia-il-simbolo-odierno-della-disperazione\\\/#article\",\"isPartOf\":{\"@id\":\"https:\\\/\\\/www.rassegnastampa-totustuus.it\\\/cattolica\\\/eutanasia-il-simbolo-odierno-della-disperazione\\\/\"},\"author\":{\"name\":\"Redazione\",\"@id\":\"https:\\\/\\\/www.rassegnastampa-totustuus.it\\\/cattolica\\\/#\\\/schema\\\/person\\\/08f319d2bd1a0904ad9e2bfb7b15e5c3\"},\"headline\":\"Eutanasia: il simbolo odierno della disperazione\",\"datePublished\":\"2019-10-09T22:00:16+00:00\",\"mainEntityOfPage\":{\"@id\":\"https:\\\/\\\/www.rassegnastampa-totustuus.it\\\/cattolica\\\/eutanasia-il-simbolo-odierno-della-disperazione\\\/\"},\"wordCount\":1588,\"publisher\":{\"@id\":\"https:\\\/\\\/www.rassegnastampa-totustuus.it\\\/cattolica\\\/#organization\"},\"image\":{\"@id\":\"https:\\\/\\\/www.rassegnastampa-totustuus.it\\\/cattolica\\\/eutanasia-il-simbolo-odierno-della-disperazione\\\/#primaryimage\"},\"thumbnailUrl\":\"https:\\\/\\\/www.rassegnastampa-totustuus.it\\\/cattolica\\\/wp-content\\\/uploads\\\/2019\\\/10\\\/Eutanasia.jpg\",\"keywords\":[\"eutanasia\",\"Luigi Giussani\"],\"articleSection\":[\"Eutanasia\"],\"inLanguage\":\"it-IT\"},{\"@type\":\"WebPage\",\"@id\":\"https:\\\/\\\/www.rassegnastampa-totustuus.it\\\/cattolica\\\/eutanasia-il-simbolo-odierno-della-disperazione\\\/\",\"url\":\"https:\\\/\\\/www.rassegnastampa-totustuus.it\\\/cattolica\\\/eutanasia-il-simbolo-odierno-della-disperazione\\\/\",\"name\":\"Eutanasia: il simbolo odierno della disperazione - Rassegna Stampa Cattolica\",\"isPartOf\":{\"@id\":\"https:\\\/\\\/www.rassegnastampa-totustuus.it\\\/cattolica\\\/#website\"},\"primaryImageOfPage\":{\"@id\":\"https:\\\/\\\/www.rassegnastampa-totustuus.it\\\/cattolica\\\/eutanasia-il-simbolo-odierno-della-disperazione\\\/#primaryimage\"},\"image\":{\"@id\":\"https:\\\/\\\/www.rassegnastampa-totustuus.it\\\/cattolica\\\/eutanasia-il-simbolo-odierno-della-disperazione\\\/#primaryimage\"},\"thumbnailUrl\":\"https:\\\/\\\/www.rassegnastampa-totustuus.it\\\/cattolica\\\/wp-content\\\/uploads\\\/2019\\\/10\\\/Eutanasia.jpg\",\"datePublished\":\"2019-10-09T22:00:16+00:00\",\"description\":\"Rassegna Stampa Cattolica - Per una cultura che nasce dalla Rivelazione cristiana in conformit\u00e0 alla tradizione e al Magistero della Chiesa in opposizione ad ogni relativismo e totalitarismo\",\"breadcrumb\":{\"@id\":\"https:\\\/\\\/www.rassegnastampa-totustuus.it\\\/cattolica\\\/eutanasia-il-simbolo-odierno-della-disperazione\\\/#breadcrumb\"},\"inLanguage\":\"it-IT\",\"potentialAction\":[{\"@type\":\"ReadAction\",\"target\":[\"https:\\\/\\\/www.rassegnastampa-totustuus.it\\\/cattolica\\\/eutanasia-il-simbolo-odierno-della-disperazione\\\/\"]}]},{\"@type\":\"ImageObject\",\"inLanguage\":\"it-IT\",\"@id\":\"https:\\\/\\\/www.rassegnastampa-totustuus.it\\\/cattolica\\\/eutanasia-il-simbolo-odierno-della-disperazione\\\/#primaryimage\",\"url\":\"https:\\\/\\\/www.rassegnastampa-totustuus.it\\\/cattolica\\\/wp-content\\\/uploads\\\/2019\\\/10\\\/Eutanasia.jpg\",\"contentUrl\":\"https:\\\/\\\/www.rassegnastampa-totustuus.it\\\/cattolica\\\/wp-content\\\/uploads\\\/2019\\\/10\\\/Eutanasia.jpg\",\"width\":1800,\"height\":1014},{\"@type\":\"BreadcrumbList\",\"@id\":\"https:\\\/\\\/www.rassegnastampa-totustuus.it\\\/cattolica\\\/eutanasia-il-simbolo-odierno-della-disperazione\\\/#breadcrumb\",\"itemListElement\":[{\"@type\":\"ListItem\",\"position\":1,\"name\":\"Home\",\"item\":\"https:\\\/\\\/www.rassegnastampa-totustuus.it\\\/cattolica\\\/\"},{\"@type\":\"ListItem\",\"position\":2,\"name\":\"Eutanasia: il simbolo odierno della disperazione\"}]},{\"@type\":\"WebSite\",\"@id\":\"https:\\\/\\\/www.rassegnastampa-totustuus.it\\\/cattolica\\\/#website\",\"url\":\"https:\\\/\\\/www.rassegnastampa-totustuus.it\\\/cattolica\\\/\",\"name\":\"Rassegna Stampa Cattolica\",\"description\":\"Per una cultura che nasce dalla Rivelazione cristiana in conformit\u00e0 alla tradizione e al Magistero della Chiesa in opposizione ad ogni relativismo e totalitarismo\",\"publisher\":{\"@id\":\"https:\\\/\\\/www.rassegnastampa-totustuus.it\\\/cattolica\\\/#organization\"},\"alternateName\":\"Rass. Cattolica\",\"potentialAction\":[{\"@type\":\"SearchAction\",\"target\":{\"@type\":\"EntryPoint\",\"urlTemplate\":\"https:\\\/\\\/www.rassegnastampa-totustuus.it\\\/cattolica\\\/?s={search_term_string}\"},\"query-input\":{\"@type\":\"PropertyValueSpecification\",\"valueRequired\":true,\"valueName\":\"search_term_string\"}}],\"inLanguage\":\"it-IT\"},{\"@type\":\"Organization\",\"@id\":\"https:\\\/\\\/www.rassegnastampa-totustuus.it\\\/cattolica\\\/#organization\",\"name\":\"Rassegna Stampa Cattolica\",\"url\":\"https:\\\/\\\/www.rassegnastampa-totustuus.it\\\/cattolica\\\/\",\"logo\":{\"@type\":\"ImageObject\",\"inLanguage\":\"it-IT\",\"@id\":\"https:\\\/\\\/www.rassegnastampa-totustuus.it\\\/cattolica\\\/#\\\/schema\\\/logo\\\/image\\\/\",\"url\":\"https:\\\/\\\/www.rassegnastampa-totustuus.it\\\/cattolica\\\/wp-content\\\/uploads\\\/2014\\\/04\\\/logo-rassegna1.gif\",\"contentUrl\":\"https:\\\/\\\/www.rassegnastampa-totustuus.it\\\/cattolica\\\/wp-content\\\/uploads\\\/2014\\\/04\\\/logo-rassegna1.gif\",\"width\":600,\"height\":163,\"caption\":\"Rassegna Stampa Cattolica\"},\"image\":{\"@id\":\"https:\\\/\\\/www.rassegnastampa-totustuus.it\\\/cattolica\\\/#\\\/schema\\\/logo\\\/image\\\/\"},\"sameAs\":[\"https:\\\/\\\/www.facebook.com\\\/rassegnastampacattolica\",\"https:\\\/\\\/x.com\\\/rassegnastampa9\"]},{\"@type\":\"Person\",\"@id\":\"https:\\\/\\\/www.rassegnastampa-totustuus.it\\\/cattolica\\\/#\\\/schema\\\/person\\\/08f319d2bd1a0904ad9e2bfb7b15e5c3\",\"name\":\"Redazione\",\"image\":{\"@type\":\"ImageObject\",\"inLanguage\":\"it-IT\",\"@id\":\"https:\\\/\\\/secure.gravatar.com\\\/avatar\\\/2fcdf27c78ea025fbdb44e914cc63c72249ffec9dc8aafd5c82b26240ef3f346?s=96&d=mm&r=g\",\"url\":\"https:\\\/\\\/secure.gravatar.com\\\/avatar\\\/2fcdf27c78ea025fbdb44e914cc63c72249ffec9dc8aafd5c82b26240ef3f346?s=96&d=mm&r=g\",\"contentUrl\":\"https:\\\/\\\/secure.gravatar.com\\\/avatar\\\/2fcdf27c78ea025fbdb44e914cc63c72249ffec9dc8aafd5c82b26240ef3f346?s=96&d=mm&r=g\",\"caption\":\"Redazione\"},\"url\":\"https:\\\/\\\/www.rassegnastampa-totustuus.it\\\/cattolica\\\/author\\\/pietroelle\\\/\"}]}<\/script>\n<!-- \/ Yoast SEO plugin. -->","yoast_head_json":{"title":"Eutanasia: il simbolo odierno della disperazione - Rassegna Stampa Cattolica","description":"Rassegna Stampa Cattolica - Per una cultura che nasce dalla Rivelazione cristiana in conformit\u00e0 alla tradizione e al Magistero della Chiesa in opposizione ad ogni relativismo e totalitarismo","robots":{"index":"index","follow":"follow","max-snippet":"max-snippet:-1","max-image-preview":"max-image-preview:large","max-video-preview":"max-video-preview:-1"},"canonical":"https:\/\/www.rassegnastampa-totustuus.it\/cattolica\/eutanasia-il-simbolo-odierno-della-disperazione\/","og_locale":"it_IT","og_type":"article","og_title":"Eutanasia: il simbolo odierno della disperazione - Rassegna Stampa Cattolica","og_description":"Rassegna Stampa Cattolica - Per una cultura che nasce dalla Rivelazione cristiana in conformit\u00e0 alla tradizione e al Magistero della Chiesa in opposizione ad ogni relativismo e totalitarismo","og_url":"https:\/\/www.rassegnastampa-totustuus.it\/cattolica\/eutanasia-il-simbolo-odierno-della-disperazione\/","og_site_name":"Rassegna Stampa Cattolica","article_publisher":"https:\/\/www.facebook.com\/rassegnastampacattolica","article_published_time":"2019-10-09T22:00:16+00:00","og_image":[{"width":1800,"height":1014,"url":"https:\/\/www.rassegnastampa-totustuus.it\/cattolica\/wp-content\/uploads\/2019\/10\/Eutanasia.jpg","type":"image\/jpeg"}],"author":"Redazione","twitter_card":"summary_large_image","twitter_creator":"@rassegnastampa9","twitter_site":"@rassegnastampa9","twitter_misc":{"Scritto da":"Redazione","Tempo di lettura stimato":"8 minuti"},"schema":{"@context":"https:\/\/schema.org","@graph":[{"@type":"Article","@id":"https:\/\/www.rassegnastampa-totustuus.it\/cattolica\/eutanasia-il-simbolo-odierno-della-disperazione\/#article","isPartOf":{"@id":"https:\/\/www.rassegnastampa-totustuus.it\/cattolica\/eutanasia-il-simbolo-odierno-della-disperazione\/"},"author":{"name":"Redazione","@id":"https:\/\/www.rassegnastampa-totustuus.it\/cattolica\/#\/schema\/person\/08f319d2bd1a0904ad9e2bfb7b15e5c3"},"headline":"Eutanasia: il simbolo odierno della disperazione","datePublished":"2019-10-09T22:00:16+00:00","mainEntityOfPage":{"@id":"https:\/\/www.rassegnastampa-totustuus.it\/cattolica\/eutanasia-il-simbolo-odierno-della-disperazione\/"},"wordCount":1588,"publisher":{"@id":"https:\/\/www.rassegnastampa-totustuus.it\/cattolica\/#organization"},"image":{"@id":"https:\/\/www.rassegnastampa-totustuus.it\/cattolica\/eutanasia-il-simbolo-odierno-della-disperazione\/#primaryimage"},"thumbnailUrl":"https:\/\/www.rassegnastampa-totustuus.it\/cattolica\/wp-content\/uploads\/2019\/10\/Eutanasia.jpg","keywords":["eutanasia","Luigi Giussani"],"articleSection":["Eutanasia"],"inLanguage":"it-IT"},{"@type":"WebPage","@id":"https:\/\/www.rassegnastampa-totustuus.it\/cattolica\/eutanasia-il-simbolo-odierno-della-disperazione\/","url":"https:\/\/www.rassegnastampa-totustuus.it\/cattolica\/eutanasia-il-simbolo-odierno-della-disperazione\/","name":"Eutanasia: il simbolo odierno della disperazione - Rassegna Stampa Cattolica","isPartOf":{"@id":"https:\/\/www.rassegnastampa-totustuus.it\/cattolica\/#website"},"primaryImageOfPage":{"@id":"https:\/\/www.rassegnastampa-totustuus.it\/cattolica\/eutanasia-il-simbolo-odierno-della-disperazione\/#primaryimage"},"image":{"@id":"https:\/\/www.rassegnastampa-totustuus.it\/cattolica\/eutanasia-il-simbolo-odierno-della-disperazione\/#primaryimage"},"thumbnailUrl":"https:\/\/www.rassegnastampa-totustuus.it\/cattolica\/wp-content\/uploads\/2019\/10\/Eutanasia.jpg","datePublished":"2019-10-09T22:00:16+00:00","description":"Rassegna Stampa Cattolica - Per una cultura che nasce dalla Rivelazione cristiana in conformit\u00e0 alla tradizione e al Magistero della Chiesa in opposizione ad ogni relativismo e totalitarismo","breadcrumb":{"@id":"https:\/\/www.rassegnastampa-totustuus.it\/cattolica\/eutanasia-il-simbolo-odierno-della-disperazione\/#breadcrumb"},"inLanguage":"it-IT","potentialAction":[{"@type":"ReadAction","target":["https:\/\/www.rassegnastampa-totustuus.it\/cattolica\/eutanasia-il-simbolo-odierno-della-disperazione\/"]}]},{"@type":"ImageObject","inLanguage":"it-IT","@id":"https:\/\/www.rassegnastampa-totustuus.it\/cattolica\/eutanasia-il-simbolo-odierno-della-disperazione\/#primaryimage","url":"https:\/\/www.rassegnastampa-totustuus.it\/cattolica\/wp-content\/uploads\/2019\/10\/Eutanasia.jpg","contentUrl":"https:\/\/www.rassegnastampa-totustuus.it\/cattolica\/wp-content\/uploads\/2019\/10\/Eutanasia.jpg","width":1800,"height":1014},{"@type":"BreadcrumbList","@id":"https:\/\/www.rassegnastampa-totustuus.it\/cattolica\/eutanasia-il-simbolo-odierno-della-disperazione\/#breadcrumb","itemListElement":[{"@type":"ListItem","position":1,"name":"Home","item":"https:\/\/www.rassegnastampa-totustuus.it\/cattolica\/"},{"@type":"ListItem","position":2,"name":"Eutanasia: il simbolo odierno della disperazione"}]},{"@type":"WebSite","@id":"https:\/\/www.rassegnastampa-totustuus.it\/cattolica\/#website","url":"https:\/\/www.rassegnastampa-totustuus.it\/cattolica\/","name":"Rassegna Stampa Cattolica","description":"Per una cultura che nasce dalla Rivelazione cristiana in conformit\u00e0 alla tradizione e al Magistero della Chiesa in opposizione ad ogni relativismo e totalitarismo","publisher":{"@id":"https:\/\/www.rassegnastampa-totustuus.it\/cattolica\/#organization"},"alternateName":"Rass. Cattolica","potentialAction":[{"@type":"SearchAction","target":{"@type":"EntryPoint","urlTemplate":"https:\/\/www.rassegnastampa-totustuus.it\/cattolica\/?s={search_term_string}"},"query-input":{"@type":"PropertyValueSpecification","valueRequired":true,"valueName":"search_term_string"}}],"inLanguage":"it-IT"},{"@type":"Organization","@id":"https:\/\/www.rassegnastampa-totustuus.it\/cattolica\/#organization","name":"Rassegna Stampa Cattolica","url":"https:\/\/www.rassegnastampa-totustuus.it\/cattolica\/","logo":{"@type":"ImageObject","inLanguage":"it-IT","@id":"https:\/\/www.rassegnastampa-totustuus.it\/cattolica\/#\/schema\/logo\/image\/","url":"https:\/\/www.rassegnastampa-totustuus.it\/cattolica\/wp-content\/uploads\/2014\/04\/logo-rassegna1.gif","contentUrl":"https:\/\/www.rassegnastampa-totustuus.it\/cattolica\/wp-content\/uploads\/2014\/04\/logo-rassegna1.gif","width":600,"height":163,"caption":"Rassegna Stampa Cattolica"},"image":{"@id":"https:\/\/www.rassegnastampa-totustuus.it\/cattolica\/#\/schema\/logo\/image\/"},"sameAs":["https:\/\/www.facebook.com\/rassegnastampacattolica","https:\/\/x.com\/rassegnastampa9"]},{"@type":"Person","@id":"https:\/\/www.rassegnastampa-totustuus.it\/cattolica\/#\/schema\/person\/08f319d2bd1a0904ad9e2bfb7b15e5c3","name":"Redazione","image":{"@type":"ImageObject","inLanguage":"it-IT","@id":"https:\/\/secure.gravatar.com\/avatar\/2fcdf27c78ea025fbdb44e914cc63c72249ffec9dc8aafd5c82b26240ef3f346?s=96&d=mm&r=g","url":"https:\/\/secure.gravatar.com\/avatar\/2fcdf27c78ea025fbdb44e914cc63c72249ffec9dc8aafd5c82b26240ef3f346?s=96&d=mm&r=g","contentUrl":"https:\/\/secure.gravatar.com\/avatar\/2fcdf27c78ea025fbdb44e914cc63c72249ffec9dc8aafd5c82b26240ef3f346?s=96&d=mm&r=g","caption":"Redazione"},"url":"https:\/\/www.rassegnastampa-totustuus.it\/cattolica\/author\/pietroelle\/"}]}},"_links":{"self":[{"href":"https:\/\/www.rassegnastampa-totustuus.it\/cattolica\/wp-json\/wp\/v2\/posts\/44632","targetHints":{"allow":["GET"]}}],"collection":[{"href":"https:\/\/www.rassegnastampa-totustuus.it\/cattolica\/wp-json\/wp\/v2\/posts"}],"about":[{"href":"https:\/\/www.rassegnastampa-totustuus.it\/cattolica\/wp-json\/wp\/v2\/types\/post"}],"author":[{"embeddable":true,"href":"https:\/\/www.rassegnastampa-totustuus.it\/cattolica\/wp-json\/wp\/v2\/users\/6"}],"replies":[{"embeddable":true,"href":"https:\/\/www.rassegnastampa-totustuus.it\/cattolica\/wp-json\/wp\/v2\/comments?post=44632"}],"version-history":[{"count":3,"href":"https:\/\/www.rassegnastampa-totustuus.it\/cattolica\/wp-json\/wp\/v2\/posts\/44632\/revisions"}],"predecessor-version":[{"id":44637,"href":"https:\/\/www.rassegnastampa-totustuus.it\/cattolica\/wp-json\/wp\/v2\/posts\/44632\/revisions\/44637"}],"wp:featuredmedia":[{"embeddable":true,"href":"https:\/\/www.rassegnastampa-totustuus.it\/cattolica\/wp-json\/wp\/v2\/media\/44636"}],"wp:attachment":[{"href":"https:\/\/www.rassegnastampa-totustuus.it\/cattolica\/wp-json\/wp\/v2\/media?parent=44632"}],"wp:term":[{"taxonomy":"category","embeddable":true,"href":"https:\/\/www.rassegnastampa-totustuus.it\/cattolica\/wp-json\/wp\/v2\/categories?post=44632"},{"taxonomy":"post_tag","embeddable":true,"href":"https:\/\/www.rassegnastampa-totustuus.it\/cattolica\/wp-json\/wp\/v2\/tags?post=44632"}],"curies":[{"name":"wp","href":"https:\/\/api.w.org\/{rel}","templated":true}]}}