{"id":44615,"date":"2017-08-03T00:00:32","date_gmt":"2017-08-02T22:00:32","guid":{"rendered":"http:\/\/www.rassegnastampa-totustuus.it\/cattolica\/?p=44615"},"modified":"2019-10-03T17:15:16","modified_gmt":"2019-10-03T15:15:16","slug":"come-napoli-divenne-italiana","status":"publish","type":"post","link":"https:\/\/www.rassegnastampa-totustuus.it\/cattolica\/come-napoli-divenne-italiana\/","title":{"rendered":"Come Napoli divenne\u2026 italiana"},"content":{"rendered":"<p style=\"text-align: center;\"><strong><a href=\"https:\/\/www.rassegnastampa-totustuus.it\/cattolica\/wp-content\/uploads\/2019\/10\/Garibaldi_Napoli_Risorgimento.jpg\"><img loading=\"lazy\" decoding=\"async\" class=\"alignleft wp-image-44616\" src=\"https:\/\/www.rassegnastampa-totustuus.it\/cattolica\/wp-content\/uploads\/2019\/10\/Garibaldi_Napoli_Risorgimento-300x220.jpg\" alt=\"\" width=\"250\" height=\"184\" srcset=\"https:\/\/www.rassegnastampa-totustuus.it\/cattolica\/wp-content\/uploads\/2019\/10\/Garibaldi_Napoli_Risorgimento-300x220.jpg 300w, https:\/\/www.rassegnastampa-totustuus.it\/cattolica\/wp-content\/uploads\/2019\/10\/Garibaldi_Napoli_Risorgimento-768x564.jpg 768w, https:\/\/www.rassegnastampa-totustuus.it\/cattolica\/wp-content\/uploads\/2019\/10\/Garibaldi_Napoli_Risorgimento-1024x752.jpg 1024w\" sizes=\"auto, (max-width: 250px) 100vw, 250px\" \/><\/a>Il Timone<\/strong> n.187 Settembre 2019<\/p>\n<p style=\"text-align: justify;\"><em>Un massone inviato da Cavour per provocare l&#8217;insurrezione napoletana. Che non avvenne mai. Per\u00f2 gli accordi con la camorra ci furono da subito. E le casse del regno andarono in rovina <\/em><\/p>\n<p style=\"text-align: center;\">di <strong>Rino Cammilleri <\/strong><\/p>\n<p><!--more--><\/p>\n<p style=\"text-align: justify;\">Cavour, mentre Garibaldi saliva dalla Sicilia verso Napoli, cercava di organizzare una insurrezione &#8220;spontanea&#8221;, che avrebbe consentito alle truppe piemontesi di venire in soccorso fraterno alle popolazioni meridionali. Aveva puntato le sue carte su Liborio Romano, ministro dell&#8217;interno di Francesco II. Massone di grado 33 e liberale di vecchia data, era tornato dall&#8217;esilio ed era stato nominato proprio per ammansire l&#8217;opposizione liberale.<\/p>\n<p style=\"text-align: justify;\"><a href=\"https:\/\/www.rassegnastampa-totustuus.it\/cattolica\/wp-content\/uploads\/2005\/09\/Cavour-1.jpg\"><img loading=\"lazy\" decoding=\"async\" class=\"alignright wp-image-33317\" src=\"https:\/\/www.rassegnastampa-totustuus.it\/cattolica\/wp-content\/uploads\/2005\/09\/Cavour-1.jpg\" alt=\"\" width=\"179\" height=\"230\" \/><\/a>Nel bel libro <em>Italia oscura<\/em> (Sperling&amp;Kupfer, pp. 491, \u20ac. 19,90) di Giovanni Fasanella e Antonella Grippo, si parla di lui come pedina del gioco orchestrato da Cavour. Il quale, da giovane, \u00abcalcolatore anche nei rapporti umani\u00bb, aveva sedotto Anna Schiaffino, moglie del marchese Stefano Giustiniani. Fu un rapporto (extraconiugale) sofferto (da lei), tanto che la donna tent\u00f2 tre volte il suicidio, riuscendoci la terza volta, dopo che lui l&#8217;ebbe lasciata: si butt\u00f2 dalla finestra.<\/p>\n<p style=\"text-align: justify;\"><strong>La guardia e i capibastone <\/strong><\/p>\n<p style=\"text-align: justify;\">Ma torniamo a Napoli nel 1860. I liberali provarono davvero a organizzare moti, tanto che ci furono scontri e incendi di commissariati. Liborio Romano prov\u00f2 ad essere pi\u00f9 scaltro di Cavour, giocando su tre tavoli: \u00abfaceva credere ai liberali di preparare il terreno per l&#8217;arrivo di Garibaldi, ai borbonici che la costituzione fosse l&#8217;unico modo per salvare la monarchia e a Cavour di essere pronto a guidare la rivolta &#8220;spontanea&#8221;\u00bb.<\/p>\n<p style=\"text-align: justify;\"><a href=\"https:\/\/www.rassegnastampa-totustuus.it\/cattolica\/wp-content\/uploads\/2017\/08\/camorristi.jpg\"><img loading=\"lazy\" decoding=\"async\" class=\"size-full wp-image-44620 alignleft\" src=\"https:\/\/www.rassegnastampa-totustuus.it\/cattolica\/wp-content\/uploads\/2017\/08\/camorristi.jpg\" alt=\"\" width=\"271\" height=\"186\" \/><\/a>Si rivolse dunque a coloro che davvero controllavano il territorio, i camorristi. \u00abD&#8217;altra parte, se i mafiosi avevano aiutato Garibaldi in Sicilia\u00bb, i camorristi potevano ben fare la stessa cosa a Napoli. Cos\u00ec, scelse la sua personale guardia del corpo tra costoro.<\/p>\n<p style=\"text-align: justify;\">Lui, con la sua palandrana scura e gli occhialetti sugli occhi torvi, sembrava uno <em>schiattamuort<\/em>, lo jettatore tanto temuto dai napoletani. Si trattava di sostituire la polizia borbonica con queste nuove forze dell&#8217;ordine, il cui capo sarebbe stato Tore &#8216;e Criscienzo (Salvatore de Crescenzo, celebre guappo). Cos\u00ec, anche &#8216;o Perzianaro (Luigi Cozzolino), &#8216;o Chiazziere (tal Michele), poi &#8216;o Schiavetto, Mastro Tredici e altri capibastone della crema dei bassifondi vestirono la divisa: coccarda tricolore sul cappello e mazza in mano.<\/p>\n<p style=\"text-align: justify;\"><strong>Comanda la camorra<\/strong><\/p>\n<p style=\"text-align: justify;\"><a href=\"https:\/\/www.rassegnastampa-totustuus.it\/cattolica\/wp-content\/uploads\/2017\/08\/briganti.jpg\"><img loading=\"lazy\" decoding=\"async\" class=\" wp-image-44619 alignright\" src=\"https:\/\/www.rassegnastampa-totustuus.it\/cattolica\/wp-content\/uploads\/2017\/08\/briganti-300x217.jpg\" alt=\"\" width=\"256\" height=\"185\" srcset=\"https:\/\/www.rassegnastampa-totustuus.it\/cattolica\/wp-content\/uploads\/2017\/08\/briganti-300x217.jpg 300w, https:\/\/www.rassegnastampa-totustuus.it\/cattolica\/wp-content\/uploads\/2017\/08\/briganti.jpg 421w\" sizes=\"auto, (max-width: 256px) 100vw, 256px\" \/><\/a>In breve ogni caserma di polizia fu occupata dai \u00abcamorristi proprietari\u00bb (cio\u00e8, quelli che comandavano una sezione o \u00abrocchia\u00bb), mentre la bassa manovalanza veniva assegnata ai \u00abpicciotti di sgarro\u00bb. Cozzolino faceva il cameriere in una locanda, Felice Mele era garzone di parrucchiere e spazzino, il taverniere Callicchio divenne ispettore di polizia, fatte queste nomine vennero ratificate di persona dal Romano, il quale se ne vant\u00f2 pure nelle sue Memorie.<\/p>\n<p style=\"text-align: justify;\">Il repulisti da parte di quei nuovi tutori dell&#8217;ordine cominci\u00f2 subito: due ispettori borbonici vennero assassinati, molti altri feriti, gli uffici puntualmente saccheggiati e distrutti. Spesso, alla fine di questi raid, i nuovi poliziotti tendevano il cappello ai passanti, sollecitando l&#8217;obolo. Chi si rifiutava veniva pestato a sangue perch\u00e9 \u00abnemico della patria\u00bb.<\/p>\n<div id=\"attachment_44621\" style=\"width: 155px\" class=\"wp-caption alignleft\"><a href=\"https:\/\/www.rassegnastampa-totustuus.it\/cattolica\/wp-content\/uploads\/2017\/08\/Liborio_Romano_Risorgimento.jpg\"><img loading=\"lazy\" decoding=\"async\" aria-describedby=\"caption-attachment-44621\" class=\"wp-image-44621\" src=\"https:\/\/www.rassegnastampa-totustuus.it\/cattolica\/wp-content\/uploads\/2017\/08\/Liborio_Romano_Risorgimento.jpg\" alt=\"\" width=\"155\" height=\"200\" \/><\/a><p id=\"caption-attachment-44621\" class=\"wp-caption-text\">Liborio Romano<\/p><\/div>\n<p style=\"text-align: justify;\">Il giovane ispettore Perrelli, che in passato aveva inflitto colpi significativi alla camorra, fu pugnalato alle spalle da Felice Mele mentre era a passeggio. Quando arriv\u00f2 la barella per portarlo all&#8217;ospedale, il Mele torn\u00f2 indietro e gli diede il colpo di grazia sotto gli occhi atterriti degli astanti, poi se ne and\u00f2 tranquillamente per i fatti suoi.<\/p>\n<p style=\"text-align: justify;\">\u00abL&#8217;anarchia, la corruzione, la prepotenza iniziarono a governare Napoli. La citt\u00e0 anneg\u00f2 nel contrabbando, nelle riffe clandestine, nelle piccole lotte di potere\u00bb.<\/p>\n<p style=\"text-align: justify;\"><strong>Finanze sul lastrico <\/strong><\/p>\n<p style=\"text-align: justify;\">Cavour aveva le idee chiare, come scrisse al suo braccio destro Costantino Nigra: \u00abSe il movimento riesce, si costituisce un governo provvisorio capeggiato da Liborio che invoca subito la protezione del Piemonte. Vittorio Emanuele accetta il protettorato, invia una divisione che mantiene l&#8217;ordine e arresta Garibaldi\u00bb. Ma il \u00abmoto spontaneo\u00bb non scoppiava.<\/p>\n<p style=\"text-align: justify;\"><a href=\"https:\/\/www.rassegnastampa-totustuus.it\/cattolica\/wp-content\/uploads\/2010\/08\/garibaldini.jpg\"><img loading=\"lazy\" decoding=\"async\" class=\"size-full wp-image-21245 alignright\" src=\"https:\/\/www.rassegnastampa-totustuus.it\/cattolica\/wp-content\/uploads\/2010\/08\/garibaldini.jpg\" alt=\"\" width=\"250\" height=\"202\" \/><\/a>Cos\u00ec scriveva l&#8217;affranto Conte a Bettino Ricasoli: \u00abA Napoli abbiamo somministrato tutti i mezzi (&#8230;), armi, denari, soldati, uomini di consiglio, uomini d&#8217;azione\u00bb. Intanto Garibaldi passava lo Stretto. Domenico Gallotti, comandante la guarnigione di Reggio, si arrese senza combattere e lo stesso fece il generale Fileno Briganti, il quale, per\u00f2, fin\u00ec linciato dai suoi stessi uomini, \u00abi soldati semplici, quelli che non erano stati comprati con l&#8217;oro massonico e sabaudo\u00bb.<\/p>\n<p style=\"text-align: justify;\">Mentre il giovane re delle Due Sicilie partiva per Gaeta, Liborio Romano mandava a Garibaldi un telegramma: \u00abCon la maggiore impazienza Napoli attende il suo arrivo per salutarla redentore d&#8217;Italia e mettere nelle sue mani i poteri dello stato e i propri destini\u00bb.<\/p>\n<p style=\"text-align: justify;\"><a href=\"https:\/\/www.rassegnastampa-totustuus.it\/cattolica\/wp-content\/uploads\/2011\/03\/garibaldi.jpg\"><img loading=\"lazy\" decoding=\"async\" class=\"size-full wp-image-22323 alignleft\" src=\"https:\/\/www.rassegnastampa-totustuus.it\/cattolica\/wp-content\/uploads\/2011\/03\/garibaldi.jpg\" alt=\"\" width=\"227\" height=\"222\" \/><\/a>Fu cos\u00ec che Garibaldi entr\u00f2 in Napoli in carrozza scortato dalla nuova forza pubblica e con Tore &#8216;e Criscienzo in testa al corteo. Dopo aver svuotato il Banco di Napoli e quello di Sicilia (il re era partito senza la cassa), il dittatore concesse 75mila ducati ai nuovi rappresentati dell&#8217;ordine costituito.<\/p>\n<p style=\"text-align: justify;\">Un vitalizio di 12 ducati mensili fu assegnato alla taverniera Marina de Crescenzo, nel cui locale si riunivano i capi camorristi, e alle gentildonne di questi ultimi: Rosa la Pazza, Luisella Lun&#8217;a juorne (nella stanza dove riceveva gli uomini teneva sempre le candele accese), Nannarella Quattro Rane (usa a prendere quattro soldi per i suoi favori) eccetera. \u00abLe finanze del Regno finirono sul lastrico nel giro di due mesi: 90 milioni di ducati (pari a oltre 2 miliardi e mezzo di euro odierni) sparirono\u00bb.<\/p>\n<p style=\"text-align: justify;\"><a href=\"https:\/\/www.rassegnastampa-totustuus.it\/cattolica\/wp-content\/uploads\/2018\/08\/Gran-Bretagna.jpg\"><img loading=\"lazy\" decoding=\"async\" class=\" wp-image-40950 alignright\" src=\"https:\/\/www.rassegnastampa-totustuus.it\/cattolica\/wp-content\/uploads\/2018\/08\/Gran-Bretagna-300x168.jpg\" alt=\"\" width=\"270\" height=\"151\" \/><\/a>Dopo Napoli, toccava a Roma. Gli inglesi volevano chiudere subito la faccenda, ma Cavour doveva barcamenarsi anche con la Francia, che aveva un suo progetto e, al momento, proteggeva il papa. \u00abInsomma, gli inglesi e Ricasoli accusavano Cavour di essere troppo cauto sulla questione romana perch\u00e9 segretamente d&#8217;accordo con il disegno francese di un&#8217;Italia federale\u00bb.<\/p>\n<p style=\"text-align: justify;\">E fu Ricasoli a prendere il posto di premier alla morte di Cavour. Cavour cominci\u00f2 a sentirsi male la sera del 29 maggio 1861, al ritorno da una visita alla sua amante Bianca Ronzani. Il 6 giugno era morto. L&#8217;ambasciatore britannico, James Hudson, cos\u00ec scrisse nel suo rapporto segreto al ministro lord Russell: \u00abPenso di non essere lontano dalla verit\u00e0 nel qualificare il decesso di Cavour come un assassinio compiuto dai medici\u00bb.<\/p>\n<p style=\"text-align: justify;\"><a href=\"https:\/\/www.rassegnastampa-totustuus.it\/cattolica\/wp-content\/uploads\/2017\/08\/Cavour.jpg\"><img loading=\"lazy\" decoding=\"async\" class=\"alignleft wp-image-44622\" src=\"https:\/\/www.rassegnastampa-totustuus.it\/cattolica\/wp-content\/uploads\/2017\/08\/Cavour.jpg\" alt=\"\" width=\"250\" height=\"166\" \/><\/a>Il Conte fu salassato per ben sei volte, poi, la sera prima della morte, gli fu somministrato un \u00abinfuso di laurocerato\u00bb. Il prunus \u00ecaurocem-sus \u00e8 una pianta \u00abaltamente tossica\u00bb da cui \u00absi ricava per infusione il cianuro\u00bb. Chi ne ingerisse per bocca, come fece Cavour, presenterebbe i seguenti sintomi: nausea, vomito, diarrea, delirio, vertigini, allucinazioni, convulsioni, coma. \u00abProprio quelli che cominci\u00f2 ad accusare Cavour\u00bb.<\/p>\n<p style=\"text-align: justify;\">Solo un&#8217;autopsia avrebbe potuto dire la verit\u00e0. Ma, naturalmente, non ci fu<\/p>\n","protected":false},"excerpt":{"rendered":"<p>Il Timone n.187 Settembre 2019 Un massone inviato da Cavour per provocare l&#8217;insurrezione napoletana. Che non avvenne mai. Per\u00f2 gli accordi con la camorra ci furono da subito. E le casse del regno andarono in rovina di Rino Cammilleri<\/p><p><a class=\"more-link btn\" href=\"https:\/\/www.rassegnastampa-totustuus.it\/cattolica\/come-napoli-divenne-italiana\/\">Continua a leggere<\/a><\/p>\n","protected":false},"author":6,"featured_media":44616,"comment_status":"closed","ping_status":"closed","sticky":false,"template":"","format":"standard","meta":{"footnotes":""},"categories":[101,24,96],"tags":[1021,1778,2406,162,404],"class_list":["post-44615","post","type-post","status-publish","format-standard","has-post-thumbnail","hentry","category-risorgimento","category-storia","category-storia-italiana","tag-camillo-benso-conte-di-cavour","tag-garibaldi","tag-risorgimento","tag-storia-2","tag-storia-italiana-2","item-wrap"],"yoast_head":"<!-- This site is optimized with the Yoast SEO plugin v27.5 - https:\/\/yoast.com\/product\/yoast-seo-wordpress\/ -->\n<title>Come Napoli divenne\u2026 italiana - Rassegna Stampa Cattolica<\/title>\n<meta name=\"description\" content=\"Rassegna Stampa Cattolica - Per una cultura che nasce dalla Rivelazione cristiana in conformit\u00e0 alla tradizione e al Magistero della Chiesa in opposizione ad ogni relativismo e totalitarismo\" \/>\n<meta name=\"robots\" content=\"index, follow, max-snippet:-1, max-image-preview:large, max-video-preview:-1\" \/>\n<link rel=\"canonical\" href=\"https:\/\/www.rassegnastampa-totustuus.it\/cattolica\/come-napoli-divenne-italiana\/\" \/>\n<meta property=\"og:locale\" content=\"it_IT\" \/>\n<meta property=\"og:type\" content=\"article\" \/>\n<meta property=\"og:title\" content=\"Come Napoli divenne\u2026 italiana - Rassegna Stampa Cattolica\" \/>\n<meta property=\"og:description\" content=\"Rassegna Stampa Cattolica - Per una cultura che nasce dalla Rivelazione cristiana in conformit\u00e0 alla tradizione e al Magistero della Chiesa in opposizione ad ogni relativismo e totalitarismo\" \/>\n<meta property=\"og:url\" content=\"https:\/\/www.rassegnastampa-totustuus.it\/cattolica\/come-napoli-divenne-italiana\/\" \/>\n<meta property=\"og:site_name\" content=\"Rassegna Stampa Cattolica\" \/>\n<meta property=\"article:publisher\" content=\"https:\/\/www.facebook.com\/rassegnastampacattolica\" \/>\n<meta property=\"article:published_time\" content=\"2017-08-02T22:00:32+00:00\" \/>\n<meta property=\"article:modified_time\" content=\"2019-10-03T15:15:16+00:00\" \/>\n<meta property=\"og:image\" content=\"https:\/\/www.rassegnastampa-totustuus.it\/cattolica\/wp-content\/uploads\/2019\/10\/Garibaldi_Napoli_Risorgimento.jpg\" \/>\n\t<meta property=\"og:image:width\" content=\"2396\" \/>\n\t<meta property=\"og:image:height\" content=\"1760\" \/>\n\t<meta property=\"og:image:type\" content=\"image\/jpeg\" \/>\n<meta name=\"author\" content=\"Redazione\" \/>\n<meta name=\"twitter:card\" content=\"summary_large_image\" \/>\n<meta name=\"twitter:creator\" content=\"@rassegnastampa9\" \/>\n<meta name=\"twitter:site\" content=\"@rassegnastampa9\" \/>\n<meta name=\"twitter:label1\" content=\"Scritto da\" \/>\n\t<meta name=\"twitter:data1\" content=\"Redazione\" \/>\n\t<meta name=\"twitter:label2\" content=\"Tempo di lettura stimato\" \/>\n\t<meta name=\"twitter:data2\" content=\"5 minuti\" \/>\n<script type=\"application\/ld+json\" class=\"yoast-schema-graph\">{\"@context\":\"https:\\\/\\\/schema.org\",\"@graph\":[{\"@type\":\"Article\",\"@id\":\"https:\\\/\\\/www.rassegnastampa-totustuus.it\\\/cattolica\\\/come-napoli-divenne-italiana\\\/#article\",\"isPartOf\":{\"@id\":\"https:\\\/\\\/www.rassegnastampa-totustuus.it\\\/cattolica\\\/come-napoli-divenne-italiana\\\/\"},\"author\":{\"name\":\"Redazione\",\"@id\":\"https:\\\/\\\/www.rassegnastampa-totustuus.it\\\/cattolica\\\/#\\\/schema\\\/person\\\/08f319d2bd1a0904ad9e2bfb7b15e5c3\"},\"headline\":\"Come Napoli divenne\u2026 italiana\",\"datePublished\":\"2017-08-02T22:00:32+00:00\",\"dateModified\":\"2019-10-03T15:15:16+00:00\",\"mainEntityOfPage\":{\"@id\":\"https:\\\/\\\/www.rassegnastampa-totustuus.it\\\/cattolica\\\/come-napoli-divenne-italiana\\\/\"},\"wordCount\":1105,\"publisher\":{\"@id\":\"https:\\\/\\\/www.rassegnastampa-totustuus.it\\\/cattolica\\\/#organization\"},\"image\":{\"@id\":\"https:\\\/\\\/www.rassegnastampa-totustuus.it\\\/cattolica\\\/come-napoli-divenne-italiana\\\/#primaryimage\"},\"thumbnailUrl\":\"https:\\\/\\\/www.rassegnastampa-totustuus.it\\\/cattolica\\\/wp-content\\\/uploads\\\/2019\\\/10\\\/Garibaldi_Napoli_Risorgimento.jpg\",\"keywords\":[\"Camillo Benso conte di Cavour\",\"Garibaldi\",\"Risorgimento\",\"storia\",\"storia italiana\"],\"articleSection\":[\"Risorgimento\",\"Storia\",\"Storia italiana\"],\"inLanguage\":\"it-IT\"},{\"@type\":\"WebPage\",\"@id\":\"https:\\\/\\\/www.rassegnastampa-totustuus.it\\\/cattolica\\\/come-napoli-divenne-italiana\\\/\",\"url\":\"https:\\\/\\\/www.rassegnastampa-totustuus.it\\\/cattolica\\\/come-napoli-divenne-italiana\\\/\",\"name\":\"Come Napoli divenne\u2026 italiana - Rassegna Stampa Cattolica\",\"isPartOf\":{\"@id\":\"https:\\\/\\\/www.rassegnastampa-totustuus.it\\\/cattolica\\\/#website\"},\"primaryImageOfPage\":{\"@id\":\"https:\\\/\\\/www.rassegnastampa-totustuus.it\\\/cattolica\\\/come-napoli-divenne-italiana\\\/#primaryimage\"},\"image\":{\"@id\":\"https:\\\/\\\/www.rassegnastampa-totustuus.it\\\/cattolica\\\/come-napoli-divenne-italiana\\\/#primaryimage\"},\"thumbnailUrl\":\"https:\\\/\\\/www.rassegnastampa-totustuus.it\\\/cattolica\\\/wp-content\\\/uploads\\\/2019\\\/10\\\/Garibaldi_Napoli_Risorgimento.jpg\",\"datePublished\":\"2017-08-02T22:00:32+00:00\",\"dateModified\":\"2019-10-03T15:15:16+00:00\",\"description\":\"Rassegna Stampa Cattolica - Per una cultura che nasce dalla Rivelazione cristiana in conformit\u00e0 alla tradizione e al Magistero della Chiesa in opposizione ad ogni relativismo e totalitarismo\",\"breadcrumb\":{\"@id\":\"https:\\\/\\\/www.rassegnastampa-totustuus.it\\\/cattolica\\\/come-napoli-divenne-italiana\\\/#breadcrumb\"},\"inLanguage\":\"it-IT\",\"potentialAction\":[{\"@type\":\"ReadAction\",\"target\":[\"https:\\\/\\\/www.rassegnastampa-totustuus.it\\\/cattolica\\\/come-napoli-divenne-italiana\\\/\"]}]},{\"@type\":\"ImageObject\",\"inLanguage\":\"it-IT\",\"@id\":\"https:\\\/\\\/www.rassegnastampa-totustuus.it\\\/cattolica\\\/come-napoli-divenne-italiana\\\/#primaryimage\",\"url\":\"https:\\\/\\\/www.rassegnastampa-totustuus.it\\\/cattolica\\\/wp-content\\\/uploads\\\/2019\\\/10\\\/Garibaldi_Napoli_Risorgimento.jpg\",\"contentUrl\":\"https:\\\/\\\/www.rassegnastampa-totustuus.it\\\/cattolica\\\/wp-content\\\/uploads\\\/2019\\\/10\\\/Garibaldi_Napoli_Risorgimento.jpg\",\"width\":2396,\"height\":1760},{\"@type\":\"BreadcrumbList\",\"@id\":\"https:\\\/\\\/www.rassegnastampa-totustuus.it\\\/cattolica\\\/come-napoli-divenne-italiana\\\/#breadcrumb\",\"itemListElement\":[{\"@type\":\"ListItem\",\"position\":1,\"name\":\"Home\",\"item\":\"https:\\\/\\\/www.rassegnastampa-totustuus.it\\\/cattolica\\\/\"},{\"@type\":\"ListItem\",\"position\":2,\"name\":\"Come Napoli divenne\u2026 italiana\"}]},{\"@type\":\"WebSite\",\"@id\":\"https:\\\/\\\/www.rassegnastampa-totustuus.it\\\/cattolica\\\/#website\",\"url\":\"https:\\\/\\\/www.rassegnastampa-totustuus.it\\\/cattolica\\\/\",\"name\":\"Rassegna Stampa Cattolica\",\"description\":\"Per una cultura che nasce dalla Rivelazione cristiana in conformit\u00e0 alla tradizione e al Magistero della Chiesa in opposizione ad ogni relativismo e totalitarismo\",\"publisher\":{\"@id\":\"https:\\\/\\\/www.rassegnastampa-totustuus.it\\\/cattolica\\\/#organization\"},\"alternateName\":\"Rass. Cattolica\",\"potentialAction\":[{\"@type\":\"SearchAction\",\"target\":{\"@type\":\"EntryPoint\",\"urlTemplate\":\"https:\\\/\\\/www.rassegnastampa-totustuus.it\\\/cattolica\\\/?s={search_term_string}\"},\"query-input\":{\"@type\":\"PropertyValueSpecification\",\"valueRequired\":true,\"valueName\":\"search_term_string\"}}],\"inLanguage\":\"it-IT\"},{\"@type\":\"Organization\",\"@id\":\"https:\\\/\\\/www.rassegnastampa-totustuus.it\\\/cattolica\\\/#organization\",\"name\":\"Rassegna Stampa Cattolica\",\"url\":\"https:\\\/\\\/www.rassegnastampa-totustuus.it\\\/cattolica\\\/\",\"logo\":{\"@type\":\"ImageObject\",\"inLanguage\":\"it-IT\",\"@id\":\"https:\\\/\\\/www.rassegnastampa-totustuus.it\\\/cattolica\\\/#\\\/schema\\\/logo\\\/image\\\/\",\"url\":\"https:\\\/\\\/www.rassegnastampa-totustuus.it\\\/cattolica\\\/wp-content\\\/uploads\\\/2014\\\/04\\\/logo-rassegna1.gif\",\"contentUrl\":\"https:\\\/\\\/www.rassegnastampa-totustuus.it\\\/cattolica\\\/wp-content\\\/uploads\\\/2014\\\/04\\\/logo-rassegna1.gif\",\"width\":600,\"height\":163,\"caption\":\"Rassegna Stampa Cattolica\"},\"image\":{\"@id\":\"https:\\\/\\\/www.rassegnastampa-totustuus.it\\\/cattolica\\\/#\\\/schema\\\/logo\\\/image\\\/\"},\"sameAs\":[\"https:\\\/\\\/www.facebook.com\\\/rassegnastampacattolica\",\"https:\\\/\\\/x.com\\\/rassegnastampa9\"]},{\"@type\":\"Person\",\"@id\":\"https:\\\/\\\/www.rassegnastampa-totustuus.it\\\/cattolica\\\/#\\\/schema\\\/person\\\/08f319d2bd1a0904ad9e2bfb7b15e5c3\",\"name\":\"Redazione\",\"image\":{\"@type\":\"ImageObject\",\"inLanguage\":\"it-IT\",\"@id\":\"https:\\\/\\\/secure.gravatar.com\\\/avatar\\\/2fcdf27c78ea025fbdb44e914cc63c72249ffec9dc8aafd5c82b26240ef3f346?s=96&d=mm&r=g\",\"url\":\"https:\\\/\\\/secure.gravatar.com\\\/avatar\\\/2fcdf27c78ea025fbdb44e914cc63c72249ffec9dc8aafd5c82b26240ef3f346?s=96&d=mm&r=g\",\"contentUrl\":\"https:\\\/\\\/secure.gravatar.com\\\/avatar\\\/2fcdf27c78ea025fbdb44e914cc63c72249ffec9dc8aafd5c82b26240ef3f346?s=96&d=mm&r=g\",\"caption\":\"Redazione\"},\"url\":\"https:\\\/\\\/www.rassegnastampa-totustuus.it\\\/cattolica\\\/author\\\/pietroelle\\\/\"}]}<\/script>\n<!-- \/ Yoast SEO plugin. -->","yoast_head_json":{"title":"Come Napoli divenne\u2026 italiana - Rassegna Stampa Cattolica","description":"Rassegna Stampa Cattolica - Per una cultura che nasce dalla Rivelazione cristiana in conformit\u00e0 alla tradizione e al Magistero della Chiesa in opposizione ad ogni relativismo e totalitarismo","robots":{"index":"index","follow":"follow","max-snippet":"max-snippet:-1","max-image-preview":"max-image-preview:large","max-video-preview":"max-video-preview:-1"},"canonical":"https:\/\/www.rassegnastampa-totustuus.it\/cattolica\/come-napoli-divenne-italiana\/","og_locale":"it_IT","og_type":"article","og_title":"Come Napoli divenne\u2026 italiana - Rassegna Stampa Cattolica","og_description":"Rassegna Stampa Cattolica - Per una cultura che nasce dalla Rivelazione cristiana in conformit\u00e0 alla tradizione e al Magistero della Chiesa in opposizione ad ogni relativismo e totalitarismo","og_url":"https:\/\/www.rassegnastampa-totustuus.it\/cattolica\/come-napoli-divenne-italiana\/","og_site_name":"Rassegna Stampa Cattolica","article_publisher":"https:\/\/www.facebook.com\/rassegnastampacattolica","article_published_time":"2017-08-02T22:00:32+00:00","article_modified_time":"2019-10-03T15:15:16+00:00","og_image":[{"width":2396,"height":1760,"url":"https:\/\/www.rassegnastampa-totustuus.it\/cattolica\/wp-content\/uploads\/2019\/10\/Garibaldi_Napoli_Risorgimento.jpg","type":"image\/jpeg"}],"author":"Redazione","twitter_card":"summary_large_image","twitter_creator":"@rassegnastampa9","twitter_site":"@rassegnastampa9","twitter_misc":{"Scritto da":"Redazione","Tempo di lettura stimato":"5 minuti"},"schema":{"@context":"https:\/\/schema.org","@graph":[{"@type":"Article","@id":"https:\/\/www.rassegnastampa-totustuus.it\/cattolica\/come-napoli-divenne-italiana\/#article","isPartOf":{"@id":"https:\/\/www.rassegnastampa-totustuus.it\/cattolica\/come-napoli-divenne-italiana\/"},"author":{"name":"Redazione","@id":"https:\/\/www.rassegnastampa-totustuus.it\/cattolica\/#\/schema\/person\/08f319d2bd1a0904ad9e2bfb7b15e5c3"},"headline":"Come Napoli divenne\u2026 italiana","datePublished":"2017-08-02T22:00:32+00:00","dateModified":"2019-10-03T15:15:16+00:00","mainEntityOfPage":{"@id":"https:\/\/www.rassegnastampa-totustuus.it\/cattolica\/come-napoli-divenne-italiana\/"},"wordCount":1105,"publisher":{"@id":"https:\/\/www.rassegnastampa-totustuus.it\/cattolica\/#organization"},"image":{"@id":"https:\/\/www.rassegnastampa-totustuus.it\/cattolica\/come-napoli-divenne-italiana\/#primaryimage"},"thumbnailUrl":"https:\/\/www.rassegnastampa-totustuus.it\/cattolica\/wp-content\/uploads\/2019\/10\/Garibaldi_Napoli_Risorgimento.jpg","keywords":["Camillo Benso conte di Cavour","Garibaldi","Risorgimento","storia","storia italiana"],"articleSection":["Risorgimento","Storia","Storia italiana"],"inLanguage":"it-IT"},{"@type":"WebPage","@id":"https:\/\/www.rassegnastampa-totustuus.it\/cattolica\/come-napoli-divenne-italiana\/","url":"https:\/\/www.rassegnastampa-totustuus.it\/cattolica\/come-napoli-divenne-italiana\/","name":"Come Napoli divenne\u2026 italiana - Rassegna Stampa Cattolica","isPartOf":{"@id":"https:\/\/www.rassegnastampa-totustuus.it\/cattolica\/#website"},"primaryImageOfPage":{"@id":"https:\/\/www.rassegnastampa-totustuus.it\/cattolica\/come-napoli-divenne-italiana\/#primaryimage"},"image":{"@id":"https:\/\/www.rassegnastampa-totustuus.it\/cattolica\/come-napoli-divenne-italiana\/#primaryimage"},"thumbnailUrl":"https:\/\/www.rassegnastampa-totustuus.it\/cattolica\/wp-content\/uploads\/2019\/10\/Garibaldi_Napoli_Risorgimento.jpg","datePublished":"2017-08-02T22:00:32+00:00","dateModified":"2019-10-03T15:15:16+00:00","description":"Rassegna Stampa Cattolica - Per una cultura che nasce dalla Rivelazione cristiana in conformit\u00e0 alla tradizione e al Magistero della Chiesa in opposizione ad ogni relativismo e totalitarismo","breadcrumb":{"@id":"https:\/\/www.rassegnastampa-totustuus.it\/cattolica\/come-napoli-divenne-italiana\/#breadcrumb"},"inLanguage":"it-IT","potentialAction":[{"@type":"ReadAction","target":["https:\/\/www.rassegnastampa-totustuus.it\/cattolica\/come-napoli-divenne-italiana\/"]}]},{"@type":"ImageObject","inLanguage":"it-IT","@id":"https:\/\/www.rassegnastampa-totustuus.it\/cattolica\/come-napoli-divenne-italiana\/#primaryimage","url":"https:\/\/www.rassegnastampa-totustuus.it\/cattolica\/wp-content\/uploads\/2019\/10\/Garibaldi_Napoli_Risorgimento.jpg","contentUrl":"https:\/\/www.rassegnastampa-totustuus.it\/cattolica\/wp-content\/uploads\/2019\/10\/Garibaldi_Napoli_Risorgimento.jpg","width":2396,"height":1760},{"@type":"BreadcrumbList","@id":"https:\/\/www.rassegnastampa-totustuus.it\/cattolica\/come-napoli-divenne-italiana\/#breadcrumb","itemListElement":[{"@type":"ListItem","position":1,"name":"Home","item":"https:\/\/www.rassegnastampa-totustuus.it\/cattolica\/"},{"@type":"ListItem","position":2,"name":"Come Napoli divenne\u2026 italiana"}]},{"@type":"WebSite","@id":"https:\/\/www.rassegnastampa-totustuus.it\/cattolica\/#website","url":"https:\/\/www.rassegnastampa-totustuus.it\/cattolica\/","name":"Rassegna Stampa Cattolica","description":"Per una cultura che nasce dalla Rivelazione cristiana in conformit\u00e0 alla tradizione e al Magistero della Chiesa in opposizione ad ogni relativismo e totalitarismo","publisher":{"@id":"https:\/\/www.rassegnastampa-totustuus.it\/cattolica\/#organization"},"alternateName":"Rass. Cattolica","potentialAction":[{"@type":"SearchAction","target":{"@type":"EntryPoint","urlTemplate":"https:\/\/www.rassegnastampa-totustuus.it\/cattolica\/?s={search_term_string}"},"query-input":{"@type":"PropertyValueSpecification","valueRequired":true,"valueName":"search_term_string"}}],"inLanguage":"it-IT"},{"@type":"Organization","@id":"https:\/\/www.rassegnastampa-totustuus.it\/cattolica\/#organization","name":"Rassegna Stampa Cattolica","url":"https:\/\/www.rassegnastampa-totustuus.it\/cattolica\/","logo":{"@type":"ImageObject","inLanguage":"it-IT","@id":"https:\/\/www.rassegnastampa-totustuus.it\/cattolica\/#\/schema\/logo\/image\/","url":"https:\/\/www.rassegnastampa-totustuus.it\/cattolica\/wp-content\/uploads\/2014\/04\/logo-rassegna1.gif","contentUrl":"https:\/\/www.rassegnastampa-totustuus.it\/cattolica\/wp-content\/uploads\/2014\/04\/logo-rassegna1.gif","width":600,"height":163,"caption":"Rassegna Stampa Cattolica"},"image":{"@id":"https:\/\/www.rassegnastampa-totustuus.it\/cattolica\/#\/schema\/logo\/image\/"},"sameAs":["https:\/\/www.facebook.com\/rassegnastampacattolica","https:\/\/x.com\/rassegnastampa9"]},{"@type":"Person","@id":"https:\/\/www.rassegnastampa-totustuus.it\/cattolica\/#\/schema\/person\/08f319d2bd1a0904ad9e2bfb7b15e5c3","name":"Redazione","image":{"@type":"ImageObject","inLanguage":"it-IT","@id":"https:\/\/secure.gravatar.com\/avatar\/2fcdf27c78ea025fbdb44e914cc63c72249ffec9dc8aafd5c82b26240ef3f346?s=96&d=mm&r=g","url":"https:\/\/secure.gravatar.com\/avatar\/2fcdf27c78ea025fbdb44e914cc63c72249ffec9dc8aafd5c82b26240ef3f346?s=96&d=mm&r=g","contentUrl":"https:\/\/secure.gravatar.com\/avatar\/2fcdf27c78ea025fbdb44e914cc63c72249ffec9dc8aafd5c82b26240ef3f346?s=96&d=mm&r=g","caption":"Redazione"},"url":"https:\/\/www.rassegnastampa-totustuus.it\/cattolica\/author\/pietroelle\/"}]}},"_links":{"self":[{"href":"https:\/\/www.rassegnastampa-totustuus.it\/cattolica\/wp-json\/wp\/v2\/posts\/44615","targetHints":{"allow":["GET"]}}],"collection":[{"href":"https:\/\/www.rassegnastampa-totustuus.it\/cattolica\/wp-json\/wp\/v2\/posts"}],"about":[{"href":"https:\/\/www.rassegnastampa-totustuus.it\/cattolica\/wp-json\/wp\/v2\/types\/post"}],"author":[{"embeddable":true,"href":"https:\/\/www.rassegnastampa-totustuus.it\/cattolica\/wp-json\/wp\/v2\/users\/6"}],"replies":[{"embeddable":true,"href":"https:\/\/www.rassegnastampa-totustuus.it\/cattolica\/wp-json\/wp\/v2\/comments?post=44615"}],"version-history":[{"count":2,"href":"https:\/\/www.rassegnastampa-totustuus.it\/cattolica\/wp-json\/wp\/v2\/posts\/44615\/revisions"}],"predecessor-version":[{"id":44623,"href":"https:\/\/www.rassegnastampa-totustuus.it\/cattolica\/wp-json\/wp\/v2\/posts\/44615\/revisions\/44623"}],"wp:featuredmedia":[{"embeddable":true,"href":"https:\/\/www.rassegnastampa-totustuus.it\/cattolica\/wp-json\/wp\/v2\/media\/44616"}],"wp:attachment":[{"href":"https:\/\/www.rassegnastampa-totustuus.it\/cattolica\/wp-json\/wp\/v2\/media?parent=44615"}],"wp:term":[{"taxonomy":"category","embeddable":true,"href":"https:\/\/www.rassegnastampa-totustuus.it\/cattolica\/wp-json\/wp\/v2\/categories?post=44615"},{"taxonomy":"post_tag","embeddable":true,"href":"https:\/\/www.rassegnastampa-totustuus.it\/cattolica\/wp-json\/wp\/v2\/tags?post=44615"}],"curies":[{"name":"wp","href":"https:\/\/api.w.org\/{rel}","templated":true}]}}