{"id":4461,"date":"2011-03-17T00:00:00","date_gmt":"2011-03-16T23:00:00","guid":{"rendered":""},"modified":"2016-04-21T12:33:21","modified_gmt":"2016-04-21T10:33:21","slug":"card-cosimo-corsi-un-vescovo-nel-risorgimento","status":"publish","type":"post","link":"https:\/\/www.rassegnastampa-totustuus.it\/cattolica\/card-cosimo-corsi-un-vescovo-nel-risorgimento\/","title":{"rendered":"Card. Cosimo Corsi. Un vescovo nel Risorgimento"},"content":{"rendered":"<div style=\"text-align: center;\"><strong><img loading=\"lazy\" decoding=\"async\" class=\"alignright wp-image-33287\" src=\"https:\/\/www.rassegnastampa-totustuus.it\/cattolica\/wp-content\/uploads\/2011\/03\/Cosimo_corsi.jpg\" alt=\"Cosimo_corsi\" width=\"139\" height=\"200\" \/>Vita Nova-Toscana Oggi<\/strong> <em>6 marzo 2011 <\/em><\/div>\n<p style=\"text-align: justify;\"><em>Deciso oppositore dei Savoia per le politiche anticattoliche piemontesi e le annessioni, fu arrestato il 19 maggio del 1860 per essersi rifiutato di celebrare il Te Deum del 13 maggio in occasione della festa dello Statuto Sabaudo istituita il 5 maggio del 1851<\/em><\/p>\n<p style=\"text-align: center;\">di <strong>Andrea Bartelloni<\/strong><\/p>\n<p style=\"text-align: center;\">(<em>Centro cattolico di documentazione di Marina di Pisa<\/em>)<\/p>\n<p><!--more--><\/p>\n<div style=\"text-align: justify;\">20 agosto 1859, l&#8217;Assemblea Toscana approva all&#8217;unanimit\u00e0 l&#8217;unione al Piemonte; 11-12 marzo 1860, sono indetti in Toscana i plebisciti per scegliere fra l&#8217;annessione alla monarchia costituzionale del re Vittorio Emanuele II o un regno separato. I risultati dei plebisciti, favorevoli all\u2019annessione, saranno presentati a Vittorio Emanuele II il 22 marzo e la regione sar\u00e0 dichiarata parte integrante del Regno di Sardegna.\u00c8 in questa fase storica che il card. Cosimo Corsi (Firenze 1798- Pisa 1870), consacrato vescovo il 20 gennaio1842 e cardinale durante il concistoro del 24 gennaio dello stesso anno, si trova a governare la diocesi di Pisa dal 1853.<\/div>\n<p style=\"text-align: justify;\">Deciso oppositore dei Savoia per le politiche anticattoliche piemontesi e le annessioni, fu arrestato il 19 maggio del 1860 per essersi rifiutato di celebrare il Te Deum del 13 maggio in occasione della festa dello Statuto Sabaudo istituita il 5 maggio del 1851.<\/p>\n<p style=\"text-align: justify;\">Il rifiuto fu comunicato a mezzo del Vicario Generale adducendo la volont\u00e0 di non consacrare \u00abcon i crismi della religione un evento squisitamente civile e politico come la concessione dello Statuto\u00bb (Mauro Del Corso, <em>Un Vescovo nella Storia. Cosimo Corsi, Cardinale di Pisa: la storia di un vescovo<\/em>, Pisa, 1988, pag. 92).<\/p>\n<p style=\"text-align: justify;\">I fatti si svolsero cos\u00ec: \u201cIntanto, venuta la Domenica (13 maggio), (\u2026) per ordine del Cardinale fu tolto il Santissimo Sacramento di Chiesa, spente le lampade, serrati sotto chiave tutti i sacri arredi, tutto lasciato in perfetta solitudine\u201d (<em>La Civilt\u00e0 Cattolica<\/em>, anno XI, vol. VII, 1860, pag.114), \u201c fece trasportare il SS. Sacramento nella vicina chiesetta dei SS. Ranierino e Leonardo, lasciando aperti tutti gli sportelli dei tabernacoli\u201d, ma il \u201cGoverno riusc\u00ec comunque trovare quattro ecclesiastici per la celebrazione\u201d che furono prontamente sospesi \u201ca divinis\u201d il giorno successivo.<\/p>\n<p style=\"text-align: justify;\">L\u2019opposizione di Corsi fu discussa nel Consiglio dei Ministri e il cardinale invitato a recarsi a Torino. Il suo rifiuto ne provoc\u00f2 l\u2019arresto il 19 maggio e la sua traduzione nella capitale del Regno di Sardegna dove fu alloggiato nella Casa dei Padri della Missione di San Vincenzo de\u2019 Paoli che, probabilmente, era destinata ad ospitare i prelati arrestati e condotti nella capitale.<\/p>\n<p style=\"text-align: justify;\">Il cardinale rimase a Torino fino al 21 luglio del 1860 quando, di fronte all\u2019impossibilit\u00e0 di una ritrattazione del suo operato, il Conte di Cavour prefer\u00ec consentirgli il ritorno in diocesi, piuttosto che aggravare una situazione gi\u00e0 tesa. Rientrato a Pisa fu soggetto ad atti intimidatori che non modificarono il suo comportamento, infatti si rifiut\u00f2 di celebrare, il 2 giugno 1861, la festa dell\u2019Unit\u00e0 d\u2019Italia e di celebrare una cerimonia in suffragio del Conte di Cavour morto il 6 giugno dello stesso anno.<\/p>\n<p style=\"text-align: justify;\">Altri atti seguirono sulla stessa linea sia personali che assieme all\u2019episcopato toscano che non vennero tenuti in alcun conto dal Governo del Regno. Mor\u00ec il 7 ottobre ad Agnano, vicino Pisa e trasferito in Cattedrale a Pisa in una cassa chiusa.<\/p>\n<p style=\"text-align: justify;\">Le autorit\u00e0 proibirono l\u2019esposizione della salma come pure la sepoltura in duomo, come il Corsi aveva richiesto nel testamento. \u201cIl corpo fu sepolto in una tomba sopraelevata nella cappella Ammannati del Camposanto Monumentale, ma di l\u00ec a poco il Gonfaloniere ne dispose l\u2019interramento, onde evitare, tali erano le motivazioni addotte, che il luogo si trasformasse in occasione di riunione per conventicole di clericali nostalgici\u201d.<\/p>\n<p style=\"text-align: justify;\">Solamente il 30 giugno del 1898 la salma fu traslata in cattedrale sotto l\u2019Altare della Madonna di Sotto gli Organi.<\/p>\n","protected":false},"excerpt":{"rendered":"<p>Vita Nova-Toscana Oggi 6 marzo 2011 Deciso oppositore dei Savoia per le politiche anticattoliche piemontesi e le annessioni, fu arrestato il 19 maggio del 1860 per essersi rifiutato di celebrare il Te Deum del 13 maggio in occasione della festa dello Statuto Sabaudo istituita il 5 maggio del 1851 di Andrea Bartelloni (Centro cattolico di &hellip; <\/p>\n<p><a class=\"more-link btn\" href=\"https:\/\/www.rassegnastampa-totustuus.it\/cattolica\/card-cosimo-corsi-un-vescovo-nel-risorgimento\/\">Continua a leggere<\/a><\/p>\n","protected":false},"author":6,"featured_media":33287,"comment_status":"closed","ping_status":"open","sticky":false,"template":"","format":"standard","meta":{"footnotes":""},"categories":[44,101,96],"tags":[1924],"class_list":["post-4461","post","type-post","status-publish","format-standard","has-post-thumbnail","hentry","category-cristiani-perseguitati","category-risorgimento","category-storia-italiana","tag-cosimo-corsi","item-wrap"],"yoast_head":"<!-- This site is optimized with the Yoast SEO plugin v27.5 - https:\/\/yoast.com\/product\/yoast-seo-wordpress\/ -->\n<title>Card. Cosimo Corsi. Un vescovo nel Risorgimento - Rassegna Stampa Cattolica<\/title>\n<meta name=\"description\" content=\"Rassegna Stampa Cattolica - Per una cultura che nasce dalla Rivelazione cristiana in conformit\u00e0 alla tradizione e al Magistero della Chiesa in opposizione ad ogni relativismo e totalitarismo\" \/>\n<meta name=\"robots\" content=\"index, follow, max-snippet:-1, max-image-preview:large, max-video-preview:-1\" \/>\n<link rel=\"canonical\" href=\"https:\/\/www.rassegnastampa-totustuus.it\/cattolica\/card-cosimo-corsi-un-vescovo-nel-risorgimento\/\" \/>\n<meta property=\"og:locale\" content=\"it_IT\" \/>\n<meta property=\"og:type\" content=\"article\" \/>\n<meta property=\"og:title\" content=\"Card. Cosimo Corsi. Un vescovo nel Risorgimento - Rassegna Stampa Cattolica\" \/>\n<meta property=\"og:description\" content=\"Rassegna Stampa Cattolica - Per una cultura che nasce dalla Rivelazione cristiana in conformit\u00e0 alla tradizione e al Magistero della Chiesa in opposizione ad ogni relativismo e totalitarismo\" \/>\n<meta property=\"og:url\" content=\"https:\/\/www.rassegnastampa-totustuus.it\/cattolica\/card-cosimo-corsi-un-vescovo-nel-risorgimento\/\" \/>\n<meta property=\"og:site_name\" content=\"Rassegna Stampa Cattolica\" \/>\n<meta property=\"article:publisher\" content=\"https:\/\/www.facebook.com\/rassegnastampacattolica\" \/>\n<meta property=\"article:published_time\" content=\"2011-03-16T23:00:00+00:00\" \/>\n<meta property=\"article:modified_time\" content=\"2016-04-21T10:33:21+00:00\" \/>\n<meta property=\"og:image\" content=\"https:\/\/www.rassegnastampa-totustuus.it\/cattolica\/wp-content\/uploads\/2011\/03\/Cosimo_corsi.jpg\" \/>\n\t<meta property=\"og:image:width\" content=\"187\" \/>\n\t<meta property=\"og:image:height\" content=\"270\" \/>\n\t<meta property=\"og:image:type\" content=\"image\/jpeg\" \/>\n<meta name=\"author\" content=\"Redazione\" \/>\n<meta name=\"twitter:card\" content=\"summary_large_image\" \/>\n<meta name=\"twitter:creator\" content=\"@rassegnastampa9\" \/>\n<meta name=\"twitter:site\" content=\"@rassegnastampa9\" \/>\n<meta name=\"twitter:label1\" content=\"Scritto da\" \/>\n\t<meta name=\"twitter:data1\" content=\"Redazione\" \/>\n\t<meta name=\"twitter:label2\" content=\"Tempo di lettura stimato\" \/>\n\t<meta name=\"twitter:data2\" content=\"3 minuti\" \/>\n<script type=\"application\/ld+json\" class=\"yoast-schema-graph\">{\"@context\":\"https:\\\/\\\/schema.org\",\"@graph\":[{\"@type\":\"Article\",\"@id\":\"https:\\\/\\\/www.rassegnastampa-totustuus.it\\\/cattolica\\\/card-cosimo-corsi-un-vescovo-nel-risorgimento\\\/#article\",\"isPartOf\":{\"@id\":\"https:\\\/\\\/www.rassegnastampa-totustuus.it\\\/cattolica\\\/card-cosimo-corsi-un-vescovo-nel-risorgimento\\\/\"},\"author\":{\"name\":\"Redazione\",\"@id\":\"https:\\\/\\\/www.rassegnastampa-totustuus.it\\\/cattolica\\\/#\\\/schema\\\/person\\\/08f319d2bd1a0904ad9e2bfb7b15e5c3\"},\"headline\":\"Card. Cosimo Corsi. Un vescovo nel Risorgimento\",\"datePublished\":\"2011-03-16T23:00:00+00:00\",\"dateModified\":\"2016-04-21T10:33:21+00:00\",\"mainEntityOfPage\":{\"@id\":\"https:\\\/\\\/www.rassegnastampa-totustuus.it\\\/cattolica\\\/card-cosimo-corsi-un-vescovo-nel-risorgimento\\\/\"},\"wordCount\":600,\"publisher\":{\"@id\":\"https:\\\/\\\/www.rassegnastampa-totustuus.it\\\/cattolica\\\/#organization\"},\"image\":{\"@id\":\"https:\\\/\\\/www.rassegnastampa-totustuus.it\\\/cattolica\\\/card-cosimo-corsi-un-vescovo-nel-risorgimento\\\/#primaryimage\"},\"thumbnailUrl\":\"https:\\\/\\\/www.rassegnastampa-totustuus.it\\\/cattolica\\\/wp-content\\\/uploads\\\/2011\\\/03\\\/Cosimo_corsi.jpg\",\"keywords\":[\"Cosimo Corsi\"],\"articleSection\":[\"Cristiani perseguitati\",\"Risorgimento\",\"Storia italiana\"],\"inLanguage\":\"it-IT\"},{\"@type\":\"WebPage\",\"@id\":\"https:\\\/\\\/www.rassegnastampa-totustuus.it\\\/cattolica\\\/card-cosimo-corsi-un-vescovo-nel-risorgimento\\\/\",\"url\":\"https:\\\/\\\/www.rassegnastampa-totustuus.it\\\/cattolica\\\/card-cosimo-corsi-un-vescovo-nel-risorgimento\\\/\",\"name\":\"Card. Cosimo Corsi. Un vescovo nel Risorgimento - Rassegna Stampa Cattolica\",\"isPartOf\":{\"@id\":\"https:\\\/\\\/www.rassegnastampa-totustuus.it\\\/cattolica\\\/#website\"},\"primaryImageOfPage\":{\"@id\":\"https:\\\/\\\/www.rassegnastampa-totustuus.it\\\/cattolica\\\/card-cosimo-corsi-un-vescovo-nel-risorgimento\\\/#primaryimage\"},\"image\":{\"@id\":\"https:\\\/\\\/www.rassegnastampa-totustuus.it\\\/cattolica\\\/card-cosimo-corsi-un-vescovo-nel-risorgimento\\\/#primaryimage\"},\"thumbnailUrl\":\"https:\\\/\\\/www.rassegnastampa-totustuus.it\\\/cattolica\\\/wp-content\\\/uploads\\\/2011\\\/03\\\/Cosimo_corsi.jpg\",\"datePublished\":\"2011-03-16T23:00:00+00:00\",\"dateModified\":\"2016-04-21T10:33:21+00:00\",\"description\":\"Rassegna Stampa Cattolica - Per una cultura che nasce dalla Rivelazione cristiana in conformit\u00e0 alla tradizione e al Magistero della Chiesa in opposizione ad ogni relativismo e totalitarismo\",\"breadcrumb\":{\"@id\":\"https:\\\/\\\/www.rassegnastampa-totustuus.it\\\/cattolica\\\/card-cosimo-corsi-un-vescovo-nel-risorgimento\\\/#breadcrumb\"},\"inLanguage\":\"it-IT\",\"potentialAction\":[{\"@type\":\"ReadAction\",\"target\":[\"https:\\\/\\\/www.rassegnastampa-totustuus.it\\\/cattolica\\\/card-cosimo-corsi-un-vescovo-nel-risorgimento\\\/\"]}]},{\"@type\":\"ImageObject\",\"inLanguage\":\"it-IT\",\"@id\":\"https:\\\/\\\/www.rassegnastampa-totustuus.it\\\/cattolica\\\/card-cosimo-corsi-un-vescovo-nel-risorgimento\\\/#primaryimage\",\"url\":\"https:\\\/\\\/www.rassegnastampa-totustuus.it\\\/cattolica\\\/wp-content\\\/uploads\\\/2011\\\/03\\\/Cosimo_corsi.jpg\",\"contentUrl\":\"https:\\\/\\\/www.rassegnastampa-totustuus.it\\\/cattolica\\\/wp-content\\\/uploads\\\/2011\\\/03\\\/Cosimo_corsi.jpg\",\"width\":187,\"height\":270},{\"@type\":\"BreadcrumbList\",\"@id\":\"https:\\\/\\\/www.rassegnastampa-totustuus.it\\\/cattolica\\\/card-cosimo-corsi-un-vescovo-nel-risorgimento\\\/#breadcrumb\",\"itemListElement\":[{\"@type\":\"ListItem\",\"position\":1,\"name\":\"Home\",\"item\":\"https:\\\/\\\/www.rassegnastampa-totustuus.it\\\/cattolica\\\/\"},{\"@type\":\"ListItem\",\"position\":2,\"name\":\"Card. Cosimo Corsi. Un vescovo nel Risorgimento\"}]},{\"@type\":\"WebSite\",\"@id\":\"https:\\\/\\\/www.rassegnastampa-totustuus.it\\\/cattolica\\\/#website\",\"url\":\"https:\\\/\\\/www.rassegnastampa-totustuus.it\\\/cattolica\\\/\",\"name\":\"Rassegna Stampa Cattolica\",\"description\":\"Per una cultura che nasce dalla Rivelazione cristiana in conformit\u00e0 alla tradizione e al Magistero della Chiesa in opposizione ad ogni relativismo e totalitarismo\",\"publisher\":{\"@id\":\"https:\\\/\\\/www.rassegnastampa-totustuus.it\\\/cattolica\\\/#organization\"},\"alternateName\":\"Rass. Cattolica\",\"potentialAction\":[{\"@type\":\"SearchAction\",\"target\":{\"@type\":\"EntryPoint\",\"urlTemplate\":\"https:\\\/\\\/www.rassegnastampa-totustuus.it\\\/cattolica\\\/?s={search_term_string}\"},\"query-input\":{\"@type\":\"PropertyValueSpecification\",\"valueRequired\":true,\"valueName\":\"search_term_string\"}}],\"inLanguage\":\"it-IT\"},{\"@type\":\"Organization\",\"@id\":\"https:\\\/\\\/www.rassegnastampa-totustuus.it\\\/cattolica\\\/#organization\",\"name\":\"Rassegna Stampa Cattolica\",\"url\":\"https:\\\/\\\/www.rassegnastampa-totustuus.it\\\/cattolica\\\/\",\"logo\":{\"@type\":\"ImageObject\",\"inLanguage\":\"it-IT\",\"@id\":\"https:\\\/\\\/www.rassegnastampa-totustuus.it\\\/cattolica\\\/#\\\/schema\\\/logo\\\/image\\\/\",\"url\":\"https:\\\/\\\/www.rassegnastampa-totustuus.it\\\/cattolica\\\/wp-content\\\/uploads\\\/2014\\\/04\\\/logo-rassegna1.gif\",\"contentUrl\":\"https:\\\/\\\/www.rassegnastampa-totustuus.it\\\/cattolica\\\/wp-content\\\/uploads\\\/2014\\\/04\\\/logo-rassegna1.gif\",\"width\":600,\"height\":163,\"caption\":\"Rassegna Stampa Cattolica\"},\"image\":{\"@id\":\"https:\\\/\\\/www.rassegnastampa-totustuus.it\\\/cattolica\\\/#\\\/schema\\\/logo\\\/image\\\/\"},\"sameAs\":[\"https:\\\/\\\/www.facebook.com\\\/rassegnastampacattolica\",\"https:\\\/\\\/x.com\\\/rassegnastampa9\"]},{\"@type\":\"Person\",\"@id\":\"https:\\\/\\\/www.rassegnastampa-totustuus.it\\\/cattolica\\\/#\\\/schema\\\/person\\\/08f319d2bd1a0904ad9e2bfb7b15e5c3\",\"name\":\"Redazione\",\"image\":{\"@type\":\"ImageObject\",\"inLanguage\":\"it-IT\",\"@id\":\"https:\\\/\\\/secure.gravatar.com\\\/avatar\\\/2fcdf27c78ea025fbdb44e914cc63c72249ffec9dc8aafd5c82b26240ef3f346?s=96&d=mm&r=g\",\"url\":\"https:\\\/\\\/secure.gravatar.com\\\/avatar\\\/2fcdf27c78ea025fbdb44e914cc63c72249ffec9dc8aafd5c82b26240ef3f346?s=96&d=mm&r=g\",\"contentUrl\":\"https:\\\/\\\/secure.gravatar.com\\\/avatar\\\/2fcdf27c78ea025fbdb44e914cc63c72249ffec9dc8aafd5c82b26240ef3f346?s=96&d=mm&r=g\",\"caption\":\"Redazione\"},\"url\":\"https:\\\/\\\/www.rassegnastampa-totustuus.it\\\/cattolica\\\/author\\\/pietroelle\\\/\"}]}<\/script>\n<!-- \/ Yoast SEO plugin. -->","yoast_head_json":{"title":"Card. Cosimo Corsi. Un vescovo nel Risorgimento - Rassegna Stampa Cattolica","description":"Rassegna Stampa Cattolica - Per una cultura che nasce dalla Rivelazione cristiana in conformit\u00e0 alla tradizione e al Magistero della Chiesa in opposizione ad ogni relativismo e totalitarismo","robots":{"index":"index","follow":"follow","max-snippet":"max-snippet:-1","max-image-preview":"max-image-preview:large","max-video-preview":"max-video-preview:-1"},"canonical":"https:\/\/www.rassegnastampa-totustuus.it\/cattolica\/card-cosimo-corsi-un-vescovo-nel-risorgimento\/","og_locale":"it_IT","og_type":"article","og_title":"Card. Cosimo Corsi. Un vescovo nel Risorgimento - Rassegna Stampa Cattolica","og_description":"Rassegna Stampa Cattolica - Per una cultura che nasce dalla Rivelazione cristiana in conformit\u00e0 alla tradizione e al Magistero della Chiesa in opposizione ad ogni relativismo e totalitarismo","og_url":"https:\/\/www.rassegnastampa-totustuus.it\/cattolica\/card-cosimo-corsi-un-vescovo-nel-risorgimento\/","og_site_name":"Rassegna Stampa Cattolica","article_publisher":"https:\/\/www.facebook.com\/rassegnastampacattolica","article_published_time":"2011-03-16T23:00:00+00:00","article_modified_time":"2016-04-21T10:33:21+00:00","og_image":[{"width":187,"height":270,"url":"https:\/\/www.rassegnastampa-totustuus.it\/cattolica\/wp-content\/uploads\/2011\/03\/Cosimo_corsi.jpg","type":"image\/jpeg"}],"author":"Redazione","twitter_card":"summary_large_image","twitter_creator":"@rassegnastampa9","twitter_site":"@rassegnastampa9","twitter_misc":{"Scritto da":"Redazione","Tempo di lettura stimato":"3 minuti"},"schema":{"@context":"https:\/\/schema.org","@graph":[{"@type":"Article","@id":"https:\/\/www.rassegnastampa-totustuus.it\/cattolica\/card-cosimo-corsi-un-vescovo-nel-risorgimento\/#article","isPartOf":{"@id":"https:\/\/www.rassegnastampa-totustuus.it\/cattolica\/card-cosimo-corsi-un-vescovo-nel-risorgimento\/"},"author":{"name":"Redazione","@id":"https:\/\/www.rassegnastampa-totustuus.it\/cattolica\/#\/schema\/person\/08f319d2bd1a0904ad9e2bfb7b15e5c3"},"headline":"Card. Cosimo Corsi. Un vescovo nel Risorgimento","datePublished":"2011-03-16T23:00:00+00:00","dateModified":"2016-04-21T10:33:21+00:00","mainEntityOfPage":{"@id":"https:\/\/www.rassegnastampa-totustuus.it\/cattolica\/card-cosimo-corsi-un-vescovo-nel-risorgimento\/"},"wordCount":600,"publisher":{"@id":"https:\/\/www.rassegnastampa-totustuus.it\/cattolica\/#organization"},"image":{"@id":"https:\/\/www.rassegnastampa-totustuus.it\/cattolica\/card-cosimo-corsi-un-vescovo-nel-risorgimento\/#primaryimage"},"thumbnailUrl":"https:\/\/www.rassegnastampa-totustuus.it\/cattolica\/wp-content\/uploads\/2011\/03\/Cosimo_corsi.jpg","keywords":["Cosimo Corsi"],"articleSection":["Cristiani perseguitati","Risorgimento","Storia italiana"],"inLanguage":"it-IT"},{"@type":"WebPage","@id":"https:\/\/www.rassegnastampa-totustuus.it\/cattolica\/card-cosimo-corsi-un-vescovo-nel-risorgimento\/","url":"https:\/\/www.rassegnastampa-totustuus.it\/cattolica\/card-cosimo-corsi-un-vescovo-nel-risorgimento\/","name":"Card. Cosimo Corsi. Un vescovo nel Risorgimento - Rassegna Stampa Cattolica","isPartOf":{"@id":"https:\/\/www.rassegnastampa-totustuus.it\/cattolica\/#website"},"primaryImageOfPage":{"@id":"https:\/\/www.rassegnastampa-totustuus.it\/cattolica\/card-cosimo-corsi-un-vescovo-nel-risorgimento\/#primaryimage"},"image":{"@id":"https:\/\/www.rassegnastampa-totustuus.it\/cattolica\/card-cosimo-corsi-un-vescovo-nel-risorgimento\/#primaryimage"},"thumbnailUrl":"https:\/\/www.rassegnastampa-totustuus.it\/cattolica\/wp-content\/uploads\/2011\/03\/Cosimo_corsi.jpg","datePublished":"2011-03-16T23:00:00+00:00","dateModified":"2016-04-21T10:33:21+00:00","description":"Rassegna Stampa Cattolica - Per una cultura che nasce dalla Rivelazione cristiana in conformit\u00e0 alla tradizione e al Magistero della Chiesa in opposizione ad ogni relativismo e totalitarismo","breadcrumb":{"@id":"https:\/\/www.rassegnastampa-totustuus.it\/cattolica\/card-cosimo-corsi-un-vescovo-nel-risorgimento\/#breadcrumb"},"inLanguage":"it-IT","potentialAction":[{"@type":"ReadAction","target":["https:\/\/www.rassegnastampa-totustuus.it\/cattolica\/card-cosimo-corsi-un-vescovo-nel-risorgimento\/"]}]},{"@type":"ImageObject","inLanguage":"it-IT","@id":"https:\/\/www.rassegnastampa-totustuus.it\/cattolica\/card-cosimo-corsi-un-vescovo-nel-risorgimento\/#primaryimage","url":"https:\/\/www.rassegnastampa-totustuus.it\/cattolica\/wp-content\/uploads\/2011\/03\/Cosimo_corsi.jpg","contentUrl":"https:\/\/www.rassegnastampa-totustuus.it\/cattolica\/wp-content\/uploads\/2011\/03\/Cosimo_corsi.jpg","width":187,"height":270},{"@type":"BreadcrumbList","@id":"https:\/\/www.rassegnastampa-totustuus.it\/cattolica\/card-cosimo-corsi-un-vescovo-nel-risorgimento\/#breadcrumb","itemListElement":[{"@type":"ListItem","position":1,"name":"Home","item":"https:\/\/www.rassegnastampa-totustuus.it\/cattolica\/"},{"@type":"ListItem","position":2,"name":"Card. Cosimo Corsi. Un vescovo nel Risorgimento"}]},{"@type":"WebSite","@id":"https:\/\/www.rassegnastampa-totustuus.it\/cattolica\/#website","url":"https:\/\/www.rassegnastampa-totustuus.it\/cattolica\/","name":"Rassegna Stampa Cattolica","description":"Per una cultura che nasce dalla Rivelazione cristiana in conformit\u00e0 alla tradizione e al Magistero della Chiesa in opposizione ad ogni relativismo e totalitarismo","publisher":{"@id":"https:\/\/www.rassegnastampa-totustuus.it\/cattolica\/#organization"},"alternateName":"Rass. Cattolica","potentialAction":[{"@type":"SearchAction","target":{"@type":"EntryPoint","urlTemplate":"https:\/\/www.rassegnastampa-totustuus.it\/cattolica\/?s={search_term_string}"},"query-input":{"@type":"PropertyValueSpecification","valueRequired":true,"valueName":"search_term_string"}}],"inLanguage":"it-IT"},{"@type":"Organization","@id":"https:\/\/www.rassegnastampa-totustuus.it\/cattolica\/#organization","name":"Rassegna Stampa Cattolica","url":"https:\/\/www.rassegnastampa-totustuus.it\/cattolica\/","logo":{"@type":"ImageObject","inLanguage":"it-IT","@id":"https:\/\/www.rassegnastampa-totustuus.it\/cattolica\/#\/schema\/logo\/image\/","url":"https:\/\/www.rassegnastampa-totustuus.it\/cattolica\/wp-content\/uploads\/2014\/04\/logo-rassegna1.gif","contentUrl":"https:\/\/www.rassegnastampa-totustuus.it\/cattolica\/wp-content\/uploads\/2014\/04\/logo-rassegna1.gif","width":600,"height":163,"caption":"Rassegna Stampa Cattolica"},"image":{"@id":"https:\/\/www.rassegnastampa-totustuus.it\/cattolica\/#\/schema\/logo\/image\/"},"sameAs":["https:\/\/www.facebook.com\/rassegnastampacattolica","https:\/\/x.com\/rassegnastampa9"]},{"@type":"Person","@id":"https:\/\/www.rassegnastampa-totustuus.it\/cattolica\/#\/schema\/person\/08f319d2bd1a0904ad9e2bfb7b15e5c3","name":"Redazione","image":{"@type":"ImageObject","inLanguage":"it-IT","@id":"https:\/\/secure.gravatar.com\/avatar\/2fcdf27c78ea025fbdb44e914cc63c72249ffec9dc8aafd5c82b26240ef3f346?s=96&d=mm&r=g","url":"https:\/\/secure.gravatar.com\/avatar\/2fcdf27c78ea025fbdb44e914cc63c72249ffec9dc8aafd5c82b26240ef3f346?s=96&d=mm&r=g","contentUrl":"https:\/\/secure.gravatar.com\/avatar\/2fcdf27c78ea025fbdb44e914cc63c72249ffec9dc8aafd5c82b26240ef3f346?s=96&d=mm&r=g","caption":"Redazione"},"url":"https:\/\/www.rassegnastampa-totustuus.it\/cattolica\/author\/pietroelle\/"}]}},"_links":{"self":[{"href":"https:\/\/www.rassegnastampa-totustuus.it\/cattolica\/wp-json\/wp\/v2\/posts\/4461","targetHints":{"allow":["GET"]}}],"collection":[{"href":"https:\/\/www.rassegnastampa-totustuus.it\/cattolica\/wp-json\/wp\/v2\/posts"}],"about":[{"href":"https:\/\/www.rassegnastampa-totustuus.it\/cattolica\/wp-json\/wp\/v2\/types\/post"}],"author":[{"embeddable":true,"href":"https:\/\/www.rassegnastampa-totustuus.it\/cattolica\/wp-json\/wp\/v2\/users\/6"}],"replies":[{"embeddable":true,"href":"https:\/\/www.rassegnastampa-totustuus.it\/cattolica\/wp-json\/wp\/v2\/comments?post=4461"}],"version-history":[{"count":4,"href":"https:\/\/www.rassegnastampa-totustuus.it\/cattolica\/wp-json\/wp\/v2\/posts\/4461\/revisions"}],"predecessor-version":[{"id":33288,"href":"https:\/\/www.rassegnastampa-totustuus.it\/cattolica\/wp-json\/wp\/v2\/posts\/4461\/revisions\/33288"}],"wp:featuredmedia":[{"embeddable":true,"href":"https:\/\/www.rassegnastampa-totustuus.it\/cattolica\/wp-json\/wp\/v2\/media\/33287"}],"wp:attachment":[{"href":"https:\/\/www.rassegnastampa-totustuus.it\/cattolica\/wp-json\/wp\/v2\/media?parent=4461"}],"wp:term":[{"taxonomy":"category","embeddable":true,"href":"https:\/\/www.rassegnastampa-totustuus.it\/cattolica\/wp-json\/wp\/v2\/categories?post=4461"},{"taxonomy":"post_tag","embeddable":true,"href":"https:\/\/www.rassegnastampa-totustuus.it\/cattolica\/wp-json\/wp\/v2\/tags?post=4461"}],"curies":[{"name":"wp","href":"https:\/\/api.w.org\/{rel}","templated":true}]}}