{"id":44591,"date":"2017-08-03T00:00:39","date_gmt":"2017-08-02T22:00:39","guid":{"rendered":"http:\/\/www.rassegnastampa-totustuus.it\/cattolica\/?p=44591"},"modified":"2019-10-03T15:35:51","modified_gmt":"2019-10-03T13:35:51","slug":"anche-hitler-era-compassionevole-nelluccidere","status":"publish","type":"post","link":"https:\/\/www.rassegnastampa-totustuus.it\/cattolica\/anche-hitler-era-compassionevole-nelluccidere\/","title":{"rendered":"Anche Hitler era compassionevole nell\u2019uccidere"},"content":{"rendered":"<p style=\"text-align: center;\"><strong><a href=\"https:\/\/www.rassegnastampa-totustuus.it\/cattolica\/wp-content\/uploads\/2017\/08\/Hitler.jpg\"><img loading=\"lazy\" decoding=\"async\" class=\"alignleft wp-image-44594\" src=\"https:\/\/www.rassegnastampa-totustuus.it\/cattolica\/wp-content\/uploads\/2017\/08\/Hitler.jpg\" alt=\"\" width=\"250\" height=\"198\" \/><\/a>Il Timone<\/strong> n.187 Settembre 2019<\/p>\n<p style=\"text-align: justify;\"><em>Il dibattito sul &#8220;fine vita&#8221; viene oggi, come all&#8217;origine del progetto eutanasico nazista, sostenuto con buoni sentimenti e comprensione per chi soffre. La storia del piccolo Knauer all&#8217;inizio del progetto Aktion T4 <\/em><\/p>\n<p style=\"text-align: center;\">di <strong>Gianfranco Amato<\/strong><\/p>\n<p><!--more--><\/p>\n<p style=\"text-align: justify;\">Mai come in questi tempi il dibattito sul tema del cosiddetto &#8220;fine vita&#8221; appare condizionato da quell&#8217;atteggiamento che san Giovanni Paolo II, nell&#8217;Euangelium Vitae, defin\u00ec \u00abfalsa pietas\u00bb. S\u00ec, proprio quello della falsa compassione sembra essere il filone che intende seguire la cultura della morte oggi dilagante. Non soltanto a livello accademico e culturale, ma anche a livello legislativo.<\/p>\n<p style=\"text-align: justify;\"><a href=\"https:\/\/www.rassegnastampa-totustuus.it\/cattolica\/wp-content\/uploads\/2018\/03\/eutanasia.jpg\"><img loading=\"lazy\" decoding=\"async\" class=\"size-medium wp-image-39830 alignright\" src=\"https:\/\/www.rassegnastampa-totustuus.it\/cattolica\/wp-content\/uploads\/2018\/03\/eutanasia-300x168.jpg\" alt=\"\" width=\"300\" height=\"168\" \/><\/a>Prendiamo ad esempio uno dei Paesi che, con la media quotidiana di sei pazienti soppressi al giorno, rappresenta una delle punte avanzate della cultura eutanasica: il Belgio. L\u00ec pare davvero che questo sentimento di distorto buonismo sia diventata la stella polare cui orientare tutto, persino le norme.<\/p>\n<p style=\"text-align: justify;\">Non dimentichiamo che proprio in Belgio il 28 febbraio 2014 \u00e8 stata approvata la legge sull&#8217;eutanasia infantile. Eh s\u00ec, non c&#8217;\u00e8 nulla che possa indurre a compassione come vedere un bambino che soffre. Non \u00e8 un caso che le ultime due vicende che hanno scosso la coscienza del mondo civile siano state proprio quelle dei due piccoli inglesi Charlie Gard e Alfie Evans.<\/p>\n<p style=\"text-align: justify;\"><strong>Un pietoso caso umano <\/strong><\/p>\n<p style=\"text-align: justify;\"><a href=\"https:\/\/www.rassegnastampa-totustuus.it\/cattolica\/wp-content\/uploads\/2006\/06\/eutanasia.jpg\"><img loading=\"lazy\" decoding=\"async\" class=\"size-full wp-image-27554 alignleft\" src=\"https:\/\/www.rassegnastampa-totustuus.it\/cattolica\/wp-content\/uploads\/2006\/06\/eutanasia.jpg\" alt=\"\" width=\"277\" height=\"182\" \/><\/a>Pochi sanno, per\u00f2, che all&#8217;origine del famigerato progetto eutanasico nazista denominato Aktion T4 c&#8217;\u00e8 la vicenda compassionevole di un neonato. Si tratta del caso del &#8220;piccolo Knauer&#8221;. Il nome vero era, in realt\u00e0, Gerhard Herbert Kretschmar, un bimbo nato il 20 febbraio 1939 nella cittadina di Poml\u00dfen.<\/p>\n<p style=\"text-align: justify;\">Il piccolo era cieco, privo di una gamba e di parte di un braccio. I genitori di Gerhard, il signor Richard Gerhardt Kretschmar e la signora Lina Sonja Kretschmar, nella primavera del 1939, un paio di mesi dopo la nascita del neonato, chiesero al direttore della Clinica Pediatrica di Lipsia se fosse stato possibile &#8220;addormentare&#8221; il proprio figlio attraverso un&#8217;iniezione letale.<\/p>\n<p style=\"text-align: justify;\">Il direttore, Werner Catel, pur essendo favorevole in linea di principio all&#8217;eutanasia, spieg\u00f2 ai coniugi Kretschmar che non era possibile esaudire la loro domanda in quanto vietata dalla legge, ma sugger\u00ec che inoltrassero un&#8217;apposita istanza direttamente al F\u00f9hrer, attraverso la sua Cancelleria privata, la KdF (<em>Kanzlei des F\u00f9hrers<\/em>) diretta da Philipp Bouhler, spiegando nei dettagli il loro pietoso caso umano.<\/p>\n<p style=\"text-align: justify;\"><a href=\"https:\/\/www.rassegnastampa-totustuus.it\/cattolica\/wp-content\/uploads\/2009\/02\/nazi_eutanasia.jpg\"><img loading=\"lazy\" decoding=\"async\" class=\"size-full wp-image-17711 alignright\" src=\"https:\/\/www.rassegnastampa-totustuus.it\/cattolica\/wp-content\/uploads\/2009\/02\/nazi_eutanasia.jpg\" alt=\"\" width=\"194\" height=\"260\" \/><\/a>Hitler ricevette l&#8217;istanza e, pur essendo particolarmente colpito da quella triste storia, inizialmente nutr\u00ec qualche riserva perch\u00e9 si trattava di un minore e perch\u00e9 comunque l&#8217;eutanasia non era prevista dalla legge. Volle approfondire la vicenda e chiese delucidazioni ai medici della Clinica Pediatrica di Lipsia, i quali confermarono che si trattava di un caso disperato e pietoso.<\/p>\n<p style=\"text-align: justify;\">Hitler, a quel punto, decise di inviare sul posto il proprio medico personale, il dottor Karl Brandt (di cui si fidava ciecamente), per accertare che le informazioni assunte corrispondessero a realt\u00e0.<\/p>\n<p style=\"text-align: justify;\">Brandt incontr\u00f2 i colleghi della Clinica, tra cui l&#8217;oculista Hellmuth Unger, il pediatra Ernst Wentzler, lo psichiatra infantile Hans Heinze e il gi\u00e0 citato direttore Catel, dai quali apprese le gravissime condizioni del neonato, condizioni che pot\u00e8 personalmente constatare.<\/p>\n<p style=\"text-align: justify;\">A quel punto, aggiornato il F\u00f9hrer sulla situazione, Brandt diede ordine di &#8220;addormentare&#8221; il piccolo attraverso l&#8217;iniezione di una dose letale di morfina. Era il 25 luglio 1939 e Gerhard aveva cinque mesi.<\/p>\n<p style=\"text-align: justify;\"><strong>Una vita non degna di essere vissuta <\/strong><\/p>\n<p style=\"text-align: justify;\"><a href=\"https:\/\/www.rassegnastampa-totustuus.it\/cattolica\/wp-content\/uploads\/2007\/03\/eutanasia.jpg\"><img loading=\"lazy\" decoding=\"async\" class=\"size-full wp-image-27146 alignleft\" src=\"https:\/\/www.rassegnastampa-totustuus.it\/cattolica\/wp-content\/uploads\/2007\/03\/eutanasia.jpg\" alt=\"\" width=\"186\" height=\"271\" \/><\/a>Per i successivi casi di eutanasia, oltre alla morfina, furono poi utilizzati anche sedativi come il Veronal, il Luminal, la Scopolamina. L&#8217;idea era quella di accompagnare &#8220;dolcemente&#8221; verso il sonno eterno coloro che vivevano una condizione esistenziale non degna di essere vissuta.<\/p>\n<p style=\"text-align: justify;\">Fu proprio il caso del &#8220;piccolo Knauer&#8221; a convincere Hitler dell&#8217;opportunit\u00e0 di regolare la materia. Cos\u00ec, il 1\u00b0 settembre 1939 il F\u00fchrer in persona emise un ordine che testualmente riportava quanto segue: \u00abIl Reichsleiter Bouhler e il Dr. Med. Brandt sono incaricati, sotto la propria responsabilit\u00e0, di estendere le competenze di alcuni medici da loro nominati, autorizzandoli a concedere la morte per piet\u00e0 (\u00abGnadentod\u00bb) ai malati considerati incurabili secondo l&#8217;umano giudizio, previa valutazione critica del loro stato di malattia. A. Hitler\u00bb.<\/p>\n<p style=\"text-align: justify;\">\u00abGnadentod&#8221;, la morte per piet\u00e0, \u00e8 la stessa che oggi invocano tutti i sostenitori dell&#8217;eutanasia, e che Wojtyla, sempre nell&#8217;Euangelium Vitae, defin\u00ec, in realt\u00e0, una \u00abde\/ormitas pietatis\u00bb, una perversione distorta dell&#8217;autentico concetto di piet\u00e0.<\/p>\n<p style=\"text-align: justify;\"><a href=\"https:\/\/www.rassegnastampa-totustuus.it\/cattolica\/wp-content\/uploads\/2019\/10\/medici_eutanasia_nazismo.jpg\"><img loading=\"lazy\" decoding=\"async\" class=\"alignright wp-image-44592\" src=\"https:\/\/www.rassegnastampa-totustuus.it\/cattolica\/wp-content\/uploads\/2019\/10\/medici_eutanasia_nazismo-300x216.jpg\" alt=\"\" width=\"250\" height=\"180\" srcset=\"https:\/\/www.rassegnastampa-totustuus.it\/cattolica\/wp-content\/uploads\/2019\/10\/medici_eutanasia_nazismo-300x216.jpg 300w, https:\/\/www.rassegnastampa-totustuus.it\/cattolica\/wp-content\/uploads\/2019\/10\/medici_eutanasia_nazismo-768x554.jpg 768w, https:\/\/www.rassegnastampa-totustuus.it\/cattolica\/wp-content\/uploads\/2019\/10\/medici_eutanasia_nazismo-1024x738.jpg 1024w\" sizes=\"auto, (max-width: 250px) 100vw, 250px\" \/><\/a>L&#8217;ordine di Hitler fu sottoscritto per ricevuta, il 27 agosto 1940, dal ministro della Giustizia, Franz G\u00fcrtner, che appose di proprio pugno sull&#8217;originale la seguente attestazione: \u00abVon Bouhler mir \u00fcbergeben am 27.8.40 &#8211; Dr. G\u00fcrtner\u00bb. Il F\u00fchrer ha sempre richiesto che le formalit\u00e0 giuridiche fossero ogni volta puntualmente rispettate.<\/p>\n<p style=\"text-align: justify;\"><strong>Oggi si procede con pi\u00f9 crudelt\u00e0?<\/strong><\/p>\n<p style=\"text-align: justify;\">Al processo di Norimberga il dottor Karl Brandt, durante la sua deposizione, parl\u00f2 anche del caso del &#8220;piccolo Knauer&#8221; e, tra i vari dettagli della vicenda, precis\u00f2 pure che Hitler si raccomand\u00f2 vivamente di agire con delicatezza soprattutto nei confronti dei genitori di Gehrard, facendo in modo che \u00abnon si sentissero responsabili per la morte del loro bambino\u00bb. Un tocco di sensibilit\u00e0 inaspettato in un personaggio sinistro come Hitler.<\/p>\n<div id=\"attachment_44596\" style=\"width: 251px\" class=\"wp-caption alignleft\"><a href=\"https:\/\/www.rassegnastampa-totustuus.it\/cattolica\/wp-content\/uploads\/2017\/08\/Norimberga_processo_guerra.jpg\"><img loading=\"lazy\" decoding=\"async\" aria-describedby=\"caption-attachment-44596\" class=\"wp-image-44596 size-full\" src=\"https:\/\/www.rassegnastampa-totustuus.it\/cattolica\/wp-content\/uploads\/2017\/08\/Norimberga_processo_guerra.jpg\" alt=\"\" width=\"251\" height=\"201\" \/><\/a><p id=\"caption-attachment-44596\" class=\"wp-caption-text\">Karl Brandt a Norimberga<\/p><\/div>\n<p style=\"text-align: justify;\">Interessante anche la testimonianza che il padre del piccolo Gerhard diede nel 1973, durante un&#8217;intervista televisiva: \u00abEra proprio qui. Karl Brandt era qui, in piedi vicino alla finestra. Era alto e imponente. Sembrava che riempisse tutta la stanza. Mi spieg\u00f2 che il F\u00fchrer aveva mandato personalmente, e che era molto, molto interessato al caso di mio figlio. Il F\u00fchrer voleva esplorare il problema delle persone prive di un futuro, la cui vita era senza valore. Da allora in poi, non avremmo pi\u00f9 dovuto soffrire per questa terribile disgrazia, poich\u00e9 il F\u00fchrer ci aveva concesso l&#8217;uccisione pietosa di nostro figlio. (&#8230;) Ecco quel che mi spieg\u00f2 Herr Brandt. Era un uomo magnifico: intelligente, molto convincente. Fu per noi come un salvatore: l&#8217;uomo che poteva sollevarci di un peso molto grande. Lo ringraziammo e gli esprimemmo tutta la nostra gratitudine\u00bb.<\/p>\n<p style=\"text-align: justify;\">Il dottor Brandt, per conto del F\u00fchrer, &#8220;sollev\u00f2&#8221; i genitori del piccolo Gerhard dal peso enorme che li affliggeva, cerc\u00f2 di non farli sentire &#8220;colpevoli&#8221; dell&#8217;uccisione del figlio, e non fece pagare loro neppure un Reichsmark per la dose di morfina utilizzata nell&#8217;iniezione con cui si procedette ad addormentare per sempre il loro neonato.<\/p>\n<p style=\"text-align: justify;\"><a href=\"https:\/\/www.rassegnastampa-totustuus.it\/cattolica\/wp-content\/uploads\/2009\/05\/Eluana_Englaro.jpg\"><img loading=\"lazy\" decoding=\"async\" class=\"size-full wp-image-32153 alignright\" src=\"https:\/\/www.rassegnastampa-totustuus.it\/cattolica\/wp-content\/uploads\/2009\/05\/Eluana_Englaro.jpg\" alt=\"\" width=\"270\" height=\"186\" \/><\/a>I nazisti dell&#8217;epoca manifestarono un maggior senso di umanit\u00e0 rispetto agli omologhi contemporanei, i quali sono arrivati al punto di sopprimere le vite considerate &#8220;indegne di essere vissute&#8221; privandole della nutrizione e dell&#8217;alimentazione. Non in maniera rapida e indolore, come con l&#8217;iniezione nazista, ma facendoli letteralmente morire di fame e di sete, com&#8217;\u00e8 capitato alla nostra Eluana Englaro e al povero Vincent Lambert, l&#8217;ultimo in ordine di tempo a subire tale atroce condanna a morte.<\/p>\n<p style=\"text-align: justify;\"><strong>Al bar sono diventati tutti Seneca <\/strong><\/p>\n<p style=\"text-align: justify;\">Sembra di essere tornati indietro di duemila anni, all&#8217;epoca della filosofia cinica e stoica, e oggi si riascoltano al bar discorsi come quelli che era solito pronunciare Seneca: \u00abC&#8217;\u00e8 un solo modo per entrare nella vita, ma molte possibilit\u00e0 di uscirne; perch\u00e9 dovrei aspettare la crudelt\u00e0 di una malattia o di un uomo, quando posso andarmene sfuggendo ai tormenti e alle avversit\u00e0? Si pu\u00f2 scegliere la morte come si sceglie la nave quando ci si accinge a un viaggio, o si sceglie una casa quando si intende prendere una residenza\u00bb.<\/p>\n<p style=\"text-align: justify;\"><a href=\"https:\/\/www.rassegnastampa-totustuus.it\/cattolica\/wp-content\/uploads\/2017\/08\/buon_samaritano.jpg\"><img loading=\"lazy\" decoding=\"async\" class=\"size-full wp-image-44597 alignleft\" src=\"https:\/\/www.rassegnastampa-totustuus.it\/cattolica\/wp-content\/uploads\/2017\/08\/buon_samaritano.jpg\" alt=\"\" width=\"267\" height=\"189\" \/><\/a>Come se duemila anni di cristianesimo fossero passati inutilmente. Per arrestare questa deriva disumana occorre ripartire dalla \u00abvera pietas\u00bb, dalla logica del Buon Samaritano che spinge ad accompagnare nel momento del bisogno, a dare un senso alla sofferenza, a difendere l&#8217;intangibile dignit\u00e0 di ogni essere umano in qualunque situazione si trovi, a rispondere al grido di aiuto di un fratello che soffre, a riconoscere nel dolore altrui il dolore che Cristo ha patito per salvare tutti noi.<\/p>\n<p style=\"text-align: justify;\">Ci ricorda ancora una volta l&#8217;<em>Evangelium Vitae<\/em> che l&#8217;autentica compassione \u00ab<em>efficit ut cum alterius dolore homo societur, non autem eum perimit cuius aegritudo toleran non potest<\/em>\u00bb, rende solidale col dolore altrui, non sopprime colui del quale non si pu\u00f2 sopportare la sofferenza. Questa \u00e8 la vera rivoluzione dell&#8217;amore che il cristianesimo ha portato nella storia dell&#8217;umanit\u00e0.<\/p>\n","protected":false},"excerpt":{"rendered":"<p>Il Timone n.187 Settembre 2019 Il dibattito sul &#8220;fine vita&#8221; viene oggi, come all&#8217;origine del progetto eutanasico nazista, sostenuto con buoni sentimenti e comprensione per chi soffre. La storia del piccolo Knauer all&#8217;inizio del progetto Aktion T4 di Gianfranco Amato<\/p><p><a class=\"more-link btn\" href=\"https:\/\/www.rassegnastampa-totustuus.it\/cattolica\/anche-hitler-era-compassionevole-nelluccidere\/\">Continua a leggere<\/a><\/p>\n","protected":false},"author":6,"featured_media":44592,"comment_status":"closed","ping_status":"closed","sticky":false,"template":"","format":"standard","meta":{"footnotes":""},"categories":[55,94,24],"tags":[141,507,486,162],"class_list":["post-44591","post","type-post","status-publish","format-standard","has-post-thumbnail","hentry","category-eutanasia","category-nazionalsocialismo","category-storia","tag-eutanasia-2","tag-hitler","tag-nazionalsocialismo-2","tag-storia-2","item-wrap"],"yoast_head":"<!-- This site is optimized with the Yoast SEO plugin v27.5 - https:\/\/yoast.com\/product\/yoast-seo-wordpress\/ -->\n<title>Anche Hitler era compassionevole nell\u2019uccidere - Rassegna Stampa Cattolica<\/title>\n<meta name=\"description\" content=\"Rassegna Stampa Cattolica - Per una cultura che nasce dalla Rivelazione cristiana in conformit\u00e0 alla tradizione e al Magistero della Chiesa in opposizione ad ogni relativismo e totalitarismo\" \/>\n<meta name=\"robots\" content=\"index, follow, max-snippet:-1, max-image-preview:large, max-video-preview:-1\" \/>\n<link rel=\"canonical\" href=\"https:\/\/www.rassegnastampa-totustuus.it\/cattolica\/anche-hitler-era-compassionevole-nelluccidere\/\" \/>\n<meta property=\"og:locale\" content=\"it_IT\" \/>\n<meta property=\"og:type\" content=\"article\" \/>\n<meta property=\"og:title\" content=\"Anche Hitler era compassionevole nell\u2019uccidere - Rassegna Stampa Cattolica\" \/>\n<meta property=\"og:description\" content=\"Rassegna Stampa Cattolica - Per una cultura che nasce dalla Rivelazione cristiana in conformit\u00e0 alla tradizione e al Magistero della Chiesa in opposizione ad ogni relativismo e totalitarismo\" \/>\n<meta property=\"og:url\" content=\"https:\/\/www.rassegnastampa-totustuus.it\/cattolica\/anche-hitler-era-compassionevole-nelluccidere\/\" \/>\n<meta property=\"og:site_name\" content=\"Rassegna Stampa Cattolica\" \/>\n<meta property=\"article:publisher\" content=\"https:\/\/www.facebook.com\/rassegnastampacattolica\" \/>\n<meta property=\"article:published_time\" content=\"2017-08-02T22:00:39+00:00\" \/>\n<meta property=\"article:modified_time\" content=\"2019-10-03T13:35:51+00:00\" \/>\n<meta property=\"og:image\" content=\"https:\/\/www.rassegnastampa-totustuus.it\/cattolica\/wp-content\/uploads\/2019\/10\/medici_eutanasia_nazismo.jpg\" \/>\n\t<meta property=\"og:image:width\" content=\"3543\" \/>\n\t<meta property=\"og:image:height\" content=\"2554\" \/>\n\t<meta property=\"og:image:type\" content=\"image\/jpeg\" \/>\n<meta name=\"author\" content=\"Redazione\" \/>\n<meta name=\"twitter:card\" content=\"summary_large_image\" \/>\n<meta name=\"twitter:creator\" content=\"@rassegnastampa9\" \/>\n<meta name=\"twitter:site\" content=\"@rassegnastampa9\" \/>\n<meta name=\"twitter:label1\" content=\"Scritto da\" \/>\n\t<meta name=\"twitter:data1\" content=\"Redazione\" \/>\n\t<meta name=\"twitter:label2\" content=\"Tempo di lettura stimato\" \/>\n\t<meta name=\"twitter:data2\" content=\"7 minuti\" \/>\n<script type=\"application\/ld+json\" class=\"yoast-schema-graph\">{\"@context\":\"https:\\\/\\\/schema.org\",\"@graph\":[{\"@type\":\"Article\",\"@id\":\"https:\\\/\\\/www.rassegnastampa-totustuus.it\\\/cattolica\\\/anche-hitler-era-compassionevole-nelluccidere\\\/#article\",\"isPartOf\":{\"@id\":\"https:\\\/\\\/www.rassegnastampa-totustuus.it\\\/cattolica\\\/anche-hitler-era-compassionevole-nelluccidere\\\/\"},\"author\":{\"name\":\"Redazione\",\"@id\":\"https:\\\/\\\/www.rassegnastampa-totustuus.it\\\/cattolica\\\/#\\\/schema\\\/person\\\/08f319d2bd1a0904ad9e2bfb7b15e5c3\"},\"headline\":\"Anche Hitler era compassionevole nell\u2019uccidere\",\"datePublished\":\"2017-08-02T22:00:39+00:00\",\"dateModified\":\"2019-10-03T13:35:51+00:00\",\"mainEntityOfPage\":{\"@id\":\"https:\\\/\\\/www.rassegnastampa-totustuus.it\\\/cattolica\\\/anche-hitler-era-compassionevole-nelluccidere\\\/\"},\"wordCount\":1371,\"publisher\":{\"@id\":\"https:\\\/\\\/www.rassegnastampa-totustuus.it\\\/cattolica\\\/#organization\"},\"image\":{\"@id\":\"https:\\\/\\\/www.rassegnastampa-totustuus.it\\\/cattolica\\\/anche-hitler-era-compassionevole-nelluccidere\\\/#primaryimage\"},\"thumbnailUrl\":\"https:\\\/\\\/www.rassegnastampa-totustuus.it\\\/cattolica\\\/wp-content\\\/uploads\\\/2019\\\/10\\\/medici_eutanasia_nazismo.jpg\",\"keywords\":[\"eutanasia\",\"Hitler\",\"nazionalsocialismo\",\"storia\"],\"articleSection\":[\"Eutanasia\",\"Nazionalsocialismo\",\"Storia\"],\"inLanguage\":\"it-IT\"},{\"@type\":\"WebPage\",\"@id\":\"https:\\\/\\\/www.rassegnastampa-totustuus.it\\\/cattolica\\\/anche-hitler-era-compassionevole-nelluccidere\\\/\",\"url\":\"https:\\\/\\\/www.rassegnastampa-totustuus.it\\\/cattolica\\\/anche-hitler-era-compassionevole-nelluccidere\\\/\",\"name\":\"Anche Hitler era compassionevole nell\u2019uccidere - Rassegna Stampa Cattolica\",\"isPartOf\":{\"@id\":\"https:\\\/\\\/www.rassegnastampa-totustuus.it\\\/cattolica\\\/#website\"},\"primaryImageOfPage\":{\"@id\":\"https:\\\/\\\/www.rassegnastampa-totustuus.it\\\/cattolica\\\/anche-hitler-era-compassionevole-nelluccidere\\\/#primaryimage\"},\"image\":{\"@id\":\"https:\\\/\\\/www.rassegnastampa-totustuus.it\\\/cattolica\\\/anche-hitler-era-compassionevole-nelluccidere\\\/#primaryimage\"},\"thumbnailUrl\":\"https:\\\/\\\/www.rassegnastampa-totustuus.it\\\/cattolica\\\/wp-content\\\/uploads\\\/2019\\\/10\\\/medici_eutanasia_nazismo.jpg\",\"datePublished\":\"2017-08-02T22:00:39+00:00\",\"dateModified\":\"2019-10-03T13:35:51+00:00\",\"description\":\"Rassegna Stampa Cattolica - Per una cultura che nasce dalla Rivelazione cristiana in conformit\u00e0 alla tradizione e al Magistero della Chiesa in opposizione ad ogni relativismo e totalitarismo\",\"breadcrumb\":{\"@id\":\"https:\\\/\\\/www.rassegnastampa-totustuus.it\\\/cattolica\\\/anche-hitler-era-compassionevole-nelluccidere\\\/#breadcrumb\"},\"inLanguage\":\"it-IT\",\"potentialAction\":[{\"@type\":\"ReadAction\",\"target\":[\"https:\\\/\\\/www.rassegnastampa-totustuus.it\\\/cattolica\\\/anche-hitler-era-compassionevole-nelluccidere\\\/\"]}]},{\"@type\":\"ImageObject\",\"inLanguage\":\"it-IT\",\"@id\":\"https:\\\/\\\/www.rassegnastampa-totustuus.it\\\/cattolica\\\/anche-hitler-era-compassionevole-nelluccidere\\\/#primaryimage\",\"url\":\"https:\\\/\\\/www.rassegnastampa-totustuus.it\\\/cattolica\\\/wp-content\\\/uploads\\\/2019\\\/10\\\/medici_eutanasia_nazismo.jpg\",\"contentUrl\":\"https:\\\/\\\/www.rassegnastampa-totustuus.it\\\/cattolica\\\/wp-content\\\/uploads\\\/2019\\\/10\\\/medici_eutanasia_nazismo.jpg\",\"width\":3543,\"height\":2554},{\"@type\":\"BreadcrumbList\",\"@id\":\"https:\\\/\\\/www.rassegnastampa-totustuus.it\\\/cattolica\\\/anche-hitler-era-compassionevole-nelluccidere\\\/#breadcrumb\",\"itemListElement\":[{\"@type\":\"ListItem\",\"position\":1,\"name\":\"Home\",\"item\":\"https:\\\/\\\/www.rassegnastampa-totustuus.it\\\/cattolica\\\/\"},{\"@type\":\"ListItem\",\"position\":2,\"name\":\"Anche Hitler era compassionevole nell\u2019uccidere\"}]},{\"@type\":\"WebSite\",\"@id\":\"https:\\\/\\\/www.rassegnastampa-totustuus.it\\\/cattolica\\\/#website\",\"url\":\"https:\\\/\\\/www.rassegnastampa-totustuus.it\\\/cattolica\\\/\",\"name\":\"Rassegna Stampa Cattolica\",\"description\":\"Per una cultura che nasce dalla Rivelazione cristiana in conformit\u00e0 alla tradizione e al Magistero della Chiesa in opposizione ad ogni relativismo e totalitarismo\",\"publisher\":{\"@id\":\"https:\\\/\\\/www.rassegnastampa-totustuus.it\\\/cattolica\\\/#organization\"},\"alternateName\":\"Rass. Cattolica\",\"potentialAction\":[{\"@type\":\"SearchAction\",\"target\":{\"@type\":\"EntryPoint\",\"urlTemplate\":\"https:\\\/\\\/www.rassegnastampa-totustuus.it\\\/cattolica\\\/?s={search_term_string}\"},\"query-input\":{\"@type\":\"PropertyValueSpecification\",\"valueRequired\":true,\"valueName\":\"search_term_string\"}}],\"inLanguage\":\"it-IT\"},{\"@type\":\"Organization\",\"@id\":\"https:\\\/\\\/www.rassegnastampa-totustuus.it\\\/cattolica\\\/#organization\",\"name\":\"Rassegna Stampa Cattolica\",\"url\":\"https:\\\/\\\/www.rassegnastampa-totustuus.it\\\/cattolica\\\/\",\"logo\":{\"@type\":\"ImageObject\",\"inLanguage\":\"it-IT\",\"@id\":\"https:\\\/\\\/www.rassegnastampa-totustuus.it\\\/cattolica\\\/#\\\/schema\\\/logo\\\/image\\\/\",\"url\":\"https:\\\/\\\/www.rassegnastampa-totustuus.it\\\/cattolica\\\/wp-content\\\/uploads\\\/2014\\\/04\\\/logo-rassegna1.gif\",\"contentUrl\":\"https:\\\/\\\/www.rassegnastampa-totustuus.it\\\/cattolica\\\/wp-content\\\/uploads\\\/2014\\\/04\\\/logo-rassegna1.gif\",\"width\":600,\"height\":163,\"caption\":\"Rassegna Stampa Cattolica\"},\"image\":{\"@id\":\"https:\\\/\\\/www.rassegnastampa-totustuus.it\\\/cattolica\\\/#\\\/schema\\\/logo\\\/image\\\/\"},\"sameAs\":[\"https:\\\/\\\/www.facebook.com\\\/rassegnastampacattolica\",\"https:\\\/\\\/x.com\\\/rassegnastampa9\"]},{\"@type\":\"Person\",\"@id\":\"https:\\\/\\\/www.rassegnastampa-totustuus.it\\\/cattolica\\\/#\\\/schema\\\/person\\\/08f319d2bd1a0904ad9e2bfb7b15e5c3\",\"name\":\"Redazione\",\"image\":{\"@type\":\"ImageObject\",\"inLanguage\":\"it-IT\",\"@id\":\"https:\\\/\\\/secure.gravatar.com\\\/avatar\\\/2fcdf27c78ea025fbdb44e914cc63c72249ffec9dc8aafd5c82b26240ef3f346?s=96&d=mm&r=g\",\"url\":\"https:\\\/\\\/secure.gravatar.com\\\/avatar\\\/2fcdf27c78ea025fbdb44e914cc63c72249ffec9dc8aafd5c82b26240ef3f346?s=96&d=mm&r=g\",\"contentUrl\":\"https:\\\/\\\/secure.gravatar.com\\\/avatar\\\/2fcdf27c78ea025fbdb44e914cc63c72249ffec9dc8aafd5c82b26240ef3f346?s=96&d=mm&r=g\",\"caption\":\"Redazione\"},\"url\":\"https:\\\/\\\/www.rassegnastampa-totustuus.it\\\/cattolica\\\/author\\\/pietroelle\\\/\"}]}<\/script>\n<!-- \/ Yoast SEO plugin. -->","yoast_head_json":{"title":"Anche Hitler era compassionevole nell\u2019uccidere - Rassegna Stampa Cattolica","description":"Rassegna Stampa Cattolica - Per una cultura che nasce dalla Rivelazione cristiana in conformit\u00e0 alla tradizione e al Magistero della Chiesa in opposizione ad ogni relativismo e totalitarismo","robots":{"index":"index","follow":"follow","max-snippet":"max-snippet:-1","max-image-preview":"max-image-preview:large","max-video-preview":"max-video-preview:-1"},"canonical":"https:\/\/www.rassegnastampa-totustuus.it\/cattolica\/anche-hitler-era-compassionevole-nelluccidere\/","og_locale":"it_IT","og_type":"article","og_title":"Anche Hitler era compassionevole nell\u2019uccidere - Rassegna Stampa Cattolica","og_description":"Rassegna Stampa Cattolica - Per una cultura che nasce dalla Rivelazione cristiana in conformit\u00e0 alla tradizione e al Magistero della Chiesa in opposizione ad ogni relativismo e totalitarismo","og_url":"https:\/\/www.rassegnastampa-totustuus.it\/cattolica\/anche-hitler-era-compassionevole-nelluccidere\/","og_site_name":"Rassegna Stampa Cattolica","article_publisher":"https:\/\/www.facebook.com\/rassegnastampacattolica","article_published_time":"2017-08-02T22:00:39+00:00","article_modified_time":"2019-10-03T13:35:51+00:00","og_image":[{"width":3543,"height":2554,"url":"https:\/\/www.rassegnastampa-totustuus.it\/cattolica\/wp-content\/uploads\/2019\/10\/medici_eutanasia_nazismo.jpg","type":"image\/jpeg"}],"author":"Redazione","twitter_card":"summary_large_image","twitter_creator":"@rassegnastampa9","twitter_site":"@rassegnastampa9","twitter_misc":{"Scritto da":"Redazione","Tempo di lettura stimato":"7 minuti"},"schema":{"@context":"https:\/\/schema.org","@graph":[{"@type":"Article","@id":"https:\/\/www.rassegnastampa-totustuus.it\/cattolica\/anche-hitler-era-compassionevole-nelluccidere\/#article","isPartOf":{"@id":"https:\/\/www.rassegnastampa-totustuus.it\/cattolica\/anche-hitler-era-compassionevole-nelluccidere\/"},"author":{"name":"Redazione","@id":"https:\/\/www.rassegnastampa-totustuus.it\/cattolica\/#\/schema\/person\/08f319d2bd1a0904ad9e2bfb7b15e5c3"},"headline":"Anche Hitler era compassionevole nell\u2019uccidere","datePublished":"2017-08-02T22:00:39+00:00","dateModified":"2019-10-03T13:35:51+00:00","mainEntityOfPage":{"@id":"https:\/\/www.rassegnastampa-totustuus.it\/cattolica\/anche-hitler-era-compassionevole-nelluccidere\/"},"wordCount":1371,"publisher":{"@id":"https:\/\/www.rassegnastampa-totustuus.it\/cattolica\/#organization"},"image":{"@id":"https:\/\/www.rassegnastampa-totustuus.it\/cattolica\/anche-hitler-era-compassionevole-nelluccidere\/#primaryimage"},"thumbnailUrl":"https:\/\/www.rassegnastampa-totustuus.it\/cattolica\/wp-content\/uploads\/2019\/10\/medici_eutanasia_nazismo.jpg","keywords":["eutanasia","Hitler","nazionalsocialismo","storia"],"articleSection":["Eutanasia","Nazionalsocialismo","Storia"],"inLanguage":"it-IT"},{"@type":"WebPage","@id":"https:\/\/www.rassegnastampa-totustuus.it\/cattolica\/anche-hitler-era-compassionevole-nelluccidere\/","url":"https:\/\/www.rassegnastampa-totustuus.it\/cattolica\/anche-hitler-era-compassionevole-nelluccidere\/","name":"Anche Hitler era compassionevole nell\u2019uccidere - Rassegna Stampa Cattolica","isPartOf":{"@id":"https:\/\/www.rassegnastampa-totustuus.it\/cattolica\/#website"},"primaryImageOfPage":{"@id":"https:\/\/www.rassegnastampa-totustuus.it\/cattolica\/anche-hitler-era-compassionevole-nelluccidere\/#primaryimage"},"image":{"@id":"https:\/\/www.rassegnastampa-totustuus.it\/cattolica\/anche-hitler-era-compassionevole-nelluccidere\/#primaryimage"},"thumbnailUrl":"https:\/\/www.rassegnastampa-totustuus.it\/cattolica\/wp-content\/uploads\/2019\/10\/medici_eutanasia_nazismo.jpg","datePublished":"2017-08-02T22:00:39+00:00","dateModified":"2019-10-03T13:35:51+00:00","description":"Rassegna Stampa Cattolica - Per una cultura che nasce dalla Rivelazione cristiana in conformit\u00e0 alla tradizione e al Magistero della Chiesa in opposizione ad ogni relativismo e totalitarismo","breadcrumb":{"@id":"https:\/\/www.rassegnastampa-totustuus.it\/cattolica\/anche-hitler-era-compassionevole-nelluccidere\/#breadcrumb"},"inLanguage":"it-IT","potentialAction":[{"@type":"ReadAction","target":["https:\/\/www.rassegnastampa-totustuus.it\/cattolica\/anche-hitler-era-compassionevole-nelluccidere\/"]}]},{"@type":"ImageObject","inLanguage":"it-IT","@id":"https:\/\/www.rassegnastampa-totustuus.it\/cattolica\/anche-hitler-era-compassionevole-nelluccidere\/#primaryimage","url":"https:\/\/www.rassegnastampa-totustuus.it\/cattolica\/wp-content\/uploads\/2019\/10\/medici_eutanasia_nazismo.jpg","contentUrl":"https:\/\/www.rassegnastampa-totustuus.it\/cattolica\/wp-content\/uploads\/2019\/10\/medici_eutanasia_nazismo.jpg","width":3543,"height":2554},{"@type":"BreadcrumbList","@id":"https:\/\/www.rassegnastampa-totustuus.it\/cattolica\/anche-hitler-era-compassionevole-nelluccidere\/#breadcrumb","itemListElement":[{"@type":"ListItem","position":1,"name":"Home","item":"https:\/\/www.rassegnastampa-totustuus.it\/cattolica\/"},{"@type":"ListItem","position":2,"name":"Anche Hitler era compassionevole nell\u2019uccidere"}]},{"@type":"WebSite","@id":"https:\/\/www.rassegnastampa-totustuus.it\/cattolica\/#website","url":"https:\/\/www.rassegnastampa-totustuus.it\/cattolica\/","name":"Rassegna Stampa Cattolica","description":"Per una cultura che nasce dalla Rivelazione cristiana in conformit\u00e0 alla tradizione e al Magistero della Chiesa in opposizione ad ogni relativismo e totalitarismo","publisher":{"@id":"https:\/\/www.rassegnastampa-totustuus.it\/cattolica\/#organization"},"alternateName":"Rass. Cattolica","potentialAction":[{"@type":"SearchAction","target":{"@type":"EntryPoint","urlTemplate":"https:\/\/www.rassegnastampa-totustuus.it\/cattolica\/?s={search_term_string}"},"query-input":{"@type":"PropertyValueSpecification","valueRequired":true,"valueName":"search_term_string"}}],"inLanguage":"it-IT"},{"@type":"Organization","@id":"https:\/\/www.rassegnastampa-totustuus.it\/cattolica\/#organization","name":"Rassegna Stampa Cattolica","url":"https:\/\/www.rassegnastampa-totustuus.it\/cattolica\/","logo":{"@type":"ImageObject","inLanguage":"it-IT","@id":"https:\/\/www.rassegnastampa-totustuus.it\/cattolica\/#\/schema\/logo\/image\/","url":"https:\/\/www.rassegnastampa-totustuus.it\/cattolica\/wp-content\/uploads\/2014\/04\/logo-rassegna1.gif","contentUrl":"https:\/\/www.rassegnastampa-totustuus.it\/cattolica\/wp-content\/uploads\/2014\/04\/logo-rassegna1.gif","width":600,"height":163,"caption":"Rassegna Stampa Cattolica"},"image":{"@id":"https:\/\/www.rassegnastampa-totustuus.it\/cattolica\/#\/schema\/logo\/image\/"},"sameAs":["https:\/\/www.facebook.com\/rassegnastampacattolica","https:\/\/x.com\/rassegnastampa9"]},{"@type":"Person","@id":"https:\/\/www.rassegnastampa-totustuus.it\/cattolica\/#\/schema\/person\/08f319d2bd1a0904ad9e2bfb7b15e5c3","name":"Redazione","image":{"@type":"ImageObject","inLanguage":"it-IT","@id":"https:\/\/secure.gravatar.com\/avatar\/2fcdf27c78ea025fbdb44e914cc63c72249ffec9dc8aafd5c82b26240ef3f346?s=96&d=mm&r=g","url":"https:\/\/secure.gravatar.com\/avatar\/2fcdf27c78ea025fbdb44e914cc63c72249ffec9dc8aafd5c82b26240ef3f346?s=96&d=mm&r=g","contentUrl":"https:\/\/secure.gravatar.com\/avatar\/2fcdf27c78ea025fbdb44e914cc63c72249ffec9dc8aafd5c82b26240ef3f346?s=96&d=mm&r=g","caption":"Redazione"},"url":"https:\/\/www.rassegnastampa-totustuus.it\/cattolica\/author\/pietroelle\/"}]}},"_links":{"self":[{"href":"https:\/\/www.rassegnastampa-totustuus.it\/cattolica\/wp-json\/wp\/v2\/posts\/44591","targetHints":{"allow":["GET"]}}],"collection":[{"href":"https:\/\/www.rassegnastampa-totustuus.it\/cattolica\/wp-json\/wp\/v2\/posts"}],"about":[{"href":"https:\/\/www.rassegnastampa-totustuus.it\/cattolica\/wp-json\/wp\/v2\/types\/post"}],"author":[{"embeddable":true,"href":"https:\/\/www.rassegnastampa-totustuus.it\/cattolica\/wp-json\/wp\/v2\/users\/6"}],"replies":[{"embeddable":true,"href":"https:\/\/www.rassegnastampa-totustuus.it\/cattolica\/wp-json\/wp\/v2\/comments?post=44591"}],"version-history":[{"count":2,"href":"https:\/\/www.rassegnastampa-totustuus.it\/cattolica\/wp-json\/wp\/v2\/posts\/44591\/revisions"}],"predecessor-version":[{"id":44598,"href":"https:\/\/www.rassegnastampa-totustuus.it\/cattolica\/wp-json\/wp\/v2\/posts\/44591\/revisions\/44598"}],"wp:featuredmedia":[{"embeddable":true,"href":"https:\/\/www.rassegnastampa-totustuus.it\/cattolica\/wp-json\/wp\/v2\/media\/44592"}],"wp:attachment":[{"href":"https:\/\/www.rassegnastampa-totustuus.it\/cattolica\/wp-json\/wp\/v2\/media?parent=44591"}],"wp:term":[{"taxonomy":"category","embeddable":true,"href":"https:\/\/www.rassegnastampa-totustuus.it\/cattolica\/wp-json\/wp\/v2\/categories?post=44591"},{"taxonomy":"post_tag","embeddable":true,"href":"https:\/\/www.rassegnastampa-totustuus.it\/cattolica\/wp-json\/wp\/v2\/tags?post=44591"}],"curies":[{"name":"wp","href":"https:\/\/api.w.org\/{rel}","templated":true}]}}