{"id":44565,"date":"2019-10-10T00:00:35","date_gmt":"2019-10-09T22:00:35","guid":{"rendered":"http:\/\/www.rassegnastampa-totustuus.it\/cattolica\/?p=44565"},"modified":"2019-10-10T10:53:17","modified_gmt":"2019-10-10T08:53:17","slug":"forteto-uno-scandalo-lungo-40-anni","status":"publish","type":"post","link":"https:\/\/www.rassegnastampa-totustuus.it\/cattolica\/forteto-uno-scandalo-lungo-40-anni\/","title":{"rendered":"Forteto uno scandalo lungo 40 anni"},"content":{"rendered":"<p style=\"text-align: center;\"><strong><a href=\"https:\/\/www.rassegnastampa-totustuus.it\/cattolica\/?p=43442\" target=\"_blank\" rel=\"noopener noreferrer\"><img loading=\"lazy\" decoding=\"async\" class=\"wp-image-43443 alignright\" src=\"https:\/\/www.rassegnastampa-totustuus.it\/cattolica\/wp-content\/uploads\/2019\/07\/Forteto-300x168.jpg\" alt=\"\" width=\"266\" height=\"149\" srcset=\"https:\/\/www.rassegnastampa-totustuus.it\/cattolica\/wp-content\/uploads\/2019\/07\/Forteto-300x168.jpg 300w, https:\/\/www.rassegnastampa-totustuus.it\/cattolica\/wp-content\/uploads\/2019\/07\/Forteto.jpg 680w\" sizes=\"auto, (max-width: 266px) 100vw, 266px\" \/><\/a>Il Timone<\/strong> n.187 Settembre 2019<\/p>\n<p style=\"text-align: justify;\"><em>Nel 1977 Rodolfo Fiesoli e Luigi Goffredi fondano la cooperativa e comunit\u00e0 che doveva rappresentare l&#8217;avanguardia dell&#8217;accoglienza. Si riveler\u00e0 una fattoria degli orrori, con molti politici e intellettuali che amavano frequentarla<\/em><\/p>\n<p style=\"text-align: center;\">di <strong>Giulio Meotti<\/strong><\/p>\n<p><!--more--><\/p>\n<p style=\"text-align: justify;\">\u201cFirenze: \u00e8 innocente il profeta arrestato per atti di libidine?&#8221;, si domandava la <em>Stampa <\/em>del 2 dicembre 1978, quando Carlo Casini, allora giovane e coraggioso magistrato, lanciava la prima inchiesta sul Forteto. Ci vorranno quarant&#8217;anni per accertare penalmente tutte le terribili responsabilit\u00e0.<\/p>\n<p style=\"text-align: justify;\">Troppo grande, forse, la vergogna che la vicenda del Forteto aveva generato in certa classe dirigente italiana. E non \u00e8 difficile capire perch\u00e9.<\/p>\n<p style=\"text-align: justify;\"><strong>Doveva essere un centro di accoglienza e pace <\/strong><\/p>\n<p style=\"text-align: justify;\">Il Forteto, prima di Bibbiano, fu una storia di Hansel e Gretel al cubo, di lupi travestiti da agnelli, di corresponsabilit\u00e0 ideologiche e culturali, di flirt con l&#8217;idea che la societ\u00e0, la famiglia fossero il male da redimere.<\/p>\n<p style=\"text-align: justify;\"><a href=\"https:\/\/www.rassegnastampa-totustuus.it\/cattolica\/wp-content\/uploads\/2018\/01\/Forteto.jpg\"><img loading=\"lazy\" decoding=\"async\" class=\"size-medium wp-image-39533 alignleft\" src=\"https:\/\/www.rassegnastampa-totustuus.it\/cattolica\/wp-content\/uploads\/2018\/01\/Forteto-300x166.jpg\" alt=\"\" width=\"300\" height=\"166\" srcset=\"https:\/\/www.rassegnastampa-totustuus.it\/cattolica\/wp-content\/uploads\/2018\/01\/Forteto-300x166.jpg 300w, https:\/\/www.rassegnastampa-totustuus.it\/cattolica\/wp-content\/uploads\/2018\/01\/Forteto.jpg 302w\" sizes=\"auto, (max-width: 300px) 100vw, 300px\" \/><\/a>La comunit\u00e0 e cooperativa agricola del Forteto a Vicchio, nel Mugello, dal 1977 accoglieva bambini e adulti in difficolt\u00e0. Doveva essere un luogo di pace, ascolto, aiuto, accoglienza, rispetto, dignit\u00e0. Si \u00e8 rivelato una sorta di inferno, oggetto di tante inchieste giudiziarie e di sentenze della magistratura, fino alla Corte europea dei diritti dell&#8217;uomo di Strasburgo, che ha condannato l&#8217;Italia per l&#8217;affidamento dei minori al Forteto.<\/p>\n<p style=\"text-align: justify;\"><em>La Nazione<\/em> racconta di &#8220;divieti di avere rapporti sessuali fra coniugi, di richieste di rapporti omosessuali, di riunioni collettive per guardarsi reciprocamente i genitali, di parolacce, di insulti, di inviti a picchiare i propri genitori&#8221;. Al centro, il settantunenne Rodolfo Fiesoli. E ai margini, sindaci, giudici, assistenti sociali, politici, giornalisti, intellettuali, pedagoghi, educatori, cattolici progressisti.<\/p>\n<p style=\"text-align: justify;\"><a href=\"https:\/\/www.rassegnastampa-totustuus.it\/cattolica\/wp-content\/uploads\/2017\/06\/Milani.jpg\"><img loading=\"lazy\" decoding=\"async\" class=\"size-medium wp-image-38074 alignright\" src=\"https:\/\/www.rassegnastampa-totustuus.it\/cattolica\/wp-content\/uploads\/2017\/06\/Milani-300x168.jpg\" alt=\"\" width=\"300\" height=\"168\" \/><\/a>Si dicevano eredi di don Lorenzo Milani e della scuola di Barbiana (siamo sempre nel Mugello), il celebratissimo autore di &#8220;Lettera a una professoressa&#8221;, l&#8217;eroe del Sessantotto e cattivo maestro che, grazie alla lettura di una certa vulgata, per la predicazione di odio verso i presunti nemici dei poveri, verso i borghesi, verso il principio di autorit\u00e0 e quello di educazione, diverr\u00e0 un idolo della sinistra.<\/p>\n<p style=\"text-align: justify;\"><strong>Avversione alla famiglia naturale <\/strong><\/p>\n<p style=\"text-align: justify;\">Sandro Magister ha voluto chiamarli \u00abi cattivi scolari di don Milani. La catastrofe del Forteto\u00bb (Fiesoli sar\u00e0, fino all&#8217;arresto, consigliere del Centro documentazione don Lorenzo Milani e Scuola di Barbiana). Tanti nel mondo cattolico si schierano, come la rivista progressista <em>Testimonianze<\/em> di Don Ernesto Balducci, con l&#8217;articolo &#8220;Le libere donne del Forteto&#8221;.<\/p>\n<p style=\"text-align: justify;\"><a href=\"https:\/\/www.rassegnastampa-totustuus.it\/cattolica\/wp-content\/uploads\/2015\/07\/forteto.jpg\"><img loading=\"lazy\" decoding=\"async\" class=\"size-medium wp-image-26551 alignleft\" src=\"https:\/\/www.rassegnastampa-totustuus.it\/cattolica\/wp-content\/uploads\/2015\/07\/forteto-300x165.jpg\" alt=\"\" width=\"300\" height=\"165\" srcset=\"https:\/\/www.rassegnastampa-totustuus.it\/cattolica\/wp-content\/uploads\/2015\/07\/forteto-300x165.jpg 300w, https:\/\/www.rassegnastampa-totustuus.it\/cattolica\/wp-content\/uploads\/2015\/07\/forteto.jpg 302w\" sizes=\"auto, (max-width: 300px) 100vw, 300px\" \/><\/a>Decisivo \u00e8 l&#8217;odio per la famiglia di sessantottina memoria, perch\u00e9 come si legge sul blog <em>Il Covile<\/em>, diretto da Stefano Borselli, \u00abse c&#8217;\u00e8 una cosa chiara fin da subito, \u00e8 l&#8217;odio totale per la famiglia nutrito dai leader della comunit\u00e0 del Forteto. Si faceva in modo che i ragazzi affidati non avessero pi\u00f9 alcun contatto con la famiglia d&#8217;origine, si faceva loro credere di essere stati abbandonati nel pi\u00f9 completo disinteresse, si incentivava in loro ogni tipo di rancore e di rivalsa affinch\u00e9 ogni ponte col passato fosse tagliato&#8230;\u00bb<\/p>\n<p style=\"text-align: justify;\">\u00abLe coppie affidatane erano in realt\u00e0 composte da estranei privi di legami affettivi fra di loro. E anche quando nella comunit\u00e0 ne nasceva uno, vi era l&#8217;assoluto divieto di costruire qualsiasi simulacro di vita di coppia. I rapporti eterosessuali erano osteggiati in ogni modo, e fra maschi e femmine esisteva una separazione assoluta\u00bb.<\/p>\n<p style=\"text-align: justify;\">\u00abLa cos\u00ec detta &#8216;famiglia funzionale&#8217;, geniale invenzione di Rodolfo Fiesoli, poteva significare qualsiasi cosa ma non aveva nulla a che fare con la famiglia naturale e nemmeno con un suo qualsiasi surrogato\u00bb.<\/p>\n<p style=\"text-align: justify;\"><strong>Passerella per politici e non solo <\/strong><\/p>\n<div id=\"attachment_44570\" style=\"width: 168px\" class=\"wp-caption alignright\"><a href=\"https:\/\/www.rassegnastampa-totustuus.it\/cattolica\/wp-content\/uploads\/2019\/10\/Susanna_Camusso.jpg\"><img loading=\"lazy\" decoding=\"async\" aria-describedby=\"caption-attachment-44570\" class=\"wp-image-44570\" src=\"https:\/\/www.rassegnastampa-totustuus.it\/cattolica\/wp-content\/uploads\/2019\/10\/Susanna_Camusso.jpg\" alt=\"\" width=\"168\" height=\"200\" \/><\/a><p id=\"caption-attachment-44570\" class=\"wp-caption-text\">Susanna Camusso<\/p><\/div>\n<p style=\"text-align: justify;\">In tanti a sinistra passarono dal Forteto, attratti dall&#8217;esaltazione della vita comunitaria come ribellione alle convenzioni sociali e famigliari. <span style=\"font-size: inherit;\">Nella relazione finale della Commissione d&#8217;inchiesta sull&#8217;affidamento dei minori della Regione Toscana (15 gennaio 2013) sono elencati i politici e i professionisti, che, a vario titolo e con differenti modalit\u00e0, sono passati presso il Forteto: \u00abPolitici, magistrati, avvocati, professionisti: Edoardo Bruno, Piero Fassino (&#8230;) Susanna Camusso, Rosi Bindi, Livia Turco, Antonio Di Pietro, Tina Anselmi, Claudio Martini, Riccardo Nencini&#8230;\u00bb.<\/span><\/p>\n<div id=\"attachment_44571\" style=\"width: 142px\" class=\"wp-caption alignright\"><a href=\"https:\/\/www.rassegnastampa-totustuus.it\/cattolica\/wp-content\/uploads\/2019\/10\/Piero_Fassino.jpg\"><img loading=\"lazy\" decoding=\"async\" aria-describedby=\"caption-attachment-44571\" class=\"wp-image-44571\" src=\"https:\/\/www.rassegnastampa-totustuus.it\/cattolica\/wp-content\/uploads\/2019\/10\/Piero_Fassino.jpg\" alt=\"\" width=\"142\" height=\"200\" \/><\/a><p id=\"caption-attachment-44571\" class=\"wp-caption-text\">Piero Fassino<\/p><\/div>\n<p style=\"text-align: justify;\">Va detto che furono sicuramente bravissimi Fiesoli e Goffredi a costruire consenso attorno alla propria comunit\u00e0 e ad auto-accreditarsi presso le istituzioni politiche, che a loro volta sicuramente chiusero troppi occhi su quel &#8220;modello&#8221;. Ci furono i tanti libri pubblicati dal Mulino, da <em>Forme di cultura e salute psichica. Universo simbolico e regole di relazione nel mondo del Forteto<\/em> a <em>La Strada stretta. Storia del Forteto<\/em>.<\/p>\n<div id=\"attachment_29360\" style=\"width: 226px\" class=\"wp-caption alignleft\"><a href=\"https:\/\/www.rassegnastampa-totustuus.it\/cattolica\/wp-content\/uploads\/2006\/11\/Rosy-Bindi.jpg\"><img loading=\"lazy\" decoding=\"async\" aria-describedby=\"caption-attachment-29360\" class=\"wp-image-29360\" src=\"https:\/\/www.rassegnastampa-totustuus.it\/cattolica\/wp-content\/uploads\/2006\/11\/Rosy-Bindi.jpg\" alt=\"\" width=\"226\" height=\"150\" \/><\/a><p id=\"caption-attachment-29360\" class=\"wp-caption-text\">Rosi Bindi<\/p><\/div>\n<p style=\"text-align: justify;\">\u00abUn&#8217;azienda di spicco nella produzione di pecorino toscano e carne chianina, ma i cui soci hanno espresso sin dai primi anni una vocazione solidaristica, accogliendo molti bambini, adolescenti ed adulti vittime di violenze e abbandono\u00bb, diceva la quarta di quest&#8217;ultimo libro.<\/p>\n<div id=\"attachment_44572\" style=\"width: 133px\" class=\"wp-caption alignright\"><a href=\"https:\/\/www.rassegnastampa-totustuus.it\/cattolica\/wp-content\/uploads\/2019\/10\/Antonio_Di_Pietro.jpg\"><img loading=\"lazy\" decoding=\"async\" aria-describedby=\"caption-attachment-44572\" class=\"wp-image-44572\" src=\"https:\/\/www.rassegnastampa-totustuus.it\/cattolica\/wp-content\/uploads\/2019\/10\/Antonio_Di_Pietro.jpg\" alt=\"\" width=\"133\" height=\"200\" \/><\/a><p id=\"caption-attachment-44572\" class=\"wp-caption-text\">Antonio Di Pietro<\/p><\/div>\n<p style=\"text-align: justify;\">Antonio Di Pietro scrisse una prefazione al libro <em>Fili e nodi<\/em> di Fiesoli. Due giornalisti toscani, Francesco Pini e Duccio Tranci, l&#8217;hanno chiamata la &#8220;Setta di Stato&#8221;. Ne scrive l&#8217;Ansa del 13 aprile 2003: \u00abDopo aver discusso per quasi tre ore su Ulivo, guerra, art.18 e rapporti interni al partito, Piero Fassino e Sergio Cofferati, a riprova di un clima non conflittuale, hanno pranzato insieme in una cooperativa agricola del Mugello. Fassino e Cofferati si sono ritrovati alla cooperativa II forteto, sulla strada di Vicchio, dove hanno pranzato insieme ai responsabili dell&#8217;agriturismo e ai ragazzi che ospita. Un pranzo con cibi biologici, con lasagne, roastbeef, insalate e una colomba preparata dai ragazzi della cooperativa\u00bb.<\/p>\n<p style=\"text-align: justify;\"><strong>Tutti sedotti <\/strong><\/p>\n<div id=\"attachment_44573\" style=\"width: 137px\" class=\"wp-caption alignleft\"><a href=\"https:\/\/www.rassegnastampa-totustuus.it\/cattolica\/wp-content\/uploads\/2019\/10\/Sergio_Cofferati.jpg\"><img loading=\"lazy\" decoding=\"async\" aria-describedby=\"caption-attachment-44573\" class=\"wp-image-44573\" src=\"https:\/\/www.rassegnastampa-totustuus.it\/cattolica\/wp-content\/uploads\/2019\/10\/Sergio_Cofferati.jpg\" alt=\"\" width=\"137\" height=\"200\" \/><\/a><p id=\"caption-attachment-44573\" class=\"wp-caption-text\">Sergio Cofferati<\/p><\/div>\n<p style=\"text-align: justify;\">E poi le visite dei padri comboniani, gli elogi di riviste come &#8220;Diario&#8221;, l&#8217;accoglienza che nel 2010 il gruppo Pd al Senato concede al libro di Fiesoli &#8220;Una scuola per l&#8217;integrazione&#8221;. Fu la senatrice Vittoria Franco a spiegare il clima: \u00abPer quanto riguarda la realt\u00e0 del Forteto, mi era stata descritta (&#8230;) come una realt\u00e0 importante del territorio, quale poi si \u00e8 rivelata essere, nel senso che sia come azienda, sia&#8230; costruirono poi una fondazione onlus che aveva come obiettivo proprio l&#8217;integrazione di ragazzi e bambini con disagi familiari e personali e quindi, diciamo, l&#8217;ho conosciuto durante la mia prima campagna elettorale. Godevano della fiducia delle istituzioni, dei comuni, del Tribunale dei Minori, che appunto si faceva garante di questo luogo per integrare e accogliere&#8230;\u00bb.<\/p>\n<p style=\"text-align: justify;\">Ci fu il caso di &#8220;TEDx Firenze&#8221; nel Salone dei Cinquecento di Palazzo Vecchio, la conferenza su Technology Entertainment Design sulle \u00abidee che meritano di essere diffuse\u00bb. Il tema del 2011 era &#8220;Innovazione e ottimismo&#8221; e, alla presenza dell&#8217;allora sindaco Matteo Renzi, tra le idee da diffondere ci furono anche quelle del guru del Forteto, Rodolfo Fiesoli. &#8220;Desiderio \u00e8 rivoluzione&#8221;, tuonava in quegli anni l&#8217;antipsichiatra Felix Guattari.<\/p>\n<p style=\"text-align: justify;\"><a href=\"https:\/\/www.rassegnastampa-totustuus.it\/cattolica\/wp-content\/uploads\/2018\/01\/arresto_Forteto.jpg\"><img loading=\"lazy\" decoding=\"async\" class=\"size-medium wp-image-39532 alignright\" src=\"https:\/\/www.rassegnastampa-totustuus.it\/cattolica\/wp-content\/uploads\/2018\/01\/arresto_Forteto-300x168.jpg\" alt=\"\" width=\"300\" height=\"168\" \/><\/a>E il Forteto prese vigore proprio negli anni dell&#8217;antipsichiatria, l&#8217;ideologia sessantottesca secondo cui il problema della follia si risolvesse solo con il riconoscimento delle sue radici sociali, nei rapporti alienati e alienanti del capitalismo, e con la trasformazione rivoluzionaria di tali rapporti.<\/p>\n<p style=\"text-align: justify;\">\u00abLa comunit\u00e0 era diventata l&#8217;alternativa per quelle persone con problemi che venivano portate al Forteto anche da illustri psichiatri toscani\u00bb, racconter\u00e0 un fuoriuscito, Sergio Pietracito. E ancora, il convegno &#8220;Crisi dell&#8217;educazione o educazione della crisi?&#8221; che la fondazione II Forteto organizzer\u00e0 nell&#8217;aula Magna dell&#8217;Universit\u00e0 degli Studi di Firenze.<\/p>\n<p style=\"text-align: justify;\">Non manc\u00f2 proprio nessuno all&#8217;appello. Fu non soltanto una vergogna di abusi e maltrattamenti. Fu anche la vergogna di una parte della nostra intellighenzia e classe dirigente che si lasci\u00f2 sedurre dall&#8217;idea che bisognasse distruggere la famiglia per meglio &#8220;ricostruirla&#8221;. In fondo siamo ancora l\u00ec, con Bibbiano.<\/p>\n<p>___________________<\/p>\n<p><strong>Leggi anche:<\/strong><\/p>\n<p><a href=\"https:\/\/www.rassegnastampa-totustuus.it\/cattolica\/?p=43442\" target=\"_blank\" rel=\"noopener noreferrer\">Quegli abusi ai minori protetti dal Pd<\/a><\/p>\n<p><a href=\"https:\/\/www.rassegnastampa-totustuus.it\/cattolica\/?p=26549\" target=\"_blank\" rel=\"noopener noreferrer\">Rinnegare la famiglia: cos\u00ec nasce il Forteto<\/a><\/p>\n<p><a href=\"https:\/\/www.rassegnastampa-totustuus.it\/cattolica\/?p=39531\" target=\"_blank\" rel=\"noopener noreferrer\">Tutti a scuola da don Milani. Ma se questi sono i suoi allievi&#8230;<\/a><\/p>\n\n\n<p><\/p>\n","protected":false},"excerpt":{"rendered":"<p>Il Timone n.187 Settembre 2019 Nel 1977 Rodolfo Fiesoli e Luigi Goffredi fondano la cooperativa e comunit\u00e0 che doveva rappresentare l&#8217;avanguardia dell&#8217;accoglienza. Si riveler\u00e0 una fattoria degli orrori, con molti politici e intellettuali che amavano frequentarla di Giulio Meotti<\/p><p><a class=\"more-link btn\" href=\"https:\/\/www.rassegnastampa-totustuus.it\/cattolica\/forteto-uno-scandalo-lungo-40-anni\/\">Continua a leggere<\/a><\/p>\n","protected":false},"author":6,"featured_media":44567,"comment_status":"closed","ping_status":"closed","sticky":false,"template":"","format":"standard","meta":{"footnotes":""},"categories":[82,125,98],"tags":[288,424,437,1496,322],"class_list":["post-44565","post","type-post","status-publish","format-standard","has-post-thumbnail","hentry","category-comunismo-in-italia","category-ideologia-del-gender","category-il-68","tag-adozioni","tag-comunismo-in-italia-2","tag-ideologia-del-gender-2","tag-il-68-2","tag-omosessualita","item-wrap"],"yoast_head":"<!-- This site is optimized with the Yoast SEO plugin v27.5 - https:\/\/yoast.com\/product\/yoast-seo-wordpress\/ -->\n<title>Forteto uno scandalo lungo 40 anni - Rassegna Stampa Cattolica<\/title>\n<meta name=\"description\" content=\"Rassegna Stampa Cattolica - Per una cultura che nasce dalla Rivelazione cristiana in conformit\u00e0 alla tradizione e al Magistero della Chiesa in opposizione ad ogni relativismo e totalitarismo\" \/>\n<meta name=\"robots\" content=\"index, follow, max-snippet:-1, max-image-preview:large, max-video-preview:-1\" \/>\n<link rel=\"canonical\" href=\"https:\/\/www.rassegnastampa-totustuus.it\/cattolica\/forteto-uno-scandalo-lungo-40-anni\/\" \/>\n<meta property=\"og:locale\" content=\"it_IT\" \/>\n<meta property=\"og:type\" content=\"article\" \/>\n<meta property=\"og:title\" content=\"Forteto uno scandalo lungo 40 anni - Rassegna Stampa Cattolica\" \/>\n<meta property=\"og:description\" content=\"Rassegna Stampa Cattolica - Per una cultura che nasce dalla Rivelazione cristiana in conformit\u00e0 alla tradizione e al Magistero della Chiesa in opposizione ad ogni relativismo e totalitarismo\" \/>\n<meta property=\"og:url\" content=\"https:\/\/www.rassegnastampa-totustuus.it\/cattolica\/forteto-uno-scandalo-lungo-40-anni\/\" \/>\n<meta property=\"og:site_name\" content=\"Rassegna Stampa Cattolica\" \/>\n<meta property=\"article:publisher\" content=\"https:\/\/www.facebook.com\/rassegnastampacattolica\" \/>\n<meta property=\"article:published_time\" content=\"2019-10-09T22:00:35+00:00\" \/>\n<meta property=\"article:modified_time\" content=\"2019-10-10T08:53:17+00:00\" \/>\n<meta property=\"og:image\" content=\"https:\/\/www.rassegnastampa-totustuus.it\/cattolica\/wp-content\/uploads\/2019\/10\/forteto_poster.jpg\" \/>\n\t<meta property=\"og:image:width\" content=\"1920\" \/>\n\t<meta property=\"og:image:height\" content=\"1080\" \/>\n\t<meta property=\"og:image:type\" content=\"image\/jpeg\" \/>\n<meta name=\"author\" content=\"Redazione\" \/>\n<meta name=\"twitter:card\" content=\"summary_large_image\" \/>\n<meta name=\"twitter:creator\" content=\"@rassegnastampa9\" \/>\n<meta name=\"twitter:site\" content=\"@rassegnastampa9\" \/>\n<meta name=\"twitter:label1\" content=\"Scritto da\" \/>\n\t<meta name=\"twitter:data1\" content=\"Redazione\" \/>\n\t<meta name=\"twitter:label2\" content=\"Tempo di lettura stimato\" \/>\n\t<meta name=\"twitter:data2\" content=\"6 minuti\" \/>\n<script type=\"application\/ld+json\" class=\"yoast-schema-graph\">{\"@context\":\"https:\\\/\\\/schema.org\",\"@graph\":[{\"@type\":\"Article\",\"@id\":\"https:\\\/\\\/www.rassegnastampa-totustuus.it\\\/cattolica\\\/forteto-uno-scandalo-lungo-40-anni\\\/#article\",\"isPartOf\":{\"@id\":\"https:\\\/\\\/www.rassegnastampa-totustuus.it\\\/cattolica\\\/forteto-uno-scandalo-lungo-40-anni\\\/\"},\"author\":{\"name\":\"Redazione\",\"@id\":\"https:\\\/\\\/www.rassegnastampa-totustuus.it\\\/cattolica\\\/#\\\/schema\\\/person\\\/08f319d2bd1a0904ad9e2bfb7b15e5c3\"},\"headline\":\"Forteto uno scandalo lungo 40 anni\",\"datePublished\":\"2019-10-09T22:00:35+00:00\",\"dateModified\":\"2019-10-10T08:53:17+00:00\",\"mainEntityOfPage\":{\"@id\":\"https:\\\/\\\/www.rassegnastampa-totustuus.it\\\/cattolica\\\/forteto-uno-scandalo-lungo-40-anni\\\/\"},\"wordCount\":1299,\"publisher\":{\"@id\":\"https:\\\/\\\/www.rassegnastampa-totustuus.it\\\/cattolica\\\/#organization\"},\"image\":{\"@id\":\"https:\\\/\\\/www.rassegnastampa-totustuus.it\\\/cattolica\\\/forteto-uno-scandalo-lungo-40-anni\\\/#primaryimage\"},\"thumbnailUrl\":\"https:\\\/\\\/www.rassegnastampa-totustuus.it\\\/cattolica\\\/wp-content\\\/uploads\\\/2019\\\/10\\\/forteto_poster.jpg\",\"keywords\":[\"adozioni\",\"comunismo in Italia\",\"ideologia del gender\",\"il 68\",\"omosessualit\u00e0\"],\"articleSection\":[\"Comunismo in Italia\",\"Ideologia del gender\",\"Il 68\"],\"inLanguage\":\"it-IT\"},{\"@type\":\"WebPage\",\"@id\":\"https:\\\/\\\/www.rassegnastampa-totustuus.it\\\/cattolica\\\/forteto-uno-scandalo-lungo-40-anni\\\/\",\"url\":\"https:\\\/\\\/www.rassegnastampa-totustuus.it\\\/cattolica\\\/forteto-uno-scandalo-lungo-40-anni\\\/\",\"name\":\"Forteto uno scandalo lungo 40 anni - Rassegna Stampa Cattolica\",\"isPartOf\":{\"@id\":\"https:\\\/\\\/www.rassegnastampa-totustuus.it\\\/cattolica\\\/#website\"},\"primaryImageOfPage\":{\"@id\":\"https:\\\/\\\/www.rassegnastampa-totustuus.it\\\/cattolica\\\/forteto-uno-scandalo-lungo-40-anni\\\/#primaryimage\"},\"image\":{\"@id\":\"https:\\\/\\\/www.rassegnastampa-totustuus.it\\\/cattolica\\\/forteto-uno-scandalo-lungo-40-anni\\\/#primaryimage\"},\"thumbnailUrl\":\"https:\\\/\\\/www.rassegnastampa-totustuus.it\\\/cattolica\\\/wp-content\\\/uploads\\\/2019\\\/10\\\/forteto_poster.jpg\",\"datePublished\":\"2019-10-09T22:00:35+00:00\",\"dateModified\":\"2019-10-10T08:53:17+00:00\",\"description\":\"Rassegna Stampa Cattolica - Per una cultura che nasce dalla Rivelazione cristiana in conformit\u00e0 alla tradizione e al Magistero della Chiesa in opposizione ad ogni relativismo e totalitarismo\",\"breadcrumb\":{\"@id\":\"https:\\\/\\\/www.rassegnastampa-totustuus.it\\\/cattolica\\\/forteto-uno-scandalo-lungo-40-anni\\\/#breadcrumb\"},\"inLanguage\":\"it-IT\",\"potentialAction\":[{\"@type\":\"ReadAction\",\"target\":[\"https:\\\/\\\/www.rassegnastampa-totustuus.it\\\/cattolica\\\/forteto-uno-scandalo-lungo-40-anni\\\/\"]}]},{\"@type\":\"ImageObject\",\"inLanguage\":\"it-IT\",\"@id\":\"https:\\\/\\\/www.rassegnastampa-totustuus.it\\\/cattolica\\\/forteto-uno-scandalo-lungo-40-anni\\\/#primaryimage\",\"url\":\"https:\\\/\\\/www.rassegnastampa-totustuus.it\\\/cattolica\\\/wp-content\\\/uploads\\\/2019\\\/10\\\/forteto_poster.jpg\",\"contentUrl\":\"https:\\\/\\\/www.rassegnastampa-totustuus.it\\\/cattolica\\\/wp-content\\\/uploads\\\/2019\\\/10\\\/forteto_poster.jpg\",\"width\":1920,\"height\":1080},{\"@type\":\"BreadcrumbList\",\"@id\":\"https:\\\/\\\/www.rassegnastampa-totustuus.it\\\/cattolica\\\/forteto-uno-scandalo-lungo-40-anni\\\/#breadcrumb\",\"itemListElement\":[{\"@type\":\"ListItem\",\"position\":1,\"name\":\"Home\",\"item\":\"https:\\\/\\\/www.rassegnastampa-totustuus.it\\\/cattolica\\\/\"},{\"@type\":\"ListItem\",\"position\":2,\"name\":\"Forteto uno scandalo lungo 40 anni\"}]},{\"@type\":\"WebSite\",\"@id\":\"https:\\\/\\\/www.rassegnastampa-totustuus.it\\\/cattolica\\\/#website\",\"url\":\"https:\\\/\\\/www.rassegnastampa-totustuus.it\\\/cattolica\\\/\",\"name\":\"Rassegna Stampa Cattolica\",\"description\":\"Per una cultura che nasce dalla Rivelazione cristiana in conformit\u00e0 alla tradizione e al Magistero della Chiesa in opposizione ad ogni relativismo e totalitarismo\",\"publisher\":{\"@id\":\"https:\\\/\\\/www.rassegnastampa-totustuus.it\\\/cattolica\\\/#organization\"},\"alternateName\":\"Rass. Cattolica\",\"potentialAction\":[{\"@type\":\"SearchAction\",\"target\":{\"@type\":\"EntryPoint\",\"urlTemplate\":\"https:\\\/\\\/www.rassegnastampa-totustuus.it\\\/cattolica\\\/?s={search_term_string}\"},\"query-input\":{\"@type\":\"PropertyValueSpecification\",\"valueRequired\":true,\"valueName\":\"search_term_string\"}}],\"inLanguage\":\"it-IT\"},{\"@type\":\"Organization\",\"@id\":\"https:\\\/\\\/www.rassegnastampa-totustuus.it\\\/cattolica\\\/#organization\",\"name\":\"Rassegna Stampa Cattolica\",\"url\":\"https:\\\/\\\/www.rassegnastampa-totustuus.it\\\/cattolica\\\/\",\"logo\":{\"@type\":\"ImageObject\",\"inLanguage\":\"it-IT\",\"@id\":\"https:\\\/\\\/www.rassegnastampa-totustuus.it\\\/cattolica\\\/#\\\/schema\\\/logo\\\/image\\\/\",\"url\":\"https:\\\/\\\/www.rassegnastampa-totustuus.it\\\/cattolica\\\/wp-content\\\/uploads\\\/2014\\\/04\\\/logo-rassegna1.gif\",\"contentUrl\":\"https:\\\/\\\/www.rassegnastampa-totustuus.it\\\/cattolica\\\/wp-content\\\/uploads\\\/2014\\\/04\\\/logo-rassegna1.gif\",\"width\":600,\"height\":163,\"caption\":\"Rassegna Stampa Cattolica\"},\"image\":{\"@id\":\"https:\\\/\\\/www.rassegnastampa-totustuus.it\\\/cattolica\\\/#\\\/schema\\\/logo\\\/image\\\/\"},\"sameAs\":[\"https:\\\/\\\/www.facebook.com\\\/rassegnastampacattolica\",\"https:\\\/\\\/x.com\\\/rassegnastampa9\"]},{\"@type\":\"Person\",\"@id\":\"https:\\\/\\\/www.rassegnastampa-totustuus.it\\\/cattolica\\\/#\\\/schema\\\/person\\\/08f319d2bd1a0904ad9e2bfb7b15e5c3\",\"name\":\"Redazione\",\"image\":{\"@type\":\"ImageObject\",\"inLanguage\":\"it-IT\",\"@id\":\"https:\\\/\\\/secure.gravatar.com\\\/avatar\\\/2fcdf27c78ea025fbdb44e914cc63c72249ffec9dc8aafd5c82b26240ef3f346?s=96&d=mm&r=g\",\"url\":\"https:\\\/\\\/secure.gravatar.com\\\/avatar\\\/2fcdf27c78ea025fbdb44e914cc63c72249ffec9dc8aafd5c82b26240ef3f346?s=96&d=mm&r=g\",\"contentUrl\":\"https:\\\/\\\/secure.gravatar.com\\\/avatar\\\/2fcdf27c78ea025fbdb44e914cc63c72249ffec9dc8aafd5c82b26240ef3f346?s=96&d=mm&r=g\",\"caption\":\"Redazione\"},\"url\":\"https:\\\/\\\/www.rassegnastampa-totustuus.it\\\/cattolica\\\/author\\\/pietroelle\\\/\"}]}<\/script>\n<!-- \/ Yoast SEO plugin. -->","yoast_head_json":{"title":"Forteto uno scandalo lungo 40 anni - Rassegna Stampa Cattolica","description":"Rassegna Stampa Cattolica - Per una cultura che nasce dalla Rivelazione cristiana in conformit\u00e0 alla tradizione e al Magistero della Chiesa in opposizione ad ogni relativismo e totalitarismo","robots":{"index":"index","follow":"follow","max-snippet":"max-snippet:-1","max-image-preview":"max-image-preview:large","max-video-preview":"max-video-preview:-1"},"canonical":"https:\/\/www.rassegnastampa-totustuus.it\/cattolica\/forteto-uno-scandalo-lungo-40-anni\/","og_locale":"it_IT","og_type":"article","og_title":"Forteto uno scandalo lungo 40 anni - Rassegna Stampa Cattolica","og_description":"Rassegna Stampa Cattolica - Per una cultura che nasce dalla Rivelazione cristiana in conformit\u00e0 alla tradizione e al Magistero della Chiesa in opposizione ad ogni relativismo e totalitarismo","og_url":"https:\/\/www.rassegnastampa-totustuus.it\/cattolica\/forteto-uno-scandalo-lungo-40-anni\/","og_site_name":"Rassegna Stampa Cattolica","article_publisher":"https:\/\/www.facebook.com\/rassegnastampacattolica","article_published_time":"2019-10-09T22:00:35+00:00","article_modified_time":"2019-10-10T08:53:17+00:00","og_image":[{"width":1920,"height":1080,"url":"https:\/\/www.rassegnastampa-totustuus.it\/cattolica\/wp-content\/uploads\/2019\/10\/forteto_poster.jpg","type":"image\/jpeg"}],"author":"Redazione","twitter_card":"summary_large_image","twitter_creator":"@rassegnastampa9","twitter_site":"@rassegnastampa9","twitter_misc":{"Scritto da":"Redazione","Tempo di lettura stimato":"6 minuti"},"schema":{"@context":"https:\/\/schema.org","@graph":[{"@type":"Article","@id":"https:\/\/www.rassegnastampa-totustuus.it\/cattolica\/forteto-uno-scandalo-lungo-40-anni\/#article","isPartOf":{"@id":"https:\/\/www.rassegnastampa-totustuus.it\/cattolica\/forteto-uno-scandalo-lungo-40-anni\/"},"author":{"name":"Redazione","@id":"https:\/\/www.rassegnastampa-totustuus.it\/cattolica\/#\/schema\/person\/08f319d2bd1a0904ad9e2bfb7b15e5c3"},"headline":"Forteto uno scandalo lungo 40 anni","datePublished":"2019-10-09T22:00:35+00:00","dateModified":"2019-10-10T08:53:17+00:00","mainEntityOfPage":{"@id":"https:\/\/www.rassegnastampa-totustuus.it\/cattolica\/forteto-uno-scandalo-lungo-40-anni\/"},"wordCount":1299,"publisher":{"@id":"https:\/\/www.rassegnastampa-totustuus.it\/cattolica\/#organization"},"image":{"@id":"https:\/\/www.rassegnastampa-totustuus.it\/cattolica\/forteto-uno-scandalo-lungo-40-anni\/#primaryimage"},"thumbnailUrl":"https:\/\/www.rassegnastampa-totustuus.it\/cattolica\/wp-content\/uploads\/2019\/10\/forteto_poster.jpg","keywords":["adozioni","comunismo in Italia","ideologia del gender","il 68","omosessualit\u00e0"],"articleSection":["Comunismo in Italia","Ideologia del gender","Il 68"],"inLanguage":"it-IT"},{"@type":"WebPage","@id":"https:\/\/www.rassegnastampa-totustuus.it\/cattolica\/forteto-uno-scandalo-lungo-40-anni\/","url":"https:\/\/www.rassegnastampa-totustuus.it\/cattolica\/forteto-uno-scandalo-lungo-40-anni\/","name":"Forteto uno scandalo lungo 40 anni - Rassegna Stampa Cattolica","isPartOf":{"@id":"https:\/\/www.rassegnastampa-totustuus.it\/cattolica\/#website"},"primaryImageOfPage":{"@id":"https:\/\/www.rassegnastampa-totustuus.it\/cattolica\/forteto-uno-scandalo-lungo-40-anni\/#primaryimage"},"image":{"@id":"https:\/\/www.rassegnastampa-totustuus.it\/cattolica\/forteto-uno-scandalo-lungo-40-anni\/#primaryimage"},"thumbnailUrl":"https:\/\/www.rassegnastampa-totustuus.it\/cattolica\/wp-content\/uploads\/2019\/10\/forteto_poster.jpg","datePublished":"2019-10-09T22:00:35+00:00","dateModified":"2019-10-10T08:53:17+00:00","description":"Rassegna Stampa Cattolica - Per una cultura che nasce dalla Rivelazione cristiana in conformit\u00e0 alla tradizione e al Magistero della Chiesa in opposizione ad ogni relativismo e totalitarismo","breadcrumb":{"@id":"https:\/\/www.rassegnastampa-totustuus.it\/cattolica\/forteto-uno-scandalo-lungo-40-anni\/#breadcrumb"},"inLanguage":"it-IT","potentialAction":[{"@type":"ReadAction","target":["https:\/\/www.rassegnastampa-totustuus.it\/cattolica\/forteto-uno-scandalo-lungo-40-anni\/"]}]},{"@type":"ImageObject","inLanguage":"it-IT","@id":"https:\/\/www.rassegnastampa-totustuus.it\/cattolica\/forteto-uno-scandalo-lungo-40-anni\/#primaryimage","url":"https:\/\/www.rassegnastampa-totustuus.it\/cattolica\/wp-content\/uploads\/2019\/10\/forteto_poster.jpg","contentUrl":"https:\/\/www.rassegnastampa-totustuus.it\/cattolica\/wp-content\/uploads\/2019\/10\/forteto_poster.jpg","width":1920,"height":1080},{"@type":"BreadcrumbList","@id":"https:\/\/www.rassegnastampa-totustuus.it\/cattolica\/forteto-uno-scandalo-lungo-40-anni\/#breadcrumb","itemListElement":[{"@type":"ListItem","position":1,"name":"Home","item":"https:\/\/www.rassegnastampa-totustuus.it\/cattolica\/"},{"@type":"ListItem","position":2,"name":"Forteto uno scandalo lungo 40 anni"}]},{"@type":"WebSite","@id":"https:\/\/www.rassegnastampa-totustuus.it\/cattolica\/#website","url":"https:\/\/www.rassegnastampa-totustuus.it\/cattolica\/","name":"Rassegna Stampa Cattolica","description":"Per una cultura che nasce dalla Rivelazione cristiana in conformit\u00e0 alla tradizione e al Magistero della Chiesa in opposizione ad ogni relativismo e totalitarismo","publisher":{"@id":"https:\/\/www.rassegnastampa-totustuus.it\/cattolica\/#organization"},"alternateName":"Rass. Cattolica","potentialAction":[{"@type":"SearchAction","target":{"@type":"EntryPoint","urlTemplate":"https:\/\/www.rassegnastampa-totustuus.it\/cattolica\/?s={search_term_string}"},"query-input":{"@type":"PropertyValueSpecification","valueRequired":true,"valueName":"search_term_string"}}],"inLanguage":"it-IT"},{"@type":"Organization","@id":"https:\/\/www.rassegnastampa-totustuus.it\/cattolica\/#organization","name":"Rassegna Stampa Cattolica","url":"https:\/\/www.rassegnastampa-totustuus.it\/cattolica\/","logo":{"@type":"ImageObject","inLanguage":"it-IT","@id":"https:\/\/www.rassegnastampa-totustuus.it\/cattolica\/#\/schema\/logo\/image\/","url":"https:\/\/www.rassegnastampa-totustuus.it\/cattolica\/wp-content\/uploads\/2014\/04\/logo-rassegna1.gif","contentUrl":"https:\/\/www.rassegnastampa-totustuus.it\/cattolica\/wp-content\/uploads\/2014\/04\/logo-rassegna1.gif","width":600,"height":163,"caption":"Rassegna Stampa Cattolica"},"image":{"@id":"https:\/\/www.rassegnastampa-totustuus.it\/cattolica\/#\/schema\/logo\/image\/"},"sameAs":["https:\/\/www.facebook.com\/rassegnastampacattolica","https:\/\/x.com\/rassegnastampa9"]},{"@type":"Person","@id":"https:\/\/www.rassegnastampa-totustuus.it\/cattolica\/#\/schema\/person\/08f319d2bd1a0904ad9e2bfb7b15e5c3","name":"Redazione","image":{"@type":"ImageObject","inLanguage":"it-IT","@id":"https:\/\/secure.gravatar.com\/avatar\/2fcdf27c78ea025fbdb44e914cc63c72249ffec9dc8aafd5c82b26240ef3f346?s=96&d=mm&r=g","url":"https:\/\/secure.gravatar.com\/avatar\/2fcdf27c78ea025fbdb44e914cc63c72249ffec9dc8aafd5c82b26240ef3f346?s=96&d=mm&r=g","contentUrl":"https:\/\/secure.gravatar.com\/avatar\/2fcdf27c78ea025fbdb44e914cc63c72249ffec9dc8aafd5c82b26240ef3f346?s=96&d=mm&r=g","caption":"Redazione"},"url":"https:\/\/www.rassegnastampa-totustuus.it\/cattolica\/author\/pietroelle\/"}]}},"_links":{"self":[{"href":"https:\/\/www.rassegnastampa-totustuus.it\/cattolica\/wp-json\/wp\/v2\/posts\/44565","targetHints":{"allow":["GET"]}}],"collection":[{"href":"https:\/\/www.rassegnastampa-totustuus.it\/cattolica\/wp-json\/wp\/v2\/posts"}],"about":[{"href":"https:\/\/www.rassegnastampa-totustuus.it\/cattolica\/wp-json\/wp\/v2\/types\/post"}],"author":[{"embeddable":true,"href":"https:\/\/www.rassegnastampa-totustuus.it\/cattolica\/wp-json\/wp\/v2\/users\/6"}],"replies":[{"embeddable":true,"href":"https:\/\/www.rassegnastampa-totustuus.it\/cattolica\/wp-json\/wp\/v2\/comments?post=44565"}],"version-history":[{"count":4,"href":"https:\/\/www.rassegnastampa-totustuus.it\/cattolica\/wp-json\/wp\/v2\/posts\/44565\/revisions"}],"predecessor-version":[{"id":44656,"href":"https:\/\/www.rassegnastampa-totustuus.it\/cattolica\/wp-json\/wp\/v2\/posts\/44565\/revisions\/44656"}],"wp:featuredmedia":[{"embeddable":true,"href":"https:\/\/www.rassegnastampa-totustuus.it\/cattolica\/wp-json\/wp\/v2\/media\/44567"}],"wp:attachment":[{"href":"https:\/\/www.rassegnastampa-totustuus.it\/cattolica\/wp-json\/wp\/v2\/media?parent=44565"}],"wp:term":[{"taxonomy":"category","embeddable":true,"href":"https:\/\/www.rassegnastampa-totustuus.it\/cattolica\/wp-json\/wp\/v2\/categories?post=44565"},{"taxonomy":"post_tag","embeddable":true,"href":"https:\/\/www.rassegnastampa-totustuus.it\/cattolica\/wp-json\/wp\/v2\/tags?post=44565"}],"curies":[{"name":"wp","href":"https:\/\/api.w.org\/{rel}","templated":true}]}}