{"id":4443,"date":"2011-03-10T00:00:00","date_gmt":"2011-03-09T23:00:00","guid":{"rendered":""},"modified":"2016-06-16T14:38:07","modified_gmt":"2016-06-16T12:38:07","slug":"usa-perch-ha-vinto-la-destra","status":"publish","type":"post","link":"https:\/\/www.rassegnastampa-totustuus.it\/cattolica\/usa-perch-ha-vinto-la-destra\/","title":{"rendered":"Usa, perch&eacute; ha vinto la Destra"},"content":{"rendered":"<div style=\"text-align: center;\"><strong><img loading=\"lazy\" decoding=\"async\" class=\"alignleft wp-image-35028\" src=\"https:\/\/www.rassegnastampa-totustuus.it\/cattolica\/wp-content\/uploads\/2011\/03\/conservative_party.jpg\" alt=\"conservative_party\" width=\"200\" height=\"200\" srcset=\"https:\/\/www.rassegnastampa-totustuus.it\/cattolica\/wp-content\/uploads\/2011\/03\/conservative_party.jpg 225w, https:\/\/www.rassegnastampa-totustuus.it\/cattolica\/wp-content\/uploads\/2011\/03\/conservative_party-150x150.jpg 150w\" sizes=\"auto, (max-width: 200px) 100vw, 200px\" \/>Il Corriere del Sud <\/strong>n.2 del 25 febbraio 2011<\/div>\n<p style=\"text-align: justify;\"><em>La differenza tra conservatori e progressisti, quindi tra destra e sinistra, \u00e8 che i primi credono in Dio, i secondi invece credono di essere Dio<\/em><\/p>\n<p style=\"text-align: center;\">di <strong>Giovanni Formicola<\/strong><\/p>\n<p><!--more--><\/p>\n<div style=\"text-align: justify;\">Da poche settimane, la Camera dei Rappresentanti, uno dei rami del Parlamento degli Stati Uniti, ha un nuovo <em>Speaker<\/em>: al posto della molto <em>liberal<\/em> Nancy Pelosi c\u2019\u00e8 ora John Boehner. Se la sua carica \u00e8 omologa a quella del nostro Presidente della Camera, la stessa cosa non si pu\u00f2 dire dei rispettivi temperamenti e delle visioni del mondo.<\/div>\n<p style=\"text-align: justify;\">Tanto per dare un\u2019idea, ecco che cosa ha fatto Boehner il giorno in cui \u00e8 stato eletto a tale incarico e ha prestato giuramento: \u00e8 andato a Messa \u2013 una Messa cattolica, si intende \u2013 poi a pranzo con la moglie, le figlie e dieci dei suoi undici fratelli (ma nessun cognato). Boehner non \u00e8 ateo, n\u00e9 futurista, n\u00e9 vagheggia una destra \u00abeuropea\u00bb (cio\u00e8 una destra non \u00abdi destra\u00bb), piuttosto \u00e8 dichiaratamente <em>pro life<\/em> e non rifiuta l\u2019etichetta di <em>hard-core conservative<\/em> che gli hanno affibbiato.<\/p>\n<p style=\"text-align: justify;\">L\u2019inizio di questa nuova \u00ablegislatura\u00bb statunitense rimanda ad un evento recente di assoluta rilevanza che, per\u00f2, \u2013 un po\u2019 per la spaventosa accelerazione del tempo in cui viviamo, un po\u2019 per il dominio mediatico dell\u2019inutile e dell\u2019idiota, un po\u2019 per malizia ideologica \u2013 \u00e8 stato, di fatto, ignorato.<\/p>\n<p style=\"text-align: justify;\">Mi riferisco alle elezioni di <em>mid-term<\/em> dello scorso 2 novembre negli USA che hanno riguardato il rinnovo dell\u2019intera Camera, di poco pi\u00f9 di un terzo del Senato, di pi\u00f9 di due terzi dei governatori, i congressi di molti Stati, altre cariche elettive periferiche, e che, infine, hanno chiamato il popolo a esprimersi su varie questioni con la modalit\u00e0 del <em>referendum<\/em>.<\/p>\n<p style=\"text-align: justify;\">La straordinaria importanza di tali consultazioni pu\u00f2 essere riassunta in tre punti.<\/p>\n<p style=\"text-align: justify;\">1. La destra \u00abdi destra\u00bb ha probabilmente registrato la pi\u00f9 grande vittoria elettorale della storia. A vincere, anzi a trionfare, non \u00e8 stata, infatti, una destra spuria, una destra \u00aba destra\u00bb di qualcuno \u2013 socialdemocratica, democristiana, liberaldemocratica o fascista che sia \u2013, ma una destra che si avvicina molto a ci\u00f2 che dovrebbe essere per definizione: alternativa alla sinistra e, perci\u00f2, religiosa, patriottica e tradizionale, che difende la persona, la famiglia, la propriet\u00e0 e l\u2019ordine.<\/p>\n<p style=\"text-align: justify;\">Di questa destra in America, quello che pi\u00f9 colpisce \u00e8 la sua capacit\u00e0 di saldare le tesi contro il <em>big government<\/em>, la spesa pubblica e la correlativa persecuzione fiscale, con la difesa del diritto alla vita, della famiglia come societ\u00e0 naturale basata sul matrimonio tra un maschio e una femmina e quindi la naturalit\u00e0 della filiazione, e la sicurezza dei cittadini. Il <em>trait d\u2019union<\/em> tra queste posizioni \u00e8 costituito appunto dalla centralit\u00e0 e dalla libert\u00e0 vera della persona umana, intesa come irripetibile creatura di Dio.<\/p>\n<p style=\"text-align: justify;\">Una straordinaria polemista statunitense ha scritto che la differenza tra conservatori e progressisti, quindi tra destra e sinistra, \u00e8 che i primi credono in Dio, i secondi invece credono di essere dio. Se Dio c\u2019\u00e8, lo Stato non pu\u00f2 tutto: non pu\u00f2 ridefinire il matrimonio e la famiglia; non pu\u00f2 autorizzare l\u2019aborto, il suicidio e neppure l\u2019eutanasia; deve adeguare la sua dimensione e le sue spese al livello di legittimit\u00e0 della pretesa fiscale che non pu\u00f2 superare un certo (minimo) limite, non solo per ovvie ragioni di sviluppo economico, ma anche per il rispetto della libert\u00e0 individuale e dei corpi sociali.<\/p>\n<p style=\"text-align: justify;\">In altri termini, come la persona e la sua famiglia, e non lo Stato, sono i legittimi titolari dei proventi del proprio lavoro, del proprio ingegno e della propria fortuna, allo stesso modo la vita e il matrimonio sono sottratti ai poteri costitutivi del legislatore, che pu\u00f2 solo riconoscere i relativi diritti naturali e proteggerli.<\/p>\n<p style=\"text-align: justify;\">La destra ha trionfato negli <em>States<\/em> proprio per aver assunto queste posizioni anti-relativiste insieme a un atteggiamento di fermezza contro i nemici degli USA e dell\u2019Occidente: proprio il contrario di un certo irenismo ottimista e dimissionario che sembra caratterizzare la politica del presidente Barack Hussein Obama.<\/p>\n<p style=\"text-align: justify;\">2. Che si sia trattato di un trionfo lo dicono i numeri.<\/p>\n<p style=\"text-align: justify;\">Alla Camera i repubblicani sostenuti dal popolo di destra hanno sottratto 65 seggi su 256 (uno su quattro) ai democratici, e a reggere tra costoro sono stati soprattutto i candidati meno sbilanciati a sinistra.<\/p>\n<p style=\"text-align: justify;\">Al Senato erano in palio 19 seggi democratici: i candidati repubblicani ne hanno conquistati 6 (uno su tre!), confermando i propri. Delle venti cariche di governatore detenute dai democratici, sei sono state portate a casa dai repubblicani, anche in questo caso quasi una su tre.<\/p>\n<p style=\"text-align: justify;\">Considerato il fatto che non tutti i candidati democratici erano progressisti, che non tutti i candidati repubblicani erano indovinati e soprattutto che i senatori eletti \u2013 come i deputati, del resto \u2013 hanno un fortissimo legame con i loro elettori, sicch\u00e9 spesso durano in carica per decenni, i repubblicani sapevano bene di non poter sperare in una vittoria ancora pi\u00f9 ampia.<\/p>\n<p style=\"text-align: justify;\">Ecco perch\u00e9 chi ha provato a ridimensionare il successo elettorale, sottolineando il fatto che i democratici hanno conservato la maggioranza al Senato ha sostenuto una tesi totalmente priva di pregio: per valutare l\u2019effettiva portata del risultato, si provi a pensare in Italia a una forza politica che in un\u2019elezione confermasse i propri e sottraesse all\u2019avversario un senatore su tre!<\/p>\n<p style=\"text-align: justify;\">Non voglio dare i numeri, e quindi tralascio per ora i risultati nei singoli Stati. Dico solo che anch\u2019essi hanno clamorosamente rovesciato i rapporti di forza, o li hanno consolidati a favore dei repubblicani sostenuti dalla destra diffusa.<\/p>\n<p style=\"text-align: justify;\">3. Le elezioni americane del 2010 dimostrano, infine, come un certo radicalismo sui principi non negoziabili e sulla questione della libert\u00e0 dall\u2019invadenza statale e dalla pressione fiscale non solo non tolgano voti, ma mobilitino militanti ed elettori. E a chi ritiene superate se non dannose le categorie di destra e sinistra \u2013 e le loro integrazioni, centrodestra e centrosinistra \u2013 non solo la storia sta dando una severa lezione, ma soprattutto va replicato che i significanti hanno <em>fundamentum in re<\/em> e non sono meramente convenzionali.<\/p>\n<p style=\"text-align: justify;\">Essi corrispondono cio\u00e8 all\u2019intima natura della realt\u00e0 umana e della sua libert\u00e0, tendente a scelte alternative, drammatiche, ad autentici bivi esistenziali e sociali, tra la mano destra e quella sinistra, che trova riflessi nel lessico (\u00abdestro\u00bb, \u00abdritta\u00bb, \u00abdiritto\u00bb, \u00abright\u00bb, \u00abrecht\u00bb, \u00abaddestrato\u00bb etc., e per converso \u00abmaldestro\u00bb, \u00absinistro\u00bb, etc.) e persino nelle Sacre Scritture, cui inevitabilmente non possono non corrispondere precisi significati.<\/p>\n<p style=\"text-align: justify;\">Di quanto sintetizzato, naturalmente, non tutto \u00e8 esportabile, ma nessuno pu\u00f2 negare il ruolo di avanguardia degli Stati Uniti almeno da un secolo a questa parte, anche nel male (dal dirigismo socialdemocratico rooseveltiano alla rivoluzione culturale all\u2019insegna di <em>sex, drugs and rock \u2018n roll<\/em>). E pi\u00f9 che dai partiti classici , la spinta viene dalle fondazioni culturali e dai movimenti civici e culturali diffusi. Esemplari da questo punto di vista, e stavolta a mio avviso in positivo, tra gli altri sono il movimento <em>pro-life<\/em> e i recentissimi <em>Tea Party<\/em>.<\/p>\n<p style=\"text-align: justify;\">Anche qui, non deve mancare il discernimento, perch\u00e9 non tutto \u00e8 oro quel che riluce, ma \u00e8 innegabile che il partito repubblicano \u2013 cui il PDL tende sempre pi\u00f9 a somigliare, oltre le stesse intenzioni, per la forza delle cose \u2013 se n\u2019\u00e8 giovato tanto quanto ha saputo assecondare questa destra \u00abdi destra\u00bb diffusa, che \u00e8 stata importantissimo, se non principale, fattore dei suoi successi elettorali.<\/p>\n","protected":false},"excerpt":{"rendered":"<p>Il Corriere del Sud n.2 del 25 febbraio 2011 La differenza tra conservatori e progressisti, quindi tra destra e sinistra, \u00e8 che i primi credono in Dio, i secondi invece credono di essere Dio di Giovanni Formicola<\/p><p><a class=\"more-link btn\" href=\"https:\/\/www.rassegnastampa-totustuus.it\/cattolica\/usa-perch-ha-vinto-la-destra\/\">Continua a leggere<\/a><\/p>\n","protected":false},"author":6,"featured_media":35028,"comment_status":"closed","ping_status":"open","sticky":false,"template":"","format":"standard","meta":{"footnotes":""},"categories":[108,76],"tags":[750],"class_list":["post-4443","post","type-post","status-publish","format-standard","has-post-thumbnail","hentry","category-paesi-e-continenti","category-stati-uniti","tag-destra","item-wrap"],"yoast_head":"<!-- This site is optimized with the Yoast SEO plugin v27.4 - https:\/\/yoast.com\/product\/yoast-seo-wordpress\/ -->\n<title>Usa, perch&eacute; ha vinto la Destra - Rassegna Stampa Cattolica<\/title>\n<meta name=\"description\" content=\"Rassegna Stampa Cattolica - Per una cultura che nasce dalla Rivelazione cristiana in conformit\u00e0 alla tradizione e al Magistero della Chiesa in opposizione ad ogni relativismo e totalitarismo\" \/>\n<meta name=\"robots\" content=\"index, follow, max-snippet:-1, max-image-preview:large, max-video-preview:-1\" \/>\n<link rel=\"canonical\" href=\"https:\/\/www.rassegnastampa-totustuus.it\/cattolica\/usa-perch-ha-vinto-la-destra\/\" \/>\n<meta property=\"og:locale\" content=\"it_IT\" \/>\n<meta property=\"og:type\" content=\"article\" \/>\n<meta property=\"og:title\" content=\"Usa, perch&eacute; ha vinto la Destra - Rassegna Stampa Cattolica\" \/>\n<meta property=\"og:description\" content=\"Rassegna Stampa Cattolica - Per una cultura che nasce dalla Rivelazione cristiana in conformit\u00e0 alla tradizione e al Magistero della Chiesa in opposizione ad ogni relativismo e totalitarismo\" \/>\n<meta property=\"og:url\" content=\"https:\/\/www.rassegnastampa-totustuus.it\/cattolica\/usa-perch-ha-vinto-la-destra\/\" \/>\n<meta property=\"og:site_name\" content=\"Rassegna Stampa Cattolica\" \/>\n<meta property=\"article:publisher\" content=\"https:\/\/www.facebook.com\/rassegnastampacattolica\" \/>\n<meta property=\"article:published_time\" content=\"2011-03-09T23:00:00+00:00\" \/>\n<meta property=\"article:modified_time\" content=\"2016-06-16T12:38:07+00:00\" \/>\n<meta property=\"og:image\" content=\"https:\/\/www.rassegnastampa-totustuus.it\/cattolica\/wp-content\/uploads\/2011\/03\/conservative_party.jpg\" \/>\n\t<meta property=\"og:image:width\" content=\"225\" \/>\n\t<meta property=\"og:image:height\" content=\"225\" \/>\n\t<meta property=\"og:image:type\" content=\"image\/jpeg\" \/>\n<meta name=\"author\" content=\"Redazione\" \/>\n<meta name=\"twitter:card\" content=\"summary_large_image\" \/>\n<meta name=\"twitter:creator\" content=\"@rassegnastampa9\" \/>\n<meta name=\"twitter:site\" content=\"@rassegnastampa9\" \/>\n<meta name=\"twitter:label1\" content=\"Scritto da\" \/>\n\t<meta name=\"twitter:data1\" content=\"Redazione\" \/>\n\t<meta name=\"twitter:label2\" content=\"Tempo di lettura stimato\" \/>\n\t<meta name=\"twitter:data2\" content=\"6 minuti\" \/>\n<script type=\"application\/ld+json\" class=\"yoast-schema-graph\">{\"@context\":\"https:\\\/\\\/schema.org\",\"@graph\":[{\"@type\":\"Article\",\"@id\":\"https:\\\/\\\/www.rassegnastampa-totustuus.it\\\/cattolica\\\/usa-perch-ha-vinto-la-destra\\\/#article\",\"isPartOf\":{\"@id\":\"https:\\\/\\\/www.rassegnastampa-totustuus.it\\\/cattolica\\\/usa-perch-ha-vinto-la-destra\\\/\"},\"author\":{\"name\":\"Redazione\",\"@id\":\"https:\\\/\\\/www.rassegnastampa-totustuus.it\\\/cattolica\\\/#\\\/schema\\\/person\\\/08f319d2bd1a0904ad9e2bfb7b15e5c3\"},\"headline\":\"Usa, perch&eacute; ha vinto la Destra\",\"datePublished\":\"2011-03-09T23:00:00+00:00\",\"dateModified\":\"2016-06-16T12:38:07+00:00\",\"mainEntityOfPage\":{\"@id\":\"https:\\\/\\\/www.rassegnastampa-totustuus.it\\\/cattolica\\\/usa-perch-ha-vinto-la-destra\\\/\"},\"wordCount\":1198,\"publisher\":{\"@id\":\"https:\\\/\\\/www.rassegnastampa-totustuus.it\\\/cattolica\\\/#organization\"},\"image\":{\"@id\":\"https:\\\/\\\/www.rassegnastampa-totustuus.it\\\/cattolica\\\/usa-perch-ha-vinto-la-destra\\\/#primaryimage\"},\"thumbnailUrl\":\"https:\\\/\\\/www.rassegnastampa-totustuus.it\\\/cattolica\\\/wp-content\\\/uploads\\\/2011\\\/03\\\/conservative_party.jpg\",\"keywords\":[\"destra\"],\"articleSection\":[\"Paesi e continenti\",\"Stati Uniti\"],\"inLanguage\":\"it-IT\"},{\"@type\":\"WebPage\",\"@id\":\"https:\\\/\\\/www.rassegnastampa-totustuus.it\\\/cattolica\\\/usa-perch-ha-vinto-la-destra\\\/\",\"url\":\"https:\\\/\\\/www.rassegnastampa-totustuus.it\\\/cattolica\\\/usa-perch-ha-vinto-la-destra\\\/\",\"name\":\"Usa, perch&eacute; ha vinto la Destra - Rassegna Stampa Cattolica\",\"isPartOf\":{\"@id\":\"https:\\\/\\\/www.rassegnastampa-totustuus.it\\\/cattolica\\\/#website\"},\"primaryImageOfPage\":{\"@id\":\"https:\\\/\\\/www.rassegnastampa-totustuus.it\\\/cattolica\\\/usa-perch-ha-vinto-la-destra\\\/#primaryimage\"},\"image\":{\"@id\":\"https:\\\/\\\/www.rassegnastampa-totustuus.it\\\/cattolica\\\/usa-perch-ha-vinto-la-destra\\\/#primaryimage\"},\"thumbnailUrl\":\"https:\\\/\\\/www.rassegnastampa-totustuus.it\\\/cattolica\\\/wp-content\\\/uploads\\\/2011\\\/03\\\/conservative_party.jpg\",\"datePublished\":\"2011-03-09T23:00:00+00:00\",\"dateModified\":\"2016-06-16T12:38:07+00:00\",\"description\":\"Rassegna Stampa Cattolica - Per una cultura che nasce dalla Rivelazione cristiana in conformit\u00e0 alla tradizione e al Magistero della Chiesa in opposizione ad ogni relativismo e totalitarismo\",\"breadcrumb\":{\"@id\":\"https:\\\/\\\/www.rassegnastampa-totustuus.it\\\/cattolica\\\/usa-perch-ha-vinto-la-destra\\\/#breadcrumb\"},\"inLanguage\":\"it-IT\",\"potentialAction\":[{\"@type\":\"ReadAction\",\"target\":[\"https:\\\/\\\/www.rassegnastampa-totustuus.it\\\/cattolica\\\/usa-perch-ha-vinto-la-destra\\\/\"]}]},{\"@type\":\"ImageObject\",\"inLanguage\":\"it-IT\",\"@id\":\"https:\\\/\\\/www.rassegnastampa-totustuus.it\\\/cattolica\\\/usa-perch-ha-vinto-la-destra\\\/#primaryimage\",\"url\":\"https:\\\/\\\/www.rassegnastampa-totustuus.it\\\/cattolica\\\/wp-content\\\/uploads\\\/2011\\\/03\\\/conservative_party.jpg\",\"contentUrl\":\"https:\\\/\\\/www.rassegnastampa-totustuus.it\\\/cattolica\\\/wp-content\\\/uploads\\\/2011\\\/03\\\/conservative_party.jpg\",\"width\":225,\"height\":225},{\"@type\":\"BreadcrumbList\",\"@id\":\"https:\\\/\\\/www.rassegnastampa-totustuus.it\\\/cattolica\\\/usa-perch-ha-vinto-la-destra\\\/#breadcrumb\",\"itemListElement\":[{\"@type\":\"ListItem\",\"position\":1,\"name\":\"Home\",\"item\":\"https:\\\/\\\/www.rassegnastampa-totustuus.it\\\/cattolica\\\/\"},{\"@type\":\"ListItem\",\"position\":2,\"name\":\"Usa, perch&eacute; ha vinto la Destra\"}]},{\"@type\":\"WebSite\",\"@id\":\"https:\\\/\\\/www.rassegnastampa-totustuus.it\\\/cattolica\\\/#website\",\"url\":\"https:\\\/\\\/www.rassegnastampa-totustuus.it\\\/cattolica\\\/\",\"name\":\"Rassegna Stampa Cattolica\",\"description\":\"Per una cultura che nasce dalla Rivelazione cristiana in conformit\u00e0 alla tradizione e al Magistero della Chiesa in opposizione ad ogni relativismo e totalitarismo\",\"publisher\":{\"@id\":\"https:\\\/\\\/www.rassegnastampa-totustuus.it\\\/cattolica\\\/#organization\"},\"alternateName\":\"Rass. Cattolica\",\"potentialAction\":[{\"@type\":\"SearchAction\",\"target\":{\"@type\":\"EntryPoint\",\"urlTemplate\":\"https:\\\/\\\/www.rassegnastampa-totustuus.it\\\/cattolica\\\/?s={search_term_string}\"},\"query-input\":{\"@type\":\"PropertyValueSpecification\",\"valueRequired\":true,\"valueName\":\"search_term_string\"}}],\"inLanguage\":\"it-IT\"},{\"@type\":\"Organization\",\"@id\":\"https:\\\/\\\/www.rassegnastampa-totustuus.it\\\/cattolica\\\/#organization\",\"name\":\"Rassegna Stampa Cattolica\",\"url\":\"https:\\\/\\\/www.rassegnastampa-totustuus.it\\\/cattolica\\\/\",\"logo\":{\"@type\":\"ImageObject\",\"inLanguage\":\"it-IT\",\"@id\":\"https:\\\/\\\/www.rassegnastampa-totustuus.it\\\/cattolica\\\/#\\\/schema\\\/logo\\\/image\\\/\",\"url\":\"https:\\\/\\\/www.rassegnastampa-totustuus.it\\\/cattolica\\\/wp-content\\\/uploads\\\/2014\\\/04\\\/logo-rassegna1.gif\",\"contentUrl\":\"https:\\\/\\\/www.rassegnastampa-totustuus.it\\\/cattolica\\\/wp-content\\\/uploads\\\/2014\\\/04\\\/logo-rassegna1.gif\",\"width\":600,\"height\":163,\"caption\":\"Rassegna Stampa Cattolica\"},\"image\":{\"@id\":\"https:\\\/\\\/www.rassegnastampa-totustuus.it\\\/cattolica\\\/#\\\/schema\\\/logo\\\/image\\\/\"},\"sameAs\":[\"https:\\\/\\\/www.facebook.com\\\/rassegnastampacattolica\",\"https:\\\/\\\/x.com\\\/rassegnastampa9\"]},{\"@type\":\"Person\",\"@id\":\"https:\\\/\\\/www.rassegnastampa-totustuus.it\\\/cattolica\\\/#\\\/schema\\\/person\\\/08f319d2bd1a0904ad9e2bfb7b15e5c3\",\"name\":\"Redazione\",\"image\":{\"@type\":\"ImageObject\",\"inLanguage\":\"it-IT\",\"@id\":\"https:\\\/\\\/secure.gravatar.com\\\/avatar\\\/2fcdf27c78ea025fbdb44e914cc63c72249ffec9dc8aafd5c82b26240ef3f346?s=96&d=mm&r=g\",\"url\":\"https:\\\/\\\/secure.gravatar.com\\\/avatar\\\/2fcdf27c78ea025fbdb44e914cc63c72249ffec9dc8aafd5c82b26240ef3f346?s=96&d=mm&r=g\",\"contentUrl\":\"https:\\\/\\\/secure.gravatar.com\\\/avatar\\\/2fcdf27c78ea025fbdb44e914cc63c72249ffec9dc8aafd5c82b26240ef3f346?s=96&d=mm&r=g\",\"caption\":\"Redazione\"},\"url\":\"https:\\\/\\\/www.rassegnastampa-totustuus.it\\\/cattolica\\\/author\\\/pietroelle\\\/\"}]}<\/script>\n<!-- \/ Yoast SEO plugin. -->","yoast_head_json":{"title":"Usa, perch&eacute; ha vinto la Destra - Rassegna Stampa Cattolica","description":"Rassegna Stampa Cattolica - Per una cultura che nasce dalla Rivelazione cristiana in conformit\u00e0 alla tradizione e al Magistero della Chiesa in opposizione ad ogni relativismo e totalitarismo","robots":{"index":"index","follow":"follow","max-snippet":"max-snippet:-1","max-image-preview":"max-image-preview:large","max-video-preview":"max-video-preview:-1"},"canonical":"https:\/\/www.rassegnastampa-totustuus.it\/cattolica\/usa-perch-ha-vinto-la-destra\/","og_locale":"it_IT","og_type":"article","og_title":"Usa, perch&eacute; ha vinto la Destra - Rassegna Stampa Cattolica","og_description":"Rassegna Stampa Cattolica - Per una cultura che nasce dalla Rivelazione cristiana in conformit\u00e0 alla tradizione e al Magistero della Chiesa in opposizione ad ogni relativismo e totalitarismo","og_url":"https:\/\/www.rassegnastampa-totustuus.it\/cattolica\/usa-perch-ha-vinto-la-destra\/","og_site_name":"Rassegna Stampa Cattolica","article_publisher":"https:\/\/www.facebook.com\/rassegnastampacattolica","article_published_time":"2011-03-09T23:00:00+00:00","article_modified_time":"2016-06-16T12:38:07+00:00","og_image":[{"width":225,"height":225,"url":"https:\/\/www.rassegnastampa-totustuus.it\/cattolica\/wp-content\/uploads\/2011\/03\/conservative_party.jpg","type":"image\/jpeg"}],"author":"Redazione","twitter_card":"summary_large_image","twitter_creator":"@rassegnastampa9","twitter_site":"@rassegnastampa9","twitter_misc":{"Scritto da":"Redazione","Tempo di lettura stimato":"6 minuti"},"schema":{"@context":"https:\/\/schema.org","@graph":[{"@type":"Article","@id":"https:\/\/www.rassegnastampa-totustuus.it\/cattolica\/usa-perch-ha-vinto-la-destra\/#article","isPartOf":{"@id":"https:\/\/www.rassegnastampa-totustuus.it\/cattolica\/usa-perch-ha-vinto-la-destra\/"},"author":{"name":"Redazione","@id":"https:\/\/www.rassegnastampa-totustuus.it\/cattolica\/#\/schema\/person\/08f319d2bd1a0904ad9e2bfb7b15e5c3"},"headline":"Usa, perch&eacute; ha vinto la Destra","datePublished":"2011-03-09T23:00:00+00:00","dateModified":"2016-06-16T12:38:07+00:00","mainEntityOfPage":{"@id":"https:\/\/www.rassegnastampa-totustuus.it\/cattolica\/usa-perch-ha-vinto-la-destra\/"},"wordCount":1198,"publisher":{"@id":"https:\/\/www.rassegnastampa-totustuus.it\/cattolica\/#organization"},"image":{"@id":"https:\/\/www.rassegnastampa-totustuus.it\/cattolica\/usa-perch-ha-vinto-la-destra\/#primaryimage"},"thumbnailUrl":"https:\/\/www.rassegnastampa-totustuus.it\/cattolica\/wp-content\/uploads\/2011\/03\/conservative_party.jpg","keywords":["destra"],"articleSection":["Paesi e continenti","Stati Uniti"],"inLanguage":"it-IT"},{"@type":"WebPage","@id":"https:\/\/www.rassegnastampa-totustuus.it\/cattolica\/usa-perch-ha-vinto-la-destra\/","url":"https:\/\/www.rassegnastampa-totustuus.it\/cattolica\/usa-perch-ha-vinto-la-destra\/","name":"Usa, perch&eacute; ha vinto la Destra - Rassegna Stampa Cattolica","isPartOf":{"@id":"https:\/\/www.rassegnastampa-totustuus.it\/cattolica\/#website"},"primaryImageOfPage":{"@id":"https:\/\/www.rassegnastampa-totustuus.it\/cattolica\/usa-perch-ha-vinto-la-destra\/#primaryimage"},"image":{"@id":"https:\/\/www.rassegnastampa-totustuus.it\/cattolica\/usa-perch-ha-vinto-la-destra\/#primaryimage"},"thumbnailUrl":"https:\/\/www.rassegnastampa-totustuus.it\/cattolica\/wp-content\/uploads\/2011\/03\/conservative_party.jpg","datePublished":"2011-03-09T23:00:00+00:00","dateModified":"2016-06-16T12:38:07+00:00","description":"Rassegna Stampa Cattolica - Per una cultura che nasce dalla Rivelazione cristiana in conformit\u00e0 alla tradizione e al Magistero della Chiesa in opposizione ad ogni relativismo e totalitarismo","breadcrumb":{"@id":"https:\/\/www.rassegnastampa-totustuus.it\/cattolica\/usa-perch-ha-vinto-la-destra\/#breadcrumb"},"inLanguage":"it-IT","potentialAction":[{"@type":"ReadAction","target":["https:\/\/www.rassegnastampa-totustuus.it\/cattolica\/usa-perch-ha-vinto-la-destra\/"]}]},{"@type":"ImageObject","inLanguage":"it-IT","@id":"https:\/\/www.rassegnastampa-totustuus.it\/cattolica\/usa-perch-ha-vinto-la-destra\/#primaryimage","url":"https:\/\/www.rassegnastampa-totustuus.it\/cattolica\/wp-content\/uploads\/2011\/03\/conservative_party.jpg","contentUrl":"https:\/\/www.rassegnastampa-totustuus.it\/cattolica\/wp-content\/uploads\/2011\/03\/conservative_party.jpg","width":225,"height":225},{"@type":"BreadcrumbList","@id":"https:\/\/www.rassegnastampa-totustuus.it\/cattolica\/usa-perch-ha-vinto-la-destra\/#breadcrumb","itemListElement":[{"@type":"ListItem","position":1,"name":"Home","item":"https:\/\/www.rassegnastampa-totustuus.it\/cattolica\/"},{"@type":"ListItem","position":2,"name":"Usa, perch&eacute; ha vinto la Destra"}]},{"@type":"WebSite","@id":"https:\/\/www.rassegnastampa-totustuus.it\/cattolica\/#website","url":"https:\/\/www.rassegnastampa-totustuus.it\/cattolica\/","name":"Rassegna Stampa Cattolica","description":"Per una cultura che nasce dalla Rivelazione cristiana in conformit\u00e0 alla tradizione e al Magistero della Chiesa in opposizione ad ogni relativismo e totalitarismo","publisher":{"@id":"https:\/\/www.rassegnastampa-totustuus.it\/cattolica\/#organization"},"alternateName":"Rass. Cattolica","potentialAction":[{"@type":"SearchAction","target":{"@type":"EntryPoint","urlTemplate":"https:\/\/www.rassegnastampa-totustuus.it\/cattolica\/?s={search_term_string}"},"query-input":{"@type":"PropertyValueSpecification","valueRequired":true,"valueName":"search_term_string"}}],"inLanguage":"it-IT"},{"@type":"Organization","@id":"https:\/\/www.rassegnastampa-totustuus.it\/cattolica\/#organization","name":"Rassegna Stampa Cattolica","url":"https:\/\/www.rassegnastampa-totustuus.it\/cattolica\/","logo":{"@type":"ImageObject","inLanguage":"it-IT","@id":"https:\/\/www.rassegnastampa-totustuus.it\/cattolica\/#\/schema\/logo\/image\/","url":"https:\/\/www.rassegnastampa-totustuus.it\/cattolica\/wp-content\/uploads\/2014\/04\/logo-rassegna1.gif","contentUrl":"https:\/\/www.rassegnastampa-totustuus.it\/cattolica\/wp-content\/uploads\/2014\/04\/logo-rassegna1.gif","width":600,"height":163,"caption":"Rassegna Stampa Cattolica"},"image":{"@id":"https:\/\/www.rassegnastampa-totustuus.it\/cattolica\/#\/schema\/logo\/image\/"},"sameAs":["https:\/\/www.facebook.com\/rassegnastampacattolica","https:\/\/x.com\/rassegnastampa9"]},{"@type":"Person","@id":"https:\/\/www.rassegnastampa-totustuus.it\/cattolica\/#\/schema\/person\/08f319d2bd1a0904ad9e2bfb7b15e5c3","name":"Redazione","image":{"@type":"ImageObject","inLanguage":"it-IT","@id":"https:\/\/secure.gravatar.com\/avatar\/2fcdf27c78ea025fbdb44e914cc63c72249ffec9dc8aafd5c82b26240ef3f346?s=96&d=mm&r=g","url":"https:\/\/secure.gravatar.com\/avatar\/2fcdf27c78ea025fbdb44e914cc63c72249ffec9dc8aafd5c82b26240ef3f346?s=96&d=mm&r=g","contentUrl":"https:\/\/secure.gravatar.com\/avatar\/2fcdf27c78ea025fbdb44e914cc63c72249ffec9dc8aafd5c82b26240ef3f346?s=96&d=mm&r=g","caption":"Redazione"},"url":"https:\/\/www.rassegnastampa-totustuus.it\/cattolica\/author\/pietroelle\/"}]}},"_links":{"self":[{"href":"https:\/\/www.rassegnastampa-totustuus.it\/cattolica\/wp-json\/wp\/v2\/posts\/4443","targetHints":{"allow":["GET"]}}],"collection":[{"href":"https:\/\/www.rassegnastampa-totustuus.it\/cattolica\/wp-json\/wp\/v2\/posts"}],"about":[{"href":"https:\/\/www.rassegnastampa-totustuus.it\/cattolica\/wp-json\/wp\/v2\/types\/post"}],"author":[{"embeddable":true,"href":"https:\/\/www.rassegnastampa-totustuus.it\/cattolica\/wp-json\/wp\/v2\/users\/6"}],"replies":[{"embeddable":true,"href":"https:\/\/www.rassegnastampa-totustuus.it\/cattolica\/wp-json\/wp\/v2\/comments?post=4443"}],"version-history":[{"count":4,"href":"https:\/\/www.rassegnastampa-totustuus.it\/cattolica\/wp-json\/wp\/v2\/posts\/4443\/revisions"}],"predecessor-version":[{"id":35029,"href":"https:\/\/www.rassegnastampa-totustuus.it\/cattolica\/wp-json\/wp\/v2\/posts\/4443\/revisions\/35029"}],"wp:featuredmedia":[{"embeddable":true,"href":"https:\/\/www.rassegnastampa-totustuus.it\/cattolica\/wp-json\/wp\/v2\/media\/35028"}],"wp:attachment":[{"href":"https:\/\/www.rassegnastampa-totustuus.it\/cattolica\/wp-json\/wp\/v2\/media?parent=4443"}],"wp:term":[{"taxonomy":"category","embeddable":true,"href":"https:\/\/www.rassegnastampa-totustuus.it\/cattolica\/wp-json\/wp\/v2\/categories?post=4443"},{"taxonomy":"post_tag","embeddable":true,"href":"https:\/\/www.rassegnastampa-totustuus.it\/cattolica\/wp-json\/wp\/v2\/tags?post=4443"}],"curies":[{"name":"wp","href":"https:\/\/api.w.org\/{rel}","templated":true}]}}