{"id":44380,"date":"2019-09-26T00:00:04","date_gmt":"2019-09-25T22:00:04","guid":{"rendered":"http:\/\/www.rassegnastampa-totustuus.it\/cattolica\/?p=44380"},"modified":"2019-09-19T17:17:06","modified_gmt":"2019-09-19T15:17:06","slug":"nel-silenzio-il-metodo-per-capire-noi-e-la-chiesa-di-oggi","status":"publish","type":"post","link":"https:\/\/www.rassegnastampa-totustuus.it\/cattolica\/nel-silenzio-il-metodo-per-capire-noi-e-la-chiesa-di-oggi\/","title":{"rendered":"Nel silenzio il metodo per capire noi e la Chiesa di oggi"},"content":{"rendered":"<p style=\"text-align: center;\"><a href=\"https:\/\/www.rassegnastampa-totustuus.it\/cattolica\/wp-content\/uploads\/2019\/09\/messori_cover.jpg\"><img loading=\"lazy\" decoding=\"async\" class=\"alignleft wp-image-44381\" src=\"https:\/\/www.rassegnastampa-totustuus.it\/cattolica\/wp-content\/uploads\/2019\/09\/messori_cover.jpg\" alt=\"\" width=\"137\" height=\"200\" \/><\/a>La<strong> Nuova bussola quotidiana<\/strong><\/p>\n<p style=\"text-align: center;\">19 settembre 2019<\/p>\n<p style=\"text-align: justify;\"><em>Oggi va curata la vita interiore, per recuperare aspetti come il silenzio, non per chiuderci in noi stessi ma per affrontare con forza questo difficile momento ecclesiale. Siamo in un passaggio epocale sociale e religioso: le due cose si intrecciano tra di loro, sollecitandosi a vicenda. Il libro di Padre Gentili su silenzio e contemplazione, scritto con Rosanna Brichetti Messori.<\/em><\/p>\n<p style=\"text-align: center;\">di <strong>Rosanna Brichetti Messori<\/strong><\/p>\n<p><!--more--><\/p>\n<p style=\"text-align: justify;\"><em>Di recente \u00e8 uscito \u201cCerca il silenzio &#8211; Troverai te stesso e Dio\u201c (Ares 2019). Si tratta di una intervista di Rosanna Brichetti Messori al barnabita padre Antonio Gentili, esperto di spiritualit\u00e0, che da oltre quarant\u2019anni tiene corsi di preghiera profonda e di digiuno ovunque lo chiamino. Ne \u00e8 uscito un libro ponderoso, ma al contempo divulgativo, arricchito da una Appendice che aiuti anche chi non abbia la possibilit\u00e0 di accedere ai corsi, ad iniziarsi alla preghiera contemplativa. La Nuova BQ ha chiesto alla coautrice di parlarcene.<\/em><\/p>\n<p style=\"text-align: justify;\"><strong><a href=\"https:\/\/www.rassegnastampa-totustuus.it\/cattolica\/wp-content\/uploads\/2019\/09\/Vittorio_Messori.jpg\"><img loading=\"lazy\" decoding=\"async\" class=\"alignright wp-image-44382\" src=\"https:\/\/www.rassegnastampa-totustuus.it\/cattolica\/wp-content\/uploads\/2019\/09\/Vittorio_Messori.jpg\" alt=\"\" width=\"134\" height=\"200\" \/><\/a>Mi chiedono spesso perch\u00e9 ho intervistato padre Antonio Gentili<\/strong>. E\u2019 presto detto. Anzitutto perch\u00e9 ho avuto la fortuna di conoscerlo quasi quarant\u2019anni fa quando lui era all\u2019inizio della sua esperienza ed io, da parte mia, avevo bisogno di dare una svolta in profondit\u00e0 alla mia vita spirituale. Chi ha letto il mio libro \u201c<a href=\"http:\/\/www.lanuovabq.it\/it\/i-messori-una-storia-damore-e-di-chiesa\" target=\"_blank\" rel=\"noopener noreferrer\"><em>Una fede in due- La mia vita con Vittorio<\/em><\/a>\u201d (Ares, 2018) sa di che cosa parlo. Trovatami ad affrontare in condizioni di fragilit\u00e0 fisica e psicologica, oltre che spirituale, anni molto difficili e impegnativi, ho trovato , prima nella frequentazione di alcuni corsi \u2013 in pratica esercizi spirituali un po\u2019 particolari \u2013 e poi continuando da sola ad applicare ci\u00f2 che avevo imparato, un grande aiuto nei suoi insegnamenti e nella sua guida spirituale.<\/p>\n<p style=\"text-align: justify;\"><strong>Cos\u00ec, attraverso la preghiera silenziosa nelle varie forme possibili <\/strong>\u2013 <em>lectio divina<\/em>, preghiera del cuore, preghiera nuda, gi\u00e0 presenti nella tradizione cristiana, ma caduti in disuso &#8211; ho poco a poco appreso a conoscere me stessa alla luce dello Spirito, nei miei limiti\u00a0e nei miei peccati, ma anche in quell\u2019unit\u00e0 profonda di corpo, anima e spirito che \u00e8 ciascuno di noi. Unit\u00e0 che se viene ignorata o trascurata, come spesso succede, d\u00e0 origine a disarmonie interiori di ogni tipo.<\/p>\n<p style=\"text-align: justify;\">Una preghiera fatta di calma fisica e di silenzio mentale, dicevo, che ponendoci finalmente poveri e disarmati davanti al nostro Creatore e Redentore, ci permette anche di sperimentare la misericordia divina, quella grazia che se non la ostacoli, poco a poco ti ricrea, introducendoti sempre pi\u00f9 nell\u2019intimit\u00e0 con la vita trinitaria. In altre parole una progressiva demolizione di quell\u2019io superbo, agitato e confuso che ciascuno di noi si ritrova come eredit\u00e0 della colpa originale, per far invece emergere quell\u2019io profondo dove lo Spirito gi\u00e0 abita e intercede per noi, ma che spesso non siamo in grado di intendere.<\/p>\n<p style=\"text-align: justify;\"><a href=\"https:\/\/www.rassegnastampa-totustuus.it\/cattolica\/wp-content\/uploads\/2010\/06\/preghiera.jpg\"><img loading=\"lazy\" decoding=\"async\" class=\"size-full wp-image-34357 alignleft\" src=\"https:\/\/www.rassegnastampa-totustuus.it\/cattolica\/wp-content\/uploads\/2010\/06\/preghiera.jpg\" alt=\"\" width=\"259\" height=\"194\" \/><\/a>Immanenza e trascendenza che si uniscono dando origine ad una consapevolezza che non solo diventa pace, gioia e forza interiore, ma anche un modo per vivere con maggiore intensit\u00e0 e profondit\u00e0 la Parola di Dio e la vita sacramentale.<\/p>\n<p style=\"text-align: justify;\"><strong>La seconda motivazione dell\u2019intervista <\/strong>si collega alla prima ed \u00e8 data dal fatto che sono profondamente convinta che oggi vada molto curata la vita interiore, ricuperando anche aspetti come appunto il silenzio terapeutico, non per chiuderci in noi stessi ma, al contrario, per metterci in grado di affrontare con maggiore forza e lucidit\u00e0 il difficile momento ecclesiale.<\/p>\n<p style=\"text-align: justify;\">Siamo infatti in un passaggio epocale sia dal punto di vista sociale che religioso perch\u00e9 le due cose si intrecciano tra di loro, sollecitandosi e provocandosi a vicenda. Cos\u00ec, mentre la storia degli uomini procede, la Chiesa partecipando ad essa, ma anche detentrice della salvezza proposta dal Vangelo eterno, si sforza di volta in volta di innestarlo per far s\u00ec che\u00a0tale storia diventi al contempo anche \u201cstoria di salvezza\u201d. Ma tutto ci\u00f2 oggi \u00e8 particolarmente difficile perch\u00e9 la cultura che viviamo, assume forme fortemente antireligiose e soprattutto anticristiane e anticattoliche.<\/p>\n<p style=\"text-align: justify;\"><strong>Cos\u00ec, la Chiesa, tesa tra una cristianit\u00e0 <\/strong>che si sta <a href=\"https:\/\/www.rassegnastampa-totustuus.it\/cattolica\/wp-content\/uploads\/2011\/05\/preghiera.jpg\"><img loading=\"lazy\" decoding=\"async\" class=\"size-full wp-image-31587 alignright\" src=\"https:\/\/www.rassegnastampa-totustuus.it\/cattolica\/wp-content\/uploads\/2011\/05\/preghiera.jpg\" alt=\"\" width=\"274\" height=\"184\" \/><\/a>sgretolando \u2013 quella del Concilio di Trento \u2013 e quella del Vaticano II, che stenta a prendere forma, soffre le doglie del parto, divisa tra tensioni opposte che provocano lacerazione, alla ricerca di un equilibrio \u2013 quell\u2019<em>et-et<\/em>\u00a0che \u00e8 conciliazione degli opposti &#8211; che sembra ancora lontano. Non dimentichiamo infatti che noi siamo eredi di una Tradizione che giustamente difendiamo da chi ci pare voglia strapazzarla, fin quasi\u00a0talvolta a travisarla. E ci\u00f2 \u00e8 molto importante.<\/p>\n<p style=\"text-align: justify;\">Ma dobbiamo anche ricordare che deve trattarsi di una Tradizione \u201cviva\u201d, che sappia cio\u00e8 evolvere alla luce dello Spirito. \u00abMolte cose ho ancora da dirvi, ma per il momento non siete capaci di portarne il peso. Quando verr\u00e0 lo Spirito di verit\u00e0, egli vi guider\u00e0 alla verit\u00e0 tutta intera, perch\u00e9 non parler\u00e0 da s\u00e9, ma dir\u00e0 tutto ci\u00f2 che avr\u00e0 udito e vi annunzier\u00e0 le cose future\u00bb (Gv 17, 12-13). Ecco, forse se c\u2019\u00e8 un momento storico in cui dobbiamo essere preparati a portare tale peso, a muoverci senza paura ma anche senza pericolose e devianti corse in avanti: ebbene, quel momento \u00e8 questo.<\/p>\n<p style=\"text-align: justify;\"><strong>Ma per farlo bene \u00e8 necessario aver raggiunto<\/strong> un buon <a href=\"https:\/\/www.rassegnastampa-totustuus.it\/cattolica\/wp-content\/uploads\/2019\/05\/suore_preghiera.jpg\"><img loading=\"lazy\" decoding=\"async\" class=\"size-full wp-image-43034 alignleft\" src=\"https:\/\/www.rassegnastampa-totustuus.it\/cattolica\/wp-content\/uploads\/2019\/05\/suore_preghiera.jpg\" alt=\"\" width=\"286\" height=\"176\" \/><\/a>equilibrio interiore, insieme a una fede matura, che sappia cogliere i suggerimenti dello Spirito, intuire ed aderire con pienezza alla volont\u00e0 di Dio e non alla nostra, spesso mascherata sotto gli arzigogoli della nostra ragione. Per questo ho pensato potesse essere utile ascoltare, io per prima, ma poi anche mettere a disposizione di altri, la \u201csapienza\u201d di padre Antonio Gentili. E farlo non solo quando ci insegna come pregare meglio, ma anche quando, nei suoi insegnamenti, ci aiuta a trovare quella prospettiva di generale equilibrio oggi cos\u00ec rara, eppure cos\u00ec necessaria.<\/p>\n<p style=\"text-align: justify;\">Egli, infatti, profondamente radicato in Ges\u00f9 Cristo, con un atteggiamento che in tanti anni di frequentazione mi \u00e8 sempre apparso prudente, ma libero e aperto, ci accompagna ad <a href=\"https:\/\/www.rassegnastampa-totustuus.it\/cattolica\/wp-content\/uploads\/2019\/07\/preghiera_laici.jpg\"><img loading=\"lazy\" decoding=\"async\" class=\"size-full wp-image-43426 alignright\" src=\"https:\/\/www.rassegnastampa-totustuus.it\/cattolica\/wp-content\/uploads\/2019\/07\/preghiera_laici.jpg\" alt=\"\" width=\"275\" height=\"183\" \/><\/a>affrontare molti punti delicati. Da quelli che riguardano ognuno di noi: il disegno di Dio sull\u2019uomo e dunque anche il ruolo di corpo, psiche, spirito e i rapporti tra queste tre realt\u00e0 complesse. Il tutto riletto anche alla luce delle scoperte delle scienze umane, ma sempre sullo sfondo delle Scritture.<\/p>\n<p style=\"text-align: justify;\">E, legati ad esse, aspetti importanti della vita come la notte, il sonno, il sogno, la morte, il cibo, il sesso, i rapporti uomo-donna. Ma anche aspetti pi\u00f9 generali come il difficile rapporto tra il Ges\u00f9 della storia e il Cristo della fede o come quello del confronto con le altre fedi, soprattutto, in questo caso con quelle spiritualit\u00e0 orientali delle quali \u00a0padre Gentili \u00e8 un esperto conoscitore.<\/p>\n","protected":false},"excerpt":{"rendered":"<p>La Nuova bussola quotidiana 19 settembre 2019 Oggi va curata la vita interiore, per recuperare aspetti come il silenzio, non per chiuderci in noi stessi ma per affrontare con forza questo difficile momento ecclesiale. Siamo in un passaggio epocale sociale e religioso: le due cose si intrecciano tra di loro, sollecitandosi a vicenda. Il libro &hellip; <\/p>\n<p><a class=\"more-link btn\" href=\"https:\/\/www.rassegnastampa-totustuus.it\/cattolica\/nel-silenzio-il-metodo-per-capire-noi-e-la-chiesa-di-oggi\/\">Continua a leggere<\/a><\/p>\n","protected":false},"author":6,"featured_media":44383,"comment_status":"closed","ping_status":"closed","sticky":false,"template":"","format":"standard","meta":{"footnotes":""},"categories":[5,17],"tags":[157,265,2067],"class_list":["post-44380","post","type-post","status-publish","format-standard","has-post-thumbnail","hentry","category-chiesa","category-libri","tag-chiesa-2","tag-libri-2","tag-preghiera","item-wrap"],"yoast_head":"<!-- This site is optimized with the Yoast SEO plugin v27.5 - https:\/\/yoast.com\/product\/yoast-seo-wordpress\/ -->\n<title>Nel silenzio il metodo per capire noi e la Chiesa di oggi - Rassegna Stampa Cattolica<\/title>\n<meta name=\"description\" content=\"Rassegna Stampa Cattolica - Per una cultura che nasce dalla Rivelazione cristiana in conformit\u00e0 alla tradizione e al Magistero della Chiesa in opposizione ad ogni relativismo e totalitarismo\" \/>\n<meta name=\"robots\" content=\"index, follow, max-snippet:-1, max-image-preview:large, max-video-preview:-1\" \/>\n<link rel=\"canonical\" href=\"https:\/\/www.rassegnastampa-totustuus.it\/cattolica\/nel-silenzio-il-metodo-per-capire-noi-e-la-chiesa-di-oggi\/\" \/>\n<meta property=\"og:locale\" content=\"it_IT\" \/>\n<meta property=\"og:type\" content=\"article\" \/>\n<meta property=\"og:title\" content=\"Nel silenzio il metodo per capire noi e la Chiesa di oggi - Rassegna Stampa Cattolica\" \/>\n<meta property=\"og:description\" content=\"Rassegna Stampa Cattolica - Per una cultura che nasce dalla Rivelazione cristiana in conformit\u00e0 alla tradizione e al Magistero della Chiesa in opposizione ad ogni relativismo e totalitarismo\" \/>\n<meta property=\"og:url\" content=\"https:\/\/www.rassegnastampa-totustuus.it\/cattolica\/nel-silenzio-il-metodo-per-capire-noi-e-la-chiesa-di-oggi\/\" \/>\n<meta property=\"og:site_name\" content=\"Rassegna Stampa Cattolica\" \/>\n<meta property=\"article:publisher\" content=\"https:\/\/www.facebook.com\/rassegnastampacattolica\" \/>\n<meta property=\"article:published_time\" content=\"2019-09-25T22:00:04+00:00\" \/>\n<meta property=\"og:image\" content=\"https:\/\/www.rassegnastampa-totustuus.it\/cattolica\/wp-content\/uploads\/2019\/09\/mani_preghiera.jpg\" \/>\n\t<meta property=\"og:image:width\" content=\"1404\" \/>\n\t<meta property=\"og:image:height\" content=\"672\" \/>\n\t<meta property=\"og:image:type\" content=\"image\/jpeg\" \/>\n<meta name=\"author\" content=\"Redazione\" \/>\n<meta name=\"twitter:card\" content=\"summary_large_image\" \/>\n<meta name=\"twitter:creator\" content=\"@rassegnastampa9\" \/>\n<meta name=\"twitter:site\" content=\"@rassegnastampa9\" \/>\n<meta name=\"twitter:label1\" content=\"Scritto da\" \/>\n\t<meta name=\"twitter:data1\" content=\"Redazione\" \/>\n\t<meta name=\"twitter:label2\" content=\"Tempo di lettura stimato\" \/>\n\t<meta name=\"twitter:data2\" content=\"5 minuti\" \/>\n<script type=\"application\/ld+json\" class=\"yoast-schema-graph\">{\"@context\":\"https:\\\/\\\/schema.org\",\"@graph\":[{\"@type\":\"Article\",\"@id\":\"https:\\\/\\\/www.rassegnastampa-totustuus.it\\\/cattolica\\\/nel-silenzio-il-metodo-per-capire-noi-e-la-chiesa-di-oggi\\\/#article\",\"isPartOf\":{\"@id\":\"https:\\\/\\\/www.rassegnastampa-totustuus.it\\\/cattolica\\\/nel-silenzio-il-metodo-per-capire-noi-e-la-chiesa-di-oggi\\\/\"},\"author\":{\"name\":\"Redazione\",\"@id\":\"https:\\\/\\\/www.rassegnastampa-totustuus.it\\\/cattolica\\\/#\\\/schema\\\/person\\\/08f319d2bd1a0904ad9e2bfb7b15e5c3\"},\"headline\":\"Nel silenzio il metodo per capire noi e la Chiesa di oggi\",\"datePublished\":\"2019-09-25T22:00:04+00:00\",\"mainEntityOfPage\":{\"@id\":\"https:\\\/\\\/www.rassegnastampa-totustuus.it\\\/cattolica\\\/nel-silenzio-il-metodo-per-capire-noi-e-la-chiesa-di-oggi\\\/\"},\"wordCount\":1086,\"publisher\":{\"@id\":\"https:\\\/\\\/www.rassegnastampa-totustuus.it\\\/cattolica\\\/#organization\"},\"image\":{\"@id\":\"https:\\\/\\\/www.rassegnastampa-totustuus.it\\\/cattolica\\\/nel-silenzio-il-metodo-per-capire-noi-e-la-chiesa-di-oggi\\\/#primaryimage\"},\"thumbnailUrl\":\"https:\\\/\\\/www.rassegnastampa-totustuus.it\\\/cattolica\\\/wp-content\\\/uploads\\\/2019\\\/09\\\/mani_preghiera.jpg\",\"keywords\":[\"chiesa\",\"libri\",\"preghiera\"],\"articleSection\":[\"Chiesa\",\"Libri\"],\"inLanguage\":\"it-IT\"},{\"@type\":\"WebPage\",\"@id\":\"https:\\\/\\\/www.rassegnastampa-totustuus.it\\\/cattolica\\\/nel-silenzio-il-metodo-per-capire-noi-e-la-chiesa-di-oggi\\\/\",\"url\":\"https:\\\/\\\/www.rassegnastampa-totustuus.it\\\/cattolica\\\/nel-silenzio-il-metodo-per-capire-noi-e-la-chiesa-di-oggi\\\/\",\"name\":\"Nel silenzio il metodo per capire noi e la Chiesa di oggi - Rassegna Stampa Cattolica\",\"isPartOf\":{\"@id\":\"https:\\\/\\\/www.rassegnastampa-totustuus.it\\\/cattolica\\\/#website\"},\"primaryImageOfPage\":{\"@id\":\"https:\\\/\\\/www.rassegnastampa-totustuus.it\\\/cattolica\\\/nel-silenzio-il-metodo-per-capire-noi-e-la-chiesa-di-oggi\\\/#primaryimage\"},\"image\":{\"@id\":\"https:\\\/\\\/www.rassegnastampa-totustuus.it\\\/cattolica\\\/nel-silenzio-il-metodo-per-capire-noi-e-la-chiesa-di-oggi\\\/#primaryimage\"},\"thumbnailUrl\":\"https:\\\/\\\/www.rassegnastampa-totustuus.it\\\/cattolica\\\/wp-content\\\/uploads\\\/2019\\\/09\\\/mani_preghiera.jpg\",\"datePublished\":\"2019-09-25T22:00:04+00:00\",\"description\":\"Rassegna Stampa Cattolica - Per una cultura che nasce dalla Rivelazione cristiana in conformit\u00e0 alla tradizione e al Magistero della Chiesa in opposizione ad ogni relativismo e totalitarismo\",\"breadcrumb\":{\"@id\":\"https:\\\/\\\/www.rassegnastampa-totustuus.it\\\/cattolica\\\/nel-silenzio-il-metodo-per-capire-noi-e-la-chiesa-di-oggi\\\/#breadcrumb\"},\"inLanguage\":\"it-IT\",\"potentialAction\":[{\"@type\":\"ReadAction\",\"target\":[\"https:\\\/\\\/www.rassegnastampa-totustuus.it\\\/cattolica\\\/nel-silenzio-il-metodo-per-capire-noi-e-la-chiesa-di-oggi\\\/\"]}]},{\"@type\":\"ImageObject\",\"inLanguage\":\"it-IT\",\"@id\":\"https:\\\/\\\/www.rassegnastampa-totustuus.it\\\/cattolica\\\/nel-silenzio-il-metodo-per-capire-noi-e-la-chiesa-di-oggi\\\/#primaryimage\",\"url\":\"https:\\\/\\\/www.rassegnastampa-totustuus.it\\\/cattolica\\\/wp-content\\\/uploads\\\/2019\\\/09\\\/mani_preghiera.jpg\",\"contentUrl\":\"https:\\\/\\\/www.rassegnastampa-totustuus.it\\\/cattolica\\\/wp-content\\\/uploads\\\/2019\\\/09\\\/mani_preghiera.jpg\",\"width\":1404,\"height\":672},{\"@type\":\"BreadcrumbList\",\"@id\":\"https:\\\/\\\/www.rassegnastampa-totustuus.it\\\/cattolica\\\/nel-silenzio-il-metodo-per-capire-noi-e-la-chiesa-di-oggi\\\/#breadcrumb\",\"itemListElement\":[{\"@type\":\"ListItem\",\"position\":1,\"name\":\"Home\",\"item\":\"https:\\\/\\\/www.rassegnastampa-totustuus.it\\\/cattolica\\\/\"},{\"@type\":\"ListItem\",\"position\":2,\"name\":\"Nel silenzio il metodo per capire noi e la Chiesa di oggi\"}]},{\"@type\":\"WebSite\",\"@id\":\"https:\\\/\\\/www.rassegnastampa-totustuus.it\\\/cattolica\\\/#website\",\"url\":\"https:\\\/\\\/www.rassegnastampa-totustuus.it\\\/cattolica\\\/\",\"name\":\"Rassegna Stampa Cattolica\",\"description\":\"Per una cultura che nasce dalla Rivelazione cristiana in conformit\u00e0 alla tradizione e al Magistero della Chiesa in opposizione ad ogni relativismo e totalitarismo\",\"publisher\":{\"@id\":\"https:\\\/\\\/www.rassegnastampa-totustuus.it\\\/cattolica\\\/#organization\"},\"alternateName\":\"Rass. Cattolica\",\"potentialAction\":[{\"@type\":\"SearchAction\",\"target\":{\"@type\":\"EntryPoint\",\"urlTemplate\":\"https:\\\/\\\/www.rassegnastampa-totustuus.it\\\/cattolica\\\/?s={search_term_string}\"},\"query-input\":{\"@type\":\"PropertyValueSpecification\",\"valueRequired\":true,\"valueName\":\"search_term_string\"}}],\"inLanguage\":\"it-IT\"},{\"@type\":\"Organization\",\"@id\":\"https:\\\/\\\/www.rassegnastampa-totustuus.it\\\/cattolica\\\/#organization\",\"name\":\"Rassegna Stampa Cattolica\",\"url\":\"https:\\\/\\\/www.rassegnastampa-totustuus.it\\\/cattolica\\\/\",\"logo\":{\"@type\":\"ImageObject\",\"inLanguage\":\"it-IT\",\"@id\":\"https:\\\/\\\/www.rassegnastampa-totustuus.it\\\/cattolica\\\/#\\\/schema\\\/logo\\\/image\\\/\",\"url\":\"https:\\\/\\\/www.rassegnastampa-totustuus.it\\\/cattolica\\\/wp-content\\\/uploads\\\/2014\\\/04\\\/logo-rassegna1.gif\",\"contentUrl\":\"https:\\\/\\\/www.rassegnastampa-totustuus.it\\\/cattolica\\\/wp-content\\\/uploads\\\/2014\\\/04\\\/logo-rassegna1.gif\",\"width\":600,\"height\":163,\"caption\":\"Rassegna Stampa Cattolica\"},\"image\":{\"@id\":\"https:\\\/\\\/www.rassegnastampa-totustuus.it\\\/cattolica\\\/#\\\/schema\\\/logo\\\/image\\\/\"},\"sameAs\":[\"https:\\\/\\\/www.facebook.com\\\/rassegnastampacattolica\",\"https:\\\/\\\/x.com\\\/rassegnastampa9\"]},{\"@type\":\"Person\",\"@id\":\"https:\\\/\\\/www.rassegnastampa-totustuus.it\\\/cattolica\\\/#\\\/schema\\\/person\\\/08f319d2bd1a0904ad9e2bfb7b15e5c3\",\"name\":\"Redazione\",\"image\":{\"@type\":\"ImageObject\",\"inLanguage\":\"it-IT\",\"@id\":\"https:\\\/\\\/secure.gravatar.com\\\/avatar\\\/2fcdf27c78ea025fbdb44e914cc63c72249ffec9dc8aafd5c82b26240ef3f346?s=96&d=mm&r=g\",\"url\":\"https:\\\/\\\/secure.gravatar.com\\\/avatar\\\/2fcdf27c78ea025fbdb44e914cc63c72249ffec9dc8aafd5c82b26240ef3f346?s=96&d=mm&r=g\",\"contentUrl\":\"https:\\\/\\\/secure.gravatar.com\\\/avatar\\\/2fcdf27c78ea025fbdb44e914cc63c72249ffec9dc8aafd5c82b26240ef3f346?s=96&d=mm&r=g\",\"caption\":\"Redazione\"},\"url\":\"https:\\\/\\\/www.rassegnastampa-totustuus.it\\\/cattolica\\\/author\\\/pietroelle\\\/\"}]}<\/script>\n<!-- \/ Yoast SEO plugin. -->","yoast_head_json":{"title":"Nel silenzio il metodo per capire noi e la Chiesa di oggi - Rassegna Stampa Cattolica","description":"Rassegna Stampa Cattolica - Per una cultura che nasce dalla Rivelazione cristiana in conformit\u00e0 alla tradizione e al Magistero della Chiesa in opposizione ad ogni relativismo e totalitarismo","robots":{"index":"index","follow":"follow","max-snippet":"max-snippet:-1","max-image-preview":"max-image-preview:large","max-video-preview":"max-video-preview:-1"},"canonical":"https:\/\/www.rassegnastampa-totustuus.it\/cattolica\/nel-silenzio-il-metodo-per-capire-noi-e-la-chiesa-di-oggi\/","og_locale":"it_IT","og_type":"article","og_title":"Nel silenzio il metodo per capire noi e la Chiesa di oggi - Rassegna Stampa Cattolica","og_description":"Rassegna Stampa Cattolica - Per una cultura che nasce dalla Rivelazione cristiana in conformit\u00e0 alla tradizione e al Magistero della Chiesa in opposizione ad ogni relativismo e totalitarismo","og_url":"https:\/\/www.rassegnastampa-totustuus.it\/cattolica\/nel-silenzio-il-metodo-per-capire-noi-e-la-chiesa-di-oggi\/","og_site_name":"Rassegna Stampa Cattolica","article_publisher":"https:\/\/www.facebook.com\/rassegnastampacattolica","article_published_time":"2019-09-25T22:00:04+00:00","og_image":[{"width":1404,"height":672,"url":"https:\/\/www.rassegnastampa-totustuus.it\/cattolica\/wp-content\/uploads\/2019\/09\/mani_preghiera.jpg","type":"image\/jpeg"}],"author":"Redazione","twitter_card":"summary_large_image","twitter_creator":"@rassegnastampa9","twitter_site":"@rassegnastampa9","twitter_misc":{"Scritto da":"Redazione","Tempo di lettura stimato":"5 minuti"},"schema":{"@context":"https:\/\/schema.org","@graph":[{"@type":"Article","@id":"https:\/\/www.rassegnastampa-totustuus.it\/cattolica\/nel-silenzio-il-metodo-per-capire-noi-e-la-chiesa-di-oggi\/#article","isPartOf":{"@id":"https:\/\/www.rassegnastampa-totustuus.it\/cattolica\/nel-silenzio-il-metodo-per-capire-noi-e-la-chiesa-di-oggi\/"},"author":{"name":"Redazione","@id":"https:\/\/www.rassegnastampa-totustuus.it\/cattolica\/#\/schema\/person\/08f319d2bd1a0904ad9e2bfb7b15e5c3"},"headline":"Nel silenzio il metodo per capire noi e la Chiesa di oggi","datePublished":"2019-09-25T22:00:04+00:00","mainEntityOfPage":{"@id":"https:\/\/www.rassegnastampa-totustuus.it\/cattolica\/nel-silenzio-il-metodo-per-capire-noi-e-la-chiesa-di-oggi\/"},"wordCount":1086,"publisher":{"@id":"https:\/\/www.rassegnastampa-totustuus.it\/cattolica\/#organization"},"image":{"@id":"https:\/\/www.rassegnastampa-totustuus.it\/cattolica\/nel-silenzio-il-metodo-per-capire-noi-e-la-chiesa-di-oggi\/#primaryimage"},"thumbnailUrl":"https:\/\/www.rassegnastampa-totustuus.it\/cattolica\/wp-content\/uploads\/2019\/09\/mani_preghiera.jpg","keywords":["chiesa","libri","preghiera"],"articleSection":["Chiesa","Libri"],"inLanguage":"it-IT"},{"@type":"WebPage","@id":"https:\/\/www.rassegnastampa-totustuus.it\/cattolica\/nel-silenzio-il-metodo-per-capire-noi-e-la-chiesa-di-oggi\/","url":"https:\/\/www.rassegnastampa-totustuus.it\/cattolica\/nel-silenzio-il-metodo-per-capire-noi-e-la-chiesa-di-oggi\/","name":"Nel silenzio il metodo per capire noi e la Chiesa di oggi - Rassegna Stampa Cattolica","isPartOf":{"@id":"https:\/\/www.rassegnastampa-totustuus.it\/cattolica\/#website"},"primaryImageOfPage":{"@id":"https:\/\/www.rassegnastampa-totustuus.it\/cattolica\/nel-silenzio-il-metodo-per-capire-noi-e-la-chiesa-di-oggi\/#primaryimage"},"image":{"@id":"https:\/\/www.rassegnastampa-totustuus.it\/cattolica\/nel-silenzio-il-metodo-per-capire-noi-e-la-chiesa-di-oggi\/#primaryimage"},"thumbnailUrl":"https:\/\/www.rassegnastampa-totustuus.it\/cattolica\/wp-content\/uploads\/2019\/09\/mani_preghiera.jpg","datePublished":"2019-09-25T22:00:04+00:00","description":"Rassegna Stampa Cattolica - Per una cultura che nasce dalla Rivelazione cristiana in conformit\u00e0 alla tradizione e al Magistero della Chiesa in opposizione ad ogni relativismo e totalitarismo","breadcrumb":{"@id":"https:\/\/www.rassegnastampa-totustuus.it\/cattolica\/nel-silenzio-il-metodo-per-capire-noi-e-la-chiesa-di-oggi\/#breadcrumb"},"inLanguage":"it-IT","potentialAction":[{"@type":"ReadAction","target":["https:\/\/www.rassegnastampa-totustuus.it\/cattolica\/nel-silenzio-il-metodo-per-capire-noi-e-la-chiesa-di-oggi\/"]}]},{"@type":"ImageObject","inLanguage":"it-IT","@id":"https:\/\/www.rassegnastampa-totustuus.it\/cattolica\/nel-silenzio-il-metodo-per-capire-noi-e-la-chiesa-di-oggi\/#primaryimage","url":"https:\/\/www.rassegnastampa-totustuus.it\/cattolica\/wp-content\/uploads\/2019\/09\/mani_preghiera.jpg","contentUrl":"https:\/\/www.rassegnastampa-totustuus.it\/cattolica\/wp-content\/uploads\/2019\/09\/mani_preghiera.jpg","width":1404,"height":672},{"@type":"BreadcrumbList","@id":"https:\/\/www.rassegnastampa-totustuus.it\/cattolica\/nel-silenzio-il-metodo-per-capire-noi-e-la-chiesa-di-oggi\/#breadcrumb","itemListElement":[{"@type":"ListItem","position":1,"name":"Home","item":"https:\/\/www.rassegnastampa-totustuus.it\/cattolica\/"},{"@type":"ListItem","position":2,"name":"Nel silenzio il metodo per capire noi e la Chiesa di oggi"}]},{"@type":"WebSite","@id":"https:\/\/www.rassegnastampa-totustuus.it\/cattolica\/#website","url":"https:\/\/www.rassegnastampa-totustuus.it\/cattolica\/","name":"Rassegna Stampa Cattolica","description":"Per una cultura che nasce dalla Rivelazione cristiana in conformit\u00e0 alla tradizione e al Magistero della Chiesa in opposizione ad ogni relativismo e totalitarismo","publisher":{"@id":"https:\/\/www.rassegnastampa-totustuus.it\/cattolica\/#organization"},"alternateName":"Rass. Cattolica","potentialAction":[{"@type":"SearchAction","target":{"@type":"EntryPoint","urlTemplate":"https:\/\/www.rassegnastampa-totustuus.it\/cattolica\/?s={search_term_string}"},"query-input":{"@type":"PropertyValueSpecification","valueRequired":true,"valueName":"search_term_string"}}],"inLanguage":"it-IT"},{"@type":"Organization","@id":"https:\/\/www.rassegnastampa-totustuus.it\/cattolica\/#organization","name":"Rassegna Stampa Cattolica","url":"https:\/\/www.rassegnastampa-totustuus.it\/cattolica\/","logo":{"@type":"ImageObject","inLanguage":"it-IT","@id":"https:\/\/www.rassegnastampa-totustuus.it\/cattolica\/#\/schema\/logo\/image\/","url":"https:\/\/www.rassegnastampa-totustuus.it\/cattolica\/wp-content\/uploads\/2014\/04\/logo-rassegna1.gif","contentUrl":"https:\/\/www.rassegnastampa-totustuus.it\/cattolica\/wp-content\/uploads\/2014\/04\/logo-rassegna1.gif","width":600,"height":163,"caption":"Rassegna Stampa Cattolica"},"image":{"@id":"https:\/\/www.rassegnastampa-totustuus.it\/cattolica\/#\/schema\/logo\/image\/"},"sameAs":["https:\/\/www.facebook.com\/rassegnastampacattolica","https:\/\/x.com\/rassegnastampa9"]},{"@type":"Person","@id":"https:\/\/www.rassegnastampa-totustuus.it\/cattolica\/#\/schema\/person\/08f319d2bd1a0904ad9e2bfb7b15e5c3","name":"Redazione","image":{"@type":"ImageObject","inLanguage":"it-IT","@id":"https:\/\/secure.gravatar.com\/avatar\/2fcdf27c78ea025fbdb44e914cc63c72249ffec9dc8aafd5c82b26240ef3f346?s=96&d=mm&r=g","url":"https:\/\/secure.gravatar.com\/avatar\/2fcdf27c78ea025fbdb44e914cc63c72249ffec9dc8aafd5c82b26240ef3f346?s=96&d=mm&r=g","contentUrl":"https:\/\/secure.gravatar.com\/avatar\/2fcdf27c78ea025fbdb44e914cc63c72249ffec9dc8aafd5c82b26240ef3f346?s=96&d=mm&r=g","caption":"Redazione"},"url":"https:\/\/www.rassegnastampa-totustuus.it\/cattolica\/author\/pietroelle\/"}]}},"_links":{"self":[{"href":"https:\/\/www.rassegnastampa-totustuus.it\/cattolica\/wp-json\/wp\/v2\/posts\/44380","targetHints":{"allow":["GET"]}}],"collection":[{"href":"https:\/\/www.rassegnastampa-totustuus.it\/cattolica\/wp-json\/wp\/v2\/posts"}],"about":[{"href":"https:\/\/www.rassegnastampa-totustuus.it\/cattolica\/wp-json\/wp\/v2\/types\/post"}],"author":[{"embeddable":true,"href":"https:\/\/www.rassegnastampa-totustuus.it\/cattolica\/wp-json\/wp\/v2\/users\/6"}],"replies":[{"embeddable":true,"href":"https:\/\/www.rassegnastampa-totustuus.it\/cattolica\/wp-json\/wp\/v2\/comments?post=44380"}],"version-history":[{"count":1,"href":"https:\/\/www.rassegnastampa-totustuus.it\/cattolica\/wp-json\/wp\/v2\/posts\/44380\/revisions"}],"predecessor-version":[{"id":44384,"href":"https:\/\/www.rassegnastampa-totustuus.it\/cattolica\/wp-json\/wp\/v2\/posts\/44380\/revisions\/44384"}],"wp:featuredmedia":[{"embeddable":true,"href":"https:\/\/www.rassegnastampa-totustuus.it\/cattolica\/wp-json\/wp\/v2\/media\/44383"}],"wp:attachment":[{"href":"https:\/\/www.rassegnastampa-totustuus.it\/cattolica\/wp-json\/wp\/v2\/media?parent=44380"}],"wp:term":[{"taxonomy":"category","embeddable":true,"href":"https:\/\/www.rassegnastampa-totustuus.it\/cattolica\/wp-json\/wp\/v2\/categories?post=44380"},{"taxonomy":"post_tag","embeddable":true,"href":"https:\/\/www.rassegnastampa-totustuus.it\/cattolica\/wp-json\/wp\/v2\/tags?post=44380"}],"curies":[{"name":"wp","href":"https:\/\/api.w.org\/{rel}","templated":true}]}}