{"id":4435,"date":"2011-03-03T00:00:00","date_gmt":"2011-03-02T23:00:00","guid":{"rendered":""},"modified":"2016-03-16T09:45:06","modified_gmt":"2016-03-16T08:45:06","slug":"i-figli-sani-di-una-societ-malata","status":"publish","type":"post","link":"https:\/\/www.rassegnastampa-totustuus.it\/cattolica\/i-figli-sani-di-una-societ-malata\/","title":{"rendered":"I figli sani di una societ&agrave; malata"},"content":{"rendered":"<div style=\"text-align: center;\"><strong><img loading=\"lazy\" decoding=\"async\" class=\"alignleft wp-image-31824\" src=\"https:\/\/www.rassegnastampa-totustuus.it\/cattolica\/wp-content\/uploads\/2011\/03\/amniocentesi.jpg\" alt=\"amniocentesi\" width=\"240\" height=\"185\" \/>libertaepersona.org<\/strong> 16 febbraio 2011<\/div>\n<p style=\"text-align: center;\">di<strong> Giuliano Guzzo<\/strong><\/p>\n<p style=\"text-align: justify;\">Abbiamo il <em>diritto<\/em> di avere figli sani? E\u2019 in questa breve, pungente domanda che si cristallizza uno dei nodi pi\u00f9 centrali del dibattito bioetico contemporaneo. Accanto ai continui \u2013 e un po\u2019 retorici, diciamolo pure \u2013 inviti a valorizzare il disabile, si stanno infatti diffondendo, nel mondo occidentale, ricorsi alla diagnosi prenatale finalizzati non tanto a rintracciare la presenza eventuale di patologie del feto, bens\u00ec a togliere di mezzo il bambino ancora nato ma gi\u00e0 bocciato da aspettative sempre pi\u00f9 esigenti e salutiste.<\/p>\n<p><!--more--><\/p>\n<div style=\"text-align: justify;\">Un caso emblematico \u00e8 quello del dibattito sull\u2019opportunit\u00e0 di effettuare esami prenatali per diagnosticare la sindrome di Down. Dibattito spesso molto spesso tecnico, che gli addetti ai lavori conducono senza mai considerare, o quasi, il rischio, purtroppo enorme, che tutto questo possa propiziare istanze eugenetiche, secondo le quali meritano di nascere solo coloro che rispondono a determinate aspettative.<\/div>\n<p style=\"text-align: justify;\">Con parole profetiche, il sociologo Zygmunt Bauman, nel suo <em>Il disagio della postmodernit\u00e0<\/em> (Bruno Mondadori, 2002), ha scritto che presto l\u2019umanit\u00e0 sar\u00e0 divisa tra \u00ab<em>i prescelti all\u2019immortalit\u00e0<\/em>\u00bb e coloro che ne saranno esclusi con la giustificazione che \u00ab<em>solo un certo tipo di vita meriti di esser protratto all\u2019infinito<\/em>\u00bb.Catastrofismi?<\/p>\n<p style=\"text-align: justify;\">Non proprio. Lo conferma inequivocabilmente un fenomeno di questi anni: i bambini Down stanno statisticamente scomparendo. Non nascono pi\u00f9. E non a causa dell\u2019inverno demografico &#8211; che pure rappresenta un problema enorme \u2013 ma perch\u00e9 vengono eliminati prima di poter nascere. E quando vengono al mondo, quasi sempre, \u00e8 per puro caso, perch\u00e9 la sindrome non era stata correttamente diagnosticata.<\/p>\n<p style=\"text-align: justify;\">Il caso pi\u00f9 lampante, in Europa, \u00e8 forse quello britannico: nel 1990 in Inghilterra e Galles le diagnosi prenatali di sindrome di Down erano state 1.075, nel 2008 avevano toccato quota 1.843 (+70%). Una bella impennata. Nonostante ci\u00f2, le nascite di bambini Down non solo non risultano &#8211; come ci si aspetterebbe &#8211; essere aumentate, ma son addirittura calate di 1 punto percentuale, passando da 752 a 743.<\/p>\n<p style=\"text-align: justify;\">Questo perch\u00e9 la percentuale di coppie che ricorre all&#8217;aborto dopo aver appreso di attendere un figlio Down, in Inghilterra, \u00e8 pari al 92%. Sia chiaro: non s\u2019intende in alcun modo, qui, esprimere giudizi su persone, ma solo indurre una <em>riflessione <\/em>su una mentalit\u00e0 che ricorda sempre pi\u00f9 quella eugenetica e che annovera esempi inquietanti.<\/p>\n<p style=\"text-align: justify;\">Pensiamo, ad esempio, a quanto scritto da Daniel Gunther e Douglas Diekema del <em>Children\u2019s Hospital and Regional Medical Center<\/em> di Seattle, i quali, sulle pagine della rivista <em>Archives of pediatric and adolescent medicine<\/em>, hanno avanzato l\u2019ipotesi di arrestare la crescita dei bambini handicappati trattandoli con dosi massicce di estrogeni. Alla base di questa disumana proposta, starebbe l\u2019idea che un soggetto disabile minuto darebbe meno problemi, in termini di accadimento, di uno corpulento.<\/p>\n<p style=\"text-align: justify;\">Un esempio al quanto significativo di come siffatta mentalit\u00e0 stia prendendo progressivamente piede ci viene poi dall\u2019appello lanciato qualche anno fa dall&#8217;associazione dei ginecologi inglesi &#8211; il prestigioso <em>Royal College of Obstetricians and Gynaecology<\/em> &#8211; attraverso le colonne del <em>Sunday Times<\/em>; un appello di cui \u00e8 sufficiente, per rabbrividire, riportare il titolo: \u00ab<em>Lasciateci uccidere i bambini disabili<\/em>\u00bb.<\/p>\n<p style=\"text-align: justify;\">Un altro terreno fertile della mentalit\u00e0 eugenetica \u00e8 indubbiamente quello della fecondazione in vitro. Centinaia, anzi migliaia di famiglie \u2013 spesso senza aver prima valutato alternative, quali ad esempio le cure della sterilit\u00e0 &#8211; si rivolgono alle strutture che eseguono questa tecnica e pretendono, non foss\u2019altro per il consistente investimento che la procreazione medicalmente assistita chiede loro, un figlio sano.<\/p>\n<p style=\"text-align: justify;\">Una tendenza, questa, che ha contagiato anche le patriarcali societ\u00e0 del Medioriente. Dal Maghreb ai Paesi arabi, dal Golfo all\u2019Iran, gi\u00e0 nel 2009 risultavano infatti raddoppiate le richieste di ricorrere a questo sistema per avere figli. Richieste molto spesso precise, per quanto riguarda sesso e salute dei nascituri. Alcuni studiosi dell\u2019<em>Ameri<\/em>c<em>an University <\/em>di Beirut, incuriositi dal fenomeno, hanno voluto censirlo. Ed hanno concluso che \u00ab<em>pi\u00f9 dell\u201980 per cento delle coppie intervistate, se viene a sottoporsi a fecondazione in vitro, chiede due cose: che sia sano e che sia maschio<\/em>\u00bb (<em>Corriere della Sera<\/em>, 31\/10\/2010).<\/p>\n<p style=\"text-align: justify;\">A questo punto \u00e8 importante ricordare le ragioni che rendono la mentalit\u00e0 eugenetica del tutto inaccettabile. Esse sono principalmente tre. Anzitutto perch\u00e9 nega a degli esseri umani il diritto fondamentale alla vita, un diritto connaturato alla loro esistenza e pertanto inalienabile. Esso, infatti, spetta in egual misura ai pi\u00f9 deboli come ai pi\u00f9 forti, ed \u00e8 il volto giuridico della dignit\u00e0 di ciascuno di noi.<\/p>\n<p style=\"text-align: justify;\">Una seconda motivazione di contrasto all\u2019eugenetica, per stare all\u2019Italia, ci viene ricordata dalla Suprema Corte di Cassazione, che ha chiarito come sia incompatibile col nostro ordinamento ogni \u00ab<em>principio di eugenesi o di eutanasia prenatale<\/em>\u00bb, in quanto esso sarebbe in totale antitesi con \u00ab<em>i princ\u00ecpi di solidariet\u00e0<\/em>\u00bb (Cassazione, sez. III civile, sent. 29 luglio 2004, n. 14488; Cassazione, sez. III civile, sent. 14 luglio 2006, n. 16123).<\/p>\n<p style=\"text-align: justify;\">L\u2019ultimo, non meno rilevante motivo di profonda ingiustizia dell\u2019eugenetica riguarda il fatto che i disabili, come pu\u00f2 testimoniare l\u2019esempio di tantissime famiglie, non sono mai un peso, ma una risorsa per la famiglia e per la societ\u00e0. Il pi\u00f9 toccante manifesto di questa realt\u00e0 ce l\u2019ha offerto in <em>Nati due volte<\/em>, romanzo pubblicato tre anni prima di morire, lo scrittore Giuseppe Pontiggia &#8211; a sua volta genitore di un disabile -, riferendo il commovente colloquio avuto con un medico a proposito dei bambini handicappati: \u00ab<em>Questi bambini nascono due volte. Devono imparare a muoversi in un mondo che la prima nascita ha reso pi\u00f9 difficile. La seconda dipende da voi, da quello che saprete dare. Sono nati due volte e il percorso sar\u00e0 pi\u00f9 tormentato. Ma alla fine anche per voi sar\u00e0 una rinascita<\/em>\u00bb.<\/p>\n","protected":false},"excerpt":{"rendered":"<p>libertaepersona.org 16 febbraio 2011 di Giuliano Guzzo Abbiamo il diritto di avere figli sani? E\u2019 in questa breve, pungente domanda che si cristallizza uno dei nodi pi\u00f9 centrali del dibattito bioetico contemporaneo. Accanto ai continui \u2013 e un po\u2019 retorici, diciamolo pure \u2013 inviti a valorizzare il disabile, si stanno infatti diffondendo, nel mondo occidentale, &hellip; <\/p>\n<p><a class=\"more-link btn\" href=\"https:\/\/www.rassegnastampa-totustuus.it\/cattolica\/i-figli-sani-di-una-societ-malata\/\">Continua a leggere<\/a><\/p>\n","protected":false},"author":6,"featured_media":31824,"comment_status":"closed","ping_status":"open","sticky":false,"template":"","format":"standard","meta":{"footnotes":""},"categories":[4,117],"tags":[382],"class_list":["post-4435","post","type-post","status-publish","format-standard","has-post-thumbnail","hentry","category-bioetica","category-eugenetica","tag-eugenetica-2","item-wrap"],"yoast_head":"<!-- This site is optimized with the Yoast SEO plugin v27.5 - https:\/\/yoast.com\/product\/yoast-seo-wordpress\/ -->\n<title>I figli sani di una societ&agrave; malata - Rassegna Stampa Cattolica<\/title>\n<meta name=\"description\" content=\"Rassegna Stampa Cattolica - Per una cultura che nasce dalla Rivelazione cristiana in conformit\u00e0 alla tradizione e al Magistero della Chiesa in opposizione ad ogni relativismo e totalitarismo\" \/>\n<meta name=\"robots\" content=\"index, follow, max-snippet:-1, max-image-preview:large, max-video-preview:-1\" \/>\n<link rel=\"canonical\" href=\"https:\/\/www.rassegnastampa-totustuus.it\/cattolica\/i-figli-sani-di-una-societ-malata\/\" \/>\n<meta property=\"og:locale\" content=\"it_IT\" \/>\n<meta property=\"og:type\" content=\"article\" \/>\n<meta property=\"og:title\" content=\"I figli sani di una societ&agrave; malata - Rassegna Stampa Cattolica\" \/>\n<meta property=\"og:description\" content=\"Rassegna Stampa Cattolica - Per una cultura che nasce dalla Rivelazione cristiana in conformit\u00e0 alla tradizione e al Magistero della Chiesa in opposizione ad ogni relativismo e totalitarismo\" \/>\n<meta property=\"og:url\" content=\"https:\/\/www.rassegnastampa-totustuus.it\/cattolica\/i-figli-sani-di-una-societ-malata\/\" \/>\n<meta property=\"og:site_name\" content=\"Rassegna Stampa Cattolica\" \/>\n<meta property=\"article:publisher\" content=\"https:\/\/www.facebook.com\/rassegnastampacattolica\" \/>\n<meta property=\"article:published_time\" content=\"2011-03-02T23:00:00+00:00\" \/>\n<meta property=\"article:modified_time\" content=\"2016-03-16T08:45:06+00:00\" \/>\n<meta property=\"og:image\" content=\"https:\/\/www.rassegnastampa-totustuus.it\/cattolica\/wp-content\/uploads\/2011\/03\/amniocentesi.jpg\" \/>\n\t<meta property=\"og:image:width\" content=\"256\" \/>\n\t<meta property=\"og:image:height\" content=\"197\" \/>\n\t<meta property=\"og:image:type\" content=\"image\/jpeg\" \/>\n<meta name=\"author\" content=\"Redazione\" \/>\n<meta name=\"twitter:card\" content=\"summary_large_image\" \/>\n<meta name=\"twitter:creator\" content=\"@rassegnastampa9\" \/>\n<meta name=\"twitter:site\" content=\"@rassegnastampa9\" \/>\n<meta name=\"twitter:label1\" content=\"Scritto da\" \/>\n\t<meta name=\"twitter:data1\" content=\"Redazione\" \/>\n\t<meta name=\"twitter:label2\" content=\"Tempo di lettura stimato\" \/>\n\t<meta name=\"twitter:data2\" content=\"5 minuti\" \/>\n<script type=\"application\/ld+json\" class=\"yoast-schema-graph\">{\"@context\":\"https:\\\/\\\/schema.org\",\"@graph\":[{\"@type\":\"Article\",\"@id\":\"https:\\\/\\\/www.rassegnastampa-totustuus.it\\\/cattolica\\\/i-figli-sani-di-una-societ-malata\\\/#article\",\"isPartOf\":{\"@id\":\"https:\\\/\\\/www.rassegnastampa-totustuus.it\\\/cattolica\\\/i-figli-sani-di-una-societ-malata\\\/\"},\"author\":{\"name\":\"Redazione\",\"@id\":\"https:\\\/\\\/www.rassegnastampa-totustuus.it\\\/cattolica\\\/#\\\/schema\\\/person\\\/08f319d2bd1a0904ad9e2bfb7b15e5c3\"},\"headline\":\"I figli sani di una societ&agrave; malata\",\"datePublished\":\"2011-03-02T23:00:00+00:00\",\"dateModified\":\"2016-03-16T08:45:06+00:00\",\"mainEntityOfPage\":{\"@id\":\"https:\\\/\\\/www.rassegnastampa-totustuus.it\\\/cattolica\\\/i-figli-sani-di-una-societ-malata\\\/\"},\"wordCount\":924,\"publisher\":{\"@id\":\"https:\\\/\\\/www.rassegnastampa-totustuus.it\\\/cattolica\\\/#organization\"},\"image\":{\"@id\":\"https:\\\/\\\/www.rassegnastampa-totustuus.it\\\/cattolica\\\/i-figli-sani-di-una-societ-malata\\\/#primaryimage\"},\"thumbnailUrl\":\"https:\\\/\\\/www.rassegnastampa-totustuus.it\\\/cattolica\\\/wp-content\\\/uploads\\\/2011\\\/03\\\/amniocentesi.jpg\",\"keywords\":[\"eugenetica\"],\"articleSection\":[\"Bioetica\",\"Eugenetica\"],\"inLanguage\":\"it-IT\"},{\"@type\":\"WebPage\",\"@id\":\"https:\\\/\\\/www.rassegnastampa-totustuus.it\\\/cattolica\\\/i-figli-sani-di-una-societ-malata\\\/\",\"url\":\"https:\\\/\\\/www.rassegnastampa-totustuus.it\\\/cattolica\\\/i-figli-sani-di-una-societ-malata\\\/\",\"name\":\"I figli sani di una societ&agrave; malata - Rassegna Stampa Cattolica\",\"isPartOf\":{\"@id\":\"https:\\\/\\\/www.rassegnastampa-totustuus.it\\\/cattolica\\\/#website\"},\"primaryImageOfPage\":{\"@id\":\"https:\\\/\\\/www.rassegnastampa-totustuus.it\\\/cattolica\\\/i-figli-sani-di-una-societ-malata\\\/#primaryimage\"},\"image\":{\"@id\":\"https:\\\/\\\/www.rassegnastampa-totustuus.it\\\/cattolica\\\/i-figli-sani-di-una-societ-malata\\\/#primaryimage\"},\"thumbnailUrl\":\"https:\\\/\\\/www.rassegnastampa-totustuus.it\\\/cattolica\\\/wp-content\\\/uploads\\\/2011\\\/03\\\/amniocentesi.jpg\",\"datePublished\":\"2011-03-02T23:00:00+00:00\",\"dateModified\":\"2016-03-16T08:45:06+00:00\",\"description\":\"Rassegna Stampa Cattolica - Per una cultura che nasce dalla Rivelazione cristiana in conformit\u00e0 alla tradizione e al Magistero della Chiesa in opposizione ad ogni relativismo e totalitarismo\",\"breadcrumb\":{\"@id\":\"https:\\\/\\\/www.rassegnastampa-totustuus.it\\\/cattolica\\\/i-figli-sani-di-una-societ-malata\\\/#breadcrumb\"},\"inLanguage\":\"it-IT\",\"potentialAction\":[{\"@type\":\"ReadAction\",\"target\":[\"https:\\\/\\\/www.rassegnastampa-totustuus.it\\\/cattolica\\\/i-figli-sani-di-una-societ-malata\\\/\"]}]},{\"@type\":\"ImageObject\",\"inLanguage\":\"it-IT\",\"@id\":\"https:\\\/\\\/www.rassegnastampa-totustuus.it\\\/cattolica\\\/i-figli-sani-di-una-societ-malata\\\/#primaryimage\",\"url\":\"https:\\\/\\\/www.rassegnastampa-totustuus.it\\\/cattolica\\\/wp-content\\\/uploads\\\/2011\\\/03\\\/amniocentesi.jpg\",\"contentUrl\":\"https:\\\/\\\/www.rassegnastampa-totustuus.it\\\/cattolica\\\/wp-content\\\/uploads\\\/2011\\\/03\\\/amniocentesi.jpg\",\"width\":256,\"height\":197},{\"@type\":\"BreadcrumbList\",\"@id\":\"https:\\\/\\\/www.rassegnastampa-totustuus.it\\\/cattolica\\\/i-figli-sani-di-una-societ-malata\\\/#breadcrumb\",\"itemListElement\":[{\"@type\":\"ListItem\",\"position\":1,\"name\":\"Home\",\"item\":\"https:\\\/\\\/www.rassegnastampa-totustuus.it\\\/cattolica\\\/\"},{\"@type\":\"ListItem\",\"position\":2,\"name\":\"I figli sani di una societ&agrave; malata\"}]},{\"@type\":\"WebSite\",\"@id\":\"https:\\\/\\\/www.rassegnastampa-totustuus.it\\\/cattolica\\\/#website\",\"url\":\"https:\\\/\\\/www.rassegnastampa-totustuus.it\\\/cattolica\\\/\",\"name\":\"Rassegna Stampa Cattolica\",\"description\":\"Per una cultura che nasce dalla Rivelazione cristiana in conformit\u00e0 alla tradizione e al Magistero della Chiesa in opposizione ad ogni relativismo e totalitarismo\",\"publisher\":{\"@id\":\"https:\\\/\\\/www.rassegnastampa-totustuus.it\\\/cattolica\\\/#organization\"},\"alternateName\":\"Rass. Cattolica\",\"potentialAction\":[{\"@type\":\"SearchAction\",\"target\":{\"@type\":\"EntryPoint\",\"urlTemplate\":\"https:\\\/\\\/www.rassegnastampa-totustuus.it\\\/cattolica\\\/?s={search_term_string}\"},\"query-input\":{\"@type\":\"PropertyValueSpecification\",\"valueRequired\":true,\"valueName\":\"search_term_string\"}}],\"inLanguage\":\"it-IT\"},{\"@type\":\"Organization\",\"@id\":\"https:\\\/\\\/www.rassegnastampa-totustuus.it\\\/cattolica\\\/#organization\",\"name\":\"Rassegna Stampa Cattolica\",\"url\":\"https:\\\/\\\/www.rassegnastampa-totustuus.it\\\/cattolica\\\/\",\"logo\":{\"@type\":\"ImageObject\",\"inLanguage\":\"it-IT\",\"@id\":\"https:\\\/\\\/www.rassegnastampa-totustuus.it\\\/cattolica\\\/#\\\/schema\\\/logo\\\/image\\\/\",\"url\":\"https:\\\/\\\/www.rassegnastampa-totustuus.it\\\/cattolica\\\/wp-content\\\/uploads\\\/2014\\\/04\\\/logo-rassegna1.gif\",\"contentUrl\":\"https:\\\/\\\/www.rassegnastampa-totustuus.it\\\/cattolica\\\/wp-content\\\/uploads\\\/2014\\\/04\\\/logo-rassegna1.gif\",\"width\":600,\"height\":163,\"caption\":\"Rassegna Stampa Cattolica\"},\"image\":{\"@id\":\"https:\\\/\\\/www.rassegnastampa-totustuus.it\\\/cattolica\\\/#\\\/schema\\\/logo\\\/image\\\/\"},\"sameAs\":[\"https:\\\/\\\/www.facebook.com\\\/rassegnastampacattolica\",\"https:\\\/\\\/x.com\\\/rassegnastampa9\"]},{\"@type\":\"Person\",\"@id\":\"https:\\\/\\\/www.rassegnastampa-totustuus.it\\\/cattolica\\\/#\\\/schema\\\/person\\\/08f319d2bd1a0904ad9e2bfb7b15e5c3\",\"name\":\"Redazione\",\"image\":{\"@type\":\"ImageObject\",\"inLanguage\":\"it-IT\",\"@id\":\"https:\\\/\\\/secure.gravatar.com\\\/avatar\\\/2fcdf27c78ea025fbdb44e914cc63c72249ffec9dc8aafd5c82b26240ef3f346?s=96&d=mm&r=g\",\"url\":\"https:\\\/\\\/secure.gravatar.com\\\/avatar\\\/2fcdf27c78ea025fbdb44e914cc63c72249ffec9dc8aafd5c82b26240ef3f346?s=96&d=mm&r=g\",\"contentUrl\":\"https:\\\/\\\/secure.gravatar.com\\\/avatar\\\/2fcdf27c78ea025fbdb44e914cc63c72249ffec9dc8aafd5c82b26240ef3f346?s=96&d=mm&r=g\",\"caption\":\"Redazione\"},\"url\":\"https:\\\/\\\/www.rassegnastampa-totustuus.it\\\/cattolica\\\/author\\\/pietroelle\\\/\"}]}<\/script>\n<!-- \/ Yoast SEO plugin. -->","yoast_head_json":{"title":"I figli sani di una societ&agrave; malata - Rassegna Stampa Cattolica","description":"Rassegna Stampa Cattolica - Per una cultura che nasce dalla Rivelazione cristiana in conformit\u00e0 alla tradizione e al Magistero della Chiesa in opposizione ad ogni relativismo e totalitarismo","robots":{"index":"index","follow":"follow","max-snippet":"max-snippet:-1","max-image-preview":"max-image-preview:large","max-video-preview":"max-video-preview:-1"},"canonical":"https:\/\/www.rassegnastampa-totustuus.it\/cattolica\/i-figli-sani-di-una-societ-malata\/","og_locale":"it_IT","og_type":"article","og_title":"I figli sani di una societ&agrave; malata - Rassegna Stampa Cattolica","og_description":"Rassegna Stampa Cattolica - Per una cultura che nasce dalla Rivelazione cristiana in conformit\u00e0 alla tradizione e al Magistero della Chiesa in opposizione ad ogni relativismo e totalitarismo","og_url":"https:\/\/www.rassegnastampa-totustuus.it\/cattolica\/i-figli-sani-di-una-societ-malata\/","og_site_name":"Rassegna Stampa Cattolica","article_publisher":"https:\/\/www.facebook.com\/rassegnastampacattolica","article_published_time":"2011-03-02T23:00:00+00:00","article_modified_time":"2016-03-16T08:45:06+00:00","og_image":[{"width":256,"height":197,"url":"https:\/\/www.rassegnastampa-totustuus.it\/cattolica\/wp-content\/uploads\/2011\/03\/amniocentesi.jpg","type":"image\/jpeg"}],"author":"Redazione","twitter_card":"summary_large_image","twitter_creator":"@rassegnastampa9","twitter_site":"@rassegnastampa9","twitter_misc":{"Scritto da":"Redazione","Tempo di lettura stimato":"5 minuti"},"schema":{"@context":"https:\/\/schema.org","@graph":[{"@type":"Article","@id":"https:\/\/www.rassegnastampa-totustuus.it\/cattolica\/i-figli-sani-di-una-societ-malata\/#article","isPartOf":{"@id":"https:\/\/www.rassegnastampa-totustuus.it\/cattolica\/i-figli-sani-di-una-societ-malata\/"},"author":{"name":"Redazione","@id":"https:\/\/www.rassegnastampa-totustuus.it\/cattolica\/#\/schema\/person\/08f319d2bd1a0904ad9e2bfb7b15e5c3"},"headline":"I figli sani di una societ&agrave; malata","datePublished":"2011-03-02T23:00:00+00:00","dateModified":"2016-03-16T08:45:06+00:00","mainEntityOfPage":{"@id":"https:\/\/www.rassegnastampa-totustuus.it\/cattolica\/i-figli-sani-di-una-societ-malata\/"},"wordCount":924,"publisher":{"@id":"https:\/\/www.rassegnastampa-totustuus.it\/cattolica\/#organization"},"image":{"@id":"https:\/\/www.rassegnastampa-totustuus.it\/cattolica\/i-figli-sani-di-una-societ-malata\/#primaryimage"},"thumbnailUrl":"https:\/\/www.rassegnastampa-totustuus.it\/cattolica\/wp-content\/uploads\/2011\/03\/amniocentesi.jpg","keywords":["eugenetica"],"articleSection":["Bioetica","Eugenetica"],"inLanguage":"it-IT"},{"@type":"WebPage","@id":"https:\/\/www.rassegnastampa-totustuus.it\/cattolica\/i-figli-sani-di-una-societ-malata\/","url":"https:\/\/www.rassegnastampa-totustuus.it\/cattolica\/i-figli-sani-di-una-societ-malata\/","name":"I figli sani di una societ&agrave; malata - Rassegna Stampa Cattolica","isPartOf":{"@id":"https:\/\/www.rassegnastampa-totustuus.it\/cattolica\/#website"},"primaryImageOfPage":{"@id":"https:\/\/www.rassegnastampa-totustuus.it\/cattolica\/i-figli-sani-di-una-societ-malata\/#primaryimage"},"image":{"@id":"https:\/\/www.rassegnastampa-totustuus.it\/cattolica\/i-figli-sani-di-una-societ-malata\/#primaryimage"},"thumbnailUrl":"https:\/\/www.rassegnastampa-totustuus.it\/cattolica\/wp-content\/uploads\/2011\/03\/amniocentesi.jpg","datePublished":"2011-03-02T23:00:00+00:00","dateModified":"2016-03-16T08:45:06+00:00","description":"Rassegna Stampa Cattolica - Per una cultura che nasce dalla Rivelazione cristiana in conformit\u00e0 alla tradizione e al Magistero della Chiesa in opposizione ad ogni relativismo e totalitarismo","breadcrumb":{"@id":"https:\/\/www.rassegnastampa-totustuus.it\/cattolica\/i-figli-sani-di-una-societ-malata\/#breadcrumb"},"inLanguage":"it-IT","potentialAction":[{"@type":"ReadAction","target":["https:\/\/www.rassegnastampa-totustuus.it\/cattolica\/i-figli-sani-di-una-societ-malata\/"]}]},{"@type":"ImageObject","inLanguage":"it-IT","@id":"https:\/\/www.rassegnastampa-totustuus.it\/cattolica\/i-figli-sani-di-una-societ-malata\/#primaryimage","url":"https:\/\/www.rassegnastampa-totustuus.it\/cattolica\/wp-content\/uploads\/2011\/03\/amniocentesi.jpg","contentUrl":"https:\/\/www.rassegnastampa-totustuus.it\/cattolica\/wp-content\/uploads\/2011\/03\/amniocentesi.jpg","width":256,"height":197},{"@type":"BreadcrumbList","@id":"https:\/\/www.rassegnastampa-totustuus.it\/cattolica\/i-figli-sani-di-una-societ-malata\/#breadcrumb","itemListElement":[{"@type":"ListItem","position":1,"name":"Home","item":"https:\/\/www.rassegnastampa-totustuus.it\/cattolica\/"},{"@type":"ListItem","position":2,"name":"I figli sani di una societ&agrave; malata"}]},{"@type":"WebSite","@id":"https:\/\/www.rassegnastampa-totustuus.it\/cattolica\/#website","url":"https:\/\/www.rassegnastampa-totustuus.it\/cattolica\/","name":"Rassegna Stampa Cattolica","description":"Per una cultura che nasce dalla Rivelazione cristiana in conformit\u00e0 alla tradizione e al Magistero della Chiesa in opposizione ad ogni relativismo e totalitarismo","publisher":{"@id":"https:\/\/www.rassegnastampa-totustuus.it\/cattolica\/#organization"},"alternateName":"Rass. Cattolica","potentialAction":[{"@type":"SearchAction","target":{"@type":"EntryPoint","urlTemplate":"https:\/\/www.rassegnastampa-totustuus.it\/cattolica\/?s={search_term_string}"},"query-input":{"@type":"PropertyValueSpecification","valueRequired":true,"valueName":"search_term_string"}}],"inLanguage":"it-IT"},{"@type":"Organization","@id":"https:\/\/www.rassegnastampa-totustuus.it\/cattolica\/#organization","name":"Rassegna Stampa Cattolica","url":"https:\/\/www.rassegnastampa-totustuus.it\/cattolica\/","logo":{"@type":"ImageObject","inLanguage":"it-IT","@id":"https:\/\/www.rassegnastampa-totustuus.it\/cattolica\/#\/schema\/logo\/image\/","url":"https:\/\/www.rassegnastampa-totustuus.it\/cattolica\/wp-content\/uploads\/2014\/04\/logo-rassegna1.gif","contentUrl":"https:\/\/www.rassegnastampa-totustuus.it\/cattolica\/wp-content\/uploads\/2014\/04\/logo-rassegna1.gif","width":600,"height":163,"caption":"Rassegna Stampa Cattolica"},"image":{"@id":"https:\/\/www.rassegnastampa-totustuus.it\/cattolica\/#\/schema\/logo\/image\/"},"sameAs":["https:\/\/www.facebook.com\/rassegnastampacattolica","https:\/\/x.com\/rassegnastampa9"]},{"@type":"Person","@id":"https:\/\/www.rassegnastampa-totustuus.it\/cattolica\/#\/schema\/person\/08f319d2bd1a0904ad9e2bfb7b15e5c3","name":"Redazione","image":{"@type":"ImageObject","inLanguage":"it-IT","@id":"https:\/\/secure.gravatar.com\/avatar\/2fcdf27c78ea025fbdb44e914cc63c72249ffec9dc8aafd5c82b26240ef3f346?s=96&d=mm&r=g","url":"https:\/\/secure.gravatar.com\/avatar\/2fcdf27c78ea025fbdb44e914cc63c72249ffec9dc8aafd5c82b26240ef3f346?s=96&d=mm&r=g","contentUrl":"https:\/\/secure.gravatar.com\/avatar\/2fcdf27c78ea025fbdb44e914cc63c72249ffec9dc8aafd5c82b26240ef3f346?s=96&d=mm&r=g","caption":"Redazione"},"url":"https:\/\/www.rassegnastampa-totustuus.it\/cattolica\/author\/pietroelle\/"}]}},"_links":{"self":[{"href":"https:\/\/www.rassegnastampa-totustuus.it\/cattolica\/wp-json\/wp\/v2\/posts\/4435","targetHints":{"allow":["GET"]}}],"collection":[{"href":"https:\/\/www.rassegnastampa-totustuus.it\/cattolica\/wp-json\/wp\/v2\/posts"}],"about":[{"href":"https:\/\/www.rassegnastampa-totustuus.it\/cattolica\/wp-json\/wp\/v2\/types\/post"}],"author":[{"embeddable":true,"href":"https:\/\/www.rassegnastampa-totustuus.it\/cattolica\/wp-json\/wp\/v2\/users\/6"}],"replies":[{"embeddable":true,"href":"https:\/\/www.rassegnastampa-totustuus.it\/cattolica\/wp-json\/wp\/v2\/comments?post=4435"}],"version-history":[{"count":4,"href":"https:\/\/www.rassegnastampa-totustuus.it\/cattolica\/wp-json\/wp\/v2\/posts\/4435\/revisions"}],"predecessor-version":[{"id":31825,"href":"https:\/\/www.rassegnastampa-totustuus.it\/cattolica\/wp-json\/wp\/v2\/posts\/4435\/revisions\/31825"}],"wp:featuredmedia":[{"embeddable":true,"href":"https:\/\/www.rassegnastampa-totustuus.it\/cattolica\/wp-json\/wp\/v2\/media\/31824"}],"wp:attachment":[{"href":"https:\/\/www.rassegnastampa-totustuus.it\/cattolica\/wp-json\/wp\/v2\/media?parent=4435"}],"wp:term":[{"taxonomy":"category","embeddable":true,"href":"https:\/\/www.rassegnastampa-totustuus.it\/cattolica\/wp-json\/wp\/v2\/categories?post=4435"},{"taxonomy":"post_tag","embeddable":true,"href":"https:\/\/www.rassegnastampa-totustuus.it\/cattolica\/wp-json\/wp\/v2\/tags?post=4435"}],"curies":[{"name":"wp","href":"https:\/\/api.w.org\/{rel}","templated":true}]}}