{"id":4433,"date":"2011-03-02T17:11:39","date_gmt":"2011-03-02T16:11:39","guid":{"rendered":""},"modified":"2015-03-26T17:36:14","modified_gmt":"2015-03-26T16:36:14","slug":"come-fu-che-divenni-ccp","status":"publish","type":"post","link":"https:\/\/www.rassegnastampa-totustuus.it\/cattolica\/come-fu-che-divenni-ccp\/","title":{"rendered":"Come fu che divenni CCP"},"content":{"rendered":"<div style=\"text-align: center;\"><a href=\"https:\/\/www.rassegnastampa-totustuus.it\/cattolica\/wp-content\/uploads\/2011\/03\/Cammilleri_cover.jpg\"><img loading=\"lazy\" decoding=\"async\" class=\"alignleft wp-image-22138\" src=\"https:\/\/www.rassegnastampa-totustuus.it\/cattolica\/wp-content\/uploads\/2011\/03\/Cammilleri_cover.jpg\" alt=\"Cammilleri_cover\" width=\"133\" height=\"200\" \/><\/a>per <strong>Rassegna Stampa<\/strong> 2 marzo 2011<\/div>\n<p style=\"text-align: justify;\"><em>Rino Cammilleri, scrittore e saggista, racconta in un volume edito da Lindau la sua conversione: da anarchico edonista e sciupafemmine a Cattolico, Credente e Praticante<\/em><\/p>\n<p style=\"text-align: center;\">di\u00a0<strong>Pietro Licciardi<\/strong><\/p>\n<p style=\"text-align: justify;\">Lo scrittore, saggista e apologeta Rino Cammilleri \u2013 con due emme &#8211; non ha la fama di quell\u2019Andrea autore di libri gialli e neppure di Umberto Eco, bench\u00e9 abbia anche lui scritto un romanzo ambientato nel Medioevo. Nonostante ci\u00f2 ha un numeroso pubblico di attenti lettori e di fan affezionati. E\u2019 insomma un \u201cpersonaggio\u201d e come tanti altri \u201cpersonaggi\u201d ha appena pubblicato per i tipi della Lindau la storia della sua conversione: da anarchico, borghese, edonista e sciupafemmine a C.C.P., cattolico, credente e praticante.Cosa accade nella vita di un uomo, o di una donna, quando si converte e scopre la fede? Tutto e niente.<\/p>\n<p style=\"text-align: justify;\"><!--more--><\/p>\n<p style=\"text-align: justify;\">Tutto, perch\u00e9 se \u201cprima\u201d la vita era come un macigno, pesante e senza senso, \u201cdopo\u201d si ha la speranza, e specialmente di questi tempi non \u00e8 cosa niente.<\/p>\n<p style=\"text-align: justify;\">Niente, perch\u00e9 le angosce quotidiane, i problemi, le frustrazioni e i dolori fisici e morali restano quelli di sempre e non \u00e8 detto che basti pregare il Padre ritrovato per vederli mitigati o addirittura svanire.<\/p>\n<p style=\"text-align: justify;\">Certo, non per tutti \u00e8 stato cos\u00ec. Di convertiti da Paolo, abbattuto da cavallo sulla via di Damasco, in poi ce ne sono stati a iosa e parecchi abbastanza famosi da aver pubblicata la loro storia, a esempio ed edificazione della moltitudine. Da queste biografie sappiamo che in effetti qualcuno ha trovato la pace interiore o almeno la capacit\u00e0 di affrontare con serenit\u00e0 ci\u00f2 che la Provvidenza ha mandato poi loro incontro.<\/p>\n<p style=\"text-align: justify;\">Ma siccome ciascuno di noi \u00e8 creatura unica ed irripetibile, anche la strada verso Dio \u00e8 ritagliata su misura da Colui che ci conosce fin nel profondo. Cos\u00ec capita, per un disegno misterioso che solo nell\u2019aldil\u00e0 ci sar\u00e0 rivelato, che a qualcuno di noi sia chiesto molto e a qualcun altro \u2013 secondo il nostro limitatissimo e parziale metro &#8211; molto poco.<\/p>\n<p style=\"text-align: justify;\">Chi scrive ha avuto il privilegio di avere Rino come amico e maestro e proprio da lui ha appreso che noi tutti siamo su questa terra al solo scopo di guadagnarci il Paradiso. E non c\u2019\u00e8 guadagno senza fatica. Cos\u00ec il buon Dio carica ciascuno della sua Croce, confezionata perfettamente su misura, affinch\u00e9 non sia troppo pesante o troppo leggera. Qualche volta a chi ha spalle pi\u00f9 larghe tocca un peso maggiore e da portare pi\u00f9 a lungo. Non sta forse scritto che la ricompensa l\u2019avremo nell\u2019altra vita? E allora di che ci lagniamo?<\/p>\n<p style=\"text-align: justify;\">Anzi, meglio soffrire qui foss\u2019anche per cento anni che nella Geenna per l\u2019eternit\u00e0 e siccome Dio \u00e8 anche Somma Giustizia c\u2019\u00e8 pure da stare in campana se in questa vita ci si ritrova \u201cbaciati dalla fortuna\u201d: sar\u00e0 mica che sono gi\u00e0 bello che spacciato per il Paradiso ed Egli mi d\u00e0 qui ed ora il saldo per il miei scarsi meriti?<\/p>\n<p style=\"text-align: justify;\">Insomma, chi si aspetta un libro tutto rose, fiori e suono di campane a festa resta deluso. Del resto non \u00e8 questo il genere che si addice ad un autore il cui segno zodiacale \u00e8 lo Scorpione, ascendente Vergine. Eh si, perch\u00e9 come scrive Cammilleri: \u00abSono rimasto quello che ero, perch\u00e9 Dio non vuole che ci\u00f2 che ha creato diventi qualcos\u2019altro: vuole che diventi cattolico\u00bb.<\/p>\n<p style=\"text-align: justify;\">Se dunque il lettore, neoconvertito o cattolico, si trovasse nella condizione di guardarsi allo specchio e trovarsi ancora col suo bel corredo di difetti &#8211; che sia detto per inciso solo i santi, dopo lungo e periglioso cammino, forgiati dal giogo di Cristo, sanno trasformare in virt\u00f9 \u2013 mancanze e infelicit\u00e0, ricorra con fiducia al libro di Cammilleri.<\/p>\n<p style=\"text-align: justify;\">Vi scoprir\u00e0 che non tutte le storie hanno necessariamente l\u2019happy end: hai la fede? Allora sei felice; che la conversione \u00e8 solo l\u2019inizio di un cammino, per di pi\u00f9 tutt\u2019altro che agevole; che Dio ci chiede di essere eroici, e l\u2019eroe \u00e8 colui che pur avendone la possibilit\u00e0 non scappa ma affronta tutto ci\u00f2 che la sorte gli manda contro, fino all\u2019estremo sacrificio.<\/p>\n<p style=\"text-align: justify;\">Allora che ci si converte a fare?<\/p>\n<p style=\"text-align: justify;\">Perch\u00e9 come disse Pietro a Ges\u00f9: <strong>\u00ab<\/strong>Signore, da chi andremo? Tu hai parole di vita eterna<strong>\u00bb<\/strong>. E che sono i guai di una intera vita di fronte alla promessa di una felicit\u00e0 perpetua?<\/p>\n<p style=\"text-align: justify;\">&#8230;E se pensate che Dio chieda troppo in cambio o non siete mai stati felici o non siete ancora C.C.P.<\/p>\n<p>________________<\/p>\n<p><strong>Rino Cammilleri<\/strong> <em>Come fu che divenni CCP (cattolico credente e praticante)\u00a0<\/em>Ed Lindau, pp208, euro 16,50<\/p>\n<p style=\"text-align: center;\"><strong><a href=\"http:\/\/www.theseuslibri.it\/product\/2451\/\" target=\"_blank\">ACQUISTA<\/a><\/strong><\/p>\n","protected":false},"excerpt":{"rendered":"<p>per Rassegna Stampa 2 marzo 2011 Rino Cammilleri, scrittore e saggista, racconta in un volume edito da Lindau la sua conversione: da anarchico edonista e sciupafemmine a Cattolico, Credente e Praticante di\u00a0Pietro Licciardi Lo scrittore, saggista e apologeta Rino Cammilleri \u2013 con due emme &#8211; non ha la fama di quell\u2019Andrea autore di libri gialli &hellip; <\/p>\n<p><a class=\"more-link btn\" href=\"https:\/\/www.rassegnastampa-totustuus.it\/cattolica\/come-fu-che-divenni-ccp\/\">Continua a leggere<\/a><\/p>\n","protected":false},"author":6,"featured_media":22138,"comment_status":"closed","ping_status":"open","sticky":false,"template":"","format":"standard","meta":{"footnotes":""},"categories":[5,17],"tags":[259],"class_list":["post-4433","post","type-post","status-publish","format-standard","has-post-thumbnail","hentry","category-chiesa","category-libri","tag-conversioni","item-wrap"],"yoast_head":"<!-- This site is optimized with the Yoast SEO plugin v27.5 - https:\/\/yoast.com\/product\/yoast-seo-wordpress\/ -->\n<title>Come fu che divenni CCP - Rassegna Stampa Cattolica<\/title>\n<meta name=\"description\" content=\"Rassegna Stampa Cattolica - Per una cultura che nasce dalla Rivelazione cristiana in conformit\u00e0 alla tradizione e al Magistero della Chiesa in opposizione ad ogni relativismo e totalitarismo\" \/>\n<meta name=\"robots\" content=\"index, follow, max-snippet:-1, max-image-preview:large, max-video-preview:-1\" \/>\n<link rel=\"canonical\" href=\"https:\/\/www.rassegnastampa-totustuus.it\/cattolica\/come-fu-che-divenni-ccp\/\" \/>\n<meta property=\"og:locale\" content=\"it_IT\" \/>\n<meta property=\"og:type\" content=\"article\" \/>\n<meta property=\"og:title\" content=\"Come fu che divenni CCP - Rassegna Stampa Cattolica\" \/>\n<meta property=\"og:description\" content=\"Rassegna Stampa Cattolica - Per una cultura che nasce dalla Rivelazione cristiana in conformit\u00e0 alla tradizione e al Magistero della Chiesa in opposizione ad ogni relativismo e totalitarismo\" \/>\n<meta property=\"og:url\" content=\"https:\/\/www.rassegnastampa-totustuus.it\/cattolica\/come-fu-che-divenni-ccp\/\" \/>\n<meta property=\"og:site_name\" content=\"Rassegna Stampa Cattolica\" \/>\n<meta property=\"article:publisher\" content=\"https:\/\/www.facebook.com\/rassegnastampacattolica\" \/>\n<meta property=\"article:published_time\" content=\"2011-03-02T16:11:39+00:00\" \/>\n<meta property=\"article:modified_time\" content=\"2015-03-26T16:36:14+00:00\" \/>\n<meta property=\"og:image\" content=\"https:\/\/www.rassegnastampa-totustuus.it\/cattolica\/wp-content\/uploads\/2011\/03\/Cammilleri_cover.jpg\" \/>\n\t<meta property=\"og:image:width\" content=\"136\" \/>\n\t<meta property=\"og:image:height\" content=\"205\" \/>\n\t<meta property=\"og:image:type\" content=\"image\/jpeg\" \/>\n<meta name=\"author\" content=\"Redazione\" \/>\n<meta name=\"twitter:card\" content=\"summary_large_image\" \/>\n<meta name=\"twitter:creator\" content=\"@rassegnastampa9\" \/>\n<meta name=\"twitter:site\" content=\"@rassegnastampa9\" \/>\n<meta name=\"twitter:label1\" content=\"Scritto da\" \/>\n\t<meta name=\"twitter:data1\" content=\"Redazione\" \/>\n\t<meta name=\"twitter:label2\" content=\"Tempo di lettura stimato\" \/>\n\t<meta name=\"twitter:data2\" content=\"4 minuti\" \/>\n<script type=\"application\/ld+json\" class=\"yoast-schema-graph\">{\"@context\":\"https:\\\/\\\/schema.org\",\"@graph\":[{\"@type\":\"Article\",\"@id\":\"https:\\\/\\\/www.rassegnastampa-totustuus.it\\\/cattolica\\\/come-fu-che-divenni-ccp\\\/#article\",\"isPartOf\":{\"@id\":\"https:\\\/\\\/www.rassegnastampa-totustuus.it\\\/cattolica\\\/come-fu-che-divenni-ccp\\\/\"},\"author\":{\"name\":\"Redazione\",\"@id\":\"https:\\\/\\\/www.rassegnastampa-totustuus.it\\\/cattolica\\\/#\\\/schema\\\/person\\\/08f319d2bd1a0904ad9e2bfb7b15e5c3\"},\"headline\":\"Come fu che divenni CCP\",\"datePublished\":\"2011-03-02T16:11:39+00:00\",\"dateModified\":\"2015-03-26T16:36:14+00:00\",\"mainEntityOfPage\":{\"@id\":\"https:\\\/\\\/www.rassegnastampa-totustuus.it\\\/cattolica\\\/come-fu-che-divenni-ccp\\\/\"},\"wordCount\":759,\"publisher\":{\"@id\":\"https:\\\/\\\/www.rassegnastampa-totustuus.it\\\/cattolica\\\/#organization\"},\"image\":{\"@id\":\"https:\\\/\\\/www.rassegnastampa-totustuus.it\\\/cattolica\\\/come-fu-che-divenni-ccp\\\/#primaryimage\"},\"thumbnailUrl\":\"https:\\\/\\\/www.rassegnastampa-totustuus.it\\\/cattolica\\\/wp-content\\\/uploads\\\/2011\\\/03\\\/Cammilleri_cover.jpg\",\"keywords\":[\"conversioni\"],\"articleSection\":[\"Chiesa\",\"Libri\"],\"inLanguage\":\"it-IT\"},{\"@type\":\"WebPage\",\"@id\":\"https:\\\/\\\/www.rassegnastampa-totustuus.it\\\/cattolica\\\/come-fu-che-divenni-ccp\\\/\",\"url\":\"https:\\\/\\\/www.rassegnastampa-totustuus.it\\\/cattolica\\\/come-fu-che-divenni-ccp\\\/\",\"name\":\"Come fu che divenni CCP - Rassegna Stampa Cattolica\",\"isPartOf\":{\"@id\":\"https:\\\/\\\/www.rassegnastampa-totustuus.it\\\/cattolica\\\/#website\"},\"primaryImageOfPage\":{\"@id\":\"https:\\\/\\\/www.rassegnastampa-totustuus.it\\\/cattolica\\\/come-fu-che-divenni-ccp\\\/#primaryimage\"},\"image\":{\"@id\":\"https:\\\/\\\/www.rassegnastampa-totustuus.it\\\/cattolica\\\/come-fu-che-divenni-ccp\\\/#primaryimage\"},\"thumbnailUrl\":\"https:\\\/\\\/www.rassegnastampa-totustuus.it\\\/cattolica\\\/wp-content\\\/uploads\\\/2011\\\/03\\\/Cammilleri_cover.jpg\",\"datePublished\":\"2011-03-02T16:11:39+00:00\",\"dateModified\":\"2015-03-26T16:36:14+00:00\",\"description\":\"Rassegna Stampa Cattolica - Per una cultura che nasce dalla Rivelazione cristiana in conformit\u00e0 alla tradizione e al Magistero della Chiesa in opposizione ad ogni relativismo e totalitarismo\",\"breadcrumb\":{\"@id\":\"https:\\\/\\\/www.rassegnastampa-totustuus.it\\\/cattolica\\\/come-fu-che-divenni-ccp\\\/#breadcrumb\"},\"inLanguage\":\"it-IT\",\"potentialAction\":[{\"@type\":\"ReadAction\",\"target\":[\"https:\\\/\\\/www.rassegnastampa-totustuus.it\\\/cattolica\\\/come-fu-che-divenni-ccp\\\/\"]}]},{\"@type\":\"ImageObject\",\"inLanguage\":\"it-IT\",\"@id\":\"https:\\\/\\\/www.rassegnastampa-totustuus.it\\\/cattolica\\\/come-fu-che-divenni-ccp\\\/#primaryimage\",\"url\":\"https:\\\/\\\/www.rassegnastampa-totustuus.it\\\/cattolica\\\/wp-content\\\/uploads\\\/2011\\\/03\\\/Cammilleri_cover.jpg\",\"contentUrl\":\"https:\\\/\\\/www.rassegnastampa-totustuus.it\\\/cattolica\\\/wp-content\\\/uploads\\\/2011\\\/03\\\/Cammilleri_cover.jpg\",\"width\":136,\"height\":205},{\"@type\":\"BreadcrumbList\",\"@id\":\"https:\\\/\\\/www.rassegnastampa-totustuus.it\\\/cattolica\\\/come-fu-che-divenni-ccp\\\/#breadcrumb\",\"itemListElement\":[{\"@type\":\"ListItem\",\"position\":1,\"name\":\"Home\",\"item\":\"https:\\\/\\\/www.rassegnastampa-totustuus.it\\\/cattolica\\\/\"},{\"@type\":\"ListItem\",\"position\":2,\"name\":\"Come fu che divenni CCP\"}]},{\"@type\":\"WebSite\",\"@id\":\"https:\\\/\\\/www.rassegnastampa-totustuus.it\\\/cattolica\\\/#website\",\"url\":\"https:\\\/\\\/www.rassegnastampa-totustuus.it\\\/cattolica\\\/\",\"name\":\"Rassegna Stampa Cattolica\",\"description\":\"Per una cultura che nasce dalla Rivelazione cristiana in conformit\u00e0 alla tradizione e al Magistero della Chiesa in opposizione ad ogni relativismo e totalitarismo\",\"publisher\":{\"@id\":\"https:\\\/\\\/www.rassegnastampa-totustuus.it\\\/cattolica\\\/#organization\"},\"alternateName\":\"Rass. Cattolica\",\"potentialAction\":[{\"@type\":\"SearchAction\",\"target\":{\"@type\":\"EntryPoint\",\"urlTemplate\":\"https:\\\/\\\/www.rassegnastampa-totustuus.it\\\/cattolica\\\/?s={search_term_string}\"},\"query-input\":{\"@type\":\"PropertyValueSpecification\",\"valueRequired\":true,\"valueName\":\"search_term_string\"}}],\"inLanguage\":\"it-IT\"},{\"@type\":\"Organization\",\"@id\":\"https:\\\/\\\/www.rassegnastampa-totustuus.it\\\/cattolica\\\/#organization\",\"name\":\"Rassegna Stampa Cattolica\",\"url\":\"https:\\\/\\\/www.rassegnastampa-totustuus.it\\\/cattolica\\\/\",\"logo\":{\"@type\":\"ImageObject\",\"inLanguage\":\"it-IT\",\"@id\":\"https:\\\/\\\/www.rassegnastampa-totustuus.it\\\/cattolica\\\/#\\\/schema\\\/logo\\\/image\\\/\",\"url\":\"https:\\\/\\\/www.rassegnastampa-totustuus.it\\\/cattolica\\\/wp-content\\\/uploads\\\/2014\\\/04\\\/logo-rassegna1.gif\",\"contentUrl\":\"https:\\\/\\\/www.rassegnastampa-totustuus.it\\\/cattolica\\\/wp-content\\\/uploads\\\/2014\\\/04\\\/logo-rassegna1.gif\",\"width\":600,\"height\":163,\"caption\":\"Rassegna Stampa Cattolica\"},\"image\":{\"@id\":\"https:\\\/\\\/www.rassegnastampa-totustuus.it\\\/cattolica\\\/#\\\/schema\\\/logo\\\/image\\\/\"},\"sameAs\":[\"https:\\\/\\\/www.facebook.com\\\/rassegnastampacattolica\",\"https:\\\/\\\/x.com\\\/rassegnastampa9\"]},{\"@type\":\"Person\",\"@id\":\"https:\\\/\\\/www.rassegnastampa-totustuus.it\\\/cattolica\\\/#\\\/schema\\\/person\\\/08f319d2bd1a0904ad9e2bfb7b15e5c3\",\"name\":\"Redazione\",\"image\":{\"@type\":\"ImageObject\",\"inLanguage\":\"it-IT\",\"@id\":\"https:\\\/\\\/secure.gravatar.com\\\/avatar\\\/2fcdf27c78ea025fbdb44e914cc63c72249ffec9dc8aafd5c82b26240ef3f346?s=96&d=mm&r=g\",\"url\":\"https:\\\/\\\/secure.gravatar.com\\\/avatar\\\/2fcdf27c78ea025fbdb44e914cc63c72249ffec9dc8aafd5c82b26240ef3f346?s=96&d=mm&r=g\",\"contentUrl\":\"https:\\\/\\\/secure.gravatar.com\\\/avatar\\\/2fcdf27c78ea025fbdb44e914cc63c72249ffec9dc8aafd5c82b26240ef3f346?s=96&d=mm&r=g\",\"caption\":\"Redazione\"},\"url\":\"https:\\\/\\\/www.rassegnastampa-totustuus.it\\\/cattolica\\\/author\\\/pietroelle\\\/\"}]}<\/script>\n<!-- \/ Yoast SEO plugin. -->","yoast_head_json":{"title":"Come fu che divenni CCP - Rassegna Stampa Cattolica","description":"Rassegna Stampa Cattolica - Per una cultura che nasce dalla Rivelazione cristiana in conformit\u00e0 alla tradizione e al Magistero della Chiesa in opposizione ad ogni relativismo e totalitarismo","robots":{"index":"index","follow":"follow","max-snippet":"max-snippet:-1","max-image-preview":"max-image-preview:large","max-video-preview":"max-video-preview:-1"},"canonical":"https:\/\/www.rassegnastampa-totustuus.it\/cattolica\/come-fu-che-divenni-ccp\/","og_locale":"it_IT","og_type":"article","og_title":"Come fu che divenni CCP - Rassegna Stampa Cattolica","og_description":"Rassegna Stampa Cattolica - Per una cultura che nasce dalla Rivelazione cristiana in conformit\u00e0 alla tradizione e al Magistero della Chiesa in opposizione ad ogni relativismo e totalitarismo","og_url":"https:\/\/www.rassegnastampa-totustuus.it\/cattolica\/come-fu-che-divenni-ccp\/","og_site_name":"Rassegna Stampa Cattolica","article_publisher":"https:\/\/www.facebook.com\/rassegnastampacattolica","article_published_time":"2011-03-02T16:11:39+00:00","article_modified_time":"2015-03-26T16:36:14+00:00","og_image":[{"width":136,"height":205,"url":"https:\/\/www.rassegnastampa-totustuus.it\/cattolica\/wp-content\/uploads\/2011\/03\/Cammilleri_cover.jpg","type":"image\/jpeg"}],"author":"Redazione","twitter_card":"summary_large_image","twitter_creator":"@rassegnastampa9","twitter_site":"@rassegnastampa9","twitter_misc":{"Scritto da":"Redazione","Tempo di lettura stimato":"4 minuti"},"schema":{"@context":"https:\/\/schema.org","@graph":[{"@type":"Article","@id":"https:\/\/www.rassegnastampa-totustuus.it\/cattolica\/come-fu-che-divenni-ccp\/#article","isPartOf":{"@id":"https:\/\/www.rassegnastampa-totustuus.it\/cattolica\/come-fu-che-divenni-ccp\/"},"author":{"name":"Redazione","@id":"https:\/\/www.rassegnastampa-totustuus.it\/cattolica\/#\/schema\/person\/08f319d2bd1a0904ad9e2bfb7b15e5c3"},"headline":"Come fu che divenni CCP","datePublished":"2011-03-02T16:11:39+00:00","dateModified":"2015-03-26T16:36:14+00:00","mainEntityOfPage":{"@id":"https:\/\/www.rassegnastampa-totustuus.it\/cattolica\/come-fu-che-divenni-ccp\/"},"wordCount":759,"publisher":{"@id":"https:\/\/www.rassegnastampa-totustuus.it\/cattolica\/#organization"},"image":{"@id":"https:\/\/www.rassegnastampa-totustuus.it\/cattolica\/come-fu-che-divenni-ccp\/#primaryimage"},"thumbnailUrl":"https:\/\/www.rassegnastampa-totustuus.it\/cattolica\/wp-content\/uploads\/2011\/03\/Cammilleri_cover.jpg","keywords":["conversioni"],"articleSection":["Chiesa","Libri"],"inLanguage":"it-IT"},{"@type":"WebPage","@id":"https:\/\/www.rassegnastampa-totustuus.it\/cattolica\/come-fu-che-divenni-ccp\/","url":"https:\/\/www.rassegnastampa-totustuus.it\/cattolica\/come-fu-che-divenni-ccp\/","name":"Come fu che divenni CCP - Rassegna Stampa Cattolica","isPartOf":{"@id":"https:\/\/www.rassegnastampa-totustuus.it\/cattolica\/#website"},"primaryImageOfPage":{"@id":"https:\/\/www.rassegnastampa-totustuus.it\/cattolica\/come-fu-che-divenni-ccp\/#primaryimage"},"image":{"@id":"https:\/\/www.rassegnastampa-totustuus.it\/cattolica\/come-fu-che-divenni-ccp\/#primaryimage"},"thumbnailUrl":"https:\/\/www.rassegnastampa-totustuus.it\/cattolica\/wp-content\/uploads\/2011\/03\/Cammilleri_cover.jpg","datePublished":"2011-03-02T16:11:39+00:00","dateModified":"2015-03-26T16:36:14+00:00","description":"Rassegna Stampa Cattolica - Per una cultura che nasce dalla Rivelazione cristiana in conformit\u00e0 alla tradizione e al Magistero della Chiesa in opposizione ad ogni relativismo e totalitarismo","breadcrumb":{"@id":"https:\/\/www.rassegnastampa-totustuus.it\/cattolica\/come-fu-che-divenni-ccp\/#breadcrumb"},"inLanguage":"it-IT","potentialAction":[{"@type":"ReadAction","target":["https:\/\/www.rassegnastampa-totustuus.it\/cattolica\/come-fu-che-divenni-ccp\/"]}]},{"@type":"ImageObject","inLanguage":"it-IT","@id":"https:\/\/www.rassegnastampa-totustuus.it\/cattolica\/come-fu-che-divenni-ccp\/#primaryimage","url":"https:\/\/www.rassegnastampa-totustuus.it\/cattolica\/wp-content\/uploads\/2011\/03\/Cammilleri_cover.jpg","contentUrl":"https:\/\/www.rassegnastampa-totustuus.it\/cattolica\/wp-content\/uploads\/2011\/03\/Cammilleri_cover.jpg","width":136,"height":205},{"@type":"BreadcrumbList","@id":"https:\/\/www.rassegnastampa-totustuus.it\/cattolica\/come-fu-che-divenni-ccp\/#breadcrumb","itemListElement":[{"@type":"ListItem","position":1,"name":"Home","item":"https:\/\/www.rassegnastampa-totustuus.it\/cattolica\/"},{"@type":"ListItem","position":2,"name":"Come fu che divenni CCP"}]},{"@type":"WebSite","@id":"https:\/\/www.rassegnastampa-totustuus.it\/cattolica\/#website","url":"https:\/\/www.rassegnastampa-totustuus.it\/cattolica\/","name":"Rassegna Stampa Cattolica","description":"Per una cultura che nasce dalla Rivelazione cristiana in conformit\u00e0 alla tradizione e al Magistero della Chiesa in opposizione ad ogni relativismo e totalitarismo","publisher":{"@id":"https:\/\/www.rassegnastampa-totustuus.it\/cattolica\/#organization"},"alternateName":"Rass. Cattolica","potentialAction":[{"@type":"SearchAction","target":{"@type":"EntryPoint","urlTemplate":"https:\/\/www.rassegnastampa-totustuus.it\/cattolica\/?s={search_term_string}"},"query-input":{"@type":"PropertyValueSpecification","valueRequired":true,"valueName":"search_term_string"}}],"inLanguage":"it-IT"},{"@type":"Organization","@id":"https:\/\/www.rassegnastampa-totustuus.it\/cattolica\/#organization","name":"Rassegna Stampa Cattolica","url":"https:\/\/www.rassegnastampa-totustuus.it\/cattolica\/","logo":{"@type":"ImageObject","inLanguage":"it-IT","@id":"https:\/\/www.rassegnastampa-totustuus.it\/cattolica\/#\/schema\/logo\/image\/","url":"https:\/\/www.rassegnastampa-totustuus.it\/cattolica\/wp-content\/uploads\/2014\/04\/logo-rassegna1.gif","contentUrl":"https:\/\/www.rassegnastampa-totustuus.it\/cattolica\/wp-content\/uploads\/2014\/04\/logo-rassegna1.gif","width":600,"height":163,"caption":"Rassegna Stampa Cattolica"},"image":{"@id":"https:\/\/www.rassegnastampa-totustuus.it\/cattolica\/#\/schema\/logo\/image\/"},"sameAs":["https:\/\/www.facebook.com\/rassegnastampacattolica","https:\/\/x.com\/rassegnastampa9"]},{"@type":"Person","@id":"https:\/\/www.rassegnastampa-totustuus.it\/cattolica\/#\/schema\/person\/08f319d2bd1a0904ad9e2bfb7b15e5c3","name":"Redazione","image":{"@type":"ImageObject","inLanguage":"it-IT","@id":"https:\/\/secure.gravatar.com\/avatar\/2fcdf27c78ea025fbdb44e914cc63c72249ffec9dc8aafd5c82b26240ef3f346?s=96&d=mm&r=g","url":"https:\/\/secure.gravatar.com\/avatar\/2fcdf27c78ea025fbdb44e914cc63c72249ffec9dc8aafd5c82b26240ef3f346?s=96&d=mm&r=g","contentUrl":"https:\/\/secure.gravatar.com\/avatar\/2fcdf27c78ea025fbdb44e914cc63c72249ffec9dc8aafd5c82b26240ef3f346?s=96&d=mm&r=g","caption":"Redazione"},"url":"https:\/\/www.rassegnastampa-totustuus.it\/cattolica\/author\/pietroelle\/"}]}},"_links":{"self":[{"href":"https:\/\/www.rassegnastampa-totustuus.it\/cattolica\/wp-json\/wp\/v2\/posts\/4433","targetHints":{"allow":["GET"]}}],"collection":[{"href":"https:\/\/www.rassegnastampa-totustuus.it\/cattolica\/wp-json\/wp\/v2\/posts"}],"about":[{"href":"https:\/\/www.rassegnastampa-totustuus.it\/cattolica\/wp-json\/wp\/v2\/types\/post"}],"author":[{"embeddable":true,"href":"https:\/\/www.rassegnastampa-totustuus.it\/cattolica\/wp-json\/wp\/v2\/users\/6"}],"replies":[{"embeddable":true,"href":"https:\/\/www.rassegnastampa-totustuus.it\/cattolica\/wp-json\/wp\/v2\/comments?post=4433"}],"version-history":[{"count":4,"href":"https:\/\/www.rassegnastampa-totustuus.it\/cattolica\/wp-json\/wp\/v2\/posts\/4433\/revisions"}],"predecessor-version":[{"id":42334,"href":"https:\/\/www.rassegnastampa-totustuus.it\/cattolica\/wp-json\/wp\/v2\/posts\/4433\/revisions\/42334"}],"wp:featuredmedia":[{"embeddable":true,"href":"https:\/\/www.rassegnastampa-totustuus.it\/cattolica\/wp-json\/wp\/v2\/media\/22138"}],"wp:attachment":[{"href":"https:\/\/www.rassegnastampa-totustuus.it\/cattolica\/wp-json\/wp\/v2\/media?parent=4433"}],"wp:term":[{"taxonomy":"category","embeddable":true,"href":"https:\/\/www.rassegnastampa-totustuus.it\/cattolica\/wp-json\/wp\/v2\/categories?post=4433"},{"taxonomy":"post_tag","embeddable":true,"href":"https:\/\/www.rassegnastampa-totustuus.it\/cattolica\/wp-json\/wp\/v2\/tags?post=4433"}],"curies":[{"name":"wp","href":"https:\/\/api.w.org\/{rel}","templated":true}]}}