{"id":44320,"date":"2019-09-19T00:00:45","date_gmt":"2019-09-18T22:00:45","guid":{"rendered":"http:\/\/www.rassegnastampa-totustuus.it\/cattolica\/?p=44320"},"modified":"2019-09-26T08:31:35","modified_gmt":"2019-09-26T06:31:35","slug":"44320","status":"publish","type":"post","link":"https:\/\/www.rassegnastampa-totustuus.it\/cattolica\/44320\/","title":{"rendered":"Regola e libert\u00e0 nelle confraternite laicali del medioevo"},"content":{"rendered":"<p style=\"text-align: center;\"><strong><a href=\"https:\/\/www.rassegnastampa-totustuus.it\/cattolica\/wp-content\/uploads\/2019\/09\/corporazioni_medioevo.png\"><img loading=\"lazy\" decoding=\"async\" class=\"wp-image-44326 alignright\" src=\"https:\/\/www.rassegnastampa-totustuus.it\/cattolica\/wp-content\/uploads\/2019\/09\/corporazioni_medioevo.png\" alt=\"\" width=\"161\" height=\"230\" \/><\/a>Litterae Communionis<\/strong> Anno VI &#8211; Dicembre 1979<\/p>\n<p style=\"text-align: justify;\"><em>Assistenza e mutuo soccorso, azione caritativa verso i poveri, cura della sepoltura dei defunti, partecipazione alle manifestazioni religiose, sono tra le attivit\u00e0 pi\u00f9 frequentemente espletate da quei laici consociati per un ideale di santit\u00e0<\/em><\/p>\n<p style=\"text-align: center;\">di <strong>Paola Cattaneo<\/strong><\/p>\n<p><!--more--><\/p>\n<p style=\"text-align: justify;\">Se per diverse cause la religione cristiana tende, dalla tarda antichit\u00e0, a divenire sempre pi\u00f9 una religione di \u00abchierici\u00bb (fatto che, come nota Henri-Ir\u00e9n\u00e9e Marrou, meglio si adatta a religione come il buddismo che alla intrinseca natura del fatto cristiano), ci\u00f2 non significa affatto che nell&#8217;et\u00e0 medievale non esiste una religiosit\u00e0 diffusa a tutti i livelli e spesso anche profondamente radicata nel cuore di chi la praticava.<\/p>\n<p style=\"text-align: justify;\"><a href=\"https:\/\/www.rassegnastampa-totustuus.it\/cattolica\/wp-content\/uploads\/2005\/05\/economia_Medioevo.jpg\"><img loading=\"lazy\" decoding=\"async\" class=\"size-full wp-image-35312 alignleft\" src=\"https:\/\/www.rassegnastampa-totustuus.it\/cattolica\/wp-content\/uploads\/2005\/05\/economia_Medioevo.jpg\" alt=\"\" width=\"266\" height=\"189\" \/><\/a>Di questa religiosit\u00e0 poche fonti ci parlano, specie per quanto concerne il comune fedele, la cui vita religiosa era generalmente inserita nel quadro parrocchiale; ci restano s\u00ec degli status animarum, dei registri, pi\u00f9 raramente qualche traccia di visita pastorale, ma non sempre siamo di fronte a documenti molto eloquenti.<\/p>\n<p style=\"text-align: justify;\">Possiamo presumere che il fedele del Medioevo si accontentasse per lo pi\u00f9 della assiduit\u00e0 alla messa festiva, dell&#8217;adempimento all&#8217;obbligo della confessione e comunione una volta l&#8217;anno, dei sacramenti cosiddetti \u00abstagionali\u00bb (che segnano cio\u00e8 le stagioni della vita umana, come il battesimo, il matrimonio, l&#8217;estrema unzione), della recita di alcune preghiere tra le pi\u00f9 semplici e comuni.<\/p>\n<p style=\"text-align: justify;\"><a href=\"https:\/\/www.rassegnastampa-totustuus.it\/cattolica\/wp-content\/uploads\/2019\/09\/corporazioni_medioevo.jpg\"><img loading=\"lazy\" decoding=\"async\" class=\"size-medium wp-image-44321 alignright\" src=\"https:\/\/www.rassegnastampa-totustuus.it\/cattolica\/wp-content\/uploads\/2019\/09\/corporazioni_medioevo-300x169.jpg\" alt=\"\" width=\"300\" height=\"169\" srcset=\"https:\/\/www.rassegnastampa-totustuus.it\/cattolica\/wp-content\/uploads\/2019\/09\/corporazioni_medioevo-300x169.jpg 300w, https:\/\/www.rassegnastampa-totustuus.it\/cattolica\/wp-content\/uploads\/2019\/09\/corporazioni_medioevo-768x432.jpg 768w, https:\/\/www.rassegnastampa-totustuus.it\/cattolica\/wp-content\/uploads\/2019\/09\/corporazioni_medioevo-1024x576.jpg 1024w, https:\/\/www.rassegnastampa-totustuus.it\/cattolica\/wp-content\/uploads\/2019\/09\/corporazioni_medioevo.jpg 1280w\" sizes=\"auto, (max-width: 300px) 100vw, 300px\" \/><\/a>Esistevano certo dei fedeli pi\u00f9 devoti, che a questi gesti minimali aggiungevano un maggior impegno: in quali forme esso si esprimeva? Generalmente il devoto si univa ad altri in associazioni di cui i documenti ci forniscono varie testimonianze. Il latino medievale designa tali forme con diversi termini (collegium, consortium, societas, gilda, schola, fraternitas, fratria, agape, caritas, confraternitas, ecc.), di cui alcuni ereditati dall&#8217;antichit\u00e0 attraverso l&#8217;esperienza associativa dei primi secoli della Chiesa.<\/p>\n<p style=\"text-align: justify;\">Il Medioevo \u00e8 ricco di istituzioni di tipo associativo: basta pensare alle ben note corporazioni di arti e mestieri. Tutte queste forme, nel contesto di una societas Christiana, avevano una valenza religiosa. Ogni associazione prevedeva nel suo statuto la celebrazione di una messa, l&#8217;adempimento di opere di misericordia, la scelta di un santo patrono, e via dicendo. Che cosa dunque distingue le associazioni le une dalle altre, se tutte hanno in s\u00e9, pi\u00f9 o meno marcato, questo aspetto religioso?<\/p>\n<p style=\"text-align: justify;\"><a href=\"https:\/\/www.rassegnastampa-totustuus.it\/cattolica\/wp-content\/uploads\/2005\/09\/industria_medioevo.jpg\"><img loading=\"lazy\" decoding=\"async\" class=\"size-full wp-image-27176 alignleft\" src=\"https:\/\/www.rassegnastampa-totustuus.it\/cattolica\/wp-content\/uploads\/2005\/09\/industria_medioevo.jpg\" alt=\"\" width=\"176\" height=\"200\" \/><\/a>Occorre accertare quale fosse la finalit\u00e0 primaria della istituzione in oggetto. Allorch\u00e9 essa si proponeva come suo scopo essenziale un fine prettamente spirituale (<em>propter salutem animae<\/em>) ci troviamo di fronte a quanto normalmente si definisce confraternita, o con maggior precisione confraternita di devozione, devota confraternita, pia confraternita laicale.<\/p>\n<p style=\"text-align: justify;\">Quest&#8217;ultimo termine \u00e8 importante perch\u00e9, per quanto detto all&#8217;inizio, rivolgeremo la nostra attenzione soprattutto a quelle forme di vita associativa che testimoniano della piet\u00e0 dei laici, tenendo presente il fatto che le confraternite laicali normalmente annoveravano tra i propri aderenti anche dei chierici, sia pur in numero limitato.<\/p>\n<p style=\"text-align: justify;\">Notiamo che esistevano anche delle associazioni spirituali che non si possono definire confraternite nel senso proprio del termine, in quanto non presentavano quei caratteri di organicit\u00e0 e di vera vita associativa che contraddistinguono la confraternita di devozione.<\/p>\n<p style=\"text-align: justify;\"><a href=\"https:\/\/www.rassegnastampa-totustuus.it\/cattolica\/wp-content\/uploads\/2019\/08\/Formelle_Giotto-4.jpg\"><img loading=\"lazy\" decoding=\"async\" class=\"size-full wp-image-43779 alignright\" src=\"https:\/\/www.rassegnastampa-totustuus.it\/cattolica\/wp-content\/uploads\/2019\/08\/Formelle_Giotto-4.jpg\" alt=\"\" width=\"193\" height=\"261\" \/><\/a>Si pu\u00f2 trattare ad esempio di associazioni di preghiera, facenti capo ad un luogo di culto privilegiato e particolarmente in auge, come un monastero rinomato od un santuario. In esse, il laico si associava ai chierici del luogo, assicurandosi preghiere ed indulgenze, in cambio di un contributo, una donazione, e cos\u00ec via. Ci\u00f2 comportava talora un pellegrinaggio al luogo di culto; ma non vi era tra gli aderenti alcun rapporto organico.<\/p>\n<p style=\"text-align: justify;\">Alla vita della confraternita pia \u00e8 invece del tutto necessaria la organicit\u00e0: tutti i suoi membri abitano per lo pi\u00f9 nello stesso luogo, hanno dei momenti comuni che devono servire alla reciproca edificazione (messe, adunanze di preghiera, ecc.), si danno uno statuto e nominano tra gli aderenti degli \u00abufficiali\u00bb per l&#8217;adempimento di diversi compiti.<\/p>\n<p style=\"text-align: justify;\">A proposito degli statuti, si deve notare che quelli a noi pervenuti sono spesso molto pi\u00f9 tardi della erezione della confraternita in questione: all&#8217;inizio si aveva sovente soltanto un atto formale di erezione, con l&#8217;elencazione degli scopi e degli obblighi fatta in modo molto sommario, ed una \u00abmatricola\u00bb, cio\u00e8 un elenco dei soci fondatori.<\/p>\n<p style=\"text-align: justify;\"><a href=\"https:\/\/www.rassegnastampa-totustuus.it\/cattolica\/wp-content\/uploads\/2019\/08\/Formelle_Giotto-2.jpg\"><img loading=\"lazy\" decoding=\"async\" class=\" wp-image-43777 alignleft\" src=\"https:\/\/www.rassegnastampa-totustuus.it\/cattolica\/wp-content\/uploads\/2019\/08\/Formelle_Giotto-2-269x300.jpg\" alt=\"\" width=\"238\" height=\"265\" srcset=\"https:\/\/www.rassegnastampa-totustuus.it\/cattolica\/wp-content\/uploads\/2019\/08\/Formelle_Giotto-2-269x300.jpg 269w, https:\/\/www.rassegnastampa-totustuus.it\/cattolica\/wp-content\/uploads\/2019\/08\/Formelle_Giotto-2.jpg 627w\" sizes=\"auto, (max-width: 238px) 100vw, 238px\" \/><\/a>Tra le attivit\u00e0 pi\u00f9 frequentemente espletate dai membri di una confraternita si possono ricordare l&#8217;assistenza ed il mutuo soccorso tra gli aderenti, l&#8217;attivit\u00e0 caritativa nei confronti dei poveri e dei deboli, la cura per la sepoltura dei defunti, l&#8217;attenzione dedicata alla manutenzione ed alla cura dei luoghi di culto, la partecipazione collettiva a manifestazioni religiose come processioni ecc.<\/p>\n<p style=\"text-align: center;\"><strong>Il convito festivo<\/strong><\/p>\n<p style=\"text-align: justify;\">Momento comune previsto in tutte le pie confraternite era l&#8217;adunanza annua nel giorno del santo patrono. In occasione di tale festa i membri della confraternita si riunivano per la celebrazione eucaristica cui generalmente seguiva un convito fraterno (non sempre esente da eccessi, tanto che molte disposizioni conciliari prendono in considerazione questo aspetto per cercare di evitarne le degenerazioni).<\/p>\n<p style=\"text-align: justify;\"><a href=\"https:\/\/www.rassegnastampa-totustuus.it\/cattolica\/wp-content\/uploads\/2019\/03\/medioevo_amanuensi.jpg\"><img loading=\"lazy\" decoding=\"async\" class=\"size-full wp-image-42296 alignright\" src=\"https:\/\/www.rassegnastampa-totustuus.it\/cattolica\/wp-content\/uploads\/2019\/03\/medioevo_amanuensi.jpg\" alt=\"\" width=\"263\" height=\"192\" \/><\/a>Per il resto, la frequenza delle assemblee poteva variare notevolmente, da un minimo di 1-2 volte l&#8217;anno, all&#8217;adunanza mensile, a quella settimanale di preghiera. L&#8217;adunanza mensile si teneva spesso la prima domenica del mese, o il primo giorno del mese: questa usanza derivava dall&#8217;antichit\u00e0, allorch\u00e9 si festeggiava la nuova luna all&#8217;inizio di ogni mese, come presagio di prosperit\u00e0.<\/p>\n<p style=\"text-align: justify;\">Essa era presente anche nel mondo ebraico: \u00ab<em>Cos\u00ec anche nei vostri giorni di gioia, nelle vostre solennit\u00e0 e al principio dei vostri mesi, suonerete le trombe quando offrirete olocausti e sacrif\u00ecci di comunione; esse vi ricorderanno davanti al vostro Dio<\/em>\u00bb (Numeri 10,10; cf. Numeri 28,11 ss).<\/p>\n<p style=\"text-align: justify;\">Nonostante l&#8217;intervento delle autorit\u00e0 e in particolare dei concili contro il persistere di tale usanza nel mondo cristiano, essa aveva conosciuto una notevole ripresa soprattutto nell&#8217;et\u00e0 carolingia, per il fatto che era presente nelle tradizioni di molte trib\u00f9 germaniche ormai convertite al cristianesimo ma ancora attaccate ai propri usi, cui si tendeva a conferire un significato cristiano senza cancellarli totalmente.<\/p>\n<p style=\"text-align: justify;\"><a href=\"https:\/\/www.rassegnastampa-totustuus.it\/cattolica\/wp-content\/uploads\/2018\/03\/medioevo.jpg\"><img loading=\"lazy\" decoding=\"async\" class=\"size-medium wp-image-40023 alignleft\" src=\"https:\/\/www.rassegnastampa-totustuus.it\/cattolica\/wp-content\/uploads\/2018\/03\/medioevo-300x168.jpg\" alt=\"\" width=\"300\" height=\"168\" \/><\/a>Come le norme e gli statuti, che sono l&#8217;indice di una vita, cos\u00ec anche le vicende delle confraternite possono variare in modo anche considerevole. Dato il lungo arco di secoli da esse percorso, si deve tener conto del fatto che variano le mentalit\u00e0, la vita sociale, le forme stesse di devozione.<\/p>\n<p style=\"text-align: justify;\">Alcune confraternite rimangono fisse e stabili agli intenti e alle forme originarie, e ci\u00f2 comporta col tempo la loro estinzione; altre senza mutare la propria sostanza vi apportano per\u00f2 degli importanti cambiamenti (non consideriamo come tali le variazioni degli statuti puramente formali, con rilevanza cio\u00e8 solo a livello tecnico e non religioso); altre ancora si adattano integralmente ai tempi nuovi mutando anche la propria sostanza, ad esempio lo scopo con cui erano sorte.<\/p>\n<p style=\"text-align: justify;\">Questi mutamenti, pi\u00f9 evidenti a partire dalla seconda met\u00e0 del XV secolo, costituiscono una interessante testimonianza sul periodo della riforma della Chiesa, e particolarmente sull&#8217;azione dei fedeli e sul ruolo della loro spiritualit\u00e0 in questo importante periodo storico.<\/p>\n","protected":false},"excerpt":{"rendered":"<p>Litterae Communionis Anno VI &#8211; Dicembre 1979 Assistenza e mutuo soccorso, azione caritativa verso i poveri, cura della sepoltura dei defunti, partecipazione alle manifestazioni religiose, sono tra le attivit\u00e0 pi\u00f9 frequentemente espletate da quei laici consociati per un ideale di santit\u00e0 di Paola Cattaneo<\/p><p><a class=\"more-link btn\" href=\"https:\/\/www.rassegnastampa-totustuus.it\/cattolica\/44320\/\">Continua a leggere<\/a><\/p>\n","protected":false},"author":6,"featured_media":44321,"comment_status":"closed","ping_status":"closed","sticky":false,"template":"","format":"standard","meta":{"footnotes":""},"categories":[91,24],"tags":[2751,268,162],"class_list":["post-44320","post","type-post","status-publish","format-standard","has-post-thumbnail","hentry","category-medioevo","category-storia","tag-corporazioni","tag-medioevo-2","tag-storia-2","item-wrap"],"yoast_head":"<!-- This site is optimized with the Yoast SEO plugin v27.5 - https:\/\/yoast.com\/product\/yoast-seo-wordpress\/ -->\n<title>Regola e libert\u00e0 nelle confraternite laicali del medioevo - Rassegna Stampa Cattolica<\/title>\n<meta name=\"description\" content=\"Rassegna Stampa Cattolica - Per una cultura che nasce dalla Rivelazione cristiana in conformit\u00e0 alla tradizione e al Magistero della Chiesa in opposizione ad ogni relativismo e totalitarismo\" \/>\n<meta name=\"robots\" content=\"index, follow, max-snippet:-1, max-image-preview:large, max-video-preview:-1\" \/>\n<link rel=\"canonical\" href=\"https:\/\/www.rassegnastampa-totustuus.it\/cattolica\/44320\/\" \/>\n<meta property=\"og:locale\" content=\"it_IT\" \/>\n<meta property=\"og:type\" content=\"article\" \/>\n<meta property=\"og:title\" content=\"Regola e libert\u00e0 nelle confraternite laicali del medioevo - Rassegna Stampa Cattolica\" \/>\n<meta property=\"og:description\" content=\"Rassegna Stampa Cattolica - Per una cultura che nasce dalla Rivelazione cristiana in conformit\u00e0 alla tradizione e al Magistero della Chiesa in opposizione ad ogni relativismo e totalitarismo\" \/>\n<meta property=\"og:url\" content=\"https:\/\/www.rassegnastampa-totustuus.it\/cattolica\/44320\/\" \/>\n<meta property=\"og:site_name\" content=\"Rassegna Stampa Cattolica\" \/>\n<meta property=\"article:publisher\" content=\"https:\/\/www.facebook.com\/rassegnastampacattolica\" \/>\n<meta property=\"article:published_time\" content=\"2019-09-18T22:00:45+00:00\" \/>\n<meta property=\"article:modified_time\" content=\"2019-09-26T06:31:35+00:00\" \/>\n<meta property=\"og:image\" content=\"https:\/\/www.rassegnastampa-totustuus.it\/cattolica\/wp-content\/uploads\/2019\/09\/corporazioni_medioevo.jpg\" \/>\n\t<meta property=\"og:image:width\" content=\"1280\" \/>\n\t<meta property=\"og:image:height\" content=\"720\" \/>\n\t<meta property=\"og:image:type\" content=\"image\/jpeg\" \/>\n<meta name=\"author\" content=\"Redazione\" \/>\n<meta name=\"twitter:card\" content=\"summary_large_image\" \/>\n<meta name=\"twitter:creator\" content=\"@rassegnastampa9\" \/>\n<meta name=\"twitter:site\" content=\"@rassegnastampa9\" \/>\n<meta name=\"twitter:label1\" content=\"Scritto da\" \/>\n\t<meta name=\"twitter:data1\" content=\"Redazione\" \/>\n\t<meta name=\"twitter:label2\" content=\"Tempo di lettura stimato\" \/>\n\t<meta name=\"twitter:data2\" content=\"6 minuti\" \/>\n<script type=\"application\/ld+json\" class=\"yoast-schema-graph\">{\"@context\":\"https:\\\/\\\/schema.org\",\"@graph\":[{\"@type\":\"Article\",\"@id\":\"https:\\\/\\\/www.rassegnastampa-totustuus.it\\\/cattolica\\\/44320\\\/#article\",\"isPartOf\":{\"@id\":\"https:\\\/\\\/www.rassegnastampa-totustuus.it\\\/cattolica\\\/44320\\\/\"},\"author\":{\"name\":\"Redazione\",\"@id\":\"https:\\\/\\\/www.rassegnastampa-totustuus.it\\\/cattolica\\\/#\\\/schema\\\/person\\\/08f319d2bd1a0904ad9e2bfb7b15e5c3\"},\"headline\":\"Regola e libert\u00e0 nelle confraternite laicali del medioevo\",\"datePublished\":\"2019-09-18T22:00:45+00:00\",\"dateModified\":\"2019-09-26T06:31:35+00:00\",\"mainEntityOfPage\":{\"@id\":\"https:\\\/\\\/www.rassegnastampa-totustuus.it\\\/cattolica\\\/44320\\\/\"},\"wordCount\":1154,\"publisher\":{\"@id\":\"https:\\\/\\\/www.rassegnastampa-totustuus.it\\\/cattolica\\\/#organization\"},\"image\":{\"@id\":\"https:\\\/\\\/www.rassegnastampa-totustuus.it\\\/cattolica\\\/44320\\\/#primaryimage\"},\"thumbnailUrl\":\"https:\\\/\\\/www.rassegnastampa-totustuus.it\\\/cattolica\\\/wp-content\\\/uploads\\\/2019\\\/09\\\/corporazioni_medioevo.jpg\",\"keywords\":[\"corporazioni\",\"medioevo\",\"storia\"],\"articleSection\":[\"Medioevo\",\"Storia\"],\"inLanguage\":\"it-IT\"},{\"@type\":\"WebPage\",\"@id\":\"https:\\\/\\\/www.rassegnastampa-totustuus.it\\\/cattolica\\\/44320\\\/\",\"url\":\"https:\\\/\\\/www.rassegnastampa-totustuus.it\\\/cattolica\\\/44320\\\/\",\"name\":\"Regola e libert\u00e0 nelle confraternite laicali del medioevo - Rassegna Stampa Cattolica\",\"isPartOf\":{\"@id\":\"https:\\\/\\\/www.rassegnastampa-totustuus.it\\\/cattolica\\\/#website\"},\"primaryImageOfPage\":{\"@id\":\"https:\\\/\\\/www.rassegnastampa-totustuus.it\\\/cattolica\\\/44320\\\/#primaryimage\"},\"image\":{\"@id\":\"https:\\\/\\\/www.rassegnastampa-totustuus.it\\\/cattolica\\\/44320\\\/#primaryimage\"},\"thumbnailUrl\":\"https:\\\/\\\/www.rassegnastampa-totustuus.it\\\/cattolica\\\/wp-content\\\/uploads\\\/2019\\\/09\\\/corporazioni_medioevo.jpg\",\"datePublished\":\"2019-09-18T22:00:45+00:00\",\"dateModified\":\"2019-09-26T06:31:35+00:00\",\"description\":\"Rassegna Stampa Cattolica - Per una cultura che nasce dalla Rivelazione cristiana in conformit\u00e0 alla tradizione e al Magistero della Chiesa in opposizione ad ogni relativismo e totalitarismo\",\"breadcrumb\":{\"@id\":\"https:\\\/\\\/www.rassegnastampa-totustuus.it\\\/cattolica\\\/44320\\\/#breadcrumb\"},\"inLanguage\":\"it-IT\",\"potentialAction\":[{\"@type\":\"ReadAction\",\"target\":[\"https:\\\/\\\/www.rassegnastampa-totustuus.it\\\/cattolica\\\/44320\\\/\"]}]},{\"@type\":\"ImageObject\",\"inLanguage\":\"it-IT\",\"@id\":\"https:\\\/\\\/www.rassegnastampa-totustuus.it\\\/cattolica\\\/44320\\\/#primaryimage\",\"url\":\"https:\\\/\\\/www.rassegnastampa-totustuus.it\\\/cattolica\\\/wp-content\\\/uploads\\\/2019\\\/09\\\/corporazioni_medioevo.jpg\",\"contentUrl\":\"https:\\\/\\\/www.rassegnastampa-totustuus.it\\\/cattolica\\\/wp-content\\\/uploads\\\/2019\\\/09\\\/corporazioni_medioevo.jpg\",\"width\":1280,\"height\":720},{\"@type\":\"BreadcrumbList\",\"@id\":\"https:\\\/\\\/www.rassegnastampa-totustuus.it\\\/cattolica\\\/44320\\\/#breadcrumb\",\"itemListElement\":[{\"@type\":\"ListItem\",\"position\":1,\"name\":\"Home\",\"item\":\"https:\\\/\\\/www.rassegnastampa-totustuus.it\\\/cattolica\\\/\"},{\"@type\":\"ListItem\",\"position\":2,\"name\":\"Regola e libert\u00e0 nelle confraternite laicali del medioevo\"}]},{\"@type\":\"WebSite\",\"@id\":\"https:\\\/\\\/www.rassegnastampa-totustuus.it\\\/cattolica\\\/#website\",\"url\":\"https:\\\/\\\/www.rassegnastampa-totustuus.it\\\/cattolica\\\/\",\"name\":\"Rassegna Stampa Cattolica\",\"description\":\"Per una cultura che nasce dalla Rivelazione cristiana in conformit\u00e0 alla tradizione e al Magistero della Chiesa in opposizione ad ogni relativismo e totalitarismo\",\"publisher\":{\"@id\":\"https:\\\/\\\/www.rassegnastampa-totustuus.it\\\/cattolica\\\/#organization\"},\"alternateName\":\"Rass. Cattolica\",\"potentialAction\":[{\"@type\":\"SearchAction\",\"target\":{\"@type\":\"EntryPoint\",\"urlTemplate\":\"https:\\\/\\\/www.rassegnastampa-totustuus.it\\\/cattolica\\\/?s={search_term_string}\"},\"query-input\":{\"@type\":\"PropertyValueSpecification\",\"valueRequired\":true,\"valueName\":\"search_term_string\"}}],\"inLanguage\":\"it-IT\"},{\"@type\":\"Organization\",\"@id\":\"https:\\\/\\\/www.rassegnastampa-totustuus.it\\\/cattolica\\\/#organization\",\"name\":\"Rassegna Stampa Cattolica\",\"url\":\"https:\\\/\\\/www.rassegnastampa-totustuus.it\\\/cattolica\\\/\",\"logo\":{\"@type\":\"ImageObject\",\"inLanguage\":\"it-IT\",\"@id\":\"https:\\\/\\\/www.rassegnastampa-totustuus.it\\\/cattolica\\\/#\\\/schema\\\/logo\\\/image\\\/\",\"url\":\"https:\\\/\\\/www.rassegnastampa-totustuus.it\\\/cattolica\\\/wp-content\\\/uploads\\\/2014\\\/04\\\/logo-rassegna1.gif\",\"contentUrl\":\"https:\\\/\\\/www.rassegnastampa-totustuus.it\\\/cattolica\\\/wp-content\\\/uploads\\\/2014\\\/04\\\/logo-rassegna1.gif\",\"width\":600,\"height\":163,\"caption\":\"Rassegna Stampa Cattolica\"},\"image\":{\"@id\":\"https:\\\/\\\/www.rassegnastampa-totustuus.it\\\/cattolica\\\/#\\\/schema\\\/logo\\\/image\\\/\"},\"sameAs\":[\"https:\\\/\\\/www.facebook.com\\\/rassegnastampacattolica\",\"https:\\\/\\\/x.com\\\/rassegnastampa9\"]},{\"@type\":\"Person\",\"@id\":\"https:\\\/\\\/www.rassegnastampa-totustuus.it\\\/cattolica\\\/#\\\/schema\\\/person\\\/08f319d2bd1a0904ad9e2bfb7b15e5c3\",\"name\":\"Redazione\",\"image\":{\"@type\":\"ImageObject\",\"inLanguage\":\"it-IT\",\"@id\":\"https:\\\/\\\/secure.gravatar.com\\\/avatar\\\/2fcdf27c78ea025fbdb44e914cc63c72249ffec9dc8aafd5c82b26240ef3f346?s=96&d=mm&r=g\",\"url\":\"https:\\\/\\\/secure.gravatar.com\\\/avatar\\\/2fcdf27c78ea025fbdb44e914cc63c72249ffec9dc8aafd5c82b26240ef3f346?s=96&d=mm&r=g\",\"contentUrl\":\"https:\\\/\\\/secure.gravatar.com\\\/avatar\\\/2fcdf27c78ea025fbdb44e914cc63c72249ffec9dc8aafd5c82b26240ef3f346?s=96&d=mm&r=g\",\"caption\":\"Redazione\"},\"url\":\"https:\\\/\\\/www.rassegnastampa-totustuus.it\\\/cattolica\\\/author\\\/pietroelle\\\/\"}]}<\/script>\n<!-- \/ Yoast SEO plugin. -->","yoast_head_json":{"title":"Regola e libert\u00e0 nelle confraternite laicali del medioevo - Rassegna Stampa Cattolica","description":"Rassegna Stampa Cattolica - Per una cultura che nasce dalla Rivelazione cristiana in conformit\u00e0 alla tradizione e al Magistero della Chiesa in opposizione ad ogni relativismo e totalitarismo","robots":{"index":"index","follow":"follow","max-snippet":"max-snippet:-1","max-image-preview":"max-image-preview:large","max-video-preview":"max-video-preview:-1"},"canonical":"https:\/\/www.rassegnastampa-totustuus.it\/cattolica\/44320\/","og_locale":"it_IT","og_type":"article","og_title":"Regola e libert\u00e0 nelle confraternite laicali del medioevo - Rassegna Stampa Cattolica","og_description":"Rassegna Stampa Cattolica - Per una cultura che nasce dalla Rivelazione cristiana in conformit\u00e0 alla tradizione e al Magistero della Chiesa in opposizione ad ogni relativismo e totalitarismo","og_url":"https:\/\/www.rassegnastampa-totustuus.it\/cattolica\/44320\/","og_site_name":"Rassegna Stampa Cattolica","article_publisher":"https:\/\/www.facebook.com\/rassegnastampacattolica","article_published_time":"2019-09-18T22:00:45+00:00","article_modified_time":"2019-09-26T06:31:35+00:00","og_image":[{"width":1280,"height":720,"url":"https:\/\/www.rassegnastampa-totustuus.it\/cattolica\/wp-content\/uploads\/2019\/09\/corporazioni_medioevo.jpg","type":"image\/jpeg"}],"author":"Redazione","twitter_card":"summary_large_image","twitter_creator":"@rassegnastampa9","twitter_site":"@rassegnastampa9","twitter_misc":{"Scritto da":"Redazione","Tempo di lettura stimato":"6 minuti"},"schema":{"@context":"https:\/\/schema.org","@graph":[{"@type":"Article","@id":"https:\/\/www.rassegnastampa-totustuus.it\/cattolica\/44320\/#article","isPartOf":{"@id":"https:\/\/www.rassegnastampa-totustuus.it\/cattolica\/44320\/"},"author":{"name":"Redazione","@id":"https:\/\/www.rassegnastampa-totustuus.it\/cattolica\/#\/schema\/person\/08f319d2bd1a0904ad9e2bfb7b15e5c3"},"headline":"Regola e libert\u00e0 nelle confraternite laicali del medioevo","datePublished":"2019-09-18T22:00:45+00:00","dateModified":"2019-09-26T06:31:35+00:00","mainEntityOfPage":{"@id":"https:\/\/www.rassegnastampa-totustuus.it\/cattolica\/44320\/"},"wordCount":1154,"publisher":{"@id":"https:\/\/www.rassegnastampa-totustuus.it\/cattolica\/#organization"},"image":{"@id":"https:\/\/www.rassegnastampa-totustuus.it\/cattolica\/44320\/#primaryimage"},"thumbnailUrl":"https:\/\/www.rassegnastampa-totustuus.it\/cattolica\/wp-content\/uploads\/2019\/09\/corporazioni_medioevo.jpg","keywords":["corporazioni","medioevo","storia"],"articleSection":["Medioevo","Storia"],"inLanguage":"it-IT"},{"@type":"WebPage","@id":"https:\/\/www.rassegnastampa-totustuus.it\/cattolica\/44320\/","url":"https:\/\/www.rassegnastampa-totustuus.it\/cattolica\/44320\/","name":"Regola e libert\u00e0 nelle confraternite laicali del medioevo - Rassegna Stampa Cattolica","isPartOf":{"@id":"https:\/\/www.rassegnastampa-totustuus.it\/cattolica\/#website"},"primaryImageOfPage":{"@id":"https:\/\/www.rassegnastampa-totustuus.it\/cattolica\/44320\/#primaryimage"},"image":{"@id":"https:\/\/www.rassegnastampa-totustuus.it\/cattolica\/44320\/#primaryimage"},"thumbnailUrl":"https:\/\/www.rassegnastampa-totustuus.it\/cattolica\/wp-content\/uploads\/2019\/09\/corporazioni_medioevo.jpg","datePublished":"2019-09-18T22:00:45+00:00","dateModified":"2019-09-26T06:31:35+00:00","description":"Rassegna Stampa Cattolica - Per una cultura che nasce dalla Rivelazione cristiana in conformit\u00e0 alla tradizione e al Magistero della Chiesa in opposizione ad ogni relativismo e totalitarismo","breadcrumb":{"@id":"https:\/\/www.rassegnastampa-totustuus.it\/cattolica\/44320\/#breadcrumb"},"inLanguage":"it-IT","potentialAction":[{"@type":"ReadAction","target":["https:\/\/www.rassegnastampa-totustuus.it\/cattolica\/44320\/"]}]},{"@type":"ImageObject","inLanguage":"it-IT","@id":"https:\/\/www.rassegnastampa-totustuus.it\/cattolica\/44320\/#primaryimage","url":"https:\/\/www.rassegnastampa-totustuus.it\/cattolica\/wp-content\/uploads\/2019\/09\/corporazioni_medioevo.jpg","contentUrl":"https:\/\/www.rassegnastampa-totustuus.it\/cattolica\/wp-content\/uploads\/2019\/09\/corporazioni_medioevo.jpg","width":1280,"height":720},{"@type":"BreadcrumbList","@id":"https:\/\/www.rassegnastampa-totustuus.it\/cattolica\/44320\/#breadcrumb","itemListElement":[{"@type":"ListItem","position":1,"name":"Home","item":"https:\/\/www.rassegnastampa-totustuus.it\/cattolica\/"},{"@type":"ListItem","position":2,"name":"Regola e libert\u00e0 nelle confraternite laicali del medioevo"}]},{"@type":"WebSite","@id":"https:\/\/www.rassegnastampa-totustuus.it\/cattolica\/#website","url":"https:\/\/www.rassegnastampa-totustuus.it\/cattolica\/","name":"Rassegna Stampa Cattolica","description":"Per una cultura che nasce dalla Rivelazione cristiana in conformit\u00e0 alla tradizione e al Magistero della Chiesa in opposizione ad ogni relativismo e totalitarismo","publisher":{"@id":"https:\/\/www.rassegnastampa-totustuus.it\/cattolica\/#organization"},"alternateName":"Rass. Cattolica","potentialAction":[{"@type":"SearchAction","target":{"@type":"EntryPoint","urlTemplate":"https:\/\/www.rassegnastampa-totustuus.it\/cattolica\/?s={search_term_string}"},"query-input":{"@type":"PropertyValueSpecification","valueRequired":true,"valueName":"search_term_string"}}],"inLanguage":"it-IT"},{"@type":"Organization","@id":"https:\/\/www.rassegnastampa-totustuus.it\/cattolica\/#organization","name":"Rassegna Stampa Cattolica","url":"https:\/\/www.rassegnastampa-totustuus.it\/cattolica\/","logo":{"@type":"ImageObject","inLanguage":"it-IT","@id":"https:\/\/www.rassegnastampa-totustuus.it\/cattolica\/#\/schema\/logo\/image\/","url":"https:\/\/www.rassegnastampa-totustuus.it\/cattolica\/wp-content\/uploads\/2014\/04\/logo-rassegna1.gif","contentUrl":"https:\/\/www.rassegnastampa-totustuus.it\/cattolica\/wp-content\/uploads\/2014\/04\/logo-rassegna1.gif","width":600,"height":163,"caption":"Rassegna Stampa Cattolica"},"image":{"@id":"https:\/\/www.rassegnastampa-totustuus.it\/cattolica\/#\/schema\/logo\/image\/"},"sameAs":["https:\/\/www.facebook.com\/rassegnastampacattolica","https:\/\/x.com\/rassegnastampa9"]},{"@type":"Person","@id":"https:\/\/www.rassegnastampa-totustuus.it\/cattolica\/#\/schema\/person\/08f319d2bd1a0904ad9e2bfb7b15e5c3","name":"Redazione","image":{"@type":"ImageObject","inLanguage":"it-IT","@id":"https:\/\/secure.gravatar.com\/avatar\/2fcdf27c78ea025fbdb44e914cc63c72249ffec9dc8aafd5c82b26240ef3f346?s=96&d=mm&r=g","url":"https:\/\/secure.gravatar.com\/avatar\/2fcdf27c78ea025fbdb44e914cc63c72249ffec9dc8aafd5c82b26240ef3f346?s=96&d=mm&r=g","contentUrl":"https:\/\/secure.gravatar.com\/avatar\/2fcdf27c78ea025fbdb44e914cc63c72249ffec9dc8aafd5c82b26240ef3f346?s=96&d=mm&r=g","caption":"Redazione"},"url":"https:\/\/www.rassegnastampa-totustuus.it\/cattolica\/author\/pietroelle\/"}]}},"_links":{"self":[{"href":"https:\/\/www.rassegnastampa-totustuus.it\/cattolica\/wp-json\/wp\/v2\/posts\/44320","targetHints":{"allow":["GET"]}}],"collection":[{"href":"https:\/\/www.rassegnastampa-totustuus.it\/cattolica\/wp-json\/wp\/v2\/posts"}],"about":[{"href":"https:\/\/www.rassegnastampa-totustuus.it\/cattolica\/wp-json\/wp\/v2\/types\/post"}],"author":[{"embeddable":true,"href":"https:\/\/www.rassegnastampa-totustuus.it\/cattolica\/wp-json\/wp\/v2\/users\/6"}],"replies":[{"embeddable":true,"href":"https:\/\/www.rassegnastampa-totustuus.it\/cattolica\/wp-json\/wp\/v2\/comments?post=44320"}],"version-history":[{"count":6,"href":"https:\/\/www.rassegnastampa-totustuus.it\/cattolica\/wp-json\/wp\/v2\/posts\/44320\/revisions"}],"predecessor-version":[{"id":44474,"href":"https:\/\/www.rassegnastampa-totustuus.it\/cattolica\/wp-json\/wp\/v2\/posts\/44320\/revisions\/44474"}],"wp:featuredmedia":[{"embeddable":true,"href":"https:\/\/www.rassegnastampa-totustuus.it\/cattolica\/wp-json\/wp\/v2\/media\/44321"}],"wp:attachment":[{"href":"https:\/\/www.rassegnastampa-totustuus.it\/cattolica\/wp-json\/wp\/v2\/media?parent=44320"}],"wp:term":[{"taxonomy":"category","embeddable":true,"href":"https:\/\/www.rassegnastampa-totustuus.it\/cattolica\/wp-json\/wp\/v2\/categories?post=44320"},{"taxonomy":"post_tag","embeddable":true,"href":"https:\/\/www.rassegnastampa-totustuus.it\/cattolica\/wp-json\/wp\/v2\/tags?post=44320"}],"curies":[{"name":"wp","href":"https:\/\/api.w.org\/{rel}","templated":true}]}}