{"id":44308,"date":"2019-09-19T00:00:41","date_gmt":"2019-09-18T22:00:41","guid":{"rendered":"http:\/\/www.rassegnastampa-totustuus.it\/cattolica\/?p=44308"},"modified":"2019-09-15T16:40:39","modified_gmt":"2019-09-15T14:40:39","slug":"il-maschio-occidentale-non-da-piu-segni-di-vita","status":"publish","type":"post","link":"https:\/\/www.rassegnastampa-totustuus.it\/cattolica\/il-maschio-occidentale-non-da-piu-segni-di-vita\/","title":{"rendered":"Il maschio occidentale non d\u00e0 pi\u00f9 segni di vita"},"content":{"rendered":"<p style=\"text-align: center;\"><strong><a href=\"https:\/\/www.rassegnastampa-totustuus.it\/cattolica\/wp-content\/uploads\/2019\/09\/uomini_casalinghi.jpg\"><img loading=\"lazy\" decoding=\"async\" class=\"size-medium wp-image-44311 alignright\" src=\"https:\/\/www.rassegnastampa-totustuus.it\/cattolica\/wp-content\/uploads\/2019\/09\/uomini_casalinghi-300x171.jpg\" alt=\"\" width=\"300\" height=\"171\" srcset=\"https:\/\/www.rassegnastampa-totustuus.it\/cattolica\/wp-content\/uploads\/2019\/09\/uomini_casalinghi-300x171.jpg 300w, https:\/\/www.rassegnastampa-totustuus.it\/cattolica\/wp-content\/uploads\/2019\/09\/uomini_casalinghi-768x438.jpg 768w, https:\/\/www.rassegnastampa-totustuus.it\/cattolica\/wp-content\/uploads\/2019\/09\/uomini_casalinghi-1024x584.jpg 1024w, https:\/\/www.rassegnastampa-totustuus.it\/cattolica\/wp-content\/uploads\/2019\/09\/uomini_casalinghi.jpg 1217w\" sizes=\"auto, (max-width: 300px) 100vw, 300px\" \/><\/a>ItaliaOggi<\/strong> &#8211; Numero 215<\/p>\n<p style=\"text-align: center;\">del 12 settembre 2019<\/p>\n<p style=\"text-align: justify;\"><em>Sono venute meno quelle che sono state per millenni le due strutture di base della societ\u00e0 occidentale: religione e famiglia. La religione si \u00e8 soggettivizzata (\u00e8 una scelta personale), privatizzata (appartiene al tempo libero) e deistituzionalizzata (non ha pi\u00f9 sostegni nelle istituzioni sociali) <\/em><\/p>\n<p style=\"text-align: center;\">di<strong> Gianfranco Morra<\/strong><\/p>\n<p><!--more--><\/p>\n<p style=\"text-align: justify;\">Tutte le societ\u00e0 della storia sono state paternali e maschiliste. Ci\u00f2 accade anche in quasi tutte e societ\u00e0 animali, dove il maschio \u00e8 il pi\u00f9 forte e impone il suo dominio. Nelle societ\u00e0 umane, il maschilismo \u00e8 la regola. Una societ\u00e0 in cui dominano le donne \u00e8 sempre stata considerata un accidente o una abiezione. Come quella delle Amazzoni, che tutta la mitologia greca ha condannato e deriso.<\/p>\n<p style=\"text-align: justify;\"><a href=\"https:\/\/www.rassegnastampa-totustuus.it\/cattolica\/wp-content\/uploads\/2019\/09\/donne_amazzoni.jpg\"><img loading=\"lazy\" decoding=\"async\" class=\"size-full wp-image-44314 alignleft\" src=\"https:\/\/www.rassegnastampa-totustuus.it\/cattolica\/wp-content\/uploads\/2019\/09\/donne_amazzoni.jpg\" alt=\"\" width=\"275\" height=\"183\" \/><\/a>Le donne detenevano il potere della riproduzione fisica del gruppo umano, gli uomini di quello culturale (nel senso vasto di civilt\u00e0). Mascolinit\u00e0 significava capacit\u00e0 di elevarsi al di sopra del proprio sesso per raggiungere uno statuto di universalit\u00e0.<\/p>\n<p style=\"text-align: justify;\">Esisteva un tempo un legame intimo tra dominazione maschile e religione. Insieme per millenni si sono rette a vicenda, insieme oggi attraversano entrambe una crisi profonda.<\/p>\n<p style=\"text-align: justify;\">Oggi, col cambio dei riferimenti \u00abmaschile\u00bb e \u00abfemminile\u00bb sono mutate le condizioni della riproduzione biologica e di quella culturale. In questi giorni appare in traduzione italiana un breve quanto profondo libro: <em>La fine del dominio maschile<\/em> (Vita e Pensiero, pp. 76, euro 10). Ne \u00e8 autore un illustre storico e filosofo, noto anche come politologo, Marchel Gauchet.<\/p>\n<p style=\"text-align: justify;\">Egli apre il suo saggio con una pericolosa e reazionaria affermazione: \u00abL&#8217;avvenimento non \u00e8 di poco conto e da molti sentiamo dire: &#8216;una cosa simile non pu\u00f2 capitare&#8217;; e invece s\u00ec: stiamo assistendo alla fine del dominio maschile\u00bb.\u00a0 Ci\u00f2 di cui si tratta non \u00e8 il crollo della supremazia fisiologica di un sesso sull&#8217;altro, ma della messa in discussione di un sistema di ruoli e di identit\u00e0 che era radicato da sempre nell&#8217;ordine delle cose.<\/p>\n<p style=\"text-align: justify;\"><a href=\"https:\/\/www.rassegnastampa-totustuus.it\/cattolica\/wp-content\/uploads\/2006\/06\/famiglia-2.jpg\"><img loading=\"lazy\" decoding=\"async\" class=\"size-full wp-image-15915 alignright\" src=\"https:\/\/www.rassegnastampa-totustuus.it\/cattolica\/wp-content\/uploads\/2006\/06\/famiglia-2.jpg\" alt=\"\" width=\"264\" height=\"191\" \/><\/a>La fine del dominio maschile ha lasciato un vuoto, anche perch\u00e9 non sappiamo che cosa mettere al suo posto. Oggi \u00e8 l&#8217;impronta affettivo-materna quella che domina i legami sociali. Il vero problema non \u00e8 quello del \u00abcomandano le donne\u00bb, ma la esautorazione di quelle che sono state per millenni le due strutture di base della societ\u00e0 occidentale: religione e famiglia.<\/p>\n<p style=\"text-align: justify;\">La religione \u00e8 arrivata alla conclusione del processo di dissoluzione, una autodistruzione aiutata anche dalle istituzioni delle Chiese. Essa si \u00e8 soggettivizzata (non \u00e8 una eredit\u00e0, ma una scelta personale), privatizzata (appartiene al tempo libero) e deistituzionalizzata (non ha pi\u00f9 sostegni nelle istituzioni sociali).<\/p>\n<p style=\"text-align: justify;\">C&#8217;\u00e8 un market religioso, dove ciascuno pu\u00f2 attingere e cambiare i modi di credere, non esiste pi\u00f9 \u00abla\u00bb religione, ma \u00able\u00bb religioni, che si incontrano, dialogano e si mescolano come in una insalata mista.<\/p>\n<p style=\"text-align: justify;\"><a href=\"https:\/\/www.rassegnastampa-totustuus.it\/cattolica\/wp-content\/uploads\/2005\/06\/chiesa_diroccata.jpg\"><img loading=\"lazy\" decoding=\"async\" class=\"size-full wp-image-30228 alignleft\" src=\"https:\/\/www.rassegnastampa-totustuus.it\/cattolica\/wp-content\/uploads\/2005\/06\/chiesa_diroccata.jpg\" alt=\"\" width=\"276\" height=\"183\" \/><\/a>Di questo dissolvimento della religione in Occidente Gauchet aveva analizzato cause e processo nel suo primo famoso libro: <em>Le d\u00e9senchantment du monde<\/em> (Gallimard, 1985). Quanto alla famiglia, essa non \u00e8 pi\u00f9 la \u00abcellula di base\u00bb sulla quale la collettivit\u00e0 fondava la sua esistenza. Era una istituzione collettiva (a fondamento maschilista), che trasmetteva tutti i valori: religiosi, morali, sociali, tecnologici.<\/p>\n<p style=\"text-align: justify;\">Oggi si \u00e8 liberata di ogni sua realt\u00e0 oggettiva e pedagogica, \u00e8 divenuta un fatto privato, affidato alla libera disposizione dei suoi membri. Un rifugio affettivo a disposizione dei suoi componenti. L&#8217;\u00abimmaturit\u00e0 maschile\u00bb ha consentito la nascita di una societ\u00e0 ultraegalitaria, che ha offuscato insieme con la differenza sessuale la figura del padre.<\/p>\n<p style=\"text-align: justify;\">Dominio maschile voleva dire primato, nella religione, della immagine del genitore: insieme si sono estinti. Con la gioia dei singoli, che si sono liberati del padre celeste, di quello sociale e di quello carnale (\u00abdio, patria e famiglia\u00bb). E si trovano esenti da responsabilit\u00e0, immaturi e \u00abinfantilizzati\u00bb.<\/p>\n<p style=\"text-align: justify;\"><a href=\"https:\/\/www.rassegnastampa-totustuus.it\/cattolica\/wp-content\/uploads\/2019\/06\/gender.jpg\"><img loading=\"lazy\" decoding=\"async\" class=\"size-full wp-image-43212 alignright\" src=\"https:\/\/www.rassegnastampa-totustuus.it\/cattolica\/wp-content\/uploads\/2019\/06\/gender.jpg\" alt=\"\" width=\"276\" height=\"183\" \/><\/a>La fine del maschio si \u00e8 tradotta nella socializzazione dell&#8217;identit\u00e0, scelta liberamente (sin dalla scuola materna) in un mucchio plurimo di generi. \u00c8 una societ\u00e0 priva di continuit\u00e0, che ha dimenticato la passato, vive nel presente gratuito e liquido, ignora quale sar\u00e0 il futuro.<\/p>\n<p style=\"text-align: justify;\">In senso proprio, societ\u00e0 non \u00e8 pi\u00f9: \u00abUna societ\u00e0 esiste solo a partire dal momento in cui \u00e8 in grado di assicurare la continuit\u00e0 della propria cultura e l&#8217;identit\u00e0 della propria organizzazione al di l\u00e0 dell&#8217;avvicendarsi dei suoi membri, che nascono e muoiono\u00bb. Come hanno fatto tutte quelle dei millenni passati.<\/p>\n<p style=\"text-align: justify;\">Tutto cambia nella storia, anche se oggi \u00e8 difficile prevedere un ritorno del dominio maschile.<\/p>\n<p style=\"text-align: justify;\">Gauchet non \u00e8 n\u00e9 un passatista, n\u00e9 un reazionario, n\u00e9 un maschilista, ma un rigoroso analista dei caratteri del nostro tempo. Egli cerca di capire perch\u00e9 un sistema religioso e sociale durato millenni sia cambiato in Occidente nello spazio di cinquant&#8217;anni. Senza presumere che il vecchio ordine fosse in tutto migliore di quello odierno, v&#8217;\u00e8 una conclusione certa e indiscutibile cui Gauchet perviene: \u00abIl maschio \u00e8 morto e anche il padre non sta tanto bene\u00bb.<\/p>\n","protected":false},"excerpt":{"rendered":"<p>ItaliaOggi &#8211; Numero 215 del 12 settembre 2019 Sono venute meno quelle che sono state per millenni le due strutture di base della societ\u00e0 occidentale: religione e famiglia. La religione si \u00e8 soggettivizzata (\u00e8 una scelta personale), privatizzata (appartiene al tempo libero) e deistituzionalizzata (non ha pi\u00f9 sostegni nelle istituzioni sociali) di Gianfranco Morra<\/p><p><a class=\"more-link btn\" href=\"https:\/\/www.rassegnastampa-totustuus.it\/cattolica\/il-maschio-occidentale-non-da-piu-segni-di-vita\/\">Continua a leggere<\/a><\/p>\n","protected":false},"author":6,"featured_media":44311,"comment_status":"closed","ping_status":"closed","sticky":false,"template":"","format":"standard","meta":{"footnotes":""},"categories":[25],"tags":[2547,273,2261],"class_list":["post-44308","post","type-post","status-publish","format-standard","has-post-thumbnail","hentry","category-sguardo-sul-nostro-tempo","tag-crisi-del-maschio","tag-religione","tag-societa","item-wrap"],"yoast_head":"<!-- This site is optimized with the Yoast SEO plugin v27.5 - https:\/\/yoast.com\/product\/yoast-seo-wordpress\/ -->\n<title>Il maschio occidentale non d\u00e0 pi\u00f9 segni di vita - Rassegna Stampa Cattolica<\/title>\n<meta name=\"description\" content=\"Rassegna Stampa Cattolica - Per una cultura che nasce dalla Rivelazione cristiana in conformit\u00e0 alla tradizione e al Magistero della Chiesa in opposizione ad ogni relativismo e totalitarismo\" \/>\n<meta name=\"robots\" content=\"index, follow, max-snippet:-1, max-image-preview:large, max-video-preview:-1\" \/>\n<link rel=\"canonical\" href=\"https:\/\/www.rassegnastampa-totustuus.it\/cattolica\/il-maschio-occidentale-non-da-piu-segni-di-vita\/\" \/>\n<meta property=\"og:locale\" content=\"it_IT\" \/>\n<meta property=\"og:type\" content=\"article\" \/>\n<meta property=\"og:title\" content=\"Il maschio occidentale non d\u00e0 pi\u00f9 segni di vita - Rassegna Stampa Cattolica\" \/>\n<meta property=\"og:description\" content=\"Rassegna Stampa Cattolica - Per una cultura che nasce dalla Rivelazione cristiana in conformit\u00e0 alla tradizione e al Magistero della Chiesa in opposizione ad ogni relativismo e totalitarismo\" \/>\n<meta property=\"og:url\" content=\"https:\/\/www.rassegnastampa-totustuus.it\/cattolica\/il-maschio-occidentale-non-da-piu-segni-di-vita\/\" \/>\n<meta property=\"og:site_name\" content=\"Rassegna Stampa Cattolica\" \/>\n<meta property=\"article:publisher\" content=\"https:\/\/www.facebook.com\/rassegnastampacattolica\" \/>\n<meta property=\"article:published_time\" content=\"2019-09-18T22:00:41+00:00\" \/>\n<meta property=\"og:image\" content=\"https:\/\/www.rassegnastampa-totustuus.it\/cattolica\/wp-content\/uploads\/2019\/09\/uomini_casalinghi.jpg\" \/>\n\t<meta property=\"og:image:width\" content=\"1217\" \/>\n\t<meta property=\"og:image:height\" content=\"694\" \/>\n\t<meta property=\"og:image:type\" content=\"image\/jpeg\" \/>\n<meta name=\"author\" content=\"Redazione\" \/>\n<meta name=\"twitter:card\" content=\"summary_large_image\" \/>\n<meta name=\"twitter:creator\" content=\"@rassegnastampa9\" \/>\n<meta name=\"twitter:site\" content=\"@rassegnastampa9\" \/>\n<meta name=\"twitter:label1\" content=\"Scritto da\" \/>\n\t<meta name=\"twitter:data1\" content=\"Redazione\" \/>\n\t<meta name=\"twitter:label2\" content=\"Tempo di lettura stimato\" \/>\n\t<meta name=\"twitter:data2\" content=\"4 minuti\" \/>\n<script type=\"application\/ld+json\" class=\"yoast-schema-graph\">{\"@context\":\"https:\\\/\\\/schema.org\",\"@graph\":[{\"@type\":\"Article\",\"@id\":\"https:\\\/\\\/www.rassegnastampa-totustuus.it\\\/cattolica\\\/il-maschio-occidentale-non-da-piu-segni-di-vita\\\/#article\",\"isPartOf\":{\"@id\":\"https:\\\/\\\/www.rassegnastampa-totustuus.it\\\/cattolica\\\/il-maschio-occidentale-non-da-piu-segni-di-vita\\\/\"},\"author\":{\"name\":\"Redazione\",\"@id\":\"https:\\\/\\\/www.rassegnastampa-totustuus.it\\\/cattolica\\\/#\\\/schema\\\/person\\\/08f319d2bd1a0904ad9e2bfb7b15e5c3\"},\"headline\":\"Il maschio occidentale non d\u00e0 pi\u00f9 segni di vita\",\"datePublished\":\"2019-09-18T22:00:41+00:00\",\"mainEntityOfPage\":{\"@id\":\"https:\\\/\\\/www.rassegnastampa-totustuus.it\\\/cattolica\\\/il-maschio-occidentale-non-da-piu-segni-di-vita\\\/\"},\"wordCount\":790,\"publisher\":{\"@id\":\"https:\\\/\\\/www.rassegnastampa-totustuus.it\\\/cattolica\\\/#organization\"},\"image\":{\"@id\":\"https:\\\/\\\/www.rassegnastampa-totustuus.it\\\/cattolica\\\/il-maschio-occidentale-non-da-piu-segni-di-vita\\\/#primaryimage\"},\"thumbnailUrl\":\"https:\\\/\\\/www.rassegnastampa-totustuus.it\\\/cattolica\\\/wp-content\\\/uploads\\\/2019\\\/09\\\/uomini_casalinghi.jpg\",\"keywords\":[\"crisi del maschio\",\"religione\",\"societ\u00e0\"],\"articleSection\":[\"Sguardo sul nostro tempo\"],\"inLanguage\":\"it-IT\"},{\"@type\":\"WebPage\",\"@id\":\"https:\\\/\\\/www.rassegnastampa-totustuus.it\\\/cattolica\\\/il-maschio-occidentale-non-da-piu-segni-di-vita\\\/\",\"url\":\"https:\\\/\\\/www.rassegnastampa-totustuus.it\\\/cattolica\\\/il-maschio-occidentale-non-da-piu-segni-di-vita\\\/\",\"name\":\"Il maschio occidentale non d\u00e0 pi\u00f9 segni di vita - Rassegna Stampa Cattolica\",\"isPartOf\":{\"@id\":\"https:\\\/\\\/www.rassegnastampa-totustuus.it\\\/cattolica\\\/#website\"},\"primaryImageOfPage\":{\"@id\":\"https:\\\/\\\/www.rassegnastampa-totustuus.it\\\/cattolica\\\/il-maschio-occidentale-non-da-piu-segni-di-vita\\\/#primaryimage\"},\"image\":{\"@id\":\"https:\\\/\\\/www.rassegnastampa-totustuus.it\\\/cattolica\\\/il-maschio-occidentale-non-da-piu-segni-di-vita\\\/#primaryimage\"},\"thumbnailUrl\":\"https:\\\/\\\/www.rassegnastampa-totustuus.it\\\/cattolica\\\/wp-content\\\/uploads\\\/2019\\\/09\\\/uomini_casalinghi.jpg\",\"datePublished\":\"2019-09-18T22:00:41+00:00\",\"description\":\"Rassegna Stampa Cattolica - Per una cultura che nasce dalla Rivelazione cristiana in conformit\u00e0 alla tradizione e al Magistero della Chiesa in opposizione ad ogni relativismo e totalitarismo\",\"breadcrumb\":{\"@id\":\"https:\\\/\\\/www.rassegnastampa-totustuus.it\\\/cattolica\\\/il-maschio-occidentale-non-da-piu-segni-di-vita\\\/#breadcrumb\"},\"inLanguage\":\"it-IT\",\"potentialAction\":[{\"@type\":\"ReadAction\",\"target\":[\"https:\\\/\\\/www.rassegnastampa-totustuus.it\\\/cattolica\\\/il-maschio-occidentale-non-da-piu-segni-di-vita\\\/\"]}]},{\"@type\":\"ImageObject\",\"inLanguage\":\"it-IT\",\"@id\":\"https:\\\/\\\/www.rassegnastampa-totustuus.it\\\/cattolica\\\/il-maschio-occidentale-non-da-piu-segni-di-vita\\\/#primaryimage\",\"url\":\"https:\\\/\\\/www.rassegnastampa-totustuus.it\\\/cattolica\\\/wp-content\\\/uploads\\\/2019\\\/09\\\/uomini_casalinghi.jpg\",\"contentUrl\":\"https:\\\/\\\/www.rassegnastampa-totustuus.it\\\/cattolica\\\/wp-content\\\/uploads\\\/2019\\\/09\\\/uomini_casalinghi.jpg\",\"width\":1217,\"height\":694},{\"@type\":\"BreadcrumbList\",\"@id\":\"https:\\\/\\\/www.rassegnastampa-totustuus.it\\\/cattolica\\\/il-maschio-occidentale-non-da-piu-segni-di-vita\\\/#breadcrumb\",\"itemListElement\":[{\"@type\":\"ListItem\",\"position\":1,\"name\":\"Home\",\"item\":\"https:\\\/\\\/www.rassegnastampa-totustuus.it\\\/cattolica\\\/\"},{\"@type\":\"ListItem\",\"position\":2,\"name\":\"Il maschio occidentale non d\u00e0 pi\u00f9 segni di vita\"}]},{\"@type\":\"WebSite\",\"@id\":\"https:\\\/\\\/www.rassegnastampa-totustuus.it\\\/cattolica\\\/#website\",\"url\":\"https:\\\/\\\/www.rassegnastampa-totustuus.it\\\/cattolica\\\/\",\"name\":\"Rassegna Stampa Cattolica\",\"description\":\"Per una cultura che nasce dalla Rivelazione cristiana in conformit\u00e0 alla tradizione e al Magistero della Chiesa in opposizione ad ogni relativismo e totalitarismo\",\"publisher\":{\"@id\":\"https:\\\/\\\/www.rassegnastampa-totustuus.it\\\/cattolica\\\/#organization\"},\"alternateName\":\"Rass. Cattolica\",\"potentialAction\":[{\"@type\":\"SearchAction\",\"target\":{\"@type\":\"EntryPoint\",\"urlTemplate\":\"https:\\\/\\\/www.rassegnastampa-totustuus.it\\\/cattolica\\\/?s={search_term_string}\"},\"query-input\":{\"@type\":\"PropertyValueSpecification\",\"valueRequired\":true,\"valueName\":\"search_term_string\"}}],\"inLanguage\":\"it-IT\"},{\"@type\":\"Organization\",\"@id\":\"https:\\\/\\\/www.rassegnastampa-totustuus.it\\\/cattolica\\\/#organization\",\"name\":\"Rassegna Stampa Cattolica\",\"url\":\"https:\\\/\\\/www.rassegnastampa-totustuus.it\\\/cattolica\\\/\",\"logo\":{\"@type\":\"ImageObject\",\"inLanguage\":\"it-IT\",\"@id\":\"https:\\\/\\\/www.rassegnastampa-totustuus.it\\\/cattolica\\\/#\\\/schema\\\/logo\\\/image\\\/\",\"url\":\"https:\\\/\\\/www.rassegnastampa-totustuus.it\\\/cattolica\\\/wp-content\\\/uploads\\\/2014\\\/04\\\/logo-rassegna1.gif\",\"contentUrl\":\"https:\\\/\\\/www.rassegnastampa-totustuus.it\\\/cattolica\\\/wp-content\\\/uploads\\\/2014\\\/04\\\/logo-rassegna1.gif\",\"width\":600,\"height\":163,\"caption\":\"Rassegna Stampa Cattolica\"},\"image\":{\"@id\":\"https:\\\/\\\/www.rassegnastampa-totustuus.it\\\/cattolica\\\/#\\\/schema\\\/logo\\\/image\\\/\"},\"sameAs\":[\"https:\\\/\\\/www.facebook.com\\\/rassegnastampacattolica\",\"https:\\\/\\\/x.com\\\/rassegnastampa9\"]},{\"@type\":\"Person\",\"@id\":\"https:\\\/\\\/www.rassegnastampa-totustuus.it\\\/cattolica\\\/#\\\/schema\\\/person\\\/08f319d2bd1a0904ad9e2bfb7b15e5c3\",\"name\":\"Redazione\",\"image\":{\"@type\":\"ImageObject\",\"inLanguage\":\"it-IT\",\"@id\":\"https:\\\/\\\/secure.gravatar.com\\\/avatar\\\/2fcdf27c78ea025fbdb44e914cc63c72249ffec9dc8aafd5c82b26240ef3f346?s=96&d=mm&r=g\",\"url\":\"https:\\\/\\\/secure.gravatar.com\\\/avatar\\\/2fcdf27c78ea025fbdb44e914cc63c72249ffec9dc8aafd5c82b26240ef3f346?s=96&d=mm&r=g\",\"contentUrl\":\"https:\\\/\\\/secure.gravatar.com\\\/avatar\\\/2fcdf27c78ea025fbdb44e914cc63c72249ffec9dc8aafd5c82b26240ef3f346?s=96&d=mm&r=g\",\"caption\":\"Redazione\"},\"url\":\"https:\\\/\\\/www.rassegnastampa-totustuus.it\\\/cattolica\\\/author\\\/pietroelle\\\/\"}]}<\/script>\n<!-- \/ Yoast SEO plugin. -->","yoast_head_json":{"title":"Il maschio occidentale non d\u00e0 pi\u00f9 segni di vita - Rassegna Stampa Cattolica","description":"Rassegna Stampa Cattolica - Per una cultura che nasce dalla Rivelazione cristiana in conformit\u00e0 alla tradizione e al Magistero della Chiesa in opposizione ad ogni relativismo e totalitarismo","robots":{"index":"index","follow":"follow","max-snippet":"max-snippet:-1","max-image-preview":"max-image-preview:large","max-video-preview":"max-video-preview:-1"},"canonical":"https:\/\/www.rassegnastampa-totustuus.it\/cattolica\/il-maschio-occidentale-non-da-piu-segni-di-vita\/","og_locale":"it_IT","og_type":"article","og_title":"Il maschio occidentale non d\u00e0 pi\u00f9 segni di vita - Rassegna Stampa Cattolica","og_description":"Rassegna Stampa Cattolica - Per una cultura che nasce dalla Rivelazione cristiana in conformit\u00e0 alla tradizione e al Magistero della Chiesa in opposizione ad ogni relativismo e totalitarismo","og_url":"https:\/\/www.rassegnastampa-totustuus.it\/cattolica\/il-maschio-occidentale-non-da-piu-segni-di-vita\/","og_site_name":"Rassegna Stampa Cattolica","article_publisher":"https:\/\/www.facebook.com\/rassegnastampacattolica","article_published_time":"2019-09-18T22:00:41+00:00","og_image":[{"width":1217,"height":694,"url":"https:\/\/www.rassegnastampa-totustuus.it\/cattolica\/wp-content\/uploads\/2019\/09\/uomini_casalinghi.jpg","type":"image\/jpeg"}],"author":"Redazione","twitter_card":"summary_large_image","twitter_creator":"@rassegnastampa9","twitter_site":"@rassegnastampa9","twitter_misc":{"Scritto da":"Redazione","Tempo di lettura stimato":"4 minuti"},"schema":{"@context":"https:\/\/schema.org","@graph":[{"@type":"Article","@id":"https:\/\/www.rassegnastampa-totustuus.it\/cattolica\/il-maschio-occidentale-non-da-piu-segni-di-vita\/#article","isPartOf":{"@id":"https:\/\/www.rassegnastampa-totustuus.it\/cattolica\/il-maschio-occidentale-non-da-piu-segni-di-vita\/"},"author":{"name":"Redazione","@id":"https:\/\/www.rassegnastampa-totustuus.it\/cattolica\/#\/schema\/person\/08f319d2bd1a0904ad9e2bfb7b15e5c3"},"headline":"Il maschio occidentale non d\u00e0 pi\u00f9 segni di vita","datePublished":"2019-09-18T22:00:41+00:00","mainEntityOfPage":{"@id":"https:\/\/www.rassegnastampa-totustuus.it\/cattolica\/il-maschio-occidentale-non-da-piu-segni-di-vita\/"},"wordCount":790,"publisher":{"@id":"https:\/\/www.rassegnastampa-totustuus.it\/cattolica\/#organization"},"image":{"@id":"https:\/\/www.rassegnastampa-totustuus.it\/cattolica\/il-maschio-occidentale-non-da-piu-segni-di-vita\/#primaryimage"},"thumbnailUrl":"https:\/\/www.rassegnastampa-totustuus.it\/cattolica\/wp-content\/uploads\/2019\/09\/uomini_casalinghi.jpg","keywords":["crisi del maschio","religione","societ\u00e0"],"articleSection":["Sguardo sul nostro tempo"],"inLanguage":"it-IT"},{"@type":"WebPage","@id":"https:\/\/www.rassegnastampa-totustuus.it\/cattolica\/il-maschio-occidentale-non-da-piu-segni-di-vita\/","url":"https:\/\/www.rassegnastampa-totustuus.it\/cattolica\/il-maschio-occidentale-non-da-piu-segni-di-vita\/","name":"Il maschio occidentale non d\u00e0 pi\u00f9 segni di vita - Rassegna Stampa Cattolica","isPartOf":{"@id":"https:\/\/www.rassegnastampa-totustuus.it\/cattolica\/#website"},"primaryImageOfPage":{"@id":"https:\/\/www.rassegnastampa-totustuus.it\/cattolica\/il-maschio-occidentale-non-da-piu-segni-di-vita\/#primaryimage"},"image":{"@id":"https:\/\/www.rassegnastampa-totustuus.it\/cattolica\/il-maschio-occidentale-non-da-piu-segni-di-vita\/#primaryimage"},"thumbnailUrl":"https:\/\/www.rassegnastampa-totustuus.it\/cattolica\/wp-content\/uploads\/2019\/09\/uomini_casalinghi.jpg","datePublished":"2019-09-18T22:00:41+00:00","description":"Rassegna Stampa Cattolica - Per una cultura che nasce dalla Rivelazione cristiana in conformit\u00e0 alla tradizione e al Magistero della Chiesa in opposizione ad ogni relativismo e totalitarismo","breadcrumb":{"@id":"https:\/\/www.rassegnastampa-totustuus.it\/cattolica\/il-maschio-occidentale-non-da-piu-segni-di-vita\/#breadcrumb"},"inLanguage":"it-IT","potentialAction":[{"@type":"ReadAction","target":["https:\/\/www.rassegnastampa-totustuus.it\/cattolica\/il-maschio-occidentale-non-da-piu-segni-di-vita\/"]}]},{"@type":"ImageObject","inLanguage":"it-IT","@id":"https:\/\/www.rassegnastampa-totustuus.it\/cattolica\/il-maschio-occidentale-non-da-piu-segni-di-vita\/#primaryimage","url":"https:\/\/www.rassegnastampa-totustuus.it\/cattolica\/wp-content\/uploads\/2019\/09\/uomini_casalinghi.jpg","contentUrl":"https:\/\/www.rassegnastampa-totustuus.it\/cattolica\/wp-content\/uploads\/2019\/09\/uomini_casalinghi.jpg","width":1217,"height":694},{"@type":"BreadcrumbList","@id":"https:\/\/www.rassegnastampa-totustuus.it\/cattolica\/il-maschio-occidentale-non-da-piu-segni-di-vita\/#breadcrumb","itemListElement":[{"@type":"ListItem","position":1,"name":"Home","item":"https:\/\/www.rassegnastampa-totustuus.it\/cattolica\/"},{"@type":"ListItem","position":2,"name":"Il maschio occidentale non d\u00e0 pi\u00f9 segni di vita"}]},{"@type":"WebSite","@id":"https:\/\/www.rassegnastampa-totustuus.it\/cattolica\/#website","url":"https:\/\/www.rassegnastampa-totustuus.it\/cattolica\/","name":"Rassegna Stampa Cattolica","description":"Per una cultura che nasce dalla Rivelazione cristiana in conformit\u00e0 alla tradizione e al Magistero della Chiesa in opposizione ad ogni relativismo e totalitarismo","publisher":{"@id":"https:\/\/www.rassegnastampa-totustuus.it\/cattolica\/#organization"},"alternateName":"Rass. Cattolica","potentialAction":[{"@type":"SearchAction","target":{"@type":"EntryPoint","urlTemplate":"https:\/\/www.rassegnastampa-totustuus.it\/cattolica\/?s={search_term_string}"},"query-input":{"@type":"PropertyValueSpecification","valueRequired":true,"valueName":"search_term_string"}}],"inLanguage":"it-IT"},{"@type":"Organization","@id":"https:\/\/www.rassegnastampa-totustuus.it\/cattolica\/#organization","name":"Rassegna Stampa Cattolica","url":"https:\/\/www.rassegnastampa-totustuus.it\/cattolica\/","logo":{"@type":"ImageObject","inLanguage":"it-IT","@id":"https:\/\/www.rassegnastampa-totustuus.it\/cattolica\/#\/schema\/logo\/image\/","url":"https:\/\/www.rassegnastampa-totustuus.it\/cattolica\/wp-content\/uploads\/2014\/04\/logo-rassegna1.gif","contentUrl":"https:\/\/www.rassegnastampa-totustuus.it\/cattolica\/wp-content\/uploads\/2014\/04\/logo-rassegna1.gif","width":600,"height":163,"caption":"Rassegna Stampa Cattolica"},"image":{"@id":"https:\/\/www.rassegnastampa-totustuus.it\/cattolica\/#\/schema\/logo\/image\/"},"sameAs":["https:\/\/www.facebook.com\/rassegnastampacattolica","https:\/\/x.com\/rassegnastampa9"]},{"@type":"Person","@id":"https:\/\/www.rassegnastampa-totustuus.it\/cattolica\/#\/schema\/person\/08f319d2bd1a0904ad9e2bfb7b15e5c3","name":"Redazione","image":{"@type":"ImageObject","inLanguage":"it-IT","@id":"https:\/\/secure.gravatar.com\/avatar\/2fcdf27c78ea025fbdb44e914cc63c72249ffec9dc8aafd5c82b26240ef3f346?s=96&d=mm&r=g","url":"https:\/\/secure.gravatar.com\/avatar\/2fcdf27c78ea025fbdb44e914cc63c72249ffec9dc8aafd5c82b26240ef3f346?s=96&d=mm&r=g","contentUrl":"https:\/\/secure.gravatar.com\/avatar\/2fcdf27c78ea025fbdb44e914cc63c72249ffec9dc8aafd5c82b26240ef3f346?s=96&d=mm&r=g","caption":"Redazione"},"url":"https:\/\/www.rassegnastampa-totustuus.it\/cattolica\/author\/pietroelle\/"}]}},"_links":{"self":[{"href":"https:\/\/www.rassegnastampa-totustuus.it\/cattolica\/wp-json\/wp\/v2\/posts\/44308","targetHints":{"allow":["GET"]}}],"collection":[{"href":"https:\/\/www.rassegnastampa-totustuus.it\/cattolica\/wp-json\/wp\/v2\/posts"}],"about":[{"href":"https:\/\/www.rassegnastampa-totustuus.it\/cattolica\/wp-json\/wp\/v2\/types\/post"}],"author":[{"embeddable":true,"href":"https:\/\/www.rassegnastampa-totustuus.it\/cattolica\/wp-json\/wp\/v2\/users\/6"}],"replies":[{"embeddable":true,"href":"https:\/\/www.rassegnastampa-totustuus.it\/cattolica\/wp-json\/wp\/v2\/comments?post=44308"}],"version-history":[{"count":3,"href":"https:\/\/www.rassegnastampa-totustuus.it\/cattolica\/wp-json\/wp\/v2\/posts\/44308\/revisions"}],"predecessor-version":[{"id":44315,"href":"https:\/\/www.rassegnastampa-totustuus.it\/cattolica\/wp-json\/wp\/v2\/posts\/44308\/revisions\/44315"}],"wp:featuredmedia":[{"embeddable":true,"href":"https:\/\/www.rassegnastampa-totustuus.it\/cattolica\/wp-json\/wp\/v2\/media\/44311"}],"wp:attachment":[{"href":"https:\/\/www.rassegnastampa-totustuus.it\/cattolica\/wp-json\/wp\/v2\/media?parent=44308"}],"wp:term":[{"taxonomy":"category","embeddable":true,"href":"https:\/\/www.rassegnastampa-totustuus.it\/cattolica\/wp-json\/wp\/v2\/categories?post=44308"},{"taxonomy":"post_tag","embeddable":true,"href":"https:\/\/www.rassegnastampa-totustuus.it\/cattolica\/wp-json\/wp\/v2\/tags?post=44308"}],"curies":[{"name":"wp","href":"https:\/\/api.w.org\/{rel}","templated":true}]}}