{"id":44294,"date":"2019-09-19T00:00:43","date_gmt":"2019-09-18T22:00:43","guid":{"rendered":"http:\/\/www.rassegnastampa-totustuus.it\/cattolica\/?p=44294"},"modified":"2019-09-11T16:41:59","modified_gmt":"2019-09-11T14:41:59","slug":"mugabe-il-nazional-comunista-che-distrusse-il-suo-paese","status":"publish","type":"post","link":"https:\/\/www.rassegnastampa-totustuus.it\/cattolica\/mugabe-il-nazional-comunista-che-distrusse-il-suo-paese\/","title":{"rendered":"Mugabe, il nazional-comunista che distrusse il suo paese"},"content":{"rendered":"<p style=\"text-align: center;\"><strong><a href=\"https:\/\/www.rassegnastampa-totustuus.it\/cattolica\/wp-content\/uploads\/2019\/09\/Robert_Mugabe.jpg\"><img loading=\"lazy\" decoding=\"async\" class=\"alignleft wp-image-44295\" src=\"https:\/\/www.rassegnastampa-totustuus.it\/cattolica\/wp-content\/uploads\/2019\/09\/Robert_Mugabe.jpg\" alt=\"\" width=\"250\" height=\"174\" \/><\/a>Atlantico <\/strong><\/p>\n<p style=\"text-align: center;\">10 Settembre 2019 <strong>\u00a0<\/strong><\/p>\n<p style=\"text-align: center;\">di<strong> Marco Faraci<\/strong><\/p>\n<p style=\"text-align: justify;\">\u00c8 morto a 95 anni Robert Mugabe, per quasi quattro decenni uomo forte dello Zimbabwe ed uno degli autocrati pi\u00f9 temibili dell\u2019era dell\u2019\u201cindipendenza africana\u201d.<\/p>\n<p><!--more--><\/p>\n<p style=\"text-align: justify;\">Aveva preso il potere nel 1980, dopo una lunga e sanguinaria guerriglia di \u201cliberazione\u201d e dopo un tormentato periodo di transizione che l\u2019ex-premier bianco Ian Smith avrebbe voluto pilotare verso ben altro approdo. Nel 1978 il rhodesiano Smith aveva raggiunto un accordo con i leader dell\u2019opposizione nazionalista nera pi\u00f9 moderata che l\u2019anno successivo trasformava la Rhodesia nella repubblica di Zimbabwe-Rhodesia. Alla guida il governo a maggioranza nera, moderato e multirazziale, del reverendo Abel Muzorewa.<\/p>\n<p style=\"text-align: justify;\"><a href=\"https:\/\/www.rassegnastampa-totustuus.it\/cattolica\/wp-content\/uploads\/2019\/09\/Rhodesia.jpg\"><img loading=\"lazy\" decoding=\"async\" class=\"size-full wp-image-44296 alignright\" src=\"https:\/\/www.rassegnastampa-totustuus.it\/cattolica\/wp-content\/uploads\/2019\/09\/Rhodesia.jpg\" alt=\"\" width=\"245\" height=\"206\" \/><\/a>Erano rimasti fuori per\u00f2 i movimenti guerriglieri di Mugabe e del carismatico e storico leader nazionalista Joshua Nkomo, decisi a proseguire la lotta armata. Tuttavia, gli osservatori inviati dal Partito Conservatore britannico avevano confermato che le elezioni del 1979 sotto il nuovo assetto, vinte da Muzorewa, erano state libere e corrette e che il nuovo governo poteva essere considerato in ogni caso rappresentativo della maggioranza della popolazione.<\/p>\n<p style=\"text-align: justify;\">Purtroppo, sotto le pressioni dei paesi africani del Commonwealth, il nuovo governo britannico non mantiene la promessa di riconoscere lo Zimbabwe-Rhodesia ed il suo rinnovato assetto costituzionale. Londra pretese nuovi negoziati, la provvisoria riconduzione del paese sotto la propria sovranit\u00e0 e nuove elezioni che includessero anche le forze estreme di Nkomo e Mugabe.<\/p>\n<p style=\"text-align: justify;\">L\u2019aspettativa britannica era che la coalizione \u201cmoderata\u201d di cui faceva parte Muzorewa prevalesse comunque nelle urne o che al pi\u00f9 si allargasse con la cooptazione di Nkomo, un leader nazionalista considerato comunque \u201crecuperabile\u201d ad una prospettiva pragmatica e filo-occidentale.<\/p>\n<p style=\"text-align: justify;\"><a href=\"https:\/\/www.rassegnastampa-totustuus.it\/cattolica\/wp-content\/uploads\/2019\/09\/Rhodesia_Africa_guerriglia.jpg\"><img loading=\"lazy\" decoding=\"async\" class=\"size-full wp-image-44297 alignleft\" src=\"https:\/\/www.rassegnastampa-totustuus.it\/cattolica\/wp-content\/uploads\/2019\/09\/Rhodesia_Africa_guerriglia.jpg\" alt=\"\" width=\"251\" height=\"201\" \/><\/a>Con sorpresa dei manovratori britannici, ma non della locale popolazione bianca, il partito estremista di Robert Mugabe ottenne un travolgente successo alle elezioni. Da un lato aveva avuto buon gioco nell\u2019accusare le leadership nere moderate di essere \u201cfantocci\u201d del precedente governo bianco; dall\u2019altro era stato in grado di condizionare attivamente l\u2019esercizio del voto in larghi territori, in virt\u00f9 della presenza capillare di militanti e guerriglieri.<\/p>\n<p style=\"text-align: justify;\">Mugabe era un marxista-leninista convinto e si sent\u00ec investito di una missione storica di superamento del passato capitalista e coloniale e di edificazione di una societ\u00e0 socialista di cultura africana.<\/p>\n<p style=\"text-align: justify;\">Intanto, per\u00f2, dal passato capitalista e coloniale eredit\u00f2 un paese con un\u2019economia solida, ottime infrastrutture, una buona alfabetizzazione ed eccellenze tecniche ed imprenditoriali nel campo dell\u2019agricoltura \u2013 quello che tutti chiamavano il \u201cgioiello dell\u2019Africa\u201d.<\/p>\n<p style=\"text-align: justify;\"><a href=\"https:\/\/www.rassegnastampa-totustuus.it\/cattolica\/wp-content\/uploads\/2019\/09\/Zimbawe_Africa.jpg\"><img loading=\"lazy\" decoding=\"async\" class=\"size-full wp-image-44298 alignright\" src=\"https:\/\/www.rassegnastampa-totustuus.it\/cattolica\/wp-content\/uploads\/2019\/09\/Zimbawe_Africa.jpg\" alt=\"\" width=\"225\" height=\"225\" srcset=\"https:\/\/www.rassegnastampa-totustuus.it\/cattolica\/wp-content\/uploads\/2019\/09\/Zimbawe_Africa.jpg 225w, https:\/\/www.rassegnastampa-totustuus.it\/cattolica\/wp-content\/uploads\/2019\/09\/Zimbawe_Africa-150x150.jpg 150w\" sizes=\"auto, (max-width: 225px) 100vw, 225px\" \/><\/a>Il 16 Aprile 1980 nacque definitivamente il nuovo Stato dello Zimbabwe con Robert Mugabe primo ministro. Molti si chiedevano se il nuovo governo avrebbe implementato da subito politiche radicali. In realt\u00e0 Mugabe scelse di partire piano e, pur disponendo della maggioranza assoluta in Parlamento, var\u00f2 un governo che incluse anche Nkomo e due ministri bianchi legati all\u2019era di Smith.<\/p>\n<p style=\"text-align: justify;\">Mugabe ebbe probabilmente ben presente la lezione di Allende e prefer\u00ec non correre rischi fino a quando non fosse stato sicuro di avere acquisito il completo controllo sull\u2019esercito e sulla burocrazia. Tuttavia, questa fase di transizione non dur\u00f2 molto e gi\u00e0 dal 1982 mostr\u00f2 con che pugno aveva intenzione di governare. Nkomo venne cacciato dal governo e per un po\u2019 di tempo fu anche costretto a riparare all\u2019estero.<\/p>\n<p style=\"text-align: justify;\">Nei primi anni del suo potere, Mugabe si mostr\u00f2 tutto sommato poco interessato a colpire la popolazione bianca, numericamente troppo debole per rappresentare un vero pericolo per la sua leadership. Fu cos\u00ec che la sua repressione colp\u00ec in primo luogo la dissidenza nera ed in particolare la popolazione Ndebele favorevole al suo rivale Nkomo.<\/p>\n<div id=\"attachment_30342\" style=\"width: 250px\" class=\"wp-caption alignleft\"><a href=\"https:\/\/www.rassegnastampa-totustuus.it\/cattolica\/wp-content\/uploads\/2005\/06\/Robert-Mugabe.jpg\"><img loading=\"lazy\" decoding=\"async\" aria-describedby=\"caption-attachment-30342\" class=\"wp-image-30342\" src=\"https:\/\/www.rassegnastampa-totustuus.it\/cattolica\/wp-content\/uploads\/2005\/06\/Robert-Mugabe.jpg\" alt=\"\" width=\"250\" height=\"156\" \/><\/a><p id=\"caption-attachment-30342\" class=\"wp-caption-text\">Robert Mugabe<\/p><\/div>\n<p style=\"text-align: justify;\">A partire dal 1983 unit\u00e0 speciali al diretto comando di Mugabe e formate in Corea del Nord misero a ferro e fuoco la regione del Matabeleland. Ottomila persone uccise e molte di pi\u00f9 imprigionate e torturate, nell\u2019indifferenza di un mondo occidentale apparentemente disposto a concedere un credito illimitato al nuovo padrone dello Zimbabwe.<\/p>\n<p style=\"text-align: justify;\">Per molti anni, nei fatti, il mondo libero ha chiuso un occhio nei confronti dei crimini perpetrati da Mugabe. Troppo capitale politico era stato investito nel ribaltamento del governo della minoranza bianca in Rhodesia e troppo popolare era in quegli anni il mito della liberazione africana e dell\u2019anti-colonialismo.<\/p>\n<p style=\"text-align: justify;\">Ma soprattutto non sarebbe stato saggio instillare dubbi sulla \u201cbont\u00e0\u201d di un governo nero \u201crivoluzionario\u201d, nel momento in cui si giocava poco pi\u00f9 a sud la partita politica pi\u00f9 importante della regione, quella sudafricana. E cos\u00ec Mugabe pot\u00e9 continuare nel graduale smantellamento del quadro di libert\u00e0 e garanzie derivato dall\u2019impronta istituzionale anglosassone.<\/p>\n<p style=\"text-align: justify;\">Nel 1987 il leader marxista realizz\u00f2 alcuni passaggi fondamentali per la trasformazione del paese in un classico Stato socialista a partito unico. Viene eliminata l\u2019opposizione parlamentare nera e bianca, con la confluenza, de facto forzata, del partito di Nkomo all\u2019interno di quello al potere e con l\u2019abolizione di seggi riservati alla minoranza di origine europea. E lo Zimbabwe viene trasformato in una repubblica presidenziale con un pieno accentramento dei poteri nelle mani di Mugabe.<\/p>\n<p style=\"text-align: justify;\"><a href=\"https:\/\/www.rassegnastampa-totustuus.it\/cattolica\/wp-content\/uploads\/2019\/09\/Africa_comunismo.jpg\"><img loading=\"lazy\" decoding=\"async\" class=\"alignright wp-image-44299\" src=\"https:\/\/www.rassegnastampa-totustuus.it\/cattolica\/wp-content\/uploads\/2019\/09\/Africa_comunismo.jpg\" alt=\"\" width=\"272\" height=\"185\" \/><\/a>Nel 1989 cadde il comunismo in Europa e venne meno il sostegno sovietico. Gli Stati a partito unico diventano di colpo fuori moda e cos\u00ec Robert Mugabe non riusc\u00ec a realizzare l\u2019ultimo passaggio formale verso la cancellazione delle opposizioni. Ma \u00e8 questione, appunto, di forma, non di sostanza.<\/p>\n<p style=\"text-align: justify;\">Il mantenimento di un qualche simulacro di democrazia, sia pure in un contesto di controllo pressoch\u00e9 totale dei processi politici, si rivel\u00f2 infatti pi\u00f9 che funzionale alla legittimazione del suo potere. Lo <em>Zanu-Pf<\/em>, il partito di Mugabe, occuper\u00e0 147 seggi su 150 alle elezioni del 1990 e 148 su 150 alle elezioni del 1995.<\/p>\n<p style=\"text-align: justify;\">Ma intanto i nodi del malgoverno, del dirigismo, della corruzione e del clientelismo vengono al pettine e le condizioni dell\u2019economia, ancora vivace negli anni \u201980, peggiorano rapidamente. Per riconquistare il consenso popolare, il presidente gioc\u00f2, allora, la carta razziale, individuando il nemico nella piccola minoranza bianca e nella sua \u201cmentalit\u00e0 coloniale\u201d. Mugabe promise di \u201ctogliere la terra ai bianchi\u201d, cio\u00e8 di \u201cindigenizzare\u201d le fattorie commerciali che rappresentavano l\u2019ossatura dell\u2019economia dello Zimbabwe.<\/p>\n<p style=\"text-align: justify;\"><a href=\"https:\/\/www.rassegnastampa-totustuus.it\/cattolica\/wp-content\/uploads\/2019\/09\/Africa_Zimbawe.jpg\"><img loading=\"lazy\" decoding=\"async\" class=\"alignleft wp-image-44300\" src=\"https:\/\/www.rassegnastampa-totustuus.it\/cattolica\/wp-content\/uploads\/2019\/09\/Africa_Zimbawe-300x168.jpg\" alt=\"\" width=\"250\" height=\"140\" \/><\/a>Si tratt\u00f2 in realt\u00e0 di un pretesto. Lo Stato possedeva gi\u00e0 molta terra, venduta volontariamente da molti proprietari, ma la stava solo rovinando. Di fronte alle obiezioni della Corte Suprema, a quel tempo ancora indipendente, Mugabe si mosse indicendo un referendum per una nuova costituzione che gli garantisse mano libera nelle confische. L\u2019insofferenza, tuttavia, nel paese era tale che il referendum forn\u00ec un esito a sorpresa ed il progetto del presidente viene bocciato.<\/p>\n<p style=\"text-align: justify;\">Era manifesto ormai che Mugabe non avesse pi\u00f9 la maggioranza nel paese e, solo in virt\u00f9 di sistematici brogli ed intimidazioni, vinse le elezioni parlamentari del 2000. L\u2019opposizione, guidata da Morgan Tsvanigirai stravinse nelle grandi citt\u00e0, dove le elezioni potevano avvenire secondo standard accettabili, ma non contro le manipolazioni e le pressioni che lo <em>Zanu-Pf<\/em> mise in atto, al di fuori di ogni controllo, nelle zone rurali.<\/p>\n<p style=\"text-align: justify;\">La reazione di Mugabe alla crescente opposizione fu furiosa e rappresent\u00f2 un\u2019escalation in termini di autoritarismo. Il presidente incoraggi\u00f2 i suoi militanti all\u2019occupazione illegale e spesso violenta delle fattorie commerciali di propriet\u00e0 dei bianchi. I racconti di quei giorni sono drammatici e la devastazione operata segner\u00e0 le prospettive economiche del paese per sempre.<\/p>\n<p style=\"text-align: justify;\"><a href=\"https:\/\/www.rassegnastampa-totustuus.it\/cattolica\/wp-content\/uploads\/2019\/09\/Africa_Zimbawe-1.jpg\"><img loading=\"lazy\" decoding=\"async\" class=\"alignright wp-image-44301\" src=\"https:\/\/www.rassegnastampa-totustuus.it\/cattolica\/wp-content\/uploads\/2019\/09\/Africa_Zimbawe-1.jpg\" alt=\"\" width=\"250\" height=\"172\" \/><\/a>Nel 2001 i militanti del partito di Mugabe invasero la sede della Corte Suprema ed in spregio alle sue deliberazioni si misero a ballare sui banchi. Gli ultimi due giudici bianchi furono forzati alle dimissioni. L\u2019opposizione boicott\u00f2 le presidenziali del 2002 per evidente impraticabilit\u00e0, mentre provava vanamente a contrastare la presa di Mugabe sul potere alle elezioni per il Parlamento del 2005.<\/p>\n<p style=\"text-align: justify;\">Nel frattempo, l\u2019economia del paese era totalmente collassata e la disoccupazione aveva ormai raggiunto il 90 per cento. Vittime delle confische non sono stati solo i proprietari bianchi, ma anche i loro dipendenti e tutto l\u2019indotto. Le fattorie commerciali e tutto quanto ad esse correlato rappresentava, infatti, la principale fonte di occupazione in Zimbabwe.<\/p>\n<p style=\"text-align: justify;\">Nel breve corso di un paio di anni, il socialismo nazionalista di Mugabe aveva distrutto un\u2019economia florida che lavoro, abnegazione e competenze avevano costruito in un secolo. Le terre, ormai, sono spartite tra quadri del partito e veterani della \u201cguerra di liberazione\u201d privi di qualsiasi capacit\u00e0 utilizzarle oltre un livello di agricoltura di pura sussistenza.<\/p>\n<p style=\"text-align: justify;\"><a href=\"https:\/\/www.rassegnastampa-totustuus.it\/cattolica\/wp-content\/uploads\/2019\/09\/Africa_Zimbawe-2.jpg\"><img loading=\"lazy\" decoding=\"async\" class=\"size-full wp-image-44302 alignleft\" src=\"https:\/\/www.rassegnastampa-totustuus.it\/cattolica\/wp-content\/uploads\/2019\/09\/Africa_Zimbawe-2.jpg\" alt=\"\" width=\"290\" height=\"174\" \/><\/a>Lo Zimbabwe era entrato, intanto, in uno scenario di iperinflazione dove la tragedia si fonde con la farsa: 500 per cento nel 2005, 1.200 per cento nel 2006, 66.000 nel 2007, fino a 80 miliardi per cento nel 2008, quando la moneta nazionale viene sospesa. La popolazione fu ridotta in uno stato di estrema povert\u00e0. L\u2019aspettativa di vita croll\u00f2 a 34 anni per le donne \u2013 la met\u00e0 rispetto a quando i bianchi hanno lasciato il potere \u2013 e 37 anni per gli uomini.<\/p>\n<p style=\"text-align: justify;\">La situazione era arrivata ormai ad un livello cos\u00ec estremo che il leader dell\u2019opposizione Morgan Tsvangirai vinse il primo turno delle elezioni presidenziali del 2008. Era pressoch\u00e9 certo che avesse ottenuto la maggioranza assoluta e quindi la vittoria, ma l\u2019ufficio elettorale, dopo aver atteso molti giorni prima di diffondere i risultati, lo costrinse ad un ballottaggio, dal quale successivamente fu costretto a ritirarsi.<\/p>\n<p style=\"text-align: justify;\">Tra il primo e il secondo turno, infatti, i villaggi che avevano votato per l\u2019opposizione furono assaliti dalle truppe di Mugabe con violenze ed intimidazioni. I viveri degli aiuti umanitari furono usati per orientare il voto. Centinaia di militanti dell\u2019opposizione uccisi; migliaia rapiti e torturati.<\/p>\n<p style=\"text-align: justify;\"><a href=\"https:\/\/www.rassegnastampa-totustuus.it\/cattolica\/wp-content\/uploads\/2019\/09\/Africa_Zimbawe-3.jpg\"><img loading=\"lazy\" decoding=\"async\" class=\"size-full wp-image-44303 alignright\" src=\"https:\/\/www.rassegnastampa-totustuus.it\/cattolica\/wp-content\/uploads\/2019\/09\/Africa_Zimbawe-3.jpg\" alt=\"\" width=\"275\" height=\"183\" \/><\/a>Le pressioni della comunit\u00e0 internazionale su Mugabe, ormai sempre pi\u00f9 consistenti, lo convinsero, nel 2009, ad accettare di formare un governo di unit\u00e0 con l\u2019opposizione. Robert Mugabe restava presidente, mentre Tsvangirai assunse la carica di primo ministro.<\/p>\n<p style=\"text-align: justify;\">Per l\u2019opposizione l\u2019accordo si rivel\u00f2 in gran parte una trappola. L\u2019anziano presidente mantenne tutte le leve del potere e, anzi, utilizz\u00f2 la compartecipazione al governo dei suoi oppositori per indebolirne la credibilit\u00e0, fino a tornare nel 2013 nella condizioni di poter formare un nuovo governo in solitaria.<\/p>\n<p style=\"text-align: justify;\">Mugabe avrebbe governato fino al 2017 quando fall\u00ec il suo progetto di lasciare la successione alla moglie Grace. Venne deposto dal vicepresidente Emmerson Mnangagwa che aveva cercato di allontanare per fare spazio alla consorte. Quando lascia il potere ha 93 anni avendo governato lo Zimbabwe per 37.<\/p>\n<p style=\"text-align: justify;\"><a href=\"https:\/\/www.rassegnastampa-totustuus.it\/cattolica\/wp-content\/uploads\/2019\/09\/Robert_Mugabe-1.jpg\"><img loading=\"lazy\" decoding=\"async\" class=\"size-medium wp-image-44304 alignleft\" src=\"https:\/\/www.rassegnastampa-totustuus.it\/cattolica\/wp-content\/uploads\/2019\/09\/Robert_Mugabe-1-300x168.jpg\" alt=\"\" width=\"300\" height=\"168\" \/><\/a>Robert Mugabe \u00e8 stata una delle figure pi\u00f9 nefaste della \u201cliberazione africana\u201d. In una fase storica in cui tanti paesi nel mondo si emancipavano dal socialismo e cominciavano un nuovo percorso di libert\u00e0 e di benessere, Mugabe ha trasformato un paese economicamente sano e ben amministrato in una delle pi\u00f9 grandi tragedie dell\u2019Africa.<\/p>\n<p style=\"text-align: justify;\">La storia della distruzione dello Zimbabwe deve essere conosciuta e preservata, come testimonianza dell\u2019ennesima devastazione non solamente economica ma prima ancora morale e culturale compiuta dall\u2019ideologia comunista e anti-occidentale.<\/p>\n","protected":false},"excerpt":{"rendered":"<p>Atlantico 10 Settembre 2019 \u00a0 di Marco Faraci \u00c8 morto a 95 anni Robert Mugabe, per quasi quattro decenni uomo forte dello Zimbabwe ed uno degli autocrati pi\u00f9 temibili dell\u2019era dell\u2019\u201cindipendenza africana\u201d.<\/p><p><a class=\"more-link btn\" href=\"https:\/\/www.rassegnastampa-totustuus.it\/cattolica\/mugabe-il-nazional-comunista-che-distrusse-il-suo-paese\/\">Continua a leggere<\/a><\/p>\n","protected":false},"author":6,"featured_media":44305,"comment_status":"closed","ping_status":"closed","sticky":false,"template":"","format":"standard","meta":{"footnotes":""},"categories":[39,32,108,18],"tags":[2393,139,283,2750,720,719],"class_list":["post-44294","post","type-post","status-publish","format-standard","has-post-thumbnail","hentry","category-africa","category-filosofia-del-comunismo","category-paesi-e-continenti","category-personaggi","tag-africa","tag-comunismo","tag-personaggi-2","tag-rhodesia","tag-robert-mugabe","tag-zimbawe","item-wrap"],"yoast_head":"<!-- This site is optimized with the Yoast SEO plugin v27.5 - https:\/\/yoast.com\/product\/yoast-seo-wordpress\/ -->\n<title>Mugabe, il nazional-comunista che distrusse il suo paese - Rassegna Stampa Cattolica<\/title>\n<meta name=\"description\" content=\"Rassegna Stampa Cattolica - Per una cultura che nasce dalla Rivelazione cristiana in conformit\u00e0 alla tradizione e al Magistero della Chiesa in opposizione ad ogni relativismo e totalitarismo\" \/>\n<meta name=\"robots\" content=\"index, follow, max-snippet:-1, max-image-preview:large, max-video-preview:-1\" \/>\n<link rel=\"canonical\" href=\"https:\/\/www.rassegnastampa-totustuus.it\/cattolica\/mugabe-il-nazional-comunista-che-distrusse-il-suo-paese\/\" \/>\n<meta property=\"og:locale\" content=\"it_IT\" \/>\n<meta property=\"og:type\" content=\"article\" \/>\n<meta property=\"og:title\" content=\"Mugabe, il nazional-comunista che distrusse il suo paese - Rassegna Stampa Cattolica\" \/>\n<meta property=\"og:description\" content=\"Rassegna Stampa Cattolica - Per una cultura che nasce dalla Rivelazione cristiana in conformit\u00e0 alla tradizione e al Magistero della Chiesa in opposizione ad ogni relativismo e totalitarismo\" \/>\n<meta property=\"og:url\" content=\"https:\/\/www.rassegnastampa-totustuus.it\/cattolica\/mugabe-il-nazional-comunista-che-distrusse-il-suo-paese\/\" \/>\n<meta property=\"og:site_name\" content=\"Rassegna Stampa Cattolica\" \/>\n<meta property=\"article:publisher\" content=\"https:\/\/www.facebook.com\/rassegnastampacattolica\" \/>\n<meta property=\"article:published_time\" content=\"2019-09-18T22:00:43+00:00\" \/>\n<meta property=\"og:image\" content=\"https:\/\/www.rassegnastampa-totustuus.it\/cattolica\/wp-content\/uploads\/2019\/09\/Africa_Zimbawe-4.jpg\" \/>\n\t<meta property=\"og:image:width\" content=\"3838\" \/>\n\t<meta property=\"og:image:height\" content=\"2605\" \/>\n\t<meta property=\"og:image:type\" content=\"image\/jpeg\" \/>\n<meta name=\"author\" content=\"Redazione\" \/>\n<meta name=\"twitter:card\" content=\"summary_large_image\" \/>\n<meta name=\"twitter:creator\" content=\"@rassegnastampa9\" \/>\n<meta name=\"twitter:site\" content=\"@rassegnastampa9\" \/>\n<meta name=\"twitter:label1\" content=\"Scritto da\" \/>\n\t<meta name=\"twitter:data1\" content=\"Redazione\" \/>\n\t<meta name=\"twitter:label2\" content=\"Tempo di lettura stimato\" \/>\n\t<meta name=\"twitter:data2\" content=\"9 minuti\" \/>\n<script type=\"application\/ld+json\" class=\"yoast-schema-graph\">{\"@context\":\"https:\\\/\\\/schema.org\",\"@graph\":[{\"@type\":\"Article\",\"@id\":\"https:\\\/\\\/www.rassegnastampa-totustuus.it\\\/cattolica\\\/mugabe-il-nazional-comunista-che-distrusse-il-suo-paese\\\/#article\",\"isPartOf\":{\"@id\":\"https:\\\/\\\/www.rassegnastampa-totustuus.it\\\/cattolica\\\/mugabe-il-nazional-comunista-che-distrusse-il-suo-paese\\\/\"},\"author\":{\"name\":\"Redazione\",\"@id\":\"https:\\\/\\\/www.rassegnastampa-totustuus.it\\\/cattolica\\\/#\\\/schema\\\/person\\\/08f319d2bd1a0904ad9e2bfb7b15e5c3\"},\"headline\":\"Mugabe, il nazional-comunista che distrusse il suo paese\",\"datePublished\":\"2019-09-18T22:00:43+00:00\",\"mainEntityOfPage\":{\"@id\":\"https:\\\/\\\/www.rassegnastampa-totustuus.it\\\/cattolica\\\/mugabe-il-nazional-comunista-che-distrusse-il-suo-paese\\\/\"},\"wordCount\":1759,\"publisher\":{\"@id\":\"https:\\\/\\\/www.rassegnastampa-totustuus.it\\\/cattolica\\\/#organization\"},\"image\":{\"@id\":\"https:\\\/\\\/www.rassegnastampa-totustuus.it\\\/cattolica\\\/mugabe-il-nazional-comunista-che-distrusse-il-suo-paese\\\/#primaryimage\"},\"thumbnailUrl\":\"https:\\\/\\\/www.rassegnastampa-totustuus.it\\\/cattolica\\\/wp-content\\\/uploads\\\/2019\\\/09\\\/Africa_Zimbawe-4.jpg\",\"keywords\":[\"Africa\",\"comunismo\",\"personaggi\",\"Rhodesia\",\"Robert Mugabe\",\"Zimbawe\"],\"articleSection\":[\"Africa\",\"Comunismo\",\"Paesi e continenti\",\"Personaggi\"],\"inLanguage\":\"it-IT\"},{\"@type\":\"WebPage\",\"@id\":\"https:\\\/\\\/www.rassegnastampa-totustuus.it\\\/cattolica\\\/mugabe-il-nazional-comunista-che-distrusse-il-suo-paese\\\/\",\"url\":\"https:\\\/\\\/www.rassegnastampa-totustuus.it\\\/cattolica\\\/mugabe-il-nazional-comunista-che-distrusse-il-suo-paese\\\/\",\"name\":\"Mugabe, il nazional-comunista che distrusse il suo paese - Rassegna Stampa Cattolica\",\"isPartOf\":{\"@id\":\"https:\\\/\\\/www.rassegnastampa-totustuus.it\\\/cattolica\\\/#website\"},\"primaryImageOfPage\":{\"@id\":\"https:\\\/\\\/www.rassegnastampa-totustuus.it\\\/cattolica\\\/mugabe-il-nazional-comunista-che-distrusse-il-suo-paese\\\/#primaryimage\"},\"image\":{\"@id\":\"https:\\\/\\\/www.rassegnastampa-totustuus.it\\\/cattolica\\\/mugabe-il-nazional-comunista-che-distrusse-il-suo-paese\\\/#primaryimage\"},\"thumbnailUrl\":\"https:\\\/\\\/www.rassegnastampa-totustuus.it\\\/cattolica\\\/wp-content\\\/uploads\\\/2019\\\/09\\\/Africa_Zimbawe-4.jpg\",\"datePublished\":\"2019-09-18T22:00:43+00:00\",\"description\":\"Rassegna Stampa Cattolica - Per una cultura che nasce dalla Rivelazione cristiana in conformit\u00e0 alla tradizione e al Magistero della Chiesa in opposizione ad ogni relativismo e totalitarismo\",\"breadcrumb\":{\"@id\":\"https:\\\/\\\/www.rassegnastampa-totustuus.it\\\/cattolica\\\/mugabe-il-nazional-comunista-che-distrusse-il-suo-paese\\\/#breadcrumb\"},\"inLanguage\":\"it-IT\",\"potentialAction\":[{\"@type\":\"ReadAction\",\"target\":[\"https:\\\/\\\/www.rassegnastampa-totustuus.it\\\/cattolica\\\/mugabe-il-nazional-comunista-che-distrusse-il-suo-paese\\\/\"]}]},{\"@type\":\"ImageObject\",\"inLanguage\":\"it-IT\",\"@id\":\"https:\\\/\\\/www.rassegnastampa-totustuus.it\\\/cattolica\\\/mugabe-il-nazional-comunista-che-distrusse-il-suo-paese\\\/#primaryimage\",\"url\":\"https:\\\/\\\/www.rassegnastampa-totustuus.it\\\/cattolica\\\/wp-content\\\/uploads\\\/2019\\\/09\\\/Africa_Zimbawe-4.jpg\",\"contentUrl\":\"https:\\\/\\\/www.rassegnastampa-totustuus.it\\\/cattolica\\\/wp-content\\\/uploads\\\/2019\\\/09\\\/Africa_Zimbawe-4.jpg\",\"width\":3838,\"height\":2605},{\"@type\":\"BreadcrumbList\",\"@id\":\"https:\\\/\\\/www.rassegnastampa-totustuus.it\\\/cattolica\\\/mugabe-il-nazional-comunista-che-distrusse-il-suo-paese\\\/#breadcrumb\",\"itemListElement\":[{\"@type\":\"ListItem\",\"position\":1,\"name\":\"Home\",\"item\":\"https:\\\/\\\/www.rassegnastampa-totustuus.it\\\/cattolica\\\/\"},{\"@type\":\"ListItem\",\"position\":2,\"name\":\"Mugabe, il nazional-comunista che distrusse il suo paese\"}]},{\"@type\":\"WebSite\",\"@id\":\"https:\\\/\\\/www.rassegnastampa-totustuus.it\\\/cattolica\\\/#website\",\"url\":\"https:\\\/\\\/www.rassegnastampa-totustuus.it\\\/cattolica\\\/\",\"name\":\"Rassegna Stampa Cattolica\",\"description\":\"Per una cultura che nasce dalla Rivelazione cristiana in conformit\u00e0 alla tradizione e al Magistero della Chiesa in opposizione ad ogni relativismo e totalitarismo\",\"publisher\":{\"@id\":\"https:\\\/\\\/www.rassegnastampa-totustuus.it\\\/cattolica\\\/#organization\"},\"alternateName\":\"Rass. Cattolica\",\"potentialAction\":[{\"@type\":\"SearchAction\",\"target\":{\"@type\":\"EntryPoint\",\"urlTemplate\":\"https:\\\/\\\/www.rassegnastampa-totustuus.it\\\/cattolica\\\/?s={search_term_string}\"},\"query-input\":{\"@type\":\"PropertyValueSpecification\",\"valueRequired\":true,\"valueName\":\"search_term_string\"}}],\"inLanguage\":\"it-IT\"},{\"@type\":\"Organization\",\"@id\":\"https:\\\/\\\/www.rassegnastampa-totustuus.it\\\/cattolica\\\/#organization\",\"name\":\"Rassegna Stampa Cattolica\",\"url\":\"https:\\\/\\\/www.rassegnastampa-totustuus.it\\\/cattolica\\\/\",\"logo\":{\"@type\":\"ImageObject\",\"inLanguage\":\"it-IT\",\"@id\":\"https:\\\/\\\/www.rassegnastampa-totustuus.it\\\/cattolica\\\/#\\\/schema\\\/logo\\\/image\\\/\",\"url\":\"https:\\\/\\\/www.rassegnastampa-totustuus.it\\\/cattolica\\\/wp-content\\\/uploads\\\/2014\\\/04\\\/logo-rassegna1.gif\",\"contentUrl\":\"https:\\\/\\\/www.rassegnastampa-totustuus.it\\\/cattolica\\\/wp-content\\\/uploads\\\/2014\\\/04\\\/logo-rassegna1.gif\",\"width\":600,\"height\":163,\"caption\":\"Rassegna Stampa Cattolica\"},\"image\":{\"@id\":\"https:\\\/\\\/www.rassegnastampa-totustuus.it\\\/cattolica\\\/#\\\/schema\\\/logo\\\/image\\\/\"},\"sameAs\":[\"https:\\\/\\\/www.facebook.com\\\/rassegnastampacattolica\",\"https:\\\/\\\/x.com\\\/rassegnastampa9\"]},{\"@type\":\"Person\",\"@id\":\"https:\\\/\\\/www.rassegnastampa-totustuus.it\\\/cattolica\\\/#\\\/schema\\\/person\\\/08f319d2bd1a0904ad9e2bfb7b15e5c3\",\"name\":\"Redazione\",\"image\":{\"@type\":\"ImageObject\",\"inLanguage\":\"it-IT\",\"@id\":\"https:\\\/\\\/secure.gravatar.com\\\/avatar\\\/2fcdf27c78ea025fbdb44e914cc63c72249ffec9dc8aafd5c82b26240ef3f346?s=96&d=mm&r=g\",\"url\":\"https:\\\/\\\/secure.gravatar.com\\\/avatar\\\/2fcdf27c78ea025fbdb44e914cc63c72249ffec9dc8aafd5c82b26240ef3f346?s=96&d=mm&r=g\",\"contentUrl\":\"https:\\\/\\\/secure.gravatar.com\\\/avatar\\\/2fcdf27c78ea025fbdb44e914cc63c72249ffec9dc8aafd5c82b26240ef3f346?s=96&d=mm&r=g\",\"caption\":\"Redazione\"},\"url\":\"https:\\\/\\\/www.rassegnastampa-totustuus.it\\\/cattolica\\\/author\\\/pietroelle\\\/\"}]}<\/script>\n<!-- \/ Yoast SEO plugin. -->","yoast_head_json":{"title":"Mugabe, il nazional-comunista che distrusse il suo paese - Rassegna Stampa Cattolica","description":"Rassegna Stampa Cattolica - Per una cultura che nasce dalla Rivelazione cristiana in conformit\u00e0 alla tradizione e al Magistero della Chiesa in opposizione ad ogni relativismo e totalitarismo","robots":{"index":"index","follow":"follow","max-snippet":"max-snippet:-1","max-image-preview":"max-image-preview:large","max-video-preview":"max-video-preview:-1"},"canonical":"https:\/\/www.rassegnastampa-totustuus.it\/cattolica\/mugabe-il-nazional-comunista-che-distrusse-il-suo-paese\/","og_locale":"it_IT","og_type":"article","og_title":"Mugabe, il nazional-comunista che distrusse il suo paese - Rassegna Stampa Cattolica","og_description":"Rassegna Stampa Cattolica - Per una cultura che nasce dalla Rivelazione cristiana in conformit\u00e0 alla tradizione e al Magistero della Chiesa in opposizione ad ogni relativismo e totalitarismo","og_url":"https:\/\/www.rassegnastampa-totustuus.it\/cattolica\/mugabe-il-nazional-comunista-che-distrusse-il-suo-paese\/","og_site_name":"Rassegna Stampa Cattolica","article_publisher":"https:\/\/www.facebook.com\/rassegnastampacattolica","article_published_time":"2019-09-18T22:00:43+00:00","og_image":[{"width":3838,"height":2605,"url":"https:\/\/www.rassegnastampa-totustuus.it\/cattolica\/wp-content\/uploads\/2019\/09\/Africa_Zimbawe-4.jpg","type":"image\/jpeg"}],"author":"Redazione","twitter_card":"summary_large_image","twitter_creator":"@rassegnastampa9","twitter_site":"@rassegnastampa9","twitter_misc":{"Scritto da":"Redazione","Tempo di lettura stimato":"9 minuti"},"schema":{"@context":"https:\/\/schema.org","@graph":[{"@type":"Article","@id":"https:\/\/www.rassegnastampa-totustuus.it\/cattolica\/mugabe-il-nazional-comunista-che-distrusse-il-suo-paese\/#article","isPartOf":{"@id":"https:\/\/www.rassegnastampa-totustuus.it\/cattolica\/mugabe-il-nazional-comunista-che-distrusse-il-suo-paese\/"},"author":{"name":"Redazione","@id":"https:\/\/www.rassegnastampa-totustuus.it\/cattolica\/#\/schema\/person\/08f319d2bd1a0904ad9e2bfb7b15e5c3"},"headline":"Mugabe, il nazional-comunista che distrusse il suo paese","datePublished":"2019-09-18T22:00:43+00:00","mainEntityOfPage":{"@id":"https:\/\/www.rassegnastampa-totustuus.it\/cattolica\/mugabe-il-nazional-comunista-che-distrusse-il-suo-paese\/"},"wordCount":1759,"publisher":{"@id":"https:\/\/www.rassegnastampa-totustuus.it\/cattolica\/#organization"},"image":{"@id":"https:\/\/www.rassegnastampa-totustuus.it\/cattolica\/mugabe-il-nazional-comunista-che-distrusse-il-suo-paese\/#primaryimage"},"thumbnailUrl":"https:\/\/www.rassegnastampa-totustuus.it\/cattolica\/wp-content\/uploads\/2019\/09\/Africa_Zimbawe-4.jpg","keywords":["Africa","comunismo","personaggi","Rhodesia","Robert Mugabe","Zimbawe"],"articleSection":["Africa","Comunismo","Paesi e continenti","Personaggi"],"inLanguage":"it-IT"},{"@type":"WebPage","@id":"https:\/\/www.rassegnastampa-totustuus.it\/cattolica\/mugabe-il-nazional-comunista-che-distrusse-il-suo-paese\/","url":"https:\/\/www.rassegnastampa-totustuus.it\/cattolica\/mugabe-il-nazional-comunista-che-distrusse-il-suo-paese\/","name":"Mugabe, il nazional-comunista che distrusse il suo paese - Rassegna Stampa Cattolica","isPartOf":{"@id":"https:\/\/www.rassegnastampa-totustuus.it\/cattolica\/#website"},"primaryImageOfPage":{"@id":"https:\/\/www.rassegnastampa-totustuus.it\/cattolica\/mugabe-il-nazional-comunista-che-distrusse-il-suo-paese\/#primaryimage"},"image":{"@id":"https:\/\/www.rassegnastampa-totustuus.it\/cattolica\/mugabe-il-nazional-comunista-che-distrusse-il-suo-paese\/#primaryimage"},"thumbnailUrl":"https:\/\/www.rassegnastampa-totustuus.it\/cattolica\/wp-content\/uploads\/2019\/09\/Africa_Zimbawe-4.jpg","datePublished":"2019-09-18T22:00:43+00:00","description":"Rassegna Stampa Cattolica - Per una cultura che nasce dalla Rivelazione cristiana in conformit\u00e0 alla tradizione e al Magistero della Chiesa in opposizione ad ogni relativismo e totalitarismo","breadcrumb":{"@id":"https:\/\/www.rassegnastampa-totustuus.it\/cattolica\/mugabe-il-nazional-comunista-che-distrusse-il-suo-paese\/#breadcrumb"},"inLanguage":"it-IT","potentialAction":[{"@type":"ReadAction","target":["https:\/\/www.rassegnastampa-totustuus.it\/cattolica\/mugabe-il-nazional-comunista-che-distrusse-il-suo-paese\/"]}]},{"@type":"ImageObject","inLanguage":"it-IT","@id":"https:\/\/www.rassegnastampa-totustuus.it\/cattolica\/mugabe-il-nazional-comunista-che-distrusse-il-suo-paese\/#primaryimage","url":"https:\/\/www.rassegnastampa-totustuus.it\/cattolica\/wp-content\/uploads\/2019\/09\/Africa_Zimbawe-4.jpg","contentUrl":"https:\/\/www.rassegnastampa-totustuus.it\/cattolica\/wp-content\/uploads\/2019\/09\/Africa_Zimbawe-4.jpg","width":3838,"height":2605},{"@type":"BreadcrumbList","@id":"https:\/\/www.rassegnastampa-totustuus.it\/cattolica\/mugabe-il-nazional-comunista-che-distrusse-il-suo-paese\/#breadcrumb","itemListElement":[{"@type":"ListItem","position":1,"name":"Home","item":"https:\/\/www.rassegnastampa-totustuus.it\/cattolica\/"},{"@type":"ListItem","position":2,"name":"Mugabe, il nazional-comunista che distrusse il suo paese"}]},{"@type":"WebSite","@id":"https:\/\/www.rassegnastampa-totustuus.it\/cattolica\/#website","url":"https:\/\/www.rassegnastampa-totustuus.it\/cattolica\/","name":"Rassegna Stampa Cattolica","description":"Per una cultura che nasce dalla Rivelazione cristiana in conformit\u00e0 alla tradizione e al Magistero della Chiesa in opposizione ad ogni relativismo e totalitarismo","publisher":{"@id":"https:\/\/www.rassegnastampa-totustuus.it\/cattolica\/#organization"},"alternateName":"Rass. Cattolica","potentialAction":[{"@type":"SearchAction","target":{"@type":"EntryPoint","urlTemplate":"https:\/\/www.rassegnastampa-totustuus.it\/cattolica\/?s={search_term_string}"},"query-input":{"@type":"PropertyValueSpecification","valueRequired":true,"valueName":"search_term_string"}}],"inLanguage":"it-IT"},{"@type":"Organization","@id":"https:\/\/www.rassegnastampa-totustuus.it\/cattolica\/#organization","name":"Rassegna Stampa Cattolica","url":"https:\/\/www.rassegnastampa-totustuus.it\/cattolica\/","logo":{"@type":"ImageObject","inLanguage":"it-IT","@id":"https:\/\/www.rassegnastampa-totustuus.it\/cattolica\/#\/schema\/logo\/image\/","url":"https:\/\/www.rassegnastampa-totustuus.it\/cattolica\/wp-content\/uploads\/2014\/04\/logo-rassegna1.gif","contentUrl":"https:\/\/www.rassegnastampa-totustuus.it\/cattolica\/wp-content\/uploads\/2014\/04\/logo-rassegna1.gif","width":600,"height":163,"caption":"Rassegna Stampa Cattolica"},"image":{"@id":"https:\/\/www.rassegnastampa-totustuus.it\/cattolica\/#\/schema\/logo\/image\/"},"sameAs":["https:\/\/www.facebook.com\/rassegnastampacattolica","https:\/\/x.com\/rassegnastampa9"]},{"@type":"Person","@id":"https:\/\/www.rassegnastampa-totustuus.it\/cattolica\/#\/schema\/person\/08f319d2bd1a0904ad9e2bfb7b15e5c3","name":"Redazione","image":{"@type":"ImageObject","inLanguage":"it-IT","@id":"https:\/\/secure.gravatar.com\/avatar\/2fcdf27c78ea025fbdb44e914cc63c72249ffec9dc8aafd5c82b26240ef3f346?s=96&d=mm&r=g","url":"https:\/\/secure.gravatar.com\/avatar\/2fcdf27c78ea025fbdb44e914cc63c72249ffec9dc8aafd5c82b26240ef3f346?s=96&d=mm&r=g","contentUrl":"https:\/\/secure.gravatar.com\/avatar\/2fcdf27c78ea025fbdb44e914cc63c72249ffec9dc8aafd5c82b26240ef3f346?s=96&d=mm&r=g","caption":"Redazione"},"url":"https:\/\/www.rassegnastampa-totustuus.it\/cattolica\/author\/pietroelle\/"}]}},"_links":{"self":[{"href":"https:\/\/www.rassegnastampa-totustuus.it\/cattolica\/wp-json\/wp\/v2\/posts\/44294","targetHints":{"allow":["GET"]}}],"collection":[{"href":"https:\/\/www.rassegnastampa-totustuus.it\/cattolica\/wp-json\/wp\/v2\/posts"}],"about":[{"href":"https:\/\/www.rassegnastampa-totustuus.it\/cattolica\/wp-json\/wp\/v2\/types\/post"}],"author":[{"embeddable":true,"href":"https:\/\/www.rassegnastampa-totustuus.it\/cattolica\/wp-json\/wp\/v2\/users\/6"}],"replies":[{"embeddable":true,"href":"https:\/\/www.rassegnastampa-totustuus.it\/cattolica\/wp-json\/wp\/v2\/comments?post=44294"}],"version-history":[{"count":1,"href":"https:\/\/www.rassegnastampa-totustuus.it\/cattolica\/wp-json\/wp\/v2\/posts\/44294\/revisions"}],"predecessor-version":[{"id":44306,"href":"https:\/\/www.rassegnastampa-totustuus.it\/cattolica\/wp-json\/wp\/v2\/posts\/44294\/revisions\/44306"}],"wp:featuredmedia":[{"embeddable":true,"href":"https:\/\/www.rassegnastampa-totustuus.it\/cattolica\/wp-json\/wp\/v2\/media\/44305"}],"wp:attachment":[{"href":"https:\/\/www.rassegnastampa-totustuus.it\/cattolica\/wp-json\/wp\/v2\/media?parent=44294"}],"wp:term":[{"taxonomy":"category","embeddable":true,"href":"https:\/\/www.rassegnastampa-totustuus.it\/cattolica\/wp-json\/wp\/v2\/categories?post=44294"},{"taxonomy":"post_tag","embeddable":true,"href":"https:\/\/www.rassegnastampa-totustuus.it\/cattolica\/wp-json\/wp\/v2\/tags?post=44294"}],"curies":[{"name":"wp","href":"https:\/\/api.w.org\/{rel}","templated":true}]}}