{"id":44260,"date":"2019-09-11T00:00:33","date_gmt":"2019-09-10T22:00:33","guid":{"rendered":"http:\/\/www.rassegnastampa-totustuus.it\/cattolica\/?p=44260"},"modified":"2019-09-08T12:07:46","modified_gmt":"2019-09-08T10:07:46","slug":"ue-vita-dura-per-i-referendum-popolari","status":"publish","type":"post","link":"https:\/\/www.rassegnastampa-totustuus.it\/cattolica\/ue-vita-dura-per-i-referendum-popolari\/","title":{"rendered":"UE: vita dura per i referendum popolari\u2026"},"content":{"rendered":"<p style=\"text-align: center;\"><strong>Il Populista<\/strong> 6 Settembre 2019<\/p>\n<p><a href=\"https:\/\/www.rassegnastampa-totustuus.it\/cattolica\/wp-content\/uploads\/2019\/09\/europa_UE.jpg\"><img loading=\"lazy\" decoding=\"async\" class=\"size-medium wp-image-44261 aligncenter\" src=\"https:\/\/www.rassegnastampa-totustuus.it\/cattolica\/wp-content\/uploads\/2019\/09\/europa_UE-300x157.jpg\" alt=\"\" width=\"300\" height=\"157\" srcset=\"https:\/\/www.rassegnastampa-totustuus.it\/cattolica\/wp-content\/uploads\/2019\/09\/europa_UE-300x157.jpg 300w, https:\/\/www.rassegnastampa-totustuus.it\/cattolica\/wp-content\/uploads\/2019\/09\/europa_UE.jpg 768w\" sizes=\"auto, (max-width: 300px) 100vw, 300px\" \/><\/a><\/p>\n<p><em>Bisogna pur riconoscere una certa dose di verit\u00e0 all&#8217;idea \u2013 sostenuta da una parte rilevante dei nostri opinion makers \u2013 di una vera e propria allergia a questi strumenti \u2013 cosiddetti \u2013 di democrazia diretta da parte delle Istituzioni europee. Perch\u00e9? <\/em><\/p>\n<p style=\"text-align: center;\">di <strong>Mauro Rotellini <\/strong><\/p>\n<p><!--more--><\/p>\n<p style=\"text-align: justify;\"><strong>Vita dura per i referendum popolari nel vecchio continente&#8230;<\/strong> In effetti l&#8217;Unione europea ha sempre guardato con estremo sospetto a questi strumenti \u2013 cosiddetti \u2013 di democrazia diretta. Vediamo perch\u00e9.<\/p>\n<p style=\"text-align: justify;\"><strong><a href=\"https:\/\/www.rassegnastampa-totustuus.it\/cattolica\/wp-content\/uploads\/2006\/03\/unione-europea.jpg\"><img loading=\"lazy\" decoding=\"async\" class=\"size-full wp-image-28193 alignleft\" src=\"https:\/\/www.rassegnastampa-totustuus.it\/cattolica\/wp-content\/uploads\/2006\/03\/unione-europea.jpg\" alt=\"\" width=\"259\" height=\"194\" \/><\/a>L&#8217;idea di una maggiore integrazione con la UE venne rifiutata dai danesi. Il Trattato di Maastricht fu approvato dai francesi con un margine dell&#8217;1%<\/strong>, ma fu rifiutata seccamente la c.d. \u201cCostituzione europea\u201d. <strong>La cura da cavallo per l&#8217;economia venne rimandata al mittente con 20 punti percentuali di margine dai greci<\/strong>. L&#8217;intero processo d\u2019integrazione europea \u00e8 stato <strong>rigettato ormai pi\u00f9 di tre anni fa dal popolo britannico con la <\/strong><em><strong>Brexit<\/strong><\/em>.<\/p>\n<p style=\"text-align: justify;\">Ci fermiamo qua, ma basta per vedere come <strong>il rapporto che ha la UE con i suoi cittadini sia molto, molto fragile. Quasi inesistente<\/strong>. E si tratta di un rapporto che \u2013 evidentemente \u2013 <strong>prescinde dai governi in carica nelle nazioni di volta in volta soggette alle consultazioni popolari<\/strong>.<\/p>\n<p style=\"text-align: justify;\"><a href=\"https:\/\/www.rassegnastampa-totustuus.it\/cattolica\/wp-content\/uploads\/2006\/06\/scheda-referendum.jpg\"><img loading=\"lazy\" decoding=\"async\" class=\"size-full wp-image-28309 alignright\" src=\"https:\/\/www.rassegnastampa-totustuus.it\/cattolica\/wp-content\/uploads\/2006\/06\/scheda-referendum.jpg\" alt=\"\" width=\"300\" height=\"168\" \/><\/a>Nel diritto italiano l&#8217;esito referendario, accertato con Decreto del Presidente della Repubblica, costituisce, costituisce una vera e propria <em>fonte del diritto<\/em> primaria, che vincola i legislatori al rispetto della volont\u00e0 del popolo, il quale pu\u00f2 decidere <em>S\u00ec<\/em> o <em>No<\/em> su una e singola questione.<\/p>\n<p style=\"text-align: justify;\">D&#8217;altronde, anche assumendo per vera la prima parte della famosa affermazione di <strong>Winston Churchill<\/strong> (1874-1965) per cui &#8220;<em>la democrazia <\/em>[rappresentativa]<em> \u00e8 la peggior forma di governo<\/em>&#8220;, non si pu\u00f2 prescindere dalla constatazione che per &#8220;rappresentare&#8221;, deve esistere un <em>rappresentato<\/em>, <strong>che ha sempre la possibilit\u00e0 di ritirare la delega<\/strong>.<\/p>\n<p style=\"text-align: justify;\"><a href=\"https:\/\/www.rassegnastampa-totustuus.it\/cattolica\/wp-content\/uploads\/2014\/05\/europarlamento.jpg\"><img loading=\"lazy\" decoding=\"async\" class=\"size-full wp-image-7461 alignleft\" src=\"https:\/\/www.rassegnastampa-totustuus.it\/cattolica\/wp-content\/uploads\/2014\/05\/europarlamento.jpg\" alt=\"\" width=\"259\" height=\"194\" \/><\/a>Ha giustamente ricordato <strong>Sabino Cassese<\/strong> su <em>Il Foglio<\/em> che, la funzione della rappresentanza moderna, dovrebbe consistere nel \u201ccontrollare periodicamente i governanti, rinnovandoli o non rinnovandoli [&#8230;] ed assicurarne il ricambio, la rotazione nell\u2019ufficio, approvare periodicamente programmi e persone incaricate di realizzarli (donde l\u2019importanza di ricordare che essa comporta ripetute elezioni)\u201d (<em><strong>Piano con la democrazia<\/strong><\/em>, 23 giugno 2019).<\/p>\n<p style=\"text-align: justify;\">Parole queste che implicano una certa, per quanto imperfetta capacit\u00e0 del corpo elettorale di ritirare la delega data ai propri rappresentanti. Ma la ragione della crisi della democrazia rappresentativa dove sta, allora? Sta anzitutto, a parere di molti, nella incapacit\u00e0 di selezionare il merito.<\/p>\n<p style=\"text-align: justify;\">La societ\u00e0 civile non riesce ad individuare e far andare avanti quelli che \u2013 al suo interno \u2013 sarebbero meritevoli di farlo (meritevoli in base a quali criteri, peraltro non \u00e8 dato sapere). Insomma il problema sono i partiti. Eppure, di fronte alla decaduta capacit\u00e0 della classe politica di selezionare i propri leader, all&#8217;interno dei quali scegliere i rappresentanti, la soluzione che Cassese propone non \u00e8 quella d\u2019intervenire sui partiti, cercando di rialzarne la capacit\u00e0 di selezione, in primis attraverso la formazione politica, ma agire sul sistema di pesi e contrappesi.<\/p>\n<p style=\"text-align: justify;\"><a href=\"https:\/\/www.rassegnastampa-totustuus.it\/cattolica\/wp-content\/uploads\/2005\/05\/Europa_frantumi.jpg\"><img loading=\"lazy\" decoding=\"async\" class=\"size-full wp-image-32097 alignright\" src=\"https:\/\/www.rassegnastampa-totustuus.it\/cattolica\/wp-content\/uploads\/2005\/05\/Europa_frantumi.jpg\" alt=\"\" width=\"259\" height=\"194\" \/><\/a>\u00c8 ancora Sabino Cassese che afferma: \u201c<em>bisogna insistere sui diversi modi di controllare l\u2019esercizio del potere. In fondo, quello che chiamiamo democrazia \u00e8 uno strumento per limitare il potere. Se essa ha un ambito limitato di azione, <\/em><strong><em>occorre agire con altri strumenti, quali la separazione dei poteri, i poteri contrapposti, le investiture separate, la separazione tra indirizzo\/controllo e gestione, l\u2019imparzialit\u00e0 dell\u2019amministrazione, le autorit\u00e0 indipendenti, la tecnicit\u00e0 della burocrazia<\/em><\/strong>\u201d.<\/p>\n<p style=\"text-align: justify;\">Ma c&#8217;\u00e8 un&#8217;altra poco condivisibile (direi triste) constatazione. Questa soluzione non \u00e8 solo teorizzata, ma ampiamente praticata in primo luogo dalla UE, con saluti cari al \u201cpopolo europeo\u201d. Il sistema della rappresentanza politica non funziona?<\/p>\n<p style=\"text-align: justify;\">Ebbene eliminiamolo introducendo un sistema per cui l&#8217;eletto \u2013 posta sicura la sua inidoneit\u00e0 a svolgere il ruolo a cui \u00e8 chiamato \u2013 venga limitato e costretto da altri poteri, non eletti ma, in gran parte, cooptati (cosa sono i concorsi nella magistratura, ad esempio, se non una cooptazione chiamata in altro modo) e quindi capaci di svolgere il loro ruolo al meglio.<\/p>\n<p style=\"text-align: justify;\"><a href=\"https:\/\/www.rassegnastampa-totustuus.it\/cattolica\/wp-content\/uploads\/2016\/06\/brexit-2.jpg\"><img loading=\"lazy\" decoding=\"async\" class=\"size-full wp-image-35466 alignleft\" src=\"https:\/\/www.rassegnastampa-totustuus.it\/cattolica\/wp-content\/uploads\/2016\/06\/brexit-2.jpg\" alt=\"\" width=\"286\" height=\"176\" \/><\/a>Affermazione palesemente falsa. Il risultato \u00e8 un governo delle consorterie. Il suo scopo \u00e8 quello di controllare il potere politico, ma \u2013 cos\u00ec facendo \u2013 fa assumere ai suoi componenti ruoli, compiti e poteri che non spetterebbero loro. Qui, alla fine, si realizza il paradosso pi\u00f9 completo: chi dice di voler salvare la democrazia rappresentativa compie un&#8217;analisi della situazione che lo porta ad una terapia sbagliata. Il risultato \u00e8 la sostituzione della democrazia rappresentativa con la dittatura tecnocratica.<\/p>\n<p style=\"text-align: justify;\">E alla fine ecco il motivo per cui i referendum europei pesano tanto ai tecnocrati dell\u2019UE! Un tecnico di Bruxelles che esprime un parere a sfavore della sovranit\u00e0 di questo o quel Paese non costa nulla, ma al tempo stesso non c&#8217;\u00e8 alcuna garanzia che questa \u201cautorit\u00e0\u201d si esprima in base a parametri oggettivi e condivisibili.<\/p>\n<p style=\"text-align: justify;\">Semmai c&#8217;\u00e8 la certezza che potr\u00e0 orientare la propria valutazione anche in relazione al valutato. Ritorniamo cos\u00ec, alla sopraffazione dei \u201cgrandi\u201d Paesi nei confronti dei piccoli. Con buona pace degli ideali europeistici\u2026.<\/p>\n","protected":false},"excerpt":{"rendered":"<p>Il Populista 6 Settembre 2019 Bisogna pur riconoscere una certa dose di verit\u00e0 all&#8217;idea \u2013 sostenuta da una parte rilevante dei nostri opinion makers \u2013 di una vera e propria allergia a questi strumenti \u2013 cosiddetti \u2013 di democrazia diretta da parte delle Istituzioni europee. Perch\u00e9? di Mauro Rotellini<\/p><p><a class=\"more-link btn\" href=\"https:\/\/www.rassegnastampa-totustuus.it\/cattolica\/ue-vita-dura-per-i-referendum-popolari\/\">Continua a leggere<\/a><\/p>\n","protected":false},"author":6,"featured_media":44261,"comment_status":"closed","ping_status":"closed","sticky":false,"template":"","format":"standard","meta":{"footnotes":""},"categories":[14,53],"tags":[439,235],"class_list":["post-44260","post","type-post","status-publish","format-standard","has-post-thumbnail","hentry","category-europa-e-ue","category-politica","tag-europa-ue","tag-politica-2","item-wrap"],"yoast_head":"<!-- This site is optimized with the Yoast SEO plugin v27.5 - https:\/\/yoast.com\/product\/yoast-seo-wordpress\/ -->\n<title>UE: vita dura per i referendum popolari\u2026 - Rassegna Stampa Cattolica<\/title>\n<meta name=\"description\" content=\"Rassegna Stampa Cattolica - Per una cultura che nasce dalla Rivelazione cristiana in conformit\u00e0 alla tradizione e al Magistero della Chiesa in opposizione ad ogni relativismo e totalitarismo\" \/>\n<meta name=\"robots\" content=\"index, follow, max-snippet:-1, max-image-preview:large, max-video-preview:-1\" \/>\n<link rel=\"canonical\" href=\"https:\/\/www.rassegnastampa-totustuus.it\/cattolica\/ue-vita-dura-per-i-referendum-popolari\/\" \/>\n<meta property=\"og:locale\" content=\"it_IT\" \/>\n<meta property=\"og:type\" content=\"article\" \/>\n<meta property=\"og:title\" content=\"UE: vita dura per i referendum popolari\u2026 - Rassegna Stampa Cattolica\" \/>\n<meta property=\"og:description\" content=\"Rassegna Stampa Cattolica - Per una cultura che nasce dalla Rivelazione cristiana in conformit\u00e0 alla tradizione e al Magistero della Chiesa in opposizione ad ogni relativismo e totalitarismo\" \/>\n<meta property=\"og:url\" content=\"https:\/\/www.rassegnastampa-totustuus.it\/cattolica\/ue-vita-dura-per-i-referendum-popolari\/\" \/>\n<meta property=\"og:site_name\" content=\"Rassegna Stampa Cattolica\" \/>\n<meta property=\"article:publisher\" content=\"https:\/\/www.facebook.com\/rassegnastampacattolica\" \/>\n<meta property=\"article:published_time\" content=\"2019-09-10T22:00:33+00:00\" \/>\n<meta property=\"og:image\" content=\"https:\/\/www.rassegnastampa-totustuus.it\/cattolica\/wp-content\/uploads\/2019\/09\/europa_UE.jpg\" \/>\n\t<meta property=\"og:image:width\" content=\"768\" \/>\n\t<meta property=\"og:image:height\" content=\"402\" \/>\n\t<meta property=\"og:image:type\" content=\"image\/jpeg\" \/>\n<meta name=\"author\" content=\"Redazione\" \/>\n<meta name=\"twitter:card\" content=\"summary_large_image\" \/>\n<meta name=\"twitter:creator\" content=\"@rassegnastampa9\" \/>\n<meta name=\"twitter:site\" content=\"@rassegnastampa9\" \/>\n<meta name=\"twitter:label1\" content=\"Scritto da\" \/>\n\t<meta name=\"twitter:data1\" content=\"Redazione\" \/>\n\t<meta name=\"twitter:label2\" content=\"Tempo di lettura stimato\" \/>\n\t<meta name=\"twitter:data2\" content=\"4 minuti\" \/>\n<script type=\"application\/ld+json\" class=\"yoast-schema-graph\">{\"@context\":\"https:\\\/\\\/schema.org\",\"@graph\":[{\"@type\":\"Article\",\"@id\":\"https:\\\/\\\/www.rassegnastampa-totustuus.it\\\/cattolica\\\/ue-vita-dura-per-i-referendum-popolari\\\/#article\",\"isPartOf\":{\"@id\":\"https:\\\/\\\/www.rassegnastampa-totustuus.it\\\/cattolica\\\/ue-vita-dura-per-i-referendum-popolari\\\/\"},\"author\":{\"name\":\"Redazione\",\"@id\":\"https:\\\/\\\/www.rassegnastampa-totustuus.it\\\/cattolica\\\/#\\\/schema\\\/person\\\/08f319d2bd1a0904ad9e2bfb7b15e5c3\"},\"headline\":\"UE: vita dura per i referendum popolari\u2026\",\"datePublished\":\"2019-09-10T22:00:33+00:00\",\"mainEntityOfPage\":{\"@id\":\"https:\\\/\\\/www.rassegnastampa-totustuus.it\\\/cattolica\\\/ue-vita-dura-per-i-referendum-popolari\\\/\"},\"wordCount\":810,\"publisher\":{\"@id\":\"https:\\\/\\\/www.rassegnastampa-totustuus.it\\\/cattolica\\\/#organization\"},\"image\":{\"@id\":\"https:\\\/\\\/www.rassegnastampa-totustuus.it\\\/cattolica\\\/ue-vita-dura-per-i-referendum-popolari\\\/#primaryimage\"},\"thumbnailUrl\":\"https:\\\/\\\/www.rassegnastampa-totustuus.it\\\/cattolica\\\/wp-content\\\/uploads\\\/2019\\\/09\\\/europa_UE.jpg\",\"keywords\":[\"Europa UE\",\"politica\"],\"articleSection\":[\"Europa e UE\",\"Politica\"],\"inLanguage\":\"it-IT\"},{\"@type\":\"WebPage\",\"@id\":\"https:\\\/\\\/www.rassegnastampa-totustuus.it\\\/cattolica\\\/ue-vita-dura-per-i-referendum-popolari\\\/\",\"url\":\"https:\\\/\\\/www.rassegnastampa-totustuus.it\\\/cattolica\\\/ue-vita-dura-per-i-referendum-popolari\\\/\",\"name\":\"UE: vita dura per i referendum popolari\u2026 - Rassegna Stampa Cattolica\",\"isPartOf\":{\"@id\":\"https:\\\/\\\/www.rassegnastampa-totustuus.it\\\/cattolica\\\/#website\"},\"primaryImageOfPage\":{\"@id\":\"https:\\\/\\\/www.rassegnastampa-totustuus.it\\\/cattolica\\\/ue-vita-dura-per-i-referendum-popolari\\\/#primaryimage\"},\"image\":{\"@id\":\"https:\\\/\\\/www.rassegnastampa-totustuus.it\\\/cattolica\\\/ue-vita-dura-per-i-referendum-popolari\\\/#primaryimage\"},\"thumbnailUrl\":\"https:\\\/\\\/www.rassegnastampa-totustuus.it\\\/cattolica\\\/wp-content\\\/uploads\\\/2019\\\/09\\\/europa_UE.jpg\",\"datePublished\":\"2019-09-10T22:00:33+00:00\",\"description\":\"Rassegna Stampa Cattolica - Per una cultura che nasce dalla Rivelazione cristiana in conformit\u00e0 alla tradizione e al Magistero della Chiesa in opposizione ad ogni relativismo e totalitarismo\",\"breadcrumb\":{\"@id\":\"https:\\\/\\\/www.rassegnastampa-totustuus.it\\\/cattolica\\\/ue-vita-dura-per-i-referendum-popolari\\\/#breadcrumb\"},\"inLanguage\":\"it-IT\",\"potentialAction\":[{\"@type\":\"ReadAction\",\"target\":[\"https:\\\/\\\/www.rassegnastampa-totustuus.it\\\/cattolica\\\/ue-vita-dura-per-i-referendum-popolari\\\/\"]}]},{\"@type\":\"ImageObject\",\"inLanguage\":\"it-IT\",\"@id\":\"https:\\\/\\\/www.rassegnastampa-totustuus.it\\\/cattolica\\\/ue-vita-dura-per-i-referendum-popolari\\\/#primaryimage\",\"url\":\"https:\\\/\\\/www.rassegnastampa-totustuus.it\\\/cattolica\\\/wp-content\\\/uploads\\\/2019\\\/09\\\/europa_UE.jpg\",\"contentUrl\":\"https:\\\/\\\/www.rassegnastampa-totustuus.it\\\/cattolica\\\/wp-content\\\/uploads\\\/2019\\\/09\\\/europa_UE.jpg\",\"width\":768,\"height\":402},{\"@type\":\"BreadcrumbList\",\"@id\":\"https:\\\/\\\/www.rassegnastampa-totustuus.it\\\/cattolica\\\/ue-vita-dura-per-i-referendum-popolari\\\/#breadcrumb\",\"itemListElement\":[{\"@type\":\"ListItem\",\"position\":1,\"name\":\"Home\",\"item\":\"https:\\\/\\\/www.rassegnastampa-totustuus.it\\\/cattolica\\\/\"},{\"@type\":\"ListItem\",\"position\":2,\"name\":\"UE: vita dura per i referendum popolari\u2026\"}]},{\"@type\":\"WebSite\",\"@id\":\"https:\\\/\\\/www.rassegnastampa-totustuus.it\\\/cattolica\\\/#website\",\"url\":\"https:\\\/\\\/www.rassegnastampa-totustuus.it\\\/cattolica\\\/\",\"name\":\"Rassegna Stampa Cattolica\",\"description\":\"Per una cultura che nasce dalla Rivelazione cristiana in conformit\u00e0 alla tradizione e al Magistero della Chiesa in opposizione ad ogni relativismo e totalitarismo\",\"publisher\":{\"@id\":\"https:\\\/\\\/www.rassegnastampa-totustuus.it\\\/cattolica\\\/#organization\"},\"alternateName\":\"Rass. Cattolica\",\"potentialAction\":[{\"@type\":\"SearchAction\",\"target\":{\"@type\":\"EntryPoint\",\"urlTemplate\":\"https:\\\/\\\/www.rassegnastampa-totustuus.it\\\/cattolica\\\/?s={search_term_string}\"},\"query-input\":{\"@type\":\"PropertyValueSpecification\",\"valueRequired\":true,\"valueName\":\"search_term_string\"}}],\"inLanguage\":\"it-IT\"},{\"@type\":\"Organization\",\"@id\":\"https:\\\/\\\/www.rassegnastampa-totustuus.it\\\/cattolica\\\/#organization\",\"name\":\"Rassegna Stampa Cattolica\",\"url\":\"https:\\\/\\\/www.rassegnastampa-totustuus.it\\\/cattolica\\\/\",\"logo\":{\"@type\":\"ImageObject\",\"inLanguage\":\"it-IT\",\"@id\":\"https:\\\/\\\/www.rassegnastampa-totustuus.it\\\/cattolica\\\/#\\\/schema\\\/logo\\\/image\\\/\",\"url\":\"https:\\\/\\\/www.rassegnastampa-totustuus.it\\\/cattolica\\\/wp-content\\\/uploads\\\/2014\\\/04\\\/logo-rassegna1.gif\",\"contentUrl\":\"https:\\\/\\\/www.rassegnastampa-totustuus.it\\\/cattolica\\\/wp-content\\\/uploads\\\/2014\\\/04\\\/logo-rassegna1.gif\",\"width\":600,\"height\":163,\"caption\":\"Rassegna Stampa Cattolica\"},\"image\":{\"@id\":\"https:\\\/\\\/www.rassegnastampa-totustuus.it\\\/cattolica\\\/#\\\/schema\\\/logo\\\/image\\\/\"},\"sameAs\":[\"https:\\\/\\\/www.facebook.com\\\/rassegnastampacattolica\",\"https:\\\/\\\/x.com\\\/rassegnastampa9\"]},{\"@type\":\"Person\",\"@id\":\"https:\\\/\\\/www.rassegnastampa-totustuus.it\\\/cattolica\\\/#\\\/schema\\\/person\\\/08f319d2bd1a0904ad9e2bfb7b15e5c3\",\"name\":\"Redazione\",\"image\":{\"@type\":\"ImageObject\",\"inLanguage\":\"it-IT\",\"@id\":\"https:\\\/\\\/secure.gravatar.com\\\/avatar\\\/2fcdf27c78ea025fbdb44e914cc63c72249ffec9dc8aafd5c82b26240ef3f346?s=96&d=mm&r=g\",\"url\":\"https:\\\/\\\/secure.gravatar.com\\\/avatar\\\/2fcdf27c78ea025fbdb44e914cc63c72249ffec9dc8aafd5c82b26240ef3f346?s=96&d=mm&r=g\",\"contentUrl\":\"https:\\\/\\\/secure.gravatar.com\\\/avatar\\\/2fcdf27c78ea025fbdb44e914cc63c72249ffec9dc8aafd5c82b26240ef3f346?s=96&d=mm&r=g\",\"caption\":\"Redazione\"},\"url\":\"https:\\\/\\\/www.rassegnastampa-totustuus.it\\\/cattolica\\\/author\\\/pietroelle\\\/\"}]}<\/script>\n<!-- \/ Yoast SEO plugin. -->","yoast_head_json":{"title":"UE: vita dura per i referendum popolari\u2026 - Rassegna Stampa Cattolica","description":"Rassegna Stampa Cattolica - Per una cultura che nasce dalla Rivelazione cristiana in conformit\u00e0 alla tradizione e al Magistero della Chiesa in opposizione ad ogni relativismo e totalitarismo","robots":{"index":"index","follow":"follow","max-snippet":"max-snippet:-1","max-image-preview":"max-image-preview:large","max-video-preview":"max-video-preview:-1"},"canonical":"https:\/\/www.rassegnastampa-totustuus.it\/cattolica\/ue-vita-dura-per-i-referendum-popolari\/","og_locale":"it_IT","og_type":"article","og_title":"UE: vita dura per i referendum popolari\u2026 - Rassegna Stampa Cattolica","og_description":"Rassegna Stampa Cattolica - Per una cultura che nasce dalla Rivelazione cristiana in conformit\u00e0 alla tradizione e al Magistero della Chiesa in opposizione ad ogni relativismo e totalitarismo","og_url":"https:\/\/www.rassegnastampa-totustuus.it\/cattolica\/ue-vita-dura-per-i-referendum-popolari\/","og_site_name":"Rassegna Stampa Cattolica","article_publisher":"https:\/\/www.facebook.com\/rassegnastampacattolica","article_published_time":"2019-09-10T22:00:33+00:00","og_image":[{"width":768,"height":402,"url":"https:\/\/www.rassegnastampa-totustuus.it\/cattolica\/wp-content\/uploads\/2019\/09\/europa_UE.jpg","type":"image\/jpeg"}],"author":"Redazione","twitter_card":"summary_large_image","twitter_creator":"@rassegnastampa9","twitter_site":"@rassegnastampa9","twitter_misc":{"Scritto da":"Redazione","Tempo di lettura stimato":"4 minuti"},"schema":{"@context":"https:\/\/schema.org","@graph":[{"@type":"Article","@id":"https:\/\/www.rassegnastampa-totustuus.it\/cattolica\/ue-vita-dura-per-i-referendum-popolari\/#article","isPartOf":{"@id":"https:\/\/www.rassegnastampa-totustuus.it\/cattolica\/ue-vita-dura-per-i-referendum-popolari\/"},"author":{"name":"Redazione","@id":"https:\/\/www.rassegnastampa-totustuus.it\/cattolica\/#\/schema\/person\/08f319d2bd1a0904ad9e2bfb7b15e5c3"},"headline":"UE: vita dura per i referendum popolari\u2026","datePublished":"2019-09-10T22:00:33+00:00","mainEntityOfPage":{"@id":"https:\/\/www.rassegnastampa-totustuus.it\/cattolica\/ue-vita-dura-per-i-referendum-popolari\/"},"wordCount":810,"publisher":{"@id":"https:\/\/www.rassegnastampa-totustuus.it\/cattolica\/#organization"},"image":{"@id":"https:\/\/www.rassegnastampa-totustuus.it\/cattolica\/ue-vita-dura-per-i-referendum-popolari\/#primaryimage"},"thumbnailUrl":"https:\/\/www.rassegnastampa-totustuus.it\/cattolica\/wp-content\/uploads\/2019\/09\/europa_UE.jpg","keywords":["Europa UE","politica"],"articleSection":["Europa e UE","Politica"],"inLanguage":"it-IT"},{"@type":"WebPage","@id":"https:\/\/www.rassegnastampa-totustuus.it\/cattolica\/ue-vita-dura-per-i-referendum-popolari\/","url":"https:\/\/www.rassegnastampa-totustuus.it\/cattolica\/ue-vita-dura-per-i-referendum-popolari\/","name":"UE: vita dura per i referendum popolari\u2026 - Rassegna Stampa Cattolica","isPartOf":{"@id":"https:\/\/www.rassegnastampa-totustuus.it\/cattolica\/#website"},"primaryImageOfPage":{"@id":"https:\/\/www.rassegnastampa-totustuus.it\/cattolica\/ue-vita-dura-per-i-referendum-popolari\/#primaryimage"},"image":{"@id":"https:\/\/www.rassegnastampa-totustuus.it\/cattolica\/ue-vita-dura-per-i-referendum-popolari\/#primaryimage"},"thumbnailUrl":"https:\/\/www.rassegnastampa-totustuus.it\/cattolica\/wp-content\/uploads\/2019\/09\/europa_UE.jpg","datePublished":"2019-09-10T22:00:33+00:00","description":"Rassegna Stampa Cattolica - Per una cultura che nasce dalla Rivelazione cristiana in conformit\u00e0 alla tradizione e al Magistero della Chiesa in opposizione ad ogni relativismo e totalitarismo","breadcrumb":{"@id":"https:\/\/www.rassegnastampa-totustuus.it\/cattolica\/ue-vita-dura-per-i-referendum-popolari\/#breadcrumb"},"inLanguage":"it-IT","potentialAction":[{"@type":"ReadAction","target":["https:\/\/www.rassegnastampa-totustuus.it\/cattolica\/ue-vita-dura-per-i-referendum-popolari\/"]}]},{"@type":"ImageObject","inLanguage":"it-IT","@id":"https:\/\/www.rassegnastampa-totustuus.it\/cattolica\/ue-vita-dura-per-i-referendum-popolari\/#primaryimage","url":"https:\/\/www.rassegnastampa-totustuus.it\/cattolica\/wp-content\/uploads\/2019\/09\/europa_UE.jpg","contentUrl":"https:\/\/www.rassegnastampa-totustuus.it\/cattolica\/wp-content\/uploads\/2019\/09\/europa_UE.jpg","width":768,"height":402},{"@type":"BreadcrumbList","@id":"https:\/\/www.rassegnastampa-totustuus.it\/cattolica\/ue-vita-dura-per-i-referendum-popolari\/#breadcrumb","itemListElement":[{"@type":"ListItem","position":1,"name":"Home","item":"https:\/\/www.rassegnastampa-totustuus.it\/cattolica\/"},{"@type":"ListItem","position":2,"name":"UE: vita dura per i referendum popolari\u2026"}]},{"@type":"WebSite","@id":"https:\/\/www.rassegnastampa-totustuus.it\/cattolica\/#website","url":"https:\/\/www.rassegnastampa-totustuus.it\/cattolica\/","name":"Rassegna Stampa Cattolica","description":"Per una cultura che nasce dalla Rivelazione cristiana in conformit\u00e0 alla tradizione e al Magistero della Chiesa in opposizione ad ogni relativismo e totalitarismo","publisher":{"@id":"https:\/\/www.rassegnastampa-totustuus.it\/cattolica\/#organization"},"alternateName":"Rass. Cattolica","potentialAction":[{"@type":"SearchAction","target":{"@type":"EntryPoint","urlTemplate":"https:\/\/www.rassegnastampa-totustuus.it\/cattolica\/?s={search_term_string}"},"query-input":{"@type":"PropertyValueSpecification","valueRequired":true,"valueName":"search_term_string"}}],"inLanguage":"it-IT"},{"@type":"Organization","@id":"https:\/\/www.rassegnastampa-totustuus.it\/cattolica\/#organization","name":"Rassegna Stampa Cattolica","url":"https:\/\/www.rassegnastampa-totustuus.it\/cattolica\/","logo":{"@type":"ImageObject","inLanguage":"it-IT","@id":"https:\/\/www.rassegnastampa-totustuus.it\/cattolica\/#\/schema\/logo\/image\/","url":"https:\/\/www.rassegnastampa-totustuus.it\/cattolica\/wp-content\/uploads\/2014\/04\/logo-rassegna1.gif","contentUrl":"https:\/\/www.rassegnastampa-totustuus.it\/cattolica\/wp-content\/uploads\/2014\/04\/logo-rassegna1.gif","width":600,"height":163,"caption":"Rassegna Stampa Cattolica"},"image":{"@id":"https:\/\/www.rassegnastampa-totustuus.it\/cattolica\/#\/schema\/logo\/image\/"},"sameAs":["https:\/\/www.facebook.com\/rassegnastampacattolica","https:\/\/x.com\/rassegnastampa9"]},{"@type":"Person","@id":"https:\/\/www.rassegnastampa-totustuus.it\/cattolica\/#\/schema\/person\/08f319d2bd1a0904ad9e2bfb7b15e5c3","name":"Redazione","image":{"@type":"ImageObject","inLanguage":"it-IT","@id":"https:\/\/secure.gravatar.com\/avatar\/2fcdf27c78ea025fbdb44e914cc63c72249ffec9dc8aafd5c82b26240ef3f346?s=96&d=mm&r=g","url":"https:\/\/secure.gravatar.com\/avatar\/2fcdf27c78ea025fbdb44e914cc63c72249ffec9dc8aafd5c82b26240ef3f346?s=96&d=mm&r=g","contentUrl":"https:\/\/secure.gravatar.com\/avatar\/2fcdf27c78ea025fbdb44e914cc63c72249ffec9dc8aafd5c82b26240ef3f346?s=96&d=mm&r=g","caption":"Redazione"},"url":"https:\/\/www.rassegnastampa-totustuus.it\/cattolica\/author\/pietroelle\/"}]}},"_links":{"self":[{"href":"https:\/\/www.rassegnastampa-totustuus.it\/cattolica\/wp-json\/wp\/v2\/posts\/44260","targetHints":{"allow":["GET"]}}],"collection":[{"href":"https:\/\/www.rassegnastampa-totustuus.it\/cattolica\/wp-json\/wp\/v2\/posts"}],"about":[{"href":"https:\/\/www.rassegnastampa-totustuus.it\/cattolica\/wp-json\/wp\/v2\/types\/post"}],"author":[{"embeddable":true,"href":"https:\/\/www.rassegnastampa-totustuus.it\/cattolica\/wp-json\/wp\/v2\/users\/6"}],"replies":[{"embeddable":true,"href":"https:\/\/www.rassegnastampa-totustuus.it\/cattolica\/wp-json\/wp\/v2\/comments?post=44260"}],"version-history":[{"count":2,"href":"https:\/\/www.rassegnastampa-totustuus.it\/cattolica\/wp-json\/wp\/v2\/posts\/44260\/revisions"}],"predecessor-version":[{"id":44264,"href":"https:\/\/www.rassegnastampa-totustuus.it\/cattolica\/wp-json\/wp\/v2\/posts\/44260\/revisions\/44264"}],"wp:featuredmedia":[{"embeddable":true,"href":"https:\/\/www.rassegnastampa-totustuus.it\/cattolica\/wp-json\/wp\/v2\/media\/44261"}],"wp:attachment":[{"href":"https:\/\/www.rassegnastampa-totustuus.it\/cattolica\/wp-json\/wp\/v2\/media?parent=44260"}],"wp:term":[{"taxonomy":"category","embeddable":true,"href":"https:\/\/www.rassegnastampa-totustuus.it\/cattolica\/wp-json\/wp\/v2\/categories?post=44260"},{"taxonomy":"post_tag","embeddable":true,"href":"https:\/\/www.rassegnastampa-totustuus.it\/cattolica\/wp-json\/wp\/v2\/tags?post=44260"}],"curies":[{"name":"wp","href":"https:\/\/api.w.org\/{rel}","templated":true}]}}