{"id":44254,"date":"2019-09-11T00:00:10","date_gmt":"2019-09-10T22:00:10","guid":{"rendered":"http:\/\/www.rassegnastampa-totustuus.it\/cattolica\/?p=44254"},"modified":"2019-09-11T09:23:07","modified_gmt":"2019-09-11T07:23:07","slug":"nuove-scoperte-sulla-comunicazione-fetale-tra-madre-e-figlio","status":"publish","type":"post","link":"https:\/\/www.rassegnastampa-totustuus.it\/cattolica\/nuove-scoperte-sulla-comunicazione-fetale-tra-madre-e-figlio\/","title":{"rendered":"Nuove scoperte sulla comunicazione fetale tra madre e figlio"},"content":{"rendered":"<p style=\"text-align: center;\"><strong><a href=\"https:\/\/www.rassegnastampa-totustuus.it\/cattolica\/wp-content\/uploads\/2019\/09\/madre_incinta.jpg\"><img loading=\"lazy\" decoding=\"async\" class=\"wp-image-44255 alignright\" src=\"https:\/\/www.rassegnastampa-totustuus.it\/cattolica\/wp-content\/uploads\/2019\/09\/madre_incinta-300x174.jpg\" alt=\"\" width=\"250\" height=\"145\" srcset=\"https:\/\/www.rassegnastampa-totustuus.it\/cattolica\/wp-content\/uploads\/2019\/09\/madre_incinta-300x174.jpg 300w, https:\/\/www.rassegnastampa-totustuus.it\/cattolica\/wp-content\/uploads\/2019\/09\/madre_incinta-768x445.jpg 768w, https:\/\/www.rassegnastampa-totustuus.it\/cattolica\/wp-content\/uploads\/2019\/09\/madre_incinta.jpg 800w\" sizes=\"auto, (max-width: 250px) 100vw, 250px\" \/><\/a>In Terris <\/strong><\/p>\n<p style=\"text-align: center;\">Marted\u00ec 27 Agosto 2019<\/p>\n<p style=\"text-align: justify;\"><em>Gli scienziati hanno studiato su dei topi geneticamente modificati. Una possibile svolta nella cura dei parti prematuri<\/em> di<\/p>\n<p style=\"text-align: center;\"><strong>Lorenzo Cipolla<\/strong><\/p>\n<p><!--more--><\/p>\n<p style=\"text-align: justify;\">Durante la gravidanza, le madri e i figli che portano in grembo comunicano tra loro. No, non si tratta di quei momenti quando una donna incinta si rivolge ad alta voce alla creatura nel pancione in un momento d&#8217;intimit\u00e0, bens\u00ec a <strong>livello cellulare<\/strong>. Il feto invia dei &#8216;messaggi&#8217; al corpo che lo ospita in cui trasmette dati e informazioni sul suo stato.<\/p>\n<p style=\"text-align: justify;\"><a href=\"https:\/\/www.rassegnastampa-totustuus.it\/cattolica\/wp-content\/uploads\/2009\/05\/prematuro.jpg\"><img loading=\"lazy\" decoding=\"async\" class=\"size-full wp-image-27788 alignleft\" src=\"https:\/\/www.rassegnastampa-totustuus.it\/cattolica\/wp-content\/uploads\/2009\/05\/prematuro.jpg\" alt=\"\" width=\"259\" height=\"194\" \/><\/a>Questo sistema di messaggistica sono gli esosomi, dei<strong> complessi multiproteici presenti nelle cellule<\/strong>, che viaggiano dall&#8217;embrione verso i tessuti materni all&#8217;interno di \u201csacche\u201d, i quali a loro volta inviano altre informazioni al feto che possono anche apportargli dei cambiamenti. Inoltre sono sempre gli esososmi che avvertono il lato materno che gli organi sono formati, cos\u00ec si innesca il travaglio.<\/p>\n<p style=\"text-align: justify;\">La scoperta della comunicazione madre-figlio durante i nove mesi pu\u00f2 far compiere grandi passi avanti per nuovi farmaci in grado di curare i parti prematuri. Le nascite pretermine causano la <strong>morte di un milione di bambini<\/strong> dei 15 milioni nati in anticipo.<\/p>\n<p style=\"text-align: justify;\">\u201c<strong>Esosomi message system&#8221;<\/strong><\/p>\n<p style=\"text-align: justify;\"><a href=\"https:\/\/www.rassegnastampa-totustuus.it\/cattolica\/wp-content\/uploads\/2019\/04\/nato_prematuro_4.jpg\"><img loading=\"lazy\" decoding=\"async\" class=\"wp-image-42715 alignright\" src=\"https:\/\/www.rassegnastampa-totustuus.it\/cattolica\/wp-content\/uploads\/2019\/04\/nato_prematuro_4-201x300.jpg\" alt=\"\" width=\"154\" height=\"230\" srcset=\"https:\/\/www.rassegnastampa-totustuus.it\/cattolica\/wp-content\/uploads\/2019\/04\/nato_prematuro_4-201x300.jpg 201w, https:\/\/www.rassegnastampa-totustuus.it\/cattolica\/wp-content\/uploads\/2019\/04\/nato_prematuro_4.jpg 321w\" sizes=\"auto, (max-width: 154px) 100vw, 154px\" \/><\/a>Le nuove scoperte in materia sono di un gruppo di ricercatori dell&#8217;University of Texas Medical Branch di Galveston, negli Stati Uniti d&#8217;America. &#8220;Abbiamo cercato di saperne di pi\u00f9 sulla portata e le capacit\u00e0 di questo sistema di comunicazione al fine di sviluppare <strong>nuovi modi per monitorare e supportare il feto durante la gravidanza<\/strong>&#8220;, ha dichiarato il senior autor della ricerca Ramkumar Menon.<\/p>\n<p style=\"text-align: justify;\">Per osservare questo scambio, gli scienziati americano hanno fatto degli esperimenti sui topi geneticamente modificati in modo che le proteine esosomiche si colorino di verde fluorescente e rosso, per distinguere tra quelle del feto e quelle della madre, nelle analisi al microscopio del sangue e dei tessuti embrionali e materni.<\/p>\n<p style=\"text-align: justify;\">Nel sangue materno si sono trovate tracce degli esosomi fetali, che danno informazioni sullo <strong>stato di salute<\/strong> e sullo <strong>sviluppo dell&#8217;embrione<\/strong>. Questo studio pu\u00f2 dare una svolta per la produzione di medicine per impedire i parti prematuri e consentire il normale decorso della gravidanza.<\/p>\n<p style=\"text-align: justify;\"><a href=\"https:\/\/www.rassegnastampa-totustuus.it\/cattolica\/wp-content\/uploads\/2004\/11\/laboratorio.jpg\"><img loading=\"lazy\" decoding=\"async\" class=\"size-full wp-image-34338 alignleft\" src=\"https:\/\/www.rassegnastampa-totustuus.it\/cattolica\/wp-content\/uploads\/2004\/11\/laboratorio.jpg\" alt=\"\" width=\"225\" height=\"225\" srcset=\"https:\/\/www.rassegnastampa-totustuus.it\/cattolica\/wp-content\/uploads\/2004\/11\/laboratorio.jpg 225w, https:\/\/www.rassegnastampa-totustuus.it\/cattolica\/wp-content\/uploads\/2004\/11\/laboratorio-150x150.jpg 150w\" sizes=\"auto, (max-width: 225px) 100vw, 225px\" \/><\/a>&#8220;Abbiamo appena ricevuto un contratto triennale da 1,5 milioni di euro per testare un nuovo approccio nel trattamento delle nascite pretermine. Verificheremo l&#8217;utilit\u00e0 di farmaci racchiusi in esosomi che possono potenzialmente attraversare la barriera del placenta, raggiungere il feto e prevenire l&#8217;<strong>infiammazione fetale<\/strong>, una delle cause principali&#8221;.<\/p>\n<p style=\"text-align: justify;\"><strong>I parti prematuri<\/strong><\/p>\n<p style=\"text-align: justify;\">Ogni dieci bambini che nascono nel mondo, uno viene partotito vivo prima che siano passate 37 settimane di gravidanza. Sono <strong>15 milioni i parti prematuri nel mondo ogni anno<\/strong>, secondo i dati dell&#8217;Organizzazione mondiale della Sanit\u00e0 del 2017, e il 60% avvengono in Africa e in Asia Meridionale.<\/p>\n<p style=\"text-align: justify;\">Nonostante sia un fenomeno globale, le disegulianza tra Primo e Terzo mondo fanno la differenza. I paesi pi\u00f9 colpiti dalle nascite premature sono quelli meno sviluppati, con un reddito e un benessere o pi\u00f9 basso. In termini di sopravvivenza, nella parte pi\u00f9 povera del mondo il 90% dei bambini nati estremamente in anticipo, prima delle 28 settimane, muore nei primi giorni di vita.<\/p>\n<p style=\"text-align: justify;\"><a href=\"https:\/\/www.rassegnastampa-totustuus.it\/cattolica\/wp-content\/uploads\/2009\/03\/prematuro.jpg\"><img loading=\"lazy\" decoding=\"async\" class=\"size-full wp-image-34700 alignright\" src=\"https:\/\/www.rassegnastampa-totustuus.it\/cattolica\/wp-content\/uploads\/2009\/03\/prematuro.jpg\" alt=\"\" width=\"275\" height=\"183\" \/><\/a>Chi sopravvive spesso gi\u00e0 presenta o sviluppa disabilit\u00e0. Nei paesi sviluppati, non ce fa appena meno del 10% dei prematuri estremamente pretermine. La maggior parte muore per mancanza di sostegno, di allattamento al seno o per l&#8217;impossibilit\u00e0 di curare le infezioni neonatali.<\/p>\n<p style=\"text-align: justify;\">Per questo l&#8217;Oms negli anni scorsi ha diramato delle linee guida per prevenire i parti prematuri: una sana alimentazione; l&#8217;astensione dall&#8217;uso di tabacco e sostanze; misurazioni fetali e un minimo di <strong>otto contatti<\/strong> gli operatori sanitari durante la gravidanza per individuare eventuali fattori di rischio. Per esempio, i servizi di ostetrici efficaci possono ridurre il rischio di prenatalit\u00e0 fino al 24%.<\/p>\n<p style=\"text-align: justify;\">Sempre secondo l&#8217;Oms, circa <strong>i tre quarti dei bambini<\/strong> potrebbero sopravvivere grazie per esempio agli steroidi prenatali e alle cure postnatali.<\/p>\n","protected":false},"excerpt":{"rendered":"<p>In Terris Marted\u00ec 27 Agosto 2019 Gli scienziati hanno studiato su dei topi geneticamente modificati. Una possibile svolta nella cura dei parti prematuri di Lorenzo Cipolla<\/p><p><a class=\"more-link btn\" href=\"https:\/\/www.rassegnastampa-totustuus.it\/cattolica\/nuove-scoperte-sulla-comunicazione-fetale-tra-madre-e-figlio\/\">Continua a leggere<\/a><\/p>\n","protected":false},"author":6,"featured_media":44255,"comment_status":"closed","ping_status":"closed","sticky":false,"template":"","format":"standard","meta":{"footnotes":""},"categories":[2,22],"tags":[144,261],"class_list":["post-44254","post","type-post","status-publish","format-standard","has-post-thumbnail","hentry","category-aborto","category-scienza","tag-maternita","tag-scienza-2","item-wrap"],"yoast_head":"<!-- This site is optimized with the Yoast SEO plugin v27.5 - https:\/\/yoast.com\/product\/yoast-seo-wordpress\/ -->\n<title>Nuove scoperte sulla comunicazione fetale tra madre e figlio - Rassegna Stampa Cattolica<\/title>\n<meta name=\"description\" content=\"Rassegna Stampa Cattolica - Per una cultura che nasce dalla Rivelazione cristiana in conformit\u00e0 alla tradizione e al Magistero della Chiesa in opposizione ad ogni relativismo e totalitarismo\" \/>\n<meta name=\"robots\" content=\"index, follow, max-snippet:-1, max-image-preview:large, max-video-preview:-1\" \/>\n<link rel=\"canonical\" href=\"https:\/\/www.rassegnastampa-totustuus.it\/cattolica\/nuove-scoperte-sulla-comunicazione-fetale-tra-madre-e-figlio\/\" \/>\n<meta property=\"og:locale\" content=\"it_IT\" \/>\n<meta property=\"og:type\" content=\"article\" \/>\n<meta property=\"og:title\" content=\"Nuove scoperte sulla comunicazione fetale tra madre e figlio - Rassegna Stampa Cattolica\" \/>\n<meta property=\"og:description\" content=\"Rassegna Stampa Cattolica - Per una cultura che nasce dalla Rivelazione cristiana in conformit\u00e0 alla tradizione e al Magistero della Chiesa in opposizione ad ogni relativismo e totalitarismo\" \/>\n<meta property=\"og:url\" content=\"https:\/\/www.rassegnastampa-totustuus.it\/cattolica\/nuove-scoperte-sulla-comunicazione-fetale-tra-madre-e-figlio\/\" \/>\n<meta property=\"og:site_name\" content=\"Rassegna Stampa Cattolica\" \/>\n<meta property=\"article:publisher\" content=\"https:\/\/www.facebook.com\/rassegnastampacattolica\" \/>\n<meta property=\"article:published_time\" content=\"2019-09-10T22:00:10+00:00\" \/>\n<meta property=\"article:modified_time\" content=\"2019-09-11T07:23:07+00:00\" \/>\n<meta property=\"og:image\" content=\"https:\/\/www.rassegnastampa-totustuus.it\/cattolica\/wp-content\/uploads\/2019\/09\/madre_incinta.jpg\" \/>\n\t<meta property=\"og:image:width\" content=\"800\" \/>\n\t<meta property=\"og:image:height\" content=\"464\" \/>\n\t<meta property=\"og:image:type\" content=\"image\/jpeg\" \/>\n<meta name=\"author\" content=\"Redazione\" \/>\n<meta name=\"twitter:card\" content=\"summary_large_image\" \/>\n<meta name=\"twitter:creator\" content=\"@rassegnastampa9\" \/>\n<meta name=\"twitter:site\" content=\"@rassegnastampa9\" \/>\n<meta name=\"twitter:label1\" content=\"Scritto da\" \/>\n\t<meta name=\"twitter:data1\" content=\"Redazione\" \/>\n\t<meta name=\"twitter:label2\" content=\"Tempo di lettura stimato\" \/>\n\t<meta name=\"twitter:data2\" content=\"3 minuti\" \/>\n<script type=\"application\/ld+json\" class=\"yoast-schema-graph\">{\"@context\":\"https:\\\/\\\/schema.org\",\"@graph\":[{\"@type\":\"Article\",\"@id\":\"https:\\\/\\\/www.rassegnastampa-totustuus.it\\\/cattolica\\\/nuove-scoperte-sulla-comunicazione-fetale-tra-madre-e-figlio\\\/#article\",\"isPartOf\":{\"@id\":\"https:\\\/\\\/www.rassegnastampa-totustuus.it\\\/cattolica\\\/nuove-scoperte-sulla-comunicazione-fetale-tra-madre-e-figlio\\\/\"},\"author\":{\"name\":\"Redazione\",\"@id\":\"https:\\\/\\\/www.rassegnastampa-totustuus.it\\\/cattolica\\\/#\\\/schema\\\/person\\\/08f319d2bd1a0904ad9e2bfb7b15e5c3\"},\"headline\":\"Nuove scoperte sulla comunicazione fetale tra madre e figlio\",\"datePublished\":\"2019-09-10T22:00:10+00:00\",\"dateModified\":\"2019-09-11T07:23:07+00:00\",\"mainEntityOfPage\":{\"@id\":\"https:\\\/\\\/www.rassegnastampa-totustuus.it\\\/cattolica\\\/nuove-scoperte-sulla-comunicazione-fetale-tra-madre-e-figlio\\\/\"},\"wordCount\":644,\"publisher\":{\"@id\":\"https:\\\/\\\/www.rassegnastampa-totustuus.it\\\/cattolica\\\/#organization\"},\"image\":{\"@id\":\"https:\\\/\\\/www.rassegnastampa-totustuus.it\\\/cattolica\\\/nuove-scoperte-sulla-comunicazione-fetale-tra-madre-e-figlio\\\/#primaryimage\"},\"thumbnailUrl\":\"https:\\\/\\\/www.rassegnastampa-totustuus.it\\\/cattolica\\\/wp-content\\\/uploads\\\/2019\\\/09\\\/madre_incinta.jpg\",\"keywords\":[\"maternit\u00e0\",\"scienza\"],\"articleSection\":[\"Aborto\",\"Scienza\"],\"inLanguage\":\"it-IT\"},{\"@type\":\"WebPage\",\"@id\":\"https:\\\/\\\/www.rassegnastampa-totustuus.it\\\/cattolica\\\/nuove-scoperte-sulla-comunicazione-fetale-tra-madre-e-figlio\\\/\",\"url\":\"https:\\\/\\\/www.rassegnastampa-totustuus.it\\\/cattolica\\\/nuove-scoperte-sulla-comunicazione-fetale-tra-madre-e-figlio\\\/\",\"name\":\"Nuove scoperte sulla comunicazione fetale tra madre e figlio - Rassegna Stampa Cattolica\",\"isPartOf\":{\"@id\":\"https:\\\/\\\/www.rassegnastampa-totustuus.it\\\/cattolica\\\/#website\"},\"primaryImageOfPage\":{\"@id\":\"https:\\\/\\\/www.rassegnastampa-totustuus.it\\\/cattolica\\\/nuove-scoperte-sulla-comunicazione-fetale-tra-madre-e-figlio\\\/#primaryimage\"},\"image\":{\"@id\":\"https:\\\/\\\/www.rassegnastampa-totustuus.it\\\/cattolica\\\/nuove-scoperte-sulla-comunicazione-fetale-tra-madre-e-figlio\\\/#primaryimage\"},\"thumbnailUrl\":\"https:\\\/\\\/www.rassegnastampa-totustuus.it\\\/cattolica\\\/wp-content\\\/uploads\\\/2019\\\/09\\\/madre_incinta.jpg\",\"datePublished\":\"2019-09-10T22:00:10+00:00\",\"dateModified\":\"2019-09-11T07:23:07+00:00\",\"description\":\"Rassegna Stampa Cattolica - Per una cultura che nasce dalla Rivelazione cristiana in conformit\u00e0 alla tradizione e al Magistero della Chiesa in opposizione ad ogni relativismo e totalitarismo\",\"breadcrumb\":{\"@id\":\"https:\\\/\\\/www.rassegnastampa-totustuus.it\\\/cattolica\\\/nuove-scoperte-sulla-comunicazione-fetale-tra-madre-e-figlio\\\/#breadcrumb\"},\"inLanguage\":\"it-IT\",\"potentialAction\":[{\"@type\":\"ReadAction\",\"target\":[\"https:\\\/\\\/www.rassegnastampa-totustuus.it\\\/cattolica\\\/nuove-scoperte-sulla-comunicazione-fetale-tra-madre-e-figlio\\\/\"]}]},{\"@type\":\"ImageObject\",\"inLanguage\":\"it-IT\",\"@id\":\"https:\\\/\\\/www.rassegnastampa-totustuus.it\\\/cattolica\\\/nuove-scoperte-sulla-comunicazione-fetale-tra-madre-e-figlio\\\/#primaryimage\",\"url\":\"https:\\\/\\\/www.rassegnastampa-totustuus.it\\\/cattolica\\\/wp-content\\\/uploads\\\/2019\\\/09\\\/madre_incinta.jpg\",\"contentUrl\":\"https:\\\/\\\/www.rassegnastampa-totustuus.it\\\/cattolica\\\/wp-content\\\/uploads\\\/2019\\\/09\\\/madre_incinta.jpg\",\"width\":800,\"height\":464},{\"@type\":\"BreadcrumbList\",\"@id\":\"https:\\\/\\\/www.rassegnastampa-totustuus.it\\\/cattolica\\\/nuove-scoperte-sulla-comunicazione-fetale-tra-madre-e-figlio\\\/#breadcrumb\",\"itemListElement\":[{\"@type\":\"ListItem\",\"position\":1,\"name\":\"Home\",\"item\":\"https:\\\/\\\/www.rassegnastampa-totustuus.it\\\/cattolica\\\/\"},{\"@type\":\"ListItem\",\"position\":2,\"name\":\"Nuove scoperte sulla comunicazione fetale tra madre e figlio\"}]},{\"@type\":\"WebSite\",\"@id\":\"https:\\\/\\\/www.rassegnastampa-totustuus.it\\\/cattolica\\\/#website\",\"url\":\"https:\\\/\\\/www.rassegnastampa-totustuus.it\\\/cattolica\\\/\",\"name\":\"Rassegna Stampa Cattolica\",\"description\":\"Per una cultura che nasce dalla Rivelazione cristiana in conformit\u00e0 alla tradizione e al Magistero della Chiesa in opposizione ad ogni relativismo e totalitarismo\",\"publisher\":{\"@id\":\"https:\\\/\\\/www.rassegnastampa-totustuus.it\\\/cattolica\\\/#organization\"},\"alternateName\":\"Rass. Cattolica\",\"potentialAction\":[{\"@type\":\"SearchAction\",\"target\":{\"@type\":\"EntryPoint\",\"urlTemplate\":\"https:\\\/\\\/www.rassegnastampa-totustuus.it\\\/cattolica\\\/?s={search_term_string}\"},\"query-input\":{\"@type\":\"PropertyValueSpecification\",\"valueRequired\":true,\"valueName\":\"search_term_string\"}}],\"inLanguage\":\"it-IT\"},{\"@type\":\"Organization\",\"@id\":\"https:\\\/\\\/www.rassegnastampa-totustuus.it\\\/cattolica\\\/#organization\",\"name\":\"Rassegna Stampa Cattolica\",\"url\":\"https:\\\/\\\/www.rassegnastampa-totustuus.it\\\/cattolica\\\/\",\"logo\":{\"@type\":\"ImageObject\",\"inLanguage\":\"it-IT\",\"@id\":\"https:\\\/\\\/www.rassegnastampa-totustuus.it\\\/cattolica\\\/#\\\/schema\\\/logo\\\/image\\\/\",\"url\":\"https:\\\/\\\/www.rassegnastampa-totustuus.it\\\/cattolica\\\/wp-content\\\/uploads\\\/2014\\\/04\\\/logo-rassegna1.gif\",\"contentUrl\":\"https:\\\/\\\/www.rassegnastampa-totustuus.it\\\/cattolica\\\/wp-content\\\/uploads\\\/2014\\\/04\\\/logo-rassegna1.gif\",\"width\":600,\"height\":163,\"caption\":\"Rassegna Stampa Cattolica\"},\"image\":{\"@id\":\"https:\\\/\\\/www.rassegnastampa-totustuus.it\\\/cattolica\\\/#\\\/schema\\\/logo\\\/image\\\/\"},\"sameAs\":[\"https:\\\/\\\/www.facebook.com\\\/rassegnastampacattolica\",\"https:\\\/\\\/x.com\\\/rassegnastampa9\"]},{\"@type\":\"Person\",\"@id\":\"https:\\\/\\\/www.rassegnastampa-totustuus.it\\\/cattolica\\\/#\\\/schema\\\/person\\\/08f319d2bd1a0904ad9e2bfb7b15e5c3\",\"name\":\"Redazione\",\"image\":{\"@type\":\"ImageObject\",\"inLanguage\":\"it-IT\",\"@id\":\"https:\\\/\\\/secure.gravatar.com\\\/avatar\\\/2fcdf27c78ea025fbdb44e914cc63c72249ffec9dc8aafd5c82b26240ef3f346?s=96&d=mm&r=g\",\"url\":\"https:\\\/\\\/secure.gravatar.com\\\/avatar\\\/2fcdf27c78ea025fbdb44e914cc63c72249ffec9dc8aafd5c82b26240ef3f346?s=96&d=mm&r=g\",\"contentUrl\":\"https:\\\/\\\/secure.gravatar.com\\\/avatar\\\/2fcdf27c78ea025fbdb44e914cc63c72249ffec9dc8aafd5c82b26240ef3f346?s=96&d=mm&r=g\",\"caption\":\"Redazione\"},\"url\":\"https:\\\/\\\/www.rassegnastampa-totustuus.it\\\/cattolica\\\/author\\\/pietroelle\\\/\"}]}<\/script>\n<!-- \/ Yoast SEO plugin. -->","yoast_head_json":{"title":"Nuove scoperte sulla comunicazione fetale tra madre e figlio - Rassegna Stampa Cattolica","description":"Rassegna Stampa Cattolica - Per una cultura che nasce dalla Rivelazione cristiana in conformit\u00e0 alla tradizione e al Magistero della Chiesa in opposizione ad ogni relativismo e totalitarismo","robots":{"index":"index","follow":"follow","max-snippet":"max-snippet:-1","max-image-preview":"max-image-preview:large","max-video-preview":"max-video-preview:-1"},"canonical":"https:\/\/www.rassegnastampa-totustuus.it\/cattolica\/nuove-scoperte-sulla-comunicazione-fetale-tra-madre-e-figlio\/","og_locale":"it_IT","og_type":"article","og_title":"Nuove scoperte sulla comunicazione fetale tra madre e figlio - Rassegna Stampa Cattolica","og_description":"Rassegna Stampa Cattolica - Per una cultura che nasce dalla Rivelazione cristiana in conformit\u00e0 alla tradizione e al Magistero della Chiesa in opposizione ad ogni relativismo e totalitarismo","og_url":"https:\/\/www.rassegnastampa-totustuus.it\/cattolica\/nuove-scoperte-sulla-comunicazione-fetale-tra-madre-e-figlio\/","og_site_name":"Rassegna Stampa Cattolica","article_publisher":"https:\/\/www.facebook.com\/rassegnastampacattolica","article_published_time":"2019-09-10T22:00:10+00:00","article_modified_time":"2019-09-11T07:23:07+00:00","og_image":[{"width":800,"height":464,"url":"https:\/\/www.rassegnastampa-totustuus.it\/cattolica\/wp-content\/uploads\/2019\/09\/madre_incinta.jpg","type":"image\/jpeg"}],"author":"Redazione","twitter_card":"summary_large_image","twitter_creator":"@rassegnastampa9","twitter_site":"@rassegnastampa9","twitter_misc":{"Scritto da":"Redazione","Tempo di lettura stimato":"3 minuti"},"schema":{"@context":"https:\/\/schema.org","@graph":[{"@type":"Article","@id":"https:\/\/www.rassegnastampa-totustuus.it\/cattolica\/nuove-scoperte-sulla-comunicazione-fetale-tra-madre-e-figlio\/#article","isPartOf":{"@id":"https:\/\/www.rassegnastampa-totustuus.it\/cattolica\/nuove-scoperte-sulla-comunicazione-fetale-tra-madre-e-figlio\/"},"author":{"name":"Redazione","@id":"https:\/\/www.rassegnastampa-totustuus.it\/cattolica\/#\/schema\/person\/08f319d2bd1a0904ad9e2bfb7b15e5c3"},"headline":"Nuove scoperte sulla comunicazione fetale tra madre e figlio","datePublished":"2019-09-10T22:00:10+00:00","dateModified":"2019-09-11T07:23:07+00:00","mainEntityOfPage":{"@id":"https:\/\/www.rassegnastampa-totustuus.it\/cattolica\/nuove-scoperte-sulla-comunicazione-fetale-tra-madre-e-figlio\/"},"wordCount":644,"publisher":{"@id":"https:\/\/www.rassegnastampa-totustuus.it\/cattolica\/#organization"},"image":{"@id":"https:\/\/www.rassegnastampa-totustuus.it\/cattolica\/nuove-scoperte-sulla-comunicazione-fetale-tra-madre-e-figlio\/#primaryimage"},"thumbnailUrl":"https:\/\/www.rassegnastampa-totustuus.it\/cattolica\/wp-content\/uploads\/2019\/09\/madre_incinta.jpg","keywords":["maternit\u00e0","scienza"],"articleSection":["Aborto","Scienza"],"inLanguage":"it-IT"},{"@type":"WebPage","@id":"https:\/\/www.rassegnastampa-totustuus.it\/cattolica\/nuove-scoperte-sulla-comunicazione-fetale-tra-madre-e-figlio\/","url":"https:\/\/www.rassegnastampa-totustuus.it\/cattolica\/nuove-scoperte-sulla-comunicazione-fetale-tra-madre-e-figlio\/","name":"Nuove scoperte sulla comunicazione fetale tra madre e figlio - Rassegna Stampa Cattolica","isPartOf":{"@id":"https:\/\/www.rassegnastampa-totustuus.it\/cattolica\/#website"},"primaryImageOfPage":{"@id":"https:\/\/www.rassegnastampa-totustuus.it\/cattolica\/nuove-scoperte-sulla-comunicazione-fetale-tra-madre-e-figlio\/#primaryimage"},"image":{"@id":"https:\/\/www.rassegnastampa-totustuus.it\/cattolica\/nuove-scoperte-sulla-comunicazione-fetale-tra-madre-e-figlio\/#primaryimage"},"thumbnailUrl":"https:\/\/www.rassegnastampa-totustuus.it\/cattolica\/wp-content\/uploads\/2019\/09\/madre_incinta.jpg","datePublished":"2019-09-10T22:00:10+00:00","dateModified":"2019-09-11T07:23:07+00:00","description":"Rassegna Stampa Cattolica - Per una cultura che nasce dalla Rivelazione cristiana in conformit\u00e0 alla tradizione e al Magistero della Chiesa in opposizione ad ogni relativismo e totalitarismo","breadcrumb":{"@id":"https:\/\/www.rassegnastampa-totustuus.it\/cattolica\/nuove-scoperte-sulla-comunicazione-fetale-tra-madre-e-figlio\/#breadcrumb"},"inLanguage":"it-IT","potentialAction":[{"@type":"ReadAction","target":["https:\/\/www.rassegnastampa-totustuus.it\/cattolica\/nuove-scoperte-sulla-comunicazione-fetale-tra-madre-e-figlio\/"]}]},{"@type":"ImageObject","inLanguage":"it-IT","@id":"https:\/\/www.rassegnastampa-totustuus.it\/cattolica\/nuove-scoperte-sulla-comunicazione-fetale-tra-madre-e-figlio\/#primaryimage","url":"https:\/\/www.rassegnastampa-totustuus.it\/cattolica\/wp-content\/uploads\/2019\/09\/madre_incinta.jpg","contentUrl":"https:\/\/www.rassegnastampa-totustuus.it\/cattolica\/wp-content\/uploads\/2019\/09\/madre_incinta.jpg","width":800,"height":464},{"@type":"BreadcrumbList","@id":"https:\/\/www.rassegnastampa-totustuus.it\/cattolica\/nuove-scoperte-sulla-comunicazione-fetale-tra-madre-e-figlio\/#breadcrumb","itemListElement":[{"@type":"ListItem","position":1,"name":"Home","item":"https:\/\/www.rassegnastampa-totustuus.it\/cattolica\/"},{"@type":"ListItem","position":2,"name":"Nuove scoperte sulla comunicazione fetale tra madre e figlio"}]},{"@type":"WebSite","@id":"https:\/\/www.rassegnastampa-totustuus.it\/cattolica\/#website","url":"https:\/\/www.rassegnastampa-totustuus.it\/cattolica\/","name":"Rassegna Stampa Cattolica","description":"Per una cultura che nasce dalla Rivelazione cristiana in conformit\u00e0 alla tradizione e al Magistero della Chiesa in opposizione ad ogni relativismo e totalitarismo","publisher":{"@id":"https:\/\/www.rassegnastampa-totustuus.it\/cattolica\/#organization"},"alternateName":"Rass. Cattolica","potentialAction":[{"@type":"SearchAction","target":{"@type":"EntryPoint","urlTemplate":"https:\/\/www.rassegnastampa-totustuus.it\/cattolica\/?s={search_term_string}"},"query-input":{"@type":"PropertyValueSpecification","valueRequired":true,"valueName":"search_term_string"}}],"inLanguage":"it-IT"},{"@type":"Organization","@id":"https:\/\/www.rassegnastampa-totustuus.it\/cattolica\/#organization","name":"Rassegna Stampa Cattolica","url":"https:\/\/www.rassegnastampa-totustuus.it\/cattolica\/","logo":{"@type":"ImageObject","inLanguage":"it-IT","@id":"https:\/\/www.rassegnastampa-totustuus.it\/cattolica\/#\/schema\/logo\/image\/","url":"https:\/\/www.rassegnastampa-totustuus.it\/cattolica\/wp-content\/uploads\/2014\/04\/logo-rassegna1.gif","contentUrl":"https:\/\/www.rassegnastampa-totustuus.it\/cattolica\/wp-content\/uploads\/2014\/04\/logo-rassegna1.gif","width":600,"height":163,"caption":"Rassegna Stampa Cattolica"},"image":{"@id":"https:\/\/www.rassegnastampa-totustuus.it\/cattolica\/#\/schema\/logo\/image\/"},"sameAs":["https:\/\/www.facebook.com\/rassegnastampacattolica","https:\/\/x.com\/rassegnastampa9"]},{"@type":"Person","@id":"https:\/\/www.rassegnastampa-totustuus.it\/cattolica\/#\/schema\/person\/08f319d2bd1a0904ad9e2bfb7b15e5c3","name":"Redazione","image":{"@type":"ImageObject","inLanguage":"it-IT","@id":"https:\/\/secure.gravatar.com\/avatar\/2fcdf27c78ea025fbdb44e914cc63c72249ffec9dc8aafd5c82b26240ef3f346?s=96&d=mm&r=g","url":"https:\/\/secure.gravatar.com\/avatar\/2fcdf27c78ea025fbdb44e914cc63c72249ffec9dc8aafd5c82b26240ef3f346?s=96&d=mm&r=g","contentUrl":"https:\/\/secure.gravatar.com\/avatar\/2fcdf27c78ea025fbdb44e914cc63c72249ffec9dc8aafd5c82b26240ef3f346?s=96&d=mm&r=g","caption":"Redazione"},"url":"https:\/\/www.rassegnastampa-totustuus.it\/cattolica\/author\/pietroelle\/"}]}},"_links":{"self":[{"href":"https:\/\/www.rassegnastampa-totustuus.it\/cattolica\/wp-json\/wp\/v2\/posts\/44254","targetHints":{"allow":["GET"]}}],"collection":[{"href":"https:\/\/www.rassegnastampa-totustuus.it\/cattolica\/wp-json\/wp\/v2\/posts"}],"about":[{"href":"https:\/\/www.rassegnastampa-totustuus.it\/cattolica\/wp-json\/wp\/v2\/types\/post"}],"author":[{"embeddable":true,"href":"https:\/\/www.rassegnastampa-totustuus.it\/cattolica\/wp-json\/wp\/v2\/users\/6"}],"replies":[{"embeddable":true,"href":"https:\/\/www.rassegnastampa-totustuus.it\/cattolica\/wp-json\/wp\/v2\/comments?post=44254"}],"version-history":[{"count":3,"href":"https:\/\/www.rassegnastampa-totustuus.it\/cattolica\/wp-json\/wp\/v2\/posts\/44254\/revisions"}],"predecessor-version":[{"id":44286,"href":"https:\/\/www.rassegnastampa-totustuus.it\/cattolica\/wp-json\/wp\/v2\/posts\/44254\/revisions\/44286"}],"wp:featuredmedia":[{"embeddable":true,"href":"https:\/\/www.rassegnastampa-totustuus.it\/cattolica\/wp-json\/wp\/v2\/media\/44255"}],"wp:attachment":[{"href":"https:\/\/www.rassegnastampa-totustuus.it\/cattolica\/wp-json\/wp\/v2\/media?parent=44254"}],"wp:term":[{"taxonomy":"category","embeddable":true,"href":"https:\/\/www.rassegnastampa-totustuus.it\/cattolica\/wp-json\/wp\/v2\/categories?post=44254"},{"taxonomy":"post_tag","embeddable":true,"href":"https:\/\/www.rassegnastampa-totustuus.it\/cattolica\/wp-json\/wp\/v2\/tags?post=44254"}],"curies":[{"name":"wp","href":"https:\/\/api.w.org\/{rel}","templated":true}]}}