{"id":44236,"date":"2019-09-05T00:00:29","date_gmt":"2019-09-04T22:00:29","guid":{"rendered":"http:\/\/www.rassegnastampa-totustuus.it\/cattolica\/?p=44236"},"modified":"2019-09-04T12:56:46","modified_gmt":"2019-09-04T10:56:46","slug":"immigrazione-il-nocciolo-della-questione","status":"publish","type":"post","link":"https:\/\/www.rassegnastampa-totustuus.it\/cattolica\/immigrazione-il-nocciolo-della-questione\/","title":{"rendered":"Immigrazione: il nocciolo della questione"},"content":{"rendered":"<p style=\"text-align: center;\"><strong><a href=\"https:\/\/www.rassegnastampa-totustuus.it\/cattolica\/wp-content\/uploads\/2019\/07\/immigrazione.jpg\"><img loading=\"lazy\" decoding=\"async\" class=\" wp-image-43655 alignleft\" src=\"https:\/\/www.rassegnastampa-totustuus.it\/cattolica\/wp-content\/uploads\/2019\/07\/immigrazione-300x180.jpg\" alt=\"\" width=\"265\" height=\"159\" srcset=\"https:\/\/www.rassegnastampa-totustuus.it\/cattolica\/wp-content\/uploads\/2019\/07\/immigrazione-300x180.jpg 300w, https:\/\/www.rassegnastampa-totustuus.it\/cattolica\/wp-content\/uploads\/2019\/07\/immigrazione-768x461.jpg 768w, https:\/\/www.rassegnastampa-totustuus.it\/cattolica\/wp-content\/uploads\/2019\/07\/immigrazione-1024x614.jpg 1024w, https:\/\/www.rassegnastampa-totustuus.it\/cattolica\/wp-content\/uploads\/2019\/07\/immigrazione.jpg 1200w\" sizes=\"auto, (max-width: 265px) 100vw, 265px\" \/><\/a>Ricognizioni<\/strong><\/p>\n<p style=\"text-align: center;\">27 Agosto 2019<\/p>\n<p style=\"text-align: center;\"><strong>Patrizia Fermani <\/strong><\/p>\n<p style=\"text-align: justify;\">Che il trasferimento perpetuo di africani verso l\u2019Italia risponda ad un piano ideato e finanziato altrove, dopo anni sembra diventato chiaro un po\u2019 a tutti. Tranne ovviamente a chi, per mestiere politico o per ottusit\u00e0 personale, deve difendere eroicamente le allucinazioni umanitarie date in pasto alla emotivit\u00e0 del popolo attraverso una concertata rappresentazione mediatica.<\/p>\n<p><!--more--><\/p>\n<p style=\"text-align: justify;\">Ora accade che alcuni, dopo avere sfatati i tanti miti costruiti intorno al detto fenomeno e denunciato con pi\u00f9 decisione l\u2019imbroglio epocale sul quale \u00e8 stato costruito, si sono concentrati a buon diritto anche nella ricerca dei moventi per cui possa essere stato organizzato e pilotato dall\u2019alto.<\/p>\n<p style=\"text-align: justify;\"><a href=\"https:\/\/www.rassegnastampa-totustuus.it\/cattolica\/wp-content\/uploads\/2018\/09\/immigrazione.jpg\"><img loading=\"lazy\" decoding=\"async\" class=\"size-full wp-image-41163 alignright\" src=\"https:\/\/www.rassegnastampa-totustuus.it\/cattolica\/wp-content\/uploads\/2018\/09\/immigrazione.jpg\" alt=\"\" width=\"275\" height=\"183\" \/><\/a>Moventi capaci di confermare, chiarendola, la dinamica dei fatti e di individuare le supposte responsabilit\u00e0. Costoro, per\u00f2, si sono arenati su quello che, per suggestione culturale, \u00e8 apparso loro come il movente pi\u00f9 ragionevolmente plausibile nel quadro di insieme.<\/p>\n<p style=\"text-align: justify;\">Abbiamo sentito cos\u00ec ripetere a destra e a manca che i Soros e affini, ovvero le famose ong al servizio di pi\u00f9 lontani burattinai come di prestigiose cancellerie europee, si danno da fare per convogliare in Italia una quantit\u00e0 illimitata di popolazione africana, con l\u2019obiettivo ultracapitalistico di abbassare sempre pi\u00f9 i salari grazie alla immissione illimitata di manodopera a basso costo.<\/p>\n<p style=\"text-align: justify;\"><a href=\"https:\/\/www.rassegnastampa-totustuus.it\/cattolica\/wp-content\/uploads\/2018\/06\/immigrazionismo.jpg\"><img loading=\"lazy\" decoding=\"async\" class=\"size-full wp-image-40565 alignleft\" src=\"https:\/\/www.rassegnastampa-totustuus.it\/cattolica\/wp-content\/uploads\/2018\/06\/immigrazionismo.jpg\" alt=\"\" width=\"285\" height=\"177\" \/><\/a>E sono state richiamate in proposito le vicende struggenti di Furore, romanzo epico diventato film leggendario, sullo sfruttamento spregiudicato della concorrenza fra disperati.\u00a0 Ma si tratta di una interpretazione che, cozzando contro la realt\u00e0 dei fatti e la logica dei numeri, circoscrive il danno e ridimensiona la reale operazione in atto, dalla portata enormemente pi\u00f9 vasta e dagli effetti ancora incommensurabili.<\/p>\n<p style=\"text-align: justify;\">Una interpretazione che, senza riuscire a spiegare tutto il quadro di insieme, finisce per portare acqua al mulino di un disegno diabolico al quale pu\u00f2 essere dato soltanto un nome, quello di sostituzione razziale. Tale \u00e8 l\u2019obiettivo di una operazione che possiamo chiamare apocalittica.<\/p>\n<p style=\"text-align: justify;\"><a href=\"https:\/\/www.rassegnastampa-totustuus.it\/cattolica\/wp-content\/uploads\/2017\/10\/Soros.jpg\"><img loading=\"lazy\" decoding=\"async\" class=\"alignright wp-image-38547\" src=\"https:\/\/www.rassegnastampa-totustuus.it\/cattolica\/wp-content\/uploads\/2017\/10\/Soros.jpg\" alt=\"\" width=\"133\" height=\"200\" \/><\/a>Proprio in essa si materializza il delirio di onnipotenza dei burattinai che sperimentano sulle nostre teste alchimie planetarie criminose. Come si spiega questa incredibile e pur diffusa cecit\u00e0 di fronte a una realt\u00e0 tanto plateale e tanto paradossale? Non abbiamo pi\u00f9 occhi per vedere e capire?<\/p>\n<p style=\"text-align: justify;\">Forse dobbiamo richiamarci ancora una volta alla prepotente manipolazione delle coscienze che oscura non solo il pensiero collettivo, ma anche quello degli spiriti pi\u00f9 liberi e accorti. Ed ecco il punto cruciale: Nessuno sembra voler parlare della vera e propria sostituzione razziale in atto probabilmente perch\u00e9 la stessa parola\u00a0<em>razza<\/em>\u00a0\u00e8 stata sapientemente espulsa dal lessico comunemente ammesso, in quanto gi\u00e0 elemento chiave di ben noti presupposti ideologici il cui spettro serve come non mai quale deterrente utile per comprimere il pensiero collettivo.<\/p>\n<p style=\"text-align: justify;\"><a href=\"https:\/\/www.rassegnastampa-totustuus.it\/cattolica\/wp-content\/uploads\/2018\/03\/antirazzismo.jpg\"><img loading=\"lazy\" decoding=\"async\" class=\"size-full wp-image-39883 alignleft\" src=\"https:\/\/www.rassegnastampa-totustuus.it\/cattolica\/wp-content\/uploads\/2018\/03\/antirazzismo.jpg\" alt=\"\" width=\"259\" height=\"194\" \/><\/a>Se una parola diventa impronunciabile, anche la realt\u00e0 che essa esprime pu\u00f2 essere cancellata dalla coscienza comune. Cos\u00ec si \u00e8 stabilito al tavolino del progresso speculativo, con l\u2019aiuto di filologi di vaglia e di intellettuali all\u2019altezza dei tempi, che le razze non esistono e dunque non esistono le eventuali differenze e incompatibilit\u00e0, al di l\u00e0 della evidenza, della storia, della scienza e della ragione, o pi\u00f9 semplicemente della sanit\u00e0 mentale.<\/p>\n<p style=\"text-align: justify;\">E che, se per avventura vi fossero innocue differenze, possono essere colmate da una convivenza forzata. Come sa anche il gatto che incontra il bassotto. Se le razze non esistono affatto e se riversando masse illimitate di africani in Italia si forma la convivenza naturale tra individui omogenei, allora nessuno pu\u00f2 avanzare l\u2019ipotesi che chi allestisce le nuove navi negriere, su un vecchio modello americano, miri ad una sostituzione razziale.<\/p>\n<p style=\"text-align: justify;\"><a href=\"https:\/\/www.rassegnastampa-totustuus.it\/cattolica\/wp-content\/uploads\/2018\/01\/immigrati.jpg\"><img loading=\"lazy\" decoding=\"async\" class=\"size-full wp-image-39577 alignright\" src=\"https:\/\/www.rassegnastampa-totustuus.it\/cattolica\/wp-content\/uploads\/2018\/01\/immigrati.jpg\" alt=\"\" width=\"282\" height=\"179\" \/><\/a>Eppure, al di l\u00e0 della censura terminologica, dovrebbe essere evidente a tutti che l\u2019invasione dall\u2019Africa indotta con mezzi politici e mediatici \u00e8 un programma criminale di sostituzione razziale che investe l\u2019Europa e che il laboratorio privilegiato per una esemplare sperimentazione \u00e8 proprio l\u2019Italia, dove una parte cospicua della popolazione, annichilita da una tragica denatalit\u00e0 e da una altrettanto tragica deculturazione indotta da derive ideologiche, politiche e religiose, non sembra presagire gli sconvolgimenti devastanti che l\u2019aspettano.<\/p>\n<p style=\"text-align: justify;\">Per avere questa percezione bisognerebbe avere chiaro che \u00e8 in atto il tentativo, pretesamente titanico e oggettivamente diabolico, della guerra scatenata contro ogni canone naturale regolatore delle esistenze umane.<\/p>\n<p style=\"text-align: justify;\">L\u2019oltreuomo tecnologico che pretende di calpestare l\u2019ordine naturale delle cose non \u00e8 semplicemente lo gnomo avido di profitti illimitati in uno spazio di cui intende abbattere ogni confine e ogni ostacolo politico. \u00c8 colui che, in veste di nuovo demiurgo, intende sovvertire la natura, ovvero l\u2019universo materiale e morale in cui l\u2019uomo e stato immerso ab immemorabili, e imporre anche nuove leggi diversamente naturali.<\/p>\n<p style=\"text-align: justify;\"><a href=\"https:\/\/www.rassegnastampa-totustuus.it\/cattolica\/wp-content\/uploads\/2017\/05\/Gay_Lgbt-1.jpg\"><img loading=\"lazy\" decoding=\"async\" class=\"size-full wp-image-37671 alignleft\" src=\"https:\/\/www.rassegnastampa-totustuus.it\/cattolica\/wp-content\/uploads\/2017\/05\/Gay_Lgbt-1.jpg\" alt=\"\" width=\"267\" height=\"189\" \/><\/a>Nuove leggi che stravolgono ogni identit\u00e0, sessuale, famigliare, ambientale, culturale, religiosa e infine anche razziale. Quella formatasi <em>ab initio<\/em> con le grandi distribuzioni delle specie umane per aree geografiche in cui si sono approfonditi caratteri differenziali attraverso processi millenari di adattamento e di interazione.<\/p>\n<p style=\"text-align: justify;\">Ogni stravolgimento forzato di antichi equilibri, ogni cancellazione identitaria pretesa da una inaudita prepotenza e da un folle arbitrio prelude a scenari apocalittici.<\/p>\n<p style=\"text-align: justify;\">Giovanni Paolo II aveva messo in guardia di fronte ai rischi di far convivere forzatamente culture e religioni incompatibili. Lo guidava la ragione e il realismo, ovvero il senso dell\u2019ordine naturale delle cose. Quello al quale per la prima volta nella storia del cattolicesimo ha voltato le spalle ufficialmente e per <em>tabulas<\/em> una chiesa in piena apostasia avviata ad un suicidio in cui trascina l\u2019annichilito popolo di Dio.<\/p>\n<p style=\"text-align: justify;\"><a href=\"https:\/\/www.rassegnastampa-totustuus.it\/cattolica\/wp-content\/uploads\/2006\/03\/matrimonio_gay.jpg\"><img loading=\"lazy\" decoding=\"async\" class=\"size-full wp-image-35701 alignright\" src=\"https:\/\/www.rassegnastampa-totustuus.it\/cattolica\/wp-content\/uploads\/2006\/03\/matrimonio_gay.jpg\" alt=\"\" width=\"276\" height=\"182\" \/><\/a>Ma la natura e le leggi naturali non possono essere sovvertire n\u00e9 per legge umana, n\u00e9 per arbitrio politico, n\u00e9 per decisione clericale. Ed \u00e8 in questa chiave che dobbiamo leggere, per poter approntare una sacrosanta e doverosa difesa, anche il fenomeno \u201cmigratorio\u201d, come il tentativo contro natura di imporre una sostituzione razziale.<\/p>\n<p style=\"text-align: justify;\">Ci apparir\u00e0 chiarissimo come essa si connetta intimamente con l\u2019attentato diabolico alla identit\u00e0 sessuale, alla famiglia, alla nazione, al popolo, alla religione. Cio\u00e8 ad ogni fattore identitario capace di impedire la creazione di una massa informe e inerte di individui sottomessi, docili di fronte ad ogni sopruso, ad ogni manipolazione, meri esecutori, incapaci di pensiero e di libert\u00e0.<\/p>\n","protected":false},"excerpt":{"rendered":"<p>Ricognizioni 27 Agosto 2019 Patrizia Fermani Che il trasferimento perpetuo di africani verso l\u2019Italia risponda ad un piano ideato e finanziato altrove, dopo anni sembra diventato chiaro un po\u2019 a tutti. Tranne ovviamente a chi, per mestiere politico o per ottusit\u00e0 personale, deve difendere eroicamente le allucinazioni umanitarie date in pasto alla emotivit\u00e0 del popolo &hellip; <\/p>\n<p><a class=\"more-link btn\" href=\"https:\/\/www.rassegnastampa-totustuus.it\/cattolica\/immigrazione-il-nocciolo-della-questione\/\">Continua a leggere<\/a><\/p>\n","protected":false},"author":6,"featured_media":44237,"comment_status":"closed","ping_status":"closed","sticky":false,"template":"","format":"standard","meta":{"footnotes":""},"categories":[38],"tags":[2392],"class_list":["post-44236","post","type-post","status-publish","format-standard","has-post-thumbnail","hentry","category-immigrazione","tag-immigrazione","item-wrap"],"yoast_head":"<!-- This site is optimized with the Yoast SEO plugin v27.5 - https:\/\/yoast.com\/product\/yoast-seo-wordpress\/ -->\n<title>Immigrazione: il nocciolo della questione - Rassegna Stampa Cattolica<\/title>\n<meta name=\"description\" content=\"Rassegna Stampa Cattolica - Per una cultura che nasce dalla Rivelazione cristiana in conformit\u00e0 alla tradizione e al Magistero della Chiesa in opposizione ad ogni relativismo e totalitarismo\" \/>\n<meta name=\"robots\" content=\"index, follow, max-snippet:-1, max-image-preview:large, max-video-preview:-1\" \/>\n<link rel=\"canonical\" href=\"https:\/\/www.rassegnastampa-totustuus.it\/cattolica\/immigrazione-il-nocciolo-della-questione\/\" \/>\n<meta property=\"og:locale\" content=\"it_IT\" \/>\n<meta property=\"og:type\" content=\"article\" \/>\n<meta property=\"og:title\" content=\"Immigrazione: il nocciolo della questione - Rassegna Stampa Cattolica\" \/>\n<meta property=\"og:description\" content=\"Rassegna Stampa Cattolica - Per una cultura che nasce dalla Rivelazione cristiana in conformit\u00e0 alla tradizione e al Magistero della Chiesa in opposizione ad ogni relativismo e totalitarismo\" \/>\n<meta property=\"og:url\" content=\"https:\/\/www.rassegnastampa-totustuus.it\/cattolica\/immigrazione-il-nocciolo-della-questione\/\" \/>\n<meta property=\"og:site_name\" content=\"Rassegna Stampa Cattolica\" \/>\n<meta property=\"article:publisher\" content=\"https:\/\/www.facebook.com\/rassegnastampacattolica\" \/>\n<meta property=\"article:published_time\" content=\"2019-09-04T22:00:29+00:00\" \/>\n<meta property=\"og:image\" content=\"https:\/\/www.rassegnastampa-totustuus.it\/cattolica\/wp-content\/uploads\/2019\/09\/immigrazione.jpg\" \/>\n\t<meta property=\"og:image:width\" content=\"1920\" \/>\n\t<meta property=\"og:image:height\" content=\"1280\" \/>\n\t<meta property=\"og:image:type\" content=\"image\/jpeg\" \/>\n<meta name=\"author\" content=\"Redazione\" \/>\n<meta name=\"twitter:card\" content=\"summary_large_image\" \/>\n<meta name=\"twitter:creator\" content=\"@rassegnastampa9\" \/>\n<meta name=\"twitter:site\" content=\"@rassegnastampa9\" \/>\n<meta name=\"twitter:label1\" content=\"Scritto da\" \/>\n\t<meta name=\"twitter:data1\" content=\"Redazione\" \/>\n\t<meta name=\"twitter:label2\" content=\"Tempo di lettura stimato\" \/>\n\t<meta name=\"twitter:data2\" content=\"5 minuti\" \/>\n<script type=\"application\/ld+json\" class=\"yoast-schema-graph\">{\"@context\":\"https:\\\/\\\/schema.org\",\"@graph\":[{\"@type\":\"Article\",\"@id\":\"https:\\\/\\\/www.rassegnastampa-totustuus.it\\\/cattolica\\\/immigrazione-il-nocciolo-della-questione\\\/#article\",\"isPartOf\":{\"@id\":\"https:\\\/\\\/www.rassegnastampa-totustuus.it\\\/cattolica\\\/immigrazione-il-nocciolo-della-questione\\\/\"},\"author\":{\"name\":\"Redazione\",\"@id\":\"https:\\\/\\\/www.rassegnastampa-totustuus.it\\\/cattolica\\\/#\\\/schema\\\/person\\\/08f319d2bd1a0904ad9e2bfb7b15e5c3\"},\"headline\":\"Immigrazione: il nocciolo della questione\",\"datePublished\":\"2019-09-04T22:00:29+00:00\",\"mainEntityOfPage\":{\"@id\":\"https:\\\/\\\/www.rassegnastampa-totustuus.it\\\/cattolica\\\/immigrazione-il-nocciolo-della-questione\\\/\"},\"wordCount\":1007,\"publisher\":{\"@id\":\"https:\\\/\\\/www.rassegnastampa-totustuus.it\\\/cattolica\\\/#organization\"},\"image\":{\"@id\":\"https:\\\/\\\/www.rassegnastampa-totustuus.it\\\/cattolica\\\/immigrazione-il-nocciolo-della-questione\\\/#primaryimage\"},\"thumbnailUrl\":\"https:\\\/\\\/www.rassegnastampa-totustuus.it\\\/cattolica\\\/wp-content\\\/uploads\\\/2019\\\/09\\\/immigrazione.jpg\",\"keywords\":[\"immigrazione\"],\"articleSection\":[\"Immigrazione\"],\"inLanguage\":\"it-IT\"},{\"@type\":\"WebPage\",\"@id\":\"https:\\\/\\\/www.rassegnastampa-totustuus.it\\\/cattolica\\\/immigrazione-il-nocciolo-della-questione\\\/\",\"url\":\"https:\\\/\\\/www.rassegnastampa-totustuus.it\\\/cattolica\\\/immigrazione-il-nocciolo-della-questione\\\/\",\"name\":\"Immigrazione: il nocciolo della questione - Rassegna Stampa Cattolica\",\"isPartOf\":{\"@id\":\"https:\\\/\\\/www.rassegnastampa-totustuus.it\\\/cattolica\\\/#website\"},\"primaryImageOfPage\":{\"@id\":\"https:\\\/\\\/www.rassegnastampa-totustuus.it\\\/cattolica\\\/immigrazione-il-nocciolo-della-questione\\\/#primaryimage\"},\"image\":{\"@id\":\"https:\\\/\\\/www.rassegnastampa-totustuus.it\\\/cattolica\\\/immigrazione-il-nocciolo-della-questione\\\/#primaryimage\"},\"thumbnailUrl\":\"https:\\\/\\\/www.rassegnastampa-totustuus.it\\\/cattolica\\\/wp-content\\\/uploads\\\/2019\\\/09\\\/immigrazione.jpg\",\"datePublished\":\"2019-09-04T22:00:29+00:00\",\"description\":\"Rassegna Stampa Cattolica - Per una cultura che nasce dalla Rivelazione cristiana in conformit\u00e0 alla tradizione e al Magistero della Chiesa in opposizione ad ogni relativismo e totalitarismo\",\"breadcrumb\":{\"@id\":\"https:\\\/\\\/www.rassegnastampa-totustuus.it\\\/cattolica\\\/immigrazione-il-nocciolo-della-questione\\\/#breadcrumb\"},\"inLanguage\":\"it-IT\",\"potentialAction\":[{\"@type\":\"ReadAction\",\"target\":[\"https:\\\/\\\/www.rassegnastampa-totustuus.it\\\/cattolica\\\/immigrazione-il-nocciolo-della-questione\\\/\"]}]},{\"@type\":\"ImageObject\",\"inLanguage\":\"it-IT\",\"@id\":\"https:\\\/\\\/www.rassegnastampa-totustuus.it\\\/cattolica\\\/immigrazione-il-nocciolo-della-questione\\\/#primaryimage\",\"url\":\"https:\\\/\\\/www.rassegnastampa-totustuus.it\\\/cattolica\\\/wp-content\\\/uploads\\\/2019\\\/09\\\/immigrazione.jpg\",\"contentUrl\":\"https:\\\/\\\/www.rassegnastampa-totustuus.it\\\/cattolica\\\/wp-content\\\/uploads\\\/2019\\\/09\\\/immigrazione.jpg\",\"width\":1920,\"height\":1280},{\"@type\":\"BreadcrumbList\",\"@id\":\"https:\\\/\\\/www.rassegnastampa-totustuus.it\\\/cattolica\\\/immigrazione-il-nocciolo-della-questione\\\/#breadcrumb\",\"itemListElement\":[{\"@type\":\"ListItem\",\"position\":1,\"name\":\"Home\",\"item\":\"https:\\\/\\\/www.rassegnastampa-totustuus.it\\\/cattolica\\\/\"},{\"@type\":\"ListItem\",\"position\":2,\"name\":\"Immigrazione: il nocciolo della questione\"}]},{\"@type\":\"WebSite\",\"@id\":\"https:\\\/\\\/www.rassegnastampa-totustuus.it\\\/cattolica\\\/#website\",\"url\":\"https:\\\/\\\/www.rassegnastampa-totustuus.it\\\/cattolica\\\/\",\"name\":\"Rassegna Stampa Cattolica\",\"description\":\"Per una cultura che nasce dalla Rivelazione cristiana in conformit\u00e0 alla tradizione e al Magistero della Chiesa in opposizione ad ogni relativismo e totalitarismo\",\"publisher\":{\"@id\":\"https:\\\/\\\/www.rassegnastampa-totustuus.it\\\/cattolica\\\/#organization\"},\"alternateName\":\"Rass. Cattolica\",\"potentialAction\":[{\"@type\":\"SearchAction\",\"target\":{\"@type\":\"EntryPoint\",\"urlTemplate\":\"https:\\\/\\\/www.rassegnastampa-totustuus.it\\\/cattolica\\\/?s={search_term_string}\"},\"query-input\":{\"@type\":\"PropertyValueSpecification\",\"valueRequired\":true,\"valueName\":\"search_term_string\"}}],\"inLanguage\":\"it-IT\"},{\"@type\":\"Organization\",\"@id\":\"https:\\\/\\\/www.rassegnastampa-totustuus.it\\\/cattolica\\\/#organization\",\"name\":\"Rassegna Stampa Cattolica\",\"url\":\"https:\\\/\\\/www.rassegnastampa-totustuus.it\\\/cattolica\\\/\",\"logo\":{\"@type\":\"ImageObject\",\"inLanguage\":\"it-IT\",\"@id\":\"https:\\\/\\\/www.rassegnastampa-totustuus.it\\\/cattolica\\\/#\\\/schema\\\/logo\\\/image\\\/\",\"url\":\"https:\\\/\\\/www.rassegnastampa-totustuus.it\\\/cattolica\\\/wp-content\\\/uploads\\\/2014\\\/04\\\/logo-rassegna1.gif\",\"contentUrl\":\"https:\\\/\\\/www.rassegnastampa-totustuus.it\\\/cattolica\\\/wp-content\\\/uploads\\\/2014\\\/04\\\/logo-rassegna1.gif\",\"width\":600,\"height\":163,\"caption\":\"Rassegna Stampa Cattolica\"},\"image\":{\"@id\":\"https:\\\/\\\/www.rassegnastampa-totustuus.it\\\/cattolica\\\/#\\\/schema\\\/logo\\\/image\\\/\"},\"sameAs\":[\"https:\\\/\\\/www.facebook.com\\\/rassegnastampacattolica\",\"https:\\\/\\\/x.com\\\/rassegnastampa9\"]},{\"@type\":\"Person\",\"@id\":\"https:\\\/\\\/www.rassegnastampa-totustuus.it\\\/cattolica\\\/#\\\/schema\\\/person\\\/08f319d2bd1a0904ad9e2bfb7b15e5c3\",\"name\":\"Redazione\",\"image\":{\"@type\":\"ImageObject\",\"inLanguage\":\"it-IT\",\"@id\":\"https:\\\/\\\/secure.gravatar.com\\\/avatar\\\/2fcdf27c78ea025fbdb44e914cc63c72249ffec9dc8aafd5c82b26240ef3f346?s=96&d=mm&r=g\",\"url\":\"https:\\\/\\\/secure.gravatar.com\\\/avatar\\\/2fcdf27c78ea025fbdb44e914cc63c72249ffec9dc8aafd5c82b26240ef3f346?s=96&d=mm&r=g\",\"contentUrl\":\"https:\\\/\\\/secure.gravatar.com\\\/avatar\\\/2fcdf27c78ea025fbdb44e914cc63c72249ffec9dc8aafd5c82b26240ef3f346?s=96&d=mm&r=g\",\"caption\":\"Redazione\"},\"url\":\"https:\\\/\\\/www.rassegnastampa-totustuus.it\\\/cattolica\\\/author\\\/pietroelle\\\/\"}]}<\/script>\n<!-- \/ Yoast SEO plugin. -->","yoast_head_json":{"title":"Immigrazione: il nocciolo della questione - Rassegna Stampa Cattolica","description":"Rassegna Stampa Cattolica - Per una cultura che nasce dalla Rivelazione cristiana in conformit\u00e0 alla tradizione e al Magistero della Chiesa in opposizione ad ogni relativismo e totalitarismo","robots":{"index":"index","follow":"follow","max-snippet":"max-snippet:-1","max-image-preview":"max-image-preview:large","max-video-preview":"max-video-preview:-1"},"canonical":"https:\/\/www.rassegnastampa-totustuus.it\/cattolica\/immigrazione-il-nocciolo-della-questione\/","og_locale":"it_IT","og_type":"article","og_title":"Immigrazione: il nocciolo della questione - Rassegna Stampa Cattolica","og_description":"Rassegna Stampa Cattolica - Per una cultura che nasce dalla Rivelazione cristiana in conformit\u00e0 alla tradizione e al Magistero della Chiesa in opposizione ad ogni relativismo e totalitarismo","og_url":"https:\/\/www.rassegnastampa-totustuus.it\/cattolica\/immigrazione-il-nocciolo-della-questione\/","og_site_name":"Rassegna Stampa Cattolica","article_publisher":"https:\/\/www.facebook.com\/rassegnastampacattolica","article_published_time":"2019-09-04T22:00:29+00:00","og_image":[{"width":1920,"height":1280,"url":"https:\/\/www.rassegnastampa-totustuus.it\/cattolica\/wp-content\/uploads\/2019\/09\/immigrazione.jpg","type":"image\/jpeg"}],"author":"Redazione","twitter_card":"summary_large_image","twitter_creator":"@rassegnastampa9","twitter_site":"@rassegnastampa9","twitter_misc":{"Scritto da":"Redazione","Tempo di lettura stimato":"5 minuti"},"schema":{"@context":"https:\/\/schema.org","@graph":[{"@type":"Article","@id":"https:\/\/www.rassegnastampa-totustuus.it\/cattolica\/immigrazione-il-nocciolo-della-questione\/#article","isPartOf":{"@id":"https:\/\/www.rassegnastampa-totustuus.it\/cattolica\/immigrazione-il-nocciolo-della-questione\/"},"author":{"name":"Redazione","@id":"https:\/\/www.rassegnastampa-totustuus.it\/cattolica\/#\/schema\/person\/08f319d2bd1a0904ad9e2bfb7b15e5c3"},"headline":"Immigrazione: il nocciolo della questione","datePublished":"2019-09-04T22:00:29+00:00","mainEntityOfPage":{"@id":"https:\/\/www.rassegnastampa-totustuus.it\/cattolica\/immigrazione-il-nocciolo-della-questione\/"},"wordCount":1007,"publisher":{"@id":"https:\/\/www.rassegnastampa-totustuus.it\/cattolica\/#organization"},"image":{"@id":"https:\/\/www.rassegnastampa-totustuus.it\/cattolica\/immigrazione-il-nocciolo-della-questione\/#primaryimage"},"thumbnailUrl":"https:\/\/www.rassegnastampa-totustuus.it\/cattolica\/wp-content\/uploads\/2019\/09\/immigrazione.jpg","keywords":["immigrazione"],"articleSection":["Immigrazione"],"inLanguage":"it-IT"},{"@type":"WebPage","@id":"https:\/\/www.rassegnastampa-totustuus.it\/cattolica\/immigrazione-il-nocciolo-della-questione\/","url":"https:\/\/www.rassegnastampa-totustuus.it\/cattolica\/immigrazione-il-nocciolo-della-questione\/","name":"Immigrazione: il nocciolo della questione - Rassegna Stampa Cattolica","isPartOf":{"@id":"https:\/\/www.rassegnastampa-totustuus.it\/cattolica\/#website"},"primaryImageOfPage":{"@id":"https:\/\/www.rassegnastampa-totustuus.it\/cattolica\/immigrazione-il-nocciolo-della-questione\/#primaryimage"},"image":{"@id":"https:\/\/www.rassegnastampa-totustuus.it\/cattolica\/immigrazione-il-nocciolo-della-questione\/#primaryimage"},"thumbnailUrl":"https:\/\/www.rassegnastampa-totustuus.it\/cattolica\/wp-content\/uploads\/2019\/09\/immigrazione.jpg","datePublished":"2019-09-04T22:00:29+00:00","description":"Rassegna Stampa Cattolica - Per una cultura che nasce dalla Rivelazione cristiana in conformit\u00e0 alla tradizione e al Magistero della Chiesa in opposizione ad ogni relativismo e totalitarismo","breadcrumb":{"@id":"https:\/\/www.rassegnastampa-totustuus.it\/cattolica\/immigrazione-il-nocciolo-della-questione\/#breadcrumb"},"inLanguage":"it-IT","potentialAction":[{"@type":"ReadAction","target":["https:\/\/www.rassegnastampa-totustuus.it\/cattolica\/immigrazione-il-nocciolo-della-questione\/"]}]},{"@type":"ImageObject","inLanguage":"it-IT","@id":"https:\/\/www.rassegnastampa-totustuus.it\/cattolica\/immigrazione-il-nocciolo-della-questione\/#primaryimage","url":"https:\/\/www.rassegnastampa-totustuus.it\/cattolica\/wp-content\/uploads\/2019\/09\/immigrazione.jpg","contentUrl":"https:\/\/www.rassegnastampa-totustuus.it\/cattolica\/wp-content\/uploads\/2019\/09\/immigrazione.jpg","width":1920,"height":1280},{"@type":"BreadcrumbList","@id":"https:\/\/www.rassegnastampa-totustuus.it\/cattolica\/immigrazione-il-nocciolo-della-questione\/#breadcrumb","itemListElement":[{"@type":"ListItem","position":1,"name":"Home","item":"https:\/\/www.rassegnastampa-totustuus.it\/cattolica\/"},{"@type":"ListItem","position":2,"name":"Immigrazione: il nocciolo della questione"}]},{"@type":"WebSite","@id":"https:\/\/www.rassegnastampa-totustuus.it\/cattolica\/#website","url":"https:\/\/www.rassegnastampa-totustuus.it\/cattolica\/","name":"Rassegna Stampa Cattolica","description":"Per una cultura che nasce dalla Rivelazione cristiana in conformit\u00e0 alla tradizione e al Magistero della Chiesa in opposizione ad ogni relativismo e totalitarismo","publisher":{"@id":"https:\/\/www.rassegnastampa-totustuus.it\/cattolica\/#organization"},"alternateName":"Rass. Cattolica","potentialAction":[{"@type":"SearchAction","target":{"@type":"EntryPoint","urlTemplate":"https:\/\/www.rassegnastampa-totustuus.it\/cattolica\/?s={search_term_string}"},"query-input":{"@type":"PropertyValueSpecification","valueRequired":true,"valueName":"search_term_string"}}],"inLanguage":"it-IT"},{"@type":"Organization","@id":"https:\/\/www.rassegnastampa-totustuus.it\/cattolica\/#organization","name":"Rassegna Stampa Cattolica","url":"https:\/\/www.rassegnastampa-totustuus.it\/cattolica\/","logo":{"@type":"ImageObject","inLanguage":"it-IT","@id":"https:\/\/www.rassegnastampa-totustuus.it\/cattolica\/#\/schema\/logo\/image\/","url":"https:\/\/www.rassegnastampa-totustuus.it\/cattolica\/wp-content\/uploads\/2014\/04\/logo-rassegna1.gif","contentUrl":"https:\/\/www.rassegnastampa-totustuus.it\/cattolica\/wp-content\/uploads\/2014\/04\/logo-rassegna1.gif","width":600,"height":163,"caption":"Rassegna Stampa Cattolica"},"image":{"@id":"https:\/\/www.rassegnastampa-totustuus.it\/cattolica\/#\/schema\/logo\/image\/"},"sameAs":["https:\/\/www.facebook.com\/rassegnastampacattolica","https:\/\/x.com\/rassegnastampa9"]},{"@type":"Person","@id":"https:\/\/www.rassegnastampa-totustuus.it\/cattolica\/#\/schema\/person\/08f319d2bd1a0904ad9e2bfb7b15e5c3","name":"Redazione","image":{"@type":"ImageObject","inLanguage":"it-IT","@id":"https:\/\/secure.gravatar.com\/avatar\/2fcdf27c78ea025fbdb44e914cc63c72249ffec9dc8aafd5c82b26240ef3f346?s=96&d=mm&r=g","url":"https:\/\/secure.gravatar.com\/avatar\/2fcdf27c78ea025fbdb44e914cc63c72249ffec9dc8aafd5c82b26240ef3f346?s=96&d=mm&r=g","contentUrl":"https:\/\/secure.gravatar.com\/avatar\/2fcdf27c78ea025fbdb44e914cc63c72249ffec9dc8aafd5c82b26240ef3f346?s=96&d=mm&r=g","caption":"Redazione"},"url":"https:\/\/www.rassegnastampa-totustuus.it\/cattolica\/author\/pietroelle\/"}]}},"_links":{"self":[{"href":"https:\/\/www.rassegnastampa-totustuus.it\/cattolica\/wp-json\/wp\/v2\/posts\/44236","targetHints":{"allow":["GET"]}}],"collection":[{"href":"https:\/\/www.rassegnastampa-totustuus.it\/cattolica\/wp-json\/wp\/v2\/posts"}],"about":[{"href":"https:\/\/www.rassegnastampa-totustuus.it\/cattolica\/wp-json\/wp\/v2\/types\/post"}],"author":[{"embeddable":true,"href":"https:\/\/www.rassegnastampa-totustuus.it\/cattolica\/wp-json\/wp\/v2\/users\/6"}],"replies":[{"embeddable":true,"href":"https:\/\/www.rassegnastampa-totustuus.it\/cattolica\/wp-json\/wp\/v2\/comments?post=44236"}],"version-history":[{"count":2,"href":"https:\/\/www.rassegnastampa-totustuus.it\/cattolica\/wp-json\/wp\/v2\/posts\/44236\/revisions"}],"predecessor-version":[{"id":44239,"href":"https:\/\/www.rassegnastampa-totustuus.it\/cattolica\/wp-json\/wp\/v2\/posts\/44236\/revisions\/44239"}],"wp:featuredmedia":[{"embeddable":true,"href":"https:\/\/www.rassegnastampa-totustuus.it\/cattolica\/wp-json\/wp\/v2\/media\/44237"}],"wp:attachment":[{"href":"https:\/\/www.rassegnastampa-totustuus.it\/cattolica\/wp-json\/wp\/v2\/media?parent=44236"}],"wp:term":[{"taxonomy":"category","embeddable":true,"href":"https:\/\/www.rassegnastampa-totustuus.it\/cattolica\/wp-json\/wp\/v2\/categories?post=44236"},{"taxonomy":"post_tag","embeddable":true,"href":"https:\/\/www.rassegnastampa-totustuus.it\/cattolica\/wp-json\/wp\/v2\/tags?post=44236"}],"curies":[{"name":"wp","href":"https:\/\/api.w.org\/{rel}","templated":true}]}}