{"id":4422,"date":"2011-02-17T00:00:00","date_gmt":"2011-02-16T23:00:00","guid":{"rendered":""},"modified":"2015-03-25T14:24:37","modified_gmt":"2015-03-25T13:24:37","slug":"un-americano-alla-casa-bianca","status":"publish","type":"post","link":"https:\/\/www.rassegnastampa-totustuus.it\/cattolica\/un-americano-alla-casa-bianca\/","title":{"rendered":"Un americano alla Casa Bianca"},"content":{"rendered":"<div style=\"text-align: center;\"><strong><a href=\"https:\/\/www.rassegnastampa-totustuus.it\/cattolica\/wp-content\/uploads\/2011\/02\/Ronald_Reagan.jpg\"><img loading=\"lazy\" decoding=\"async\" class=\"alignright wp-image-22011\" src=\"https:\/\/www.rassegnastampa-totustuus.it\/cattolica\/wp-content\/uploads\/2011\/02\/Ronald_Reagan.jpg\" alt=\"Ronald_Reagan\" width=\"160\" height=\"200\" \/><\/a>Il Foglio<\/strong> sabato 5 febbraio 2011<\/div>\n<p style=\"text-align: justify;\"><em>Reagan \u00e8 stato uno dei presidenti pi\u00f9 grandi, ha conservato e \u201ccreato\u201d il paese. E battuto il comunismo<\/em><\/p>\n<p style=\"text-align: center;\">di <strong>Marco Respinti<\/strong><\/p>\n<p style=\"text-align: justify;\">Il 22esimo censimento degli Stati Uniti, compilato nel 2000 dal Bureau of the Census, ha contato a Tampico, un paesello di un chilometro quadrato secco di superficie sperduto nella contea di Whiteside, nello stato dell\u2019Illinois, 205 famiglie per 772 abitanti totali.<\/p>\n<p style=\"text-align: justify;\"><!--more--><\/p>\n<p style=\"text-align: justify;\">Quando un secolo fa come domani, il 6 febbraio 1911, in un modesto appartamento al secondo piano dell\u2019edificio che ospitava la banca locale vi nasceva Ronald Wilson Reagan, sangue scoto-irlandese nelle vene, dovevano probabilmente abitarvi quattro gatti. Ma nulla \u00e8 impossibile. Rivolgendosi a un gruppo di studenti conservatori e di possibili nuove leve del Partito repubblicano all\u2019inizio degli anni 90, Ron Robinson,\u00a0 presidente della Young America\u2019s Foundation (Yaf) di Herndon in Virginia, ebbe a definire Reagan \u201cil pi\u00f9 grande presidente americano di tutti i tempi\u201d.<\/p>\n<p style=\"text-align: justify;\">A chi lo rintuzz\u00f2 con i bei nomi di George Washington, Thomas Jefferson, John Adams, Andrew Jackson, Abraham Lincoln, Franklin D. Roosevelt e persino il \u201cmito\u201d JFK, Robinson rispose tranquillo che Reagan \u00e8 stato superiore poich\u00e9 come quei leader massimi della democrazia statunitense ha \u201ccreato\u201d e conservato il paese ma in pi\u00f9 ha dovuto fare i conti, come nessuno dei predecessori, con la pi\u00f9 crudele e durevole ideocrazia, il comunismo sovietico, che mai occhio umano avesse fino ad allora contemplato. Vincendo.<\/p>\n<p style=\"text-align: justify;\">\u201cIl comunismo \u2013 disse Reagan nel maggio 1975 alla radio \u2013 non \u00e8 n\u00e9 un sistema economico n\u00e9 un sistema politico: \u00e8 una forma di pazzia, un\u2019aberrazione temporanea che un giorno scomparir\u00e0 dalla Terra poich\u00e9 \u00e8 contrario alla natura umana\u201d. Non era la visione di un esaltato, ma la lucida percezione, pi\u00f9 e pi\u00f9 volte riaffermata in decine di discorsi e d\u2019interventi, che il confronto in corso con l\u2019Unione sovietica era di natura anzitutto morale, persino spirituale, fra la possibilit\u00e0 concreta di un ordine sociale dove l\u2019uomo potesse essere fino in fondo se stesso e la prospettiva dell\u2019\u201cinferno terrestre\u201d.<\/p>\n<p style=\"text-align: justify;\">E questa chiarezza, che lo port\u00f2 a una determinazione con pochi pari ma sempre con il sorriso, ma s\u00ec, caritatevole, sulle labbra, Reagan non se la studi\u00f2 a bella posa nei fasti di Hollywood.<\/p>\n<p style=\"text-align: justify;\">Derivava da una precisa tradizione culturale, aveva dei maestri, contava persino dei seguaci. Non si spiegherebbe altrimenti perch\u00e9 nel 1998 Ron Robinson si \u00e8 preso la briga di acquistare la casa di campagna della famiglia Reagan, il \u201cRancho del cielo\u201d in California, facendone un centro di addestramento per le nuove generazioni che la Yaf forma vuoi sui testi classici di un Russell Kirk (1918-1994), il padre della rinascita conservatrice americana nella seconda met\u00e0 del Novecento che insegnava la dignit\u00e0 del sentirsi occidentali poich\u00e9 grandi europei figli di Gerusalemme, Atene e Roma, vuoi alla scuola di consumati maestri della politica sia vecchi (l\u2019ex vicepresidente Dick Cheney) sia nuovi (Sarah Palin).<\/p>\n<p style=\"text-align: justify;\">Del resto, quel ranch ameno sulle Santa Ynez Mountains, a nordovest di Santa Barbara, che Ronnie regal\u00f2 alla moglie Nancy vedendoci un pezzo di paradiso in Terra, \u00e8 il monumento imperituro alla maggiore misura di governo adottata da Reagan, il taglio delle tasse operato il 13 agosto 1981. Il pi\u00f9 grande della storia degli Stati Uniti. Seduto jeans e stivali sulla sedia di vimini che dalla soglia dominava l\u2019intera sua propriet\u00e0, Reagan firm\u00f2 la riforma del Codice della entrate datato 1954 che innesc\u00f2 una riduzione delle imposte sui redditi del 23 per cento in tre anni.<\/p>\n<p style=\"text-align: justify;\">In cinque anni vennero quindi cancellati 150 miliardi di dollari in imposte sugl\u2019immobili e gabelle sborsate da societ\u00e0 e corporation, e cos\u00ec nel 1986 il prelievo annuo effettuato dall\u2019erario nelle tasche degli americani si smagr\u00ec di 200 miliardi di dollari. Pi\u00f9 liquidi a disposizione, risparmio sicuro, incentivi \u201cnaturali\u201d alla produzione: in una formula, stato federale pi\u00f9 leggero e pi\u00f9 libert\u00e0 d\u2019intrapresa. La chiamarono \u201cReaganomics\u201d, era la scuola detta del <em>Supply-side <\/em>elaborata da Robert Mundell, Arthur Laffer e Jude Wanniski. Fece il giro del mondo, e lo conquist\u00f2.<\/p>\n<p style=\"text-align: justify;\">La botta finale ai sistemi collettivisti imperniati sull\u2019economia comandata che sarebbero crollati a fine decennio inizi\u00f2, senz\u2019averne l\u2019aria, sulle verdi collinette della sierra californiana.<\/p>\n<p style=\"text-align: justify;\">Adorava, Reagan, scorrazzare a cavallo per quei suoi 688 acri (poco meno di 2.700 volte il villaggio che gli aveva dato i natali) acquistati quando era governatore della California, al secondo mandato. Ci port\u00f2 pure la regina Elisabetta prestandole la sella preferita della sua sontuosa collezione, un gran lavoro di artigianato italiano \u2013 a dire che se i butteri maremmani sono i cowboy originali, oltreoceano \u00e8 stato il presidente dei presidenti a insignire degli speroni d\u2019oro il nostro Stivale.<\/p>\n<p style=\"text-align: justify;\">Ospit\u00f2 varie volte pure Margaret Thatcher e poi Mikhail S. Gorbaciov. Chiss\u00e0 se ha mostrato loro quell\u2019albero sulla cui corteccia con il temperino incise un cuore trafitto attorno alle iniziali dell\u2019amata moglie e sue, come uno scolaretto qualunque, lui che \u00e8 stato il pi\u00f9 grande presidente degli Stati Uniti.<\/p>\n<p style=\"text-align: justify;\">Nel 2007, o forse era il 2008, Charles W. Dunn, decano della Regent School of Government di Virginia Beach, una delle cui specialit\u00e0 \u00e8 la Storia dell\u2019istituzione presidenziale statunitense, inizi\u00f2 una delle sue magistrali lecture di fronte a una platea di young leader e notabili della cosiddetta \u201csociet\u00e0 civile\u201d di mezzo mondo (dal Nepal alla Nigeria, dal Sudamerica all\u2019Australia) lanciando un sondaggino.<\/p>\n<p style=\"text-align: justify;\">Chiese a quel mezzo mondo l\u00ec riunito quale fosse il pi\u00f9 grande presidente degli Stati Uniti. Mise nel cappello tutti i nomi dei padri e dei protettori della patria, ma vinse ancora Reagan. Perch\u00e9 Reagan \u00e8 il campione tanto degli americani quanto degli stranieri? La soluzione sta all\u2019ultima riga di questo ricordo.<\/p>\n<p style=\"text-align: justify;\">Quando Reagan se ne and\u00f2, il 5 giugno 2004, non sapeva nemmeno pi\u00f9 lui chi era, l\u2019Alzheimer lo divorava da anni. Che storia, salvi il mondo e nemmeno te ne ricordi; addirittura, alla donna che ha dato senso alla tua vita un giorno chiedi: \u201cMa noi non ci siamo gi\u00e0 visti da qualche parte?\u201d.<\/p>\n<p style=\"text-align: justify;\">Reagan ha fatto l\u2019attore, sembrava un cowboy e da presidente ha sconfitto l\u2019\u201cimpero del male\u201d. Questa storia la conosciamo tutti, un po\u2019 meno come ci sia arrivato.<\/p>\n<p style=\"text-align: justify;\">Dalla remota provincia dell\u2019Illinois Reagan sbarc\u00f2 nella tentacolare Los Angeles in cerca del sogno americano dopo avere fatto il bagnino ed essersi fatto un po\u2019 le ossa con la radio. Bello, asciutto, aitante, si butt\u00f2 nel cinema. Niente di davvero memorabile, bisogna dirlo, anche se la sua recitazione era impeccabile. Impar\u00f2 l\u00ec per\u00f2 a rivolgersi direttamente al pubblico solleticandone le corde pi\u00f9 sensibili. Una tecnica di comunicazione che oggi, se la vuoi imparare, negli States paghi profumati dollaroni a fior di professionisti che t\u2019insegnano a fare come faceva lui.<\/p>\n<p style=\"text-align: justify;\">A Hollywood, peraltro, fece pi\u00f9 il sindacalista che l\u2019attore, divenendo presidente della Screen Actors Guild per ben due volte dal 1947 al 1952 e dal 1959 al 1960. Erano gli anni della \u201cpaura rossa\u201d.<\/p>\n<p style=\"text-align: justify;\">La Cortina di ferro era calata nel 1946, dal 1938 (e prosegu\u00ec fino al 1975 pur avendo cambiato nome nel 1969) operava il comitato della Camera federale sulle attivit\u00e0 antiamericane (\u201cun-american\u201d, in originale, \u00e8 espressione ancora pi\u00f9 forte), poi venne il maccartismo e si vedevano spie sovietiche dappertutto. Cio\u00e8 dove non c\u2019erano, ma anche dove ce n\u2019erano.<\/p>\n<p style=\"text-align: justify;\">D\u2019infiltrati comunisti negli Stati Uniti, infatti, se ne sono nei decenni seguenti scoperti parecchi, persino ad altissimi livelli della politica, Alger Hiss (1904-1996) per tutti, e l\u2019azione d\u2019intelligence messa in campo dai servizi di sicurezza statunitensi nota come \u201cVenosa Project\u201d ha finito per dare ragione al bistrattato senatore Joseph R. McCarthy (1908-1957): non alle sue esagerazioni, ma alla sua battaglia.<\/p>\n<p style=\"text-align: justify;\">Reagan inizi\u00f2 a combattere il comunismo l\u00ec, divenendo confidente dell\u2019Fbi ma senza mai spiattellare al pubblico ludibrio nomi e cognomi di possibili barbe finte. Consigli\u00f2 di adottare contromisure, per esempio un impegno solenne di non comunismo per gli iscritti al sindacato (17 novembre 1947).<\/p>\n<p style=\"text-align: justify;\">Non erano tempi belli, quelli, quantomeno un numero enorme di americani si sentiva in diritto di non dormire sonni tranquilli. Frank S. Meyer (1909-1972), ex comunista reclutatore di comunisti fra gli studenti, quando moll\u00f2 tutto per poi unirsi ai conservatori della National Review di William F. Buckley jr. (1925-2008) prese a dormire di giorno in una casa persa nei boschi vegliando di notte con moglie (ex comunista pure lei) e carabina al fianco: era certo che lo avrebbero fatto fuori.<\/p>\n<p style=\"text-align: justify;\">Whittaker Chambers (1901-1961), altra ex spia di Mosca, nel mastodontico \u201cWitness\u201d (1952) vuot\u00f2 il sacco scatenando un putiferio dentro il dipartimento di stato. Oggi l\u2019invasione del sacro suolo americano \u00e8 una idea che sopravvive solo nei videogiochi, ma all\u2019epoca pareva ad horas. James Burnham (1905-1987), l\u2019ennesimo ex comunista passato nell\u2019esercito dei conservatori, aveva gli strumenti per comprendere tutto anzitempo (la perniciosit\u00e0 del comunismo e l\u2019ambiguit\u00e0 degli ascari tecnocrati) e su National Review s\u2019invent\u00f2 una column profetica, \u201cLa Terza guerra mondiale\u201d.<\/p>\n<p style=\"text-align: justify;\">\u201cWitness\u201d di Chambers si apre con una commovente \u201cLetters to My Children\u201d in cui l\u2019autore, certo della prossima vittoria del comunismo, prova a rinfrancare lo spirito dei suoi rampolli, il primogenito dei quali era scampato all\u2019aborto che i compagni volevano imporre alla signora Jay Vivian Chambers. Nel libro Whittaker ha scritto: \u201cPochi uomini sono tanto ottusi da non rendersi conto che la crisi esiste e che in ogni momento essa minaccia le loro esistenze. E\u2019 uso comune definirla una crisi sociale. Ma si tratta di fatto di una crisi totale: religiosa, morale, intellettuale, sociale, politica ed economica. E\u2019 uso comune definirla una crisi del mondo occidentale. Ma di fatto interessa il mondo intero. Di per s\u00e9, il comunismo, che pretende di esser una soluzione della crisi, ne \u00e8 un sintomo e un eccitante\u201d.<\/p>\n<p style=\"text-align: justify;\">E l\u2019altro ex, Meyer, ebbe occasione di precisare: \u201cViviamo nel mezzo di una rivoluzione diretta a distruggere la civilt\u00e0 occidentale. Per definizione, i conservatori sono i difensori di quella civilt\u00e0; e in un\u2019epoca rivoluzionaria ci\u00f2 significa che essi sono, e debbono essere, controrivoluzionari\u201d.<\/p>\n<p style=\"text-align: justify;\">La battaglia spirituale contro il comunismo Reagan la impar\u00f2 da loro, e la port\u00f2 dentro la Casa Bianca, e da l\u00ec nel mondo intero, scrollandosi di dosso, quando fu eletto per la prima volta alla presidenza nel 1980, la paralisi anzitutto morale che aveva incapacitato gli Stati Uniti con Jimmy Carter, dal 1976.<\/p>\n<p style=\"text-align: justify;\">A Burnham nel 1983 e a Chambers nel 1984 (postuma), Reagan tribut\u00f2 la Presidential Medal of Freedom, la massima onorificenza civile statunitense. Di cui il 20 giugno 1985 volle insignire pure l\u2019oggi beata Madre Teresa di Calcutta, dicendo: \u201cQuesta \u00e8 la prima volta che consegno la Medaglia della libert\u00e0 con la sensazione che chi la riceve la porter\u00e0 a casa, la fonder\u00e0 e la trasformer\u00e0 in qualcosa che possa essere venduto per aiutare i poveri\u201d.<\/p>\n<p style=\"text-align: justify;\">La responsabilit\u00e0 sociale di quel capitalismo che per Reagan era uno dei segni della superiorit\u00e0 etica dell\u2019occidente rispetto al marxismo-leninismo.<\/p>\n<p style=\"text-align: justify;\">In giovent\u00f9 Reagan s\u2019iscrisse al Partito democratico, ma all\u2019inizio degli anni Quaranta cap\u00ec che l\u2019asinello non era il destriero migliore per portare lontano i valori americani e si risolse per una cavalcatura pi\u00f9 robusta, l\u2019elefante dei repubblicani. Allora, il Grand Old Party non era un partito di destra. Per certi aspetti restava vero che, specie in provincia, erano pi\u00f9 conservatori certi democratici, ma qualcosa stava cambiando anche nel vecchio partito industriale e nordista di Lincoln.<\/p>\n<p style=\"text-align: justify;\">C\u2019era appena stata la cavalcata del lone rider senatore Robert A. Taft (1889-1953) che aveva rotto il consenso comune osando definirsi, per primo dentro il Gop, un conservatore. Ed era in corso la grande offensiva di quell\u2019altro cowboy che veniva dall\u2019Arizona, il \u201cfolle\u201d Barry M. Goldwater (1909- 1998), detestato dall\u2019establishment repubblicano ma capace finalmente d\u2019infiammare la piazza conservatrice in cerca di rappresentanti politici. Fu qui che Reagan ci mise del suo, ribaltando ancora una volta il mondo cos\u00ec come lo si era fino ad allora conosciuto.<\/p>\n<p style=\"text-align: justify;\">Goldwater si schiant\u00f2 contro la macchina da guerra elettorale democratica nelle elezioni del 3 novembre 1964, assaggiando\u00a0 in prima persona il ferro delle postazioni massmediatiche nemiche. Ma fu una sconfitta vittoriosa, come bene ha ricostruito a decenni di distanza l\u2019anziano e arzillo ambasciatore John William Middendorf II in \u201cGlorious Disaster. Barry Goldwater\u2019s Presidential Campaign And the Origins of the Conservative Movement\u201d (Basic Books, New York 2006).<\/p>\n<p style=\"text-align: justify;\">La spettacolare crociata di Goldwater riusc\u00ec infatti ad amalgamare in un progetto \u201cfusionista\u201d le varie anime della destra statunitense, guadagn\u00f2 al Gop un numero inedito di sostegni negli stati del sud avversi per principio al \u201cpartito di Lincoln\u201d e impresse per la prima volta ai repubblicani una virata verso destra che era una sfida pronta per essere raccolta.<\/p>\n<p style=\"text-align: justify;\">Lo fece Reagan. In campagna elettorale aveva definito l\u2019appoggio a Goldwater \u201cil momento della scelta\u201d, decisiva, come recita il titolo del suo famosissimo discorso televisivo (detto \u201cThe Speech\u201d per eccellenza) del 27 ottobre. A sconfitta vittoriosa ancora calda, sulle pagine della National Review del 1\u00b0 dicembre (commentando assieme a George Bush padre, John Davis Lodge, Russell Kirk e il politologo, ex socialista ora seguace di Voegelin, Gerhart Niemeyer), Reagan si dette volontario, apostrofando come \u201ctraditori\u201d i dirigenti del Gop che avevano voltato le spalle a Goldwater. Reagan non lasc\u00f2 il Partito repubblicano come lo aveva trovato. E nemmeno il mondo.<\/p>\n<p style=\"text-align: justify;\">Invest\u00ec sulla strategia Goldwater, la consolid\u00f2, la cesell\u00f2 (pas d\u2019ennemis \u00e0 droite), fece entrare anche i neocon di cui intu\u00ec il gran \u201crealismo idealista\u201d in politica estera frutto di un passato di sinistra convertitosi ai valori americani, e non scord\u00f2 neppure il c\u00f4t\u00e9 classico, pi\u00f9 tradizionalista, ottimo per la politica domestica. Sedici anni dopo \u2013 anni in cui Reagan lavor\u00f2 sottotraccia investendo su di s\u00e9 anche attraverso due mandati alla guida della California \u2013 la ricetta funzion\u00f2: il tritatutto della \u201cNew Right\u201d per tempo allenata ed educata port\u00f2 Reagan alla Casa Bianca e il conservatorismo dentro di essa, la \u201ccitt\u00e0 sulla collina\u201d da cui combattere la battaglia morale e spirituale di sempre contro Mosca.<\/p>\n<p style=\"text-align: justify;\">Biografando Papa Giovanni Paolo II nel libro \u201cSua Santit\u00e0\u201d (Rizzoli, 1996) Carl Bernstein e Marco Politi iniziano a raccontare la santa alleanza anticomunista creatasi in quegli anni fra il Pontefice polacco e il presidente americano protestante che guardava con attenzione al messaggio di Fatima sulla Russia (cit\u00f2 persino il potere della preghiera dei pastorelli veggenti in un discorso al Parlamento portoghese, il 9 maggio 1985) e che finalmente regolarizz\u00f2 i rapporti diplomatici con la Santa Sede, nominando il primo ambasciatore in Vaticano. Accadde nel 1984, era il suo ottimo amico William A. Wilson e l\u201911 febbraio 1981 (praticamente uno dei primi atti di governo del neoletto Reagan) era gi\u00e0 stato nominato rappresentante personale del presidente al Cupolone.<\/p>\n<p style=\"text-align: justify;\">Libri su quasi ogni anfratto della personalit\u00e0, della carriera e della presidenza di Reagan, ne esistono (negli Stati Uniti) a iosa. Ma \u00e8 tutta pula se non si apprezza il sacro, unico fuoco che gli \u00e8 sempre arso in petto, cio\u00e8 il mito sfacciato della superiorit\u00e0 totale del sogno americano in cui riponeva fede tetragona. Questo: \u201cIl sogno americano \u00e8 che ogni uomo debba essere libero di diventare ci\u00f2 che Dio intende egli debba diventare\u201d. Reagan lo disse che era governatore della California. Studiava da miglior presidente della storia americana, l\u00e0 nel \u201cRancho del cielo\u201d dove sul comodino della camera da letto riposa ancora la Bibbia che divideva con Nancy.<\/p>\n","protected":false},"excerpt":{"rendered":"<p>Il Foglio sabato 5 febbraio 2011 Reagan \u00e8 stato uno dei presidenti pi\u00f9 grandi, ha conservato e \u201ccreato\u201d il paese. E battuto il comunismo di Marco Respinti Il 22esimo censimento degli Stati Uniti, compilato nel 2000 dal Bureau of the Census, ha contato a Tampico, un paesello di un chilometro quadrato secco di superficie sperduto &hellip; <\/p>\n<p><a class=\"more-link btn\" href=\"https:\/\/www.rassegnastampa-totustuus.it\/cattolica\/un-americano-alla-casa-bianca\/\">Continua a leggere<\/a><\/p>\n","protected":false},"author":6,"featured_media":22011,"comment_status":"closed","ping_status":"open","sticky":false,"template":"","format":"standard","meta":{"footnotes":""},"categories":[108,18,76],"tags":[1903],"class_list":["post-4422","post","type-post","status-publish","format-standard","has-post-thumbnail","hentry","category-paesi-e-continenti","category-personaggi","category-stati-uniti","tag-ronald-reagan","item-wrap"],"yoast_head":"<!-- This site is optimized with the Yoast SEO plugin v27.5 - https:\/\/yoast.com\/product\/yoast-seo-wordpress\/ -->\n<title>Un americano alla Casa Bianca - Rassegna Stampa Cattolica<\/title>\n<meta name=\"description\" content=\"Rassegna Stampa Cattolica - Per una cultura che nasce dalla Rivelazione cristiana in conformit\u00e0 alla tradizione e al Magistero della Chiesa in opposizione ad ogni relativismo e totalitarismo\" \/>\n<meta name=\"robots\" content=\"index, follow, max-snippet:-1, max-image-preview:large, max-video-preview:-1\" \/>\n<link rel=\"canonical\" href=\"https:\/\/www.rassegnastampa-totustuus.it\/cattolica\/un-americano-alla-casa-bianca\/\" \/>\n<meta property=\"og:locale\" content=\"it_IT\" \/>\n<meta property=\"og:type\" content=\"article\" \/>\n<meta property=\"og:title\" content=\"Un americano alla Casa Bianca - Rassegna Stampa Cattolica\" \/>\n<meta property=\"og:description\" content=\"Rassegna Stampa Cattolica - Per una cultura che nasce dalla Rivelazione cristiana in conformit\u00e0 alla tradizione e al Magistero della Chiesa in opposizione ad ogni relativismo e totalitarismo\" \/>\n<meta property=\"og:url\" content=\"https:\/\/www.rassegnastampa-totustuus.it\/cattolica\/un-americano-alla-casa-bianca\/\" \/>\n<meta property=\"og:site_name\" content=\"Rassegna Stampa Cattolica\" \/>\n<meta property=\"article:publisher\" content=\"https:\/\/www.facebook.com\/rassegnastampacattolica\" \/>\n<meta property=\"article:published_time\" content=\"2011-02-16T23:00:00+00:00\" \/>\n<meta property=\"article:modified_time\" content=\"2015-03-25T13:24:37+00:00\" \/>\n<meta property=\"og:image\" content=\"https:\/\/www.rassegnastampa-totustuus.it\/cattolica\/wp-content\/uploads\/2011\/02\/Ronald_Reagan.jpg\" \/>\n\t<meta property=\"og:image:width\" content=\"201\" \/>\n\t<meta property=\"og:image:height\" content=\"251\" \/>\n\t<meta property=\"og:image:type\" content=\"image\/jpeg\" \/>\n<meta name=\"author\" content=\"Redazione\" \/>\n<meta name=\"twitter:card\" content=\"summary_large_image\" \/>\n<meta name=\"twitter:creator\" content=\"@rassegnastampa9\" \/>\n<meta name=\"twitter:site\" content=\"@rassegnastampa9\" \/>\n<meta name=\"twitter:label1\" content=\"Scritto da\" \/>\n\t<meta name=\"twitter:data1\" content=\"Redazione\" \/>\n\t<meta name=\"twitter:label2\" content=\"Tempo di lettura stimato\" \/>\n\t<meta name=\"twitter:data2\" content=\"12 minuti\" \/>\n<script type=\"application\/ld+json\" class=\"yoast-schema-graph\">{\"@context\":\"https:\\\/\\\/schema.org\",\"@graph\":[{\"@type\":\"Article\",\"@id\":\"https:\\\/\\\/www.rassegnastampa-totustuus.it\\\/cattolica\\\/un-americano-alla-casa-bianca\\\/#article\",\"isPartOf\":{\"@id\":\"https:\\\/\\\/www.rassegnastampa-totustuus.it\\\/cattolica\\\/un-americano-alla-casa-bianca\\\/\"},\"author\":{\"name\":\"Redazione\",\"@id\":\"https:\\\/\\\/www.rassegnastampa-totustuus.it\\\/cattolica\\\/#\\\/schema\\\/person\\\/08f319d2bd1a0904ad9e2bfb7b15e5c3\"},\"headline\":\"Un americano alla Casa Bianca\",\"datePublished\":\"2011-02-16T23:00:00+00:00\",\"dateModified\":\"2015-03-25T13:24:37+00:00\",\"mainEntityOfPage\":{\"@id\":\"https:\\\/\\\/www.rassegnastampa-totustuus.it\\\/cattolica\\\/un-americano-alla-casa-bianca\\\/\"},\"wordCount\":2490,\"publisher\":{\"@id\":\"https:\\\/\\\/www.rassegnastampa-totustuus.it\\\/cattolica\\\/#organization\"},\"image\":{\"@id\":\"https:\\\/\\\/www.rassegnastampa-totustuus.it\\\/cattolica\\\/un-americano-alla-casa-bianca\\\/#primaryimage\"},\"thumbnailUrl\":\"https:\\\/\\\/www.rassegnastampa-totustuus.it\\\/cattolica\\\/wp-content\\\/uploads\\\/2011\\\/02\\\/Ronald_Reagan.jpg\",\"keywords\":[\"Ronald Reagan\"],\"articleSection\":[\"Paesi e continenti\",\"Personaggi\",\"Stati Uniti\"],\"inLanguage\":\"it-IT\"},{\"@type\":\"WebPage\",\"@id\":\"https:\\\/\\\/www.rassegnastampa-totustuus.it\\\/cattolica\\\/un-americano-alla-casa-bianca\\\/\",\"url\":\"https:\\\/\\\/www.rassegnastampa-totustuus.it\\\/cattolica\\\/un-americano-alla-casa-bianca\\\/\",\"name\":\"Un americano alla Casa Bianca - Rassegna Stampa Cattolica\",\"isPartOf\":{\"@id\":\"https:\\\/\\\/www.rassegnastampa-totustuus.it\\\/cattolica\\\/#website\"},\"primaryImageOfPage\":{\"@id\":\"https:\\\/\\\/www.rassegnastampa-totustuus.it\\\/cattolica\\\/un-americano-alla-casa-bianca\\\/#primaryimage\"},\"image\":{\"@id\":\"https:\\\/\\\/www.rassegnastampa-totustuus.it\\\/cattolica\\\/un-americano-alla-casa-bianca\\\/#primaryimage\"},\"thumbnailUrl\":\"https:\\\/\\\/www.rassegnastampa-totustuus.it\\\/cattolica\\\/wp-content\\\/uploads\\\/2011\\\/02\\\/Ronald_Reagan.jpg\",\"datePublished\":\"2011-02-16T23:00:00+00:00\",\"dateModified\":\"2015-03-25T13:24:37+00:00\",\"description\":\"Rassegna Stampa Cattolica - Per una cultura che nasce dalla Rivelazione cristiana in conformit\u00e0 alla tradizione e al Magistero della Chiesa in opposizione ad ogni relativismo e totalitarismo\",\"breadcrumb\":{\"@id\":\"https:\\\/\\\/www.rassegnastampa-totustuus.it\\\/cattolica\\\/un-americano-alla-casa-bianca\\\/#breadcrumb\"},\"inLanguage\":\"it-IT\",\"potentialAction\":[{\"@type\":\"ReadAction\",\"target\":[\"https:\\\/\\\/www.rassegnastampa-totustuus.it\\\/cattolica\\\/un-americano-alla-casa-bianca\\\/\"]}]},{\"@type\":\"ImageObject\",\"inLanguage\":\"it-IT\",\"@id\":\"https:\\\/\\\/www.rassegnastampa-totustuus.it\\\/cattolica\\\/un-americano-alla-casa-bianca\\\/#primaryimage\",\"url\":\"https:\\\/\\\/www.rassegnastampa-totustuus.it\\\/cattolica\\\/wp-content\\\/uploads\\\/2011\\\/02\\\/Ronald_Reagan.jpg\",\"contentUrl\":\"https:\\\/\\\/www.rassegnastampa-totustuus.it\\\/cattolica\\\/wp-content\\\/uploads\\\/2011\\\/02\\\/Ronald_Reagan.jpg\",\"width\":201,\"height\":251},{\"@type\":\"BreadcrumbList\",\"@id\":\"https:\\\/\\\/www.rassegnastampa-totustuus.it\\\/cattolica\\\/un-americano-alla-casa-bianca\\\/#breadcrumb\",\"itemListElement\":[{\"@type\":\"ListItem\",\"position\":1,\"name\":\"Home\",\"item\":\"https:\\\/\\\/www.rassegnastampa-totustuus.it\\\/cattolica\\\/\"},{\"@type\":\"ListItem\",\"position\":2,\"name\":\"Un americano alla Casa Bianca\"}]},{\"@type\":\"WebSite\",\"@id\":\"https:\\\/\\\/www.rassegnastampa-totustuus.it\\\/cattolica\\\/#website\",\"url\":\"https:\\\/\\\/www.rassegnastampa-totustuus.it\\\/cattolica\\\/\",\"name\":\"Rassegna Stampa Cattolica\",\"description\":\"Per una cultura che nasce dalla Rivelazione cristiana in conformit\u00e0 alla tradizione e al Magistero della Chiesa in opposizione ad ogni relativismo e totalitarismo\",\"publisher\":{\"@id\":\"https:\\\/\\\/www.rassegnastampa-totustuus.it\\\/cattolica\\\/#organization\"},\"alternateName\":\"Rass. Cattolica\",\"potentialAction\":[{\"@type\":\"SearchAction\",\"target\":{\"@type\":\"EntryPoint\",\"urlTemplate\":\"https:\\\/\\\/www.rassegnastampa-totustuus.it\\\/cattolica\\\/?s={search_term_string}\"},\"query-input\":{\"@type\":\"PropertyValueSpecification\",\"valueRequired\":true,\"valueName\":\"search_term_string\"}}],\"inLanguage\":\"it-IT\"},{\"@type\":\"Organization\",\"@id\":\"https:\\\/\\\/www.rassegnastampa-totustuus.it\\\/cattolica\\\/#organization\",\"name\":\"Rassegna Stampa Cattolica\",\"url\":\"https:\\\/\\\/www.rassegnastampa-totustuus.it\\\/cattolica\\\/\",\"logo\":{\"@type\":\"ImageObject\",\"inLanguage\":\"it-IT\",\"@id\":\"https:\\\/\\\/www.rassegnastampa-totustuus.it\\\/cattolica\\\/#\\\/schema\\\/logo\\\/image\\\/\",\"url\":\"https:\\\/\\\/www.rassegnastampa-totustuus.it\\\/cattolica\\\/wp-content\\\/uploads\\\/2014\\\/04\\\/logo-rassegna1.gif\",\"contentUrl\":\"https:\\\/\\\/www.rassegnastampa-totustuus.it\\\/cattolica\\\/wp-content\\\/uploads\\\/2014\\\/04\\\/logo-rassegna1.gif\",\"width\":600,\"height\":163,\"caption\":\"Rassegna Stampa Cattolica\"},\"image\":{\"@id\":\"https:\\\/\\\/www.rassegnastampa-totustuus.it\\\/cattolica\\\/#\\\/schema\\\/logo\\\/image\\\/\"},\"sameAs\":[\"https:\\\/\\\/www.facebook.com\\\/rassegnastampacattolica\",\"https:\\\/\\\/x.com\\\/rassegnastampa9\"]},{\"@type\":\"Person\",\"@id\":\"https:\\\/\\\/www.rassegnastampa-totustuus.it\\\/cattolica\\\/#\\\/schema\\\/person\\\/08f319d2bd1a0904ad9e2bfb7b15e5c3\",\"name\":\"Redazione\",\"image\":{\"@type\":\"ImageObject\",\"inLanguage\":\"it-IT\",\"@id\":\"https:\\\/\\\/secure.gravatar.com\\\/avatar\\\/2fcdf27c78ea025fbdb44e914cc63c72249ffec9dc8aafd5c82b26240ef3f346?s=96&d=mm&r=g\",\"url\":\"https:\\\/\\\/secure.gravatar.com\\\/avatar\\\/2fcdf27c78ea025fbdb44e914cc63c72249ffec9dc8aafd5c82b26240ef3f346?s=96&d=mm&r=g\",\"contentUrl\":\"https:\\\/\\\/secure.gravatar.com\\\/avatar\\\/2fcdf27c78ea025fbdb44e914cc63c72249ffec9dc8aafd5c82b26240ef3f346?s=96&d=mm&r=g\",\"caption\":\"Redazione\"},\"url\":\"https:\\\/\\\/www.rassegnastampa-totustuus.it\\\/cattolica\\\/author\\\/pietroelle\\\/\"}]}<\/script>\n<!-- \/ Yoast SEO plugin. -->","yoast_head_json":{"title":"Un americano alla Casa Bianca - Rassegna Stampa Cattolica","description":"Rassegna Stampa Cattolica - Per una cultura che nasce dalla Rivelazione cristiana in conformit\u00e0 alla tradizione e al Magistero della Chiesa in opposizione ad ogni relativismo e totalitarismo","robots":{"index":"index","follow":"follow","max-snippet":"max-snippet:-1","max-image-preview":"max-image-preview:large","max-video-preview":"max-video-preview:-1"},"canonical":"https:\/\/www.rassegnastampa-totustuus.it\/cattolica\/un-americano-alla-casa-bianca\/","og_locale":"it_IT","og_type":"article","og_title":"Un americano alla Casa Bianca - Rassegna Stampa Cattolica","og_description":"Rassegna Stampa Cattolica - Per una cultura che nasce dalla Rivelazione cristiana in conformit\u00e0 alla tradizione e al Magistero della Chiesa in opposizione ad ogni relativismo e totalitarismo","og_url":"https:\/\/www.rassegnastampa-totustuus.it\/cattolica\/un-americano-alla-casa-bianca\/","og_site_name":"Rassegna Stampa Cattolica","article_publisher":"https:\/\/www.facebook.com\/rassegnastampacattolica","article_published_time":"2011-02-16T23:00:00+00:00","article_modified_time":"2015-03-25T13:24:37+00:00","og_image":[{"width":201,"height":251,"url":"https:\/\/www.rassegnastampa-totustuus.it\/cattolica\/wp-content\/uploads\/2011\/02\/Ronald_Reagan.jpg","type":"image\/jpeg"}],"author":"Redazione","twitter_card":"summary_large_image","twitter_creator":"@rassegnastampa9","twitter_site":"@rassegnastampa9","twitter_misc":{"Scritto da":"Redazione","Tempo di lettura stimato":"12 minuti"},"schema":{"@context":"https:\/\/schema.org","@graph":[{"@type":"Article","@id":"https:\/\/www.rassegnastampa-totustuus.it\/cattolica\/un-americano-alla-casa-bianca\/#article","isPartOf":{"@id":"https:\/\/www.rassegnastampa-totustuus.it\/cattolica\/un-americano-alla-casa-bianca\/"},"author":{"name":"Redazione","@id":"https:\/\/www.rassegnastampa-totustuus.it\/cattolica\/#\/schema\/person\/08f319d2bd1a0904ad9e2bfb7b15e5c3"},"headline":"Un americano alla Casa Bianca","datePublished":"2011-02-16T23:00:00+00:00","dateModified":"2015-03-25T13:24:37+00:00","mainEntityOfPage":{"@id":"https:\/\/www.rassegnastampa-totustuus.it\/cattolica\/un-americano-alla-casa-bianca\/"},"wordCount":2490,"publisher":{"@id":"https:\/\/www.rassegnastampa-totustuus.it\/cattolica\/#organization"},"image":{"@id":"https:\/\/www.rassegnastampa-totustuus.it\/cattolica\/un-americano-alla-casa-bianca\/#primaryimage"},"thumbnailUrl":"https:\/\/www.rassegnastampa-totustuus.it\/cattolica\/wp-content\/uploads\/2011\/02\/Ronald_Reagan.jpg","keywords":["Ronald Reagan"],"articleSection":["Paesi e continenti","Personaggi","Stati Uniti"],"inLanguage":"it-IT"},{"@type":"WebPage","@id":"https:\/\/www.rassegnastampa-totustuus.it\/cattolica\/un-americano-alla-casa-bianca\/","url":"https:\/\/www.rassegnastampa-totustuus.it\/cattolica\/un-americano-alla-casa-bianca\/","name":"Un americano alla Casa Bianca - Rassegna Stampa Cattolica","isPartOf":{"@id":"https:\/\/www.rassegnastampa-totustuus.it\/cattolica\/#website"},"primaryImageOfPage":{"@id":"https:\/\/www.rassegnastampa-totustuus.it\/cattolica\/un-americano-alla-casa-bianca\/#primaryimage"},"image":{"@id":"https:\/\/www.rassegnastampa-totustuus.it\/cattolica\/un-americano-alla-casa-bianca\/#primaryimage"},"thumbnailUrl":"https:\/\/www.rassegnastampa-totustuus.it\/cattolica\/wp-content\/uploads\/2011\/02\/Ronald_Reagan.jpg","datePublished":"2011-02-16T23:00:00+00:00","dateModified":"2015-03-25T13:24:37+00:00","description":"Rassegna Stampa Cattolica - Per una cultura che nasce dalla Rivelazione cristiana in conformit\u00e0 alla tradizione e al Magistero della Chiesa in opposizione ad ogni relativismo e totalitarismo","breadcrumb":{"@id":"https:\/\/www.rassegnastampa-totustuus.it\/cattolica\/un-americano-alla-casa-bianca\/#breadcrumb"},"inLanguage":"it-IT","potentialAction":[{"@type":"ReadAction","target":["https:\/\/www.rassegnastampa-totustuus.it\/cattolica\/un-americano-alla-casa-bianca\/"]}]},{"@type":"ImageObject","inLanguage":"it-IT","@id":"https:\/\/www.rassegnastampa-totustuus.it\/cattolica\/un-americano-alla-casa-bianca\/#primaryimage","url":"https:\/\/www.rassegnastampa-totustuus.it\/cattolica\/wp-content\/uploads\/2011\/02\/Ronald_Reagan.jpg","contentUrl":"https:\/\/www.rassegnastampa-totustuus.it\/cattolica\/wp-content\/uploads\/2011\/02\/Ronald_Reagan.jpg","width":201,"height":251},{"@type":"BreadcrumbList","@id":"https:\/\/www.rassegnastampa-totustuus.it\/cattolica\/un-americano-alla-casa-bianca\/#breadcrumb","itemListElement":[{"@type":"ListItem","position":1,"name":"Home","item":"https:\/\/www.rassegnastampa-totustuus.it\/cattolica\/"},{"@type":"ListItem","position":2,"name":"Un americano alla Casa Bianca"}]},{"@type":"WebSite","@id":"https:\/\/www.rassegnastampa-totustuus.it\/cattolica\/#website","url":"https:\/\/www.rassegnastampa-totustuus.it\/cattolica\/","name":"Rassegna Stampa Cattolica","description":"Per una cultura che nasce dalla Rivelazione cristiana in conformit\u00e0 alla tradizione e al Magistero della Chiesa in opposizione ad ogni relativismo e totalitarismo","publisher":{"@id":"https:\/\/www.rassegnastampa-totustuus.it\/cattolica\/#organization"},"alternateName":"Rass. Cattolica","potentialAction":[{"@type":"SearchAction","target":{"@type":"EntryPoint","urlTemplate":"https:\/\/www.rassegnastampa-totustuus.it\/cattolica\/?s={search_term_string}"},"query-input":{"@type":"PropertyValueSpecification","valueRequired":true,"valueName":"search_term_string"}}],"inLanguage":"it-IT"},{"@type":"Organization","@id":"https:\/\/www.rassegnastampa-totustuus.it\/cattolica\/#organization","name":"Rassegna Stampa Cattolica","url":"https:\/\/www.rassegnastampa-totustuus.it\/cattolica\/","logo":{"@type":"ImageObject","inLanguage":"it-IT","@id":"https:\/\/www.rassegnastampa-totustuus.it\/cattolica\/#\/schema\/logo\/image\/","url":"https:\/\/www.rassegnastampa-totustuus.it\/cattolica\/wp-content\/uploads\/2014\/04\/logo-rassegna1.gif","contentUrl":"https:\/\/www.rassegnastampa-totustuus.it\/cattolica\/wp-content\/uploads\/2014\/04\/logo-rassegna1.gif","width":600,"height":163,"caption":"Rassegna Stampa Cattolica"},"image":{"@id":"https:\/\/www.rassegnastampa-totustuus.it\/cattolica\/#\/schema\/logo\/image\/"},"sameAs":["https:\/\/www.facebook.com\/rassegnastampacattolica","https:\/\/x.com\/rassegnastampa9"]},{"@type":"Person","@id":"https:\/\/www.rassegnastampa-totustuus.it\/cattolica\/#\/schema\/person\/08f319d2bd1a0904ad9e2bfb7b15e5c3","name":"Redazione","image":{"@type":"ImageObject","inLanguage":"it-IT","@id":"https:\/\/secure.gravatar.com\/avatar\/2fcdf27c78ea025fbdb44e914cc63c72249ffec9dc8aafd5c82b26240ef3f346?s=96&d=mm&r=g","url":"https:\/\/secure.gravatar.com\/avatar\/2fcdf27c78ea025fbdb44e914cc63c72249ffec9dc8aafd5c82b26240ef3f346?s=96&d=mm&r=g","contentUrl":"https:\/\/secure.gravatar.com\/avatar\/2fcdf27c78ea025fbdb44e914cc63c72249ffec9dc8aafd5c82b26240ef3f346?s=96&d=mm&r=g","caption":"Redazione"},"url":"https:\/\/www.rassegnastampa-totustuus.it\/cattolica\/author\/pietroelle\/"}]}},"_links":{"self":[{"href":"https:\/\/www.rassegnastampa-totustuus.it\/cattolica\/wp-json\/wp\/v2\/posts\/4422","targetHints":{"allow":["GET"]}}],"collection":[{"href":"https:\/\/www.rassegnastampa-totustuus.it\/cattolica\/wp-json\/wp\/v2\/posts"}],"about":[{"href":"https:\/\/www.rassegnastampa-totustuus.it\/cattolica\/wp-json\/wp\/v2\/types\/post"}],"author":[{"embeddable":true,"href":"https:\/\/www.rassegnastampa-totustuus.it\/cattolica\/wp-json\/wp\/v2\/users\/6"}],"replies":[{"embeddable":true,"href":"https:\/\/www.rassegnastampa-totustuus.it\/cattolica\/wp-json\/wp\/v2\/comments?post=4422"}],"version-history":[{"count":3,"href":"https:\/\/www.rassegnastampa-totustuus.it\/cattolica\/wp-json\/wp\/v2\/posts\/4422\/revisions"}],"predecessor-version":[{"id":22012,"href":"https:\/\/www.rassegnastampa-totustuus.it\/cattolica\/wp-json\/wp\/v2\/posts\/4422\/revisions\/22012"}],"wp:featuredmedia":[{"embeddable":true,"href":"https:\/\/www.rassegnastampa-totustuus.it\/cattolica\/wp-json\/wp\/v2\/media\/22011"}],"wp:attachment":[{"href":"https:\/\/www.rassegnastampa-totustuus.it\/cattolica\/wp-json\/wp\/v2\/media?parent=4422"}],"wp:term":[{"taxonomy":"category","embeddable":true,"href":"https:\/\/www.rassegnastampa-totustuus.it\/cattolica\/wp-json\/wp\/v2\/categories?post=4422"},{"taxonomy":"post_tag","embeddable":true,"href":"https:\/\/www.rassegnastampa-totustuus.it\/cattolica\/wp-json\/wp\/v2\/tags?post=4422"}],"curies":[{"name":"wp","href":"https:\/\/api.w.org\/{rel}","templated":true}]}}