{"id":442,"date":"2005-05-11T12:02:03","date_gmt":"2005-05-11T10:02:03","guid":{"rendered":""},"modified":"2016-03-02T16:39:24","modified_gmt":"2016-03-02T15:39:24","slug":"il-problema-della-popolazione-mondiale-e-il-suicidio-demografico","status":"publish","type":"post","link":"https:\/\/www.rassegnastampa-totustuus.it\/cattolica\/il-problema-della-popolazione-mondiale-e-il-suicidio-demografico\/","title":{"rendered":"Il problema della popolazione mondiale e il &#8221;suicidio demografico&#8221;"},"content":{"rendered":"<div style=\"text-align: center;\">\n<p><strong><img loading=\"lazy\" decoding=\"async\" class=\"alignleft wp-image-31381\" src=\"https:\/\/www.rassegnastampa-totustuus.it\/cattolica\/wp-content\/uploads\/2005\/05\/suicidio_demografico.jpg\" alt=\"suicidio_demografico\" width=\"250\" height=\"166\" \/>Cristianit\u00e0 <\/strong>n. 232-233 (1994)<\/p>\n<p>di<strong> Lorenzo Cantoni<\/strong><\/p>\n<\/div>\n<p style=\"text-align: justify;\">Dal 5 al 13 settembre 1994 a Il Cairo, in Egitto, si tiene la terza Conferenza Internazionale delle Nazioni Unite su <em>Popolazione e Sviluppo<\/em>. La bozza del documento conclusivo, gi\u00e0 diffusa, mostra chiaramente che si cercher\u00e0 di incrementare, a livello mondiale, quella politica demografica orientata a una drastica riduzione delle nascite gi\u00e0 da tempo adottata dall\u2019ONU, l\u2019Organizzazione delle Nazioni Unite, e da altri organismi pubblici e privati, e realizzata &#8211; con mezzi ingenti &#8211; attraverso una massiccia diffusione di tecniche contraccettive &#8211; 249 milioni di utilizzatori nel 1987 -, dell\u2019aborto &#8211; fra i 36 e i 53 milioni l\u2019anno &#8211; e della sterilizzazione &#8211; 164 milioni nel 1987 &#8211; (1).<\/p>\n<p><!--more--><\/p>\n<div><strong>1.<\/strong> <strong><strong><em>Perch\u00e9 siamo troppi, si dice<\/em><\/strong>\u00a0<\/strong><\/div>\n<p style=\"text-align: justify;\">Quanti siamo sul pianeta? \u00c8 difficile dirlo. Per conoscere la popolazione di un paese bisogna fare un censimento, poi si aggiorna la cifra sulla base delle indicazioni degli uffici anagrafici e di quelli di polizia, aggiungendo i nati vivi e gli immigrati, e sottraendo i morti e gli emigrati. Ma in tutti i PVS, i paesi detti in via di sviluppo &#8211; il 77,2% della popolazione mondiale stimata -, le misurazioni della popolazione sono poco affidabili, in ragione di una scarsa organizzazione anagrafica, dell\u2019instabilit\u00e0 politica, delle guerre, delle epidemie e dell\u2019emigrazione. E cos\u00ec la cifra degli abitanti del nostro pianeta non \u00e8 poi tanto sicura (2). In Nigeria, per esempio, si valutava una popolazione di 122 milioni di persone, ma all\u2019ultimo censimento se ne sono trovati solo 89 milioni. Oman e Corea del Nord non hanno mai avuto un censimento&#8230;<\/p>\n<p style=\"text-align: justify;\"><strong>2.<em> Non importa quanti, comunque troppi<\/em>, si dice.<\/strong><\/p>\n<p style=\"text-align: justify;\">Troppi per le risorse. Ma le risorse non sono qualcosa di fisso, di determinato una volta per tutte; esse sono in funzione delle conoscenze scientifiche e delle capacit\u00e0 tecnologiche: prima che si usassero i motori a scoppio, il petrolio era un liquido inutile, oggi no; e oggi, grazie a capacit\u00e0 di sfruttamento migliori, abbiamo a disposizione pi\u00f9 petrolio di trent\u2019anni fa. Un cospicuo aumento di popolazione ha coinciso spesso con significative evoluzioni delle tecnologie per lo sfruttamento agricolo del terreno e per la produzione di energia: la FAO, la Food and Agriculture Organization, l\u2019organizzazione per l\u2019alimentazione e l\u2019agricoltura, calcola che la Terra \u00e8 in grado di sfamare una popolazione superiore ai 20 miliardi.<\/p>\n<p style=\"text-align: justify;\">La popolazione \u00e8, poi, una risorsa, la pi\u00f9 importante: un recente studio su 86 paesi mostra una correlazione positiva fra l\u2019incremento demografico e lo sviluppo economico diciassette anni dopo (3). Se guardiamo poi alla densit\u00e0 della popolazione mondiale, si pu\u00f2 notare che i PVS hanno una densit\u00e0 media assai inferiore a quella dei PS, i paesi detti sviluppati, e che, se sono sovra-popolati, \u00e8 solo in ragione del loro sotto-sviluppo. Il problema \u00e8 allora piuttosto quello della distribuzione delle risorse: un canadese, per esempio, consuma 436 volte di pi\u00f9 di un etiopico, l\u2019Europa e l\u2019America Settentrionale hanno circa il 60% del reddito mondiale, e solo il 14% della popolazione (4).<\/p>\n<p style=\"text-align: justify;\"><strong>3.<em> Troppi per mantenere l\u2019ecosistema<\/em>. <\/strong><\/p>\n<p style=\"text-align: justify;\">Cos\u00ec si \u00e8 detto alla Conferenza sull\u2019Ambiente del 1992, a Rio de Janeiro. Ma l\u2019inquinamento \u00e8 dovuto principalmente, se non esclusivamente, ai PS, che non hanno certo il problema della sovrappopolazione. Anzi.<\/p>\n<p style=\"text-align: justify;\">Nei PS ogni donna ha in media 1,9 figli, quando, per garantire il rimpiazzo generazionale, ne sarebbero necessari 2,1, e l\u2019Italia \u00e8 il paese con la fecondit\u00e0 pi\u00f9 bassa del mondo: 1,3 figli in media per donna. <em>&#8220;Inverno demografico&#8221; <\/em>(5) \u00e8 stata chiamata questa situazione di declino della popolazione nei paesi occidentali, e si \u00e8 addirittura parlato di <em>&#8220;suicidio <\/em><em>demografico&#8221; <\/em>(6).<\/p>\n<p style=\"text-align: justify;\">Un calo demografico tale che la CEE, la Comunit\u00e0 Economica Europea, nel 1984 vot\u00f2 la <em>Risoluzione N. C 127\/78<\/em>, in cui &#8211; fra l\u2019altro &#8211; afferma che <em>&#8220;le misure per combattere questa marcata tendenza verso il declino della popolazione, che \u00e8 comune a tutti gli Stati membri, potrebbero essere utilmente prese a livello comunitario ed avrebbero un\u2019importanza sia politica che sociale&#8221;<\/em> (7).<\/p>\n<p style=\"text-align: justify;\"><strong>4.<em> Ma pure nei PVS la popolazione ha un ritmo di crescita eccessivo<\/em>, si ribatte.<\/strong><\/p>\n<p style=\"text-align: justify;\">\u00c8 vero: la fecondit\u00e0 media dei PVS \u00e8 molto superiore (3,9) a quella necessaria per il rimpiazzo generazionale, e ci\u00f2 sta comportando una notevole crescita della loro popolazione totale. Hanno pure una densit\u00e0 piuttosto ridotta, e la fecondit\u00e0 \u00e8 in significativa e rapida diminuzione: -2 punti fra il quinquennio 1965-70 e quello 1985-90. Questo fenomeno \u00e8 conosciuto con il nome di &#8220;transizione demografica&#8221;.<\/p>\n<p style=\"text-align: justify;\">L\u2019impatto delle tecniche mediche che hanno abbattuto la mortalit\u00e0 infantile e aumentato la speranza di vita alla nascita ha causato &#8211; cos\u00ec in Europa e nell\u2019America Settentrionale nel secolo XIX, come nei PVS nel secolo XX &#8211; un grande aumento della popolazione; ma mentre nei PS questo aumento \u00e8 stato lento, e si \u00e8 accompagnato a uno analogo a livello economico, nei PVS \u00e8 stato improvviso, e spesso senza una sufficiente contropartita in termini di sviluppo economico, creando dunque l\u2019allarme della popolazione.<\/p>\n<p style=\"text-align: justify;\">La transizione demografica, inoltre, comporta che, con il miglioramento delle condizioni economiche, si riduca la fecondit\u00e0, sia perch\u00e9 le persone accedono al matrimonio molto pi\u00f9 tardi, sia perch\u00e9 il lavoro minorile viene vietato e il gran numero di figli non \u00e8 necessario come garanzia per la vecchiaia, sia perch\u00e9 il costo per figlio aumenta significativamente. Il livello d\u2019istruzione dunque, la politica del lavoro, la sicurezza politico-economica &#8211; in breve: lo sviluppo &#8211; sono all\u2019origine di una stabilizzazione degli indici di fecondit\u00e0. Una cultura edonistica e materialistica poi, sazia e disperata, \u00e8 all\u2019origine del <em>&#8220;suicidio demografico&#8221;<\/em>.<\/p>\n<p style=\"text-align: justify;\">Non si tratta allora di far violenza ai paesi poveri e alle loro famiglie, imponendo politiche di riduzione della natalit\u00e0 che adottano metodi immorali, ma di aiutare i PVS a crescere; non di ridurre la popolazione povera, ma di distribuire le risorse in modo pi\u00f9 equo e di promuovere uno sviluppo integrale.<\/p>\n<p style=\"text-align: justify;\">Papa Giovanni Paolo II \u00e8 intervenuto pi\u00f9 volte, con fermezza, contro la bozza di documento conclusivo della Conferenza de Il Cairo, a difesa della giustizia, del diritto alla vita e della verit\u00e0 sulla persona umana e sulla famiglia (8).<\/p>\n<p style=\"text-align: justify;\">In una lettera alla dottoressa Nafis Sadik, Segretario Generale della Conferenza, il Santo Padre, dopo aver sottolineato la complessit\u00e0 della situazione della popolazione mondiale, scrive <em>&#8220;Ci\u00f2 che la Chiesa chiama <\/em>&#8220;paternit\u00e0 responsabile&#8221;<em> non \u00e8 una questione di procreazione illimitata o di mancanza di consapevolezza circa il significato di allevare figli, ma piuttosto la possibilit\u00e0 data alle coppie di utilizzare la loro inviolabile libert\u00e0 saggiamente e responsabilmente, tenendo presenti le realt\u00e0 sociali e demografiche, cos\u00ec come la propria situazione e i legittimi desideri alla luce di obiettivi criteri morali. Si devono evitare con decisione la propaganda e la cattiva informazione volte a persuadere le coppie a limitare la propria famiglia a uno o due figli e si devono appoggiare quelle coppie che scelgono generosamente di creare famiglie numerose. In difesa della persona umana, la Chiesa si oppone all\u2019imposizione di limiti riguardanti il numero dei membri di una famiglia e alla promozione di metodi per la limitazione delle nascite, che pregiudicano le dimensioni aggreganti e procreative del rapporto coniugale, metodi contrari alla legge morale inscritta nel cuore umano o che costituiscono un attacco alla sacralit\u00e0 della vita&#8221;<\/em> (9).<\/p>\n<p style=\"text-align: justify;\"><strong>Note<\/strong><\/p>\n<p style=\"text-align: justify;\"><strong>(1)<\/strong> Cfr. Pontificia Accademia Scientiarum, <em>Popolazione e risorse. Rapporto<\/em>, Vita e Pensiero, Milano 1994, Tabella 5, p. 12, i cui dati sono ripresi da fonte ONU.<br \/>\n<strong>(2)<\/strong> Cfr. <em>1992 Britannica Book of the Year<\/em>, Encyclopaedia Britannica, Chicago 1992, p. 748: <em>&#8220;Un punto essenziale da tenere presente quando si studiano queste statistiche <\/em>[sulla popolazione dei vari paesi] <em>\u00e8 che tutte, qualunque sia il grado di precisione implicato dall\u2019esattezza dei numeri, sono stime &#8211; tutte di accuratezza variabile, e talora dubbia &#8211; anche nel caso in cui esse contengano una quantificazione assolutamente completa. Gli Stati Uniti &#8211; che hanno una lunga tradizione sia nell\u2019operare censimenti, sia nell\u2019uso degli strumenti pi\u00f9 sofisticati per il trattamento dei dati &#8211; sono in grado di determinare la popolazione nazionale solo con un margine del 2,1% <\/em>[&#8230;]<em>. Quando un paese come la Nigeria, il pi\u00f9 popoloso dell\u2019Africa, non conosce la sua popolazione effettiva se non con un margine del 20%, ed \u00e8 impedito o rallentato nel misurarla da circostanze politiche, sia il valore assoluto che il margine d\u2019errore probabilmente stanno crescendo. I curatori hanno cercato di tener conto del margine di variazione e di precisione nei dati pubblicati, ma \u00e8 difficile stabilire un valore per molte cause di imprecisione, a meno che alcune nazioni o agenzie non abbiano fatto uno sforzo coscienzioso per stabilire sia l\u2019accuratezza relativa (precisione) delle loro stime, sia la grandezza assoluta delle quantit\u00e0 che cercano di misurare &#8211; per esempio, il numero di persone in Cambogia che morirono per mano dei Khmer Rossi. Fu di 1.000.000 o di 2.000.000? Se si accetta una misura di 1.000.000, quale \u00e8 la sua accuratezza: \u00b1 1%, 10%, 50%?&#8221;<\/em>.<\/p>\n<div align=\"justify\"><strong>(3)<\/strong> Cfr. Robin Barlow, <em>Population Growth and Economic Growth: Some More Correlation<\/em>, in <em>Population and Development Rewiew<\/em>, vol. 20, n. 1, marzo 1994, pp. 153-165; questo studio ha proposto per la prima volta una tale correlazione, superando quelli che cercavano rapporti fra la fecondit\u00e0 e il prodotto <em>pro capite <\/em>nel medesimo momento: \u00e8 chiaro infatti che, essendo il prodotto <em>pro capite <\/em>dato dal PIL, il Prodotto Interno Lordo, diviso per la popolazione, a ogni aumentare della popolazione si riduce il prodotto <em>pro capite<\/em>, con un esito banale e poco indicativo dell\u2019impatto <em>reale<\/em> della popolazione sull\u2019economia di un paese.<\/div>\n<div align=\"justify\"><strong>(4)<\/strong> Cfr., per esempio, Susan George, <em>Conscience &#8220;plan\u00e9taire&#8221; et &#8220;trop nombreux&#8221; pauvres<\/em>, in <em>Le Monde diplomatique<\/em>, anno 37\u00b0, n. 434, maggio 1990, pp. 18-19.<\/div>\n<div align=\"justify\"><strong>(5)<\/strong> Cfr. Fran\u00e7ois Geinoz, Fran\u00e7ois de Siebenthal, Antoine Suarez e Michel Tricot (a cura di), <em>Europe, l\u2019hiver d\u00e9mographique<\/em>, L\u2019Age d\u2019Homme, Losanna 1989.<\/div>\n<div align=\"justify\"><strong>(6)<\/strong> Cfr. Giovanni Paolo II, Discorso al VI Simposio del Consiglio delle Conferenze Episcopali d\u2019Europa, dell\u201911-10-1985, n. 10, in <em>Insegnamenti di Giovanni Paolo II<\/em>, VII, 2, pp. 910-924 (pp. 916-917).<\/div>\n<div align=\"justify\"><strong>(7)<\/strong> Cfr. il testo completo in Michael S. Teitelbaum e Jay M. Winter, <em>La paura del declino demografico<\/em>, trad. it., il Mulino, Bologna 1987, pp. 203-204.<\/div>\n<div align=\"justify\"><strong>(8)<\/strong> Per un itinerario attraverso gli interventi magisteriali recenti in tema di popolazione e politiche demografiche, cfr. Pontificio Consiglio per la Famiglia, <em>Evoluzioni demografiche: dimensioni etiche e pastorali. Instrumentum laboris<\/em>, del 25-3-1994. Cfr. anche <em>Dossier. Il Magistero cattolico e la Conferenza Internazionale su Popolazione e Sviluppo<\/em>, in <em>Medicina e Morale<\/em> (nuova serie, anno XLIV, maggio-giugno 1994, pp. 517-580), che raccoglie: Giovanni Paolo II, <em>Messaggio alla Signora Nafis Sadik, Segretario Generale della Conferenza Internazionale su Popolazione e Sviluppo 1994<\/em>, del 18-3-1994; <em>Lettera Pontificia ai Capi di Stato<\/em>, del 19-3-1994; <em>Regina Coeli<\/em>, del 17-4-1994; Pontificio Consiglio per la Famiglia, <em>doc. cit.<\/em>; S. E. mons. Diarmuid Martin, <em>Discorso alla terza sessione del Comitato Preparatorio della Conferenza Internazionale su Popolazione e Sviluppo<\/em>, del 5-4-1994; S. Em. card. Angelo Sodano, <em>Discorso alla XVII Congregazione Generale dell\u2019Assemblea Speciale per l\u2019Africa del Sinodo dei Vescovi<\/em>, del 21-4-1994; S. E. mons. Diarmuid Martin, <em>Discorso alla XXII Congregazione Generale dell\u2019Assemblea Speciale per l\u2019Africa del Sinodo dei Vescovi<\/em>, del 28-4-1994; Pontificia Accademia per la Vita, <em>Dichiarazione sulle questioni della vita umana e lo sviluppo delle popolazioni<\/em>; Vescovi Latino-Americani, <em>Lettera alla Signora Nafis Sadik<\/em>.<\/div>\n<div align=\"justify\"><strong>(9)<\/strong> Giovanni Paolo II, <em>Messaggio alla Signora Nafis Sadik, Segretario Generale della Conferenza Internazionale su Popolazione e Sviluppo 1994<\/em>, cit., n. 5.<\/div>\n","protected":false},"excerpt":{"rendered":"<p>Cristianit\u00e0 n. 232-233 (1994) di Lorenzo Cantoni Dal 5 al 13 settembre 1994 a Il Cairo, in Egitto, si tiene la terza Conferenza Internazionale delle Nazioni Unite su Popolazione e Sviluppo. La bozza del documento conclusivo, gi\u00e0 diffusa, mostra chiaramente che si cercher\u00e0 di incrementare, a livello mondiale, quella politica demografica orientata a una drastica &hellip; <\/p>\n<p><a class=\"more-link btn\" href=\"https:\/\/www.rassegnastampa-totustuus.it\/cattolica\/il-problema-della-popolazione-mondiale-e-il-suicidio-demografico\/\">Continua a leggere<\/a><\/p>\n","protected":false},"author":6,"featured_media":31381,"comment_status":"closed","ping_status":"open","sticky":false,"template":"","format":"standard","meta":{"footnotes":""},"categories":[9],"tags":[217],"class_list":["post-442","post","type-post","status-publish","format-standard","has-post-thumbnail","hentry","category-demografia","tag-demografia-2","item-wrap"],"yoast_head":"<!-- This site is optimized with the Yoast SEO plugin v27.5 - https:\/\/yoast.com\/product\/yoast-seo-wordpress\/ -->\n<title>Il problema della popolazione mondiale e il &#039;&#039;suicidio demografico&quot; - Rassegna Stampa Cattolica<\/title>\n<meta name=\"description\" content=\"Rassegna Stampa Cattolica - Per una cultura che nasce dalla Rivelazione cristiana in conformit\u00e0 alla tradizione e al Magistero della Chiesa in opposizione ad ogni relativismo e totalitarismo\" \/>\n<meta name=\"robots\" content=\"index, follow, max-snippet:-1, max-image-preview:large, max-video-preview:-1\" \/>\n<link rel=\"canonical\" href=\"https:\/\/www.rassegnastampa-totustuus.it\/cattolica\/il-problema-della-popolazione-mondiale-e-il-suicidio-demografico\/\" \/>\n<meta property=\"og:locale\" content=\"it_IT\" \/>\n<meta property=\"og:type\" content=\"article\" \/>\n<meta property=\"og:title\" content=\"Il problema della popolazione mondiale e il &#039;&#039;suicidio demografico&quot; - Rassegna Stampa Cattolica\" \/>\n<meta property=\"og:description\" content=\"Rassegna Stampa Cattolica - Per una cultura che nasce dalla Rivelazione cristiana in conformit\u00e0 alla tradizione e al Magistero della Chiesa in opposizione ad ogni relativismo e totalitarismo\" \/>\n<meta property=\"og:url\" content=\"https:\/\/www.rassegnastampa-totustuus.it\/cattolica\/il-problema-della-popolazione-mondiale-e-il-suicidio-demografico\/\" \/>\n<meta property=\"og:site_name\" content=\"Rassegna Stampa Cattolica\" \/>\n<meta property=\"article:publisher\" content=\"https:\/\/www.facebook.com\/rassegnastampacattolica\" \/>\n<meta property=\"article:published_time\" content=\"2005-05-11T10:02:03+00:00\" \/>\n<meta property=\"article:modified_time\" content=\"2016-03-02T15:39:24+00:00\" \/>\n<meta property=\"og:image\" content=\"https:\/\/www.rassegnastampa-totustuus.it\/cattolica\/wp-content\/uploads\/2005\/05\/suicidio_demografico.jpg\" \/>\n\t<meta property=\"og:image:width\" content=\"275\" \/>\n\t<meta property=\"og:image:height\" content=\"183\" \/>\n\t<meta property=\"og:image:type\" content=\"image\/jpeg\" \/>\n<meta name=\"author\" content=\"Redazione\" \/>\n<meta name=\"twitter:card\" content=\"summary_large_image\" \/>\n<meta name=\"twitter:creator\" content=\"@rassegnastampa9\" \/>\n<meta name=\"twitter:site\" content=\"@rassegnastampa9\" \/>\n<meta name=\"twitter:label1\" content=\"Scritto da\" \/>\n\t<meta name=\"twitter:data1\" content=\"Redazione\" \/>\n\t<meta name=\"twitter:label2\" content=\"Tempo di lettura stimato\" \/>\n\t<meta name=\"twitter:data2\" content=\"9 minuti\" \/>\n<script type=\"application\/ld+json\" class=\"yoast-schema-graph\">{\"@context\":\"https:\\\/\\\/schema.org\",\"@graph\":[{\"@type\":\"Article\",\"@id\":\"https:\\\/\\\/www.rassegnastampa-totustuus.it\\\/cattolica\\\/il-problema-della-popolazione-mondiale-e-il-suicidio-demografico\\\/#article\",\"isPartOf\":{\"@id\":\"https:\\\/\\\/www.rassegnastampa-totustuus.it\\\/cattolica\\\/il-problema-della-popolazione-mondiale-e-il-suicidio-demografico\\\/\"},\"author\":{\"name\":\"Redazione\",\"@id\":\"https:\\\/\\\/www.rassegnastampa-totustuus.it\\\/cattolica\\\/#\\\/schema\\\/person\\\/08f319d2bd1a0904ad9e2bfb7b15e5c3\"},\"headline\":\"Il problema della popolazione mondiale e il &#8221;suicidio demografico&#8221;\",\"datePublished\":\"2005-05-11T10:02:03+00:00\",\"dateModified\":\"2016-03-02T15:39:24+00:00\",\"mainEntityOfPage\":{\"@id\":\"https:\\\/\\\/www.rassegnastampa-totustuus.it\\\/cattolica\\\/il-problema-della-popolazione-mondiale-e-il-suicidio-demografico\\\/\"},\"wordCount\":1824,\"publisher\":{\"@id\":\"https:\\\/\\\/www.rassegnastampa-totustuus.it\\\/cattolica\\\/#organization\"},\"image\":{\"@id\":\"https:\\\/\\\/www.rassegnastampa-totustuus.it\\\/cattolica\\\/il-problema-della-popolazione-mondiale-e-il-suicidio-demografico\\\/#primaryimage\"},\"thumbnailUrl\":\"https:\\\/\\\/www.rassegnastampa-totustuus.it\\\/cattolica\\\/wp-content\\\/uploads\\\/2005\\\/05\\\/suicidio_demografico.jpg\",\"keywords\":[\"demografia\"],\"articleSection\":[\"Demografia\"],\"inLanguage\":\"it-IT\"},{\"@type\":\"WebPage\",\"@id\":\"https:\\\/\\\/www.rassegnastampa-totustuus.it\\\/cattolica\\\/il-problema-della-popolazione-mondiale-e-il-suicidio-demografico\\\/\",\"url\":\"https:\\\/\\\/www.rassegnastampa-totustuus.it\\\/cattolica\\\/il-problema-della-popolazione-mondiale-e-il-suicidio-demografico\\\/\",\"name\":\"Il problema della popolazione mondiale e il ''suicidio demografico\\\" - Rassegna Stampa Cattolica\",\"isPartOf\":{\"@id\":\"https:\\\/\\\/www.rassegnastampa-totustuus.it\\\/cattolica\\\/#website\"},\"primaryImageOfPage\":{\"@id\":\"https:\\\/\\\/www.rassegnastampa-totustuus.it\\\/cattolica\\\/il-problema-della-popolazione-mondiale-e-il-suicidio-demografico\\\/#primaryimage\"},\"image\":{\"@id\":\"https:\\\/\\\/www.rassegnastampa-totustuus.it\\\/cattolica\\\/il-problema-della-popolazione-mondiale-e-il-suicidio-demografico\\\/#primaryimage\"},\"thumbnailUrl\":\"https:\\\/\\\/www.rassegnastampa-totustuus.it\\\/cattolica\\\/wp-content\\\/uploads\\\/2005\\\/05\\\/suicidio_demografico.jpg\",\"datePublished\":\"2005-05-11T10:02:03+00:00\",\"dateModified\":\"2016-03-02T15:39:24+00:00\",\"description\":\"Rassegna Stampa Cattolica - Per una cultura che nasce dalla Rivelazione cristiana in conformit\u00e0 alla tradizione e al Magistero della Chiesa in opposizione ad ogni relativismo e totalitarismo\",\"breadcrumb\":{\"@id\":\"https:\\\/\\\/www.rassegnastampa-totustuus.it\\\/cattolica\\\/il-problema-della-popolazione-mondiale-e-il-suicidio-demografico\\\/#breadcrumb\"},\"inLanguage\":\"it-IT\",\"potentialAction\":[{\"@type\":\"ReadAction\",\"target\":[\"https:\\\/\\\/www.rassegnastampa-totustuus.it\\\/cattolica\\\/il-problema-della-popolazione-mondiale-e-il-suicidio-demografico\\\/\"]}]},{\"@type\":\"ImageObject\",\"inLanguage\":\"it-IT\",\"@id\":\"https:\\\/\\\/www.rassegnastampa-totustuus.it\\\/cattolica\\\/il-problema-della-popolazione-mondiale-e-il-suicidio-demografico\\\/#primaryimage\",\"url\":\"https:\\\/\\\/www.rassegnastampa-totustuus.it\\\/cattolica\\\/wp-content\\\/uploads\\\/2005\\\/05\\\/suicidio_demografico.jpg\",\"contentUrl\":\"https:\\\/\\\/www.rassegnastampa-totustuus.it\\\/cattolica\\\/wp-content\\\/uploads\\\/2005\\\/05\\\/suicidio_demografico.jpg\",\"width\":275,\"height\":183},{\"@type\":\"BreadcrumbList\",\"@id\":\"https:\\\/\\\/www.rassegnastampa-totustuus.it\\\/cattolica\\\/il-problema-della-popolazione-mondiale-e-il-suicidio-demografico\\\/#breadcrumb\",\"itemListElement\":[{\"@type\":\"ListItem\",\"position\":1,\"name\":\"Home\",\"item\":\"https:\\\/\\\/www.rassegnastampa-totustuus.it\\\/cattolica\\\/\"},{\"@type\":\"ListItem\",\"position\":2,\"name\":\"Il problema della popolazione mondiale e il &#8221;suicidio demografico&#8221;\"}]},{\"@type\":\"WebSite\",\"@id\":\"https:\\\/\\\/www.rassegnastampa-totustuus.it\\\/cattolica\\\/#website\",\"url\":\"https:\\\/\\\/www.rassegnastampa-totustuus.it\\\/cattolica\\\/\",\"name\":\"Rassegna Stampa Cattolica\",\"description\":\"Per una cultura che nasce dalla Rivelazione cristiana in conformit\u00e0 alla tradizione e al Magistero della Chiesa in opposizione ad ogni relativismo e totalitarismo\",\"publisher\":{\"@id\":\"https:\\\/\\\/www.rassegnastampa-totustuus.it\\\/cattolica\\\/#organization\"},\"alternateName\":\"Rass. Cattolica\",\"potentialAction\":[{\"@type\":\"SearchAction\",\"target\":{\"@type\":\"EntryPoint\",\"urlTemplate\":\"https:\\\/\\\/www.rassegnastampa-totustuus.it\\\/cattolica\\\/?s={search_term_string}\"},\"query-input\":{\"@type\":\"PropertyValueSpecification\",\"valueRequired\":true,\"valueName\":\"search_term_string\"}}],\"inLanguage\":\"it-IT\"},{\"@type\":\"Organization\",\"@id\":\"https:\\\/\\\/www.rassegnastampa-totustuus.it\\\/cattolica\\\/#organization\",\"name\":\"Rassegna Stampa Cattolica\",\"url\":\"https:\\\/\\\/www.rassegnastampa-totustuus.it\\\/cattolica\\\/\",\"logo\":{\"@type\":\"ImageObject\",\"inLanguage\":\"it-IT\",\"@id\":\"https:\\\/\\\/www.rassegnastampa-totustuus.it\\\/cattolica\\\/#\\\/schema\\\/logo\\\/image\\\/\",\"url\":\"https:\\\/\\\/www.rassegnastampa-totustuus.it\\\/cattolica\\\/wp-content\\\/uploads\\\/2014\\\/04\\\/logo-rassegna1.gif\",\"contentUrl\":\"https:\\\/\\\/www.rassegnastampa-totustuus.it\\\/cattolica\\\/wp-content\\\/uploads\\\/2014\\\/04\\\/logo-rassegna1.gif\",\"width\":600,\"height\":163,\"caption\":\"Rassegna Stampa Cattolica\"},\"image\":{\"@id\":\"https:\\\/\\\/www.rassegnastampa-totustuus.it\\\/cattolica\\\/#\\\/schema\\\/logo\\\/image\\\/\"},\"sameAs\":[\"https:\\\/\\\/www.facebook.com\\\/rassegnastampacattolica\",\"https:\\\/\\\/x.com\\\/rassegnastampa9\"]},{\"@type\":\"Person\",\"@id\":\"https:\\\/\\\/www.rassegnastampa-totustuus.it\\\/cattolica\\\/#\\\/schema\\\/person\\\/08f319d2bd1a0904ad9e2bfb7b15e5c3\",\"name\":\"Redazione\",\"image\":{\"@type\":\"ImageObject\",\"inLanguage\":\"it-IT\",\"@id\":\"https:\\\/\\\/secure.gravatar.com\\\/avatar\\\/2fcdf27c78ea025fbdb44e914cc63c72249ffec9dc8aafd5c82b26240ef3f346?s=96&d=mm&r=g\",\"url\":\"https:\\\/\\\/secure.gravatar.com\\\/avatar\\\/2fcdf27c78ea025fbdb44e914cc63c72249ffec9dc8aafd5c82b26240ef3f346?s=96&d=mm&r=g\",\"contentUrl\":\"https:\\\/\\\/secure.gravatar.com\\\/avatar\\\/2fcdf27c78ea025fbdb44e914cc63c72249ffec9dc8aafd5c82b26240ef3f346?s=96&d=mm&r=g\",\"caption\":\"Redazione\"},\"url\":\"https:\\\/\\\/www.rassegnastampa-totustuus.it\\\/cattolica\\\/author\\\/pietroelle\\\/\"}]}<\/script>\n<!-- \/ Yoast SEO plugin. -->","yoast_head_json":{"title":"Il problema della popolazione mondiale e il ''suicidio demografico\" - Rassegna Stampa Cattolica","description":"Rassegna Stampa Cattolica - Per una cultura che nasce dalla Rivelazione cristiana in conformit\u00e0 alla tradizione e al Magistero della Chiesa in opposizione ad ogni relativismo e totalitarismo","robots":{"index":"index","follow":"follow","max-snippet":"max-snippet:-1","max-image-preview":"max-image-preview:large","max-video-preview":"max-video-preview:-1"},"canonical":"https:\/\/www.rassegnastampa-totustuus.it\/cattolica\/il-problema-della-popolazione-mondiale-e-il-suicidio-demografico\/","og_locale":"it_IT","og_type":"article","og_title":"Il problema della popolazione mondiale e il ''suicidio demografico\" - Rassegna Stampa Cattolica","og_description":"Rassegna Stampa Cattolica - Per una cultura che nasce dalla Rivelazione cristiana in conformit\u00e0 alla tradizione e al Magistero della Chiesa in opposizione ad ogni relativismo e totalitarismo","og_url":"https:\/\/www.rassegnastampa-totustuus.it\/cattolica\/il-problema-della-popolazione-mondiale-e-il-suicidio-demografico\/","og_site_name":"Rassegna Stampa Cattolica","article_publisher":"https:\/\/www.facebook.com\/rassegnastampacattolica","article_published_time":"2005-05-11T10:02:03+00:00","article_modified_time":"2016-03-02T15:39:24+00:00","og_image":[{"width":275,"height":183,"url":"https:\/\/www.rassegnastampa-totustuus.it\/cattolica\/wp-content\/uploads\/2005\/05\/suicidio_demografico.jpg","type":"image\/jpeg"}],"author":"Redazione","twitter_card":"summary_large_image","twitter_creator":"@rassegnastampa9","twitter_site":"@rassegnastampa9","twitter_misc":{"Scritto da":"Redazione","Tempo di lettura stimato":"9 minuti"},"schema":{"@context":"https:\/\/schema.org","@graph":[{"@type":"Article","@id":"https:\/\/www.rassegnastampa-totustuus.it\/cattolica\/il-problema-della-popolazione-mondiale-e-il-suicidio-demografico\/#article","isPartOf":{"@id":"https:\/\/www.rassegnastampa-totustuus.it\/cattolica\/il-problema-della-popolazione-mondiale-e-il-suicidio-demografico\/"},"author":{"name":"Redazione","@id":"https:\/\/www.rassegnastampa-totustuus.it\/cattolica\/#\/schema\/person\/08f319d2bd1a0904ad9e2bfb7b15e5c3"},"headline":"Il problema della popolazione mondiale e il &#8221;suicidio demografico&#8221;","datePublished":"2005-05-11T10:02:03+00:00","dateModified":"2016-03-02T15:39:24+00:00","mainEntityOfPage":{"@id":"https:\/\/www.rassegnastampa-totustuus.it\/cattolica\/il-problema-della-popolazione-mondiale-e-il-suicidio-demografico\/"},"wordCount":1824,"publisher":{"@id":"https:\/\/www.rassegnastampa-totustuus.it\/cattolica\/#organization"},"image":{"@id":"https:\/\/www.rassegnastampa-totustuus.it\/cattolica\/il-problema-della-popolazione-mondiale-e-il-suicidio-demografico\/#primaryimage"},"thumbnailUrl":"https:\/\/www.rassegnastampa-totustuus.it\/cattolica\/wp-content\/uploads\/2005\/05\/suicidio_demografico.jpg","keywords":["demografia"],"articleSection":["Demografia"],"inLanguage":"it-IT"},{"@type":"WebPage","@id":"https:\/\/www.rassegnastampa-totustuus.it\/cattolica\/il-problema-della-popolazione-mondiale-e-il-suicidio-demografico\/","url":"https:\/\/www.rassegnastampa-totustuus.it\/cattolica\/il-problema-della-popolazione-mondiale-e-il-suicidio-demografico\/","name":"Il problema della popolazione mondiale e il ''suicidio demografico\" - Rassegna Stampa Cattolica","isPartOf":{"@id":"https:\/\/www.rassegnastampa-totustuus.it\/cattolica\/#website"},"primaryImageOfPage":{"@id":"https:\/\/www.rassegnastampa-totustuus.it\/cattolica\/il-problema-della-popolazione-mondiale-e-il-suicidio-demografico\/#primaryimage"},"image":{"@id":"https:\/\/www.rassegnastampa-totustuus.it\/cattolica\/il-problema-della-popolazione-mondiale-e-il-suicidio-demografico\/#primaryimage"},"thumbnailUrl":"https:\/\/www.rassegnastampa-totustuus.it\/cattolica\/wp-content\/uploads\/2005\/05\/suicidio_demografico.jpg","datePublished":"2005-05-11T10:02:03+00:00","dateModified":"2016-03-02T15:39:24+00:00","description":"Rassegna Stampa Cattolica - Per una cultura che nasce dalla Rivelazione cristiana in conformit\u00e0 alla tradizione e al Magistero della Chiesa in opposizione ad ogni relativismo e totalitarismo","breadcrumb":{"@id":"https:\/\/www.rassegnastampa-totustuus.it\/cattolica\/il-problema-della-popolazione-mondiale-e-il-suicidio-demografico\/#breadcrumb"},"inLanguage":"it-IT","potentialAction":[{"@type":"ReadAction","target":["https:\/\/www.rassegnastampa-totustuus.it\/cattolica\/il-problema-della-popolazione-mondiale-e-il-suicidio-demografico\/"]}]},{"@type":"ImageObject","inLanguage":"it-IT","@id":"https:\/\/www.rassegnastampa-totustuus.it\/cattolica\/il-problema-della-popolazione-mondiale-e-il-suicidio-demografico\/#primaryimage","url":"https:\/\/www.rassegnastampa-totustuus.it\/cattolica\/wp-content\/uploads\/2005\/05\/suicidio_demografico.jpg","contentUrl":"https:\/\/www.rassegnastampa-totustuus.it\/cattolica\/wp-content\/uploads\/2005\/05\/suicidio_demografico.jpg","width":275,"height":183},{"@type":"BreadcrumbList","@id":"https:\/\/www.rassegnastampa-totustuus.it\/cattolica\/il-problema-della-popolazione-mondiale-e-il-suicidio-demografico\/#breadcrumb","itemListElement":[{"@type":"ListItem","position":1,"name":"Home","item":"https:\/\/www.rassegnastampa-totustuus.it\/cattolica\/"},{"@type":"ListItem","position":2,"name":"Il problema della popolazione mondiale e il &#8221;suicidio demografico&#8221;"}]},{"@type":"WebSite","@id":"https:\/\/www.rassegnastampa-totustuus.it\/cattolica\/#website","url":"https:\/\/www.rassegnastampa-totustuus.it\/cattolica\/","name":"Rassegna Stampa Cattolica","description":"Per una cultura che nasce dalla Rivelazione cristiana in conformit\u00e0 alla tradizione e al Magistero della Chiesa in opposizione ad ogni relativismo e totalitarismo","publisher":{"@id":"https:\/\/www.rassegnastampa-totustuus.it\/cattolica\/#organization"},"alternateName":"Rass. Cattolica","potentialAction":[{"@type":"SearchAction","target":{"@type":"EntryPoint","urlTemplate":"https:\/\/www.rassegnastampa-totustuus.it\/cattolica\/?s={search_term_string}"},"query-input":{"@type":"PropertyValueSpecification","valueRequired":true,"valueName":"search_term_string"}}],"inLanguage":"it-IT"},{"@type":"Organization","@id":"https:\/\/www.rassegnastampa-totustuus.it\/cattolica\/#organization","name":"Rassegna Stampa Cattolica","url":"https:\/\/www.rassegnastampa-totustuus.it\/cattolica\/","logo":{"@type":"ImageObject","inLanguage":"it-IT","@id":"https:\/\/www.rassegnastampa-totustuus.it\/cattolica\/#\/schema\/logo\/image\/","url":"https:\/\/www.rassegnastampa-totustuus.it\/cattolica\/wp-content\/uploads\/2014\/04\/logo-rassegna1.gif","contentUrl":"https:\/\/www.rassegnastampa-totustuus.it\/cattolica\/wp-content\/uploads\/2014\/04\/logo-rassegna1.gif","width":600,"height":163,"caption":"Rassegna Stampa Cattolica"},"image":{"@id":"https:\/\/www.rassegnastampa-totustuus.it\/cattolica\/#\/schema\/logo\/image\/"},"sameAs":["https:\/\/www.facebook.com\/rassegnastampacattolica","https:\/\/x.com\/rassegnastampa9"]},{"@type":"Person","@id":"https:\/\/www.rassegnastampa-totustuus.it\/cattolica\/#\/schema\/person\/08f319d2bd1a0904ad9e2bfb7b15e5c3","name":"Redazione","image":{"@type":"ImageObject","inLanguage":"it-IT","@id":"https:\/\/secure.gravatar.com\/avatar\/2fcdf27c78ea025fbdb44e914cc63c72249ffec9dc8aafd5c82b26240ef3f346?s=96&d=mm&r=g","url":"https:\/\/secure.gravatar.com\/avatar\/2fcdf27c78ea025fbdb44e914cc63c72249ffec9dc8aafd5c82b26240ef3f346?s=96&d=mm&r=g","contentUrl":"https:\/\/secure.gravatar.com\/avatar\/2fcdf27c78ea025fbdb44e914cc63c72249ffec9dc8aafd5c82b26240ef3f346?s=96&d=mm&r=g","caption":"Redazione"},"url":"https:\/\/www.rassegnastampa-totustuus.it\/cattolica\/author\/pietroelle\/"}]}},"_links":{"self":[{"href":"https:\/\/www.rassegnastampa-totustuus.it\/cattolica\/wp-json\/wp\/v2\/posts\/442","targetHints":{"allow":["GET"]}}],"collection":[{"href":"https:\/\/www.rassegnastampa-totustuus.it\/cattolica\/wp-json\/wp\/v2\/posts"}],"about":[{"href":"https:\/\/www.rassegnastampa-totustuus.it\/cattolica\/wp-json\/wp\/v2\/types\/post"}],"author":[{"embeddable":true,"href":"https:\/\/www.rassegnastampa-totustuus.it\/cattolica\/wp-json\/wp\/v2\/users\/6"}],"replies":[{"embeddable":true,"href":"https:\/\/www.rassegnastampa-totustuus.it\/cattolica\/wp-json\/wp\/v2\/comments?post=442"}],"version-history":[{"count":5,"href":"https:\/\/www.rassegnastampa-totustuus.it\/cattolica\/wp-json\/wp\/v2\/posts\/442\/revisions"}],"predecessor-version":[{"id":31382,"href":"https:\/\/www.rassegnastampa-totustuus.it\/cattolica\/wp-json\/wp\/v2\/posts\/442\/revisions\/31382"}],"wp:featuredmedia":[{"embeddable":true,"href":"https:\/\/www.rassegnastampa-totustuus.it\/cattolica\/wp-json\/wp\/v2\/media\/31381"}],"wp:attachment":[{"href":"https:\/\/www.rassegnastampa-totustuus.it\/cattolica\/wp-json\/wp\/v2\/media?parent=442"}],"wp:term":[{"taxonomy":"category","embeddable":true,"href":"https:\/\/www.rassegnastampa-totustuus.it\/cattolica\/wp-json\/wp\/v2\/categories?post=442"},{"taxonomy":"post_tag","embeddable":true,"href":"https:\/\/www.rassegnastampa-totustuus.it\/cattolica\/wp-json\/wp\/v2\/tags?post=442"}],"curies":[{"name":"wp","href":"https:\/\/api.w.org\/{rel}","templated":true}]}}