{"id":44139,"date":"2019-08-29T00:00:15","date_gmt":"2019-08-28T22:00:15","guid":{"rendered":"http:\/\/www.rassegnastampa-totustuus.it\/cattolica\/?p=44139"},"modified":"2019-08-27T10:05:58","modified_gmt":"2019-08-27T08:05:58","slug":"cosi-si-passo-da-comunita-di-popoli-a-insieme-di-sudditi","status":"publish","type":"post","link":"https:\/\/www.rassegnastampa-totustuus.it\/cattolica\/cosi-si-passo-da-comunita-di-popoli-a-insieme-di-sudditi\/","title":{"rendered":"Cos\u00ec si pass\u00f2 da comunit\u00e0 di popoli a insieme di sudditi"},"content":{"rendered":"<p style=\"text-align: center;\"><strong>Littarae Communionis<\/strong> Anno VI \u2013 Maggio 1979<\/p>\n<p style=\"text-align: center;\"><strong>Una lezione storica dall&#8217;et\u00e0 moderna<\/strong><\/p>\n<p><a href=\"https:\/\/www.rassegnastampa-totustuus.it\/cattolica\/wp-content\/uploads\/2005\/06\/Leviathan.jpg\"><img loading=\"lazy\" decoding=\"async\" class=\"size-full wp-image-33583 aligncenter\" src=\"https:\/\/www.rassegnastampa-totustuus.it\/cattolica\/wp-content\/uploads\/2005\/06\/Leviathan.jpg\" alt=\"\" width=\"206\" height=\"245\" \/><\/a><\/p>\n<p style=\"text-align: justify;\"><em>L&#8217;et\u00e0 moderna, con la dissoluzione dell&#8217;unit\u00e0 religiosa e culturale dell&#8217;Europa cristiana, vede ogni popolo, ogni Stato rivendicare un destino diverso e contrapposto a quello degli altri. Per parlare oggi con verit\u00e0 di unit\u00e0 europea, occorre tenerne conto<\/em><\/p>\n<p style=\"text-align: center;\"><strong>Massimo Roncoroni \u00a0<\/strong><\/p>\n<p><!--more--><\/p>\n<p style=\"text-align: justify;\">Se la pubblicistica riguardante il problema dell&#8217;unit\u00e0 europea fosse pi\u00f9 profonda ed attenta agli aspetti storici e culturali, si accorgerebbe che, a giudizio quasi unanime degli storici delle pi\u00f9 diverse tendenze e provenienze, l&#8217;unica esperienza di unit\u00e0 europea non diplomatica e di vertice ma di popoli e di base che si sia concretamente e storicamente attuata, si \u00e8 realizzata nel Medio Evo.<\/p>\n<p style=\"text-align: justify;\"><a href=\"https:\/\/www.rassegnastampa-totustuus.it\/cattolica\/wp-content\/uploads\/2019\/08\/Europa_medioevo_mappa.jpg\"><img loading=\"lazy\" decoding=\"async\" class=\"alignleft wp-image-44141\" src=\"https:\/\/www.rassegnastampa-totustuus.it\/cattolica\/wp-content\/uploads\/2019\/08\/Europa_medioevo_mappa-300x218.jpg\" alt=\"\" width=\"250\" height=\"182\" srcset=\"https:\/\/www.rassegnastampa-totustuus.it\/cattolica\/wp-content\/uploads\/2019\/08\/Europa_medioevo_mappa-300x218.jpg 300w, https:\/\/www.rassegnastampa-totustuus.it\/cattolica\/wp-content\/uploads\/2019\/08\/Europa_medioevo_mappa-768x558.jpg 768w, https:\/\/www.rassegnastampa-totustuus.it\/cattolica\/wp-content\/uploads\/2019\/08\/Europa_medioevo_mappa-1024x744.jpg 1024w, https:\/\/www.rassegnastampa-totustuus.it\/cattolica\/wp-content\/uploads\/2019\/08\/Europa_medioevo_mappa.jpg 1629w\" sizes=\"auto, (max-width: 250px) 100vw, 250px\" \/><\/a>E questo non sul piano di nostalgie anacronistiche e di fantasticherie romantiche, ma su quello di una ricerca storica rigorosa ed oggettiva. L&#8217;epoca medioevale infatti, al di l\u00e0 del mito e con tutti i suoi limiti, si contraddistingue per aver visto dall&#8217;inizio alla fine il costituirsi di una civilt\u00e0 europea di popoli in cui l&#8217;elemento germanico e romano trov\u00f2 la propria identit\u00e0 e la propria unit\u00e0 culturale e politica nel comune fondamento ecclesiale cristiano-cattolico.<\/p>\n<p style=\"text-align: justify;\">Unit\u00e0 non monotonamente uniforme ma sinfonicamente ricca di tutte le differenze e di tutti i contrasti e tale da valorizzare ogni esperienza particolare all&#8217;interno dell&#8217;orizzonte universale fondato sui solidi piloni della Chiesa e dell&#8217;Impero.<\/p>\n<p style=\"text-align: justify;\">Ora, se tale fu il carattere dell&#8217;epoca medioevale, esattamente l&#8217;opposto fu quello dell&#8217;epoca moderna. L&#8217;et\u00e0 moderna \u00e8 infatti l&#8217;et\u00e0 della dissoluzione e della dissociazione dell&#8217;unit\u00e0 culturale religiosa e politica dell&#8217;Europa cristiana, nella quale ogni popolo, ogni stato, ogni nazione sembra voler rivendicare un destino diverso, indipendente e contrapposto a quello degli altri. Non per nulla l&#8217;et\u00e0 moderna \u00e8 l&#8217;et\u00e0 delle guerre di religione fra i popoli, gli stati e le nazioni europee.<\/p>\n<p style=\"text-align: justify;\"><a href=\"https:\/\/www.rassegnastampa-totustuus.it\/cattolica\/wp-content\/uploads\/2014\/07\/banchieri-ME.jpg\"><img loading=\"lazy\" decoding=\"async\" class=\"alignright wp-image-9093\" src=\"https:\/\/www.rassegnastampa-totustuus.it\/cattolica\/wp-content\/uploads\/2014\/07\/banchieri-ME.jpg\" alt=\"\" width=\"250\" height=\"191\" \/><\/a>Ora, le ragioni di tale lacerazione del tessuto unitario europeo sono tante quante le caratteristiche strutturali della storia dell&#8217;Europa moderna e precisamente:<\/p>\n<p style=\"text-align: justify;\"><strong>a.<\/strong> sul piano geografico, la scoperta di nuove terre e di nuovi spazi,<\/p>\n<p style=\"text-align: justify;\"><strong>b.<\/strong> sul piano economico, la rivoluzione dei prezzi e l&#8217;avvio di una economia in cui non il lavoro e la terra erano fonti della ricchezza ma il possesso del denaro, in sintesi la nascita del sistema economico capitalistico.<\/p>\n<p style=\"text-align: justify;\"><strong>c.<\/strong> sul piano sociale, l&#8217;aumento di distanza e di differenza tra le classi e l&#8217;ascesa della \u00abgente dedita ai subiti guadagni\u00bb (Dante), in sintesi la borghesia commerciale.<\/p>\n<p style=\"text-align: justify;\"><strong>d.<\/strong> sul piano giuridico, l&#8217;assorbimento della pluralit\u00e0 di fonti e di ordinamenti giuridici tipici del M\u00addio Evo, nell&#8217;unico diritto positivo, ossia nella legge intesa come espressione di \u00abci\u00f2 che pare e piace al principe\u00bb e garantita esclusivamente dalla forza dello Stato.<\/p>\n<p style=\"text-align: justify;\"><strong>e.<\/strong> sul piano culturale, l&#8217;affermarsi di una concezione laicista, secolarista, pragmatista, utilitarista, scientista della vita poggiata sul primato teorico ed operativo delle scienze fisico-matematiche sulla filosofia e sulla religione.<\/p>\n<p style=\"text-align: justify;\"><strong><a href=\"https:\/\/www.rassegnastampa-totustuus.it\/cattolica\/wp-content\/uploads\/2006\/01\/Lutero.jpg\"><img loading=\"lazy\" decoding=\"async\" class=\"size-full wp-image-27172 alignleft\" src=\"https:\/\/www.rassegnastampa-totustuus.it\/cattolica\/wp-content\/uploads\/2006\/01\/Lutero.jpg\" alt=\"\" width=\"240\" height=\"168\" \/><\/a>f.<\/strong> sul piano religioso, l&#8217;affermarsi nell&#8217;Europa del centro-nord della rivoluzione protestante.<\/p>\n<p style=\"text-align: justify;\"><strong>g.<\/strong> sul piano politico, l&#8217;emergere dello Stato assoluto particolare monarchico e nazionale a spese dell&#8217;universalismo politico medioevale-imperiale.<\/p>\n<p style=\"text-align: justify;\">Questi fattori concorrono alla dissoluzione del modo di vivere e di pensare unitario dei popoli europei. Tuttavia due tra questi vanno focalizzati in modo determinato in ordine al problema Europa: da una parte il fenomeno del protestantesimo che segna la fine dell&#8217;unit\u00e0 religiosa e culturale derivante dal comune riconoscersi dei popoli europei come appartenenti alla comunit\u00e0 ecclesiale cattolica, dall&#8217;altra la nascita delle monarchie nazionali assolute che segna la fine dell&#8217;unit\u00e0 politica derivante dal comune riconoscersi dei popoli europei come appartenenti alla comunit\u00e0 politica dell&#8217;Impero Sacro e Romano.<\/p>\n<p style=\"text-align: justify;\">Per quanto concerne la riforma protestante, essa manifest\u00f2 la sua funzione lacerante nei seguenti momenti:<\/p>\n<p style=\"text-align: justify;\"><strong><a href=\"https:\/\/www.rassegnastampa-totustuus.it\/cattolica\/wp-content\/uploads\/2011\/03\/concilio_Trento.jpg\"><img loading=\"lazy\" decoding=\"async\" class=\"alignright wp-image-22238\" src=\"https:\/\/www.rassegnastampa-totustuus.it\/cattolica\/wp-content\/uploads\/2011\/03\/concilio_Trento.jpg\" alt=\"\" width=\"250\" height=\"145\" \/><\/a>1.<\/strong> Nel suo essere un movimento che, sebbene iniziato con un programma di riforma della chiesa e della cristianit\u00e0, di ritorno alla forma vera di esse, si \u00e8 di fatto concluso con un totale sovvertimento e della chiesa e della cristianit\u00e0, la quale venne letteralmente scissa dalla chiesa intesa come luogo della presenza storica di Cristo nel mondo per l&#8217;uomo.<\/p>\n<p style=\"text-align: justify;\">In sintesi la funzione lacerante del protestantesimo sta anzitutto nel suo esser stata una rivoluzione e non una riforma della chiesa, quale sar\u00e0 invece la riforma cattolica culminante nel Concilio di Trento.<\/p>\n<p style=\"text-align: justify;\"><strong>2.<\/strong> Nel suo produrre, conseguentemente alla sua essenza rivoluzionaria, la negazione del valore universale e necessario, della autorit\u00e0 della chiesa docente. Negazione che gener\u00f2 la divisione e la contrapposizione tra una chiesa spirituale e mistica dei veri fedeli, dei veri salvati, dei veri cristiani (la chiesa nazionale tedesca) e una chiesa visibile e gerarchica, specchio deformante della prima, impastoiata a livello economico e mondanizzata a livello politico (la chiesa cattolica romana).<\/p>\n<p style=\"text-align: justify;\"><a href=\"https:\/\/www.rassegnastampa-totustuus.it\/cattolica\/wp-content\/uploads\/2004\/11\/contro_chiesa.jpg\"><img loading=\"lazy\" decoding=\"async\" class=\"size-full wp-image-31804 alignleft\" src=\"https:\/\/www.rassegnastampa-totustuus.it\/cattolica\/wp-content\/uploads\/2004\/11\/contro_chiesa.jpg\" alt=\"\" width=\"253\" height=\"199\" \/><\/a>Divisione e contrapposizione che provoc\u00f2 l&#8217;eclisse della figura del papa come punto di riferimento oggettivo, in quanto vicario di Cristo, della unit\u00e0 religiosa dei popoli dell&#8217;Europa cristiana. In tal senso la chiesa venne ridotta da realt\u00e0 totale in quanto salvata da Cristo a comunit\u00e0 particolare e privilegiata di salvati, ossia venne ridotta da cattolica a settaria.<\/p>\n<p style=\"text-align: justify;\"><strong>3.<\/strong> Nel suo configurarsi infine come una sorta di misticismo eterodosso sfociante in una religiosit\u00e0 individualistica, fideistica, privatistica e sentimentale che risolve il senso dell&#8217;esperienza religiosa nell&#8217;intimo ed imperscrutabile contatto diretto del singolo con Dio, eliminando qualsiasi mediazione storica ecclesiale e dissolvendo ogni aspetto sociale e popolare della fede.<\/p>\n<p style=\"text-align: justify;\">Il protestantesimo non segna quindi solo la fine dell&#8217;unit\u00e0 religiosa europea, ma segna pure la fine, almeno nell&#8217;Europa del centro nord, di una incidenza positiva sul piano della concreta civilt\u00e0 storica.<\/p>\n<div id=\"attachment_44143\" style=\"width: 250px\" class=\"wp-caption alignright\"><a href=\"https:\/\/www.rassegnastampa-totustuus.it\/cattolica\/wp-content\/uploads\/2019\/08\/pace_Augusta.jpg\"><img loading=\"lazy\" decoding=\"async\" aria-describedby=\"caption-attachment-44143\" class=\"wp-image-44143\" src=\"https:\/\/www.rassegnastampa-totustuus.it\/cattolica\/wp-content\/uploads\/2019\/08\/pace_Augusta.jpg\" alt=\"\" width=\"250\" height=\"149\" \/><\/a><p id=\"caption-attachment-44143\" class=\"wp-caption-text\">pace di Augusta (1555)<\/p><\/div>\n<p style=\"text-align: justify;\">Non a caso il luteranesimo liberando la fede dalla storia, la liber\u00f2 s\u00ec dal potere tenebroso ed onnivoro della curia romana, ma fin\u00ec per consegnarla al potere assoluto dei principi tedeschi, presi come garanti dell&#8217;esistenza delle singole confessioni nazionali, fornendo cos\u00ec la pretestuosa giustificazione teologica al consolidarsi dello stato assoluto moderno. Fatto che si tradusse nel principio giuridico, sancito dalla pace di Augsburg, (1555) del \u00abcuius regio eius et religio\u00bb per il quale i sudditi furono costretti a praticare la religione del principe o ad abbandonarne le terre.<\/p>\n<p style=\"text-align: justify;\">Entrava cos\u00ec in vigore un nuovo principio giuridico, base del nuovo diritto pubblico europeo che consacrava il primato della politica sulla religione; principio giuridico che, dal punto di vista storico, diede vita alla sanguinosa guerra dei Trent&#8217;anni che segn\u00f2, con il trattato di Westfalia, il riconoscimento di (1648) una cristianit\u00e0 divisa e di un impero indebolito, in sintesi di un&#8217;Europa dissolta. \u00a0Primato dunque della politica sulla religione, dello stato sulla chiesa, uno degli esiti storici questo del protestantesimo che introduce l&#8217;altro polo dissolutivo, questa volta politico dell&#8217;unit\u00e0 dei popoli d&#8217;Europa, costituito dall&#8217;emergere e dal consolidarsi delle varie monarchie nazionali strutturate secondo il modello dello stato assoluto.<\/p>\n<p style=\"text-align: justify;\"><a href=\"https:\/\/www.rassegnastampa-totustuus.it\/cattolica\/wp-content\/uploads\/2005\/07\/obberienza_sovrano.jpg\"><img loading=\"lazy\" decoding=\"async\" class=\"size-full wp-image-35034 alignleft\" src=\"https:\/\/www.rassegnastampa-totustuus.it\/cattolica\/wp-content\/uploads\/2005\/07\/obberienza_sovrano.jpg\" alt=\"\" width=\"202\" height=\"249\" \/><\/a>Fenomeno questo che, sebbene abbia avuto il suo culmine nella Spagna e nella Francia del 5-600, ha riguardato tutti gli stati d&#8217;Europa e sulla cui vicenda ha avuto importanza decisiva la tragica sequela di guerre religiose successive alla rivoluzione luterana.<\/p>\n<p style=\"text-align: justify;\">In tale frangente infatti, una monarchia di tipo assoluto sembr\u00f2 il rimedio inevitabile al caos per garantire, almeno formalmente, la pace e l&#8217;ordine di tutti i paesi europei, costasse pure la riduzione dei cittadini a sudditi, degli uomini a cose. Ora il sistema dello stato assoluto \u00e8 imperniato su due cardini che sono:<\/p>\n<p style=\"text-align: justify;\"><strong>1.<\/strong> il concetto di sovranit\u00e0 del principe avente come caratteristica di essere una forma di potere assoluta, non soggetta ad alcuna autorit\u00e0 superiore, indivisibile, non partecipabile ad altri, inalienabile, della quale il sovrano non pu\u00f2 venir in nessun modo privato n\u00e9 dal papa n\u00e9 dai sudditi. Fatto che lo pone come l&#8217;unico che sia svincolato, sciolto dalle leggi che egli stesso emana se\u00adcondo il suo beneplacito.<\/p>\n<p style=\"text-align: justify;\"><strong>2.<\/strong> Il concetto di sudditanza inteso come pura obbedienza passiva da parte del popolo al volere del principe senza diritto n\u00e9 di ribellione, n\u00e9 di obiezione n\u00e9 di critica, poich\u00e9 non ci\u00f2 che \u00e8 giusto o ingiusto obiettivamente ha valore e vigore di legge, ma ci\u00f2 che pare e piace al principe.<\/p>\n<p style=\"text-align: justify;\"><a href=\"https:\/\/www.rassegnastampa-totustuus.it\/cattolica\/wp-content\/uploads\/2005\/09\/industria_medioevo.jpg\"><img loading=\"lazy\" decoding=\"async\" class=\"size-full wp-image-27176 alignright\" src=\"https:\/\/www.rassegnastampa-totustuus.it\/cattolica\/wp-content\/uploads\/2005\/09\/industria_medioevo.jpg\" alt=\"\" width=\"176\" height=\"200\" \/><\/a>Dal punto di vista storico \u00e8 agevole notare come tale stato nasca dalla dissoluzione della societ\u00e0 medioevale che era una societ\u00e0 nella quale l&#8217;universalismo politico e religioso di fondo si conciliava con il pi\u00f9 ricco pluralismo economico, sociale e giuridico. Pluralismo che lo stato assoluto elimina introducendosi nelle autonomie medioevali e svuotandole dall&#8217;interno, controllando prima e nominando poi i capi delle corporazioni delle arti e dei mestieri, approvando prima ed imponendo poi i capi dei comuni, affiancando prima e sostituendo poi i propri funzionari ai funzionari signorili.<\/p>\n<p style=\"text-align: justify;\">Nei paesi non pi\u00f9 cattolici tale opera di eliminazione delle autonomie e di assorbimento nello stato ha inoltre come variante la lotta per la eliminazione della chiesa cattolica e per il suo assorbimento nelle chiese nazionali statalizzate.<\/p>\n<p style=\"text-align: justify;\">E&#8217; importante sottolineare come, in tale processo, venga soppiantato dal nuovo concetto di sovranit\u00e0 il concetto medioevale di partecipazione organica dei corpi dello stato all&#8217;esercizio del potere inteso come servizio della societ\u00e0 politica alla societ\u00e0 civile; potere che solo da tale partecipazione e da tale finalizzazione trae la propria legittimit\u00e0.<\/p>\n<p style=\"text-align: justify;\"><a href=\"https:\/\/www.rassegnastampa-totustuus.it\/cattolica\/wp-content\/uploads\/2018\/10\/Luigi-XIV.jpg\"><img loading=\"lazy\" decoding=\"async\" class=\"size-full wp-image-41287 alignleft\" src=\"https:\/\/www.rassegnastampa-totustuus.it\/cattolica\/wp-content\/uploads\/2018\/10\/Luigi-XIV.jpg\" alt=\"\" width=\"201\" height=\"250\" \/><\/a>Nello stato assoluto invece tutte le funzioni e tutti gli organi di governo sono visti come emanazione dell&#8217;autorit\u00e0 sovrana per la quale si realizza il bene supremo: quello dello stato. Autorit\u00e0 sovrana che si irradia dal centro alla periferia secondo una struttura rigidamente gerarchica e verticistica, esattamente il contrario di quella della societ\u00e0 medioevale.<\/p>\n<p style=\"text-align: justify;\">E&#8217; evidente che in tale situazione storica di prevalenza assoluta dello stato sulla societ\u00e0 civile, il rapporto principe-popolo si configura come rapporto di fine a mezzo (nel migliore dei casi, ossia nell&#8217;assolutismo illuminato del Settecento, come rapporto di maggiorenne a minorenne) ove il popolo non \u00e8 pi\u00f9 costituito dall&#8217;insieme dei cittadini o delle genti, ma \u00e8 ridotto ad una massa caotica di sudditi.<\/p>\n<p style=\"text-align: justify;\"><a href=\"https:\/\/www.rassegnastampa-totustuus.it\/cattolica\/wp-content\/uploads\/2005\/05\/Europa_allegoria.jpg\"><img loading=\"lazy\" decoding=\"async\" class=\"size-full wp-image-32102 alignright\" src=\"https:\/\/www.rassegnastampa-totustuus.it\/cattolica\/wp-content\/uploads\/2005\/05\/Europa_allegoria.jpg\" alt=\"\" width=\"260\" height=\"194\" \/><\/a>In tal senso l&#8217;Europa, persa l&#8217;unit\u00e0 religiosa, sul piano politico, lungi dall&#8217;essere un insieme di popoli diversi eppure uniti, si presenta come un insieme di sudditi identici eppur divisi e contrapposti, strumenti della politica di potenza dei loro rispettivi sovrani per i quali l&#8217;Europa altro non \u00e8 se non una questione tattico-strategica di equilibri economici, politici e militari.<\/p>\n<p style=\"text-align: justify;\">Se oggi ha senso parlare con verit\u00e0 di unit\u00e0 europea occorrer\u00e0 tenere nel dovuto conto tale lezione storica.<\/p>\n","protected":false},"excerpt":{"rendered":"<p>Littarae Communionis Anno VI \u2013 Maggio 1979 Una lezione storica dall&#8217;et\u00e0 moderna L&#8217;et\u00e0 moderna, con la dissoluzione dell&#8217;unit\u00e0 religiosa e culturale dell&#8217;Europa cristiana, vede ogni popolo, ogni Stato rivendicare un destino diverso e contrapposto a quello degli altri. Per parlare oggi con verit\u00e0 di unit\u00e0 europea, occorre tenerne conto Massimo Roncoroni \u00a0<\/p><p><a class=\"more-link btn\" href=\"https:\/\/www.rassegnastampa-totustuus.it\/cattolica\/cosi-si-passo-da-comunita-di-popoli-a-insieme-di-sudditi\/\">Continua a leggere<\/a><\/p>\n","protected":false},"author":6,"featured_media":44141,"comment_status":"closed","ping_status":"closed","sticky":false,"template":"","format":"standard","meta":{"footnotes":""},"categories":[14,95,24],"tags":[439,2405,162],"class_list":["post-44139","post","type-post","status-publish","format-standard","has-post-thumbnail","hentry","category-europa-e-ue","category-riforma","category-storia","tag-europa-ue","tag-riforma","tag-storia-2","item-wrap"],"yoast_head":"<!-- This site is optimized with the Yoast SEO plugin v27.5 - https:\/\/yoast.com\/product\/yoast-seo-wordpress\/ -->\n<title>Cos\u00ec si pass\u00f2 da comunit\u00e0 di popoli a insieme di sudditi - Rassegna Stampa Cattolica<\/title>\n<meta name=\"description\" content=\"Rassegna Stampa Cattolica - Per una cultura che nasce dalla Rivelazione cristiana in conformit\u00e0 alla tradizione e al Magistero della Chiesa in opposizione ad ogni relativismo e totalitarismo\" \/>\n<meta name=\"robots\" content=\"index, follow, max-snippet:-1, max-image-preview:large, max-video-preview:-1\" \/>\n<link rel=\"canonical\" href=\"https:\/\/www.rassegnastampa-totustuus.it\/cattolica\/cosi-si-passo-da-comunita-di-popoli-a-insieme-di-sudditi\/\" \/>\n<meta property=\"og:locale\" content=\"it_IT\" \/>\n<meta property=\"og:type\" content=\"article\" \/>\n<meta property=\"og:title\" content=\"Cos\u00ec si pass\u00f2 da comunit\u00e0 di popoli a insieme di sudditi - Rassegna Stampa Cattolica\" \/>\n<meta property=\"og:description\" content=\"Rassegna Stampa Cattolica - Per una cultura che nasce dalla Rivelazione cristiana in conformit\u00e0 alla tradizione e al Magistero della Chiesa in opposizione ad ogni relativismo e totalitarismo\" \/>\n<meta property=\"og:url\" content=\"https:\/\/www.rassegnastampa-totustuus.it\/cattolica\/cosi-si-passo-da-comunita-di-popoli-a-insieme-di-sudditi\/\" \/>\n<meta property=\"og:site_name\" content=\"Rassegna Stampa Cattolica\" \/>\n<meta property=\"article:publisher\" content=\"https:\/\/www.facebook.com\/rassegnastampacattolica\" \/>\n<meta property=\"article:published_time\" content=\"2019-08-28T22:00:15+00:00\" \/>\n<meta property=\"og:image\" content=\"https:\/\/www.rassegnastampa-totustuus.it\/cattolica\/wp-content\/uploads\/2019\/08\/Europa_medioevo_mappa.jpg\" \/>\n\t<meta property=\"og:image:width\" content=\"1629\" \/>\n\t<meta property=\"og:image:height\" content=\"1183\" \/>\n\t<meta property=\"og:image:type\" content=\"image\/jpeg\" \/>\n<meta name=\"author\" content=\"Redazione\" \/>\n<meta name=\"twitter:card\" content=\"summary_large_image\" \/>\n<meta name=\"twitter:creator\" content=\"@rassegnastampa9\" \/>\n<meta name=\"twitter:site\" content=\"@rassegnastampa9\" \/>\n<meta name=\"twitter:label1\" content=\"Scritto da\" \/>\n\t<meta name=\"twitter:data1\" content=\"Redazione\" \/>\n\t<meta name=\"twitter:label2\" content=\"Tempo di lettura stimato\" \/>\n\t<meta name=\"twitter:data2\" content=\"8 minuti\" \/>\n<script type=\"application\/ld+json\" class=\"yoast-schema-graph\">{\"@context\":\"https:\\\/\\\/schema.org\",\"@graph\":[{\"@type\":\"Article\",\"@id\":\"https:\\\/\\\/www.rassegnastampa-totustuus.it\\\/cattolica\\\/cosi-si-passo-da-comunita-di-popoli-a-insieme-di-sudditi\\\/#article\",\"isPartOf\":{\"@id\":\"https:\\\/\\\/www.rassegnastampa-totustuus.it\\\/cattolica\\\/cosi-si-passo-da-comunita-di-popoli-a-insieme-di-sudditi\\\/\"},\"author\":{\"name\":\"Redazione\",\"@id\":\"https:\\\/\\\/www.rassegnastampa-totustuus.it\\\/cattolica\\\/#\\\/schema\\\/person\\\/08f319d2bd1a0904ad9e2bfb7b15e5c3\"},\"headline\":\"Cos\u00ec si pass\u00f2 da comunit\u00e0 di popoli a insieme di sudditi\",\"datePublished\":\"2019-08-28T22:00:15+00:00\",\"mainEntityOfPage\":{\"@id\":\"https:\\\/\\\/www.rassegnastampa-totustuus.it\\\/cattolica\\\/cosi-si-passo-da-comunita-di-popoli-a-insieme-di-sudditi\\\/\"},\"wordCount\":1731,\"publisher\":{\"@id\":\"https:\\\/\\\/www.rassegnastampa-totustuus.it\\\/cattolica\\\/#organization\"},\"image\":{\"@id\":\"https:\\\/\\\/www.rassegnastampa-totustuus.it\\\/cattolica\\\/cosi-si-passo-da-comunita-di-popoli-a-insieme-di-sudditi\\\/#primaryimage\"},\"thumbnailUrl\":\"https:\\\/\\\/www.rassegnastampa-totustuus.it\\\/cattolica\\\/wp-content\\\/uploads\\\/2019\\\/08\\\/Europa_medioevo_mappa.jpg\",\"keywords\":[\"Europa UE\",\"Riforma\",\"storia\"],\"articleSection\":[\"Europa e UE\",\"Riforma\",\"Storia\"],\"inLanguage\":\"it-IT\"},{\"@type\":\"WebPage\",\"@id\":\"https:\\\/\\\/www.rassegnastampa-totustuus.it\\\/cattolica\\\/cosi-si-passo-da-comunita-di-popoli-a-insieme-di-sudditi\\\/\",\"url\":\"https:\\\/\\\/www.rassegnastampa-totustuus.it\\\/cattolica\\\/cosi-si-passo-da-comunita-di-popoli-a-insieme-di-sudditi\\\/\",\"name\":\"Cos\u00ec si pass\u00f2 da comunit\u00e0 di popoli a insieme di sudditi - Rassegna Stampa Cattolica\",\"isPartOf\":{\"@id\":\"https:\\\/\\\/www.rassegnastampa-totustuus.it\\\/cattolica\\\/#website\"},\"primaryImageOfPage\":{\"@id\":\"https:\\\/\\\/www.rassegnastampa-totustuus.it\\\/cattolica\\\/cosi-si-passo-da-comunita-di-popoli-a-insieme-di-sudditi\\\/#primaryimage\"},\"image\":{\"@id\":\"https:\\\/\\\/www.rassegnastampa-totustuus.it\\\/cattolica\\\/cosi-si-passo-da-comunita-di-popoli-a-insieme-di-sudditi\\\/#primaryimage\"},\"thumbnailUrl\":\"https:\\\/\\\/www.rassegnastampa-totustuus.it\\\/cattolica\\\/wp-content\\\/uploads\\\/2019\\\/08\\\/Europa_medioevo_mappa.jpg\",\"datePublished\":\"2019-08-28T22:00:15+00:00\",\"description\":\"Rassegna Stampa Cattolica - Per una cultura che nasce dalla Rivelazione cristiana in conformit\u00e0 alla tradizione e al Magistero della Chiesa in opposizione ad ogni relativismo e totalitarismo\",\"breadcrumb\":{\"@id\":\"https:\\\/\\\/www.rassegnastampa-totustuus.it\\\/cattolica\\\/cosi-si-passo-da-comunita-di-popoli-a-insieme-di-sudditi\\\/#breadcrumb\"},\"inLanguage\":\"it-IT\",\"potentialAction\":[{\"@type\":\"ReadAction\",\"target\":[\"https:\\\/\\\/www.rassegnastampa-totustuus.it\\\/cattolica\\\/cosi-si-passo-da-comunita-di-popoli-a-insieme-di-sudditi\\\/\"]}]},{\"@type\":\"ImageObject\",\"inLanguage\":\"it-IT\",\"@id\":\"https:\\\/\\\/www.rassegnastampa-totustuus.it\\\/cattolica\\\/cosi-si-passo-da-comunita-di-popoli-a-insieme-di-sudditi\\\/#primaryimage\",\"url\":\"https:\\\/\\\/www.rassegnastampa-totustuus.it\\\/cattolica\\\/wp-content\\\/uploads\\\/2019\\\/08\\\/Europa_medioevo_mappa.jpg\",\"contentUrl\":\"https:\\\/\\\/www.rassegnastampa-totustuus.it\\\/cattolica\\\/wp-content\\\/uploads\\\/2019\\\/08\\\/Europa_medioevo_mappa.jpg\",\"width\":1629,\"height\":1183},{\"@type\":\"BreadcrumbList\",\"@id\":\"https:\\\/\\\/www.rassegnastampa-totustuus.it\\\/cattolica\\\/cosi-si-passo-da-comunita-di-popoli-a-insieme-di-sudditi\\\/#breadcrumb\",\"itemListElement\":[{\"@type\":\"ListItem\",\"position\":1,\"name\":\"Home\",\"item\":\"https:\\\/\\\/www.rassegnastampa-totustuus.it\\\/cattolica\\\/\"},{\"@type\":\"ListItem\",\"position\":2,\"name\":\"Cos\u00ec si pass\u00f2 da comunit\u00e0 di popoli a insieme di sudditi\"}]},{\"@type\":\"WebSite\",\"@id\":\"https:\\\/\\\/www.rassegnastampa-totustuus.it\\\/cattolica\\\/#website\",\"url\":\"https:\\\/\\\/www.rassegnastampa-totustuus.it\\\/cattolica\\\/\",\"name\":\"Rassegna Stampa Cattolica\",\"description\":\"Per una cultura che nasce dalla Rivelazione cristiana in conformit\u00e0 alla tradizione e al Magistero della Chiesa in opposizione ad ogni relativismo e totalitarismo\",\"publisher\":{\"@id\":\"https:\\\/\\\/www.rassegnastampa-totustuus.it\\\/cattolica\\\/#organization\"},\"alternateName\":\"Rass. Cattolica\",\"potentialAction\":[{\"@type\":\"SearchAction\",\"target\":{\"@type\":\"EntryPoint\",\"urlTemplate\":\"https:\\\/\\\/www.rassegnastampa-totustuus.it\\\/cattolica\\\/?s={search_term_string}\"},\"query-input\":{\"@type\":\"PropertyValueSpecification\",\"valueRequired\":true,\"valueName\":\"search_term_string\"}}],\"inLanguage\":\"it-IT\"},{\"@type\":\"Organization\",\"@id\":\"https:\\\/\\\/www.rassegnastampa-totustuus.it\\\/cattolica\\\/#organization\",\"name\":\"Rassegna Stampa Cattolica\",\"url\":\"https:\\\/\\\/www.rassegnastampa-totustuus.it\\\/cattolica\\\/\",\"logo\":{\"@type\":\"ImageObject\",\"inLanguage\":\"it-IT\",\"@id\":\"https:\\\/\\\/www.rassegnastampa-totustuus.it\\\/cattolica\\\/#\\\/schema\\\/logo\\\/image\\\/\",\"url\":\"https:\\\/\\\/www.rassegnastampa-totustuus.it\\\/cattolica\\\/wp-content\\\/uploads\\\/2014\\\/04\\\/logo-rassegna1.gif\",\"contentUrl\":\"https:\\\/\\\/www.rassegnastampa-totustuus.it\\\/cattolica\\\/wp-content\\\/uploads\\\/2014\\\/04\\\/logo-rassegna1.gif\",\"width\":600,\"height\":163,\"caption\":\"Rassegna Stampa Cattolica\"},\"image\":{\"@id\":\"https:\\\/\\\/www.rassegnastampa-totustuus.it\\\/cattolica\\\/#\\\/schema\\\/logo\\\/image\\\/\"},\"sameAs\":[\"https:\\\/\\\/www.facebook.com\\\/rassegnastampacattolica\",\"https:\\\/\\\/x.com\\\/rassegnastampa9\"]},{\"@type\":\"Person\",\"@id\":\"https:\\\/\\\/www.rassegnastampa-totustuus.it\\\/cattolica\\\/#\\\/schema\\\/person\\\/08f319d2bd1a0904ad9e2bfb7b15e5c3\",\"name\":\"Redazione\",\"image\":{\"@type\":\"ImageObject\",\"inLanguage\":\"it-IT\",\"@id\":\"https:\\\/\\\/secure.gravatar.com\\\/avatar\\\/2fcdf27c78ea025fbdb44e914cc63c72249ffec9dc8aafd5c82b26240ef3f346?s=96&d=mm&r=g\",\"url\":\"https:\\\/\\\/secure.gravatar.com\\\/avatar\\\/2fcdf27c78ea025fbdb44e914cc63c72249ffec9dc8aafd5c82b26240ef3f346?s=96&d=mm&r=g\",\"contentUrl\":\"https:\\\/\\\/secure.gravatar.com\\\/avatar\\\/2fcdf27c78ea025fbdb44e914cc63c72249ffec9dc8aafd5c82b26240ef3f346?s=96&d=mm&r=g\",\"caption\":\"Redazione\"},\"url\":\"https:\\\/\\\/www.rassegnastampa-totustuus.it\\\/cattolica\\\/author\\\/pietroelle\\\/\"}]}<\/script>\n<!-- \/ Yoast SEO plugin. -->","yoast_head_json":{"title":"Cos\u00ec si pass\u00f2 da comunit\u00e0 di popoli a insieme di sudditi - Rassegna Stampa Cattolica","description":"Rassegna Stampa Cattolica - Per una cultura che nasce dalla Rivelazione cristiana in conformit\u00e0 alla tradizione e al Magistero della Chiesa in opposizione ad ogni relativismo e totalitarismo","robots":{"index":"index","follow":"follow","max-snippet":"max-snippet:-1","max-image-preview":"max-image-preview:large","max-video-preview":"max-video-preview:-1"},"canonical":"https:\/\/www.rassegnastampa-totustuus.it\/cattolica\/cosi-si-passo-da-comunita-di-popoli-a-insieme-di-sudditi\/","og_locale":"it_IT","og_type":"article","og_title":"Cos\u00ec si pass\u00f2 da comunit\u00e0 di popoli a insieme di sudditi - Rassegna Stampa Cattolica","og_description":"Rassegna Stampa Cattolica - Per una cultura che nasce dalla Rivelazione cristiana in conformit\u00e0 alla tradizione e al Magistero della Chiesa in opposizione ad ogni relativismo e totalitarismo","og_url":"https:\/\/www.rassegnastampa-totustuus.it\/cattolica\/cosi-si-passo-da-comunita-di-popoli-a-insieme-di-sudditi\/","og_site_name":"Rassegna Stampa Cattolica","article_publisher":"https:\/\/www.facebook.com\/rassegnastampacattolica","article_published_time":"2019-08-28T22:00:15+00:00","og_image":[{"width":1629,"height":1183,"url":"https:\/\/www.rassegnastampa-totustuus.it\/cattolica\/wp-content\/uploads\/2019\/08\/Europa_medioevo_mappa.jpg","type":"image\/jpeg"}],"author":"Redazione","twitter_card":"summary_large_image","twitter_creator":"@rassegnastampa9","twitter_site":"@rassegnastampa9","twitter_misc":{"Scritto da":"Redazione","Tempo di lettura stimato":"8 minuti"},"schema":{"@context":"https:\/\/schema.org","@graph":[{"@type":"Article","@id":"https:\/\/www.rassegnastampa-totustuus.it\/cattolica\/cosi-si-passo-da-comunita-di-popoli-a-insieme-di-sudditi\/#article","isPartOf":{"@id":"https:\/\/www.rassegnastampa-totustuus.it\/cattolica\/cosi-si-passo-da-comunita-di-popoli-a-insieme-di-sudditi\/"},"author":{"name":"Redazione","@id":"https:\/\/www.rassegnastampa-totustuus.it\/cattolica\/#\/schema\/person\/08f319d2bd1a0904ad9e2bfb7b15e5c3"},"headline":"Cos\u00ec si pass\u00f2 da comunit\u00e0 di popoli a insieme di sudditi","datePublished":"2019-08-28T22:00:15+00:00","mainEntityOfPage":{"@id":"https:\/\/www.rassegnastampa-totustuus.it\/cattolica\/cosi-si-passo-da-comunita-di-popoli-a-insieme-di-sudditi\/"},"wordCount":1731,"publisher":{"@id":"https:\/\/www.rassegnastampa-totustuus.it\/cattolica\/#organization"},"image":{"@id":"https:\/\/www.rassegnastampa-totustuus.it\/cattolica\/cosi-si-passo-da-comunita-di-popoli-a-insieme-di-sudditi\/#primaryimage"},"thumbnailUrl":"https:\/\/www.rassegnastampa-totustuus.it\/cattolica\/wp-content\/uploads\/2019\/08\/Europa_medioevo_mappa.jpg","keywords":["Europa UE","Riforma","storia"],"articleSection":["Europa e UE","Riforma","Storia"],"inLanguage":"it-IT"},{"@type":"WebPage","@id":"https:\/\/www.rassegnastampa-totustuus.it\/cattolica\/cosi-si-passo-da-comunita-di-popoli-a-insieme-di-sudditi\/","url":"https:\/\/www.rassegnastampa-totustuus.it\/cattolica\/cosi-si-passo-da-comunita-di-popoli-a-insieme-di-sudditi\/","name":"Cos\u00ec si pass\u00f2 da comunit\u00e0 di popoli a insieme di sudditi - Rassegna Stampa Cattolica","isPartOf":{"@id":"https:\/\/www.rassegnastampa-totustuus.it\/cattolica\/#website"},"primaryImageOfPage":{"@id":"https:\/\/www.rassegnastampa-totustuus.it\/cattolica\/cosi-si-passo-da-comunita-di-popoli-a-insieme-di-sudditi\/#primaryimage"},"image":{"@id":"https:\/\/www.rassegnastampa-totustuus.it\/cattolica\/cosi-si-passo-da-comunita-di-popoli-a-insieme-di-sudditi\/#primaryimage"},"thumbnailUrl":"https:\/\/www.rassegnastampa-totustuus.it\/cattolica\/wp-content\/uploads\/2019\/08\/Europa_medioevo_mappa.jpg","datePublished":"2019-08-28T22:00:15+00:00","description":"Rassegna Stampa Cattolica - Per una cultura che nasce dalla Rivelazione cristiana in conformit\u00e0 alla tradizione e al Magistero della Chiesa in opposizione ad ogni relativismo e totalitarismo","breadcrumb":{"@id":"https:\/\/www.rassegnastampa-totustuus.it\/cattolica\/cosi-si-passo-da-comunita-di-popoli-a-insieme-di-sudditi\/#breadcrumb"},"inLanguage":"it-IT","potentialAction":[{"@type":"ReadAction","target":["https:\/\/www.rassegnastampa-totustuus.it\/cattolica\/cosi-si-passo-da-comunita-di-popoli-a-insieme-di-sudditi\/"]}]},{"@type":"ImageObject","inLanguage":"it-IT","@id":"https:\/\/www.rassegnastampa-totustuus.it\/cattolica\/cosi-si-passo-da-comunita-di-popoli-a-insieme-di-sudditi\/#primaryimage","url":"https:\/\/www.rassegnastampa-totustuus.it\/cattolica\/wp-content\/uploads\/2019\/08\/Europa_medioevo_mappa.jpg","contentUrl":"https:\/\/www.rassegnastampa-totustuus.it\/cattolica\/wp-content\/uploads\/2019\/08\/Europa_medioevo_mappa.jpg","width":1629,"height":1183},{"@type":"BreadcrumbList","@id":"https:\/\/www.rassegnastampa-totustuus.it\/cattolica\/cosi-si-passo-da-comunita-di-popoli-a-insieme-di-sudditi\/#breadcrumb","itemListElement":[{"@type":"ListItem","position":1,"name":"Home","item":"https:\/\/www.rassegnastampa-totustuus.it\/cattolica\/"},{"@type":"ListItem","position":2,"name":"Cos\u00ec si pass\u00f2 da comunit\u00e0 di popoli a insieme di sudditi"}]},{"@type":"WebSite","@id":"https:\/\/www.rassegnastampa-totustuus.it\/cattolica\/#website","url":"https:\/\/www.rassegnastampa-totustuus.it\/cattolica\/","name":"Rassegna Stampa Cattolica","description":"Per una cultura che nasce dalla Rivelazione cristiana in conformit\u00e0 alla tradizione e al Magistero della Chiesa in opposizione ad ogni relativismo e totalitarismo","publisher":{"@id":"https:\/\/www.rassegnastampa-totustuus.it\/cattolica\/#organization"},"alternateName":"Rass. Cattolica","potentialAction":[{"@type":"SearchAction","target":{"@type":"EntryPoint","urlTemplate":"https:\/\/www.rassegnastampa-totustuus.it\/cattolica\/?s={search_term_string}"},"query-input":{"@type":"PropertyValueSpecification","valueRequired":true,"valueName":"search_term_string"}}],"inLanguage":"it-IT"},{"@type":"Organization","@id":"https:\/\/www.rassegnastampa-totustuus.it\/cattolica\/#organization","name":"Rassegna Stampa Cattolica","url":"https:\/\/www.rassegnastampa-totustuus.it\/cattolica\/","logo":{"@type":"ImageObject","inLanguage":"it-IT","@id":"https:\/\/www.rassegnastampa-totustuus.it\/cattolica\/#\/schema\/logo\/image\/","url":"https:\/\/www.rassegnastampa-totustuus.it\/cattolica\/wp-content\/uploads\/2014\/04\/logo-rassegna1.gif","contentUrl":"https:\/\/www.rassegnastampa-totustuus.it\/cattolica\/wp-content\/uploads\/2014\/04\/logo-rassegna1.gif","width":600,"height":163,"caption":"Rassegna Stampa Cattolica"},"image":{"@id":"https:\/\/www.rassegnastampa-totustuus.it\/cattolica\/#\/schema\/logo\/image\/"},"sameAs":["https:\/\/www.facebook.com\/rassegnastampacattolica","https:\/\/x.com\/rassegnastampa9"]},{"@type":"Person","@id":"https:\/\/www.rassegnastampa-totustuus.it\/cattolica\/#\/schema\/person\/08f319d2bd1a0904ad9e2bfb7b15e5c3","name":"Redazione","image":{"@type":"ImageObject","inLanguage":"it-IT","@id":"https:\/\/secure.gravatar.com\/avatar\/2fcdf27c78ea025fbdb44e914cc63c72249ffec9dc8aafd5c82b26240ef3f346?s=96&d=mm&r=g","url":"https:\/\/secure.gravatar.com\/avatar\/2fcdf27c78ea025fbdb44e914cc63c72249ffec9dc8aafd5c82b26240ef3f346?s=96&d=mm&r=g","contentUrl":"https:\/\/secure.gravatar.com\/avatar\/2fcdf27c78ea025fbdb44e914cc63c72249ffec9dc8aafd5c82b26240ef3f346?s=96&d=mm&r=g","caption":"Redazione"},"url":"https:\/\/www.rassegnastampa-totustuus.it\/cattolica\/author\/pietroelle\/"}]}},"_links":{"self":[{"href":"https:\/\/www.rassegnastampa-totustuus.it\/cattolica\/wp-json\/wp\/v2\/posts\/44139","targetHints":{"allow":["GET"]}}],"collection":[{"href":"https:\/\/www.rassegnastampa-totustuus.it\/cattolica\/wp-json\/wp\/v2\/posts"}],"about":[{"href":"https:\/\/www.rassegnastampa-totustuus.it\/cattolica\/wp-json\/wp\/v2\/types\/post"}],"author":[{"embeddable":true,"href":"https:\/\/www.rassegnastampa-totustuus.it\/cattolica\/wp-json\/wp\/v2\/users\/6"}],"replies":[{"embeddable":true,"href":"https:\/\/www.rassegnastampa-totustuus.it\/cattolica\/wp-json\/wp\/v2\/comments?post=44139"}],"version-history":[{"count":2,"href":"https:\/\/www.rassegnastampa-totustuus.it\/cattolica\/wp-json\/wp\/v2\/posts\/44139\/revisions"}],"predecessor-version":[{"id":44144,"href":"https:\/\/www.rassegnastampa-totustuus.it\/cattolica\/wp-json\/wp\/v2\/posts\/44139\/revisions\/44144"}],"wp:featuredmedia":[{"embeddable":true,"href":"https:\/\/www.rassegnastampa-totustuus.it\/cattolica\/wp-json\/wp\/v2\/media\/44141"}],"wp:attachment":[{"href":"https:\/\/www.rassegnastampa-totustuus.it\/cattolica\/wp-json\/wp\/v2\/media?parent=44139"}],"wp:term":[{"taxonomy":"category","embeddable":true,"href":"https:\/\/www.rassegnastampa-totustuus.it\/cattolica\/wp-json\/wp\/v2\/categories?post=44139"},{"taxonomy":"post_tag","embeddable":true,"href":"https:\/\/www.rassegnastampa-totustuus.it\/cattolica\/wp-json\/wp\/v2\/tags?post=44139"}],"curies":[{"name":"wp","href":"https:\/\/api.w.org\/{rel}","templated":true}]}}