{"id":44089,"date":"2017-08-22T00:00:06","date_gmt":"2017-08-21T22:00:06","guid":{"rendered":"http:\/\/www.rassegnastampa-totustuus.it\/cattolica\/?p=44089"},"modified":"2019-08-22T15:32:11","modified_gmt":"2019-08-22T13:32:11","slug":"dimensioni-spirituali-di-comunione-e-liberazione","status":"publish","type":"post","link":"https:\/\/www.rassegnastampa-totustuus.it\/cattolica\/dimensioni-spirituali-di-comunione-e-liberazione\/","title":{"rendered":"Dimensioni spirituali di Comunione e Liberazione"},"content":{"rendered":"<p style=\"text-align: center;\"><strong><a href=\"https:\/\/www.rassegnastampa-totustuus.it\/cattolica\/wp-content\/uploads\/2019\/08\/cattolici_CL.jpeg\"><img loading=\"lazy\" decoding=\"async\" class=\"alignleft wp-image-44090\" src=\"https:\/\/www.rassegnastampa-totustuus.it\/cattolica\/wp-content\/uploads\/2019\/08\/cattolici_CL-300x205.jpeg\" alt=\"\" width=\"241\" height=\"165\" srcset=\"https:\/\/www.rassegnastampa-totustuus.it\/cattolica\/wp-content\/uploads\/2019\/08\/cattolici_CL-300x205.jpeg 300w, https:\/\/www.rassegnastampa-totustuus.it\/cattolica\/wp-content\/uploads\/2019\/08\/cattolici_CL-768x526.jpeg 768w, https:\/\/www.rassegnastampa-totustuus.it\/cattolica\/wp-content\/uploads\/2019\/08\/cattolici_CL.jpeg 869w\" sizes=\"auto, (max-width: 241px) 100vw, 241px\" \/><\/a>Litterae Communionis<\/strong> Anno V \u2013 Novembre 1978<\/p>\n<p style=\"text-align: center;\">di <strong>Fausto Perrenchio<\/strong><\/p>\n<p style=\"text-align: justify;\"><em>Riprendiamo dal n. 7 (1978) della rivista &#8220;Note di pastorale giovanile&#8221;, questo articolo di don Fausto Perrenchio, docente all&#8217;Universit\u00e0 Salesiana di Roma, che compendia l&#8217;essenza dottrinale e l&#8217;impostazione etica di Comunione e Liberazione. Lo riteniamo strumento assai utile sia per quanti partecipano alla vita del Movimento, sia per quanti possono essere interessati a seriamente conoscerla: \u00e8 un esempio di come un&#8217;osservazione simpatetica con la nostra esperienza sappia farne emergere tutti i valori.<\/em><\/p>\n<p><!--more--><\/p>\n<p style=\"text-align: justify;\">Le bombe \u00abmolotov\u00bb contro le sue sedi, i successi elettorali, i convegni a ranghi folti e ordinati, l&#8217;attivit\u00e0 editoriale, i centri culturali di quartiere, l&#8217;organizzazione e la gestione di scuole alternative, di appartamenti, di mense, di cooperative, questi soprattutto gli aspetti per cui l&#8217;opinione pubblica italiana conosce Comunione e Liberazione.<\/p>\n<p style=\"text-align: justify;\"><a href=\"https:\/\/www.rassegnastampa-totustuus.it\/cattolica\/wp-content\/uploads\/2019\/07\/giussani.jpg\"><img loading=\"lazy\" decoding=\"async\" class=\"size-medium wp-image-43772 alignright\" src=\"https:\/\/www.rassegnastampa-totustuus.it\/cattolica\/wp-content\/uploads\/2019\/07\/giussani-300x175.jpg\" alt=\"\" width=\"300\" height=\"175\" srcset=\"https:\/\/www.rassegnastampa-totustuus.it\/cattolica\/wp-content\/uploads\/2019\/07\/giussani-300x175.jpg 300w, https:\/\/www.rassegnastampa-totustuus.it\/cattolica\/wp-content\/uploads\/2019\/07\/giussani-768x447.jpg 768w, https:\/\/www.rassegnastampa-totustuus.it\/cattolica\/wp-content\/uploads\/2019\/07\/giussani-1024x596.jpg 1024w, https:\/\/www.rassegnastampa-totustuus.it\/cattolica\/wp-content\/uploads\/2019\/07\/giussani.jpg 1212w\" sizes=\"auto, (max-width: 300px) 100vw, 300px\" \/><\/a>Che il fatto cristiano s&#8217;incarni, si declini visibilmente in attuazioni storiche concrete, \u00e8 una delle esigenze pi\u00f9 sentite dal Movimento; tuttavia ritengo che \u00e8 a livello dei fondamenti dottrinali, essenzialmente teologici, che si trova la chiave privilegiata per comprenderne il segreto specifico, le intuizioni essenziali, che, in qualit\u00e0 di matrici, modulano poi le varie applicazioni metodologiche.<\/p>\n<p style=\"text-align: justify;\">C&#8217;\u00e8 da notare inoltre che l&#8217;intelaiatura dottrinale assume in questo Movimento un rilievo particolarmente vistoso, in paragone con altre espressioni ecclesiali analoghe. Ci\u00f2 \u00e8 dovuto sia all&#8217;ambito, quello della scuola, in cui il movimento \u00e8 nato e cresciuto, sia alla presunzione insita nel suo ideale di fondo: offrire una risposta adeguata alla domanda sul senso della vita, che sia corredata da una veste culturale dignitosa.<\/p>\n<p style=\"text-align: justify;\">Il mio intervento comprender\u00e0 due parti. Nella prima, presenter\u00f2 alcune linee teologiche, particolarmente qualificanti, del Movimento; nella seconda, traccer\u00f2 un abbozzo dell&#8217;itinerario spirituale, che, in generale, percorre un membro del Movimento.<\/p>\n<p style=\"text-align: center;\"><strong>PARTE PRIMA<\/strong><\/p>\n<p style=\"text-align: center;\"><strong>Linee teologiche fondamentali <\/strong><\/p>\n<p style=\"text-align: justify;\"><strong>1. Essenza dell&#8217; annuncio cristiano <\/strong><\/p>\n<p style=\"text-align: justify;\"><a href=\"https:\/\/www.rassegnastampa-totustuus.it\/cattolica\/wp-content\/uploads\/2017\/08\/cattolici_CL.jpeg\"><img loading=\"lazy\" decoding=\"async\" class=\"wp-image-44093 alignleft\" src=\"https:\/\/www.rassegnastampa-totustuus.it\/cattolica\/wp-content\/uploads\/2017\/08\/cattolici_CL.jpeg\" alt=\"\" width=\"216\" height=\"149\" \/><\/a>Il Cristianesimo non \u00e8 essenzialmente una teoria, una filosofia, un progetto di vita, anche se genera una conoscenza e una serie di progetti. Nemmeno \u00e8 una prassi, nel senso di una serie di norme e di riti a cui l&#8217;uomo dovrebbe uniformarsi mediante uno sforzo morale. Il Cristianesimo \u00e8 essenzialmente un avvenimento, l&#8217;avvenimento di Dio che irrompe nella storia nella persona di Ges\u00f9 Cristo per salvare l&#8217;uomo e la realt\u00e0.<\/p>\n<p style=\"text-align: justify;\">Questo avvenimento, e di conseguenza la persona di Ges\u00f9 Cristo, \u00e8 l&#8217;unica possibilit\u00e0 di vita vera e di liberazione adeguata per l&#8217;uomo. L&#8217;uomo, infatti, abbandonato alle sue forze \u00e8 incapace di superare la contraddizione tra la sua istanza profonda di liberazione, cio\u00e8 di rapporto nuovo, armonico, con se stesso, con gli uomini e le cose e le insufficienze e i limiti delle sue concrete realizzazioni.<\/p>\n<p style=\"text-align: justify;\">Anche la generosit\u00e0 e la capacit\u00e0 di sacrificio pi\u00f9 grandi rischiano di degenerare presto in una volont\u00e0 di dominio o in una stanchezza scettica. L&#8217;uomo ha bisogno di qualcuno che sia \u00abdiverso\u00bb, irriducibile strutturalmente alla sua limitata misura ed insieme capace di cambiarlo nell&#8217;essere.<\/p>\n<p style=\"text-align: justify;\"><a href=\"https:\/\/www.rassegnastampa-totustuus.it\/cattolica\/wp-content\/uploads\/2005\/03\/resurrezione.jpg\"><img loading=\"lazy\" decoding=\"async\" class=\"size-full wp-image-27583 alignright\" src=\"https:\/\/www.rassegnastampa-totustuus.it\/cattolica\/wp-content\/uploads\/2005\/03\/resurrezione.jpg\" alt=\"\" width=\"213\" height=\"237\" \/><\/a>Questo qualcuno \u00e8 Cristo: nella sua morte e risurrezione Egli ha preso possesso definitivo di tutta la realt\u00e0, l&#8217;ha unificata in s\u00e9 e gi\u00e0 ne ha iniziato la trasformazione. Dunque soltanto la comunione con Cristo diviene principio di libert\u00e0 vera e di armonia con tutta la realt\u00e0.<\/p>\n<p style=\"text-align: justify;\">Compito dell&#8217;uomo \u00e8 la fede. Con essa, egli si apre, accoglie e d\u00e0 credito all&#8217;avvenimento misericordioso di Dio che gli viene incontro in Ges\u00f9 Cristo, ammette ed afferma che non esiste altro fondamento, altra consistenza, e dunque altro principio di vera libert\u00e0, al di fuori di Dio, che si rende contemporaneo e consanguineo a lui in Ges\u00f9 Cristo, come vita, come significato, come pienezza del reale.<\/p>\n<p style=\"text-align: justify;\">Attraverso l&#8217;atto di fede, l&#8217;avvenimento di Dio incontra oggettivamente la libert\u00e0 dell&#8217;uomo e lo trasforma in un essere nuovo. Ora un tale atteggiamento \u00e8 impossibile, senza una conversione ed una contrizione profonda.<\/p>\n<p style=\"text-align: justify;\">Ammettere lucidamente che la salvezza e la liberazione vengono da un altro; che l&#8217;essenza ed il significato della propria vita consiste in questo rapporto di strutturale dipendenza da un altro; che quanto di positivo emerge nella propria esistenza non \u00e8 riconducibile ad un progetto o ad una impresa propria ma \u00e8 frutto di un evento gratuito, di un dono prolungato, tutto questo esige uno svuotamento radicale di s\u00e9, il bando ad ogni presunzione.<\/p>\n<p style=\"text-align: justify;\"><a href=\"https:\/\/www.rassegnastampa-totustuus.it\/cattolica\/wp-content\/uploads\/2017\/08\/cattolici_CL_fraternit\u00e0.jpeg\"><img loading=\"lazy\" decoding=\"async\" class=\"size-full wp-image-44094 alignleft\" src=\"https:\/\/www.rassegnastampa-totustuus.it\/cattolica\/wp-content\/uploads\/2017\/08\/cattolici_CL_fraternit\u00e0.jpeg\" alt=\"\" width=\"213\" height=\"146\" \/><\/a>Ma accanto a questo sentimento di mortificazione a radici addirittura \u00ab metafisiche\u00bb, l&#8217;uomo vive, in questa prospettiva, un sentimento di pace profonda. Non \u00e8 pi\u00f9 lui il primattore della sua vita, la sua personalit\u00e0 non \u00e8 sostituita e costruita dai piani e dalle imprese della sua umanit\u00e0, inesorabilmente macchiati dall&#8217;ambiguit\u00e0, l\u2019\u00aba fondo\u00bb della sua identit\u00e0 sta nell&#8217;essere amato tenacemente e fedelmente da Dio in Cristo.<\/p>\n<p style=\"text-align: justify;\">Per questo motivo, nonostante la consapevolezza dei propri limiti ontologici e morali, l&#8217;uomo ricupera la capacit\u00e0 di accettarsi e perdonarsi e riscopre l&#8217;ardimento di annunciare senza complessi il significato, la positivit\u00e0 e il valore della vita.<\/p>\n<p style=\"text-align: justify;\"><strong>2. La realt\u00e0 della Chiesa<\/strong><\/p>\n<p style=\"text-align: justify;\">Se Ges\u00f9 Cristo \u00e8 l&#8217;unica risposta autentica ed esaustiva alla istanza di liberazione, come e dove l&#8217;uomo lo pu\u00f2 incontrare? La risposta \u00e8: nella Chiesa, almeno come norma. La Chiesa \u00e8 l&#8217;ambito in cui, per volont\u00e0 positiva del Signore, il suo evento salvifico e liberatore riavviene continuamente lungo la storia. L&#8217;uomo incontra Cristo dentro il segno della Chiesa.<\/p>\n<p style=\"text-align: justify;\">E&#8217; necessario, dunque, che la realt\u00e0 della Chiesa ramifichi e moltiplichi la sua presenza, ovunque vive l&#8217;uomo. Questo avviene mediante le comunit\u00e0 ecclesiali particolari, le quali, secondo una bella immagine di don Giussani, \u00absono nei confronti della realt\u00e0 globale della Chiesa come la mano che accarezza, la quale non \u00e8 la persona, ma nello stesso tempo \u00e8 la persona nella concretezza del suo gesto\u00bb.<\/p>\n<p style=\"text-align: justify;\"><a href=\"https:\/\/www.rassegnastampa-totustuus.it\/cattolica\/wp-content\/uploads\/2017\/08\/giovani_CL.jpg\"><img loading=\"lazy\" decoding=\"async\" class=\"size-full wp-image-44095 alignright\" src=\"https:\/\/www.rassegnastampa-totustuus.it\/cattolica\/wp-content\/uploads\/2017\/08\/giovani_CL.jpg\" alt=\"\" width=\"260\" height=\"194\" \/><\/a>Le comunit\u00e0 di CL hanno questo esclusivo obiettivo: essere ambiti in cui la Chiesa vive. In particolare il Movimento ha puntato la sua attenzione sull&#8217;importanza delle comunit\u00e0 cristiane d&#8217;ambiente, intendendo per ambiente quel complesso di realt\u00e0 in cui l&#8217;individuo \u00e8 immerso con una certa stabilit\u00e0, in modo da influire sulla fisionomia e sullo sviluppo della sua personalit\u00e0.<\/p>\n<p style=\"text-align: justify;\">La scuola ed il lavoro sono i due ambienti in cui CL ha intensificato la sua attivit\u00e0 per rinnovare in essi una chiara presenza cristiana. Se dunque Cristo rappresenta la definitiva risposta all&#8217;istanza di liberazione dell&#8217;uomo e se l&#8217;incontro con Lui avviene oggi normalmente nella Chiesa, ecco che l&#8217;apporto specifico dei cristiani al mondo sar\u00e0 quello di ricostruire e dilatare genuine realt\u00e0 ecclesiali, che siano segni reali ed eloquenti di una vita nuova possibile per tutti ed iniziabile da subito.<\/p>\n<p style=\"text-align: justify;\">E&#8217; questa la missione, concepita non come un dovere ulteriore da compiere, ma come un&#8217;esigenza vitale, quasi per sovrabbondanza, di far partecipare altri all&#8217;evento di comunione liberante di cui si \u00e8 fatto esperienza. La tensione alla \u00abmissione\u00bb \u00e8 in proporzione esatta con la verit\u00e0 della \u00abcomunione\u00bb con Cristo e con la Chiesa.<\/p>\n<p style=\"text-align: justify;\"><a href=\"https:\/\/www.rassegnastampa-totustuus.it\/cattolica\/wp-content\/uploads\/2017\/08\/CL_Giussani_Papa.jpg\"><img loading=\"lazy\" decoding=\"async\" class=\"alignleft wp-image-44096\" src=\"https:\/\/www.rassegnastampa-totustuus.it\/cattolica\/wp-content\/uploads\/2017\/08\/CL_Giussani_Papa.jpg\" alt=\"\" width=\"200\" height=\"200\" srcset=\"https:\/\/www.rassegnastampa-totustuus.it\/cattolica\/wp-content\/uploads\/2017\/08\/CL_Giussani_Papa.jpg 225w, https:\/\/www.rassegnastampa-totustuus.it\/cattolica\/wp-content\/uploads\/2017\/08\/CL_Giussani_Papa-150x150.jpg 150w\" sizes=\"auto, (max-width: 200px) 100vw, 200px\" \/><\/a>Con ci\u00f2 non si vuole escludere che anche al di fuori della Chiesa ci siano desideri e sforzi autentici di verit\u00e0 e<sup>&#8211;<\/sup> liberazione, si dice per\u00f2 che nella Chiesa soltanto essi trovano il loro inveramento e compimento definitivi. Per questo la Chiesa ha il diritto e il dovere di contestare al mondo la presunzione di poter costruire con le proprie mani, attraverso analisi e cambi strutturali, una risposta globale ed esaustiva agli interrogativi pi\u00f9 profondi dell&#8217;uomo.<\/p>\n<p style=\"text-align: justify;\">Resta da chiedersi se ci siano delle condizioni perch\u00e9 si verifichi un&#8217;autentica presenza di Chiesa. CL ne evidenzia fondamentalmente due. La prima \u00e8 l&#8217;unit\u00e0 dei cristiani, sensibilmente espressa, socialmente documentabile.<\/p>\n<p style=\"text-align: justify;\">Essa deriva dal riconoscimento di una comune identit\u00e0: l&#8217;essere in comunione con Cristo. Un&#8217;unit\u00e0, dunque, che non nasce dal fare delle cose insieme, ma dal riconoscersi costituiti nel profondo della propria struttura ontologica dallo stesso mistero, il mistero di Cristo.<\/p>\n<p style=\"text-align: justify;\"><a href=\"https:\/\/www.rassegnastampa-totustuus.it\/cattolica\/wp-content\/uploads\/2017\/08\/giussani_CL_Paolo_VI.jpg\"><img loading=\"lazy\" decoding=\"async\" class=\"size-full wp-image-44097 alignright\" src=\"https:\/\/www.rassegnastampa-totustuus.it\/cattolica\/wp-content\/uploads\/2017\/08\/giussani_CL_Paolo_VI.jpg\" alt=\"\" width=\"264\" height=\"191\" \/><\/a>Questa unit\u00e0, che ha nel Battesimo la sua radice, si alimenta e si esprime nella partecipazione comune ai sacramenti, e tende poi a generare una struttura comunitaria globale, che giunge a permeare tutti gli ambiti dell&#8217;esistenza. E&#8217; importante capire che a questa unit\u00e0 non si tende perch\u00e9 essa rende pi\u00f9 efficace e incisiva l&#8217;azione, bens\u00ec semplicemente perch\u00e9 essa \u00e8 la condizione essenziale perch\u00e9 la Chiesa sia Chiesa, cio\u00e8 sacramento della comunione con Cristo.<\/p>\n<p style=\"text-align: justify;\">La seconda condizione, che garantisce oggettivamente l&#8217;autenticit\u00e0 ecclesiale di una comunit\u00e0, \u00e8 il nesso con l&#8217;autorit\u00e0, cio\u00e8 con il vescovo. \u00abLa comunit\u00e0 cristiana in un ambiente costituisce la presenza di Ges\u00f9 Cristo, e quindi della potenza divina che fa nascere e diffondere il Suo Regno, nella misura in cui essa \u00e8 avallata dall&#8217;autorit\u00e0 e nella misura in cui essa \u00e8 fondata sul riferimento all&#8217;autorit\u00e0, nella misura in cui essa \u00e8 \u00abmissione\u00bb ed \u00e8 vissuta come \u00abmissione\u00bb.<\/p>\n<p style=\"text-align: justify;\">A quel riferimento tutto deve essere interiormente e geneticamente subordinato ed eventualmente sacrificato. E&#8217; attraverso l&#8217;autorit\u00e0 che scaturisce l&#8217;energia del mistero; quell&#8217;energia non nasce dalla scaltrezza delle nostre concezioni psicologiche e pedagogiche, n\u00e9 dai nostri tentativi sociali\u00bb. Tento di schematizzare, irrigidendo, per motivi di chiarezza, i connotati dei vari passaggi. La vita, si sa, \u00e8 sempre pi\u00f9 complessa e fluida.<\/p>\n<p style=\"text-align: center;\"><strong>PARTE SECONDA <\/strong><\/p>\n<p style=\"text-align: center;\"><strong>L&#8217;itinerario spirituale <\/strong><\/p>\n<p style=\"text-align: justify;\"><a href=\"https:\/\/www.rassegnastampa-totustuus.it\/cattolica\/wp-content\/uploads\/2017\/08\/Cl_volantone.jpg\"><img loading=\"lazy\" decoding=\"async\" class=\"size-full wp-image-44098 alignleft\" src=\"https:\/\/www.rassegnastampa-totustuus.it\/cattolica\/wp-content\/uploads\/2017\/08\/Cl_volantone.jpg\" alt=\"\" width=\"267\" height=\"189\" \/><\/a>I momenti e le forme, attraverso cui questo incontro contagioso si realizza, sono innumeri: il gesto personale di accoglienza, di ascolto, di aiuto all&#8217;insegna della gratuit\u00e0, l&#8217;espressione artistica, il canto, la festa, la liturgia. Tutto pu\u00f2 essere mezzo per estrinsecare la diversit\u00e0 che uno si porta dentro, cio\u00e8 l&#8217;Avvenimento di Cristo Signore, centro rigeneratore della propria umanit\u00e0. Da notare che l&#8217;Incontro va inteso, non come gesto strumentale per introdurre ad altro, ma gi\u00e0 come coinvolgimento della persona dentro l&#8217;Avvenimento di Ges\u00f9 Cristo.<\/p>\n<p style=\"text-align: justify;\"><strong>1.\u00a0L&#8217;inizio <\/strong><\/p>\n<p style=\"text-align: justify;\">L&#8217;inizio del cammino \u00e8 designato, nei testi del Movimento, con il termine \u00abIncontro\u00bb. Esso indica l&#8217;imbattersi in un tipo umano, una persona singola o una comunit\u00e0 di persone, che si impone, in quanto carico di una promessa per la vita. Una presenza provocante per l&#8217;accento di verit\u00e0 che emana, per l&#8217;offerta di significato e gusto per la vita che promette.<\/p>\n<p style=\"text-align: justify;\">L&#8217;effetto \u00e8 uno stupore sconosciuto, un&#8217;improvvisa attrattiva per qualcosa di non ben definito, e che tuttavia si presenta con la presunzione di essere esaudimento del proprio fondamentale bisogno, risposta all&#8217;invocazione che uno \u00e8.<\/p>\n<p style=\"text-align: justify;\">Anche se all&#8217;inizio con il carattere di una risonanza misteriosa, \u00e8 importante che la adesione al Movimento sia dettata da questa corrispondenza tra la proposta che viene fatta ed il proprio bisogno originale autentico (al momento magari sepolto sotto le ceneri di altri bisogni secondari, artificiosi, indotti), altrimenti il cammino inizia sotto il segno dell&#8217;alienazione.<\/p>\n<p style=\"text-align: justify;\"><strong>2. Il Cammino <\/strong><\/p>\n<p style=\"text-align: justify;\"><a href=\"https:\/\/www.rassegnastampa-totustuus.it\/cattolica\/wp-content\/uploads\/2017\/08\/CL-Meeting.jpg\"><img loading=\"lazy\" decoding=\"async\" class=\"size-medium wp-image-44099 alignright\" src=\"https:\/\/www.rassegnastampa-totustuus.it\/cattolica\/wp-content\/uploads\/2017\/08\/CL-Meeting-300x150.jpg\" alt=\"\" width=\"300\" height=\"150\" srcset=\"https:\/\/www.rassegnastampa-totustuus.it\/cattolica\/wp-content\/uploads\/2017\/08\/CL-Meeting-300x150.jpg 300w, https:\/\/www.rassegnastampa-totustuus.it\/cattolica\/wp-content\/uploads\/2017\/08\/CL-Meeting.jpg 318w\" sizes=\"auto, (max-width: 300px) 100vw, 300px\" \/><\/a>L&#8217;esperienza dell&#8217;Incontro esige decantazione e verifica: un processo che implica un cammino nel tempo. Logico che la convalida la si cerchi in compagnia di coloro che hanno destato questa speranza nuova. E&#8217; la prima cosa che viene richiesta a chi \u00e8 interessato a \u00abvederci pi\u00f9 chiaro\u00bb.<\/p>\n<p style=\"text-align: justify;\">\u00abSta&#8217; con noi, condividi la nostra esperienza, con disponibilit\u00e0 aperta ed insieme intelligente, ma senza selezionare capricciosamente ci\u00f2 che ti garba e ci\u00f2 che non ti garba, altrimenti ti impediresti un&#8217;autentica verifica!\u00bb. E&#8217; uno \u00abstarci\u00bb che pu\u00f2 per un pezzo coesistere con dubbi, interrogativi ed oscurit\u00e0, ma che si rivela fecondo, come il candire di un frutto, immerso in un liquore.<\/p>\n<p style=\"text-align: justify;\">Il termine \u00absequela\u00bb indica quest&#8217;istanza metodologica. E&#8217; un punto che va ben capito, per non rischiare equivoci pericolosi e grossolani. Innanzitutto, come gi\u00e0 ho notato, la sequela \u00e8 ragionevole, perch\u00e9 nasce dall&#8217;intento di verificare fino in fondo un&#8217;ipotesi, della cui fecondit\u00e0 si \u00e8 gi\u00e0 avuto un anticipo concreto nel momento dell&#8217;Incontro.<\/p>\n<p style=\"text-align: justify;\"><a href=\"https:\/\/www.rassegnastampa-totustuus.it\/cattolica\/wp-content\/uploads\/2017\/08\/CL_via_Crucis.jpg\"><img loading=\"lazy\" decoding=\"async\" class=\"size-full wp-image-44100 alignleft\" src=\"https:\/\/www.rassegnastampa-totustuus.it\/cattolica\/wp-content\/uploads\/2017\/08\/CL_via_Crucis.jpg\" alt=\"\" width=\"275\" height=\"183\" \/><\/a>Inoltre si segue della gente, che si scorge ricca di una qualit\u00e0 umana suggestiva e rara, non per un&#8217;imitazione pedissequa e acritica, ma al fine di immedesimarsi e di assimilare il valore, il fatto misterioso che ne anima cos\u00ec vigorosamente la vita e che col tempo riveler\u00e0 il suo volto: l&#8217;esperienza cosciente e viva di Dio.<\/p>\n<p style=\"text-align: justify;\">Ancora: questa sequela, man mano che matura, diviene sempre pi\u00f9 creativa, costruttiva, capace di originare giudizi e decisioni personali, non in forma individualistica, ma a partire da una coscienza comunionale, divenuta facile e spontanea. Infine: questo itinerario, per essere corretto, non pu\u00f2 prescindere dall&#8217;immanenza all&#8217;ambiente.<\/p>\n<p style=\"text-align: justify;\">Niente quindi comunit\u00e0-ghetto, comunit\u00e0-isole felici! E&#8217; nell&#8217;impatto con la somma concreta di attrattive, provocazioni e bisogni della situazione in cui ognuno \u00e8 inserito: scuola, lavoro, famiglia, che esso deve essere percorso.<\/p>\n<p style=\"text-align: justify;\">Nella progressiva maturazione che la sequela comporta e quindi nel crescente disvelamento della presenza di Dio in Ges\u00f9 Cristo, come fattore-cardine di una vita vissuta in pienezza, due elementi vengono ad acquisire un peso sempre pi\u00f9 grande: il Sacramento e la Preghiera.<\/p>\n<p style=\"text-align: justify;\"><a href=\"https:\/\/www.rassegnastampa-totustuus.it\/cattolica\/wp-content\/uploads\/2017\/08\/apostoli_Ges\u00f9_Chiesa.jpg\"><img loading=\"lazy\" decoding=\"async\" class=\"size-full wp-image-44101 alignright\" src=\"https:\/\/www.rassegnastampa-totustuus.it\/cattolica\/wp-content\/uploads\/2017\/08\/apostoli_Ges\u00f9_Chiesa.jpg\" alt=\"\" width=\"219\" height=\"230\" \/><\/a>Il Sacramento, inteso come il gesto in cui Cristo concentra, al massimo grado, la sua energia di vita e di amore, capace quindi di convertire l&#8217;uomo e di trasformarne la mentalit\u00e0 e i criteri di vita. Intimamente legata al Sacramento tutta l&#8217;esperienza della Liturgia.<\/p>\n<p style=\"text-align: justify;\">L&#8217;altro elemento \u00e8 la Preghiera, intesa come memoria vigile e coscienza attiva della presenza del Signore nella propria vita, come sguardo di fede che percepisce le cose e gli avvenimenti alla luce della Sua realt\u00e0.<\/p>\n<p style=\"text-align: justify;\">3. L&#8217;esito<\/p>\n<p style=\"text-align: justify;\">L&#8217;esito di questo cammino, la cui durata \u00e8 scandita dal calendario di Dio, \u00e8 il cristiano adulto nella fede. Quali ne sono i connotati? Innanzitutto una coscienza chiara, nitida della propria identit\u00e0, della propria realt\u00e0, alla luce del mistero di Dio, cio\u00e8 un&#8217;autocoscienza definita dalla fede.<\/p>\n<p style=\"text-align: justify;\">Il cristiano adulto \u00e8 colui che si percepisce come un essere voluto, amato, penetrato da Dio, che, attraverso Cristo, nel Battesimo ha preso possesso di lui, riplasmandone la radice dell&#8217;essere e facendolo creatura nuova; \u00e8 colui che riconosce che il suo significato e la sua consistenza stanno in questa appartenenza e che questo \u00e8 vero non soltanto per lui, ma per tutti i cristiani, per cui la comunione, la dimensione del \u00abnoi\u00bb, \u00e8 un valore ontologico, una modalit\u00e0 strutturale dell&#8217;\u00abio\u00bb.<\/p>\n<p style=\"text-align: justify;\"><a href=\"https:\/\/www.rassegnastampa-totustuus.it\/cattolica\/wp-content\/uploads\/2017\/08\/CL_logo.jpg\"><img loading=\"lazy\" decoding=\"async\" class=\"alignleft wp-image-44102\" src=\"https:\/\/www.rassegnastampa-totustuus.it\/cattolica\/wp-content\/uploads\/2017\/08\/CL_logo.jpg\" alt=\"\" width=\"201\" height=\"200\" srcset=\"https:\/\/www.rassegnastampa-totustuus.it\/cattolica\/wp-content\/uploads\/2017\/08\/CL_logo.jpg 225w, https:\/\/www.rassegnastampa-totustuus.it\/cattolica\/wp-content\/uploads\/2017\/08\/CL_logo-150x150.jpg 150w\" sizes=\"auto, (max-width: 201px) 100vw, 201px\" \/><\/a>Questa autocoscienza, che non \u00e8 una cosa accanto alla realt\u00e0 umana, non \u00e8 un vestito, ma \u00e8 la realt\u00e0 stessa della persona, compresa nel suo nucleo pi\u00f9 vero e pi\u00f9 ricco, determina il cambiamento del modo di concepire, di valutare e di vivere ogni rapporto.<\/p>\n<p style=\"text-align: justify;\">L&#8217;adulto nella fede \u2014 ed \u00e8 il secondo connotato caratteristico \u2014 diviene cos\u00ec capace di annuncio, di proposta, di missione, di testimonianza. E ci\u00f2 non attraverso strategie apostoliche, inventate a tavolino e bacate in partenza o di volontarismo presuntuoso o di astrattismo ideologico, ma attraverso una comunicazione di vita, lasciando cio\u00e8 emergere ed esplodere quanto egli sperimenta vero nella propria carne, che cio\u00e8 Cristo \u00e8 realmente la chiave di volta dell&#8217;esistenza personale e del mondo.<\/p>\n<p style=\"text-align: justify;\">La missione nasce cos\u00ec dalla passione del cuore che vuole comunicare il motivo della propria pienezza di gioia e di vita, nella consapevolezza che ogni uomo \u00e8 alla ricerca dell&#8217;incontro con Cristo. \u00a0Proprio per questo le vie, gli strumenti, con cui rendere concreta questa testimonianza, sono frutto della creativit\u00e0 personale. L&#8217;importante \u00e8 che sia una testimonianza organica ed adiacente al tempo, allo spazio, alla storia, alla situazione nella sua concretezza capillare.<\/p>\n<p style=\"text-align: justify;\"><a href=\"https:\/\/www.rassegnastampa-totustuus.it\/cattolica\/wp-content\/uploads\/2017\/08\/cristiani_CL_Giussani.jpg\"><img loading=\"lazy\" decoding=\"async\" class=\" wp-image-44103 alignright\" src=\"https:\/\/www.rassegnastampa-totustuus.it\/cattolica\/wp-content\/uploads\/2017\/08\/cristiani_CL_Giussani.jpg\" alt=\"\" width=\"247\" height=\"186\" \/><\/a>Proprio questa realistica aderenza ai problemi concreti, spinger\u00e0 il cristiano adulto ad utilizzare tutte le strumentazioni e le analisi elaborate nei vari ambiti culturali e scientifici, pur nella consapevolezza del loro carattere precario e della loro strutturale ambiguit\u00e0.<\/p>\n<p style=\"text-align: justify;\">Anzi, questa convinzione lo potr\u00e0 portare ad un atteggiamento di resistenza al mondo, inteso come regno dell&#8217;apparenza, della menzogna, di contrattacco alla mentalit\u00e0 comune, alla teoria dominante, all&#8217;ideologia del potere, e ci\u00f2 non come opposizione preconcetta, ma come lavoro in positivo, al servizio della verit\u00e0.<\/p>\n<p style=\"text-align: justify;\">E&#8217; questo, nella storia, il compito specifico del cristiano: confessare e testimoniare che Ges\u00f9 crocifisso \u00e8 stato costituito Signore delle cose tutte e che nulla pi\u00f9 sfugge a questa signoria.<\/p>\n<p style=\"text-align: center;\"><strong>Conclusione <\/strong><\/p>\n<p style=\"text-align: justify;\">Comunione e Liberazione \u00e8 dunque un Movimento ecclesiale di evocazione e di educazione alla fede: al riconoscimento cio\u00e8 del mistero di Cristo, presente nel segno visibile dell&#8217;unit\u00e0 ecclesiale.<\/p>\n<p style=\"text-align: justify;\"><a href=\"https:\/\/www.rassegnastampa-totustuus.it\/cattolica\/wp-content\/uploads\/2017\/08\/cristiani_CL.jpg\"><img loading=\"lazy\" decoding=\"async\" class=\"size-full wp-image-44104 alignleft\" src=\"https:\/\/www.rassegnastampa-totustuus.it\/cattolica\/wp-content\/uploads\/2017\/08\/cristiani_CL.jpg\" alt=\"\" width=\"265\" height=\"190\" \/><\/a>Questa unit\u00e0, questa comunione misteriosa ma reale, non accetta di venire censurata e confinata in campi prestabiliti ma tende a diventare esistenzialmente visibile e documentata e ad influire efficacemente non solo sulla propria vita personale, ma anche sui contenuti culturali, sociali e politici dell&#8217;esistenza comune e della societ\u00e0 civile.<\/p>\n<p style=\"text-align: justify;\">Il metodo per raggiungere questa maturit\u00e0 di fede consiste in un cammino ecclesiale, sorretto dalla compagnia cordiale ed autorevole di cristiani che, in comunione tra loro nel nome di Cristo Signore, riattualizzano il miracolo della sua feconda presenza, unica risposta adeguata all&#8217;anelito fondamentale dell&#8217;uomo.<\/p>\n","protected":false},"excerpt":{"rendered":"<p>Litterae Communionis Anno V \u2013 Novembre 1978 di Fausto Perrenchio Riprendiamo dal n. 7 (1978) della rivista &#8220;Note di pastorale giovanile&#8221;, questo articolo di don Fausto Perrenchio, docente all&#8217;Universit\u00e0 Salesiana di Roma, che compendia l&#8217;essenza dottrinale e l&#8217;impostazione etica di Comunione e Liberazione. Lo riteniamo strumento assai utile sia per quanti partecipano alla vita del &hellip; <\/p>\n<p><a class=\"more-link btn\" href=\"https:\/\/www.rassegnastampa-totustuus.it\/cattolica\/dimensioni-spirituali-di-comunione-e-liberazione\/\">Continua a leggere<\/a><\/p>\n","protected":false},"author":6,"featured_media":44090,"comment_status":"closed","ping_status":"closed","sticky":false,"template":"","format":"standard","meta":{"footnotes":""},"categories":[5],"tags":[2510,1290],"class_list":["post-44089","post","type-post","status-publish","format-standard","has-post-thumbnail","hentry","category-chiesa","tag-comunione-e-liberazione","tag-movimenti-ecclesiali","item-wrap"],"yoast_head":"<!-- This site is optimized with the Yoast SEO plugin v27.5 - https:\/\/yoast.com\/product\/yoast-seo-wordpress\/ -->\n<title>Dimensioni spirituali di Comunione e Liberazione - Rassegna Stampa Cattolica<\/title>\n<meta name=\"description\" content=\"Rassegna Stampa Cattolica - Per una cultura che nasce dalla Rivelazione cristiana in conformit\u00e0 alla tradizione e al Magistero della Chiesa in opposizione ad ogni relativismo e totalitarismo\" \/>\n<meta name=\"robots\" content=\"index, follow, max-snippet:-1, max-image-preview:large, max-video-preview:-1\" \/>\n<link rel=\"canonical\" href=\"https:\/\/www.rassegnastampa-totustuus.it\/cattolica\/dimensioni-spirituali-di-comunione-e-liberazione\/\" \/>\n<meta property=\"og:locale\" content=\"it_IT\" \/>\n<meta property=\"og:type\" content=\"article\" \/>\n<meta property=\"og:title\" content=\"Dimensioni spirituali di Comunione e Liberazione - Rassegna Stampa Cattolica\" \/>\n<meta property=\"og:description\" content=\"Rassegna Stampa Cattolica - Per una cultura che nasce dalla Rivelazione cristiana in conformit\u00e0 alla tradizione e al Magistero della Chiesa in opposizione ad ogni relativismo e totalitarismo\" \/>\n<meta property=\"og:url\" content=\"https:\/\/www.rassegnastampa-totustuus.it\/cattolica\/dimensioni-spirituali-di-comunione-e-liberazione\/\" \/>\n<meta property=\"og:site_name\" content=\"Rassegna Stampa Cattolica\" \/>\n<meta property=\"article:publisher\" content=\"https:\/\/www.facebook.com\/rassegnastampacattolica\" \/>\n<meta property=\"article:published_time\" content=\"2017-08-21T22:00:06+00:00\" \/>\n<meta property=\"article:modified_time\" content=\"2019-08-22T13:32:11+00:00\" \/>\n<meta property=\"og:image\" content=\"https:\/\/www.rassegnastampa-totustuus.it\/cattolica\/wp-content\/uploads\/2019\/08\/cattolici_CL.jpeg\" \/>\n\t<meta property=\"og:image:width\" content=\"869\" \/>\n\t<meta property=\"og:image:height\" content=\"595\" \/>\n\t<meta property=\"og:image:type\" content=\"image\/jpeg\" \/>\n<meta name=\"author\" content=\"Redazione\" \/>\n<meta name=\"twitter:card\" content=\"summary_large_image\" \/>\n<meta name=\"twitter:creator\" content=\"@rassegnastampa9\" \/>\n<meta name=\"twitter:site\" content=\"@rassegnastampa9\" \/>\n<meta name=\"twitter:label1\" content=\"Scritto da\" \/>\n\t<meta name=\"twitter:data1\" content=\"Redazione\" \/>\n\t<meta name=\"twitter:label2\" content=\"Tempo di lettura stimato\" \/>\n\t<meta name=\"twitter:data2\" content=\"13 minuti\" \/>\n<script type=\"application\/ld+json\" class=\"yoast-schema-graph\">{\"@context\":\"https:\\\/\\\/schema.org\",\"@graph\":[{\"@type\":\"Article\",\"@id\":\"https:\\\/\\\/www.rassegnastampa-totustuus.it\\\/cattolica\\\/dimensioni-spirituali-di-comunione-e-liberazione\\\/#article\",\"isPartOf\":{\"@id\":\"https:\\\/\\\/www.rassegnastampa-totustuus.it\\\/cattolica\\\/dimensioni-spirituali-di-comunione-e-liberazione\\\/\"},\"author\":{\"name\":\"Redazione\",\"@id\":\"https:\\\/\\\/www.rassegnastampa-totustuus.it\\\/cattolica\\\/#\\\/schema\\\/person\\\/08f319d2bd1a0904ad9e2bfb7b15e5c3\"},\"headline\":\"Dimensioni spirituali di Comunione e Liberazione\",\"datePublished\":\"2017-08-21T22:00:06+00:00\",\"dateModified\":\"2019-08-22T13:32:11+00:00\",\"mainEntityOfPage\":{\"@id\":\"https:\\\/\\\/www.rassegnastampa-totustuus.it\\\/cattolica\\\/dimensioni-spirituali-di-comunione-e-liberazione\\\/\"},\"wordCount\":2712,\"publisher\":{\"@id\":\"https:\\\/\\\/www.rassegnastampa-totustuus.it\\\/cattolica\\\/#organization\"},\"image\":{\"@id\":\"https:\\\/\\\/www.rassegnastampa-totustuus.it\\\/cattolica\\\/dimensioni-spirituali-di-comunione-e-liberazione\\\/#primaryimage\"},\"thumbnailUrl\":\"https:\\\/\\\/www.rassegnastampa-totustuus.it\\\/cattolica\\\/wp-content\\\/uploads\\\/2019\\\/08\\\/cattolici_CL.jpeg\",\"keywords\":[\"Comunione e liberazione\",\"movimenti ecclesiali\"],\"articleSection\":[\"Chiesa\"],\"inLanguage\":\"it-IT\"},{\"@type\":\"WebPage\",\"@id\":\"https:\\\/\\\/www.rassegnastampa-totustuus.it\\\/cattolica\\\/dimensioni-spirituali-di-comunione-e-liberazione\\\/\",\"url\":\"https:\\\/\\\/www.rassegnastampa-totustuus.it\\\/cattolica\\\/dimensioni-spirituali-di-comunione-e-liberazione\\\/\",\"name\":\"Dimensioni spirituali di Comunione e Liberazione - Rassegna Stampa Cattolica\",\"isPartOf\":{\"@id\":\"https:\\\/\\\/www.rassegnastampa-totustuus.it\\\/cattolica\\\/#website\"},\"primaryImageOfPage\":{\"@id\":\"https:\\\/\\\/www.rassegnastampa-totustuus.it\\\/cattolica\\\/dimensioni-spirituali-di-comunione-e-liberazione\\\/#primaryimage\"},\"image\":{\"@id\":\"https:\\\/\\\/www.rassegnastampa-totustuus.it\\\/cattolica\\\/dimensioni-spirituali-di-comunione-e-liberazione\\\/#primaryimage\"},\"thumbnailUrl\":\"https:\\\/\\\/www.rassegnastampa-totustuus.it\\\/cattolica\\\/wp-content\\\/uploads\\\/2019\\\/08\\\/cattolici_CL.jpeg\",\"datePublished\":\"2017-08-21T22:00:06+00:00\",\"dateModified\":\"2019-08-22T13:32:11+00:00\",\"description\":\"Rassegna Stampa Cattolica - Per una cultura che nasce dalla Rivelazione cristiana in conformit\u00e0 alla tradizione e al Magistero della Chiesa in opposizione ad ogni relativismo e totalitarismo\",\"breadcrumb\":{\"@id\":\"https:\\\/\\\/www.rassegnastampa-totustuus.it\\\/cattolica\\\/dimensioni-spirituali-di-comunione-e-liberazione\\\/#breadcrumb\"},\"inLanguage\":\"it-IT\",\"potentialAction\":[{\"@type\":\"ReadAction\",\"target\":[\"https:\\\/\\\/www.rassegnastampa-totustuus.it\\\/cattolica\\\/dimensioni-spirituali-di-comunione-e-liberazione\\\/\"]}]},{\"@type\":\"ImageObject\",\"inLanguage\":\"it-IT\",\"@id\":\"https:\\\/\\\/www.rassegnastampa-totustuus.it\\\/cattolica\\\/dimensioni-spirituali-di-comunione-e-liberazione\\\/#primaryimage\",\"url\":\"https:\\\/\\\/www.rassegnastampa-totustuus.it\\\/cattolica\\\/wp-content\\\/uploads\\\/2019\\\/08\\\/cattolici_CL.jpeg\",\"contentUrl\":\"https:\\\/\\\/www.rassegnastampa-totustuus.it\\\/cattolica\\\/wp-content\\\/uploads\\\/2019\\\/08\\\/cattolici_CL.jpeg\",\"width\":869,\"height\":595},{\"@type\":\"BreadcrumbList\",\"@id\":\"https:\\\/\\\/www.rassegnastampa-totustuus.it\\\/cattolica\\\/dimensioni-spirituali-di-comunione-e-liberazione\\\/#breadcrumb\",\"itemListElement\":[{\"@type\":\"ListItem\",\"position\":1,\"name\":\"Home\",\"item\":\"https:\\\/\\\/www.rassegnastampa-totustuus.it\\\/cattolica\\\/\"},{\"@type\":\"ListItem\",\"position\":2,\"name\":\"Dimensioni spirituali di Comunione e Liberazione\"}]},{\"@type\":\"WebSite\",\"@id\":\"https:\\\/\\\/www.rassegnastampa-totustuus.it\\\/cattolica\\\/#website\",\"url\":\"https:\\\/\\\/www.rassegnastampa-totustuus.it\\\/cattolica\\\/\",\"name\":\"Rassegna Stampa Cattolica\",\"description\":\"Per una cultura che nasce dalla Rivelazione cristiana in conformit\u00e0 alla tradizione e al Magistero della Chiesa in opposizione ad ogni relativismo e totalitarismo\",\"publisher\":{\"@id\":\"https:\\\/\\\/www.rassegnastampa-totustuus.it\\\/cattolica\\\/#organization\"},\"alternateName\":\"Rass. Cattolica\",\"potentialAction\":[{\"@type\":\"SearchAction\",\"target\":{\"@type\":\"EntryPoint\",\"urlTemplate\":\"https:\\\/\\\/www.rassegnastampa-totustuus.it\\\/cattolica\\\/?s={search_term_string}\"},\"query-input\":{\"@type\":\"PropertyValueSpecification\",\"valueRequired\":true,\"valueName\":\"search_term_string\"}}],\"inLanguage\":\"it-IT\"},{\"@type\":\"Organization\",\"@id\":\"https:\\\/\\\/www.rassegnastampa-totustuus.it\\\/cattolica\\\/#organization\",\"name\":\"Rassegna Stampa Cattolica\",\"url\":\"https:\\\/\\\/www.rassegnastampa-totustuus.it\\\/cattolica\\\/\",\"logo\":{\"@type\":\"ImageObject\",\"inLanguage\":\"it-IT\",\"@id\":\"https:\\\/\\\/www.rassegnastampa-totustuus.it\\\/cattolica\\\/#\\\/schema\\\/logo\\\/image\\\/\",\"url\":\"https:\\\/\\\/www.rassegnastampa-totustuus.it\\\/cattolica\\\/wp-content\\\/uploads\\\/2014\\\/04\\\/logo-rassegna1.gif\",\"contentUrl\":\"https:\\\/\\\/www.rassegnastampa-totustuus.it\\\/cattolica\\\/wp-content\\\/uploads\\\/2014\\\/04\\\/logo-rassegna1.gif\",\"width\":600,\"height\":163,\"caption\":\"Rassegna Stampa Cattolica\"},\"image\":{\"@id\":\"https:\\\/\\\/www.rassegnastampa-totustuus.it\\\/cattolica\\\/#\\\/schema\\\/logo\\\/image\\\/\"},\"sameAs\":[\"https:\\\/\\\/www.facebook.com\\\/rassegnastampacattolica\",\"https:\\\/\\\/x.com\\\/rassegnastampa9\"]},{\"@type\":\"Person\",\"@id\":\"https:\\\/\\\/www.rassegnastampa-totustuus.it\\\/cattolica\\\/#\\\/schema\\\/person\\\/08f319d2bd1a0904ad9e2bfb7b15e5c3\",\"name\":\"Redazione\",\"image\":{\"@type\":\"ImageObject\",\"inLanguage\":\"it-IT\",\"@id\":\"https:\\\/\\\/secure.gravatar.com\\\/avatar\\\/2fcdf27c78ea025fbdb44e914cc63c72249ffec9dc8aafd5c82b26240ef3f346?s=96&d=mm&r=g\",\"url\":\"https:\\\/\\\/secure.gravatar.com\\\/avatar\\\/2fcdf27c78ea025fbdb44e914cc63c72249ffec9dc8aafd5c82b26240ef3f346?s=96&d=mm&r=g\",\"contentUrl\":\"https:\\\/\\\/secure.gravatar.com\\\/avatar\\\/2fcdf27c78ea025fbdb44e914cc63c72249ffec9dc8aafd5c82b26240ef3f346?s=96&d=mm&r=g\",\"caption\":\"Redazione\"},\"url\":\"https:\\\/\\\/www.rassegnastampa-totustuus.it\\\/cattolica\\\/author\\\/pietroelle\\\/\"}]}<\/script>\n<!-- \/ Yoast SEO plugin. -->","yoast_head_json":{"title":"Dimensioni spirituali di Comunione e Liberazione - Rassegna Stampa Cattolica","description":"Rassegna Stampa Cattolica - Per una cultura che nasce dalla Rivelazione cristiana in conformit\u00e0 alla tradizione e al Magistero della Chiesa in opposizione ad ogni relativismo e totalitarismo","robots":{"index":"index","follow":"follow","max-snippet":"max-snippet:-1","max-image-preview":"max-image-preview:large","max-video-preview":"max-video-preview:-1"},"canonical":"https:\/\/www.rassegnastampa-totustuus.it\/cattolica\/dimensioni-spirituali-di-comunione-e-liberazione\/","og_locale":"it_IT","og_type":"article","og_title":"Dimensioni spirituali di Comunione e Liberazione - Rassegna Stampa Cattolica","og_description":"Rassegna Stampa Cattolica - Per una cultura che nasce dalla Rivelazione cristiana in conformit\u00e0 alla tradizione e al Magistero della Chiesa in opposizione ad ogni relativismo e totalitarismo","og_url":"https:\/\/www.rassegnastampa-totustuus.it\/cattolica\/dimensioni-spirituali-di-comunione-e-liberazione\/","og_site_name":"Rassegna Stampa Cattolica","article_publisher":"https:\/\/www.facebook.com\/rassegnastampacattolica","article_published_time":"2017-08-21T22:00:06+00:00","article_modified_time":"2019-08-22T13:32:11+00:00","og_image":[{"width":869,"height":595,"url":"https:\/\/www.rassegnastampa-totustuus.it\/cattolica\/wp-content\/uploads\/2019\/08\/cattolici_CL.jpeg","type":"image\/jpeg"}],"author":"Redazione","twitter_card":"summary_large_image","twitter_creator":"@rassegnastampa9","twitter_site":"@rassegnastampa9","twitter_misc":{"Scritto da":"Redazione","Tempo di lettura stimato":"13 minuti"},"schema":{"@context":"https:\/\/schema.org","@graph":[{"@type":"Article","@id":"https:\/\/www.rassegnastampa-totustuus.it\/cattolica\/dimensioni-spirituali-di-comunione-e-liberazione\/#article","isPartOf":{"@id":"https:\/\/www.rassegnastampa-totustuus.it\/cattolica\/dimensioni-spirituali-di-comunione-e-liberazione\/"},"author":{"name":"Redazione","@id":"https:\/\/www.rassegnastampa-totustuus.it\/cattolica\/#\/schema\/person\/08f319d2bd1a0904ad9e2bfb7b15e5c3"},"headline":"Dimensioni spirituali di Comunione e Liberazione","datePublished":"2017-08-21T22:00:06+00:00","dateModified":"2019-08-22T13:32:11+00:00","mainEntityOfPage":{"@id":"https:\/\/www.rassegnastampa-totustuus.it\/cattolica\/dimensioni-spirituali-di-comunione-e-liberazione\/"},"wordCount":2712,"publisher":{"@id":"https:\/\/www.rassegnastampa-totustuus.it\/cattolica\/#organization"},"image":{"@id":"https:\/\/www.rassegnastampa-totustuus.it\/cattolica\/dimensioni-spirituali-di-comunione-e-liberazione\/#primaryimage"},"thumbnailUrl":"https:\/\/www.rassegnastampa-totustuus.it\/cattolica\/wp-content\/uploads\/2019\/08\/cattolici_CL.jpeg","keywords":["Comunione e liberazione","movimenti ecclesiali"],"articleSection":["Chiesa"],"inLanguage":"it-IT"},{"@type":"WebPage","@id":"https:\/\/www.rassegnastampa-totustuus.it\/cattolica\/dimensioni-spirituali-di-comunione-e-liberazione\/","url":"https:\/\/www.rassegnastampa-totustuus.it\/cattolica\/dimensioni-spirituali-di-comunione-e-liberazione\/","name":"Dimensioni spirituali di Comunione e Liberazione - Rassegna Stampa Cattolica","isPartOf":{"@id":"https:\/\/www.rassegnastampa-totustuus.it\/cattolica\/#website"},"primaryImageOfPage":{"@id":"https:\/\/www.rassegnastampa-totustuus.it\/cattolica\/dimensioni-spirituali-di-comunione-e-liberazione\/#primaryimage"},"image":{"@id":"https:\/\/www.rassegnastampa-totustuus.it\/cattolica\/dimensioni-spirituali-di-comunione-e-liberazione\/#primaryimage"},"thumbnailUrl":"https:\/\/www.rassegnastampa-totustuus.it\/cattolica\/wp-content\/uploads\/2019\/08\/cattolici_CL.jpeg","datePublished":"2017-08-21T22:00:06+00:00","dateModified":"2019-08-22T13:32:11+00:00","description":"Rassegna Stampa Cattolica - Per una cultura che nasce dalla Rivelazione cristiana in conformit\u00e0 alla tradizione e al Magistero della Chiesa in opposizione ad ogni relativismo e totalitarismo","breadcrumb":{"@id":"https:\/\/www.rassegnastampa-totustuus.it\/cattolica\/dimensioni-spirituali-di-comunione-e-liberazione\/#breadcrumb"},"inLanguage":"it-IT","potentialAction":[{"@type":"ReadAction","target":["https:\/\/www.rassegnastampa-totustuus.it\/cattolica\/dimensioni-spirituali-di-comunione-e-liberazione\/"]}]},{"@type":"ImageObject","inLanguage":"it-IT","@id":"https:\/\/www.rassegnastampa-totustuus.it\/cattolica\/dimensioni-spirituali-di-comunione-e-liberazione\/#primaryimage","url":"https:\/\/www.rassegnastampa-totustuus.it\/cattolica\/wp-content\/uploads\/2019\/08\/cattolici_CL.jpeg","contentUrl":"https:\/\/www.rassegnastampa-totustuus.it\/cattolica\/wp-content\/uploads\/2019\/08\/cattolici_CL.jpeg","width":869,"height":595},{"@type":"BreadcrumbList","@id":"https:\/\/www.rassegnastampa-totustuus.it\/cattolica\/dimensioni-spirituali-di-comunione-e-liberazione\/#breadcrumb","itemListElement":[{"@type":"ListItem","position":1,"name":"Home","item":"https:\/\/www.rassegnastampa-totustuus.it\/cattolica\/"},{"@type":"ListItem","position":2,"name":"Dimensioni spirituali di Comunione e Liberazione"}]},{"@type":"WebSite","@id":"https:\/\/www.rassegnastampa-totustuus.it\/cattolica\/#website","url":"https:\/\/www.rassegnastampa-totustuus.it\/cattolica\/","name":"Rassegna Stampa Cattolica","description":"Per una cultura che nasce dalla Rivelazione cristiana in conformit\u00e0 alla tradizione e al Magistero della Chiesa in opposizione ad ogni relativismo e totalitarismo","publisher":{"@id":"https:\/\/www.rassegnastampa-totustuus.it\/cattolica\/#organization"},"alternateName":"Rass. Cattolica","potentialAction":[{"@type":"SearchAction","target":{"@type":"EntryPoint","urlTemplate":"https:\/\/www.rassegnastampa-totustuus.it\/cattolica\/?s={search_term_string}"},"query-input":{"@type":"PropertyValueSpecification","valueRequired":true,"valueName":"search_term_string"}}],"inLanguage":"it-IT"},{"@type":"Organization","@id":"https:\/\/www.rassegnastampa-totustuus.it\/cattolica\/#organization","name":"Rassegna Stampa Cattolica","url":"https:\/\/www.rassegnastampa-totustuus.it\/cattolica\/","logo":{"@type":"ImageObject","inLanguage":"it-IT","@id":"https:\/\/www.rassegnastampa-totustuus.it\/cattolica\/#\/schema\/logo\/image\/","url":"https:\/\/www.rassegnastampa-totustuus.it\/cattolica\/wp-content\/uploads\/2014\/04\/logo-rassegna1.gif","contentUrl":"https:\/\/www.rassegnastampa-totustuus.it\/cattolica\/wp-content\/uploads\/2014\/04\/logo-rassegna1.gif","width":600,"height":163,"caption":"Rassegna Stampa Cattolica"},"image":{"@id":"https:\/\/www.rassegnastampa-totustuus.it\/cattolica\/#\/schema\/logo\/image\/"},"sameAs":["https:\/\/www.facebook.com\/rassegnastampacattolica","https:\/\/x.com\/rassegnastampa9"]},{"@type":"Person","@id":"https:\/\/www.rassegnastampa-totustuus.it\/cattolica\/#\/schema\/person\/08f319d2bd1a0904ad9e2bfb7b15e5c3","name":"Redazione","image":{"@type":"ImageObject","inLanguage":"it-IT","@id":"https:\/\/secure.gravatar.com\/avatar\/2fcdf27c78ea025fbdb44e914cc63c72249ffec9dc8aafd5c82b26240ef3f346?s=96&d=mm&r=g","url":"https:\/\/secure.gravatar.com\/avatar\/2fcdf27c78ea025fbdb44e914cc63c72249ffec9dc8aafd5c82b26240ef3f346?s=96&d=mm&r=g","contentUrl":"https:\/\/secure.gravatar.com\/avatar\/2fcdf27c78ea025fbdb44e914cc63c72249ffec9dc8aafd5c82b26240ef3f346?s=96&d=mm&r=g","caption":"Redazione"},"url":"https:\/\/www.rassegnastampa-totustuus.it\/cattolica\/author\/pietroelle\/"}]}},"_links":{"self":[{"href":"https:\/\/www.rassegnastampa-totustuus.it\/cattolica\/wp-json\/wp\/v2\/posts\/44089","targetHints":{"allow":["GET"]}}],"collection":[{"href":"https:\/\/www.rassegnastampa-totustuus.it\/cattolica\/wp-json\/wp\/v2\/posts"}],"about":[{"href":"https:\/\/www.rassegnastampa-totustuus.it\/cattolica\/wp-json\/wp\/v2\/types\/post"}],"author":[{"embeddable":true,"href":"https:\/\/www.rassegnastampa-totustuus.it\/cattolica\/wp-json\/wp\/v2\/users\/6"}],"replies":[{"embeddable":true,"href":"https:\/\/www.rassegnastampa-totustuus.it\/cattolica\/wp-json\/wp\/v2\/comments?post=44089"}],"version-history":[{"count":2,"href":"https:\/\/www.rassegnastampa-totustuus.it\/cattolica\/wp-json\/wp\/v2\/posts\/44089\/revisions"}],"predecessor-version":[{"id":44105,"href":"https:\/\/www.rassegnastampa-totustuus.it\/cattolica\/wp-json\/wp\/v2\/posts\/44089\/revisions\/44105"}],"wp:featuredmedia":[{"embeddable":true,"href":"https:\/\/www.rassegnastampa-totustuus.it\/cattolica\/wp-json\/wp\/v2\/media\/44090"}],"wp:attachment":[{"href":"https:\/\/www.rassegnastampa-totustuus.it\/cattolica\/wp-json\/wp\/v2\/media?parent=44089"}],"wp:term":[{"taxonomy":"category","embeddable":true,"href":"https:\/\/www.rassegnastampa-totustuus.it\/cattolica\/wp-json\/wp\/v2\/categories?post=44089"},{"taxonomy":"post_tag","embeddable":true,"href":"https:\/\/www.rassegnastampa-totustuus.it\/cattolica\/wp-json\/wp\/v2\/tags?post=44089"}],"curies":[{"name":"wp","href":"https:\/\/api.w.org\/{rel}","templated":true}]}}