{"id":43951,"date":"2019-08-29T00:00:02","date_gmt":"2019-08-28T22:00:02","guid":{"rendered":"http:\/\/www.rassegnastampa-totustuus.it\/cattolica\/?p=43951"},"modified":"2019-08-22T10:09:34","modified_gmt":"2019-08-22T08:09:34","slug":"alle-origini-del-concetto-di-ideologia","status":"publish","type":"post","link":"https:\/\/www.rassegnastampa-totustuus.it\/cattolica\/alle-origini-del-concetto-di-ideologia\/","title":{"rendered":"Alle origini del concetto di ideologia"},"content":{"rendered":"<p style=\"text-align: center;\"><a href=\"https:\/\/www.rassegnastampa-totustuus.it\/cattolica\/wp-content\/uploads\/2014\/07\/A-Del-Noce.jpg\"><img loading=\"lazy\" decoding=\"async\" class=\"alignright wp-image-9033\" src=\"https:\/\/www.rassegnastampa-totustuus.it\/cattolica\/wp-content\/uploads\/2014\/07\/A-Del-Noce.jpg\" alt=\"\" width=\"124\" height=\"200\"><\/a>pubblicato in <strong><em>Ideologia e Filosofia<\/em><\/strong>, Morcelliana, Brescia, 1967, pp. 75-86<\/p>\n<p style=\"text-align: center;\">di <strong>Augusto Del Noce<\/strong><\/p>\n<p style=\"text-align: justify;\">Quando mi accinsi ad una ricerca sulle origini e sul significato del termine di ideologia alla fine del 700, credetti dapprima ci fosse ben poco da dire per riferimento a quello che esso ha al presente. La <em>sententia communis<\/em> \u00e8 infatti questa: il termine ideologia \u00e8 stato introdotto dal minore filosofo Destutt de Tracy, ma in lui ha riguardo al problema psico-gnoseologico dell&#8217;origine delle idee; un problema che sembra apparentemente molto lontano da quelli sociali e politici.<\/p>\n<p><!--more--><\/p>\n<p style=\"text-align: justify;\">Questo termine era poi pervenuto a Marx, e allora aveva preso il senso che dura tuttora. Con differenze, per\u00f2: perch\u00e9, per Marx, ideologia ha il significato di filosofia astratta, di filosofia delle pure idee, di filosofia speculativa che s&#8217;inserisce nella realt\u00e0 storica come giustificazione di un ordine storico dato; distinta perci\u00f2 dalla vera filosofia che \u00e8, s\u00ec, filosofia pratica, ma realizza l&#8217;universalit\u00e0 umana.<\/p>\n<p style=\"text-align: justify;\"><a href=\"https:\/\/www.rassegnastampa-totustuus.it\/cattolica\/wp-content\/uploads\/2009\/03\/karl_Marx.jpg\"><img loading=\"lazy\" decoding=\"async\" class=\"alignleft wp-image-31733\" src=\"https:\/\/www.rassegnastampa-totustuus.it\/cattolica\/wp-content\/uploads\/2009\/03\/karl_Marx.jpg\" alt=\"\" width=\"148\" height=\"200\"><\/a>Mentre per il sociologismo contemporaneo ideologia ha il significato di espressione storico-sociale di un gruppo, come soprastruttura spirituale di forze che non hanno niente di spirituale, come interessi di classe, motivazioni collettive incoscienti, condizioni concrete dell&#8217;esistenza sociale.<\/p>\n<p style=\"text-align: justify;\">Per cui il progresso delle scienze umane porterebbe alla scienza sociale, che finalmente, come piena estensione della ragione scientifica al mondo umano, compirebbe la sostituzione completa del discorso scientifico al discorso filosofico, chiarendo l&#8217;origine mondana, sociale e storica del pensiero metafisico.<\/p>\n<p style=\"text-align: justify;\">Il che nella dichiarazione, almeno, di alcuni rappresentanti di questa attitudine mentale non comporterebbe l&#8217;affermazione dell&#8217;impossibilit\u00e0 di esseri sopraumani: soltanto la parola di Dio dovrebbe essere demitizzata, il che significherebbe la fine completa di ogni forma di teologia scolastica.<\/p>\n<p style=\"text-align: justify;\">Ognuno vede la connessione tra sociologismo, pensiero religioso demitizzato, e psicanalisi intesa nel senso di scienza di liberazione dalle maschere. Bene inteso, con questo non intendo dir nulla contro la sociologia: al contrario, il mio giudizio \u00e8 esattamente quello della maestra incomparabile della mia generazione, Simone Weil: &#8220;<em>i tentativi contemporanei per fondare la scienza sociale concluderebbero&#8230; al prezzo di un po&#8217; pi\u00f9 di precisione. Occorrerebbe mettere alla base la nozione platonica del grande animale e descriverne minuziosamente, ]a anatomia, la fisiologia, i riflessi, naturali e condizionati&#8230;<\/em>&#8220;.<\/p>\n<p style=\"text-align: justify;\">Del resto l&#8217;impressione che si prova nella lettura dei sociologi grandissimi, ad esempio Pareto, \u00e8 proprio quella di chi, anche involontariamente; sia platonico, nel senso che abbia descritto il grande animale.<\/p>\n<p style=\"text-align: justify;\">L&#8217;importante \u00e8 che l&#8217;individuo umano non venga poi egli stesso inteso come un&#8217;astrazione che ha realt\u00e0 soltanto nel grande animale: tale invece \u00e8 la posizione del sociologismo che sta alla sociologia come lo scientismo sta alla scienza. Curiosamente, negli ultimi dieci anni l&#8217;avversario del pensiero religioso \u00e8 cambiato.<\/p>\n<p style=\"text-align: justify;\"><a href=\"https:\/\/www.rassegnastampa-totustuus.it\/cattolica\/wp-content\/uploads\/2019\/08\/ideologia.png\"><img loading=\"lazy\" decoding=\"async\" class=\"alignright wp-image-43953\" src=\"https:\/\/www.rassegnastampa-totustuus.it\/cattolica\/wp-content\/uploads\/2019\/08\/ideologia-300x203.png\" alt=\"\" width=\"250\" height=\"170\" srcset=\"https:\/\/www.rassegnastampa-totustuus.it\/cattolica\/wp-content\/uploads\/2019\/08\/ideologia-300x203.png 300w, https:\/\/www.rassegnastampa-totustuus.it\/cattolica\/wp-content\/uploads\/2019\/08\/ideologia-768x521.png 768w, https:\/\/www.rassegnastampa-totustuus.it\/cattolica\/wp-content\/uploads\/2019\/08\/ideologia.png 858w\" sizes=\"auto, (max-width: 250px) 100vw, 250px\" \/><\/a>In certo senso \u00e8 sempre il pensiero rivoluzionario, come fondato sull&#8217;idea di una &#8220;seconda nascita&#8221; chesisostituisce alla &#8220;seconda nascita&#8221; evangelica, e come pu\u00f2 sostituirsi, se non sostituendo alla pienezza del teismo quella dell&#8217;ateismo? &nbsp;Ma col marxismo si era nell&#8217;idea di una religione secolare, della trascrizione laica di un modulo messianico (una frase corrente parla di Marx, come dell\u2019ultimo &#8220;profeta ebreo&#8221;). Col sociologismo, invece, la rivoluzione \u00e8 pi\u00f9 profonda, proprio perch\u00e9 si tratta di una rivoluzione &#8220;silenziosa&#8221;.<\/p>\n<p style=\"text-align: justify;\">Un bellissimo passo di Henri Gouhier, scritto quando questi tempi nuovi ancora non si prevedevano, esprime nella maniera pi\u00f9 perfetta la singolarit\u00e0 e la maggiore radicalit\u00e0 atea del sociologismo: &nbsp;&#8220;Fondando la filosofia positiva, il padre della sociologia merita la missione che i rivoluzionari si erano accaparrati. Il culto della Ragione supponeva Dio e l&#8217;anima esclusi, dall&#8217;universo; non era che un&#8217;anticipazione, sino a che la nostra ignoranza dell&#8217;ordine umano avrebbe permesso all&#8217;anima e a Dio di rifugiarvisi.<\/p>\n<p style=\"text-align: justify;\"><em>Creare la sociologia, \u00e8 appunto scoprire un uomo senza tracce di Dio; constatare che la filosofia \u00e8 positiva \u00e8 avere il diritto di non fare pi\u00f9 i conti con le idee teologiche o metafisiche.<\/em> Una prima differenza capitale oppone l&#8217;opera di Comte ai tentativi gi\u00e0 ispirati dalla stessa ambizione: prima di inaugurare un culto e di ordinare dei preti, occorre sapere quel che si deve insegnare: la teoria viene prima della pratica, la filosofia prima della morale; la verit\u00e0 prima dell&#8217;istituzione.<\/p>\n<p style=\"text-align: justify;\">Da ci\u00f2 l&#8217;inevitabile lunghezza dell&#8217;impresa e altres\u00ec la sua serenit\u00e0: il successo \u00e8 garantito, ogni tentativo di resurrezione \u00e8 impossibile e ogni sforzo contrario perfettamente vano. I rivoluzionari erano degli accaniti demolitori; Comte non pensa neppure a stabilire che Dio non esiste. Non si dimostra l&#8217;esistenza o la non esistenza di un essere: si constata la sua presenza o la sua assenza: come Minerva e Apollo, Dio \u00e8 partito senza lasciare questioni&#8221; (Henri gouhier, <em>La jeunesse d&#8217;Auguste Comte et la formation du positivisme,<\/em> 1, <em>Sous le signe de la libert\u00e9,<\/em> Paris, Vrin, 1933, p. 23; sottolineatura mia).<\/p>\n<div id=\"attachment_32390\" style=\"width: 241px\" class=\"wp-caption alignleft\"><a href=\"https:\/\/www.rassegnastampa-totustuus.it\/cattolica\/wp-content\/uploads\/2005\/05\/August-Comte.jpg\"><img loading=\"lazy\" decoding=\"async\" aria-describedby=\"caption-attachment-32390\" class=\"wp-image-32390 size-full\" src=\"https:\/\/www.rassegnastampa-totustuus.it\/cattolica\/wp-content\/uploads\/2005\/05\/August-Comte.jpg\" alt=\"\" width=\"241\" height=\"209\"><\/a><p id=\"caption-attachment-32390\" class=\"wp-caption-text\">August Comte<\/p><\/div>\n<p style=\"text-align: justify;\">Con l&#8217;aggiunta, in nota, di questa preziosa citazione del <em>Discours sur l&#8217;esprit positif:<\/em> &nbsp;&#8220;Nessuno, senza dubbio, ha mai dimostrato logicamente la non esistenza di Apollo, di Minerva ecc..,, n\u00e9 quella delle fate orientali o delle diverse creazioni poetiche; ma questo non ha in nessun modo impedito allo spirito umano di abbandonare irrevocabilmente i dogmi antichi, quando essi hanno infine cessato di convenire all&#8217;insieme della sua situazione&#8221;.<\/p>\n<p style=\"text-align: justify;\">Forse quello che poteva essere meno previsto, or sono vent&#8217;anni, \u00e8 la curiosa nuova attualit\u00e0 di Comte; che s&#8217;inquadra in un pensiero, qualche volta sfiorato, ma certo mai adeguatamente, e tanto meno, esaurito quello della ripetizione nel nostro secolo delle figure di pensiero dell&#8217;ottocento.<\/p>\n<p style=\"text-align: justify;\">Tuttavia \u00e8 anche vero che su questa attualit\u00e0 di Comte bisogna portare alcune precisazioni. La prima riguarda una curiosa osservazione della sorella del filosofo. Alice Comte: &#8220;Il culto della Umanit\u00e0 compromette l&#8217;avvenire del positivismo politico.<\/p>\n<p style=\"text-align: justify;\">Le masse sono credenti: attaccare la loro fede \u00e8 perdere tutto, mentre che il tuo sistema appoggiato sul cattolicesimo avrebbe un pi\u00f9 gran numero di partigiani. Presentimento d&#8217;un cattolicesimo positivista o di un positivismo cattolico! L&#8217;umile damigella non prevedeva n\u00e9 Bruneti\u00e8re n\u00e9 Ch. Maurras. Per\u00f2 dava, gi\u00e0 nel 1849, una formula che l&#8217;avvenire avrebbe ritrovato&#8221; (<em>Op. cit.,<\/em> pp. 49-50).<\/p>\n<p style=\"text-align: justify;\">Diciamo: il positivismo comtiano non poteva, nella sua forma, raggiungere la coscienza popolare; perch\u00e9 la raggiungesse occorreva la mediazione di qualcosa d&#8217;altro, di un pensiero nelle apparenze estremamente lontano dal comtismo, e questo era appunto, in quella sua straordinaria capacit\u00e0 di attingere le masse, il marxismo. Di pi\u00f9 il pensiero di Comte doveva spogliarsi degli aspetti per cui si presentava, come una religione nuova: e a questo punto noi dobbiamo incontrare il problema dell&#8217;attualit\u00e0 presente della forma mentale degli ideologi.<\/p>\n<p style=\"text-align: justify;\">La ricerca a cui accennavo \u00e8 appena iniziata e mi limiter\u00f2 a darne, per cos\u00ec dire, lo scheletro. Dir\u00f2 perci\u00f2 brevemente di sette temi storici di cui essa dovrebbe trattare.<\/p>\n<div id=\"attachment_43958\" style=\"width: 205px\" class=\"wp-caption alignright\"><a href=\"https:\/\/www.rassegnastampa-totustuus.it\/cattolica\/wp-content\/uploads\/2019\/08\/Etienne_Condillac.jpg\"><img loading=\"lazy\" decoding=\"async\" aria-describedby=\"caption-attachment-43958\" class=\"wp-image-43958 size-full\" src=\"https:\/\/www.rassegnastampa-totustuus.it\/cattolica\/wp-content\/uploads\/2019\/08\/Etienne_Condillac.jpg\" alt=\"\" width=\"205\" height=\"246\"><\/a><p id=\"caption-attachment-43958\" class=\"wp-caption-text\">Etienne de Condillac<\/p><\/div>\n<p style=\"text-align: justify;\"><strong>1.<\/strong> L&#8217;errore fondamentale, compiuto a proposito della situazione storica degli ideologi, \u00e8 stato quello di considerarli <em>in primo luogo<\/em> come discepoli di Condillac. Invece, essi devono essere visti anzitutto come discepoli di Condorcet, anche se hanno utilizzato, per completare le vedute di Condorcet, la teoria della conoscenza condillachiana.<\/p>\n<p style=\"text-align: justify;\">Questa falsa prospettiva ha fatto s\u00ec che essi siano stati totalmente assorbiti nello studio della formazione filosofica o di Maine de Biran o di Comte.<\/p>\n<p style=\"text-align: justify;\">I rapporti degli ideologi con Maine de Biran e con Comte sono stati magistralmente studiati nelle insigni opere di Henri GOUHIER, <em>La jeunesse d&#8217;Auguste Comte et la formation du positivisme,<\/em> t. I, <em>Sous le signe de la libert\u00e8,<\/em> Paris, Vrin, 1933; t. II, <em>Saint-Simon jusqu&#8217;\u00e0 la Restauration,<\/em> id., 1936; t. III, <em>Auguste Comte et Saint-Simon,<\/em> id., 1941; particolarmente importante, per il tema che qui interessa, il primo volume, dove si mette in luce la precedenza dell&#8217;influenza degli ideologi su quella di Saint-Simon e l&#8217;influenza condizionante che essa ha avuto sulla formazione del pensiero comtiano; <em>Les conversions de Maine de Biran,<\/em> id. ,1947. L&#8217;importanza di questi libri \u00e8 tale che essi possono ben dirsi il punto di partenza assolutamente indispensabile per lo studio degli ideologi.<\/p>\n<p style=\"text-align: justify;\">Rispetto alla genesi del positivismo, la loro importanza unica dipende dal fatto che vi si trovano chiarite le origini religiose del positivismo, in ragione del carattere religioso dell&#8217;idea di Rivoluzione. Resta per\u00f2 che, ora, l&#8217;attualit\u00e0 del sociologismo porta a indirizzare in altro senso la ricerca sugli ideologi, pur sotto la sua indispensabile guida.<\/p>\n<p style=\"text-align: justify;\">Un punto stupendamente illustrato dal Gouhier e che deve essere sempre tenuto presente, per la storia della mentalit\u00e0 sociologica, come sostituzione della sociologia alla filosofia, \u00e8 quello per cui Comte rappresenta, in certo senso, la riaffermazione di Destutt de Tracy dopo Biran; perch\u00e9 per liberarsi davvero dal punto di vista dell&#8217;interiorit\u00e0, occorreva oltrepassare l&#8217;ideologia uscita da Condillac, e il suo punto di vista individualistico (cfr. <em>Les conversions de Maine de Biran,<\/em> cit., p. 12 e passim).<\/p>\n<p style=\"text-align: justify;\"><a href=\"https:\/\/www.rassegnastampa-totustuus.it\/cattolica\/wp-content\/uploads\/2019\/08\/sociologia_persona.jpg\"><img loading=\"lazy\" decoding=\"async\" class=\"size-full wp-image-43956 alignleft\" src=\"https:\/\/www.rassegnastampa-totustuus.it\/cattolica\/wp-content\/uploads\/2019\/08\/sociologia_persona.jpg\" alt=\"\" width=\"275\" height=\"183\"><\/a>Occorreva cos\u00ec raggiungere il punto di vista per cui l&#8217;individuo non \u00e8 che una astrazione staccata dall&#8217;esistenza collettiva. Resta per\u00f2 che il sociologismo contemporaneo, se segue in ci\u00f2 l&#8217;antibiranismo comtiano e rifiuta il condillachismo, tuttavia, attraverso il rifiuto dello spirito della Restaurazione e della Filosofia della Storia, si approssima di pi\u00f9 alla pur imprecisa visione del Tracy.<\/p>\n<p style=\"text-align: justify;\">Nonostante la sua debolezza filosofica, qualche utilit\u00e0 pu\u00f2 ancora avere il vecchio libro di F. PICAVET, <em>Les id\u00e9ologues,<\/em> Alcan, Paris, 1891; nato da un richiamo, nella III Repubblica, all&#8217;ideale educativo degli ideologi, contro quel che rimaneva dell&#8217;ideale educativo della Restaurazione; \u00e8 molto ricco di materiali, che ancora attendono di essere vagliati filosoficamente. [Ora si \u00e8 aggiunto un assai notevole libro italiano: moravia S., <em>Il tramonto dell&#8217;illuminismo,<\/em> Laterza, Bari, 1968].<\/p>\n<p style=\"text-align: justify;\">Se li giudichiamo nella connessione a Condorcet, acquista carattere simbolico il fatto che questi abbia iniziato la sua attivit\u00e0 specificamente filosofica, con un&#8217;edizione di Pascal preceduta da un elogio che in realt\u00e0 \u00e8 il punto d&#8217;arrivo dell&#8217;anti-Pascal illuministico, cosicch\u00e9 Voltaire pot\u00e9 scriverne che si trattava dell&#8217;anti-Pascal, di un uomo di gran lunga superiore a Pascal, e D&#8217;Alembert di essere persuaso che il Pascal-Condorcet valeva molto di pi\u00f9 del Pascal giansenista.<\/p>\n<p style=\"text-align: justify;\"><strong>2.<\/strong> C&#8217;\u00e8 un perfetto riscontro per un verso tra il fallimento della rivoluzione francese nella sua forma giacobina, cio\u00e8 nella linea da Robespierre a Babeuf, e il sorgere dell&#8217;ideologismo e per l&#8217;altro tra il fallimento della rivoluzione marxista e il progressivo diffondersi del sociologismo negli ultimi quindici anni, particolarmente dalla destalinizzazione in poi, sino a che, oggi, il pensare in termini sociologistici \u00e8 diventata la forma corrente e quasi naturale del pensiero.<\/p>\n<p style=\"text-align: justify;\">Questo asserto cesser\u00e0 di apparire strano se si consideri come il sociologismo di oggi si presenti come <em>sostituzione della rivoluzione scientifica alla rivoluzione politica.<\/em> In Rousseau come in Marx c&#8217;\u00e8 l&#8217;idea della sostituzione della politica alla religione nella liberazione umana, onde l&#8217;elevazione nell&#8217;uno e nell&#8217;altro della politica a religione.<\/p>\n<p style=\"text-align: justify;\">Il sociologismo vuol essere la sostituzione della forma scientifica alla forma metafisica del pensiero, e si affida assai pi\u00f9 agli strumenti di diffusione culturale e alla pedagogia che alla rivoluzione politica. Per intendere il significato culturale degli ideologi bisogna perci\u00f2 guardare assai pi\u00f9 che alle loro scritture, alle istituzioni culturali da loro promosse, l&#8217;Istituto di Francia, pensato come l&#8217;enciclopedia vivente, e <em>l\u2019\u00c9cole polytechnique<\/em>. Gi\u00e0 nel 1798 il Destutt de Tracy aveva avanzato l&#8217;idea di una scuola politecnica &#8220;per le scienze morali e politiche&#8221; (cfr. gouhier, <em>Comte, <\/em>t. II, p. 42; <em>Manie de Biran,<\/em> p. 11).<\/p>\n<p style=\"text-align: justify;\">Che altro vuol dir questo se non la sostituzione delle scienze del mondo umano, della sociologia alla metafisica, se anche il termine di sociologia non \u00e8 ancora usato? E le scienze del mondo umano sono inserite in una scuola in cui la ricerca teorica \u00e8 strettamente unita alla finalit\u00e0 pratica, in modo che al criterio della rivelazione delle verit\u00e0 eterne si sostituisce quello dell&#8217;utilit\u00e0 politica e sociale.<\/p>\n<p style=\"text-align: justify;\">Queste origini di una rivoluzione fondata sulla scienza si sono ripercosse nell&#8217;apparire nella storia del pensiero francese di quel &#8220;cote des polytechniciens&#8221;, di cui Albert Thibaudet parlava un giorno a proposito di Comte e di Renouvier &#8220;rischiansi a creare una religione come si impara a scuola a fare un ponte o una strada&#8221;. (gouhier, <em>Comte,<\/em> I, p. 146). Linea di riformatori sociali che continua sino a Sorel, e oltre.<\/p>\n<p style=\"text-align: justify;\"><strong><a href=\"https:\/\/www.rassegnastampa-totustuus.it\/cattolica\/wp-content\/uploads\/2006\/04\/illuministi.jpg\"><img loading=\"lazy\" decoding=\"async\" class=\"size-full wp-image-30831 alignleft\" src=\"https:\/\/www.rassegnastampa-totustuus.it\/cattolica\/wp-content\/uploads\/2006\/04\/illuministi.jpg\" alt=\"\" width=\"200\" height=\"249\"><\/a>3.<\/strong> Gli ideologi rappresentano la difesa intransigente dell&#8217;essenza dell\u2019Illuminismo, dopo la crisi del pensiero rivoluzionario; e altres\u00ec dopo quella crisi del pensiero illuministico che \u00e8 rappresentata dal rousseauianismo, nei suoi due esiti, lo spirito giacobino e il romanticismo cattolico.<\/p>\n<p style=\"text-align: justify;\">Dissociandosi esplicitamente da ogni metafisica, rappresentano oggi il punto preciso in cui il neoilluminismo pu\u00f2 incontrarsi con l&#8217;illuminismo antico.<\/p>\n<p style=\"text-align: justify;\"><strong>4.<\/strong> Nonostante il diverso linguaggio bisogna dire che soprattutto nel Tracy si trova gi\u00e0 presente l&#8217;idea fondamentale del sociologismo di oggi, vale a dire la sostituzione della metafisica con la sociologia; con le scienze del mondo umano che dissolvono nelle loro origini mondane e terrestri le loro origini metafisiche. Si \u00e8 davanti, cio\u00e8, a un materialismo di tipo nuovo: a un materialismo che, per essere coerente, cessa di presentarsi come materialismo metafisico. Che perci\u00f2 pu\u00f2 restare insensibile alla critica che, pur all&#8217;interno della riabilitazione illuministica della sua natura umana, compiva Rousseau della linea del materialismo illuministico da Diderot ad Holbach e, implicitamente, a Sade.<\/p>\n<p style=\"text-align: justify;\">A questo punto dovrebbe essere considerata l&#8217;antitesi tra lo &#8220;spirito di Condorcet&#8221; e lo &#8220;spirito di Rousseau&#8221;<em>.<\/em> Se ci limitiamo qui all&#8217;antitesi fra l&#8217;ideologismo e la continuazione di Rousseau nel romanticismo cattolico, assume il suo giusto rilievo il <em>G\u00e9nie du Christianisme<\/em> di Chateaubriand, opera che pu\u00f2 venire giustamente apprezzata soltanto se si tiene presente che il suo avversario \u00e8 il pensiero degli ideologi; e che essa deve essere vista come la risposta alle <em>Ruines<\/em> dell&#8217;ideologo Volney, fondate sull&#8217;idea degli effetti perniciosi della religione per la civilt\u00e0; e che in questo, come nell&#8217;idea della sterilit\u00e0 del pensiero degli ideologi per l&#8217;arte, ha il suo primo significato e il suo non indifferente valore.<\/p>\n<p style=\"text-align: justify;\">Riguardo allo spirito antirousseauiano degli ideologi ha capitale importanza l&#8217;affermazione di Stendhal che in un passo del <em>journal,<\/em> scrive, nel 1804, che \u00e8 stato Tracy colui che gli ha permesso di &#8220;d\u00e9rousseauniser son jugement&#8221;, Notiamo che Stendhal vede in Tracy l&#8217;uomo che pi\u00f9 ha ammirato per i suoi scritti, il solo che abbia fatto una <em>rivoluzione <\/em>in lui; egli \u00e8 per lui il pi\u00f9 grande dei filosofi francesi, o per dir meglio il solo filosofo che i Francesi abbiano.<\/p>\n<p style=\"text-align: justify;\">La sua logica \u00e8 un&#8217;opera sublime; c&#8217;\u00e8 in lui pi\u00f9 profondit\u00e0 che in Helv\u00e9tius; egli anzi dispensa da tutti gli altri filosofi. Nello stesso<em> journal<\/em> in un passo del 1805, scrive che l&#8217;ideologia \u00e8 lo studio che potr\u00e0 dargli il talento dello Shakespeare. E con animo commosso ricorda l\u2019incontro che ebbe con lui il 4 ottobre 1817, tra l\u2019una e mezzo e le tre meno venti del pomeriggio.<\/p>\n<div id=\"attachment_24034\" style=\"width: 176px\" class=\"wp-caption alignright\"><a href=\"https:\/\/www.rassegnastampa-totustuus.it\/cattolica\/wp-content\/uploads\/2012\/06\/Jean-Jacques-Rousseau.png\"><img loading=\"lazy\" decoding=\"async\" aria-describedby=\"caption-attachment-24034\" class=\"wp-image-24034 size-full\" src=\"https:\/\/www.rassegnastampa-totustuus.it\/cattolica\/wp-content\/uploads\/2012\/06\/Jean-Jacques-Rousseau.png\" alt=\"\" width=\"176\" height=\"246\"><\/a><p id=\"caption-attachment-24034\" class=\"wp-caption-text\">Jean Jacques Rousseau<\/p><\/div>\n<p style=\"text-align: justify;\">Ma su questa suggestione o su questa sterilit\u00e0 artistica del pensiero degli ideologi, dovrebbe essere condotto un ampio discorso. Certamente si pu\u00f2 parlare di influenza degli ideologi su Leopardi, su Manzoni, su Stendhal. E tuttavia Leopardi abbandon\u00f2 l\u2019ottimismo degli ideologi per il pessimismo, i <em>Promessi Sposi<\/em> (in cui l\u2019influenza rosminiana mi sembra scarsissima) sono il libro della conversione dell&#8217;ideologo Manzoni, Stendhal abbandona l\u2019umanitarismo degli ideologi per procedere verso l\u2019egoismo e verso Nietzsche. Si pu\u00f2 vedere in questi abbandoni una riconferma del giudizio di Chateubriand.<\/p>\n<p style=\"text-align: justify;\"><strong>5.<\/strong> Posto questo, \u00e8 opportuno distinguere nella maniera pi\u00f9 rigorosa, gli ideologi nonch\u00e9 dai pensatori teocratici, De Maistre, De Bonald, ecc,, rispetto a cui si trovano in posizione rigorosamente opposta, dai teorici del liberalismo, da Constant a Tocqueville, ma anche dagli stessi sansimoniani e comtiani.<\/p>\n<p style=\"text-align: justify;\">E ci\u00f2 perch\u00e9 il comtismo ha accettato, pur rovesciandola, la critica maistriana e bonaldiana della rivoluzione francese.<\/p>\n<p style=\"text-align: justify;\">Perch\u00e9 anzi alle origini della riflessione di Comte si trovano De Maistre e De Bonald (&#8220;L&#8217;immortale scuola retrograda &#8211; egli scrive nel <em>Systeme de politique positive,<\/em> III, p<em>.<\/em> 605 -, sotto la nobile presidenza di De Maistre, completata da De Bonald, di cui io mi ero appropriato sin dall&#8217;inizio tutti i princ\u00ecpi essenziali che non sono oggi apprezzati che nella scuola positivista&#8221;); e se \u00e8 vero che, secondo le sue indicazioni, \u00e8 da Condorcet che deriva l&#8217;idea del progresso e della dinamica sociale, \u00e8 anche vero che per lui \u00e8 l&#8217;ordine che domina il progresso e la controrivoluzione che domina la rivoluzione; per cui si \u00e8 potuto parlare del suo pensiero come di una restaurazione del cattolicesimo senza il cristianesimo, e si sa quanto successo abbia avuto questa posizione anche dal punto di vista politico; \u00e8 curioso che il prolungamento politico del comtismo che abbia avuto maggiore eco sia stato <em>l&#8217;Action fran\u00e7aise,<\/em> mentre il radicalismo anticlericale del &#8220;partito degli Intellettuali&#8221; francesi si form\u00f2 sulle idee del suo avversario Renouvier, che poi concluse in una sia pur molto eretica forma di &#8220;filosofia cristiana&#8221;<em>.<\/em><\/p>\n<p style=\"text-align: justify;\"><a href=\"https:\/\/www.rassegnastampa-totustuus.it\/cattolica\/wp-content\/uploads\/2019\/08\/action_francaise.png\"><img loading=\"lazy\" decoding=\"async\" class=\"alignleft wp-image-43957\" src=\"https:\/\/www.rassegnastampa-totustuus.it\/cattolica\/wp-content\/uploads\/2019\/08\/action_francaise.png\" alt=\"\" width=\"200\" height=\"200\" srcset=\"https:\/\/www.rassegnastampa-totustuus.it\/cattolica\/wp-content\/uploads\/2019\/08\/action_francaise.png 225w, https:\/\/www.rassegnastampa-totustuus.it\/cattolica\/wp-content\/uploads\/2019\/08\/action_francaise-150x150.png 150w\" sizes=\"auto, (max-width: 200px) 100vw, 200px\" \/><\/a>Da ci\u00f2 anche il carattere religioso che assume la sua sociologia come religione dell\u2019umanit\u00e0 e il modello cercato nella teocrazia medievale, di cui la sociocrazia deve essere l&#8217;analogo moderno.<\/p>\n<p style=\"text-align: justify;\">Questa appartenenza al clima della restaurazione fa s\u00ec che il comtismo \u00e8 sostanzialmente romantico, mentre l&#8217;ideologismo \u00e8 l&#8217;illuminismo separato da tutti gli aspetti che possono continuare nel romanticismo. Di conseguenza, Comte \u00e8 colui che vede un periodo di dissoluzione nell\u2019et\u00e0 che va dal protestantesimo alla rivoluzione francese, mentre l&#8217;assenza di qualsiasi richiamo al medioevo specifica il pensiero ideologico.<\/p>\n<p style=\"text-align: justify;\">Ossia Comte \u00e8 preoccupato della continuit\u00e0 col passato, e il suo pensiero si muove perci\u00f2 all&#8217;interno della visione gioachimita laicizzata della filosofia della storia; per gli ideologi, invece, il passaggio alla mentalit\u00e0 scientifica annulla la forma di pensiero superstiziosa tipica del passato.<\/p>\n<p style=\"text-align: justify;\"><strong>6.<\/strong> La considerazione della situazione storica degli ideologi, come illuminismo liberato da qualsiasi aspetto che possa continuare nel romanticismo, \u00e8 decisiva per definire la natura dell&#8217;opposizione tra la continuazione della filosofia classica tedesca e la filosofia italiana del Risorgimento.<\/p>\n<p style=\"text-align: justify;\">La filosofia tedesca incontra infatti, col marxismo, il materialismo settecentesco, ma \u00e8 curioso osservare come Marx non si accorga affatto, in quell&#8217;importantissimo schizzo della storia del materialismo moderno che \u00e8 contenuto nella <em>Sacra Famiglia,<\/em> della specificit\u00e0 della posizione degli ideologi. Scrive infatti Marx che &#8220;il materialismo meccanicista francese si colleg\u00f2 alla fisica di Cartesio in opposizione alla sua metafisica&#8230; questa scuola comincia col medico Leroy (Regius), attinge il suo apogeo col dottor Cabanis, ed \u00e8 il dottor Lamettrie che ne \u00e8 il centro&#8230;<\/p>\n<p style=\"text-align: justify;\"><a href=\"https:\/\/www.rassegnastampa-totustuus.it\/cattolica\/wp-content\/uploads\/2005\/07\/Marx.jpg\"><img loading=\"lazy\" decoding=\"async\" class=\"size-full wp-image-33366 alignright\" src=\"https:\/\/www.rassegnastampa-totustuus.it\/cattolica\/wp-content\/uploads\/2005\/07\/Marx.jpg\" alt=\"\" width=\"200\" height=\"252\"><\/a>Alla fine del XVIII secolo Cabanis port\u00f2 l&#8217;ultima mano al materialismo cartesiano nella sua opera <em>Sul rapporto tra il fisico e il morale dell&#8217;uomo<\/em>&#8220;. Ove \u00e8 da notare come Marx non si renda affatto conto della novit\u00e0 della posizione di Cabanis; in cui abbiamo un materialismo non pi\u00f9 metafisico e le prime linee di quel che si dir\u00e0 positivismo. Onde, anche, <em>l&#8217;assoluta mancanza di previsione del positivismo da parte del marxismo e il suo continuo cedere rispetto al positivismo.<\/em><\/p>\n<p style=\"text-align: justify;\">Il pensiero italiano del Risorgimento deve essere visto invece nella sua totale opposizione al pensiero degli ideologi. Ora, la mancata collocazione storica di questa forma di pensiero ha contribuito a far credere che il pensiero italiano del Risorgimento rappresenti, tutto sommato, un episodio provinciale.<\/p>\n<p style=\"text-align: justify;\">Opinione che \u00e8 destinata a cessare quando si consideri che il nuovo positivismo, oggi, \u00e8 portato a connettersi con la mentalit\u00e0 degli ideologi nella misura in cui ripensa illuministicamente, liberandolo cio\u00e8 dagli aspetti per cui \u00e8 una romanticizzazione della scienza, il positivismo ottocentesco.<\/p>\n<p style=\"text-align: justify;\">La consueta prospettiva storica sulla riduzione degli ideologi a meri continuatori del sensismo, \u00e8 ricca di conseguenze perch\u00e9 porta al consueto giudizio: Kant aveva davanti in Hume &#8220;il genio dell&#8217;empirismo&#8221;; Rosmini, invece, avversari di molto minore rilievo quali Condillac e i sensisti. Perci\u00f2 la filosofia italiana dell&#8217;epoca del Risorgimento ha rispetto alla filosofia tedesca un carattere di provincialit\u00e0.<\/p>\n<p style=\"text-align: justify;\">Da cui si passa al successivo: quel che c&#8217;\u00e8 di valido in Rosmini \u00e8 quel che Kant ha detto meglio ecc. E quando anche ci si vuole opporre all&#8217;immanentismo della filosofia classica tedesca, il ricorso deve essere a Schelling, ai prolungamenti dello schellinghismo, oggi a Heidegger ecc.<\/p>\n<p style=\"text-align: justify;\">Attraverso Schelling, attraverso Heidegger non attraverso Rosmini parlerebbe ancora a noi, contro <em>l\u2019hybris<\/em> del sociologismo, la voce della metafisica. Penso che l&#8217;esatta posizione degli ideologi potrebbe servire a modificare completamente questo giudizio.<\/p>\n<p style=\"text-align: justify;\">Se i termini dell&#8217;antitesi filosofica sono oggi la concezione rivelativa e l&#8217;espressivistica del pensiero, la via per riaffermare la prima deve essere cercata nel pensiero italiano piuttosto che nel pensiero tedesco.<\/p>\n<p style=\"text-align: justify;\"><strong>7.<\/strong> Tutta la tradizione del pensiero italiano \u00e8 del resto diretta contro la tradizione del pensiero ideologico; e val la pena di sottolineare le origini del pensiero di Gentile, e l\u2019estremamente significativo e importante primo capitolo del suo <em>Rosmini e Gioberti <\/em>del 1898.<\/p>\n<p style=\"text-align: justify;\">Si presenta qui il problema del come negli ultimi vent&#8217;anni il sociologismo abbia potuto penetrare in Italia, in Italia assai pi\u00f9 che in Francia, nonostante la completa estraneit\u00e0 alla tradizione del pensiero italiano; e questo finora mai trattato problema meriterebbe attenta considerazione.<\/p>\n<p style=\"text-align: justify;\"><a href=\"https:\/\/www.rassegnastampa-totustuus.it\/cattolica\/wp-content\/uploads\/2016\/01\/Rivoluzione_francese.jpg\"><img loading=\"lazy\" decoding=\"async\" class=\"alignleft wp-image-29233 size-full\" src=\"https:\/\/www.rassegnastampa-totustuus.it\/cattolica\/wp-content\/uploads\/2016\/01\/Rivoluzione_francese.jpg\" alt=\"\" width=\"250\" height=\"202\"><\/a>Mi limiter\u00f2, ora, procedendo per accenni, a disegnare i primi tratti di una ricerca mirante ad accertare che il termine di ideologia nasce in un contesto per cui la vera rivoluzione \u00e8 caratterizzata dalla sostituzione della conoscenza scientifica alla conoscenza metafisica; come conoscenza, la prima, che serve a unire gli uomini e permette la pace e il progresso della felicit\u00e0 umana, mentre la conoscenza metafisica non soltanto \u00e8 sterile rispetto a tale accrescimento, ma altres\u00ec, per le controversie insolubili a cui da luogo, divide gli uomini e porta ai governi tirannici; nasce quindi gi\u00e0 carico di tutti quei significati che il sociologismo posteriore metter\u00e0 in luce.<\/p>\n<p style=\"text-align: justify;\">Rapporto con la rivoluzione francese ben visibile dal fatto che gli ideologi vogliono esserne i teorici, anche se la loro influenza si \u00e8 di fatto ristretta al periodo del Direttorio e ai primi anni del Consolato. I due nomi pi\u00f9 noti in questa corrente sono il Cabanis e il Destutt de Tracy.<\/p>\n<p style=\"text-align: justify;\">Appartiene il primo alla storia della medicina e alla storia della sociologia, cogliendo il vincolo tra le due discipline; \u00e8 infatti tra gli iniziatori della medicina sociale e di quelle che oggi si dicono le ricerche sull&#8217;orientamento professionale.<\/p>\n<p style=\"text-align: justify;\">Il carattere antimetafisico del suo pensiero \u00e8 ben visibile nella sua opera principale, i <em>Rapports du physique et du moral de l&#8217;Homme,<\/em> che infatti vuol essere un&#8217;antropologia da cui sia rigorosamente messa da parte, ogni connessione con la metafisica. Il punto in cui si separa da Condillac \u00e8 infatti quello in cui precisa che vuoi trattare dell&#8217;anima come di una &#8220;facolt\u00e0&#8221; e non di un &#8220;essere&#8221;, abbandonando come termini pressoch\u00e9 privi di senso quelli di teismo, ateismo, spiritualismo, materialismo.<\/p>\n<p style=\"text-align: justify;\"><a href=\"https:\/\/www.rassegnastampa-totustuus.it\/cattolica\/wp-content\/uploads\/2019\/07\/ideologia.jpg\"><img loading=\"lazy\" decoding=\"async\" class=\"size-full wp-image-43436 alignright\" src=\"https:\/\/www.rassegnastampa-totustuus.it\/cattolica\/wp-content\/uploads\/2019\/07\/ideologia.jpg\" alt=\"\" width=\"235\" height=\"214\"><\/a>Di fatto, per\u00f2, questa psicofisiologia illustra il condizionamento degli stati mentali da parte degli stati corporei. Ora, \u00e8 proprio per sancire questa separazione dalla metafisica, che Destutt de Tracy conia il termine di ideologia. Condillac aveva parlato di psicologia come scienza dell&#8217;anima, ma con ci\u00f2 sembrava tendere a una conoscenza di questo essere come distinto dal corpo, facendo credere che la ricerca fosse ancora orientata verso le cause prime, non verso la conoscenza dei tatti psichici, delle loro connessioni e delle loro conseguenze pratiche.<\/p>\n<p style=\"text-align: justify;\">La parola &#8220;ideologia&#8221; ha invece per Tracy questo merito: di non risvegliare alcuna idea di causa, di non volere risalire in alcun modo a una metafisica come considerazione della natura degli esseri, dei diversi ordini di realt\u00e0, della loro causa prima. Se noi guardiamo quel che di fatto sono gli elementi di ideologia, vi troviamo queste <em>tesi<\/em> essenziali; che la metafisica, cio\u00e8 la disciplina che ha per oggetto di determinare il principio e il fine di tutte le cose, rientra nelle arti di immaginazione, che possono soddisfarci ma non istruirci.<\/p>\n<p style=\"text-align: justify;\">La sensibilit\u00e0 e la memoria sono risultati di un&#8217;organizzazione che \u00e8 impenetrabile per noi. Noi ignoriamo la natura del movimento operato nei nervi e seguito da una percezione. L&#8217;unica cosa utile \u00e8 di studiare quel che \u00e8, come si presenta di fatto, per conoscerlo e trarre da questa conoscenza i vantaggi pratici. Sotto questo rapporto egli pu\u00f2 dire che l&#8217;ideologia \u00e8 per lui una parte della zoologia e che il suo studio consiste interamente in osservazioni e che non v&#8217;\u00e8 nulla in esso di pi\u00f9 misterioso o di pi\u00f9 nebuloso che nelle altre parti della storia naturale.<\/p>\n<p style=\"text-align: justify;\">Si tratta di operare anche a proposito delle idee, quel passaggio dalla ricerca delle cause a quella delle leggi, che ha caratterizzato la nuova scienza. &nbsp;Il riassunto della sua veduta complessiva pu\u00f2 forse essere espresso nei termini che troviamo in una pagina dello <em>Zibaldone<\/em> di Leopardi, che, come \u00e8 noto, fu fortemente influenzato dal pensiero degli ideologi: &#8220;Io veggo dei corpi che pensano e che sentono.<\/p>\n<p style=\"text-align: justify;\"><a href=\"https:\/\/www.rassegnastampa-totustuus.it\/cattolica\/wp-content\/uploads\/2019\/08\/Leopardi_Zibaldone.jpg\"><img loading=\"lazy\" decoding=\"async\" class=\"size-full wp-image-43959 alignleft\" src=\"https:\/\/www.rassegnastampa-totustuus.it\/cattolica\/wp-content\/uploads\/2019\/08\/Leopardi_Zibaldone.jpg\" alt=\"\" width=\"292\" height=\"173\"><\/a>Dico dei corpi; cio\u00e8 uomini ed animali; che io non veggo, non sento, non so ne posso sapere che siano altro che corpi. Dunque dir\u00f2: la materia pu\u00f2 pensare e sentire; pensa e sente \u2014 Signor no; anzi voi direte: la materia non pu\u00f2, in nessun modo mai, n\u00e9 pensare, n\u00e9 sentire. \u2014 Oh, perch\u00e9 \u2014 Perch\u00e9 noi non intendiamo come lo faccia. \u2014 Bellissima: intendiamo noi come attiri i corpi, come faccia quei mirabili effetti della elettricit\u00e0, come l&#8217;aria faccia il suono? Anzi, intendiamo forse punto che cosa sia la forza di attrazione, di gravita, di elasticit\u00e0; che cosa sia elettricit\u00e0; che cosa sia la forza della materia?<\/p>\n<p style=\"text-align: justify;\">E se non l&#8217;intendiamo, n\u00e9 potremo intenderlo mai, neghiamo noi per questo che la materia non sia capace di queste cose, quando noi vediamo che lo \u00e8? \u2014 Provatemi che la materia possa pensare e sentire. \u2014 Che ho io da provarlo? Il fatto lo prova.<\/p>\n<p style=\"text-align: justify;\">Noi veggiamo dei corpi che pensano e sentono; e voi, che siete un corpo, pensate e sentite&#8221;. Ci troviamo cio\u00e8 a questo punto davanti a un singolarissimo rovesciamento dell&#8217;occasionalismo completamente separato dall&#8217;ontologismo: dall&#8217;inadeguazione della causa all&#8217;effetto si ricava che noi dobbiamo stare puramente ai fatti senza risalire al perch\u00e9.<\/p>\n<p style=\"text-align: justify;\">Che la materia pensi o senta \u00e8 certo un fatto misterioso: ma non pi\u00f9 misterioso di quello che la materia attragga, che la materia sia elastica, che la materia sia sede di fenomeni elettrici. Sotto questo rapporto possiamo dire che negli ideologi troviamo il positivismo allo stato puro, prima del ripensamento in termini di filosofia della storia che ne ha fatto Comte. Gi\u00e0 Brunschvicg e poi Gouhier hanno messo in risalto la funzione dell&#8217;occasionalismo nella formazione del positivismo, sotto l&#8217;aspetto per cui esso \u00e8 sostituzione dell&#8217;idea di legge all&#8217;idea di causa (Cfr. L. Brunschvicg, <em>L\u2019esp\u00e8rience humaine et la causalit\u00e9 physique<\/em>, I parte, libro I, cap I e \u00a7 114, Alcan , Paris; Gouhier, <em>Comte<\/em>, t. III, Introduzione e <em>Maine de<\/em> <em>Biran<\/em>, pp. 133-184).<\/p>\n<div id=\"attachment_43971\" style=\"width: 295px\" class=\"wp-caption alignright\"><a href=\"https:\/\/www.rassegnastampa-totustuus.it\/cattolica\/wp-content\/uploads\/2019\/08\/Destutt-de-Tracy.png\"><img loading=\"lazy\" decoding=\"async\" aria-describedby=\"caption-attachment-43971\" class=\"wp-image-43971 size-full\" src=\"https:\/\/www.rassegnastampa-totustuus.it\/cattolica\/wp-content\/uploads\/2019\/08\/Destutt-de-Tracy.png\" alt=\"\" width=\"295\" height=\"171\"><\/a><p id=\"caption-attachment-43971\" class=\"wp-caption-text\">Destutt de Tracy<\/p><\/div>\n<p style=\"text-align: justify;\">Ci si accorge facilmente che la socianalisi delle ideologie non \u00e8 che la replica per la societ\u00e0 di questa posizione. Che cosa significa infatti il termine espressione nella tesi che l&#8217;ideologia \u00e8 l&#8217;espressione della situazione storico-sociale di un gruppo?<\/p>\n<p style=\"text-align: justify;\">Nient&#8217;altro che l&#8217;allargamento di questo materialismo nel passaggio da una concezione atomistica a una concezione sociale per cui l&#8217;individuo reale \u00e8 immerso in una situazione di vita associata. Ma, ancora, cerchiamo di fissare meglio il carattere materialistico del pensiero del Tracy.<\/p>\n<p style=\"text-align: justify;\">Pu\u00f2 sembrare a prima vista che il programma dell&#8217;ideologia abbia un carattere quasi fenomenologico: analisi delle idee e decomposizione del pensiero nei suoi elementi primi, indipendentemente da ogni riferimento alla realt\u00e0.<\/p>\n<p style=\"text-align: justify;\">Presto per\u00f2 ci si accorge che non \u00e8 cos\u00ec: per il Tracy si tratta di oltrepassare il coscienzialismo condillachiano attraverso la considerazione dell&#8217;idea di esteriorit\u00e0. Come riferiamo le sensazioni, date a noi quali pure modificazioni della coscienza, a realt\u00e0 esterne, questo \u00e8 il problema.<\/p>\n<p style=\"text-align: justify;\">Per il Tracy, a differenza che per Condillac, non \u00e8 il puro tatto, ma la facolt\u00e0 di muoversi e la coscienza del movimento, che ci mostra i corpi come causa delle nostre sensazioni: e questa facolt\u00e0 della mobilit\u00e0 \u00e8 il solo legame tra l&#8217;io e il resto degli esseri. &nbsp;Sotto questo riguardo ha particolarissima importanza la sua dissertazione sulla nozione di esistenza e le ipotesi di Malebranche e di Barkeley (1800).<\/p>\n<p style=\"text-align: justify;\"><a href=\"https:\/\/www.rassegnastampa-totustuus.it\/cattolica\/wp-content\/uploads\/2010\/10\/persona.jpg\"><img loading=\"lazy\" decoding=\"async\" class=\"size-full wp-image-29067 alignleft\" src=\"https:\/\/www.rassegnastampa-totustuus.it\/cattolica\/wp-content\/uploads\/2010\/10\/persona.jpg\" alt=\"\" width=\"258\" height=\"196\"><\/a>Tracy accetta da Berkeley il nominalismo e respinge l&#8217;immaterialismo. Non esiste un essere che si possa chiamare materia; parlare di materia come una realt\u00e0 unica \u00e8 ipostatizzare un&#8217;astrazione.<\/p>\n<p style=\"text-align: justify;\">Esistono soltanto dei corpi individuali. Ma respinge invece l&#8217;immaterialismo, perch\u00e9 senza la realt\u00e0 del mio corpo non avrei neppure l&#8217;idea della realt\u00e0 esterna. Posso affermare l&#8217;esistenza di qualcosa, solo in quanto questo qualcosa resiste ai miei movimenti volontari. Posso riconoscere che una cosa \u00e8, soltanto per il fatto che mi resiste e da questo fatto primitivo passo alle altre idee.<\/p>\n<p style=\"text-align: justify;\">Un corpo mi resiste in una maniera continua, ecco la genesi dell&#8217;idea di estensione; seguendo una certa direzione, ecco la genesi delle idee della figura e del movimento, \u00c8 vero che siamo con ci\u00f2 sulla linea del problema di Biran, che fu appunto allievo di Tracy. E tuttavia la tesi di Biran \u00e8 il completo rovesciamento di quella di Tracy, in una forma che questi menomamente non prevedeva.<\/p>\n<p style=\"text-align: justify;\">L&#8217;accento cade per lui sul termine movimento, anzich\u00e9 su quello volont\u00e0. Cosicch\u00e9 dalla tesi che esistere \u00e8 resistere, ricava l&#8217;idea che le nostre sensazioni sono il risultato dell&#8217;urto di esseri corporei, contro gli organi di senso che sono altres\u00ec esseri corporei.<\/p>\n<p style=\"text-align: justify;\">Cio\u00e8 la conoscenza non \u00e8 che un caso particolare del rapporto esterno tra due oggetti, dell&#8217;azione di una cosa sopra l&#8217;altra; e quel che il soggetto conosce \u00e8 la &#8220;modificazione&#8221; prodotta in lui dall&#8217;oggetto, modificazione che \u00e8 la rappresentazione dell&#8217;oggetto.<\/p>\n<p style=\"text-align: justify;\">\u00c8 perci\u00f2 che l&#8217;ideologia come analisi e decomposizione delle idee appare a lui, anche se non si esprime esattamente in questi termini, come demitizzazione delle idee elevate, e necessariamente connessa con la democrazia intesa, anch&#8217;essa in questo senso; il che risulta soprattutto dal <em>Commentaire sur Montesquieu<\/em> che ebbe grande influenza su Jefferson, influenza che \u00e8 un momento decisivo della penetrazione in America delle idee illuministiche.<\/p>\n<p style=\"text-align: justify;\"><a href=\"https:\/\/www.rassegnastampa-totustuus.it\/cattolica\/wp-content\/uploads\/2005\/06\/autocoscienza.jpg\"><img loading=\"lazy\" decoding=\"async\" class=\"size-full wp-image-28405 alignright\" src=\"https:\/\/www.rassegnastampa-totustuus.it\/cattolica\/wp-content\/uploads\/2005\/06\/autocoscienza.jpg\" alt=\"\" width=\"190\" height=\"266\"><\/a>Se scorriamo i frammenti delle ricerche sulla morale condotte dal Tracy tra il 1812 e il 1817, noi possiamo gi\u00e0 vedere come nel corso di questa sostituzione dell&#8217;ideologia alla metafisica, si generi la nozione di benessere.<\/p>\n<p style=\"text-align: justify;\">Gi\u00e0 si delineava allora la critica spiritualistica e si rivolgeva agli ideologi l&#8217;obiezione che una scienza dell&#8217;uomo ridotta allo studio del meccanismo psicofisiologico \u00e8 moralmente distruttiva perch\u00e9 nella sua prospettiva l&#8217;umanit\u00e0 appare come dominata da una necessit\u00e0 invincibile, e perci\u00f2 privata del merito e del demerito degli atti. Tracy risponde a questa critica col dire che la scienza \u00e8 per s\u00e9 assolutamente estranea a ogni giudizio valutativo, e non pu\u00f2 quindi essere qualificata, n\u00e9 come morale, n\u00e9 come non morale.<\/p>\n<p style=\"text-align: justify;\">\u00c8 soltanto valutabile per i suoi effetti in quanto offre strumenti di progresso tecnico. In questo senso, a differenza della religione, deve essere giudicata virtuosa, in quanto tende al bene dell&#8217;umanit\u00e0. Ma questo bene, una volta che venga abolita ogni definizione metafisica della moralit\u00e0, non pu\u00f2 altro essere che il benessere.<\/p>\n<p style=\"text-align: justify;\"><a href=\"https:\/\/www.rassegnastampa-totustuus.it\/cattolica\/wp-content\/uploads\/2019\/08\/Kant_critica_ragion_pratica.jpg\"><img loading=\"lazy\" decoding=\"async\" class=\"size-full wp-image-43961 alignleft\" src=\"https:\/\/www.rassegnastampa-totustuus.it\/cattolica\/wp-content\/uploads\/2019\/08\/Kant_critica_ragion_pratica.jpg\" alt=\"\" width=\"185\" height=\"272\"><\/a>L&#8217;ideologismo si incontra cos\u00ec con l&#8217;utilitarismo, e col problema della convenienza tra il benessere individuale e il benessere generale, tema che dal sociologismo non \u00e8 mai abbandonato. Un&#8217;ulteriore ricerca dovrebbe riguardare la sua interpretazione di Kant. Per filologicamente inadeguata che possa apparire, contiene per\u00f2 un&#8217;indicazione che non dovrebbe essere trascurata.<\/p>\n<p style=\"text-align: justify;\">Essa infatti si inserisce all&#8217;inizio della linea che attraverso l&#8217;abbandono della <em>Critica della Ragion Pratica<\/em> e del Kant metafisico giunge coerentemente a un&#8217;interpretazione materialistica del kantismo; linea che \u00e8 stata sostenuta anche di recente (Cfr<strong>.<\/strong> l&#8217;interessante e assai pi\u00f9 importante di quel che generalmente si pensi, libro di G. Rensi, <em>Il<\/em> <em>materialismo critico.<\/em> Roma, 1934).<\/p>\n","protected":false},"excerpt":{"rendered":"<p>pubblicato in Ideologia e Filosofia, Morcelliana, Brescia, 1967, pp. 75-86 di Augusto Del Noce Quando mi accinsi ad una ricerca sulle origini e sul significato del termine di ideologia alla fine del 700, credetti dapprima ci fosse ben poco da dire per riferimento a quello che esso ha al presente. La sententia communis \u00e8 infatti &hellip; <\/p>\n<p><a class=\"more-link btn\" href=\"https:\/\/www.rassegnastampa-totustuus.it\/cattolica\/alle-origini-del-concetto-di-ideologia\/\">Continua a leggere<\/a><\/p>\n","protected":false},"author":6,"featured_media":43953,"comment_status":"closed","ping_status":"closed","sticky":false,"template":"","format":"standard","meta":{"footnotes":""},"categories":[66,57],"tags":[1695,170,174],"class_list":["post-43951","post","type-post","status-publish","format-standard","has-post-thumbnail","hentry","category-adel-noce-scritti","category-filosofia","tag-augusto-del-noce","tag-filosofia-2","tag-ideologia","item-wrap"],"yoast_head":"<!-- This site is optimized with the Yoast SEO plugin v27.5 - https:\/\/yoast.com\/product\/yoast-seo-wordpress\/ -->\n<title>Alle origini del concetto di ideologia - Rassegna Stampa Cattolica<\/title>\n<meta name=\"description\" content=\"Rassegna Stampa Cattolica - Per una cultura che nasce dalla Rivelazione cristiana in conformit\u00e0 alla tradizione e al Magistero della Chiesa in opposizione ad ogni relativismo e totalitarismo\" \/>\n<meta name=\"robots\" content=\"index, follow, max-snippet:-1, max-image-preview:large, max-video-preview:-1\" \/>\n<link rel=\"canonical\" href=\"https:\/\/www.rassegnastampa-totustuus.it\/cattolica\/alle-origini-del-concetto-di-ideologia\/\" \/>\n<meta property=\"og:locale\" content=\"it_IT\" \/>\n<meta property=\"og:type\" content=\"article\" \/>\n<meta property=\"og:title\" content=\"Alle origini del concetto di ideologia - Rassegna Stampa Cattolica\" \/>\n<meta property=\"og:description\" content=\"Rassegna Stampa Cattolica - Per una cultura che nasce dalla Rivelazione cristiana in conformit\u00e0 alla tradizione e al Magistero della Chiesa in opposizione ad ogni relativismo e totalitarismo\" \/>\n<meta property=\"og:url\" content=\"https:\/\/www.rassegnastampa-totustuus.it\/cattolica\/alle-origini-del-concetto-di-ideologia\/\" \/>\n<meta property=\"og:site_name\" content=\"Rassegna Stampa Cattolica\" \/>\n<meta property=\"article:publisher\" content=\"https:\/\/www.facebook.com\/rassegnastampacattolica\" \/>\n<meta property=\"article:published_time\" content=\"2019-08-28T22:00:02+00:00\" \/>\n<meta property=\"og:image\" content=\"https:\/\/www.rassegnastampa-totustuus.it\/cattolica\/wp-content\/uploads\/2019\/08\/ideologia.png\" \/>\n\t<meta property=\"og:image:width\" content=\"858\" \/>\n\t<meta property=\"og:image:height\" content=\"582\" \/>\n\t<meta property=\"og:image:type\" content=\"image\/png\" \/>\n<meta name=\"author\" content=\"Redazione\" \/>\n<meta name=\"twitter:card\" content=\"summary_large_image\" \/>\n<meta name=\"twitter:creator\" content=\"@rassegnastampa9\" \/>\n<meta name=\"twitter:site\" content=\"@rassegnastampa9\" \/>\n<meta name=\"twitter:label1\" content=\"Scritto da\" \/>\n\t<meta name=\"twitter:data1\" content=\"Redazione\" \/>\n\t<meta name=\"twitter:label2\" content=\"Tempo di lettura stimato\" \/>\n\t<meta name=\"twitter:data2\" content=\"25 minuti\" \/>\n<script type=\"application\/ld+json\" class=\"yoast-schema-graph\">{\"@context\":\"https:\\\/\\\/schema.org\",\"@graph\":[{\"@type\":\"Article\",\"@id\":\"https:\\\/\\\/www.rassegnastampa-totustuus.it\\\/cattolica\\\/alle-origini-del-concetto-di-ideologia\\\/#article\",\"isPartOf\":{\"@id\":\"https:\\\/\\\/www.rassegnastampa-totustuus.it\\\/cattolica\\\/alle-origini-del-concetto-di-ideologia\\\/\"},\"author\":{\"name\":\"Redazione\",\"@id\":\"https:\\\/\\\/www.rassegnastampa-totustuus.it\\\/cattolica\\\/#\\\/schema\\\/person\\\/08f319d2bd1a0904ad9e2bfb7b15e5c3\"},\"headline\":\"Alle origini del concetto di ideologia\",\"datePublished\":\"2019-08-28T22:00:02+00:00\",\"mainEntityOfPage\":{\"@id\":\"https:\\\/\\\/www.rassegnastampa-totustuus.it\\\/cattolica\\\/alle-origini-del-concetto-di-ideologia\\\/\"},\"wordCount\":5204,\"publisher\":{\"@id\":\"https:\\\/\\\/www.rassegnastampa-totustuus.it\\\/cattolica\\\/#organization\"},\"image\":{\"@id\":\"https:\\\/\\\/www.rassegnastampa-totustuus.it\\\/cattolica\\\/alle-origini-del-concetto-di-ideologia\\\/#primaryimage\"},\"thumbnailUrl\":\"https:\\\/\\\/www.rassegnastampa-totustuus.it\\\/cattolica\\\/wp-content\\\/uploads\\\/2019\\\/08\\\/ideologia.png\",\"keywords\":[\"Augusto Del Noce\",\"filosofia\",\"ideologia\"],\"articleSection\":[\"A.Del Noce - scritti\",\"Filosofia\"],\"inLanguage\":\"it-IT\"},{\"@type\":\"WebPage\",\"@id\":\"https:\\\/\\\/www.rassegnastampa-totustuus.it\\\/cattolica\\\/alle-origini-del-concetto-di-ideologia\\\/\",\"url\":\"https:\\\/\\\/www.rassegnastampa-totustuus.it\\\/cattolica\\\/alle-origini-del-concetto-di-ideologia\\\/\",\"name\":\"Alle origini del concetto di ideologia - Rassegna Stampa Cattolica\",\"isPartOf\":{\"@id\":\"https:\\\/\\\/www.rassegnastampa-totustuus.it\\\/cattolica\\\/#website\"},\"primaryImageOfPage\":{\"@id\":\"https:\\\/\\\/www.rassegnastampa-totustuus.it\\\/cattolica\\\/alle-origini-del-concetto-di-ideologia\\\/#primaryimage\"},\"image\":{\"@id\":\"https:\\\/\\\/www.rassegnastampa-totustuus.it\\\/cattolica\\\/alle-origini-del-concetto-di-ideologia\\\/#primaryimage\"},\"thumbnailUrl\":\"https:\\\/\\\/www.rassegnastampa-totustuus.it\\\/cattolica\\\/wp-content\\\/uploads\\\/2019\\\/08\\\/ideologia.png\",\"datePublished\":\"2019-08-28T22:00:02+00:00\",\"description\":\"Rassegna Stampa Cattolica - Per una cultura che nasce dalla Rivelazione cristiana in conformit\u00e0 alla tradizione e al Magistero della Chiesa in opposizione ad ogni relativismo e totalitarismo\",\"breadcrumb\":{\"@id\":\"https:\\\/\\\/www.rassegnastampa-totustuus.it\\\/cattolica\\\/alle-origini-del-concetto-di-ideologia\\\/#breadcrumb\"},\"inLanguage\":\"it-IT\",\"potentialAction\":[{\"@type\":\"ReadAction\",\"target\":[\"https:\\\/\\\/www.rassegnastampa-totustuus.it\\\/cattolica\\\/alle-origini-del-concetto-di-ideologia\\\/\"]}]},{\"@type\":\"ImageObject\",\"inLanguage\":\"it-IT\",\"@id\":\"https:\\\/\\\/www.rassegnastampa-totustuus.it\\\/cattolica\\\/alle-origini-del-concetto-di-ideologia\\\/#primaryimage\",\"url\":\"https:\\\/\\\/www.rassegnastampa-totustuus.it\\\/cattolica\\\/wp-content\\\/uploads\\\/2019\\\/08\\\/ideologia.png\",\"contentUrl\":\"https:\\\/\\\/www.rassegnastampa-totustuus.it\\\/cattolica\\\/wp-content\\\/uploads\\\/2019\\\/08\\\/ideologia.png\",\"width\":858,\"height\":582},{\"@type\":\"BreadcrumbList\",\"@id\":\"https:\\\/\\\/www.rassegnastampa-totustuus.it\\\/cattolica\\\/alle-origini-del-concetto-di-ideologia\\\/#breadcrumb\",\"itemListElement\":[{\"@type\":\"ListItem\",\"position\":1,\"name\":\"Home\",\"item\":\"https:\\\/\\\/www.rassegnastampa-totustuus.it\\\/cattolica\\\/\"},{\"@type\":\"ListItem\",\"position\":2,\"name\":\"Alle origini del concetto di ideologia\"}]},{\"@type\":\"WebSite\",\"@id\":\"https:\\\/\\\/www.rassegnastampa-totustuus.it\\\/cattolica\\\/#website\",\"url\":\"https:\\\/\\\/www.rassegnastampa-totustuus.it\\\/cattolica\\\/\",\"name\":\"Rassegna Stampa Cattolica\",\"description\":\"Per una cultura che nasce dalla Rivelazione cristiana in conformit\u00e0 alla tradizione e al Magistero della Chiesa in opposizione ad ogni relativismo e totalitarismo\",\"publisher\":{\"@id\":\"https:\\\/\\\/www.rassegnastampa-totustuus.it\\\/cattolica\\\/#organization\"},\"alternateName\":\"Rass. Cattolica\",\"potentialAction\":[{\"@type\":\"SearchAction\",\"target\":{\"@type\":\"EntryPoint\",\"urlTemplate\":\"https:\\\/\\\/www.rassegnastampa-totustuus.it\\\/cattolica\\\/?s={search_term_string}\"},\"query-input\":{\"@type\":\"PropertyValueSpecification\",\"valueRequired\":true,\"valueName\":\"search_term_string\"}}],\"inLanguage\":\"it-IT\"},{\"@type\":\"Organization\",\"@id\":\"https:\\\/\\\/www.rassegnastampa-totustuus.it\\\/cattolica\\\/#organization\",\"name\":\"Rassegna Stampa Cattolica\",\"url\":\"https:\\\/\\\/www.rassegnastampa-totustuus.it\\\/cattolica\\\/\",\"logo\":{\"@type\":\"ImageObject\",\"inLanguage\":\"it-IT\",\"@id\":\"https:\\\/\\\/www.rassegnastampa-totustuus.it\\\/cattolica\\\/#\\\/schema\\\/logo\\\/image\\\/\",\"url\":\"https:\\\/\\\/www.rassegnastampa-totustuus.it\\\/cattolica\\\/wp-content\\\/uploads\\\/2014\\\/04\\\/logo-rassegna1.gif\",\"contentUrl\":\"https:\\\/\\\/www.rassegnastampa-totustuus.it\\\/cattolica\\\/wp-content\\\/uploads\\\/2014\\\/04\\\/logo-rassegna1.gif\",\"width\":600,\"height\":163,\"caption\":\"Rassegna Stampa Cattolica\"},\"image\":{\"@id\":\"https:\\\/\\\/www.rassegnastampa-totustuus.it\\\/cattolica\\\/#\\\/schema\\\/logo\\\/image\\\/\"},\"sameAs\":[\"https:\\\/\\\/www.facebook.com\\\/rassegnastampacattolica\",\"https:\\\/\\\/x.com\\\/rassegnastampa9\"]},{\"@type\":\"Person\",\"@id\":\"https:\\\/\\\/www.rassegnastampa-totustuus.it\\\/cattolica\\\/#\\\/schema\\\/person\\\/08f319d2bd1a0904ad9e2bfb7b15e5c3\",\"name\":\"Redazione\",\"image\":{\"@type\":\"ImageObject\",\"inLanguage\":\"it-IT\",\"@id\":\"https:\\\/\\\/secure.gravatar.com\\\/avatar\\\/2fcdf27c78ea025fbdb44e914cc63c72249ffec9dc8aafd5c82b26240ef3f346?s=96&d=mm&r=g\",\"url\":\"https:\\\/\\\/secure.gravatar.com\\\/avatar\\\/2fcdf27c78ea025fbdb44e914cc63c72249ffec9dc8aafd5c82b26240ef3f346?s=96&d=mm&r=g\",\"contentUrl\":\"https:\\\/\\\/secure.gravatar.com\\\/avatar\\\/2fcdf27c78ea025fbdb44e914cc63c72249ffec9dc8aafd5c82b26240ef3f346?s=96&d=mm&r=g\",\"caption\":\"Redazione\"},\"url\":\"https:\\\/\\\/www.rassegnastampa-totustuus.it\\\/cattolica\\\/author\\\/pietroelle\\\/\"}]}<\/script>\n<!-- \/ Yoast SEO plugin. -->","yoast_head_json":{"title":"Alle origini del concetto di ideologia - Rassegna Stampa Cattolica","description":"Rassegna Stampa Cattolica - Per una cultura che nasce dalla Rivelazione cristiana in conformit\u00e0 alla tradizione e al Magistero della Chiesa in opposizione ad ogni relativismo e totalitarismo","robots":{"index":"index","follow":"follow","max-snippet":"max-snippet:-1","max-image-preview":"max-image-preview:large","max-video-preview":"max-video-preview:-1"},"canonical":"https:\/\/www.rassegnastampa-totustuus.it\/cattolica\/alle-origini-del-concetto-di-ideologia\/","og_locale":"it_IT","og_type":"article","og_title":"Alle origini del concetto di ideologia - Rassegna Stampa Cattolica","og_description":"Rassegna Stampa Cattolica - Per una cultura che nasce dalla Rivelazione cristiana in conformit\u00e0 alla tradizione e al Magistero della Chiesa in opposizione ad ogni relativismo e totalitarismo","og_url":"https:\/\/www.rassegnastampa-totustuus.it\/cattolica\/alle-origini-del-concetto-di-ideologia\/","og_site_name":"Rassegna Stampa Cattolica","article_publisher":"https:\/\/www.facebook.com\/rassegnastampacattolica","article_published_time":"2019-08-28T22:00:02+00:00","og_image":[{"width":858,"height":582,"url":"https:\/\/www.rassegnastampa-totustuus.it\/cattolica\/wp-content\/uploads\/2019\/08\/ideologia.png","type":"image\/png"}],"author":"Redazione","twitter_card":"summary_large_image","twitter_creator":"@rassegnastampa9","twitter_site":"@rassegnastampa9","twitter_misc":{"Scritto da":"Redazione","Tempo di lettura stimato":"25 minuti"},"schema":{"@context":"https:\/\/schema.org","@graph":[{"@type":"Article","@id":"https:\/\/www.rassegnastampa-totustuus.it\/cattolica\/alle-origini-del-concetto-di-ideologia\/#article","isPartOf":{"@id":"https:\/\/www.rassegnastampa-totustuus.it\/cattolica\/alle-origini-del-concetto-di-ideologia\/"},"author":{"name":"Redazione","@id":"https:\/\/www.rassegnastampa-totustuus.it\/cattolica\/#\/schema\/person\/08f319d2bd1a0904ad9e2bfb7b15e5c3"},"headline":"Alle origini del concetto di ideologia","datePublished":"2019-08-28T22:00:02+00:00","mainEntityOfPage":{"@id":"https:\/\/www.rassegnastampa-totustuus.it\/cattolica\/alle-origini-del-concetto-di-ideologia\/"},"wordCount":5204,"publisher":{"@id":"https:\/\/www.rassegnastampa-totustuus.it\/cattolica\/#organization"},"image":{"@id":"https:\/\/www.rassegnastampa-totustuus.it\/cattolica\/alle-origini-del-concetto-di-ideologia\/#primaryimage"},"thumbnailUrl":"https:\/\/www.rassegnastampa-totustuus.it\/cattolica\/wp-content\/uploads\/2019\/08\/ideologia.png","keywords":["Augusto Del Noce","filosofia","ideologia"],"articleSection":["A.Del Noce - scritti","Filosofia"],"inLanguage":"it-IT"},{"@type":"WebPage","@id":"https:\/\/www.rassegnastampa-totustuus.it\/cattolica\/alle-origini-del-concetto-di-ideologia\/","url":"https:\/\/www.rassegnastampa-totustuus.it\/cattolica\/alle-origini-del-concetto-di-ideologia\/","name":"Alle origini del concetto di ideologia - Rassegna Stampa Cattolica","isPartOf":{"@id":"https:\/\/www.rassegnastampa-totustuus.it\/cattolica\/#website"},"primaryImageOfPage":{"@id":"https:\/\/www.rassegnastampa-totustuus.it\/cattolica\/alle-origini-del-concetto-di-ideologia\/#primaryimage"},"image":{"@id":"https:\/\/www.rassegnastampa-totustuus.it\/cattolica\/alle-origini-del-concetto-di-ideologia\/#primaryimage"},"thumbnailUrl":"https:\/\/www.rassegnastampa-totustuus.it\/cattolica\/wp-content\/uploads\/2019\/08\/ideologia.png","datePublished":"2019-08-28T22:00:02+00:00","description":"Rassegna Stampa Cattolica - Per una cultura che nasce dalla Rivelazione cristiana in conformit\u00e0 alla tradizione e al Magistero della Chiesa in opposizione ad ogni relativismo e totalitarismo","breadcrumb":{"@id":"https:\/\/www.rassegnastampa-totustuus.it\/cattolica\/alle-origini-del-concetto-di-ideologia\/#breadcrumb"},"inLanguage":"it-IT","potentialAction":[{"@type":"ReadAction","target":["https:\/\/www.rassegnastampa-totustuus.it\/cattolica\/alle-origini-del-concetto-di-ideologia\/"]}]},{"@type":"ImageObject","inLanguage":"it-IT","@id":"https:\/\/www.rassegnastampa-totustuus.it\/cattolica\/alle-origini-del-concetto-di-ideologia\/#primaryimage","url":"https:\/\/www.rassegnastampa-totustuus.it\/cattolica\/wp-content\/uploads\/2019\/08\/ideologia.png","contentUrl":"https:\/\/www.rassegnastampa-totustuus.it\/cattolica\/wp-content\/uploads\/2019\/08\/ideologia.png","width":858,"height":582},{"@type":"BreadcrumbList","@id":"https:\/\/www.rassegnastampa-totustuus.it\/cattolica\/alle-origini-del-concetto-di-ideologia\/#breadcrumb","itemListElement":[{"@type":"ListItem","position":1,"name":"Home","item":"https:\/\/www.rassegnastampa-totustuus.it\/cattolica\/"},{"@type":"ListItem","position":2,"name":"Alle origini del concetto di ideologia"}]},{"@type":"WebSite","@id":"https:\/\/www.rassegnastampa-totustuus.it\/cattolica\/#website","url":"https:\/\/www.rassegnastampa-totustuus.it\/cattolica\/","name":"Rassegna Stampa Cattolica","description":"Per una cultura che nasce dalla Rivelazione cristiana in conformit\u00e0 alla tradizione e al Magistero della Chiesa in opposizione ad ogni relativismo e totalitarismo","publisher":{"@id":"https:\/\/www.rassegnastampa-totustuus.it\/cattolica\/#organization"},"alternateName":"Rass. Cattolica","potentialAction":[{"@type":"SearchAction","target":{"@type":"EntryPoint","urlTemplate":"https:\/\/www.rassegnastampa-totustuus.it\/cattolica\/?s={search_term_string}"},"query-input":{"@type":"PropertyValueSpecification","valueRequired":true,"valueName":"search_term_string"}}],"inLanguage":"it-IT"},{"@type":"Organization","@id":"https:\/\/www.rassegnastampa-totustuus.it\/cattolica\/#organization","name":"Rassegna Stampa Cattolica","url":"https:\/\/www.rassegnastampa-totustuus.it\/cattolica\/","logo":{"@type":"ImageObject","inLanguage":"it-IT","@id":"https:\/\/www.rassegnastampa-totustuus.it\/cattolica\/#\/schema\/logo\/image\/","url":"https:\/\/www.rassegnastampa-totustuus.it\/cattolica\/wp-content\/uploads\/2014\/04\/logo-rassegna1.gif","contentUrl":"https:\/\/www.rassegnastampa-totustuus.it\/cattolica\/wp-content\/uploads\/2014\/04\/logo-rassegna1.gif","width":600,"height":163,"caption":"Rassegna Stampa Cattolica"},"image":{"@id":"https:\/\/www.rassegnastampa-totustuus.it\/cattolica\/#\/schema\/logo\/image\/"},"sameAs":["https:\/\/www.facebook.com\/rassegnastampacattolica","https:\/\/x.com\/rassegnastampa9"]},{"@type":"Person","@id":"https:\/\/www.rassegnastampa-totustuus.it\/cattolica\/#\/schema\/person\/08f319d2bd1a0904ad9e2bfb7b15e5c3","name":"Redazione","image":{"@type":"ImageObject","inLanguage":"it-IT","@id":"https:\/\/secure.gravatar.com\/avatar\/2fcdf27c78ea025fbdb44e914cc63c72249ffec9dc8aafd5c82b26240ef3f346?s=96&d=mm&r=g","url":"https:\/\/secure.gravatar.com\/avatar\/2fcdf27c78ea025fbdb44e914cc63c72249ffec9dc8aafd5c82b26240ef3f346?s=96&d=mm&r=g","contentUrl":"https:\/\/secure.gravatar.com\/avatar\/2fcdf27c78ea025fbdb44e914cc63c72249ffec9dc8aafd5c82b26240ef3f346?s=96&d=mm&r=g","caption":"Redazione"},"url":"https:\/\/www.rassegnastampa-totustuus.it\/cattolica\/author\/pietroelle\/"}]}},"_links":{"self":[{"href":"https:\/\/www.rassegnastampa-totustuus.it\/cattolica\/wp-json\/wp\/v2\/posts\/43951","targetHints":{"allow":["GET"]}}],"collection":[{"href":"https:\/\/www.rassegnastampa-totustuus.it\/cattolica\/wp-json\/wp\/v2\/posts"}],"about":[{"href":"https:\/\/www.rassegnastampa-totustuus.it\/cattolica\/wp-json\/wp\/v2\/types\/post"}],"author":[{"embeddable":true,"href":"https:\/\/www.rassegnastampa-totustuus.it\/cattolica\/wp-json\/wp\/v2\/users\/6"}],"replies":[{"embeddable":true,"href":"https:\/\/www.rassegnastampa-totustuus.it\/cattolica\/wp-json\/wp\/v2\/comments?post=43951"}],"version-history":[{"count":7,"href":"https:\/\/www.rassegnastampa-totustuus.it\/cattolica\/wp-json\/wp\/v2\/posts\/43951\/revisions"}],"predecessor-version":[{"id":44075,"href":"https:\/\/www.rassegnastampa-totustuus.it\/cattolica\/wp-json\/wp\/v2\/posts\/43951\/revisions\/44075"}],"wp:featuredmedia":[{"embeddable":true,"href":"https:\/\/www.rassegnastampa-totustuus.it\/cattolica\/wp-json\/wp\/v2\/media\/43953"}],"wp:attachment":[{"href":"https:\/\/www.rassegnastampa-totustuus.it\/cattolica\/wp-json\/wp\/v2\/media?parent=43951"}],"wp:term":[{"taxonomy":"category","embeddable":true,"href":"https:\/\/www.rassegnastampa-totustuus.it\/cattolica\/wp-json\/wp\/v2\/categories?post=43951"},{"taxonomy":"post_tag","embeddable":true,"href":"https:\/\/www.rassegnastampa-totustuus.it\/cattolica\/wp-json\/wp\/v2\/tags?post=43951"}],"curies":[{"name":"wp","href":"https:\/\/api.w.org\/{rel}","templated":true}]}}