{"id":43849,"date":"2019-08-01T00:00:59","date_gmt":"2019-07-31T22:00:59","guid":{"rendered":"http:\/\/www.rassegnastampa-totustuus.it\/cattolica\/?p=43849"},"modified":"2019-07-30T09:59:32","modified_gmt":"2019-07-30T07:59:32","slug":"quando-tramonta-la-politica-lalleanza-tra-universalismo-cristiano-e-illuministico-contro-lo-stato-nazione","status":"publish","type":"post","link":"https:\/\/www.rassegnastampa-totustuus.it\/cattolica\/quando-tramonta-la-politica-lalleanza-tra-universalismo-cristiano-e-illuministico-contro-lo-stato-nazione\/","title":{"rendered":"Quando tramonta la politica: l\u2019alleanza tra universalismo cristiano e illuministico contro lo stato-nazione"},"content":{"rendered":"<p style=\"text-align: center;\"><a href=\"https:\/\/www.rassegnastampa-totustuus.it\/cattolica\/wp-content\/uploads\/2005\/05\/Europa_allegoria.jpg\"><img loading=\"lazy\" decoding=\"async\" class=\"wp-image-32102 alignright\" src=\"https:\/\/www.rassegnastampa-totustuus.it\/cattolica\/wp-content\/uploads\/2005\/05\/Europa_allegoria.jpg\" alt=\"\" width=\"250\" height=\"187\" \/><\/a>Da <strong>Atlantico <\/strong><\/p>\n<p style=\"text-align: center;\">30 Luglio 2019<\/p>\n<p style=\"text-align: center;\">di <strong>Dino Capofrancesco <\/strong><\/p>\n<p style=\"text-align: justify;\">Leggendo sui giornali e ascoltando in tv i dibattiti suscitati da problemi complessi come lo <em>jus soli<\/em> o il dovere di accoglienza, rimango colpito dall\u2019aggressivit\u00e0 degli interlocutori, che non si risparmiano le accuse pi\u00f9 infamanti e irreali (razzisti, fascisti, stipendiati da Soros, asserviti alla cricca di Bruxelles\u2026), ma ancor pi\u00f9 dal fatto che non ci si rende conto dello spartiacque epocale che divide il nostro tempo dal secolo scorso.<\/p>\n<p><!--more--><\/p>\n<p style=\"text-align: justify;\">\u00c8 come se non ci si accorgesse dello sconvolgimento etico e culturale di cui siamo spettatori o, a seconda dei punti di vista, vittime o beneficiari. Mi riferisco al tramonto della \u201ccomunit\u00e0 politica\u201d, che nell\u2019Europa continentale, aveva assunto le forme dello <em>stato nazionale<\/em> che fondava la nostra identit\u00e0 etico-sociale, facendo dell\u2019appartenenza, del \u201cnoi\u201d, quasi una necessit\u00e0 naturale e indiscussa.<\/p>\n<p style=\"text-align: justify;\"><a href=\"https:\/\/www.rassegnastampa-totustuus.it\/cattolica\/wp-content\/uploads\/2014\/05\/Europa.jpg\"><img loading=\"lazy\" decoding=\"async\" class=\"alignleft wp-image-7432\" src=\"https:\/\/www.rassegnastampa-totustuus.it\/cattolica\/wp-content\/uploads\/2014\/05\/Europa.jpg\" alt=\"\" width=\"250\" height=\"197\" \/><\/a>Oggi ci si vergogna quasi a parlare di \u201cnoi e loro\u201d, e i confini che delimitano i vari paesi e stati ci sembrano peggio che delimitazioni di propriet\u00e0, autentiche prigioni, che violano i diritti universali degli individui, ciascuno dei quali \u00e8 sacro, irriducibile agli altri, in ci\u00f2 che ha di singolare, e nello stesso tempo eguale a tutti gli altri, in quanto figlio di Dio o di una Natura, <em>madre benigna e pia<\/em>, che le divisioni politiche, religiose, culturali economiche tendono a calpestare.<\/p>\n<p style=\"text-align: justify;\">Assistiamo oggi all\u2019incontro tra l\u2019universalismo cristiano \u2013 si veda il messaggio paolino per il quale non ci sono pi\u00f9 greci, ebrei, romani etc. giacch\u00e9 tutti possiamo essere redenti nel segno della Croce \u2013 e l\u2019universalismo illuministico \u2013 per il quale gli Stati e le loro guerre non nascono dal \u201clegno storto dell\u2019Umanit\u00e0\u201d, come ancora pensava Kant, traducendo in termini laici l\u2019idea del peccato originale, ma dagli appetiti di potenza di monarchi e di sacerdoti.<\/p>\n<p style=\"text-align: justify;\"><a href=\"https:\/\/www.rassegnastampa-totustuus.it\/cattolica\/wp-content\/uploads\/2017\/05\/illuministi.jpg\"><img loading=\"lazy\" decoding=\"async\" class=\"wp-image-37742 alignright\" src=\"https:\/\/www.rassegnastampa-totustuus.it\/cattolica\/wp-content\/uploads\/2017\/05\/illuministi.jpg\" alt=\"\" width=\"250\" height=\"188\" \/><\/a>Forse con una variante, non poco significativa che, prima della secolarizzazione, erano gli illuministi che si legittimavano richiamandosi a un cristianesimo privo di superstizione, nella nostra epoca, invece, sono i cattolici che vogliono essere accettati da una societ\u00e0 che vede le chiese sempre pi\u00f9 vuote, richiamando le benemerenze acquisite con l\u2019avere instillato nei cuori umani l\u2019idea dell\u2019eguaglianza.<\/p>\n<p style=\"text-align: justify;\">Si tratta di un universalismo portato a guardare chi non ne condivide i valori alla stregua di un essere asociale \u2013 chiuso nel suo egoismo familistico, di classe, di nazione \u2013 per nulla disposto ad aprire le porte di casa a quanti sono privi del pane quotidiano. Ma soprattutto ci troviamo dinanzi alla santificazione dell\u2019individualismo: sia dell\u2019<em>individualismo del mercato<\/em> \u2013 gli uomini stanno tutti sullo stesso piano in quanto si scambiano utilit\u00e0 reperibili nell\u2019intero pianeta \u2013 sia dell\u2019<em>individualismo dei diritti<\/em> \u2013 gli uomini, in quanto tali, hanno le stesse libert\u00e0 di movimento e debbono avere le stesse tutele giuridiche.<\/p>\n<div id=\"attachment_31502\" style=\"width: 144px\" class=\"wp-caption alignleft\"><a href=\"https:\/\/www.rassegnastampa-totustuus.it\/cattolica\/wp-content\/uploads\/2010\/05\/Hegel.jpg\"><img loading=\"lazy\" decoding=\"async\" aria-describedby=\"caption-attachment-31502\" class=\"wp-image-31502 size-full\" src=\"https:\/\/www.rassegnastampa-totustuus.it\/cattolica\/wp-content\/uploads\/2010\/05\/Hegel.jpg\" alt=\"\" width=\"144\" height=\"203\" \/><\/a><p id=\"caption-attachment-31502\" class=\"wp-caption-text\">F. Hegel<\/p><\/div>\n<p style=\"text-align: justify;\">Come spesso ho fatto rilevare anch\u2019io, l\u2019Economia (Adam Smith) e il Diritto (i Lumi, Voltaire) hanno estromesso dal mondo umano la politica e hanno reso il diritto interno degli Stati un diritto inferiore, che deve retrocedere dinanzi a istanze etiche e umanitarie superiori. In altre parole, a fare le leggi dev\u2019essere soprattutto Antigone nel senso che gli \u201c<em>agrafoi nomoi<\/em>\u201d impressi dagli dei nel cuore umano vanno considerati come le norme primarie che invalidano le leggi di Creonte (sempre pi\u00f9 tenuto sotto controllo) ogni volta che siano in contraddizione con esse.<\/p>\n<p style=\"text-align: justify;\">In tal modo, noto incidentalmente, vien meno il senso della tragedia antica che, come aveva visto Hegel spesso citato in proposito, consisteva nel conflitto tra due ragioni non tra una ragione e un torto. Questa filosofia della buona samaritana non \u00e8 un parto della follia buonista che si sta impadronendo di tante persone (e soprattutto di quelle colte), ma \u00e8 un portato della rivoluzione culturale che a macchia d\u2019olio sta invadendo tutta l\u2019area atlantica e, soprattutto, l\u2019Italia, per diverse e complesse ragioni storiche.<\/p>\n<p style=\"text-align: justify;\">Ci sarebbe da rallegrarsene se a farne le spese non fosse la capacit\u00e0 di guardare al mondo e alla storia in modo realistico, dimenticando che la \u201cpianta uomo\u201d affonda le sue radici nel passato e nella tradizione e che i suoi rami tanto pi\u00f9 rigogliosi si protendono verso il cielo \u2013 cio\u00e8 verso il progresso \u2013 quanto pi\u00f9 robuste sono quelle radici.<\/p>\n<p style=\"text-align: justify;\"><a href=\"https:\/\/www.rassegnastampa-totustuus.it\/cattolica\/wp-content\/uploads\/2012\/02\/Italia_1300.jpg\"><img loading=\"lazy\" decoding=\"async\" class=\"size-full wp-image-23609 alignright\" src=\"https:\/\/www.rassegnastampa-totustuus.it\/cattolica\/wp-content\/uploads\/2012\/02\/Italia_1300.jpg\" alt=\"\" width=\"204\" height=\"247\" \/><\/a>Gli uomini e le loro trib\u00f9 sono corpo e anima, <em>kratos<\/em> ed <em>ethos<\/em>, comunit\u00e0 e societ\u00e0, egoismo e apertura al prossimo. Sottovalutare o ignorare bisogni e interessi non <em>universalizzabili <\/em>perch\u00e9 riguardano solo una famiglia, un territorio, un paese \u2013 significa esporsi alla reazione violenta e primitiva del rimosso.<\/p>\n<p style=\"text-align: justify;\">La grandezza dell\u2019Occidente, non lo si ripeter\u00e0 mai abbastanza, \u00e8 consistita nell\u2019arte di tenere in equilibrio (un equilibrio sempre precario) il particolare e l\u2019universale, il momento economico e quello etico \u2013 per dirla col vecchio Croce \u2013 la materia e lo spirito. \u00c8 agli imperi antichi, che hanno conquistato popoli e citt\u00e0 \u2013 da quello informale ateniese a quello romano \u2013 che si deve la grande cultura di cui ancora ci nutriamo spiritualmente.<\/p>\n<p style=\"text-align: justify;\">La Francia diventata \u201cgrande potenza\u201d grazie a Richelieu, ci ha dato il <em>si\u00e8cle de Louis XIV<\/em> e, prima ancora, la Spagna il suo <em>siglo de oro<\/em>. Le grandi produzioni dello spirito nascono da una poderosa <em>civitas <\/em>che si traduce in <em>humanitas<\/em> e\u00a0le guerre vittoriose, assieme all\u2019egemonia politica, portano quella culturale \u2013 v. l\u2019invasione, spesso deprecata, di tutto ci\u00f2 che viene dall\u2019America, da Hollywood al <em>jazz<\/em>.<\/p>\n<p style=\"text-align: justify;\"><a href=\"https:\/\/www.rassegnastampa-totustuus.it\/cattolica\/wp-content\/uploads\/2017\/11\/Europa_bandiera.jpg\"><img loading=\"lazy\" decoding=\"async\" class=\"alignleft wp-image-38732\" src=\"https:\/\/www.rassegnastampa-totustuus.it\/cattolica\/wp-content\/uploads\/2017\/11\/Europa_bandiera.jpg\" alt=\"\" width=\"250\" height=\"166\" \/><\/a>Si pu\u00f2 sciogliere il \u201cparticolare\u201d in un insieme pi\u00f9 vasto (ad es., lo stato nazionale in uno stato europeo, federale o no) ma rimarr\u00e0 sempre una realt\u00e0 politica dura, irriducibile, che non potr\u00e0 appartenere a tutti e che dovr\u00e0 essere difesa da quanti bussano alla porta in nome del \u201cdiritto cosmopolitico\u201d.<\/p>\n<p style=\"text-align: justify;\">In un denso saggio sulle democrazie illiberali, <em>\u201cUn\u2019altra Europa\u201d<\/em>, pubblicato sul <em>Foglio<\/em> il 4 agosto dello scorso anno, lo scienziato politico tedesco-americano Jan-Werner Mueller giustamente metteva in guardia dal populismo e dai suoi leader euro-orientali ma mostrava di non cogliere minimamente le ragioni del loro successo, ricercate, sostanzialmente, nell\u2019abilit\u00e0 demagogica.<\/p>\n<p style=\"text-align: justify;\">Dalle degenerazioni di quelle che chiama le \u201cdemocrazie danneggiate\u201d, a suo avviso, si esce solo rendendosi conto che lo stato nazionale \u00e8 incompatibile con la vera democrazia. Ne erano consapevoli i democratici cristiani che \u201cstoricamente hanno considerato la sovranit\u00e0 dello Stato-nazione con profonda diffidenza. In Italia e in Germania, in modo particolare, durante la seconda met\u00e0 del XIX secolo, i cattolici erano molto scettici nei confronti dei nuovi stati nazionali unificati.<\/p>\n<p style=\"text-align: justify;\"><a href=\"https:\/\/www.rassegnastampa-totustuus.it\/cattolica\/wp-content\/uploads\/2019\/08\/europa_padri.jpg\"><img loading=\"lazy\" decoding=\"async\" class=\"size-full wp-image-43853 alignright\" src=\"https:\/\/www.rassegnastampa-totustuus.it\/cattolica\/wp-content\/uploads\/2019\/08\/europa_padri.jpg\" alt=\"\" width=\"208\" height=\"242\" data-wp-editing=\"1\" \/><\/a>Non \u00e8 un caso che i promotori dell\u2019integrazione europea durante agli anni Cinquanta fossero democratici cristiani che non riconoscevano alcun valore particolare allo Stato-nazione in quanto tale\u201d. In realt\u00e0, la faccenda \u00e8 molto pi\u00f9 complessa. Lo stato nazionale \u00e8 stato il ponte lanciato tra le due sponde della comunit\u00e0 chiusa e della societ\u00e0 aperta.<\/p>\n<p style=\"text-align: justify;\">Da una parte, ha \u201cescluso\u201d, fissando frontiere che dividevano francesi e spagnoli, italiani e svizzeri etc.; dall\u2019altra, ha \u201cincluso\u201d, rendendo giuridicamente irrilevanti le vecchie appartenenze di genere, di religione, di territori, di etnie. In quanto nazionali, si \u00e8 italiani e non tedeschi, portoghesi etc., ma in quanto italiani non si \u00e8 pi\u00f9 siciliani o lombardi, toscani o trentini, cattolici o ebrei e, col tempo, \u00e8 indifferente essere uomini o donne.<\/p>\n<p style=\"text-align: justify;\">Il simbolo del <em>cot\u00e9 <\/em>societario dello stato nazionale \u00e8 l\u2019apertura del ghetto romano e prima ancora lo Statuto albertino, in ricordo del quale non pochi ebrei piemontesi venivano chiamati Carlo Alberto. \u00c8 superfluo, forse, ricordare che il fascismo e la tragedia della Seconda Guerra Mondiale hanno screditato agli occhi degli italiani lo stato risorgimentale ma sarebbe imperdonabile dimenticare che senza stato (luogo privilegiato della politica) i <em>diritti<\/em> non troverebbero nessuna palafitta di sostegno e in mancanza di questa a farne le spese sarebbero i pi\u00f9 deboli, esposti alle vicende alterne dell\u2019economia globale e a emigrazioni incontrollate, certo non temibili dai \u201cquartieri alti\u201d.<\/p>\n","protected":false},"excerpt":{"rendered":"<p>Da Atlantico 30 Luglio 2019 di Dino Capofrancesco Leggendo sui giornali e ascoltando in tv i dibattiti suscitati da problemi complessi come lo jus soli o il dovere di accoglienza, rimango colpito dall\u2019aggressivit\u00e0 degli interlocutori, che non si risparmiano le accuse pi\u00f9 infamanti e irreali (razzisti, fascisti, stipendiati da Soros, asserviti alla cricca di Bruxelles\u2026), &hellip; <\/p>\n<p><a class=\"more-link btn\" href=\"https:\/\/www.rassegnastampa-totustuus.it\/cattolica\/quando-tramonta-la-politica-lalleanza-tra-universalismo-cristiano-e-illuministico-contro-lo-stato-nazione\/\">Continua a leggere<\/a><\/p>\n","protected":false},"author":6,"featured_media":43850,"comment_status":"closed","ping_status":"closed","sticky":false,"template":"","format":"standard","meta":{"footnotes":""},"categories":[25],"tags":[775,2374,558],"class_list":["post-43849","post","type-post","status-publish","format-standard","has-post-thumbnail","hentry","category-sguardo-sul-nostro-tempo","tag-nazione","tag-populismo","tag-sguardo-sul-nostro-tempo-2","item-wrap"],"yoast_head":"<!-- This site is optimized with the Yoast SEO plugin v27.5 - https:\/\/yoast.com\/product\/yoast-seo-wordpress\/ -->\n<title>Quando tramonta la politica: l\u2019alleanza tra universalismo cristiano e illuministico contro lo stato-nazione - Rassegna Stampa Cattolica<\/title>\n<meta name=\"description\" content=\"Rassegna Stampa Cattolica - Per una cultura che nasce dalla Rivelazione cristiana in conformit\u00e0 alla tradizione e al Magistero della Chiesa in opposizione ad ogni relativismo e totalitarismo\" \/>\n<meta name=\"robots\" content=\"index, follow, max-snippet:-1, max-image-preview:large, max-video-preview:-1\" \/>\n<link rel=\"canonical\" href=\"https:\/\/www.rassegnastampa-totustuus.it\/cattolica\/quando-tramonta-la-politica-lalleanza-tra-universalismo-cristiano-e-illuministico-contro-lo-stato-nazione\/\" \/>\n<meta property=\"og:locale\" content=\"it_IT\" \/>\n<meta property=\"og:type\" content=\"article\" \/>\n<meta property=\"og:title\" content=\"Quando tramonta la politica: l\u2019alleanza tra universalismo cristiano e illuministico contro lo stato-nazione - Rassegna Stampa Cattolica\" \/>\n<meta property=\"og:description\" content=\"Rassegna Stampa Cattolica - Per una cultura che nasce dalla Rivelazione cristiana in conformit\u00e0 alla tradizione e al Magistero della Chiesa in opposizione ad ogni relativismo e totalitarismo\" \/>\n<meta property=\"og:url\" content=\"https:\/\/www.rassegnastampa-totustuus.it\/cattolica\/quando-tramonta-la-politica-lalleanza-tra-universalismo-cristiano-e-illuministico-contro-lo-stato-nazione\/\" \/>\n<meta property=\"og:site_name\" content=\"Rassegna Stampa Cattolica\" \/>\n<meta property=\"article:publisher\" content=\"https:\/\/www.facebook.com\/rassegnastampacattolica\" \/>\n<meta property=\"article:published_time\" content=\"2019-07-31T22:00:59+00:00\" \/>\n<meta property=\"og:image\" content=\"https:\/\/www.rassegnastampa-totustuus.it\/cattolica\/wp-content\/uploads\/2019\/07\/europa.jpg\" \/>\n\t<meta property=\"og:image:width\" content=\"1920\" \/>\n\t<meta property=\"og:image:height\" content=\"1080\" \/>\n\t<meta property=\"og:image:type\" content=\"image\/jpeg\" \/>\n<meta name=\"author\" content=\"Redazione\" \/>\n<meta name=\"twitter:card\" content=\"summary_large_image\" \/>\n<meta name=\"twitter:creator\" content=\"@rassegnastampa9\" \/>\n<meta name=\"twitter:site\" content=\"@rassegnastampa9\" \/>\n<meta name=\"twitter:label1\" content=\"Scritto da\" \/>\n\t<meta name=\"twitter:data1\" content=\"Redazione\" \/>\n\t<meta name=\"twitter:label2\" content=\"Tempo di lettura stimato\" \/>\n\t<meta name=\"twitter:data2\" content=\"6 minuti\" \/>\n<script type=\"application\/ld+json\" class=\"yoast-schema-graph\">{\"@context\":\"https:\\\/\\\/schema.org\",\"@graph\":[{\"@type\":\"Article\",\"@id\":\"https:\\\/\\\/www.rassegnastampa-totustuus.it\\\/cattolica\\\/quando-tramonta-la-politica-lalleanza-tra-universalismo-cristiano-e-illuministico-contro-lo-stato-nazione\\\/#article\",\"isPartOf\":{\"@id\":\"https:\\\/\\\/www.rassegnastampa-totustuus.it\\\/cattolica\\\/quando-tramonta-la-politica-lalleanza-tra-universalismo-cristiano-e-illuministico-contro-lo-stato-nazione\\\/\"},\"author\":{\"name\":\"Redazione\",\"@id\":\"https:\\\/\\\/www.rassegnastampa-totustuus.it\\\/cattolica\\\/#\\\/schema\\\/person\\\/08f319d2bd1a0904ad9e2bfb7b15e5c3\"},\"headline\":\"Quando tramonta la politica: l\u2019alleanza tra universalismo cristiano e illuministico contro lo stato-nazione\",\"datePublished\":\"2019-07-31T22:00:59+00:00\",\"mainEntityOfPage\":{\"@id\":\"https:\\\/\\\/www.rassegnastampa-totustuus.it\\\/cattolica\\\/quando-tramonta-la-politica-lalleanza-tra-universalismo-cristiano-e-illuministico-contro-lo-stato-nazione\\\/\"},\"wordCount\":1292,\"publisher\":{\"@id\":\"https:\\\/\\\/www.rassegnastampa-totustuus.it\\\/cattolica\\\/#organization\"},\"image\":{\"@id\":\"https:\\\/\\\/www.rassegnastampa-totustuus.it\\\/cattolica\\\/quando-tramonta-la-politica-lalleanza-tra-universalismo-cristiano-e-illuministico-contro-lo-stato-nazione\\\/#primaryimage\"},\"thumbnailUrl\":\"https:\\\/\\\/www.rassegnastampa-totustuus.it\\\/cattolica\\\/wp-content\\\/uploads\\\/2019\\\/07\\\/europa.jpg\",\"keywords\":[\"nazione\",\"populismo\",\"sguardo sul nostro tempo\"],\"articleSection\":[\"Sguardo sul nostro tempo\"],\"inLanguage\":\"it-IT\"},{\"@type\":\"WebPage\",\"@id\":\"https:\\\/\\\/www.rassegnastampa-totustuus.it\\\/cattolica\\\/quando-tramonta-la-politica-lalleanza-tra-universalismo-cristiano-e-illuministico-contro-lo-stato-nazione\\\/\",\"url\":\"https:\\\/\\\/www.rassegnastampa-totustuus.it\\\/cattolica\\\/quando-tramonta-la-politica-lalleanza-tra-universalismo-cristiano-e-illuministico-contro-lo-stato-nazione\\\/\",\"name\":\"Quando tramonta la politica: l\u2019alleanza tra universalismo cristiano e illuministico contro lo stato-nazione - Rassegna Stampa Cattolica\",\"isPartOf\":{\"@id\":\"https:\\\/\\\/www.rassegnastampa-totustuus.it\\\/cattolica\\\/#website\"},\"primaryImageOfPage\":{\"@id\":\"https:\\\/\\\/www.rassegnastampa-totustuus.it\\\/cattolica\\\/quando-tramonta-la-politica-lalleanza-tra-universalismo-cristiano-e-illuministico-contro-lo-stato-nazione\\\/#primaryimage\"},\"image\":{\"@id\":\"https:\\\/\\\/www.rassegnastampa-totustuus.it\\\/cattolica\\\/quando-tramonta-la-politica-lalleanza-tra-universalismo-cristiano-e-illuministico-contro-lo-stato-nazione\\\/#primaryimage\"},\"thumbnailUrl\":\"https:\\\/\\\/www.rassegnastampa-totustuus.it\\\/cattolica\\\/wp-content\\\/uploads\\\/2019\\\/07\\\/europa.jpg\",\"datePublished\":\"2019-07-31T22:00:59+00:00\",\"description\":\"Rassegna Stampa Cattolica - Per una cultura che nasce dalla Rivelazione cristiana in conformit\u00e0 alla tradizione e al Magistero della Chiesa in opposizione ad ogni relativismo e totalitarismo\",\"breadcrumb\":{\"@id\":\"https:\\\/\\\/www.rassegnastampa-totustuus.it\\\/cattolica\\\/quando-tramonta-la-politica-lalleanza-tra-universalismo-cristiano-e-illuministico-contro-lo-stato-nazione\\\/#breadcrumb\"},\"inLanguage\":\"it-IT\",\"potentialAction\":[{\"@type\":\"ReadAction\",\"target\":[\"https:\\\/\\\/www.rassegnastampa-totustuus.it\\\/cattolica\\\/quando-tramonta-la-politica-lalleanza-tra-universalismo-cristiano-e-illuministico-contro-lo-stato-nazione\\\/\"]}]},{\"@type\":\"ImageObject\",\"inLanguage\":\"it-IT\",\"@id\":\"https:\\\/\\\/www.rassegnastampa-totustuus.it\\\/cattolica\\\/quando-tramonta-la-politica-lalleanza-tra-universalismo-cristiano-e-illuministico-contro-lo-stato-nazione\\\/#primaryimage\",\"url\":\"https:\\\/\\\/www.rassegnastampa-totustuus.it\\\/cattolica\\\/wp-content\\\/uploads\\\/2019\\\/07\\\/europa.jpg\",\"contentUrl\":\"https:\\\/\\\/www.rassegnastampa-totustuus.it\\\/cattolica\\\/wp-content\\\/uploads\\\/2019\\\/07\\\/europa.jpg\",\"width\":1920,\"height\":1080},{\"@type\":\"BreadcrumbList\",\"@id\":\"https:\\\/\\\/www.rassegnastampa-totustuus.it\\\/cattolica\\\/quando-tramonta-la-politica-lalleanza-tra-universalismo-cristiano-e-illuministico-contro-lo-stato-nazione\\\/#breadcrumb\",\"itemListElement\":[{\"@type\":\"ListItem\",\"position\":1,\"name\":\"Home\",\"item\":\"https:\\\/\\\/www.rassegnastampa-totustuus.it\\\/cattolica\\\/\"},{\"@type\":\"ListItem\",\"position\":2,\"name\":\"Quando tramonta la politica: l\u2019alleanza tra universalismo cristiano e illuministico contro lo stato-nazione\"}]},{\"@type\":\"WebSite\",\"@id\":\"https:\\\/\\\/www.rassegnastampa-totustuus.it\\\/cattolica\\\/#website\",\"url\":\"https:\\\/\\\/www.rassegnastampa-totustuus.it\\\/cattolica\\\/\",\"name\":\"Rassegna Stampa Cattolica\",\"description\":\"Per una cultura che nasce dalla Rivelazione cristiana in conformit\u00e0 alla tradizione e al Magistero della Chiesa in opposizione ad ogni relativismo e totalitarismo\",\"publisher\":{\"@id\":\"https:\\\/\\\/www.rassegnastampa-totustuus.it\\\/cattolica\\\/#organization\"},\"alternateName\":\"Rass. Cattolica\",\"potentialAction\":[{\"@type\":\"SearchAction\",\"target\":{\"@type\":\"EntryPoint\",\"urlTemplate\":\"https:\\\/\\\/www.rassegnastampa-totustuus.it\\\/cattolica\\\/?s={search_term_string}\"},\"query-input\":{\"@type\":\"PropertyValueSpecification\",\"valueRequired\":true,\"valueName\":\"search_term_string\"}}],\"inLanguage\":\"it-IT\"},{\"@type\":\"Organization\",\"@id\":\"https:\\\/\\\/www.rassegnastampa-totustuus.it\\\/cattolica\\\/#organization\",\"name\":\"Rassegna Stampa Cattolica\",\"url\":\"https:\\\/\\\/www.rassegnastampa-totustuus.it\\\/cattolica\\\/\",\"logo\":{\"@type\":\"ImageObject\",\"inLanguage\":\"it-IT\",\"@id\":\"https:\\\/\\\/www.rassegnastampa-totustuus.it\\\/cattolica\\\/#\\\/schema\\\/logo\\\/image\\\/\",\"url\":\"https:\\\/\\\/www.rassegnastampa-totustuus.it\\\/cattolica\\\/wp-content\\\/uploads\\\/2014\\\/04\\\/logo-rassegna1.gif\",\"contentUrl\":\"https:\\\/\\\/www.rassegnastampa-totustuus.it\\\/cattolica\\\/wp-content\\\/uploads\\\/2014\\\/04\\\/logo-rassegna1.gif\",\"width\":600,\"height\":163,\"caption\":\"Rassegna Stampa Cattolica\"},\"image\":{\"@id\":\"https:\\\/\\\/www.rassegnastampa-totustuus.it\\\/cattolica\\\/#\\\/schema\\\/logo\\\/image\\\/\"},\"sameAs\":[\"https:\\\/\\\/www.facebook.com\\\/rassegnastampacattolica\",\"https:\\\/\\\/x.com\\\/rassegnastampa9\"]},{\"@type\":\"Person\",\"@id\":\"https:\\\/\\\/www.rassegnastampa-totustuus.it\\\/cattolica\\\/#\\\/schema\\\/person\\\/08f319d2bd1a0904ad9e2bfb7b15e5c3\",\"name\":\"Redazione\",\"image\":{\"@type\":\"ImageObject\",\"inLanguage\":\"it-IT\",\"@id\":\"https:\\\/\\\/secure.gravatar.com\\\/avatar\\\/2fcdf27c78ea025fbdb44e914cc63c72249ffec9dc8aafd5c82b26240ef3f346?s=96&d=mm&r=g\",\"url\":\"https:\\\/\\\/secure.gravatar.com\\\/avatar\\\/2fcdf27c78ea025fbdb44e914cc63c72249ffec9dc8aafd5c82b26240ef3f346?s=96&d=mm&r=g\",\"contentUrl\":\"https:\\\/\\\/secure.gravatar.com\\\/avatar\\\/2fcdf27c78ea025fbdb44e914cc63c72249ffec9dc8aafd5c82b26240ef3f346?s=96&d=mm&r=g\",\"caption\":\"Redazione\"},\"url\":\"https:\\\/\\\/www.rassegnastampa-totustuus.it\\\/cattolica\\\/author\\\/pietroelle\\\/\"}]}<\/script>\n<!-- \/ Yoast SEO plugin. -->","yoast_head_json":{"title":"Quando tramonta la politica: l\u2019alleanza tra universalismo cristiano e illuministico contro lo stato-nazione - Rassegna Stampa Cattolica","description":"Rassegna Stampa Cattolica - Per una cultura che nasce dalla Rivelazione cristiana in conformit\u00e0 alla tradizione e al Magistero della Chiesa in opposizione ad ogni relativismo e totalitarismo","robots":{"index":"index","follow":"follow","max-snippet":"max-snippet:-1","max-image-preview":"max-image-preview:large","max-video-preview":"max-video-preview:-1"},"canonical":"https:\/\/www.rassegnastampa-totustuus.it\/cattolica\/quando-tramonta-la-politica-lalleanza-tra-universalismo-cristiano-e-illuministico-contro-lo-stato-nazione\/","og_locale":"it_IT","og_type":"article","og_title":"Quando tramonta la politica: l\u2019alleanza tra universalismo cristiano e illuministico contro lo stato-nazione - Rassegna Stampa Cattolica","og_description":"Rassegna Stampa Cattolica - Per una cultura che nasce dalla Rivelazione cristiana in conformit\u00e0 alla tradizione e al Magistero della Chiesa in opposizione ad ogni relativismo e totalitarismo","og_url":"https:\/\/www.rassegnastampa-totustuus.it\/cattolica\/quando-tramonta-la-politica-lalleanza-tra-universalismo-cristiano-e-illuministico-contro-lo-stato-nazione\/","og_site_name":"Rassegna Stampa Cattolica","article_publisher":"https:\/\/www.facebook.com\/rassegnastampacattolica","article_published_time":"2019-07-31T22:00:59+00:00","og_image":[{"width":1920,"height":1080,"url":"https:\/\/www.rassegnastampa-totustuus.it\/cattolica\/wp-content\/uploads\/2019\/07\/europa.jpg","type":"image\/jpeg"}],"author":"Redazione","twitter_card":"summary_large_image","twitter_creator":"@rassegnastampa9","twitter_site":"@rassegnastampa9","twitter_misc":{"Scritto da":"Redazione","Tempo di lettura stimato":"6 minuti"},"schema":{"@context":"https:\/\/schema.org","@graph":[{"@type":"Article","@id":"https:\/\/www.rassegnastampa-totustuus.it\/cattolica\/quando-tramonta-la-politica-lalleanza-tra-universalismo-cristiano-e-illuministico-contro-lo-stato-nazione\/#article","isPartOf":{"@id":"https:\/\/www.rassegnastampa-totustuus.it\/cattolica\/quando-tramonta-la-politica-lalleanza-tra-universalismo-cristiano-e-illuministico-contro-lo-stato-nazione\/"},"author":{"name":"Redazione","@id":"https:\/\/www.rassegnastampa-totustuus.it\/cattolica\/#\/schema\/person\/08f319d2bd1a0904ad9e2bfb7b15e5c3"},"headline":"Quando tramonta la politica: l\u2019alleanza tra universalismo cristiano e illuministico contro lo stato-nazione","datePublished":"2019-07-31T22:00:59+00:00","mainEntityOfPage":{"@id":"https:\/\/www.rassegnastampa-totustuus.it\/cattolica\/quando-tramonta-la-politica-lalleanza-tra-universalismo-cristiano-e-illuministico-contro-lo-stato-nazione\/"},"wordCount":1292,"publisher":{"@id":"https:\/\/www.rassegnastampa-totustuus.it\/cattolica\/#organization"},"image":{"@id":"https:\/\/www.rassegnastampa-totustuus.it\/cattolica\/quando-tramonta-la-politica-lalleanza-tra-universalismo-cristiano-e-illuministico-contro-lo-stato-nazione\/#primaryimage"},"thumbnailUrl":"https:\/\/www.rassegnastampa-totustuus.it\/cattolica\/wp-content\/uploads\/2019\/07\/europa.jpg","keywords":["nazione","populismo","sguardo sul nostro tempo"],"articleSection":["Sguardo sul nostro tempo"],"inLanguage":"it-IT"},{"@type":"WebPage","@id":"https:\/\/www.rassegnastampa-totustuus.it\/cattolica\/quando-tramonta-la-politica-lalleanza-tra-universalismo-cristiano-e-illuministico-contro-lo-stato-nazione\/","url":"https:\/\/www.rassegnastampa-totustuus.it\/cattolica\/quando-tramonta-la-politica-lalleanza-tra-universalismo-cristiano-e-illuministico-contro-lo-stato-nazione\/","name":"Quando tramonta la politica: l\u2019alleanza tra universalismo cristiano e illuministico contro lo stato-nazione - Rassegna Stampa Cattolica","isPartOf":{"@id":"https:\/\/www.rassegnastampa-totustuus.it\/cattolica\/#website"},"primaryImageOfPage":{"@id":"https:\/\/www.rassegnastampa-totustuus.it\/cattolica\/quando-tramonta-la-politica-lalleanza-tra-universalismo-cristiano-e-illuministico-contro-lo-stato-nazione\/#primaryimage"},"image":{"@id":"https:\/\/www.rassegnastampa-totustuus.it\/cattolica\/quando-tramonta-la-politica-lalleanza-tra-universalismo-cristiano-e-illuministico-contro-lo-stato-nazione\/#primaryimage"},"thumbnailUrl":"https:\/\/www.rassegnastampa-totustuus.it\/cattolica\/wp-content\/uploads\/2019\/07\/europa.jpg","datePublished":"2019-07-31T22:00:59+00:00","description":"Rassegna Stampa Cattolica - Per una cultura che nasce dalla Rivelazione cristiana in conformit\u00e0 alla tradizione e al Magistero della Chiesa in opposizione ad ogni relativismo e totalitarismo","breadcrumb":{"@id":"https:\/\/www.rassegnastampa-totustuus.it\/cattolica\/quando-tramonta-la-politica-lalleanza-tra-universalismo-cristiano-e-illuministico-contro-lo-stato-nazione\/#breadcrumb"},"inLanguage":"it-IT","potentialAction":[{"@type":"ReadAction","target":["https:\/\/www.rassegnastampa-totustuus.it\/cattolica\/quando-tramonta-la-politica-lalleanza-tra-universalismo-cristiano-e-illuministico-contro-lo-stato-nazione\/"]}]},{"@type":"ImageObject","inLanguage":"it-IT","@id":"https:\/\/www.rassegnastampa-totustuus.it\/cattolica\/quando-tramonta-la-politica-lalleanza-tra-universalismo-cristiano-e-illuministico-contro-lo-stato-nazione\/#primaryimage","url":"https:\/\/www.rassegnastampa-totustuus.it\/cattolica\/wp-content\/uploads\/2019\/07\/europa.jpg","contentUrl":"https:\/\/www.rassegnastampa-totustuus.it\/cattolica\/wp-content\/uploads\/2019\/07\/europa.jpg","width":1920,"height":1080},{"@type":"BreadcrumbList","@id":"https:\/\/www.rassegnastampa-totustuus.it\/cattolica\/quando-tramonta-la-politica-lalleanza-tra-universalismo-cristiano-e-illuministico-contro-lo-stato-nazione\/#breadcrumb","itemListElement":[{"@type":"ListItem","position":1,"name":"Home","item":"https:\/\/www.rassegnastampa-totustuus.it\/cattolica\/"},{"@type":"ListItem","position":2,"name":"Quando tramonta la politica: l\u2019alleanza tra universalismo cristiano e illuministico contro lo stato-nazione"}]},{"@type":"WebSite","@id":"https:\/\/www.rassegnastampa-totustuus.it\/cattolica\/#website","url":"https:\/\/www.rassegnastampa-totustuus.it\/cattolica\/","name":"Rassegna Stampa Cattolica","description":"Per una cultura che nasce dalla Rivelazione cristiana in conformit\u00e0 alla tradizione e al Magistero della Chiesa in opposizione ad ogni relativismo e totalitarismo","publisher":{"@id":"https:\/\/www.rassegnastampa-totustuus.it\/cattolica\/#organization"},"alternateName":"Rass. Cattolica","potentialAction":[{"@type":"SearchAction","target":{"@type":"EntryPoint","urlTemplate":"https:\/\/www.rassegnastampa-totustuus.it\/cattolica\/?s={search_term_string}"},"query-input":{"@type":"PropertyValueSpecification","valueRequired":true,"valueName":"search_term_string"}}],"inLanguage":"it-IT"},{"@type":"Organization","@id":"https:\/\/www.rassegnastampa-totustuus.it\/cattolica\/#organization","name":"Rassegna Stampa Cattolica","url":"https:\/\/www.rassegnastampa-totustuus.it\/cattolica\/","logo":{"@type":"ImageObject","inLanguage":"it-IT","@id":"https:\/\/www.rassegnastampa-totustuus.it\/cattolica\/#\/schema\/logo\/image\/","url":"https:\/\/www.rassegnastampa-totustuus.it\/cattolica\/wp-content\/uploads\/2014\/04\/logo-rassegna1.gif","contentUrl":"https:\/\/www.rassegnastampa-totustuus.it\/cattolica\/wp-content\/uploads\/2014\/04\/logo-rassegna1.gif","width":600,"height":163,"caption":"Rassegna Stampa Cattolica"},"image":{"@id":"https:\/\/www.rassegnastampa-totustuus.it\/cattolica\/#\/schema\/logo\/image\/"},"sameAs":["https:\/\/www.facebook.com\/rassegnastampacattolica","https:\/\/x.com\/rassegnastampa9"]},{"@type":"Person","@id":"https:\/\/www.rassegnastampa-totustuus.it\/cattolica\/#\/schema\/person\/08f319d2bd1a0904ad9e2bfb7b15e5c3","name":"Redazione","image":{"@type":"ImageObject","inLanguage":"it-IT","@id":"https:\/\/secure.gravatar.com\/avatar\/2fcdf27c78ea025fbdb44e914cc63c72249ffec9dc8aafd5c82b26240ef3f346?s=96&d=mm&r=g","url":"https:\/\/secure.gravatar.com\/avatar\/2fcdf27c78ea025fbdb44e914cc63c72249ffec9dc8aafd5c82b26240ef3f346?s=96&d=mm&r=g","contentUrl":"https:\/\/secure.gravatar.com\/avatar\/2fcdf27c78ea025fbdb44e914cc63c72249ffec9dc8aafd5c82b26240ef3f346?s=96&d=mm&r=g","caption":"Redazione"},"url":"https:\/\/www.rassegnastampa-totustuus.it\/cattolica\/author\/pietroelle\/"}]}},"_links":{"self":[{"href":"https:\/\/www.rassegnastampa-totustuus.it\/cattolica\/wp-json\/wp\/v2\/posts\/43849","targetHints":{"allow":["GET"]}}],"collection":[{"href":"https:\/\/www.rassegnastampa-totustuus.it\/cattolica\/wp-json\/wp\/v2\/posts"}],"about":[{"href":"https:\/\/www.rassegnastampa-totustuus.it\/cattolica\/wp-json\/wp\/v2\/types\/post"}],"author":[{"embeddable":true,"href":"https:\/\/www.rassegnastampa-totustuus.it\/cattolica\/wp-json\/wp\/v2\/users\/6"}],"replies":[{"embeddable":true,"href":"https:\/\/www.rassegnastampa-totustuus.it\/cattolica\/wp-json\/wp\/v2\/comments?post=43849"}],"version-history":[{"count":2,"href":"https:\/\/www.rassegnastampa-totustuus.it\/cattolica\/wp-json\/wp\/v2\/posts\/43849\/revisions"}],"predecessor-version":[{"id":43854,"href":"https:\/\/www.rassegnastampa-totustuus.it\/cattolica\/wp-json\/wp\/v2\/posts\/43849\/revisions\/43854"}],"wp:featuredmedia":[{"embeddable":true,"href":"https:\/\/www.rassegnastampa-totustuus.it\/cattolica\/wp-json\/wp\/v2\/media\/43850"}],"wp:attachment":[{"href":"https:\/\/www.rassegnastampa-totustuus.it\/cattolica\/wp-json\/wp\/v2\/media?parent=43849"}],"wp:term":[{"taxonomy":"category","embeddable":true,"href":"https:\/\/www.rassegnastampa-totustuus.it\/cattolica\/wp-json\/wp\/v2\/categories?post=43849"},{"taxonomy":"post_tag","embeddable":true,"href":"https:\/\/www.rassegnastampa-totustuus.it\/cattolica\/wp-json\/wp\/v2\/tags?post=43849"}],"curies":[{"name":"wp","href":"https:\/\/api.w.org\/{rel}","templated":true}]}}