{"id":438,"date":"2005-05-11T11:45:55","date_gmt":"2005-05-11T09:45:55","guid":{"rendered":""},"modified":"2016-02-10T09:36:18","modified_gmt":"2016-02-10T08:36:18","slug":"dal-pianeta-alla-citt","status":"publish","type":"post","link":"https:\/\/www.rassegnastampa-totustuus.it\/cattolica\/dal-pianeta-alla-citt\/","title":{"rendered":"Dal Pianeta alla citt&agrave;"},"content":{"rendered":"<div style=\"text-align: center;\"><a href=\"https:\/\/www.rassegnastampa-totustuus.it\/cattolica\/wp-content\/uploads\/2005\/05\/anziani.jpg\"><img loading=\"lazy\" decoding=\"async\" class=\"alignleft wp-image-30635\" src=\"https:\/\/www.rassegnastampa-totustuus.it\/cattolica\/wp-content\/uploads\/2005\/05\/anziani.jpg\" alt=\"anziani\" width=\"250\" height=\"161\" \/><\/a>Articolo pubblicato su <strong>Studi Cattolici<\/strong> n.408 febbraio 1995<\/div>\n<p style=\"text-align: center;\">di <strong>G\u00e9rard Fran\u00e7ois Dumond*<\/strong><\/p>\n<p style=\"text-align: justify;\">In Francia, nel comune di Saint-Domet, dipartimento della Creuse, una coppia di pensionati guarda la televisione, che diffonde a profusione schemi e dichiarazioni intesi a far credere che l\u2019uomo sia il nemico della terra, anzich\u00e9 il suo giardiniere, e che ci sono troppi uomini sul nostro pianeta. Sullo schermo compaiono grafici impressionanti. Si tratta di curve esponenziali, errate per definizione, poich\u00e9 in nessuna disciplina scientifica si sono mai visti dei fenomeni permanentemente esponenziali e neppure semplicemente lineari.<\/p>\n<p><!--more--><\/p>\n<p style=\"text-align: justify;\">Peraltro ci\u00f2 che desta meraviglia \u00e8 che non viene mai presentata l\u2019evoluzione dei comuni rurali che subiscono lo spopolamento, come quello di Saint-Domet: pi\u00f9 di mille abitanti nel 1850, ridotti a un quinto oggi (203 nel censimento del 1990). E\u2019 vero che questa evoluzione, una diminuzione dell\u201980% in meno di un secolo e mezzo, \u00e8 dovuta in gran parte all\u2019emigrazione dai centri rurali. Ma essa \u00e8 anche il risultato di una affievolita fecondit\u00e0, che si \u00e8 aggravata soprattutto dopo gli anni settanta.<\/p>\n<p style=\"text-align: justify;\">Mentre la conferenza del Cairo del settembre 1994, che riportava il nome ampolloso di \u00abConferenza internazionale su popolazione e sviluppo\u00bb, fa proprie alcune conclusioni ora eminentemente simpatiche e auspicabili &#8211; bisogna accelerare l\u2019evoluzione della donna &#8211; , ora discutibili sul piano etico e scientifico &#8211; bisogna controllare il popolamento -, nessuno si interessa a Saint-Domet, n\u00e9 a tutti i comune d\u2019Europa che, come quello, sono votati ad una perdita di vitalit\u00e0.<\/p>\n<p style=\"text-align: justify;\">Se si vuol costruire in avvenire umano, \u00e8 necessario fare un inventario delle insufficienze della conferenza del Cairo, ricordando che le buone intenzioni, per quanto sincere, non fanno una buona politica. Sono cinque i punti che meritano d\u2019esser presi in esame.<\/p>\n<p style=\"text-align: justify;\"><strong>Inquietanti omissioni<\/strong><\/p>\n<p style=\"text-align: justify;\"><strong>1)<\/strong><em> Il silenzio<\/em>. Il silenzio di una conferenza, dedicata alla popolazione e allo sviluppo, sulla situazione demografica dei Paesi che stanno subendo l\u2019invecchiamento e\/o l\u2019eccedenza dei decessi sulle nascite, \u00e8 stato davvero assordante. Pensare che un saldo naturale negativo in parecchi Paesi dell\u2019Europa dell\u2019Est &#8211; Estonia, Lettonia, Ungheria, Bulgaria, Ucraina, Russia, Romania, Croazia &#8211; possa favorire lo sviluppo di quei Paesi, mentre essi hanno ancora parecchi sforzi da compiere per superare gli insuccessi di una economia leninista; pensare, dicevamo, che l\u2019invecchiamento dell\u2019Europa dell\u2019Est possa essere una condizione favorevole allo sviluppo significa dimenticare un dato essenziale.<\/p>\n<p style=\"text-align: justify;\">Nelle societ\u00e0 moderne l\u2019invecchiamento della popolazione implica spese generali pi\u00f9 gravose in materia di pensionamento, di cure, di assistenza domiciliare, e pesa di conseguenza sui bilanci pubblici; mentre l\u2019effettivo assottigliamento delle giovani generazioni rischia di limitare le risorse. Come risultato, i Paesi invecchiati rischiano di essere meno disponibili per collaborare allo sviluppo dei Paesi meno ricchi. Fino a quando si manterr\u00e0 il silenzio sull\u2019importanza e sul significato del divenire demografico nei Paesi dell\u2019emisfero Nord, che si stanno riempiendo di rughe?<\/p>\n<p style=\"text-align: justify;\"><strong>2)<\/strong> <em>L\u2019irreale<\/em>. La conferenza del Cairo si \u00e8 lasciata imprigionare nel proprio titolo \u00abpopolazione\u00bb. Si tratta di un aggregato che non consente di analizzare la realt\u00e0. Tanto gli uomini sono simili e fra loro fratelli, quanto le popolazioni sono differenti. La popolazione della Terra non \u00e8 caratterizzata da criteri uniformi. La dimensione regionale del popolamento del pianeta \u00e8 molto pi\u00f9 importante della sua estensione mondiale. Prendendo in considerazione una dopo l\u2019altra le terre emerse, si trovano contrasti e divergenze cos\u00ec molteplici da rendere non realistico il voler abbracciare in una politica unica ed uniforme tutta la popolazione mondiale.<\/p>\n<p style=\"text-align: justify;\">Contrariamente all\u2019impressione lasciata dalla conferenza del Cairo, la realt\u00e0 demografica \u00e8 polimorfa, tenuto conto della diversit\u00e0 dei tassi di natalit\u00e0, dei tassi di mortalit\u00e0 in generale, dei tassi di mortalit\u00e0 infantile, delle speranze di vita alla nascita, dei tassi di nuzialit\u00e0, dell\u2019et\u00e0 al matrimonio, dell\u2019et\u00e0 alla nascita del primo figlio, della differenza di et\u00e0 tra marito e moglie, della frequenza di divorzi, delle nascite al di fuori del matrimonio, della composizione della popolazione per et\u00e0 e, infine, della densit\u00e0 di popolazione.<\/p>\n<p style=\"text-align: justify;\">Esaminiamo quest\u2019ultimo punto, la densit\u00e0. Come in Francia sono agli estremi opposti la densit\u00e0 delle Hauts-de-Seine e della Loz\u00e9re, del Rh\u00f4ne e dell\u2019Ard\u00e9che, cos\u00ec nel mondo sono agli antipodi alcuni spazi ad alta densit\u00e0 abitativa, che rappresentano una proporzione limitata delle terre emerse, e alcuni spazi molto scarsamente popolati. Per esempio, l\u2019Africa registra quattro piccole regioni in cui il numero di abitanti per chilometro quadrato \u00e8 significativo: la valle del Nilo; la zona marittima della Nigeria e dei Paesi vicini che si affacciano al Golfo del Benin, cio\u00e8 il Benin e il Togo; le terre alte dell\u2019Africa centrale e orientale, che sono essenzialmente il Ruanda e il Burundi; e infine, in misura inferiore, il litorale del Maghreb. Il resto del continente \u00e8 molto scarsamente popolato.<\/p>\n<p style=\"text-align: justify;\">In America latina non si cono che due poli significativi quanto a popolosit\u00e0: la zona di Citt\u00e0 di Messico e quella di San Paolo in Brasile; altrove si ha una debole densit\u00e0 abitativa. Questi dati, e molti altri che si potrebbero citare, mettono in evidenza che la realt\u00e0 demografica non ha nulla a che vedere con la pretesa sovraoccupazione del pianeta tanto spesso evocata, anche se qua e l\u00e0 potrebbero essere intraprese politiche di gestione del territorio foriere di un migliore equilibrio. E\u2019 questo il caso dell\u2019Indonesia, per esempio, dove \u00e8 stata avviata una politica detta di \u00abtrasmigrazione\u00bb dalle isole di Giava e Madura, densamente popolate, verso altri territori dell\u2019arcipelago molto scarsamente popolati.<\/p>\n<p style=\"text-align: justify;\"><strong>3<\/strong><em><strong>)<\/strong> Il dirottamento<\/em>. Per lungo tempo un certo numero di esperti ha annunciato la minaccia della fame per insufficienza di risorse alimentari, salvo interventi episodici su territori limitati, per\u00f2, queste carestie non si sono verificate; gli episodi pi\u00f9 terribili di fame sono derivate, e ancor oggi derivano, da situazioni politiche. Negli anni cinquanta il Giappone, densamente popolato e senza risorse naturali, era classificato tra i Paesi sottosviluppati.<\/p>\n<p style=\"text-align: justify;\">Si sa poi come si sono svolti i fatti. Nello stesso periodo la Cina, con i suoi 500 milioni di abitanti, era candidata alla malnutrizione; ma questo Paese sta raddoppiando la sua popolazione, soprattutto in virt\u00f9 dei progressi della lotta contro la mortalit\u00e0 secondo lo schema della transizione demografica, e riesce comunque a nutrirla.<\/p>\n<p style=\"text-align: justify;\">L\u2019India, mediante la rivoluzione verde, sta per diventare esportatrice di cereali e sta per conoscere uno sviluppo inatteso, anche se ancora insufficiente a stroncare tutte le povert\u00e0. Nei paesi sviluppati, che devono anch\u2019essi combattere con la precariet\u00e0 e la povert\u00e0 del proprio territorio, le politiche agricole hanno comportato politiche di lotta contro la sovrapproduzione agricola. Tutte queste evoluzioni, e i successi dell\u2019agricoltura in numerose regioni del mondo che hanno migliorato le loro tecniche di coltura, mettono in evidenza che il postulato secondo il quale la Terra non potrebbe nutrire gli uomini \u00e8 erroneo.<\/p>\n<p style=\"text-align: justify;\">Peraltro, questo postulato \u00e8 generalmente sostenuto da argomentazioni ormai inutilizzabili. Poich\u00e9 lo spauracchio della malnutrizione diventa meno presentabile, la questione \u00e8 stata dirottata verso un sostituto: la relazione tra ambiente e popolazione. Ora, contro tutte le argomentazioni relative alle relazioni tra il numero degli uomini, l\u2019effetto serra, lo strato di ozono e via dicendo, esistono forti obiezioni, e in effetti esse sono realmente messe in discussione.<\/p>\n<p style=\"text-align: justify;\">Viceversa, quando si va alla ricerca, per esempio in Europa, dei principali inquinamenti, questi non si trovano n\u00e9 dove ci sono le pi\u00f9 elevate densit\u00e0 di popolazione, n\u00e9 dove la crescita della popolazione ha il tasso maggiore. Il triangolo europeo dell\u2019inquinamento &#8211; l\u2019ex Germania orientale, il nord della Boemia e l\u2019Alta Slesia &#8211; \u00e8 la risultante dei metodi di produzione frutto del socialismo sovietico. Invece, dove l\u2019uomo adempie alla propria missione di giardiniere della Terra, le condizioni dell\u2019ambiente migliorano. Per esempio, soprattutto grazie al moltiplicarsi delle stazioni di depurazione, le spiagge francesi sono pi\u00f9 pulite oggi che all\u2019inizio degli anni settanta.<\/p>\n<p style=\"text-align: justify;\"><strong>Errate previsioni<\/strong><\/p>\n<p style=\"text-align: justify;\"><strong>4)<\/strong><em> L\u2019errore<\/em>. Male informati sulle realt\u00e0 geografiche, parecchi delegati alla conferenza del Cairo sono rimasti confusi dallo schema che l\u2019inglese Thomas Robert Malthus aveva proposto nel 1786: la povert\u00e0 rischiava di distruggere il mondo perch\u00e9 \u00abla capacit\u00e0 della Terra di produrre la sussistenza dell\u2019uomo\u00bb era infinitamente pi\u00f9 piccola della \u00abcapacit\u00e0 degli uomini di moltiplicarsi\u00bb.<\/p>\n<p style=\"text-align: justify;\">Questo ragionamento pessimistico e semplicistico \u00e8 stato smentito dai fatti. Dal 1798 a oggi, il numero degli uomini \u00e8 stato moltiplicato per cinque grazie ai progressi dell\u2019economia e della medicina: crollata la mortalit\u00e0 infantile, scesa dal 25% a meno dell\u20191% nei Paesi pi\u00f9 avanzati; quasi triplicata la speranza di vita. La capacit\u00e0 dell\u2019uomo di produrre generi di sussistenza \u00e8 aumentata molto pi\u00f9 rapidamente della crescita demografica.<\/p>\n<p style=\"text-align: justify;\">Spiegare il mondo di oggi mediante un ragionamento di ieri, precedente alla rivoluzione di Pasteur, alla rivoluzione industriale e pure alla rivoluzione scientifica, non ha alcun senso. Sarebbe molto pi\u00f9 interessante studiare gli insegnamenti della scienza della popolazione, che consente di capire perch\u00e9 la popolazione dell\u2019Inghilterra \u00e8 aumentata del 375% nel XIX secolo, perch\u00e9 quella del pianeta \u00e8 cresciuta in analoghe proporzioni nel XX secolo, perch\u00e9 questo incremento rallenta rapidamente e si trasforma persino in decremento in Paesi e regioni sempre pi\u00f9 numerosi. E\u2019 ormai tempo di sbarazzarsi di un principio erroneo &#8211; quello di Malthus &#8211; per tenere conto delle lezioni dei fatti. Ma questo passo \u00e8 ostacolato forse da un ultimo elemento: l\u2019imperialismo.<\/p>\n<p style=\"text-align: justify;\"><strong>5)<\/strong> <em>L\u2019imperialismo<\/em>. A dispetto della legge del silenzio tanto largamente imposta, parecchi testimoni non esitano a spiegare che certi aspetti erronei della conferenza del Cairo sono frutto di una politica deliberata del Paese pi\u00f9 ricco del pianeta. Se si d\u00e0 credito alla testimonianza di certi demografi africani, certi metodi hanno portato a pubblicare cifre discutibili, per non dire falsificate, allo scopo di giustificare certe raccomandazioni. Altri metodi sono stati utilizzati per fare pressioni su alcuni paesi del Sud perch\u00e9 si allineassero sulla posizione del potente, l\u2019obiettivo del quale era di conservare la propria potenza.<\/p>\n<p style=\"text-align: justify;\">E\u2019 facile immaginare quello che avrebbe potuto dire il generale de Gaulles per denunciare questa nuova macchinazione che cerca di entrare in funzione. Ma avrebbe potuto parlare a nome dei Paesi del Sud, a nome dei Paesi francofoni e a nome della Francia. Mentre alla conferenza del Cairo la Francia non aveva voce: il suo messaggio era diluito nella posizione del Ministro dell\u2019Unione Europea, gli esperti della quale non sempre hanno recepito l\u2019esatta misura della perdita di vitalit\u00e0 demografica dei Paesi che la costituiscono.<\/p>\n<p style=\"text-align: justify;\">Non prendiamo le lucciole dei neo-malthusiani per lanterne. Non lasciamoci sedurre da ragionamenti globali e semplicisti che mascherano la verit\u00e0. La realt\u00e0 demografica essenziale \u00e8 regionale e locale. E compete a ciascun Paese, a ciascuna collettivit\u00e0 territoriale, nel quadro delle proprie responsabilit\u00e0, mettere in atto le proprie politiche a favore di buoni equilibri demografici.<\/p>\n<p style=\"text-align: justify;\">_____________________<\/p>\n<p style=\"text-align: justify;\">* demografo, docente universitario e presidente dell\u2019Institut de D\u00e9mographie politique della Sorbona di Parigi, autore per le edizioni Ares di <em>Il festino di Crono. Presente &amp; futuro della popolazione in Europa<\/em> (Milano 1994, pp.184). Quella pubblicata \u00e8 la sua comunicazione del 12 ottobre 1994 alla Commissione Demografia dell\u2019Assemblea nazionale francese.<\/p>\n","protected":false},"excerpt":{"rendered":"<p>Articolo pubblicato su Studi Cattolici n.408 febbraio 1995 di G\u00e9rard Fran\u00e7ois Dumond* In Francia, nel comune di Saint-Domet, dipartimento della Creuse, una coppia di pensionati guarda la televisione, che diffonde a profusione schemi e dichiarazioni intesi a far credere che l\u2019uomo sia il nemico della terra, anzich\u00e9 il suo giardiniere, e che ci sono troppi &hellip; <\/p>\n<p><a class=\"more-link btn\" href=\"https:\/\/www.rassegnastampa-totustuus.it\/cattolica\/dal-pianeta-alla-citt\/\">Continua a leggere<\/a><\/p>\n","protected":false},"author":6,"featured_media":30635,"comment_status":"closed","ping_status":"open","sticky":false,"template":"","format":"standard","meta":{"footnotes":""},"categories":[9],"tags":[217],"class_list":["post-438","post","type-post","status-publish","format-standard","has-post-thumbnail","hentry","category-demografia","tag-demografia-2","item-wrap"],"yoast_head":"<!-- This site is optimized with the Yoast SEO plugin v27.5 - https:\/\/yoast.com\/product\/yoast-seo-wordpress\/ -->\n<title>Dal Pianeta alla citt&agrave; - Rassegna Stampa Cattolica<\/title>\n<meta name=\"description\" content=\"Rassegna Stampa Cattolica - Per una cultura che nasce dalla Rivelazione cristiana in conformit\u00e0 alla tradizione e al Magistero della Chiesa in opposizione ad ogni relativismo e totalitarismo\" \/>\n<meta name=\"robots\" content=\"index, follow, max-snippet:-1, max-image-preview:large, max-video-preview:-1\" \/>\n<link rel=\"canonical\" href=\"https:\/\/www.rassegnastampa-totustuus.it\/cattolica\/dal-pianeta-alla-citt\/\" \/>\n<meta property=\"og:locale\" content=\"it_IT\" \/>\n<meta property=\"og:type\" content=\"article\" \/>\n<meta property=\"og:title\" content=\"Dal Pianeta alla citt&agrave; - Rassegna Stampa Cattolica\" \/>\n<meta property=\"og:description\" content=\"Rassegna Stampa Cattolica - Per una cultura che nasce dalla Rivelazione cristiana in conformit\u00e0 alla tradizione e al Magistero della Chiesa in opposizione ad ogni relativismo e totalitarismo\" \/>\n<meta property=\"og:url\" content=\"https:\/\/www.rassegnastampa-totustuus.it\/cattolica\/dal-pianeta-alla-citt\/\" \/>\n<meta property=\"og:site_name\" content=\"Rassegna Stampa Cattolica\" \/>\n<meta property=\"article:publisher\" content=\"https:\/\/www.facebook.com\/rassegnastampacattolica\" \/>\n<meta property=\"article:published_time\" content=\"2005-05-11T09:45:55+00:00\" \/>\n<meta property=\"article:modified_time\" content=\"2016-02-10T08:36:18+00:00\" \/>\n<meta property=\"og:image\" content=\"https:\/\/www.rassegnastampa-totustuus.it\/cattolica\/wp-content\/uploads\/2005\/05\/anziani.jpg\" \/>\n\t<meta property=\"og:image:width\" content=\"280\" \/>\n\t<meta property=\"og:image:height\" content=\"180\" \/>\n\t<meta property=\"og:image:type\" content=\"image\/jpeg\" \/>\n<meta name=\"author\" content=\"Redazione\" \/>\n<meta name=\"twitter:card\" content=\"summary_large_image\" \/>\n<meta name=\"twitter:creator\" content=\"@rassegnastampa9\" \/>\n<meta name=\"twitter:site\" content=\"@rassegnastampa9\" \/>\n<meta name=\"twitter:label1\" content=\"Scritto da\" \/>\n\t<meta name=\"twitter:data1\" content=\"Redazione\" \/>\n\t<meta name=\"twitter:label2\" content=\"Tempo di lettura stimato\" \/>\n\t<meta name=\"twitter:data2\" content=\"9 minuti\" \/>\n<script type=\"application\/ld+json\" class=\"yoast-schema-graph\">{\"@context\":\"https:\\\/\\\/schema.org\",\"@graph\":[{\"@type\":\"Article\",\"@id\":\"https:\\\/\\\/www.rassegnastampa-totustuus.it\\\/cattolica\\\/dal-pianeta-alla-citt\\\/#article\",\"isPartOf\":{\"@id\":\"https:\\\/\\\/www.rassegnastampa-totustuus.it\\\/cattolica\\\/dal-pianeta-alla-citt\\\/\"},\"author\":{\"name\":\"Redazione\",\"@id\":\"https:\\\/\\\/www.rassegnastampa-totustuus.it\\\/cattolica\\\/#\\\/schema\\\/person\\\/08f319d2bd1a0904ad9e2bfb7b15e5c3\"},\"headline\":\"Dal Pianeta alla citt&agrave;\",\"datePublished\":\"2005-05-11T09:45:55+00:00\",\"dateModified\":\"2016-02-10T08:36:18+00:00\",\"mainEntityOfPage\":{\"@id\":\"https:\\\/\\\/www.rassegnastampa-totustuus.it\\\/cattolica\\\/dal-pianeta-alla-citt\\\/\"},\"wordCount\":1795,\"publisher\":{\"@id\":\"https:\\\/\\\/www.rassegnastampa-totustuus.it\\\/cattolica\\\/#organization\"},\"image\":{\"@id\":\"https:\\\/\\\/www.rassegnastampa-totustuus.it\\\/cattolica\\\/dal-pianeta-alla-citt\\\/#primaryimage\"},\"thumbnailUrl\":\"https:\\\/\\\/www.rassegnastampa-totustuus.it\\\/cattolica\\\/wp-content\\\/uploads\\\/2005\\\/05\\\/anziani.jpg\",\"keywords\":[\"demografia\"],\"articleSection\":[\"Demografia\"],\"inLanguage\":\"it-IT\"},{\"@type\":\"WebPage\",\"@id\":\"https:\\\/\\\/www.rassegnastampa-totustuus.it\\\/cattolica\\\/dal-pianeta-alla-citt\\\/\",\"url\":\"https:\\\/\\\/www.rassegnastampa-totustuus.it\\\/cattolica\\\/dal-pianeta-alla-citt\\\/\",\"name\":\"Dal Pianeta alla citt&agrave; - Rassegna Stampa Cattolica\",\"isPartOf\":{\"@id\":\"https:\\\/\\\/www.rassegnastampa-totustuus.it\\\/cattolica\\\/#website\"},\"primaryImageOfPage\":{\"@id\":\"https:\\\/\\\/www.rassegnastampa-totustuus.it\\\/cattolica\\\/dal-pianeta-alla-citt\\\/#primaryimage\"},\"image\":{\"@id\":\"https:\\\/\\\/www.rassegnastampa-totustuus.it\\\/cattolica\\\/dal-pianeta-alla-citt\\\/#primaryimage\"},\"thumbnailUrl\":\"https:\\\/\\\/www.rassegnastampa-totustuus.it\\\/cattolica\\\/wp-content\\\/uploads\\\/2005\\\/05\\\/anziani.jpg\",\"datePublished\":\"2005-05-11T09:45:55+00:00\",\"dateModified\":\"2016-02-10T08:36:18+00:00\",\"description\":\"Rassegna Stampa Cattolica - Per una cultura che nasce dalla Rivelazione cristiana in conformit\u00e0 alla tradizione e al Magistero della Chiesa in opposizione ad ogni relativismo e totalitarismo\",\"breadcrumb\":{\"@id\":\"https:\\\/\\\/www.rassegnastampa-totustuus.it\\\/cattolica\\\/dal-pianeta-alla-citt\\\/#breadcrumb\"},\"inLanguage\":\"it-IT\",\"potentialAction\":[{\"@type\":\"ReadAction\",\"target\":[\"https:\\\/\\\/www.rassegnastampa-totustuus.it\\\/cattolica\\\/dal-pianeta-alla-citt\\\/\"]}]},{\"@type\":\"ImageObject\",\"inLanguage\":\"it-IT\",\"@id\":\"https:\\\/\\\/www.rassegnastampa-totustuus.it\\\/cattolica\\\/dal-pianeta-alla-citt\\\/#primaryimage\",\"url\":\"https:\\\/\\\/www.rassegnastampa-totustuus.it\\\/cattolica\\\/wp-content\\\/uploads\\\/2005\\\/05\\\/anziani.jpg\",\"contentUrl\":\"https:\\\/\\\/www.rassegnastampa-totustuus.it\\\/cattolica\\\/wp-content\\\/uploads\\\/2005\\\/05\\\/anziani.jpg\",\"width\":280,\"height\":180},{\"@type\":\"BreadcrumbList\",\"@id\":\"https:\\\/\\\/www.rassegnastampa-totustuus.it\\\/cattolica\\\/dal-pianeta-alla-citt\\\/#breadcrumb\",\"itemListElement\":[{\"@type\":\"ListItem\",\"position\":1,\"name\":\"Home\",\"item\":\"https:\\\/\\\/www.rassegnastampa-totustuus.it\\\/cattolica\\\/\"},{\"@type\":\"ListItem\",\"position\":2,\"name\":\"Dal Pianeta alla citt&agrave;\"}]},{\"@type\":\"WebSite\",\"@id\":\"https:\\\/\\\/www.rassegnastampa-totustuus.it\\\/cattolica\\\/#website\",\"url\":\"https:\\\/\\\/www.rassegnastampa-totustuus.it\\\/cattolica\\\/\",\"name\":\"Rassegna Stampa Cattolica\",\"description\":\"Per una cultura che nasce dalla Rivelazione cristiana in conformit\u00e0 alla tradizione e al Magistero della Chiesa in opposizione ad ogni relativismo e totalitarismo\",\"publisher\":{\"@id\":\"https:\\\/\\\/www.rassegnastampa-totustuus.it\\\/cattolica\\\/#organization\"},\"alternateName\":\"Rass. Cattolica\",\"potentialAction\":[{\"@type\":\"SearchAction\",\"target\":{\"@type\":\"EntryPoint\",\"urlTemplate\":\"https:\\\/\\\/www.rassegnastampa-totustuus.it\\\/cattolica\\\/?s={search_term_string}\"},\"query-input\":{\"@type\":\"PropertyValueSpecification\",\"valueRequired\":true,\"valueName\":\"search_term_string\"}}],\"inLanguage\":\"it-IT\"},{\"@type\":\"Organization\",\"@id\":\"https:\\\/\\\/www.rassegnastampa-totustuus.it\\\/cattolica\\\/#organization\",\"name\":\"Rassegna Stampa Cattolica\",\"url\":\"https:\\\/\\\/www.rassegnastampa-totustuus.it\\\/cattolica\\\/\",\"logo\":{\"@type\":\"ImageObject\",\"inLanguage\":\"it-IT\",\"@id\":\"https:\\\/\\\/www.rassegnastampa-totustuus.it\\\/cattolica\\\/#\\\/schema\\\/logo\\\/image\\\/\",\"url\":\"https:\\\/\\\/www.rassegnastampa-totustuus.it\\\/cattolica\\\/wp-content\\\/uploads\\\/2014\\\/04\\\/logo-rassegna1.gif\",\"contentUrl\":\"https:\\\/\\\/www.rassegnastampa-totustuus.it\\\/cattolica\\\/wp-content\\\/uploads\\\/2014\\\/04\\\/logo-rassegna1.gif\",\"width\":600,\"height\":163,\"caption\":\"Rassegna Stampa Cattolica\"},\"image\":{\"@id\":\"https:\\\/\\\/www.rassegnastampa-totustuus.it\\\/cattolica\\\/#\\\/schema\\\/logo\\\/image\\\/\"},\"sameAs\":[\"https:\\\/\\\/www.facebook.com\\\/rassegnastampacattolica\",\"https:\\\/\\\/x.com\\\/rassegnastampa9\"]},{\"@type\":\"Person\",\"@id\":\"https:\\\/\\\/www.rassegnastampa-totustuus.it\\\/cattolica\\\/#\\\/schema\\\/person\\\/08f319d2bd1a0904ad9e2bfb7b15e5c3\",\"name\":\"Redazione\",\"image\":{\"@type\":\"ImageObject\",\"inLanguage\":\"it-IT\",\"@id\":\"https:\\\/\\\/secure.gravatar.com\\\/avatar\\\/2fcdf27c78ea025fbdb44e914cc63c72249ffec9dc8aafd5c82b26240ef3f346?s=96&d=mm&r=g\",\"url\":\"https:\\\/\\\/secure.gravatar.com\\\/avatar\\\/2fcdf27c78ea025fbdb44e914cc63c72249ffec9dc8aafd5c82b26240ef3f346?s=96&d=mm&r=g\",\"contentUrl\":\"https:\\\/\\\/secure.gravatar.com\\\/avatar\\\/2fcdf27c78ea025fbdb44e914cc63c72249ffec9dc8aafd5c82b26240ef3f346?s=96&d=mm&r=g\",\"caption\":\"Redazione\"},\"url\":\"https:\\\/\\\/www.rassegnastampa-totustuus.it\\\/cattolica\\\/author\\\/pietroelle\\\/\"}]}<\/script>\n<!-- \/ Yoast SEO plugin. -->","yoast_head_json":{"title":"Dal Pianeta alla citt&agrave; - Rassegna Stampa Cattolica","description":"Rassegna Stampa Cattolica - Per una cultura che nasce dalla Rivelazione cristiana in conformit\u00e0 alla tradizione e al Magistero della Chiesa in opposizione ad ogni relativismo e totalitarismo","robots":{"index":"index","follow":"follow","max-snippet":"max-snippet:-1","max-image-preview":"max-image-preview:large","max-video-preview":"max-video-preview:-1"},"canonical":"https:\/\/www.rassegnastampa-totustuus.it\/cattolica\/dal-pianeta-alla-citt\/","og_locale":"it_IT","og_type":"article","og_title":"Dal Pianeta alla citt&agrave; - Rassegna Stampa Cattolica","og_description":"Rassegna Stampa Cattolica - Per una cultura che nasce dalla Rivelazione cristiana in conformit\u00e0 alla tradizione e al Magistero della Chiesa in opposizione ad ogni relativismo e totalitarismo","og_url":"https:\/\/www.rassegnastampa-totustuus.it\/cattolica\/dal-pianeta-alla-citt\/","og_site_name":"Rassegna Stampa Cattolica","article_publisher":"https:\/\/www.facebook.com\/rassegnastampacattolica","article_published_time":"2005-05-11T09:45:55+00:00","article_modified_time":"2016-02-10T08:36:18+00:00","og_image":[{"width":280,"height":180,"url":"https:\/\/www.rassegnastampa-totustuus.it\/cattolica\/wp-content\/uploads\/2005\/05\/anziani.jpg","type":"image\/jpeg"}],"author":"Redazione","twitter_card":"summary_large_image","twitter_creator":"@rassegnastampa9","twitter_site":"@rassegnastampa9","twitter_misc":{"Scritto da":"Redazione","Tempo di lettura stimato":"9 minuti"},"schema":{"@context":"https:\/\/schema.org","@graph":[{"@type":"Article","@id":"https:\/\/www.rassegnastampa-totustuus.it\/cattolica\/dal-pianeta-alla-citt\/#article","isPartOf":{"@id":"https:\/\/www.rassegnastampa-totustuus.it\/cattolica\/dal-pianeta-alla-citt\/"},"author":{"name":"Redazione","@id":"https:\/\/www.rassegnastampa-totustuus.it\/cattolica\/#\/schema\/person\/08f319d2bd1a0904ad9e2bfb7b15e5c3"},"headline":"Dal Pianeta alla citt&agrave;","datePublished":"2005-05-11T09:45:55+00:00","dateModified":"2016-02-10T08:36:18+00:00","mainEntityOfPage":{"@id":"https:\/\/www.rassegnastampa-totustuus.it\/cattolica\/dal-pianeta-alla-citt\/"},"wordCount":1795,"publisher":{"@id":"https:\/\/www.rassegnastampa-totustuus.it\/cattolica\/#organization"},"image":{"@id":"https:\/\/www.rassegnastampa-totustuus.it\/cattolica\/dal-pianeta-alla-citt\/#primaryimage"},"thumbnailUrl":"https:\/\/www.rassegnastampa-totustuus.it\/cattolica\/wp-content\/uploads\/2005\/05\/anziani.jpg","keywords":["demografia"],"articleSection":["Demografia"],"inLanguage":"it-IT"},{"@type":"WebPage","@id":"https:\/\/www.rassegnastampa-totustuus.it\/cattolica\/dal-pianeta-alla-citt\/","url":"https:\/\/www.rassegnastampa-totustuus.it\/cattolica\/dal-pianeta-alla-citt\/","name":"Dal Pianeta alla citt&agrave; - Rassegna Stampa Cattolica","isPartOf":{"@id":"https:\/\/www.rassegnastampa-totustuus.it\/cattolica\/#website"},"primaryImageOfPage":{"@id":"https:\/\/www.rassegnastampa-totustuus.it\/cattolica\/dal-pianeta-alla-citt\/#primaryimage"},"image":{"@id":"https:\/\/www.rassegnastampa-totustuus.it\/cattolica\/dal-pianeta-alla-citt\/#primaryimage"},"thumbnailUrl":"https:\/\/www.rassegnastampa-totustuus.it\/cattolica\/wp-content\/uploads\/2005\/05\/anziani.jpg","datePublished":"2005-05-11T09:45:55+00:00","dateModified":"2016-02-10T08:36:18+00:00","description":"Rassegna Stampa Cattolica - Per una cultura che nasce dalla Rivelazione cristiana in conformit\u00e0 alla tradizione e al Magistero della Chiesa in opposizione ad ogni relativismo e totalitarismo","breadcrumb":{"@id":"https:\/\/www.rassegnastampa-totustuus.it\/cattolica\/dal-pianeta-alla-citt\/#breadcrumb"},"inLanguage":"it-IT","potentialAction":[{"@type":"ReadAction","target":["https:\/\/www.rassegnastampa-totustuus.it\/cattolica\/dal-pianeta-alla-citt\/"]}]},{"@type":"ImageObject","inLanguage":"it-IT","@id":"https:\/\/www.rassegnastampa-totustuus.it\/cattolica\/dal-pianeta-alla-citt\/#primaryimage","url":"https:\/\/www.rassegnastampa-totustuus.it\/cattolica\/wp-content\/uploads\/2005\/05\/anziani.jpg","contentUrl":"https:\/\/www.rassegnastampa-totustuus.it\/cattolica\/wp-content\/uploads\/2005\/05\/anziani.jpg","width":280,"height":180},{"@type":"BreadcrumbList","@id":"https:\/\/www.rassegnastampa-totustuus.it\/cattolica\/dal-pianeta-alla-citt\/#breadcrumb","itemListElement":[{"@type":"ListItem","position":1,"name":"Home","item":"https:\/\/www.rassegnastampa-totustuus.it\/cattolica\/"},{"@type":"ListItem","position":2,"name":"Dal Pianeta alla citt&agrave;"}]},{"@type":"WebSite","@id":"https:\/\/www.rassegnastampa-totustuus.it\/cattolica\/#website","url":"https:\/\/www.rassegnastampa-totustuus.it\/cattolica\/","name":"Rassegna Stampa Cattolica","description":"Per una cultura che nasce dalla Rivelazione cristiana in conformit\u00e0 alla tradizione e al Magistero della Chiesa in opposizione ad ogni relativismo e totalitarismo","publisher":{"@id":"https:\/\/www.rassegnastampa-totustuus.it\/cattolica\/#organization"},"alternateName":"Rass. Cattolica","potentialAction":[{"@type":"SearchAction","target":{"@type":"EntryPoint","urlTemplate":"https:\/\/www.rassegnastampa-totustuus.it\/cattolica\/?s={search_term_string}"},"query-input":{"@type":"PropertyValueSpecification","valueRequired":true,"valueName":"search_term_string"}}],"inLanguage":"it-IT"},{"@type":"Organization","@id":"https:\/\/www.rassegnastampa-totustuus.it\/cattolica\/#organization","name":"Rassegna Stampa Cattolica","url":"https:\/\/www.rassegnastampa-totustuus.it\/cattolica\/","logo":{"@type":"ImageObject","inLanguage":"it-IT","@id":"https:\/\/www.rassegnastampa-totustuus.it\/cattolica\/#\/schema\/logo\/image\/","url":"https:\/\/www.rassegnastampa-totustuus.it\/cattolica\/wp-content\/uploads\/2014\/04\/logo-rassegna1.gif","contentUrl":"https:\/\/www.rassegnastampa-totustuus.it\/cattolica\/wp-content\/uploads\/2014\/04\/logo-rassegna1.gif","width":600,"height":163,"caption":"Rassegna Stampa Cattolica"},"image":{"@id":"https:\/\/www.rassegnastampa-totustuus.it\/cattolica\/#\/schema\/logo\/image\/"},"sameAs":["https:\/\/www.facebook.com\/rassegnastampacattolica","https:\/\/x.com\/rassegnastampa9"]},{"@type":"Person","@id":"https:\/\/www.rassegnastampa-totustuus.it\/cattolica\/#\/schema\/person\/08f319d2bd1a0904ad9e2bfb7b15e5c3","name":"Redazione","image":{"@type":"ImageObject","inLanguage":"it-IT","@id":"https:\/\/secure.gravatar.com\/avatar\/2fcdf27c78ea025fbdb44e914cc63c72249ffec9dc8aafd5c82b26240ef3f346?s=96&d=mm&r=g","url":"https:\/\/secure.gravatar.com\/avatar\/2fcdf27c78ea025fbdb44e914cc63c72249ffec9dc8aafd5c82b26240ef3f346?s=96&d=mm&r=g","contentUrl":"https:\/\/secure.gravatar.com\/avatar\/2fcdf27c78ea025fbdb44e914cc63c72249ffec9dc8aafd5c82b26240ef3f346?s=96&d=mm&r=g","caption":"Redazione"},"url":"https:\/\/www.rassegnastampa-totustuus.it\/cattolica\/author\/pietroelle\/"}]}},"_links":{"self":[{"href":"https:\/\/www.rassegnastampa-totustuus.it\/cattolica\/wp-json\/wp\/v2\/posts\/438","targetHints":{"allow":["GET"]}}],"collection":[{"href":"https:\/\/www.rassegnastampa-totustuus.it\/cattolica\/wp-json\/wp\/v2\/posts"}],"about":[{"href":"https:\/\/www.rassegnastampa-totustuus.it\/cattolica\/wp-json\/wp\/v2\/types\/post"}],"author":[{"embeddable":true,"href":"https:\/\/www.rassegnastampa-totustuus.it\/cattolica\/wp-json\/wp\/v2\/users\/6"}],"replies":[{"embeddable":true,"href":"https:\/\/www.rassegnastampa-totustuus.it\/cattolica\/wp-json\/wp\/v2\/comments?post=438"}],"version-history":[{"count":4,"href":"https:\/\/www.rassegnastampa-totustuus.it\/cattolica\/wp-json\/wp\/v2\/posts\/438\/revisions"}],"predecessor-version":[{"id":30636,"href":"https:\/\/www.rassegnastampa-totustuus.it\/cattolica\/wp-json\/wp\/v2\/posts\/438\/revisions\/30636"}],"wp:featuredmedia":[{"embeddable":true,"href":"https:\/\/www.rassegnastampa-totustuus.it\/cattolica\/wp-json\/wp\/v2\/media\/30635"}],"wp:attachment":[{"href":"https:\/\/www.rassegnastampa-totustuus.it\/cattolica\/wp-json\/wp\/v2\/media?parent=438"}],"wp:term":[{"taxonomy":"category","embeddable":true,"href":"https:\/\/www.rassegnastampa-totustuus.it\/cattolica\/wp-json\/wp\/v2\/categories?post=438"},{"taxonomy":"post_tag","embeddable":true,"href":"https:\/\/www.rassegnastampa-totustuus.it\/cattolica\/wp-json\/wp\/v2\/tags?post=438"}],"curies":[{"name":"wp","href":"https:\/\/api.w.org\/{rel}","templated":true}]}}