{"id":43792,"date":"2019-08-01T00:00:49","date_gmt":"2019-07-31T22:00:49","guid":{"rendered":"http:\/\/www.rassegnastampa-totustuus.it\/cattolica\/?p=43792"},"modified":"2019-07-24T15:30:24","modified_gmt":"2019-07-24T13:30:24","slug":"terribili-sorelle","status":"publish","type":"post","link":"https:\/\/www.rassegnastampa-totustuus.it\/cattolica\/terribili-sorelle\/","title":{"rendered":"Terribili sorelle"},"content":{"rendered":"<p style=\"text-align: center;\"><strong><a href=\"https:\/\/www.rassegnastampa-totustuus.it\/cattolica\/wp-content\/uploads\/2019\/07\/Lenin_Robespierre.jpg\"><img loading=\"lazy\" decoding=\"async\" class=\"alignleft wp-image-43793\" src=\"https:\/\/www.rassegnastampa-totustuus.it\/cattolica\/wp-content\/uploads\/2019\/07\/Lenin_Robespierre-300x162.jpg\" alt=\"\" width=\"250\" height=\"135\" srcset=\"https:\/\/www.rassegnastampa-totustuus.it\/cattolica\/wp-content\/uploads\/2019\/07\/Lenin_Robespierre-300x162.jpg 300w, https:\/\/www.rassegnastampa-totustuus.it\/cattolica\/wp-content\/uploads\/2019\/07\/Lenin_Robespierre.jpg 708w\" sizes=\"auto, (max-width: 250px) 100vw, 250px\" \/><\/a>Il Sabato<\/strong> n.28 &#8211; 15 Luglio 1989<\/p>\n<p style=\"text-align: justify;\"><em>Solzenicyn analizza<\/em> <em>le due rivoluzioni.<\/em> <em>E mette a fuoco<\/em> <em>un&#8217;impressionante<\/em> <em>somiglianza.<\/em> <em>Anticipazioni<\/em> <em>da un saggio inedito<\/em><\/p>\n<p style=\"text-align: center;\">di <strong>Irina Alberti \u00a0<\/strong><\/p>\n<p><!--more--><\/p>\n<p style=\"text-align: justify;\">LA rivista <em>Messaggero del movimento cristiano russo<\/em>, pubblicata a Parigi in lingua russa, nel suo numero 153 presenta un saggio di Aleksandr Solzenicyn intitolato <em>Tratti delle due rivoluzioni<\/em>. L&#8217;autore esamina la Rivoluzione francese, di cui ricorre quest&#8217;anno il bicentenario, e la Rivoluzione russa del novembre (o ottobre) 1917.<\/p>\n<p style=\"text-align: justify;\"><a href=\"https:\/\/www.rassegnastampa-totustuus.it\/cattolica\/wp-content\/uploads\/2005\/07\/solgenitsin.jpg\"><img loading=\"lazy\" decoding=\"async\" class=\"alignright wp-image-33657\" src=\"https:\/\/www.rassegnastampa-totustuus.it\/cattolica\/wp-content\/uploads\/2005\/07\/solgenitsin.jpg\" alt=\"\" width=\"150\" height=\"200\" \/><\/a>In realt\u00e0, sono appunti di lavoro presi da Solzenicyn nel corso della ricerca svolta mentre procedeva alla stesura dei molti volumi dell&#8217;epopea storica La ruota rossa: infatti lo scritto non ha nulla dello slancio appassionato e dell&#8217;intricata struttura proprie della saggistica di Solzenicyn.<\/p>\n<p style=\"text-align: justify;\">Ma le osservazioni pacatamente obiettive e distaccate si alternano a squarci di visione intuitiva dai quali traspare l&#8217;atteggiamento dello scrittore di fronte all&#8217;argomento studiato. \u00abForse quel che c&#8217;\u00e8 di pi\u00f9 importante (nell&#8217;esaminare e paragonare le due Rivoluzioni, <em>ndr<\/em>) \u00e8 la sensazione che ci troviamo davanti ad una forza incontrollabile e travolgente.<\/p>\n<p style=\"text-align: justify;\">L&#8217;uragano che \u00e8 stato scatenato porta alla distruzione, gradualmente ma ineluttabilmente, tutti coloro che hanno creato le condizioni per il prorompere degli elementi e ne hanno agevolato l&#8217;esplosione. E una sensazione ben nota a molti. Fin dall&#8217;inizio del lavoro io l&#8217;avevo chiaramente percepita e le avevo dato un nome: &#8220;La ruota rossa&#8221;\u00bb.<\/p>\n<p style=\"text-align: justify;\"><a href=\"https:\/\/www.rassegnastampa-totustuus.it\/cattolica\/wp-content\/uploads\/2009\/03\/Rivoluzione_1917-1.jpg\"><img loading=\"lazy\" decoding=\"async\" class=\"alignleft wp-image-33643\" src=\"https:\/\/www.rassegnastampa-totustuus.it\/cattolica\/wp-content\/uploads\/2009\/03\/Rivoluzione_1917-1.jpg\" alt=\"\" width=\"200\" height=\"200\" srcset=\"https:\/\/www.rassegnastampa-totustuus.it\/cattolica\/wp-content\/uploads\/2009\/03\/Rivoluzione_1917-1.jpg 225w, https:\/\/www.rassegnastampa-totustuus.it\/cattolica\/wp-content\/uploads\/2009\/03\/Rivoluzione_1917-1-150x150.jpg 150w\" sizes=\"auto, (max-width: 200px) 100vw, 200px\" \/><\/a>Era probabilmente inevitabile che lo scrittore immerso nello studio della Rivoluzione bolscevica, piuttosto che della sua genesi nella storia russa (questo \u00e8, infatti, il vero contenuto dell&#8217;epopea <em>La ruota rossa)<\/em> si rivolgesse alla Rivoluzione francese del 1789 per cercare analogie e differenze. Infatti tale avvenimento era stato sempre preso e citato come modello dai protagonisti del movimento rivoluzionario russo.<\/p>\n<p style=\"text-align: justify;\">Nei suoi appunti di lavoro Solzenicyn nota, infatti, che non bisogna tenere troppo conto delle analogie retoriche, poich\u00e9 erano quasi sempre volute. Il fatto merita di essere notato semplicemente perch\u00e9 denota un certo orientamento della sinistra rivoluzionaria russa; d&#8217;altronde Solzenicyn considera tale orientamento inevitabile per chi a quell&#8217;epoca e in quella situazione era fanaticamente posseduto dall&#8217;ideale rivoluzionario.<\/p>\n<p style=\"text-align: justify;\"><a href=\"https:\/\/www.rassegnastampa-totustuus.it\/cattolica\/wp-content\/uploads\/2019\/05\/rivoluzione_francese-2.jpg\"><img loading=\"lazy\" decoding=\"async\" class=\"alignright wp-image-43047 size-full\" src=\"https:\/\/www.rassegnastampa-totustuus.it\/cattolica\/wp-content\/uploads\/2019\/05\/rivoluzione_francese-2.jpg\" alt=\"\" width=\"252\" height=\"200\" \/><\/a>La prima somiglianza fondamentale fra le due Rivoluzioni, infatti, \u00e8 la loro intrinseca ed assoluta <em>ideologicit\u00e0<\/em>. \u00abOgni rivoluzione trascende inevitabilmente e di molto le frontiere immaginate dagli iniziatori. E\u2019 mossa da un&#8217;inerzia di slavina in moto e non pu\u00f2 limitarsi ai compiti proclamati in origine\u00bb.<\/p>\n<p style=\"text-align: justify;\">Ma alla base c&#8217;\u00e8 l&#8217;ideologia. Anche se lo scoppio reale del processo rivoluzionario \u00e8 per lo meno facilitato, se non indotto da circostanze altrettanto reali, comprensibili e giustificabili, esso \u00e8 sempre preceduto (e cos\u00ec \u00e8 stato nel caso della Rivoluzione francese come di quella russa) da una lunga maturazione psicologica e filosofica in una determinata direzione. La direzione presa era, scrive Solzenicyn, l&#8217;affermazione dell&#8217;intrinseca virt\u00f9 propria dell&#8217;uomo, che da questa virt\u00f9 viene sviato unicamente a causa e ad opera di un ordine sociale sbagliato.<\/p>\n<p style=\"text-align: justify;\"><a href=\"https:\/\/www.rassegnastampa-totustuus.it\/cattolica\/wp-content\/uploads\/2019\/05\/rivoluzione_francese-3.jpg\"><img loading=\"lazy\" decoding=\"async\" class=\"alignleft wp-image-43054\" src=\"https:\/\/www.rassegnastampa-totustuus.it\/cattolica\/wp-content\/uploads\/2019\/05\/rivoluzione_francese-3.jpg\" alt=\"\" width=\"177\" height=\"200\" \/><\/a>\u00abSenza avere alcuna esperienza pratica e non capendo nulla della gestione di uno Stato, i pensatori di questo tipo di movimento tranciano giudizi sullo Stato, sul diritto e sull&#8217;ordine sociale: sono giudizi arbitrari ed astratti, ma pieni di passione. Si respingono e si gettano via tradizioni ed usi considerati un ostacolo per i mutamenti sognati, e ci\u00f2 facendo non si pensa al pericolo di un terremoto sociale. In Francia (come pi\u00f9 tardi in Russia) sono le classi colte ed agiate a farsi portatrici di queste teorie\u00bb.<\/p>\n<p style=\"text-align: justify;\">Solzenicyn si sofferma a lungo sull&#8217;importanza delle tendenze antireligiose nella gestazione della Rivoluzione, tanto in Francia quanto poi in Russia.<\/p>\n<p style=\"text-align: justify;\">In Francia \u00absi parla di anticlericalismo, ma ben presto questo movimento degenera in vero e proprio anticristianesimo e raggiunge una violenza rabbiosa, sempre fra gli intellettuali\u00bb. Le classi privilegiate, la nobilt\u00e0 diventano la parte pi\u00f9 essenzialmente areligiosa e antireligiosa della societ\u00e0, ed \u00e8 da questi strati sociali che emana e si propaga la <em>moda<\/em> dell&#8217;anticristianesimo e della miscredenza: una moda alla quale non si pu\u00f2 non aderire.<\/p>\n<p style=\"text-align: justify;\"><a href=\"https:\/\/www.rassegnastampa-totustuus.it\/cattolica\/wp-content\/uploads\/2009\/04\/persecuzioni_Urss.jpg\"><img loading=\"lazy\" decoding=\"async\" class=\"wp-image-33640 alignright\" src=\"https:\/\/www.rassegnastampa-totustuus.it\/cattolica\/wp-content\/uploads\/2009\/04\/persecuzioni_Urss.jpg\" alt=\"\" width=\"225\" height=\"200\" \/><\/a>L&#8217;ideologia rivoluzionaria \u00e8 antireligiosa nella sua sostanza, alla radice, dice Solzenicyn, ed infatti offre se stessa al posto della religione.<\/p>\n<p style=\"text-align: justify;\">Proprio a questo \u00e8 dovuta la crudelt\u00e0 e l&#8217;estrema distruttivit\u00e0 della rivoluzione: la guerra \u00e8 stata dichiarata non all&#8217;ordinamento statale, ma insieme ad esso ad ogni principio e legge di natura morale e religiosa. \u00abNon resta pi\u00f9 nessuna certezza, nulla su cui poggiare\u00bb. Le idee immesse nel circuito sono esplosive e gli scopi prefissi sbalordiscono per la loro ampiezza: si tratta di \u00abliberare l&#8217;umanit\u00e0\u00bb, di trasformare non un Paese, ma il mondo intero.<\/p>\n<p style=\"text-align: justify;\">Il clero francese, ricorda Solzenicyn, entra nella Rivoluzione come una forza all&#8217;inizio attiva; non \u00e8 affatto disposto a frapporsi tra i contadini e la terra che questi vogliono conquistare.<\/p>\n<p style=\"text-align: justify;\"><a href=\"https:\/\/www.rassegnastampa-totustuus.it\/cattolica\/wp-content\/uploads\/2019\/05\/ghigliottina_rivoluzione_francese.jpg\"><img loading=\"lazy\" decoding=\"async\" class=\"alignleft wp-image-43042\" src=\"https:\/\/www.rassegnastampa-totustuus.it\/cattolica\/wp-content\/uploads\/2019\/05\/ghigliottina_rivoluzione_francese-300x199.jpg\" alt=\"\" width=\"250\" height=\"166\" srcset=\"https:\/\/www.rassegnastampa-totustuus.it\/cattolica\/wp-content\/uploads\/2019\/05\/ghigliottina_rivoluzione_francese-300x199.jpg 300w, https:\/\/www.rassegnastampa-totustuus.it\/cattolica\/wp-content\/uploads\/2019\/05\/ghigliottina_rivoluzione_francese-768x510.jpg 768w, https:\/\/www.rassegnastampa-totustuus.it\/cattolica\/wp-content\/uploads\/2019\/05\/ghigliottina_rivoluzione_francese-1024x680.jpg 1024w, https:\/\/www.rassegnastampa-totustuus.it\/cattolica\/wp-content\/uploads\/2019\/05\/ghigliottina_rivoluzione_francese.jpg 1401w\" sizes=\"auto, (max-width: 250px) 100vw, 250px\" \/><\/a>I colpi piovono per\u00f2 sulla Chiesa fin dal primo anno della Rivoluzione; la nazionalizzazione dei beni della Chiesa, la legge sullo Stato civile del clero, l&#8217;obbligo del giuramento di fedelt\u00e0 al nuovo ordine. Su quest&#8217;ultima imposizione avviene la scissione del clero e nasce la \u00abchiesa costituzionale\u00bb, che precorre nel tempo le varie \u00abchiese patriottiche\u00bb e \u00abchiese popolari\u00bb odierne.<\/p>\n<p style=\"text-align: justify;\">Fra le umiliazioni inflitte a Luigi XVI, Solzenicyn cita l&#8217;imposizione di ricevere la comunione dalle mani di un sacerdote che aveva giurato fedelt\u00e0 allo Stato giacobino.<\/p>\n<p style=\"text-align: justify;\">Intanto lo Stato introduce il nuovo calendario rivoluzionario dal quale sono scomparse le feste religiose e persino la domenica, in quanto ricordo della Resurrezione; \u00e8 proibito il suono delle campane, che vengono smontate dai campanili e portate via. Le chiese sono derubate, scompaiono crocifissi e calici, si brucia pubblicamente una statua della Madonna venerata dalla popolazione come miracolosa, si abbeverano gli asini dai calici rubati alle chiese&#8230;<\/p>\n<p style=\"text-align: justify;\">Ritroveremo questo in misura centuplicata dopo la Rivoluzione d&#8217;ottobre in Russia, ricorda Solzenicyn.<\/p>\n<p style=\"text-align: justify;\"><a href=\"https:\/\/www.rassegnastampa-totustuus.it\/cattolica\/wp-content\/uploads\/2019\/08\/rivoluzione_francese_dea_ragione.png\"><img loading=\"lazy\" decoding=\"async\" class=\"alignright wp-image-43798\" src=\"https:\/\/www.rassegnastampa-totustuus.it\/cattolica\/wp-content\/uploads\/2019\/08\/rivoluzione_francese_dea_ragione-184x300.png\" alt=\"\" width=\"141\" height=\"230\" srcset=\"https:\/\/www.rassegnastampa-totustuus.it\/cattolica\/wp-content\/uploads\/2019\/08\/rivoluzione_francese_dea_ragione-184x300.png 184w, https:\/\/www.rassegnastampa-totustuus.it\/cattolica\/wp-content\/uploads\/2019\/08\/rivoluzione_francese_dea_ragione.png 576w\" sizes=\"auto, (max-width: 141px) 100vw, 141px\" \/><\/a>In Francia per\u00f2 osserviamo il tentativo di sostituire il cristianesimo con un altro culto; quello dell&#8217;Essere Supremo, quello della \u00abdea Ragione\u00bb, successivamente la \u00abteofilantropia\u00bb del Direttorio. Gli edifici delle chiese cattoliche (compresa Notre Dame) vengono ristrutturati e adibiti per tali culti e ai funzionari del nuovo Stato si impone di frequentarli e condurre le famiglie alle cerimonie.<\/p>\n<p style=\"text-align: justify;\">In Unione Sovietica stiamo forse andando oggi in quella direzione. Nei primi decenni della Rivoluzione la lotta contro ogni forma di religiosit\u00e0 era globale, le chiese nella loro totalit\u00e0 votate alla distruzione.<\/p>\n<p style=\"text-align: justify;\">C&#8217;\u00e8 un campo, ricorda Solzenicyn, nel quale i rivoluzionari russi del 1917 hanno copiato apertamente e consapevolmente i giacobini, servendosi della loro fama come di un alibi: \u00e8 quello del Terrore. \u00c8 sorprendente osservare la contemporaneit\u00e0 dello scatenarsi del terrore pi\u00f9 spietato con i momenti del pi\u00f9 grande \u00abfervore rivoluzionario\u00bb, dell&#8217;entusiasmo ed anche della maggiore combattivit\u00e0 di forze armate altrimenti in pieno disfacimento.<\/p>\n<p style=\"text-align: justify;\"><a href=\"https:\/\/www.rassegnastampa-totustuus.it\/cattolica\/wp-content\/uploads\/2019\/06\/Urss_chiesa_perseguitata.jpg\"><img loading=\"lazy\" decoding=\"async\" class=\"alignleft wp-image-43276\" src=\"https:\/\/www.rassegnastampa-totustuus.it\/cattolica\/wp-content\/uploads\/2019\/06\/Urss_chiesa_perseguitata.jpg\" alt=\"\" width=\"250\" height=\"187\" \/><\/a>Si sarebbe creduto, dice Solzenicyn, che i soldati della Rivoluzione dovevano combattere con particolare entusiasmo in un&#8217;era di maggiore libert\u00e0, ma si verifica il contrario, il che fa pensare che non \u00e8 tanto un idealismo rivoluzionario che fa muovere gli uomini sotto le armi, quanto la disciplina e la paura.<\/p>\n<p style=\"text-align: justify;\">Solzenicyn nota i princ\u00ecpi di base del Terrore applicato in Francia, che tornano alla superficie, ampliati: nella Russia dopo l&#8217;ottobre del 1917 \u00able prove (della colpa di un imputato, <em>ndr<\/em>) non occorrono\u00bb, basta una denuncia anche anonima per arrestare, processare, condannare.<\/p>\n<p style=\"text-align: justify;\">\u00abL&#8217;essenza della Repubblica \u00e8 nell&#8217;annientamento di tutto ci\u00f2 che le si contrappone\u00bb, scrive Robespierre a Saint-Just. \u00abSono colpevoli coloro che non accettano la virt\u00f9. Sono colpevoli coloro che non accettano il terrore\u00bb. Solzenicyn cita altre massime formulate in quell&#8217;epoca: \u00abOgni formalit\u00e0 costituisce un pericolo pubblico. Il tempo usato per punire i nemici della patria non deve superare quello che occorre per scoprirli\u00bb.<\/p>\n<p style=\"text-align: justify;\"><a href=\"https:\/\/www.rassegnastampa-totustuus.it\/cattolica\/wp-content\/uploads\/2019\/08\/Urss_tribunale_popolo.jpg\"><img loading=\"lazy\" decoding=\"async\" class=\"alignright wp-image-43800\" src=\"https:\/\/www.rassegnastampa-totustuus.it\/cattolica\/wp-content\/uploads\/2019\/08\/Urss_tribunale_popolo.jpg\" alt=\"\" width=\"250\" height=\"191\" \/><\/a>Il principio, osserva Solzenicyn, \u00e8 stato applicato dai bolscevichi che lo hanno portato alle sue estreme conseguenze. Gli accusati durante la Rivoluzione francese prima perdono il diritto di avere un difensore, poi addirittura quello di sollevare obiezioni contro l&#8217;accusa, perch\u00e9 \u00abquesto ostacola il corso regolare della seduta\u00bb.<\/p>\n<p style=\"text-align: justify;\">Solzenicyn sottolinea: \u00e8 dai giacobini che i bolscevichi hanno preso a prestito il metodo di accusa contro interi strati sociali, contro intere classi. Gli aristocratici e i preti fin dall&#8217;inizio sono dichiarati in blocco rei di cospirazione contro il nuovo ordine; le loro famiglie diventano ostaggi. Fioriscono le denunce, richieste ed incoraggiate dal nuovo ordine, che non ha altri mezzi per \u00abscoprire i nemici della patria\u00bb.<\/p>\n<p style=\"text-align: justify;\">E\u2019 la Rivoluzione francese che per prima ricorre al ricatto della responsabilit\u00e0 collettiva per ogni delitto commesso; Solzenicyn ne vede un esempio clamoroso nel processo inscenato contro Luigi XVI, che tutti furono costretti a sancire affinch\u00e9 nessuno poi si potesse dire innocente.<\/p>\n<p style=\"text-align: justify;\"><a href=\"https:\/\/www.rassegnastampa-totustuus.it\/cattolica\/wp-content\/uploads\/2019\/08\/Urss_nkvd.jpg\"><img loading=\"lazy\" decoding=\"async\" class=\"size-full wp-image-43801 alignleft\" src=\"https:\/\/www.rassegnastampa-totustuus.it\/cattolica\/wp-content\/uploads\/2019\/08\/Urss_nkvd.jpg\" alt=\"\" width=\"220\" height=\"157\" data-wp-editing=\"1\" \/><\/a>Una \u00abgrande rivoluzione\u00bb, come quella francese e quella russa, \u00e8 un processo che dura secoli anche in quei casi in cui il suo sviluppo \u00e8 ininterrotto, conclude Solzenicyn. E un processo patologico, che scopre abissi neri negli uomini apparentemente pi\u00f9 benpensanti. Scopre anche una dimensione della nostra esistenza che non \u00e8 a livello fisico, materiale o psicologico. Sono ancora pochi a saper discernere questa dimensione anche ai giorni nostri. Soprattutto pochi osano parlarne.<\/p>\n","protected":false},"excerpt":{"rendered":"<p>Il Sabato n.28 &#8211; 15 Luglio 1989 Solzenicyn analizza le due rivoluzioni. E mette a fuoco un&#8217;impressionante somiglianza. Anticipazioni da un saggio inedito di Irina Alberti \u00a0<\/p><p><a class=\"more-link btn\" href=\"https:\/\/www.rassegnastampa-totustuus.it\/cattolica\/terribili-sorelle\/\">Continua a leggere<\/a><\/p>\n","protected":false},"author":6,"featured_media":43793,"comment_status":"closed","ping_status":"closed","sticky":false,"template":"","format":"standard","meta":{"footnotes":""},"categories":[37,27,24],"tags":[139,386,1583,457],"class_list":["post-43792","post","type-post","status-publish","format-standard","has-post-thumbnail","hentry","category-rivoluzione-francese","category-socialismo-e-comunismo","category-storia","tag-comunismo","tag-rivoluzione","tag-rivoluzione-dottobre","tag-rivoluzione-francese-2","item-wrap"],"yoast_head":"<!-- This site is optimized with the Yoast SEO plugin v27.5 - https:\/\/yoast.com\/product\/yoast-seo-wordpress\/ -->\n<title>Terribili sorelle - Rassegna Stampa Cattolica<\/title>\n<meta name=\"description\" content=\"Rassegna Stampa Cattolica - Per una cultura che nasce dalla Rivelazione cristiana in conformit\u00e0 alla tradizione e al Magistero della Chiesa in opposizione ad ogni relativismo e totalitarismo\" \/>\n<meta name=\"robots\" content=\"index, follow, max-snippet:-1, max-image-preview:large, max-video-preview:-1\" \/>\n<link rel=\"canonical\" href=\"https:\/\/www.rassegnastampa-totustuus.it\/cattolica\/terribili-sorelle\/\" \/>\n<meta property=\"og:locale\" content=\"it_IT\" \/>\n<meta property=\"og:type\" content=\"article\" \/>\n<meta property=\"og:title\" content=\"Terribili sorelle - Rassegna Stampa Cattolica\" \/>\n<meta property=\"og:description\" content=\"Rassegna Stampa Cattolica - Per una cultura che nasce dalla Rivelazione cristiana in conformit\u00e0 alla tradizione e al Magistero della Chiesa in opposizione ad ogni relativismo e totalitarismo\" \/>\n<meta property=\"og:url\" content=\"https:\/\/www.rassegnastampa-totustuus.it\/cattolica\/terribili-sorelle\/\" \/>\n<meta property=\"og:site_name\" content=\"Rassegna Stampa Cattolica\" \/>\n<meta property=\"article:publisher\" content=\"https:\/\/www.facebook.com\/rassegnastampacattolica\" \/>\n<meta property=\"article:published_time\" content=\"2019-07-31T22:00:49+00:00\" \/>\n<meta property=\"og:image\" content=\"https:\/\/www.rassegnastampa-totustuus.it\/cattolica\/wp-content\/uploads\/2019\/07\/Lenin_Robespierre.jpg\" \/>\n\t<meta property=\"og:image:width\" content=\"708\" \/>\n\t<meta property=\"og:image:height\" content=\"382\" \/>\n\t<meta property=\"og:image:type\" content=\"image\/jpeg\" \/>\n<meta name=\"author\" content=\"Redazione\" \/>\n<meta name=\"twitter:card\" content=\"summary_large_image\" \/>\n<meta name=\"twitter:creator\" content=\"@rassegnastampa9\" \/>\n<meta name=\"twitter:site\" content=\"@rassegnastampa9\" \/>\n<meta name=\"twitter:label1\" content=\"Scritto da\" \/>\n\t<meta name=\"twitter:data1\" content=\"Redazione\" \/>\n\t<meta name=\"twitter:label2\" content=\"Tempo di lettura stimato\" \/>\n\t<meta name=\"twitter:data2\" content=\"7 minuti\" \/>\n<script type=\"application\/ld+json\" class=\"yoast-schema-graph\">{\"@context\":\"https:\\\/\\\/schema.org\",\"@graph\":[{\"@type\":\"Article\",\"@id\":\"https:\\\/\\\/www.rassegnastampa-totustuus.it\\\/cattolica\\\/terribili-sorelle\\\/#article\",\"isPartOf\":{\"@id\":\"https:\\\/\\\/www.rassegnastampa-totustuus.it\\\/cattolica\\\/terribili-sorelle\\\/\"},\"author\":{\"name\":\"Redazione\",\"@id\":\"https:\\\/\\\/www.rassegnastampa-totustuus.it\\\/cattolica\\\/#\\\/schema\\\/person\\\/08f319d2bd1a0904ad9e2bfb7b15e5c3\"},\"headline\":\"Terribili sorelle\",\"datePublished\":\"2019-07-31T22:00:49+00:00\",\"mainEntityOfPage\":{\"@id\":\"https:\\\/\\\/www.rassegnastampa-totustuus.it\\\/cattolica\\\/terribili-sorelle\\\/\"},\"wordCount\":1473,\"publisher\":{\"@id\":\"https:\\\/\\\/www.rassegnastampa-totustuus.it\\\/cattolica\\\/#organization\"},\"image\":{\"@id\":\"https:\\\/\\\/www.rassegnastampa-totustuus.it\\\/cattolica\\\/terribili-sorelle\\\/#primaryimage\"},\"thumbnailUrl\":\"https:\\\/\\\/www.rassegnastampa-totustuus.it\\\/cattolica\\\/wp-content\\\/uploads\\\/2019\\\/07\\\/Lenin_Robespierre.jpg\",\"keywords\":[\"comunismo\",\"Rivoluzione\",\"Rivoluzione d'Ottobre\",\"Rivoluzione Francese\"],\"articleSection\":[\"Rivoluzione francese\",\"Socialcomunismo\",\"Storia\"],\"inLanguage\":\"it-IT\"},{\"@type\":\"WebPage\",\"@id\":\"https:\\\/\\\/www.rassegnastampa-totustuus.it\\\/cattolica\\\/terribili-sorelle\\\/\",\"url\":\"https:\\\/\\\/www.rassegnastampa-totustuus.it\\\/cattolica\\\/terribili-sorelle\\\/\",\"name\":\"Terribili sorelle - Rassegna Stampa Cattolica\",\"isPartOf\":{\"@id\":\"https:\\\/\\\/www.rassegnastampa-totustuus.it\\\/cattolica\\\/#website\"},\"primaryImageOfPage\":{\"@id\":\"https:\\\/\\\/www.rassegnastampa-totustuus.it\\\/cattolica\\\/terribili-sorelle\\\/#primaryimage\"},\"image\":{\"@id\":\"https:\\\/\\\/www.rassegnastampa-totustuus.it\\\/cattolica\\\/terribili-sorelle\\\/#primaryimage\"},\"thumbnailUrl\":\"https:\\\/\\\/www.rassegnastampa-totustuus.it\\\/cattolica\\\/wp-content\\\/uploads\\\/2019\\\/07\\\/Lenin_Robespierre.jpg\",\"datePublished\":\"2019-07-31T22:00:49+00:00\",\"description\":\"Rassegna Stampa Cattolica - Per una cultura che nasce dalla Rivelazione cristiana in conformit\u00e0 alla tradizione e al Magistero della Chiesa in opposizione ad ogni relativismo e totalitarismo\",\"breadcrumb\":{\"@id\":\"https:\\\/\\\/www.rassegnastampa-totustuus.it\\\/cattolica\\\/terribili-sorelle\\\/#breadcrumb\"},\"inLanguage\":\"it-IT\",\"potentialAction\":[{\"@type\":\"ReadAction\",\"target\":[\"https:\\\/\\\/www.rassegnastampa-totustuus.it\\\/cattolica\\\/terribili-sorelle\\\/\"]}]},{\"@type\":\"ImageObject\",\"inLanguage\":\"it-IT\",\"@id\":\"https:\\\/\\\/www.rassegnastampa-totustuus.it\\\/cattolica\\\/terribili-sorelle\\\/#primaryimage\",\"url\":\"https:\\\/\\\/www.rassegnastampa-totustuus.it\\\/cattolica\\\/wp-content\\\/uploads\\\/2019\\\/07\\\/Lenin_Robespierre.jpg\",\"contentUrl\":\"https:\\\/\\\/www.rassegnastampa-totustuus.it\\\/cattolica\\\/wp-content\\\/uploads\\\/2019\\\/07\\\/Lenin_Robespierre.jpg\",\"width\":708,\"height\":382},{\"@type\":\"BreadcrumbList\",\"@id\":\"https:\\\/\\\/www.rassegnastampa-totustuus.it\\\/cattolica\\\/terribili-sorelle\\\/#breadcrumb\",\"itemListElement\":[{\"@type\":\"ListItem\",\"position\":1,\"name\":\"Home\",\"item\":\"https:\\\/\\\/www.rassegnastampa-totustuus.it\\\/cattolica\\\/\"},{\"@type\":\"ListItem\",\"position\":2,\"name\":\"Terribili sorelle\"}]},{\"@type\":\"WebSite\",\"@id\":\"https:\\\/\\\/www.rassegnastampa-totustuus.it\\\/cattolica\\\/#website\",\"url\":\"https:\\\/\\\/www.rassegnastampa-totustuus.it\\\/cattolica\\\/\",\"name\":\"Rassegna Stampa Cattolica\",\"description\":\"Per una cultura che nasce dalla Rivelazione cristiana in conformit\u00e0 alla tradizione e al Magistero della Chiesa in opposizione ad ogni relativismo e totalitarismo\",\"publisher\":{\"@id\":\"https:\\\/\\\/www.rassegnastampa-totustuus.it\\\/cattolica\\\/#organization\"},\"alternateName\":\"Rass. Cattolica\",\"potentialAction\":[{\"@type\":\"SearchAction\",\"target\":{\"@type\":\"EntryPoint\",\"urlTemplate\":\"https:\\\/\\\/www.rassegnastampa-totustuus.it\\\/cattolica\\\/?s={search_term_string}\"},\"query-input\":{\"@type\":\"PropertyValueSpecification\",\"valueRequired\":true,\"valueName\":\"search_term_string\"}}],\"inLanguage\":\"it-IT\"},{\"@type\":\"Organization\",\"@id\":\"https:\\\/\\\/www.rassegnastampa-totustuus.it\\\/cattolica\\\/#organization\",\"name\":\"Rassegna Stampa Cattolica\",\"url\":\"https:\\\/\\\/www.rassegnastampa-totustuus.it\\\/cattolica\\\/\",\"logo\":{\"@type\":\"ImageObject\",\"inLanguage\":\"it-IT\",\"@id\":\"https:\\\/\\\/www.rassegnastampa-totustuus.it\\\/cattolica\\\/#\\\/schema\\\/logo\\\/image\\\/\",\"url\":\"https:\\\/\\\/www.rassegnastampa-totustuus.it\\\/cattolica\\\/wp-content\\\/uploads\\\/2014\\\/04\\\/logo-rassegna1.gif\",\"contentUrl\":\"https:\\\/\\\/www.rassegnastampa-totustuus.it\\\/cattolica\\\/wp-content\\\/uploads\\\/2014\\\/04\\\/logo-rassegna1.gif\",\"width\":600,\"height\":163,\"caption\":\"Rassegna Stampa Cattolica\"},\"image\":{\"@id\":\"https:\\\/\\\/www.rassegnastampa-totustuus.it\\\/cattolica\\\/#\\\/schema\\\/logo\\\/image\\\/\"},\"sameAs\":[\"https:\\\/\\\/www.facebook.com\\\/rassegnastampacattolica\",\"https:\\\/\\\/x.com\\\/rassegnastampa9\"]},{\"@type\":\"Person\",\"@id\":\"https:\\\/\\\/www.rassegnastampa-totustuus.it\\\/cattolica\\\/#\\\/schema\\\/person\\\/08f319d2bd1a0904ad9e2bfb7b15e5c3\",\"name\":\"Redazione\",\"image\":{\"@type\":\"ImageObject\",\"inLanguage\":\"it-IT\",\"@id\":\"https:\\\/\\\/secure.gravatar.com\\\/avatar\\\/2fcdf27c78ea025fbdb44e914cc63c72249ffec9dc8aafd5c82b26240ef3f346?s=96&d=mm&r=g\",\"url\":\"https:\\\/\\\/secure.gravatar.com\\\/avatar\\\/2fcdf27c78ea025fbdb44e914cc63c72249ffec9dc8aafd5c82b26240ef3f346?s=96&d=mm&r=g\",\"contentUrl\":\"https:\\\/\\\/secure.gravatar.com\\\/avatar\\\/2fcdf27c78ea025fbdb44e914cc63c72249ffec9dc8aafd5c82b26240ef3f346?s=96&d=mm&r=g\",\"caption\":\"Redazione\"},\"url\":\"https:\\\/\\\/www.rassegnastampa-totustuus.it\\\/cattolica\\\/author\\\/pietroelle\\\/\"}]}<\/script>\n<!-- \/ Yoast SEO plugin. -->","yoast_head_json":{"title":"Terribili sorelle - Rassegna Stampa Cattolica","description":"Rassegna Stampa Cattolica - Per una cultura che nasce dalla Rivelazione cristiana in conformit\u00e0 alla tradizione e al Magistero della Chiesa in opposizione ad ogni relativismo e totalitarismo","robots":{"index":"index","follow":"follow","max-snippet":"max-snippet:-1","max-image-preview":"max-image-preview:large","max-video-preview":"max-video-preview:-1"},"canonical":"https:\/\/www.rassegnastampa-totustuus.it\/cattolica\/terribili-sorelle\/","og_locale":"it_IT","og_type":"article","og_title":"Terribili sorelle - Rassegna Stampa Cattolica","og_description":"Rassegna Stampa Cattolica - Per una cultura che nasce dalla Rivelazione cristiana in conformit\u00e0 alla tradizione e al Magistero della Chiesa in opposizione ad ogni relativismo e totalitarismo","og_url":"https:\/\/www.rassegnastampa-totustuus.it\/cattolica\/terribili-sorelle\/","og_site_name":"Rassegna Stampa Cattolica","article_publisher":"https:\/\/www.facebook.com\/rassegnastampacattolica","article_published_time":"2019-07-31T22:00:49+00:00","og_image":[{"width":708,"height":382,"url":"https:\/\/www.rassegnastampa-totustuus.it\/cattolica\/wp-content\/uploads\/2019\/07\/Lenin_Robespierre.jpg","type":"image\/jpeg"}],"author":"Redazione","twitter_card":"summary_large_image","twitter_creator":"@rassegnastampa9","twitter_site":"@rassegnastampa9","twitter_misc":{"Scritto da":"Redazione","Tempo di lettura stimato":"7 minuti"},"schema":{"@context":"https:\/\/schema.org","@graph":[{"@type":"Article","@id":"https:\/\/www.rassegnastampa-totustuus.it\/cattolica\/terribili-sorelle\/#article","isPartOf":{"@id":"https:\/\/www.rassegnastampa-totustuus.it\/cattolica\/terribili-sorelle\/"},"author":{"name":"Redazione","@id":"https:\/\/www.rassegnastampa-totustuus.it\/cattolica\/#\/schema\/person\/08f319d2bd1a0904ad9e2bfb7b15e5c3"},"headline":"Terribili sorelle","datePublished":"2019-07-31T22:00:49+00:00","mainEntityOfPage":{"@id":"https:\/\/www.rassegnastampa-totustuus.it\/cattolica\/terribili-sorelle\/"},"wordCount":1473,"publisher":{"@id":"https:\/\/www.rassegnastampa-totustuus.it\/cattolica\/#organization"},"image":{"@id":"https:\/\/www.rassegnastampa-totustuus.it\/cattolica\/terribili-sorelle\/#primaryimage"},"thumbnailUrl":"https:\/\/www.rassegnastampa-totustuus.it\/cattolica\/wp-content\/uploads\/2019\/07\/Lenin_Robespierre.jpg","keywords":["comunismo","Rivoluzione","Rivoluzione d'Ottobre","Rivoluzione Francese"],"articleSection":["Rivoluzione francese","Socialcomunismo","Storia"],"inLanguage":"it-IT"},{"@type":"WebPage","@id":"https:\/\/www.rassegnastampa-totustuus.it\/cattolica\/terribili-sorelle\/","url":"https:\/\/www.rassegnastampa-totustuus.it\/cattolica\/terribili-sorelle\/","name":"Terribili sorelle - Rassegna Stampa Cattolica","isPartOf":{"@id":"https:\/\/www.rassegnastampa-totustuus.it\/cattolica\/#website"},"primaryImageOfPage":{"@id":"https:\/\/www.rassegnastampa-totustuus.it\/cattolica\/terribili-sorelle\/#primaryimage"},"image":{"@id":"https:\/\/www.rassegnastampa-totustuus.it\/cattolica\/terribili-sorelle\/#primaryimage"},"thumbnailUrl":"https:\/\/www.rassegnastampa-totustuus.it\/cattolica\/wp-content\/uploads\/2019\/07\/Lenin_Robespierre.jpg","datePublished":"2019-07-31T22:00:49+00:00","description":"Rassegna Stampa Cattolica - Per una cultura che nasce dalla Rivelazione cristiana in conformit\u00e0 alla tradizione e al Magistero della Chiesa in opposizione ad ogni relativismo e totalitarismo","breadcrumb":{"@id":"https:\/\/www.rassegnastampa-totustuus.it\/cattolica\/terribili-sorelle\/#breadcrumb"},"inLanguage":"it-IT","potentialAction":[{"@type":"ReadAction","target":["https:\/\/www.rassegnastampa-totustuus.it\/cattolica\/terribili-sorelle\/"]}]},{"@type":"ImageObject","inLanguage":"it-IT","@id":"https:\/\/www.rassegnastampa-totustuus.it\/cattolica\/terribili-sorelle\/#primaryimage","url":"https:\/\/www.rassegnastampa-totustuus.it\/cattolica\/wp-content\/uploads\/2019\/07\/Lenin_Robespierre.jpg","contentUrl":"https:\/\/www.rassegnastampa-totustuus.it\/cattolica\/wp-content\/uploads\/2019\/07\/Lenin_Robespierre.jpg","width":708,"height":382},{"@type":"BreadcrumbList","@id":"https:\/\/www.rassegnastampa-totustuus.it\/cattolica\/terribili-sorelle\/#breadcrumb","itemListElement":[{"@type":"ListItem","position":1,"name":"Home","item":"https:\/\/www.rassegnastampa-totustuus.it\/cattolica\/"},{"@type":"ListItem","position":2,"name":"Terribili sorelle"}]},{"@type":"WebSite","@id":"https:\/\/www.rassegnastampa-totustuus.it\/cattolica\/#website","url":"https:\/\/www.rassegnastampa-totustuus.it\/cattolica\/","name":"Rassegna Stampa Cattolica","description":"Per una cultura che nasce dalla Rivelazione cristiana in conformit\u00e0 alla tradizione e al Magistero della Chiesa in opposizione ad ogni relativismo e totalitarismo","publisher":{"@id":"https:\/\/www.rassegnastampa-totustuus.it\/cattolica\/#organization"},"alternateName":"Rass. Cattolica","potentialAction":[{"@type":"SearchAction","target":{"@type":"EntryPoint","urlTemplate":"https:\/\/www.rassegnastampa-totustuus.it\/cattolica\/?s={search_term_string}"},"query-input":{"@type":"PropertyValueSpecification","valueRequired":true,"valueName":"search_term_string"}}],"inLanguage":"it-IT"},{"@type":"Organization","@id":"https:\/\/www.rassegnastampa-totustuus.it\/cattolica\/#organization","name":"Rassegna Stampa Cattolica","url":"https:\/\/www.rassegnastampa-totustuus.it\/cattolica\/","logo":{"@type":"ImageObject","inLanguage":"it-IT","@id":"https:\/\/www.rassegnastampa-totustuus.it\/cattolica\/#\/schema\/logo\/image\/","url":"https:\/\/www.rassegnastampa-totustuus.it\/cattolica\/wp-content\/uploads\/2014\/04\/logo-rassegna1.gif","contentUrl":"https:\/\/www.rassegnastampa-totustuus.it\/cattolica\/wp-content\/uploads\/2014\/04\/logo-rassegna1.gif","width":600,"height":163,"caption":"Rassegna Stampa Cattolica"},"image":{"@id":"https:\/\/www.rassegnastampa-totustuus.it\/cattolica\/#\/schema\/logo\/image\/"},"sameAs":["https:\/\/www.facebook.com\/rassegnastampacattolica","https:\/\/x.com\/rassegnastampa9"]},{"@type":"Person","@id":"https:\/\/www.rassegnastampa-totustuus.it\/cattolica\/#\/schema\/person\/08f319d2bd1a0904ad9e2bfb7b15e5c3","name":"Redazione","image":{"@type":"ImageObject","inLanguage":"it-IT","@id":"https:\/\/secure.gravatar.com\/avatar\/2fcdf27c78ea025fbdb44e914cc63c72249ffec9dc8aafd5c82b26240ef3f346?s=96&d=mm&r=g","url":"https:\/\/secure.gravatar.com\/avatar\/2fcdf27c78ea025fbdb44e914cc63c72249ffec9dc8aafd5c82b26240ef3f346?s=96&d=mm&r=g","contentUrl":"https:\/\/secure.gravatar.com\/avatar\/2fcdf27c78ea025fbdb44e914cc63c72249ffec9dc8aafd5c82b26240ef3f346?s=96&d=mm&r=g","caption":"Redazione"},"url":"https:\/\/www.rassegnastampa-totustuus.it\/cattolica\/author\/pietroelle\/"}]}},"_links":{"self":[{"href":"https:\/\/www.rassegnastampa-totustuus.it\/cattolica\/wp-json\/wp\/v2\/posts\/43792","targetHints":{"allow":["GET"]}}],"collection":[{"href":"https:\/\/www.rassegnastampa-totustuus.it\/cattolica\/wp-json\/wp\/v2\/posts"}],"about":[{"href":"https:\/\/www.rassegnastampa-totustuus.it\/cattolica\/wp-json\/wp\/v2\/types\/post"}],"author":[{"embeddable":true,"href":"https:\/\/www.rassegnastampa-totustuus.it\/cattolica\/wp-json\/wp\/v2\/users\/6"}],"replies":[{"embeddable":true,"href":"https:\/\/www.rassegnastampa-totustuus.it\/cattolica\/wp-json\/wp\/v2\/comments?post=43792"}],"version-history":[{"count":3,"href":"https:\/\/www.rassegnastampa-totustuus.it\/cattolica\/wp-json\/wp\/v2\/posts\/43792\/revisions"}],"predecessor-version":[{"id":43802,"href":"https:\/\/www.rassegnastampa-totustuus.it\/cattolica\/wp-json\/wp\/v2\/posts\/43792\/revisions\/43802"}],"wp:featuredmedia":[{"embeddable":true,"href":"https:\/\/www.rassegnastampa-totustuus.it\/cattolica\/wp-json\/wp\/v2\/media\/43793"}],"wp:attachment":[{"href":"https:\/\/www.rassegnastampa-totustuus.it\/cattolica\/wp-json\/wp\/v2\/media?parent=43792"}],"wp:term":[{"taxonomy":"category","embeddable":true,"href":"https:\/\/www.rassegnastampa-totustuus.it\/cattolica\/wp-json\/wp\/v2\/categories?post=43792"},{"taxonomy":"post_tag","embeddable":true,"href":"https:\/\/www.rassegnastampa-totustuus.it\/cattolica\/wp-json\/wp\/v2\/tags?post=43792"}],"curies":[{"name":"wp","href":"https:\/\/api.w.org\/{rel}","templated":true}]}}