{"id":4374,"date":"2011-02-10T00:00:00","date_gmt":"2011-02-09T23:00:00","guid":{"rendered":""},"modified":"2015-03-25T16:32:16","modified_gmt":"2015-03-25T15:32:16","slug":"muoiono-di-fame-e-sete-altro-che-accanimento","status":"publish","type":"post","link":"https:\/\/www.rassegnastampa-totustuus.it\/cattolica\/muoiono-di-fame-e-sete-altro-che-accanimento\/","title":{"rendered":"Muoiono di fame e sete, altro che accanimento"},"content":{"rendered":"<div style=\"text-align: center;\"><strong>La Bussola Quotidiana<\/strong> 1 febbraio 2011<\/div>\n<p style=\"text-align: center;\">\u00a0di <strong>Carlo Bellieni<\/strong><\/p>\n<p style=\"text-align: justify;\">L\u2019<em>Independent<\/em>, quotidiano anglosassone, titola il 31 gennaio: \u201cA centinaia lasciati morire disidratati negli ospizi\u201d! Secondo un\u2019indagine riportata dal giornale, 650 anziani sono morti per carenza di liquidi e 157 di fame negli ultimi 5 anni nelle case di riposo inglesi.<\/p>\n<p style=\"text-align: justify;\"><!--more--><\/p>\n<p style=\"text-align: justify;\">Neil Duncan-Jordan, del Sindacato Pensionati commenta cos\u00ec sul quotidiano: \u201cA fronte di una quota di 600-800 sterline a settimana, nessuno ti aiuta a mangiare, nessuno ti fa cambiare posizione nel letto, ricevendo un trattamento di serie B\u201d. Insomma, la vita dell\u2019anziano \u00e8 difficile anche in Gran Bretagna, e le politiche sociali fanno acqua anche l\u00ec.<\/p>\n<p style=\"text-align: justify;\"><strong>Ma il punto \u00e8 un altro.<\/strong> Sui giornali nostrani &#8211; ma non solo &#8211; sembra che l\u2019unica preoccupazione per chi \u00e8 anziano o malato cronico sia l\u2019arcinoto e arcipropagandato testamento biologico, come se ci fossero davvero in giro dei medici pazzi che ti curano anche se\u00a0 \u00e8 inutile, o come se tu non potessi nemmeno fidarti dei tuoi figli per prendere le decisioni quando non sei in grado di farti sentire.<\/p>\n<p style=\"text-align: justify;\">Mentre ci sono anziani che muoiono di fame e di sete! Ma questo non va sulle prime pagine o ci va di rado, e non c\u2019\u00e8 paragone su quanto invece si parli di come far morire rispetto a quanto si parla di come far vivere meglio.<\/p>\n<p style=\"text-align: justify;\"><strong>\u00c8 uno sbilanciamento assurdo:<\/strong> la cattiva sanit\u00e0 lascia morire tanti malati che non si sanno esprimere e non se ne parla, per\u00f2 ci si dilunga sui pochi casi dei rari pazienti che vogliono morire (e sarebbe bene vedere se anche qui non \u00e8 un problema ambientale o medico). \u00c8 \u00a0un fenomeno che l\u2019economista di Barack Obama, Cass R. Sustain (<em>Il diritto della paura<\/em>, il Mulino) chiama \u201cprobability neglect\u201d, cio\u00e8 la deriva che prende l\u2019opinione pubblica o privata di fronte a suggestioni esterne, che fanno spaventare per fenomeni rarissimi a verificarsi mentre sottovaluta quelli che sono di frequenza pi\u00f9 alta, ma su cui la stampa o i nostri vicini mettono meno attenzione.<\/p>\n<p style=\"text-align: justify;\">E il tutto fa agio sulle nostre paure, dato che certi allarmismi giocano sul nostro senso di diffidenza verso il prossimo, o sull\u2019idea, trattata tra le idee irrazionali da Albert Ellis (1913-2007), uno dei padri della psichiatria contemporanea, secondo cui \u201cse qualcosa \u00e8 o pu\u00f2 essere pericoloso o temibile, l\u2019individuo deve preoccuparsene moltissimo e deve sentirsi sconvolto\u201d.<\/p>\n<p style=\"text-align: justify;\"><strong>Gli anziani dunque ricevono cattivi trattamenti<\/strong>, i disabili mentali, come riportava due anni fa un altro report al parlamento inglese, sono altrettanto soggetti a cattiva sanit\u00e0 tanto che il <em>Lancet<\/em> scriveva che essi risultano \u201cinvisibili\u201d al Sistema Sanitario Nazionale; e l\u2019unica cosa che sanno fare i giornali \u00e8 far preoccupare anziani e tutori dei disabili della possibilit\u00e0 che qualcuno li faccia tenere in vita artificialmente? <em>Lancet <\/em>e <em>Independent <\/em>ci spiegano che il problema semmai \u00e8 l\u2019opposto.<\/p>\n<p style=\"text-align: justify;\"><strong>Oltretutto i malati costano <\/strong>e vi sembra che la societ\u00e0 occidentale sia di manica cos\u00ec larga con le spese? Certo questo non \u00e8 generalizzabile, ma anche recentemente la stampa medica si cominciava a domandare se la spinta verso la legalizzazione dell\u2019eutanasia non abbia anche motivi economici. Insomma, facciamo in modo che la gente si preoccupi per i problemi reali, lasciando quelli ipotetici (le sopravvivenze con accanimenti ingiusti) nel mondo di ci\u00f2 che \u00e8 certo possibile a verificarsi, ma che \u00e8 altrettanto palesemente ingiusto e dunque vincibile con le leggi opportune; e soprattutto raro, tanto da ricadere nella categoria degli errori o della follia piuttosto che in quella della cattiva sanit\u00e0.<\/p>\n","protected":false},"excerpt":{"rendered":"<p>La Bussola Quotidiana 1 febbraio 2011 \u00a0di Carlo Bellieni L\u2019Independent, quotidiano anglosassone, titola il 31 gennaio: \u201cA centinaia lasciati morire disidratati negli ospizi\u201d! Secondo un\u2019indagine riportata dal giornale, 650 anziani sono morti per carenza di liquidi e 157 di fame negli ultimi 5 anni nelle case di riposo inglesi.<\/p><p><a class=\"more-link btn\" href=\"https:\/\/www.rassegnastampa-totustuus.it\/cattolica\/muoiono-di-fame-e-sete-altro-che-accanimento\/\">Continua a leggere<\/a><\/p>\n","protected":false},"author":6,"featured_media":32138,"comment_status":"closed","ping_status":"open","sticky":false,"template":"","format":"standard","meta":{"footnotes":""},"categories":[55],"tags":[587,242],"class_list":["post-4374","post","type-post","status-publish","format-standard","has-post-thumbnail","hentry","category-eutanasia","tag-anziani","tag-sanita","item-wrap"],"yoast_head":"<!-- This site is optimized with the Yoast SEO plugin v27.4 - https:\/\/yoast.com\/product\/yoast-seo-wordpress\/ -->\n<title>Muoiono di fame e sete, altro che accanimento - Rassegna Stampa Cattolica<\/title>\n<meta name=\"description\" content=\"Rassegna Stampa Cattolica - Per una cultura che nasce dalla Rivelazione cristiana in conformit\u00e0 alla tradizione e al Magistero della Chiesa in opposizione ad ogni relativismo e totalitarismo\" \/>\n<meta name=\"robots\" content=\"index, follow, max-snippet:-1, max-image-preview:large, max-video-preview:-1\" \/>\n<link rel=\"canonical\" href=\"https:\/\/www.rassegnastampa-totustuus.it\/cattolica\/muoiono-di-fame-e-sete-altro-che-accanimento\/\" \/>\n<meta property=\"og:locale\" content=\"it_IT\" \/>\n<meta property=\"og:type\" content=\"article\" \/>\n<meta property=\"og:title\" content=\"Muoiono di fame e sete, altro che accanimento - Rassegna Stampa Cattolica\" \/>\n<meta property=\"og:description\" content=\"Rassegna Stampa Cattolica - Per una cultura che nasce dalla Rivelazione cristiana in conformit\u00e0 alla tradizione e al Magistero della Chiesa in opposizione ad ogni relativismo e totalitarismo\" \/>\n<meta property=\"og:url\" content=\"https:\/\/www.rassegnastampa-totustuus.it\/cattolica\/muoiono-di-fame-e-sete-altro-che-accanimento\/\" \/>\n<meta property=\"og:site_name\" content=\"Rassegna Stampa Cattolica\" \/>\n<meta property=\"article:publisher\" content=\"https:\/\/www.facebook.com\/rassegnastampacattolica\" \/>\n<meta property=\"article:published_time\" content=\"2011-02-09T23:00:00+00:00\" \/>\n<meta property=\"article:modified_time\" content=\"2015-03-25T15:32:16+00:00\" \/>\n<meta property=\"og:image\" content=\"https:\/\/www.rassegnastampa-totustuus.it\/cattolica\/wp-content\/uploads\/2011\/02\/anziani.jpg\" \/>\n\t<meta property=\"og:image:width\" content=\"276\" \/>\n\t<meta property=\"og:image:height\" content=\"182\" \/>\n\t<meta property=\"og:image:type\" content=\"image\/jpeg\" \/>\n<meta name=\"author\" content=\"Redazione\" \/>\n<meta name=\"twitter:card\" content=\"summary_large_image\" \/>\n<meta name=\"twitter:creator\" content=\"@rassegnastampa9\" \/>\n<meta name=\"twitter:site\" content=\"@rassegnastampa9\" \/>\n<meta name=\"twitter:label1\" content=\"Scritto da\" \/>\n\t<meta name=\"twitter:data1\" content=\"Redazione\" \/>\n\t<meta name=\"twitter:label2\" content=\"Tempo di lettura stimato\" \/>\n\t<meta name=\"twitter:data2\" content=\"3 minuti\" \/>\n<script type=\"application\/ld+json\" class=\"yoast-schema-graph\">{\"@context\":\"https:\\\/\\\/schema.org\",\"@graph\":[{\"@type\":\"Article\",\"@id\":\"https:\\\/\\\/www.rassegnastampa-totustuus.it\\\/cattolica\\\/muoiono-di-fame-e-sete-altro-che-accanimento\\\/#article\",\"isPartOf\":{\"@id\":\"https:\\\/\\\/www.rassegnastampa-totustuus.it\\\/cattolica\\\/muoiono-di-fame-e-sete-altro-che-accanimento\\\/\"},\"author\":{\"name\":\"Redazione\",\"@id\":\"https:\\\/\\\/www.rassegnastampa-totustuus.it\\\/cattolica\\\/#\\\/schema\\\/person\\\/08f319d2bd1a0904ad9e2bfb7b15e5c3\"},\"headline\":\"Muoiono di fame e sete, altro che accanimento\",\"datePublished\":\"2011-02-09T23:00:00+00:00\",\"dateModified\":\"2015-03-25T15:32:16+00:00\",\"mainEntityOfPage\":{\"@id\":\"https:\\\/\\\/www.rassegnastampa-totustuus.it\\\/cattolica\\\/muoiono-di-fame-e-sete-altro-che-accanimento\\\/\"},\"wordCount\":576,\"publisher\":{\"@id\":\"https:\\\/\\\/www.rassegnastampa-totustuus.it\\\/cattolica\\\/#organization\"},\"image\":{\"@id\":\"https:\\\/\\\/www.rassegnastampa-totustuus.it\\\/cattolica\\\/muoiono-di-fame-e-sete-altro-che-accanimento\\\/#primaryimage\"},\"thumbnailUrl\":\"https:\\\/\\\/www.rassegnastampa-totustuus.it\\\/cattolica\\\/wp-content\\\/uploads\\\/2011\\\/02\\\/anziani.jpg\",\"keywords\":[\"anziani\",\"sanit\u00e0\"],\"articleSection\":[\"Eutanasia\"],\"inLanguage\":\"it-IT\"},{\"@type\":\"WebPage\",\"@id\":\"https:\\\/\\\/www.rassegnastampa-totustuus.it\\\/cattolica\\\/muoiono-di-fame-e-sete-altro-che-accanimento\\\/\",\"url\":\"https:\\\/\\\/www.rassegnastampa-totustuus.it\\\/cattolica\\\/muoiono-di-fame-e-sete-altro-che-accanimento\\\/\",\"name\":\"Muoiono di fame e sete, altro che accanimento - Rassegna Stampa Cattolica\",\"isPartOf\":{\"@id\":\"https:\\\/\\\/www.rassegnastampa-totustuus.it\\\/cattolica\\\/#website\"},\"primaryImageOfPage\":{\"@id\":\"https:\\\/\\\/www.rassegnastampa-totustuus.it\\\/cattolica\\\/muoiono-di-fame-e-sete-altro-che-accanimento\\\/#primaryimage\"},\"image\":{\"@id\":\"https:\\\/\\\/www.rassegnastampa-totustuus.it\\\/cattolica\\\/muoiono-di-fame-e-sete-altro-che-accanimento\\\/#primaryimage\"},\"thumbnailUrl\":\"https:\\\/\\\/www.rassegnastampa-totustuus.it\\\/cattolica\\\/wp-content\\\/uploads\\\/2011\\\/02\\\/anziani.jpg\",\"datePublished\":\"2011-02-09T23:00:00+00:00\",\"dateModified\":\"2015-03-25T15:32:16+00:00\",\"description\":\"Rassegna Stampa Cattolica - Per una cultura che nasce dalla Rivelazione cristiana in conformit\u00e0 alla tradizione e al Magistero della Chiesa in opposizione ad ogni relativismo e totalitarismo\",\"breadcrumb\":{\"@id\":\"https:\\\/\\\/www.rassegnastampa-totustuus.it\\\/cattolica\\\/muoiono-di-fame-e-sete-altro-che-accanimento\\\/#breadcrumb\"},\"inLanguage\":\"it-IT\",\"potentialAction\":[{\"@type\":\"ReadAction\",\"target\":[\"https:\\\/\\\/www.rassegnastampa-totustuus.it\\\/cattolica\\\/muoiono-di-fame-e-sete-altro-che-accanimento\\\/\"]}]},{\"@type\":\"ImageObject\",\"inLanguage\":\"it-IT\",\"@id\":\"https:\\\/\\\/www.rassegnastampa-totustuus.it\\\/cattolica\\\/muoiono-di-fame-e-sete-altro-che-accanimento\\\/#primaryimage\",\"url\":\"https:\\\/\\\/www.rassegnastampa-totustuus.it\\\/cattolica\\\/wp-content\\\/uploads\\\/2011\\\/02\\\/anziani.jpg\",\"contentUrl\":\"https:\\\/\\\/www.rassegnastampa-totustuus.it\\\/cattolica\\\/wp-content\\\/uploads\\\/2011\\\/02\\\/anziani.jpg\",\"width\":276,\"height\":182},{\"@type\":\"BreadcrumbList\",\"@id\":\"https:\\\/\\\/www.rassegnastampa-totustuus.it\\\/cattolica\\\/muoiono-di-fame-e-sete-altro-che-accanimento\\\/#breadcrumb\",\"itemListElement\":[{\"@type\":\"ListItem\",\"position\":1,\"name\":\"Home\",\"item\":\"https:\\\/\\\/www.rassegnastampa-totustuus.it\\\/cattolica\\\/\"},{\"@type\":\"ListItem\",\"position\":2,\"name\":\"Muoiono di fame e sete, altro che accanimento\"}]},{\"@type\":\"WebSite\",\"@id\":\"https:\\\/\\\/www.rassegnastampa-totustuus.it\\\/cattolica\\\/#website\",\"url\":\"https:\\\/\\\/www.rassegnastampa-totustuus.it\\\/cattolica\\\/\",\"name\":\"Rassegna Stampa Cattolica\",\"description\":\"Per una cultura che nasce dalla Rivelazione cristiana in conformit\u00e0 alla tradizione e al Magistero della Chiesa in opposizione ad ogni relativismo e totalitarismo\",\"publisher\":{\"@id\":\"https:\\\/\\\/www.rassegnastampa-totustuus.it\\\/cattolica\\\/#organization\"},\"alternateName\":\"Rass. Cattolica\",\"potentialAction\":[{\"@type\":\"SearchAction\",\"target\":{\"@type\":\"EntryPoint\",\"urlTemplate\":\"https:\\\/\\\/www.rassegnastampa-totustuus.it\\\/cattolica\\\/?s={search_term_string}\"},\"query-input\":{\"@type\":\"PropertyValueSpecification\",\"valueRequired\":true,\"valueName\":\"search_term_string\"}}],\"inLanguage\":\"it-IT\"},{\"@type\":\"Organization\",\"@id\":\"https:\\\/\\\/www.rassegnastampa-totustuus.it\\\/cattolica\\\/#organization\",\"name\":\"Rassegna Stampa Cattolica\",\"url\":\"https:\\\/\\\/www.rassegnastampa-totustuus.it\\\/cattolica\\\/\",\"logo\":{\"@type\":\"ImageObject\",\"inLanguage\":\"it-IT\",\"@id\":\"https:\\\/\\\/www.rassegnastampa-totustuus.it\\\/cattolica\\\/#\\\/schema\\\/logo\\\/image\\\/\",\"url\":\"https:\\\/\\\/www.rassegnastampa-totustuus.it\\\/cattolica\\\/wp-content\\\/uploads\\\/2014\\\/04\\\/logo-rassegna1.gif\",\"contentUrl\":\"https:\\\/\\\/www.rassegnastampa-totustuus.it\\\/cattolica\\\/wp-content\\\/uploads\\\/2014\\\/04\\\/logo-rassegna1.gif\",\"width\":600,\"height\":163,\"caption\":\"Rassegna Stampa Cattolica\"},\"image\":{\"@id\":\"https:\\\/\\\/www.rassegnastampa-totustuus.it\\\/cattolica\\\/#\\\/schema\\\/logo\\\/image\\\/\"},\"sameAs\":[\"https:\\\/\\\/www.facebook.com\\\/rassegnastampacattolica\",\"https:\\\/\\\/x.com\\\/rassegnastampa9\"]},{\"@type\":\"Person\",\"@id\":\"https:\\\/\\\/www.rassegnastampa-totustuus.it\\\/cattolica\\\/#\\\/schema\\\/person\\\/08f319d2bd1a0904ad9e2bfb7b15e5c3\",\"name\":\"Redazione\",\"image\":{\"@type\":\"ImageObject\",\"inLanguage\":\"it-IT\",\"@id\":\"https:\\\/\\\/secure.gravatar.com\\\/avatar\\\/2fcdf27c78ea025fbdb44e914cc63c72249ffec9dc8aafd5c82b26240ef3f346?s=96&d=mm&r=g\",\"url\":\"https:\\\/\\\/secure.gravatar.com\\\/avatar\\\/2fcdf27c78ea025fbdb44e914cc63c72249ffec9dc8aafd5c82b26240ef3f346?s=96&d=mm&r=g\",\"contentUrl\":\"https:\\\/\\\/secure.gravatar.com\\\/avatar\\\/2fcdf27c78ea025fbdb44e914cc63c72249ffec9dc8aafd5c82b26240ef3f346?s=96&d=mm&r=g\",\"caption\":\"Redazione\"},\"url\":\"https:\\\/\\\/www.rassegnastampa-totustuus.it\\\/cattolica\\\/author\\\/pietroelle\\\/\"}]}<\/script>\n<!-- \/ Yoast SEO plugin. -->","yoast_head_json":{"title":"Muoiono di fame e sete, altro che accanimento - Rassegna Stampa Cattolica","description":"Rassegna Stampa Cattolica - Per una cultura che nasce dalla Rivelazione cristiana in conformit\u00e0 alla tradizione e al Magistero della Chiesa in opposizione ad ogni relativismo e totalitarismo","robots":{"index":"index","follow":"follow","max-snippet":"max-snippet:-1","max-image-preview":"max-image-preview:large","max-video-preview":"max-video-preview:-1"},"canonical":"https:\/\/www.rassegnastampa-totustuus.it\/cattolica\/muoiono-di-fame-e-sete-altro-che-accanimento\/","og_locale":"it_IT","og_type":"article","og_title":"Muoiono di fame e sete, altro che accanimento - Rassegna Stampa Cattolica","og_description":"Rassegna Stampa Cattolica - Per una cultura che nasce dalla Rivelazione cristiana in conformit\u00e0 alla tradizione e al Magistero della Chiesa in opposizione ad ogni relativismo e totalitarismo","og_url":"https:\/\/www.rassegnastampa-totustuus.it\/cattolica\/muoiono-di-fame-e-sete-altro-che-accanimento\/","og_site_name":"Rassegna Stampa Cattolica","article_publisher":"https:\/\/www.facebook.com\/rassegnastampacattolica","article_published_time":"2011-02-09T23:00:00+00:00","article_modified_time":"2015-03-25T15:32:16+00:00","og_image":[{"width":276,"height":182,"url":"https:\/\/www.rassegnastampa-totustuus.it\/cattolica\/wp-content\/uploads\/2011\/02\/anziani.jpg","type":"image\/jpeg"}],"author":"Redazione","twitter_card":"summary_large_image","twitter_creator":"@rassegnastampa9","twitter_site":"@rassegnastampa9","twitter_misc":{"Scritto da":"Redazione","Tempo di lettura stimato":"3 minuti"},"schema":{"@context":"https:\/\/schema.org","@graph":[{"@type":"Article","@id":"https:\/\/www.rassegnastampa-totustuus.it\/cattolica\/muoiono-di-fame-e-sete-altro-che-accanimento\/#article","isPartOf":{"@id":"https:\/\/www.rassegnastampa-totustuus.it\/cattolica\/muoiono-di-fame-e-sete-altro-che-accanimento\/"},"author":{"name":"Redazione","@id":"https:\/\/www.rassegnastampa-totustuus.it\/cattolica\/#\/schema\/person\/08f319d2bd1a0904ad9e2bfb7b15e5c3"},"headline":"Muoiono di fame e sete, altro che accanimento","datePublished":"2011-02-09T23:00:00+00:00","dateModified":"2015-03-25T15:32:16+00:00","mainEntityOfPage":{"@id":"https:\/\/www.rassegnastampa-totustuus.it\/cattolica\/muoiono-di-fame-e-sete-altro-che-accanimento\/"},"wordCount":576,"publisher":{"@id":"https:\/\/www.rassegnastampa-totustuus.it\/cattolica\/#organization"},"image":{"@id":"https:\/\/www.rassegnastampa-totustuus.it\/cattolica\/muoiono-di-fame-e-sete-altro-che-accanimento\/#primaryimage"},"thumbnailUrl":"https:\/\/www.rassegnastampa-totustuus.it\/cattolica\/wp-content\/uploads\/2011\/02\/anziani.jpg","keywords":["anziani","sanit\u00e0"],"articleSection":["Eutanasia"],"inLanguage":"it-IT"},{"@type":"WebPage","@id":"https:\/\/www.rassegnastampa-totustuus.it\/cattolica\/muoiono-di-fame-e-sete-altro-che-accanimento\/","url":"https:\/\/www.rassegnastampa-totustuus.it\/cattolica\/muoiono-di-fame-e-sete-altro-che-accanimento\/","name":"Muoiono di fame e sete, altro che accanimento - Rassegna Stampa Cattolica","isPartOf":{"@id":"https:\/\/www.rassegnastampa-totustuus.it\/cattolica\/#website"},"primaryImageOfPage":{"@id":"https:\/\/www.rassegnastampa-totustuus.it\/cattolica\/muoiono-di-fame-e-sete-altro-che-accanimento\/#primaryimage"},"image":{"@id":"https:\/\/www.rassegnastampa-totustuus.it\/cattolica\/muoiono-di-fame-e-sete-altro-che-accanimento\/#primaryimage"},"thumbnailUrl":"https:\/\/www.rassegnastampa-totustuus.it\/cattolica\/wp-content\/uploads\/2011\/02\/anziani.jpg","datePublished":"2011-02-09T23:00:00+00:00","dateModified":"2015-03-25T15:32:16+00:00","description":"Rassegna Stampa Cattolica - Per una cultura che nasce dalla Rivelazione cristiana in conformit\u00e0 alla tradizione e al Magistero della Chiesa in opposizione ad ogni relativismo e totalitarismo","breadcrumb":{"@id":"https:\/\/www.rassegnastampa-totustuus.it\/cattolica\/muoiono-di-fame-e-sete-altro-che-accanimento\/#breadcrumb"},"inLanguage":"it-IT","potentialAction":[{"@type":"ReadAction","target":["https:\/\/www.rassegnastampa-totustuus.it\/cattolica\/muoiono-di-fame-e-sete-altro-che-accanimento\/"]}]},{"@type":"ImageObject","inLanguage":"it-IT","@id":"https:\/\/www.rassegnastampa-totustuus.it\/cattolica\/muoiono-di-fame-e-sete-altro-che-accanimento\/#primaryimage","url":"https:\/\/www.rassegnastampa-totustuus.it\/cattolica\/wp-content\/uploads\/2011\/02\/anziani.jpg","contentUrl":"https:\/\/www.rassegnastampa-totustuus.it\/cattolica\/wp-content\/uploads\/2011\/02\/anziani.jpg","width":276,"height":182},{"@type":"BreadcrumbList","@id":"https:\/\/www.rassegnastampa-totustuus.it\/cattolica\/muoiono-di-fame-e-sete-altro-che-accanimento\/#breadcrumb","itemListElement":[{"@type":"ListItem","position":1,"name":"Home","item":"https:\/\/www.rassegnastampa-totustuus.it\/cattolica\/"},{"@type":"ListItem","position":2,"name":"Muoiono di fame e sete, altro che accanimento"}]},{"@type":"WebSite","@id":"https:\/\/www.rassegnastampa-totustuus.it\/cattolica\/#website","url":"https:\/\/www.rassegnastampa-totustuus.it\/cattolica\/","name":"Rassegna Stampa Cattolica","description":"Per una cultura che nasce dalla Rivelazione cristiana in conformit\u00e0 alla tradizione e al Magistero della Chiesa in opposizione ad ogni relativismo e totalitarismo","publisher":{"@id":"https:\/\/www.rassegnastampa-totustuus.it\/cattolica\/#organization"},"alternateName":"Rass. Cattolica","potentialAction":[{"@type":"SearchAction","target":{"@type":"EntryPoint","urlTemplate":"https:\/\/www.rassegnastampa-totustuus.it\/cattolica\/?s={search_term_string}"},"query-input":{"@type":"PropertyValueSpecification","valueRequired":true,"valueName":"search_term_string"}}],"inLanguage":"it-IT"},{"@type":"Organization","@id":"https:\/\/www.rassegnastampa-totustuus.it\/cattolica\/#organization","name":"Rassegna Stampa Cattolica","url":"https:\/\/www.rassegnastampa-totustuus.it\/cattolica\/","logo":{"@type":"ImageObject","inLanguage":"it-IT","@id":"https:\/\/www.rassegnastampa-totustuus.it\/cattolica\/#\/schema\/logo\/image\/","url":"https:\/\/www.rassegnastampa-totustuus.it\/cattolica\/wp-content\/uploads\/2014\/04\/logo-rassegna1.gif","contentUrl":"https:\/\/www.rassegnastampa-totustuus.it\/cattolica\/wp-content\/uploads\/2014\/04\/logo-rassegna1.gif","width":600,"height":163,"caption":"Rassegna Stampa Cattolica"},"image":{"@id":"https:\/\/www.rassegnastampa-totustuus.it\/cattolica\/#\/schema\/logo\/image\/"},"sameAs":["https:\/\/www.facebook.com\/rassegnastampacattolica","https:\/\/x.com\/rassegnastampa9"]},{"@type":"Person","@id":"https:\/\/www.rassegnastampa-totustuus.it\/cattolica\/#\/schema\/person\/08f319d2bd1a0904ad9e2bfb7b15e5c3","name":"Redazione","image":{"@type":"ImageObject","inLanguage":"it-IT","@id":"https:\/\/secure.gravatar.com\/avatar\/2fcdf27c78ea025fbdb44e914cc63c72249ffec9dc8aafd5c82b26240ef3f346?s=96&d=mm&r=g","url":"https:\/\/secure.gravatar.com\/avatar\/2fcdf27c78ea025fbdb44e914cc63c72249ffec9dc8aafd5c82b26240ef3f346?s=96&d=mm&r=g","contentUrl":"https:\/\/secure.gravatar.com\/avatar\/2fcdf27c78ea025fbdb44e914cc63c72249ffec9dc8aafd5c82b26240ef3f346?s=96&d=mm&r=g","caption":"Redazione"},"url":"https:\/\/www.rassegnastampa-totustuus.it\/cattolica\/author\/pietroelle\/"}]}},"_links":{"self":[{"href":"https:\/\/www.rassegnastampa-totustuus.it\/cattolica\/wp-json\/wp\/v2\/posts\/4374","targetHints":{"allow":["GET"]}}],"collection":[{"href":"https:\/\/www.rassegnastampa-totustuus.it\/cattolica\/wp-json\/wp\/v2\/posts"}],"about":[{"href":"https:\/\/www.rassegnastampa-totustuus.it\/cattolica\/wp-json\/wp\/v2\/types\/post"}],"author":[{"embeddable":true,"href":"https:\/\/www.rassegnastampa-totustuus.it\/cattolica\/wp-json\/wp\/v2\/users\/6"}],"replies":[{"embeddable":true,"href":"https:\/\/www.rassegnastampa-totustuus.it\/cattolica\/wp-json\/wp\/v2\/comments?post=4374"}],"version-history":[{"count":3,"href":"https:\/\/www.rassegnastampa-totustuus.it\/cattolica\/wp-json\/wp\/v2\/posts\/4374\/revisions"}],"predecessor-version":[{"id":22035,"href":"https:\/\/www.rassegnastampa-totustuus.it\/cattolica\/wp-json\/wp\/v2\/posts\/4374\/revisions\/22035"}],"wp:featuredmedia":[{"embeddable":true,"href":"https:\/\/www.rassegnastampa-totustuus.it\/cattolica\/wp-json\/wp\/v2\/media\/32138"}],"wp:attachment":[{"href":"https:\/\/www.rassegnastampa-totustuus.it\/cattolica\/wp-json\/wp\/v2\/media?parent=4374"}],"wp:term":[{"taxonomy":"category","embeddable":true,"href":"https:\/\/www.rassegnastampa-totustuus.it\/cattolica\/wp-json\/wp\/v2\/categories?post=4374"},{"taxonomy":"post_tag","embeddable":true,"href":"https:\/\/www.rassegnastampa-totustuus.it\/cattolica\/wp-json\/wp\/v2\/tags?post=4374"}],"curies":[{"name":"wp","href":"https:\/\/api.w.org\/{rel}","templated":true}]}}