{"id":43686,"date":"2019-07-25T00:00:12","date_gmt":"2019-07-24T22:00:12","guid":{"rendered":"http:\/\/www.rassegnastampa-totustuus.it\/cattolica\/?p=43686"},"modified":"2019-07-18T10:23:06","modified_gmt":"2019-07-18T08:23:06","slug":"la-sofferenza-insensata-di-un-occidente-progredito-ma-rimasto-senza-dio","status":"publish","type":"post","link":"https:\/\/www.rassegnastampa-totustuus.it\/cattolica\/la-sofferenza-insensata-di-un-occidente-progredito-ma-rimasto-senza-dio\/","title":{"rendered":"La sofferenza insensata di un occidente progredito, ma rimasto senza Dio"},"content":{"rendered":"<p style=\"text-align: center;\"><strong><a href=\"https:\/\/www.rassegnastampa-totustuus.it\/cattolica\/wp-content\/uploads\/2019\/07\/Bedeschi_cover.jpg\"><img loading=\"lazy\" decoding=\"async\" class=\"size-full wp-image-43690 alignleft\" src=\"https:\/\/www.rassegnastampa-totustuus.it\/cattolica\/wp-content\/uploads\/2019\/07\/Bedeschi_cover.jpg\" alt=\"\" width=\"225\" height=\"225\" srcset=\"https:\/\/www.rassegnastampa-totustuus.it\/cattolica\/wp-content\/uploads\/2019\/07\/Bedeschi_cover.jpg 225w, https:\/\/www.rassegnastampa-totustuus.it\/cattolica\/wp-content\/uploads\/2019\/07\/Bedeschi_cover-150x150.jpg 150w\" sizes=\"auto, (max-width: 225px) 100vw, 225px\" \/><\/a>Il Foglio<\/strong> 13 Luglio 2019<\/p>\n<p style=\"text-align: center;\"><em>Da Marx a Hegel: la conoscenza come teofania. Un libro<\/em><\/p>\n<p style=\"text-align: center;\">di <strong>Marcello Pera<\/strong><\/p>\n<p style=\"text-align: justify;\">Fra i grandi problemi filosofici, quello del progresso \u00e8 fra i meno trattabili. Anche nei contesti meglio definiti e apparentemente pi\u00f9 appropriati, quelli della scienza, la questione non \u00e8 chiara.<\/p>\n<p><!--more--><\/p>\n<p style=\"text-align: justify;\">Nessuno dubita che la conoscenza scientifica progredisca, che oggi ne sappiamo pi\u00f9 e meglio di ieri. Ma se ci si chiede come e perch\u00e9, questa idea si fa analiticamente opaca. La scienza progredisce secondo il modello della espansione, alla maniera delle onde concentriche in uno stagno, in cui di volta in volta i cerchi esterni (le nuove conoscenze) contengono quelli interni (i risultati acquisiti)?<\/p>\n<p style=\"text-align: justify;\">Oppure la scienza progredisce secondo il modello dell\u2019approfondimento, alla maniera dei gironi infernali danteschi a forma di cono rovesciato, in cui il successivo va pi\u00f9 in profondit\u00e0 del precedente?<\/p>\n<p style=\"text-align: justify;\"><a href=\"https:\/\/www.rassegnastampa-totustuus.it\/cattolica\/wp-content\/uploads\/2014\/10\/neuroscienza.jpg\"><img loading=\"lazy\" decoding=\"async\" class=\"alignright wp-image-11970\" src=\"https:\/\/www.rassegnastampa-totustuus.it\/cattolica\/wp-content\/uploads\/2014\/10\/neuroscienza.jpg\" alt=\"\" width=\"184\" height=\"230\" \/><\/a>Dopo la fine della filosofia della scienza positivista e neo-positivista, entrambi i modelli sono stati considerati inadeguati, se non altro perch\u00e9, in molti casi, non \u00e8 chiaro che lo stadio successivo parli, e meglio, dello stesso oggetto del precedente (la chimica e la fisica sono progredite quando hanno negato il flogisto e l\u2019etere).<\/p>\n<p style=\"text-align: justify;\">E di gran lunga peggio vanno le cose nei contesti morali e politici. L\u2019umanit\u00e0 va verso il meglio? Oppure resta moralmente statica (pi\u00f9 o meno lo stesso male, pi\u00f9 o meno lo stesso bene), se non addirittura regredisce (sempre pi\u00f9 male, sempre meno bene)?<\/p>\n<p style=\"text-align: justify;\">Gli stessi termini della questione sono controversi. Quando si dice che uno stadio B segna un progresso, ci si riferisce a uno stadio antecedente A, a uno stadio futuro C, a uno stadio finale Z? Il progresso va inteso nel senso di \u201ca partire da\u201d o nel senso di \u201crispetto a\u201d?<\/p>\n<p style=\"text-align: justify;\"><a href=\"https:\/\/www.rassegnastampa-totustuus.it\/cattolica\/wp-content\/uploads\/2019\/07\/treno_vapore.jpg\"><img loading=\"lazy\" decoding=\"async\" class=\"alignleft wp-image-43687\" src=\"https:\/\/www.rassegnastampa-totustuus.it\/cattolica\/wp-content\/uploads\/2019\/07\/treno_vapore-300x217.jpg\" alt=\"\" width=\"250\" height=\"181\" srcset=\"https:\/\/www.rassegnastampa-totustuus.it\/cattolica\/wp-content\/uploads\/2019\/07\/treno_vapore-300x217.jpg 300w, https:\/\/www.rassegnastampa-totustuus.it\/cattolica\/wp-content\/uploads\/2019\/07\/treno_vapore.jpg 600w\" sizes=\"auto, (max-width: 250px) 100vw, 250px\" \/><\/a>Il primo caso sembra il pi\u00f9 agevole da trattare: andare in treno oggi, per esempio, \u00e8 un progresso se confrontato con l\u2019andare in carrozza ieri. Ma il confronto richiede che sia definito un valore, per esempio la velocit\u00e0 di movimento, che faccia da criterio. Ed \u00e8 la scelta e la giustificazione di questo valore che sono controversi.<\/p>\n<p style=\"text-align: justify;\">Meglio la velocit\u00e0 o la sicurezza o la comodit\u00e0 o la piacevolezza dello sguardo al panorama, o\u2026, eccetera eccetera? Non meno controverso \u00e8 il secondo caso, il progresso \u201crispetto a\u201d o per \u201capprossimazione verso\u201d. Anche qui opera un valore, con l\u2019aggravante che questo valore deve essere inteso come il valore finale, la m\u00e8ta definita, lo scopo ultimo. Ma c\u2019\u00e8 questo valore? E qual \u00e8? Stabilito come e da chi?<\/p>\n<p style=\"text-align: justify;\">Un esempio: i costumi sessuali di oggi sono un progresso rispetto a quelli di ieri? Si risponde: s\u00ec, lo sono, perch\u00e9 sono pi\u00f9 vicini alla piena libert\u00e0 e autonomia degli individui. Ma si tratta di una tautologia. Poich\u00e9 nessuno conosce che cosa sono la piena libert\u00e0 e autonomia degli individui, questa risposta equivale a dire: i costumi sessuali di oggi sono un progresso rispetto a quelli di ieri, perch\u00e9\u2026 sono di oggi!<\/p>\n<div id=\"attachment_43691\" style=\"width: 250px\" class=\"wp-caption alignright\"><a href=\"https:\/\/www.rassegnastampa-totustuus.it\/cattolica\/wp-content\/uploads\/2019\/07\/Giuseppe-Bedeschi.jpg\"><img loading=\"lazy\" decoding=\"async\" aria-describedby=\"caption-attachment-43691\" class=\"wp-image-43691\" src=\"https:\/\/www.rassegnastampa-totustuus.it\/cattolica\/wp-content\/uploads\/2019\/07\/Giuseppe-Bedeschi.jpg\" alt=\"\" width=\"250\" height=\"187\" \/><\/a><p id=\"caption-attachment-43691\" class=\"wp-caption-text\">Giuseppe Bedeschi<\/p><\/div>\n<p style=\"text-align: justify;\"><strong>Giuseppe Bedeschi<\/strong> ha deciso di aiutarci a fare un po\u2019 di ordine intellettuale. In un libro aureo, che si raccomanda a tutti per chiarezza di concetti, finezza di scrittura, lucidit\u00e0 di argomentazione, ha considerato, ricostruito ed esaminato le principali risposte dei principali pensatori in materia di progresso, dall\u2019Illuminismo a oggi (\u201c<a href=\"https:\/\/amzn.to\/2XJylFA\" target=\"_blank\" rel=\"noreferrer noopener\">Declino e tramonto della civilt\u00e0 occidentale. Studi sulla caduta dell\u2019idea di progresso nella cultura europea<\/a>\u201d, Rubbettino, pp. 146, Euro 15).<\/p>\n<p style=\"text-align: justify;\">Sul tema, Bedeschi ne sa tanto e non aggiunge del suo. Ma di quel tanto che sa ci offre preziosa dovizia, affinch\u00e9 noi possiamo orientarci. Da Hegel a Marx a Comte, fino a Freud, Ortega y Gasset, Heidegger, Adorno e Horkheimer, Croce, ci mostra due cose importanti.<\/p>\n<p style=\"text-align: justify;\"><a href=\"https:\/\/www.rassegnastampa-totustuus.it\/cattolica\/wp-content\/uploads\/2005\/07\/Marx.jpg\"><img loading=\"lazy\" decoding=\"async\" class=\"alignleft wp-image-33366\" src=\"https:\/\/www.rassegnastampa-totustuus.it\/cattolica\/wp-content\/uploads\/2005\/07\/Marx.jpg\" alt=\"\" width=\"159\" height=\"200\" \/><\/a>La prima \u00e8 che i moderni sono tutti tormentati dall\u2019idea del progresso della storia, ma non ne sono mai venuti a capo se non con una fuga nell\u2019utopia, fosse l\u2019Assoluto che si realizza di Hegel, la fine dell\u2019alienazione di Marx, l\u2019avvento dello stadio positivo di Comte. Tutte fedi, generose o perverse, ma solo fedi, senza forza cogente o resistente ai fatti della storia.<\/p>\n<p style=\"text-align: justify;\">Come pu\u00f2 Hegel ricondurre l\u2019accidentale, il fortuito, il contingente, all\u2019Idea, alla Ragione, all\u2019Assoluto? Mistero. Come pu\u00f2 Marx pensare che un dato storico, la rivoluzione proletaria, metta fine alla storia? Altro mistero.<\/p>\n<p style=\"text-align: justify;\">Quanto a Comte e agli altri positivisti, i misteri sono anche pi\u00f9 ingenui. Supposto che la nostra sia l\u2019epoca scientifica, supposto che questa segni un progresso rispetto a un\u2019altra epoca supposta solo mitica, come si pu\u00f2 proiettare il progresso scientifico su quello morale? Pi\u00f9 conoscenza vuol dire anche pi\u00f9 moralit\u00e0? Assurdo.<\/p>\n<p style=\"text-align: justify;\"><a href=\"https:\/\/www.rassegnastampa-totustuus.it\/cattolica\/wp-content\/uploads\/2019\/03\/barca_chiesa.jpg\"><img loading=\"lazy\" decoding=\"async\" class=\"alignright wp-image-42504\" src=\"https:\/\/www.rassegnastampa-totustuus.it\/cattolica\/wp-content\/uploads\/2019\/03\/barca_chiesa.jpg\" alt=\"\" width=\"197\" height=\"200\" \/><\/a>La seconda cosa che esce dallo scrigno di Bedeschi, anche se in modo sotterraneo e indiretto, \u00e8, secondo la mia lettura, anche pi\u00f9 preziosa: la questione del progresso morale dell\u2019umanit\u00e0 \u00e8 una questione religiosa, e la questione del progresso, o regresso, dell\u2019occidente \u00e8 una questione cristiana.<\/p>\n<p style=\"text-align: justify;\">Di ci\u00f2 abbiamo anche un indizio esterno: quando l\u2019occidente ha smesso di dirsi cristiano, ha smesso anche di negare il progresso, o perch\u00e9 ha pensato di aver raggiunto lo stadio finale (la rivoluzione, l\u2019uomo nuovo) o perch\u00e9 ha disperato di poterlo mai conseguire. Perch\u00e9 questione religiosa?<\/p>\n<p style=\"text-align: justify;\">Perch\u00e9 l\u2019idea di progresso della storia richiede l\u2019idea della salvezza come m\u00e8ta ultima dell\u2019umanit\u00e0, l\u2019idea di un cammino ascendente da percorrere verso tale m\u00e8ta, e l\u2019idea di una guida, una Provvidenza, che ci conduca in modo infallibile. Tutte idee religiose che significano l\u2019intervento di Dio nella storia.<\/p>\n<p style=\"text-align: justify;\"><a href=\"https:\/\/www.rassegnastampa-totustuus.it\/cattolica\/wp-content\/uploads\/2010\/05\/Hegel.jpg\"><img loading=\"lazy\" decoding=\"async\" class=\"size-full wp-image-31502 alignleft\" src=\"https:\/\/www.rassegnastampa-totustuus.it\/cattolica\/wp-content\/uploads\/2010\/05\/Hegel.jpg\" alt=\"\" width=\"144\" height=\"203\" \/><\/a>Per questo \u00e8 corretto dire che ogni teoria morale del progresso dell\u2019umanit\u00e0 \u00e8 una teofania. Pi\u00f9 precisamente, nell\u2019occidente, una teofania cristiana. Rivestita con diversi linguaggi e apparati concettuali, questa teofania \u00e8 all\u2019opera nei pensatori esaminati da Bedeschi.<\/p>\n<p style=\"text-align: justify;\">In Hegel, con la sua idea della Ragione che sta dietro o sotto la superficie e l\u2019accidentale. In Marx, con la sua convinzione della fine della storia nella Gerusalemme celeste in terra. E negli altri con altri concetti dagli effetti simili. La principale differenza reciproca \u00e8 la conclusione: c\u2019\u00e8 chi sostiene che la Provvidenza consentir\u00e0 all\u2019uomo di superare l\u2019ostacolo principale al progresso morale, che \u00e8 il peccato originale (lo stesso che il male radicale di Kant, il Thanatos di Freud, l\u2019azione illogica di Pareto), e c\u2019\u00e8 chi invece sostiene che questo male \u00e8 inestirpabile e che l\u2019unico progresso morale si avr\u00e0 solo quando l\u2019uomo, nella Citt\u00e0 di Dio non nella citt\u00e0 terrena, si sar\u00e0 infine ricongiunto con Dio.<\/p>\n<p style=\"text-align: justify;\"><a href=\"https:\/\/www.rassegnastampa-totustuus.it\/cattolica\/wp-content\/uploads\/2017\/12\/uomo_Leonardo.jpg\"><img loading=\"lazy\" decoding=\"async\" class=\"alignright wp-image-39350\" src=\"https:\/\/www.rassegnastampa-totustuus.it\/cattolica\/wp-content\/uploads\/2017\/12\/uomo_Leonardo.jpg\" alt=\"\" width=\"184\" height=\"230\" \/><\/a>Neppure il cristianesimo d\u00e0 risposte univoche in proposito. Se l\u2019uomo \u00e8 un angelo caduto, Dio lo pu\u00f2 salvare con la grazia, ma nella storia dell\u2019umanit\u00e0, dove la caduta opera sempre, non pu\u00f2 esserci autentico progresso morale. Alternativamente, se la provvidenza di Dio guida la storia, allora si pu\u00f2 pensare che l\u2019umanit\u00e0 progredisca verso la m\u00e8ta da lui fissata.<\/p>\n<p style=\"text-align: justify;\">La teofania cristiana \u00e8 una escatologia, ma si pu\u00f2 essere cristiani e confidenti nel progresso verso il meglio che infine ci sar\u00e0, e si pu\u00f2 essere cristiani e disperati per il peggio che intanto c\u2019\u00e8. Di una cosa si pu\u00f2 essere sicuri: se si perde il cristianesimo, arriva la \u201cfine di tutte le cose\u201d, come Kant sostenne a spese del proprio illuminismo, o arriva la vittoria dell\u2019\u201cAnticristo che \u00e8 in noi\u201d, come Croce scopr\u00ec a spese del suo sistema.<\/p>\n<p style=\"text-align: justify;\">L&#8217;occidente, cos\u00ec giustamente caro a Bedeschi, ha battuto entrambe le strade. Se oggi declina, non \u00e8 tanto perch\u00e9 non crede pi\u00f9 nel progresso, ma perch\u00e9 non crede pi\u00f9 in Dio, senza il quale l\u2019idea di un\u2019umanit\u00e0 che soffre ma progredisce \u00e8 priva di senso.<\/p>\n<p style=\"text-align: justify;\"><a href=\"https:\/\/www.rassegnastampa-totustuus.it\/cattolica\/wp-content\/uploads\/2009\/03\/atei.jpg\"><img loading=\"lazy\" decoding=\"async\" class=\"alignleft wp-image-33499\" src=\"https:\/\/www.rassegnastampa-totustuus.it\/cattolica\/wp-content\/uploads\/2009\/03\/atei.jpg\" alt=\"\" width=\"258\" height=\"171\" \/><\/a>Quando si spegne la luce della fede, le ombre si allungano, i contorni sfumano, le figure illanguidiscono e la speranza perisce. Si vive alla giornata. O si vive rassegnati come l\u2019ultimo giorno.<\/p>\n<p style=\"text-align: justify;\">E\u2019 la condizione nostra di oggi. Ed \u00e8 un dramma di dimensioni enormi il fatto che lo stesso Magistero pontificio oggi contribuisca a spegnere la luce. Quando si dice che Dio vuole la pluralit\u00e0 delle religioni, cio\u00e8 vuole la verit\u00e0 tanto quanto l\u2019errore, se ne sia o no consapevoli, s\u2019intende dire che l\u2019uomo pu\u00f2 procedere da s\u00e9 solo, senza altra guida o illuminazione. Il libro di Bedeschi serve da antidoto anche contro questa eresia<\/p>\n\n\n<p><\/p>\n","protected":false},"excerpt":{"rendered":"<p>Il Foglio 13 Luglio 2019 Da Marx a Hegel: la conoscenza come teofania. Un libro di Marcello Pera Fra i grandi problemi filosofici, quello del progresso \u00e8 fra i meno trattabili. Anche nei contesti meglio definiti e apparentemente pi\u00f9 appropriati, quelli della scienza, la questione non \u00e8 chiara.<\/p><p><a class=\"more-link btn\" href=\"https:\/\/www.rassegnastampa-totustuus.it\/cattolica\/la-sofferenza-insensata-di-un-occidente-progredito-ma-rimasto-senza-dio\/\">Continua a leggere<\/a><\/p>\n","protected":false},"author":6,"featured_media":43687,"comment_status":"closed","ping_status":"closed","sticky":false,"template":"","format":"standard","meta":{"footnotes":""},"categories":[17,25],"tags":[265,923],"class_list":["post-43686","post","type-post","status-publish","format-standard","has-post-thumbnail","hentry","category-libri","category-sguardo-sul-nostro-tempo","tag-libri-2","tag-progresso","item-wrap"],"yoast_head":"<!-- This site is optimized with the Yoast SEO plugin v27.5 - https:\/\/yoast.com\/product\/yoast-seo-wordpress\/ -->\n<title>La sofferenza insensata di un occidente progredito, ma rimasto senza Dio - Rassegna Stampa Cattolica<\/title>\n<meta name=\"description\" content=\"Rassegna Stampa Cattolica - Per una cultura che nasce dalla Rivelazione cristiana in conformit\u00e0 alla tradizione e al Magistero della Chiesa in opposizione ad ogni relativismo e totalitarismo\" \/>\n<meta name=\"robots\" content=\"index, follow, max-snippet:-1, max-image-preview:large, max-video-preview:-1\" \/>\n<link rel=\"canonical\" href=\"https:\/\/www.rassegnastampa-totustuus.it\/cattolica\/la-sofferenza-insensata-di-un-occidente-progredito-ma-rimasto-senza-dio\/\" \/>\n<meta property=\"og:locale\" content=\"it_IT\" \/>\n<meta property=\"og:type\" content=\"article\" \/>\n<meta property=\"og:title\" content=\"La sofferenza insensata di un occidente progredito, ma rimasto senza Dio - Rassegna Stampa Cattolica\" \/>\n<meta property=\"og:description\" content=\"Rassegna Stampa Cattolica - Per una cultura che nasce dalla Rivelazione cristiana in conformit\u00e0 alla tradizione e al Magistero della Chiesa in opposizione ad ogni relativismo e totalitarismo\" \/>\n<meta property=\"og:url\" content=\"https:\/\/www.rassegnastampa-totustuus.it\/cattolica\/la-sofferenza-insensata-di-un-occidente-progredito-ma-rimasto-senza-dio\/\" \/>\n<meta property=\"og:site_name\" content=\"Rassegna Stampa Cattolica\" \/>\n<meta property=\"article:publisher\" content=\"https:\/\/www.facebook.com\/rassegnastampacattolica\" \/>\n<meta property=\"article:published_time\" content=\"2019-07-24T22:00:12+00:00\" \/>\n<meta property=\"og:image\" content=\"https:\/\/www.rassegnastampa-totustuus.it\/cattolica\/wp-content\/uploads\/2019\/07\/treno_vapore.jpg\" \/>\n\t<meta property=\"og:image:width\" content=\"600\" \/>\n\t<meta property=\"og:image:height\" content=\"434\" \/>\n\t<meta property=\"og:image:type\" content=\"image\/jpeg\" \/>\n<meta name=\"author\" content=\"Redazione\" \/>\n<meta name=\"twitter:card\" content=\"summary_large_image\" \/>\n<meta name=\"twitter:creator\" content=\"@rassegnastampa9\" \/>\n<meta name=\"twitter:site\" content=\"@rassegnastampa9\" \/>\n<meta name=\"twitter:label1\" content=\"Scritto da\" \/>\n\t<meta name=\"twitter:data1\" content=\"Redazione\" \/>\n\t<meta name=\"twitter:label2\" content=\"Tempo di lettura stimato\" \/>\n\t<meta name=\"twitter:data2\" content=\"7 minuti\" \/>\n<script type=\"application\/ld+json\" class=\"yoast-schema-graph\">{\"@context\":\"https:\\\/\\\/schema.org\",\"@graph\":[{\"@type\":\"Article\",\"@id\":\"https:\\\/\\\/www.rassegnastampa-totustuus.it\\\/cattolica\\\/la-sofferenza-insensata-di-un-occidente-progredito-ma-rimasto-senza-dio\\\/#article\",\"isPartOf\":{\"@id\":\"https:\\\/\\\/www.rassegnastampa-totustuus.it\\\/cattolica\\\/la-sofferenza-insensata-di-un-occidente-progredito-ma-rimasto-senza-dio\\\/\"},\"author\":{\"name\":\"Redazione\",\"@id\":\"https:\\\/\\\/www.rassegnastampa-totustuus.it\\\/cattolica\\\/#\\\/schema\\\/person\\\/08f319d2bd1a0904ad9e2bfb7b15e5c3\"},\"headline\":\"La sofferenza insensata di un occidente progredito, ma rimasto senza Dio\",\"datePublished\":\"2019-07-24T22:00:12+00:00\",\"mainEntityOfPage\":{\"@id\":\"https:\\\/\\\/www.rassegnastampa-totustuus.it\\\/cattolica\\\/la-sofferenza-insensata-di-un-occidente-progredito-ma-rimasto-senza-dio\\\/\"},\"wordCount\":1374,\"publisher\":{\"@id\":\"https:\\\/\\\/www.rassegnastampa-totustuus.it\\\/cattolica\\\/#organization\"},\"image\":{\"@id\":\"https:\\\/\\\/www.rassegnastampa-totustuus.it\\\/cattolica\\\/la-sofferenza-insensata-di-un-occidente-progredito-ma-rimasto-senza-dio\\\/#primaryimage\"},\"thumbnailUrl\":\"https:\\\/\\\/www.rassegnastampa-totustuus.it\\\/cattolica\\\/wp-content\\\/uploads\\\/2019\\\/07\\\/treno_vapore.jpg\",\"keywords\":[\"libri\",\"progresso\"],\"articleSection\":[\"Libri\",\"Sguardo sul nostro tempo\"],\"inLanguage\":\"it-IT\"},{\"@type\":\"WebPage\",\"@id\":\"https:\\\/\\\/www.rassegnastampa-totustuus.it\\\/cattolica\\\/la-sofferenza-insensata-di-un-occidente-progredito-ma-rimasto-senza-dio\\\/\",\"url\":\"https:\\\/\\\/www.rassegnastampa-totustuus.it\\\/cattolica\\\/la-sofferenza-insensata-di-un-occidente-progredito-ma-rimasto-senza-dio\\\/\",\"name\":\"La sofferenza insensata di un occidente progredito, ma rimasto senza Dio - Rassegna Stampa Cattolica\",\"isPartOf\":{\"@id\":\"https:\\\/\\\/www.rassegnastampa-totustuus.it\\\/cattolica\\\/#website\"},\"primaryImageOfPage\":{\"@id\":\"https:\\\/\\\/www.rassegnastampa-totustuus.it\\\/cattolica\\\/la-sofferenza-insensata-di-un-occidente-progredito-ma-rimasto-senza-dio\\\/#primaryimage\"},\"image\":{\"@id\":\"https:\\\/\\\/www.rassegnastampa-totustuus.it\\\/cattolica\\\/la-sofferenza-insensata-di-un-occidente-progredito-ma-rimasto-senza-dio\\\/#primaryimage\"},\"thumbnailUrl\":\"https:\\\/\\\/www.rassegnastampa-totustuus.it\\\/cattolica\\\/wp-content\\\/uploads\\\/2019\\\/07\\\/treno_vapore.jpg\",\"datePublished\":\"2019-07-24T22:00:12+00:00\",\"description\":\"Rassegna Stampa Cattolica - Per una cultura che nasce dalla Rivelazione cristiana in conformit\u00e0 alla tradizione e al Magistero della Chiesa in opposizione ad ogni relativismo e totalitarismo\",\"breadcrumb\":{\"@id\":\"https:\\\/\\\/www.rassegnastampa-totustuus.it\\\/cattolica\\\/la-sofferenza-insensata-di-un-occidente-progredito-ma-rimasto-senza-dio\\\/#breadcrumb\"},\"inLanguage\":\"it-IT\",\"potentialAction\":[{\"@type\":\"ReadAction\",\"target\":[\"https:\\\/\\\/www.rassegnastampa-totustuus.it\\\/cattolica\\\/la-sofferenza-insensata-di-un-occidente-progredito-ma-rimasto-senza-dio\\\/\"]}]},{\"@type\":\"ImageObject\",\"inLanguage\":\"it-IT\",\"@id\":\"https:\\\/\\\/www.rassegnastampa-totustuus.it\\\/cattolica\\\/la-sofferenza-insensata-di-un-occidente-progredito-ma-rimasto-senza-dio\\\/#primaryimage\",\"url\":\"https:\\\/\\\/www.rassegnastampa-totustuus.it\\\/cattolica\\\/wp-content\\\/uploads\\\/2019\\\/07\\\/treno_vapore.jpg\",\"contentUrl\":\"https:\\\/\\\/www.rassegnastampa-totustuus.it\\\/cattolica\\\/wp-content\\\/uploads\\\/2019\\\/07\\\/treno_vapore.jpg\",\"width\":600,\"height\":434},{\"@type\":\"BreadcrumbList\",\"@id\":\"https:\\\/\\\/www.rassegnastampa-totustuus.it\\\/cattolica\\\/la-sofferenza-insensata-di-un-occidente-progredito-ma-rimasto-senza-dio\\\/#breadcrumb\",\"itemListElement\":[{\"@type\":\"ListItem\",\"position\":1,\"name\":\"Home\",\"item\":\"https:\\\/\\\/www.rassegnastampa-totustuus.it\\\/cattolica\\\/\"},{\"@type\":\"ListItem\",\"position\":2,\"name\":\"La sofferenza insensata di un occidente progredito, ma rimasto senza Dio\"}]},{\"@type\":\"WebSite\",\"@id\":\"https:\\\/\\\/www.rassegnastampa-totustuus.it\\\/cattolica\\\/#website\",\"url\":\"https:\\\/\\\/www.rassegnastampa-totustuus.it\\\/cattolica\\\/\",\"name\":\"Rassegna Stampa Cattolica\",\"description\":\"Per una cultura che nasce dalla Rivelazione cristiana in conformit\u00e0 alla tradizione e al Magistero della Chiesa in opposizione ad ogni relativismo e totalitarismo\",\"publisher\":{\"@id\":\"https:\\\/\\\/www.rassegnastampa-totustuus.it\\\/cattolica\\\/#organization\"},\"alternateName\":\"Rass. Cattolica\",\"potentialAction\":[{\"@type\":\"SearchAction\",\"target\":{\"@type\":\"EntryPoint\",\"urlTemplate\":\"https:\\\/\\\/www.rassegnastampa-totustuus.it\\\/cattolica\\\/?s={search_term_string}\"},\"query-input\":{\"@type\":\"PropertyValueSpecification\",\"valueRequired\":true,\"valueName\":\"search_term_string\"}}],\"inLanguage\":\"it-IT\"},{\"@type\":\"Organization\",\"@id\":\"https:\\\/\\\/www.rassegnastampa-totustuus.it\\\/cattolica\\\/#organization\",\"name\":\"Rassegna Stampa Cattolica\",\"url\":\"https:\\\/\\\/www.rassegnastampa-totustuus.it\\\/cattolica\\\/\",\"logo\":{\"@type\":\"ImageObject\",\"inLanguage\":\"it-IT\",\"@id\":\"https:\\\/\\\/www.rassegnastampa-totustuus.it\\\/cattolica\\\/#\\\/schema\\\/logo\\\/image\\\/\",\"url\":\"https:\\\/\\\/www.rassegnastampa-totustuus.it\\\/cattolica\\\/wp-content\\\/uploads\\\/2014\\\/04\\\/logo-rassegna1.gif\",\"contentUrl\":\"https:\\\/\\\/www.rassegnastampa-totustuus.it\\\/cattolica\\\/wp-content\\\/uploads\\\/2014\\\/04\\\/logo-rassegna1.gif\",\"width\":600,\"height\":163,\"caption\":\"Rassegna Stampa Cattolica\"},\"image\":{\"@id\":\"https:\\\/\\\/www.rassegnastampa-totustuus.it\\\/cattolica\\\/#\\\/schema\\\/logo\\\/image\\\/\"},\"sameAs\":[\"https:\\\/\\\/www.facebook.com\\\/rassegnastampacattolica\",\"https:\\\/\\\/x.com\\\/rassegnastampa9\"]},{\"@type\":\"Person\",\"@id\":\"https:\\\/\\\/www.rassegnastampa-totustuus.it\\\/cattolica\\\/#\\\/schema\\\/person\\\/08f319d2bd1a0904ad9e2bfb7b15e5c3\",\"name\":\"Redazione\",\"image\":{\"@type\":\"ImageObject\",\"inLanguage\":\"it-IT\",\"@id\":\"https:\\\/\\\/secure.gravatar.com\\\/avatar\\\/2fcdf27c78ea025fbdb44e914cc63c72249ffec9dc8aafd5c82b26240ef3f346?s=96&d=mm&r=g\",\"url\":\"https:\\\/\\\/secure.gravatar.com\\\/avatar\\\/2fcdf27c78ea025fbdb44e914cc63c72249ffec9dc8aafd5c82b26240ef3f346?s=96&d=mm&r=g\",\"contentUrl\":\"https:\\\/\\\/secure.gravatar.com\\\/avatar\\\/2fcdf27c78ea025fbdb44e914cc63c72249ffec9dc8aafd5c82b26240ef3f346?s=96&d=mm&r=g\",\"caption\":\"Redazione\"},\"url\":\"https:\\\/\\\/www.rassegnastampa-totustuus.it\\\/cattolica\\\/author\\\/pietroelle\\\/\"}]}<\/script>\n<!-- \/ Yoast SEO plugin. -->","yoast_head_json":{"title":"La sofferenza insensata di un occidente progredito, ma rimasto senza Dio - Rassegna Stampa Cattolica","description":"Rassegna Stampa Cattolica - Per una cultura che nasce dalla Rivelazione cristiana in conformit\u00e0 alla tradizione e al Magistero della Chiesa in opposizione ad ogni relativismo e totalitarismo","robots":{"index":"index","follow":"follow","max-snippet":"max-snippet:-1","max-image-preview":"max-image-preview:large","max-video-preview":"max-video-preview:-1"},"canonical":"https:\/\/www.rassegnastampa-totustuus.it\/cattolica\/la-sofferenza-insensata-di-un-occidente-progredito-ma-rimasto-senza-dio\/","og_locale":"it_IT","og_type":"article","og_title":"La sofferenza insensata di un occidente progredito, ma rimasto senza Dio - Rassegna Stampa Cattolica","og_description":"Rassegna Stampa Cattolica - Per una cultura che nasce dalla Rivelazione cristiana in conformit\u00e0 alla tradizione e al Magistero della Chiesa in opposizione ad ogni relativismo e totalitarismo","og_url":"https:\/\/www.rassegnastampa-totustuus.it\/cattolica\/la-sofferenza-insensata-di-un-occidente-progredito-ma-rimasto-senza-dio\/","og_site_name":"Rassegna Stampa Cattolica","article_publisher":"https:\/\/www.facebook.com\/rassegnastampacattolica","article_published_time":"2019-07-24T22:00:12+00:00","og_image":[{"width":600,"height":434,"url":"https:\/\/www.rassegnastampa-totustuus.it\/cattolica\/wp-content\/uploads\/2019\/07\/treno_vapore.jpg","type":"image\/jpeg"}],"author":"Redazione","twitter_card":"summary_large_image","twitter_creator":"@rassegnastampa9","twitter_site":"@rassegnastampa9","twitter_misc":{"Scritto da":"Redazione","Tempo di lettura stimato":"7 minuti"},"schema":{"@context":"https:\/\/schema.org","@graph":[{"@type":"Article","@id":"https:\/\/www.rassegnastampa-totustuus.it\/cattolica\/la-sofferenza-insensata-di-un-occidente-progredito-ma-rimasto-senza-dio\/#article","isPartOf":{"@id":"https:\/\/www.rassegnastampa-totustuus.it\/cattolica\/la-sofferenza-insensata-di-un-occidente-progredito-ma-rimasto-senza-dio\/"},"author":{"name":"Redazione","@id":"https:\/\/www.rassegnastampa-totustuus.it\/cattolica\/#\/schema\/person\/08f319d2bd1a0904ad9e2bfb7b15e5c3"},"headline":"La sofferenza insensata di un occidente progredito, ma rimasto senza Dio","datePublished":"2019-07-24T22:00:12+00:00","mainEntityOfPage":{"@id":"https:\/\/www.rassegnastampa-totustuus.it\/cattolica\/la-sofferenza-insensata-di-un-occidente-progredito-ma-rimasto-senza-dio\/"},"wordCount":1374,"publisher":{"@id":"https:\/\/www.rassegnastampa-totustuus.it\/cattolica\/#organization"},"image":{"@id":"https:\/\/www.rassegnastampa-totustuus.it\/cattolica\/la-sofferenza-insensata-di-un-occidente-progredito-ma-rimasto-senza-dio\/#primaryimage"},"thumbnailUrl":"https:\/\/www.rassegnastampa-totustuus.it\/cattolica\/wp-content\/uploads\/2019\/07\/treno_vapore.jpg","keywords":["libri","progresso"],"articleSection":["Libri","Sguardo sul nostro tempo"],"inLanguage":"it-IT"},{"@type":"WebPage","@id":"https:\/\/www.rassegnastampa-totustuus.it\/cattolica\/la-sofferenza-insensata-di-un-occidente-progredito-ma-rimasto-senza-dio\/","url":"https:\/\/www.rassegnastampa-totustuus.it\/cattolica\/la-sofferenza-insensata-di-un-occidente-progredito-ma-rimasto-senza-dio\/","name":"La sofferenza insensata di un occidente progredito, ma rimasto senza Dio - Rassegna Stampa Cattolica","isPartOf":{"@id":"https:\/\/www.rassegnastampa-totustuus.it\/cattolica\/#website"},"primaryImageOfPage":{"@id":"https:\/\/www.rassegnastampa-totustuus.it\/cattolica\/la-sofferenza-insensata-di-un-occidente-progredito-ma-rimasto-senza-dio\/#primaryimage"},"image":{"@id":"https:\/\/www.rassegnastampa-totustuus.it\/cattolica\/la-sofferenza-insensata-di-un-occidente-progredito-ma-rimasto-senza-dio\/#primaryimage"},"thumbnailUrl":"https:\/\/www.rassegnastampa-totustuus.it\/cattolica\/wp-content\/uploads\/2019\/07\/treno_vapore.jpg","datePublished":"2019-07-24T22:00:12+00:00","description":"Rassegna Stampa Cattolica - Per una cultura che nasce dalla Rivelazione cristiana in conformit\u00e0 alla tradizione e al Magistero della Chiesa in opposizione ad ogni relativismo e totalitarismo","breadcrumb":{"@id":"https:\/\/www.rassegnastampa-totustuus.it\/cattolica\/la-sofferenza-insensata-di-un-occidente-progredito-ma-rimasto-senza-dio\/#breadcrumb"},"inLanguage":"it-IT","potentialAction":[{"@type":"ReadAction","target":["https:\/\/www.rassegnastampa-totustuus.it\/cattolica\/la-sofferenza-insensata-di-un-occidente-progredito-ma-rimasto-senza-dio\/"]}]},{"@type":"ImageObject","inLanguage":"it-IT","@id":"https:\/\/www.rassegnastampa-totustuus.it\/cattolica\/la-sofferenza-insensata-di-un-occidente-progredito-ma-rimasto-senza-dio\/#primaryimage","url":"https:\/\/www.rassegnastampa-totustuus.it\/cattolica\/wp-content\/uploads\/2019\/07\/treno_vapore.jpg","contentUrl":"https:\/\/www.rassegnastampa-totustuus.it\/cattolica\/wp-content\/uploads\/2019\/07\/treno_vapore.jpg","width":600,"height":434},{"@type":"BreadcrumbList","@id":"https:\/\/www.rassegnastampa-totustuus.it\/cattolica\/la-sofferenza-insensata-di-un-occidente-progredito-ma-rimasto-senza-dio\/#breadcrumb","itemListElement":[{"@type":"ListItem","position":1,"name":"Home","item":"https:\/\/www.rassegnastampa-totustuus.it\/cattolica\/"},{"@type":"ListItem","position":2,"name":"La sofferenza insensata di un occidente progredito, ma rimasto senza Dio"}]},{"@type":"WebSite","@id":"https:\/\/www.rassegnastampa-totustuus.it\/cattolica\/#website","url":"https:\/\/www.rassegnastampa-totustuus.it\/cattolica\/","name":"Rassegna Stampa Cattolica","description":"Per una cultura che nasce dalla Rivelazione cristiana in conformit\u00e0 alla tradizione e al Magistero della Chiesa in opposizione ad ogni relativismo e totalitarismo","publisher":{"@id":"https:\/\/www.rassegnastampa-totustuus.it\/cattolica\/#organization"},"alternateName":"Rass. Cattolica","potentialAction":[{"@type":"SearchAction","target":{"@type":"EntryPoint","urlTemplate":"https:\/\/www.rassegnastampa-totustuus.it\/cattolica\/?s={search_term_string}"},"query-input":{"@type":"PropertyValueSpecification","valueRequired":true,"valueName":"search_term_string"}}],"inLanguage":"it-IT"},{"@type":"Organization","@id":"https:\/\/www.rassegnastampa-totustuus.it\/cattolica\/#organization","name":"Rassegna Stampa Cattolica","url":"https:\/\/www.rassegnastampa-totustuus.it\/cattolica\/","logo":{"@type":"ImageObject","inLanguage":"it-IT","@id":"https:\/\/www.rassegnastampa-totustuus.it\/cattolica\/#\/schema\/logo\/image\/","url":"https:\/\/www.rassegnastampa-totustuus.it\/cattolica\/wp-content\/uploads\/2014\/04\/logo-rassegna1.gif","contentUrl":"https:\/\/www.rassegnastampa-totustuus.it\/cattolica\/wp-content\/uploads\/2014\/04\/logo-rassegna1.gif","width":600,"height":163,"caption":"Rassegna Stampa Cattolica"},"image":{"@id":"https:\/\/www.rassegnastampa-totustuus.it\/cattolica\/#\/schema\/logo\/image\/"},"sameAs":["https:\/\/www.facebook.com\/rassegnastampacattolica","https:\/\/x.com\/rassegnastampa9"]},{"@type":"Person","@id":"https:\/\/www.rassegnastampa-totustuus.it\/cattolica\/#\/schema\/person\/08f319d2bd1a0904ad9e2bfb7b15e5c3","name":"Redazione","image":{"@type":"ImageObject","inLanguage":"it-IT","@id":"https:\/\/secure.gravatar.com\/avatar\/2fcdf27c78ea025fbdb44e914cc63c72249ffec9dc8aafd5c82b26240ef3f346?s=96&d=mm&r=g","url":"https:\/\/secure.gravatar.com\/avatar\/2fcdf27c78ea025fbdb44e914cc63c72249ffec9dc8aafd5c82b26240ef3f346?s=96&d=mm&r=g","contentUrl":"https:\/\/secure.gravatar.com\/avatar\/2fcdf27c78ea025fbdb44e914cc63c72249ffec9dc8aafd5c82b26240ef3f346?s=96&d=mm&r=g","caption":"Redazione"},"url":"https:\/\/www.rassegnastampa-totustuus.it\/cattolica\/author\/pietroelle\/"}]}},"_links":{"self":[{"href":"https:\/\/www.rassegnastampa-totustuus.it\/cattolica\/wp-json\/wp\/v2\/posts\/43686","targetHints":{"allow":["GET"]}}],"collection":[{"href":"https:\/\/www.rassegnastampa-totustuus.it\/cattolica\/wp-json\/wp\/v2\/posts"}],"about":[{"href":"https:\/\/www.rassegnastampa-totustuus.it\/cattolica\/wp-json\/wp\/v2\/types\/post"}],"author":[{"embeddable":true,"href":"https:\/\/www.rassegnastampa-totustuus.it\/cattolica\/wp-json\/wp\/v2\/users\/6"}],"replies":[{"embeddable":true,"href":"https:\/\/www.rassegnastampa-totustuus.it\/cattolica\/wp-json\/wp\/v2\/comments?post=43686"}],"version-history":[{"count":2,"href":"https:\/\/www.rassegnastampa-totustuus.it\/cattolica\/wp-json\/wp\/v2\/posts\/43686\/revisions"}],"predecessor-version":[{"id":43692,"href":"https:\/\/www.rassegnastampa-totustuus.it\/cattolica\/wp-json\/wp\/v2\/posts\/43686\/revisions\/43692"}],"wp:featuredmedia":[{"embeddable":true,"href":"https:\/\/www.rassegnastampa-totustuus.it\/cattolica\/wp-json\/wp\/v2\/media\/43687"}],"wp:attachment":[{"href":"https:\/\/www.rassegnastampa-totustuus.it\/cattolica\/wp-json\/wp\/v2\/media?parent=43686"}],"wp:term":[{"taxonomy":"category","embeddable":true,"href":"https:\/\/www.rassegnastampa-totustuus.it\/cattolica\/wp-json\/wp\/v2\/categories?post=43686"},{"taxonomy":"post_tag","embeddable":true,"href":"https:\/\/www.rassegnastampa-totustuus.it\/cattolica\/wp-json\/wp\/v2\/tags?post=43686"}],"curies":[{"name":"wp","href":"https:\/\/api.w.org\/{rel}","templated":true}]}}