{"id":43667,"date":"2019-07-25T00:00:18","date_gmt":"2019-07-24T22:00:18","guid":{"rendered":"http:\/\/www.rassegnastampa-totustuus.it\/cattolica\/?p=43667"},"modified":"2019-07-17T13:15:00","modified_gmt":"2019-07-17T11:15:00","slug":"levangelizzazione-degli-indios-nella-storia-del-brasile","status":"publish","type":"post","link":"https:\/\/www.rassegnastampa-totustuus.it\/cattolica\/levangelizzazione-degli-indios-nella-storia-del-brasile\/","title":{"rendered":"L\u2019evangelizzazione degli indios nella storia del Brasile"},"content":{"rendered":"<p style=\"text-align: center;\"><a href=\"https:\/\/www.rassegnastampa-totustuus.it\/cattolica\/wp-content\/uploads\/2019\/07\/Pero-Fernandes-Sardinha.jpg\"><img loading=\"lazy\" decoding=\"async\" class=\"alignleft wp-image-43671\" src=\"https:\/\/www.rassegnastampa-totustuus.it\/cattolica\/wp-content\/uploads\/2019\/07\/Pero-Fernandes-Sardinha.jpg\" alt=\"\" width=\"250\" height=\"197\" \/><\/a>Dal sito <strong><a href=\"https:\/\/panamazonsynodwatch.info\/it\/\" target=\"_blank\" rel=\"noopener noreferrer\">Pan Amazon Synod Watch<\/a><\/strong><\/p>\n<p style=\"text-align: center;\">11 Luglio 2019<\/p>\n<p style=\"text-align: center;\"><strong>Carlos Sodr\u00e9 Lanna <\/strong><\/p>\n<p style=\"text-align: justify;\">Era l\u2019anno 1556. Mons. Pero Fernandes Sardinha \u2013 primo vescovo del Brasile \u2013 si imbarcava sulla <em>Nossa Senhora da Ajuda <\/em>verso il Portogallo, accompagnato da ecclesiastici, persone di alto rango e intere famiglie.<\/p>\n<p style=\"text-align: justify;\">Un incidente mortale li fece schiantare poco dopo aver lasciato la citt\u00e0 di Salvador. Quanti scamparono al naufragio \u2013 e furono molti \u2013 finirono per essere catturati e mangiati dai feroci Indios Caet\u00e9s sulla riva sinistra del fiume S\u00e3o Miguel, ancora oggi identificata grazie alla memoria popolare.<\/p>\n<p><!--more--><\/p>\n<p style=\"text-align: justify;\">Ecco un dato caratteristico dello stato degli Indios brasiliani al tempo dell\u2019arrivo dei nostri primi colonizzatori e missionari.<\/p>\n<p style=\"text-align: justify;\">Per farci un\u2019idea del cambiamento derivato grazie all\u2019influsso del Cristianesimo e della civilt\u00e0, presenteremo in questo primo articolo di una serie di tre, un quadro generale della situazione in cui si trovavano gli aborigeni all\u2019epoca della scoperta del Brasile.<\/p>\n<p style=\"text-align: justify;\"><strong>Nomadismo e promiscuit\u00e0<\/strong><\/p>\n<p style=\"text-align: justify;\"><a href=\"https:\/\/www.rassegnastampa-totustuus.it\/cattolica\/wp-content\/uploads\/2005\/08\/conquistadores.jpg\"><img loading=\"lazy\" decoding=\"async\" class=\"alignright wp-image-30694\" src=\"https:\/\/www.rassegnastampa-totustuus.it\/cattolica\/wp-content\/uploads\/2005\/08\/conquistadores.jpg\" alt=\"\" width=\"250\" height=\"164\" \/><\/a>Probabilmente la pi\u00f9 grande scoperta dei portoghesi quando sbarcarono sulle nostre terre furono gli stessi Indios, un tipo umano all\u2019epoca mai incontrato dai lusitani in nessuna parte del mondo. L\u2019unica loro conoscenza era la foresta. Scopo delle loro vite era mangiare, bere, cacciare, combattere e uccidere \u2026 I villaggi che costruivano, le <em>tabas<\/em>, duravano al massimo quattro anni: il tempo entro il quale il legno marciva, le palme sui tetti delle capanne non coprivano pi\u00f9 nulla e tutta la selvaggina nei dintorni era stata sterminata.<\/p>\n<p style=\"text-align: justify;\">Se alcune trib\u00f9 si dedicavano in modo precario all\u2019agricoltura, finivano per rendere le terre coltivabili improduttive, ed erano dunque costrette a spostarsi in altri luoghi. Oltre a essere cacciatori, gli Indios, in quanto nomadi, non conobbero mai alcun tipo di sviluppo. I legami sociali che li univano erano talmente deboli che le piccole trib\u00f9 si frazionavano ogni giorno di pi\u00f9. Le costanti guerre di sterminio reciproco debilitavano gli Indios e ne facevano diminuire il numero.<\/p>\n<p style=\"text-align: justify;\"><a href=\"https:\/\/www.rassegnastampa-totustuus.it\/cattolica\/wp-content\/uploads\/2007\/01\/Apocalypto1.jpg\"><img loading=\"lazy\" decoding=\"async\" class=\"alignleft wp-image-28271\" src=\"https:\/\/www.rassegnastampa-totustuus.it\/cattolica\/wp-content\/uploads\/2007\/01\/Apocalypto1.jpg\" alt=\"\" width=\"250\" height=\"168\" \/><\/a>In queste povere anime predominava l\u2019istinto della vendetta. Iniziate le faide che si trasmettevano di padre in figlio, non era possibile attendersi alcun sentimento di abnegazione in favore dell\u2019interesse comune e nemmeno dei posteri. Al contrario di certe visioni idilliache che alcuni autori indigenisti hanno cercato di dare della vita tribale, questa si caratterizzava per la totale promiscuit\u00e0, causa di ogni sorta di malattia e vizio morale.<\/p>\n<p style=\"text-align: justify;\">Numerosi cronisti d\u2019epoca raccontano che gli Indios, prima della conversione, abitavano in grandi abitazioni \u2013 le <em>ocas<\/em> \u2013 la cui superfice misurava 90-120 metri quadrati per 15 di altezza; le pareti erano di paglia e il tetto ricoperto con foglie di palma. All\u2019interno vi abitavano, sparsi indistintamente, tra i 100 e i 200 indigeni. Entrando in una <em>oca<\/em>, si vedeva tutto quanto in essa si trovava.<\/p>\n<p style=\"text-align: justify;\">Alcuni cantavano, altri ridevano, taluni piangevano, c\u2019era chi preparava la farina, chi il <em>cauim<\/em> (bevanda alcolica) etc. C\u2019erano piccoli fuochi ovunque, che davano l\u2019aspetto di un labirinto o di un piccolo inferno. Queste capanne erano buie, maleodoranti e affumicate. Come letti, gli infelici nativi usavano una specie di rete che esalava un odore orripilante, in quanto erano cos\u00ec pigri che non si alzavano nemmeno per espletare le proprie necessit\u00e0 fisiologiche.<\/p>\n<p style=\"text-align: justify;\"><strong>Indios cannibali<\/strong><\/p>\n<p style=\"text-align: justify;\"><a href=\"https:\/\/www.rassegnastampa-totustuus.it\/cattolica\/wp-content\/uploads\/2016\/08\/cannibali.jpg\"><img loading=\"lazy\" decoding=\"async\" class=\"alignright wp-image-36269\" src=\"https:\/\/www.rassegnastampa-totustuus.it\/cattolica\/wp-content\/uploads\/2016\/08\/cannibali.jpg\" alt=\"\" width=\"236\" height=\"200\" \/><\/a>Erano esseri umani totalmente primitivi, feroci, astuti, mentitori e infidi. E inoltre cannibali. Le cerimonie di uccisioni pubbliche servivano come pretesto per feste e raduni. Da qui la denominazione di \u201cantropofagia rituale\u201d. Gli aborigeni mangiavano i loro nemici per vendetta. Le loro spedizioni guerriere avevano come fine anche quello di procurarsi carne umana.<\/p>\n<p style=\"text-align: justify;\">Durante gli scontri, gli indios cercavano soprattutto di fare prigionieri. Dopo un combattimento preliminare, i guerrieri di ambo le parti si precipitavano gli uni contro gli altri, tentando di disarmare l\u2019avversario e di catturarlo vivo. I morti sul campo di battaglia erano divorati immediatamente, e diverse loro parti, arrostite, erano portate anche a casa.<\/p>\n<p style=\"text-align: justify;\">Lungo il cammino di ritorno, la spedizione vittoriosa faceva un\u2019entrata trionfale in tutti i villaggi alleati. Giunti al proprio, i vincitori costringevano i prigionieri a gridare: \u201cIo, vostro cibo, sono arrivato\u201d! Nessuno di essi poteva sfuggire al sacrificio rituale cui era destinato. Nel caso in cui si fosse ammalato, gli indios conducevano il prigioniero dentro la foresta e gli fracassavano il cranio, lasciando il cadavere insepolto.<\/p>\n<p style=\"text-align: justify;\"><a href=\"https:\/\/www.rassegnastampa-totustuus.it\/cattolica\/wp-content\/uploads\/2019\/07\/Apocalypto_Amazzonia_indios.jpg\"><img loading=\"lazy\" decoding=\"async\" class=\"alignleft wp-image-43672\" src=\"https:\/\/www.rassegnastampa-totustuus.it\/cattolica\/wp-content\/uploads\/2019\/07\/Apocalypto_Amazzonia_indios.jpg\" alt=\"\" width=\"250\" height=\"140\" \/><\/a>La durata della prigionia variava molto, in quanto mentre i vecchi venivano uccisi subito dopo il ritorno della spedizione, i giovani potevano rimanere reclusi per diverso tempo, persino anni. Stabilita la data dell\u2019esecuzione, tutti i vicini e gli alleati erano invitati a prendere parte al festino.<\/p>\n<p style=\"text-align: justify;\">La notte prima, in una parvenza di veglia, danzavano, cantavano e bevevano. All\u2019alba, alcune donne conducevano la vittima, legata intorno alla vita, fino al luogo dell\u2019esecuzione al centro del villaggio, in mezzo a una grande eccitazione. Appariva allora sullo spiazzo il carnefice che, danzando verso il prigioniero con un\u2019enorme mazza tra le mani, la brandiva con energia e gli rompeva la testa.<\/p>\n<p style=\"text-align: justify;\">Non appena il povero massacrato cadeva morto, alcune indigene anziane si precipitavano su di lui per raccoglierne in una <em>cuia<\/em> il sangue e il cervello che erano inghiottiti ancora caldi. Successivamente, il cadavere veniva arrostito come un maiale e poi squartato: i pezzi di carne umana venivano quindi portati alle capanne in mezzo a grida di gioia. I selvaggi credevano che mangiando la carne del nemico si sarebbero appropriati delle sue qualit\u00e0 e che cos\u00ec facendo avrebbero dimostrato la loro superiorit\u00e0 su di lui.<\/p>\n<p style=\"text-align: justify;\"><strong>Antropofagia domestica<\/strong><\/p>\n<p style=\"text-align: justify;\"><a href=\"https:\/\/www.rassegnastampa-totustuus.it\/cattolica\/wp-content\/uploads\/2019\/07\/cannibali.jpg\"><img loading=\"lazy\" decoding=\"async\" class=\"alignright wp-image-43673\" src=\"https:\/\/www.rassegnastampa-totustuus.it\/cattolica\/wp-content\/uploads\/2019\/07\/cannibali.jpg\" alt=\"\" width=\"242\" height=\"200\" \/><\/a>Come forma di culto, alcune trib\u00f9 mangiavano i membri deceduti della propria famiglia, dando loro, come credevano, una degna sepoltura all\u2019interno dei loro stomaci. Nelle trib\u00f9 che praticavano l\u2019antropofagia era frequente incontrare questa forma di cannibalismo domestico, magico o partecipativo. Ci\u00f2 avveniva perch\u00e9 credevano che attraverso l\u2019ingestione delle carni potevano ottenere l\u2019unione pi\u00f9 intima possibile con il defunto, e, di conseguenza, l\u2019acquisizione delle sue qualit\u00e0: coraggio, vigore, destrezza etc.<\/p>\n<p style=\"text-align: justify;\">Da qui i banchetti sacri in cui erano mangiati, in solenni festivit\u00e0, i personaggi ritenuti superiori: il capo trib\u00f9, lo stregone, i guerrieri o eroi, frequentemente persone del proprio gruppo. Cos\u00ec, con l\u2019obiettivo di rivestirsi delle qualit\u00e0 desiderate dei loro antenati, sorse in varie trib\u00f9 l\u2019usanza di ingerirne, in rituali funebri, le ceneri mescolate a bevande speciali.<\/p>\n<p style=\"text-align: justify;\">Un mese dopo il funerale del congiunto se ne dissotterrava il cadavere, gi\u00e0 in avanzatissimo stato di decomposizione, e lo si collocava in una grande padella posta sul fuoco, fino alla scomparsa delle parti molli. Gli odori fetidi esalati durante quest\u2019atto completavano quel macabro rituale.<\/p>\n<p style=\"text-align: justify;\"><a href=\"https:\/\/www.rassegnastampa-totustuus.it\/cattolica\/wp-content\/uploads\/2019\/06\/foresta_Amazzonia-2.jpg\"><img loading=\"lazy\" decoding=\"async\" class=\"alignleft wp-image-43184\" src=\"https:\/\/www.rassegnastampa-totustuus.it\/cattolica\/wp-content\/uploads\/2019\/06\/foresta_Amazzonia-2.jpg\" alt=\"\" width=\"250\" height=\"166\" \/><\/a>Quando le ossa si carbonizzavano, venivano triturate e ridotte in polvere. Questa, a sua volta, era collocata in grandi recipienti di legno ripieni di bevande. Tutti i presenti bevevano allora questa miscela fino all\u2019ultima goccia, credendo che le virt\u00f9 del morto si sarebbero trasmesse in questo modo a tutte le persone che l\u2019avessero ingerita.<\/p>\n<p style=\"text-align: justify;\"><strong>La fondazione degli insediamenti<\/strong><\/p>\n<p style=\"text-align: justify;\">Fu questo il panorama sinistro che incontrarono i primi missionari, giunti in Brasile con l\u2019intenzione di catechizzare questi selvaggi e di fondare una Civilt\u00e0 Cristiana. \u00a0Secondo stime generalmente accettate, all\u2019epoca della scoperta vivevano in Brasile circa 5 milioni di indios. Il grande merito del Portogallo fu di porre l\u2019evangelizzazione alla base della sua opera colonizzatrice.<\/p>\n<p style=\"text-align: justify;\">\u201cTuttavia, il maggior profitto che da essa pu\u00f2 essere tratto credo che sar\u00e0 quello di salvare queste persone. E ci\u00f2 deve essere il principale seme che Vostra Altezza deve lanciare in questa terra\u201d, scriveva Pero Vaz de Caminha al Re del Portogallo, Dom Manuel, narrando la scoperta del Brasile, chiamata <em>Terra della Vera Croce<\/em>.<\/p>\n<p style=\"text-align: justify;\"><a href=\"https:\/\/www.rassegnastampa-totustuus.it\/cattolica\/wp-content\/uploads\/2019\/07\/missionari_Amazzonia_indios-1.jpg\"><img loading=\"lazy\" decoding=\"async\" class=\"alignright wp-image-43674\" src=\"https:\/\/www.rassegnastampa-totustuus.it\/cattolica\/wp-content\/uploads\/2019\/07\/missionari_Amazzonia_indios-1.jpg\" alt=\"\" width=\"250\" height=\"150\" \/><\/a>Gli ostacoli principali alla conversione degli indios furono l\u2019antropofagia, la poligamia, l\u2019ubriachezza, il nomadismo a intermittenza, le guerre fra trib\u00f9 vicine e l\u2019incostanza. Se i missionari si fossero accontentati semplicemente di attraversare i villaggi dei nativi \u2013 a parte ogni sorta di pericolo cui sarebbero andati incontro \u2013 avrebbero ottenuto un risultato precario. Ci\u00f2 che insegnavano in un mese, per mancanza di esempio o di esercizio, sarebbe stato totalmente perso in quello successivo.<\/p>\n<p style=\"text-align: justify;\">A causa del nomadismo intermittente degli indios, ritornando presso una trib\u00f9 che avevano evangelizzato poco prima, i missionari avrebbero incontrato solo ceneri. Era necessario rendere il prima possibile gli indigeni sedentari, allontanando quelli battezzati dall\u2019influenza di quanti erano rimasti pagani. Contrariamente, i missionari non avrebbero potuto estirparne le titubanze n\u00e9 impedire il ritorno agli antichi costumi.<\/p>\n<p style=\"text-align: justify;\"><a href=\"https:\/\/www.rassegnastampa-totustuus.it\/cattolica\/wp-content\/uploads\/2019\/07\/riduzioni_missioni.jpg\"><img loading=\"lazy\" decoding=\"async\" class=\"size-medium wp-image-43675 alignleft\" src=\"https:\/\/www.rassegnastampa-totustuus.it\/cattolica\/wp-content\/uploads\/2019\/07\/riduzioni_missioni-300x145.jpg\" alt=\"\" width=\"300\" height=\"145\" srcset=\"https:\/\/www.rassegnastampa-totustuus.it\/cattolica\/wp-content\/uploads\/2019\/07\/riduzioni_missioni-300x145.jpg 300w, https:\/\/www.rassegnastampa-totustuus.it\/cattolica\/wp-content\/uploads\/2019\/07\/riduzioni_missioni.jpg 423w\" sizes=\"auto, (max-width: 300px) 100vw, 300px\" \/><\/a>L\u2019evangelizzazione degli indios sarebbe rimasta una chimera fino a quando non si fossero organizzati gli insediamenti, con un regime e un\u2019autorit\u00e0 proprie. I primi tentativi di formare simili villaggi si diedero nello Stato della Bahia. Questi rappresentarono la modalit\u00e0 pi\u00f9 efficace e originale della colonizzazione del Brasile, primo seme delle celebri <em>reducciones<\/em> dei gesuiti.<\/p>\n<p style=\"text-align: justify;\">Per essere efficace e completa, l\u2019attivit\u00e0 dei missionari aveva bisogno dell\u2019appoggio delle autorit\u00e0 pubbliche. Il terzo Governatore Generale del Brasile, Mem de S\u00e1 (1558-1572), concesse tutto l\u2019appoggio morale e materiale ai primi missionari gesuiti, guidati da padre Manoel da N\u00f3brega. Sotto l\u2019influenza della Compagnia di Sant\u2019Ignazio, i Governatori Generali concessero a questi insediamenti benefici quasi municipali.<\/p>\n<p style=\"text-align: justify;\">Avevano infatti una legislazione speciale che regolava i beni degli indios, la loro separazione dai portoghesi, il commercio tra di loro e il regime di lavoro, basato sulle istituzioni portoghesi. Ebbe cos\u00ec inizio la grande opera di evangelizzazione degli indios brasiliani, il cui sviluppo tratteremo nel prossimo articolo.<\/p>\n<p style=\"text-align: justify;\">________________________<\/p>\n<p style=\"text-align: justify;\"><strong>Bibliografia:<\/strong>\u2013 Padre Serafim Leite, <em>Hist\u00f3ria da Companhia de Jesus no Brasil, <\/em>Livraria Portugalia, Lisboa, 1938.\u2013 Francisco Adolfo de Varnhagen, <em>Hist\u00f3ria Geral do Brasil, <\/em>Edi\u00e7\u00f5es Melhoramentos, S\u00e3o Paulo, 1959.\u2013 Alfred Metraux, <em>A religi\u00e3o dos tupinamb\u00e1s, <\/em>Cia. Editora Nacional, S\u00e3o Paulo, 1979.\u2013 Allcionilio Bruzzi Alves da Silva, <em>A Civiliza\u00e7\u00e3o Ind\u00edgena do Uaup\u00e9s, <\/em>Libreria Ateneo Salesiano, Roma, 1977.<\/p>\n<p style=\"text-align: center;\">___________________________<\/p>\n<p style=\"text-align: center;\"><strong>L\u2019epopea missionaria nella formazione della Cristianit\u00e0 luso-brasiliana<\/strong><\/p>\n<p style=\"text-align: justify;\"><em>Dalla scoperta fino ai nostri giorni: la grande opera realizzata dai missionari per cristianizzare e civilizzare gli indios brasiliani<\/em><\/p>\n<p style=\"text-align: center;\"><strong>Carlos Sodr\u00e9 Lanna<\/strong><\/p>\n<p style=\"text-align: justify;\"><a href=\"https:\/\/www.rassegnastampa-totustuus.it\/cattolica\/wp-content\/uploads\/2019\/07\/riduzioni_missioni.gif\"><img loading=\"lazy\" decoding=\"async\" class=\"alignright wp-image-43676\" src=\"https:\/\/www.rassegnastampa-totustuus.it\/cattolica\/wp-content\/uploads\/2019\/07\/riduzioni_missioni.gif\" alt=\"\" width=\"250\" height=\"174\" \/><\/a>Se non fosse stato per gli insediamenti, l\u2019evangelizzazione degli indios non sarebbe stata altro che una chimera. Con un governo e un\u2019autorit\u00e0 proprie, detti insediamenti rappresentarono la modalit\u00e0 efficace e originale della colonizzazione del Brasile, e forse il primo seme delle celebri riduzioni gesuite.<\/p>\n<p style=\"text-align: justify;\">Dispersi com\u2019erano, i nativi non avrebbero mai abbandonato i loro vizi e le loro abitudini nomadi, n\u00e9 avrebbero smesso di combattersi e di praticare il cannibalismo. Le autorit\u00e0 pubbliche diedero totale appoggio all\u2019attivit\u00e0 dei primi missionari.<\/p>\n<p style=\"text-align: justify;\">L\u2019arrivo in Brasile di Mem de S\u00e1, terzo Governatore Generale del Paese a partire dal 1558, diede nuovo impulso all\u2019opera di conversione degli indios, grazie all\u2019aiuto prestato all\u2019opera missionaria e in modo particolare agli insediamenti. Governo e missionari gesuiti erano coordinati e guidati dai padri Jos\u00e9 de Anchieta e Manuel da N\u00f3brega. Pi\u00f9 tardi giunsero altri ordini e congregazioni religiose come i francescani, i benedettini, i carmelitani etc. San Jos\u00e9 de Anchieta divenne noto come l\u2019Apostolo del Brasile.<\/p>\n<p style=\"text-align: justify;\"><strong>I primi insediamenti<\/strong><\/p>\n<p style=\"text-align: justify;\"><a href=\"https:\/\/www.rassegnastampa-totustuus.it\/cattolica\/wp-content\/uploads\/2017\/12\/chiesa_indios.jpg\"><img loading=\"lazy\" decoding=\"async\" class=\"alignleft wp-image-39407\" src=\"https:\/\/www.rassegnastampa-totustuus.it\/cattolica\/wp-content\/uploads\/2017\/12\/chiesa_indios.jpg\" alt=\"\" width=\"250\" height=\"186\" \/><\/a>I primi villaggi vennero fondati nell\u2019attuale Stato della Bahia nel 1558, sotto il governo di Mem de S\u00e1. In questi insediamenti, gli indios venivano istruiti sulla religione e persuasi ad abbandonare l\u2019antropofagia e l\u2019alcolismo. Inoltre, ci si prendeva cura della loro alimentazione, del loro abbigliamento, della loro salute etc., facendo s\u00ec che assumessero gradualmente costumi civilizzati.<\/p>\n<p style=\"text-align: justify;\">I missionari cercavano di installare i villaggi negli stessi luoghi in cui gi\u00e0 vivevano i nativi.Sotto l\u2019influenza dei gesuiti, questi insediamenti godevano di molti vantaggi e di una legislazione speciale che regolava i beni degli indios, la loro separazione dai portoghesi, il commercio tra gli uni e gli altri, il regime di lavoro e la gerarchia amministrativa, basata sulla struttura giuridica delle istituzioni municipali portoghesi.<\/p>\n<p style=\"text-align: justify;\">Durante questo primo esperimento di villaggi, l\u2019opera degli evangelizzatori consistette in lunghe missioni con le trib\u00f9, che lentamente si cristianizzarono. Un funzionario civile, l\u2019ufficiale giudiziario, veniva nominato dal Governatore Generale ed era molto rispettato dagli indios. All\u2019inizio, i delitti pi\u00f9 comuni erano antropofagia e liti causate dall\u2019alcol, ma anche adulterio, furti, assenze ingiustificate al lavoro, a scuola e agli atti religiosi.<\/p>\n<p style=\"text-align: justify;\"><a href=\"https:\/\/www.rassegnastampa-totustuus.it\/cattolica\/wp-content\/uploads\/2019\/07\/Riduzioni.jpg\"><img loading=\"lazy\" decoding=\"async\" class=\"alignright wp-image-43677\" src=\"https:\/\/www.rassegnastampa-totustuus.it\/cattolica\/wp-content\/uploads\/2019\/07\/Riduzioni-300x200.jpg\" alt=\"\" width=\"250\" height=\"167\" srcset=\"https:\/\/www.rassegnastampa-totustuus.it\/cattolica\/wp-content\/uploads\/2019\/07\/Riduzioni-300x200.jpg 300w, https:\/\/www.rassegnastampa-totustuus.it\/cattolica\/wp-content\/uploads\/2019\/07\/Riduzioni.jpg 400w\" sizes=\"auto, (max-width: 250px) 100vw, 250px\" \/><\/a>Una volta comprovato il delitto, l\u2019ufficiale giudiziario applicava la pena corrispondente. I missionari cercavano di difendere gli indios contro eventuali abusi praticati dalle autorit\u00e0 civili. Nei villaggi v\u2019erano sempre una chiesa, un collegio, un ospedale e case per gli indigeni. Alcuni insediamenti arrivarono ad accogliere 5 mila abitanti, il che richiedeva un preciso ordine amministrativo e pi\u00f9 terra per le colture.<\/p>\n<p style=\"text-align: justify;\">Gli indios si sottomettevano a un regime umano di lavoro, con scadenze prefissate, in modo da non cadere nella tentazione della pigrizia. Ricevevano un salario, vestiti e cibo in base alle attivit\u00e0 esercitate.<\/p>\n<p style=\"text-align: justify;\"><strong>L\u2019evangelizzazione degli indios<\/strong><\/p>\n<p style=\"text-align: justify;\"><a href=\"https:\/\/www.rassegnastampa-totustuus.it\/cattolica\/wp-content\/uploads\/2019\/06\/indigeni_Amazzonia.jpg\"><img loading=\"lazy\" decoding=\"async\" class=\"alignleft wp-image-43187\" src=\"https:\/\/www.rassegnastampa-totustuus.it\/cattolica\/wp-content\/uploads\/2019\/06\/indigeni_Amazzonia.jpg\" alt=\"\" width=\"248\" height=\"200\" \/><\/a>Inizialmente, l\u2019apostolato fu quasi esclusivamente individuale. Per la conversione dei nativi non si ricorreva necessariamente a predicazioni dottrinali, come ad esempio nell\u2019India o nel Giappone dell\u2019epoca. Molto intuitivi, agli indios era sufficiente insegnare la legge morale e far s\u00ec che preservassero questo insegnamento.<\/p>\n<p style=\"text-align: justify;\">La dottrina si sarebbe imposta con il tempo. Fatta eccezione per i naturali ostacoli psicologici dovuti ai loro costumi selvaggi, non opponevano resistenza alla Religione cattolica. Molti chiesero di esservi istruiti. I missionari, lungo cinque secoli, studiarono a fondo il loro carattere e la loro psicologia. Mirando soprattutto alla salvezza delle anime, desideravano per\u00f2 anche che fossero ben alimentati, affinch\u00e9 godessero di buona salute; posizione opposta rispetto a quella degli stregoni o degli sciamani, che promettevano benefici materiali pur lasciandoli a vivere nell\u2019ozio.<\/p>\n<p style=\"text-align: justify;\">Indolenti, difficili da smuovere, a volte gli indios si trovavano in difficolt\u00e0 per non voler nemmeno procurarsi il cibo\u2026 Capivano tutto repentinamente, ma senza profondit\u00e0. Tali caratteristiche esigevano dai missionari dolcezza e fermezza, pazienza e una presenza costante. Molti indigeni furono buoni guerrieri contro invasori stranieri e altri selvaggi rivoltosi.<\/p>\n<p style=\"text-align: justify;\"><a href=\"https:\/\/www.rassegnastampa-totustuus.it\/cattolica\/wp-content\/uploads\/2015\/10\/trib\u00f9_amazzonia.jpg\"><img loading=\"lazy\" decoding=\"async\" class=\"alignright wp-image-27059\" src=\"https:\/\/www.rassegnastampa-totustuus.it\/cattolica\/wp-content\/uploads\/2015\/10\/trib\u00f9_amazzonia.jpg\" alt=\"\" width=\"250\" height=\"187\" \/><\/a>Nei rapporti reciproci, non potevano mai dimostrare debolezze. I nativi, per natura, non erano inclini alla mitezza. La crudelt\u00e0 e i costumi sanguinari erano infatti profondamente radicati nei loro spiriti. Ne \u00e8 prova il martirio dei due fratelli coadiutori gesuiti Pero Correia e Jo\u00e3o de Souza, uccisi dai Carij\u00f3s nel 1555.<\/p>\n<p style=\"text-align: justify;\"><strong>Il ruolo dei bambini<\/strong><\/p>\n<p style=\"text-align: justify;\">Dopo quest\u2019apostolato individuale, ebbe inizio l\u2019evangelizzazione attraverso l\u2019istruzione. Nel 1549 padre Manuel da N\u00f3brega scriveva che i missionari iniziarono a visitare le case degli indigeni, nei villaggi, invitando i bambini ad apprendere a leggere e a scrivere, e che questi accettavano di buona volont\u00e0.<\/p>\n<p style=\"text-align: justify;\"><a href=\"https:\/\/www.rassegnastampa-totustuus.it\/cattolica\/wp-content\/uploads\/2019\/07\/missionari_Amazzonia_indios-2.jpg\"><img loading=\"lazy\" decoding=\"async\" class=\"alignleft wp-image-43678\" src=\"https:\/\/www.rassegnastampa-totustuus.it\/cattolica\/wp-content\/uploads\/2019\/07\/missionari_Amazzonia_indios-2.jpg\" alt=\"\" width=\"250\" height=\"152\" \/><\/a>I missionari cercavano di conquistare la simpatia dei membri pi\u00f9 influenti delle popolazioni aborigene, mentre i bambini orfani portati da Lisbona insieme a quelli dei collegi attiravano i bambini indios, chiamati <em>curumins<\/em>. Insieme ai capi delle trib\u00f9 si concordava il procedimento da tenere nelle visite e l\u2019obiettivo principale, ovvero predicare la legge di Dio.<\/p>\n<p style=\"text-align: justify;\">Una volta stabilizzati i villaggi, i missionari iniziavano a viverci. In questo modo, attraverso i figli, si raggiungevano i genitori indifferenti e pigri. I bambini si trasformavano subito in maestri e apostoli. I bambini portoghesi dei collegi, assieme ai <em>curumins<\/em>, entravano nei villaggi pagani, predicando, insegnando e conducendo le anime a Dio.<\/p>\n<p style=\"text-align: justify;\"><a href=\"https:\/\/www.rassegnastampa-totustuus.it\/cattolica\/wp-content\/uploads\/2019\/07\/missionari_Amazzonia_indios.jpg\"><img loading=\"lazy\" decoding=\"async\" class=\"wp-image-43668 alignright\" src=\"https:\/\/www.rassegnastampa-totustuus.it\/cattolica\/wp-content\/uploads\/2019\/07\/missionari_Amazzonia_indios-300x199.jpg\" alt=\"\" width=\"250\" height=\"166\" srcset=\"https:\/\/www.rassegnastampa-totustuus.it\/cattolica\/wp-content\/uploads\/2019\/07\/missionari_Amazzonia_indios-300x199.jpg 300w, https:\/\/www.rassegnastampa-totustuus.it\/cattolica\/wp-content\/uploads\/2019\/07\/missionari_Amazzonia_indios-768x510.jpg 768w, https:\/\/www.rassegnastampa-totustuus.it\/cattolica\/wp-content\/uploads\/2019\/07\/missionari_Amazzonia_indios-1024x680.jpg 1024w\" sizes=\"auto, (max-width: 250px) 100vw, 250px\" \/><\/a>Sia loro che i missionari percorrevano i villaggi con alla testa una croce e intonando inni: i nativi, sempre meravigliati, generalmente li ricevevano bene. I figli degli indios apprendevano a leggere e a scrivere portoghese, a cantare e a servire la Messa.<\/p>\n<p style=\"text-align: justify;\">L\u2019insegnamento musicale fu sempre intenso, e svolse un ruolo importante nell\u2019apostolato. Gli indios si interessavano a tutto. Al suono della campana, che li invitava ad assistere alla Messa, accorrevano in chiesa. Provavano un\u2019attrattiva per le musiche sacre, partecipavano contenti alle processioni religiose. Prestavano molta attenzione ai sermoni tradotti dagli interpreti.<\/p>\n<p style=\"text-align: justify;\"><strong>Gli indios apprezzarono sempre i missionari<\/strong><\/p>\n<p style=\"text-align: justify;\">In ogni epoca dell\u2019evangelizzazione, i nativi apprezzarono sempre i missionari. Entrando nei villaggi, i religiosi erano molto solleciti sia verso i bambini sia verso gli adulti, aiutavano gli ammalati e mostravano affetto e lealt\u00e0 verso tutti. Erano ritenuti uomini benevoli e si sforzavano di esprimersi nella lingua del posto. Condannavano ogni uomo bianco che volesse far loro del male. E mai chiedevano in cambio dei doni, come facevano invece gli stregoni.<\/p>\n<p style=\"text-align: justify;\"><a href=\"https:\/\/www.rassegnastampa-totustuus.it\/cattolica\/wp-content\/uploads\/2019\/07\/indios_Amazzonia.jpg\"><img loading=\"lazy\" decoding=\"async\" class=\"alignleft wp-image-43679\" src=\"https:\/\/www.rassegnastampa-totustuus.it\/cattolica\/wp-content\/uploads\/2019\/07\/indios_Amazzonia.jpg\" alt=\"\" width=\"260\" height=\"167\" \/><\/a>Quanto agli abiti, vennero usati poco a poco. I missionari distribuivano vesti alle donne e pantaloni agli uomini. Allo steso tempo, incoraggiavano l\u2019ancora rudimentale industria tessile. Era necessario inculcare l\u2019abitudine di vestirsi ogni giorno. Il mezzo pi\u00f9 efficace per raggiungere questo obiettivo fu esigere che stessero vestiti in chiesa. Dovevano riservare il necessario dei loro guadagni per acquistare i \u201cvestiti per vedere Dio\u201d, sotto la pena di non essere ammessi alle cerimonie religiose.<\/p>\n<p style=\"text-align: justify;\">Fu cos\u00ec che, grazie all\u2019assistenza agli atti di culto, questo uso entr\u00f2 gradualmente nei costumi dei nativi. La grande difficolt\u00e0 incontrata dai missionari \u2013 che continua ancora oggi \u2013 fu l\u2019azione esercitata dagli sciamani o stregoni delle trib\u00f9. Questi odiarono sempre i religiosi, considerandoli loro rivali nella pratica della profezia e della medicina.<\/p>\n<p style=\"text-align: justify;\"><a href=\"https:\/\/www.rassegnastampa-totustuus.it\/cattolica\/wp-content\/uploads\/2019\/07\/indios_Amazzonia_sciamano.jpg\"><img loading=\"lazy\" decoding=\"async\" class=\"size-full wp-image-43680 alignright\" src=\"https:\/\/www.rassegnastampa-totustuus.it\/cattolica\/wp-content\/uploads\/2019\/07\/indios_Amazzonia_sciamano.jpg\" alt=\"\" width=\"183\" height=\"275\" data-wp-editing=\"1\" \/><\/a>Uno sciamano difficilmente si convertiva alla Religione di Nostro Signore Ges\u00f9 Cristo. Tale modalit\u00e0 di evangelizzazione ebbe tanto successo che ancora oggi \u00e8 mantenuta nella sua essenza, applicata dai missionari fedeli alla tradizione gloriosa del lavoro svolto da Anchieta, l\u2019Apostolo del Brasile.<\/p>\n<p style=\"text-align: justify;\">Purtroppo per\u00f2, ai nostri giorni si \u00e8 formata una corrente composta da missionari neo-tribalisti, i quali propongono di mantenere l\u2019indio nel suo stadio primitivo di cultura. Nel prossimo articolo, analizzeremo questa nuova missiologia e i danni che sta causando ai poveri indios e alla nazione brasiliana.<\/p>\n<p style=\"text-align: justify;\">______________________<\/p>\n<p style=\"text-align: justify;\"><strong>BIBLIOGRAFIA:<\/strong><\/p>\n<p style=\"text-align: justify;\">Padre Serafim Leite,<em> Hist\u00f3ria da Companhia de Jesus no Brasil,\u00a0<\/em>Editora Portugal, Lisbona, 1943.<\/p>\n<p style=\"text-align: justify;\">Rocha Pombo,<em> Hist\u00f3ria do Brasil, <\/em>W. M. Jackson, Inc. Editores, Rio de Janeiro, 1942.<\/p>\n<p style=\"text-align: justify;\">Francisco Adolfo de Varnhagen,<em> Hist\u00f3ria Geral do Brasil, <\/em>Edi\u00e7\u00f5es Melhoramentos, S\u00e3o Paulo, 1959.<\/p>\n<p style=\"text-align: justify;\">Padre Alcionilio Bruzzi Alves da Silva,<em> A Civiliza\u00e7\u00e3o Ind\u00edgena do Uaup\u00e9s, <\/em>Libreria Ateneo Salesiano, Roma, 1977.<\/p>\n","protected":false},"excerpt":{"rendered":"<p>Dal sito Pan Amazon Synod Watch 11 Luglio 2019 Carlos Sodr\u00e9 Lanna Era l\u2019anno 1556. Mons. Pero Fernandes Sardinha \u2013 primo vescovo del Brasile \u2013 si imbarcava sulla Nossa Senhora da Ajuda verso il Portogallo, accompagnato da ecclesiastici, persone di alto rango e intere famiglie. Un incidente mortale li fece schiantare poco dopo aver lasciato &hellip; <\/p>\n<p><a class=\"more-link btn\" href=\"https:\/\/www.rassegnastampa-totustuus.it\/cattolica\/levangelizzazione-degli-indios-nella-storia-del-brasile\/\">Continua a leggere<\/a><\/p>\n","protected":false},"author":6,"featured_media":43668,"comment_status":"closed","ping_status":"closed","sticky":false,"template":"","format":"standard","meta":{"footnotes":""},"categories":[5],"tags":[1045,157,2345,562],"class_list":["post-43667","post","type-post","status-publish","format-standard","has-post-thumbnail","hentry","category-chiesa","tag-brasile","tag-chiesa-2","tag-indios","tag-missioni","item-wrap"],"yoast_head":"<!-- This site is optimized with the Yoast SEO plugin v27.4 - https:\/\/yoast.com\/product\/yoast-seo-wordpress\/ -->\n<title>L\u2019evangelizzazione degli indios nella storia del Brasile - Rassegna Stampa Cattolica<\/title>\n<meta name=\"description\" content=\"Rassegna Stampa Cattolica - Per una cultura che nasce dalla Rivelazione cristiana in conformit\u00e0 alla tradizione e al Magistero della Chiesa in opposizione ad ogni relativismo e totalitarismo\" \/>\n<meta name=\"robots\" content=\"index, follow, max-snippet:-1, max-image-preview:large, max-video-preview:-1\" \/>\n<link rel=\"canonical\" href=\"https:\/\/www.rassegnastampa-totustuus.it\/cattolica\/levangelizzazione-degli-indios-nella-storia-del-brasile\/\" \/>\n<meta property=\"og:locale\" content=\"it_IT\" \/>\n<meta property=\"og:type\" content=\"article\" \/>\n<meta property=\"og:title\" content=\"L\u2019evangelizzazione degli indios nella storia del Brasile - Rassegna Stampa Cattolica\" \/>\n<meta property=\"og:description\" content=\"Rassegna Stampa Cattolica - Per una cultura che nasce dalla Rivelazione cristiana in conformit\u00e0 alla tradizione e al Magistero della Chiesa in opposizione ad ogni relativismo e totalitarismo\" \/>\n<meta property=\"og:url\" content=\"https:\/\/www.rassegnastampa-totustuus.it\/cattolica\/levangelizzazione-degli-indios-nella-storia-del-brasile\/\" \/>\n<meta property=\"og:site_name\" content=\"Rassegna Stampa Cattolica\" \/>\n<meta property=\"article:publisher\" content=\"https:\/\/www.facebook.com\/rassegnastampacattolica\" \/>\n<meta property=\"article:published_time\" content=\"2019-07-24T22:00:18+00:00\" \/>\n<meta property=\"og:image\" content=\"https:\/\/www.rassegnastampa-totustuus.it\/cattolica\/wp-content\/uploads\/2019\/07\/missionari_Amazzonia_indios.jpg\" \/>\n\t<meta property=\"og:image:width\" content=\"2892\" \/>\n\t<meta property=\"og:image:height\" content=\"1920\" \/>\n\t<meta property=\"og:image:type\" content=\"image\/jpeg\" \/>\n<meta name=\"author\" content=\"Redazione\" \/>\n<meta name=\"twitter:card\" content=\"summary_large_image\" \/>\n<meta name=\"twitter:creator\" content=\"@rassegnastampa9\" \/>\n<meta name=\"twitter:site\" content=\"@rassegnastampa9\" \/>\n<meta name=\"twitter:label1\" content=\"Scritto da\" \/>\n\t<meta name=\"twitter:data1\" content=\"Redazione\" \/>\n\t<meta name=\"twitter:label2\" content=\"Tempo di lettura stimato\" \/>\n\t<meta name=\"twitter:data2\" content=\"15 minuti\" \/>\n<script type=\"application\/ld+json\" class=\"yoast-schema-graph\">{\"@context\":\"https:\\\/\\\/schema.org\",\"@graph\":[{\"@type\":\"Article\",\"@id\":\"https:\\\/\\\/www.rassegnastampa-totustuus.it\\\/cattolica\\\/levangelizzazione-degli-indios-nella-storia-del-brasile\\\/#article\",\"isPartOf\":{\"@id\":\"https:\\\/\\\/www.rassegnastampa-totustuus.it\\\/cattolica\\\/levangelizzazione-degli-indios-nella-storia-del-brasile\\\/\"},\"author\":{\"name\":\"Redazione\",\"@id\":\"https:\\\/\\\/www.rassegnastampa-totustuus.it\\\/cattolica\\\/#\\\/schema\\\/person\\\/08f319d2bd1a0904ad9e2bfb7b15e5c3\"},\"headline\":\"L\u2019evangelizzazione degli indios nella storia del Brasile\",\"datePublished\":\"2019-07-24T22:00:18+00:00\",\"mainEntityOfPage\":{\"@id\":\"https:\\\/\\\/www.rassegnastampa-totustuus.it\\\/cattolica\\\/levangelizzazione-degli-indios-nella-storia-del-brasile\\\/\"},\"wordCount\":2939,\"publisher\":{\"@id\":\"https:\\\/\\\/www.rassegnastampa-totustuus.it\\\/cattolica\\\/#organization\"},\"image\":{\"@id\":\"https:\\\/\\\/www.rassegnastampa-totustuus.it\\\/cattolica\\\/levangelizzazione-degli-indios-nella-storia-del-brasile\\\/#primaryimage\"},\"thumbnailUrl\":\"https:\\\/\\\/www.rassegnastampa-totustuus.it\\\/cattolica\\\/wp-content\\\/uploads\\\/2019\\\/07\\\/missionari_Amazzonia_indios.jpg\",\"keywords\":[\"Brasile\",\"chiesa\",\"indios\",\"missioni\"],\"articleSection\":[\"Chiesa\"],\"inLanguage\":\"it-IT\"},{\"@type\":\"WebPage\",\"@id\":\"https:\\\/\\\/www.rassegnastampa-totustuus.it\\\/cattolica\\\/levangelizzazione-degli-indios-nella-storia-del-brasile\\\/\",\"url\":\"https:\\\/\\\/www.rassegnastampa-totustuus.it\\\/cattolica\\\/levangelizzazione-degli-indios-nella-storia-del-brasile\\\/\",\"name\":\"L\u2019evangelizzazione degli indios nella storia del Brasile - Rassegna Stampa Cattolica\",\"isPartOf\":{\"@id\":\"https:\\\/\\\/www.rassegnastampa-totustuus.it\\\/cattolica\\\/#website\"},\"primaryImageOfPage\":{\"@id\":\"https:\\\/\\\/www.rassegnastampa-totustuus.it\\\/cattolica\\\/levangelizzazione-degli-indios-nella-storia-del-brasile\\\/#primaryimage\"},\"image\":{\"@id\":\"https:\\\/\\\/www.rassegnastampa-totustuus.it\\\/cattolica\\\/levangelizzazione-degli-indios-nella-storia-del-brasile\\\/#primaryimage\"},\"thumbnailUrl\":\"https:\\\/\\\/www.rassegnastampa-totustuus.it\\\/cattolica\\\/wp-content\\\/uploads\\\/2019\\\/07\\\/missionari_Amazzonia_indios.jpg\",\"datePublished\":\"2019-07-24T22:00:18+00:00\",\"description\":\"Rassegna Stampa Cattolica - Per una cultura che nasce dalla Rivelazione cristiana in conformit\u00e0 alla tradizione e al Magistero della Chiesa in opposizione ad ogni relativismo e totalitarismo\",\"breadcrumb\":{\"@id\":\"https:\\\/\\\/www.rassegnastampa-totustuus.it\\\/cattolica\\\/levangelizzazione-degli-indios-nella-storia-del-brasile\\\/#breadcrumb\"},\"inLanguage\":\"it-IT\",\"potentialAction\":[{\"@type\":\"ReadAction\",\"target\":[\"https:\\\/\\\/www.rassegnastampa-totustuus.it\\\/cattolica\\\/levangelizzazione-degli-indios-nella-storia-del-brasile\\\/\"]}]},{\"@type\":\"ImageObject\",\"inLanguage\":\"it-IT\",\"@id\":\"https:\\\/\\\/www.rassegnastampa-totustuus.it\\\/cattolica\\\/levangelizzazione-degli-indios-nella-storia-del-brasile\\\/#primaryimage\",\"url\":\"https:\\\/\\\/www.rassegnastampa-totustuus.it\\\/cattolica\\\/wp-content\\\/uploads\\\/2019\\\/07\\\/missionari_Amazzonia_indios.jpg\",\"contentUrl\":\"https:\\\/\\\/www.rassegnastampa-totustuus.it\\\/cattolica\\\/wp-content\\\/uploads\\\/2019\\\/07\\\/missionari_Amazzonia_indios.jpg\",\"width\":2892,\"height\":1920},{\"@type\":\"BreadcrumbList\",\"@id\":\"https:\\\/\\\/www.rassegnastampa-totustuus.it\\\/cattolica\\\/levangelizzazione-degli-indios-nella-storia-del-brasile\\\/#breadcrumb\",\"itemListElement\":[{\"@type\":\"ListItem\",\"position\":1,\"name\":\"Home\",\"item\":\"https:\\\/\\\/www.rassegnastampa-totustuus.it\\\/cattolica\\\/\"},{\"@type\":\"ListItem\",\"position\":2,\"name\":\"L\u2019evangelizzazione degli indios nella storia del Brasile\"}]},{\"@type\":\"WebSite\",\"@id\":\"https:\\\/\\\/www.rassegnastampa-totustuus.it\\\/cattolica\\\/#website\",\"url\":\"https:\\\/\\\/www.rassegnastampa-totustuus.it\\\/cattolica\\\/\",\"name\":\"Rassegna Stampa Cattolica\",\"description\":\"Per una cultura che nasce dalla Rivelazione cristiana in conformit\u00e0 alla tradizione e al Magistero della Chiesa in opposizione ad ogni relativismo e totalitarismo\",\"publisher\":{\"@id\":\"https:\\\/\\\/www.rassegnastampa-totustuus.it\\\/cattolica\\\/#organization\"},\"alternateName\":\"Rass. Cattolica\",\"potentialAction\":[{\"@type\":\"SearchAction\",\"target\":{\"@type\":\"EntryPoint\",\"urlTemplate\":\"https:\\\/\\\/www.rassegnastampa-totustuus.it\\\/cattolica\\\/?s={search_term_string}\"},\"query-input\":{\"@type\":\"PropertyValueSpecification\",\"valueRequired\":true,\"valueName\":\"search_term_string\"}}],\"inLanguage\":\"it-IT\"},{\"@type\":\"Organization\",\"@id\":\"https:\\\/\\\/www.rassegnastampa-totustuus.it\\\/cattolica\\\/#organization\",\"name\":\"Rassegna Stampa Cattolica\",\"url\":\"https:\\\/\\\/www.rassegnastampa-totustuus.it\\\/cattolica\\\/\",\"logo\":{\"@type\":\"ImageObject\",\"inLanguage\":\"it-IT\",\"@id\":\"https:\\\/\\\/www.rassegnastampa-totustuus.it\\\/cattolica\\\/#\\\/schema\\\/logo\\\/image\\\/\",\"url\":\"https:\\\/\\\/www.rassegnastampa-totustuus.it\\\/cattolica\\\/wp-content\\\/uploads\\\/2014\\\/04\\\/logo-rassegna1.gif\",\"contentUrl\":\"https:\\\/\\\/www.rassegnastampa-totustuus.it\\\/cattolica\\\/wp-content\\\/uploads\\\/2014\\\/04\\\/logo-rassegna1.gif\",\"width\":600,\"height\":163,\"caption\":\"Rassegna Stampa Cattolica\"},\"image\":{\"@id\":\"https:\\\/\\\/www.rassegnastampa-totustuus.it\\\/cattolica\\\/#\\\/schema\\\/logo\\\/image\\\/\"},\"sameAs\":[\"https:\\\/\\\/www.facebook.com\\\/rassegnastampacattolica\",\"https:\\\/\\\/x.com\\\/rassegnastampa9\"]},{\"@type\":\"Person\",\"@id\":\"https:\\\/\\\/www.rassegnastampa-totustuus.it\\\/cattolica\\\/#\\\/schema\\\/person\\\/08f319d2bd1a0904ad9e2bfb7b15e5c3\",\"name\":\"Redazione\",\"image\":{\"@type\":\"ImageObject\",\"inLanguage\":\"it-IT\",\"@id\":\"https:\\\/\\\/secure.gravatar.com\\\/avatar\\\/2fcdf27c78ea025fbdb44e914cc63c72249ffec9dc8aafd5c82b26240ef3f346?s=96&d=mm&r=g\",\"url\":\"https:\\\/\\\/secure.gravatar.com\\\/avatar\\\/2fcdf27c78ea025fbdb44e914cc63c72249ffec9dc8aafd5c82b26240ef3f346?s=96&d=mm&r=g\",\"contentUrl\":\"https:\\\/\\\/secure.gravatar.com\\\/avatar\\\/2fcdf27c78ea025fbdb44e914cc63c72249ffec9dc8aafd5c82b26240ef3f346?s=96&d=mm&r=g\",\"caption\":\"Redazione\"},\"url\":\"https:\\\/\\\/www.rassegnastampa-totustuus.it\\\/cattolica\\\/author\\\/pietroelle\\\/\"}]}<\/script>\n<!-- \/ Yoast SEO plugin. -->","yoast_head_json":{"title":"L\u2019evangelizzazione degli indios nella storia del Brasile - Rassegna Stampa Cattolica","description":"Rassegna Stampa Cattolica - Per una cultura che nasce dalla Rivelazione cristiana in conformit\u00e0 alla tradizione e al Magistero della Chiesa in opposizione ad ogni relativismo e totalitarismo","robots":{"index":"index","follow":"follow","max-snippet":"max-snippet:-1","max-image-preview":"max-image-preview:large","max-video-preview":"max-video-preview:-1"},"canonical":"https:\/\/www.rassegnastampa-totustuus.it\/cattolica\/levangelizzazione-degli-indios-nella-storia-del-brasile\/","og_locale":"it_IT","og_type":"article","og_title":"L\u2019evangelizzazione degli indios nella storia del Brasile - Rassegna Stampa Cattolica","og_description":"Rassegna Stampa Cattolica - Per una cultura che nasce dalla Rivelazione cristiana in conformit\u00e0 alla tradizione e al Magistero della Chiesa in opposizione ad ogni relativismo e totalitarismo","og_url":"https:\/\/www.rassegnastampa-totustuus.it\/cattolica\/levangelizzazione-degli-indios-nella-storia-del-brasile\/","og_site_name":"Rassegna Stampa Cattolica","article_publisher":"https:\/\/www.facebook.com\/rassegnastampacattolica","article_published_time":"2019-07-24T22:00:18+00:00","og_image":[{"width":2892,"height":1920,"url":"https:\/\/www.rassegnastampa-totustuus.it\/cattolica\/wp-content\/uploads\/2019\/07\/missionari_Amazzonia_indios.jpg","type":"image\/jpeg"}],"author":"Redazione","twitter_card":"summary_large_image","twitter_creator":"@rassegnastampa9","twitter_site":"@rassegnastampa9","twitter_misc":{"Scritto da":"Redazione","Tempo di lettura stimato":"15 minuti"},"schema":{"@context":"https:\/\/schema.org","@graph":[{"@type":"Article","@id":"https:\/\/www.rassegnastampa-totustuus.it\/cattolica\/levangelizzazione-degli-indios-nella-storia-del-brasile\/#article","isPartOf":{"@id":"https:\/\/www.rassegnastampa-totustuus.it\/cattolica\/levangelizzazione-degli-indios-nella-storia-del-brasile\/"},"author":{"name":"Redazione","@id":"https:\/\/www.rassegnastampa-totustuus.it\/cattolica\/#\/schema\/person\/08f319d2bd1a0904ad9e2bfb7b15e5c3"},"headline":"L\u2019evangelizzazione degli indios nella storia del Brasile","datePublished":"2019-07-24T22:00:18+00:00","mainEntityOfPage":{"@id":"https:\/\/www.rassegnastampa-totustuus.it\/cattolica\/levangelizzazione-degli-indios-nella-storia-del-brasile\/"},"wordCount":2939,"publisher":{"@id":"https:\/\/www.rassegnastampa-totustuus.it\/cattolica\/#organization"},"image":{"@id":"https:\/\/www.rassegnastampa-totustuus.it\/cattolica\/levangelizzazione-degli-indios-nella-storia-del-brasile\/#primaryimage"},"thumbnailUrl":"https:\/\/www.rassegnastampa-totustuus.it\/cattolica\/wp-content\/uploads\/2019\/07\/missionari_Amazzonia_indios.jpg","keywords":["Brasile","chiesa","indios","missioni"],"articleSection":["Chiesa"],"inLanguage":"it-IT"},{"@type":"WebPage","@id":"https:\/\/www.rassegnastampa-totustuus.it\/cattolica\/levangelizzazione-degli-indios-nella-storia-del-brasile\/","url":"https:\/\/www.rassegnastampa-totustuus.it\/cattolica\/levangelizzazione-degli-indios-nella-storia-del-brasile\/","name":"L\u2019evangelizzazione degli indios nella storia del Brasile - Rassegna Stampa Cattolica","isPartOf":{"@id":"https:\/\/www.rassegnastampa-totustuus.it\/cattolica\/#website"},"primaryImageOfPage":{"@id":"https:\/\/www.rassegnastampa-totustuus.it\/cattolica\/levangelizzazione-degli-indios-nella-storia-del-brasile\/#primaryimage"},"image":{"@id":"https:\/\/www.rassegnastampa-totustuus.it\/cattolica\/levangelizzazione-degli-indios-nella-storia-del-brasile\/#primaryimage"},"thumbnailUrl":"https:\/\/www.rassegnastampa-totustuus.it\/cattolica\/wp-content\/uploads\/2019\/07\/missionari_Amazzonia_indios.jpg","datePublished":"2019-07-24T22:00:18+00:00","description":"Rassegna Stampa Cattolica - Per una cultura che nasce dalla Rivelazione cristiana in conformit\u00e0 alla tradizione e al Magistero della Chiesa in opposizione ad ogni relativismo e totalitarismo","breadcrumb":{"@id":"https:\/\/www.rassegnastampa-totustuus.it\/cattolica\/levangelizzazione-degli-indios-nella-storia-del-brasile\/#breadcrumb"},"inLanguage":"it-IT","potentialAction":[{"@type":"ReadAction","target":["https:\/\/www.rassegnastampa-totustuus.it\/cattolica\/levangelizzazione-degli-indios-nella-storia-del-brasile\/"]}]},{"@type":"ImageObject","inLanguage":"it-IT","@id":"https:\/\/www.rassegnastampa-totustuus.it\/cattolica\/levangelizzazione-degli-indios-nella-storia-del-brasile\/#primaryimage","url":"https:\/\/www.rassegnastampa-totustuus.it\/cattolica\/wp-content\/uploads\/2019\/07\/missionari_Amazzonia_indios.jpg","contentUrl":"https:\/\/www.rassegnastampa-totustuus.it\/cattolica\/wp-content\/uploads\/2019\/07\/missionari_Amazzonia_indios.jpg","width":2892,"height":1920},{"@type":"BreadcrumbList","@id":"https:\/\/www.rassegnastampa-totustuus.it\/cattolica\/levangelizzazione-degli-indios-nella-storia-del-brasile\/#breadcrumb","itemListElement":[{"@type":"ListItem","position":1,"name":"Home","item":"https:\/\/www.rassegnastampa-totustuus.it\/cattolica\/"},{"@type":"ListItem","position":2,"name":"L\u2019evangelizzazione degli indios nella storia del Brasile"}]},{"@type":"WebSite","@id":"https:\/\/www.rassegnastampa-totustuus.it\/cattolica\/#website","url":"https:\/\/www.rassegnastampa-totustuus.it\/cattolica\/","name":"Rassegna Stampa Cattolica","description":"Per una cultura che nasce dalla Rivelazione cristiana in conformit\u00e0 alla tradizione e al Magistero della Chiesa in opposizione ad ogni relativismo e totalitarismo","publisher":{"@id":"https:\/\/www.rassegnastampa-totustuus.it\/cattolica\/#organization"},"alternateName":"Rass. Cattolica","potentialAction":[{"@type":"SearchAction","target":{"@type":"EntryPoint","urlTemplate":"https:\/\/www.rassegnastampa-totustuus.it\/cattolica\/?s={search_term_string}"},"query-input":{"@type":"PropertyValueSpecification","valueRequired":true,"valueName":"search_term_string"}}],"inLanguage":"it-IT"},{"@type":"Organization","@id":"https:\/\/www.rassegnastampa-totustuus.it\/cattolica\/#organization","name":"Rassegna Stampa Cattolica","url":"https:\/\/www.rassegnastampa-totustuus.it\/cattolica\/","logo":{"@type":"ImageObject","inLanguage":"it-IT","@id":"https:\/\/www.rassegnastampa-totustuus.it\/cattolica\/#\/schema\/logo\/image\/","url":"https:\/\/www.rassegnastampa-totustuus.it\/cattolica\/wp-content\/uploads\/2014\/04\/logo-rassegna1.gif","contentUrl":"https:\/\/www.rassegnastampa-totustuus.it\/cattolica\/wp-content\/uploads\/2014\/04\/logo-rassegna1.gif","width":600,"height":163,"caption":"Rassegna Stampa Cattolica"},"image":{"@id":"https:\/\/www.rassegnastampa-totustuus.it\/cattolica\/#\/schema\/logo\/image\/"},"sameAs":["https:\/\/www.facebook.com\/rassegnastampacattolica","https:\/\/x.com\/rassegnastampa9"]},{"@type":"Person","@id":"https:\/\/www.rassegnastampa-totustuus.it\/cattolica\/#\/schema\/person\/08f319d2bd1a0904ad9e2bfb7b15e5c3","name":"Redazione","image":{"@type":"ImageObject","inLanguage":"it-IT","@id":"https:\/\/secure.gravatar.com\/avatar\/2fcdf27c78ea025fbdb44e914cc63c72249ffec9dc8aafd5c82b26240ef3f346?s=96&d=mm&r=g","url":"https:\/\/secure.gravatar.com\/avatar\/2fcdf27c78ea025fbdb44e914cc63c72249ffec9dc8aafd5c82b26240ef3f346?s=96&d=mm&r=g","contentUrl":"https:\/\/secure.gravatar.com\/avatar\/2fcdf27c78ea025fbdb44e914cc63c72249ffec9dc8aafd5c82b26240ef3f346?s=96&d=mm&r=g","caption":"Redazione"},"url":"https:\/\/www.rassegnastampa-totustuus.it\/cattolica\/author\/pietroelle\/"}]}},"_links":{"self":[{"href":"https:\/\/www.rassegnastampa-totustuus.it\/cattolica\/wp-json\/wp\/v2\/posts\/43667","targetHints":{"allow":["GET"]}}],"collection":[{"href":"https:\/\/www.rassegnastampa-totustuus.it\/cattolica\/wp-json\/wp\/v2\/posts"}],"about":[{"href":"https:\/\/www.rassegnastampa-totustuus.it\/cattolica\/wp-json\/wp\/v2\/types\/post"}],"author":[{"embeddable":true,"href":"https:\/\/www.rassegnastampa-totustuus.it\/cattolica\/wp-json\/wp\/v2\/users\/6"}],"replies":[{"embeddable":true,"href":"https:\/\/www.rassegnastampa-totustuus.it\/cattolica\/wp-json\/wp\/v2\/comments?post=43667"}],"version-history":[{"count":2,"href":"https:\/\/www.rassegnastampa-totustuus.it\/cattolica\/wp-json\/wp\/v2\/posts\/43667\/revisions"}],"predecessor-version":[{"id":43681,"href":"https:\/\/www.rassegnastampa-totustuus.it\/cattolica\/wp-json\/wp\/v2\/posts\/43667\/revisions\/43681"}],"wp:featuredmedia":[{"embeddable":true,"href":"https:\/\/www.rassegnastampa-totustuus.it\/cattolica\/wp-json\/wp\/v2\/media\/43668"}],"wp:attachment":[{"href":"https:\/\/www.rassegnastampa-totustuus.it\/cattolica\/wp-json\/wp\/v2\/media?parent=43667"}],"wp:term":[{"taxonomy":"category","embeddable":true,"href":"https:\/\/www.rassegnastampa-totustuus.it\/cattolica\/wp-json\/wp\/v2\/categories?post=43667"},{"taxonomy":"post_tag","embeddable":true,"href":"https:\/\/www.rassegnastampa-totustuus.it\/cattolica\/wp-json\/wp\/v2\/tags?post=43667"}],"curies":[{"name":"wp","href":"https:\/\/api.w.org\/{rel}","templated":true}]}}