{"id":43577,"date":"2019-08-08T00:00:19","date_gmt":"2019-08-07T22:00:19","guid":{"rendered":"http:\/\/www.rassegnastampa-totustuus.it\/cattolica\/?p=43577"},"modified":"2019-08-01T20:42:51","modified_gmt":"2019-08-01T18:42:51","slug":"43577","status":"publish","type":"post","link":"https:\/\/www.rassegnastampa-totustuus.it\/cattolica\/43577\/","title":{"rendered":"Come l\u201989 c\u2019\u00e8 solo Hitler"},"content":{"rendered":"<p style=\"text-align: center;\"><strong><a href=\"https:\/\/www.rassegnastampa-totustuus.it\/cattolica\/wp-content\/uploads\/2019\/07\/Pierre-Chaunu.jpg\"><img loading=\"lazy\" decoding=\"async\" class=\"alignleft wp-image-43580\" src=\"https:\/\/www.rassegnastampa-totustuus.it\/cattolica\/wp-content\/uploads\/2019\/07\/Pierre-Chaunu.jpg\" alt=\"\" width=\"229\" height=\"200\"><\/a>Il Sabato<\/strong> n. 17<\/p>\n<p style=\"text-align: center;\">del 29 Aprile 1989<\/p>\n<p style=\"text-align: justify;\"><em>\u00abStiamo commemorando la rivoluzione della menzogna, del furto e del crimine\u00bb: cos\u00ec Pierre Chaunu liquida il bicentenario. Storico liberale e protestante, da tutti rispettato, ha portato alla luce la realt\u00e0 di un misfatto \u00abche ha scavato un abisso di due milioni di morti\u00bb. Per Chaunu la rivoluzione francese non \u00e8 stata l\u2019avvio ma la negazione della modernit\u00e0. \u00abIn Vandea il capitolo pi\u00f9 orrendo. Fu un genocidio. Nessuna differenza con quanto far\u00e0 Hitler con gli ebrei. Ma Hitler era pi\u00f9 scaltro, e non fece trovare ordini scritti\u00bb. In questa intervista una straordinaria lezione di una storia seppellita dalla falsit\u00e0 e dalla retorica. <\/em><\/p>\n<p style=\"text-align: center;\">di <strong>Antonio Socci<\/strong><\/p>\n<p><!--more--><\/p>\n<p style=\"text-align: justify;\">UN\u2019AULA della Sorbona, a Parigi. Fuori un tiepido gennaio. Dentro comincia la prima lezione dell\u2019anno 1989. Sulla cattedra \u00e8 il professor Pierre Chaunu, una delle autorit\u00e0 per la storia moderna, membro dell\u2019Institut de France, con una sessantina di titoli al suo attivo. Esordisce in tono sarcastico: \u00abDunque questa \u00e8 la prima lezione dell\u2019anno: voi sapete che cadono nell\u201989 una quantit\u00e0 di anniversari importanti\u00bb.<\/p>\n<p style=\"text-align: justify;\"><a href=\"https:\/\/www.rassegnastampa-totustuus.it\/cattolica\/wp-content\/uploads\/2016\/01\/Rivoluzione_francese.jpg\"><img loading=\"lazy\" decoding=\"async\" class=\"alignright wp-image-29233\" src=\"https:\/\/www.rassegnastampa-totustuus.it\/cattolica\/wp-content\/uploads\/2016\/01\/Rivoluzione_francese.jpg\" alt=\"\" width=\"248\" height=\"200\"><\/a>E snocciola una sfilza di eventi storici, scientifici, economici, ma neanche una parola sulla Grande Commemorazione, quella che infiamma la Francia da otto anni: \u00abHo dimenticato qualcosa?\u00bb chiede beffardo il professor Chaunu, \u00abno, non mi sembra ci sia altro di importante da ricordare\u00bb.<\/p>\n<p style=\"text-align: justify;\">E\u2019 stato il Grande Guastafeste del bicentenario della Rivoluzione. Brillante, corrosivo, preparatissimo, ha appena dato alle stampe un libro di fuoco<em>, La r\u00e8volution declass\u00e8e<\/em>, dove fa a pezzi il mito della Rivoluzione dell\u201989 e soprattutto il conformismo degli intellettuali di corte e la retorica di regime di questo bicentenario. I suoi stessi avversari non osano contestarlo: persino Marx Gallo, <em>obtorto collo<\/em>, lo ha definito un \u00abottimo storico\u00bb. Ed \u00e8 praticamente invulnerabile, non essendo n\u00e9 cattolici, n\u00e9 reazionario (\u00e8 infatti protestante e liberale).<\/p>\n<div id=\"attachment_28103\" style=\"width: 200px\" class=\"wp-caption alignleft\"><a href=\"https:\/\/www.rassegnastampa-totustuus.it\/cattolica\/wp-content\/uploads\/2005\/07\/Edmund-Burke.jpg\"><img loading=\"lazy\" decoding=\"async\" aria-describedby=\"caption-attachment-28103\" class=\"wp-image-28103\" src=\"https:\/\/www.rassegnastampa-totustuus.it\/cattolica\/wp-content\/uploads\/2005\/07\/Edmund-Burke.jpg\" alt=\"\" width=\"200\" height=\"200\" srcset=\"https:\/\/www.rassegnastampa-totustuus.it\/cattolica\/wp-content\/uploads\/2005\/07\/Edmund-Burke.jpg 225w, https:\/\/www.rassegnastampa-totustuus.it\/cattolica\/wp-content\/uploads\/2005\/07\/Edmund-Burke-150x150.jpg 150w\" sizes=\"auto, (max-width: 200px) 100vw, 200px\" \/><\/a><p id=\"caption-attachment-28103\" class=\"wp-caption-text\">Edmund Burke<\/p><\/div>\n<p style=\"text-align: justify;\">C\u2019\u00e8 una lunga tradizione liberale di critica aspra alla Rivoluzione, che comincia addirittura a fine Settecento con l\u2019inglese Edmund Burke. Ma Chaunu si \u00e8 spinto oltre. Ha guidato le ricerche di alcuni giovani e brillanti storici francesi fra documenti e dossier finora rimossi dalla storiografia ufficiale, e ne sono venuti fuori libri esplosivi, sconvolgenti, come quelli di Reynard Secher sul genocidio della Vandea. Incontriamo Chaunu nella sua casa di Caen.<\/p>\n<p style=\"text-align: justify;\"><strong>Professore, il suo libro \u00e8 uscito in Francia a marzo, gi\u00e0 da alcuni anni lei si \u00e8 ribellato al coro degli intellettuali e alle ingiunzioni del potere politico, contestandola legittimit\u00e0 di queste celebrazioni. Perch\u00e9? <\/strong><\/p>\n<p style=\"text-align: justify;\">E\u2019 una mascherata indecente, un\u2019operazione politica che sfrutta le stupidaggini che la scuola di Stato insegna sulla Rivoluzione. Pensi alle <em>b\u00eatises<\/em> del ministro della Cultura Lang: \u00abL\u201989 segna il passaggio dalle tenebre alla luce\u00bb. Ma quale luce? Stiamo commemorando la rivoluzione della menzogna, del furto e del crimine. Ma trovo scioccante soprattutto che, alle soglie dl \u201992, anche tutto il resto d\u2019Europa festeggi un periodo dove noi ci siamo comportati da aggressori verso tutti i nostri vicini, saccheggiando mezza Europa e provocando milioni di morti. Cosa c\u2019\u00e8 da festeggiare? Eppure qua in Francia ogni giorno una celebrazione, il 3 aprile, il 5, il 10. E\u2019 grottesco.<\/p>\n<p style=\"text-align: justify;\"><strong>Ma \u00e8 stato comunque un evento che ha cambiato la storia. <\/strong><\/p>\n<p style=\"text-align: justify;\"><a href=\"https:\/\/www.rassegnastampa-totustuus.it\/cattolica\/wp-content\/uploads\/2019\/05\/rivoluzione_francese-4.jpg\"><img loading=\"lazy\" decoding=\"async\" class=\"alignright wp-image-43055\" src=\"https:\/\/www.rassegnastampa-totustuus.it\/cattolica\/wp-content\/uploads\/2019\/05\/rivoluzione_francese-4.jpg\" alt=\"\" width=\"149\" height=\"200\"><\/a>Certo, come la peste nera del 1348, ma nessuno la festeggia. Ad un giornalista tedesco ho chiesto: perch\u00e9 voi tedeschi non festeggiate la nascita di Hitler? Quello \u00e8 sobbalzato sulla sedia. Ma non \u00e8 forse la stessa cosa?<\/p>\n<p style=\"text-align: justify;\"><strong>Dica la verit\u00e0, lei \u00e8 diventato reazionario. Ce l\u2019ha con la modernit\u00e0? <\/strong><\/p>\n<p style=\"text-align: justify;\">Io sono un liberale, con una certa simpatia per l\u2019illuminismo tedesco e inglese. Ma proprio questa \u00e8 la grande menzogna che pare impossibile poter estirpare: tu sei contro la Rivoluzione, dunque tu sei contro la modernit\u00e0, sei per la lampada a petrolio e per la carrozza a cavalli. Al contrario. Io sono contro la Rivoluzione francese proprio perch\u00e9 sono per la modernit\u00e0, per la penicillina, per il vaccino contro il vaiolo. Perch\u00e9 non festeggiamo Jenner che con la sua scoperta, dal \u2018700 a oggi, ha salvato pi\u00f9 di un miliardo di vite umane? Questo \u00e8 il progresso. La Rivoluzione ha semmai bloccato il cammino verso la modernit\u00e0; ha distrutto in pochi anni gran parte di ci\u00f2 che era stato fatto in mille anni. E la Francia, che fino al 1788 era al primo posto in Europa, dalla Rivoluzione non si \u00e8 pi\u00f9 sollevata.<\/p>\n<p style=\"text-align: justify;\"><strong>Ma lei lo pu\u00f2 dimostrare? <\/strong><\/p>\n<p style=\"text-align: justify;\"><a href=\"https:\/\/www.rassegnastampa-totustuus.it\/cattolica\/wp-content\/uploads\/2019\/05\/rivoluzione_francese-5.jpg\"><img loading=\"lazy\" decoding=\"async\" class=\"alignleft wp-image-43056\" src=\"https:\/\/www.rassegnastampa-totustuus.it\/cattolica\/wp-content\/uploads\/2019\/05\/rivoluzione_francese-5.jpg\" alt=\"\" width=\"250\" height=\"177\"><\/a>Guardi, circa trent\u2019anni fa ho contribuito a fondare la storia economica quantitativa, e oggi, con i modelli econometrici, chiunque pu\u00f2 arrivare a queste conclusioni. Sono fatti e cifre. Tutte le curve di crescita del mio Paese si bloccano alla Rivoluzione. Era un Paese di 28 milioni di abitanti, il pi\u00f9 sviluppato, creativo, evoluto, con un <em>trend<\/em> da primato: la Rivoluzione, insieme alle devastazioni sull\u2019apparato produttivo, ha scavato un abisso di due milioni di morti, un crollo di generazioni che ha accompagnato il crollo economico. Nella produzione media procapite, Francia e Inghilterra, i due Pesi pi\u00f9 sviluppati del mondo, avevano rispettivamente, nel 1780, un indice 110 e 100. Ebbene nel 1815 la Francia era precipitata a 60, contro 100 dell\u2019Inghilterra, che da allora non ha avuto pi\u00f9 concorrenti. E\u2019 stato il prezzo della Rivoluzione.<\/p>\n<p style=\"text-align: justify;\"><strong>Ce ne spieghi almeno un morivo. <\/strong><\/p>\n<p style=\"text-align: justify;\">Attorno al \u201993 \u2013 e per un decennio \u2013 la Francia ha cominciato a vivere al 78 per cento del prelievo sul capitale e per il 22 per cento sulle tasse e le rendite, che non venivano reinvestite, ma consumate, bruciate e rubate per arricchire la Nomenklatura. E\u2019 stata una dilapidazione spaventosa, un impoverimento storico. Quando Chateaubriand \u00e8 tornato in Francia, nel 1800, ha avuto una intuizione fulminante: \u00abE\u2019 strano: da quando sono partito non hanno pi\u00f9 pitturato persiane e porte\u00bb. Quando le finestre sono sverniciate e le latrine non funzionano pu\u00f2 star certo che c\u2019\u00e8 stata una rivoluzione.<\/p>\n<p style=\"text-align: justify;\"><strong>Ma comunque la Rivoluzione ha spalancato il pensiero umano <\/strong><\/p>\n<p style=\"text-align: justify;\"><a href=\"https:\/\/www.rassegnastampa-totustuus.it\/cattolica\/wp-content\/uploads\/2019\/05\/rivoluzione_francese-3.jpg\"><img loading=\"lazy\" decoding=\"async\" class=\"alignright wp-image-43054\" src=\"https:\/\/www.rassegnastampa-totustuus.it\/cattolica\/wp-content\/uploads\/2019\/05\/rivoluzione_francese-3.jpg\" alt=\"\" width=\"203\" height=\"230\"><\/a>Oh, santo cielo! Ma \u00e8 stata una colossale distruzione di intelligenza, di ricchezze. Se lei taglia la testa a Lavoisier, il fondatore della chimica moderna, a 37 anni, il costo per l\u2019umanit\u00e0 \u00e8 enorme. Moltiplichi quel caso per cento. Come fin\u00ec tutta l\u2019\u00e9lite scientifica e intellettuale? Quelli che non sono emigrati sono stati massacrati. Una perdita gigantesca. Sarebbe questa la conquista della civilt\u00e0? Il 43 per cento dei francesi, nel 1788, sapeva firmare, sapeva scrivere. Dopo la Rivoluzione si crolla al 39 per cento, perch\u00e9 si erano sottratti i beni alla Chiesa (che per secoli aveva educato il popolo) e si erano distribuiti alla Nomenklatura. E le chiese trasformate in porcili e i tesori d\u2019arte devastati.<\/p>\n<p style=\"text-align: justify;\"><strong>E\u2019 vero: fecero a pezzi le statue di Notre Dame, distrussero Cluny, e quasi tutte le chiese romaniche e gotiche\u2026 <\/strong><\/p>\n<p style=\"text-align: justify;\">Le ripeto: furto, menzogna e crimine, questa \u00e8 la vera trilogia della Rivoluzione, che ha messo a ferro e fuoco l\u2019Europa. I francesi sono persuasi che la democrazia sia nata nell\u201989 e che l\u2019umanit\u00e0 abbia imitato loro. E\u2019 pazzesco! In realt\u00e0 la sola rivoluzione da festeggiare sarebbe quella inglese del 1668: da l\u00ec \u00e8 venuto il sistema rappresentativo e il governo parlamentare, lo Stato liberale che tutta Europa ha imitato.<\/p>\n<p style=\"text-align: justify;\"><strong>Ma qualcosa di buono ci sar\u00e0 pur stato: per esempio la Dichiarazione dei diritti dell\u2019uomo e del cittadino. <\/strong><\/p>\n<p style=\"text-align: justify;\">Quella fu l\u2019inganno pi\u00f9 perverso. Le sue Costituzioni pi\u00f9 democratiche che siano mai state fatte sono quella sovietica di Stalin del 1936 e quella dei ghigliottinatori francesi del 1793. I loro frutti furono orrendi. Al contrario, il Paese che ha fondato la libert\u00e0, l\u2019Inghilterra, non ha mai avuto Costituzioni. Delle dichiarazioni io me ne infischio! E d\u2019altra parte libert\u00e0, fraternit\u00e0 e uguaglianza non esistono che davanti a Dio. Le <a href=\"https:\/\/www.rassegnastampa-totustuus.it\/cattolica\/wp-content\/uploads\/2019\/05\/dichiarazione_diritti_-rivol_francese.jpg\"><img loading=\"lazy\" decoding=\"async\" class=\"alignleft wp-image-43045\" src=\"https:\/\/www.rassegnastampa-totustuus.it\/cattolica\/wp-content\/uploads\/2019\/05\/dichiarazione_diritti_-rivol_francese.jpg\" alt=\"\" width=\"183\" height=\"230\"><\/a>dir\u00f2 che il miglior giudizio sulla Dichiarazione dei diritti dell\u2019uomo lo formul\u00f2 Fustelle de Coulange, il pi\u00f9 grande storico francese del\u2019800 e mio predecessore all\u2019Accademia di scienze morali e politiche. Egli disse: questi principi hanno mille anni, semmai la Dichiarazione li formula in modo un po\u2019 astratto. Ma una cosa nuova c\u2019\u00e8: hanno spacciato dei principi antichi per una scoperta loro e l\u2019hanno usata come un\u2019arma contro il passato. Questo \u00e8 perverso.<\/p>\n<p style=\"text-align: justify;\"><strong>La conseguenza politica della Filosofia dei lumi, no? <\/strong><\/p>\n<p style=\"text-align: justify;\">No. L\u2019Illuminismo c\u2019\u00e8 stato in tutta Europa. Kant non era certo da meno di Voltaire. Ma la rivoluzione c\u2019\u00e8 stata solo qui da noi. Non si pu\u00f2 certo credere che i francesi fossero gli unici a pensare, in Europa. Dunque non c\u2019\u00e8 un nesso storico. E\u2019 una menzogna anche parlare di fatalit\u00e0 storica, inevitabile. La persecuzione contro la Chiesa e il progetto di sradicare il cristianesimo dalla Francia ebbe come sua prima causa degli interessi finanziari, non questioni metafisiche.<\/p>\n<p style=\"text-align: justify;\"><strong>Ci spieghi, professore. <\/strong><\/p>\n<p style=\"text-align: justify;\">Nel XVII secolo tutti gli Stati europei hanno istituzioni rappresentative. La Francia, per\u00f2, a poco a poco, le lasci\u00f2 cadere i desuetudine. Per questo divenne una sorta di paradiso fiscale, perch\u00e9 \u2013 \u00e8 noto \u2013 non si possono aumentare le imposte senza istituzioni rappresentative. Un esempio: la pressione fiscale fra il 1670 e il 1780 in Francia rimane ad un indice 100, mentre in Inghilterra sale da 70 a 200, in proporzione. La Francia si trova cos\u00ec ad avere uno Stato moderno, un moderno esercito, 450mila uomini, una potenza di prim\u2019ordine, ma con risorse finanziarie vicino alla bancarotta perch\u00e9 per poterle mantenere come l\u2019Inghilterra dovrebbe aumentare le tasse del 100 per cento.<\/p>\n<p style=\"text-align: justify;\"><strong>Dunque viene chiamata ad affrontare la questione della rappresentanza del popolo, gli Stati generali. <\/strong><\/p>\n<p style=\"text-align: justify;\"><a href=\"https:\/\/www.rassegnastampa-totustuus.it\/cattolica\/wp-content\/uploads\/2018\/10\/stati_generali_Francia.jpg\"><img loading=\"lazy\" decoding=\"async\" class=\"alignright wp-image-41292\" src=\"https:\/\/www.rassegnastampa-totustuus.it\/cattolica\/wp-content\/uploads\/2018\/10\/stati_generali_Francia.jpg\" alt=\"\" width=\"164\" height=\"230\"><\/a>Si, i rappresentanti eletti per\u00f2 sono la pi\u00f9 colossale assemblea di dementi che la storia abbia mai visto. Irresponsabili. Sfrenati solo nelle pretese, perch\u00e9 nessuno voleva farsi carico dei sacrifici (basti pensare che fra i deputati del Terzo stato c\u2019erano un banchiere, 30 imprenditori e 622 avvocati senza causa) Non capiscono nulla di economia, hanno chiaro solo che a pagare devono essere gli altri. Cos\u00ec cominciano a vedere cosa possono confiscare: prima sopprimano la decima alla Chiesa, che nessuno nel popolo chiedeva di sopprimere perch\u00e9 significava sopprimere i finanziamenti per le scuole e gli ospedali. Si confiscano i beni del clero donati alla Chiesa nel corso dei secoli, che ammontavano per\u00f2 solo al 7-8 per cento delle terre. Si comincia a diffondere l\u2019idea che la Chiesa nasconda i suoi tesori, si confiscarono i beni delle Abazie.<\/p>\n<p style=\"text-align: justify;\"><strong>E l\u2019operazione si d\u00e0 pure una maschera ideologica. <\/strong><\/p>\n<p style=\"text-align: justify;\">Certo. Si impone la Costituzione civile del clero, perch\u00e9 senza modificare e manomettere la struttura della Chiesa non avrebbero potuto rubare. I beni della Chiesa, che da secoli mantenevano scuole e ospedali, vengono accaparrati da una masnada di 80mila famiglie di ladri, nobili e borghesi, destra e sinistra: \u00e8 per questo che tuttora la Rivoluzione in Francia \u00e8 intoccabile! Perch\u00e9 fu una Grande Ruberia a vantaggio della classe dirigente. Ul furto ha bisogno della menzogna e della persecuzione perch\u00e9 non era facile imporre ai preti e al popolo il soppruso. Per questo si impose il giuramento ai preti e chi non giur\u00f2 fu massacrato. La Rivoluzione \u00e8 stata una guerra di religione.<\/p>\n<p style=\"text-align: justify;\"><strong>E in Vandea cosa \u00e8 accaduto? <\/strong><\/p>\n<p style=\"text-align: justify;\"><a href=\"https:\/\/www.rassegnastampa-totustuus.it\/cattolica\/wp-content\/uploads\/2010\/08\/vandea.jpg\"><img loading=\"lazy\" decoding=\"async\" class=\"alignleft wp-image-21236\" src=\"https:\/\/www.rassegnastampa-totustuus.it\/cattolica\/wp-content\/uploads\/2010\/08\/vandea.jpg\" alt=\"\" width=\"250\" height=\"175\"><\/a>Il popolo si ribell\u00f2 per difendere la sua fede. Il Direttorio voleva imporre la coscrizione militare obbligatoria (\u00e8 una loro invenzione perch\u00e9 fino ad allora solo i nobili andavano a fare la guerra e per il tributo di sangue erano esonerati dalle tasse). Nello stesso giorno chiudono tutte le loro chiese. I contadini vandeani si sono ribellati: allora tanto vale morire per difendere la nostra libert\u00e0. Hanno imposto ai nobili, assai refrattari, di mettersi al comando dell\u2019esercito cattolico di vandea e sono andati al massacro, perch\u00e9 sproporzionata era la loro preparazione al confronto di quella dell\u2019esercito di Cl\u00e9bert. Cos\u00ec la Vandea \u00e8 stata schiacciata senza&nbsp; piet\u00e0. Ma vorrei ricordare che sotto le insegne del Sacro Cuore combatterono anche dei battaglioni dei paesi protestanti della Vandea. Cattolici, protestanti ed ebrei affrontarono insieme la ghigliottina, per esempio a Montpellier, per difendere la libert\u00e0.<\/p>\n<p style=\"text-align: justify;\"><strong>Ma in Vandea non finisce cos\u00ec <\/strong><\/p>\n<p style=\"text-align: justify;\"><a href=\"https:\/\/www.rassegnastampa-totustuus.it\/cattolica\/wp-content\/uploads\/2016\/01\/Vandea1.jpg\"><img loading=\"lazy\" decoding=\"async\" class=\"alignright wp-image-29468\" src=\"https:\/\/www.rassegnastampa-totustuus.it\/cattolica\/wp-content\/uploads\/2016\/01\/Vandea1.jpg\" alt=\"\" width=\"244\" height=\"200\"><\/a>Questo \u00e8 il capitolo pi\u00f9 orrendo. Nel dicembre 1793 il governo rivoluzionario d\u00e0 ordine di sterminare la popolazione&nbsp; delle 778 parrocchie: \u00abBisogna massacrare le donne perch\u00e9 non riproducano e i bambini perch\u00e9 sarebbero i futuri briganti\u00bb. Questo scrissero. Firmato da ministro della Guerra del tempo, Lazare Carnot. Il generale Cl\u00e9bert si \u00e8 rifiutato di eseguire quell\u2019ordine: \u00abma per chi mi prendete? Io sono un soldato non un macellaio\u00bb. Allora hanno mandato Turreau, un cretino, alcolizzato, con un\u2019armata di vigliacchi.<\/p>\n<p style=\"text-align: justify;\"><strong>Fu il massacro? <\/strong><\/p>\n<p style=\"text-align: justify;\">Nove mesi dopo il generale Hoche, nominato comandante, arriv\u00f2 in Vandea. Rest\u00f2 inorridito. Scrisse una lettera memorabile al governo della Convenzione: \u00abNon ho mai visto nulla di cos\u00ec atroce. Avete disonorato la Repubblica! Avete disonorato la Rivoluzione! Io porto alla vostra conoscenza che a partire da oggi far\u00f2 fucilare tutti quelli che obbediranno ai vostri ordini\u2026\u00bb. Cosa aveva visto? Duecentocinquantamila massacrati su una popolazione di 600mila abitanti, paesi e citt\u00e0 rase al suolo e bruciate, donne e bambini orrendamente straziati. A Evreux e a Les Mains si ghigliottinavano a decine colpevoli solo di essere nati a Fontaine au Campte. Questo fu il genocidio vandeano. E\u2019 questo che festeggiamo?<\/p>\n<p style=\"text-align: justify;\"><strong>Fece scandalo, nel 1983, quando lei, per la prima volta, us\u00f2 la parola genocidio, imputando la Rivoluzione. Perch\u00e9? <\/strong><\/p>\n<p style=\"text-align: justify;\"><a href=\"https:\/\/www.rassegnastampa-totustuus.it\/cattolica\/wp-content\/uploads\/2016\/01\/Vandea.jpg\"><img loading=\"lazy\" decoding=\"async\" class=\"size-full wp-image-29230 alignleft\" src=\"https:\/\/www.rassegnastampa-totustuus.it\/cattolica\/wp-content\/uploads\/2016\/01\/Vandea.jpg\" alt=\"\" width=\"240\" height=\"192\"><\/a>I fatti parlano. Nessuno ha saputo negarli. E nulla pu\u00f2 giustificare un simile orrore. Ma prima di me, nel 1894, fu un rivoluzionario socialista, Babeuf, che denunci\u00f2 \u00abil popolicidio della Vandea\u00bb (in un libro introvabile che noi abbiamo fatto ristampare). Non c\u2019\u00e8 differenza alcuna tra ci\u00f2 che ha fatto il governo rivoluzionario in Vandea e ci\u00f2 che ha fatto Hitler. Anzi una c\u2019\u00e8. Hitler era scaltro e non dette mai per scritto l\u2019ordine di eliminazione degli ebrei. Questi dell\u201989, oltrech\u00e9 assassini, erano anche stupidi e dettero l\u2019ordine per scritto e lo pubblicarono perfino su <em>Le Moniteur<\/em>.<\/p>\n<p style=\"text-align: justify;\"><strong>Certe persecuzioni hanno rinsaldato la fede del popolo. Ma questa francese sembra aver cancellato la cristianit\u00e0. <\/strong><\/p>\n<p style=\"text-align: justify;\">Si, \u00e8 cos\u00ec. Per 15 anni fu resa impossibile la trasmissione della fede. Un\u2019intera generazione. Pensi che Michelet fu battezzato a 20 anni e Victor Hugo non ha mai saputo se era battezzato o no. Le chiese chiuse. I preti uccisi o costretti a spretarsi e sposarsi o deportati o esiliati. Francamente io non capisco come oggi i cattolici possano inneggiare alla Rivoluzione. Altra cosa \u00e8 il perdono e altra solidarizzare con i carnefici, rinnegando le vittime e i martiri. Penso che la Chiesa tema, parlando male della Rivoluzione, di sembrare antimoderna, di opporsi alla modernit\u00e0. Io credo che sia il contrario. E sono orgoglioso che sia stato un Paese protestante come l\u2019Inghilterra a dare asilo ai preti cattolici perseguitati. Infatti non c\u2019\u00e8 libert\u00e0 pi\u00f9 fondamentale della libert\u00e0 religiosa.<\/p>\n","protected":false},"excerpt":{"rendered":"<p>Il Sabato n. 17 del 29 Aprile 1989 \u00abStiamo commemorando la rivoluzione della menzogna, del furto e del crimine\u00bb: cos\u00ec Pierre Chaunu liquida il bicentenario. Storico liberale e protestante, da tutti rispettato, ha portato alla luce la realt\u00e0 di un misfatto \u00abche ha scavato un abisso di due milioni di morti\u00bb. Per Chaunu la rivoluzione &hellip; <\/p>\n<p><a class=\"more-link btn\" href=\"https:\/\/www.rassegnastampa-totustuus.it\/cattolica\/43577\/\">Continua a leggere<\/a><\/p>\n","protected":false},"author":6,"featured_media":43578,"comment_status":"closed","ping_status":"closed","sticky":false,"template":"","format":"standard","meta":{"footnotes":""},"categories":[37,24],"tags":[457,162],"class_list":["post-43577","post","type-post","status-publish","format-standard","has-post-thumbnail","hentry","category-rivoluzione-francese","category-storia","tag-rivoluzione-francese-2","tag-storia-2","item-wrap"],"yoast_head":"<!-- This site is optimized with the Yoast SEO plugin v27.5 - https:\/\/yoast.com\/product\/yoast-seo-wordpress\/ -->\n<title>Come l\u201989 c\u2019\u00e8 solo Hitler - Rassegna Stampa Cattolica<\/title>\n<meta name=\"description\" content=\"Rassegna Stampa Cattolica - Per una cultura che nasce dalla Rivelazione cristiana in conformit\u00e0 alla tradizione e al Magistero della Chiesa in opposizione ad ogni relativismo e totalitarismo\" \/>\n<meta name=\"robots\" content=\"index, follow, max-snippet:-1, max-image-preview:large, max-video-preview:-1\" \/>\n<link rel=\"canonical\" href=\"https:\/\/www.rassegnastampa-totustuus.it\/cattolica\/43577\/\" \/>\n<meta property=\"og:locale\" content=\"it_IT\" \/>\n<meta property=\"og:type\" content=\"article\" \/>\n<meta property=\"og:title\" content=\"Come l\u201989 c\u2019\u00e8 solo Hitler - Rassegna Stampa Cattolica\" \/>\n<meta property=\"og:description\" content=\"Rassegna Stampa Cattolica - Per una cultura che nasce dalla Rivelazione cristiana in conformit\u00e0 alla tradizione e al Magistero della Chiesa in opposizione ad ogni relativismo e totalitarismo\" \/>\n<meta property=\"og:url\" content=\"https:\/\/www.rassegnastampa-totustuus.it\/cattolica\/43577\/\" \/>\n<meta property=\"og:site_name\" content=\"Rassegna Stampa Cattolica\" \/>\n<meta property=\"article:publisher\" content=\"https:\/\/www.facebook.com\/rassegnastampacattolica\" \/>\n<meta property=\"article:published_time\" content=\"2019-08-07T22:00:19+00:00\" \/>\n<meta property=\"og:image\" content=\"https:\/\/www.rassegnastampa-totustuus.it\/cattolica\/wp-content\/uploads\/2019\/07\/bicentenario_rivoluzione_francese.jpg\" \/>\n\t<meta property=\"og:image:width\" content=\"1280\" \/>\n\t<meta property=\"og:image:height\" content=\"692\" \/>\n\t<meta property=\"og:image:type\" content=\"image\/jpeg\" \/>\n<meta name=\"author\" content=\"Redazione\" \/>\n<meta name=\"twitter:card\" content=\"summary_large_image\" \/>\n<meta name=\"twitter:creator\" content=\"@rassegnastampa9\" \/>\n<meta name=\"twitter:site\" content=\"@rassegnastampa9\" \/>\n<meta name=\"twitter:label1\" content=\"Scritto da\" \/>\n\t<meta name=\"twitter:data1\" content=\"Redazione\" \/>\n\t<meta name=\"twitter:label2\" content=\"Tempo di lettura stimato\" \/>\n\t<meta name=\"twitter:data2\" content=\"12 minuti\" \/>\n<script type=\"application\/ld+json\" class=\"yoast-schema-graph\">{\"@context\":\"https:\\\/\\\/schema.org\",\"@graph\":[{\"@type\":\"Article\",\"@id\":\"https:\\\/\\\/www.rassegnastampa-totustuus.it\\\/cattolica\\\/43577\\\/#article\",\"isPartOf\":{\"@id\":\"https:\\\/\\\/www.rassegnastampa-totustuus.it\\\/cattolica\\\/43577\\\/\"},\"author\":{\"name\":\"Redazione\",\"@id\":\"https:\\\/\\\/www.rassegnastampa-totustuus.it\\\/cattolica\\\/#\\\/schema\\\/person\\\/08f319d2bd1a0904ad9e2bfb7b15e5c3\"},\"headline\":\"Come l\u201989 c\u2019\u00e8 solo Hitler\",\"datePublished\":\"2019-08-07T22:00:19+00:00\",\"mainEntityOfPage\":{\"@id\":\"https:\\\/\\\/www.rassegnastampa-totustuus.it\\\/cattolica\\\/43577\\\/\"},\"wordCount\":2387,\"publisher\":{\"@id\":\"https:\\\/\\\/www.rassegnastampa-totustuus.it\\\/cattolica\\\/#organization\"},\"image\":{\"@id\":\"https:\\\/\\\/www.rassegnastampa-totustuus.it\\\/cattolica\\\/43577\\\/#primaryimage\"},\"thumbnailUrl\":\"https:\\\/\\\/www.rassegnastampa-totustuus.it\\\/cattolica\\\/wp-content\\\/uploads\\\/2019\\\/07\\\/bicentenario_rivoluzione_francese.jpg\",\"keywords\":[\"Rivoluzione Francese\",\"storia\"],\"articleSection\":[\"Rivoluzione francese\",\"Storia\"],\"inLanguage\":\"it-IT\"},{\"@type\":\"WebPage\",\"@id\":\"https:\\\/\\\/www.rassegnastampa-totustuus.it\\\/cattolica\\\/43577\\\/\",\"url\":\"https:\\\/\\\/www.rassegnastampa-totustuus.it\\\/cattolica\\\/43577\\\/\",\"name\":\"Come l\u201989 c\u2019\u00e8 solo Hitler - Rassegna Stampa Cattolica\",\"isPartOf\":{\"@id\":\"https:\\\/\\\/www.rassegnastampa-totustuus.it\\\/cattolica\\\/#website\"},\"primaryImageOfPage\":{\"@id\":\"https:\\\/\\\/www.rassegnastampa-totustuus.it\\\/cattolica\\\/43577\\\/#primaryimage\"},\"image\":{\"@id\":\"https:\\\/\\\/www.rassegnastampa-totustuus.it\\\/cattolica\\\/43577\\\/#primaryimage\"},\"thumbnailUrl\":\"https:\\\/\\\/www.rassegnastampa-totustuus.it\\\/cattolica\\\/wp-content\\\/uploads\\\/2019\\\/07\\\/bicentenario_rivoluzione_francese.jpg\",\"datePublished\":\"2019-08-07T22:00:19+00:00\",\"description\":\"Rassegna Stampa Cattolica - Per una cultura che nasce dalla Rivelazione cristiana in conformit\u00e0 alla tradizione e al Magistero della Chiesa in opposizione ad ogni relativismo e totalitarismo\",\"breadcrumb\":{\"@id\":\"https:\\\/\\\/www.rassegnastampa-totustuus.it\\\/cattolica\\\/43577\\\/#breadcrumb\"},\"inLanguage\":\"it-IT\",\"potentialAction\":[{\"@type\":\"ReadAction\",\"target\":[\"https:\\\/\\\/www.rassegnastampa-totustuus.it\\\/cattolica\\\/43577\\\/\"]}]},{\"@type\":\"ImageObject\",\"inLanguage\":\"it-IT\",\"@id\":\"https:\\\/\\\/www.rassegnastampa-totustuus.it\\\/cattolica\\\/43577\\\/#primaryimage\",\"url\":\"https:\\\/\\\/www.rassegnastampa-totustuus.it\\\/cattolica\\\/wp-content\\\/uploads\\\/2019\\\/07\\\/bicentenario_rivoluzione_francese.jpg\",\"contentUrl\":\"https:\\\/\\\/www.rassegnastampa-totustuus.it\\\/cattolica\\\/wp-content\\\/uploads\\\/2019\\\/07\\\/bicentenario_rivoluzione_francese.jpg\",\"width\":1280,\"height\":692},{\"@type\":\"BreadcrumbList\",\"@id\":\"https:\\\/\\\/www.rassegnastampa-totustuus.it\\\/cattolica\\\/43577\\\/#breadcrumb\",\"itemListElement\":[{\"@type\":\"ListItem\",\"position\":1,\"name\":\"Home\",\"item\":\"https:\\\/\\\/www.rassegnastampa-totustuus.it\\\/cattolica\\\/\"},{\"@type\":\"ListItem\",\"position\":2,\"name\":\"Come l\u201989 c\u2019\u00e8 solo Hitler\"}]},{\"@type\":\"WebSite\",\"@id\":\"https:\\\/\\\/www.rassegnastampa-totustuus.it\\\/cattolica\\\/#website\",\"url\":\"https:\\\/\\\/www.rassegnastampa-totustuus.it\\\/cattolica\\\/\",\"name\":\"Rassegna Stampa Cattolica\",\"description\":\"Per una cultura che nasce dalla Rivelazione cristiana in conformit\u00e0 alla tradizione e al Magistero della Chiesa in opposizione ad ogni relativismo e totalitarismo\",\"publisher\":{\"@id\":\"https:\\\/\\\/www.rassegnastampa-totustuus.it\\\/cattolica\\\/#organization\"},\"alternateName\":\"Rass. Cattolica\",\"potentialAction\":[{\"@type\":\"SearchAction\",\"target\":{\"@type\":\"EntryPoint\",\"urlTemplate\":\"https:\\\/\\\/www.rassegnastampa-totustuus.it\\\/cattolica\\\/?s={search_term_string}\"},\"query-input\":{\"@type\":\"PropertyValueSpecification\",\"valueRequired\":true,\"valueName\":\"search_term_string\"}}],\"inLanguage\":\"it-IT\"},{\"@type\":\"Organization\",\"@id\":\"https:\\\/\\\/www.rassegnastampa-totustuus.it\\\/cattolica\\\/#organization\",\"name\":\"Rassegna Stampa Cattolica\",\"url\":\"https:\\\/\\\/www.rassegnastampa-totustuus.it\\\/cattolica\\\/\",\"logo\":{\"@type\":\"ImageObject\",\"inLanguage\":\"it-IT\",\"@id\":\"https:\\\/\\\/www.rassegnastampa-totustuus.it\\\/cattolica\\\/#\\\/schema\\\/logo\\\/image\\\/\",\"url\":\"https:\\\/\\\/www.rassegnastampa-totustuus.it\\\/cattolica\\\/wp-content\\\/uploads\\\/2014\\\/04\\\/logo-rassegna1.gif\",\"contentUrl\":\"https:\\\/\\\/www.rassegnastampa-totustuus.it\\\/cattolica\\\/wp-content\\\/uploads\\\/2014\\\/04\\\/logo-rassegna1.gif\",\"width\":600,\"height\":163,\"caption\":\"Rassegna Stampa Cattolica\"},\"image\":{\"@id\":\"https:\\\/\\\/www.rassegnastampa-totustuus.it\\\/cattolica\\\/#\\\/schema\\\/logo\\\/image\\\/\"},\"sameAs\":[\"https:\\\/\\\/www.facebook.com\\\/rassegnastampacattolica\",\"https:\\\/\\\/x.com\\\/rassegnastampa9\"]},{\"@type\":\"Person\",\"@id\":\"https:\\\/\\\/www.rassegnastampa-totustuus.it\\\/cattolica\\\/#\\\/schema\\\/person\\\/08f319d2bd1a0904ad9e2bfb7b15e5c3\",\"name\":\"Redazione\",\"image\":{\"@type\":\"ImageObject\",\"inLanguage\":\"it-IT\",\"@id\":\"https:\\\/\\\/secure.gravatar.com\\\/avatar\\\/2fcdf27c78ea025fbdb44e914cc63c72249ffec9dc8aafd5c82b26240ef3f346?s=96&d=mm&r=g\",\"url\":\"https:\\\/\\\/secure.gravatar.com\\\/avatar\\\/2fcdf27c78ea025fbdb44e914cc63c72249ffec9dc8aafd5c82b26240ef3f346?s=96&d=mm&r=g\",\"contentUrl\":\"https:\\\/\\\/secure.gravatar.com\\\/avatar\\\/2fcdf27c78ea025fbdb44e914cc63c72249ffec9dc8aafd5c82b26240ef3f346?s=96&d=mm&r=g\",\"caption\":\"Redazione\"},\"url\":\"https:\\\/\\\/www.rassegnastampa-totustuus.it\\\/cattolica\\\/author\\\/pietroelle\\\/\"}]}<\/script>\n<!-- \/ Yoast SEO plugin. -->","yoast_head_json":{"title":"Come l\u201989 c\u2019\u00e8 solo Hitler - Rassegna Stampa Cattolica","description":"Rassegna Stampa Cattolica - Per una cultura che nasce dalla Rivelazione cristiana in conformit\u00e0 alla tradizione e al Magistero della Chiesa in opposizione ad ogni relativismo e totalitarismo","robots":{"index":"index","follow":"follow","max-snippet":"max-snippet:-1","max-image-preview":"max-image-preview:large","max-video-preview":"max-video-preview:-1"},"canonical":"https:\/\/www.rassegnastampa-totustuus.it\/cattolica\/43577\/","og_locale":"it_IT","og_type":"article","og_title":"Come l\u201989 c\u2019\u00e8 solo Hitler - Rassegna Stampa Cattolica","og_description":"Rassegna Stampa Cattolica - Per una cultura che nasce dalla Rivelazione cristiana in conformit\u00e0 alla tradizione e al Magistero della Chiesa in opposizione ad ogni relativismo e totalitarismo","og_url":"https:\/\/www.rassegnastampa-totustuus.it\/cattolica\/43577\/","og_site_name":"Rassegna Stampa Cattolica","article_publisher":"https:\/\/www.facebook.com\/rassegnastampacattolica","article_published_time":"2019-08-07T22:00:19+00:00","og_image":[{"width":1280,"height":692,"url":"https:\/\/www.rassegnastampa-totustuus.it\/cattolica\/wp-content\/uploads\/2019\/07\/bicentenario_rivoluzione_francese.jpg","type":"image\/jpeg"}],"author":"Redazione","twitter_card":"summary_large_image","twitter_creator":"@rassegnastampa9","twitter_site":"@rassegnastampa9","twitter_misc":{"Scritto da":"Redazione","Tempo di lettura stimato":"12 minuti"},"schema":{"@context":"https:\/\/schema.org","@graph":[{"@type":"Article","@id":"https:\/\/www.rassegnastampa-totustuus.it\/cattolica\/43577\/#article","isPartOf":{"@id":"https:\/\/www.rassegnastampa-totustuus.it\/cattolica\/43577\/"},"author":{"name":"Redazione","@id":"https:\/\/www.rassegnastampa-totustuus.it\/cattolica\/#\/schema\/person\/08f319d2bd1a0904ad9e2bfb7b15e5c3"},"headline":"Come l\u201989 c\u2019\u00e8 solo Hitler","datePublished":"2019-08-07T22:00:19+00:00","mainEntityOfPage":{"@id":"https:\/\/www.rassegnastampa-totustuus.it\/cattolica\/43577\/"},"wordCount":2387,"publisher":{"@id":"https:\/\/www.rassegnastampa-totustuus.it\/cattolica\/#organization"},"image":{"@id":"https:\/\/www.rassegnastampa-totustuus.it\/cattolica\/43577\/#primaryimage"},"thumbnailUrl":"https:\/\/www.rassegnastampa-totustuus.it\/cattolica\/wp-content\/uploads\/2019\/07\/bicentenario_rivoluzione_francese.jpg","keywords":["Rivoluzione Francese","storia"],"articleSection":["Rivoluzione francese","Storia"],"inLanguage":"it-IT"},{"@type":"WebPage","@id":"https:\/\/www.rassegnastampa-totustuus.it\/cattolica\/43577\/","url":"https:\/\/www.rassegnastampa-totustuus.it\/cattolica\/43577\/","name":"Come l\u201989 c\u2019\u00e8 solo Hitler - Rassegna Stampa Cattolica","isPartOf":{"@id":"https:\/\/www.rassegnastampa-totustuus.it\/cattolica\/#website"},"primaryImageOfPage":{"@id":"https:\/\/www.rassegnastampa-totustuus.it\/cattolica\/43577\/#primaryimage"},"image":{"@id":"https:\/\/www.rassegnastampa-totustuus.it\/cattolica\/43577\/#primaryimage"},"thumbnailUrl":"https:\/\/www.rassegnastampa-totustuus.it\/cattolica\/wp-content\/uploads\/2019\/07\/bicentenario_rivoluzione_francese.jpg","datePublished":"2019-08-07T22:00:19+00:00","description":"Rassegna Stampa Cattolica - Per una cultura che nasce dalla Rivelazione cristiana in conformit\u00e0 alla tradizione e al Magistero della Chiesa in opposizione ad ogni relativismo e totalitarismo","breadcrumb":{"@id":"https:\/\/www.rassegnastampa-totustuus.it\/cattolica\/43577\/#breadcrumb"},"inLanguage":"it-IT","potentialAction":[{"@type":"ReadAction","target":["https:\/\/www.rassegnastampa-totustuus.it\/cattolica\/43577\/"]}]},{"@type":"ImageObject","inLanguage":"it-IT","@id":"https:\/\/www.rassegnastampa-totustuus.it\/cattolica\/43577\/#primaryimage","url":"https:\/\/www.rassegnastampa-totustuus.it\/cattolica\/wp-content\/uploads\/2019\/07\/bicentenario_rivoluzione_francese.jpg","contentUrl":"https:\/\/www.rassegnastampa-totustuus.it\/cattolica\/wp-content\/uploads\/2019\/07\/bicentenario_rivoluzione_francese.jpg","width":1280,"height":692},{"@type":"BreadcrumbList","@id":"https:\/\/www.rassegnastampa-totustuus.it\/cattolica\/43577\/#breadcrumb","itemListElement":[{"@type":"ListItem","position":1,"name":"Home","item":"https:\/\/www.rassegnastampa-totustuus.it\/cattolica\/"},{"@type":"ListItem","position":2,"name":"Come l\u201989 c\u2019\u00e8 solo Hitler"}]},{"@type":"WebSite","@id":"https:\/\/www.rassegnastampa-totustuus.it\/cattolica\/#website","url":"https:\/\/www.rassegnastampa-totustuus.it\/cattolica\/","name":"Rassegna Stampa Cattolica","description":"Per una cultura che nasce dalla Rivelazione cristiana in conformit\u00e0 alla tradizione e al Magistero della Chiesa in opposizione ad ogni relativismo e totalitarismo","publisher":{"@id":"https:\/\/www.rassegnastampa-totustuus.it\/cattolica\/#organization"},"alternateName":"Rass. Cattolica","potentialAction":[{"@type":"SearchAction","target":{"@type":"EntryPoint","urlTemplate":"https:\/\/www.rassegnastampa-totustuus.it\/cattolica\/?s={search_term_string}"},"query-input":{"@type":"PropertyValueSpecification","valueRequired":true,"valueName":"search_term_string"}}],"inLanguage":"it-IT"},{"@type":"Organization","@id":"https:\/\/www.rassegnastampa-totustuus.it\/cattolica\/#organization","name":"Rassegna Stampa Cattolica","url":"https:\/\/www.rassegnastampa-totustuus.it\/cattolica\/","logo":{"@type":"ImageObject","inLanguage":"it-IT","@id":"https:\/\/www.rassegnastampa-totustuus.it\/cattolica\/#\/schema\/logo\/image\/","url":"https:\/\/www.rassegnastampa-totustuus.it\/cattolica\/wp-content\/uploads\/2014\/04\/logo-rassegna1.gif","contentUrl":"https:\/\/www.rassegnastampa-totustuus.it\/cattolica\/wp-content\/uploads\/2014\/04\/logo-rassegna1.gif","width":600,"height":163,"caption":"Rassegna Stampa Cattolica"},"image":{"@id":"https:\/\/www.rassegnastampa-totustuus.it\/cattolica\/#\/schema\/logo\/image\/"},"sameAs":["https:\/\/www.facebook.com\/rassegnastampacattolica","https:\/\/x.com\/rassegnastampa9"]},{"@type":"Person","@id":"https:\/\/www.rassegnastampa-totustuus.it\/cattolica\/#\/schema\/person\/08f319d2bd1a0904ad9e2bfb7b15e5c3","name":"Redazione","image":{"@type":"ImageObject","inLanguage":"it-IT","@id":"https:\/\/secure.gravatar.com\/avatar\/2fcdf27c78ea025fbdb44e914cc63c72249ffec9dc8aafd5c82b26240ef3f346?s=96&d=mm&r=g","url":"https:\/\/secure.gravatar.com\/avatar\/2fcdf27c78ea025fbdb44e914cc63c72249ffec9dc8aafd5c82b26240ef3f346?s=96&d=mm&r=g","contentUrl":"https:\/\/secure.gravatar.com\/avatar\/2fcdf27c78ea025fbdb44e914cc63c72249ffec9dc8aafd5c82b26240ef3f346?s=96&d=mm&r=g","caption":"Redazione"},"url":"https:\/\/www.rassegnastampa-totustuus.it\/cattolica\/author\/pietroelle\/"}]}},"_links":{"self":[{"href":"https:\/\/www.rassegnastampa-totustuus.it\/cattolica\/wp-json\/wp\/v2\/posts\/43577","targetHints":{"allow":["GET"]}}],"collection":[{"href":"https:\/\/www.rassegnastampa-totustuus.it\/cattolica\/wp-json\/wp\/v2\/posts"}],"about":[{"href":"https:\/\/www.rassegnastampa-totustuus.it\/cattolica\/wp-json\/wp\/v2\/types\/post"}],"author":[{"embeddable":true,"href":"https:\/\/www.rassegnastampa-totustuus.it\/cattolica\/wp-json\/wp\/v2\/users\/6"}],"replies":[{"embeddable":true,"href":"https:\/\/www.rassegnastampa-totustuus.it\/cattolica\/wp-json\/wp\/v2\/comments?post=43577"}],"version-history":[{"count":3,"href":"https:\/\/www.rassegnastampa-totustuus.it\/cattolica\/wp-json\/wp\/v2\/posts\/43577\/revisions"}],"predecessor-version":[{"id":43583,"href":"https:\/\/www.rassegnastampa-totustuus.it\/cattolica\/wp-json\/wp\/v2\/posts\/43577\/revisions\/43583"}],"wp:featuredmedia":[{"embeddable":true,"href":"https:\/\/www.rassegnastampa-totustuus.it\/cattolica\/wp-json\/wp\/v2\/media\/43578"}],"wp:attachment":[{"href":"https:\/\/www.rassegnastampa-totustuus.it\/cattolica\/wp-json\/wp\/v2\/media?parent=43577"}],"wp:term":[{"taxonomy":"category","embeddable":true,"href":"https:\/\/www.rassegnastampa-totustuus.it\/cattolica\/wp-json\/wp\/v2\/categories?post=43577"},{"taxonomy":"post_tag","embeddable":true,"href":"https:\/\/www.rassegnastampa-totustuus.it\/cattolica\/wp-json\/wp\/v2\/tags?post=43577"}],"curies":[{"name":"wp","href":"https:\/\/api.w.org\/{rel}","templated":true}]}}