{"id":4354,"date":"2011-01-27T00:00:00","date_gmt":"2011-01-26T23:00:00","guid":{"rendered":""},"modified":"2016-04-19T11:33:43","modified_gmt":"2016-04-19T09:33:43","slug":"non-avrai-un-solo-dio","status":"publish","type":"post","link":"https:\/\/www.rassegnastampa-totustuus.it\/cattolica\/non-avrai-un-solo-dio\/","title":{"rendered":"Non avrai un solo Dio"},"content":{"rendered":"<div style=\"text-align: center;\">\n<div id=\"attachment_33068\" style=\"width: 222px\" class=\"wp-caption alignleft\"><img loading=\"lazy\" decoding=\"async\" aria-describedby=\"caption-attachment-33068\" class=\"wp-image-33068 size-full\" src=\"https:\/\/www.rassegnastampa-totustuus.it\/cattolica\/wp-content\/uploads\/2011\/01\/politeismo.jpg\" alt=\"politeismo\" width=\"222\" height=\"166\" \/><p id=\"caption-attachment-33068\" class=\"wp-caption-text\">l&#8217;Olimpo pagano<\/p><\/div>\n<p><strong>L\u2019Espresso<\/strong> 16 dicembre 2010<\/div>\n<p style=\"text-align: justify;\"><em>E allarmato il Papa. Ne ha scritto <\/em><em>preoccupato il teologo Ravasi. La Chiesa <\/em><em>ha un nuovo nemico: il politeismo. Un <\/em><em>ritorno alle antiche divinit\u00e0 pagane? No. Chi lo propugna teme il fanatismo e auspica una religione pluralista. Ecco i protagonisti e i termini della disputa<\/em><\/p>\n<p style=\"text-align: center;\">di <strong>Sandro Magister<\/strong><\/p>\n<p><!--more--><\/p>\n<div style=\"text-align: justify;\">Politeismo. Questa parola \u00e8 balenata come un lampo in un recente discorso di Benedetto XVI al sinodo dei vescovi del Medio Oriente, la terra natale dei pi\u00f9 potenti monoteismi della storia: quello ebraico, quello musulmano. &#8220;Credo in unum Deum&#8221; \u00e8 anche il poderoso accordo da cui principia la sinfonia della dottrina cristiana. Ma per Joseph Ratzinger, il papa teologo, il politeismo \u00e8 tutt&#8217;altro che morto. \u00c8 la sfida perenne che si erge contro le fedi nell&#8217;unico Dio.<\/div>\n<p style=\"text-align: justify;\">\u00abPensiamo alle grandi\u00a0 potenze della storia di oggi\u00bb, ha proseguito. I capitali anonimi, la violenza terroristica, la droga, la tirannia dell&#8217;opinione pubblica sono le moderne divinit\u00e0 che schiavizzano l&#8217;uomo. Devono cadere. Devono essere fatte cadere. La caduta degli d\u00e8i \u00e8 l&#8217;imperativo di ieri, di oggi, di sempre dei credenti nell&#8217;unico Dio vero. E anche Gianfranco Ravasi, cardinale, biblista, presidente del Pontificio Consiglio della Cultura, in pratica ministro della Cultura del Vaticano, e un uomo che come pochi sa captare umori e timori della Chiesa, ha parlato (sulle pagine del &#8220;Domenicale&#8221; del &#8220;Sole 24 Ore&#8221;) del risorgere dello spirito politeista.<\/p>\n<p style=\"text-align: justify;\">O se vogliamo, della sfida lanciata al monoteismo, da chi, nel principio di un Dio unico vede la radice di ogni fanatismo e integralismo di questo inizio del Millennio; di chi pensa che il terrorismo, la guerra di civilt\u00e0 e simili abbiano a che fare con l&#8217;idea di un Dio esclusivo geloso e quindi intollerante. E basti pensare a un episodio banale, accaduto qualche settimana fa ad Amos Oz, ad Asti.Lo scrittore israeliano parlava ai giovani e spiegava come occorresse resistere sempre alla tentazione del fanatismo.<\/p>\n<p style=\"text-align: justify;\">Lui per fanatismo intedeva un atteggiamento, anche laico, di rifiuto di ogni compromesso: politico, ideologico, personale. Nel dialogo che segu\u00ec al discorso i ragazzi identificavano invece il fanatismo con integralismo religioso, conseguenza di monoteismo. Una storiella di cronaca che rispecchia lo spirito del tempo.<\/p>\n<p style=\"text-align: justify;\">Il politeismo di oggi, infatti, non \u00e8 solo fatto di potenze oscure: i suoi molti d\u00e8i hanno volto benevolo e capacit\u00e0 di seduzione. E la &#8220;gaia scienza&#8221; vaticinata da Nietzsche pi\u00f9 di un secolo fa, che offre a ogni singolo uomo \u00abil pi\u00f9 grande vantaggio\u00bb: quello di \u00aberigere il suo proprio ideale e derivare da esso la sua legge, le sue gioie e i suoi diritti\u00bb.<\/p>\n<p style=\"text-align: justify;\">\u00c8 il trionfo del libero arbitrio, senza il giogo di una tavola della legge, una sola per tutti perch\u00e9 scritta da un unico intrattabile Dio. Quell&#8217;ammirazione per il &#8220;Genio del cristianesimo&#8221; che aveva infiammato Chateaubriand e i romantici cede oggi il passo (cos\u00ec il fenomeno viene percepito in Vaticano e in genere tra coloro che gli si oppongono) a una riscoperta entusiasta del &#8220;Genio del paganesimo&#8221; (Bollati Boringhieri), titolo di un libro dell&#8217;antropologo francese Mare Auge.<\/p>\n<p style=\"text-align: justify;\">In Italia un altro antropologo, Francesco Remotti, si scaglia contro &#8220;L&#8217;ossessione identitaria&#8221; (Laterza), titolo del suo ultimo libro, <em>e <\/em>rimprovera il papa, in un suo altro testo in forma di lettera, per il suo ostinato procedere \u00abcontro natura\u00bb, contro una modernit\u00e0 che fa invece pregustare le meraviglie del politeismo: liquido, pluralista, tollerante, liberatorio.<\/p>\n<p style=\"text-align: justify;\">Certo, l&#8217;attuale reviviscenza del politeismo non riporta in voga i culti sacrificali a Giove e a Giunone, a Venere e a Marte. Ma la filosofia dei pagani colti dell&#8217;impero di Roma riaffiora nei ragionamenti di tanti moderni fautori del &#8220;pensiero debole&#8221;. E non solo di questi. Chi oggi rilegge, 16 secoli dopo, la disputa tra il monoteista Ambrogio, il santo patrono di Milano, e il politeista Simmaco, senatore della Roma pagana, \u00e8 fortemente tentato di dare ragione al secondo, quando dice: \u00abChe cosa importa per quale via ciascuno ricerchi, secondo il proprio giudizio, la verit\u00e0? Non per una sola strada si pu\u00f2 giungere a un cos\u00ec grande mistero\u00bb.<\/p>\n<p style=\"text-align: justify;\">La magnanima parit\u00e0 tra tutte le religioni e gli d\u00e8i che queste parole sembrano ispirare incanta anche molti cristiani. Lo &#8220;spirito di Assisi&#8221; nato dall&#8217;adunanza multireligiosa nel 1986 ha cos\u00ec contagiato il diffuso sentire che nel 2000 la Chiesa di Giovanni Paolo II e dell&#8217;alllora cardinale Ratzinger si sent\u00ec in dovere di ricordare ai cattolici che di salvatore dell&#8217;umanit\u00e0 ce n&#8217;\u00e8 uno solo, ed \u00e8 il Dio fatto uomo in Ges\u00f9: una verit\u00e0 su cui l&#8217;intero Nuovo Testamento sta o cade, una verit\u00e0 che in due millenni mai la Chiesa aveva sentito la necessit\u00e0 di ribadire con un pronunciamento ad hoc.<\/p>\n<p style=\"text-align: justify;\">E infatti, quella dichiarazione del 2000, la &#8220;Dominus lesus&#8221;, fu accolta da un fuoco di fila di proteste, dentro la Chiesa e fuori, per la sua esclusione di una pluralit\u00e0 di vie di salvezza, tutte in s\u00e9 sufficienti e piene di grazia e verit\u00e0.<\/p>\n<p style=\"text-align: justify;\">Che in questi sentimenti si annidi la nostalgia per una pluralit\u00e0 di d\u00e8i \u00e8 possibile, ma l&#8217;odierno politeismo, a livello di massa, \u00e8 pi\u00f9 sfumato. C&#8217;\u00e8 l&#8217;orrore per l&#8217;integralismo, ovviamente, ma l&#8217;idea \u00e8 che le varie religioni siano a loro modo tutte espressive di un divino. E tuttavia questa divinit\u00e0 somma, come gi\u00e0 spiegava ad Ambrogio il pagano Simmaco, \u00e8 inconoscibile e lontana, troppo lontana per appassionare gli uomini e prendere cura di loro.<\/p>\n<p style=\"text-align: justify;\">Da uno scrittore latino del III secolo, Minucio Felice, ci \u00e8 giunto un altro dialogo, molto raffinato, nel quale il pagano Cecilie), passeggiando sul litorale di Ostia, dopo aver reso omaggio a una statua di Serapide, spiega che \u00abnelle cose umane tutto \u00e8 dubbio, incerto, indeciso\u00bb ma proprio per questo \u00e8 bene seguire la religione degli antichi e adorare \u00abquegli d\u00e8i che i nostri padri ci hanno insegnato a temere, piuttosto che a conoscere troppo da vicino\u00bb.<\/p>\n<p style=\"text-align: justify;\">In un&#8217;omelia in piazza San Pietro dello scorso 11 giugno, Benedetto XVI ha detto che \u00abstranamente questo pensiero \u00e8 riemerso nell&#8217;Illuminismo\u00bb. E in effetti un campione dell&#8217;et\u00e0 dei Lumi come il miscredente Voltaire ordinava ai suoi familiari di ossequiare il cristianesimo e i suoi precetti, per motivi di buona creanza civica. Dio c&#8217;\u00e8, forse. E forse \u00e8 lui che ha creato il mondo. Ma poi se ne \u00e8 talmente disinteressato da sparire dall&#8217;orizzonte vitale. La sua bont\u00e0 \u00e8 tutta nel non produrre disturbo alcuno.<\/p>\n<p style=\"text-align: justify;\">E cos\u00ec, sotto il ciclo di questa divinit\u00e0 vaga e remota, la terra si \u00e8 popolata di nuovi d\u00e8i. In divisa laica e pragmatica. Gi\u00e0 nell&#8217;Ottocento, nei suoi &#8220;Saggi sulla religione&#8221;, l&#8217;economista e filosofo John Stuart Mill scrisse che il politeismo era di gran lunga pi\u00f9 funzionale del monotesimo nel descrivere quella pluralit\u00e0 di etiche che caratterizzava la vita della societ\u00e0 industriale.<\/p>\n<p style=\"text-align: justify;\">E Max Weber, nel primo Novecento, coni\u00f2 la formula di &#8220;Polytheismus der Werte&#8221;, politeismo dei valori, per indicare il Pantheon della moderna societ\u00e0. In un mondo disincantato, senza pi\u00f9 un unico Dio che proclami comandamenti validi per tutti, ciascuna delle sfere sociali, dalla politica all&#8217;economia, dall&#8217;arte alla scienza alla stessa religione, \u00e8 retta da un suo dio con i suoi oracoli. Oracoli spesso tra loro in conflitto, con l&#8217;uomo drammaticamente solo nell&#8217;ora della decisione.<\/p>\n<p style=\"text-align: justify;\">Weber, con l&#8217;impeccabile distacco dello studioso, non disse se questo moderno politeismo fosse un bene o un male. Ma altri pensatori venuti dopo di lui non nascondono pi\u00f9 a cosa vanno le loro simpatie. Nel secondo Novecento, alla &#8220;teologia politica del monoteismo&#8221; propugnata da Erik Peterson (un autore tra i pi\u00f9 letti e ammirati da Joseph Ratzinger), il filosofo tedesco Odo Marquard contrappone una &#8220;teologia politica del politeismo&#8221;, e nel titolo del suo saggio loda tale politeismo con la qualifica di \u00abilluminato\u00bb.<\/p>\n<p style=\"text-align: justify;\">A suo giudizio, l&#8217;uomo ha sempre bisogno di miti, e l&#8217;importante \u00e8 che tali miti siano molti e aperti a infinite variazioni, come nella mitologia antica, all&#8217;opposto dell&#8217;ebraismo e del cristianesimo che poggiano su fatti storici unici e incontrovertibili. In Italia \u00e8 Salvatore Natoli il filosofo che difende una &#8220;etica del finito&#8221;, un insieme cio\u00e8 di riferimenti &#8220;politeistici&#8221;, multipli, che offrano all&#8217;uomo dei punti d&#8217;appoggio, mai definitivi ma capaci di salvarlo provvisoriamente dall&#8217;anarchia degli istinti. Sicuramente, per\u00f2, l&#8217;opera che ha pi\u00f9 instillato nella cultura italiana contemporanea una rivalutazione del politeismo \u00e8 &#8220;Le nozze di Cadmo e Armonia&#8221; (Adelphi) di Roberto Calasso, del 1988, con la sua evocazione gloriosa della mitologia classica.<\/p>\n<p style=\"text-align: justify;\">A dispetto del disincanto del mondo descritto da Weber, infatti, la societ\u00e0 moderna non appare immune dall&#8217;opposta seduzione di un mondo nuovamente incantato. Alain de Benoist, pensatore della &#8220;nouvelle droite&#8221; francese, \u00e8 il pi\u00f9 acceso banditore di questo ritorno alla sacralit\u00e0 neopagana. Per la cultura da lui rappresentata il grande nemico \u00e8 proprio il giudeocristianesimo con la sua idea &#8220;desacralizzante&#8221; di creazione. Se non c&#8217;\u00e8 altro Dio all&#8217;infuori del Dio unico, le creature non hanno pi\u00f9 nulla di divino e perfino gli astri, come dice la prima pagina della Genesi, sono semplici &#8220;luminari&#8221; appesi dal Creatore alla volta celeste per segnare il giorno e la notte. Il mondo \u00e8 definitivamente consegnato alla sua profanit\u00e0.<\/p>\n<p style=\"text-align: justify;\">Osserva Leonardo Lugaresi, docente a Bologna e Parigi e specialista di cristianesimo antico: \u00abNel rimprovero oggi mosso al cristianesimo di essere responsabile della desacralizzazione torna la vecchia accusa di ateismo mossa ai cristiani dei primi secoli\u00bb. E aggiunge: \u00abCome allora, il cristianesimo sarebbe nocivo perch\u00e9 ha tolto alla terra il suo incanto, i suoi d\u00e8i, e ha privato l&#8217;uomo di un rapporto religioso con la natura. Di conseguenza, il nuovo paganesimo vuole restituire al mondo quella sacralit\u00e0 che il cristianesimo gli ha tolto\u00bb.<\/p>\n<p style=\"text-align: justify;\">E qui entra in gioco un grande egittologo, il tedesco Jan Assmann, che ha indagato a fondo sulla novit\u00e0 rivoluzionaria introdotta dall&#8217;unico Dio della religione di Mos\u00e8. Il Mulino, nel pubblicare quest&#8217;anno dieci saggi affidati ad altrettanti autori sui dieci comandamenti del decalogo, ha assegnato ad Assmann il commento del &#8220;Non avrai altro Dio&#8221;.<\/p>\n<p style=\"text-align: justify;\">Assmann vede nel monoteismo fin dal suo nascere, un contrapporsi esclusivo e intollerante alle altre religioni. Tutti i monoteismi storicamente venuti alla luce, dall&#8217;ebraismo, al cristianesimo, all&#8217;islam, portano in s\u00e9, a suo giudizio, il veleno della violenza. E allora egli chiede ai monoteismi di superare i loro assoluti e \u00abraggiungere il punto trascendentale grazie al quale diviene possibile la vera tolleranza\u00bb, di elevarsi cio\u00e8 alla forma superiore di \u00absapienza religiosa\u00bb o di \u00abreligione profonda\u00bb incarnata da sapienti come Albert Schweitzer, il Mahatma Gandhi e Rabindranath Tagore, insomma, \u00aball&#8217;ideale settecentesco di tolleranza espresso nella parabola dei tre anelli del massone Lessing, nel racconto di &#8220;Nathan il saggio&#8221;\u00bb.<\/p>\n<p style=\"text-align: justify;\">E cos&#8217;\u00e8 questa se non la religione senza norme n\u00e9 dogmi dell&#8217;Illuminismo, con il suo Dio remoto? E a che cosa pu\u00f2 aprire lo spazio, questa religione vaga, se non a un nuovo politeismo dell&#8217;arbitrio? Il 13 settembre, nel ricevere il nuovo ambasciatore tedesco presso la Santa Sede, Walter Jiirgen Schmid, Benedetto XVI ha alzato gli occhi dal testo scritto e ha cos\u00ec proseguito: \u00abMolti uomini mostrano oggi un&#8217;inclinazione verso concezioni religiose pi\u00f9 permissive anche per se stessi\u00bb.<\/p>\n<p style=\"text-align: justify;\">Da qui ancor pi\u00f9 si capisce perch\u00e9 oggi, per papa Benedetto, \u00abla priorit\u00e0 suprema e fondamentale\u00bb sia di riaprire a una umanit\u00e0 disorientata l&#8217;accesso a Dio, e \u00abnon a un qualsiasi dio, ma a quel Dio che ha parlato sul Sinai; a quel Dio il cui volto riconosciamo nell&#8217;amore spinto sino alla fine, in Ges\u00f9 Cristo crocifisso e risorto<\/p>\n<p style=\"text-align: center;\">* * *<\/p>\n<p style=\"text-align: center;\"><strong>POLITEISTI IN LIBRERIA<\/strong><\/p>\n<p style=\"text-align: justify;\">Per saperne di pi\u00f9, un brillante manifesto del politeismo d\u00ec ieri e di oggi \u00e8 il libro di Marc Auge, &#8220;Genio del paganesimo&#8221;, Bollati Boringhiert\u00ec, Torino, 2008, pp. 322, euro 19,00.Un altra guida indispensabile al tema \u00e8 &#8220;II politeismo dei valori&#8221;, Morcelliana, Brescia, 2010, pp. 168, euro 14,00, che raccoglie i testi di Max Weber sull&#8217;argomento, introdotti e annotati da Francesco Ghia.<\/p>\n<p style=\"text-align: justify;\">E ancora, un testo capitale sulla rottura operata dal monoteismo mosaico in rapporto alla religione dei faraoni, \u00e8 quello d\u00ec Jan Assmann, &#8220;Dio e gli d\u00e8i. Egitto, Israele e la nascita del monoteismo&#8221;, il Mulino, Bologna, 2009, pp. 214, euro 15,00. Dello stesso autore, contro l&#8217;esclusivismo di una religione fondata su un Dio unico, \u00e8 uscito quest&#8217;anno un commento al primo comandamento del decalogo: &#8220;Non avrai altro Dio. Il monoteismo e il linguaggio della violenza&#8221;, il Mulino, Bologna, 2010, pp. 152, euro 9,00.<\/p>\n<p style=\"text-align: justify;\">Sul piano letterario, una pietra miliare del sentimento mitologico e politeista resta il volume di Roberto Calasse uscito in prima edizione nel 1988: &#8220;Le nozze di Cadmo e Armonia&#8221;, Adelphi, Milano, pp. 487, euro 14,00.<\/p>\n<p style=\"text-align: justify;\">Infine, per una lettura critica del neopoliteismo contemporaneo sullo sfondo delle polemiche dei primi secoli cristiani, c&#8217;\u00e8 il saggio di Leonardo Lugaresi, &#8220;Perch\u00e9 non possiamo pi\u00f9 dirci pagani&#8221;, all&#8217;interno del volume a pi\u00f9 voci &#8220;Verit\u00e0 e mistero. Nel pluralismo culturale della tarda antichit\u00e0&#8221;, <em>a cura <\/em>di Angela M. Mazzanti, Edizioni Studio Domenicano, Bologna, pp. 360, euro 22,00.<\/p>\n","protected":false},"excerpt":{"rendered":"<p>L\u2019Espresso 16 dicembre 2010 E allarmato il Papa. Ne ha scritto preoccupato il teologo Ravasi. La Chiesa ha un nuovo nemico: il politeismo. Un ritorno alle antiche divinit\u00e0 pagane? No. Chi lo propugna teme il fanatismo e auspica una religione pluralista. Ecco i protagonisti e i termini della disputa di Sandro Magister<\/p><p><a class=\"more-link btn\" href=\"https:\/\/www.rassegnastampa-totustuus.it\/cattolica\/non-avrai-un-solo-dio\/\">Continua a leggere<\/a><\/p>\n","protected":false},"author":6,"featured_media":33068,"comment_status":"closed","ping_status":"open","sticky":false,"template":"","format":"standard","meta":{"footnotes":""},"categories":[110,5,63,25],"tags":[1900],"class_list":["post-4354","post","type-post","status-publish","format-standard","has-post-thumbnail","hentry","category-benedetto-xvi","category-chiesa","category-nuove-religioni-sette","category-sguardo-sul-nostro-tempo","tag-politeismo","item-wrap"],"yoast_head":"<!-- This site is optimized with the Yoast SEO plugin v27.5 - https:\/\/yoast.com\/product\/yoast-seo-wordpress\/ -->\n<title>Non avrai un solo Dio - Rassegna Stampa Cattolica<\/title>\n<meta name=\"description\" content=\"Rassegna Stampa Cattolica - Per una cultura che nasce dalla Rivelazione cristiana in conformit\u00e0 alla tradizione e al Magistero della Chiesa in opposizione ad ogni relativismo e totalitarismo\" \/>\n<meta name=\"robots\" content=\"index, follow, max-snippet:-1, max-image-preview:large, max-video-preview:-1\" \/>\n<link rel=\"canonical\" href=\"https:\/\/www.rassegnastampa-totustuus.it\/cattolica\/non-avrai-un-solo-dio\/\" \/>\n<meta property=\"og:locale\" content=\"it_IT\" \/>\n<meta property=\"og:type\" content=\"article\" \/>\n<meta property=\"og:title\" content=\"Non avrai un solo Dio - Rassegna Stampa Cattolica\" \/>\n<meta property=\"og:description\" content=\"Rassegna Stampa Cattolica - Per una cultura che nasce dalla Rivelazione cristiana in conformit\u00e0 alla tradizione e al Magistero della Chiesa in opposizione ad ogni relativismo e totalitarismo\" \/>\n<meta property=\"og:url\" content=\"https:\/\/www.rassegnastampa-totustuus.it\/cattolica\/non-avrai-un-solo-dio\/\" \/>\n<meta property=\"og:site_name\" content=\"Rassegna Stampa Cattolica\" \/>\n<meta property=\"article:publisher\" content=\"https:\/\/www.facebook.com\/rassegnastampacattolica\" \/>\n<meta property=\"article:published_time\" content=\"2011-01-26T23:00:00+00:00\" \/>\n<meta property=\"article:modified_time\" content=\"2016-04-19T09:33:43+00:00\" \/>\n<meta property=\"og:image\" content=\"https:\/\/www.rassegnastampa-totustuus.it\/cattolica\/wp-content\/uploads\/2011\/01\/politeismo.jpg\" \/>\n\t<meta property=\"og:image:width\" content=\"222\" \/>\n\t<meta property=\"og:image:height\" content=\"166\" \/>\n\t<meta property=\"og:image:type\" content=\"image\/jpeg\" \/>\n<meta name=\"author\" content=\"Redazione\" \/>\n<meta name=\"twitter:card\" content=\"summary_large_image\" \/>\n<meta name=\"twitter:creator\" content=\"@rassegnastampa9\" \/>\n<meta name=\"twitter:site\" content=\"@rassegnastampa9\" \/>\n<meta name=\"twitter:label1\" content=\"Scritto da\" \/>\n\t<meta name=\"twitter:data1\" content=\"Redazione\" \/>\n\t<meta name=\"twitter:label2\" content=\"Tempo di lettura stimato\" \/>\n\t<meta name=\"twitter:data2\" content=\"10 minuti\" \/>\n<script type=\"application\/ld+json\" class=\"yoast-schema-graph\">{\"@context\":\"https:\\\/\\\/schema.org\",\"@graph\":[{\"@type\":\"Article\",\"@id\":\"https:\\\/\\\/www.rassegnastampa-totustuus.it\\\/cattolica\\\/non-avrai-un-solo-dio\\\/#article\",\"isPartOf\":{\"@id\":\"https:\\\/\\\/www.rassegnastampa-totustuus.it\\\/cattolica\\\/non-avrai-un-solo-dio\\\/\"},\"author\":{\"name\":\"Redazione\",\"@id\":\"https:\\\/\\\/www.rassegnastampa-totustuus.it\\\/cattolica\\\/#\\\/schema\\\/person\\\/08f319d2bd1a0904ad9e2bfb7b15e5c3\"},\"headline\":\"Non avrai un solo Dio\",\"datePublished\":\"2011-01-26T23:00:00+00:00\",\"dateModified\":\"2016-04-19T09:33:43+00:00\",\"mainEntityOfPage\":{\"@id\":\"https:\\\/\\\/www.rassegnastampa-totustuus.it\\\/cattolica\\\/non-avrai-un-solo-dio\\\/\"},\"wordCount\":2127,\"publisher\":{\"@id\":\"https:\\\/\\\/www.rassegnastampa-totustuus.it\\\/cattolica\\\/#organization\"},\"image\":{\"@id\":\"https:\\\/\\\/www.rassegnastampa-totustuus.it\\\/cattolica\\\/non-avrai-un-solo-dio\\\/#primaryimage\"},\"thumbnailUrl\":\"https:\\\/\\\/www.rassegnastampa-totustuus.it\\\/cattolica\\\/wp-content\\\/uploads\\\/2011\\\/01\\\/politeismo.jpg\",\"keywords\":[\"politeismo\"],\"articleSection\":[\"Benedetto XVI\",\"Chiesa\",\"Nuove religioni\",\"Sguardo sul nostro tempo\"],\"inLanguage\":\"it-IT\"},{\"@type\":\"WebPage\",\"@id\":\"https:\\\/\\\/www.rassegnastampa-totustuus.it\\\/cattolica\\\/non-avrai-un-solo-dio\\\/\",\"url\":\"https:\\\/\\\/www.rassegnastampa-totustuus.it\\\/cattolica\\\/non-avrai-un-solo-dio\\\/\",\"name\":\"Non avrai un solo Dio - Rassegna Stampa Cattolica\",\"isPartOf\":{\"@id\":\"https:\\\/\\\/www.rassegnastampa-totustuus.it\\\/cattolica\\\/#website\"},\"primaryImageOfPage\":{\"@id\":\"https:\\\/\\\/www.rassegnastampa-totustuus.it\\\/cattolica\\\/non-avrai-un-solo-dio\\\/#primaryimage\"},\"image\":{\"@id\":\"https:\\\/\\\/www.rassegnastampa-totustuus.it\\\/cattolica\\\/non-avrai-un-solo-dio\\\/#primaryimage\"},\"thumbnailUrl\":\"https:\\\/\\\/www.rassegnastampa-totustuus.it\\\/cattolica\\\/wp-content\\\/uploads\\\/2011\\\/01\\\/politeismo.jpg\",\"datePublished\":\"2011-01-26T23:00:00+00:00\",\"dateModified\":\"2016-04-19T09:33:43+00:00\",\"description\":\"Rassegna Stampa Cattolica - Per una cultura che nasce dalla Rivelazione cristiana in conformit\u00e0 alla tradizione e al Magistero della Chiesa in opposizione ad ogni relativismo e totalitarismo\",\"breadcrumb\":{\"@id\":\"https:\\\/\\\/www.rassegnastampa-totustuus.it\\\/cattolica\\\/non-avrai-un-solo-dio\\\/#breadcrumb\"},\"inLanguage\":\"it-IT\",\"potentialAction\":[{\"@type\":\"ReadAction\",\"target\":[\"https:\\\/\\\/www.rassegnastampa-totustuus.it\\\/cattolica\\\/non-avrai-un-solo-dio\\\/\"]}]},{\"@type\":\"ImageObject\",\"inLanguage\":\"it-IT\",\"@id\":\"https:\\\/\\\/www.rassegnastampa-totustuus.it\\\/cattolica\\\/non-avrai-un-solo-dio\\\/#primaryimage\",\"url\":\"https:\\\/\\\/www.rassegnastampa-totustuus.it\\\/cattolica\\\/wp-content\\\/uploads\\\/2011\\\/01\\\/politeismo.jpg\",\"contentUrl\":\"https:\\\/\\\/www.rassegnastampa-totustuus.it\\\/cattolica\\\/wp-content\\\/uploads\\\/2011\\\/01\\\/politeismo.jpg\",\"width\":222,\"height\":166},{\"@type\":\"BreadcrumbList\",\"@id\":\"https:\\\/\\\/www.rassegnastampa-totustuus.it\\\/cattolica\\\/non-avrai-un-solo-dio\\\/#breadcrumb\",\"itemListElement\":[{\"@type\":\"ListItem\",\"position\":1,\"name\":\"Home\",\"item\":\"https:\\\/\\\/www.rassegnastampa-totustuus.it\\\/cattolica\\\/\"},{\"@type\":\"ListItem\",\"position\":2,\"name\":\"Non avrai un solo Dio\"}]},{\"@type\":\"WebSite\",\"@id\":\"https:\\\/\\\/www.rassegnastampa-totustuus.it\\\/cattolica\\\/#website\",\"url\":\"https:\\\/\\\/www.rassegnastampa-totustuus.it\\\/cattolica\\\/\",\"name\":\"Rassegna Stampa Cattolica\",\"description\":\"Per una cultura che nasce dalla Rivelazione cristiana in conformit\u00e0 alla tradizione e al Magistero della Chiesa in opposizione ad ogni relativismo e totalitarismo\",\"publisher\":{\"@id\":\"https:\\\/\\\/www.rassegnastampa-totustuus.it\\\/cattolica\\\/#organization\"},\"alternateName\":\"Rass. Cattolica\",\"potentialAction\":[{\"@type\":\"SearchAction\",\"target\":{\"@type\":\"EntryPoint\",\"urlTemplate\":\"https:\\\/\\\/www.rassegnastampa-totustuus.it\\\/cattolica\\\/?s={search_term_string}\"},\"query-input\":{\"@type\":\"PropertyValueSpecification\",\"valueRequired\":true,\"valueName\":\"search_term_string\"}}],\"inLanguage\":\"it-IT\"},{\"@type\":\"Organization\",\"@id\":\"https:\\\/\\\/www.rassegnastampa-totustuus.it\\\/cattolica\\\/#organization\",\"name\":\"Rassegna Stampa Cattolica\",\"url\":\"https:\\\/\\\/www.rassegnastampa-totustuus.it\\\/cattolica\\\/\",\"logo\":{\"@type\":\"ImageObject\",\"inLanguage\":\"it-IT\",\"@id\":\"https:\\\/\\\/www.rassegnastampa-totustuus.it\\\/cattolica\\\/#\\\/schema\\\/logo\\\/image\\\/\",\"url\":\"https:\\\/\\\/www.rassegnastampa-totustuus.it\\\/cattolica\\\/wp-content\\\/uploads\\\/2014\\\/04\\\/logo-rassegna1.gif\",\"contentUrl\":\"https:\\\/\\\/www.rassegnastampa-totustuus.it\\\/cattolica\\\/wp-content\\\/uploads\\\/2014\\\/04\\\/logo-rassegna1.gif\",\"width\":600,\"height\":163,\"caption\":\"Rassegna Stampa Cattolica\"},\"image\":{\"@id\":\"https:\\\/\\\/www.rassegnastampa-totustuus.it\\\/cattolica\\\/#\\\/schema\\\/logo\\\/image\\\/\"},\"sameAs\":[\"https:\\\/\\\/www.facebook.com\\\/rassegnastampacattolica\",\"https:\\\/\\\/x.com\\\/rassegnastampa9\"]},{\"@type\":\"Person\",\"@id\":\"https:\\\/\\\/www.rassegnastampa-totustuus.it\\\/cattolica\\\/#\\\/schema\\\/person\\\/08f319d2bd1a0904ad9e2bfb7b15e5c3\",\"name\":\"Redazione\",\"image\":{\"@type\":\"ImageObject\",\"inLanguage\":\"it-IT\",\"@id\":\"https:\\\/\\\/secure.gravatar.com\\\/avatar\\\/2fcdf27c78ea025fbdb44e914cc63c72249ffec9dc8aafd5c82b26240ef3f346?s=96&d=mm&r=g\",\"url\":\"https:\\\/\\\/secure.gravatar.com\\\/avatar\\\/2fcdf27c78ea025fbdb44e914cc63c72249ffec9dc8aafd5c82b26240ef3f346?s=96&d=mm&r=g\",\"contentUrl\":\"https:\\\/\\\/secure.gravatar.com\\\/avatar\\\/2fcdf27c78ea025fbdb44e914cc63c72249ffec9dc8aafd5c82b26240ef3f346?s=96&d=mm&r=g\",\"caption\":\"Redazione\"},\"url\":\"https:\\\/\\\/www.rassegnastampa-totustuus.it\\\/cattolica\\\/author\\\/pietroelle\\\/\"}]}<\/script>\n<!-- \/ Yoast SEO plugin. -->","yoast_head_json":{"title":"Non avrai un solo Dio - Rassegna Stampa Cattolica","description":"Rassegna Stampa Cattolica - Per una cultura che nasce dalla Rivelazione cristiana in conformit\u00e0 alla tradizione e al Magistero della Chiesa in opposizione ad ogni relativismo e totalitarismo","robots":{"index":"index","follow":"follow","max-snippet":"max-snippet:-1","max-image-preview":"max-image-preview:large","max-video-preview":"max-video-preview:-1"},"canonical":"https:\/\/www.rassegnastampa-totustuus.it\/cattolica\/non-avrai-un-solo-dio\/","og_locale":"it_IT","og_type":"article","og_title":"Non avrai un solo Dio - Rassegna Stampa Cattolica","og_description":"Rassegna Stampa Cattolica - Per una cultura che nasce dalla Rivelazione cristiana in conformit\u00e0 alla tradizione e al Magistero della Chiesa in opposizione ad ogni relativismo e totalitarismo","og_url":"https:\/\/www.rassegnastampa-totustuus.it\/cattolica\/non-avrai-un-solo-dio\/","og_site_name":"Rassegna Stampa Cattolica","article_publisher":"https:\/\/www.facebook.com\/rassegnastampacattolica","article_published_time":"2011-01-26T23:00:00+00:00","article_modified_time":"2016-04-19T09:33:43+00:00","og_image":[{"width":222,"height":166,"url":"https:\/\/www.rassegnastampa-totustuus.it\/cattolica\/wp-content\/uploads\/2011\/01\/politeismo.jpg","type":"image\/jpeg"}],"author":"Redazione","twitter_card":"summary_large_image","twitter_creator":"@rassegnastampa9","twitter_site":"@rassegnastampa9","twitter_misc":{"Scritto da":"Redazione","Tempo di lettura stimato":"10 minuti"},"schema":{"@context":"https:\/\/schema.org","@graph":[{"@type":"Article","@id":"https:\/\/www.rassegnastampa-totustuus.it\/cattolica\/non-avrai-un-solo-dio\/#article","isPartOf":{"@id":"https:\/\/www.rassegnastampa-totustuus.it\/cattolica\/non-avrai-un-solo-dio\/"},"author":{"name":"Redazione","@id":"https:\/\/www.rassegnastampa-totustuus.it\/cattolica\/#\/schema\/person\/08f319d2bd1a0904ad9e2bfb7b15e5c3"},"headline":"Non avrai un solo Dio","datePublished":"2011-01-26T23:00:00+00:00","dateModified":"2016-04-19T09:33:43+00:00","mainEntityOfPage":{"@id":"https:\/\/www.rassegnastampa-totustuus.it\/cattolica\/non-avrai-un-solo-dio\/"},"wordCount":2127,"publisher":{"@id":"https:\/\/www.rassegnastampa-totustuus.it\/cattolica\/#organization"},"image":{"@id":"https:\/\/www.rassegnastampa-totustuus.it\/cattolica\/non-avrai-un-solo-dio\/#primaryimage"},"thumbnailUrl":"https:\/\/www.rassegnastampa-totustuus.it\/cattolica\/wp-content\/uploads\/2011\/01\/politeismo.jpg","keywords":["politeismo"],"articleSection":["Benedetto XVI","Chiesa","Nuove religioni","Sguardo sul nostro tempo"],"inLanguage":"it-IT"},{"@type":"WebPage","@id":"https:\/\/www.rassegnastampa-totustuus.it\/cattolica\/non-avrai-un-solo-dio\/","url":"https:\/\/www.rassegnastampa-totustuus.it\/cattolica\/non-avrai-un-solo-dio\/","name":"Non avrai un solo Dio - Rassegna Stampa Cattolica","isPartOf":{"@id":"https:\/\/www.rassegnastampa-totustuus.it\/cattolica\/#website"},"primaryImageOfPage":{"@id":"https:\/\/www.rassegnastampa-totustuus.it\/cattolica\/non-avrai-un-solo-dio\/#primaryimage"},"image":{"@id":"https:\/\/www.rassegnastampa-totustuus.it\/cattolica\/non-avrai-un-solo-dio\/#primaryimage"},"thumbnailUrl":"https:\/\/www.rassegnastampa-totustuus.it\/cattolica\/wp-content\/uploads\/2011\/01\/politeismo.jpg","datePublished":"2011-01-26T23:00:00+00:00","dateModified":"2016-04-19T09:33:43+00:00","description":"Rassegna Stampa Cattolica - Per una cultura che nasce dalla Rivelazione cristiana in conformit\u00e0 alla tradizione e al Magistero della Chiesa in opposizione ad ogni relativismo e totalitarismo","breadcrumb":{"@id":"https:\/\/www.rassegnastampa-totustuus.it\/cattolica\/non-avrai-un-solo-dio\/#breadcrumb"},"inLanguage":"it-IT","potentialAction":[{"@type":"ReadAction","target":["https:\/\/www.rassegnastampa-totustuus.it\/cattolica\/non-avrai-un-solo-dio\/"]}]},{"@type":"ImageObject","inLanguage":"it-IT","@id":"https:\/\/www.rassegnastampa-totustuus.it\/cattolica\/non-avrai-un-solo-dio\/#primaryimage","url":"https:\/\/www.rassegnastampa-totustuus.it\/cattolica\/wp-content\/uploads\/2011\/01\/politeismo.jpg","contentUrl":"https:\/\/www.rassegnastampa-totustuus.it\/cattolica\/wp-content\/uploads\/2011\/01\/politeismo.jpg","width":222,"height":166},{"@type":"BreadcrumbList","@id":"https:\/\/www.rassegnastampa-totustuus.it\/cattolica\/non-avrai-un-solo-dio\/#breadcrumb","itemListElement":[{"@type":"ListItem","position":1,"name":"Home","item":"https:\/\/www.rassegnastampa-totustuus.it\/cattolica\/"},{"@type":"ListItem","position":2,"name":"Non avrai un solo Dio"}]},{"@type":"WebSite","@id":"https:\/\/www.rassegnastampa-totustuus.it\/cattolica\/#website","url":"https:\/\/www.rassegnastampa-totustuus.it\/cattolica\/","name":"Rassegna Stampa Cattolica","description":"Per una cultura che nasce dalla Rivelazione cristiana in conformit\u00e0 alla tradizione e al Magistero della Chiesa in opposizione ad ogni relativismo e totalitarismo","publisher":{"@id":"https:\/\/www.rassegnastampa-totustuus.it\/cattolica\/#organization"},"alternateName":"Rass. Cattolica","potentialAction":[{"@type":"SearchAction","target":{"@type":"EntryPoint","urlTemplate":"https:\/\/www.rassegnastampa-totustuus.it\/cattolica\/?s={search_term_string}"},"query-input":{"@type":"PropertyValueSpecification","valueRequired":true,"valueName":"search_term_string"}}],"inLanguage":"it-IT"},{"@type":"Organization","@id":"https:\/\/www.rassegnastampa-totustuus.it\/cattolica\/#organization","name":"Rassegna Stampa Cattolica","url":"https:\/\/www.rassegnastampa-totustuus.it\/cattolica\/","logo":{"@type":"ImageObject","inLanguage":"it-IT","@id":"https:\/\/www.rassegnastampa-totustuus.it\/cattolica\/#\/schema\/logo\/image\/","url":"https:\/\/www.rassegnastampa-totustuus.it\/cattolica\/wp-content\/uploads\/2014\/04\/logo-rassegna1.gif","contentUrl":"https:\/\/www.rassegnastampa-totustuus.it\/cattolica\/wp-content\/uploads\/2014\/04\/logo-rassegna1.gif","width":600,"height":163,"caption":"Rassegna Stampa Cattolica"},"image":{"@id":"https:\/\/www.rassegnastampa-totustuus.it\/cattolica\/#\/schema\/logo\/image\/"},"sameAs":["https:\/\/www.facebook.com\/rassegnastampacattolica","https:\/\/x.com\/rassegnastampa9"]},{"@type":"Person","@id":"https:\/\/www.rassegnastampa-totustuus.it\/cattolica\/#\/schema\/person\/08f319d2bd1a0904ad9e2bfb7b15e5c3","name":"Redazione","image":{"@type":"ImageObject","inLanguage":"it-IT","@id":"https:\/\/secure.gravatar.com\/avatar\/2fcdf27c78ea025fbdb44e914cc63c72249ffec9dc8aafd5c82b26240ef3f346?s=96&d=mm&r=g","url":"https:\/\/secure.gravatar.com\/avatar\/2fcdf27c78ea025fbdb44e914cc63c72249ffec9dc8aafd5c82b26240ef3f346?s=96&d=mm&r=g","contentUrl":"https:\/\/secure.gravatar.com\/avatar\/2fcdf27c78ea025fbdb44e914cc63c72249ffec9dc8aafd5c82b26240ef3f346?s=96&d=mm&r=g","caption":"Redazione"},"url":"https:\/\/www.rassegnastampa-totustuus.it\/cattolica\/author\/pietroelle\/"}]}},"_links":{"self":[{"href":"https:\/\/www.rassegnastampa-totustuus.it\/cattolica\/wp-json\/wp\/v2\/posts\/4354","targetHints":{"allow":["GET"]}}],"collection":[{"href":"https:\/\/www.rassegnastampa-totustuus.it\/cattolica\/wp-json\/wp\/v2\/posts"}],"about":[{"href":"https:\/\/www.rassegnastampa-totustuus.it\/cattolica\/wp-json\/wp\/v2\/types\/post"}],"author":[{"embeddable":true,"href":"https:\/\/www.rassegnastampa-totustuus.it\/cattolica\/wp-json\/wp\/v2\/users\/6"}],"replies":[{"embeddable":true,"href":"https:\/\/www.rassegnastampa-totustuus.it\/cattolica\/wp-json\/wp\/v2\/comments?post=4354"}],"version-history":[{"count":4,"href":"https:\/\/www.rassegnastampa-totustuus.it\/cattolica\/wp-json\/wp\/v2\/posts\/4354\/revisions"}],"predecessor-version":[{"id":33069,"href":"https:\/\/www.rassegnastampa-totustuus.it\/cattolica\/wp-json\/wp\/v2\/posts\/4354\/revisions\/33069"}],"wp:featuredmedia":[{"embeddable":true,"href":"https:\/\/www.rassegnastampa-totustuus.it\/cattolica\/wp-json\/wp\/v2\/media\/33068"}],"wp:attachment":[{"href":"https:\/\/www.rassegnastampa-totustuus.it\/cattolica\/wp-json\/wp\/v2\/media?parent=4354"}],"wp:term":[{"taxonomy":"category","embeddable":true,"href":"https:\/\/www.rassegnastampa-totustuus.it\/cattolica\/wp-json\/wp\/v2\/categories?post=4354"},{"taxonomy":"post_tag","embeddable":true,"href":"https:\/\/www.rassegnastampa-totustuus.it\/cattolica\/wp-json\/wp\/v2\/tags?post=4354"}],"curies":[{"name":"wp","href":"https:\/\/api.w.org\/{rel}","templated":true}]}}