{"id":43492,"date":"2019-07-04T00:00:48","date_gmt":"2019-07-03T22:00:48","guid":{"rendered":"http:\/\/www.rassegnastampa-totustuus.it\/cattolica\/?p=43492"},"modified":"2019-07-04T09:15:11","modified_gmt":"2019-07-04T07:15:11","slug":"lorigine-antropica-del-riscaldamento-globale-e-una-congettura","status":"publish","type":"post","link":"https:\/\/www.rassegnastampa-totustuus.it\/cattolica\/lorigine-antropica-del-riscaldamento-globale-e-una-congettura\/","title":{"rendered":"\u00abL\u2019origine antropica del riscaldamento globale \u00e8 una congettura\u00bb"},"content":{"rendered":"<p style=\"text-align: center;\"><strong> <a href=\"https:\/\/www.rassegnastampa-totustuus.it\/cattolica\/wp-content\/uploads\/2019\/07\/Renato_Angelo_Ricci.jpg\"><img loading=\"lazy\" decoding=\"async\" width=\"160\" height=\"200\" class=\"alignleft wp-image-43494\" alt=\"\" src=\"https:\/\/www.rassegnastampa-totustuus.it\/cattolica\/wp-content\/uploads\/2019\/07\/Renato_Angelo_Ricci.jpg\"><\/a>da <a href=\"https:\/\/www.tempi.it\/\" target=\"_blank\" rel=\"noopener noreferrer\">Tempi.it <\/a><\/strong>28 Giugno 2019<\/p>\n<p style=\"text-align: justify;\"><em>Bisogna basarsi sui \u00abfatti\u00bb, non sulla \u00abpropaganda\u00bb. Intervista al professor Ricci, tra i firmatari dell\u2019appello \u201cClima, una petizione controcorrente\u201d<\/em><\/p>\n<p style=\"text-align: center;\"><strong>Emanuele Boffi &nbsp;<\/strong><\/p>\n<p><!--more--><\/p>\n<p style=\"text-align: justify;\">\u00abNon si pu\u00f2 prendere una ragazzina e mandarla in giro per il mondo a \u201clottare\u201d, ho proprio sentito usare questo verbo come slogan nelle varie manifestazioni di piazza, contro il cambiamento climatico.&nbsp;Ma che significa? \u00c8 un\u2019affermazione che ha la stessa logica di chi afferma di volere \u201clottare\u201d contro il fatto che la terra giri su se stessa\u00bb.<\/p>\n<p style=\"text-align: justify;\">Renato Angelo Ricci, professore emerito di Fisica all\u2019Universit\u00e0 di Padova, gi\u00e0 presidente della Societ\u00e0 italiana di Fisica e della Societ\u00e0 europea di Fisica, \u00e8 tra i firmatari di <strong><a href=\"http:\/\/www.opinione.it\/cultura\/2019\/06\/19\/redazione_riscaldamento-globale-antropico-clima-inquinamento-uberto-crescenti-antonino-zichichi\/?altTemplate=Stampa\" target=\"_blank\" rel=\"noreferrer noopener\">\u201cClima, una petizione controcorrente\u201d<\/a><\/strong> pubblicata qualche giorno fa dall\u2019<em>Opinione<\/em>.<\/p>\n<p style=\"text-align: justify;\"><strong>Cosa \u201cnon\u201d sappiamo <\/strong><\/p>\n<p><a href=\"https:\/\/www.rassegnastampa-totustuus.it\/cattolica\/wp-content\/uploads\/2019\/07\/clima_ghiacci.jpg\"><img loading=\"lazy\" decoding=\"async\" width=\"250\" height=\"167\" class=\"alignright wp-image-43493\" alt=\"\" src=\"https:\/\/www.rassegnastampa-totustuus.it\/cattolica\/wp-content\/uploads\/2019\/07\/clima_ghiacci-300x200.jpg\" srcset=\"https:\/\/www.rassegnastampa-totustuus.it\/cattolica\/wp-content\/uploads\/2019\/07\/clima_ghiacci-300x200.jpg 300w, https:\/\/www.rassegnastampa-totustuus.it\/cattolica\/wp-content\/uploads\/2019\/07\/clima_ghiacci-768x512.jpg 768w, https:\/\/www.rassegnastampa-totustuus.it\/cattolica\/wp-content\/uploads\/2019\/07\/clima_ghiacci-1024x683.jpg 1024w, https:\/\/www.rassegnastampa-totustuus.it\/cattolica\/wp-content\/uploads\/2019\/07\/clima_ghiacci-595x400.jpg 595w, https:\/\/www.rassegnastampa-totustuus.it\/cattolica\/wp-content\/uploads\/2019\/07\/clima_ghiacci.jpg 1600w\" sizes=\"auto, (max-width: 250px) 100vw, 250px\" \/><\/a><\/p>\n<p style=\"text-align: justify;\">La lettera, indirizzata ai politici, raccoglie le firme di studiosi, professori, esperti di alto livello sul tema del \u201criscaldamento globale antropico\u201d. Oltre a Ricci, l\u2019hanno sottoscritta personalit\u00e0 accademiche importanti come Uberto Crescenti, Franco Prodi, Antonino Zichichi. La missiva \u00e8 ricca di dati, spiegazioni, \u00abfatti\u00bb, come scrivono i firmatari, per richiamare tutti a un sano realismo di fronte ai sempre pi\u00f9 frequenti allarmismi climatici.<\/p>\n<p style=\"text-align: justify;\">\u00abLa nostra petizione \u2013 spiega Ricci a tempi.it \u2013 vuole rimettere le cose un po\u2019 in ordine e riportare il problema sui sentieri di un serio dibattito scientifico. Spiegare cosa sappiamo a proposito di cambiamenti climatici e, soprattutto, cosa \u201cnon\u201d sappiamo. Perch\u00e9, vede, la prima questione da puntualizzare \u00e8 proprio questa: \u00e8 pi\u00f9 quel che non si sa, di quel che si sa. Uno scienziato che si voglia serio, che non si faccia guidare dalla propaganda e che non si lasci trascinare in polemiche e allarmismi inutili, deve basarsi sui fatti, essere disposto a proporre ipotesi che possano essere discusse, non accontentarsi di modelli, considerati infallibili, che prefigurano opinabili scenari. Insomma, deve seguire il metodo galileiano. Altrimenti il suo non \u00e8 un atteggiamento scientifico, ma fideistico\u00bb.<\/p>\n<p style=\"text-align: justify;\"><strong>Posizione anticatastrofista <\/strong><\/p>\n<p style=\"text-align: justify;\"><a href=\"https:\/\/www.rassegnastampa-totustuus.it\/cattolica\/wp-content\/uploads\/2017\/03\/global_warming.jpg\"><img loading=\"lazy\" decoding=\"async\" width=\"250\" height=\"187\" class=\"alignleft wp-image-37370\" alt=\"\" src=\"https:\/\/www.rassegnastampa-totustuus.it\/cattolica\/wp-content\/uploads\/2017\/03\/global_warming.jpg\"><\/a>La petizione tocca diversi punti oggi al centro della discussione pubblica, andando a smontare diverse affermazioni che ormai, come nota Ricci, \u00absono diventate \u201cverit\u00e0 incontrovertibili\u201d. Ma dire \u201cverit\u00e0 incontrovertibili\u201d nel linguaggio scientifico \u00e8 una bestemmia.<\/p>\n<p style=\"text-align: justify;\">Permettere poi&nbsp;che si confonda il problema climatico con le giuste preoccupazioni relative all\u2019inquinamento (la Co2 non \u00e8 un inquinante, semmai un gas serra, meno importante ad esempio del metano e del vapore acqueo) e con altri problemi ambientali reali \u00e8 mistificante. La nostra \u00e8 una ferma posizione anticatastrofista analoga a quella di anni fa contro i falsi allarmismi dell\u2019\u201delettrosmog\u201d e degli Ogm (organismi geneticamente modificati)\u00bb.<\/p>\n<p style=\"text-align: justify;\"><strong>Miliardi di euro <\/strong><\/p>\n<p style=\"text-align: justify;\">Il lettore avr\u00e0 la pazienza di seguire il link sopra riportato per approfondire le tematiche toccate dalla petizione, qui si riporta l\u2019osservazione di Ricci che si dice sconcertato dal fatto che \u00abormai pare non si possa pi\u00f9 discutere di nulla. Chi pone dubbi sui cambiamenti climatici d\u2019origine antropica \u00e8 messo al bando. \u00c8 qualcosa di assurdo. Ormai ci sono scienziati che devono aspettare la pensione per potere dire cosa pensano perch\u00e9, se solo lo facessero mentre sono in attivit\u00e0 o se solo osassero mettere in discussione le tesi dell\u2019Ipcc (Intergovernamental Panel on Climate Change), sarebbero subito additati come \u201cnegazionisti\u201d, imbecilli o addirittura criminali\u00bb.<\/p>\n<p style=\"text-align: justify;\"><a href=\"https:\/\/www.rassegnastampa-totustuus.it\/cattolica\/wp-content\/uploads\/2014\/08\/global-warming.jpg\"><img loading=\"lazy\" decoding=\"async\" width=\"200\" height=\"200\" class=\"alignright wp-image-9443\" alt=\"\" src=\"https:\/\/www.rassegnastampa-totustuus.it\/cattolica\/wp-content\/uploads\/2014\/08\/global-warming-300x300.jpg\" srcset=\"https:\/\/www.rassegnastampa-totustuus.it\/cattolica\/wp-content\/uploads\/2014\/08\/global-warming.jpg 300w, https:\/\/www.rassegnastampa-totustuus.it\/cattolica\/wp-content\/uploads\/2014\/08\/global-warming-150x150.jpg 150w\" sizes=\"auto, (max-width: 200px) 100vw, 200px\" \/><\/a>Risultato? \u00abIl risultato \u00e8 che poi i responsabili dei vari Stati prendono provvedimenti in base a questi assunti e spendono miliardi di euro che potrebbero essere destinati a cause migliori\u00bb.<\/p>\n<p style=\"text-align: justify;\"><strong>Il clima cambia <\/strong><\/p>\n<p style=\"text-align: justify;\">I cambiamenti climatici ci sono sempre stati e ci saranno sempre (per dirla con Franco Prodi, quel che \u00e8 certo del clima \u00e8 che cambia). Nella petizione si ricorda \u00abche il riscaldamento osservato dal 1900 ad oggi \u00e8 in realt\u00e0 iniziato nel 1700, cio\u00e8 al minimo della Piccola Era Glaciale, il periodo pi\u00f9 freddo degli ultimi 10.000 anni\u00bb. Al contrario, \u00abl\u2019origine antropica del riscaldamento globale \u00e8 una congettura non dimostrata, dedotta solo da alcuni modelli climatici, cio\u00e8 complessi programmi al computer, chiamati General Circulation Models\u00bb.<\/p>\n<p style=\"text-align: justify;\">Ricci e gli altri scienziati contestano in particolare due \u201cdogmi\u201d: \u00abIl primo \u2013 ci spiega il professore \u2013 \u00e8 l\u2019assunto secondo cui il \u201criscaldamento globale \u00e8 appurato che sia di origine essenzialmente (al 99%!) antropica\u201d. Il che discende dalla sequenza riduttiva: cambiamento climatico = riscaldamento globale = riscaldamento globale antropico. Una semplificazione senza significato. Se stiamo ai dati, non \u00e8 scientificamente realistico attribuire all\u2019uomo la responsabilit\u00e0 quasi totale del riscaldamento osservato dal secolo passato ad oggi. Chi lo fa, si affida a modelli che sovrastimano l\u2019incidenza antropica mentre sottostimano la variabilit\u00e0 climatica naturale, fenomeno assai complesso che implica l\u2019uso di numerosi &nbsp;parametri, molti dei quali tutt\u2019altro che definiti\u00bb.<\/p>\n<p style=\"text-align: justify;\"><strong>La natura governa il clima <\/strong><\/p>\n<p style=\"text-align: justify;\"><a href=\"https:\/\/www.rassegnastampa-totustuus.it\/cattolica\/wp-content\/uploads\/2004\/11\/clima.jpg\"><img loading=\"lazy\" decoding=\"async\" width=\"250\" height=\"187\" class=\"alignleft wp-image-35794\" alt=\"\" src=\"https:\/\/www.rassegnastampa-totustuus.it\/cattolica\/wp-content\/uploads\/2004\/11\/clima.jpg\"><\/a>Assunto numero due. A Ricci e agli altri che s\u2019oppongono alla vulgata allarmista non va gi\u00f9 che sia fatta passare l\u2019affermazione secondo cui \u00abil 97 per cento degli scienziati sono d\u2019accordo sul fatto che i cambiamenti climatici sono d\u2019origine antropica. A parte il fatto che le verit\u00e0 scientifiche non si affermano a colpi di&nbsp;maggioranza (Galileo insegna), ci\u00f2 comunque non \u00e8 vero, \u00e8 falso. Come abbiamo ricordato anche nella petizione, gi\u00e0 moltissimi autorevoli colleghi come quelli (migliaia) riuniti intorno al fisico Frederick Seitz, gi\u00e0 presidente della National Academy of Sciences americana, oltre a quelli aderenti &nbsp;al Non-governamental International Panel on Climate Change (Nipcc), sostengono che \u201cla natura, non l\u2019attivit\u00e0 dell\u2019uomo, governa il clima\u201d\u00bb.<\/p>\n<p style=\"text-align: justify;\"><strong>Altri dieci anni. Ancora <\/strong><\/p>\n<p style=\"text-align: justify;\"><a href=\"https:\/\/www.rassegnastampa-totustuus.it\/cattolica\/wp-content\/uploads\/2012\/02\/clima.jpg\"><img loading=\"lazy\" decoding=\"async\" width=\"250\" height=\"166\" class=\"alignright wp-image-30174\" alt=\"\" src=\"https:\/\/www.rassegnastampa-totustuus.it\/cattolica\/wp-content\/uploads\/2012\/02\/clima.jpg\"><\/a>Semmai, aggiunge Ricci con amara ironia, \u00abl\u2019unico 99 o 97 per cento di consensi che si raccoglie attorno a una tesi \u00e8 costituito dalla grande stampa e dai mezzi di comunicazione (purtroppo anche di divulgazione scientifica, che confondono opportunisticamente un sano scetticismo e dubbio scientifico con le banalit\u00e0 delle fake news) schierati compattamente dalla parte di chi sostiene il riscaldamento globale antropico. E, cos\u00ec, <strong><a href=\"https:\/\/www.tempi.it\/abbiamo-10-anni-per-salvare-la-terra-dicevamo-nel-1989\/\" target=\"_blank\" rel=\"noreferrer noopener\">ogni dieci anni<\/a><\/strong>, ci dicono che abbiamo solo dieci anni per salvare il pianeta. Ne sono passati pi\u00f9 di trenta. Ormai non si \u00e8 perso solo il lume della ragione scientifica, ma anche il senso del ridicolo\u00bb.<\/p>\n","protected":false},"excerpt":{"rendered":"<p>da Tempi.it 28 Giugno 2019 Bisogna basarsi sui \u00abfatti\u00bb, non sulla \u00abpropaganda\u00bb. Intervista al professor Ricci, tra i firmatari dell\u2019appello \u201cClima, una petizione controcorrente\u201d Emanuele Boffi &nbsp;<\/p><p><a class=\"more-link btn\" href=\"https:\/\/www.rassegnastampa-totustuus.it\/cattolica\/lorigine-antropica-del-riscaldamento-globale-e-una-congettura\/\">Continua a leggere<\/a><\/p>\n","protected":false},"author":6,"featured_media":43493,"comment_status":"closed","ping_status":"closed","sticky":false,"template":"","format":"standard","meta":{"footnotes":""},"categories":[3],"tags":[2387,2305,498],"class_list":["post-43492","post","type-post","status-publish","format-standard","has-post-thumbnail","hentry","category-ambientalismo","tag-ambientalismo","tag-clima","tag-global-warming","item-wrap"],"yoast_head":"<!-- This site is optimized with the Yoast SEO plugin v27.5 - https:\/\/yoast.com\/product\/yoast-seo-wordpress\/ -->\n<title>\u00abL\u2019origine antropica del riscaldamento globale \u00e8 una congettura\u00bb - Rassegna Stampa Cattolica<\/title>\n<meta name=\"description\" content=\"Rassegna Stampa Cattolica - Per una cultura che nasce dalla Rivelazione cristiana in conformit\u00e0 alla tradizione e al Magistero della Chiesa in opposizione ad ogni relativismo e totalitarismo\" \/>\n<meta name=\"robots\" content=\"index, follow, max-snippet:-1, max-image-preview:large, max-video-preview:-1\" \/>\n<link rel=\"canonical\" href=\"https:\/\/www.rassegnastampa-totustuus.it\/cattolica\/lorigine-antropica-del-riscaldamento-globale-e-una-congettura\/\" \/>\n<meta property=\"og:locale\" content=\"it_IT\" \/>\n<meta property=\"og:type\" content=\"article\" \/>\n<meta property=\"og:title\" content=\"\u00abL\u2019origine antropica del riscaldamento globale \u00e8 una congettura\u00bb - Rassegna Stampa Cattolica\" \/>\n<meta property=\"og:description\" content=\"Rassegna Stampa Cattolica - Per una cultura che nasce dalla Rivelazione cristiana in conformit\u00e0 alla tradizione e al Magistero della Chiesa in opposizione ad ogni relativismo e totalitarismo\" \/>\n<meta property=\"og:url\" content=\"https:\/\/www.rassegnastampa-totustuus.it\/cattolica\/lorigine-antropica-del-riscaldamento-globale-e-una-congettura\/\" \/>\n<meta property=\"og:site_name\" content=\"Rassegna Stampa Cattolica\" \/>\n<meta property=\"article:publisher\" content=\"https:\/\/www.facebook.com\/rassegnastampacattolica\" \/>\n<meta property=\"article:published_time\" content=\"2019-07-03T22:00:48+00:00\" \/>\n<meta property=\"article:modified_time\" content=\"2019-07-04T07:15:11+00:00\" \/>\n<meta property=\"og:image\" content=\"https:\/\/www.rassegnastampa-totustuus.it\/cattolica\/wp-content\/uploads\/2019\/07\/clima_ghiacci.jpg\" \/>\n\t<meta property=\"og:image:width\" content=\"1600\" \/>\n\t<meta property=\"og:image:height\" content=\"1067\" \/>\n\t<meta property=\"og:image:type\" content=\"image\/jpeg\" \/>\n<meta name=\"author\" content=\"Redazione\" \/>\n<meta name=\"twitter:card\" content=\"summary_large_image\" \/>\n<meta name=\"twitter:creator\" content=\"@rassegnastampa9\" \/>\n<meta name=\"twitter:site\" content=\"@rassegnastampa9\" \/>\n<meta name=\"twitter:label1\" content=\"Scritto da\" \/>\n\t<meta name=\"twitter:data1\" content=\"Redazione\" \/>\n\t<meta name=\"twitter:label2\" content=\"Tempo di lettura stimato\" \/>\n\t<meta name=\"twitter:data2\" content=\"5 minuti\" \/>\n<script type=\"application\/ld+json\" class=\"yoast-schema-graph\">{\"@context\":\"https:\\\/\\\/schema.org\",\"@graph\":[{\"@type\":\"Article\",\"@id\":\"https:\\\/\\\/www.rassegnastampa-totustuus.it\\\/cattolica\\\/lorigine-antropica-del-riscaldamento-globale-e-una-congettura\\\/#article\",\"isPartOf\":{\"@id\":\"https:\\\/\\\/www.rassegnastampa-totustuus.it\\\/cattolica\\\/lorigine-antropica-del-riscaldamento-globale-e-una-congettura\\\/\"},\"author\":{\"name\":\"Redazione\",\"@id\":\"https:\\\/\\\/www.rassegnastampa-totustuus.it\\\/cattolica\\\/#\\\/schema\\\/person\\\/08f319d2bd1a0904ad9e2bfb7b15e5c3\"},\"headline\":\"\u00abL\u2019origine antropica del riscaldamento globale \u00e8 una congettura\u00bb\",\"datePublished\":\"2019-07-03T22:00:48+00:00\",\"dateModified\":\"2019-07-04T07:15:11+00:00\",\"mainEntityOfPage\":{\"@id\":\"https:\\\/\\\/www.rassegnastampa-totustuus.it\\\/cattolica\\\/lorigine-antropica-del-riscaldamento-globale-e-una-congettura\\\/\"},\"wordCount\":971,\"publisher\":{\"@id\":\"https:\\\/\\\/www.rassegnastampa-totustuus.it\\\/cattolica\\\/#organization\"},\"image\":{\"@id\":\"https:\\\/\\\/www.rassegnastampa-totustuus.it\\\/cattolica\\\/lorigine-antropica-del-riscaldamento-globale-e-una-congettura\\\/#primaryimage\"},\"thumbnailUrl\":\"https:\\\/\\\/www.rassegnastampa-totustuus.it\\\/cattolica\\\/wp-content\\\/uploads\\\/2019\\\/07\\\/clima_ghiacci.jpg\",\"keywords\":[\"Ambientalismo\",\"clima\",\"global warming\"],\"articleSection\":[\"Ambientalismo\"],\"inLanguage\":\"it-IT\"},{\"@type\":\"WebPage\",\"@id\":\"https:\\\/\\\/www.rassegnastampa-totustuus.it\\\/cattolica\\\/lorigine-antropica-del-riscaldamento-globale-e-una-congettura\\\/\",\"url\":\"https:\\\/\\\/www.rassegnastampa-totustuus.it\\\/cattolica\\\/lorigine-antropica-del-riscaldamento-globale-e-una-congettura\\\/\",\"name\":\"\u00abL\u2019origine antropica del riscaldamento globale \u00e8 una congettura\u00bb - Rassegna Stampa Cattolica\",\"isPartOf\":{\"@id\":\"https:\\\/\\\/www.rassegnastampa-totustuus.it\\\/cattolica\\\/#website\"},\"primaryImageOfPage\":{\"@id\":\"https:\\\/\\\/www.rassegnastampa-totustuus.it\\\/cattolica\\\/lorigine-antropica-del-riscaldamento-globale-e-una-congettura\\\/#primaryimage\"},\"image\":{\"@id\":\"https:\\\/\\\/www.rassegnastampa-totustuus.it\\\/cattolica\\\/lorigine-antropica-del-riscaldamento-globale-e-una-congettura\\\/#primaryimage\"},\"thumbnailUrl\":\"https:\\\/\\\/www.rassegnastampa-totustuus.it\\\/cattolica\\\/wp-content\\\/uploads\\\/2019\\\/07\\\/clima_ghiacci.jpg\",\"datePublished\":\"2019-07-03T22:00:48+00:00\",\"dateModified\":\"2019-07-04T07:15:11+00:00\",\"description\":\"Rassegna Stampa Cattolica - Per una cultura che nasce dalla Rivelazione cristiana in conformit\u00e0 alla tradizione e al Magistero della Chiesa in opposizione ad ogni relativismo e totalitarismo\",\"breadcrumb\":{\"@id\":\"https:\\\/\\\/www.rassegnastampa-totustuus.it\\\/cattolica\\\/lorigine-antropica-del-riscaldamento-globale-e-una-congettura\\\/#breadcrumb\"},\"inLanguage\":\"it-IT\",\"potentialAction\":[{\"@type\":\"ReadAction\",\"target\":[\"https:\\\/\\\/www.rassegnastampa-totustuus.it\\\/cattolica\\\/lorigine-antropica-del-riscaldamento-globale-e-una-congettura\\\/\"]}]},{\"@type\":\"ImageObject\",\"inLanguage\":\"it-IT\",\"@id\":\"https:\\\/\\\/www.rassegnastampa-totustuus.it\\\/cattolica\\\/lorigine-antropica-del-riscaldamento-globale-e-una-congettura\\\/#primaryimage\",\"url\":\"https:\\\/\\\/www.rassegnastampa-totustuus.it\\\/cattolica\\\/wp-content\\\/uploads\\\/2019\\\/07\\\/clima_ghiacci.jpg\",\"contentUrl\":\"https:\\\/\\\/www.rassegnastampa-totustuus.it\\\/cattolica\\\/wp-content\\\/uploads\\\/2019\\\/07\\\/clima_ghiacci.jpg\",\"width\":1600,\"height\":1067,\"caption\":\"Melting glaciers are a clear sign of climat change and global warming.\"},{\"@type\":\"BreadcrumbList\",\"@id\":\"https:\\\/\\\/www.rassegnastampa-totustuus.it\\\/cattolica\\\/lorigine-antropica-del-riscaldamento-globale-e-una-congettura\\\/#breadcrumb\",\"itemListElement\":[{\"@type\":\"ListItem\",\"position\":1,\"name\":\"Home\",\"item\":\"https:\\\/\\\/www.rassegnastampa-totustuus.it\\\/cattolica\\\/\"},{\"@type\":\"ListItem\",\"position\":2,\"name\":\"\u00abL\u2019origine antropica del riscaldamento globale \u00e8 una congettura\u00bb\"}]},{\"@type\":\"WebSite\",\"@id\":\"https:\\\/\\\/www.rassegnastampa-totustuus.it\\\/cattolica\\\/#website\",\"url\":\"https:\\\/\\\/www.rassegnastampa-totustuus.it\\\/cattolica\\\/\",\"name\":\"Rassegna Stampa Cattolica\",\"description\":\"Per una cultura che nasce dalla Rivelazione cristiana in conformit\u00e0 alla tradizione e al Magistero della Chiesa in opposizione ad ogni relativismo e totalitarismo\",\"publisher\":{\"@id\":\"https:\\\/\\\/www.rassegnastampa-totustuus.it\\\/cattolica\\\/#organization\"},\"alternateName\":\"Rass. Cattolica\",\"potentialAction\":[{\"@type\":\"SearchAction\",\"target\":{\"@type\":\"EntryPoint\",\"urlTemplate\":\"https:\\\/\\\/www.rassegnastampa-totustuus.it\\\/cattolica\\\/?s={search_term_string}\"},\"query-input\":{\"@type\":\"PropertyValueSpecification\",\"valueRequired\":true,\"valueName\":\"search_term_string\"}}],\"inLanguage\":\"it-IT\"},{\"@type\":\"Organization\",\"@id\":\"https:\\\/\\\/www.rassegnastampa-totustuus.it\\\/cattolica\\\/#organization\",\"name\":\"Rassegna Stampa Cattolica\",\"url\":\"https:\\\/\\\/www.rassegnastampa-totustuus.it\\\/cattolica\\\/\",\"logo\":{\"@type\":\"ImageObject\",\"inLanguage\":\"it-IT\",\"@id\":\"https:\\\/\\\/www.rassegnastampa-totustuus.it\\\/cattolica\\\/#\\\/schema\\\/logo\\\/image\\\/\",\"url\":\"https:\\\/\\\/www.rassegnastampa-totustuus.it\\\/cattolica\\\/wp-content\\\/uploads\\\/2014\\\/04\\\/logo-rassegna1.gif\",\"contentUrl\":\"https:\\\/\\\/www.rassegnastampa-totustuus.it\\\/cattolica\\\/wp-content\\\/uploads\\\/2014\\\/04\\\/logo-rassegna1.gif\",\"width\":600,\"height\":163,\"caption\":\"Rassegna Stampa Cattolica\"},\"image\":{\"@id\":\"https:\\\/\\\/www.rassegnastampa-totustuus.it\\\/cattolica\\\/#\\\/schema\\\/logo\\\/image\\\/\"},\"sameAs\":[\"https:\\\/\\\/www.facebook.com\\\/rassegnastampacattolica\",\"https:\\\/\\\/x.com\\\/rassegnastampa9\"]},{\"@type\":\"Person\",\"@id\":\"https:\\\/\\\/www.rassegnastampa-totustuus.it\\\/cattolica\\\/#\\\/schema\\\/person\\\/08f319d2bd1a0904ad9e2bfb7b15e5c3\",\"name\":\"Redazione\",\"image\":{\"@type\":\"ImageObject\",\"inLanguage\":\"it-IT\",\"@id\":\"https:\\\/\\\/secure.gravatar.com\\\/avatar\\\/2fcdf27c78ea025fbdb44e914cc63c72249ffec9dc8aafd5c82b26240ef3f346?s=96&d=mm&r=g\",\"url\":\"https:\\\/\\\/secure.gravatar.com\\\/avatar\\\/2fcdf27c78ea025fbdb44e914cc63c72249ffec9dc8aafd5c82b26240ef3f346?s=96&d=mm&r=g\",\"contentUrl\":\"https:\\\/\\\/secure.gravatar.com\\\/avatar\\\/2fcdf27c78ea025fbdb44e914cc63c72249ffec9dc8aafd5c82b26240ef3f346?s=96&d=mm&r=g\",\"caption\":\"Redazione\"},\"url\":\"https:\\\/\\\/www.rassegnastampa-totustuus.it\\\/cattolica\\\/author\\\/pietroelle\\\/\"}]}<\/script>\n<!-- \/ Yoast SEO plugin. -->","yoast_head_json":{"title":"\u00abL\u2019origine antropica del riscaldamento globale \u00e8 una congettura\u00bb - Rassegna Stampa Cattolica","description":"Rassegna Stampa Cattolica - Per una cultura che nasce dalla Rivelazione cristiana in conformit\u00e0 alla tradizione e al Magistero della Chiesa in opposizione ad ogni relativismo e totalitarismo","robots":{"index":"index","follow":"follow","max-snippet":"max-snippet:-1","max-image-preview":"max-image-preview:large","max-video-preview":"max-video-preview:-1"},"canonical":"https:\/\/www.rassegnastampa-totustuus.it\/cattolica\/lorigine-antropica-del-riscaldamento-globale-e-una-congettura\/","og_locale":"it_IT","og_type":"article","og_title":"\u00abL\u2019origine antropica del riscaldamento globale \u00e8 una congettura\u00bb - Rassegna Stampa Cattolica","og_description":"Rassegna Stampa Cattolica - Per una cultura che nasce dalla Rivelazione cristiana in conformit\u00e0 alla tradizione e al Magistero della Chiesa in opposizione ad ogni relativismo e totalitarismo","og_url":"https:\/\/www.rassegnastampa-totustuus.it\/cattolica\/lorigine-antropica-del-riscaldamento-globale-e-una-congettura\/","og_site_name":"Rassegna Stampa Cattolica","article_publisher":"https:\/\/www.facebook.com\/rassegnastampacattolica","article_published_time":"2019-07-03T22:00:48+00:00","article_modified_time":"2019-07-04T07:15:11+00:00","og_image":[{"width":1600,"height":1067,"url":"https:\/\/www.rassegnastampa-totustuus.it\/cattolica\/wp-content\/uploads\/2019\/07\/clima_ghiacci.jpg","type":"image\/jpeg"}],"author":"Redazione","twitter_card":"summary_large_image","twitter_creator":"@rassegnastampa9","twitter_site":"@rassegnastampa9","twitter_misc":{"Scritto da":"Redazione","Tempo di lettura stimato":"5 minuti"},"schema":{"@context":"https:\/\/schema.org","@graph":[{"@type":"Article","@id":"https:\/\/www.rassegnastampa-totustuus.it\/cattolica\/lorigine-antropica-del-riscaldamento-globale-e-una-congettura\/#article","isPartOf":{"@id":"https:\/\/www.rassegnastampa-totustuus.it\/cattolica\/lorigine-antropica-del-riscaldamento-globale-e-una-congettura\/"},"author":{"name":"Redazione","@id":"https:\/\/www.rassegnastampa-totustuus.it\/cattolica\/#\/schema\/person\/08f319d2bd1a0904ad9e2bfb7b15e5c3"},"headline":"\u00abL\u2019origine antropica del riscaldamento globale \u00e8 una congettura\u00bb","datePublished":"2019-07-03T22:00:48+00:00","dateModified":"2019-07-04T07:15:11+00:00","mainEntityOfPage":{"@id":"https:\/\/www.rassegnastampa-totustuus.it\/cattolica\/lorigine-antropica-del-riscaldamento-globale-e-una-congettura\/"},"wordCount":971,"publisher":{"@id":"https:\/\/www.rassegnastampa-totustuus.it\/cattolica\/#organization"},"image":{"@id":"https:\/\/www.rassegnastampa-totustuus.it\/cattolica\/lorigine-antropica-del-riscaldamento-globale-e-una-congettura\/#primaryimage"},"thumbnailUrl":"https:\/\/www.rassegnastampa-totustuus.it\/cattolica\/wp-content\/uploads\/2019\/07\/clima_ghiacci.jpg","keywords":["Ambientalismo","clima","global warming"],"articleSection":["Ambientalismo"],"inLanguage":"it-IT"},{"@type":"WebPage","@id":"https:\/\/www.rassegnastampa-totustuus.it\/cattolica\/lorigine-antropica-del-riscaldamento-globale-e-una-congettura\/","url":"https:\/\/www.rassegnastampa-totustuus.it\/cattolica\/lorigine-antropica-del-riscaldamento-globale-e-una-congettura\/","name":"\u00abL\u2019origine antropica del riscaldamento globale \u00e8 una congettura\u00bb - Rassegna Stampa Cattolica","isPartOf":{"@id":"https:\/\/www.rassegnastampa-totustuus.it\/cattolica\/#website"},"primaryImageOfPage":{"@id":"https:\/\/www.rassegnastampa-totustuus.it\/cattolica\/lorigine-antropica-del-riscaldamento-globale-e-una-congettura\/#primaryimage"},"image":{"@id":"https:\/\/www.rassegnastampa-totustuus.it\/cattolica\/lorigine-antropica-del-riscaldamento-globale-e-una-congettura\/#primaryimage"},"thumbnailUrl":"https:\/\/www.rassegnastampa-totustuus.it\/cattolica\/wp-content\/uploads\/2019\/07\/clima_ghiacci.jpg","datePublished":"2019-07-03T22:00:48+00:00","dateModified":"2019-07-04T07:15:11+00:00","description":"Rassegna Stampa Cattolica - Per una cultura che nasce dalla Rivelazione cristiana in conformit\u00e0 alla tradizione e al Magistero della Chiesa in opposizione ad ogni relativismo e totalitarismo","breadcrumb":{"@id":"https:\/\/www.rassegnastampa-totustuus.it\/cattolica\/lorigine-antropica-del-riscaldamento-globale-e-una-congettura\/#breadcrumb"},"inLanguage":"it-IT","potentialAction":[{"@type":"ReadAction","target":["https:\/\/www.rassegnastampa-totustuus.it\/cattolica\/lorigine-antropica-del-riscaldamento-globale-e-una-congettura\/"]}]},{"@type":"ImageObject","inLanguage":"it-IT","@id":"https:\/\/www.rassegnastampa-totustuus.it\/cattolica\/lorigine-antropica-del-riscaldamento-globale-e-una-congettura\/#primaryimage","url":"https:\/\/www.rassegnastampa-totustuus.it\/cattolica\/wp-content\/uploads\/2019\/07\/clima_ghiacci.jpg","contentUrl":"https:\/\/www.rassegnastampa-totustuus.it\/cattolica\/wp-content\/uploads\/2019\/07\/clima_ghiacci.jpg","width":1600,"height":1067,"caption":"Melting glaciers are a clear sign of climat change and global warming."},{"@type":"BreadcrumbList","@id":"https:\/\/www.rassegnastampa-totustuus.it\/cattolica\/lorigine-antropica-del-riscaldamento-globale-e-una-congettura\/#breadcrumb","itemListElement":[{"@type":"ListItem","position":1,"name":"Home","item":"https:\/\/www.rassegnastampa-totustuus.it\/cattolica\/"},{"@type":"ListItem","position":2,"name":"\u00abL\u2019origine antropica del riscaldamento globale \u00e8 una congettura\u00bb"}]},{"@type":"WebSite","@id":"https:\/\/www.rassegnastampa-totustuus.it\/cattolica\/#website","url":"https:\/\/www.rassegnastampa-totustuus.it\/cattolica\/","name":"Rassegna Stampa Cattolica","description":"Per una cultura che nasce dalla Rivelazione cristiana in conformit\u00e0 alla tradizione e al Magistero della Chiesa in opposizione ad ogni relativismo e totalitarismo","publisher":{"@id":"https:\/\/www.rassegnastampa-totustuus.it\/cattolica\/#organization"},"alternateName":"Rass. Cattolica","potentialAction":[{"@type":"SearchAction","target":{"@type":"EntryPoint","urlTemplate":"https:\/\/www.rassegnastampa-totustuus.it\/cattolica\/?s={search_term_string}"},"query-input":{"@type":"PropertyValueSpecification","valueRequired":true,"valueName":"search_term_string"}}],"inLanguage":"it-IT"},{"@type":"Organization","@id":"https:\/\/www.rassegnastampa-totustuus.it\/cattolica\/#organization","name":"Rassegna Stampa Cattolica","url":"https:\/\/www.rassegnastampa-totustuus.it\/cattolica\/","logo":{"@type":"ImageObject","inLanguage":"it-IT","@id":"https:\/\/www.rassegnastampa-totustuus.it\/cattolica\/#\/schema\/logo\/image\/","url":"https:\/\/www.rassegnastampa-totustuus.it\/cattolica\/wp-content\/uploads\/2014\/04\/logo-rassegna1.gif","contentUrl":"https:\/\/www.rassegnastampa-totustuus.it\/cattolica\/wp-content\/uploads\/2014\/04\/logo-rassegna1.gif","width":600,"height":163,"caption":"Rassegna Stampa Cattolica"},"image":{"@id":"https:\/\/www.rassegnastampa-totustuus.it\/cattolica\/#\/schema\/logo\/image\/"},"sameAs":["https:\/\/www.facebook.com\/rassegnastampacattolica","https:\/\/x.com\/rassegnastampa9"]},{"@type":"Person","@id":"https:\/\/www.rassegnastampa-totustuus.it\/cattolica\/#\/schema\/person\/08f319d2bd1a0904ad9e2bfb7b15e5c3","name":"Redazione","image":{"@type":"ImageObject","inLanguage":"it-IT","@id":"https:\/\/secure.gravatar.com\/avatar\/2fcdf27c78ea025fbdb44e914cc63c72249ffec9dc8aafd5c82b26240ef3f346?s=96&d=mm&r=g","url":"https:\/\/secure.gravatar.com\/avatar\/2fcdf27c78ea025fbdb44e914cc63c72249ffec9dc8aafd5c82b26240ef3f346?s=96&d=mm&r=g","contentUrl":"https:\/\/secure.gravatar.com\/avatar\/2fcdf27c78ea025fbdb44e914cc63c72249ffec9dc8aafd5c82b26240ef3f346?s=96&d=mm&r=g","caption":"Redazione"},"url":"https:\/\/www.rassegnastampa-totustuus.it\/cattolica\/author\/pietroelle\/"}]}},"_links":{"self":[{"href":"https:\/\/www.rassegnastampa-totustuus.it\/cattolica\/wp-json\/wp\/v2\/posts\/43492","targetHints":{"allow":["GET"]}}],"collection":[{"href":"https:\/\/www.rassegnastampa-totustuus.it\/cattolica\/wp-json\/wp\/v2\/posts"}],"about":[{"href":"https:\/\/www.rassegnastampa-totustuus.it\/cattolica\/wp-json\/wp\/v2\/types\/post"}],"author":[{"embeddable":true,"href":"https:\/\/www.rassegnastampa-totustuus.it\/cattolica\/wp-json\/wp\/v2\/users\/6"}],"replies":[{"embeddable":true,"href":"https:\/\/www.rassegnastampa-totustuus.it\/cattolica\/wp-json\/wp\/v2\/comments?post=43492"}],"version-history":[{"count":3,"href":"https:\/\/www.rassegnastampa-totustuus.it\/cattolica\/wp-json\/wp\/v2\/posts\/43492\/revisions"}],"predecessor-version":[{"id":43500,"href":"https:\/\/www.rassegnastampa-totustuus.it\/cattolica\/wp-json\/wp\/v2\/posts\/43492\/revisions\/43500"}],"wp:featuredmedia":[{"embeddable":true,"href":"https:\/\/www.rassegnastampa-totustuus.it\/cattolica\/wp-json\/wp\/v2\/media\/43493"}],"wp:attachment":[{"href":"https:\/\/www.rassegnastampa-totustuus.it\/cattolica\/wp-json\/wp\/v2\/media?parent=43492"}],"wp:term":[{"taxonomy":"category","embeddable":true,"href":"https:\/\/www.rassegnastampa-totustuus.it\/cattolica\/wp-json\/wp\/v2\/categories?post=43492"},{"taxonomy":"post_tag","embeddable":true,"href":"https:\/\/www.rassegnastampa-totustuus.it\/cattolica\/wp-json\/wp\/v2\/tags?post=43492"}],"curies":[{"name":"wp","href":"https:\/\/api.w.org\/{rel}","templated":true}]}}