{"id":43484,"date":"2019-07-04T00:00:10","date_gmt":"2019-07-03T22:00:10","guid":{"rendered":"http:\/\/www.rassegnastampa-totustuus.it\/cattolica\/?p=43484"},"modified":"2019-07-03T10:11:14","modified_gmt":"2019-07-03T08:11:14","slug":"dovrebbero-chiamarlo-reddito-di-sudditanza","status":"publish","type":"post","link":"https:\/\/www.rassegnastampa-totustuus.it\/cattolica\/dovrebbero-chiamarlo-reddito-di-sudditanza\/","title":{"rendered":"Dovrebbero chiamarlo reddito di sudditanza"},"content":{"rendered":"<p style=\"text-align: center;\"><a href=\"https:\/\/www.rassegnastampa-totustuus.it\/cattolica\/wp-content\/uploads\/2019\/07\/reddito_universale-1.jpg\"><img loading=\"lazy\" decoding=\"async\" class=\"wp-image-43487 alignright\" src=\"https:\/\/www.rassegnastampa-totustuus.it\/cattolica\/wp-content\/uploads\/2019\/07\/reddito_universale-1.jpg\" alt=\"\" width=\"250\" height=\"164\" \/><\/a>da <a href=\"https:\/\/www.tempi.it\/\" target=\"_blank\" rel=\"noopener noreferrer\"><strong>Tempi <\/strong><\/a>n.6<\/p>\n<p style=\"text-align: center;\">Giugno 2019<\/p>\n<p style=\"text-align: justify;\"><em>Contro l\u2019Univarsal Basic Income. Perch\u00e9 il totem grillino piace tanto anche ai tycoon neoliberisti della Silicon Valley? Risponde un\u2019esperta internazionale di politiche sociali <\/em><\/p>\n<p style=\"text-align: center;\">di <strong>Leone Grotti<\/strong><\/p>\n<p><!--more--><\/p>\n<p style=\"text-align: justify;\">E se potessimo tutti vivere senza lavorare? Se lo Stato erogasse a ogni cittadino, dalla nascita fino alla morte, un assegno mensile a prescindere dalla sua condizione e dalle sue attivit\u00e0? Se ciascuno di noi ricevesse uno stipendio universale, incondizionato e sufficiente per condurre un\u2019esistenza dignitosa?<\/p>\n<div id=\"attachment_43489\" style=\"width: 149px\" class=\"wp-caption alignleft\"><a href=\"https:\/\/www.rassegnastampa-totustuus.it\/cattolica\/wp-content\/uploads\/2019\/07\/Anna-Coote.jpg\"><img loading=\"lazy\" decoding=\"async\" aria-describedby=\"caption-attachment-43489\" class=\"wp-image-43489\" src=\"https:\/\/www.rassegnastampa-totustuus.it\/cattolica\/wp-content\/uploads\/2019\/07\/Anna-Coote.jpg\" alt=\"\" width=\"149\" height=\"150\" srcset=\"https:\/\/www.rassegnastampa-totustuus.it\/cattolica\/wp-content\/uploads\/2019\/07\/Anna-Coote.jpg 224w, https:\/\/www.rassegnastampa-totustuus.it\/cattolica\/wp-content\/uploads\/2019\/07\/Anna-Coote-150x150.jpg 150w\" sizes=\"auto, (max-width: 149px) 100vw, 149px\" \/><\/a><p id=\"caption-attachment-43489\" class=\"wp-caption-text\">Anna Coote<\/p><\/div>\n<p style=\"text-align: justify;\">E\u2019 questo il mondo sognato dai sostenitori del reddito universale di base (Ubi), un mondo che Anna Coote definisce \u00abspaventoso e pericoloso\u00bb. L\u2019analista oggi \u00e8 a capo della ricerca in politiche sociali della New Economics Foundation, gi\u00e0 membro della Commissione britannica \u00a0per un futuro sostenibile e in passato direttrice della politica sanitaria del tink tank King\u2019s Fund. Il suo ultimo lavoro \u00e8 un rapporto stilato per Public Service International, federazione che riunisce sigle sindacali di tutto il mondo, Italia compresa, dal titolo: <em>Reddito universale di base. Un punto di vista sindacale.<\/em><\/p>\n<p style=\"text-align: justify;\">A capo di un gruppo di ricercatori, Coote ha analizzato 16 tentativi di introdurre il reddito universale di base in tutto il mondo, sia in paesi poveri (India, Malawi, Kenya), che in paesi ricchi (Canada, Stati Uniti, Finlandia, Olanda).<\/p>\n<p style=\"text-align: justify;\">Gli esperimenti analizzati differiscono a seconda di quanto spesso i pagamenti vengono fatti, quanto a lungo, chi ha diritto a riceverli e come queste elargizioni di denaro influiscono su altre forme di protezione sociale. Tra i progetti studiati c\u2019\u00e8 quello portato avanti da Unicef e Give Directly charity sostenuta da Google, che hanno regalato piccole somme di denaro a famiglie molto povere in villaggi dell\u2019India e del Kenya per permettere l\u2019avvio di un\u2019attivit\u00e0 fondamentale all\u2019autosostentamento.<\/p>\n<p style=\"text-align: justify;\"><a href=\"https:\/\/www.rassegnastampa-totustuus.it\/cattolica\/wp-content\/uploads\/2009\/03\/africa.jpg\"><img loading=\"lazy\" decoding=\"async\" class=\"alignright wp-image-30457\" src=\"https:\/\/www.rassegnastampa-totustuus.it\/cattolica\/wp-content\/uploads\/2009\/03\/africa.jpg\" alt=\"\" width=\"250\" height=\"154\" \/><\/a>Sotto la lente di ingrandimento \u00e8 finita anche l\u2019Alaska, che paga una somma annuale variabile a tutti gli adulti e i bambini a seconda dei proventi della vendita del petrolio: nel 2018 ha elargito 1.430 euro a testa. Interessante anche il progetto della Finlandia, che ha versato a duemila disoccupati tra i 25 e i 58 anni 560 euro esentasse al mese per due anni. Nessuno dei 16 progetti analizzati ha raggiunto gli scopi prefissati o si \u00e8 dimostrato sostenibile se allargato universalmente a tutti i cittadini.<\/p>\n<p style=\"text-align: justify;\">La conclusione dello studio dunque, ribadita da Coote in questa intervista a <em>Tempi<\/em>, \u00e8 tranciante: \u00abIl reddito universale\u00a0 di base per essere efficace deve essere insostenibile e per essere sostenibile deve essere inefficace\u00bb.<\/p>\n<p style=\"text-align: justify;\"><strong>Non \u00e8 pensabile una via di mezzo? <\/strong><\/p>\n<p style=\"text-align: justify;\">No, perch\u00e9 l\u2019Ubi secondo i suoi proponenti \u00e8 un assegno universale, distribuito in modo incondizionato. Anche i progetti che abbiamo studiato non possono essere definiti dei veri e propri esempi di reddito universale di base, dal momento che le somme sono state distribuite solo per un periodo limitato di tempo, riservate a una platea circoscritta di persone a seconda del reddito o della posizione lavorativa. Potremmo dire dunque che il redditor universale di base, nei fatti, non esiste nemmeno.<\/p>\n<p style=\"text-align: justify;\"><strong>Se esistesse, per\u00f2, potrebbe risolvere diversi problemi. <\/strong><\/p>\n<p style=\"text-align: justify;\"><a href=\"https:\/\/www.rassegnastampa-totustuus.it\/cattolica\/wp-content\/uploads\/2016\/02\/poveri.jpg\"><img loading=\"lazy\" decoding=\"async\" class=\"alignleft wp-image-30138\" src=\"https:\/\/www.rassegnastampa-totustuus.it\/cattolica\/wp-content\/uploads\/2016\/02\/poveri.jpg\" alt=\"\" width=\"250\" height=\"147\" \/><\/a>Secondo i suoi difensori, dovrebbe eliminare povert\u00e0 e diseguaglianze, garantendo ai cittadini una rete di sicurezza per proteggerli dall\u2019avvento dei robot nel mercato del lavoro. <strong>Niente male<\/strong>. Non direi, visto che non c\u2019\u00e8 alcuna prova che funzioni. L\u2019unico effetto certo dell\u2019Ubi sarebbe la distruzione dello Stato sociale cos\u00ec come lo conosciamo. Per versare a ogni cittadino un assegno mensile, lo Stato dovrebbe infatti tagliare dal primo all\u2019ultimo centesimo i fondi a sanit\u00e0, istruzione, trasporti, previdenza e molto altro ancora.<\/p>\n<p style=\"text-align: justify;\"><strong>Il reddito universale di base ha un costo cos\u00ec spropositato? <\/strong><\/p>\n<p style=\"text-align: justify;\">Secondo l\u2019International Labour Office, che in uno studio ha calcolato il costo dell\u2019Ubi in 130 paesi, la maggior parte degli Stati dovrebbe investire in questo strumento dal 20 al 30 per cento del proprio Pil. I paesi poveri, invece, dovrebbero spendere molto di pi\u00f9.<\/p>\n<p style=\"text-align: justify;\"><strong>Perch\u00e9 allora l\u2019idea riscuote tanto successo? <\/strong><\/p>\n<p style=\"text-align: justify;\">Perch\u00e9 tutti parlano dei benefici del reddito universale di base, nessuno delle sue necessarie conseguenze. E\u2019 una teoria che va molto di moda oggi, ma \u00e8 una fantasia pericolosa: non farebbe che mercificare lo Stato sociale.<\/p>\n<p style=\"text-align: justify;\"><strong>Che cosa intende? <\/strong><\/p>\n<p style=\"text-align: justify;\"><a href=\"https:\/\/www.rassegnastampa-totustuus.it\/cattolica\/wp-content\/uploads\/2019\/07\/reddito_universale.jpg\"><img loading=\"lazy\" decoding=\"async\" class=\"wp-image-43485 alignright\" src=\"https:\/\/www.rassegnastampa-totustuus.it\/cattolica\/wp-content\/uploads\/2019\/07\/reddito_universale-300x236.jpg\" alt=\"\" width=\"250\" height=\"197\" srcset=\"https:\/\/www.rassegnastampa-totustuus.it\/cattolica\/wp-content\/uploads\/2019\/07\/reddito_universale-300x236.jpg 300w, https:\/\/www.rassegnastampa-totustuus.it\/cattolica\/wp-content\/uploads\/2019\/07\/reddito_universale-768x605.jpg 768w, https:\/\/www.rassegnastampa-totustuus.it\/cattolica\/wp-content\/uploads\/2019\/07\/reddito_universale-1024x806.jpg 1024w, https:\/\/www.rassegnastampa-totustuus.it\/cattolica\/wp-content\/uploads\/2019\/07\/reddito_universale.jpg 1200w\" sizes=\"auto, (max-width: 250px) 100vw, 250px\" \/><\/a>L\u2019Ubi \u00e8 una soluzione individualista e mercantilista ai problemi creati da una economia basata sull\u2019individualismo e il libero mercato, come la differenza sempre pi\u00f9 marcata tra ricchi e poveri. E\u2019 in sostanza una capitolazione al neoliberismo e anche se funzionasse non sarebbe pertanto desiderabile.<\/p>\n<p style=\"text-align: justify;\"><strong>Perch\u00e9? <\/strong><\/p>\n<p style=\"text-align: justify;\">Da un punto di vista generale, alla gente non piacciono i \u201cparassiti\u201d, cio\u00e8 quelli che vivono a spese dello Stato senza fare nulla. Le persone hanno bisogno di contribuire con il proprio lavoro e le tasse alla costruzione della societ\u00e0. Un mondo dove la gente non lavora, o non si cura del lavoro che fa e di che cosa produce, per ricevere il suo reddito dallo Stato, \u00e8 spaventoso.<\/p>\n<p style=\"text-align: justify;\"><strong>Molti invece lo definirebbero \u201cmeraviglioso\u201d. <\/strong><\/p>\n<p style=\"text-align: justify;\">Proviamo a pensare a quanto potere avrebbe lo Stato. Se lo Stato fosse l\u2019unica fonte di sostentamento dei cittadini, potrebbe farne ci\u00f2 che vuole. E\u2019 molto diverso immaginare un sistema in cui i governi aiutano i cittadini a vivere quando questi non ce la fanno a causa di disabilit\u00e0, vecchiaia o perdita temporanea del lavoro. Noi non siamo contro un sistema che sostiene il reddito dei pi\u00f9 svantaggiati. Ma qui c\u2019\u00e8 sotto una diversa idea di societ\u00e0. Non \u00e8 un caso, infatti, che l\u2019Ubi sia sponsorizzato dai tycoon di Silicon Valley.<\/p>\n<p style=\"text-align: justify;\"><strong>Che cosa c\u2019entrano Google, Amazzon e altri colossi della tecnologia? <\/strong><\/p>\n<p style=\"text-align: justify;\"><a href=\"https:\/\/www.rassegnastampa-totustuus.it\/cattolica\/wp-content\/uploads\/2018\/11\/shopping_consumismo.jpg\"><img loading=\"lazy\" decoding=\"async\" class=\"alignleft wp-image-41544\" src=\"https:\/\/www.rassegnastampa-totustuus.it\/cattolica\/wp-content\/uploads\/2018\/11\/shopping_consumismo.jpg\" alt=\"\" width=\"250\" height=\"148\" \/><\/a>Sono i primi sostenitori del reddito universale di base, perch\u00e9 il loro obiettivo \u00e8 quello di avere una popolazione mondiale tranquilla, soddisfatta e con una quantit\u00e0 di soldi sufficiente a continuare a fare shopping. Vogliono delle persone che non debbano preoccuparsi di nulla, dipendenti dallo Strato e quindi impossibilitati a ribellarsi, che abbiano sempre denaro da spendere per tenere in piedi la societ\u00e0 dei consumi.<\/p>\n<p style=\"text-align: justify;\"><strong>I problemi ai quali l\u2019Ubi vorrebbe porre rimedio per\u00f2 sono reali. <\/strong><\/p>\n<p style=\"text-align: justify;\">Certo, ma non c\u2019\u00e8 un solo modo per rispondere. Io ad esempio sto lavorando da una decina d\u2019anni a un modello economico che preveda una settimana lavorativa di 21 ore. Ci sarebbero vantaggi economici, sociali e ambientali.<\/p>\n<p style=\"text-align: justify;\"><strong>Anche questa idea sembra difficilmente sostenibile. <\/strong><\/p>\n<p style=\"text-align: justify;\">Invece lo \u00e8, a patto che cominciamo a dare al tempo lo stesso valore che diamo ai soldi. E\u2019 un sistema che richiede una transizione verso una economia nuova, un nuovo modo di lavorare, di vivere, di concepire la produzione e di guardare all\u2019ambiente. Da sola, ovviamente, questa nuova settimana lavorativa non basterebbe a risolvere tutti i problemi.<\/p>\n<p style=\"text-align: justify;\"><strong>Che cos\u2019altro servirebbe? <\/strong><\/p>\n<p style=\"text-align: justify;\"><a href=\"https:\/\/www.rassegnastampa-totustuus.it\/cattolica\/wp-content\/uploads\/2005\/07\/insegnante_scuola.jpg\"><img loading=\"lazy\" decoding=\"async\" class=\"alignright wp-image-35878\" src=\"https:\/\/www.rassegnastampa-totustuus.it\/cattolica\/wp-content\/uploads\/2005\/07\/insegnante_scuola.jpg\" alt=\"\" width=\"240\" height=\"180\" \/><\/a>Un\u2019idea molto interessante riguarda l\u2019espansione dello \u201cstipendio sociale\u201d attraverso lo sviluppo dei servizi universali di base (Ubs).<\/p>\n<p style=\"text-align: justify;\"><strong>Che cos\u2019\u00e8 lo stipendio sociale? <\/strong><\/p>\n<p style=\"text-align: justify;\">Si tratta, secondo la definizione dello storico dell\u2019economia R.H.Tawney, di tutti quei servizi essenziali che non paghiamo direttamente ma che sono finanziati attraverso le tasse: la sanit\u00e0, l\u2019istruzione, i trasporti, le strade, i parchi pubblici, la polizia. La politica denominata Ubs prevede investimenti ingenti per migliorare e rendere accessibili in modo universale trasporti, istruzione, sanit\u00e0, servizi per l\u2019infanzia, assistenza sociale e informazione. Allo stesso tempo, sarebbe necessario riformare radicalmente e migliorare la previdenza sociale.<\/p>\n<p style=\"text-align: justify;\"><strong>Un programma ambizioso. <\/strong><\/p>\n<p style=\"text-align: justify;\">Non si tratta di un\u2019alternativa magica al reddito universale di base, \u00e8 semplicemente un modo migliore e pi\u00f9 economico per raggiungere gli stessi scopi. Stiamo parlando ovviamente di soluzioni a lungo termine, che richiederanno tempo, investimenti e studi precisi per funzionare.<\/p>\n<p style=\"text-align: justify;\"><strong>Non si fida troppo della capacit\u00e0 dello Stato? <\/strong><\/p>\n<p style=\"text-align: justify;\"><a href=\"https:\/\/www.rassegnastampa-totustuus.it\/cattolica\/wp-content\/uploads\/2005\/06\/tasse.jpg\"><img loading=\"lazy\" decoding=\"async\" class=\"alignleft wp-image-28027\" src=\"https:\/\/www.rassegnastampa-totustuus.it\/cattolica\/wp-content\/uploads\/2005\/06\/tasse.jpg\" alt=\"\" width=\"250\" height=\"170\" \/><\/a>Non sito proponendo di tornare ai \u201cbei vecchi tempi\u201d del comunismo. L\u2019apporto dei privati sarebbe benvenuto, meglio se attraverso organizzazioni no profit. Ci sono molti modi per erogare un servizio. Lo Stato di sicuro dovrebbe garantire: a) l\u2019uguaglianza nell\u2019accesso ai servizi, b) la riscossione e la distribuzione delle risorse per renderli possibili, c) soprattutto fissare gli standard e farli rispettare. La modalit\u00e0 di erogazione e il soggetto erogatore possono cambiare da servizio a servizio. Per noi l\u2019idea di sussidiariet\u00e0 \u00e8 fondamentale e riconosciamo che spesso a livello locale, piuttosto che a livello nazionale, i servizi possono essere meglio gestiti.<\/p>\n<p style=\"text-align: justify;\"><strong>Gli Stati dovrebbero affrontare per\u00f2 una spesa ingente. <\/strong><\/p>\n<p style=\"text-align: justify;\">Si, ma rispetto al reddito universale di base cambia tutto. Non solo il sistema \u00e8 pi\u00f9 economico, ma anche pi\u00f9 efficiente e redditizio: come si pu\u00f2 definire \u201cspesa\u201d lo stanziamento di fondi per avere un\u2019istruzione davvero equa e di qualit\u00e0? Sarebbero i nostri figli a essere educati. Io lo chiamerei piuttosto investimento<\/p>\n","protected":false},"excerpt":{"rendered":"<p>da Tempi n.6 Giugno 2019 Contro l\u2019Univarsal Basic Income. Perch\u00e9 il totem grillino piace tanto anche ai tycoon neoliberisti della Silicon Valley? Risponde un\u2019esperta internazionale di politiche sociali di Leone Grotti<\/p><p><a class=\"more-link btn\" href=\"https:\/\/www.rassegnastampa-totustuus.it\/cattolica\/dovrebbero-chiamarlo-reddito-di-sudditanza\/\">Continua a leggere<\/a><\/p>\n","protected":false},"author":6,"featured_media":43485,"comment_status":"closed","ping_status":"closed","sticky":false,"template":"","format":"standard","meta":{"footnotes":""},"categories":[25,26],"tags":[600],"class_list":["post-43484","post","type-post","status-publish","format-standard","has-post-thumbnail","hentry","category-sguardo-sul-nostro-tempo","category-welfare","tag-welfare-2","item-wrap"],"yoast_head":"<!-- This site is optimized with the Yoast SEO plugin v27.5 - https:\/\/yoast.com\/product\/yoast-seo-wordpress\/ -->\n<title>Dovrebbero chiamarlo reddito di sudditanza - Rassegna Stampa Cattolica<\/title>\n<meta name=\"description\" content=\"Rassegna Stampa Cattolica - Per una cultura che nasce dalla Rivelazione cristiana in conformit\u00e0 alla tradizione e al Magistero della Chiesa in opposizione ad ogni relativismo e totalitarismo\" \/>\n<meta name=\"robots\" content=\"index, follow, max-snippet:-1, max-image-preview:large, max-video-preview:-1\" \/>\n<link rel=\"canonical\" href=\"https:\/\/www.rassegnastampa-totustuus.it\/cattolica\/dovrebbero-chiamarlo-reddito-di-sudditanza\/\" \/>\n<meta property=\"og:locale\" content=\"it_IT\" \/>\n<meta property=\"og:type\" content=\"article\" \/>\n<meta property=\"og:title\" content=\"Dovrebbero chiamarlo reddito di sudditanza - Rassegna Stampa Cattolica\" \/>\n<meta property=\"og:description\" content=\"Rassegna Stampa Cattolica - Per una cultura che nasce dalla Rivelazione cristiana in conformit\u00e0 alla tradizione e al Magistero della Chiesa in opposizione ad ogni relativismo e totalitarismo\" \/>\n<meta property=\"og:url\" content=\"https:\/\/www.rassegnastampa-totustuus.it\/cattolica\/dovrebbero-chiamarlo-reddito-di-sudditanza\/\" \/>\n<meta property=\"og:site_name\" content=\"Rassegna Stampa Cattolica\" \/>\n<meta property=\"article:publisher\" content=\"https:\/\/www.facebook.com\/rassegnastampacattolica\" \/>\n<meta property=\"article:published_time\" content=\"2019-07-03T22:00:10+00:00\" \/>\n<meta property=\"og:image\" content=\"https:\/\/www.rassegnastampa-totustuus.it\/cattolica\/wp-content\/uploads\/2019\/07\/reddito_universale.jpg\" \/>\n\t<meta property=\"og:image:width\" content=\"1200\" \/>\n\t<meta property=\"og:image:height\" content=\"945\" \/>\n\t<meta property=\"og:image:type\" content=\"image\/jpeg\" \/>\n<meta name=\"author\" content=\"Redazione\" \/>\n<meta name=\"twitter:card\" content=\"summary_large_image\" \/>\n<meta name=\"twitter:creator\" content=\"@rassegnastampa9\" \/>\n<meta name=\"twitter:site\" content=\"@rassegnastampa9\" \/>\n<meta name=\"twitter:label1\" content=\"Scritto da\" \/>\n\t<meta name=\"twitter:data1\" content=\"Redazione\" \/>\n\t<meta name=\"twitter:label2\" content=\"Tempo di lettura stimato\" \/>\n\t<meta name=\"twitter:data2\" content=\"7 minuti\" \/>\n<script type=\"application\/ld+json\" class=\"yoast-schema-graph\">{\"@context\":\"https:\\\/\\\/schema.org\",\"@graph\":[{\"@type\":\"Article\",\"@id\":\"https:\\\/\\\/www.rassegnastampa-totustuus.it\\\/cattolica\\\/dovrebbero-chiamarlo-reddito-di-sudditanza\\\/#article\",\"isPartOf\":{\"@id\":\"https:\\\/\\\/www.rassegnastampa-totustuus.it\\\/cattolica\\\/dovrebbero-chiamarlo-reddito-di-sudditanza\\\/\"},\"author\":{\"name\":\"Redazione\",\"@id\":\"https:\\\/\\\/www.rassegnastampa-totustuus.it\\\/cattolica\\\/#\\\/schema\\\/person\\\/08f319d2bd1a0904ad9e2bfb7b15e5c3\"},\"headline\":\"Dovrebbero chiamarlo reddito di sudditanza\",\"datePublished\":\"2019-07-03T22:00:10+00:00\",\"mainEntityOfPage\":{\"@id\":\"https:\\\/\\\/www.rassegnastampa-totustuus.it\\\/cattolica\\\/dovrebbero-chiamarlo-reddito-di-sudditanza\\\/\"},\"wordCount\":1406,\"publisher\":{\"@id\":\"https:\\\/\\\/www.rassegnastampa-totustuus.it\\\/cattolica\\\/#organization\"},\"image\":{\"@id\":\"https:\\\/\\\/www.rassegnastampa-totustuus.it\\\/cattolica\\\/dovrebbero-chiamarlo-reddito-di-sudditanza\\\/#primaryimage\"},\"thumbnailUrl\":\"https:\\\/\\\/www.rassegnastampa-totustuus.it\\\/cattolica\\\/wp-content\\\/uploads\\\/2019\\\/07\\\/reddito_universale.jpg\",\"keywords\":[\"welfare\"],\"articleSection\":[\"Sguardo sul nostro tempo\",\"Welfare\"],\"inLanguage\":\"it-IT\"},{\"@type\":\"WebPage\",\"@id\":\"https:\\\/\\\/www.rassegnastampa-totustuus.it\\\/cattolica\\\/dovrebbero-chiamarlo-reddito-di-sudditanza\\\/\",\"url\":\"https:\\\/\\\/www.rassegnastampa-totustuus.it\\\/cattolica\\\/dovrebbero-chiamarlo-reddito-di-sudditanza\\\/\",\"name\":\"Dovrebbero chiamarlo reddito di sudditanza - Rassegna Stampa Cattolica\",\"isPartOf\":{\"@id\":\"https:\\\/\\\/www.rassegnastampa-totustuus.it\\\/cattolica\\\/#website\"},\"primaryImageOfPage\":{\"@id\":\"https:\\\/\\\/www.rassegnastampa-totustuus.it\\\/cattolica\\\/dovrebbero-chiamarlo-reddito-di-sudditanza\\\/#primaryimage\"},\"image\":{\"@id\":\"https:\\\/\\\/www.rassegnastampa-totustuus.it\\\/cattolica\\\/dovrebbero-chiamarlo-reddito-di-sudditanza\\\/#primaryimage\"},\"thumbnailUrl\":\"https:\\\/\\\/www.rassegnastampa-totustuus.it\\\/cattolica\\\/wp-content\\\/uploads\\\/2019\\\/07\\\/reddito_universale.jpg\",\"datePublished\":\"2019-07-03T22:00:10+00:00\",\"description\":\"Rassegna Stampa Cattolica - Per una cultura che nasce dalla Rivelazione cristiana in conformit\u00e0 alla tradizione e al Magistero della Chiesa in opposizione ad ogni relativismo e totalitarismo\",\"breadcrumb\":{\"@id\":\"https:\\\/\\\/www.rassegnastampa-totustuus.it\\\/cattolica\\\/dovrebbero-chiamarlo-reddito-di-sudditanza\\\/#breadcrumb\"},\"inLanguage\":\"it-IT\",\"potentialAction\":[{\"@type\":\"ReadAction\",\"target\":[\"https:\\\/\\\/www.rassegnastampa-totustuus.it\\\/cattolica\\\/dovrebbero-chiamarlo-reddito-di-sudditanza\\\/\"]}]},{\"@type\":\"ImageObject\",\"inLanguage\":\"it-IT\",\"@id\":\"https:\\\/\\\/www.rassegnastampa-totustuus.it\\\/cattolica\\\/dovrebbero-chiamarlo-reddito-di-sudditanza\\\/#primaryimage\",\"url\":\"https:\\\/\\\/www.rassegnastampa-totustuus.it\\\/cattolica\\\/wp-content\\\/uploads\\\/2019\\\/07\\\/reddito_universale.jpg\",\"contentUrl\":\"https:\\\/\\\/www.rassegnastampa-totustuus.it\\\/cattolica\\\/wp-content\\\/uploads\\\/2019\\\/07\\\/reddito_universale.jpg\",\"width\":1200,\"height\":945},{\"@type\":\"BreadcrumbList\",\"@id\":\"https:\\\/\\\/www.rassegnastampa-totustuus.it\\\/cattolica\\\/dovrebbero-chiamarlo-reddito-di-sudditanza\\\/#breadcrumb\",\"itemListElement\":[{\"@type\":\"ListItem\",\"position\":1,\"name\":\"Home\",\"item\":\"https:\\\/\\\/www.rassegnastampa-totustuus.it\\\/cattolica\\\/\"},{\"@type\":\"ListItem\",\"position\":2,\"name\":\"Dovrebbero chiamarlo reddito di sudditanza\"}]},{\"@type\":\"WebSite\",\"@id\":\"https:\\\/\\\/www.rassegnastampa-totustuus.it\\\/cattolica\\\/#website\",\"url\":\"https:\\\/\\\/www.rassegnastampa-totustuus.it\\\/cattolica\\\/\",\"name\":\"Rassegna Stampa Cattolica\",\"description\":\"Per una cultura che nasce dalla Rivelazione cristiana in conformit\u00e0 alla tradizione e al Magistero della Chiesa in opposizione ad ogni relativismo e totalitarismo\",\"publisher\":{\"@id\":\"https:\\\/\\\/www.rassegnastampa-totustuus.it\\\/cattolica\\\/#organization\"},\"alternateName\":\"Rass. Cattolica\",\"potentialAction\":[{\"@type\":\"SearchAction\",\"target\":{\"@type\":\"EntryPoint\",\"urlTemplate\":\"https:\\\/\\\/www.rassegnastampa-totustuus.it\\\/cattolica\\\/?s={search_term_string}\"},\"query-input\":{\"@type\":\"PropertyValueSpecification\",\"valueRequired\":true,\"valueName\":\"search_term_string\"}}],\"inLanguage\":\"it-IT\"},{\"@type\":\"Organization\",\"@id\":\"https:\\\/\\\/www.rassegnastampa-totustuus.it\\\/cattolica\\\/#organization\",\"name\":\"Rassegna Stampa Cattolica\",\"url\":\"https:\\\/\\\/www.rassegnastampa-totustuus.it\\\/cattolica\\\/\",\"logo\":{\"@type\":\"ImageObject\",\"inLanguage\":\"it-IT\",\"@id\":\"https:\\\/\\\/www.rassegnastampa-totustuus.it\\\/cattolica\\\/#\\\/schema\\\/logo\\\/image\\\/\",\"url\":\"https:\\\/\\\/www.rassegnastampa-totustuus.it\\\/cattolica\\\/wp-content\\\/uploads\\\/2014\\\/04\\\/logo-rassegna1.gif\",\"contentUrl\":\"https:\\\/\\\/www.rassegnastampa-totustuus.it\\\/cattolica\\\/wp-content\\\/uploads\\\/2014\\\/04\\\/logo-rassegna1.gif\",\"width\":600,\"height\":163,\"caption\":\"Rassegna Stampa Cattolica\"},\"image\":{\"@id\":\"https:\\\/\\\/www.rassegnastampa-totustuus.it\\\/cattolica\\\/#\\\/schema\\\/logo\\\/image\\\/\"},\"sameAs\":[\"https:\\\/\\\/www.facebook.com\\\/rassegnastampacattolica\",\"https:\\\/\\\/x.com\\\/rassegnastampa9\"]},{\"@type\":\"Person\",\"@id\":\"https:\\\/\\\/www.rassegnastampa-totustuus.it\\\/cattolica\\\/#\\\/schema\\\/person\\\/08f319d2bd1a0904ad9e2bfb7b15e5c3\",\"name\":\"Redazione\",\"image\":{\"@type\":\"ImageObject\",\"inLanguage\":\"it-IT\",\"@id\":\"https:\\\/\\\/secure.gravatar.com\\\/avatar\\\/2fcdf27c78ea025fbdb44e914cc63c72249ffec9dc8aafd5c82b26240ef3f346?s=96&d=mm&r=g\",\"url\":\"https:\\\/\\\/secure.gravatar.com\\\/avatar\\\/2fcdf27c78ea025fbdb44e914cc63c72249ffec9dc8aafd5c82b26240ef3f346?s=96&d=mm&r=g\",\"contentUrl\":\"https:\\\/\\\/secure.gravatar.com\\\/avatar\\\/2fcdf27c78ea025fbdb44e914cc63c72249ffec9dc8aafd5c82b26240ef3f346?s=96&d=mm&r=g\",\"caption\":\"Redazione\"},\"url\":\"https:\\\/\\\/www.rassegnastampa-totustuus.it\\\/cattolica\\\/author\\\/pietroelle\\\/\"}]}<\/script>\n<!-- \/ Yoast SEO plugin. -->","yoast_head_json":{"title":"Dovrebbero chiamarlo reddito di sudditanza - Rassegna Stampa Cattolica","description":"Rassegna Stampa Cattolica - Per una cultura che nasce dalla Rivelazione cristiana in conformit\u00e0 alla tradizione e al Magistero della Chiesa in opposizione ad ogni relativismo e totalitarismo","robots":{"index":"index","follow":"follow","max-snippet":"max-snippet:-1","max-image-preview":"max-image-preview:large","max-video-preview":"max-video-preview:-1"},"canonical":"https:\/\/www.rassegnastampa-totustuus.it\/cattolica\/dovrebbero-chiamarlo-reddito-di-sudditanza\/","og_locale":"it_IT","og_type":"article","og_title":"Dovrebbero chiamarlo reddito di sudditanza - Rassegna Stampa Cattolica","og_description":"Rassegna Stampa Cattolica - Per una cultura che nasce dalla Rivelazione cristiana in conformit\u00e0 alla tradizione e al Magistero della Chiesa in opposizione ad ogni relativismo e totalitarismo","og_url":"https:\/\/www.rassegnastampa-totustuus.it\/cattolica\/dovrebbero-chiamarlo-reddito-di-sudditanza\/","og_site_name":"Rassegna Stampa Cattolica","article_publisher":"https:\/\/www.facebook.com\/rassegnastampacattolica","article_published_time":"2019-07-03T22:00:10+00:00","og_image":[{"width":1200,"height":945,"url":"https:\/\/www.rassegnastampa-totustuus.it\/cattolica\/wp-content\/uploads\/2019\/07\/reddito_universale.jpg","type":"image\/jpeg"}],"author":"Redazione","twitter_card":"summary_large_image","twitter_creator":"@rassegnastampa9","twitter_site":"@rassegnastampa9","twitter_misc":{"Scritto da":"Redazione","Tempo di lettura stimato":"7 minuti"},"schema":{"@context":"https:\/\/schema.org","@graph":[{"@type":"Article","@id":"https:\/\/www.rassegnastampa-totustuus.it\/cattolica\/dovrebbero-chiamarlo-reddito-di-sudditanza\/#article","isPartOf":{"@id":"https:\/\/www.rassegnastampa-totustuus.it\/cattolica\/dovrebbero-chiamarlo-reddito-di-sudditanza\/"},"author":{"name":"Redazione","@id":"https:\/\/www.rassegnastampa-totustuus.it\/cattolica\/#\/schema\/person\/08f319d2bd1a0904ad9e2bfb7b15e5c3"},"headline":"Dovrebbero chiamarlo reddito di sudditanza","datePublished":"2019-07-03T22:00:10+00:00","mainEntityOfPage":{"@id":"https:\/\/www.rassegnastampa-totustuus.it\/cattolica\/dovrebbero-chiamarlo-reddito-di-sudditanza\/"},"wordCount":1406,"publisher":{"@id":"https:\/\/www.rassegnastampa-totustuus.it\/cattolica\/#organization"},"image":{"@id":"https:\/\/www.rassegnastampa-totustuus.it\/cattolica\/dovrebbero-chiamarlo-reddito-di-sudditanza\/#primaryimage"},"thumbnailUrl":"https:\/\/www.rassegnastampa-totustuus.it\/cattolica\/wp-content\/uploads\/2019\/07\/reddito_universale.jpg","keywords":["welfare"],"articleSection":["Sguardo sul nostro tempo","Welfare"],"inLanguage":"it-IT"},{"@type":"WebPage","@id":"https:\/\/www.rassegnastampa-totustuus.it\/cattolica\/dovrebbero-chiamarlo-reddito-di-sudditanza\/","url":"https:\/\/www.rassegnastampa-totustuus.it\/cattolica\/dovrebbero-chiamarlo-reddito-di-sudditanza\/","name":"Dovrebbero chiamarlo reddito di sudditanza - Rassegna Stampa Cattolica","isPartOf":{"@id":"https:\/\/www.rassegnastampa-totustuus.it\/cattolica\/#website"},"primaryImageOfPage":{"@id":"https:\/\/www.rassegnastampa-totustuus.it\/cattolica\/dovrebbero-chiamarlo-reddito-di-sudditanza\/#primaryimage"},"image":{"@id":"https:\/\/www.rassegnastampa-totustuus.it\/cattolica\/dovrebbero-chiamarlo-reddito-di-sudditanza\/#primaryimage"},"thumbnailUrl":"https:\/\/www.rassegnastampa-totustuus.it\/cattolica\/wp-content\/uploads\/2019\/07\/reddito_universale.jpg","datePublished":"2019-07-03T22:00:10+00:00","description":"Rassegna Stampa Cattolica - Per una cultura che nasce dalla Rivelazione cristiana in conformit\u00e0 alla tradizione e al Magistero della Chiesa in opposizione ad ogni relativismo e totalitarismo","breadcrumb":{"@id":"https:\/\/www.rassegnastampa-totustuus.it\/cattolica\/dovrebbero-chiamarlo-reddito-di-sudditanza\/#breadcrumb"},"inLanguage":"it-IT","potentialAction":[{"@type":"ReadAction","target":["https:\/\/www.rassegnastampa-totustuus.it\/cattolica\/dovrebbero-chiamarlo-reddito-di-sudditanza\/"]}]},{"@type":"ImageObject","inLanguage":"it-IT","@id":"https:\/\/www.rassegnastampa-totustuus.it\/cattolica\/dovrebbero-chiamarlo-reddito-di-sudditanza\/#primaryimage","url":"https:\/\/www.rassegnastampa-totustuus.it\/cattolica\/wp-content\/uploads\/2019\/07\/reddito_universale.jpg","contentUrl":"https:\/\/www.rassegnastampa-totustuus.it\/cattolica\/wp-content\/uploads\/2019\/07\/reddito_universale.jpg","width":1200,"height":945},{"@type":"BreadcrumbList","@id":"https:\/\/www.rassegnastampa-totustuus.it\/cattolica\/dovrebbero-chiamarlo-reddito-di-sudditanza\/#breadcrumb","itemListElement":[{"@type":"ListItem","position":1,"name":"Home","item":"https:\/\/www.rassegnastampa-totustuus.it\/cattolica\/"},{"@type":"ListItem","position":2,"name":"Dovrebbero chiamarlo reddito di sudditanza"}]},{"@type":"WebSite","@id":"https:\/\/www.rassegnastampa-totustuus.it\/cattolica\/#website","url":"https:\/\/www.rassegnastampa-totustuus.it\/cattolica\/","name":"Rassegna Stampa Cattolica","description":"Per una cultura che nasce dalla Rivelazione cristiana in conformit\u00e0 alla tradizione e al Magistero della Chiesa in opposizione ad ogni relativismo e totalitarismo","publisher":{"@id":"https:\/\/www.rassegnastampa-totustuus.it\/cattolica\/#organization"},"alternateName":"Rass. Cattolica","potentialAction":[{"@type":"SearchAction","target":{"@type":"EntryPoint","urlTemplate":"https:\/\/www.rassegnastampa-totustuus.it\/cattolica\/?s={search_term_string}"},"query-input":{"@type":"PropertyValueSpecification","valueRequired":true,"valueName":"search_term_string"}}],"inLanguage":"it-IT"},{"@type":"Organization","@id":"https:\/\/www.rassegnastampa-totustuus.it\/cattolica\/#organization","name":"Rassegna Stampa Cattolica","url":"https:\/\/www.rassegnastampa-totustuus.it\/cattolica\/","logo":{"@type":"ImageObject","inLanguage":"it-IT","@id":"https:\/\/www.rassegnastampa-totustuus.it\/cattolica\/#\/schema\/logo\/image\/","url":"https:\/\/www.rassegnastampa-totustuus.it\/cattolica\/wp-content\/uploads\/2014\/04\/logo-rassegna1.gif","contentUrl":"https:\/\/www.rassegnastampa-totustuus.it\/cattolica\/wp-content\/uploads\/2014\/04\/logo-rassegna1.gif","width":600,"height":163,"caption":"Rassegna Stampa Cattolica"},"image":{"@id":"https:\/\/www.rassegnastampa-totustuus.it\/cattolica\/#\/schema\/logo\/image\/"},"sameAs":["https:\/\/www.facebook.com\/rassegnastampacattolica","https:\/\/x.com\/rassegnastampa9"]},{"@type":"Person","@id":"https:\/\/www.rassegnastampa-totustuus.it\/cattolica\/#\/schema\/person\/08f319d2bd1a0904ad9e2bfb7b15e5c3","name":"Redazione","image":{"@type":"ImageObject","inLanguage":"it-IT","@id":"https:\/\/secure.gravatar.com\/avatar\/2fcdf27c78ea025fbdb44e914cc63c72249ffec9dc8aafd5c82b26240ef3f346?s=96&d=mm&r=g","url":"https:\/\/secure.gravatar.com\/avatar\/2fcdf27c78ea025fbdb44e914cc63c72249ffec9dc8aafd5c82b26240ef3f346?s=96&d=mm&r=g","contentUrl":"https:\/\/secure.gravatar.com\/avatar\/2fcdf27c78ea025fbdb44e914cc63c72249ffec9dc8aafd5c82b26240ef3f346?s=96&d=mm&r=g","caption":"Redazione"},"url":"https:\/\/www.rassegnastampa-totustuus.it\/cattolica\/author\/pietroelle\/"}]}},"_links":{"self":[{"href":"https:\/\/www.rassegnastampa-totustuus.it\/cattolica\/wp-json\/wp\/v2\/posts\/43484","targetHints":{"allow":["GET"]}}],"collection":[{"href":"https:\/\/www.rassegnastampa-totustuus.it\/cattolica\/wp-json\/wp\/v2\/posts"}],"about":[{"href":"https:\/\/www.rassegnastampa-totustuus.it\/cattolica\/wp-json\/wp\/v2\/types\/post"}],"author":[{"embeddable":true,"href":"https:\/\/www.rassegnastampa-totustuus.it\/cattolica\/wp-json\/wp\/v2\/users\/6"}],"replies":[{"embeddable":true,"href":"https:\/\/www.rassegnastampa-totustuus.it\/cattolica\/wp-json\/wp\/v2\/comments?post=43484"}],"version-history":[{"count":2,"href":"https:\/\/www.rassegnastampa-totustuus.it\/cattolica\/wp-json\/wp\/v2\/posts\/43484\/revisions"}],"predecessor-version":[{"id":43490,"href":"https:\/\/www.rassegnastampa-totustuus.it\/cattolica\/wp-json\/wp\/v2\/posts\/43484\/revisions\/43490"}],"wp:featuredmedia":[{"embeddable":true,"href":"https:\/\/www.rassegnastampa-totustuus.it\/cattolica\/wp-json\/wp\/v2\/media\/43485"}],"wp:attachment":[{"href":"https:\/\/www.rassegnastampa-totustuus.it\/cattolica\/wp-json\/wp\/v2\/media?parent=43484"}],"wp:term":[{"taxonomy":"category","embeddable":true,"href":"https:\/\/www.rassegnastampa-totustuus.it\/cattolica\/wp-json\/wp\/v2\/categories?post=43484"},{"taxonomy":"post_tag","embeddable":true,"href":"https:\/\/www.rassegnastampa-totustuus.it\/cattolica\/wp-json\/wp\/v2\/tags?post=43484"}],"curies":[{"name":"wp","href":"https:\/\/api.w.org\/{rel}","templated":true}]}}