{"id":4347,"date":"2011-01-20T12:05:27","date_gmt":"2011-01-20T11:05:27","guid":{"rendered":""},"modified":"2016-06-07T17:33:30","modified_gmt":"2016-06-07T15:33:30","slug":"romania-la-fede-cresciuta-nel-sangue","status":"publish","type":"post","link":"https:\/\/www.rassegnastampa-totustuus.it\/cattolica\/romania-la-fede-cresciuta-nel-sangue\/","title":{"rendered":"Romania: la fede cresciuta nel sangue"},"content":{"rendered":"<div style=\"text-align: center;\"><strong><img loading=\"lazy\" decoding=\"async\" class=\"alignleft wp-image-34316\" src=\"https:\/\/www.rassegnastampa-totustuus.it\/cattolica\/wp-content\/uploads\/2011\/01\/chiesa_Romania.jpg\" alt=\"chiesa_Romania\" width=\"250\" height=\"177\" \/>Studi Cattolici<\/strong> n.598 dicembre 2010<\/div>\n<p style=\"text-align: center;\"><em>Colloquio con l&#8217;eparca Florentin Crihalmeanu<\/em><\/p>\n<p style=\"text-align: center;\">di <strong>Alessandro Rivali<\/strong><\/p>\n<p><!--more--><\/p>\n<div style=\"text-align: justify;\"><em>II primo dicembre 1948 il regime comunista in Romania attacc\u00f2 frontalmente la Chiesa greco-cattolica dichiarandola \u00abfuorilegge\u00bb. Da quel giorno inizi\u00f2 una persecuzione sistematica e durissima. Furono imprigionati tutti i vescovi, circa seicento sacerdoti e moltissimi fedeli; vennero inoltre confiscati i beni patrimoniali che furono consegnati alla Chiesa ortodossa e ad altre realt\u00e0 statali. Dopo la caduta del comunismo, con un decreto legge del 24 aprile 1990 la Chiesa greco-cattolica \u00e8 stata reintegrata nei suoi diritti, ma la strada per riottenere la restituzione di quanto \u00e8 stato sottratto \u00e8 ancora lunga. Abbiamo incontrato S.E.R. Mons. Florentin Crihalmeanu (foto), vescovo eparchiale di Cluj-Gherla, chiedendongli una panoramica sui martiri del terrore comunista e un bilancio sull&#8217;attuale dialogo con la Chiesa ortodossa<\/em><\/div>\n<p style=\"text-align: justify;\"><strong>Come scopr\u00ec la sua vocazione?<\/strong><\/p>\n<p style=\"text-align: justify;\">Non sono uno di quelli che sin dall&#8217;infanzia ha pensato a diventare sacerdote. Dai miei genitori, e in particolare da mia madre, ho ricevuto per\u00f2 un&#8217;educazione cristiana che mi ha aiutato a vivere con coerenza la fede anche sotto il regime comunista. Terminata la scuola superiore e poi il servizio militare, mi sono iscritto alla Facolt\u00e0 di Tecnologia delle macchine, sono diventato ingegnere e ho iniziato a lavorare in un&#8217;azienda a Cluj.<\/p>\n<p style=\"text-align: justify;\">Tra le figure che il Signore pose sul mio cammino mentre cercavo la \u00abmia\u00bb strada, ce ne fu una determinante. Era un uomo che diceva di essere un professore. Un giorno ci incontrammo fuori dalla chiesa dopo la Messa della domenica (i comunisti avevano permesso a Cluj e la celebrazione di una Messa in rito latino nella chiesa degli Scolopi). Voleva assolutamente incontrarmi per \u00abparlarmi di Dio\u00bb. Era un sacerdote, ma lo seppi soltanto due mesi dopo. Continuammo a incontrarci insieme con un gruppo di giovani e andavamo anche in gita insieme; c&#8217;erano anche dei giovani sacerdoti, ma non potevano dichiararlo, era proibito, e inoltre io ero appena entrato nel gruppo, per cui sarebbe stato rischioso esporsi.<\/p>\n<p style=\"text-align: justify;\">SACERDOTE IN INCOGNITO<\/p>\n<p style=\"text-align: justify;\">Quel professore divent\u00f2 il mio padre spirituale e mi condusse gradualmente al sacerdozio. Si faceva chiamare padre Pintea, ma il suo vero nome era Pantelimon Asteleanu. Venne ordinato durante il regime e dovette essere sempre molto cauto.<\/p>\n<p style=\"text-align: justify;\">La sua casa era nel cuore della citt\u00e0, al terzo piano di un grande edificio, con una piccola uscita su una via centrale. Sapeva che dall&#8217;altra parte della via c&#8217;era un bar con una persona che leggeva il giornale tutto il giorno, ma che aveva il compito di controllarlo. Osservava sempre chi entrava e chi usciva. Quando andavamo a trovarlo nei giorni delle feste, per esempio per cantare insieme per Natale, celebrava la Messa di nascosto, con le persiane chiuse. Ci raccomandava di non venire mai in gruppo.<\/p>\n<p style=\"text-align: justify;\"><strong>Quale fu la strategia del regime nei confronti della Chiesa greco-cattolica ?<\/strong><\/p>\n<p style=\"text-align: justify;\">In un primo periodo si tent\u00f2 di sterminarla. I nostri vescovi furono messi in una prigione molto dura come quella di Sighet, nella zona del Maramures a un paio di km da quello che era il confine con l&#8217;Unione Sovietica. Sighet \u00e8 un vero monumento della sofferenza. In un secondo periodo cercarono di \u00abrieducare\u00bb i nostri pastori: ricevevano delle lezioni in prigione per comprendere la \u00abbont\u00e0\u00bb del regime comunista&#8230; Tra gli esperimenti pi\u00f9 crudeli vi fu quello del campo di Pitesti. Dicono che abbiano usato sui prigionieri anche sostanze radioattive. Chi \u00e8 riuscito a sopravvivere a quel campo non \u00e8 mai tornato normale.<\/p>\n<p style=\"text-align: justify;\">Gli scampati sono persone completamente distrutte dal punto di vista fisico e psichico. Un altro gulag terribile era quello di Jilava. Mettevano i prigionieri in cantine sotterranee riempite d&#8217;acqua. Stavano in acqua fino alle ginocchia e questa condizione impediva loro di addormentarsi. Erano costretti a espletare i loro bisogni in quell&#8217;acqua&#8230; Chi scampava non riusciva a dimenticarsi l&#8217;odore di quella prigione&#8230;<\/p>\n<p style=\"text-align: justify;\">Nel campo di Sighet adesso sono esposti i pannelli con i tipi di torture a cui venivano sottoposti i prigionieri. Ricordo con particolare impressione quello del gatto sulla schiena: torturavano gettando dei gatti sulla schiena denudata delle vittime&#8230; veramente diabolico. Pi\u00f9 tardi, il governo rumeno dovette firmare dei trattati internazionali e rilasciare i prigionieri \u00abpolitici\u00bb. Questo \u00e8 stato in un terzo periodo, quello della cosiddetta tolleranza, ma in realt\u00e0 il controllo rimase molto forte. Un sorvegliato speciale era tenuto ogni settimana a preparare un rapporto in cui descriveva tutto quello che aveva fatto. Si confrontava poi questo rapporto con quello redatto dalle spie della polizia segreta e si cercavano le differenze. Se si trovavano divergenze, si veniva chiamati a interrogatori pi\u00f9 duri.<\/p>\n<p style=\"text-align: justify;\">UNA CHIESA DI MARTIRI<\/p>\n<p style=\"text-align: justify;\"><strong>Vuole raccontarmi qualche dettaglio dei vostri martiri?<\/strong><\/p>\n<p style=\"text-align: justify;\">Tra le vittime della persecuzione vorrei ricordare mons. Vladimir Ghika (1873-1954), di cui ora \u00e8 aperto il processo di beatificazione. Sono ancora in vita delle persone che raccontano degli eventi straordinari su di lui, tra queste \u00e8 padre Tertulian Langa che ha raccontato in un libro i 16 anni di sevizie nelle prigioni comuniste: ebbe come padre spirituale proprio mons. Ghika.<\/p>\n<p style=\"text-align: justify;\">Tra i suoi racconti ce n&#8217;\u00e8 uno che fa pensare al miracolo. In un&#8217;occasione fu costretto a portare dei pezzi di metallo molto pesanti. Li portavano in due. A un certo momento il suo compagno inciamp\u00f2 e cadde: il metallo cadde sulla mano di padre Langa spezzandogliela; lo portarono dal medico che gli esamin\u00f2 la mano e conferm\u00f2 la necessit\u00e0 di un intervento, ma gli disse di tornare il giorno successivo. Padre Langa rimase in cella a piangere per il dolore insopportabile. Era solo. Nella notte gli apparve la figura di mons. Ghika che gli tocc\u00f2 la mano. La mattina successiva lo portarono all&#8217;ospedale e il chirurgo osservando la mano si arrabbi\u00f2 con i secondini dicendo: \u00abAvete sbagliato persona, questo qui non ha niente alla mano!\u00bb. Era guarito.<\/p>\n<p style=\"text-align: justify;\">L\u2019ESEMPIO DEI VESCOVI<\/p>\n<p style=\"text-align: justify;\">I vescovi greco-cattolici furono prima imprigionati in monasteri ortodossi e si cerc\u00f2 di convincerli a passare alla religione ortodossa, poi furono portati in blocco a Sighet. Cercarono di sparpagliarli in varie celle, ma si resero conto che riuscivano a convertire gli altri detenuti e allora li misero insieme per controllarli meglio.<\/p>\n<p style=\"text-align: justify;\">Li videro pregare insieme e glielo proibirono, non gli diedero il permesso neppure di stare seduti o di <em>parlare tra <\/em>di loro. Molti episodi si possono trovare nelle <em>Me<\/em><em>morie <\/em>del cardinale luliu Hossu (1885-1970), che sono gi\u00e0 tradotte in italiano, ma che non saranno pubbliche fino a che non sar\u00e0 concluso il suo processo di beatificazione. In questi anni si sta iniziando a scrivere la storia di diversi martiri e si \u00e8 partiti dalla vicenda di Valeriu Traian Frentiu (1875-1952) e dei suoi compagni di prigionia. Era il pi\u00f9 anziano di quelli incarcerati e mor\u00ec a Sighet.<\/p>\n<p style=\"text-align: justify;\">Il problema di queste cause \u00e8 che non ci sono pi\u00f9 testimoni. Non \u00e8 poi scontato che i martiri abbiano un processo di beatificazione rapido: bisogna dimostrare che abbiano accettato la propria morte e che siano rimasti vicini alla fede sino in fondo.<\/p>\n<p style=\"text-align: justify;\">Un&#8217;altra figura importante \u00e8 quella di Vasile Afte-nie (1899-1950), che mor\u00ec sotto tortura a Bucarest. Su di lui \u00e8 interessante il racconto del sacerdote che ne celebr\u00f2 il funerale. Vennero a trovarlo due persone vestite di nero e gli dissero di celebrare un funerale per un presunto zio. Misero in chiesa la bara e poi andarono a fumare fuori. Il sacerdote rimase colpito da questo distacco e al contempo si accorse che la bara non era ben chiusa; era troppo piccola per il corpo che conteneva; nel tentativo di chiuderla, involontariamente la apr\u00ec del tutto. Con grande sorpresa riconobbe il volto sfigurato, con le mandibole distrutte e la barba strappata del vescovo Aftenie&#8230;<\/p>\n<p style=\"text-align: justify;\">Lo scorso 30 ottobre \u00e8 stato beatificato il vescovo di Oradea Szilard Bogdanffy (1911-1953). Venne consacrato vescovo di nascosto: fu imprigionato subito dopo e mandato a lavorare in una miniera di piombo. Mor\u00ec nei pressi di Aiud dopo essere stato sottoposto a violenze e fu lasciato morire senza cure. In quel campo di sterminio non c&#8217;erano vetri alle finestre. Le persone camminavano tutto il giorno intorno alla cella per non morire congelate. Soltanto verso mezzogiorno arrivava nella cella un raggio di sole. Smettevano allora di camminare per lasciarsi colpire dal raggio. Si addormentavano subito per la stanchezza, ma appena il raggio era passato si svegliavano per il freddo e tornavano a camminare.<\/p>\n<p style=\"text-align: justify;\"><strong>Quali sono gli attuali rapporti con la Chiesa ortodossa?<\/strong><\/p>\n<p style=\"text-align: justify;\">Dopo la caduta del comunismo il dialogo con la Chiesa ortodossa \u00e8 stato abbastanza confuso. Alcuni fedeli cattolici hanno cercato di riprendersi le chiese che erano state sottratte dal governo e date agli ortodossi. Come vescovi ci siamo opposti a questo comportamento, non vogliamo riprenderci le chiese con la forza, ma ricorrendo ai tribunali o al dialogo. Il 28 ottobre 1998 sono iniziati i lavori della Commissione di dialogo a livello gerarchico tra la Chiesa ortodossa e quella greco-cattolica, che sono durati sino al 24 febbraio del 2004. In questo periodo ci siamo incontrati una volta all&#8217;anno e possiamo dire che qualcosa si \u00e8 mosso. Il fatto di stare alla stessa tavola \u00e8 gi\u00e0 qualcosa&#8230;<\/p>\n<p style=\"text-align: justify;\">All&#8217;inizio i nostri fedeli erano contrari. Non volevano che partecipassimo, perch\u00e9 erano convinti che non avremmo ottenuto la restituzione delle chiese. Noi rispondevamo invece: \u00abDovete avere <em>pazienza, <\/em>dobbiamo provare a sentire le loro ragioni\u00bb. Abbiamo chiesto la restituzione delle circa 2.500 chiese che ci sono state sottratte; siamo riusciti a ottenere la restituzione di una ventina. Non di pi\u00f9: \u00e8 molto poco per considerarlo un dialogo vero.<\/p>\n<p style=\"text-align: justify;\">UN DIALOGO BLOCCATO<\/p>\n<p style=\"text-align: justify;\"><strong>C&#8217;\u00e8 speranza che qualcosa possa cambiare?<\/strong><\/p>\n<p style=\"text-align: justify;\">La situazione si \u00e8 bloccata nel 2004, anche se per fortuna non ci sono pi\u00f9 le tensioni di prima. Restano situazioni difficili. Per esempio nella mia eparchia di Cluj-Gherla abbiamo due chiese della stessa capacit\u00e0 a distanza di 200 metri una dall&#8217;altra. La comunit\u00e0 ortodossa ha iniziato a celebrare nella nostra chiesa perch\u00e9 nella loro hanno messo le impalcature per delle ristrutturazioni. Hanno detto: \u00abDobbiamo ristrutturarle e non possiamo celebrare la Messa, abbiamo bisogno della vostra chiesa&#8230;\u00bb.<\/p>\n<p style=\"text-align: justify;\">Noi abbiamo risposto in modo positivo, ma questi lavori non sono mai terminati&#8230; E la nostra comunit\u00e0 nel frattempo celebra in una casa privata. Dei 22 monasteri che erano di nostra propriet\u00e0 nel 1948, non ne \u00e8 stato restituito nessuno. Riconosco che con i monasteri la situazione \u00e8 pi\u00f9 difficile, perch\u00e9 non possiamo dire: \u00abAdesso arrivano i nostri monaci, andate via\u00bb. Vorremmo, per\u00f2, avere la possibilit\u00e0 di fare un pellegrinaggio una volta l&#8217;anno, senza interferire con le liturgie ortodosse. Questi luoghi sono significativi per noi perch\u00e9 molte persone l\u00ec hanno fatto i voti o sono stati ordinati sacerdoti.<\/p>\n<p style=\"text-align: justify;\">Nelle comunit\u00e0 dove c&#8217;era una sola chiesa greco-cattolica e che adesso \u00e8 utilizzata dagli ortodossi, abbiamo chiesto la possibilit\u00e0 di celebrare con alternanza. Abbiamo provato a suggerire: \u00abCelebrate voi a una certa ora e poi noi dopo\u00bb. Ma loro hanno risposto: \u00abNo. \u00c8 inaccettabile che i cattolici celebrino sui nostri altari, come noi non possiamo celebrare su quelli cattolici\u00bb. Ma in Occidente in Spagna, in Francia e in Italia celebrano senza problemi nelle chiese date loro dai cattolici&#8230;<\/p>\n<p style=\"text-align: justify;\">Un esempio pu\u00f2 chiarire ulteriormente la situazione. Qualche tempo fa si \u00e8 svolta una cerimonia di una benedizione di una nostra chiesa alla quale ha partecipato anche il metropolita ortodosso di Timosoara, che \u00e8 la persona pi\u00f9 aperta del loro sinodo. Al momento della Comunione il metropolita ortodosso, che ha aveva partecipato a tutta la liturgia, ha fatto la Comunione recandosi all&#8217;altare. Da questo gesto \u00e8 scoppiato uno scandalo tremendo: in quello stesso anno \u00e8 stato messo sotto giudizio dal sinodo ortodosso e alcuni hanno proposto di scomunicarlo.<\/p>\n<p style=\"text-align: justify;\">Lui ha chiesto perdono, ha detto che non voleva diventare cattolico, ma che si era sentito in piena comunione con la nostra liturgia e che aveva dato spazio al suo cuore senza forse valutare troppo le conseguenze e le interpretazioni dei suoi fedeli. Alla fine c&#8217;\u00e8 stata una votazione e non \u00e8 stato scomunicato, ma quanti volevano scomunicarlo hanno ribadito: \u00abNon \u00e8 sufficiente. Dobbiamo fare un decreto nel quale sia scritto esplicitamente che non si pu\u00f2 partecipare a nessun Sacramento dei cattolici\u00bb. Con questa decisione hanno tagliato del tutto il dialogo.<\/p>\n<p style=\"text-align: justify;\"><strong>Qual \u00e8 la percentuale dei fedeli greco-cattolici?<\/strong><\/p>\n<p style=\"text-align: justify;\">La percentuale dei greco-cattolici \u00e8 molto bassa. Siamo sotto l&#8217;uno per cento. Gli ortodossi sono l&#8217;86.8% e i cattolici di rito latino sono 1.3% e si trovano in particolare in Transilvania. Come le dicevo in precedenza, il dialogo non \u00e8 progredito. Non possiamo pregare insieme neppure durante la settimana in cui si prega per l&#8217;unit\u00e0 dei cristiani. Noi chiediamo allo Stato romeno di garantire veramente la libert\u00e0 di culto.<\/p>\n<p style=\"text-align: justify;\">I cattolici alcune volte vengono trattati da stranieri. Ci vorrebbe una legge per regolamentare la situazione di questi beni espropriati. Abbiamo fatto un proposta, chiedendo in primo luogo la restituzione delle cattedrali e di alcune chiese simbolo. Ma non siamo stati ascoltati. Ci sono chiese che sono la copia in miniatura di san Pietro e che hanno persine le statue dei Papi&#8230; Come si fa dire che sono ortodosse?<\/p>\n<p style=\"text-align: justify;\">Abbiamo anche costruito nuove chiese e dove abbiamo costruito non abbiamo richiesto la restituzione per non creare tensioni. Vorremmo la stessa comprensione anche da parte loro, ma fino adesso non c&#8217;\u00e8 stata vera collaborazione.<\/p>\n","protected":false},"excerpt":{"rendered":"<p>Studi Cattolici n.598 dicembre 2010 Colloquio con l&#8217;eparca Florentin Crihalmeanu di Alessandro Rivali<\/p><p><a class=\"more-link btn\" href=\"https:\/\/www.rassegnastampa-totustuus.it\/cattolica\/romania-la-fede-cresciuta-nel-sangue\/\">Continua a leggere<\/a><\/p>\n","protected":false},"author":6,"featured_media":34316,"comment_status":"closed","ping_status":"open","sticky":false,"template":"","format":"standard","meta":{"footnotes":""},"categories":[5,32,44],"tags":[470,547],"class_list":["post-4347","post","type-post","status-publish","format-standard","has-post-thumbnail","hentry","category-chiesa","category-filosofia-del-comunismo","category-cristiani-perseguitati","tag-cristiani-perseguitati-2","tag-romania","item-wrap"],"yoast_head":"<!-- This site is optimized with the Yoast SEO plugin v27.5 - https:\/\/yoast.com\/product\/yoast-seo-wordpress\/ -->\n<title>Romania: la fede cresciuta nel sangue - Rassegna Stampa Cattolica<\/title>\n<meta name=\"description\" content=\"Rassegna Stampa Cattolica - Per una cultura che nasce dalla Rivelazione cristiana in conformit\u00e0 alla tradizione e al Magistero della Chiesa in opposizione ad ogni relativismo e totalitarismo\" \/>\n<meta name=\"robots\" content=\"index, follow, max-snippet:-1, max-image-preview:large, max-video-preview:-1\" \/>\n<link rel=\"canonical\" href=\"https:\/\/www.rassegnastampa-totustuus.it\/cattolica\/romania-la-fede-cresciuta-nel-sangue\/\" \/>\n<meta property=\"og:locale\" content=\"it_IT\" \/>\n<meta property=\"og:type\" content=\"article\" \/>\n<meta property=\"og:title\" content=\"Romania: la fede cresciuta nel sangue - Rassegna Stampa Cattolica\" \/>\n<meta property=\"og:description\" content=\"Rassegna Stampa Cattolica - Per una cultura che nasce dalla Rivelazione cristiana in conformit\u00e0 alla tradizione e al Magistero della Chiesa in opposizione ad ogni relativismo e totalitarismo\" \/>\n<meta property=\"og:url\" content=\"https:\/\/www.rassegnastampa-totustuus.it\/cattolica\/romania-la-fede-cresciuta-nel-sangue\/\" \/>\n<meta property=\"og:site_name\" content=\"Rassegna Stampa Cattolica\" \/>\n<meta property=\"article:publisher\" content=\"https:\/\/www.facebook.com\/rassegnastampacattolica\" \/>\n<meta property=\"article:published_time\" content=\"2011-01-20T11:05:27+00:00\" \/>\n<meta property=\"article:modified_time\" content=\"2016-06-07T15:33:30+00:00\" \/>\n<meta property=\"og:image\" content=\"https:\/\/www.rassegnastampa-totustuus.it\/cattolica\/wp-content\/uploads\/2011\/01\/chiesa_Romania.jpg\" \/>\n\t<meta property=\"og:image:width\" content=\"267\" \/>\n\t<meta property=\"og:image:height\" content=\"189\" \/>\n\t<meta property=\"og:image:type\" content=\"image\/jpeg\" \/>\n<meta name=\"author\" content=\"Redazione\" \/>\n<meta name=\"twitter:card\" content=\"summary_large_image\" \/>\n<meta name=\"twitter:creator\" content=\"@rassegnastampa9\" \/>\n<meta name=\"twitter:site\" content=\"@rassegnastampa9\" \/>\n<meta name=\"twitter:label1\" content=\"Scritto da\" \/>\n\t<meta name=\"twitter:data1\" content=\"Redazione\" \/>\n\t<meta name=\"twitter:label2\" content=\"Tempo di lettura stimato\" \/>\n\t<meta name=\"twitter:data2\" content=\"11 minuti\" \/>\n<script type=\"application\/ld+json\" class=\"yoast-schema-graph\">{\"@context\":\"https:\\\/\\\/schema.org\",\"@graph\":[{\"@type\":\"Article\",\"@id\":\"https:\\\/\\\/www.rassegnastampa-totustuus.it\\\/cattolica\\\/romania-la-fede-cresciuta-nel-sangue\\\/#article\",\"isPartOf\":{\"@id\":\"https:\\\/\\\/www.rassegnastampa-totustuus.it\\\/cattolica\\\/romania-la-fede-cresciuta-nel-sangue\\\/\"},\"author\":{\"name\":\"Redazione\",\"@id\":\"https:\\\/\\\/www.rassegnastampa-totustuus.it\\\/cattolica\\\/#\\\/schema\\\/person\\\/08f319d2bd1a0904ad9e2bfb7b15e5c3\"},\"headline\":\"Romania: la fede cresciuta nel sangue\",\"datePublished\":\"2011-01-20T11:05:27+00:00\",\"dateModified\":\"2016-06-07T15:33:30+00:00\",\"mainEntityOfPage\":{\"@id\":\"https:\\\/\\\/www.rassegnastampa-totustuus.it\\\/cattolica\\\/romania-la-fede-cresciuta-nel-sangue\\\/\"},\"wordCount\":2165,\"publisher\":{\"@id\":\"https:\\\/\\\/www.rassegnastampa-totustuus.it\\\/cattolica\\\/#organization\"},\"image\":{\"@id\":\"https:\\\/\\\/www.rassegnastampa-totustuus.it\\\/cattolica\\\/romania-la-fede-cresciuta-nel-sangue\\\/#primaryimage\"},\"thumbnailUrl\":\"https:\\\/\\\/www.rassegnastampa-totustuus.it\\\/cattolica\\\/wp-content\\\/uploads\\\/2011\\\/01\\\/chiesa_Romania.jpg\",\"keywords\":[\"cristiani perseguitati\",\"Romania\"],\"articleSection\":[\"Chiesa\",\"Comunismo\",\"Cristiani perseguitati\"],\"inLanguage\":\"it-IT\"},{\"@type\":\"WebPage\",\"@id\":\"https:\\\/\\\/www.rassegnastampa-totustuus.it\\\/cattolica\\\/romania-la-fede-cresciuta-nel-sangue\\\/\",\"url\":\"https:\\\/\\\/www.rassegnastampa-totustuus.it\\\/cattolica\\\/romania-la-fede-cresciuta-nel-sangue\\\/\",\"name\":\"Romania: la fede cresciuta nel sangue - Rassegna Stampa Cattolica\",\"isPartOf\":{\"@id\":\"https:\\\/\\\/www.rassegnastampa-totustuus.it\\\/cattolica\\\/#website\"},\"primaryImageOfPage\":{\"@id\":\"https:\\\/\\\/www.rassegnastampa-totustuus.it\\\/cattolica\\\/romania-la-fede-cresciuta-nel-sangue\\\/#primaryimage\"},\"image\":{\"@id\":\"https:\\\/\\\/www.rassegnastampa-totustuus.it\\\/cattolica\\\/romania-la-fede-cresciuta-nel-sangue\\\/#primaryimage\"},\"thumbnailUrl\":\"https:\\\/\\\/www.rassegnastampa-totustuus.it\\\/cattolica\\\/wp-content\\\/uploads\\\/2011\\\/01\\\/chiesa_Romania.jpg\",\"datePublished\":\"2011-01-20T11:05:27+00:00\",\"dateModified\":\"2016-06-07T15:33:30+00:00\",\"description\":\"Rassegna Stampa Cattolica - Per una cultura che nasce dalla Rivelazione cristiana in conformit\u00e0 alla tradizione e al Magistero della Chiesa in opposizione ad ogni relativismo e totalitarismo\",\"breadcrumb\":{\"@id\":\"https:\\\/\\\/www.rassegnastampa-totustuus.it\\\/cattolica\\\/romania-la-fede-cresciuta-nel-sangue\\\/#breadcrumb\"},\"inLanguage\":\"it-IT\",\"potentialAction\":[{\"@type\":\"ReadAction\",\"target\":[\"https:\\\/\\\/www.rassegnastampa-totustuus.it\\\/cattolica\\\/romania-la-fede-cresciuta-nel-sangue\\\/\"]}]},{\"@type\":\"ImageObject\",\"inLanguage\":\"it-IT\",\"@id\":\"https:\\\/\\\/www.rassegnastampa-totustuus.it\\\/cattolica\\\/romania-la-fede-cresciuta-nel-sangue\\\/#primaryimage\",\"url\":\"https:\\\/\\\/www.rassegnastampa-totustuus.it\\\/cattolica\\\/wp-content\\\/uploads\\\/2011\\\/01\\\/chiesa_Romania.jpg\",\"contentUrl\":\"https:\\\/\\\/www.rassegnastampa-totustuus.it\\\/cattolica\\\/wp-content\\\/uploads\\\/2011\\\/01\\\/chiesa_Romania.jpg\",\"width\":267,\"height\":189},{\"@type\":\"BreadcrumbList\",\"@id\":\"https:\\\/\\\/www.rassegnastampa-totustuus.it\\\/cattolica\\\/romania-la-fede-cresciuta-nel-sangue\\\/#breadcrumb\",\"itemListElement\":[{\"@type\":\"ListItem\",\"position\":1,\"name\":\"Home\",\"item\":\"https:\\\/\\\/www.rassegnastampa-totustuus.it\\\/cattolica\\\/\"},{\"@type\":\"ListItem\",\"position\":2,\"name\":\"Romania: la fede cresciuta nel sangue\"}]},{\"@type\":\"WebSite\",\"@id\":\"https:\\\/\\\/www.rassegnastampa-totustuus.it\\\/cattolica\\\/#website\",\"url\":\"https:\\\/\\\/www.rassegnastampa-totustuus.it\\\/cattolica\\\/\",\"name\":\"Rassegna Stampa Cattolica\",\"description\":\"Per una cultura che nasce dalla Rivelazione cristiana in conformit\u00e0 alla tradizione e al Magistero della Chiesa in opposizione ad ogni relativismo e totalitarismo\",\"publisher\":{\"@id\":\"https:\\\/\\\/www.rassegnastampa-totustuus.it\\\/cattolica\\\/#organization\"},\"alternateName\":\"Rass. Cattolica\",\"potentialAction\":[{\"@type\":\"SearchAction\",\"target\":{\"@type\":\"EntryPoint\",\"urlTemplate\":\"https:\\\/\\\/www.rassegnastampa-totustuus.it\\\/cattolica\\\/?s={search_term_string}\"},\"query-input\":{\"@type\":\"PropertyValueSpecification\",\"valueRequired\":true,\"valueName\":\"search_term_string\"}}],\"inLanguage\":\"it-IT\"},{\"@type\":\"Organization\",\"@id\":\"https:\\\/\\\/www.rassegnastampa-totustuus.it\\\/cattolica\\\/#organization\",\"name\":\"Rassegna Stampa Cattolica\",\"url\":\"https:\\\/\\\/www.rassegnastampa-totustuus.it\\\/cattolica\\\/\",\"logo\":{\"@type\":\"ImageObject\",\"inLanguage\":\"it-IT\",\"@id\":\"https:\\\/\\\/www.rassegnastampa-totustuus.it\\\/cattolica\\\/#\\\/schema\\\/logo\\\/image\\\/\",\"url\":\"https:\\\/\\\/www.rassegnastampa-totustuus.it\\\/cattolica\\\/wp-content\\\/uploads\\\/2014\\\/04\\\/logo-rassegna1.gif\",\"contentUrl\":\"https:\\\/\\\/www.rassegnastampa-totustuus.it\\\/cattolica\\\/wp-content\\\/uploads\\\/2014\\\/04\\\/logo-rassegna1.gif\",\"width\":600,\"height\":163,\"caption\":\"Rassegna Stampa Cattolica\"},\"image\":{\"@id\":\"https:\\\/\\\/www.rassegnastampa-totustuus.it\\\/cattolica\\\/#\\\/schema\\\/logo\\\/image\\\/\"},\"sameAs\":[\"https:\\\/\\\/www.facebook.com\\\/rassegnastampacattolica\",\"https:\\\/\\\/x.com\\\/rassegnastampa9\"]},{\"@type\":\"Person\",\"@id\":\"https:\\\/\\\/www.rassegnastampa-totustuus.it\\\/cattolica\\\/#\\\/schema\\\/person\\\/08f319d2bd1a0904ad9e2bfb7b15e5c3\",\"name\":\"Redazione\",\"image\":{\"@type\":\"ImageObject\",\"inLanguage\":\"it-IT\",\"@id\":\"https:\\\/\\\/secure.gravatar.com\\\/avatar\\\/2fcdf27c78ea025fbdb44e914cc63c72249ffec9dc8aafd5c82b26240ef3f346?s=96&d=mm&r=g\",\"url\":\"https:\\\/\\\/secure.gravatar.com\\\/avatar\\\/2fcdf27c78ea025fbdb44e914cc63c72249ffec9dc8aafd5c82b26240ef3f346?s=96&d=mm&r=g\",\"contentUrl\":\"https:\\\/\\\/secure.gravatar.com\\\/avatar\\\/2fcdf27c78ea025fbdb44e914cc63c72249ffec9dc8aafd5c82b26240ef3f346?s=96&d=mm&r=g\",\"caption\":\"Redazione\"},\"url\":\"https:\\\/\\\/www.rassegnastampa-totustuus.it\\\/cattolica\\\/author\\\/pietroelle\\\/\"}]}<\/script>\n<!-- \/ Yoast SEO plugin. -->","yoast_head_json":{"title":"Romania: la fede cresciuta nel sangue - Rassegna Stampa Cattolica","description":"Rassegna Stampa Cattolica - Per una cultura che nasce dalla Rivelazione cristiana in conformit\u00e0 alla tradizione e al Magistero della Chiesa in opposizione ad ogni relativismo e totalitarismo","robots":{"index":"index","follow":"follow","max-snippet":"max-snippet:-1","max-image-preview":"max-image-preview:large","max-video-preview":"max-video-preview:-1"},"canonical":"https:\/\/www.rassegnastampa-totustuus.it\/cattolica\/romania-la-fede-cresciuta-nel-sangue\/","og_locale":"it_IT","og_type":"article","og_title":"Romania: la fede cresciuta nel sangue - Rassegna Stampa Cattolica","og_description":"Rassegna Stampa Cattolica - Per una cultura che nasce dalla Rivelazione cristiana in conformit\u00e0 alla tradizione e al Magistero della Chiesa in opposizione ad ogni relativismo e totalitarismo","og_url":"https:\/\/www.rassegnastampa-totustuus.it\/cattolica\/romania-la-fede-cresciuta-nel-sangue\/","og_site_name":"Rassegna Stampa Cattolica","article_publisher":"https:\/\/www.facebook.com\/rassegnastampacattolica","article_published_time":"2011-01-20T11:05:27+00:00","article_modified_time":"2016-06-07T15:33:30+00:00","og_image":[{"width":267,"height":189,"url":"https:\/\/www.rassegnastampa-totustuus.it\/cattolica\/wp-content\/uploads\/2011\/01\/chiesa_Romania.jpg","type":"image\/jpeg"}],"author":"Redazione","twitter_card":"summary_large_image","twitter_creator":"@rassegnastampa9","twitter_site":"@rassegnastampa9","twitter_misc":{"Scritto da":"Redazione","Tempo di lettura stimato":"11 minuti"},"schema":{"@context":"https:\/\/schema.org","@graph":[{"@type":"Article","@id":"https:\/\/www.rassegnastampa-totustuus.it\/cattolica\/romania-la-fede-cresciuta-nel-sangue\/#article","isPartOf":{"@id":"https:\/\/www.rassegnastampa-totustuus.it\/cattolica\/romania-la-fede-cresciuta-nel-sangue\/"},"author":{"name":"Redazione","@id":"https:\/\/www.rassegnastampa-totustuus.it\/cattolica\/#\/schema\/person\/08f319d2bd1a0904ad9e2bfb7b15e5c3"},"headline":"Romania: la fede cresciuta nel sangue","datePublished":"2011-01-20T11:05:27+00:00","dateModified":"2016-06-07T15:33:30+00:00","mainEntityOfPage":{"@id":"https:\/\/www.rassegnastampa-totustuus.it\/cattolica\/romania-la-fede-cresciuta-nel-sangue\/"},"wordCount":2165,"publisher":{"@id":"https:\/\/www.rassegnastampa-totustuus.it\/cattolica\/#organization"},"image":{"@id":"https:\/\/www.rassegnastampa-totustuus.it\/cattolica\/romania-la-fede-cresciuta-nel-sangue\/#primaryimage"},"thumbnailUrl":"https:\/\/www.rassegnastampa-totustuus.it\/cattolica\/wp-content\/uploads\/2011\/01\/chiesa_Romania.jpg","keywords":["cristiani perseguitati","Romania"],"articleSection":["Chiesa","Comunismo","Cristiani perseguitati"],"inLanguage":"it-IT"},{"@type":"WebPage","@id":"https:\/\/www.rassegnastampa-totustuus.it\/cattolica\/romania-la-fede-cresciuta-nel-sangue\/","url":"https:\/\/www.rassegnastampa-totustuus.it\/cattolica\/romania-la-fede-cresciuta-nel-sangue\/","name":"Romania: la fede cresciuta nel sangue - Rassegna Stampa Cattolica","isPartOf":{"@id":"https:\/\/www.rassegnastampa-totustuus.it\/cattolica\/#website"},"primaryImageOfPage":{"@id":"https:\/\/www.rassegnastampa-totustuus.it\/cattolica\/romania-la-fede-cresciuta-nel-sangue\/#primaryimage"},"image":{"@id":"https:\/\/www.rassegnastampa-totustuus.it\/cattolica\/romania-la-fede-cresciuta-nel-sangue\/#primaryimage"},"thumbnailUrl":"https:\/\/www.rassegnastampa-totustuus.it\/cattolica\/wp-content\/uploads\/2011\/01\/chiesa_Romania.jpg","datePublished":"2011-01-20T11:05:27+00:00","dateModified":"2016-06-07T15:33:30+00:00","description":"Rassegna Stampa Cattolica - Per una cultura che nasce dalla Rivelazione cristiana in conformit\u00e0 alla tradizione e al Magistero della Chiesa in opposizione ad ogni relativismo e totalitarismo","breadcrumb":{"@id":"https:\/\/www.rassegnastampa-totustuus.it\/cattolica\/romania-la-fede-cresciuta-nel-sangue\/#breadcrumb"},"inLanguage":"it-IT","potentialAction":[{"@type":"ReadAction","target":["https:\/\/www.rassegnastampa-totustuus.it\/cattolica\/romania-la-fede-cresciuta-nel-sangue\/"]}]},{"@type":"ImageObject","inLanguage":"it-IT","@id":"https:\/\/www.rassegnastampa-totustuus.it\/cattolica\/romania-la-fede-cresciuta-nel-sangue\/#primaryimage","url":"https:\/\/www.rassegnastampa-totustuus.it\/cattolica\/wp-content\/uploads\/2011\/01\/chiesa_Romania.jpg","contentUrl":"https:\/\/www.rassegnastampa-totustuus.it\/cattolica\/wp-content\/uploads\/2011\/01\/chiesa_Romania.jpg","width":267,"height":189},{"@type":"BreadcrumbList","@id":"https:\/\/www.rassegnastampa-totustuus.it\/cattolica\/romania-la-fede-cresciuta-nel-sangue\/#breadcrumb","itemListElement":[{"@type":"ListItem","position":1,"name":"Home","item":"https:\/\/www.rassegnastampa-totustuus.it\/cattolica\/"},{"@type":"ListItem","position":2,"name":"Romania: la fede cresciuta nel sangue"}]},{"@type":"WebSite","@id":"https:\/\/www.rassegnastampa-totustuus.it\/cattolica\/#website","url":"https:\/\/www.rassegnastampa-totustuus.it\/cattolica\/","name":"Rassegna Stampa Cattolica","description":"Per una cultura che nasce dalla Rivelazione cristiana in conformit\u00e0 alla tradizione e al Magistero della Chiesa in opposizione ad ogni relativismo e totalitarismo","publisher":{"@id":"https:\/\/www.rassegnastampa-totustuus.it\/cattolica\/#organization"},"alternateName":"Rass. Cattolica","potentialAction":[{"@type":"SearchAction","target":{"@type":"EntryPoint","urlTemplate":"https:\/\/www.rassegnastampa-totustuus.it\/cattolica\/?s={search_term_string}"},"query-input":{"@type":"PropertyValueSpecification","valueRequired":true,"valueName":"search_term_string"}}],"inLanguage":"it-IT"},{"@type":"Organization","@id":"https:\/\/www.rassegnastampa-totustuus.it\/cattolica\/#organization","name":"Rassegna Stampa Cattolica","url":"https:\/\/www.rassegnastampa-totustuus.it\/cattolica\/","logo":{"@type":"ImageObject","inLanguage":"it-IT","@id":"https:\/\/www.rassegnastampa-totustuus.it\/cattolica\/#\/schema\/logo\/image\/","url":"https:\/\/www.rassegnastampa-totustuus.it\/cattolica\/wp-content\/uploads\/2014\/04\/logo-rassegna1.gif","contentUrl":"https:\/\/www.rassegnastampa-totustuus.it\/cattolica\/wp-content\/uploads\/2014\/04\/logo-rassegna1.gif","width":600,"height":163,"caption":"Rassegna Stampa Cattolica"},"image":{"@id":"https:\/\/www.rassegnastampa-totustuus.it\/cattolica\/#\/schema\/logo\/image\/"},"sameAs":["https:\/\/www.facebook.com\/rassegnastampacattolica","https:\/\/x.com\/rassegnastampa9"]},{"@type":"Person","@id":"https:\/\/www.rassegnastampa-totustuus.it\/cattolica\/#\/schema\/person\/08f319d2bd1a0904ad9e2bfb7b15e5c3","name":"Redazione","image":{"@type":"ImageObject","inLanguage":"it-IT","@id":"https:\/\/secure.gravatar.com\/avatar\/2fcdf27c78ea025fbdb44e914cc63c72249ffec9dc8aafd5c82b26240ef3f346?s=96&d=mm&r=g","url":"https:\/\/secure.gravatar.com\/avatar\/2fcdf27c78ea025fbdb44e914cc63c72249ffec9dc8aafd5c82b26240ef3f346?s=96&d=mm&r=g","contentUrl":"https:\/\/secure.gravatar.com\/avatar\/2fcdf27c78ea025fbdb44e914cc63c72249ffec9dc8aafd5c82b26240ef3f346?s=96&d=mm&r=g","caption":"Redazione"},"url":"https:\/\/www.rassegnastampa-totustuus.it\/cattolica\/author\/pietroelle\/"}]}},"_links":{"self":[{"href":"https:\/\/www.rassegnastampa-totustuus.it\/cattolica\/wp-json\/wp\/v2\/posts\/4347","targetHints":{"allow":["GET"]}}],"collection":[{"href":"https:\/\/www.rassegnastampa-totustuus.it\/cattolica\/wp-json\/wp\/v2\/posts"}],"about":[{"href":"https:\/\/www.rassegnastampa-totustuus.it\/cattolica\/wp-json\/wp\/v2\/types\/post"}],"author":[{"embeddable":true,"href":"https:\/\/www.rassegnastampa-totustuus.it\/cattolica\/wp-json\/wp\/v2\/users\/6"}],"replies":[{"embeddable":true,"href":"https:\/\/www.rassegnastampa-totustuus.it\/cattolica\/wp-json\/wp\/v2\/comments?post=4347"}],"version-history":[{"count":4,"href":"https:\/\/www.rassegnastampa-totustuus.it\/cattolica\/wp-json\/wp\/v2\/posts\/4347\/revisions"}],"predecessor-version":[{"id":34317,"href":"https:\/\/www.rassegnastampa-totustuus.it\/cattolica\/wp-json\/wp\/v2\/posts\/4347\/revisions\/34317"}],"wp:featuredmedia":[{"embeddable":true,"href":"https:\/\/www.rassegnastampa-totustuus.it\/cattolica\/wp-json\/wp\/v2\/media\/34316"}],"wp:attachment":[{"href":"https:\/\/www.rassegnastampa-totustuus.it\/cattolica\/wp-json\/wp\/v2\/media?parent=4347"}],"wp:term":[{"taxonomy":"category","embeddable":true,"href":"https:\/\/www.rassegnastampa-totustuus.it\/cattolica\/wp-json\/wp\/v2\/categories?post=4347"},{"taxonomy":"post_tag","embeddable":true,"href":"https:\/\/www.rassegnastampa-totustuus.it\/cattolica\/wp-json\/wp\/v2\/tags?post=4347"}],"curies":[{"name":"wp","href":"https:\/\/api.w.org\/{rel}","templated":true}]}}