{"id":4346,"date":"2011-01-20T00:00:00","date_gmt":"2011-01-19T23:00:00","guid":{"rendered":""},"modified":"2016-04-30T13:40:32","modified_gmt":"2016-04-30T11:40:32","slug":"come-sta-la-francia-cattolica","status":"publish","type":"post","link":"https:\/\/www.rassegnastampa-totustuus.it\/cattolica\/come-sta-la-francia-cattolica\/","title":{"rendered":"Come sta la Francia cattolica?"},"content":{"rendered":"<div style=\"text-align: center;\"><strong><img loading=\"lazy\" decoding=\"async\" class=\"alignleft wp-image-33832\" src=\"https:\/\/www.rassegnastampa-totustuus.it\/cattolica\/wp-content\/uploads\/2011\/01\/francia_cattolica.jpg\" alt=\"francia_cattolica\" width=\"250\" height=\"100\" srcset=\"https:\/\/www.rassegnastampa-totustuus.it\/cattolica\/wp-content\/uploads\/2011\/01\/francia_cattolica.jpg 355w, https:\/\/www.rassegnastampa-totustuus.it\/cattolica\/wp-content\/uploads\/2011\/01\/francia_cattolica-300x120.jpg 300w\" sizes=\"auto, (max-width: 250px) 100vw, 250px\" \/>La Civilt\u00e0 Cattolica<\/strong> n. 3843<\/div>\n<div style=\"text-align: center;\">7-21 agosto 2010<\/div>\n<p style=\"text-align: justify;\"><em>Ombre, luci e motivi di speranza del cattolicesimo in Francia. Gli effetti pastorali e\u00a0sociologicamente rilevanti della visita di Benedetto XVI in terra francese, che ha mostrato lo stato sostanzialmente vitale della Chiesa a livello popolare<\/em><\/p>\n<p style=\"text-align: center;\">di <strong>Giandomenico Mucci s.i.<\/strong><\/p>\n<p><!--more--><\/p>\n<div style=\"text-align: justify;\">La cultura moderna \u00e8 stata profondamente segnata dal progetto di liberare l&#8217;uomo occidentale attraverso la negazione e il superamento dei dogmi cristiani: l&#8217;ateismo come principio di liberazione umana. La filosofia idealistica tedesca ha elaborato il concetto di alienazione. Per riportare l&#8217;uomo a se stesso, bisogna sottrarlo a ci\u00f2 che lo aliena, a ci\u00f2 che lo porta fuori dal mondo, ossia innanzitutto alla superstizione religiosa.<\/div>\n<p style=\"text-align: justify;\">Dopo Hegel, gli intellettuali europei, non il popolo, non potranno pi\u00f9 dirsi cristiani, cos\u00ec come, dopo Voltaire e Rousseau, gli stessi intellettuali non avevano pi\u00f9 potuto accettare un principio di autorit\u00e0 non sottoposto al vaglio della <em>raison<\/em>. \u00c8 stato in Francia che si \u00e8 scardinato il vecchio ordine politico e sociale. \u00c8 stato in Francia, con Voltaire e gli enciclopedisti, che \u00e8 cominciata la guerra contro la Chiesa, continuata con mezzi meno violenti, per opportunismo politico, dal liberalismo del secolo seguente (1)<\/p>\n<p style=\"text-align: justify;\">Il secolo XX \u00e8 stata un&#8217;epoca di tali sanguinose tragedie da spegnere di volta in volta, e definitivamente, i miraggi del passato: i lumi della <em>raison<\/em>, la fede nella filosofia, la fiducia nella storia che avrebbe dovuto dare un senso alla vita. Non a caso, oggi c&#8217;\u00e8 chi parla di devastazione: termine non inadeguato alla cultura del nichilismo e dei \u00abpensieri deboli, pietosamente moralizzanti, minimi\u00bb (2).<\/p>\n<p style=\"text-align: justify;\"><strong>E la Francia cattolica?<\/strong><\/p>\n<p style=\"text-align: justify;\">Che cosa ha significato questa mutazione epocale per la Chiesa francese? \u00c8 una domanda abituale da parte di quei cattolici italiani che sono consapevoli dell&#8217;immenso patrimonio di santit\u00e0, di idee, di arte e di cultura nato in terra francese e diventato patrimonio della Chiesa universale. Ci si affida solitamente alle indagini so-ciologiche.<\/p>\n<p style=\"text-align: justify;\">In Italia sono molto seguite quelle dirette da Daniele Hervieu-L\u00e9ger, direttrice dell<em>&#8216;\u00c9cole des hautes \u00e9tudes en sciences so<\/em><em>ciales <\/em>di Parigi. Ma qualche suo collega italiano, come Luca Diotallevi, professore di Sociologia all&#8217;Universit\u00e0 di Roma Tre, avanza dubbi sui modelli e le premesse della ricercatrice francese e sulla sua capacit\u00e0 di confrontarsi con l&#8217;odierna letteratura scientifica sociologica (3).<\/p>\n<p style=\"text-align: justify;\">Comunque, il lettore ordinario di tali studi si ritrae con la penosa impressione che lo stato della vita di fede nei Paesi di antica cristianit\u00e0 sia pressoch\u00e9 catastrofico e irrecuperabile. \u00c8 l&#8217;impressione derivante dalle fredde percentuali statistiche. Per quanto riguarda la Francia, si ha \u00abla sensazione di un muro che crolla\u00bb, come ha detto il card. Philippe Barbarin, arcivescovo di Lione (4).<\/p>\n<p style=\"text-align: justify;\">Alcuni dati possono servire da campioni di una situazione. Nel 1948 i sacerdoti francesi superavano le 42.000 unit\u00e0. Nel 2007 erano meno di 20.000 e l&#8217;et\u00e0 media era superiore ai 60 anni. Nel 1996 i seminaristi francesi erano 1.050. Oggi sono 741. Nel 2002 soltanto 116 giovani sono entrati in seminario. Nel 2008 sono stati 139. Nel 2007, in 50 diocesi francesi non ci sono state ordinazioni sacerdotali e in 24 diocesi soltanto una. La regione di Leon e Quimper, in Bretagna, era chiamata una volta <em>terre des pr\u00e8tres.<\/em><\/p>\n<p style=\"text-align: justify;\">Ancora negli anni Sessanta del secolo scorso, le diocesi della Bretagna avevano pi\u00f9 di 1.000 sacerdoti e ne offrivano altrettanti ai tenitori di missione nel mondo. Oggi, il clero bretone conta 307 sacerdoti, in maggioranza gi\u00e0 ultrasessantenni, con una media di cinque seminaristi per diocesi. E in tutta la Francia le parrocchie sono ormai accorpate, servite da parroci itineranti. Soprattutto in campagna le chiese sono vuote. Ordini e Congregazioni religiose, un tempo celebri e fiorenti, mancano di vocazioni (5).<\/p>\n<p style=\"text-align: justify;\">Sta allora per finire la Chiesa in Francia? C&#8217;\u00e8 chi lo pensa, e sono soprattutto intellettuali. \u00c8 certamente un fenomeno preoccupante il calo della frequenza alle liturgie e degli esercizi pi\u00f9 semplici della vita cristiana. Ma l&#8217;osservatore deve anche tener conto di quanto avviene nelle grandi parrocchie popolari e in quelle delle aree suburbane.<\/p>\n<p style=\"text-align: justify;\">Il padre Jean-Miguel Garrigues, domenicano, che vive in Francia, dice: \u00abC&#8217;\u00e8 un popolo che ha una fede molto semplice e spesso rimane fuori anche dalle organizzazioni parrocchiali: frequenta i luoghi di pellegrinaggio, s&#8217;innamora dei santi francesi, entra in chiesa per una preghiera, ma poi magari non partecipa alle messe e non ascolta le omelie, le trova troppo complicate. Forse la Chiesa francese negli ultimi decenni ha sacrificato questo cristianesimo popolare, quando tutti cercavano il &#8220;cristianesimo adulto&#8221;\u00bb (6).<\/p>\n<p style=\"text-align: justify;\">Sono osservazioni che riguardano anche i molti immigrati che fanno parte della societ\u00e0 francese. Ci sono poi le comunit\u00e0 create dai nuovi movimenti. C&#8217;\u00e8 chi li considera come la vera risposta cristiana alla decristianizzazione e c&#8217;\u00e8 chi, pi\u00f9 criticamente e obiettivamente, attribuisce loro un ruolo assai ridotto nella vita della Chiesa.<\/p>\n<p style=\"text-align: justify;\">Degna di nota \u00e8 l&#8217;opinione che R\u00e8mi Brague, professore di Filosofia medievale alla Sorbona, esprime con forza sull&#8217;idea che ci si fa, anche all&#8217;estero, della crisi della Chiesa in Francia: \u00abQuello che dicono i gruppi di pressione viene presentato come la voce della Chiesa <em>e <\/em>del popolo cristiano. I discorsi e le parole d&#8217;ordine di queste <em>lobby <\/em>continuano a imperversare sui media con una specie di gioco dello specchio: i media non interpellano altro che i rappresentanti di questi gruppi di pressione, che a loro volta rispondono secondo il copione gi\u00e0 predisposto per loro nel racconto mediatico della realt\u00e0. La realt\u00e0 effettuale delle cose \u00e8 forse pi\u00f9 grave di quello che dicono certi gruppi di pressione, ma allo stesso tempo \u00e8 meno grave di come talvolta la descrivono i media\u00bb (7)<\/p>\n<p style=\"text-align: justify;\"><strong>Il viaggio del Papa<\/strong><\/p>\n<p style=\"text-align: justify;\">Ci\u00f2 che siamo venuti finora dicendo ha trovato un conferma, da molti probabilmente imprevedibile e insperata, nel viaggio che il Santo Padre ha compiuto in Francia nel settembre 2008. \u00c8 stata l&#8217;occasione per avere un&#8217;immagine della Chiesa francese, viva, non condizionata dai <em>media, <\/em>non guardata con il filtro pi\u00f9 o meno interessato degli intellettuali. <em>Le Parisien, Le Monde, Le Figa<\/em><em>ro, <\/em>che non sono giornali ecclesiastici, <em>Liberation, <\/em>che \u00e8 un foglio spesso anticlericale, hanno dovuto registrare con stupore sia l&#8217;interesse suscitato dalla parola del Papa sia le folle accorse ad ascoltarla (8).<\/p>\n<p style=\"text-align: justify;\">Partecipando alla Messa celebrata da Benedetto XVI sulla <em>Esplanade des Invalides, <\/em>il card. Barbarin, e con lui i commentatori televisivi, sono stati sorpresi dal silenzio e dallo spirito di interiorit\u00e0 che caratterizzava quell&#8217;assemblea di quasi 300.000 fedeli: famiglie con i figli, giovani, venuti dalla regione parigina e da altre regioni, gente venuta non per vedere il Papa, ma per pregare in una Messa insieme con il Papa. A Parigi e a Lourdes (9).<\/p>\n<p style=\"text-align: justify;\">\u00abIl fervore e la vitalit\u00e0 della giovent\u00f9 cristiana sono apparsi impressionanti e i credenti effettivi sono senza dubbio dieci volte superiori a ci\u00f2 che indicano le statistiche, come dimostrano tutti i viaggi di un Papa, qualunque sia il suo nome\u00bb, ha scritto in quei giorni Henri Hude, direttore del <em>Centre d&#8217;\u00c9thique al Centre de Re<\/em><em>cherches de l&#8217;Acad\u00e9mie militaire de Saint-Cyr <\/em>(10)<em>.<\/em><\/p>\n<p style=\"text-align: justify;\"><em>Si <\/em>pu\u00f2, quindi, serenamente condividere il giudizio del card. Andre Vingt-Trois, arcivescovo di Parigi: \u00abA quelli che dicevano che i cattolici di Francia non erano in comunione col Papa \u00e8 bastato guardare la folla che si assiepava al suo passaggio. In quella occasione \u00e8 apparsa una realt\u00e0 che abitualmente non si avverte. Bisogna valutare questo segnale. C&#8217;\u00e8 tanta gente, comprese famiglie giovani, che vive in maniera semplice la propria fede in seno alla Chiesa cattolica. Un evento si pu\u00f2 organizzare.<\/p>\n<p style=\"text-align: justify;\">Si pu\u00f2 riempire Notre-Dame con 3.000 persone. Non \u00e8 difficile. Si pu\u00f2 riempire il sagrato davanti alla cattedrale con 10.000 persone. \u00c8 un po&#8217; pi\u00f9 difficile ma ci si pu\u00f2 arrivare. Alla Messa all&#8217;<em>Esplanade des Invalides <\/em>erano almeno 250.000. Avrebbero potuto rimanere con pi\u00f9 comodit\u00e0 a casa, visto che la Messa come tutte le celebrazioni e gli incontri di quei giorni era trasmessa in televisione. Ecco, una cosa cos\u00ec non si fabbrica\u00bb (11)<\/p>\n<p style=\"text-align: justify;\">Eppure il Papa ha parlato contro corrente. All&#8217;Eliseo, all<em>&#8216;Insti<\/em><em>tut, <\/em>alle folle, con semplicit\u00e0 e rigore di argomentazioni, ha parlato di cose oggi abitualmente taciute, senza condannare nessuno e tutti esortando a una vita che tanto si fa nobile quanto si avvicina all&#8217;amore di Dio. Ha parlato degli idoli che umiliano uomini e giovani; il desiderio del potere, il denaro, la superbia del sapere, la schiavit\u00f9 della droga, la violenza sui deboli e la loro umiliazione, l&#8217;uccisione delle vite nascenti, ci\u00f2 che deforma la persona umana (12).<em> E <\/em>certamente il popolo cristiano si sar\u00e0 riconosciuto nel suo pastore. Presteranno ascolto i professionisti e i custodi della <em>laicit\u00e9?<\/em><\/p>\n<p style=\"text-align: justify;\">R\u00e8mi Brague non si fa illusioni. In Francia, come in Italia, la classe intellettuale non ha superato la diffidenza verso la Chiesa. Nella cultura francese non agiscono pi\u00f9 i Mauriac, i Claudel, i Mal\u00e9gue, i Gilson, i Maritain, i Mounier. Non mancano uomini come Rene Girard e Jean-Lue Marion e c&#8217;\u00e8 chi crede alla possibilit\u00e0 del dialogo tra Voltaire e Pascal (13). Ma forse Claude L\u00e9vi-Strauss ha un seguito maggiore (14).<\/p>\n<p style=\"text-align: justify;\">Lo storico Max Gallo, accademico di Francia, dopo essere stato testimone dell&#8217;accoglienza che i francesi hanno riservato a Benedetto XVI, ha dichiarato: \u00abMerita una particolare riflessione anche la persistenza di un anticlericalismo, di un anticattolicesimo ancora forti ed espressi in nome della laicit\u00e0, come se il mondo non fosse cambiato, la Francia non fosse cambiata, la Chiesa non fosse cambiata. Come se le ideologie secolari che trasformavano la politica in una sorta di religione non fossero crollate.<\/p>\n<p style=\"text-align: justify;\">Davanti a simili manifestazioni, se si chiudono per un attimo gli occhi, ci si potrebbe credere tornati al 1901. In ogni caso, si tratta di anticlericalismo e di anticattolicesimo molto marcati. Per fare un esempio, si tratta di ambienti pronti a inchinarsi di getto con grande benevolenza al momento della visita del Dalai Lama in Francia. Ma noto la discrezione con cui questi stessi ambienti, che invocano in modo costante i diritti umani, evocano i crimini commessi contro i cristiani in tutto il mondo\u00bb (15).<\/p>\n<p style=\"text-align: justify;\"><strong>La laicit\u00e0 secondo Sarkozy<\/strong><\/p>\n<p style=\"text-align: justify;\">Questa problematica s&#8217;intreccia con i ricorrenti dibattiti, non soltanto in Francia, sulla laicit\u00e0: dibattiti che si sono riaccesi dopo i discorsi del presidente della Repubblica francese, Nicolas Sarkozy, al Laterano e all&#8217;Eliseo, quest&#8217;ultimo in occasione della visita pontificia. Gi\u00e0 non molti anni or sono, quando era ministro dell&#8217;Interno e dei culti, Sarkozy aveva voluto una Commissione, formata da professori universitari, magistrati e avvocati, per affrontare giuridicamente le relazioni tra i culti e i poteri pubblici e ripensare criticamente la separazione tra lo Stato e le varie confessioni.<\/p>\n<p style=\"text-align: justify;\">Alla Commissione, che lavor\u00f2 tra il novembre 2005 e il settembre 2006, Sarkozy aveva dato due indicazioni: ribadire il principio della laicit\u00e0 ed emendare le leggi sull&#8217;esercizio dei culti in rapporto ai poteri dello Stato. Cio\u00e8: riaffermare la laicit\u00e0 costituzionale che rispetta credenze e diversit\u00e0 religiose e, insieme, tener conto delle esigenze dei membri delle confessioni insediatesi recentemente in Francia, penalizzate parzialmente dalla legge del 1905 che riservava i vantaggi alle confessioni tradizionali (16).<\/p>\n<p style=\"text-align: justify;\">Per quanto riguarda la Chiesa, Sarkozy, divenuto ormai capo dello Stato, ribadiva, nel suo discorso al Laterano, che la Francia deve valorizzare e difendere la laicit\u00e0, ma accettando le sue radici cristiane. \u00abMi auguro profondamente l&#8217;avvento di una laicit\u00e0 positiva, cio\u00e8 di una laicit\u00e0 che, pur vegliando alla libert\u00e0 di pensare, a quella di credere o non credere, non considera che le religioni sono un pericolo, ma piuttosto un punto a favore.<\/p>\n<p style=\"text-align: justify;\">Non si tratta di modificare i grandi equilibri della legge del 1905. I francesi non lo auspicano e le religioni non lo chiedono. Si tratta, in compenso, di cercare il dialogo con le grandi religioni di Francia e di avere come principio quello di agevolare la vita quotidiana delle grandi correnti spirituali piuttosto che di cercare di complicarla a loro\u00bb.<\/p>\n<p style=\"text-align: justify;\">E ha aggiunto: \u00abVorrei anche dire che, se esiste incontestabilmente una morale umana indipendente dalla morale religiosa, la Repubblica ha interesse a che esista anche una riflessione morale ispirata alle convinzioni religiose. Anzitutto perch\u00e9 la morale laica rischia sempre di esaurirsi o di trasformarsi in fanatismo quando non \u00e8 appoggiata a una speranza che colma l&#8217;aspirazione all&#8217;infinito. Poi e soprattutto perch\u00e9 una morale sprovvista di legami con il trascendente \u00e8 maggiormente esposta alle contingenze storiche e in definitiva all&#8217;arrendevolezza\u00bb (17).<\/p>\n<p style=\"text-align: justify;\">Come \u00e8 stata accolta in Francia questa laicit\u00e0 positiva? Le opinioni di due saggisti ci sembrano indicative di una persuasione diffusa. La <em>laicite, <\/em>come \u00e8 stata finora intesa, non voleva essere il mezzo per distinguere potere civile e potere religioso. Ambiva, invece, a unificare i due poteri sotto il pensiero illuminista eretto a filosofia dello Stato, per sradicare il cattolicesimo e per attribuire allo Stato il monopolio dell&#8217;educazione, della formazione dei costumi e delle leggi. La Repubblica si autoconcepiva come una comunit\u00e0 nazionale cementata da una fede filosofica tendenzialmente intollerante.<\/p>\n<p style=\"text-align: justify;\">Su questa realt\u00e0 secolare, il progetto Sarkozy, la sua laicit\u00e0 positiva, si configura come relativizzazione dell&#8217;illuminismo, contestazione della sua pretesa di essere quasi la religione di Stato. L&#8217;illuminismo \u00e8 declassato a una delle forze spirituali che agiscono nella societ\u00e0 francese, la filosofia razionalista \u00e8 destabilizzata. Pertanto si ritiene da alcuni che la Chiesa in Francia abbia recuperato un diritto sulla <em>raison, <\/em>avendo con ci\u00f2 stesso il riconoscimento di fatto che l&#8217;uomo \u00e8 <em>animal religiosum. <\/em>Non \u00e8 poco in un Paese che, per tanta parte della sua storia, \u00e8 stato lo stendardo dell&#8217;irreligiosit\u00e0 (18).<\/p>\n<p style=\"text-align: justify;\">Secondo Jean Baub\u00e9rot, presidente onorario della <em>Ecole prati<\/em><em>que des hautes \u00e9tudes <\/em>di Parigi, la laicit\u00e0 positiva, che assume in s\u00e9 le radici cristiane della Francia, \u00e8 la versione semplicistica del modello americano di religione civile con il quale Sarkozy sostituisce la religione repubblicana. Lo storico ammette che la laicit\u00e0, in Francia, \u00e8 stata enfatizzata: da indipendenza dello Stato da ogni culto e clero per realizzare la libert\u00e0 di tutti i culti e l&#8217;uguaglianza di tutti i cittadini dinanzi alla legge si \u00e8 trasformata in rifiuto di qualsiasi espressione della religione nella sfera pubblica: \u00e8 diventata la <em>laicit\u00e9 a la francaise.<\/em><\/p>\n<p style=\"text-align: justify;\">Per Baub\u00e9rot, in questa evoluzione ha giocato la sua parte il nazionalismo francese. \u00abLa Francia \u00e8 stata una grande potenza, mentre ora \u00e8 una potenza media e questo spinge i francesi alla eterna ricerca di una qualche loro specificit\u00e0, di situazioni in cui sono i soli a pensare come pensano, una ricerca di &#8220;eccezione&#8221;\u00bb (19).<\/p>\n<p style=\"text-align: justify;\">Soltanto il futuro mostrer\u00e0 quanto il progetto Sarkozy sar\u00e0 stato veramente recepito e quanta influenza potr\u00e0 avere sui dibattiti in corso sulla famiglia, la bioetica, la politica, il riconoscimento pubblico della dimensione costitutivamente religiosa dell&#8217;essere umano. E quanto se ne avvantagger\u00e0 la Francia cattolica.<\/p>\n<p style=\"text-align: justify;\"><strong>Note<\/strong><\/p>\n<p style=\"text-align: justify;\"><strong>1)<\/strong> Cfr E. GALLI DELLA LOGGIA, <em>Intervista sulla destra<\/em>, Bari, Laterza, 1994, 8-10; B.CROCE, <em>Storia d&#8217;Europa nel secolo decimonono<\/em>, ivi, 19723, 26 s.<\/p>\n<p style=\"text-align: justify;\"><strong>2)<\/strong> B.-H. L\u00c9VY, \u00abBenny L\u00e9vy, l\u2019anti-nichilista\u00bb, in <em>Corriere della Sera<\/em>, 1 giugno 2009, 29.<\/p>\n<p style=\"text-align: justify;\"><strong>3)<\/strong> Cfr L. FAZZINI, \u00abLa Chiesa e la sfida del moderno\u00bb, <em>in Avvenire, <\/em>19 giugno 2008,30.<\/p>\n<p style=\"text-align: justify;\"><strong>4)<\/strong> Cfr G. VALENTE, \u00abLe luci di Lione\u00bb, in <em>30 Giorni, <\/em>2009, n. 1\/2, 23.<\/p>\n<p style=\"text-align: justify;\"><strong>5)<\/strong> Cfr ID., \u00abSe tutto diventa semplice come una preghiera\u00bb, ivi, 29 e 31.<\/p>\n<p style=\"text-align: justify;\"><strong>6)<\/strong> Ivi, 26.<\/p>\n<p style=\"text-align: justify;\"><strong>7)<\/strong> Cfr G. VALENTE, \u00abBattezzati. Non militanti\u00bb, in <em>30 giorni, <\/em>cit., 27.<\/p>\n<p style=\"text-align: justify;\"><strong>8)<\/strong> Cfr D. ZAPPALA, \u00abTV e giornali. Benedetto sugli scudi\u00bb, in <em>Avvenire, 14 <\/em>settembre 2008, 3.<\/p>\n<p style=\"text-align: justify;\"><strong>9)<\/strong> Cfr G. VALENTE, \u00abLe luci di Lione\u00bb, cit., 21.<\/p>\n<p style=\"text-align: justify;\"><strong>10)<\/strong> H. HUDE, \u00abCambia la laicit\u00e0 repubblicana\u00bb, in <em>II Sole 24 Ore, <\/em>16 settembre 2008,16.<\/p>\n<p style=\"text-align: justify;\"><strong>11)<\/strong> Cfr G. VALENTE, \u00abLa Chiesa \u00e8 sua. Per questo \u00e8 semplice ricominciare\u00bb, in <em>30 Giorni, 2009, <\/em>n. <em>4, <\/em>30 s.<\/p>\n<p style=\"text-align: justify;\"><strong>12)<\/strong> Cfr C. CARDIA, \u00abBisogno nuovo dopo il fallimento degli idoli\u00bb, in <em>Avvenire, <\/em>17 settembre 2008, 1.<\/p>\n<p style=\"text-align: justify;\"><strong>13)<\/strong> Cfr R. SCRUTON, \u00abApologia del sacro contro i &#8220;nuovi atei&#8221;\u00bb, in <em>Vita e Pensiero <\/em>90 (2007) 24-32; P MANENT, \u00abTra Voltaire e Pascal dialogo ancora possibile?\u00bb, ivi, 35-40; J.-L. MARION, \u00abFede e ragione, dialogo ancora possibile?\u00bb, ivi, 89 (2006) 73-80.<\/p>\n<p style=\"text-align: justify;\"><strong>14)<\/strong> Cfr L. SCARAFFIA, \u00abL\u00e9vi-Strauss, il trionfo del &#8220;pensiero selvaggio&#8221;\u00bb, ivi, 91 (2008) 123-128.<\/p>\n<p style=\"text-align: justify;\"><strong>15)<\/strong> Cfr D. ZAPPALA, \u00abGallo: una scossa alla vecchia Francia\u00bb, in <em>Avvenire, <\/em>14 settembre 2008, 3.<\/p>\n<p style=\"text-align: justify;\"><strong>16)<\/strong> Cfr E margiotta BROGLIO, \u00abLa Francia laica prepara un &#8220;concordato&#8221; con l&#8217;Isiam\u00bb, in <em>Corriere della Sera, <\/em>10 ottobre 2006, 38.<\/p>\n<p style=\"text-align: justify;\"><strong>17)<\/strong> N. SARKOZY, \u00abSi pu\u00f2 essere laici e cristiani\u00bb, in <em>Il Foglio quotidiano, <\/em>22 dicembre 2007,1.<\/p>\n<p style=\"text-align: justify;\"><strong>18)<\/strong> Cfr H. HUDE, \u00abCambia la laicit\u00e0 repubblicana\u00bb, cit.<\/p>\n<p style=\"text-align: justify;\"><strong>19)<\/strong> Cfr G. BOSETTI, \u00abTutti i laici del mondo\u00bb, in <em>la Repubblica, 5 <\/em>novembre 2008, 49.<\/p>\n","protected":false},"excerpt":{"rendered":"<p>La Civilt\u00e0 Cattolica n. 3843 7-21 agosto 2010 Ombre, luci e motivi di speranza del cattolicesimo in Francia. Gli effetti pastorali e\u00a0sociologicamente rilevanti della visita di Benedetto XVI in terra francese, che ha mostrato lo stato sostanzialmente vitale della Chiesa a livello popolare di Giandomenico Mucci s.i.<\/p><p><a class=\"more-link btn\" href=\"https:\/\/www.rassegnastampa-totustuus.it\/cattolica\/come-sta-la-francia-cattolica\/\">Continua a leggere<\/a><\/p>\n","protected":false},"author":6,"featured_media":33832,"comment_status":"closed","ping_status":"open","sticky":false,"template":"","format":"standard","meta":{"footnotes":""},"categories":[110,5],"tags":[219],"class_list":["post-4346","post","type-post","status-publish","format-standard","has-post-thumbnail","hentry","category-benedetto-xvi","category-chiesa","tag-francia","item-wrap"],"yoast_head":"<!-- This site is optimized with the Yoast SEO plugin v27.5 - https:\/\/yoast.com\/product\/yoast-seo-wordpress\/ -->\n<title>Come sta la Francia cattolica? - Rassegna Stampa Cattolica<\/title>\n<meta name=\"description\" content=\"Rassegna Stampa Cattolica - Per una cultura che nasce dalla Rivelazione cristiana in conformit\u00e0 alla tradizione e al Magistero della Chiesa in opposizione ad ogni relativismo e totalitarismo\" \/>\n<meta name=\"robots\" content=\"index, follow, max-snippet:-1, max-image-preview:large, max-video-preview:-1\" \/>\n<link rel=\"canonical\" href=\"https:\/\/www.rassegnastampa-totustuus.it\/cattolica\/come-sta-la-francia-cattolica\/\" \/>\n<meta property=\"og:locale\" content=\"it_IT\" \/>\n<meta property=\"og:type\" content=\"article\" \/>\n<meta property=\"og:title\" content=\"Come sta la Francia cattolica? - Rassegna Stampa Cattolica\" \/>\n<meta property=\"og:description\" content=\"Rassegna Stampa Cattolica - Per una cultura che nasce dalla Rivelazione cristiana in conformit\u00e0 alla tradizione e al Magistero della Chiesa in opposizione ad ogni relativismo e totalitarismo\" \/>\n<meta property=\"og:url\" content=\"https:\/\/www.rassegnastampa-totustuus.it\/cattolica\/come-sta-la-francia-cattolica\/\" \/>\n<meta property=\"og:site_name\" content=\"Rassegna Stampa Cattolica\" \/>\n<meta property=\"article:publisher\" content=\"https:\/\/www.facebook.com\/rassegnastampacattolica\" \/>\n<meta property=\"article:published_time\" content=\"2011-01-19T23:00:00+00:00\" \/>\n<meta property=\"article:modified_time\" content=\"2016-04-30T11:40:32+00:00\" \/>\n<meta property=\"og:image\" content=\"https:\/\/www.rassegnastampa-totustuus.it\/cattolica\/wp-content\/uploads\/2011\/01\/francia_cattolica.jpg\" \/>\n\t<meta property=\"og:image:width\" content=\"355\" \/>\n\t<meta property=\"og:image:height\" content=\"142\" \/>\n\t<meta property=\"og:image:type\" content=\"image\/jpeg\" \/>\n<meta name=\"author\" content=\"Redazione\" \/>\n<meta name=\"twitter:card\" content=\"summary_large_image\" \/>\n<meta name=\"twitter:creator\" content=\"@rassegnastampa9\" \/>\n<meta name=\"twitter:site\" content=\"@rassegnastampa9\" \/>\n<meta name=\"twitter:label1\" content=\"Scritto da\" \/>\n\t<meta name=\"twitter:data1\" content=\"Redazione\" \/>\n\t<meta name=\"twitter:label2\" content=\"Tempo di lettura stimato\" \/>\n\t<meta name=\"twitter:data2\" content=\"13 minuti\" \/>\n<script type=\"application\/ld+json\" class=\"yoast-schema-graph\">{\"@context\":\"https:\\\/\\\/schema.org\",\"@graph\":[{\"@type\":\"Article\",\"@id\":\"https:\\\/\\\/www.rassegnastampa-totustuus.it\\\/cattolica\\\/come-sta-la-francia-cattolica\\\/#article\",\"isPartOf\":{\"@id\":\"https:\\\/\\\/www.rassegnastampa-totustuus.it\\\/cattolica\\\/come-sta-la-francia-cattolica\\\/\"},\"author\":{\"name\":\"Redazione\",\"@id\":\"https:\\\/\\\/www.rassegnastampa-totustuus.it\\\/cattolica\\\/#\\\/schema\\\/person\\\/08f319d2bd1a0904ad9e2bfb7b15e5c3\"},\"headline\":\"Come sta la Francia cattolica?\",\"datePublished\":\"2011-01-19T23:00:00+00:00\",\"dateModified\":\"2016-04-30T11:40:32+00:00\",\"mainEntityOfPage\":{\"@id\":\"https:\\\/\\\/www.rassegnastampa-totustuus.it\\\/cattolica\\\/come-sta-la-francia-cattolica\\\/\"},\"wordCount\":2629,\"publisher\":{\"@id\":\"https:\\\/\\\/www.rassegnastampa-totustuus.it\\\/cattolica\\\/#organization\"},\"image\":{\"@id\":\"https:\\\/\\\/www.rassegnastampa-totustuus.it\\\/cattolica\\\/come-sta-la-francia-cattolica\\\/#primaryimage\"},\"thumbnailUrl\":\"https:\\\/\\\/www.rassegnastampa-totustuus.it\\\/cattolica\\\/wp-content\\\/uploads\\\/2011\\\/01\\\/francia_cattolica.jpg\",\"keywords\":[\"Francia\"],\"articleSection\":[\"Benedetto XVI\",\"Chiesa\"],\"inLanguage\":\"it-IT\"},{\"@type\":\"WebPage\",\"@id\":\"https:\\\/\\\/www.rassegnastampa-totustuus.it\\\/cattolica\\\/come-sta-la-francia-cattolica\\\/\",\"url\":\"https:\\\/\\\/www.rassegnastampa-totustuus.it\\\/cattolica\\\/come-sta-la-francia-cattolica\\\/\",\"name\":\"Come sta la Francia cattolica? - Rassegna Stampa Cattolica\",\"isPartOf\":{\"@id\":\"https:\\\/\\\/www.rassegnastampa-totustuus.it\\\/cattolica\\\/#website\"},\"primaryImageOfPage\":{\"@id\":\"https:\\\/\\\/www.rassegnastampa-totustuus.it\\\/cattolica\\\/come-sta-la-francia-cattolica\\\/#primaryimage\"},\"image\":{\"@id\":\"https:\\\/\\\/www.rassegnastampa-totustuus.it\\\/cattolica\\\/come-sta-la-francia-cattolica\\\/#primaryimage\"},\"thumbnailUrl\":\"https:\\\/\\\/www.rassegnastampa-totustuus.it\\\/cattolica\\\/wp-content\\\/uploads\\\/2011\\\/01\\\/francia_cattolica.jpg\",\"datePublished\":\"2011-01-19T23:00:00+00:00\",\"dateModified\":\"2016-04-30T11:40:32+00:00\",\"description\":\"Rassegna Stampa Cattolica - Per una cultura che nasce dalla Rivelazione cristiana in conformit\u00e0 alla tradizione e al Magistero della Chiesa in opposizione ad ogni relativismo e totalitarismo\",\"breadcrumb\":{\"@id\":\"https:\\\/\\\/www.rassegnastampa-totustuus.it\\\/cattolica\\\/come-sta-la-francia-cattolica\\\/#breadcrumb\"},\"inLanguage\":\"it-IT\",\"potentialAction\":[{\"@type\":\"ReadAction\",\"target\":[\"https:\\\/\\\/www.rassegnastampa-totustuus.it\\\/cattolica\\\/come-sta-la-francia-cattolica\\\/\"]}]},{\"@type\":\"ImageObject\",\"inLanguage\":\"it-IT\",\"@id\":\"https:\\\/\\\/www.rassegnastampa-totustuus.it\\\/cattolica\\\/come-sta-la-francia-cattolica\\\/#primaryimage\",\"url\":\"https:\\\/\\\/www.rassegnastampa-totustuus.it\\\/cattolica\\\/wp-content\\\/uploads\\\/2011\\\/01\\\/francia_cattolica.jpg\",\"contentUrl\":\"https:\\\/\\\/www.rassegnastampa-totustuus.it\\\/cattolica\\\/wp-content\\\/uploads\\\/2011\\\/01\\\/francia_cattolica.jpg\",\"width\":355,\"height\":142},{\"@type\":\"BreadcrumbList\",\"@id\":\"https:\\\/\\\/www.rassegnastampa-totustuus.it\\\/cattolica\\\/come-sta-la-francia-cattolica\\\/#breadcrumb\",\"itemListElement\":[{\"@type\":\"ListItem\",\"position\":1,\"name\":\"Home\",\"item\":\"https:\\\/\\\/www.rassegnastampa-totustuus.it\\\/cattolica\\\/\"},{\"@type\":\"ListItem\",\"position\":2,\"name\":\"Come sta la Francia cattolica?\"}]},{\"@type\":\"WebSite\",\"@id\":\"https:\\\/\\\/www.rassegnastampa-totustuus.it\\\/cattolica\\\/#website\",\"url\":\"https:\\\/\\\/www.rassegnastampa-totustuus.it\\\/cattolica\\\/\",\"name\":\"Rassegna Stampa Cattolica\",\"description\":\"Per una cultura che nasce dalla Rivelazione cristiana in conformit\u00e0 alla tradizione e al Magistero della Chiesa in opposizione ad ogni relativismo e totalitarismo\",\"publisher\":{\"@id\":\"https:\\\/\\\/www.rassegnastampa-totustuus.it\\\/cattolica\\\/#organization\"},\"alternateName\":\"Rass. Cattolica\",\"potentialAction\":[{\"@type\":\"SearchAction\",\"target\":{\"@type\":\"EntryPoint\",\"urlTemplate\":\"https:\\\/\\\/www.rassegnastampa-totustuus.it\\\/cattolica\\\/?s={search_term_string}\"},\"query-input\":{\"@type\":\"PropertyValueSpecification\",\"valueRequired\":true,\"valueName\":\"search_term_string\"}}],\"inLanguage\":\"it-IT\"},{\"@type\":\"Organization\",\"@id\":\"https:\\\/\\\/www.rassegnastampa-totustuus.it\\\/cattolica\\\/#organization\",\"name\":\"Rassegna Stampa Cattolica\",\"url\":\"https:\\\/\\\/www.rassegnastampa-totustuus.it\\\/cattolica\\\/\",\"logo\":{\"@type\":\"ImageObject\",\"inLanguage\":\"it-IT\",\"@id\":\"https:\\\/\\\/www.rassegnastampa-totustuus.it\\\/cattolica\\\/#\\\/schema\\\/logo\\\/image\\\/\",\"url\":\"https:\\\/\\\/www.rassegnastampa-totustuus.it\\\/cattolica\\\/wp-content\\\/uploads\\\/2014\\\/04\\\/logo-rassegna1.gif\",\"contentUrl\":\"https:\\\/\\\/www.rassegnastampa-totustuus.it\\\/cattolica\\\/wp-content\\\/uploads\\\/2014\\\/04\\\/logo-rassegna1.gif\",\"width\":600,\"height\":163,\"caption\":\"Rassegna Stampa Cattolica\"},\"image\":{\"@id\":\"https:\\\/\\\/www.rassegnastampa-totustuus.it\\\/cattolica\\\/#\\\/schema\\\/logo\\\/image\\\/\"},\"sameAs\":[\"https:\\\/\\\/www.facebook.com\\\/rassegnastampacattolica\",\"https:\\\/\\\/x.com\\\/rassegnastampa9\"]},{\"@type\":\"Person\",\"@id\":\"https:\\\/\\\/www.rassegnastampa-totustuus.it\\\/cattolica\\\/#\\\/schema\\\/person\\\/08f319d2bd1a0904ad9e2bfb7b15e5c3\",\"name\":\"Redazione\",\"image\":{\"@type\":\"ImageObject\",\"inLanguage\":\"it-IT\",\"@id\":\"https:\\\/\\\/secure.gravatar.com\\\/avatar\\\/2fcdf27c78ea025fbdb44e914cc63c72249ffec9dc8aafd5c82b26240ef3f346?s=96&d=mm&r=g\",\"url\":\"https:\\\/\\\/secure.gravatar.com\\\/avatar\\\/2fcdf27c78ea025fbdb44e914cc63c72249ffec9dc8aafd5c82b26240ef3f346?s=96&d=mm&r=g\",\"contentUrl\":\"https:\\\/\\\/secure.gravatar.com\\\/avatar\\\/2fcdf27c78ea025fbdb44e914cc63c72249ffec9dc8aafd5c82b26240ef3f346?s=96&d=mm&r=g\",\"caption\":\"Redazione\"},\"url\":\"https:\\\/\\\/www.rassegnastampa-totustuus.it\\\/cattolica\\\/author\\\/pietroelle\\\/\"}]}<\/script>\n<!-- \/ Yoast SEO plugin. -->","yoast_head_json":{"title":"Come sta la Francia cattolica? - Rassegna Stampa Cattolica","description":"Rassegna Stampa Cattolica - Per una cultura che nasce dalla Rivelazione cristiana in conformit\u00e0 alla tradizione e al Magistero della Chiesa in opposizione ad ogni relativismo e totalitarismo","robots":{"index":"index","follow":"follow","max-snippet":"max-snippet:-1","max-image-preview":"max-image-preview:large","max-video-preview":"max-video-preview:-1"},"canonical":"https:\/\/www.rassegnastampa-totustuus.it\/cattolica\/come-sta-la-francia-cattolica\/","og_locale":"it_IT","og_type":"article","og_title":"Come sta la Francia cattolica? - Rassegna Stampa Cattolica","og_description":"Rassegna Stampa Cattolica - Per una cultura che nasce dalla Rivelazione cristiana in conformit\u00e0 alla tradizione e al Magistero della Chiesa in opposizione ad ogni relativismo e totalitarismo","og_url":"https:\/\/www.rassegnastampa-totustuus.it\/cattolica\/come-sta-la-francia-cattolica\/","og_site_name":"Rassegna Stampa Cattolica","article_publisher":"https:\/\/www.facebook.com\/rassegnastampacattolica","article_published_time":"2011-01-19T23:00:00+00:00","article_modified_time":"2016-04-30T11:40:32+00:00","og_image":[{"width":355,"height":142,"url":"https:\/\/www.rassegnastampa-totustuus.it\/cattolica\/wp-content\/uploads\/2011\/01\/francia_cattolica.jpg","type":"image\/jpeg"}],"author":"Redazione","twitter_card":"summary_large_image","twitter_creator":"@rassegnastampa9","twitter_site":"@rassegnastampa9","twitter_misc":{"Scritto da":"Redazione","Tempo di lettura stimato":"13 minuti"},"schema":{"@context":"https:\/\/schema.org","@graph":[{"@type":"Article","@id":"https:\/\/www.rassegnastampa-totustuus.it\/cattolica\/come-sta-la-francia-cattolica\/#article","isPartOf":{"@id":"https:\/\/www.rassegnastampa-totustuus.it\/cattolica\/come-sta-la-francia-cattolica\/"},"author":{"name":"Redazione","@id":"https:\/\/www.rassegnastampa-totustuus.it\/cattolica\/#\/schema\/person\/08f319d2bd1a0904ad9e2bfb7b15e5c3"},"headline":"Come sta la Francia cattolica?","datePublished":"2011-01-19T23:00:00+00:00","dateModified":"2016-04-30T11:40:32+00:00","mainEntityOfPage":{"@id":"https:\/\/www.rassegnastampa-totustuus.it\/cattolica\/come-sta-la-francia-cattolica\/"},"wordCount":2629,"publisher":{"@id":"https:\/\/www.rassegnastampa-totustuus.it\/cattolica\/#organization"},"image":{"@id":"https:\/\/www.rassegnastampa-totustuus.it\/cattolica\/come-sta-la-francia-cattolica\/#primaryimage"},"thumbnailUrl":"https:\/\/www.rassegnastampa-totustuus.it\/cattolica\/wp-content\/uploads\/2011\/01\/francia_cattolica.jpg","keywords":["Francia"],"articleSection":["Benedetto XVI","Chiesa"],"inLanguage":"it-IT"},{"@type":"WebPage","@id":"https:\/\/www.rassegnastampa-totustuus.it\/cattolica\/come-sta-la-francia-cattolica\/","url":"https:\/\/www.rassegnastampa-totustuus.it\/cattolica\/come-sta-la-francia-cattolica\/","name":"Come sta la Francia cattolica? - Rassegna Stampa Cattolica","isPartOf":{"@id":"https:\/\/www.rassegnastampa-totustuus.it\/cattolica\/#website"},"primaryImageOfPage":{"@id":"https:\/\/www.rassegnastampa-totustuus.it\/cattolica\/come-sta-la-francia-cattolica\/#primaryimage"},"image":{"@id":"https:\/\/www.rassegnastampa-totustuus.it\/cattolica\/come-sta-la-francia-cattolica\/#primaryimage"},"thumbnailUrl":"https:\/\/www.rassegnastampa-totustuus.it\/cattolica\/wp-content\/uploads\/2011\/01\/francia_cattolica.jpg","datePublished":"2011-01-19T23:00:00+00:00","dateModified":"2016-04-30T11:40:32+00:00","description":"Rassegna Stampa Cattolica - Per una cultura che nasce dalla Rivelazione cristiana in conformit\u00e0 alla tradizione e al Magistero della Chiesa in opposizione ad ogni relativismo e totalitarismo","breadcrumb":{"@id":"https:\/\/www.rassegnastampa-totustuus.it\/cattolica\/come-sta-la-francia-cattolica\/#breadcrumb"},"inLanguage":"it-IT","potentialAction":[{"@type":"ReadAction","target":["https:\/\/www.rassegnastampa-totustuus.it\/cattolica\/come-sta-la-francia-cattolica\/"]}]},{"@type":"ImageObject","inLanguage":"it-IT","@id":"https:\/\/www.rassegnastampa-totustuus.it\/cattolica\/come-sta-la-francia-cattolica\/#primaryimage","url":"https:\/\/www.rassegnastampa-totustuus.it\/cattolica\/wp-content\/uploads\/2011\/01\/francia_cattolica.jpg","contentUrl":"https:\/\/www.rassegnastampa-totustuus.it\/cattolica\/wp-content\/uploads\/2011\/01\/francia_cattolica.jpg","width":355,"height":142},{"@type":"BreadcrumbList","@id":"https:\/\/www.rassegnastampa-totustuus.it\/cattolica\/come-sta-la-francia-cattolica\/#breadcrumb","itemListElement":[{"@type":"ListItem","position":1,"name":"Home","item":"https:\/\/www.rassegnastampa-totustuus.it\/cattolica\/"},{"@type":"ListItem","position":2,"name":"Come sta la Francia cattolica?"}]},{"@type":"WebSite","@id":"https:\/\/www.rassegnastampa-totustuus.it\/cattolica\/#website","url":"https:\/\/www.rassegnastampa-totustuus.it\/cattolica\/","name":"Rassegna Stampa Cattolica","description":"Per una cultura che nasce dalla Rivelazione cristiana in conformit\u00e0 alla tradizione e al Magistero della Chiesa in opposizione ad ogni relativismo e totalitarismo","publisher":{"@id":"https:\/\/www.rassegnastampa-totustuus.it\/cattolica\/#organization"},"alternateName":"Rass. Cattolica","potentialAction":[{"@type":"SearchAction","target":{"@type":"EntryPoint","urlTemplate":"https:\/\/www.rassegnastampa-totustuus.it\/cattolica\/?s={search_term_string}"},"query-input":{"@type":"PropertyValueSpecification","valueRequired":true,"valueName":"search_term_string"}}],"inLanguage":"it-IT"},{"@type":"Organization","@id":"https:\/\/www.rassegnastampa-totustuus.it\/cattolica\/#organization","name":"Rassegna Stampa Cattolica","url":"https:\/\/www.rassegnastampa-totustuus.it\/cattolica\/","logo":{"@type":"ImageObject","inLanguage":"it-IT","@id":"https:\/\/www.rassegnastampa-totustuus.it\/cattolica\/#\/schema\/logo\/image\/","url":"https:\/\/www.rassegnastampa-totustuus.it\/cattolica\/wp-content\/uploads\/2014\/04\/logo-rassegna1.gif","contentUrl":"https:\/\/www.rassegnastampa-totustuus.it\/cattolica\/wp-content\/uploads\/2014\/04\/logo-rassegna1.gif","width":600,"height":163,"caption":"Rassegna Stampa Cattolica"},"image":{"@id":"https:\/\/www.rassegnastampa-totustuus.it\/cattolica\/#\/schema\/logo\/image\/"},"sameAs":["https:\/\/www.facebook.com\/rassegnastampacattolica","https:\/\/x.com\/rassegnastampa9"]},{"@type":"Person","@id":"https:\/\/www.rassegnastampa-totustuus.it\/cattolica\/#\/schema\/person\/08f319d2bd1a0904ad9e2bfb7b15e5c3","name":"Redazione","image":{"@type":"ImageObject","inLanguage":"it-IT","@id":"https:\/\/secure.gravatar.com\/avatar\/2fcdf27c78ea025fbdb44e914cc63c72249ffec9dc8aafd5c82b26240ef3f346?s=96&d=mm&r=g","url":"https:\/\/secure.gravatar.com\/avatar\/2fcdf27c78ea025fbdb44e914cc63c72249ffec9dc8aafd5c82b26240ef3f346?s=96&d=mm&r=g","contentUrl":"https:\/\/secure.gravatar.com\/avatar\/2fcdf27c78ea025fbdb44e914cc63c72249ffec9dc8aafd5c82b26240ef3f346?s=96&d=mm&r=g","caption":"Redazione"},"url":"https:\/\/www.rassegnastampa-totustuus.it\/cattolica\/author\/pietroelle\/"}]}},"_links":{"self":[{"href":"https:\/\/www.rassegnastampa-totustuus.it\/cattolica\/wp-json\/wp\/v2\/posts\/4346","targetHints":{"allow":["GET"]}}],"collection":[{"href":"https:\/\/www.rassegnastampa-totustuus.it\/cattolica\/wp-json\/wp\/v2\/posts"}],"about":[{"href":"https:\/\/www.rassegnastampa-totustuus.it\/cattolica\/wp-json\/wp\/v2\/types\/post"}],"author":[{"embeddable":true,"href":"https:\/\/www.rassegnastampa-totustuus.it\/cattolica\/wp-json\/wp\/v2\/users\/6"}],"replies":[{"embeddable":true,"href":"https:\/\/www.rassegnastampa-totustuus.it\/cattolica\/wp-json\/wp\/v2\/comments?post=4346"}],"version-history":[{"count":4,"href":"https:\/\/www.rassegnastampa-totustuus.it\/cattolica\/wp-json\/wp\/v2\/posts\/4346\/revisions"}],"predecessor-version":[{"id":33833,"href":"https:\/\/www.rassegnastampa-totustuus.it\/cattolica\/wp-json\/wp\/v2\/posts\/4346\/revisions\/33833"}],"wp:featuredmedia":[{"embeddable":true,"href":"https:\/\/www.rassegnastampa-totustuus.it\/cattolica\/wp-json\/wp\/v2\/media\/33832"}],"wp:attachment":[{"href":"https:\/\/www.rassegnastampa-totustuus.it\/cattolica\/wp-json\/wp\/v2\/media?parent=4346"}],"wp:term":[{"taxonomy":"category","embeddable":true,"href":"https:\/\/www.rassegnastampa-totustuus.it\/cattolica\/wp-json\/wp\/v2\/categories?post=4346"},{"taxonomy":"post_tag","embeddable":true,"href":"https:\/\/www.rassegnastampa-totustuus.it\/cattolica\/wp-json\/wp\/v2\/tags?post=4346"}],"curies":[{"name":"wp","href":"https:\/\/api.w.org\/{rel}","templated":true}]}}