{"id":43451,"date":"2019-07-04T00:00:45","date_gmt":"2019-07-03T22:00:45","guid":{"rendered":"http:\/\/www.rassegnastampa-totustuus.it\/cattolica\/?p=43451"},"modified":"2019-07-02T11:10:39","modified_gmt":"2019-07-02T09:10:39","slug":"io-gay-e-leghista-mi-batto-per-la-famiglia-parla-il-neo-consigliere-anti-gay-pride","status":"publish","type":"post","link":"https:\/\/www.rassegnastampa-totustuus.it\/cattolica\/io-gay-e-leghista-mi-batto-per-la-famiglia-parla-il-neo-consigliere-anti-gay-pride\/","title":{"rendered":"\u00abIo gay e leghista mi batto per la famiglia\u00bb. Parla il neo consigliere anti gay pride"},"content":{"rendered":"<p style=\"text-align: center;\"><a href=\"https:\/\/www.rassegnastampa-totustuus.it\/cattolica\/wp-content\/uploads\/2019\/07\/Umberto-La-Morgia.jpg\"><img loading=\"lazy\" decoding=\"async\" class=\"alignright wp-image-43452\" src=\"https:\/\/www.rassegnastampa-totustuus.it\/cattolica\/wp-content\/uploads\/2019\/07\/Umberto-La-Morgia.jpg\" alt=\"\" width=\"248\" height=\"200\" \/><\/a>Da <strong>Notizie Provita<\/strong><\/p>\n<p style=\"text-align: center;\">2 Luglio 2019<\/p>\n<p style=\"text-align: center;\"><strong>Luca Marcolivio<\/strong><\/p>\n<p style=\"text-align: justify;\">Il gay pride come strumento di propaganda politica per agitare lo spettro di un\u2019emergenza omofobia inesistente e per sostenere la legalizzazione di pratiche deprecabili come l\u2019utero in affitto o l\u2019ideologia del gender a scuola.<\/p>\n<p><!--more--><\/p>\n<p style=\"text-align: justify;\"><strong>La presa di distanze arriva da parte di Umberto La Morgia, 30 anni, neoeletto consigliere della <em>Lega<\/em> a Casalecchio di Reno, dichiaratamente omosessuale<\/strong>.<\/p>\n<p style=\"text-align: justify;\">La Morgia non solo ha assunto una posizione fuori dal coro, rispetto alle ideologie che vorrebbero strumentalizzare inclinazioni come la sua, ma ritiene le parate arcobaleno come qualcosa di \u00ab<em>anacronistico<\/em>\u00bb. A colloquio con <em>Pro Vita &amp; Famiglia<\/em>, il giovane consigliere comunale ha espresso il suo punto di vista sui recenti <em>Pride<\/em>.<\/p>\n<p style=\"text-align: justify;\"><strong><em>La Morgia, esattamente qual \u00e8 la sua posizione sulle manifestazioni di queste settimane?<\/em><\/strong><\/p>\n<p><a href=\"https:\/\/www.rassegnastampa-totustuus.it\/cattolica\/wp-content\/uploads\/2019\/07\/gaypride_omosess.jpg\"><img loading=\"lazy\" decoding=\"async\" class=\"alignleft wp-image-43454\" src=\"https:\/\/www.rassegnastampa-totustuus.it\/cattolica\/wp-content\/uploads\/2019\/07\/gaypride_omosess-300x200.jpg\" alt=\"\" width=\"250\" height=\"167\" srcset=\"https:\/\/www.rassegnastampa-totustuus.it\/cattolica\/wp-content\/uploads\/2019\/07\/gaypride_omosess-300x200.jpg 300w, https:\/\/www.rassegnastampa-totustuus.it\/cattolica\/wp-content\/uploads\/2019\/07\/gaypride_omosess-768x512.jpg 768w, https:\/\/www.rassegnastampa-totustuus.it\/cattolica\/wp-content\/uploads\/2019\/07\/gaypride_omosess-1024x683.jpg 1024w, https:\/\/www.rassegnastampa-totustuus.it\/cattolica\/wp-content\/uploads\/2019\/07\/gaypride_omosess-595x400.jpg 595w, https:\/\/www.rassegnastampa-totustuus.it\/cattolica\/wp-content\/uploads\/2019\/07\/gaypride_omosess.jpg 1500w\" sizes=\"auto, (max-width: 250px) 100vw, 250px\" \/><\/a><\/p>\n<p style=\"text-align: justify;\">\u00abRitengo che, mai come quest\u2019anno, queste manifestazioni siano state soprattutto <a href=\"https:\/\/www.notizieprovita.it\/notizie-dallitalia\/adios-salvini-la-satira-del-gay-pride-contro-il-governo-pro-family\/\" target=\"_blank\" rel=\"noreferrer noopener\">un\u2019occasione per fare propaganda contro la <em>Lega<\/em><\/a>. <strong>Durante i <em>Pride<\/em>, sono stati fatti inviti espliciti a non votare <em>Lega<\/em>, con striscioni irrisori verso Matteo Salvini, ma anche <\/strong><strong><a href=\"https:\/\/www.notizieprovita.it\/notizie-dallitalia\/trieste-pride-va-in-scena-la-blasfemia-orgoglio-di-cosa\/\" target=\"_blank\" rel=\"noreferrer noopener\">verso la Madonna e Ges\u00f9<\/a><\/strong>, scritte come \u201c<em>Pi\u00f9 pom\u2026ni, meno Salvini<\/em>\u201d o \u201c<em>porti aperti come i nostri c..i<\/em>\u201d. Mi sembra, insomma, siano state manifestazioni particolarmente politicizzate, in particolare contro Salvini e contro chi cerca di aiutare la famiglia cosiddetta \u201ctradizionale\u201d.<\/p>\n<p style=\"text-align: justify;\"><strong>Come gi\u00e0 ho avuto modo di dire, l\u2019ostentazione \u00e8 l\u2019altra faccia della vergogna<\/strong>.<\/p>\n<p style=\"text-align: justify;\">Penso che spesso l\u2019insicurezza di fondo non sia di chi si tiene fuori da queste sfilate, ma di chi ci va per cercare di trovare l\u00ec una propria identit\u00e0. E poi, soprattutto, nel 2019, le richieste di questi movimenti non sono condivise da tutti: penso all\u2019utero in affitto o all\u2019imposizione dell\u2019ideologia del gender sui bambini. Non \u00e8 giusto, quindi, che gli organizzatori di queste manifestazioni e i movimenti e le associazioni a esse legate, siano l\u2019unica voce in capitolo.<\/p>\n<p style=\"text-align: justify;\"><strong><a href=\"https:\/\/www.rassegnastampa-totustuus.it\/cattolica\/wp-content\/uploads\/2012\/10\/adozioni_gay.jpg\"><img loading=\"lazy\" decoding=\"async\" class=\"size-full wp-image-35756 alignright\" src=\"https:\/\/www.rassegnastampa-totustuus.it\/cattolica\/wp-content\/uploads\/2012\/10\/adozioni_gay.jpg\" alt=\"\" width=\"240\" height=\"184\" \/><\/a>Non \u00e8 giusto che si arroghino la pretesa di parlare a nome di tutti<\/strong>. Il mondo omosessuale, se cos\u00ec vogliamo chiamarlo (non \u00e8 bello catalogare le persone in generale secondo me) \u00e8 estremamente variegato e non \u00e8 assolutamente vero che tutti si riconoscono sia nello stile, che nei contenuti delle rivendicazioni attuali di questi movimenti\u00bb.<\/p>\n<p style=\"text-align: justify;\"><strong><em>C\u2019\u00e8 davvero un\u2019emergenza omofobia, come vogliono far credere questi gruppi?<\/em><\/strong><\/p>\n<p style=\"text-align: justify;\">\u00abNo, non credo ci sia una vera emergenza. Oltretutto parlare di \u201comofobia\u201d \u00e8 gi\u00e0 di per s\u00e9 equivoco. L\u2019etimologia richiama al termine greco <em>\u03c6\u03cc\u03b2\u03bf\u03c2<\/em>, ovvero \u201cpaura\u201d ma non mi pare che qui nessuno abbia veramente paura di niente. <strong>\u00c8 un\u2019espressione che ormai viene semplicemente utilizzata per mettere a un angolo chiunque abbia un\u2019opinione diversa dalla totalit\u00e0 degli input dei gruppi <em>Lgbt<\/em> su questo tema<\/strong>.<\/p>\n<p style=\"text-align: justify;\">Chiunque dica qualcosa che non piace a questi signori, sulla famiglia, sulla filiazione e quant\u2019altro, \u00e8 marchiato come omofobo. Quindi, se omofobi diventano pure Dolce &amp; Gabbana, \u00e8 evidente dove ormai siamo arrivati. Nessuno vuole discriminare nessuno e non ci sono cittadini di serie A e di serie B. Bisogna, a mio avviso per\u00f2 contenere, porre dei limiti di buonsenso alle richieste che fanno questi gruppi. Il punto \u00e8 che se dai loro un dito, si vogliono prendere tutto il braccio\u2026\u00bb.<\/p>\n<p style=\"text-align: justify;\"><strong><em>Tra l\u2019altro, la vostra Regione, si pone all\u2019\u201cavanguardia\u201d in fatto di diritti \u201carcobaleno\u201d. Qualche mese fa era stato avanzato in consiglio regionale, il ddl sull\u2019omotransnegativit\u00e0\u2026<\/em><\/strong><\/p>\n<p style=\"text-align: justify;\"><a href=\"https:\/\/www.rassegnastampa-totustuus.it\/cattolica\/wp-content\/uploads\/2013\/10\/gaystapo.jpg\"><img loading=\"lazy\" decoding=\"async\" class=\"size-full wp-image-31029 alignleft\" src=\"https:\/\/www.rassegnastampa-totustuus.it\/cattolica\/wp-content\/uploads\/2013\/10\/gaystapo.jpg\" alt=\"\" width=\"240\" height=\"180\" \/><\/a>\u00abQuel <em>Ddl<\/em>, dal nome piuttosto fantasioso devo dire, \u00e8 stato bloccato grazie anche alla <em>Lega<\/em>, per\u00f2 immagino che cercheranno di rilanciare la questione: sar\u00e0 infatti ridiscusso in consiglio regionale il prossimo 9 luglio. Io sono consigliere comunale a Casalecchio di Reno da pochissimo. Il nostro sindaco in questi giorni ha fatto esporre la bandiera arcobaleno in Municipio accanto al Tricolore, diffondendone la foto sui social. Il Comune di Casalecchio \u00e8 partner di <em>RE.A.D.Y.<\/em>, la Rete Nazionale delle Pubbliche Amministrazioni Anti-Discriminazioni sull\u2019orientamento sessuale e sull\u2019identit\u00e0 di genere.<\/p>\n<p style=\"text-align: justify;\">Essere contro la discriminazione in s\u00e9 \u00e8 giusto, ma in realt\u00e0 l\u2019obiettivo di queste partnership \u00e8 veicolare contenuti <em>Lgbt<\/em> con modalit\u00e0 per me non molto opportune all\u2019interno delle pubbliche amministrazioni, in particolare in ambito scolastico. <strong>Il mio impegno in consiglio comunale sar\u00e0, tra gli altri, anche quello di oppormi alle eventuali iniziative lesive nei confronti dei diritti dei bambini e della libert\u00e0 educativa dei genitori. Questo non \u00e8 n\u00e9 di destra, n\u00e9 di sinistra. \u00c8 solo buonsenso<\/strong>\u00bb.<\/p>\n","protected":false},"excerpt":{"rendered":"<p>Da Notizie Provita 2 Luglio 2019 Luca Marcolivio Il gay pride come strumento di propaganda politica per agitare lo spettro di un\u2019emergenza omofobia inesistente e per sostenere la legalizzazione di pratiche deprecabili come l\u2019utero in affitto o l\u2019ideologia del gender a scuola.<\/p><p><a class=\"more-link btn\" href=\"https:\/\/www.rassegnastampa-totustuus.it\/cattolica\/io-gay-e-leghista-mi-batto-per-la-famiglia-parla-il-neo-consigliere-anti-gay-pride\/\">Continua a leggere<\/a><\/p>\n","protected":false},"author":6,"featured_media":43454,"comment_status":"closed","ping_status":"closed","sticky":false,"template":"","format":"standard","meta":{"footnotes":""},"categories":[125,48],"tags":[437,322],"class_list":["post-43451","post","type-post","status-publish","format-standard","has-post-thumbnail","hentry","category-ideologia-del-gender","category-omosessualit","tag-ideologia-del-gender-2","tag-omosessualita","item-wrap"],"yoast_head":"<!-- This site is optimized with the Yoast SEO plugin v27.4 - https:\/\/yoast.com\/product\/yoast-seo-wordpress\/ -->\n<title>\u00abIo gay e leghista mi batto per la famiglia\u00bb. Parla il neo consigliere anti gay pride - Rassegna Stampa Cattolica<\/title>\n<meta name=\"description\" content=\"Rassegna Stampa Cattolica - Per una cultura che nasce dalla Rivelazione cristiana in conformit\u00e0 alla tradizione e al Magistero della Chiesa in opposizione ad ogni relativismo e totalitarismo\" \/>\n<meta name=\"robots\" content=\"index, follow, max-snippet:-1, max-image-preview:large, max-video-preview:-1\" \/>\n<link rel=\"canonical\" href=\"https:\/\/www.rassegnastampa-totustuus.it\/cattolica\/io-gay-e-leghista-mi-batto-per-la-famiglia-parla-il-neo-consigliere-anti-gay-pride\/\" \/>\n<meta property=\"og:locale\" content=\"it_IT\" \/>\n<meta property=\"og:type\" content=\"article\" \/>\n<meta property=\"og:title\" content=\"\u00abIo gay e leghista mi batto per la famiglia\u00bb. Parla il neo consigliere anti gay pride - Rassegna Stampa Cattolica\" \/>\n<meta property=\"og:description\" content=\"Rassegna Stampa Cattolica - Per una cultura che nasce dalla Rivelazione cristiana in conformit\u00e0 alla tradizione e al Magistero della Chiesa in opposizione ad ogni relativismo e totalitarismo\" \/>\n<meta property=\"og:url\" content=\"https:\/\/www.rassegnastampa-totustuus.it\/cattolica\/io-gay-e-leghista-mi-batto-per-la-famiglia-parla-il-neo-consigliere-anti-gay-pride\/\" \/>\n<meta property=\"og:site_name\" content=\"Rassegna Stampa Cattolica\" \/>\n<meta property=\"article:publisher\" content=\"https:\/\/www.facebook.com\/rassegnastampacattolica\" \/>\n<meta property=\"article:published_time\" content=\"2019-07-03T22:00:45+00:00\" \/>\n<meta property=\"og:image\" content=\"https:\/\/www.rassegnastampa-totustuus.it\/cattolica\/wp-content\/uploads\/2019\/07\/gaypride_omosess.jpg\" \/>\n\t<meta property=\"og:image:width\" content=\"1500\" \/>\n\t<meta property=\"og:image:height\" content=\"1000\" \/>\n\t<meta property=\"og:image:type\" content=\"image\/jpeg\" \/>\n<meta name=\"author\" content=\"Redazione\" \/>\n<meta name=\"twitter:card\" content=\"summary_large_image\" \/>\n<meta name=\"twitter:creator\" content=\"@rassegnastampa9\" \/>\n<meta name=\"twitter:site\" content=\"@rassegnastampa9\" \/>\n<meta name=\"twitter:label1\" content=\"Scritto da\" \/>\n\t<meta name=\"twitter:data1\" content=\"Redazione\" \/>\n\t<meta name=\"twitter:label2\" content=\"Tempo di lettura stimato\" \/>\n\t<meta name=\"twitter:data2\" content=\"4 minuti\" \/>\n<script type=\"application\/ld+json\" class=\"yoast-schema-graph\">{\"@context\":\"https:\\\/\\\/schema.org\",\"@graph\":[{\"@type\":\"Article\",\"@id\":\"https:\\\/\\\/www.rassegnastampa-totustuus.it\\\/cattolica\\\/io-gay-e-leghista-mi-batto-per-la-famiglia-parla-il-neo-consigliere-anti-gay-pride\\\/#article\",\"isPartOf\":{\"@id\":\"https:\\\/\\\/www.rassegnastampa-totustuus.it\\\/cattolica\\\/io-gay-e-leghista-mi-batto-per-la-famiglia-parla-il-neo-consigliere-anti-gay-pride\\\/\"},\"author\":{\"name\":\"Redazione\",\"@id\":\"https:\\\/\\\/www.rassegnastampa-totustuus.it\\\/cattolica\\\/#\\\/schema\\\/person\\\/08f319d2bd1a0904ad9e2bfb7b15e5c3\"},\"headline\":\"\u00abIo gay e leghista mi batto per la famiglia\u00bb. Parla il neo consigliere anti gay pride\",\"datePublished\":\"2019-07-03T22:00:45+00:00\",\"mainEntityOfPage\":{\"@id\":\"https:\\\/\\\/www.rassegnastampa-totustuus.it\\\/cattolica\\\/io-gay-e-leghista-mi-batto-per-la-famiglia-parla-il-neo-consigliere-anti-gay-pride\\\/\"},\"wordCount\":717,\"publisher\":{\"@id\":\"https:\\\/\\\/www.rassegnastampa-totustuus.it\\\/cattolica\\\/#organization\"},\"image\":{\"@id\":\"https:\\\/\\\/www.rassegnastampa-totustuus.it\\\/cattolica\\\/io-gay-e-leghista-mi-batto-per-la-famiglia-parla-il-neo-consigliere-anti-gay-pride\\\/#primaryimage\"},\"thumbnailUrl\":\"https:\\\/\\\/www.rassegnastampa-totustuus.it\\\/cattolica\\\/wp-content\\\/uploads\\\/2019\\\/07\\\/gaypride_omosess.jpg\",\"keywords\":[\"ideologia del gender\",\"omosessualit\u00e0\"],\"articleSection\":[\"Ideologia del gender\",\"Omosessualit&agrave;\"],\"inLanguage\":\"it-IT\"},{\"@type\":\"WebPage\",\"@id\":\"https:\\\/\\\/www.rassegnastampa-totustuus.it\\\/cattolica\\\/io-gay-e-leghista-mi-batto-per-la-famiglia-parla-il-neo-consigliere-anti-gay-pride\\\/\",\"url\":\"https:\\\/\\\/www.rassegnastampa-totustuus.it\\\/cattolica\\\/io-gay-e-leghista-mi-batto-per-la-famiglia-parla-il-neo-consigliere-anti-gay-pride\\\/\",\"name\":\"\u00abIo gay e leghista mi batto per la famiglia\u00bb. Parla il neo consigliere anti gay pride - Rassegna Stampa Cattolica\",\"isPartOf\":{\"@id\":\"https:\\\/\\\/www.rassegnastampa-totustuus.it\\\/cattolica\\\/#website\"},\"primaryImageOfPage\":{\"@id\":\"https:\\\/\\\/www.rassegnastampa-totustuus.it\\\/cattolica\\\/io-gay-e-leghista-mi-batto-per-la-famiglia-parla-il-neo-consigliere-anti-gay-pride\\\/#primaryimage\"},\"image\":{\"@id\":\"https:\\\/\\\/www.rassegnastampa-totustuus.it\\\/cattolica\\\/io-gay-e-leghista-mi-batto-per-la-famiglia-parla-il-neo-consigliere-anti-gay-pride\\\/#primaryimage\"},\"thumbnailUrl\":\"https:\\\/\\\/www.rassegnastampa-totustuus.it\\\/cattolica\\\/wp-content\\\/uploads\\\/2019\\\/07\\\/gaypride_omosess.jpg\",\"datePublished\":\"2019-07-03T22:00:45+00:00\",\"description\":\"Rassegna Stampa Cattolica - Per una cultura che nasce dalla Rivelazione cristiana in conformit\u00e0 alla tradizione e al Magistero della Chiesa in opposizione ad ogni relativismo e totalitarismo\",\"breadcrumb\":{\"@id\":\"https:\\\/\\\/www.rassegnastampa-totustuus.it\\\/cattolica\\\/io-gay-e-leghista-mi-batto-per-la-famiglia-parla-il-neo-consigliere-anti-gay-pride\\\/#breadcrumb\"},\"inLanguage\":\"it-IT\",\"potentialAction\":[{\"@type\":\"ReadAction\",\"target\":[\"https:\\\/\\\/www.rassegnastampa-totustuus.it\\\/cattolica\\\/io-gay-e-leghista-mi-batto-per-la-famiglia-parla-il-neo-consigliere-anti-gay-pride\\\/\"]}]},{\"@type\":\"ImageObject\",\"inLanguage\":\"it-IT\",\"@id\":\"https:\\\/\\\/www.rassegnastampa-totustuus.it\\\/cattolica\\\/io-gay-e-leghista-mi-batto-per-la-famiglia-parla-il-neo-consigliere-anti-gay-pride\\\/#primaryimage\",\"url\":\"https:\\\/\\\/www.rassegnastampa-totustuus.it\\\/cattolica\\\/wp-content\\\/uploads\\\/2019\\\/07\\\/gaypride_omosess.jpg\",\"contentUrl\":\"https:\\\/\\\/www.rassegnastampa-totustuus.it\\\/cattolica\\\/wp-content\\\/uploads\\\/2019\\\/07\\\/gaypride_omosess.jpg\",\"width\":1500,\"height\":1000,\"caption\":\"A group of marchers walk at the Pride parade in San Francisco, Sunday, June 25, 2017. (AP Photo\\\/Jeff Chiu)\"},{\"@type\":\"BreadcrumbList\",\"@id\":\"https:\\\/\\\/www.rassegnastampa-totustuus.it\\\/cattolica\\\/io-gay-e-leghista-mi-batto-per-la-famiglia-parla-il-neo-consigliere-anti-gay-pride\\\/#breadcrumb\",\"itemListElement\":[{\"@type\":\"ListItem\",\"position\":1,\"name\":\"Home\",\"item\":\"https:\\\/\\\/www.rassegnastampa-totustuus.it\\\/cattolica\\\/\"},{\"@type\":\"ListItem\",\"position\":2,\"name\":\"\u00abIo gay e leghista mi batto per la famiglia\u00bb. Parla il neo consigliere anti gay pride\"}]},{\"@type\":\"WebSite\",\"@id\":\"https:\\\/\\\/www.rassegnastampa-totustuus.it\\\/cattolica\\\/#website\",\"url\":\"https:\\\/\\\/www.rassegnastampa-totustuus.it\\\/cattolica\\\/\",\"name\":\"Rassegna Stampa Cattolica\",\"description\":\"Per una cultura che nasce dalla Rivelazione cristiana in conformit\u00e0 alla tradizione e al Magistero della Chiesa in opposizione ad ogni relativismo e totalitarismo\",\"publisher\":{\"@id\":\"https:\\\/\\\/www.rassegnastampa-totustuus.it\\\/cattolica\\\/#organization\"},\"alternateName\":\"Rass. Cattolica\",\"potentialAction\":[{\"@type\":\"SearchAction\",\"target\":{\"@type\":\"EntryPoint\",\"urlTemplate\":\"https:\\\/\\\/www.rassegnastampa-totustuus.it\\\/cattolica\\\/?s={search_term_string}\"},\"query-input\":{\"@type\":\"PropertyValueSpecification\",\"valueRequired\":true,\"valueName\":\"search_term_string\"}}],\"inLanguage\":\"it-IT\"},{\"@type\":\"Organization\",\"@id\":\"https:\\\/\\\/www.rassegnastampa-totustuus.it\\\/cattolica\\\/#organization\",\"name\":\"Rassegna Stampa Cattolica\",\"url\":\"https:\\\/\\\/www.rassegnastampa-totustuus.it\\\/cattolica\\\/\",\"logo\":{\"@type\":\"ImageObject\",\"inLanguage\":\"it-IT\",\"@id\":\"https:\\\/\\\/www.rassegnastampa-totustuus.it\\\/cattolica\\\/#\\\/schema\\\/logo\\\/image\\\/\",\"url\":\"https:\\\/\\\/www.rassegnastampa-totustuus.it\\\/cattolica\\\/wp-content\\\/uploads\\\/2014\\\/04\\\/logo-rassegna1.gif\",\"contentUrl\":\"https:\\\/\\\/www.rassegnastampa-totustuus.it\\\/cattolica\\\/wp-content\\\/uploads\\\/2014\\\/04\\\/logo-rassegna1.gif\",\"width\":600,\"height\":163,\"caption\":\"Rassegna Stampa Cattolica\"},\"image\":{\"@id\":\"https:\\\/\\\/www.rassegnastampa-totustuus.it\\\/cattolica\\\/#\\\/schema\\\/logo\\\/image\\\/\"},\"sameAs\":[\"https:\\\/\\\/www.facebook.com\\\/rassegnastampacattolica\",\"https:\\\/\\\/x.com\\\/rassegnastampa9\"]},{\"@type\":\"Person\",\"@id\":\"https:\\\/\\\/www.rassegnastampa-totustuus.it\\\/cattolica\\\/#\\\/schema\\\/person\\\/08f319d2bd1a0904ad9e2bfb7b15e5c3\",\"name\":\"Redazione\",\"image\":{\"@type\":\"ImageObject\",\"inLanguage\":\"it-IT\",\"@id\":\"https:\\\/\\\/secure.gravatar.com\\\/avatar\\\/2fcdf27c78ea025fbdb44e914cc63c72249ffec9dc8aafd5c82b26240ef3f346?s=96&d=mm&r=g\",\"url\":\"https:\\\/\\\/secure.gravatar.com\\\/avatar\\\/2fcdf27c78ea025fbdb44e914cc63c72249ffec9dc8aafd5c82b26240ef3f346?s=96&d=mm&r=g\",\"contentUrl\":\"https:\\\/\\\/secure.gravatar.com\\\/avatar\\\/2fcdf27c78ea025fbdb44e914cc63c72249ffec9dc8aafd5c82b26240ef3f346?s=96&d=mm&r=g\",\"caption\":\"Redazione\"},\"url\":\"https:\\\/\\\/www.rassegnastampa-totustuus.it\\\/cattolica\\\/author\\\/pietroelle\\\/\"}]}<\/script>\n<!-- \/ Yoast SEO plugin. -->","yoast_head_json":{"title":"\u00abIo gay e leghista mi batto per la famiglia\u00bb. Parla il neo consigliere anti gay pride - Rassegna Stampa Cattolica","description":"Rassegna Stampa Cattolica - Per una cultura che nasce dalla Rivelazione cristiana in conformit\u00e0 alla tradizione e al Magistero della Chiesa in opposizione ad ogni relativismo e totalitarismo","robots":{"index":"index","follow":"follow","max-snippet":"max-snippet:-1","max-image-preview":"max-image-preview:large","max-video-preview":"max-video-preview:-1"},"canonical":"https:\/\/www.rassegnastampa-totustuus.it\/cattolica\/io-gay-e-leghista-mi-batto-per-la-famiglia-parla-il-neo-consigliere-anti-gay-pride\/","og_locale":"it_IT","og_type":"article","og_title":"\u00abIo gay e leghista mi batto per la famiglia\u00bb. Parla il neo consigliere anti gay pride - Rassegna Stampa Cattolica","og_description":"Rassegna Stampa Cattolica - Per una cultura che nasce dalla Rivelazione cristiana in conformit\u00e0 alla tradizione e al Magistero della Chiesa in opposizione ad ogni relativismo e totalitarismo","og_url":"https:\/\/www.rassegnastampa-totustuus.it\/cattolica\/io-gay-e-leghista-mi-batto-per-la-famiglia-parla-il-neo-consigliere-anti-gay-pride\/","og_site_name":"Rassegna Stampa Cattolica","article_publisher":"https:\/\/www.facebook.com\/rassegnastampacattolica","article_published_time":"2019-07-03T22:00:45+00:00","og_image":[{"width":1500,"height":1000,"url":"https:\/\/www.rassegnastampa-totustuus.it\/cattolica\/wp-content\/uploads\/2019\/07\/gaypride_omosess.jpg","type":"image\/jpeg"}],"author":"Redazione","twitter_card":"summary_large_image","twitter_creator":"@rassegnastampa9","twitter_site":"@rassegnastampa9","twitter_misc":{"Scritto da":"Redazione","Tempo di lettura stimato":"4 minuti"},"schema":{"@context":"https:\/\/schema.org","@graph":[{"@type":"Article","@id":"https:\/\/www.rassegnastampa-totustuus.it\/cattolica\/io-gay-e-leghista-mi-batto-per-la-famiglia-parla-il-neo-consigliere-anti-gay-pride\/#article","isPartOf":{"@id":"https:\/\/www.rassegnastampa-totustuus.it\/cattolica\/io-gay-e-leghista-mi-batto-per-la-famiglia-parla-il-neo-consigliere-anti-gay-pride\/"},"author":{"name":"Redazione","@id":"https:\/\/www.rassegnastampa-totustuus.it\/cattolica\/#\/schema\/person\/08f319d2bd1a0904ad9e2bfb7b15e5c3"},"headline":"\u00abIo gay e leghista mi batto per la famiglia\u00bb. Parla il neo consigliere anti gay pride","datePublished":"2019-07-03T22:00:45+00:00","mainEntityOfPage":{"@id":"https:\/\/www.rassegnastampa-totustuus.it\/cattolica\/io-gay-e-leghista-mi-batto-per-la-famiglia-parla-il-neo-consigliere-anti-gay-pride\/"},"wordCount":717,"publisher":{"@id":"https:\/\/www.rassegnastampa-totustuus.it\/cattolica\/#organization"},"image":{"@id":"https:\/\/www.rassegnastampa-totustuus.it\/cattolica\/io-gay-e-leghista-mi-batto-per-la-famiglia-parla-il-neo-consigliere-anti-gay-pride\/#primaryimage"},"thumbnailUrl":"https:\/\/www.rassegnastampa-totustuus.it\/cattolica\/wp-content\/uploads\/2019\/07\/gaypride_omosess.jpg","keywords":["ideologia del gender","omosessualit\u00e0"],"articleSection":["Ideologia del gender","Omosessualit&agrave;"],"inLanguage":"it-IT"},{"@type":"WebPage","@id":"https:\/\/www.rassegnastampa-totustuus.it\/cattolica\/io-gay-e-leghista-mi-batto-per-la-famiglia-parla-il-neo-consigliere-anti-gay-pride\/","url":"https:\/\/www.rassegnastampa-totustuus.it\/cattolica\/io-gay-e-leghista-mi-batto-per-la-famiglia-parla-il-neo-consigliere-anti-gay-pride\/","name":"\u00abIo gay e leghista mi batto per la famiglia\u00bb. Parla il neo consigliere anti gay pride - Rassegna Stampa Cattolica","isPartOf":{"@id":"https:\/\/www.rassegnastampa-totustuus.it\/cattolica\/#website"},"primaryImageOfPage":{"@id":"https:\/\/www.rassegnastampa-totustuus.it\/cattolica\/io-gay-e-leghista-mi-batto-per-la-famiglia-parla-il-neo-consigliere-anti-gay-pride\/#primaryimage"},"image":{"@id":"https:\/\/www.rassegnastampa-totustuus.it\/cattolica\/io-gay-e-leghista-mi-batto-per-la-famiglia-parla-il-neo-consigliere-anti-gay-pride\/#primaryimage"},"thumbnailUrl":"https:\/\/www.rassegnastampa-totustuus.it\/cattolica\/wp-content\/uploads\/2019\/07\/gaypride_omosess.jpg","datePublished":"2019-07-03T22:00:45+00:00","description":"Rassegna Stampa Cattolica - Per una cultura che nasce dalla Rivelazione cristiana in conformit\u00e0 alla tradizione e al Magistero della Chiesa in opposizione ad ogni relativismo e totalitarismo","breadcrumb":{"@id":"https:\/\/www.rassegnastampa-totustuus.it\/cattolica\/io-gay-e-leghista-mi-batto-per-la-famiglia-parla-il-neo-consigliere-anti-gay-pride\/#breadcrumb"},"inLanguage":"it-IT","potentialAction":[{"@type":"ReadAction","target":["https:\/\/www.rassegnastampa-totustuus.it\/cattolica\/io-gay-e-leghista-mi-batto-per-la-famiglia-parla-il-neo-consigliere-anti-gay-pride\/"]}]},{"@type":"ImageObject","inLanguage":"it-IT","@id":"https:\/\/www.rassegnastampa-totustuus.it\/cattolica\/io-gay-e-leghista-mi-batto-per-la-famiglia-parla-il-neo-consigliere-anti-gay-pride\/#primaryimage","url":"https:\/\/www.rassegnastampa-totustuus.it\/cattolica\/wp-content\/uploads\/2019\/07\/gaypride_omosess.jpg","contentUrl":"https:\/\/www.rassegnastampa-totustuus.it\/cattolica\/wp-content\/uploads\/2019\/07\/gaypride_omosess.jpg","width":1500,"height":1000,"caption":"A group of marchers walk at the Pride parade in San Francisco, Sunday, June 25, 2017. (AP Photo\/Jeff Chiu)"},{"@type":"BreadcrumbList","@id":"https:\/\/www.rassegnastampa-totustuus.it\/cattolica\/io-gay-e-leghista-mi-batto-per-la-famiglia-parla-il-neo-consigliere-anti-gay-pride\/#breadcrumb","itemListElement":[{"@type":"ListItem","position":1,"name":"Home","item":"https:\/\/www.rassegnastampa-totustuus.it\/cattolica\/"},{"@type":"ListItem","position":2,"name":"\u00abIo gay e leghista mi batto per la famiglia\u00bb. Parla il neo consigliere anti gay pride"}]},{"@type":"WebSite","@id":"https:\/\/www.rassegnastampa-totustuus.it\/cattolica\/#website","url":"https:\/\/www.rassegnastampa-totustuus.it\/cattolica\/","name":"Rassegna Stampa Cattolica","description":"Per una cultura che nasce dalla Rivelazione cristiana in conformit\u00e0 alla tradizione e al Magistero della Chiesa in opposizione ad ogni relativismo e totalitarismo","publisher":{"@id":"https:\/\/www.rassegnastampa-totustuus.it\/cattolica\/#organization"},"alternateName":"Rass. Cattolica","potentialAction":[{"@type":"SearchAction","target":{"@type":"EntryPoint","urlTemplate":"https:\/\/www.rassegnastampa-totustuus.it\/cattolica\/?s={search_term_string}"},"query-input":{"@type":"PropertyValueSpecification","valueRequired":true,"valueName":"search_term_string"}}],"inLanguage":"it-IT"},{"@type":"Organization","@id":"https:\/\/www.rassegnastampa-totustuus.it\/cattolica\/#organization","name":"Rassegna Stampa Cattolica","url":"https:\/\/www.rassegnastampa-totustuus.it\/cattolica\/","logo":{"@type":"ImageObject","inLanguage":"it-IT","@id":"https:\/\/www.rassegnastampa-totustuus.it\/cattolica\/#\/schema\/logo\/image\/","url":"https:\/\/www.rassegnastampa-totustuus.it\/cattolica\/wp-content\/uploads\/2014\/04\/logo-rassegna1.gif","contentUrl":"https:\/\/www.rassegnastampa-totustuus.it\/cattolica\/wp-content\/uploads\/2014\/04\/logo-rassegna1.gif","width":600,"height":163,"caption":"Rassegna Stampa Cattolica"},"image":{"@id":"https:\/\/www.rassegnastampa-totustuus.it\/cattolica\/#\/schema\/logo\/image\/"},"sameAs":["https:\/\/www.facebook.com\/rassegnastampacattolica","https:\/\/x.com\/rassegnastampa9"]},{"@type":"Person","@id":"https:\/\/www.rassegnastampa-totustuus.it\/cattolica\/#\/schema\/person\/08f319d2bd1a0904ad9e2bfb7b15e5c3","name":"Redazione","image":{"@type":"ImageObject","inLanguage":"it-IT","@id":"https:\/\/secure.gravatar.com\/avatar\/2fcdf27c78ea025fbdb44e914cc63c72249ffec9dc8aafd5c82b26240ef3f346?s=96&d=mm&r=g","url":"https:\/\/secure.gravatar.com\/avatar\/2fcdf27c78ea025fbdb44e914cc63c72249ffec9dc8aafd5c82b26240ef3f346?s=96&d=mm&r=g","contentUrl":"https:\/\/secure.gravatar.com\/avatar\/2fcdf27c78ea025fbdb44e914cc63c72249ffec9dc8aafd5c82b26240ef3f346?s=96&d=mm&r=g","caption":"Redazione"},"url":"https:\/\/www.rassegnastampa-totustuus.it\/cattolica\/author\/pietroelle\/"}]}},"_links":{"self":[{"href":"https:\/\/www.rassegnastampa-totustuus.it\/cattolica\/wp-json\/wp\/v2\/posts\/43451","targetHints":{"allow":["GET"]}}],"collection":[{"href":"https:\/\/www.rassegnastampa-totustuus.it\/cattolica\/wp-json\/wp\/v2\/posts"}],"about":[{"href":"https:\/\/www.rassegnastampa-totustuus.it\/cattolica\/wp-json\/wp\/v2\/types\/post"}],"author":[{"embeddable":true,"href":"https:\/\/www.rassegnastampa-totustuus.it\/cattolica\/wp-json\/wp\/v2\/users\/6"}],"replies":[{"embeddable":true,"href":"https:\/\/www.rassegnastampa-totustuus.it\/cattolica\/wp-json\/wp\/v2\/comments?post=43451"}],"version-history":[{"count":2,"href":"https:\/\/www.rassegnastampa-totustuus.it\/cattolica\/wp-json\/wp\/v2\/posts\/43451\/revisions"}],"predecessor-version":[{"id":43455,"href":"https:\/\/www.rassegnastampa-totustuus.it\/cattolica\/wp-json\/wp\/v2\/posts\/43451\/revisions\/43455"}],"wp:featuredmedia":[{"embeddable":true,"href":"https:\/\/www.rassegnastampa-totustuus.it\/cattolica\/wp-json\/wp\/v2\/media\/43454"}],"wp:attachment":[{"href":"https:\/\/www.rassegnastampa-totustuus.it\/cattolica\/wp-json\/wp\/v2\/media?parent=43451"}],"wp:term":[{"taxonomy":"category","embeddable":true,"href":"https:\/\/www.rassegnastampa-totustuus.it\/cattolica\/wp-json\/wp\/v2\/categories?post=43451"},{"taxonomy":"post_tag","embeddable":true,"href":"https:\/\/www.rassegnastampa-totustuus.it\/cattolica\/wp-json\/wp\/v2\/tags?post=43451"}],"curies":[{"name":"wp","href":"https:\/\/api.w.org\/{rel}","templated":true}]}}