{"id":43268,"date":"2019-06-20T00:00:10","date_gmt":"2019-06-19T22:00:10","guid":{"rendered":"http:\/\/www.rassegnastampa-totustuus.it\/cattolica\/?p=43268"},"modified":"2019-06-13T15:10:25","modified_gmt":"2019-06-13T13:10:25","slug":"cattolici-siberiani-tre-storie","status":"publish","type":"post","link":"https:\/\/www.rassegnastampa-totustuus.it\/cattolica\/cattolici-siberiani-tre-storie\/","title":{"rendered":"Cattolici siberiani. Tre storie"},"content":{"rendered":"<p style=\"text-align: center;\"><a href=\"https:\/\/www.rassegnastampa-totustuus.it\/cattolica\/wp-content\/uploads\/2019\/06\/chiesa_Urss.jpg\"><img loading=\"lazy\" decoding=\"async\" class=\"alignright wp-image-43272\" src=\"https:\/\/www.rassegnastampa-totustuus.it\/cattolica\/wp-content\/uploads\/2019\/06\/chiesa_Urss.jpg\" alt=\"\" width=\"250\" height=\"188\" \/><\/a>da <strong><a href=\"https:\/\/www.lanuovaeuropa.org\/\" target=\"_blank\" rel=\"noopener noreferrer\">La Nuova Europa<\/a> <\/strong><\/p>\n<p style=\"text-align: center;\">8 Giugno 2019<\/p>\n<p style=\"text-align: justify;\"><em>Negli anni \u201830, a Vladivostok, molti cattolici siberiani furono arrestati e fucilati, con l\u2019accusa di spionaggio. Le tre storie che pubblichiamo, frutto delle ricerche di Tat\u2019jana \u0160apo\u0161nikova, archivista della parrocchia cattolica della Madre di Dio, ci ricordano che dietro alle grandi dinamiche e ai grandi numeri della storia si cela sempre la realt\u00e0 concreta di un volto umano. <\/em><\/p>\n<p style=\"text-align: center;\">di <strong>Redazione<\/strong><\/p>\n<p><!--more--><\/p>\n<p style=\"text-align: justify;\">Il decennio che va dal 1929 alla fine degli anni \u201830 in Unione Sovietica \u00e8 tristemente noto come il decennio delle repressioni contro i \u00abnemici del popolo\u00bb.<\/p>\n<p style=\"text-align: justify;\">Dalla <em>dekulakizzazione <\/em>(la campagna contro i cosiddetti contadini ricchi) in poi, si assiste a una continua ascesa di violenze da parte del potere sovietico che tocca il suo apice nel famigerato biennio del grande terrore, tra il 1937 e il 1938: Stalin, per vari motivi su cui non possiamo soffermarci in questa sede, decide di regolare i conti con tutti gli elementi \u00abantisovietici\u00bb \u2013 \u00absabotatori\u00bb, \u00abspie\u00bb, \u00abreazionari\u00bb, \u00abfilocapitalisti\u00bb \u2013 che a suo modo di vedere infestano la nazione.<\/p>\n<p style=\"text-align: justify;\"><a href=\"https:\/\/www.rassegnastampa-totustuus.it\/cattolica\/wp-content\/uploads\/2013\/07\/Stalin.jpg\"><img loading=\"lazy\" decoding=\"async\" class=\"alignleft wp-image-28654\" src=\"https:\/\/www.rassegnastampa-totustuus.it\/cattolica\/wp-content\/uploads\/2013\/07\/Stalin.jpg\" alt=\"\" width=\"250\" height=\"187\" \/><\/a>Come recita l\u2019ordine operativo 00447, che costituisce il sunto della temperie di quegli anni, \u00abagli organi della sicurezza di Stato si affida il compito di distruggere tutta questa banda di elementi antisovietici nella maniera pi\u00f9 spietata e di difendere il popolo lavoratore dagli intrighi controrivoluzionari (\u2026) e una volta per sempre mettere fine alla loro azione vile e sovversiva contro i fondamenti dello Stato Sovietico\u00bb.<\/p>\n<p style=\"text-align: justify;\">Nella categoria dei nemici del popolo, oltre agli ex gerarchi di partito, sono annoverati membri dell\u2019amministrazione, responsabili dei dicasteri economici, intellettuali, membri di associazioni culturali, cittadini appartenenti a determinate etnie sospettate di \u00abcollaborazionismo\u00bb con i paesi antisovietici (tedeschi, polacchi, finlandesi, ebrei eccetera, vittime delle cosiddette \u00aboperazioni nazionali\u00bb) e ovviamente sacerdoti e fedeli delle varie confessioni cristiane.<\/p>\n<p style=\"text-align: justify;\">\u00c8 nel contesto di questa lunga ondata repressiva che si collocano le vicende dei cattolici siberiani, soprattutto polacchi, di cui si occupa da anni Tat\u2019jana \u0160apo\u0161nikova, archivista della chiesa cattolica della Madre di Dio a Vladivostok: \u00abIo stessa provengo da una famiglia di parrocchiani vittime delle repressioni.<\/p>\n<p style=\"text-align: justify;\"><a href=\"https:\/\/www.rassegnastampa-totustuus.it\/cattolica\/wp-content\/uploads\/2019\/06\/Urss_comunismo.jpg\"><img loading=\"lazy\" decoding=\"async\" class=\"alignright wp-image-43269\" src=\"https:\/\/www.rassegnastampa-totustuus.it\/cattolica\/wp-content\/uploads\/2019\/06\/Urss_comunismo-300x196.jpg\" alt=\"\" width=\"250\" height=\"163\" srcset=\"https:\/\/www.rassegnastampa-totustuus.it\/cattolica\/wp-content\/uploads\/2019\/06\/Urss_comunismo-300x196.jpg 300w, https:\/\/www.rassegnastampa-totustuus.it\/cattolica\/wp-content\/uploads\/2019\/06\/Urss_comunismo-768x502.jpg 768w, https:\/\/www.rassegnastampa-totustuus.it\/cattolica\/wp-content\/uploads\/2019\/06\/Urss_comunismo.jpg 1024w\" sizes=\"auto, (max-width: 250px) 100vw, 250px\" \/><\/a>Nel 1937-1938, durante le cosiddette \u201coperazioni nazionali\u201d, furono annientate intere famiglie di polacchi\u00bb racconta Tat\u2019jana, accusate di associazione controrivoluzionaria o di aver venduto informazioni sensibili al vicino Giappone. Grazie ai documenti raccolti negli archivi dell\u2019FSB, ai ricordi di famiglia, e ai racconti dei testimoni, Tat\u2019jana \u0160apo\u0161nikova ha ricostruito le storie di tanti cattolici siberiani vittime delle repressioni.<\/p>\n<p style=\"text-align: justify;\">Ne riportiamo qui tre, pubblicate nel portale <a href=\"https:\/\/www.sibreal.org\/a\/29745248.html?fbclid=IwAR093p7Ye8M00eHrBheE1uMiZYg_ckn9QVkrIhtSxd1pHkeutK3XR5YPbVM\" target=\"_blank\" rel=\"noopener noreferrer\">Sibir\u2019 realii<\/a>, a memoria del fatto che le grandi vicende della storia nascondono sempre la realt\u00e0 semplice e concreta di un volto umano.<\/p>\n<p style=\"text-align: justify;\"><strong>Il baule del vescovo <\/strong><\/p>\n<p style=\"text-align: justify;\">Regina Stan\u2019ko era nata in una famiglia cattolica di Vladivostok. Suo padre, Stanislav Stan\u2019ko, si era trasferito dal governatorato di Vitebsk durante la guerra russo-giapponese del 1904-1905. Fino alla rivoluzione d\u2019ottobre aveva servito come scrivano nell\u2019esercito; dopo l\u2019instaurazione del potere sovietico aveva trovato un impiego nelle ferrovie, e negli anni trenta lavorava ormai nella \u00abDirezione generale della Rotta Marittima del Nord\u00bb (organizzazione addetta al controllo del traffico navale tra il nord Europa e il Pacifico).<\/p>\n<p style=\"text-align: justify;\"><a href=\"https:\/\/www.rassegnastampa-totustuus.it\/cattolica\/wp-content\/uploads\/2019\/06\/Urss_comunismo-1.jpg\"><img loading=\"lazy\" decoding=\"async\" class=\"alignleft wp-image-43273\" src=\"https:\/\/www.rassegnastampa-totustuus.it\/cattolica\/wp-content\/uploads\/2019\/06\/Urss_comunismo-1.jpg\" alt=\"\" width=\"250\" height=\"166\" \/><\/a>Genovefa Iosifovna, mamma di Regina, era nata nel governatorato di Kovno (oggi Kaunas, Lituania). Nel 1908, in seguito alle riforme di Stolypin (che prevedevano un finanziamento all\u2019emigrazione per la colonizzazione delle zone pi\u00f9 spopolate) si era trasferita con i genitori nella Siberia occidentale, e due anni dopo a Vladivostok, dove aveva conosciuto il suo futuro marito.<\/p>\n<p style=\"text-align: justify;\">Nel 1922 dai coniugi Stan\u2019ko era nata Regina. Stanislav Stan\u2019ko aveva accolto la rivoluzione con entusiasmo; provenendo dal popolo semplice, credeva veramente che la situazione sarebbe cambiata in meglio. Ben presto per\u00f2 l\u2019umore in casa Stan\u2019ko cominci\u00f2 a mutare.<\/p>\n<p style=\"text-align: justify;\"><em>Le porte della loro tenuta davano sulla strada maestra: \u00abPer quella stessa strada, specialmente d\u2019estate, passavano colonne di detenuti. Io e mio fratello correvamo a guardare quei poveri infelici che crollavano a terra direttamente in colonna, e morivano senza giungere alle baracche. Cercavamo di vedere se tra di loro non ci fosse qualche volto noto. Una scena orribile. <\/em><\/p>\n<p style=\"text-align: justify;\"><em>I detenuti camminavano avviliti, sfiniti, trascinando le gambe a stento. Da entrambi i lati della colonna, ogni cinque metri, c\u2019erano soldati con i fucili e i cani\u00bb (Dalle memorie di Regina Stan\u2019ko). <\/em><\/p>\n<p style=\"text-align: justify;\"><a href=\"https:\/\/www.rassegnastampa-totustuus.it\/cattolica\/wp-content\/uploads\/2005\/07\/gulag-Urss.jpg\"><img loading=\"lazy\" decoding=\"async\" class=\"alignright wp-image-27862\" src=\"https:\/\/www.rassegnastampa-totustuus.it\/cattolica\/wp-content\/uploads\/2005\/07\/gulag-Urss-300x174.jpg\" alt=\"\" width=\"250\" height=\"145\" srcset=\"https:\/\/www.rassegnastampa-totustuus.it\/cattolica\/wp-content\/uploads\/2005\/07\/gulag-Urss-300x174.jpg 300w, https:\/\/www.rassegnastampa-totustuus.it\/cattolica\/wp-content\/uploads\/2005\/07\/gulag-Urss.jpg 400w\" sizes=\"auto, (max-width: 250px) 100vw, 250px\" \/><\/a>Nel 1937 Stanislav Stan\u2019ko fu arrestato. L\u2019arresto fu accompagnato da perquisizioni: gli agenti dell\u2019NKVD presero un baule che il vescovo Karol Sliwowski, da poco defunto, aveva affidato alla famiglia Stan\u2019ko, e in cui venivano conservate le reliquie della parrocchia.<\/p>\n<p style=\"text-align: justify;\"><em>\u00abGli arresti venivano fatti sempre di notte: portarono via pap\u00e0 e rivoltarono casa da cima a fondo. Frugarono tra le nostre cose, le nostre carte, staccarono tutte le foto dagli album. Ma soprattutto, aprirono il baule del vescovo, che era sempre chiuso a chiave: lasciarono qualcosa sul pavimento e si portarono via tutto il resto \u2013 una statuetta d\u2019argento, una macchina da scrivere, degli album di fotografie e dei quaderni. <\/em><\/p>\n<p style=\"text-align: justify;\"><em>Dopo l\u2019arresto di pap\u00e0 io e mio fratello ci recammo varie volte al campo di prigionia di Vtoraja re\u010dka, dove l\u2019avevano portato: recinzioni, tre ordini di filo spinato, guardiani con i cani, torrette con soldati armati. Lui per\u00f2 era rinchiuso in cella. Vicini, conoscenti, colleghi di pap\u00e0 ci voltarono le spalle, perch\u00e9 eravamo \u00abnemici del popolo\u00bb. <\/em><\/p>\n<div id=\"attachment_43274\" style=\"width: 135px\" class=\"wp-caption alignleft\"><a href=\"https:\/\/www.rassegnastampa-totustuus.it\/cattolica\/wp-content\/uploads\/2019\/06\/Vladivostok_Catholic_Cathedral.jpg\"><img loading=\"lazy\" decoding=\"async\" aria-describedby=\"caption-attachment-43274\" class=\"wp-image-43274\" src=\"https:\/\/www.rassegnastampa-totustuus.it\/cattolica\/wp-content\/uploads\/2019\/06\/Vladivostok_Catholic_Cathedral-176x300.jpg\" alt=\"\" width=\"135\" height=\"230\" srcset=\"https:\/\/www.rassegnastampa-totustuus.it\/cattolica\/wp-content\/uploads\/2019\/06\/Vladivostok_Catholic_Cathedral-176x300.jpg 176w, https:\/\/www.rassegnastampa-totustuus.it\/cattolica\/wp-content\/uploads\/2019\/06\/Vladivostok_Catholic_Cathedral-768x1308.jpg 768w, https:\/\/www.rassegnastampa-totustuus.it\/cattolica\/wp-content\/uploads\/2019\/06\/Vladivostok_Catholic_Cathedral-601x1024.jpg 601w, https:\/\/www.rassegnastampa-totustuus.it\/cattolica\/wp-content\/uploads\/2019\/06\/Vladivostok_Catholic_Cathedral.jpg 1200w\" sizes=\"auto, (max-width: 135px) 100vw, 135px\" \/><\/a><p id=\"caption-attachment-43274\" class=\"wp-caption-text\">Madre di Dio a Vladivostok<\/p><\/div>\n<p style=\"text-align: justify;\"><em>\u00c8 chiaro che noi bambini avevamo paura che arrestassero anche la mamma. Avevano trascinato fuori in giardino valigie piene di libri russi, polacchi, francesi e inglesi. Dopo alcuni giorni arrestarono Pavlina, la sorella di mamma, e sua figlia Male\u010dka rimase sola. Chiss\u00e0 perch\u00e9 proprio zia Pol\u2019ja, era difficile trovare qualcuno pi\u00f9 povero di lei e della figlia in tutta Vladivostok\u00bb. <\/em><\/p>\n<p style=\"text-align: justify;\">La zia di Regina, Pavlina Bernadskaja, fu liberata nel 1939. Anche dopo molti anni non amava ricordare l\u2019esperienza in prigionia, e di molte cose parlava solo per accenni. I parenti per\u00f2 capivano che doveva aver subito delle torture. <em>\u00a0<\/em>Poco tempo dopo l\u2019arresto del padre, alla famiglia Stan\u2019ko fu comunicato che non poteva pi\u00f9 vivere nell\u2019Estremo oriente russo.<\/p>\n<p style=\"text-align: justify;\">Concessero dieci giorni per prepararsi al trasloco, e nel frattempo in casa loro si insedi\u00f2 un militare con la sua famiglia. Gli Stan\u2019ko furono mandati a Tomsk.<\/p>\n<p style=\"text-align: justify;\"><em>\u00abQuando mi girai a guardare per l\u2019ultima volta la casa dove ero nata e cresciuta, ebbi la sensazione che tutta la mia vita stesse andando in rovina, e che il futuro non fosse altro che una nera parete. <\/em><\/p>\n<p style=\"text-align: justify;\"><em><a href=\"https:\/\/www.rassegnastampa-totustuus.it\/cattolica\/wp-content\/uploads\/2009\/04\/persecuzioni_Urss.jpg\"><img loading=\"lazy\" decoding=\"async\" class=\"alignright wp-image-33640\" src=\"https:\/\/www.rassegnastampa-totustuus.it\/cattolica\/wp-content\/uploads\/2009\/04\/persecuzioni_Urss.jpg\" alt=\"\" width=\"225\" height=\"200\" \/><\/a>Giungemmo a Tomsk il 20 ottobre, con la neve che ci arrivava alle ginocchia. Noi avevamo ancora addosso gli abiti estivi, perch\u00e9 a Vladivostok ad ottobre fa ancora caldo. Ci ammalammo tutti, e le nostre cose arrivarono solo in gennaio. I primi tempi ci fermammo dai parenti di pap\u00e0, sebbene fossimo ben consapevoli che l\u2019arrivo di una famiglia di pregiudicati fosse per loro estremamente inopportuna. <\/em><\/p>\n<p style=\"text-align: justify;\"><em>La moglie di mio cugino di secondo grado proveniva da una famiglia di accaniti rivoluzionari, lavorava come medico dell\u2019NKVD, cos\u00ec che eravamo soggetti a una \u201cvigilanza familiare\u201d affidabile\u00bb.<\/em><\/p>\n<p style=\"text-align: justify;\">Della sorte dei propri cari arrestati a Vladivostok, gli Stan\u2019ko non sapevano nulla. Stanislav Stan\u2019ko fu accusato di essere una spia al soldo del Giappone. Rimase in lager fino agli anni \u201850.<\/p>\n<p style=\"text-align: justify;\"><em>\u00abMio padre arriv\u00f2 a Tomsk incanutito, dimagrito, gravemente depresso. Perfino mamma a volte aveva paura di parlare con lui. L\u2019NKVD aveva reso un uomo pieno di vita e saldo sulle gambe irriconoscibile\u00bb.<\/em><\/p>\n<p style=\"text-align: justify;\">Stanislav Stan\u2019ko mor\u00ec nel 1957 a Tomsk. Regina \u00e8 divenuta medico ed ha vissuto a lungo. \u00c8 morta il 16 marzo del 2016.<\/p>\n<p style=\"text-align: justify;\"><strong>L\u2019uomo che ha confessato <\/strong><\/p>\n<p style=\"text-align: justify;\"><em><a href=\"https:\/\/www.rassegnastampa-totustuus.it\/cattolica\/wp-content\/uploads\/2009\/11\/gulag.jpg\"><img loading=\"lazy\" decoding=\"async\" class=\"alignleft wp-image-27841\" src=\"https:\/\/www.rassegnastampa-totustuus.it\/cattolica\/wp-content\/uploads\/2009\/11\/gulag.jpg\" alt=\"\" width=\"250\" height=\"187\" \/><\/a>Per i testimoni della fede era quasi impossibile resistere alle torture della polizia politica e spesso l\u2019accusato, fiaccato nel fisico e soprattutto nel morale, cedeva alla disperazione e finiva per confessare tutte le sue presunte colpe. (N.d.T.)<\/em> Jan Strudzinski nacque nel governatorato di Varsavia il 5 aprile 1872; da giovane fu chiamato alle armi nell\u2019esercito zarista e inviato in Estremo Oriente.<\/p>\n<p style=\"text-align: justify;\">Finito il servizio militare rimase a Vladivostok e si spos\u00f2. Dal 1906 al 1927 lavor\u00f2 come ispettore alla dogana di Vladivostok, e dopo due anni divenne portinaio del convitto per i dipendenti del Consolato giapponese.<\/p>\n<p style=\"text-align: justify;\">Dopo la chiusura della chiesa cattolica (nel 1935; il parroco fu arrestato e mandato in lager nel 1933, ndt.) i fedeli cominciarono a riunirsi nelle case private dei parrocchiani per le preghiere comuni. Il pi\u00f9 delle volte si trovavano nella grande abitazione della famiglia Gerasimuk, dove di tanto in tanto si recava anche Jan.<\/p>\n<p style=\"text-align: justify;\"><a href=\"https:\/\/www.rassegnastampa-totustuus.it\/cattolica\/wp-content\/uploads\/2019\/06\/Urss_Nkvd.jpg\"><img loading=\"lazy\" decoding=\"async\" class=\"alignright wp-image-43275\" src=\"https:\/\/www.rassegnastampa-totustuus.it\/cattolica\/wp-content\/uploads\/2019\/06\/Urss_Nkvd.jpg\" alt=\"\" width=\"161\" height=\"230\" \/><\/a>Tuttavia, alle autorit\u00e0 questa attivit\u00e0 della comunit\u00e0 cattolica non andava a genio. Nel luglio 1937 l\u2019NKVD arrest\u00f2 il padre e la figlia Gerasimuk, e a settembre, sempre nel corso della stessa inchiesta, fu arrestato anche Jan Strudzinski, con l\u2019accusa di aver fondato un\u2019organizzazione controrivoluzionaria di stampo religioso.<\/p>\n<p style=\"text-align: justify;\">A ci\u00f2 si aggiungeva anche l\u2019imputazione di essere una spia al servizio del Giappone, e di aver raccolto con l\u2019aiuto dei conoscenti cattolici che appartenevano alla medesima organizzazione, informazioni sensibili \u00abcommissionate\u00bb dagli impiegati del Consolato giapponese Mimura e Yamada.<\/p>\n<p style=\"text-align: justify;\">Non sopportando le torture, Jan Strudzinski \u00abconfess\u00f2 le sue colpe\u00bb e dichiar\u00f2 che \u00abValerija Gerasimuk, ex membro attivo della Chiesa cattolica polacca, dopo la chiusura della chiesa aveva organizzato a casa sua riunioni religiose illegali, che lei stessa dirigeva. Tali riunioni hanno avuto luogo fino alla primavera del 1937\u00bb.<\/p>\n<p style=\"text-align: justify;\">Tuttavia la collaborazione con gli inquirenti non serv\u00ec a nulla, Strudzinski venne fucilato il 3 febbraio 1938 insieme a cinque altri cattolici. Molto tempo dopo l\u2019esecuzione della sentenza, i familiari delle vittime non sapevano ancora cosa fosse accaduto ai loro cari. In citt\u00e0 giravano voci terribili, si diceva che fosse scoppiata un\u2019epidemia di tifo in prigione, che una parte dei detenuti fosse morta e che gli altri fossero stati gettati ancora vivi nella baia. Nel 1959 le vittime delle fucilazioni furono riabilitate. Tra loro c\u2019era anche Jan Strudzinski.<\/p>\n<p style=\"text-align: justify;\"><strong>Forse voleva che sapessimo che non aveva parlato <\/strong><\/p>\n<p style=\"text-align: justify;\"><em><a href=\"https:\/\/www.rassegnastampa-totustuus.it\/cattolica\/wp-content\/uploads\/2019\/06\/Urss_chiesa_perseguitata.jpg\"><img loading=\"lazy\" decoding=\"async\" class=\"alignleft wp-image-43276\" src=\"https:\/\/www.rassegnastampa-totustuus.it\/cattolica\/wp-content\/uploads\/2019\/06\/Urss_chiesa_perseguitata.jpg\" alt=\"\" width=\"250\" height=\"187\" \/><\/a>Di molti sacerdoti e confessori della fede, arrestati, rinchiusi in lager e fucilati, per lungo tempo non si \u00e8 saputo pi\u00f9 nulla. Il caso di padre Georgij Jurkevi\u010d qui raccontato \u00e8 purtroppo emblematico. (N.d. T.)<\/em><\/p>\n<p style=\"text-align: justify;\">Padre Georgij Jurkevi\u010d nacque nel governatorato di Minsk il 5 aprile 1884. Frequent\u00f2 il seminario di Pietroburgo e fu ordinato sacerdote nel 1910. All\u2019inizio gli assegnarono una parrocchia a Krasnojarsk, ma ben presto lo trasferirono pi\u00f9 a est, a Chabarovsk. Giunse per la prima volta a Vladivostok nel 1921, per consacrare una nuova chiesa in pietra.<\/p>\n<p style=\"text-align: justify;\">L\u00ec conobbe il parroco locale, padre Karol Sliwowski. Padre Karol, piacevolmente sorpreso dalla cultura e dall\u2019entusiasmo del giovane prete, gli propose di diventare vicario della parrocchia cattolica di Vladivostok. Il trasferimento ufficiale di padre Georgij avvenne nel 1923.<\/p>\n<p style=\"text-align: justify;\">All\u2019epoca, a causa della campagna antireligiosa, erano gi\u00e0 state confiscate alle chiese le case parrocchiali, per cui al sacerdote fu assegnata una camera in una casa privata, assieme a un ex-galeotto che doveva fungere da \u00abosservatore\u00bb. Karol Sliwowski fu ben presto mandato alla periferia di Vladivostok, agli arresti domiciliari; Georgij Jurkevi\u010d fu invece arrestato con l\u2019accusa di spionaggio.<\/p>\n<p style=\"text-align: justify;\"><a href=\"https:\/\/www.rassegnastampa-totustuus.it\/cattolica\/wp-content\/uploads\/2019\/06\/Stalin_Urss.png\"><img loading=\"lazy\" decoding=\"async\" class=\"alignright wp-image-43277\" src=\"https:\/\/www.rassegnastampa-totustuus.it\/cattolica\/wp-content\/uploads\/2019\/06\/Stalin_Urss-190x300.png\" alt=\"\" width=\"146\" height=\"230\" srcset=\"https:\/\/www.rassegnastampa-totustuus.it\/cattolica\/wp-content\/uploads\/2019\/06\/Stalin_Urss-190x300.png 190w, https:\/\/www.rassegnastampa-totustuus.it\/cattolica\/wp-content\/uploads\/2019\/06\/Stalin_Urss.png 200w\" sizes=\"auto, (max-width: 146px) 100vw, 146px\" \/><\/a>Al giovane sacerdote imputarono legami con diplomatici giapponesi e polacchi, in particolare con il segretario del Consolato polacco e la sua consorte. Durante gli interrogatori padre Georgij non neg\u00f2 affatto tali conoscenze, cos\u00ec come non neg\u00f2 di conoscere i polacchi che lavoravano alla \u00abCasa polacca\u00bb di Vladivostok.<\/p>\n<p style=\"text-align: justify;\">L\u2019altra imputazione riguardava l\u2019\u00abattivit\u00e0 sistematica\u00bb contro il potere sovietico, che secondo gli inquirenti consisteva nel suo biasimo verso i cattolici che appoggiavano il governo. Inoltre, padre Georgij fu accusato anche di speculare in oro e valuta: durante le perquisizioni in casa sua furono rinvenute monete d\u2019oro e d\u2019argento di epoca zarista, yen e dollari.<\/p>\n<p style=\"text-align: justify;\">Durante gli interrogatori, inizialmente padre Georgij rigett\u00f2 ogni accusa; poi per\u00f2, non sopportando le torture, \u00abconfess\u00f2\u00bb tutto. Tuttavia non trad\u00ec nessuno dei suoi parrocchiani. L\u2019inchiesta termin\u00f2 il 6 febbraio 1932, con la condanna del sacerdote a dieci anni di lager.<\/p>\n<p style=\"text-align: justify;\"><em><a href=\"https:\/\/www.rassegnastampa-totustuus.it\/cattolica\/wp-content\/uploads\/2019\/06\/Urss_gulag.jpg\"><img loading=\"lazy\" decoding=\"async\" class=\"alignleft wp-image-43278\" src=\"https:\/\/www.rassegnastampa-totustuus.it\/cattolica\/wp-content\/uploads\/2019\/06\/Urss_gulag.jpg\" alt=\"\" width=\"250\" height=\"159\" \/><\/a>\u00abL\u2019arresto di padre Georgij fu un duro colpo per noi. Ha continuato a vivere nei miei ricordi per tutti questi anni. I miei genitori tentarono varie volte di mettersi in contatto con lui. Solo nel 1939, quando abitavamo gi\u00e0 a Tomsk, mia madre incontr\u00f2 un prete cattolico, parlarono a lungo di Vladivostok, dei sacerdoti, evidentemente c\u2019era un filo che lo legava al GULag, e il filo si dipan\u00f2 fino a padre Georgij. <\/em><\/p>\n<p style=\"text-align: justify;\"><em>Infatti, proprio quell\u2019anno, padre Jurkevi\u010d invi\u00f2 una breve e cortese lettera, in cui chiedeva di spedirgli del lardo salato e dei calzini di lana. Grazie a questa lettera scoprimmo che stava scontando la pena vicino a Mariinsk, nella regione di Kemerovo. Mamma invi\u00f2 subito il pacco. <\/em><\/p>\n<p style=\"text-align: justify;\"><em>Altre lettere dal sacerdote martire non ce ne furono, ma ci giunse voce che durante la reclusione padre Jurkevi\u010d av\u0435sse perso un occhio. Ora finalmente sappiamo come andarono le cose. Forse voleva farci sapere che durante gli interrogatori non aveva parlato\u00bb. <\/em><\/p>\n<div id=\"attachment_43279\" style=\"width: 250px\" class=\"wp-caption alignright\"><a href=\"https:\/\/www.rassegnastampa-totustuus.it\/cattolica\/wp-content\/uploads\/2019\/06\/martiri_cattolici_Urss.jpg\"><img loading=\"lazy\" decoding=\"async\" aria-describedby=\"caption-attachment-43279\" class=\"wp-image-43279\" src=\"https:\/\/www.rassegnastampa-totustuus.it\/cattolica\/wp-content\/uploads\/2019\/06\/martiri_cattolici_Urss.jpg\" alt=\"\" width=\"250\" height=\"168\" \/><\/a><p id=\"caption-attachment-43279\" class=\"wp-caption-text\">martiri cattolici<\/p><\/div>\n<p style=\"text-align: justify;\">Non molto tempo fa, la parrocchia cattolica di Vladivostok ha inoltrato una richiesta ufficiale al Ministero degli Affari Interni della regione di Kemerovo per conoscere il destino di padre Georgij Jurkevi\u010d. Nella lettera di risposta del dicastero regionale, si comunicava che il detenuto Georgij Ljudvikovi\u010d Jurkevi\u010d era morto nel lager di Novo-Ivanoskij, nella provincia di Mariinsk, nella regione di Kemerovo, il 4 luglio 1942.<\/p>\n<p style=\"text-align: justify;\">Significa che anche dopo aver scontato la pena indicata nella condanna, non fu liberato. Non \u00e8 stato possibile avere notizie sulle cause della morte e sul luogo di sepoltura. Nella chiesa della Madre di Dio a Vladivostok, vi \u00e8 uno speciale pannello dedicato al clero e ai parrocchiani perseguitati, uomini che hanno sacrificato la vita per non aver rinnegato la loro fede.<\/p>\n","protected":false},"excerpt":{"rendered":"<p>da La Nuova Europa 8 Giugno 2019 Negli anni \u201830, a Vladivostok, molti cattolici siberiani furono arrestati e fucilati, con l\u2019accusa di spionaggio. Le tre storie che pubblichiamo, frutto delle ricerche di Tat\u2019jana \u0160apo\u0161nikova, archivista della parrocchia cattolica della Madre di Dio, ci ricordano che dietro alle grandi dinamiche e ai grandi numeri della storia &hellip; <\/p>\n<p><a class=\"more-link btn\" href=\"https:\/\/www.rassegnastampa-totustuus.it\/cattolica\/cattolici-siberiani-tre-storie\/\">Continua a leggere<\/a><\/p>\n","protected":false},"author":6,"featured_media":43269,"comment_status":"closed","ping_status":"closed","sticky":false,"template":"","format":"standard","meta":{"footnotes":""},"categories":[32,44,84],"tags":[139,470,175],"class_list":["post-43268","post","type-post","status-publish","format-standard","has-post-thumbnail","hentry","category-filosofia-del-comunismo","category-cristiani-perseguitati","category-urss","tag-comunismo","tag-cristiani-perseguitati-2","tag-urss-2","item-wrap"],"yoast_head":"<!-- This site is optimized with the Yoast SEO plugin v27.5 - https:\/\/yoast.com\/product\/yoast-seo-wordpress\/ -->\n<title>Cattolici siberiani. Tre storie - Rassegna Stampa Cattolica<\/title>\n<meta name=\"description\" content=\"Rassegna Stampa Cattolica - Per una cultura che nasce dalla Rivelazione cristiana in conformit\u00e0 alla tradizione e al Magistero della Chiesa in opposizione ad ogni relativismo e totalitarismo\" \/>\n<meta name=\"robots\" content=\"index, follow, max-snippet:-1, max-image-preview:large, max-video-preview:-1\" \/>\n<link rel=\"canonical\" href=\"https:\/\/www.rassegnastampa-totustuus.it\/cattolica\/cattolici-siberiani-tre-storie\/\" \/>\n<meta property=\"og:locale\" content=\"it_IT\" \/>\n<meta property=\"og:type\" content=\"article\" \/>\n<meta property=\"og:title\" content=\"Cattolici siberiani. Tre storie - Rassegna Stampa Cattolica\" \/>\n<meta property=\"og:description\" content=\"Rassegna Stampa Cattolica - Per una cultura che nasce dalla Rivelazione cristiana in conformit\u00e0 alla tradizione e al Magistero della Chiesa in opposizione ad ogni relativismo e totalitarismo\" \/>\n<meta property=\"og:url\" content=\"https:\/\/www.rassegnastampa-totustuus.it\/cattolica\/cattolici-siberiani-tre-storie\/\" \/>\n<meta property=\"og:site_name\" content=\"Rassegna Stampa Cattolica\" \/>\n<meta property=\"article:publisher\" content=\"https:\/\/www.facebook.com\/rassegnastampacattolica\" \/>\n<meta property=\"article:published_time\" content=\"2019-06-19T22:00:10+00:00\" \/>\n<meta property=\"og:image\" content=\"https:\/\/www.rassegnastampa-totustuus.it\/cattolica\/wp-content\/uploads\/2019\/06\/Urss_comunismo.jpg\" \/>\n\t<meta property=\"og:image:width\" content=\"1024\" \/>\n\t<meta property=\"og:image:height\" content=\"669\" \/>\n\t<meta property=\"og:image:type\" content=\"image\/jpeg\" \/>\n<meta name=\"author\" content=\"Redazione\" \/>\n<meta name=\"twitter:card\" content=\"summary_large_image\" \/>\n<meta name=\"twitter:creator\" content=\"@rassegnastampa9\" \/>\n<meta name=\"twitter:site\" content=\"@rassegnastampa9\" \/>\n<meta name=\"twitter:label1\" content=\"Scritto da\" \/>\n\t<meta name=\"twitter:data1\" content=\"Redazione\" \/>\n\t<meta name=\"twitter:label2\" content=\"Tempo di lettura stimato\" \/>\n\t<meta name=\"twitter:data2\" content=\"11 minuti\" \/>\n<script type=\"application\/ld+json\" class=\"yoast-schema-graph\">{\"@context\":\"https:\\\/\\\/schema.org\",\"@graph\":[{\"@type\":\"Article\",\"@id\":\"https:\\\/\\\/www.rassegnastampa-totustuus.it\\\/cattolica\\\/cattolici-siberiani-tre-storie\\\/#article\",\"isPartOf\":{\"@id\":\"https:\\\/\\\/www.rassegnastampa-totustuus.it\\\/cattolica\\\/cattolici-siberiani-tre-storie\\\/\"},\"author\":{\"name\":\"Redazione\",\"@id\":\"https:\\\/\\\/www.rassegnastampa-totustuus.it\\\/cattolica\\\/#\\\/schema\\\/person\\\/08f319d2bd1a0904ad9e2bfb7b15e5c3\"},\"headline\":\"Cattolici siberiani. Tre storie\",\"datePublished\":\"2019-06-19T22:00:10+00:00\",\"mainEntityOfPage\":{\"@id\":\"https:\\\/\\\/www.rassegnastampa-totustuus.it\\\/cattolica\\\/cattolici-siberiani-tre-storie\\\/\"},\"wordCount\":2270,\"publisher\":{\"@id\":\"https:\\\/\\\/www.rassegnastampa-totustuus.it\\\/cattolica\\\/#organization\"},\"image\":{\"@id\":\"https:\\\/\\\/www.rassegnastampa-totustuus.it\\\/cattolica\\\/cattolici-siberiani-tre-storie\\\/#primaryimage\"},\"thumbnailUrl\":\"https:\\\/\\\/www.rassegnastampa-totustuus.it\\\/cattolica\\\/wp-content\\\/uploads\\\/2019\\\/06\\\/Urss_comunismo.jpg\",\"keywords\":[\"comunismo\",\"cristiani perseguitati\",\"Urss\"],\"articleSection\":[\"Comunismo\",\"Cristiani perseguitati\",\"URSS\"],\"inLanguage\":\"it-IT\"},{\"@type\":\"WebPage\",\"@id\":\"https:\\\/\\\/www.rassegnastampa-totustuus.it\\\/cattolica\\\/cattolici-siberiani-tre-storie\\\/\",\"url\":\"https:\\\/\\\/www.rassegnastampa-totustuus.it\\\/cattolica\\\/cattolici-siberiani-tre-storie\\\/\",\"name\":\"Cattolici siberiani. Tre storie - Rassegna Stampa Cattolica\",\"isPartOf\":{\"@id\":\"https:\\\/\\\/www.rassegnastampa-totustuus.it\\\/cattolica\\\/#website\"},\"primaryImageOfPage\":{\"@id\":\"https:\\\/\\\/www.rassegnastampa-totustuus.it\\\/cattolica\\\/cattolici-siberiani-tre-storie\\\/#primaryimage\"},\"image\":{\"@id\":\"https:\\\/\\\/www.rassegnastampa-totustuus.it\\\/cattolica\\\/cattolici-siberiani-tre-storie\\\/#primaryimage\"},\"thumbnailUrl\":\"https:\\\/\\\/www.rassegnastampa-totustuus.it\\\/cattolica\\\/wp-content\\\/uploads\\\/2019\\\/06\\\/Urss_comunismo.jpg\",\"datePublished\":\"2019-06-19T22:00:10+00:00\",\"description\":\"Rassegna Stampa Cattolica - Per una cultura che nasce dalla Rivelazione cristiana in conformit\u00e0 alla tradizione e al Magistero della Chiesa in opposizione ad ogni relativismo e totalitarismo\",\"breadcrumb\":{\"@id\":\"https:\\\/\\\/www.rassegnastampa-totustuus.it\\\/cattolica\\\/cattolici-siberiani-tre-storie\\\/#breadcrumb\"},\"inLanguage\":\"it-IT\",\"potentialAction\":[{\"@type\":\"ReadAction\",\"target\":[\"https:\\\/\\\/www.rassegnastampa-totustuus.it\\\/cattolica\\\/cattolici-siberiani-tre-storie\\\/\"]}]},{\"@type\":\"ImageObject\",\"inLanguage\":\"it-IT\",\"@id\":\"https:\\\/\\\/www.rassegnastampa-totustuus.it\\\/cattolica\\\/cattolici-siberiani-tre-storie\\\/#primaryimage\",\"url\":\"https:\\\/\\\/www.rassegnastampa-totustuus.it\\\/cattolica\\\/wp-content\\\/uploads\\\/2019\\\/06\\\/Urss_comunismo.jpg\",\"contentUrl\":\"https:\\\/\\\/www.rassegnastampa-totustuus.it\\\/cattolica\\\/wp-content\\\/uploads\\\/2019\\\/06\\\/Urss_comunismo.jpg\",\"width\":1024,\"height\":669},{\"@type\":\"BreadcrumbList\",\"@id\":\"https:\\\/\\\/www.rassegnastampa-totustuus.it\\\/cattolica\\\/cattolici-siberiani-tre-storie\\\/#breadcrumb\",\"itemListElement\":[{\"@type\":\"ListItem\",\"position\":1,\"name\":\"Home\",\"item\":\"https:\\\/\\\/www.rassegnastampa-totustuus.it\\\/cattolica\\\/\"},{\"@type\":\"ListItem\",\"position\":2,\"name\":\"Cattolici siberiani. Tre storie\"}]},{\"@type\":\"WebSite\",\"@id\":\"https:\\\/\\\/www.rassegnastampa-totustuus.it\\\/cattolica\\\/#website\",\"url\":\"https:\\\/\\\/www.rassegnastampa-totustuus.it\\\/cattolica\\\/\",\"name\":\"Rassegna Stampa Cattolica\",\"description\":\"Per una cultura che nasce dalla Rivelazione cristiana in conformit\u00e0 alla tradizione e al Magistero della Chiesa in opposizione ad ogni relativismo e totalitarismo\",\"publisher\":{\"@id\":\"https:\\\/\\\/www.rassegnastampa-totustuus.it\\\/cattolica\\\/#organization\"},\"alternateName\":\"Rass. Cattolica\",\"potentialAction\":[{\"@type\":\"SearchAction\",\"target\":{\"@type\":\"EntryPoint\",\"urlTemplate\":\"https:\\\/\\\/www.rassegnastampa-totustuus.it\\\/cattolica\\\/?s={search_term_string}\"},\"query-input\":{\"@type\":\"PropertyValueSpecification\",\"valueRequired\":true,\"valueName\":\"search_term_string\"}}],\"inLanguage\":\"it-IT\"},{\"@type\":\"Organization\",\"@id\":\"https:\\\/\\\/www.rassegnastampa-totustuus.it\\\/cattolica\\\/#organization\",\"name\":\"Rassegna Stampa Cattolica\",\"url\":\"https:\\\/\\\/www.rassegnastampa-totustuus.it\\\/cattolica\\\/\",\"logo\":{\"@type\":\"ImageObject\",\"inLanguage\":\"it-IT\",\"@id\":\"https:\\\/\\\/www.rassegnastampa-totustuus.it\\\/cattolica\\\/#\\\/schema\\\/logo\\\/image\\\/\",\"url\":\"https:\\\/\\\/www.rassegnastampa-totustuus.it\\\/cattolica\\\/wp-content\\\/uploads\\\/2014\\\/04\\\/logo-rassegna1.gif\",\"contentUrl\":\"https:\\\/\\\/www.rassegnastampa-totustuus.it\\\/cattolica\\\/wp-content\\\/uploads\\\/2014\\\/04\\\/logo-rassegna1.gif\",\"width\":600,\"height\":163,\"caption\":\"Rassegna Stampa Cattolica\"},\"image\":{\"@id\":\"https:\\\/\\\/www.rassegnastampa-totustuus.it\\\/cattolica\\\/#\\\/schema\\\/logo\\\/image\\\/\"},\"sameAs\":[\"https:\\\/\\\/www.facebook.com\\\/rassegnastampacattolica\",\"https:\\\/\\\/x.com\\\/rassegnastampa9\"]},{\"@type\":\"Person\",\"@id\":\"https:\\\/\\\/www.rassegnastampa-totustuus.it\\\/cattolica\\\/#\\\/schema\\\/person\\\/08f319d2bd1a0904ad9e2bfb7b15e5c3\",\"name\":\"Redazione\",\"image\":{\"@type\":\"ImageObject\",\"inLanguage\":\"it-IT\",\"@id\":\"https:\\\/\\\/secure.gravatar.com\\\/avatar\\\/2fcdf27c78ea025fbdb44e914cc63c72249ffec9dc8aafd5c82b26240ef3f346?s=96&d=mm&r=g\",\"url\":\"https:\\\/\\\/secure.gravatar.com\\\/avatar\\\/2fcdf27c78ea025fbdb44e914cc63c72249ffec9dc8aafd5c82b26240ef3f346?s=96&d=mm&r=g\",\"contentUrl\":\"https:\\\/\\\/secure.gravatar.com\\\/avatar\\\/2fcdf27c78ea025fbdb44e914cc63c72249ffec9dc8aafd5c82b26240ef3f346?s=96&d=mm&r=g\",\"caption\":\"Redazione\"},\"url\":\"https:\\\/\\\/www.rassegnastampa-totustuus.it\\\/cattolica\\\/author\\\/pietroelle\\\/\"}]}<\/script>\n<!-- \/ Yoast SEO plugin. -->","yoast_head_json":{"title":"Cattolici siberiani. Tre storie - Rassegna Stampa Cattolica","description":"Rassegna Stampa Cattolica - Per una cultura che nasce dalla Rivelazione cristiana in conformit\u00e0 alla tradizione e al Magistero della Chiesa in opposizione ad ogni relativismo e totalitarismo","robots":{"index":"index","follow":"follow","max-snippet":"max-snippet:-1","max-image-preview":"max-image-preview:large","max-video-preview":"max-video-preview:-1"},"canonical":"https:\/\/www.rassegnastampa-totustuus.it\/cattolica\/cattolici-siberiani-tre-storie\/","og_locale":"it_IT","og_type":"article","og_title":"Cattolici siberiani. Tre storie - Rassegna Stampa Cattolica","og_description":"Rassegna Stampa Cattolica - Per una cultura che nasce dalla Rivelazione cristiana in conformit\u00e0 alla tradizione e al Magistero della Chiesa in opposizione ad ogni relativismo e totalitarismo","og_url":"https:\/\/www.rassegnastampa-totustuus.it\/cattolica\/cattolici-siberiani-tre-storie\/","og_site_name":"Rassegna Stampa Cattolica","article_publisher":"https:\/\/www.facebook.com\/rassegnastampacattolica","article_published_time":"2019-06-19T22:00:10+00:00","og_image":[{"width":1024,"height":669,"url":"https:\/\/www.rassegnastampa-totustuus.it\/cattolica\/wp-content\/uploads\/2019\/06\/Urss_comunismo.jpg","type":"image\/jpeg"}],"author":"Redazione","twitter_card":"summary_large_image","twitter_creator":"@rassegnastampa9","twitter_site":"@rassegnastampa9","twitter_misc":{"Scritto da":"Redazione","Tempo di lettura stimato":"11 minuti"},"schema":{"@context":"https:\/\/schema.org","@graph":[{"@type":"Article","@id":"https:\/\/www.rassegnastampa-totustuus.it\/cattolica\/cattolici-siberiani-tre-storie\/#article","isPartOf":{"@id":"https:\/\/www.rassegnastampa-totustuus.it\/cattolica\/cattolici-siberiani-tre-storie\/"},"author":{"name":"Redazione","@id":"https:\/\/www.rassegnastampa-totustuus.it\/cattolica\/#\/schema\/person\/08f319d2bd1a0904ad9e2bfb7b15e5c3"},"headline":"Cattolici siberiani. Tre storie","datePublished":"2019-06-19T22:00:10+00:00","mainEntityOfPage":{"@id":"https:\/\/www.rassegnastampa-totustuus.it\/cattolica\/cattolici-siberiani-tre-storie\/"},"wordCount":2270,"publisher":{"@id":"https:\/\/www.rassegnastampa-totustuus.it\/cattolica\/#organization"},"image":{"@id":"https:\/\/www.rassegnastampa-totustuus.it\/cattolica\/cattolici-siberiani-tre-storie\/#primaryimage"},"thumbnailUrl":"https:\/\/www.rassegnastampa-totustuus.it\/cattolica\/wp-content\/uploads\/2019\/06\/Urss_comunismo.jpg","keywords":["comunismo","cristiani perseguitati","Urss"],"articleSection":["Comunismo","Cristiani perseguitati","URSS"],"inLanguage":"it-IT"},{"@type":"WebPage","@id":"https:\/\/www.rassegnastampa-totustuus.it\/cattolica\/cattolici-siberiani-tre-storie\/","url":"https:\/\/www.rassegnastampa-totustuus.it\/cattolica\/cattolici-siberiani-tre-storie\/","name":"Cattolici siberiani. Tre storie - Rassegna Stampa Cattolica","isPartOf":{"@id":"https:\/\/www.rassegnastampa-totustuus.it\/cattolica\/#website"},"primaryImageOfPage":{"@id":"https:\/\/www.rassegnastampa-totustuus.it\/cattolica\/cattolici-siberiani-tre-storie\/#primaryimage"},"image":{"@id":"https:\/\/www.rassegnastampa-totustuus.it\/cattolica\/cattolici-siberiani-tre-storie\/#primaryimage"},"thumbnailUrl":"https:\/\/www.rassegnastampa-totustuus.it\/cattolica\/wp-content\/uploads\/2019\/06\/Urss_comunismo.jpg","datePublished":"2019-06-19T22:00:10+00:00","description":"Rassegna Stampa Cattolica - Per una cultura che nasce dalla Rivelazione cristiana in conformit\u00e0 alla tradizione e al Magistero della Chiesa in opposizione ad ogni relativismo e totalitarismo","breadcrumb":{"@id":"https:\/\/www.rassegnastampa-totustuus.it\/cattolica\/cattolici-siberiani-tre-storie\/#breadcrumb"},"inLanguage":"it-IT","potentialAction":[{"@type":"ReadAction","target":["https:\/\/www.rassegnastampa-totustuus.it\/cattolica\/cattolici-siberiani-tre-storie\/"]}]},{"@type":"ImageObject","inLanguage":"it-IT","@id":"https:\/\/www.rassegnastampa-totustuus.it\/cattolica\/cattolici-siberiani-tre-storie\/#primaryimage","url":"https:\/\/www.rassegnastampa-totustuus.it\/cattolica\/wp-content\/uploads\/2019\/06\/Urss_comunismo.jpg","contentUrl":"https:\/\/www.rassegnastampa-totustuus.it\/cattolica\/wp-content\/uploads\/2019\/06\/Urss_comunismo.jpg","width":1024,"height":669},{"@type":"BreadcrumbList","@id":"https:\/\/www.rassegnastampa-totustuus.it\/cattolica\/cattolici-siberiani-tre-storie\/#breadcrumb","itemListElement":[{"@type":"ListItem","position":1,"name":"Home","item":"https:\/\/www.rassegnastampa-totustuus.it\/cattolica\/"},{"@type":"ListItem","position":2,"name":"Cattolici siberiani. Tre storie"}]},{"@type":"WebSite","@id":"https:\/\/www.rassegnastampa-totustuus.it\/cattolica\/#website","url":"https:\/\/www.rassegnastampa-totustuus.it\/cattolica\/","name":"Rassegna Stampa Cattolica","description":"Per una cultura che nasce dalla Rivelazione cristiana in conformit\u00e0 alla tradizione e al Magistero della Chiesa in opposizione ad ogni relativismo e totalitarismo","publisher":{"@id":"https:\/\/www.rassegnastampa-totustuus.it\/cattolica\/#organization"},"alternateName":"Rass. Cattolica","potentialAction":[{"@type":"SearchAction","target":{"@type":"EntryPoint","urlTemplate":"https:\/\/www.rassegnastampa-totustuus.it\/cattolica\/?s={search_term_string}"},"query-input":{"@type":"PropertyValueSpecification","valueRequired":true,"valueName":"search_term_string"}}],"inLanguage":"it-IT"},{"@type":"Organization","@id":"https:\/\/www.rassegnastampa-totustuus.it\/cattolica\/#organization","name":"Rassegna Stampa Cattolica","url":"https:\/\/www.rassegnastampa-totustuus.it\/cattolica\/","logo":{"@type":"ImageObject","inLanguage":"it-IT","@id":"https:\/\/www.rassegnastampa-totustuus.it\/cattolica\/#\/schema\/logo\/image\/","url":"https:\/\/www.rassegnastampa-totustuus.it\/cattolica\/wp-content\/uploads\/2014\/04\/logo-rassegna1.gif","contentUrl":"https:\/\/www.rassegnastampa-totustuus.it\/cattolica\/wp-content\/uploads\/2014\/04\/logo-rassegna1.gif","width":600,"height":163,"caption":"Rassegna Stampa Cattolica"},"image":{"@id":"https:\/\/www.rassegnastampa-totustuus.it\/cattolica\/#\/schema\/logo\/image\/"},"sameAs":["https:\/\/www.facebook.com\/rassegnastampacattolica","https:\/\/x.com\/rassegnastampa9"]},{"@type":"Person","@id":"https:\/\/www.rassegnastampa-totustuus.it\/cattolica\/#\/schema\/person\/08f319d2bd1a0904ad9e2bfb7b15e5c3","name":"Redazione","image":{"@type":"ImageObject","inLanguage":"it-IT","@id":"https:\/\/secure.gravatar.com\/avatar\/2fcdf27c78ea025fbdb44e914cc63c72249ffec9dc8aafd5c82b26240ef3f346?s=96&d=mm&r=g","url":"https:\/\/secure.gravatar.com\/avatar\/2fcdf27c78ea025fbdb44e914cc63c72249ffec9dc8aafd5c82b26240ef3f346?s=96&d=mm&r=g","contentUrl":"https:\/\/secure.gravatar.com\/avatar\/2fcdf27c78ea025fbdb44e914cc63c72249ffec9dc8aafd5c82b26240ef3f346?s=96&d=mm&r=g","caption":"Redazione"},"url":"https:\/\/www.rassegnastampa-totustuus.it\/cattolica\/author\/pietroelle\/"}]}},"_links":{"self":[{"href":"https:\/\/www.rassegnastampa-totustuus.it\/cattolica\/wp-json\/wp\/v2\/posts\/43268","targetHints":{"allow":["GET"]}}],"collection":[{"href":"https:\/\/www.rassegnastampa-totustuus.it\/cattolica\/wp-json\/wp\/v2\/posts"}],"about":[{"href":"https:\/\/www.rassegnastampa-totustuus.it\/cattolica\/wp-json\/wp\/v2\/types\/post"}],"author":[{"embeddable":true,"href":"https:\/\/www.rassegnastampa-totustuus.it\/cattolica\/wp-json\/wp\/v2\/users\/6"}],"replies":[{"embeddable":true,"href":"https:\/\/www.rassegnastampa-totustuus.it\/cattolica\/wp-json\/wp\/v2\/comments?post=43268"}],"version-history":[{"count":2,"href":"https:\/\/www.rassegnastampa-totustuus.it\/cattolica\/wp-json\/wp\/v2\/posts\/43268\/revisions"}],"predecessor-version":[{"id":43280,"href":"https:\/\/www.rassegnastampa-totustuus.it\/cattolica\/wp-json\/wp\/v2\/posts\/43268\/revisions\/43280"}],"wp:featuredmedia":[{"embeddable":true,"href":"https:\/\/www.rassegnastampa-totustuus.it\/cattolica\/wp-json\/wp\/v2\/media\/43269"}],"wp:attachment":[{"href":"https:\/\/www.rassegnastampa-totustuus.it\/cattolica\/wp-json\/wp\/v2\/media?parent=43268"}],"wp:term":[{"taxonomy":"category","embeddable":true,"href":"https:\/\/www.rassegnastampa-totustuus.it\/cattolica\/wp-json\/wp\/v2\/categories?post=43268"},{"taxonomy":"post_tag","embeddable":true,"href":"https:\/\/www.rassegnastampa-totustuus.it\/cattolica\/wp-json\/wp\/v2\/tags?post=43268"}],"curies":[{"name":"wp","href":"https:\/\/api.w.org\/{rel}","templated":true}]}}