{"id":43210,"date":"2019-06-13T00:00:27","date_gmt":"2019-06-12T22:00:27","guid":{"rendered":"http:\/\/www.rassegnastampa-totustuus.it\/cattolica\/?p=43210"},"modified":"2019-06-14T11:57:03","modified_gmt":"2019-06-14T09:57:03","slug":"la-questione-del-gender-nellambito-educativo","status":"publish","type":"post","link":"https:\/\/www.rassegnastampa-totustuus.it\/cattolica\/la-questione-del-gender-nellambito-educativo\/","title":{"rendered":"La questione del gender nell\u2019ambito educativo"},"content":{"rendered":"<p style=\"text-align: center;\"><a href=\"https:\/\/www.rassegnastampa-totustuus.it\/cattolica\/wp-content\/uploads\/2019\/06\/gender.jpg\"><img loading=\"lazy\" decoding=\"async\" class=\"alignright wp-image-43212\" src=\"https:\/\/www.rassegnastampa-totustuus.it\/cattolica\/wp-content\/uploads\/2019\/06\/gender.jpg\" alt=\"\" width=\"250\" height=\"166\" \/><\/a>da<strong> <a href=\"http:\/\/www.osservatoreromano.va\/\" target=\"_blank\" rel=\"noopener noreferrer\">l\u2019Osservatore Romano<\/a><\/strong> 10 Giugno 2019 <strong>\u00a0<\/strong><\/p>\n<p style=\"text-align: center;\"><em>Documento della Congregazione per l\u2019educazione cattolica <\/em>di<\/p>\n<p style=\"text-align: center;\"><strong>Giuseppe Versaldi<\/strong><\/p>\n<p><!--more--><\/p>\n<p style=\"text-align: justify;\"><em>Nel pomeriggio di luned\u00ec 10 giugno, la Congregazione per l\u2019educazione cattolica pubblica \u2014 sul sito web\u00a0<a href=\"http:\/\/www.educatio.va\/\" target=\"_blank\" rel=\"noopener noreferrer\">www.educatio.va<\/a>\u00a0\u2014 il documento \u00abMaschio e femmina li cre\u00f2. Per una via di dialogo sulla questione del gender nell\u2019educazione\u00bb.<\/em><\/p>\n<p style=\"text-align: justify;\"><em>Di seguito due articoli di presentazione del cardinale prefetto della Congregazione e del direttore dell\u2019Istituto Gonzaga di Milano.<\/em> Nell\u2019ultima decade i vescovi hanno mostrato sempre pi\u00f9 attenzione alla cosiddetta <em>questione del gender<\/em>, ponendo quesiti alla Congregazione per l\u2019educazione cattolica per quanto concerne le scuole e le universit\u00e0 cattoliche.<\/p>\n<p style=\"text-align: justify;\"><a href=\"https:\/\/www.rassegnastampa-totustuus.it\/cattolica\/wp-content\/uploads\/2019\/06\/adamo_eva.jpg\"><img loading=\"lazy\" decoding=\"async\" class=\"alignleft wp-image-43211\" src=\"https:\/\/www.rassegnastampa-totustuus.it\/cattolica\/wp-content\/uploads\/2019\/06\/adamo_eva-300x194.jpg\" alt=\"\" width=\"250\" height=\"162\" srcset=\"https:\/\/www.rassegnastampa-totustuus.it\/cattolica\/wp-content\/uploads\/2019\/06\/adamo_eva-300x194.jpg 300w, https:\/\/www.rassegnastampa-totustuus.it\/cattolica\/wp-content\/uploads\/2019\/06\/adamo_eva.jpg 678w\" sizes=\"auto, (max-width: 250px) 100vw, 250px\" \/><\/a>Durante i lavori dell\u2019assemblea plenaria della Congregazione, svoltasi nel febbraio 2017, \u00e8 affiorata l\u2019emergenza dell\u2019<em>ideologia del gender <\/em>in ambito educativo ed \u00e8 stata presa la decisione comune di intervenire con uno scritto su tale delicato tema per aiutare quanti hanno a cuore l\u2019educazione cattolica.<\/p>\n<p style=\"text-align: justify;\">Al riguardo, l\u2019Ufficio scuole ha predisposto un\u2019agenda di lavoro e ha chiesto la collaborazione di esperti nelle diverse discipline (pedagogia, scienze dell\u2019educazione, filosofia, diritto, didattica,&#8230;) al fine di redigere una bozza del testo in cui si potessero condividere alcune riflessioni e orientamenti che, pur richiamando la sostanza del dibattito circa la sessualit\u00e0 umana, indicassero principalmente il\u00a0<em>metodo di intervento<\/em> di quanti sono impegnati nell\u2019educazione delle nuove generazioni.<\/p>\n<p style=\"text-align: justify;\"><a href=\"https:\/\/www.rassegnastampa-totustuus.it\/cattolica\/wp-content\/uploads\/2017\/02\/AMORIS_LETITIA.jpg\"><img loading=\"lazy\" decoding=\"async\" class=\"alignright wp-image-37205\" src=\"https:\/\/www.rassegnastampa-totustuus.it\/cattolica\/wp-content\/uploads\/2017\/02\/AMORIS_LETITIA.jpg\" alt=\"\" width=\"250\" height=\"141\" \/><\/a>In tale modo si intendeva superare ogni inconcludente contrapposizione polemica. Il documento \u00ab<em>Maschio e femmina li cre\u00f2\u00bb. Per una via di dialogo sulla questione del gender nell\u2019educazione<\/em>, ora pubblicato dopo la consultazione dei competenti dicasteri della Santa Sede, invita ad affrontare la\u00a0<em>questione del gender<\/em>\u00a0con un\u00a0<em>approccio dialogico<\/em>.<\/p>\n<p style=\"text-align: justify;\">In questa materia in cui \u00e8 alto il rischio di fraintendimenti e conflitti ideologici, risultano opportuni tre atteggiamenti:\u00a0<em>ascoltare, ragionare e proporre<\/em>. In primo luogo, quindi, \u00e8 necessario fare una distinzione tra ideologia e studi sul gender.<\/p>\n<p style=\"text-align: justify;\"><a href=\"https:\/\/www.rassegnastampa-totustuus.it\/cattolica\/wp-content\/uploads\/2019\/04\/gender-1.jpg\"><img loading=\"lazy\" decoding=\"async\" class=\"alignleft wp-image-42703\" src=\"https:\/\/www.rassegnastampa-totustuus.it\/cattolica\/wp-content\/uploads\/2019\/04\/gender-1-300x168.jpg\" alt=\"\" width=\"250\" height=\"140\" \/><\/a>Mentre l\u2019ideologia pretende, come riscontra Papa Francesco, \u00abdi rispondere a certe aspirazioni a volte comprensibili\u00bb, ma cerca \u00abdi imporsi come un pensiero unico che determini anche l\u2019educazione dei bambini\u00bb e quindi preclude l\u2019incontro, non mancano delle ricerche sul\u00a0<em>gender\u00a0<\/em>che cercano di approfondire adeguatamente il modo in cui si vive nelle diverse culture la differenza sessuale tra uomo e donna. In relazione a questi studi \u00e8 possibile aprirsi all\u2019ascolto, al ragionamento e alle proposte.<\/p>\n<p style=\"text-align: justify;\">Pertanto il documento ripercorre la storia, focalizza i punti di incontro ragionevoli e propone la visione antropologica cristiana. Nel breve itinerario storico appaiono chiaramente alcune criticit\u00e0 alla base di un disorientamento antropologico con la tendenza a cancellare le differenze tra uomo e donna, considerate come semplici effetti di un condizionamento storico-culturale.<\/p>\n<p style=\"text-align: justify;\">L\u2019ideologia del gender \u00abnega la differenza e la reciprocit\u00e0 naturale di uomo e donna. Essa prospetta una societ\u00e0 senza differenze di sesso, e svuota la base antropologica della famiglia.<\/p>\n<p style=\"text-align: justify;\"><a href=\"https:\/\/www.rassegnastampa-totustuus.it\/cattolica\/wp-content\/uploads\/2015\/07\/gender.jpg\"><img loading=\"lazy\" decoding=\"async\" class=\"size-full wp-image-26572 alignright\" src=\"https:\/\/www.rassegnastampa-totustuus.it\/cattolica\/wp-content\/uploads\/2015\/07\/gender.jpg\" alt=\"\" width=\"243\" height=\"208\" \/><\/a>Questa ideologia induce progetti educativi e orientamenti legislativi che promuovono un\u2019identit\u00e0 personale e un\u2019intimit\u00e0 affettiva radicalmente svincolate dalla diversit\u00e0 biologica fra maschio e femmina. L\u2019identit\u00e0 umana viene consegnata ad un\u2019opzione individualistica, anche mutevole nel tempo\u00bb (Papa Francesco,\u00a0<em>Amoris laetitia<\/em>, 2016, n. 56).<\/p>\n<p style=\"text-align: justify;\">Ci sono, tuttavia, alcuni elementi di ragionevole condivisione, come il rispetto di\u00a0<em>ogni persona<\/em>\u00a0nella sua peculiare e differente condizione, affinch\u00e9 nessuno, a causa delle proprie condizioni personali (disabilit\u00e0, razza, religione, tendenze affettive, ecc.), possa diventare oggetto di bullismo, violenze, insulti e discriminazioni ingiuste.<\/p>\n<p style=\"text-align: justify;\">Un altro aspetto di convergenza sono i <em>valori della femminilit\u00e0<\/em>. Nella donna, infatti, la \u00abcapacit\u00e0 dell\u2019altro\u00bb favorisce una lettura pi\u00f9 realistica e matura delle situazioni contingenti, sviluppando \u00abil senso e il rispetto del concreto, che si oppone ad astrazioni spesso letali per l\u2019esistenza degli individui e della societ\u00e0\u00bb (Congregazione per la dottrina della fede, <em>Lettera ai vescovi<\/em>, 2004, n.13).<\/p>\n<p style=\"text-align: justify;\"><a href=\"https:\/\/www.rassegnastampa-totustuus.it\/cattolica\/wp-content\/uploads\/2005\/07\/scuola_paritaria.jpg\"><img loading=\"lazy\" decoding=\"async\" class=\"alignleft wp-image-35900\" src=\"https:\/\/www.rassegnastampa-totustuus.it\/cattolica\/wp-content\/uploads\/2005\/07\/scuola_paritaria.jpg\" alt=\"\" width=\"250\" height=\"166\" \/><\/a>Si tratta di un apporto che arricchisce le relazioni umane e i valori dello spirito \u00aba partire dai rapporti quotidiani tra le persone\u00bb. Per questo, la societ\u00e0 \u00e8 in larga parte debitrice alle donne che sono \u00abimpegnate nei pi\u00f9 diversi settori dell\u2019attivit\u00e0 educativa, ben oltre la famiglia: asili, scuole, universit\u00e0, istituti di assistenza, parrocchie, associazioni e movimenti\u00bb (Giovanni Paolo II,\u00a0<em>Lettera alle donne<\/em>, 1995, n. 9).<\/p>\n<p style=\"text-align: justify;\">Ispirandosi principalmente al documento <em>Orientamenti educativi sull\u2019amore umano. Lineamenti di educazione sessuale<\/em> \u2014 pubblicato dalla Congregazione per l\u2019educazione cattolica il 1\u00b0 novembre 1983 \u2014 il nuovo testo ripropone la\u00a0<em>visione antropologica cristiana<\/em> che vede nella sessualit\u00e0 una componente sostanziale della personalit\u00e0, un suo modo di essere, di manifestarsi, di comunicare con gli altri, di sentire, di esprimere e di vivere l\u2019amore umano.<\/p>\n<p style=\"text-align: justify;\"><a href=\"https:\/\/www.rassegnastampa-totustuus.it\/cattolica\/wp-content\/uploads\/2013\/06\/sessualit\u00e0.png\"><img loading=\"lazy\" decoding=\"async\" class=\"alignright wp-image-25572\" src=\"https:\/\/www.rassegnastampa-totustuus.it\/cattolica\/wp-content\/uploads\/2013\/06\/sessualit\u00e0.png\" alt=\"\" width=\"250\" height=\"177\" \/><\/a>Pertanto, essa \u00e8 parte integrante dello sviluppo della personalit\u00e0 e del suo processo educativo: \u00abDal sesso, infatti, la persona umana deriva le caratteristiche che, sul piano biologico, psicologico e spirituale, la fanno uomo o donna, condizionando cos\u00ec grandemente l\u2019iter del suo sviluppo verso la maturit\u00e0 e il suo inserimento nella societ\u00e0\u00bb (Congregazione per la dottrina della fede, <em>Persona humana<\/em>, 1975, n. 1).<\/p>\n<p style=\"text-align: justify;\">Il testo viene ora affidato ai presidenti delle Conferenze episcopali con la volont\u00e0 di farlo giungere a quanti hanno a cuore l\u2019educazione, in particolare alle comunit\u00e0 educative delle scuole cattoliche e a quanti, animati dalla visione cristiana della vita, operano nelle altre scuole, ai genitori, agli alunni, ai dirigenti e al personale, nonch\u00e9 ai vescovi, agli istituti religiosi, ai movimenti, alle associazioni di fedeli e ad altri organismi del settore.<\/p>\n<p style=\"text-align: center;\">__________________________<\/p>\n<p style=\"text-align: center;\">Newman <strong>newsletter n.23 <\/strong>venerd\u00ec 14 giugno 2019<\/p>\n<p style=\"text-align: center;\"><strong>La Chiesa, il gender e il randello<\/strong><\/p>\n<p><a href=\"https:\/\/www.rassegnastampa-totustuus.it\/cattolica\/wp-content\/uploads\/2019\/06\/documento_vaticano_gender.jpg\"><img loading=\"lazy\" decoding=\"async\" class=\"aligncenter wp-image-43316\" src=\"https:\/\/www.rassegnastampa-totustuus.it\/cattolica\/wp-content\/uploads\/2019\/06\/documento_vaticano_gender.jpg\" alt=\"\" width=\"189\" height=\"200\" \/><\/a><\/p>\n<p style=\"text-align: justify;\">Trentuno pagine per dire no alla diffusione della teoria gender. Si intitola <em><strong>\u201cMaschio e femmina li cre\u00f2\u201d<\/strong><\/em> <a href=\"http:\/\/mailchef.4dem.it\/tt.php?p=18a6f25069c0855b3cb937e39696ad6a\/416w\/3k3p\/rs\/q5q\/diu\/rs\/rs\/\/http%3A%2F%2Fwww.educatio.va%2Fcontent%2Fdam%2Fcec%2FDocumenti%2F19_0996_ITA.pdf\" target=\"_blank\" rel=\"noopener noreferrer\">il documento di trentuno pagine<\/a> della congregazione per l\u2019Educazione cattolica diffuso luned\u00ec scorso in cui \u2013 per la prima volta \u2013 si affronta in modo dettagliato il problema che la <strong>diffusione delle teorie gender<\/strong> hanno comportato nell\u2019ambito dell\u2019educazione.<\/p>\n<p style=\"text-align: justify;\">Nell\u2019ultimo decennio sempre pi\u00f9 pressanti sono state le richieste di numerosi vescovi di avere <strong>una bussola per orientarsi in quest\u2019ambito<\/strong>. Scontata la premessa, e cio\u00e8 che bisogna affrontare la questione del gender \u201ccon un <strong>approccio dialogico<\/strong>\u201d perch\u00e9 \u201c\u00e8 alto il rischio di fraintendimenti e conflitti ideologici\u201d.<\/p>\n<p style=\"text-align: justify;\"><strong>Il trionfo dell&#8217;opzione individualistica<\/strong><\/p>\n<p style=\"text-align: justify;\"><a href=\"https:\/\/www.rassegnastampa-totustuus.it\/cattolica\/wp-content\/uploads\/2013\/05\/gender.jpg\"><img loading=\"lazy\" decoding=\"async\" class=\"alignleft wp-image-27302\" src=\"https:\/\/www.rassegnastampa-totustuus.it\/cattolica\/wp-content\/uploads\/2013\/05\/gender.jpg\" alt=\"\" width=\"231\" height=\"200\" \/><\/a>Il punto di partenza, peraltro gi\u00e0 ribadito dal Papa in <em>Amoris laetitia<\/em>, \u00e8 che \u201cl\u2019ideologia del gender nega la differenza e la reciprocit\u00e0 naturale di uomo e donna\u201d, prospettando <strong>\u201cuna societ\u00e0 senza differenze di sesso\u201d<\/strong> e svuotando \u201cla base antropologica della famiglia. Questa ideologia induce progetti educativi e orientamenti legislativi che promuovono un\u2019identit\u00e0 personale e un\u2019intimit\u00e0 affettiva radicalmente svincolate dalla diversit\u00e0 biologica fra maschio e femmina. \u00a0L\u2019identit\u00e0 umana viene consegnata a un\u2019opzione individualistica, anche mutevole nel tempo\u201d.<\/p>\n<p style=\"text-align: justify;\">Certo, vi sono anche \u201c<strong>elementi di ragionevole condivisione<\/strong>\u201d, quali \u201cil rispetto di ogni persona nella sua peculiare e differente condizione, affinch\u00e9 nessuno, a causa delle proprie condizioni personali, possa diventare oggetto di bullismo, violenze, insulti e discriminazioni ingiuste\u201d.<\/p>\n<p style=\"text-align: justify;\">Altro punto positivo ha a che fare con <strong>\u201ci valori della femminilit\u00e0\u201d<\/strong>, visto che \u201cnella donna, la capacit\u00e0 dell\u2019altro favorisce una lettura pi\u00f9 realistica e matura delle situazioni contingenti, sviluppando il senso e il rispetto del concreto, che si oppone ad astrazioni spesso letali per l\u2019esistenza degli individui e della societ\u00e0\u201d.<\/p>\n<p style=\"text-align: justify;\"><strong>Dimensione fluida<\/strong><\/p>\n<p style=\"text-align: justify;\"><a href=\"https:\/\/www.rassegnastampa-totustuus.it\/cattolica\/wp-content\/uploads\/2017\/05\/Gay_Lgbt-1.jpg\"><img loading=\"lazy\" decoding=\"async\" class=\"alignright wp-image-37671\" src=\"https:\/\/www.rassegnastampa-totustuus.it\/cattolica\/wp-content\/uploads\/2017\/05\/Gay_Lgbt-1.jpg\" alt=\"\" width=\"250\" height=\"177\" \/><\/a>etto ci\u00f2, il problema \u00e8 grave: \u201cSi arriva perfino a teorizzare una <strong>radicale separazione fra genere (gender) e sesso (sex)<\/strong>, con la priorit\u00e0 del primo sul secondo. Tale traguardo viene visto come una tappa importante dell\u2019evoluzione dell\u2019umanit\u00e0, nella quale si prospetta una societ\u00e0 senza differenze di sesso\u201d.<\/p>\n<p style=\"text-align: justify;\">In una crescente contrapposizione tra natura e cultura, le proposte gender confluiscono nel <em>queer<\/em>, cio\u00e8 in una dimensione fluida, flessibile, nomade, al punto da <strong>sostenere la completa emancipazione dell\u2019individuo da ogni definizione sessuale data a priori<\/strong>, con la conseguente scomparsa di classificazioni considerate rigide.<\/p>\n<p style=\"text-align: justify;\">Si lascia cos\u00ec lo spazio a sfumature variabili per grado e intensit\u00e0 nel contesto, sia dell\u2019orientamento sessuale, sia dell\u2019identificazione del proprio gender\u201d.<\/p>\n<p style=\"text-align: justify;\"><strong>Poliamori, desiderio e affetto<\/strong><\/p>\n<p style=\"text-align: justify;\"><a href=\"https:\/\/www.rassegnastampa-totustuus.it\/cattolica\/wp-content\/uploads\/2014\/09\/poliamory.jpg\"><img loading=\"lazy\" decoding=\"async\" class=\"alignleft wp-image-9481\" src=\"https:\/\/www.rassegnastampa-totustuus.it\/cattolica\/wp-content\/uploads\/2014\/09\/poliamory.jpg\" alt=\"\" width=\"250\" height=\"174\" \/><\/a>Ancora, \u201cla dualit\u00e0 della coppia, inoltre, confligge con i \u2018poliamori\u2019 che includono pi\u00f9 di due individui. Pertanto, si constata che la durata del legame \u2013 e la sua natura vincolante \u2013 si struttura come variabile a seconda del <strong>desiderio contingente degli individui<\/strong> con conseguenze sul piano della condivisione delle responsabilit\u00e0 e degli obblighi inerenti la maternit\u00e0 e la paternit\u00e0.<\/p>\n<p style=\"text-align: justify;\">Tutta questa gamma di relazioni divengono \u2018parentele\u2019 <em>(kin-ships)<\/em>, fondate sul desiderio o affetto, contraddistinte molto spesso da un tempo determinato, eticamente flessibili o addirittura consensualmente prive di qualsiasi progettualit\u00e0. <strong>Ci\u00f2 che vale \u00e8 l\u2019assoluta libert\u00e0 di autodeterminazione<\/strong> e la scelta circostanziata di ciascun individuo nel contesto di una qualsiasi relazione affettiva\u201d.<\/p>\n<p style=\"text-align: justify;\"><strong>Il &#8220;randello&#8221; contro la comunit\u00e0 lgbt<\/strong><\/p>\n<p style=\"text-align: justify;\"><a href=\"https:\/\/www.rassegnastampa-totustuus.it\/cattolica\/wp-content\/uploads\/2015\/04\/trans.jpg\"><img loading=\"lazy\" decoding=\"async\" class=\"alignright wp-image-23178\" src=\"https:\/\/www.rassegnastampa-totustuus.it\/cattolica\/wp-content\/uploads\/2015\/04\/trans.jpg\" alt=\"\" width=\"250\" height=\"161\" \/><\/a>La linea, dopotutto, \u00e8 quella cara a Francesco, che defin\u00ec il gender l\u2019espressione <a href=\"http:\/\/mailchef.4dem.it\/tt.php?p=2c10319b3d0ec7780365dcc17b61ded1\/416w\/3k3p\/rs\/q5q\/diu\/rs\/rs\/\/https%3A%2F%2Fwww.ilfoglio.it%2Fchiesa%2F2015%2F04%2F16%2Fnews%2Fil-gender-roba-da-frustrati-82934%2F\" target=\"_blank\" rel=\"noopener noreferrer\">\u201cdi una frustrazione e di una rassegnazione\u201d<\/a>, \u201cuna bomba atomica\u201d, <a href=\"http:\/\/mailchef.4dem.it\/tt.php?p=a5ec02afe834319d677956d338be84ab\/416w\/3k3p\/rs\/q5q\/diu\/rs\/rs\/\/https%3A%2F%2Fwww.ilfoglio.it%2Fchiesa%2F2016%2F10%2F01%2Fnews%2Fil-papa-la-teoria-gender-e-una-guerra-mondiale-contro-il-matrimonio-104785%2F\" target=\"_blank\" rel=\"noopener noreferrer\">\u201cuna guerra mondiale al matrimonio\u201d<\/a>, \u201cuno sbaglio della mente umana\u201d.<\/p>\n<p style=\"text-align: justify;\">Eppure <strong>c\u2019\u00e8 gi\u00e0 chi ha protestato<\/strong>. Padre <strong>James Martin<\/strong>, gesuita americano, ha scritto su Twitter che \u201cil documento del Vaticano prende di mira la teoria gender. Giustamente chiede dialogo e ascolto, ma <strong>mette da parte le esperienze di vita reale delle persone lgbt<\/strong>.<\/p>\n<div id=\"attachment_43317\" style=\"width: 180px\" class=\"wp-caption alignleft\"><a href=\"https:\/\/www.rassegnastampa-totustuus.it\/cattolica\/wp-content\/uploads\/2019\/06\/James-Martin.jpg\"><img loading=\"lazy\" decoding=\"async\" aria-describedby=\"caption-attachment-43317\" class=\"wp-image-43317\" src=\"https:\/\/www.rassegnastampa-totustuus.it\/cattolica\/wp-content\/uploads\/2019\/06\/James-Martin.jpg\" alt=\"\" width=\"180\" height=\"200\" \/><\/a><p id=\"caption-attachment-43317\" class=\"wp-caption-text\">p. James Martin<\/p><\/div>\n<p style=\"text-align: justify;\">Purtroppo sar\u00e0 usato come un randello contro le persone transgender e una scusa per sostenere che non dovrebbero <strong>nemmeno esistere<\/strong>\u201d. Ancora, sostiene Martin, \u201cil documento \u00e8 principalmente un dialogo con filosofi e teologi e (riprende) altri documenti ecclesiastici.<\/p>\n<p style=\"text-align: justify;\">Ma non con scienziati e biologi n\u00e9 con psicologici e certamente non con le persone lgbt, alle cui esperienze viene dato <strong>poco o nessun peso<\/strong>\u201d.<\/p>\n<p style=\"text-align: justify;\">James Martin ha commentato prima sui social e poi <a href=\"http:\/\/mailchef.4dem.it\/tt.php?p=b1e8897e02334f2697b8bb1de2b42a07\/416w\/3k3p\/rs\/q5q\/diu\/rs\/rs\/\/https%3A%2F%2Fwww.americamagazine.org%2Ffaith%2F2019%2F06%2F11%2Flisten-lgbt-person-response-vaticans-gender-theory-document\" target=\"_blank\" rel=\"noopener noreferrer\">su America magazine<\/a> il documento vaticano, richiamando l&#8217;attenzione sulla necessit\u00e0 di ascoltare prima ancora che di condannare.<\/p>\n","protected":false},"excerpt":{"rendered":"<p>da l\u2019Osservatore Romano 10 Giugno 2019 \u00a0 Documento della Congregazione per l\u2019educazione cattolica di Giuseppe Versaldi<\/p><p><a class=\"more-link btn\" href=\"https:\/\/www.rassegnastampa-totustuus.it\/cattolica\/la-questione-del-gender-nellambito-educativo\/\">Continua a leggere<\/a><\/p>\n","protected":false},"author":6,"featured_media":43211,"comment_status":"closed","ping_status":"closed","sticky":false,"template":"","format":"standard","meta":{"footnotes":""},"categories":[5,125],"tags":[157,2290,437],"class_list":["post-43210","post","type-post","status-publish","format-standard","has-post-thumbnail","hentry","category-chiesa","category-ideologia-del-gender","tag-chiesa-2","tag-documenti","tag-ideologia-del-gender-2","item-wrap"],"yoast_head":"<!-- This site is optimized with the Yoast SEO plugin v27.5 - https:\/\/yoast.com\/product\/yoast-seo-wordpress\/ -->\n<title>La questione del gender nell\u2019ambito educativo - Rassegna Stampa Cattolica<\/title>\n<meta name=\"description\" content=\"Rassegna Stampa Cattolica - Per una cultura che nasce dalla Rivelazione cristiana in conformit\u00e0 alla tradizione e al Magistero della Chiesa in opposizione ad ogni relativismo e totalitarismo\" \/>\n<meta name=\"robots\" content=\"index, follow, max-snippet:-1, max-image-preview:large, max-video-preview:-1\" \/>\n<link rel=\"canonical\" href=\"https:\/\/www.rassegnastampa-totustuus.it\/cattolica\/la-questione-del-gender-nellambito-educativo\/\" \/>\n<meta property=\"og:locale\" content=\"it_IT\" \/>\n<meta property=\"og:type\" content=\"article\" \/>\n<meta property=\"og:title\" content=\"La questione del gender nell\u2019ambito educativo - Rassegna Stampa Cattolica\" \/>\n<meta property=\"og:description\" content=\"Rassegna Stampa Cattolica - Per una cultura che nasce dalla Rivelazione cristiana in conformit\u00e0 alla tradizione e al Magistero della Chiesa in opposizione ad ogni relativismo e totalitarismo\" \/>\n<meta property=\"og:url\" content=\"https:\/\/www.rassegnastampa-totustuus.it\/cattolica\/la-questione-del-gender-nellambito-educativo\/\" \/>\n<meta property=\"og:site_name\" content=\"Rassegna Stampa Cattolica\" \/>\n<meta property=\"article:publisher\" content=\"https:\/\/www.facebook.com\/rassegnastampacattolica\" \/>\n<meta property=\"article:published_time\" content=\"2019-06-12T22:00:27+00:00\" \/>\n<meta property=\"article:modified_time\" content=\"2019-06-14T09:57:03+00:00\" \/>\n<meta property=\"og:image\" content=\"https:\/\/www.rassegnastampa-totustuus.it\/cattolica\/wp-content\/uploads\/2019\/06\/adamo_eva.jpg\" \/>\n\t<meta property=\"og:image:width\" content=\"678\" \/>\n\t<meta property=\"og:image:height\" content=\"438\" \/>\n\t<meta property=\"og:image:type\" content=\"image\/jpeg\" \/>\n<meta name=\"author\" content=\"Redazione\" \/>\n<meta name=\"twitter:card\" content=\"summary_large_image\" \/>\n<meta name=\"twitter:creator\" content=\"@rassegnastampa9\" \/>\n<meta name=\"twitter:site\" content=\"@rassegnastampa9\" \/>\n<meta name=\"twitter:label1\" content=\"Scritto da\" \/>\n\t<meta name=\"twitter:data1\" content=\"Redazione\" \/>\n\t<meta name=\"twitter:label2\" content=\"Tempo di lettura stimato\" \/>\n\t<meta name=\"twitter:data2\" content=\"8 minuti\" \/>\n<script type=\"application\/ld+json\" class=\"yoast-schema-graph\">{\"@context\":\"https:\\\/\\\/schema.org\",\"@graph\":[{\"@type\":\"Article\",\"@id\":\"https:\\\/\\\/www.rassegnastampa-totustuus.it\\\/cattolica\\\/la-questione-del-gender-nellambito-educativo\\\/#article\",\"isPartOf\":{\"@id\":\"https:\\\/\\\/www.rassegnastampa-totustuus.it\\\/cattolica\\\/la-questione-del-gender-nellambito-educativo\\\/\"},\"author\":{\"name\":\"Redazione\",\"@id\":\"https:\\\/\\\/www.rassegnastampa-totustuus.it\\\/cattolica\\\/#\\\/schema\\\/person\\\/08f319d2bd1a0904ad9e2bfb7b15e5c3\"},\"headline\":\"La questione del gender nell\u2019ambito educativo\",\"datePublished\":\"2019-06-12T22:00:27+00:00\",\"dateModified\":\"2019-06-14T09:57:03+00:00\",\"mainEntityOfPage\":{\"@id\":\"https:\\\/\\\/www.rassegnastampa-totustuus.it\\\/cattolica\\\/la-questione-del-gender-nellambito-educativo\\\/\"},\"wordCount\":1576,\"publisher\":{\"@id\":\"https:\\\/\\\/www.rassegnastampa-totustuus.it\\\/cattolica\\\/#organization\"},\"image\":{\"@id\":\"https:\\\/\\\/www.rassegnastampa-totustuus.it\\\/cattolica\\\/la-questione-del-gender-nellambito-educativo\\\/#primaryimage\"},\"thumbnailUrl\":\"https:\\\/\\\/www.rassegnastampa-totustuus.it\\\/cattolica\\\/wp-content\\\/uploads\\\/2019\\\/06\\\/adamo_eva.jpg\",\"keywords\":[\"chiesa\",\"documenti\",\"ideologia del gender\"],\"articleSection\":[\"Chiesa\",\"Ideologia del gender\"],\"inLanguage\":\"it-IT\"},{\"@type\":\"WebPage\",\"@id\":\"https:\\\/\\\/www.rassegnastampa-totustuus.it\\\/cattolica\\\/la-questione-del-gender-nellambito-educativo\\\/\",\"url\":\"https:\\\/\\\/www.rassegnastampa-totustuus.it\\\/cattolica\\\/la-questione-del-gender-nellambito-educativo\\\/\",\"name\":\"La questione del gender nell\u2019ambito educativo - Rassegna Stampa Cattolica\",\"isPartOf\":{\"@id\":\"https:\\\/\\\/www.rassegnastampa-totustuus.it\\\/cattolica\\\/#website\"},\"primaryImageOfPage\":{\"@id\":\"https:\\\/\\\/www.rassegnastampa-totustuus.it\\\/cattolica\\\/la-questione-del-gender-nellambito-educativo\\\/#primaryimage\"},\"image\":{\"@id\":\"https:\\\/\\\/www.rassegnastampa-totustuus.it\\\/cattolica\\\/la-questione-del-gender-nellambito-educativo\\\/#primaryimage\"},\"thumbnailUrl\":\"https:\\\/\\\/www.rassegnastampa-totustuus.it\\\/cattolica\\\/wp-content\\\/uploads\\\/2019\\\/06\\\/adamo_eva.jpg\",\"datePublished\":\"2019-06-12T22:00:27+00:00\",\"dateModified\":\"2019-06-14T09:57:03+00:00\",\"description\":\"Rassegna Stampa Cattolica - Per una cultura che nasce dalla Rivelazione cristiana in conformit\u00e0 alla tradizione e al Magistero della Chiesa in opposizione ad ogni relativismo e totalitarismo\",\"breadcrumb\":{\"@id\":\"https:\\\/\\\/www.rassegnastampa-totustuus.it\\\/cattolica\\\/la-questione-del-gender-nellambito-educativo\\\/#breadcrumb\"},\"inLanguage\":\"it-IT\",\"potentialAction\":[{\"@type\":\"ReadAction\",\"target\":[\"https:\\\/\\\/www.rassegnastampa-totustuus.it\\\/cattolica\\\/la-questione-del-gender-nellambito-educativo\\\/\"]}]},{\"@type\":\"ImageObject\",\"inLanguage\":\"it-IT\",\"@id\":\"https:\\\/\\\/www.rassegnastampa-totustuus.it\\\/cattolica\\\/la-questione-del-gender-nellambito-educativo\\\/#primaryimage\",\"url\":\"https:\\\/\\\/www.rassegnastampa-totustuus.it\\\/cattolica\\\/wp-content\\\/uploads\\\/2019\\\/06\\\/adamo_eva.jpg\",\"contentUrl\":\"https:\\\/\\\/www.rassegnastampa-totustuus.it\\\/cattolica\\\/wp-content\\\/uploads\\\/2019\\\/06\\\/adamo_eva.jpg\",\"width\":678,\"height\":438},{\"@type\":\"BreadcrumbList\",\"@id\":\"https:\\\/\\\/www.rassegnastampa-totustuus.it\\\/cattolica\\\/la-questione-del-gender-nellambito-educativo\\\/#breadcrumb\",\"itemListElement\":[{\"@type\":\"ListItem\",\"position\":1,\"name\":\"Home\",\"item\":\"https:\\\/\\\/www.rassegnastampa-totustuus.it\\\/cattolica\\\/\"},{\"@type\":\"ListItem\",\"position\":2,\"name\":\"La questione del gender nell\u2019ambito educativo\"}]},{\"@type\":\"WebSite\",\"@id\":\"https:\\\/\\\/www.rassegnastampa-totustuus.it\\\/cattolica\\\/#website\",\"url\":\"https:\\\/\\\/www.rassegnastampa-totustuus.it\\\/cattolica\\\/\",\"name\":\"Rassegna Stampa Cattolica\",\"description\":\"Per una cultura che nasce dalla Rivelazione cristiana in conformit\u00e0 alla tradizione e al Magistero della Chiesa in opposizione ad ogni relativismo e totalitarismo\",\"publisher\":{\"@id\":\"https:\\\/\\\/www.rassegnastampa-totustuus.it\\\/cattolica\\\/#organization\"},\"alternateName\":\"Rass. Cattolica\",\"potentialAction\":[{\"@type\":\"SearchAction\",\"target\":{\"@type\":\"EntryPoint\",\"urlTemplate\":\"https:\\\/\\\/www.rassegnastampa-totustuus.it\\\/cattolica\\\/?s={search_term_string}\"},\"query-input\":{\"@type\":\"PropertyValueSpecification\",\"valueRequired\":true,\"valueName\":\"search_term_string\"}}],\"inLanguage\":\"it-IT\"},{\"@type\":\"Organization\",\"@id\":\"https:\\\/\\\/www.rassegnastampa-totustuus.it\\\/cattolica\\\/#organization\",\"name\":\"Rassegna Stampa Cattolica\",\"url\":\"https:\\\/\\\/www.rassegnastampa-totustuus.it\\\/cattolica\\\/\",\"logo\":{\"@type\":\"ImageObject\",\"inLanguage\":\"it-IT\",\"@id\":\"https:\\\/\\\/www.rassegnastampa-totustuus.it\\\/cattolica\\\/#\\\/schema\\\/logo\\\/image\\\/\",\"url\":\"https:\\\/\\\/www.rassegnastampa-totustuus.it\\\/cattolica\\\/wp-content\\\/uploads\\\/2014\\\/04\\\/logo-rassegna1.gif\",\"contentUrl\":\"https:\\\/\\\/www.rassegnastampa-totustuus.it\\\/cattolica\\\/wp-content\\\/uploads\\\/2014\\\/04\\\/logo-rassegna1.gif\",\"width\":600,\"height\":163,\"caption\":\"Rassegna Stampa Cattolica\"},\"image\":{\"@id\":\"https:\\\/\\\/www.rassegnastampa-totustuus.it\\\/cattolica\\\/#\\\/schema\\\/logo\\\/image\\\/\"},\"sameAs\":[\"https:\\\/\\\/www.facebook.com\\\/rassegnastampacattolica\",\"https:\\\/\\\/x.com\\\/rassegnastampa9\"]},{\"@type\":\"Person\",\"@id\":\"https:\\\/\\\/www.rassegnastampa-totustuus.it\\\/cattolica\\\/#\\\/schema\\\/person\\\/08f319d2bd1a0904ad9e2bfb7b15e5c3\",\"name\":\"Redazione\",\"image\":{\"@type\":\"ImageObject\",\"inLanguage\":\"it-IT\",\"@id\":\"https:\\\/\\\/secure.gravatar.com\\\/avatar\\\/2fcdf27c78ea025fbdb44e914cc63c72249ffec9dc8aafd5c82b26240ef3f346?s=96&d=mm&r=g\",\"url\":\"https:\\\/\\\/secure.gravatar.com\\\/avatar\\\/2fcdf27c78ea025fbdb44e914cc63c72249ffec9dc8aafd5c82b26240ef3f346?s=96&d=mm&r=g\",\"contentUrl\":\"https:\\\/\\\/secure.gravatar.com\\\/avatar\\\/2fcdf27c78ea025fbdb44e914cc63c72249ffec9dc8aafd5c82b26240ef3f346?s=96&d=mm&r=g\",\"caption\":\"Redazione\"},\"url\":\"https:\\\/\\\/www.rassegnastampa-totustuus.it\\\/cattolica\\\/author\\\/pietroelle\\\/\"}]}<\/script>\n<!-- \/ Yoast SEO plugin. -->","yoast_head_json":{"title":"La questione del gender nell\u2019ambito educativo - Rassegna Stampa Cattolica","description":"Rassegna Stampa Cattolica - Per una cultura che nasce dalla Rivelazione cristiana in conformit\u00e0 alla tradizione e al Magistero della Chiesa in opposizione ad ogni relativismo e totalitarismo","robots":{"index":"index","follow":"follow","max-snippet":"max-snippet:-1","max-image-preview":"max-image-preview:large","max-video-preview":"max-video-preview:-1"},"canonical":"https:\/\/www.rassegnastampa-totustuus.it\/cattolica\/la-questione-del-gender-nellambito-educativo\/","og_locale":"it_IT","og_type":"article","og_title":"La questione del gender nell\u2019ambito educativo - Rassegna Stampa Cattolica","og_description":"Rassegna Stampa Cattolica - Per una cultura che nasce dalla Rivelazione cristiana in conformit\u00e0 alla tradizione e al Magistero della Chiesa in opposizione ad ogni relativismo e totalitarismo","og_url":"https:\/\/www.rassegnastampa-totustuus.it\/cattolica\/la-questione-del-gender-nellambito-educativo\/","og_site_name":"Rassegna Stampa Cattolica","article_publisher":"https:\/\/www.facebook.com\/rassegnastampacattolica","article_published_time":"2019-06-12T22:00:27+00:00","article_modified_time":"2019-06-14T09:57:03+00:00","og_image":[{"width":678,"height":438,"url":"https:\/\/www.rassegnastampa-totustuus.it\/cattolica\/wp-content\/uploads\/2019\/06\/adamo_eva.jpg","type":"image\/jpeg"}],"author":"Redazione","twitter_card":"summary_large_image","twitter_creator":"@rassegnastampa9","twitter_site":"@rassegnastampa9","twitter_misc":{"Scritto da":"Redazione","Tempo di lettura stimato":"8 minuti"},"schema":{"@context":"https:\/\/schema.org","@graph":[{"@type":"Article","@id":"https:\/\/www.rassegnastampa-totustuus.it\/cattolica\/la-questione-del-gender-nellambito-educativo\/#article","isPartOf":{"@id":"https:\/\/www.rassegnastampa-totustuus.it\/cattolica\/la-questione-del-gender-nellambito-educativo\/"},"author":{"name":"Redazione","@id":"https:\/\/www.rassegnastampa-totustuus.it\/cattolica\/#\/schema\/person\/08f319d2bd1a0904ad9e2bfb7b15e5c3"},"headline":"La questione del gender nell\u2019ambito educativo","datePublished":"2019-06-12T22:00:27+00:00","dateModified":"2019-06-14T09:57:03+00:00","mainEntityOfPage":{"@id":"https:\/\/www.rassegnastampa-totustuus.it\/cattolica\/la-questione-del-gender-nellambito-educativo\/"},"wordCount":1576,"publisher":{"@id":"https:\/\/www.rassegnastampa-totustuus.it\/cattolica\/#organization"},"image":{"@id":"https:\/\/www.rassegnastampa-totustuus.it\/cattolica\/la-questione-del-gender-nellambito-educativo\/#primaryimage"},"thumbnailUrl":"https:\/\/www.rassegnastampa-totustuus.it\/cattolica\/wp-content\/uploads\/2019\/06\/adamo_eva.jpg","keywords":["chiesa","documenti","ideologia del gender"],"articleSection":["Chiesa","Ideologia del gender"],"inLanguage":"it-IT"},{"@type":"WebPage","@id":"https:\/\/www.rassegnastampa-totustuus.it\/cattolica\/la-questione-del-gender-nellambito-educativo\/","url":"https:\/\/www.rassegnastampa-totustuus.it\/cattolica\/la-questione-del-gender-nellambito-educativo\/","name":"La questione del gender nell\u2019ambito educativo - Rassegna Stampa Cattolica","isPartOf":{"@id":"https:\/\/www.rassegnastampa-totustuus.it\/cattolica\/#website"},"primaryImageOfPage":{"@id":"https:\/\/www.rassegnastampa-totustuus.it\/cattolica\/la-questione-del-gender-nellambito-educativo\/#primaryimage"},"image":{"@id":"https:\/\/www.rassegnastampa-totustuus.it\/cattolica\/la-questione-del-gender-nellambito-educativo\/#primaryimage"},"thumbnailUrl":"https:\/\/www.rassegnastampa-totustuus.it\/cattolica\/wp-content\/uploads\/2019\/06\/adamo_eva.jpg","datePublished":"2019-06-12T22:00:27+00:00","dateModified":"2019-06-14T09:57:03+00:00","description":"Rassegna Stampa Cattolica - Per una cultura che nasce dalla Rivelazione cristiana in conformit\u00e0 alla tradizione e al Magistero della Chiesa in opposizione ad ogni relativismo e totalitarismo","breadcrumb":{"@id":"https:\/\/www.rassegnastampa-totustuus.it\/cattolica\/la-questione-del-gender-nellambito-educativo\/#breadcrumb"},"inLanguage":"it-IT","potentialAction":[{"@type":"ReadAction","target":["https:\/\/www.rassegnastampa-totustuus.it\/cattolica\/la-questione-del-gender-nellambito-educativo\/"]}]},{"@type":"ImageObject","inLanguage":"it-IT","@id":"https:\/\/www.rassegnastampa-totustuus.it\/cattolica\/la-questione-del-gender-nellambito-educativo\/#primaryimage","url":"https:\/\/www.rassegnastampa-totustuus.it\/cattolica\/wp-content\/uploads\/2019\/06\/adamo_eva.jpg","contentUrl":"https:\/\/www.rassegnastampa-totustuus.it\/cattolica\/wp-content\/uploads\/2019\/06\/adamo_eva.jpg","width":678,"height":438},{"@type":"BreadcrumbList","@id":"https:\/\/www.rassegnastampa-totustuus.it\/cattolica\/la-questione-del-gender-nellambito-educativo\/#breadcrumb","itemListElement":[{"@type":"ListItem","position":1,"name":"Home","item":"https:\/\/www.rassegnastampa-totustuus.it\/cattolica\/"},{"@type":"ListItem","position":2,"name":"La questione del gender nell\u2019ambito educativo"}]},{"@type":"WebSite","@id":"https:\/\/www.rassegnastampa-totustuus.it\/cattolica\/#website","url":"https:\/\/www.rassegnastampa-totustuus.it\/cattolica\/","name":"Rassegna Stampa Cattolica","description":"Per una cultura che nasce dalla Rivelazione cristiana in conformit\u00e0 alla tradizione e al Magistero della Chiesa in opposizione ad ogni relativismo e totalitarismo","publisher":{"@id":"https:\/\/www.rassegnastampa-totustuus.it\/cattolica\/#organization"},"alternateName":"Rass. Cattolica","potentialAction":[{"@type":"SearchAction","target":{"@type":"EntryPoint","urlTemplate":"https:\/\/www.rassegnastampa-totustuus.it\/cattolica\/?s={search_term_string}"},"query-input":{"@type":"PropertyValueSpecification","valueRequired":true,"valueName":"search_term_string"}}],"inLanguage":"it-IT"},{"@type":"Organization","@id":"https:\/\/www.rassegnastampa-totustuus.it\/cattolica\/#organization","name":"Rassegna Stampa Cattolica","url":"https:\/\/www.rassegnastampa-totustuus.it\/cattolica\/","logo":{"@type":"ImageObject","inLanguage":"it-IT","@id":"https:\/\/www.rassegnastampa-totustuus.it\/cattolica\/#\/schema\/logo\/image\/","url":"https:\/\/www.rassegnastampa-totustuus.it\/cattolica\/wp-content\/uploads\/2014\/04\/logo-rassegna1.gif","contentUrl":"https:\/\/www.rassegnastampa-totustuus.it\/cattolica\/wp-content\/uploads\/2014\/04\/logo-rassegna1.gif","width":600,"height":163,"caption":"Rassegna Stampa Cattolica"},"image":{"@id":"https:\/\/www.rassegnastampa-totustuus.it\/cattolica\/#\/schema\/logo\/image\/"},"sameAs":["https:\/\/www.facebook.com\/rassegnastampacattolica","https:\/\/x.com\/rassegnastampa9"]},{"@type":"Person","@id":"https:\/\/www.rassegnastampa-totustuus.it\/cattolica\/#\/schema\/person\/08f319d2bd1a0904ad9e2bfb7b15e5c3","name":"Redazione","image":{"@type":"ImageObject","inLanguage":"it-IT","@id":"https:\/\/secure.gravatar.com\/avatar\/2fcdf27c78ea025fbdb44e914cc63c72249ffec9dc8aafd5c82b26240ef3f346?s=96&d=mm&r=g","url":"https:\/\/secure.gravatar.com\/avatar\/2fcdf27c78ea025fbdb44e914cc63c72249ffec9dc8aafd5c82b26240ef3f346?s=96&d=mm&r=g","contentUrl":"https:\/\/secure.gravatar.com\/avatar\/2fcdf27c78ea025fbdb44e914cc63c72249ffec9dc8aafd5c82b26240ef3f346?s=96&d=mm&r=g","caption":"Redazione"},"url":"https:\/\/www.rassegnastampa-totustuus.it\/cattolica\/author\/pietroelle\/"}]}},"_links":{"self":[{"href":"https:\/\/www.rassegnastampa-totustuus.it\/cattolica\/wp-json\/wp\/v2\/posts\/43210","targetHints":{"allow":["GET"]}}],"collection":[{"href":"https:\/\/www.rassegnastampa-totustuus.it\/cattolica\/wp-json\/wp\/v2\/posts"}],"about":[{"href":"https:\/\/www.rassegnastampa-totustuus.it\/cattolica\/wp-json\/wp\/v2\/types\/post"}],"author":[{"embeddable":true,"href":"https:\/\/www.rassegnastampa-totustuus.it\/cattolica\/wp-json\/wp\/v2\/users\/6"}],"replies":[{"embeddable":true,"href":"https:\/\/www.rassegnastampa-totustuus.it\/cattolica\/wp-json\/wp\/v2\/comments?post=43210"}],"version-history":[{"count":3,"href":"https:\/\/www.rassegnastampa-totustuus.it\/cattolica\/wp-json\/wp\/v2\/posts\/43210\/revisions"}],"predecessor-version":[{"id":43318,"href":"https:\/\/www.rassegnastampa-totustuus.it\/cattolica\/wp-json\/wp\/v2\/posts\/43210\/revisions\/43318"}],"wp:featuredmedia":[{"embeddable":true,"href":"https:\/\/www.rassegnastampa-totustuus.it\/cattolica\/wp-json\/wp\/v2\/media\/43211"}],"wp:attachment":[{"href":"https:\/\/www.rassegnastampa-totustuus.it\/cattolica\/wp-json\/wp\/v2\/media?parent=43210"}],"wp:term":[{"taxonomy":"category","embeddable":true,"href":"https:\/\/www.rassegnastampa-totustuus.it\/cattolica\/wp-json\/wp\/v2\/categories?post=43210"},{"taxonomy":"post_tag","embeddable":true,"href":"https:\/\/www.rassegnastampa-totustuus.it\/cattolica\/wp-json\/wp\/v2\/tags?post=43210"}],"curies":[{"name":"wp","href":"https:\/\/api.w.org\/{rel}","templated":true}]}}