{"id":43111,"date":"2019-05-30T00:00:05","date_gmt":"2019-05-29T22:00:05","guid":{"rendered":"http:\/\/www.rassegnastampa-totustuus.it\/cattolica\/?p=43111"},"modified":"2019-06-04T16:32:57","modified_gmt":"2019-06-04T14:32:57","slug":"siria-si-combatte-ad-idlib-roccaforte-jihadista-donne-e-bambini-tra-le-vittime","status":"publish","type":"post","link":"https:\/\/www.rassegnastampa-totustuus.it\/cattolica\/siria-si-combatte-ad-idlib-roccaforte-jihadista-donne-e-bambini-tra-le-vittime\/","title":{"rendered":"Siria. Si combatte ad Idlib roccaforte jihadista. Donne e bambini tra le vittime"},"content":{"rendered":"<div id=\"attachment_43113\" style=\"width: 191px\" class=\"wp-caption alignleft\"><a href=\"https:\/\/www.rassegnastampa-totustuus.it\/cattolica\/wp-content\/uploads\/2019\/05\/Firas_Lufti_Siria.jpg\"><img loading=\"lazy\" decoding=\"async\" aria-describedby=\"caption-attachment-43113\" class=\"wp-image-43113\" src=\"https:\/\/www.rassegnastampa-totustuus.it\/cattolica\/wp-content\/uploads\/2019\/05\/Firas_Lufti_Siria-286x300.jpg\" alt=\"\" width=\"191\" height=\"200\" srcset=\"https:\/\/www.rassegnastampa-totustuus.it\/cattolica\/wp-content\/uploads\/2019\/05\/Firas_Lufti_Siria-286x300.jpg 286w, https:\/\/www.rassegnastampa-totustuus.it\/cattolica\/wp-content\/uploads\/2019\/05\/Firas_Lufti_Siria.jpg 305w\" sizes=\"auto, (max-width: 191px) 100vw, 191px\" \/><\/a><p id=\"caption-attachment-43113\" class=\"wp-caption-text\">Padre Firas Lufti<\/p><\/div>\n<p style=\"text-align: center;\">da <a href=\"https:\/\/www.vaticannews.va\/\">Vatican news<\/a> 25 Maggio 2019, h.11.23<\/p>\n<p style=\"text-align: justify;\"><em>Ancora combattimenti in Siria per sconfiggere l&#8217;ultima presenza di jihadisti sul territorio. Ai nostri microfoni padre Lufti, francescano ad Aleppo denuncia: \u201cSi torna a parlare dell\u2019uso di armi chimiche per creare un falso pretesto che giustifichi al mondo un nuovo attacco internazionale alla Siria\u201d <\/em><\/p>\n<p style=\"text-align: center;\"><strong>Luca Collodi &#8211;<\/strong> Citt\u00e0 del Vaticano<\/p>\n<p><!--more--><\/p>\n<p style=\"text-align: justify;\">Le autorit\u00e0 siriane e russe intendono aprire dei corridoi umanitari per consentire ai civili del nord-ovest del Paese di mettersi in salvo dall&#8217;offensiva militare in corso nella regione di Idlib contro le milizie jihadiste.<\/p>\n<p style=\"text-align: justify;\">Lo riferisce la tv al Mayadin, vicina al governo di Damasco. Nell&#8217;area sono ammassati circa tre milioni di civili. Raggiunto relefonicamente ad Aleppo il <strong>padre Firas Lufti<\/strong>, francescano della Custodia di Terra Santa e superiore del Collegio francescano di Aleppo, della situazione nella citt\u00e0 siriana racconta ai microfoni di Radio Vaticana Italia:<\/p>\n<p style=\"text-align: justify;\"><strong><a href=\"https:\/\/www.rassegnastampa-totustuus.it\/cattolica\/wp-content\/uploads\/2019\/05\/Siria_guerra.jpg\"><img loading=\"lazy\" decoding=\"async\" class=\"alignright wp-image-43112\" src=\"https:\/\/www.rassegnastampa-totustuus.it\/cattolica\/wp-content\/uploads\/2019\/05\/Siria_guerra-300x131.jpg\" alt=\"\" width=\"250\" height=\"109\" srcset=\"https:\/\/www.rassegnastampa-totustuus.it\/cattolica\/wp-content\/uploads\/2019\/05\/Siria_guerra-300x131.jpg 300w, https:\/\/www.rassegnastampa-totustuus.it\/cattolica\/wp-content\/uploads\/2019\/05\/Siria_guerra-768x336.jpg 768w, https:\/\/www.rassegnastampa-totustuus.it\/cattolica\/wp-content\/uploads\/2019\/05\/Siria_guerra-1024x448.jpg 1024w, https:\/\/www.rassegnastampa-totustuus.it\/cattolica\/wp-content\/uploads\/2019\/05\/Siria_guerra.jpg 1919w\" sizes=\"auto, (max-width: 250px) 100vw, 250px\" \/><\/a>R.<\/strong> &#8211; A due anni dalla liberazione, Aleppo, citt\u00e0 nella quale i jihadisti si erano installati nella parte storica, \u00e8 stata riunificata. Non si parla pi\u00f9 di Aleppo Est e di Aleppo Ovest. Una parte di questi jihadisti si trovano per\u00f2 nelle vicinanze di Aleppo, verso la provincia di Idlib, roccaforte intorno alla quale ancora infuriano battaglie per la riconquista.<\/p>\n<p style=\"text-align: justify;\">Ad Idlib, infatti, si sono rifugiati centinaia di migliaia di jihadisti. Da 15 giorni sono stati registrati lanci di missili e di razzi dalla parte occupata dai jihadisti proprio sul cuore della citt\u00e0, abitato dai civili dove non ci sono centri militari o soldati. Risulta che ci sono sempre vittime, bambini e donne innocenti. Quindi i jihadisti lanciano i loro missili per dire che sono l\u00ec e vogliono esprimere una sorta di solidariet\u00e0 con quella parte della Siria.<\/p>\n<p style=\"text-align: justify;\"><strong><a href=\"https:\/\/www.rassegnastampa-totustuus.it\/cattolica\/wp-content\/uploads\/2018\/07\/Siria.jpg\"><img loading=\"lazy\" decoding=\"async\" class=\"alignleft wp-image-40790\" src=\"https:\/\/www.rassegnastampa-totustuus.it\/cattolica\/wp-content\/uploads\/2018\/07\/Siria.jpg\" alt=\"\" width=\"250\" height=\"150\" \/><\/a>Gli Stati Uniti hanno il sospetto che la Siria abbia usato armi chimiche, ma \u00e8 un sospetto che viene smentito un po\u2019 da tutti \u2026<\/strong><\/p>\n<p style=\"text-align: justify;\"><strong>R.<\/strong> \u2013 Questa \u00e8 un\u2019antifona purtroppo suonata fin dall\u2019inizio del conflitto. I media sono stati sempre usati come arma, pi\u00f9 efficace e pi\u00f9 distruttivi dell\u2019arma della guerra nel senso vero della parola. La disinformazione e soprattutto le agenzie dei caschi blu \u2013 o caschi bianchi \u2013 hanno detto molte bugie.<\/p>\n<p style=\"text-align: justify;\">Si ritorna al discorso delle armi chimiche per creare un pretesto per attaccare ancora di pi\u00f9 la Siria e cercare di coinvolgere il mondo per ottenere un\u2019opinione internazionale che giustifichi \u2013 tra virgolette \u2013 un intervento militare. Magari americano o altro, per legalizzare una manovra che andrebbe soltanto a peggiorare la situazione.<\/p>\n<p style=\"text-align: justify;\"><a href=\"https:\/\/www.rassegnastampa-totustuus.it\/cattolica\/wp-content\/uploads\/2017\/12\/Siria_media.jpg\"><img loading=\"lazy\" decoding=\"async\" class=\"size-full wp-image-39404 alignright\" src=\"https:\/\/www.rassegnastampa-totustuus.it\/cattolica\/wp-content\/uploads\/2017\/12\/Siria_media.jpg\" alt=\"\" width=\"267\" height=\"189\" \/><\/a>Invece di trovare soluzioni concrete, politiche di dialogo, di incontri, si ricorre purtroppo subito alla violenza massiccia come se ci fosse una resistenza, una non volont\u00e0 di fare la pace e di farla finita. La gente \u00e8 veramente stanca di questa guerra. Questa antifona non \u00e8 un buon segno e non \u00e8 un buon segnale.<\/p>\n<p style=\"text-align: justify;\"><strong>Sul piano umanitario, la vita ad Aleppo e in Siria sta tornando alla normalit\u00e0? Le famiglie stanno ritornando a casa?<\/strong><\/p>\n<p style=\"text-align: justify;\"><strong>R.<\/strong> \u2013 Come Chiesa aleppina, abbiamo subito una perdita passando da 160 mila cristiani che eravamo prima del conflitto a 30 mila \u2013 quasi 30 mila \u2013 cristiani rimasti oggi. Questo calo drammatico e drastico \u00e8 significativo per i cristiani, per il loro presente e per il loro futuro, per il peso che il loro ruolo potr\u00e0 avere come cittadini della Siria. E questo fenomeno si pu\u00f2 estendere a tutte le aree e a tutte le citt\u00e0 siriane.<\/p>\n<p style=\"text-align: justify;\"><a href=\"https:\/\/www.rassegnastampa-totustuus.it\/cattolica\/wp-content\/uploads\/2015\/12\/Siria.jpg\"><img loading=\"lazy\" decoding=\"async\" class=\"alignleft wp-image-28790\" src=\"https:\/\/www.rassegnastampa-totustuus.it\/cattolica\/wp-content\/uploads\/2015\/12\/Siria.jpg\" alt=\"\" width=\"250\" height=\"174\" \/><\/a>Per quanto riguarda il lato umanitario, forse si sta passando dall\u2019emergenza vera e propria, con la mancanza di acqua, elettricit\u00e0 e cibo, ad una fase che comunque non \u00e8 meno difficile della prima. Non siamo passati, cio\u00e8, allo sviluppo e ad un salto qualitativo nella societ\u00e0 perch\u00e9 l\u2019embargo ha ancora conseguenze sulla societ\u00e0 siriana.<\/p>\n<p style=\"text-align: justify;\">Se, per esempio, lei volesse mandarmi 50 euro per aiutarmi, non potr\u00e0 farlo tramite le banche perch\u00e9 quando si scrive \u201cSiria \u2013 Aleppo\u201d, i denari vengono bloccati.<\/p>\n","protected":false},"excerpt":{"rendered":"<p>da Vatican news 25 Maggio 2019, h.11.23 Ancora combattimenti in Siria per sconfiggere l&#8217;ultima presenza di jihadisti sul territorio. Ai nostri microfoni padre Lufti, francescano ad Aleppo denuncia: \u201cSi torna a parlare dell\u2019uso di armi chimiche per creare un falso pretesto che giustifichi al mondo un nuovo attacco internazionale alla Siria\u201d Luca Collodi &#8211; Citt\u00e0 &hellip; <\/p>\n<p><a class=\"more-link btn\" href=\"https:\/\/www.rassegnastampa-totustuus.it\/cattolica\/siria-si-combatte-ad-idlib-roccaforte-jihadista-donne-e-bambini-tra-le-vittime\/\">Continua a leggere<\/a><\/p>\n","protected":false},"author":6,"featured_media":43112,"comment_status":"closed","ping_status":"closed","sticky":false,"template":"","format":"standard","meta":{"footnotes":""},"categories":[108,19],"tags":[148,440],"class_list":["post-43111","post","type-post","status-publish","format-standard","has-post-thumbnail","hentry","category-paesi-e-continenti","category-politica-internazionale","tag-politica-internazionale-2","tag-siria","item-wrap"],"yoast_head":"<!-- This site is optimized with the Yoast SEO plugin v27.5 - https:\/\/yoast.com\/product\/yoast-seo-wordpress\/ -->\n<title>Siria. Si combatte ad Idlib roccaforte jihadista. Donne e bambini tra le vittime - Rassegna Stampa Cattolica<\/title>\n<meta name=\"description\" content=\"Rassegna Stampa Cattolica - Per una cultura che nasce dalla Rivelazione cristiana in conformit\u00e0 alla tradizione e al Magistero della Chiesa in opposizione ad ogni relativismo e totalitarismo\" \/>\n<meta name=\"robots\" content=\"index, follow, max-snippet:-1, max-image-preview:large, max-video-preview:-1\" \/>\n<link rel=\"canonical\" href=\"https:\/\/www.rassegnastampa-totustuus.it\/cattolica\/siria-si-combatte-ad-idlib-roccaforte-jihadista-donne-e-bambini-tra-le-vittime\/\" \/>\n<meta property=\"og:locale\" content=\"it_IT\" \/>\n<meta property=\"og:type\" content=\"article\" \/>\n<meta property=\"og:title\" content=\"Siria. Si combatte ad Idlib roccaforte jihadista. Donne e bambini tra le vittime - Rassegna Stampa Cattolica\" \/>\n<meta property=\"og:description\" content=\"Rassegna Stampa Cattolica - Per una cultura che nasce dalla Rivelazione cristiana in conformit\u00e0 alla tradizione e al Magistero della Chiesa in opposizione ad ogni relativismo e totalitarismo\" \/>\n<meta property=\"og:url\" content=\"https:\/\/www.rassegnastampa-totustuus.it\/cattolica\/siria-si-combatte-ad-idlib-roccaforte-jihadista-donne-e-bambini-tra-le-vittime\/\" \/>\n<meta property=\"og:site_name\" content=\"Rassegna Stampa Cattolica\" \/>\n<meta property=\"article:publisher\" content=\"https:\/\/www.facebook.com\/rassegnastampacattolica\" \/>\n<meta property=\"article:published_time\" content=\"2019-05-29T22:00:05+00:00\" \/>\n<meta property=\"article:modified_time\" content=\"2019-06-04T14:32:57+00:00\" \/>\n<meta property=\"og:image\" content=\"https:\/\/www.rassegnastampa-totustuus.it\/cattolica\/wp-content\/uploads\/2019\/05\/Siria_guerra.jpg\" \/>\n\t<meta property=\"og:image:width\" content=\"1919\" \/>\n\t<meta property=\"og:image:height\" content=\"839\" \/>\n\t<meta property=\"og:image:type\" content=\"image\/jpeg\" \/>\n<meta name=\"author\" content=\"Redazione\" \/>\n<meta name=\"twitter:card\" content=\"summary_large_image\" \/>\n<meta name=\"twitter:creator\" content=\"@rassegnastampa9\" \/>\n<meta name=\"twitter:site\" content=\"@rassegnastampa9\" \/>\n<meta name=\"twitter:label1\" content=\"Scritto da\" \/>\n\t<meta name=\"twitter:data1\" content=\"Redazione\" \/>\n\t<meta name=\"twitter:label2\" content=\"Tempo di lettura stimato\" \/>\n\t<meta name=\"twitter:data2\" content=\"3 minuti\" \/>\n<script type=\"application\/ld+json\" class=\"yoast-schema-graph\">{\"@context\":\"https:\\\/\\\/schema.org\",\"@graph\":[{\"@type\":\"Article\",\"@id\":\"https:\\\/\\\/www.rassegnastampa-totustuus.it\\\/cattolica\\\/siria-si-combatte-ad-idlib-roccaforte-jihadista-donne-e-bambini-tra-le-vittime\\\/#article\",\"isPartOf\":{\"@id\":\"https:\\\/\\\/www.rassegnastampa-totustuus.it\\\/cattolica\\\/siria-si-combatte-ad-idlib-roccaforte-jihadista-donne-e-bambini-tra-le-vittime\\\/\"},\"author\":{\"name\":\"Redazione\",\"@id\":\"https:\\\/\\\/www.rassegnastampa-totustuus.it\\\/cattolica\\\/#\\\/schema\\\/person\\\/08f319d2bd1a0904ad9e2bfb7b15e5c3\"},\"headline\":\"Siria. Si combatte ad Idlib roccaforte jihadista. Donne e bambini tra le vittime\",\"datePublished\":\"2019-05-29T22:00:05+00:00\",\"dateModified\":\"2019-06-04T14:32:57+00:00\",\"mainEntityOfPage\":{\"@id\":\"https:\\\/\\\/www.rassegnastampa-totustuus.it\\\/cattolica\\\/siria-si-combatte-ad-idlib-roccaforte-jihadista-donne-e-bambini-tra-le-vittime\\\/\"},\"wordCount\":650,\"publisher\":{\"@id\":\"https:\\\/\\\/www.rassegnastampa-totustuus.it\\\/cattolica\\\/#organization\"},\"image\":{\"@id\":\"https:\\\/\\\/www.rassegnastampa-totustuus.it\\\/cattolica\\\/siria-si-combatte-ad-idlib-roccaforte-jihadista-donne-e-bambini-tra-le-vittime\\\/#primaryimage\"},\"thumbnailUrl\":\"https:\\\/\\\/www.rassegnastampa-totustuus.it\\\/cattolica\\\/wp-content\\\/uploads\\\/2019\\\/05\\\/Siria_guerra.jpg\",\"keywords\":[\"politica internazionale\",\"Siria\"],\"articleSection\":[\"Paesi e continenti\",\"Politica internazionale\"],\"inLanguage\":\"it-IT\"},{\"@type\":\"WebPage\",\"@id\":\"https:\\\/\\\/www.rassegnastampa-totustuus.it\\\/cattolica\\\/siria-si-combatte-ad-idlib-roccaforte-jihadista-donne-e-bambini-tra-le-vittime\\\/\",\"url\":\"https:\\\/\\\/www.rassegnastampa-totustuus.it\\\/cattolica\\\/siria-si-combatte-ad-idlib-roccaforte-jihadista-donne-e-bambini-tra-le-vittime\\\/\",\"name\":\"Siria. Si combatte ad Idlib roccaforte jihadista. Donne e bambini tra le vittime - Rassegna Stampa Cattolica\",\"isPartOf\":{\"@id\":\"https:\\\/\\\/www.rassegnastampa-totustuus.it\\\/cattolica\\\/#website\"},\"primaryImageOfPage\":{\"@id\":\"https:\\\/\\\/www.rassegnastampa-totustuus.it\\\/cattolica\\\/siria-si-combatte-ad-idlib-roccaforte-jihadista-donne-e-bambini-tra-le-vittime\\\/#primaryimage\"},\"image\":{\"@id\":\"https:\\\/\\\/www.rassegnastampa-totustuus.it\\\/cattolica\\\/siria-si-combatte-ad-idlib-roccaforte-jihadista-donne-e-bambini-tra-le-vittime\\\/#primaryimage\"},\"thumbnailUrl\":\"https:\\\/\\\/www.rassegnastampa-totustuus.it\\\/cattolica\\\/wp-content\\\/uploads\\\/2019\\\/05\\\/Siria_guerra.jpg\",\"datePublished\":\"2019-05-29T22:00:05+00:00\",\"dateModified\":\"2019-06-04T14:32:57+00:00\",\"description\":\"Rassegna Stampa Cattolica - Per una cultura che nasce dalla Rivelazione cristiana in conformit\u00e0 alla tradizione e al Magistero della Chiesa in opposizione ad ogni relativismo e totalitarismo\",\"breadcrumb\":{\"@id\":\"https:\\\/\\\/www.rassegnastampa-totustuus.it\\\/cattolica\\\/siria-si-combatte-ad-idlib-roccaforte-jihadista-donne-e-bambini-tra-le-vittime\\\/#breadcrumb\"},\"inLanguage\":\"it-IT\",\"potentialAction\":[{\"@type\":\"ReadAction\",\"target\":[\"https:\\\/\\\/www.rassegnastampa-totustuus.it\\\/cattolica\\\/siria-si-combatte-ad-idlib-roccaforte-jihadista-donne-e-bambini-tra-le-vittime\\\/\"]}]},{\"@type\":\"ImageObject\",\"inLanguage\":\"it-IT\",\"@id\":\"https:\\\/\\\/www.rassegnastampa-totustuus.it\\\/cattolica\\\/siria-si-combatte-ad-idlib-roccaforte-jihadista-donne-e-bambini-tra-le-vittime\\\/#primaryimage\",\"url\":\"https:\\\/\\\/www.rassegnastampa-totustuus.it\\\/cattolica\\\/wp-content\\\/uploads\\\/2019\\\/05\\\/Siria_guerra.jpg\",\"contentUrl\":\"https:\\\/\\\/www.rassegnastampa-totustuus.it\\\/cattolica\\\/wp-content\\\/uploads\\\/2019\\\/05\\\/Siria_guerra.jpg\",\"width\":1919,\"height\":839},{\"@type\":\"BreadcrumbList\",\"@id\":\"https:\\\/\\\/www.rassegnastampa-totustuus.it\\\/cattolica\\\/siria-si-combatte-ad-idlib-roccaforte-jihadista-donne-e-bambini-tra-le-vittime\\\/#breadcrumb\",\"itemListElement\":[{\"@type\":\"ListItem\",\"position\":1,\"name\":\"Home\",\"item\":\"https:\\\/\\\/www.rassegnastampa-totustuus.it\\\/cattolica\\\/\"},{\"@type\":\"ListItem\",\"position\":2,\"name\":\"Siria. Si combatte ad Idlib roccaforte jihadista. Donne e bambini tra le vittime\"}]},{\"@type\":\"WebSite\",\"@id\":\"https:\\\/\\\/www.rassegnastampa-totustuus.it\\\/cattolica\\\/#website\",\"url\":\"https:\\\/\\\/www.rassegnastampa-totustuus.it\\\/cattolica\\\/\",\"name\":\"Rassegna Stampa Cattolica\",\"description\":\"Per una cultura che nasce dalla Rivelazione cristiana in conformit\u00e0 alla tradizione e al Magistero della Chiesa in opposizione ad ogni relativismo e totalitarismo\",\"publisher\":{\"@id\":\"https:\\\/\\\/www.rassegnastampa-totustuus.it\\\/cattolica\\\/#organization\"},\"alternateName\":\"Rass. Cattolica\",\"potentialAction\":[{\"@type\":\"SearchAction\",\"target\":{\"@type\":\"EntryPoint\",\"urlTemplate\":\"https:\\\/\\\/www.rassegnastampa-totustuus.it\\\/cattolica\\\/?s={search_term_string}\"},\"query-input\":{\"@type\":\"PropertyValueSpecification\",\"valueRequired\":true,\"valueName\":\"search_term_string\"}}],\"inLanguage\":\"it-IT\"},{\"@type\":\"Organization\",\"@id\":\"https:\\\/\\\/www.rassegnastampa-totustuus.it\\\/cattolica\\\/#organization\",\"name\":\"Rassegna Stampa Cattolica\",\"url\":\"https:\\\/\\\/www.rassegnastampa-totustuus.it\\\/cattolica\\\/\",\"logo\":{\"@type\":\"ImageObject\",\"inLanguage\":\"it-IT\",\"@id\":\"https:\\\/\\\/www.rassegnastampa-totustuus.it\\\/cattolica\\\/#\\\/schema\\\/logo\\\/image\\\/\",\"url\":\"https:\\\/\\\/www.rassegnastampa-totustuus.it\\\/cattolica\\\/wp-content\\\/uploads\\\/2014\\\/04\\\/logo-rassegna1.gif\",\"contentUrl\":\"https:\\\/\\\/www.rassegnastampa-totustuus.it\\\/cattolica\\\/wp-content\\\/uploads\\\/2014\\\/04\\\/logo-rassegna1.gif\",\"width\":600,\"height\":163,\"caption\":\"Rassegna Stampa Cattolica\"},\"image\":{\"@id\":\"https:\\\/\\\/www.rassegnastampa-totustuus.it\\\/cattolica\\\/#\\\/schema\\\/logo\\\/image\\\/\"},\"sameAs\":[\"https:\\\/\\\/www.facebook.com\\\/rassegnastampacattolica\",\"https:\\\/\\\/x.com\\\/rassegnastampa9\"]},{\"@type\":\"Person\",\"@id\":\"https:\\\/\\\/www.rassegnastampa-totustuus.it\\\/cattolica\\\/#\\\/schema\\\/person\\\/08f319d2bd1a0904ad9e2bfb7b15e5c3\",\"name\":\"Redazione\",\"image\":{\"@type\":\"ImageObject\",\"inLanguage\":\"it-IT\",\"@id\":\"https:\\\/\\\/secure.gravatar.com\\\/avatar\\\/2fcdf27c78ea025fbdb44e914cc63c72249ffec9dc8aafd5c82b26240ef3f346?s=96&d=mm&r=g\",\"url\":\"https:\\\/\\\/secure.gravatar.com\\\/avatar\\\/2fcdf27c78ea025fbdb44e914cc63c72249ffec9dc8aafd5c82b26240ef3f346?s=96&d=mm&r=g\",\"contentUrl\":\"https:\\\/\\\/secure.gravatar.com\\\/avatar\\\/2fcdf27c78ea025fbdb44e914cc63c72249ffec9dc8aafd5c82b26240ef3f346?s=96&d=mm&r=g\",\"caption\":\"Redazione\"},\"url\":\"https:\\\/\\\/www.rassegnastampa-totustuus.it\\\/cattolica\\\/author\\\/pietroelle\\\/\"}]}<\/script>\n<!-- \/ Yoast SEO plugin. -->","yoast_head_json":{"title":"Siria. Si combatte ad Idlib roccaforte jihadista. Donne e bambini tra le vittime - Rassegna Stampa Cattolica","description":"Rassegna Stampa Cattolica - Per una cultura che nasce dalla Rivelazione cristiana in conformit\u00e0 alla tradizione e al Magistero della Chiesa in opposizione ad ogni relativismo e totalitarismo","robots":{"index":"index","follow":"follow","max-snippet":"max-snippet:-1","max-image-preview":"max-image-preview:large","max-video-preview":"max-video-preview:-1"},"canonical":"https:\/\/www.rassegnastampa-totustuus.it\/cattolica\/siria-si-combatte-ad-idlib-roccaforte-jihadista-donne-e-bambini-tra-le-vittime\/","og_locale":"it_IT","og_type":"article","og_title":"Siria. Si combatte ad Idlib roccaforte jihadista. Donne e bambini tra le vittime - Rassegna Stampa Cattolica","og_description":"Rassegna Stampa Cattolica - Per una cultura che nasce dalla Rivelazione cristiana in conformit\u00e0 alla tradizione e al Magistero della Chiesa in opposizione ad ogni relativismo e totalitarismo","og_url":"https:\/\/www.rassegnastampa-totustuus.it\/cattolica\/siria-si-combatte-ad-idlib-roccaforte-jihadista-donne-e-bambini-tra-le-vittime\/","og_site_name":"Rassegna Stampa Cattolica","article_publisher":"https:\/\/www.facebook.com\/rassegnastampacattolica","article_published_time":"2019-05-29T22:00:05+00:00","article_modified_time":"2019-06-04T14:32:57+00:00","og_image":[{"width":1919,"height":839,"url":"https:\/\/www.rassegnastampa-totustuus.it\/cattolica\/wp-content\/uploads\/2019\/05\/Siria_guerra.jpg","type":"image\/jpeg"}],"author":"Redazione","twitter_card":"summary_large_image","twitter_creator":"@rassegnastampa9","twitter_site":"@rassegnastampa9","twitter_misc":{"Scritto da":"Redazione","Tempo di lettura stimato":"3 minuti"},"schema":{"@context":"https:\/\/schema.org","@graph":[{"@type":"Article","@id":"https:\/\/www.rassegnastampa-totustuus.it\/cattolica\/siria-si-combatte-ad-idlib-roccaforte-jihadista-donne-e-bambini-tra-le-vittime\/#article","isPartOf":{"@id":"https:\/\/www.rassegnastampa-totustuus.it\/cattolica\/siria-si-combatte-ad-idlib-roccaforte-jihadista-donne-e-bambini-tra-le-vittime\/"},"author":{"name":"Redazione","@id":"https:\/\/www.rassegnastampa-totustuus.it\/cattolica\/#\/schema\/person\/08f319d2bd1a0904ad9e2bfb7b15e5c3"},"headline":"Siria. Si combatte ad Idlib roccaforte jihadista. Donne e bambini tra le vittime","datePublished":"2019-05-29T22:00:05+00:00","dateModified":"2019-06-04T14:32:57+00:00","mainEntityOfPage":{"@id":"https:\/\/www.rassegnastampa-totustuus.it\/cattolica\/siria-si-combatte-ad-idlib-roccaforte-jihadista-donne-e-bambini-tra-le-vittime\/"},"wordCount":650,"publisher":{"@id":"https:\/\/www.rassegnastampa-totustuus.it\/cattolica\/#organization"},"image":{"@id":"https:\/\/www.rassegnastampa-totustuus.it\/cattolica\/siria-si-combatte-ad-idlib-roccaforte-jihadista-donne-e-bambini-tra-le-vittime\/#primaryimage"},"thumbnailUrl":"https:\/\/www.rassegnastampa-totustuus.it\/cattolica\/wp-content\/uploads\/2019\/05\/Siria_guerra.jpg","keywords":["politica internazionale","Siria"],"articleSection":["Paesi e continenti","Politica internazionale"],"inLanguage":"it-IT"},{"@type":"WebPage","@id":"https:\/\/www.rassegnastampa-totustuus.it\/cattolica\/siria-si-combatte-ad-idlib-roccaforte-jihadista-donne-e-bambini-tra-le-vittime\/","url":"https:\/\/www.rassegnastampa-totustuus.it\/cattolica\/siria-si-combatte-ad-idlib-roccaforte-jihadista-donne-e-bambini-tra-le-vittime\/","name":"Siria. Si combatte ad Idlib roccaforte jihadista. Donne e bambini tra le vittime - Rassegna Stampa Cattolica","isPartOf":{"@id":"https:\/\/www.rassegnastampa-totustuus.it\/cattolica\/#website"},"primaryImageOfPage":{"@id":"https:\/\/www.rassegnastampa-totustuus.it\/cattolica\/siria-si-combatte-ad-idlib-roccaforte-jihadista-donne-e-bambini-tra-le-vittime\/#primaryimage"},"image":{"@id":"https:\/\/www.rassegnastampa-totustuus.it\/cattolica\/siria-si-combatte-ad-idlib-roccaforte-jihadista-donne-e-bambini-tra-le-vittime\/#primaryimage"},"thumbnailUrl":"https:\/\/www.rassegnastampa-totustuus.it\/cattolica\/wp-content\/uploads\/2019\/05\/Siria_guerra.jpg","datePublished":"2019-05-29T22:00:05+00:00","dateModified":"2019-06-04T14:32:57+00:00","description":"Rassegna Stampa Cattolica - Per una cultura che nasce dalla Rivelazione cristiana in conformit\u00e0 alla tradizione e al Magistero della Chiesa in opposizione ad ogni relativismo e totalitarismo","breadcrumb":{"@id":"https:\/\/www.rassegnastampa-totustuus.it\/cattolica\/siria-si-combatte-ad-idlib-roccaforte-jihadista-donne-e-bambini-tra-le-vittime\/#breadcrumb"},"inLanguage":"it-IT","potentialAction":[{"@type":"ReadAction","target":["https:\/\/www.rassegnastampa-totustuus.it\/cattolica\/siria-si-combatte-ad-idlib-roccaforte-jihadista-donne-e-bambini-tra-le-vittime\/"]}]},{"@type":"ImageObject","inLanguage":"it-IT","@id":"https:\/\/www.rassegnastampa-totustuus.it\/cattolica\/siria-si-combatte-ad-idlib-roccaforte-jihadista-donne-e-bambini-tra-le-vittime\/#primaryimage","url":"https:\/\/www.rassegnastampa-totustuus.it\/cattolica\/wp-content\/uploads\/2019\/05\/Siria_guerra.jpg","contentUrl":"https:\/\/www.rassegnastampa-totustuus.it\/cattolica\/wp-content\/uploads\/2019\/05\/Siria_guerra.jpg","width":1919,"height":839},{"@type":"BreadcrumbList","@id":"https:\/\/www.rassegnastampa-totustuus.it\/cattolica\/siria-si-combatte-ad-idlib-roccaforte-jihadista-donne-e-bambini-tra-le-vittime\/#breadcrumb","itemListElement":[{"@type":"ListItem","position":1,"name":"Home","item":"https:\/\/www.rassegnastampa-totustuus.it\/cattolica\/"},{"@type":"ListItem","position":2,"name":"Siria. Si combatte ad Idlib roccaforte jihadista. Donne e bambini tra le vittime"}]},{"@type":"WebSite","@id":"https:\/\/www.rassegnastampa-totustuus.it\/cattolica\/#website","url":"https:\/\/www.rassegnastampa-totustuus.it\/cattolica\/","name":"Rassegna Stampa Cattolica","description":"Per una cultura che nasce dalla Rivelazione cristiana in conformit\u00e0 alla tradizione e al Magistero della Chiesa in opposizione ad ogni relativismo e totalitarismo","publisher":{"@id":"https:\/\/www.rassegnastampa-totustuus.it\/cattolica\/#organization"},"alternateName":"Rass. Cattolica","potentialAction":[{"@type":"SearchAction","target":{"@type":"EntryPoint","urlTemplate":"https:\/\/www.rassegnastampa-totustuus.it\/cattolica\/?s={search_term_string}"},"query-input":{"@type":"PropertyValueSpecification","valueRequired":true,"valueName":"search_term_string"}}],"inLanguage":"it-IT"},{"@type":"Organization","@id":"https:\/\/www.rassegnastampa-totustuus.it\/cattolica\/#organization","name":"Rassegna Stampa Cattolica","url":"https:\/\/www.rassegnastampa-totustuus.it\/cattolica\/","logo":{"@type":"ImageObject","inLanguage":"it-IT","@id":"https:\/\/www.rassegnastampa-totustuus.it\/cattolica\/#\/schema\/logo\/image\/","url":"https:\/\/www.rassegnastampa-totustuus.it\/cattolica\/wp-content\/uploads\/2014\/04\/logo-rassegna1.gif","contentUrl":"https:\/\/www.rassegnastampa-totustuus.it\/cattolica\/wp-content\/uploads\/2014\/04\/logo-rassegna1.gif","width":600,"height":163,"caption":"Rassegna Stampa Cattolica"},"image":{"@id":"https:\/\/www.rassegnastampa-totustuus.it\/cattolica\/#\/schema\/logo\/image\/"},"sameAs":["https:\/\/www.facebook.com\/rassegnastampacattolica","https:\/\/x.com\/rassegnastampa9"]},{"@type":"Person","@id":"https:\/\/www.rassegnastampa-totustuus.it\/cattolica\/#\/schema\/person\/08f319d2bd1a0904ad9e2bfb7b15e5c3","name":"Redazione","image":{"@type":"ImageObject","inLanguage":"it-IT","@id":"https:\/\/secure.gravatar.com\/avatar\/2fcdf27c78ea025fbdb44e914cc63c72249ffec9dc8aafd5c82b26240ef3f346?s=96&d=mm&r=g","url":"https:\/\/secure.gravatar.com\/avatar\/2fcdf27c78ea025fbdb44e914cc63c72249ffec9dc8aafd5c82b26240ef3f346?s=96&d=mm&r=g","contentUrl":"https:\/\/secure.gravatar.com\/avatar\/2fcdf27c78ea025fbdb44e914cc63c72249ffec9dc8aafd5c82b26240ef3f346?s=96&d=mm&r=g","caption":"Redazione"},"url":"https:\/\/www.rassegnastampa-totustuus.it\/cattolica\/author\/pietroelle\/"}]}},"_links":{"self":[{"href":"https:\/\/www.rassegnastampa-totustuus.it\/cattolica\/wp-json\/wp\/v2\/posts\/43111","targetHints":{"allow":["GET"]}}],"collection":[{"href":"https:\/\/www.rassegnastampa-totustuus.it\/cattolica\/wp-json\/wp\/v2\/posts"}],"about":[{"href":"https:\/\/www.rassegnastampa-totustuus.it\/cattolica\/wp-json\/wp\/v2\/types\/post"}],"author":[{"embeddable":true,"href":"https:\/\/www.rassegnastampa-totustuus.it\/cattolica\/wp-json\/wp\/v2\/users\/6"}],"replies":[{"embeddable":true,"href":"https:\/\/www.rassegnastampa-totustuus.it\/cattolica\/wp-json\/wp\/v2\/comments?post=43111"}],"version-history":[{"count":2,"href":"https:\/\/www.rassegnastampa-totustuus.it\/cattolica\/wp-json\/wp\/v2\/posts\/43111\/revisions"}],"predecessor-version":[{"id":43146,"href":"https:\/\/www.rassegnastampa-totustuus.it\/cattolica\/wp-json\/wp\/v2\/posts\/43111\/revisions\/43146"}],"wp:featuredmedia":[{"embeddable":true,"href":"https:\/\/www.rassegnastampa-totustuus.it\/cattolica\/wp-json\/wp\/v2\/media\/43112"}],"wp:attachment":[{"href":"https:\/\/www.rassegnastampa-totustuus.it\/cattolica\/wp-json\/wp\/v2\/media?parent=43111"}],"wp:term":[{"taxonomy":"category","embeddable":true,"href":"https:\/\/www.rassegnastampa-totustuus.it\/cattolica\/wp-json\/wp\/v2\/categories?post=43111"},{"taxonomy":"post_tag","embeddable":true,"href":"https:\/\/www.rassegnastampa-totustuus.it\/cattolica\/wp-json\/wp\/v2\/tags?post=43111"}],"curies":[{"name":"wp","href":"https:\/\/api.w.org\/{rel}","templated":true}]}}