{"id":43090,"date":"2019-05-30T00:00:10","date_gmt":"2019-05-29T22:00:10","guid":{"rendered":"http:\/\/www.rassegnastampa-totustuus.it\/cattolica\/?p=43090"},"modified":"2019-05-30T08:45:01","modified_gmt":"2019-05-30T06:45:01","slug":"media-system-come-si-irretisce-il-lettore-ignaro","status":"publish","type":"post","link":"https:\/\/www.rassegnastampa-totustuus.it\/cattolica\/media-system-come-si-irretisce-il-lettore-ignaro\/","title":{"rendered":"Media System: come si irretisce il lettore ignaro."},"content":{"rendered":"<p style=\"text-align: center;\"><a href=\"https:\/\/www.rassegnastampa-totustuus.it\/cattolica\/wp-content\/uploads\/2016\/03\/manipolazione_media.jpg\"><img loading=\"lazy\" decoding=\"async\" class=\"wp-image-31534 alignright\" src=\"https:\/\/www.rassegnastampa-totustuus.it\/cattolica\/wp-content\/uploads\/2016\/03\/manipolazione_media.jpg\" alt=\"\" width=\"250\" height=\"164\" \/><\/a>da<strong> Il Timone<\/strong> n.184 Maggio 2019<\/p>\n<p style=\"text-align: justify;\"><em>La neolingua, la Finestra di Overton, la tecnica della rana bollita, cos\u00ec il sistema mediatico ci fa digerire tutto quello che non avremmo mai immaginato<\/em><\/p>\n<p style=\"text-align: center;\">di <strong>Enzo Pennetta <\/strong><\/p>\n<p><!--more--><\/p>\n<p style=\"text-align: justify;\">Prima di affrontare il modo con il quale il pensiero politicamente corretto viene imposto dai grandi media , sia nella forma della carta stampata che delle televisioni, va sottolineato come il metodo impiegato per diffonderlo sia in senso stretto\u00a0 semplicemente una sofisticata tecnica di marketing e condizionamento che \u00e8 riconducibile alla discussa Programmazione Neo Linguistica (PNL) che viene usata dagli anni \u201960 per indurre convinzioni e comportamenti in soggetti che vi sono inconsapevolmente sottoposti.<\/p>\n<p style=\"text-align: justify;\">Nel caso del politicamente corretto i messaggi da inserire nella visione del mondo di chi ascolta sono veicolati all\u2019interno di concetti preesistenti e largamente accettati, un esempio \u00e8 il riferimento ai \u201cdiritti\u201d e alla difesa delle \u201cminoranze\u201d.<\/p>\n<p style=\"text-align: justify;\"><strong>La finestra di Overton <\/strong><\/p>\n<p style=\"text-align: justify;\"><a href=\"https:\/\/www.rassegnastampa-totustuus.it\/cattolica\/wp-content\/uploads\/2015\/10\/rana-bollita.jpg\"><img loading=\"lazy\" decoding=\"async\" class=\"size-full wp-image-27103 alignleft\" src=\"https:\/\/www.rassegnastampa-totustuus.it\/cattolica\/wp-content\/uploads\/2015\/10\/rana-bollita.jpg\" alt=\"\" width=\"192\" height=\"168\" \/><\/a>La tecnica della PNL si fonde spesso in modo molto efficace con il concetto di \u201cfinestra di Overton\u201d, ormai nota teoria sulla tecnica di diffusione di principi e comportamenti inizialmente condannati dal senso comune in cui si passa da una fase iniziale nella quale essa viene aperta su una determinata idea definita \u201cimpensabile\u201d a quella finale in cui la situazione \u00e8 ribaltata e una larga maggioranza infine approva tale idea mentre una residua minoranza ancora la rifiuta e per questo viene messa in cattiva luce.<\/p>\n<p style=\"text-align: justify;\">Il primo passo della finestra di Overton che possiamo identificare sui media \u00e8 quella in cui essa viene aperta, l\u2019occasione viene spesso offerta dalla diffusione di una notizia che parla negativamente del comportamento da \u201csdoganare\u201d, in questo primo momento esso viene fortemente criticato esattamente come farebbe la maggior parte dell\u2019opinione pubblica.<\/p>\n<p style=\"text-align: justify;\">In questo modo i lettori e gli ascoltatori saranno rassicurati dal fatto che le testate giornalistiche o le televisioni\u00a0 siano in sintonia con loro, questo li far\u00e0 sentire rappresentati e protetti, siamo davanti al primo indispensabile passo della PNL: conquistare la fiducia dell\u2019interlocutore mettendosi dalla sua parte<\/p>\n<p style=\"text-align: justify;\"><a href=\"https:\/\/www.rassegnastampa-totustuus.it\/cattolica\/wp-content\/uploads\/2005\/05\/omosessualit\u00e0_Roma.jpg\"><img loading=\"lazy\" decoding=\"async\" class=\"size-full wp-image-35737 alignright\" src=\"https:\/\/www.rassegnastampa-totustuus.it\/cattolica\/wp-content\/uploads\/2005\/05\/omosessualit\u00e0_Roma.jpg\" alt=\"\" width=\"266\" height=\"190\" \/><\/a>Successivamente accadr\u00e0 che qualche esperto invitato in un <em>talk show<\/em> o in una rubrica su quotidiani e settimanali, spiegher\u00e0 che in particolari circostanze per\u00f2 quel comportamento \u00e8 da considerarsi tollerabile, facciamo ad esempio il caso pratico della pedofilia che verr\u00e0 ovviamente condannata ma facendo notare che per\u00f2 essa \u00e8 stata accettata in situazioni storiche passate e da tutti stimate per la loro cultura come ad esempio nell\u2019antica Grecia.<\/p>\n<p style=\"text-align: justify;\">Quando l\u2019argomento sembrer\u00e0 stabilizzarsi sar\u00e0 la volta di alcuni esponenti dello <em>star system<\/em> che cominceranno a mostrare delle aperture verso tale possibilit\u00e0, inizialmente potranno anche apparire come accusati, vedi il caso di Asia Argento e Michael Jackson (postumo), che pur condannati dall\u2019opinione pubblica iniziano per\u00f2 ad essere difesi da altri esponenti del loro mondo, come accaduto ad esempio nel marzo 2019 quando la cantante e attrice premio Oscar Barbara Streisand, ha detto riguardo a Michael Jackson: \u00abI suoi bisogni sessuali erano i suoi bisogni sessuali, provenienti da qualunque infanzia avesse o qualunque DNA avesse\u00bb<\/p>\n<p style=\"text-align: justify;\"><strong>Dalla condanna alla \u201ctolleranza\u201d <\/strong><\/p>\n<p style=\"text-align: justify;\">In queste parole si assiste ad un ribaltamento della situazione, l\u2019accusato assume\u00a0 improvvisamente il ruolo di vittima, non \u00e8 pi\u00f9 la pedofilia la colpa ma il non ammettere che Jackson avesse i suoi \u201cbisogni\u201d, e tali bisogni, come ogni bisogno, presto diventeranno dei diritti, a maggior ragione se si tira in ballo il DNA, fatto che rende naturale la tendenza in questione.<\/p>\n<p style=\"text-align: justify;\"><a href=\"https:\/\/www.rassegnastampa-totustuus.it\/cattolica\/wp-content\/uploads\/2019\/05\/michael_jackson.jpg\"><img loading=\"lazy\" decoding=\"async\" class=\"wp-image-43092 alignleft\" src=\"https:\/\/www.rassegnastampa-totustuus.it\/cattolica\/wp-content\/uploads\/2019\/05\/michael_jackson-194x300.jpg\" alt=\"\" width=\"130\" height=\"200\" srcset=\"https:\/\/www.rassegnastampa-totustuus.it\/cattolica\/wp-content\/uploads\/2019\/05\/michael_jackson-194x300.jpg 194w, https:\/\/www.rassegnastampa-totustuus.it\/cattolica\/wp-content\/uploads\/2019\/05\/michael_jackson-663x1024.jpg 663w, https:\/\/www.rassegnastampa-totustuus.it\/cattolica\/wp-content\/uploads\/2019\/05\/michael_jackson.jpg 680w\" sizes=\"auto, (max-width: 130px) 100vw, 130px\" \/><\/a>Ribaltato il concetto di colpa si passa poi a personaggi pi\u00f9 trasgressivi che sposteranno la finestra di Overton in una zona pi\u00f9 avanzata dichiarando pubblicamente i loro comportamenti, recente \u00e8 il caso dell\u2019attrice Emanuela Tittocchia che su <em>Mattino 5<\/em> ha dichiarato apertamente di avere una relazione \u201cspeciale\u201d con un quindicenne, la dichiarazione ha ovviamente innescato una serie di critiche ma come abbiamo imparato questo fa parte del gioco, sono critiche sempre meno convinte.<\/p>\n<p style=\"text-align: justify;\">In questa fase l\u2019effetto cercato \u00e8 quello di trasformare l\u2019eccezionalit\u00e0 in normalit\u00e0, passare da idee di pochi e trasgressivi rappresentanti dello spettacolo diventati modelli\u00a0 di riferimento, a convinzioni di massa fatte proprie da parte dei fan.<\/p>\n<p style=\"text-align: justify;\">Il prossimo passo che possiamo aspettarci sul versante del caso preso in considerazione \u00e8 il cessare delle reazioni scandalizzate ad annunci di \u201camicizie particolari\u201d con dei minori, relazioni che diverranno sempre pi\u00f9 frequenti fino a quando lo spostamento dell\u2019attenzione finir\u00e0 sulle giovani vittime che dovranno essere viste sotto una luce nuova, esse saranno adesso indicate come beneficiarie dell\u2019amore e delle attenzioni degli adulti, in poche parole qualche esperto o qualche ricerca scientifica, dir\u00e0 che in alcuni casi la pedofilia fa bene ai bambini e che questi finora si sono visti negare ingiustamente il diritto alla sessualit\u00e0, un diritto che certamente qualche ricerca scientifica supporter\u00e0 autorevolmente.<\/p>\n<p style=\"text-align: justify;\"><strong>Dall\u2019eccezione all\u2019accettazione <\/strong><\/p>\n<p style=\"text-align: justify;\"><a href=\"https:\/\/www.rassegnastampa-totustuus.it\/cattolica\/wp-content\/uploads\/2019\/04\/politicamente-corretto.jpg\"><img loading=\"lazy\" decoding=\"async\" class=\"wp-image-42816 alignright\" src=\"https:\/\/www.rassegnastampa-totustuus.it\/cattolica\/wp-content\/uploads\/2019\/04\/politicamente-corretto-300x200.jpg\" alt=\"\" width=\"250\" height=\"167\" srcset=\"https:\/\/www.rassegnastampa-totustuus.it\/cattolica\/wp-content\/uploads\/2019\/04\/politicamente-corretto-300x200.jpg 300w, https:\/\/www.rassegnastampa-totustuus.it\/cattolica\/wp-content\/uploads\/2019\/04\/politicamente-corretto-768x512.jpg 768w, https:\/\/www.rassegnastampa-totustuus.it\/cattolica\/wp-content\/uploads\/2019\/04\/politicamente-corretto-1024x682.jpg 1024w, https:\/\/www.rassegnastampa-totustuus.it\/cattolica\/wp-content\/uploads\/2019\/04\/politicamente-corretto-595x400.jpg 595w, https:\/\/www.rassegnastampa-totustuus.it\/cattolica\/wp-content\/uploads\/2019\/04\/politicamente-corretto.jpg 1600w\" sizes=\"auto, (max-width: 250px) 100vw, 250px\" \/><\/a>Capiamo da questo percorso come la tecnica del politicamente corretto passi attraverso un coinvolgimento di fasce sempre pi\u00f9 larghe di popolazione che verranno ad identificarsi con le posizioni dei testimonial dell\u2019idea da far passare come politicamente corretta. Il meccanismo \u00e8 sempre l\u2019identificazione rassicurante tra il pensiero della persona comune e quello del giornalista o del personaggio dello spettacolo.<\/p>\n<p style=\"text-align: justify;\">La dinamica della finestra di Overton \u00e8 proprio quella di allargare progressivamente le fasce di popolazione che accetta e fa proprio il comportamento proposto fino a raggiungere una soglia critica superata la quale il rapporto tra maggioranza e minoranza si inverte, a quel punto chi non vorr\u00e0 sopportare la disapprovazione altrui si affretter\u00e0 spontaneamente ad aderire al comportamento in questione.<\/p>\n<p style=\"text-align: justify;\">Purtroppo il caso preso in esame della pedofilia non \u00e8 solo accademico in quanto \u00e8 attualmente in corso, altri esempi reali sono ad esempio quello ormai andato largamente a buon fine dell\u2019accettazione della cannabis, mentre in pieno svolgimento \u00e8 la promozione dell\u2019utero in affitto tramite casi di testimonial come Cristiano Ronaldo, Ricky Martin o Niky Vendola dai quali si sta passando alla gente comune come avvenuto il 7 aprile 2019 quando su tutti i media campeggiava la notizia della gravidanza di Cecile Edge del Nebraska che a 61 anni ha fatto il \u201cgesto di amore\u201d di portare a compimento una gravidanza per il figlio omosessuale.<\/p>\n<p style=\"text-align: justify;\"><strong>Un\u2019adolescente non contestabile <\/strong><\/p>\n<p style=\"text-align: justify;\"><a href=\"https:\/\/www.rassegnastampa-totustuus.it\/cattolica\/wp-content\/uploads\/2019\/05\/greta-thunberg.jpg\"><img loading=\"lazy\" decoding=\"async\" class=\"wp-image-43093 alignleft\" src=\"https:\/\/www.rassegnastampa-totustuus.it\/cattolica\/wp-content\/uploads\/2019\/05\/greta-thunberg.jpg\" alt=\"\" width=\"250\" height=\"157\" \/><\/a>Ma politicamente corretta \u00e8 ad esempio anche la battaglia contro i cambiamenti climatici che, al di l\u00e0 delle diatribe scientifiche, veicola istanze neomalthusiane non direttamente dichiarabili, in questo caso un metodo innovativo di impostazione di un pensiero politicamente corretto ha visto l\u2019impiego come testimonial di una ragazzina individuata nel personaggio di Gretha Thunberg, un\u2019adolescente con la sindrome di Asperger.<\/p>\n<p style=\"text-align: justify;\">Qui non c\u2019era nessun bisogno di spostare una finestra di Overton perch\u00e9 sull\u2019ecologismo \u00e8 stata completata da tempo, in questo caso si trattava di rendere inattaccabile un argomento pensato e voluto in circoli come quello di Davos, l\u2019immagine di Greta ha permesso cos\u00ec di troncare ogni critica e accusare di linguaggio di odio verso una bambina, per di pi\u00f9 malata, chiunque avesse voluto mettere in discussione i motivi della manifestazione giovanile globale contro i cambiamenti climatici.<\/p>\n<p style=\"text-align: justify;\"><a href=\"https:\/\/www.rassegnastampa-totustuus.it\/cattolica\/wp-content\/uploads\/2019\/01\/politicamente_corretto.jpg\"><img loading=\"lazy\" decoding=\"async\" class=\"size-full wp-image-41907 alignright\" src=\"https:\/\/www.rassegnastampa-totustuus.it\/cattolica\/wp-content\/uploads\/2019\/01\/politicamente_corretto.jpg\" alt=\"\" width=\"229\" height=\"220\" \/><\/a>Come vediamo tutto il politicamente corretto si gioca sulla manipolazione mediatica delle parole e dei significati, una tecnica che solo padroneggiando a nostra volta il linguaggio \u00e8 possibile fronteggiare, un\u2019operazione che in un\u2019epoca in cui l\u2019insegnamento scolastico \u00e8 messo in crisi diviene tra l\u2019altro sempre pi\u00f9 difficile.<\/p>\n<p style=\"text-align: justify;\">Al riguardo sarebbe necessaria l\u2019apertura di una riflessione sulle cause e le motivazioni del declino dell\u2019istruzione scolastica. Conoscere i metodi del politicamente corretto \u00e8 un esercizio non solo utile ma assolutamente necessario per uscire fuori dai meccanismi linguistici e culturali che portano all\u2019accettazione\u00a0 e all\u2019assimilazione su larga scala di idee e comportamenti prestabiliti.<\/p>\n","protected":false},"excerpt":{"rendered":"<p>da Il Timone n.184 Maggio 2019 La neolingua, la Finestra di Overton, la tecnica della rana bollita, cos\u00ec il sistema mediatico ci fa digerire tutto quello che non avremmo mai immaginato di Enzo Pennetta<\/p><p><a class=\"more-link btn\" href=\"https:\/\/www.rassegnastampa-totustuus.it\/cattolica\/media-system-come-si-irretisce-il-lettore-ignaro\/\">Continua a leggere<\/a><\/p>\n","protected":false},"author":6,"featured_media":43091,"comment_status":"closed","ping_status":"closed","sticky":false,"template":"","format":"standard","meta":{"footnotes":""},"categories":[25,80],"tags":[2287,2415,1011,572,1835,237],"class_list":["post-43090","post","type-post","status-publish","format-standard","has-post-thumbnail","hentry","category-sguardo-sul-nostro-tempo","category-totalitarismo","tag-finestra-di-overton","tag-manipolazione-del-pensiero","tag-neolingua","tag-politically-correct","tag-politicamente-corretto","tag-totalitarismo-2","item-wrap"],"yoast_head":"<!-- This site is optimized with the Yoast SEO plugin v27.5 - https:\/\/yoast.com\/product\/yoast-seo-wordpress\/ -->\n<title>Media System: come si irretisce il lettore ignaro. - Rassegna Stampa Cattolica<\/title>\n<meta name=\"description\" content=\"Rassegna Stampa Cattolica - Per una cultura che nasce dalla Rivelazione cristiana in conformit\u00e0 alla tradizione e al Magistero della Chiesa in opposizione ad ogni relativismo e totalitarismo\" \/>\n<meta name=\"robots\" content=\"index, follow, max-snippet:-1, max-image-preview:large, max-video-preview:-1\" \/>\n<link rel=\"canonical\" href=\"https:\/\/www.rassegnastampa-totustuus.it\/cattolica\/media-system-come-si-irretisce-il-lettore-ignaro\/\" \/>\n<meta property=\"og:locale\" content=\"it_IT\" \/>\n<meta property=\"og:type\" content=\"article\" \/>\n<meta property=\"og:title\" content=\"Media System: come si irretisce il lettore ignaro. - Rassegna Stampa Cattolica\" \/>\n<meta property=\"og:description\" content=\"Rassegna Stampa Cattolica - Per una cultura che nasce dalla Rivelazione cristiana in conformit\u00e0 alla tradizione e al Magistero della Chiesa in opposizione ad ogni relativismo e totalitarismo\" \/>\n<meta property=\"og:url\" content=\"https:\/\/www.rassegnastampa-totustuus.it\/cattolica\/media-system-come-si-irretisce-il-lettore-ignaro\/\" \/>\n<meta property=\"og:site_name\" content=\"Rassegna Stampa Cattolica\" \/>\n<meta property=\"article:publisher\" content=\"https:\/\/www.facebook.com\/rassegnastampacattolica\" \/>\n<meta property=\"article:published_time\" content=\"2019-05-29T22:00:10+00:00\" \/>\n<meta property=\"article:modified_time\" content=\"2019-05-30T06:45:01+00:00\" \/>\n<meta property=\"og:image\" content=\"https:\/\/www.rassegnastampa-totustuus.it\/cattolica\/wp-content\/uploads\/2019\/05\/burattinai_manipolazione.jpg\" \/>\n\t<meta property=\"og:image:width\" content=\"1080\" \/>\n\t<meta property=\"og:image:height\" content=\"1235\" \/>\n\t<meta property=\"og:image:type\" content=\"image\/jpeg\" \/>\n<meta name=\"author\" content=\"Redazione\" \/>\n<meta name=\"twitter:card\" content=\"summary_large_image\" \/>\n<meta name=\"twitter:creator\" content=\"@rassegnastampa9\" \/>\n<meta name=\"twitter:site\" content=\"@rassegnastampa9\" \/>\n<meta name=\"twitter:label1\" content=\"Scritto da\" \/>\n\t<meta name=\"twitter:data1\" content=\"Redazione\" \/>\n\t<meta name=\"twitter:label2\" content=\"Tempo di lettura stimato\" \/>\n\t<meta name=\"twitter:data2\" content=\"6 minuti\" \/>\n<script type=\"application\/ld+json\" class=\"yoast-schema-graph\">{\"@context\":\"https:\\\/\\\/schema.org\",\"@graph\":[{\"@type\":\"Article\",\"@id\":\"https:\\\/\\\/www.rassegnastampa-totustuus.it\\\/cattolica\\\/media-system-come-si-irretisce-il-lettore-ignaro\\\/#article\",\"isPartOf\":{\"@id\":\"https:\\\/\\\/www.rassegnastampa-totustuus.it\\\/cattolica\\\/media-system-come-si-irretisce-il-lettore-ignaro\\\/\"},\"author\":{\"name\":\"Redazione\",\"@id\":\"https:\\\/\\\/www.rassegnastampa-totustuus.it\\\/cattolica\\\/#\\\/schema\\\/person\\\/08f319d2bd1a0904ad9e2bfb7b15e5c3\"},\"headline\":\"Media System: come si irretisce il lettore ignaro.\",\"datePublished\":\"2019-05-29T22:00:10+00:00\",\"dateModified\":\"2019-05-30T06:45:01+00:00\",\"mainEntityOfPage\":{\"@id\":\"https:\\\/\\\/www.rassegnastampa-totustuus.it\\\/cattolica\\\/media-system-come-si-irretisce-il-lettore-ignaro\\\/\"},\"wordCount\":1250,\"publisher\":{\"@id\":\"https:\\\/\\\/www.rassegnastampa-totustuus.it\\\/cattolica\\\/#organization\"},\"image\":{\"@id\":\"https:\\\/\\\/www.rassegnastampa-totustuus.it\\\/cattolica\\\/media-system-come-si-irretisce-il-lettore-ignaro\\\/#primaryimage\"},\"thumbnailUrl\":\"https:\\\/\\\/www.rassegnastampa-totustuus.it\\\/cattolica\\\/wp-content\\\/uploads\\\/2019\\\/05\\\/burattinai_manipolazione.jpg\",\"keywords\":[\"finestra di Overton\",\"manipolazione del pensiero\",\"neolingua\",\"politically correct\",\"politicamente corretto\",\"totalitarismo\"],\"articleSection\":[\"Sguardo sul nostro tempo\",\"Totalitarismo\"],\"inLanguage\":\"it-IT\"},{\"@type\":\"WebPage\",\"@id\":\"https:\\\/\\\/www.rassegnastampa-totustuus.it\\\/cattolica\\\/media-system-come-si-irretisce-il-lettore-ignaro\\\/\",\"url\":\"https:\\\/\\\/www.rassegnastampa-totustuus.it\\\/cattolica\\\/media-system-come-si-irretisce-il-lettore-ignaro\\\/\",\"name\":\"Media System: come si irretisce il lettore ignaro. - Rassegna Stampa Cattolica\",\"isPartOf\":{\"@id\":\"https:\\\/\\\/www.rassegnastampa-totustuus.it\\\/cattolica\\\/#website\"},\"primaryImageOfPage\":{\"@id\":\"https:\\\/\\\/www.rassegnastampa-totustuus.it\\\/cattolica\\\/media-system-come-si-irretisce-il-lettore-ignaro\\\/#primaryimage\"},\"image\":{\"@id\":\"https:\\\/\\\/www.rassegnastampa-totustuus.it\\\/cattolica\\\/media-system-come-si-irretisce-il-lettore-ignaro\\\/#primaryimage\"},\"thumbnailUrl\":\"https:\\\/\\\/www.rassegnastampa-totustuus.it\\\/cattolica\\\/wp-content\\\/uploads\\\/2019\\\/05\\\/burattinai_manipolazione.jpg\",\"datePublished\":\"2019-05-29T22:00:10+00:00\",\"dateModified\":\"2019-05-30T06:45:01+00:00\",\"description\":\"Rassegna Stampa Cattolica - Per una cultura che nasce dalla Rivelazione cristiana in conformit\u00e0 alla tradizione e al Magistero della Chiesa in opposizione ad ogni relativismo e totalitarismo\",\"breadcrumb\":{\"@id\":\"https:\\\/\\\/www.rassegnastampa-totustuus.it\\\/cattolica\\\/media-system-come-si-irretisce-il-lettore-ignaro\\\/#breadcrumb\"},\"inLanguage\":\"it-IT\",\"potentialAction\":[{\"@type\":\"ReadAction\",\"target\":[\"https:\\\/\\\/www.rassegnastampa-totustuus.it\\\/cattolica\\\/media-system-come-si-irretisce-il-lettore-ignaro\\\/\"]}]},{\"@type\":\"ImageObject\",\"inLanguage\":\"it-IT\",\"@id\":\"https:\\\/\\\/www.rassegnastampa-totustuus.it\\\/cattolica\\\/media-system-come-si-irretisce-il-lettore-ignaro\\\/#primaryimage\",\"url\":\"https:\\\/\\\/www.rassegnastampa-totustuus.it\\\/cattolica\\\/wp-content\\\/uploads\\\/2019\\\/05\\\/burattinai_manipolazione.jpg\",\"contentUrl\":\"https:\\\/\\\/www.rassegnastampa-totustuus.it\\\/cattolica\\\/wp-content\\\/uploads\\\/2019\\\/05\\\/burattinai_manipolazione.jpg\",\"width\":1080,\"height\":1235},{\"@type\":\"BreadcrumbList\",\"@id\":\"https:\\\/\\\/www.rassegnastampa-totustuus.it\\\/cattolica\\\/media-system-come-si-irretisce-il-lettore-ignaro\\\/#breadcrumb\",\"itemListElement\":[{\"@type\":\"ListItem\",\"position\":1,\"name\":\"Home\",\"item\":\"https:\\\/\\\/www.rassegnastampa-totustuus.it\\\/cattolica\\\/\"},{\"@type\":\"ListItem\",\"position\":2,\"name\":\"Media System: come si irretisce il lettore ignaro.\"}]},{\"@type\":\"WebSite\",\"@id\":\"https:\\\/\\\/www.rassegnastampa-totustuus.it\\\/cattolica\\\/#website\",\"url\":\"https:\\\/\\\/www.rassegnastampa-totustuus.it\\\/cattolica\\\/\",\"name\":\"Rassegna Stampa Cattolica\",\"description\":\"Per una cultura che nasce dalla Rivelazione cristiana in conformit\u00e0 alla tradizione e al Magistero della Chiesa in opposizione ad ogni relativismo e totalitarismo\",\"publisher\":{\"@id\":\"https:\\\/\\\/www.rassegnastampa-totustuus.it\\\/cattolica\\\/#organization\"},\"alternateName\":\"Rass. Cattolica\",\"potentialAction\":[{\"@type\":\"SearchAction\",\"target\":{\"@type\":\"EntryPoint\",\"urlTemplate\":\"https:\\\/\\\/www.rassegnastampa-totustuus.it\\\/cattolica\\\/?s={search_term_string}\"},\"query-input\":{\"@type\":\"PropertyValueSpecification\",\"valueRequired\":true,\"valueName\":\"search_term_string\"}}],\"inLanguage\":\"it-IT\"},{\"@type\":\"Organization\",\"@id\":\"https:\\\/\\\/www.rassegnastampa-totustuus.it\\\/cattolica\\\/#organization\",\"name\":\"Rassegna Stampa Cattolica\",\"url\":\"https:\\\/\\\/www.rassegnastampa-totustuus.it\\\/cattolica\\\/\",\"logo\":{\"@type\":\"ImageObject\",\"inLanguage\":\"it-IT\",\"@id\":\"https:\\\/\\\/www.rassegnastampa-totustuus.it\\\/cattolica\\\/#\\\/schema\\\/logo\\\/image\\\/\",\"url\":\"https:\\\/\\\/www.rassegnastampa-totustuus.it\\\/cattolica\\\/wp-content\\\/uploads\\\/2014\\\/04\\\/logo-rassegna1.gif\",\"contentUrl\":\"https:\\\/\\\/www.rassegnastampa-totustuus.it\\\/cattolica\\\/wp-content\\\/uploads\\\/2014\\\/04\\\/logo-rassegna1.gif\",\"width\":600,\"height\":163,\"caption\":\"Rassegna Stampa Cattolica\"},\"image\":{\"@id\":\"https:\\\/\\\/www.rassegnastampa-totustuus.it\\\/cattolica\\\/#\\\/schema\\\/logo\\\/image\\\/\"},\"sameAs\":[\"https:\\\/\\\/www.facebook.com\\\/rassegnastampacattolica\",\"https:\\\/\\\/x.com\\\/rassegnastampa9\"]},{\"@type\":\"Person\",\"@id\":\"https:\\\/\\\/www.rassegnastampa-totustuus.it\\\/cattolica\\\/#\\\/schema\\\/person\\\/08f319d2bd1a0904ad9e2bfb7b15e5c3\",\"name\":\"Redazione\",\"image\":{\"@type\":\"ImageObject\",\"inLanguage\":\"it-IT\",\"@id\":\"https:\\\/\\\/secure.gravatar.com\\\/avatar\\\/2fcdf27c78ea025fbdb44e914cc63c72249ffec9dc8aafd5c82b26240ef3f346?s=96&d=mm&r=g\",\"url\":\"https:\\\/\\\/secure.gravatar.com\\\/avatar\\\/2fcdf27c78ea025fbdb44e914cc63c72249ffec9dc8aafd5c82b26240ef3f346?s=96&d=mm&r=g\",\"contentUrl\":\"https:\\\/\\\/secure.gravatar.com\\\/avatar\\\/2fcdf27c78ea025fbdb44e914cc63c72249ffec9dc8aafd5c82b26240ef3f346?s=96&d=mm&r=g\",\"caption\":\"Redazione\"},\"url\":\"https:\\\/\\\/www.rassegnastampa-totustuus.it\\\/cattolica\\\/author\\\/pietroelle\\\/\"}]}<\/script>\n<!-- \/ Yoast SEO plugin. -->","yoast_head_json":{"title":"Media System: come si irretisce il lettore ignaro. - Rassegna Stampa Cattolica","description":"Rassegna Stampa Cattolica - Per una cultura che nasce dalla Rivelazione cristiana in conformit\u00e0 alla tradizione e al Magistero della Chiesa in opposizione ad ogni relativismo e totalitarismo","robots":{"index":"index","follow":"follow","max-snippet":"max-snippet:-1","max-image-preview":"max-image-preview:large","max-video-preview":"max-video-preview:-1"},"canonical":"https:\/\/www.rassegnastampa-totustuus.it\/cattolica\/media-system-come-si-irretisce-il-lettore-ignaro\/","og_locale":"it_IT","og_type":"article","og_title":"Media System: come si irretisce il lettore ignaro. - Rassegna Stampa Cattolica","og_description":"Rassegna Stampa Cattolica - Per una cultura che nasce dalla Rivelazione cristiana in conformit\u00e0 alla tradizione e al Magistero della Chiesa in opposizione ad ogni relativismo e totalitarismo","og_url":"https:\/\/www.rassegnastampa-totustuus.it\/cattolica\/media-system-come-si-irretisce-il-lettore-ignaro\/","og_site_name":"Rassegna Stampa Cattolica","article_publisher":"https:\/\/www.facebook.com\/rassegnastampacattolica","article_published_time":"2019-05-29T22:00:10+00:00","article_modified_time":"2019-05-30T06:45:01+00:00","og_image":[{"width":1080,"height":1235,"url":"https:\/\/www.rassegnastampa-totustuus.it\/cattolica\/wp-content\/uploads\/2019\/05\/burattinai_manipolazione.jpg","type":"image\/jpeg"}],"author":"Redazione","twitter_card":"summary_large_image","twitter_creator":"@rassegnastampa9","twitter_site":"@rassegnastampa9","twitter_misc":{"Scritto da":"Redazione","Tempo di lettura stimato":"6 minuti"},"schema":{"@context":"https:\/\/schema.org","@graph":[{"@type":"Article","@id":"https:\/\/www.rassegnastampa-totustuus.it\/cattolica\/media-system-come-si-irretisce-il-lettore-ignaro\/#article","isPartOf":{"@id":"https:\/\/www.rassegnastampa-totustuus.it\/cattolica\/media-system-come-si-irretisce-il-lettore-ignaro\/"},"author":{"name":"Redazione","@id":"https:\/\/www.rassegnastampa-totustuus.it\/cattolica\/#\/schema\/person\/08f319d2bd1a0904ad9e2bfb7b15e5c3"},"headline":"Media System: come si irretisce il lettore ignaro.","datePublished":"2019-05-29T22:00:10+00:00","dateModified":"2019-05-30T06:45:01+00:00","mainEntityOfPage":{"@id":"https:\/\/www.rassegnastampa-totustuus.it\/cattolica\/media-system-come-si-irretisce-il-lettore-ignaro\/"},"wordCount":1250,"publisher":{"@id":"https:\/\/www.rassegnastampa-totustuus.it\/cattolica\/#organization"},"image":{"@id":"https:\/\/www.rassegnastampa-totustuus.it\/cattolica\/media-system-come-si-irretisce-il-lettore-ignaro\/#primaryimage"},"thumbnailUrl":"https:\/\/www.rassegnastampa-totustuus.it\/cattolica\/wp-content\/uploads\/2019\/05\/burattinai_manipolazione.jpg","keywords":["finestra di Overton","manipolazione del pensiero","neolingua","politically correct","politicamente corretto","totalitarismo"],"articleSection":["Sguardo sul nostro tempo","Totalitarismo"],"inLanguage":"it-IT"},{"@type":"WebPage","@id":"https:\/\/www.rassegnastampa-totustuus.it\/cattolica\/media-system-come-si-irretisce-il-lettore-ignaro\/","url":"https:\/\/www.rassegnastampa-totustuus.it\/cattolica\/media-system-come-si-irretisce-il-lettore-ignaro\/","name":"Media System: come si irretisce il lettore ignaro. - Rassegna Stampa Cattolica","isPartOf":{"@id":"https:\/\/www.rassegnastampa-totustuus.it\/cattolica\/#website"},"primaryImageOfPage":{"@id":"https:\/\/www.rassegnastampa-totustuus.it\/cattolica\/media-system-come-si-irretisce-il-lettore-ignaro\/#primaryimage"},"image":{"@id":"https:\/\/www.rassegnastampa-totustuus.it\/cattolica\/media-system-come-si-irretisce-il-lettore-ignaro\/#primaryimage"},"thumbnailUrl":"https:\/\/www.rassegnastampa-totustuus.it\/cattolica\/wp-content\/uploads\/2019\/05\/burattinai_manipolazione.jpg","datePublished":"2019-05-29T22:00:10+00:00","dateModified":"2019-05-30T06:45:01+00:00","description":"Rassegna Stampa Cattolica - Per una cultura che nasce dalla Rivelazione cristiana in conformit\u00e0 alla tradizione e al Magistero della Chiesa in opposizione ad ogni relativismo e totalitarismo","breadcrumb":{"@id":"https:\/\/www.rassegnastampa-totustuus.it\/cattolica\/media-system-come-si-irretisce-il-lettore-ignaro\/#breadcrumb"},"inLanguage":"it-IT","potentialAction":[{"@type":"ReadAction","target":["https:\/\/www.rassegnastampa-totustuus.it\/cattolica\/media-system-come-si-irretisce-il-lettore-ignaro\/"]}]},{"@type":"ImageObject","inLanguage":"it-IT","@id":"https:\/\/www.rassegnastampa-totustuus.it\/cattolica\/media-system-come-si-irretisce-il-lettore-ignaro\/#primaryimage","url":"https:\/\/www.rassegnastampa-totustuus.it\/cattolica\/wp-content\/uploads\/2019\/05\/burattinai_manipolazione.jpg","contentUrl":"https:\/\/www.rassegnastampa-totustuus.it\/cattolica\/wp-content\/uploads\/2019\/05\/burattinai_manipolazione.jpg","width":1080,"height":1235},{"@type":"BreadcrumbList","@id":"https:\/\/www.rassegnastampa-totustuus.it\/cattolica\/media-system-come-si-irretisce-il-lettore-ignaro\/#breadcrumb","itemListElement":[{"@type":"ListItem","position":1,"name":"Home","item":"https:\/\/www.rassegnastampa-totustuus.it\/cattolica\/"},{"@type":"ListItem","position":2,"name":"Media System: come si irretisce il lettore ignaro."}]},{"@type":"WebSite","@id":"https:\/\/www.rassegnastampa-totustuus.it\/cattolica\/#website","url":"https:\/\/www.rassegnastampa-totustuus.it\/cattolica\/","name":"Rassegna Stampa Cattolica","description":"Per una cultura che nasce dalla Rivelazione cristiana in conformit\u00e0 alla tradizione e al Magistero della Chiesa in opposizione ad ogni relativismo e totalitarismo","publisher":{"@id":"https:\/\/www.rassegnastampa-totustuus.it\/cattolica\/#organization"},"alternateName":"Rass. Cattolica","potentialAction":[{"@type":"SearchAction","target":{"@type":"EntryPoint","urlTemplate":"https:\/\/www.rassegnastampa-totustuus.it\/cattolica\/?s={search_term_string}"},"query-input":{"@type":"PropertyValueSpecification","valueRequired":true,"valueName":"search_term_string"}}],"inLanguage":"it-IT"},{"@type":"Organization","@id":"https:\/\/www.rassegnastampa-totustuus.it\/cattolica\/#organization","name":"Rassegna Stampa Cattolica","url":"https:\/\/www.rassegnastampa-totustuus.it\/cattolica\/","logo":{"@type":"ImageObject","inLanguage":"it-IT","@id":"https:\/\/www.rassegnastampa-totustuus.it\/cattolica\/#\/schema\/logo\/image\/","url":"https:\/\/www.rassegnastampa-totustuus.it\/cattolica\/wp-content\/uploads\/2014\/04\/logo-rassegna1.gif","contentUrl":"https:\/\/www.rassegnastampa-totustuus.it\/cattolica\/wp-content\/uploads\/2014\/04\/logo-rassegna1.gif","width":600,"height":163,"caption":"Rassegna Stampa Cattolica"},"image":{"@id":"https:\/\/www.rassegnastampa-totustuus.it\/cattolica\/#\/schema\/logo\/image\/"},"sameAs":["https:\/\/www.facebook.com\/rassegnastampacattolica","https:\/\/x.com\/rassegnastampa9"]},{"@type":"Person","@id":"https:\/\/www.rassegnastampa-totustuus.it\/cattolica\/#\/schema\/person\/08f319d2bd1a0904ad9e2bfb7b15e5c3","name":"Redazione","image":{"@type":"ImageObject","inLanguage":"it-IT","@id":"https:\/\/secure.gravatar.com\/avatar\/2fcdf27c78ea025fbdb44e914cc63c72249ffec9dc8aafd5c82b26240ef3f346?s=96&d=mm&r=g","url":"https:\/\/secure.gravatar.com\/avatar\/2fcdf27c78ea025fbdb44e914cc63c72249ffec9dc8aafd5c82b26240ef3f346?s=96&d=mm&r=g","contentUrl":"https:\/\/secure.gravatar.com\/avatar\/2fcdf27c78ea025fbdb44e914cc63c72249ffec9dc8aafd5c82b26240ef3f346?s=96&d=mm&r=g","caption":"Redazione"},"url":"https:\/\/www.rassegnastampa-totustuus.it\/cattolica\/author\/pietroelle\/"}]}},"_links":{"self":[{"href":"https:\/\/www.rassegnastampa-totustuus.it\/cattolica\/wp-json\/wp\/v2\/posts\/43090","targetHints":{"allow":["GET"]}}],"collection":[{"href":"https:\/\/www.rassegnastampa-totustuus.it\/cattolica\/wp-json\/wp\/v2\/posts"}],"about":[{"href":"https:\/\/www.rassegnastampa-totustuus.it\/cattolica\/wp-json\/wp\/v2\/types\/post"}],"author":[{"embeddable":true,"href":"https:\/\/www.rassegnastampa-totustuus.it\/cattolica\/wp-json\/wp\/v2\/users\/6"}],"replies":[{"embeddable":true,"href":"https:\/\/www.rassegnastampa-totustuus.it\/cattolica\/wp-json\/wp\/v2\/comments?post=43090"}],"version-history":[{"count":2,"href":"https:\/\/www.rassegnastampa-totustuus.it\/cattolica\/wp-json\/wp\/v2\/posts\/43090\/revisions"}],"predecessor-version":[{"id":43121,"href":"https:\/\/www.rassegnastampa-totustuus.it\/cattolica\/wp-json\/wp\/v2\/posts\/43090\/revisions\/43121"}],"wp:featuredmedia":[{"embeddable":true,"href":"https:\/\/www.rassegnastampa-totustuus.it\/cattolica\/wp-json\/wp\/v2\/media\/43091"}],"wp:attachment":[{"href":"https:\/\/www.rassegnastampa-totustuus.it\/cattolica\/wp-json\/wp\/v2\/media?parent=43090"}],"wp:term":[{"taxonomy":"category","embeddable":true,"href":"https:\/\/www.rassegnastampa-totustuus.it\/cattolica\/wp-json\/wp\/v2\/categories?post=43090"},{"taxonomy":"post_tag","embeddable":true,"href":"https:\/\/www.rassegnastampa-totustuus.it\/cattolica\/wp-json\/wp\/v2\/tags?post=43090"}],"curies":[{"name":"wp","href":"https:\/\/api.w.org\/{rel}","templated":true}]}}