{"id":43082,"date":"2019-05-30T00:00:17","date_gmt":"2019-05-29T22:00:17","guid":{"rendered":"http:\/\/www.rassegnastampa-totustuus.it\/cattolica\/?p=43082"},"modified":"2019-05-31T09:13:10","modified_gmt":"2019-05-31T07:13:10","slug":"francesco-laborto-e-la-giovanissima-madre-down","status":"publish","type":"post","link":"https:\/\/www.rassegnastampa-totustuus.it\/cattolica\/francesco-laborto-e-la-giovanissima-madre-down\/","title":{"rendered":"Francesco, l\u2019aborto e la giovanissima madre down"},"content":{"rendered":"<p style=\"text-align: center;\"><a href=\"https:\/\/www.rassegnastampa-totustuus.it\/cattolica\/wp-content\/uploads\/2019\/01\/papa_Francesco.jpg\"><img loading=\"lazy\" decoding=\"async\" class=\"alignleft wp-image-41924\" src=\"https:\/\/www.rassegnastampa-totustuus.it\/cattolica\/wp-content\/uploads\/2019\/01\/papa_Francesco.jpg\" alt=\"\" width=\"250\" height=\"140\" \/><\/a>Dal <strong>blog Settimo cielo <\/strong>25 Maggio 2019<\/p>\n<p style=\"text-align: justify;\">Nel dare <a href=\"https:\/\/www.rassegnastampa-totustuus.it\/cattolica\/?p=43128\" target=\"_blank\" rel=\"noopener noreferrer\">udienza<\/a>, oggi, sabato 25 maggio, ai partecipanti a un convegno sul tema \u201cYes to life! &#8211; La cura del prezioso dono della vita nelle situazioni di fragilit\u00e0\u201d, papa Francesco si \u00e8 distaccato in pi\u00f9 punti dal testo scritto, aggiungendo a braccio affermazioni molto forti e in parte mai dette prima da lui in materia di aborto.<\/p>\n<p><!--more--><\/p>\n<p style=\"text-align: justify;\">Ecco qui di seguito tre sue aggiunte testuali: \u201cTante volte, quelle poche ore in cui una mamma pu\u00f2 cullare il suo bambino lasciano una traccia nel cuore di quella donna, che non lo dimentica mai. E lei si sente \u2013 permettetemi la parola \u2013 realizzata. Si sente mamma\u201d.<\/p>\n<p style=\"text-align: justify;\">\u201cDelle volte noi sentiamo: \u2018Voi cattolici non accettate l\u2019aborto, \u00e8 il problema della vostra fede\u2019. No: \u00e8 un problema pre-religioso. La fede non c\u2019entra. Viene dopo, ma non c\u2019entra: \u00e8 un problema umano. \u00c8 un problema pre-religioso. Non <a href=\"https:\/\/www.rassegnastampa-totustuus.it\/cattolica\/wp-content\/uploads\/2012\/01\/bambini_down.jpg\"><img loading=\"lazy\" decoding=\"async\" class=\"size-full wp-image-30745 alignright\" src=\"https:\/\/www.rassegnastampa-totustuus.it\/cattolica\/wp-content\/uploads\/2012\/01\/bambini_down.jpg\" alt=\"\" width=\"285\" height=\"177\" \/><\/a>carichiamo sulla fede una cosa che non le compete dall\u2019inizio. \u00c8 un problema umano. Soltanto due frasi ci aiuteranno a capire bene questo: due domande. Prima domanda: \u00e8 lecito eliminare una vita umana per risolvere un problema? Seconda domanda: \u00e8 lecito affittare un sicario per risolvere un problema? A voi la risposta. Questo \u00e8 il punto. Non andare sul religioso su una cosa che riguarda l\u2019umano. Non \u00e8 lecito. Mai, mai eliminare una vita umana n\u00e9 affittare un sicario per risolvere un problema\u201d.<\/p>\n<p style=\"text-align: justify;\">\u201cA me viene in mente una storia che io ho conosciuto nella mia altra diocesi. C\u2019era una ragazzina di 15 anni down che \u00e8 rimasta incinta e i genitori erano andati dal giudice per chiedere il permesso di abortire. Il giudice, un uomo retto sul serio, ha studiato la cosa e ha detto: \u2018Voglio interrogare la bambina\u2019.\u00a0 \u2018Ma \u00e8 down, non capisce\u2026\u2019. \u2019No no, che venga\u2019. \u00c8 andata la ragazzina quindicenne, si \u00e8 seduta l\u00ec, ha incominciato a parlare con il giudice e lui le ha detto: \u2018Ma tu sai <a href=\"https:\/\/www.rassegnastampa-totustuus.it\/cattolica\/wp-content\/uploads\/2011\/11\/down_sindrome.jpg\"><img loading=\"lazy\" decoding=\"async\" class=\"size-full wp-image-31822 alignleft\" src=\"https:\/\/www.rassegnastampa-totustuus.it\/cattolica\/wp-content\/uploads\/2011\/11\/down_sindrome.jpg\" alt=\"\" width=\"275\" height=\"183\" \/><\/a>cosa ti succede?\u2019. \u2018S\u00ec, sono malata\u2026\u2019. \u201cAh, e com\u2019\u00e8 la tua malattia?\u2019. \u2018Mi hanno detto che ho dentro un animale che mi mangia lo stomaco, e per questo devono fare un intervento\u2019. \u2018No\u2026 tu non hai un verme che ti mangia lo stomaco. Tu sai cos\u2019hai l\u00ec? Un bambino!\u2019. E la ragazza down ha fatto: \u2018Oh, che bello!\u2019: cos\u00ec. Con questo, il giudice non ha autorizzato l\u2019aborto. La mamma lo vuole. Sono passati gli anni. \u00c8 nata una bambina. Ha studiato, \u00e8 cresciuta, \u00e8 diventata avvocato. Quella bambina, dal momento che ha capito la sua storia perch\u00e9 gliel\u2019hanno raccontata, ogni giorno di compleanno chiamava il giudice per ringraziarlo per il dono della nascita. Le cose della vita. Il giudice \u00e8 morto e adesso lei \u00e8 diventata promotore di giustizia. Ma guarda che cosa bella! L\u2019aborto non \u00e8 mai la risposta che le donne e le famiglie cercano\u201d.<\/p>\n<hr \/>\n<p style=\"text-align: justify;\"><strong>POST SCRIPTUM <\/strong>\u2013 Come era facilissimo prevedere, queste parole urticanti di papa Francesco sono state ignorate dai grandi mass media. Valga l&#8217;esempio del &#8220;Corriere della Sera&#8221;, il maggior quotidiano italiano, che non ha dedicato ad esse nemmeno una riga, dopo aver speso un&#8217;intera pagina, il giorno precedente, per illustrare l&#8217;<a href=\"http:\/\/w2.vatican.va\/content\/francesco\/it\/speeches\/2019\/may\/documents\/papa-francesco_20190524_gazzetta-sport-figc.html\" target=\"_blank\" rel=\"noopener noreferrer\">incontro<\/a> del papa con gli appassionati del gioco del calcio.<\/p>\n","protected":false},"excerpt":{"rendered":"<p>Dal blog Settimo cielo 25 Maggio 2019 Nel dare udienza, oggi, sabato 25 maggio, ai partecipanti a un convegno sul tema \u201cYes to life! &#8211; La cura del prezioso dono della vita nelle situazioni di fragilit\u00e0\u201d, papa Francesco si \u00e8 distaccato in pi\u00f9 punti dal testo scritto, aggiungendo a braccio affermazioni molto forti e in &hellip; <\/p>\n<p><a class=\"more-link btn\" href=\"https:\/\/www.rassegnastampa-totustuus.it\/cattolica\/francesco-laborto-e-la-giovanissima-madre-down\/\">Continua a leggere<\/a><\/p>\n","protected":false},"author":6,"featured_media":43083,"comment_status":"closed","ping_status":"closed","sticky":false,"template":"","format":"standard","meta":{"footnotes":""},"categories":[2,123],"tags":[2386,291,1680],"class_list":["post-43082","post","type-post","status-publish","format-standard","has-post-thumbnail","hentry","category-aborto","category-ss-francesco","tag-aborto","tag-papa-francesco","tag-sindrome-down","item-wrap"],"yoast_head":"<!-- This site is optimized with the Yoast SEO plugin v27.5 - https:\/\/yoast.com\/product\/yoast-seo-wordpress\/ -->\n<title>Francesco, l\u2019aborto e la giovanissima madre down - Rassegna Stampa Cattolica<\/title>\n<meta name=\"description\" content=\"Rassegna Stampa Cattolica - Per una cultura che nasce dalla Rivelazione cristiana in conformit\u00e0 alla tradizione e al Magistero della Chiesa in opposizione ad ogni relativismo e totalitarismo\" \/>\n<meta name=\"robots\" content=\"index, follow, max-snippet:-1, max-image-preview:large, max-video-preview:-1\" \/>\n<link rel=\"canonical\" href=\"https:\/\/www.rassegnastampa-totustuus.it\/cattolica\/francesco-laborto-e-la-giovanissima-madre-down\/\" \/>\n<meta property=\"og:locale\" content=\"it_IT\" \/>\n<meta property=\"og:type\" content=\"article\" \/>\n<meta property=\"og:title\" content=\"Francesco, l\u2019aborto e la giovanissima madre down - Rassegna Stampa Cattolica\" \/>\n<meta property=\"og:description\" content=\"Rassegna Stampa Cattolica - Per una cultura che nasce dalla Rivelazione cristiana in conformit\u00e0 alla tradizione e al Magistero della Chiesa in opposizione ad ogni relativismo e totalitarismo\" \/>\n<meta property=\"og:url\" content=\"https:\/\/www.rassegnastampa-totustuus.it\/cattolica\/francesco-laborto-e-la-giovanissima-madre-down\/\" \/>\n<meta property=\"og:site_name\" content=\"Rassegna Stampa Cattolica\" \/>\n<meta property=\"article:publisher\" content=\"https:\/\/www.facebook.com\/rassegnastampacattolica\" \/>\n<meta property=\"article:published_time\" content=\"2019-05-29T22:00:17+00:00\" \/>\n<meta property=\"article:modified_time\" content=\"2019-05-31T07:13:10+00:00\" \/>\n<meta property=\"og:image\" content=\"https:\/\/www.rassegnastampa-totustuus.it\/cattolica\/wp-content\/uploads\/2019\/05\/bambina.jpg\" \/>\n\t<meta property=\"og:image:width\" content=\"1600\" \/>\n\t<meta property=\"og:image:height\" content=\"1064\" \/>\n\t<meta property=\"og:image:type\" content=\"image\/jpeg\" \/>\n<meta name=\"author\" content=\"Redazione\" \/>\n<meta name=\"twitter:card\" content=\"summary_large_image\" \/>\n<meta name=\"twitter:creator\" content=\"@rassegnastampa9\" \/>\n<meta name=\"twitter:site\" content=\"@rassegnastampa9\" \/>\n<meta name=\"twitter:label1\" content=\"Scritto da\" \/>\n\t<meta name=\"twitter:data1\" content=\"Redazione\" \/>\n\t<meta name=\"twitter:label2\" content=\"Tempo di lettura stimato\" \/>\n\t<meta name=\"twitter:data2\" content=\"3 minuti\" \/>\n<script type=\"application\/ld+json\" class=\"yoast-schema-graph\">{\"@context\":\"https:\\\/\\\/schema.org\",\"@graph\":[{\"@type\":\"Article\",\"@id\":\"https:\\\/\\\/www.rassegnastampa-totustuus.it\\\/cattolica\\\/francesco-laborto-e-la-giovanissima-madre-down\\\/#article\",\"isPartOf\":{\"@id\":\"https:\\\/\\\/www.rassegnastampa-totustuus.it\\\/cattolica\\\/francesco-laborto-e-la-giovanissima-madre-down\\\/\"},\"author\":{\"name\":\"Redazione\",\"@id\":\"https:\\\/\\\/www.rassegnastampa-totustuus.it\\\/cattolica\\\/#\\\/schema\\\/person\\\/08f319d2bd1a0904ad9e2bfb7b15e5c3\"},\"headline\":\"Francesco, l\u2019aborto e la giovanissima madre down\",\"datePublished\":\"2019-05-29T22:00:17+00:00\",\"dateModified\":\"2019-05-31T07:13:10+00:00\",\"mainEntityOfPage\":{\"@id\":\"https:\\\/\\\/www.rassegnastampa-totustuus.it\\\/cattolica\\\/francesco-laborto-e-la-giovanissima-madre-down\\\/\"},\"wordCount\":524,\"publisher\":{\"@id\":\"https:\\\/\\\/www.rassegnastampa-totustuus.it\\\/cattolica\\\/#organization\"},\"image\":{\"@id\":\"https:\\\/\\\/www.rassegnastampa-totustuus.it\\\/cattolica\\\/francesco-laborto-e-la-giovanissima-madre-down\\\/#primaryimage\"},\"thumbnailUrl\":\"https:\\\/\\\/www.rassegnastampa-totustuus.it\\\/cattolica\\\/wp-content\\\/uploads\\\/2019\\\/05\\\/bambina.jpg\",\"keywords\":[\"Aborto\",\"Papa Francesco\",\"sindrome Down\"],\"articleSection\":[\"Aborto\",\"SS Francesco\"],\"inLanguage\":\"it-IT\"},{\"@type\":\"WebPage\",\"@id\":\"https:\\\/\\\/www.rassegnastampa-totustuus.it\\\/cattolica\\\/francesco-laborto-e-la-giovanissima-madre-down\\\/\",\"url\":\"https:\\\/\\\/www.rassegnastampa-totustuus.it\\\/cattolica\\\/francesco-laborto-e-la-giovanissima-madre-down\\\/\",\"name\":\"Francesco, l\u2019aborto e la giovanissima madre down - Rassegna Stampa Cattolica\",\"isPartOf\":{\"@id\":\"https:\\\/\\\/www.rassegnastampa-totustuus.it\\\/cattolica\\\/#website\"},\"primaryImageOfPage\":{\"@id\":\"https:\\\/\\\/www.rassegnastampa-totustuus.it\\\/cattolica\\\/francesco-laborto-e-la-giovanissima-madre-down\\\/#primaryimage\"},\"image\":{\"@id\":\"https:\\\/\\\/www.rassegnastampa-totustuus.it\\\/cattolica\\\/francesco-laborto-e-la-giovanissima-madre-down\\\/#primaryimage\"},\"thumbnailUrl\":\"https:\\\/\\\/www.rassegnastampa-totustuus.it\\\/cattolica\\\/wp-content\\\/uploads\\\/2019\\\/05\\\/bambina.jpg\",\"datePublished\":\"2019-05-29T22:00:17+00:00\",\"dateModified\":\"2019-05-31T07:13:10+00:00\",\"description\":\"Rassegna Stampa Cattolica - Per una cultura che nasce dalla Rivelazione cristiana in conformit\u00e0 alla tradizione e al Magistero della Chiesa in opposizione ad ogni relativismo e totalitarismo\",\"breadcrumb\":{\"@id\":\"https:\\\/\\\/www.rassegnastampa-totustuus.it\\\/cattolica\\\/francesco-laborto-e-la-giovanissima-madre-down\\\/#breadcrumb\"},\"inLanguage\":\"it-IT\",\"potentialAction\":[{\"@type\":\"ReadAction\",\"target\":[\"https:\\\/\\\/www.rassegnastampa-totustuus.it\\\/cattolica\\\/francesco-laborto-e-la-giovanissima-madre-down\\\/\"]}]},{\"@type\":\"ImageObject\",\"inLanguage\":\"it-IT\",\"@id\":\"https:\\\/\\\/www.rassegnastampa-totustuus.it\\\/cattolica\\\/francesco-laborto-e-la-giovanissima-madre-down\\\/#primaryimage\",\"url\":\"https:\\\/\\\/www.rassegnastampa-totustuus.it\\\/cattolica\\\/wp-content\\\/uploads\\\/2019\\\/05\\\/bambina.jpg\",\"contentUrl\":\"https:\\\/\\\/www.rassegnastampa-totustuus.it\\\/cattolica\\\/wp-content\\\/uploads\\\/2019\\\/05\\\/bambina.jpg\",\"width\":1600,\"height\":1064},{\"@type\":\"BreadcrumbList\",\"@id\":\"https:\\\/\\\/www.rassegnastampa-totustuus.it\\\/cattolica\\\/francesco-laborto-e-la-giovanissima-madre-down\\\/#breadcrumb\",\"itemListElement\":[{\"@type\":\"ListItem\",\"position\":1,\"name\":\"Home\",\"item\":\"https:\\\/\\\/www.rassegnastampa-totustuus.it\\\/cattolica\\\/\"},{\"@type\":\"ListItem\",\"position\":2,\"name\":\"Francesco, l\u2019aborto e la giovanissima madre down\"}]},{\"@type\":\"WebSite\",\"@id\":\"https:\\\/\\\/www.rassegnastampa-totustuus.it\\\/cattolica\\\/#website\",\"url\":\"https:\\\/\\\/www.rassegnastampa-totustuus.it\\\/cattolica\\\/\",\"name\":\"Rassegna Stampa Cattolica\",\"description\":\"Per una cultura che nasce dalla Rivelazione cristiana in conformit\u00e0 alla tradizione e al Magistero della Chiesa in opposizione ad ogni relativismo e totalitarismo\",\"publisher\":{\"@id\":\"https:\\\/\\\/www.rassegnastampa-totustuus.it\\\/cattolica\\\/#organization\"},\"alternateName\":\"Rass. Cattolica\",\"potentialAction\":[{\"@type\":\"SearchAction\",\"target\":{\"@type\":\"EntryPoint\",\"urlTemplate\":\"https:\\\/\\\/www.rassegnastampa-totustuus.it\\\/cattolica\\\/?s={search_term_string}\"},\"query-input\":{\"@type\":\"PropertyValueSpecification\",\"valueRequired\":true,\"valueName\":\"search_term_string\"}}],\"inLanguage\":\"it-IT\"},{\"@type\":\"Organization\",\"@id\":\"https:\\\/\\\/www.rassegnastampa-totustuus.it\\\/cattolica\\\/#organization\",\"name\":\"Rassegna Stampa Cattolica\",\"url\":\"https:\\\/\\\/www.rassegnastampa-totustuus.it\\\/cattolica\\\/\",\"logo\":{\"@type\":\"ImageObject\",\"inLanguage\":\"it-IT\",\"@id\":\"https:\\\/\\\/www.rassegnastampa-totustuus.it\\\/cattolica\\\/#\\\/schema\\\/logo\\\/image\\\/\",\"url\":\"https:\\\/\\\/www.rassegnastampa-totustuus.it\\\/cattolica\\\/wp-content\\\/uploads\\\/2014\\\/04\\\/logo-rassegna1.gif\",\"contentUrl\":\"https:\\\/\\\/www.rassegnastampa-totustuus.it\\\/cattolica\\\/wp-content\\\/uploads\\\/2014\\\/04\\\/logo-rassegna1.gif\",\"width\":600,\"height\":163,\"caption\":\"Rassegna Stampa Cattolica\"},\"image\":{\"@id\":\"https:\\\/\\\/www.rassegnastampa-totustuus.it\\\/cattolica\\\/#\\\/schema\\\/logo\\\/image\\\/\"},\"sameAs\":[\"https:\\\/\\\/www.facebook.com\\\/rassegnastampacattolica\",\"https:\\\/\\\/x.com\\\/rassegnastampa9\"]},{\"@type\":\"Person\",\"@id\":\"https:\\\/\\\/www.rassegnastampa-totustuus.it\\\/cattolica\\\/#\\\/schema\\\/person\\\/08f319d2bd1a0904ad9e2bfb7b15e5c3\",\"name\":\"Redazione\",\"image\":{\"@type\":\"ImageObject\",\"inLanguage\":\"it-IT\",\"@id\":\"https:\\\/\\\/secure.gravatar.com\\\/avatar\\\/2fcdf27c78ea025fbdb44e914cc63c72249ffec9dc8aafd5c82b26240ef3f346?s=96&d=mm&r=g\",\"url\":\"https:\\\/\\\/secure.gravatar.com\\\/avatar\\\/2fcdf27c78ea025fbdb44e914cc63c72249ffec9dc8aafd5c82b26240ef3f346?s=96&d=mm&r=g\",\"contentUrl\":\"https:\\\/\\\/secure.gravatar.com\\\/avatar\\\/2fcdf27c78ea025fbdb44e914cc63c72249ffec9dc8aafd5c82b26240ef3f346?s=96&d=mm&r=g\",\"caption\":\"Redazione\"},\"url\":\"https:\\\/\\\/www.rassegnastampa-totustuus.it\\\/cattolica\\\/author\\\/pietroelle\\\/\"}]}<\/script>\n<!-- \/ Yoast SEO plugin. -->","yoast_head_json":{"title":"Francesco, l\u2019aborto e la giovanissima madre down - Rassegna Stampa Cattolica","description":"Rassegna Stampa Cattolica - Per una cultura che nasce dalla Rivelazione cristiana in conformit\u00e0 alla tradizione e al Magistero della Chiesa in opposizione ad ogni relativismo e totalitarismo","robots":{"index":"index","follow":"follow","max-snippet":"max-snippet:-1","max-image-preview":"max-image-preview:large","max-video-preview":"max-video-preview:-1"},"canonical":"https:\/\/www.rassegnastampa-totustuus.it\/cattolica\/francesco-laborto-e-la-giovanissima-madre-down\/","og_locale":"it_IT","og_type":"article","og_title":"Francesco, l\u2019aborto e la giovanissima madre down - Rassegna Stampa Cattolica","og_description":"Rassegna Stampa Cattolica - Per una cultura che nasce dalla Rivelazione cristiana in conformit\u00e0 alla tradizione e al Magistero della Chiesa in opposizione ad ogni relativismo e totalitarismo","og_url":"https:\/\/www.rassegnastampa-totustuus.it\/cattolica\/francesco-laborto-e-la-giovanissima-madre-down\/","og_site_name":"Rassegna Stampa Cattolica","article_publisher":"https:\/\/www.facebook.com\/rassegnastampacattolica","article_published_time":"2019-05-29T22:00:17+00:00","article_modified_time":"2019-05-31T07:13:10+00:00","og_image":[{"width":1600,"height":1064,"url":"https:\/\/www.rassegnastampa-totustuus.it\/cattolica\/wp-content\/uploads\/2019\/05\/bambina.jpg","type":"image\/jpeg"}],"author":"Redazione","twitter_card":"summary_large_image","twitter_creator":"@rassegnastampa9","twitter_site":"@rassegnastampa9","twitter_misc":{"Scritto da":"Redazione","Tempo di lettura stimato":"3 minuti"},"schema":{"@context":"https:\/\/schema.org","@graph":[{"@type":"Article","@id":"https:\/\/www.rassegnastampa-totustuus.it\/cattolica\/francesco-laborto-e-la-giovanissima-madre-down\/#article","isPartOf":{"@id":"https:\/\/www.rassegnastampa-totustuus.it\/cattolica\/francesco-laborto-e-la-giovanissima-madre-down\/"},"author":{"name":"Redazione","@id":"https:\/\/www.rassegnastampa-totustuus.it\/cattolica\/#\/schema\/person\/08f319d2bd1a0904ad9e2bfb7b15e5c3"},"headline":"Francesco, l\u2019aborto e la giovanissima madre down","datePublished":"2019-05-29T22:00:17+00:00","dateModified":"2019-05-31T07:13:10+00:00","mainEntityOfPage":{"@id":"https:\/\/www.rassegnastampa-totustuus.it\/cattolica\/francesco-laborto-e-la-giovanissima-madre-down\/"},"wordCount":524,"publisher":{"@id":"https:\/\/www.rassegnastampa-totustuus.it\/cattolica\/#organization"},"image":{"@id":"https:\/\/www.rassegnastampa-totustuus.it\/cattolica\/francesco-laborto-e-la-giovanissima-madre-down\/#primaryimage"},"thumbnailUrl":"https:\/\/www.rassegnastampa-totustuus.it\/cattolica\/wp-content\/uploads\/2019\/05\/bambina.jpg","keywords":["Aborto","Papa Francesco","sindrome Down"],"articleSection":["Aborto","SS Francesco"],"inLanguage":"it-IT"},{"@type":"WebPage","@id":"https:\/\/www.rassegnastampa-totustuus.it\/cattolica\/francesco-laborto-e-la-giovanissima-madre-down\/","url":"https:\/\/www.rassegnastampa-totustuus.it\/cattolica\/francesco-laborto-e-la-giovanissima-madre-down\/","name":"Francesco, l\u2019aborto e la giovanissima madre down - Rassegna Stampa Cattolica","isPartOf":{"@id":"https:\/\/www.rassegnastampa-totustuus.it\/cattolica\/#website"},"primaryImageOfPage":{"@id":"https:\/\/www.rassegnastampa-totustuus.it\/cattolica\/francesco-laborto-e-la-giovanissima-madre-down\/#primaryimage"},"image":{"@id":"https:\/\/www.rassegnastampa-totustuus.it\/cattolica\/francesco-laborto-e-la-giovanissima-madre-down\/#primaryimage"},"thumbnailUrl":"https:\/\/www.rassegnastampa-totustuus.it\/cattolica\/wp-content\/uploads\/2019\/05\/bambina.jpg","datePublished":"2019-05-29T22:00:17+00:00","dateModified":"2019-05-31T07:13:10+00:00","description":"Rassegna Stampa Cattolica - Per una cultura che nasce dalla Rivelazione cristiana in conformit\u00e0 alla tradizione e al Magistero della Chiesa in opposizione ad ogni relativismo e totalitarismo","breadcrumb":{"@id":"https:\/\/www.rassegnastampa-totustuus.it\/cattolica\/francesco-laborto-e-la-giovanissima-madre-down\/#breadcrumb"},"inLanguage":"it-IT","potentialAction":[{"@type":"ReadAction","target":["https:\/\/www.rassegnastampa-totustuus.it\/cattolica\/francesco-laborto-e-la-giovanissima-madre-down\/"]}]},{"@type":"ImageObject","inLanguage":"it-IT","@id":"https:\/\/www.rassegnastampa-totustuus.it\/cattolica\/francesco-laborto-e-la-giovanissima-madre-down\/#primaryimage","url":"https:\/\/www.rassegnastampa-totustuus.it\/cattolica\/wp-content\/uploads\/2019\/05\/bambina.jpg","contentUrl":"https:\/\/www.rassegnastampa-totustuus.it\/cattolica\/wp-content\/uploads\/2019\/05\/bambina.jpg","width":1600,"height":1064},{"@type":"BreadcrumbList","@id":"https:\/\/www.rassegnastampa-totustuus.it\/cattolica\/francesco-laborto-e-la-giovanissima-madre-down\/#breadcrumb","itemListElement":[{"@type":"ListItem","position":1,"name":"Home","item":"https:\/\/www.rassegnastampa-totustuus.it\/cattolica\/"},{"@type":"ListItem","position":2,"name":"Francesco, l\u2019aborto e la giovanissima madre down"}]},{"@type":"WebSite","@id":"https:\/\/www.rassegnastampa-totustuus.it\/cattolica\/#website","url":"https:\/\/www.rassegnastampa-totustuus.it\/cattolica\/","name":"Rassegna Stampa Cattolica","description":"Per una cultura che nasce dalla Rivelazione cristiana in conformit\u00e0 alla tradizione e al Magistero della Chiesa in opposizione ad ogni relativismo e totalitarismo","publisher":{"@id":"https:\/\/www.rassegnastampa-totustuus.it\/cattolica\/#organization"},"alternateName":"Rass. Cattolica","potentialAction":[{"@type":"SearchAction","target":{"@type":"EntryPoint","urlTemplate":"https:\/\/www.rassegnastampa-totustuus.it\/cattolica\/?s={search_term_string}"},"query-input":{"@type":"PropertyValueSpecification","valueRequired":true,"valueName":"search_term_string"}}],"inLanguage":"it-IT"},{"@type":"Organization","@id":"https:\/\/www.rassegnastampa-totustuus.it\/cattolica\/#organization","name":"Rassegna Stampa Cattolica","url":"https:\/\/www.rassegnastampa-totustuus.it\/cattolica\/","logo":{"@type":"ImageObject","inLanguage":"it-IT","@id":"https:\/\/www.rassegnastampa-totustuus.it\/cattolica\/#\/schema\/logo\/image\/","url":"https:\/\/www.rassegnastampa-totustuus.it\/cattolica\/wp-content\/uploads\/2014\/04\/logo-rassegna1.gif","contentUrl":"https:\/\/www.rassegnastampa-totustuus.it\/cattolica\/wp-content\/uploads\/2014\/04\/logo-rassegna1.gif","width":600,"height":163,"caption":"Rassegna Stampa Cattolica"},"image":{"@id":"https:\/\/www.rassegnastampa-totustuus.it\/cattolica\/#\/schema\/logo\/image\/"},"sameAs":["https:\/\/www.facebook.com\/rassegnastampacattolica","https:\/\/x.com\/rassegnastampa9"]},{"@type":"Person","@id":"https:\/\/www.rassegnastampa-totustuus.it\/cattolica\/#\/schema\/person\/08f319d2bd1a0904ad9e2bfb7b15e5c3","name":"Redazione","image":{"@type":"ImageObject","inLanguage":"it-IT","@id":"https:\/\/secure.gravatar.com\/avatar\/2fcdf27c78ea025fbdb44e914cc63c72249ffec9dc8aafd5c82b26240ef3f346?s=96&d=mm&r=g","url":"https:\/\/secure.gravatar.com\/avatar\/2fcdf27c78ea025fbdb44e914cc63c72249ffec9dc8aafd5c82b26240ef3f346?s=96&d=mm&r=g","contentUrl":"https:\/\/secure.gravatar.com\/avatar\/2fcdf27c78ea025fbdb44e914cc63c72249ffec9dc8aafd5c82b26240ef3f346?s=96&d=mm&r=g","caption":"Redazione"},"url":"https:\/\/www.rassegnastampa-totustuus.it\/cattolica\/author\/pietroelle\/"}]}},"_links":{"self":[{"href":"https:\/\/www.rassegnastampa-totustuus.it\/cattolica\/wp-json\/wp\/v2\/posts\/43082","targetHints":{"allow":["GET"]}}],"collection":[{"href":"https:\/\/www.rassegnastampa-totustuus.it\/cattolica\/wp-json\/wp\/v2\/posts"}],"about":[{"href":"https:\/\/www.rassegnastampa-totustuus.it\/cattolica\/wp-json\/wp\/v2\/types\/post"}],"author":[{"embeddable":true,"href":"https:\/\/www.rassegnastampa-totustuus.it\/cattolica\/wp-json\/wp\/v2\/users\/6"}],"replies":[{"embeddable":true,"href":"https:\/\/www.rassegnastampa-totustuus.it\/cattolica\/wp-json\/wp\/v2\/comments?post=43082"}],"version-history":[{"count":2,"href":"https:\/\/www.rassegnastampa-totustuus.it\/cattolica\/wp-json\/wp\/v2\/posts\/43082\/revisions"}],"predecessor-version":[{"id":43135,"href":"https:\/\/www.rassegnastampa-totustuus.it\/cattolica\/wp-json\/wp\/v2\/posts\/43082\/revisions\/43135"}],"wp:featuredmedia":[{"embeddable":true,"href":"https:\/\/www.rassegnastampa-totustuus.it\/cattolica\/wp-json\/wp\/v2\/media\/43083"}],"wp:attachment":[{"href":"https:\/\/www.rassegnastampa-totustuus.it\/cattolica\/wp-json\/wp\/v2\/media?parent=43082"}],"wp:term":[{"taxonomy":"category","embeddable":true,"href":"https:\/\/www.rassegnastampa-totustuus.it\/cattolica\/wp-json\/wp\/v2\/categories?post=43082"},{"taxonomy":"post_tag","embeddable":true,"href":"https:\/\/www.rassegnastampa-totustuus.it\/cattolica\/wp-json\/wp\/v2\/tags?post=43082"}],"curies":[{"name":"wp","href":"https:\/\/api.w.org\/{rel}","templated":true}]}}