{"id":42946,"date":"2017-05-02T00:00:47","date_gmt":"2017-05-01T22:00:47","guid":{"rendered":"http:\/\/www.rassegnastampa-totustuus.it\/cattolica\/?p=42946"},"modified":"2019-05-02T17:01:35","modified_gmt":"2019-05-02T15:01:35","slug":"dove-pol-pot-regno-e-sta-ritornando","status":"publish","type":"post","link":"https:\/\/www.rassegnastampa-totustuus.it\/cattolica\/dove-pol-pot-regno-e-sta-ritornando\/","title":{"rendered":"Dove Pol Pot regn\u00f2 e sta ritornando"},"content":{"rendered":"<p style=\"text-align: center;\"><a href=\"https:\/\/www.rassegnastampa-totustuus.it\/cattolica\/wp-content\/uploads\/2019\/05\/Pol_Pot.jpg\"><img loading=\"lazy\" decoding=\"async\" class=\"alignleft wp-image-42948\" src=\"https:\/\/www.rassegnastampa-totustuus.it\/cattolica\/wp-content\/uploads\/2019\/05\/Pol_Pot.jpg\" alt=\"\" width=\"250\" height=\"172\" \/><\/a>da<strong> Il Sabato<\/strong> n.5 \u2013<\/p>\n<p style=\"text-align: center;\">4 Febbraio 1989 <strong>\u00a0<\/strong><\/p>\n<p style=\"text-align: justify;\"><em>\u00abA pochi chilometri da Phnom Penh ho visto operai che scavavano. E dei cumuli bianchi, indefinibili. Lentamente i cumuli acquistavano un&#8217;identit\u00e0: teschi ed ossa umane. Altri resti di un genocidio\u00bb. Cos\u00ec Fabrizio Del Noce racconta quello che ha visto in Cambogia. Gli occupanti vietnamiti se ne stanno andando lasciando un piccolo governo comunista alle prese con un esercito comunista terrificante: quello di Poi Pot, che dalla jungla continua a dirigere la guerriglia dei Khmer rossi. E&#8217; la prima parte di un grande reportage sull&#8217;Indocina. Questa puntata \u00e8 dedicata alla Cambogia. <\/em><\/p>\n<p style=\"text-align: center;\"><strong>Fabrizio Del Noce<\/strong><\/p>\n<p><!--more--><\/p>\n<p style=\"text-align: justify;\">UN piccolo, insignificante posto di frontiera segna il confine di terra tra il Vietnam e la Cambogia, pi\u00f9 o meno a met\u00e0 della strada che collega Saigon, oggi citt\u00e0 Ho Chi Mihn, a Phnom Penh. Un confine importante, teatro dieci anni fa della prima guerra civile all&#8217;interno del mondo comunista, tra i khmer rossi che governavano in Cambogia, e gli ex vietcong divenuti padroni di un Vietnam riunificato dalla guerra.<\/p>\n<p style=\"text-align: justify;\"><a href=\"https:\/\/www.rassegnastampa-totustuus.it\/cattolica\/wp-content\/uploads\/2010\/09\/Cambogia_1.jpg\"><img loading=\"lazy\" decoding=\"async\" class=\"alignright wp-image-21317\" src=\"https:\/\/www.rassegnastampa-totustuus.it\/cattolica\/wp-content\/uploads\/2010\/09\/Cambogia_1.jpg\" alt=\"\" width=\"250\" height=\"170\" \/><\/a>Oggi Vietnam e Cambogia sono in qualche modo unificati anch&#8217;essi, dato che da 10 anni \u00e8 al potere a Phnom Penh un governo installato e sostenuto dai vietnamiti. E perci\u00f2 solo uno sparuto gruppo di soldati pattuglia da entrambe le parti questo confine, attraversato ogni giorno nei due sensi da gruppi di contadini che cercano di scambiare le loro merci con il sistema antico del baratto.<\/p>\n<p style=\"text-align: justify;\">I controlli, al confine, sono pressocch\u00e9 inesistenti. Per i giornalisti l&#8217;aver ottenuto il visto vietnamita \u00e8 considerato una garanzia sufficiente. Quello cambogiano \u00e8 solo una formalit\u00e0 aggiuntiva.<\/p>\n<p style=\"text-align: justify;\"><strong>Massacri democratici<\/strong><\/p>\n<p style=\"text-align: justify;\">Un Paese che oggi parla a tutti di sterminii, di genocidio, di fosse comuni, con annessa la vasta gamma di sentimenti che suscitano le tragedie umane. Soprattutto quelle rievocate da film di successo con un supplemento di macabro e di thrilling.<\/p>\n<p style=\"text-align: justify;\">Ossessionante, mentre la vecchia automobile ansima sulla strada polverosa che costeggia paludi e risaie, mi torna alla mente un bilancio: tre milioni di morti su sette milioni di abitanti. Sotto il profilo statistico e percentuale, un primato che sar\u00e0 ben difficile battere. Eppure, per la generazione europea del &#8217;68, Vietnam e Cambogia non erano solo miti, erano dogmi.<\/p>\n<p style=\"text-align: justify;\">Come in tutti i regimi comunisti, la prima formalit\u00e0 necessaria per i giornalisti \u00e8 l&#8217;assegnazione di una guida. Un po&#8217; interprete, certamente un po&#8217; spia. E comunque garanzia, per il regime, che l&#8217;intruso occidentale sia costretto a muoversi in ambiti ben circoscritti. La mia guida \u00e8 una funzionaria del ministero degli Esteri, parla un francese accettabile.<\/p>\n<p style=\"text-align: justify;\"><a href=\"https:\/\/www.rassegnastampa-totustuus.it\/cattolica\/wp-content\/uploads\/2010\/09\/Cambogia_3.jpg\"><img loading=\"lazy\" decoding=\"async\" class=\"alignleft wp-image-21318\" src=\"https:\/\/www.rassegnastampa-totustuus.it\/cattolica\/wp-content\/uploads\/2010\/09\/Cambogia_3.jpg\" alt=\"\" width=\"250\" height=\"154\" \/><\/a>La prima cosa che mi racconta per farmi entrare nel \u00abclima\u00bb cambogiano, \u00e8 di essere sola al mondo. Tutta la sua famiglia fu prelevata dai khmer rossi, con l&#8217;accusa consueta e generica: cospirazione con il nemico. La macchina era ormai piena, e i khmer rossi le dissero che sarebbero tornati a prenderla. Ma in effetti non tornarono pi\u00f9. Ed ebbe salva la vita.<\/p>\n<p style=\"text-align: justify;\">Del resto \u2014 mi conferma \u2014 non c&#8217;\u00e8 famiglia che non abbia avuto qualche ucciso dai khmer rossi, o morto in seguito agli stenti patiti in quei brevi, lunghissimi tre anni del loro regime. E\u2019 logico quindi che il loro spettro sia dovunque, un incubo incancellabile. Meno logico, invece, che abbiano ancora una sopravvivenza militare e addirittura una credibilit\u00e0 politica.<\/p>\n<p style=\"text-align: justify;\">Eppure, \u00e8 proprio l&#8217;America, spalleggiata dall&#8217;Europa, e sostenuta dalla Cina e dai suoi gregari, che ha assicurato questa sopravvivenza garantendo a Pol Pot e ai suoi il seggio alle Nazioni Unite. E\u2019 un paradosso che mi ha sempre colpito. \u00a0Ma l&#8217;impatto con una Cambogia dove tutto ancora parla dei massacri me lo rende non tanto difficile da spiegare quanto impossibile da accettare. Nemmeno in nome della realpolitik.<\/p>\n<p style=\"text-align: justify;\"><a href=\"https:\/\/www.rassegnastampa-totustuus.it\/cattolica\/wp-content\/uploads\/2019\/05\/Cambogia.jpg\"><img loading=\"lazy\" decoding=\"async\" class=\"alignright wp-image-42949\" src=\"https:\/\/www.rassegnastampa-totustuus.it\/cattolica\/wp-content\/uploads\/2019\/05\/Cambogia.jpg\" alt=\"\" width=\"220\" height=\"174\" \/><\/a>La politica internazionale, nel secondo dopoguerra, si \u00e8 retta su una serie di principi, in linea generale condivisibili, tra cui quello di non riconoscere governi imposti da occupazioni militari straniere. Singolare non \u00e8 il principio, ma l&#8217;applicazione che ne \u00e8 stata fatta. Idi Amin, in Uganda, \u00e8 stato rovesciato da una coalizione di Paesi vicini. Ma nessuno ha mantenuto il seggio all&#8217;Onu al suo governo, genocida nei fatti pi\u00f9 che nei principi, e comunque nemmeno comparabile con quello di Pol Pot.<\/p>\n<p style=\"text-align: justify;\">L&#8217;invasione vietnamita in Cambogia non \u00e8 stata certo dettata da motivi umanitari, ma per una eterogenesi dei fini ha impedito che gli stermini toccassero livelli ancora pi\u00f9 atroci. Dieci anni dopo bisogna essere realisti e chiedersi: se i vietnamiti non avessero rovesciato Pol Pot, cosa sarebbe accaduto?<\/p>\n<p style=\"text-align: justify;\">A pochi chilometri da Phnom Penh ho visto degli operai che stavano scavando. E dei cumuli bianchi, indefinibili, accatastati. Ho detto alla guida di avvicinarsi. E a poco a poco i cumuli acquistavano una identit\u00e0 e un nome: teschi e ossa umane, altri resti di un genocidio. L&#8217;ennesima, ma certo non l&#8217;ultima, fossa comune. \u00c8 una impressione che va al di l\u00e0 delle descrizioni.<\/p>\n<p style=\"text-align: justify;\"><strong>La pace come incubo<\/strong><\/p>\n<p style=\"text-align: justify;\"><a href=\"https:\/\/www.rassegnastampa-totustuus.it\/cattolica\/wp-content\/uploads\/2010\/09\/Cambogia-2.jpg\"><img loading=\"lazy\" decoding=\"async\" class=\"alignleft wp-image-21316\" src=\"https:\/\/www.rassegnastampa-totustuus.it\/cattolica\/wp-content\/uploads\/2010\/09\/Cambogia-2.jpg\" alt=\"\" width=\"250\" height=\"166\" \/><\/a>Tante ossa accatastate ordinatamente come fossero legna da ardere. E i teschi accuratamente censiti e schedati. Per sesso, e per et\u00e0 presunta. Un giovane medico vietnamita, incaricato di questo macabro censimento, mi ha detto che per alcune notti non aveva potuto dormire, assalito dagli incubi. Mi ha fatto toccare con mano la realt\u00e0 di eccidi che il mondo vuole in realt\u00e0 rimuovere dalla memoria. Soprattutto l&#8217;intellighenzia progressista, nei cui schemi non entra Pol Pot, e neppure Mao un tempo deificato e oggi visto come era nei fatti.<\/p>\n<p style=\"text-align: justify;\">Le ecchimosi \u2014 mi dice il medico \u2014 dimostrano come la maggioranza delle persone sia stata uccisa con le bastonate e con la tortura. E come il genocidio sia stato anagraficamente democratico: c&#8217;\u00e8 una equa ripartizione tra donne e uomini, tra adulti, vecchi e bambini. Macabro passato, si dir\u00e0.<\/p>\n<p style=\"text-align: justify;\">Ma anche un possibile e non augurabile futuro. I khmer rossi esistono ancora. Almeno 40-50mila nelle jungle e nelle montagne. Una potenza militare superiore a quella del governo cambogiano che entro l&#8217;anno sar\u00e0 orfano dell&#8217;appoggio vietnamita. Lo spettro che sta dietro il ritiro ormai irreversibile delle truppe di Hanoi.<\/p>\n<div id=\"attachment_42950\" style=\"width: 258px\" class=\"wp-caption alignright\"><a href=\"https:\/\/www.rassegnastampa-totustuus.it\/cattolica\/wp-content\/uploads\/2019\/05\/Phnom_Penh_Cambogia.jpg\"><img loading=\"lazy\" decoding=\"async\" aria-describedby=\"caption-attachment-42950\" class=\"wp-image-42950 size-full\" src=\"https:\/\/www.rassegnastampa-totustuus.it\/cattolica\/wp-content\/uploads\/2019\/05\/Phnom_Penh_Cambogia.jpg\" alt=\"\" width=\"258\" height=\"173\" \/><\/a><p id=\"caption-attachment-42950\" class=\"wp-caption-text\">Phnom Penh<\/p><\/div>\n<p style=\"text-align: justify;\">Il primo ministro cambogiano Hun Sen si mostra abbastanza sicuro. Riceve i giornalisti stranieri in una conferenza stampa. Un nome \u00e8 onnipresente. Sempre il solito. Pol Pot. La Cambogia vive adesso un nuovo incubo, un incubo chiamato pace, che nemmeno il suo primo ministro riesce ad esorcizzare del tutto.<\/p>\n<p style=\"text-align: justify;\">Hun Sen \u00e8 giovane, porta gli occhiali, parla con calma e con tono dimesso. I suoi timori sono chiari: teme che il vento della distensione che non soffia solo sull&#8217;Est e sull&#8217;Ovest, ma lambisce anche i due santuari asiatici del comunismo, la Russia e la Cina, finisca per rimettere in gioco i khmer rossi. La Cambogia \u2014 \u00e8 il senso del suo discorso \u2014 \u00e8 una piccola crisi regionale che ha assunto rilievo mondiale.<\/p>\n<div id=\"attachment_42951\" style=\"width: 150px\" class=\"wp-caption alignleft\"><a href=\"https:\/\/www.rassegnastampa-totustuus.it\/cattolica\/wp-content\/uploads\/2019\/05\/Norodom_Sihanouk.jpg\"><img loading=\"lazy\" decoding=\"async\" aria-describedby=\"caption-attachment-42951\" class=\"wp-image-42951\" src=\"https:\/\/www.rassegnastampa-totustuus.it\/cattolica\/wp-content\/uploads\/2019\/05\/Norodom_Sihanouk.jpg\" alt=\"\" width=\"150\" height=\"200\" \/><\/a><p id=\"caption-attachment-42951\" class=\"wp-caption-text\">Norodom Sihanouk<\/p><\/div>\n<p style=\"text-align: justify;\">Un accordo per chiudere questa crisi pu\u00f2 declassarla nuovamente a crisi regionale. Ma chiudere la crisi con il semplice ritiro delle forze straniere \u2014 \u00e8 il suo timore \u2014 significa comunque rimettere in gioco i khmer rossi come organizzazione politica. E potrebbe anche rimetterli in gioco come forza militare, riaprendo la guerra civile.<\/p>\n<p style=\"text-align: justify;\">Ci sono infatti tre forze che si oppongono al governo filo-vietnamita di Phnom Penh: i fedeli del deposto principe Sihanouk, i nazionalisti di Son San, che sono i pi\u00f9 deboli e, appunto, i khmer rossi. La forza pi\u00f9 organizzata e armata, di cui Pol Pot, sembra certo, continua ad essere l&#8217;anima e la guida. E anche se fosse vero, come i khmer rossi dicono, che \u00ablui\u00bb \u00e8 in Cina solo e malato, politicamente fuori gioco, trattare con i suoi complici sarebbe come condannare Hitler assolvendo il nazismo.<\/p>\n<p style=\"text-align: justify;\">I dialoghi di pace non si annunciano facili. Da un lato infatti il governo di Phnom Penh, anche se formalmente \u00e8 riconosciuto solo dai Paesi del blocco sovietico, si considera il governo legale della Cambogia, che ha il controllo effettivo di gran parte del territorio. Hun Sen \u00e8 categorico: \u00abNessuno pensi\u00bb afferma \u00abdi inviare qui i caschi blu delle Nazioni Unite come forza che garantisca i negoziati per un nuovo governo di unit\u00e0 nazionale. Noi siamo il governo legale della Cambogia, e da queste basi tratteremo con gli altri\u00bb.<\/p>\n<p style=\"text-align: justify;\"><a href=\"https:\/\/www.rassegnastampa-totustuus.it\/cattolica\/wp-content\/uploads\/2019\/05\/kmer_rossi_Cambogia.jpg\"><img loading=\"lazy\" decoding=\"async\" class=\"alignright wp-image-42952\" src=\"https:\/\/www.rassegnastampa-totustuus.it\/cattolica\/wp-content\/uploads\/2019\/05\/kmer_rossi_Cambogia.jpg\" alt=\"\" width=\"250\" height=\"164\" \/><\/a>Una premessa, questa, che cozza frontalmente con le pretese degli \u00abaltri\u00bb, che dopo avere combattuto per dieci anni nella jungla proprio perch\u00e9 non riconoscevano il governo filo-vietnamita, non intendono adesso negoziare dopo averlo legittimato.<\/p>\n<p style=\"text-align: justify;\">Ma se la sola presenza dei khmer rossi \u00e8 un incubo perenne, e il dover trattare con loro un insulto per i morti e una minaccia per i vivi, l&#8217;accordo con il principe Sihanouk non manca n\u00e9 di difficolt\u00e0, n\u00e9 di rischi. A Phnom Penh, del suo effimero regno, sopravvive il sontuoso palazzo reale che si affaccia sul Tonl\u00e9 Sap e sul Mekong, i due fiumi che si abbracciano a est della capitale con lo sfondo verde smeraldo della foresta tropicale sulla sponda opposta.<\/p>\n<p style=\"text-align: justify;\">Sihanouk, deposto nel &#8217;70 dagli americani per sostituirlo con un alleato duttile ma inetto, il maresciallo Lon Noi, \u00e8 a buon diritto considerato un maestro nel cambiar bandiera. Trescava con la Cina di Mao ai tempi dell&#8217;intervento americano in Vietnam. Dopo essere stato deposto ripar\u00f2 in Cina e organizz\u00f2 la guerra di liberazione nazionale a fianco dei khmer rossi.<\/p>\n<p style=\"text-align: justify;\">Non ne condivise \u2014 va detto a suo onore \u2014 il progetto di \u00abnormalizzazione\u00bb, e durante il loro governo fu tenuto prigioniero nel suo palazzo. Ma ridivenne loro alleato dopo l&#8217;invasione vietnamita, e adesso vorrebbe tornare al potere con l&#8217;appoggio dei Paesi occidentali, che dopo averlo deposto e combattuto, adesso lo vedono come unico potenziale simbolo dell&#8217;unit\u00e0 nazionale. Affidabile proprio perch\u00e9 di lui diffidano, per diversi motivi, tutte le varie componenti del comunismo asiatico.<\/p>\n<p style=\"text-align: justify;\"><strong>Ritiro e retorica<\/strong><\/p>\n<p style=\"text-align: justify;\"><a href=\"https:\/\/www.rassegnastampa-totustuus.it\/cattolica\/wp-content\/uploads\/2019\/05\/Cambogia_Vietnam.jpg\"><img loading=\"lazy\" decoding=\"async\" class=\"alignleft wp-image-42953\" src=\"https:\/\/www.rassegnastampa-totustuus.it\/cattolica\/wp-content\/uploads\/2019\/05\/Cambogia_Vietnam.jpg\" alt=\"\" width=\"250\" height=\"165\" \/><\/a>Su questo sfondo politico, il disimpegno militare del Vietnam procede rispettando le scadenze prefissate. Nella penultima fase, tra dicembre e gennaio, sono partiti altri 50mila soldati.<\/p>\n<p style=\"text-align: justify;\">Ci hanno portato fino nelle pi\u00f9 lontane province per assistere agli addii. Donne e bambini che lanciavano frutta e fiori ai soldati stipati su vecchi camion che si avviavano lentamente in lunghe colonne sollevando enormi nuvole di polvere. C&#8217;\u00e8 una retorica che si assomiglia dovunque, in Cambogia come in Afghanistan, in queste cerimonie. Pi\u00f9 interessante, sarebbe poter vedere che cosa ci sia realmente \u00abdietro\u00bb.<\/p>\n<p style=\"text-align: justify;\">Centinaia di migliaia di giovani soldati che tornano in Vietnam ad ingrossare le fila dei disoccupati o dei sottoccupati di un popolo che sa vincere le guerre e non sa costruire la pace. E che adesso \u00e8 costretto a pagare il prezzo di questo ritiro per rompere l&#8217;isolamento internazionale e ottenere prestiti in dollari, la moneta dell&#8217;odiato nemico americano. Sapore amaro di una rivincita.<\/p>\n<p style=\"text-align: justify;\">Una popolazione cambogiana che teme una verifica: l&#8217;efficienza del suo esercito costretto d&#8217;ora in poi a fronteggiare da solo i 40-50mila khmer rossi annidati sulle montagne Cardamone o nascosti nei campi ai confini con la Thailandia. E\u2019 raro che sferrino vere e proprie offensive.<\/p>\n<p style=\"text-align: justify;\">In pattuglie sparute si infiltrano in villaggi non presidiati o isolati, dove non ci sono guarnigioni vietnamite, e reclutano con la forza i giovani terrorizzando gli abitanti. E seminano sul loro passaggio tappeti di mine di plastica, che si confondono con la terra rossa delle piste delle foreste.<\/p>\n<p style=\"text-align: justify;\">Questo, finora. Ma cosa faranno una volta che i vietnamiti non ci saranno pi\u00f9? E&#8217; un dubbio che non leggiamo negli occhi della gente di villaggio sensibilizzata dalla propaganda di regime che assicura protezione e vittorie. Ma \u00e8 un dubbio reale, che affligge a Phnom Penh chi gestisce e ha dovuto accettare l&#8217;alea politica del rischio.<\/p>\n<p style=\"text-align: justify;\"><strong>Bandiere rosse e incenso<\/strong><\/p>\n<p style=\"text-align: justify;\"><a href=\"https:\/\/www.rassegnastampa-totustuus.it\/cattolica\/wp-content\/uploads\/2019\/05\/buddisti.jpg\"><img loading=\"lazy\" decoding=\"async\" class=\"alignright wp-image-42954\" src=\"https:\/\/www.rassegnastampa-totustuus.it\/cattolica\/wp-content\/uploads\/2019\/05\/buddisti.jpg\" alt=\"\" width=\"150\" height=\"200\" \/><\/a>La Cambogia che ho trovato \u00e8 un Paese meno povero di quanto mi sarei aspettato. Sarebbe del resto per natura e per clima un Paese, se non ricco, almeno autosufficiente. Adesso, con una popolazione quasi dimezzata dal genocidio, presenta un aspetto esteriore pi\u00f9 vicino alla povert\u00e0 che alla miseria.<\/p>\n<p style=\"text-align: justify;\">Mancano, \u00e8 ovvio, i prodotti occidentali e di consumo. I soli telefoni esistenti si trovano alle poste centrali. Non esiste un collegamento telex. Il traffico, come del resto in Vietnam, \u00e8 formato quasi esclusivamente di biciclette, e i trasporti pubblici sono assicurati dai \u00abrisci\u00f2\u00bb, carrozzine trainate da biciclette.<\/p>\n<p style=\"text-align: justify;\">I grandi, maestosi viali di quella che fu la pi\u00f9 bella citt\u00e0 dell&#8217;Indocina sono quindi quasi deserti, particolarmente malinconici la sera, all&#8217;incerta luce di rari lampioni, quando entra in vigore il coprifuoco. \u00a0Non capita spesso di veder rivivere una capitale.<\/p>\n<p style=\"text-align: justify;\">Phnom Penh, svuotata a suo tempo dai suoi abitanti, come una pattumiera umana, in nome di un ritorno di massa alle campagne, risorge lentamente. Respira ancora con fatica, ma i negozi si moltiplicano, i mercati sono meno poveri, le case, rimaste disabitate per anni, hanno trovato nuovi inquilini.<\/p>\n<p style=\"text-align: justify;\"><a href=\"https:\/\/www.rassegnastampa-totustuus.it\/cattolica\/wp-content\/uploads\/2019\/05\/Cambogia_stadio.jpg\"><img loading=\"lazy\" decoding=\"async\" class=\"alignleft wp-image-42955\" src=\"https:\/\/www.rassegnastampa-totustuus.it\/cattolica\/wp-content\/uploads\/2019\/05\/Cambogia_stadio.jpg\" alt=\"\" width=\"250\" height=\"166\" \/><\/a>Per lo pi\u00f9 contadini, che cominciano ad abituarsi alla vita urbana. Rivisitare oggi Phnom Penh vuol dire comunque associare dei ricordi. Anche in noi giornalisti c\u2019\u00e8 una curiosit\u00e0 macabra che ci porta a rivedere le vecchie ambasciate, vuote e disabitate da \u00aballora\u00bb. E ci spinge a lavorar di fantasia, a immaginarci la citt\u00e0 com\u2019era, e a chiederci tanti perch\u00e9.<\/p>\n<p style=\"text-align: justify;\">Il vecchio liceo di Phmom Penh assomiglia alle scuole coloniali che troviamo ancora in tante parti del mondo. Ma questa ha una storia speciale. Divenne la prigione di Stato, luogo di tortura e di morte per pi\u00f9 di 20mila persone. Oggi un museo ne ricorda l\u2019olocausto. Si vedono le aule scolastiche trasformate in celle, le fotografie, gli strumenti di tortura. E sembra impossibile che fino a quel fatale 17 aprile 1975 le stesse aule ospitassero giovani studenti.<\/p>\n<p style=\"text-align: justify;\">Cos\u00ec pure il bellissimo stadio, orgoglio dell\u2019architetto Van Mollivan, che firmandone pomposamente il progetto non avrebbe mai immaginato che sarebbe diventato il mattatoio ufficiale per i prigionieri politici.<\/p>\n<p style=\"text-align: justify;\"><a href=\"https:\/\/www.rassegnastampa-totustuus.it\/cattolica\/wp-content\/uploads\/2019\/05\/Cambogia_chiesa.jpg\"><img loading=\"lazy\" decoding=\"async\" class=\"alignright wp-image-42956\" src=\"https:\/\/www.rassegnastampa-totustuus.it\/cattolica\/wp-content\/uploads\/2019\/05\/Cambogia_chiesa-225x300.jpg\" alt=\"\" width=\"150\" height=\"200\" srcset=\"https:\/\/www.rassegnastampa-totustuus.it\/cattolica\/wp-content\/uploads\/2019\/05\/Cambogia_chiesa-225x300.jpg 225w, https:\/\/www.rassegnastampa-totustuus.it\/cattolica\/wp-content\/uploads\/2019\/05\/Cambogia_chiesa.jpg 240w\" sizes=\"auto, (max-width: 150px) 100vw, 150px\" \/><\/a>Chiedo alla guida di portarmi a una \u00a0chiesa cattolica. Dovunque, nei Paesi in cui c&#8217;\u00e8 stato il colonialismo francese, ci sono delle chiese. Anche in Cambogia ce n&#8217;erano. Ma adesso non pi\u00f9. Distrutte, da Pol Pot, nella sua furia iconoclasta. Uccisi, o fuggiti, i sacerdoti. E uccisi anche la maggior parte dei bonzi, tra cui anche il grande bonzo della pagoda Langka, tempio buddista di Phnom Penh.<\/p>\n<p style=\"text-align: justify;\">Adesso, alla sera, a testimoniare che il Paese torna a vivere, nelle pagode si brucia di nuovo l&#8217;incenso. Un acuto profumo si diffonde per le strade, ma nessuno contesta pi\u00f9 l&#8217;odore dell&#8217;incenso. In un Paese devoto a un buddismo intriso di tradizioni animiste il \u00abnuovo\u00bb comunismo al potere si \u00e8 riconciliato con Buddha. I ceri bruciano tra le bandiere rosse.<\/p>\n<p style=\"text-align: justify;\"><strong>Saccheggio culturale <\/strong><\/p>\n<p style=\"text-align: justify;\">La civilt\u00e0 khmer \u00e8 molto antica. La sua massima fioritura fu tra l&#8217;ottavo e il dodicesimo secolo, quando le dinastie khmer cominciarono a costruire le loro citt\u00e0 nel nord del Paese. Takeo, e soprattutto l&#8217;antica capitale imperiale di Angkor Wat.<\/p>\n<div id=\"attachment_42957\" style=\"width: 250px\" class=\"wp-caption alignleft\"><a href=\"https:\/\/www.rassegnastampa-totustuus.it\/cattolica\/wp-content\/uploads\/2019\/05\/Cambogia_templi.jpg\"><img loading=\"lazy\" decoding=\"async\" aria-describedby=\"caption-attachment-42957\" class=\"wp-image-42957\" src=\"https:\/\/www.rassegnastampa-totustuus.it\/cattolica\/wp-content\/uploads\/2019\/05\/Cambogia_templi.jpg\" alt=\"\" width=\"250\" height=\"166\" \/><\/a><p id=\"caption-attachment-42957\" class=\"wp-caption-text\">Angkor Wat<\/p><\/div>\n<p style=\"text-align: justify;\">L&#8217;influsso incrociato di religioni prove\u00adnienti dall&#8217;India, buddismo e bramanesimo, dette ispirazione alla costruzione di uno dei prodigi artistici del mondo. Ap\u00adpunto, i complessi di templi di Angkor Wat e di Angkor Thom. Oggi, con gli aerei turboelica della risorta \u00abAir Kampuchea\u00bb, si pu\u00f2 di nuovo visitare quella che \u00e8 considerata una delle meraviglie del mondo.<\/p>\n<p style=\"text-align: justify;\">Ma quello che la mente dell&#8217;uomo ha creato nei secoli \u00e8 minacciato dalla mano dell&#8217;uomo. Solo ingenti aiuti internazionali potranno salvare questi templi, minacciati dalla vegetazione che sta prendendo il sopravvento e ne mette in pericolo la stabilit\u00e0. E il resto lo hanno fatto in questi anni di guerra i vari eserciti contrapposti.\u00a0<\/p>\n<p style=\"text-align: justify;\">Strani paradossi della storia: Pol Pot era un cultore proprio di questa grande epoca khmer, quella fiorita intorno all&#8217;anno Mille. E proprio per ricrearne le antiche glorie, per far risorgere la decaduta razza khmer, invent\u00f2 il progetto del ritorno forzato alle campagne. Teorizz\u00f2 l&#8217;uccisione in massa di medici e di intellettuali, simbolo di un distorto sapere.<\/p>\n<p style=\"text-align: justify;\"><a href=\"https:\/\/www.rassegnastampa-totustuus.it\/cattolica\/wp-content\/uploads\/2011\/09\/comunismo.jpg\"><img loading=\"lazy\" decoding=\"async\" class=\"wp-image-22769 alignright\" src=\"https:\/\/www.rassegnastampa-totustuus.it\/cattolica\/wp-content\/uploads\/2011\/09\/comunismo.jpg\" alt=\"\" width=\"250\" height=\"187\" \/><\/a>Mi rendo conto che oggi ogni discorso sulla Cambogia continua a riportare inevitabilmente a lui, al piccolo Hitler asiatico. E mi rendo anche conto che descrivere i suoi documentati errori ed orrori non spiega in alcun modo il perch\u00e9 siano avvenuti. Gli studi a Parigi, l&#8217;influenza di Robespierre, di Marx e di Lenin, il sogno di applicare le teorie assimilate in Occidente adeguandole alla realt\u00e0 cambogiana. Il sogno di mettere gli intellettuali al servizio della rivoluzione. Sono solo in piccola parte le premesse a una spiegazione.<\/p>\n<p style=\"text-align: justify;\">I pochi intellettuali sopravvissuti a Phnom Penh non riescono nemmeno loro a spiegare. Di pi\u00f9: hanno in un certo senso rimosso quel periodo, vedono come una grande macchia nera. Esprimono solo timori, allucinazioni: Pol Pot \u00e8 sempre il capo dei khmer rossi, se loro torneranno, torner\u00e0 anche lui. E su questa ipotesi sinistra un luogo incantato come il delta del Mekong, paradiso, per ora, e non per molto, incontaminato dal turismo di massa, diviene d&#8217;improvviso demoniaco. Il governo attualmente al potere a Phnom Penh ci appare quello che forse \u00e8 in realt\u00e0.<\/p>\n<p style=\"text-align: justify;\">Un normale governo comunista, dove il pragmatismo \u00e8 oggi molto pi\u00f9 forte dell&#8217;ideologia. Lontano dall&#8217;altra anima, demoniaca, del comunismo, quella di Pol Pot. Un&#8217;anima con cui, per gli strani giochi della politica, potrebbe essere di nuovo costretto a venire a patti. A loro volta, i milioni di vittime di questa tragedia ci appaiono in qualche modo apparentati alle altre vittime del terrore comunista. Alle vittime di Stalin, alle vittime di Mao. Per tutti manca una spiegazione.<\/p>\n<p style=\"text-align: center;\">______________________<\/p>\n<p style=\"text-align: center;\"><strong>CAMBOGIA<\/strong><\/p>\n<p><a href=\"https:\/\/www.rassegnastampa-totustuus.it\/cattolica\/wp-content\/uploads\/2019\/05\/Cambogia-1.jpg\"><img loading=\"lazy\" decoding=\"async\" class=\"size-full wp-image-42958 aligncenter\" src=\"https:\/\/www.rassegnastampa-totustuus.it\/cattolica\/wp-content\/uploads\/2019\/05\/Cambogia-1.jpg\" alt=\"\" width=\"240\" height=\"210\" \/><\/a><\/p>\n<p style=\"text-align: justify;\">CAPO DELLO STATO<\/p>\n<p style=\"text-align: justify;\">Heng Samrin \u00e8 al potere dall\u2019 11 gennaio 1979. La sua permanenza alla guida dello Stato \u00e8 stata ratificata da un&#8217;elezione avvenuta il 17 dicembre dello stesso anno. Dal 4 dicembre del 1981 Samrin \u00e8 anche Segretario generale del Partito popolare rivoluzionario.<\/p>\n<p style=\"text-align: justify;\">PARTITO POPOLARE RIVOLUZIONARIO<\/p>\n<p style=\"text-align: justify;\">\u00c8 il partito unico al potere dal &#8217;79 in Cambogia. La sua guida del Paese non \u00e8 mai stata riconosciuta dall&#8217;Onu dove la Cambogia \u00e8 rappresentata ancora dal Governo di coalizione antivietnamita della Kampuchea (Cambogia) democratica. Del Politburo del Partito popolare fanno parte, oltre allo stesso Samrin: Chea Sim, Hun Sen, Say Phuthang, Bou Thang, Chea Soth, Men Saman, Mat Ly e Ney Pena.<\/p>\n<p style=\"text-align: justify;\">GOVERNO<\/p>\n<p style=\"text-align: justify;\">Dal 26 dicembre 1984 capo del governo \u00e8 Hun Sen. Del suo gabinetto fanno fra gli altri parte: Ney Pena (Interni), Koy Buntha (Difesa), Kong Korm (Esteri)<\/p>\n<p style=\"text-align: justify;\">TERRITORIO<\/p>\n<p style=\"text-align: justify;\">L&#8217;attuale della Cambogia ha un&#8217;estensione di 178mila chilometri quadrati che salgono a 181 mila se comprendiamo anche le acque interne.<\/p>\n<p style=\"text-align: justify;\">POPOLAZIONE<\/p>\n<p style=\"text-align: justify;\">Secondo l&#8217;ultimo censimento che risale al 1981, \u00e8 di sei milioni e 689mila abitanti per una densit\u00e0 media di 37 abitanti per chilometro quadrato. Il coefficiente di accrescimento annuo \u00e8 stato tra l&#8217;80 e l&#8217;85 del 2,6%. Attualmente la capitale Phnom Penh \u00e8 abitata da circa quattrocentomila abitanti (329mila nell&#8217;81).<\/p>\n<p style=\"text-align: justify;\">LINGUA E RELIGIONE<\/p>\n<p style=\"text-align: justify;\">La lingua ufficiale \u00e8 l&#8217;antico khmer mentre \u00e8 usato anche il francese (retaggio coloniale e, in pratica, seconda lingua del Paese). La popolazione \u00e8 nella quasi totalit\u00e0 buddista: esiste una piccola minoranza cattolica che conta tredicimila 835 battezzati. La popolazione \u00e8 in maggioranza (93%) discendente dagli antichi khmer; esistono due piccole minoranze: vietnamita (4%) e cinese (3%).<\/p>\n<p style=\"text-align: justify;\">ECONOMIA<\/p>\n<p style=\"text-align: justify;\">Nel Paese non si hanno dati su investimenti industriali stranieri. Moneta ufficiale \u00e8 il riel, nell&#8217;86 con 30 riel si acquistava un dollaro americano. Tutte le imprese sono tassate, siano esse private o statali ma l&#8217;aliquota di tassazione varia secondo il settore produttivo e la dislocazione geografica. Alcune industrie moderne (chimica e trasporti soprattutto) si sono affiancate a quelle tradizionali artigiane: abbigliamento, ceramiche, eccetera. Nell&#8217;86 la Cambogia ha importato merci per un valore di oltre 117 milioni di dollari ed esportato per appena dodici milioni.<\/p>\n<p style=\"text-align: justify;\">RISORSE<\/p>\n<p style=\"text-align: justify;\">Le zone meglio coltivate si addensano lungo il corso del fiume Mekong, autentica miniera di ricchezza per tutta l&#8217;Indocina. Anche intorno al Tonle Sap vi sono zone coltivate. Il prodotto principale \u00e8, naturalmente, il riso (un milione e settecentomila ettari delle terre coltivate, cio\u00e8 circa il 55% del totale, sono riservate a questa produzione che nell&#8217;86 \u00e8 stata di venti milioni di quintali. Fra gli altri prodotti: il mais, il sesamo, i fagioli (che vengono poi fatti essiccare) e la manioca. Esiste anche una piccola produzione (ventimila quintali di fibra nell&#8217;86) di cotone. Nell&#8217;84 sono stati prodotti 40mila tonnellate di sale.<\/p>\n<p style=\"text-align: justify;\">FORESTE<\/p>\n<p style=\"text-align: justify;\">I prodotti dei boschi rappresentano le voci pi\u00f9 consistenti del commercio estero: 160mila quintali di caucci\u00f9 sono stati prodotti nell&#8217;86 mentre nell&#8217;anno precedente la produzione di legname \u00e8 stata di cinque milioni e 303mila metri cubi.<\/p>\n<p style=\"text-align: justify;\">ALLEVAMENTO E PESCA<\/p>\n<p style=\"text-align: justify;\">Un milione e mezzo circa sono i bovini, un milione trecentomila i suini mentre i bufali sono oltre settecentomila. Ma \u00e8 la pesca che rientra fra le voci importanti dell&#8217;economia del Paese e permette di dare un po&#8217; di ossigeno alle asfittiche esportazioni. In particolare il Tonle Sap rappresenta un ricchissimo fondo di acqua dolce per il pesce. Le 68mila tonnellate di pesce annualmente pescato (il dato \u00e8 del 1985) danno vita anche ad una diffusa industria conserviera.<\/p>\n<p style=\"text-align: justify;\">STATISTICHE SOCIALI<\/p>\n<p style=\"text-align: justify;\">Gli ultimi dati disponibili (risalgono per\u00f2 niente meno che al 1981) informano che il prodotto nazionale lordo per persona \u00e8 di 70 dollari americani all&#8217;anno. L&#8217;ultimo dato disponibile sugli ospedali \u00e8 addirittura del &#8217;71 (94 ospedali per poco pi\u00f9 di settemila posti letto; la situazione in questo ventennio non deve essere di molto migliorata). La popolazione urbana \u00e8 il 15,6%; quella impegnata in agricoltura il 72%<\/p>\n<p style=\"text-align: center;\">._________________________________<\/p>\n<p style=\"text-align: center;\"><strong>LA STORIA<\/strong><\/p>\n<p><a href=\"https:\/\/www.rassegnastampa-totustuus.it\/cattolica\/wp-content\/uploads\/2019\/05\/kmer_Cambogia.jpg\"><img loading=\"lazy\" decoding=\"async\" class=\"size-full wp-image-42959 aligncenter\" src=\"https:\/\/www.rassegnastampa-totustuus.it\/cattolica\/wp-content\/uploads\/2019\/05\/kmer_Cambogia.jpg\" alt=\"\" width=\"277\" height=\"182\" \/><\/a><\/p>\n<p style=\"text-align: center;\"><strong>Dieci secoli tra splendori e invasioni <\/strong><\/p>\n<p style=\"text-align: justify;\">IL 93 per cento della popolazione cambogiana \u00e8 rappresentata dai discendenti degli antichi khmer. Non esistono notizie certe sulla nascita di questo popolo ma gli etnologi ritengono che esso derivi dalla fusione di popolazioni indigene con invasori provenienti dal Nord.<\/p>\n<p style=\"text-align: justify;\">Il popolo si and\u00f2 affermando fin da tempi remoti per dar forma ad una vera e propria civilt\u00e0 intorno al quinto secolo dopo Cristo. Fu allora che i khmer subirono anche le influenze culturali e religiose indiane ed in particolare del brahmanesimo.<\/p>\n<p style=\"text-align: justify;\">Nel X secolo giunse fra i khmer il buddhismo che \u00e8 ancora la religione pi\u00f9 diffusa (c&#8217;\u00e8 una esigua minoranza cattolica, retaggio del passato coloniale). L&#8217;arrivo del buddhismo coincide anche con l&#8217;inizio del periodo di massimo fulgore della civilt\u00e0 khmer (dal X al XII secolo).<\/p>\n<p style=\"text-align: justify;\">E\u2019 in questo periodo che i khmer raggiungono anche la massima estensione territoriale del loro regno conquistando i territori del Laos e del Vietnam meridionale. A questo periodo di grande splendore risale la fondazione della citt\u00e0 reale di Angkor i cui magnifici resti sono a testimoniare il livello artistico ed architettonico raggiunto dai khmer.<\/p>\n<p style=\"text-align: justify;\">Oggi la citt\u00e0 (che dall&#8217;inizio del secolo al 1940 \u00e8 stata sotto il dominio thai) \u00e8 in abbandono essendo che il centro del Paese si \u00e8 spostato nella zona di Phnom Pen alla confluenza fra il Mekong e il Tonle Sap.<\/p>\n<p style=\"text-align: justify;\">Con il XIII secolo inizia per la civilt\u00e0 khmer un periodo di decadenza dovuto soprattutto a lotte intestine. La decadenza sar\u00e0 poi definitivamente aggravata con l&#8217;arrivo delle potenze coloniali: dapprima i portoghesi e, in seguito, gli olandesi.<\/p>\n<p style=\"text-align: justify;\">Ma \u00e8 solo nel XVII secolo, con l&#8217;arrivo dei francesi, che l&#8217;influenza coloniale diventa stabile nel Paese. I francesi, sfruttando la continua minaccia di Siam (Thailandia) ed Annam (Laos), indussero il re Norodom a porsi sotto loro protettorato (1863).<\/p>\n<p style=\"text-align: justify;\">L&#8217;autonomia (ma sempre all&#8217;interno dell&#8217;Unione francese) arriver\u00e0 per la Cambogia solo nel 1947 e dovr\u00e0 attendere il 1966 (in applicazione degli accordi di Ginevra del &#8217;54) per ottenere l&#8217;indipendenza. Sihanuk, Lon Nol, golpe filo americano, terrore dei Khmer rossi sono nomi, infine, dei nostri tempi.<\/p>\n\n\n<p><\/p>\n","protected":false},"excerpt":{"rendered":"<p>da Il Sabato n.5 \u2013 4 Febbraio 1989 \u00a0 \u00abA pochi chilometri da Phnom Penh ho visto operai che scavavano. E dei cumuli bianchi, indefinibili. Lentamente i cumuli acquistavano un&#8217;identit\u00e0: teschi ed ossa umane. Altri resti di un genocidio\u00bb. Cos\u00ec Fabrizio Del Noce racconta quello che ha visto in Cambogia. Gli occupanti vietnamiti se ne &hellip; <\/p>\n<p><a class=\"more-link btn\" href=\"https:\/\/www.rassegnastampa-totustuus.it\/cattolica\/dove-pol-pot-regno-e-sta-ritornando\/\">Continua a leggere<\/a><\/p>\n","protected":false},"author":6,"featured_media":42947,"comment_status":"closed","ping_status":"closed","sticky":false,"template":"","format":"standard","meta":{"footnotes":""},"categories":[81,32,108,27,24],"tags":[2403,139,861,1821],"class_list":["post-42946","post","type-post","status-publish","format-standard","has-post-thumbnail","hentry","category-cambogia","category-filosofia-del-comunismo","category-paesi-e-continenti","category-socialismo-e-comunismo","category-storia","tag-cambogia","tag-comunismo","tag-kmer-rossi","tag-pol-pot","item-wrap"],"yoast_head":"<!-- This site is optimized with the Yoast SEO plugin v27.5 - https:\/\/yoast.com\/product\/yoast-seo-wordpress\/ -->\n<title>Dove Pol Pot regn\u00f2 e sta ritornando - Rassegna Stampa Cattolica<\/title>\n<meta name=\"description\" content=\"Rassegna Stampa Cattolica - Per una cultura che nasce dalla Rivelazione cristiana in conformit\u00e0 alla tradizione e al Magistero della Chiesa in opposizione ad ogni relativismo e totalitarismo\" \/>\n<meta name=\"robots\" content=\"index, follow, max-snippet:-1, max-image-preview:large, max-video-preview:-1\" \/>\n<link rel=\"canonical\" href=\"https:\/\/www.rassegnastampa-totustuus.it\/cattolica\/dove-pol-pot-regno-e-sta-ritornando\/\" \/>\n<meta property=\"og:locale\" content=\"it_IT\" \/>\n<meta property=\"og:type\" content=\"article\" \/>\n<meta property=\"og:title\" content=\"Dove Pol Pot regn\u00f2 e sta ritornando - Rassegna Stampa Cattolica\" \/>\n<meta property=\"og:description\" content=\"Rassegna Stampa Cattolica - Per una cultura che nasce dalla Rivelazione cristiana in conformit\u00e0 alla tradizione e al Magistero della Chiesa in opposizione ad ogni relativismo e totalitarismo\" \/>\n<meta property=\"og:url\" content=\"https:\/\/www.rassegnastampa-totustuus.it\/cattolica\/dove-pol-pot-regno-e-sta-ritornando\/\" \/>\n<meta property=\"og:site_name\" content=\"Rassegna Stampa Cattolica\" \/>\n<meta property=\"article:publisher\" content=\"https:\/\/www.facebook.com\/rassegnastampacattolica\" \/>\n<meta property=\"article:published_time\" content=\"2017-05-01T22:00:47+00:00\" \/>\n<meta property=\"article:modified_time\" content=\"2019-05-02T15:01:35+00:00\" \/>\n<meta property=\"og:image\" content=\"https:\/\/www.rassegnastampa-totustuus.it\/cattolica\/wp-content\/uploads\/2019\/05\/Cambogia_comunismo_Kmer.jpg\" \/>\n\t<meta property=\"og:image:width\" content=\"1170\" \/>\n\t<meta property=\"og:image:height\" content=\"801\" \/>\n\t<meta property=\"og:image:type\" content=\"image\/jpeg\" \/>\n<meta name=\"author\" content=\"Redazione\" \/>\n<meta name=\"twitter:card\" content=\"summary_large_image\" \/>\n<meta name=\"twitter:creator\" content=\"@rassegnastampa9\" \/>\n<meta name=\"twitter:site\" content=\"@rassegnastampa9\" \/>\n<meta name=\"twitter:label1\" content=\"Scritto da\" \/>\n\t<meta name=\"twitter:data1\" content=\"Redazione\" \/>\n\t<meta name=\"twitter:label2\" content=\"Tempo di lettura stimato\" \/>\n\t<meta name=\"twitter:data2\" content=\"19 minuti\" \/>\n<script type=\"application\/ld+json\" class=\"yoast-schema-graph\">{\"@context\":\"https:\\\/\\\/schema.org\",\"@graph\":[{\"@type\":\"Article\",\"@id\":\"https:\\\/\\\/www.rassegnastampa-totustuus.it\\\/cattolica\\\/dove-pol-pot-regno-e-sta-ritornando\\\/#article\",\"isPartOf\":{\"@id\":\"https:\\\/\\\/www.rassegnastampa-totustuus.it\\\/cattolica\\\/dove-pol-pot-regno-e-sta-ritornando\\\/\"},\"author\":{\"name\":\"Redazione\",\"@id\":\"https:\\\/\\\/www.rassegnastampa-totustuus.it\\\/cattolica\\\/#\\\/schema\\\/person\\\/08f319d2bd1a0904ad9e2bfb7b15e5c3\"},\"headline\":\"Dove Pol Pot regn\u00f2 e sta ritornando\",\"datePublished\":\"2017-05-01T22:00:47+00:00\",\"dateModified\":\"2019-05-02T15:01:35+00:00\",\"mainEntityOfPage\":{\"@id\":\"https:\\\/\\\/www.rassegnastampa-totustuus.it\\\/cattolica\\\/dove-pol-pot-regno-e-sta-ritornando\\\/\"},\"wordCount\":3837,\"publisher\":{\"@id\":\"https:\\\/\\\/www.rassegnastampa-totustuus.it\\\/cattolica\\\/#organization\"},\"image\":{\"@id\":\"https:\\\/\\\/www.rassegnastampa-totustuus.it\\\/cattolica\\\/dove-pol-pot-regno-e-sta-ritornando\\\/#primaryimage\"},\"thumbnailUrl\":\"https:\\\/\\\/www.rassegnastampa-totustuus.it\\\/cattolica\\\/wp-content\\\/uploads\\\/2019\\\/05\\\/Cambogia_comunismo_Kmer.jpg\",\"keywords\":[\"Cambogia\",\"comunismo\",\"kmer rossi\",\"Pol-Pot\"],\"articleSection\":[\"Cambogia\",\"Comunismo\",\"Paesi e continenti\",\"Socialcomunismo\",\"Storia\"],\"inLanguage\":\"it-IT\"},{\"@type\":\"WebPage\",\"@id\":\"https:\\\/\\\/www.rassegnastampa-totustuus.it\\\/cattolica\\\/dove-pol-pot-regno-e-sta-ritornando\\\/\",\"url\":\"https:\\\/\\\/www.rassegnastampa-totustuus.it\\\/cattolica\\\/dove-pol-pot-regno-e-sta-ritornando\\\/\",\"name\":\"Dove Pol Pot regn\u00f2 e sta ritornando - Rassegna Stampa Cattolica\",\"isPartOf\":{\"@id\":\"https:\\\/\\\/www.rassegnastampa-totustuus.it\\\/cattolica\\\/#website\"},\"primaryImageOfPage\":{\"@id\":\"https:\\\/\\\/www.rassegnastampa-totustuus.it\\\/cattolica\\\/dove-pol-pot-regno-e-sta-ritornando\\\/#primaryimage\"},\"image\":{\"@id\":\"https:\\\/\\\/www.rassegnastampa-totustuus.it\\\/cattolica\\\/dove-pol-pot-regno-e-sta-ritornando\\\/#primaryimage\"},\"thumbnailUrl\":\"https:\\\/\\\/www.rassegnastampa-totustuus.it\\\/cattolica\\\/wp-content\\\/uploads\\\/2019\\\/05\\\/Cambogia_comunismo_Kmer.jpg\",\"datePublished\":\"2017-05-01T22:00:47+00:00\",\"dateModified\":\"2019-05-02T15:01:35+00:00\",\"description\":\"Rassegna Stampa Cattolica - Per una cultura che nasce dalla Rivelazione cristiana in conformit\u00e0 alla tradizione e al Magistero della Chiesa in opposizione ad ogni relativismo e totalitarismo\",\"breadcrumb\":{\"@id\":\"https:\\\/\\\/www.rassegnastampa-totustuus.it\\\/cattolica\\\/dove-pol-pot-regno-e-sta-ritornando\\\/#breadcrumb\"},\"inLanguage\":\"it-IT\",\"potentialAction\":[{\"@type\":\"ReadAction\",\"target\":[\"https:\\\/\\\/www.rassegnastampa-totustuus.it\\\/cattolica\\\/dove-pol-pot-regno-e-sta-ritornando\\\/\"]}]},{\"@type\":\"ImageObject\",\"inLanguage\":\"it-IT\",\"@id\":\"https:\\\/\\\/www.rassegnastampa-totustuus.it\\\/cattolica\\\/dove-pol-pot-regno-e-sta-ritornando\\\/#primaryimage\",\"url\":\"https:\\\/\\\/www.rassegnastampa-totustuus.it\\\/cattolica\\\/wp-content\\\/uploads\\\/2019\\\/05\\\/Cambogia_comunismo_Kmer.jpg\",\"contentUrl\":\"https:\\\/\\\/www.rassegnastampa-totustuus.it\\\/cattolica\\\/wp-content\\\/uploads\\\/2019\\\/05\\\/Cambogia_comunismo_Kmer.jpg\",\"width\":1170,\"height\":801},{\"@type\":\"BreadcrumbList\",\"@id\":\"https:\\\/\\\/www.rassegnastampa-totustuus.it\\\/cattolica\\\/dove-pol-pot-regno-e-sta-ritornando\\\/#breadcrumb\",\"itemListElement\":[{\"@type\":\"ListItem\",\"position\":1,\"name\":\"Home\",\"item\":\"https:\\\/\\\/www.rassegnastampa-totustuus.it\\\/cattolica\\\/\"},{\"@type\":\"ListItem\",\"position\":2,\"name\":\"Dove Pol Pot regn\u00f2 e sta ritornando\"}]},{\"@type\":\"WebSite\",\"@id\":\"https:\\\/\\\/www.rassegnastampa-totustuus.it\\\/cattolica\\\/#website\",\"url\":\"https:\\\/\\\/www.rassegnastampa-totustuus.it\\\/cattolica\\\/\",\"name\":\"Rassegna Stampa Cattolica\",\"description\":\"Per una cultura che nasce dalla Rivelazione cristiana in conformit\u00e0 alla tradizione e al Magistero della Chiesa in opposizione ad ogni relativismo e totalitarismo\",\"publisher\":{\"@id\":\"https:\\\/\\\/www.rassegnastampa-totustuus.it\\\/cattolica\\\/#organization\"},\"alternateName\":\"Rass. Cattolica\",\"potentialAction\":[{\"@type\":\"SearchAction\",\"target\":{\"@type\":\"EntryPoint\",\"urlTemplate\":\"https:\\\/\\\/www.rassegnastampa-totustuus.it\\\/cattolica\\\/?s={search_term_string}\"},\"query-input\":{\"@type\":\"PropertyValueSpecification\",\"valueRequired\":true,\"valueName\":\"search_term_string\"}}],\"inLanguage\":\"it-IT\"},{\"@type\":\"Organization\",\"@id\":\"https:\\\/\\\/www.rassegnastampa-totustuus.it\\\/cattolica\\\/#organization\",\"name\":\"Rassegna Stampa Cattolica\",\"url\":\"https:\\\/\\\/www.rassegnastampa-totustuus.it\\\/cattolica\\\/\",\"logo\":{\"@type\":\"ImageObject\",\"inLanguage\":\"it-IT\",\"@id\":\"https:\\\/\\\/www.rassegnastampa-totustuus.it\\\/cattolica\\\/#\\\/schema\\\/logo\\\/image\\\/\",\"url\":\"https:\\\/\\\/www.rassegnastampa-totustuus.it\\\/cattolica\\\/wp-content\\\/uploads\\\/2014\\\/04\\\/logo-rassegna1.gif\",\"contentUrl\":\"https:\\\/\\\/www.rassegnastampa-totustuus.it\\\/cattolica\\\/wp-content\\\/uploads\\\/2014\\\/04\\\/logo-rassegna1.gif\",\"width\":600,\"height\":163,\"caption\":\"Rassegna Stampa Cattolica\"},\"image\":{\"@id\":\"https:\\\/\\\/www.rassegnastampa-totustuus.it\\\/cattolica\\\/#\\\/schema\\\/logo\\\/image\\\/\"},\"sameAs\":[\"https:\\\/\\\/www.facebook.com\\\/rassegnastampacattolica\",\"https:\\\/\\\/x.com\\\/rassegnastampa9\"]},{\"@type\":\"Person\",\"@id\":\"https:\\\/\\\/www.rassegnastampa-totustuus.it\\\/cattolica\\\/#\\\/schema\\\/person\\\/08f319d2bd1a0904ad9e2bfb7b15e5c3\",\"name\":\"Redazione\",\"image\":{\"@type\":\"ImageObject\",\"inLanguage\":\"it-IT\",\"@id\":\"https:\\\/\\\/secure.gravatar.com\\\/avatar\\\/2fcdf27c78ea025fbdb44e914cc63c72249ffec9dc8aafd5c82b26240ef3f346?s=96&d=mm&r=g\",\"url\":\"https:\\\/\\\/secure.gravatar.com\\\/avatar\\\/2fcdf27c78ea025fbdb44e914cc63c72249ffec9dc8aafd5c82b26240ef3f346?s=96&d=mm&r=g\",\"contentUrl\":\"https:\\\/\\\/secure.gravatar.com\\\/avatar\\\/2fcdf27c78ea025fbdb44e914cc63c72249ffec9dc8aafd5c82b26240ef3f346?s=96&d=mm&r=g\",\"caption\":\"Redazione\"},\"url\":\"https:\\\/\\\/www.rassegnastampa-totustuus.it\\\/cattolica\\\/author\\\/pietroelle\\\/\"}]}<\/script>\n<!-- \/ Yoast SEO plugin. -->","yoast_head_json":{"title":"Dove Pol Pot regn\u00f2 e sta ritornando - Rassegna Stampa Cattolica","description":"Rassegna Stampa Cattolica - Per una cultura che nasce dalla Rivelazione cristiana in conformit\u00e0 alla tradizione e al Magistero della Chiesa in opposizione ad ogni relativismo e totalitarismo","robots":{"index":"index","follow":"follow","max-snippet":"max-snippet:-1","max-image-preview":"max-image-preview:large","max-video-preview":"max-video-preview:-1"},"canonical":"https:\/\/www.rassegnastampa-totustuus.it\/cattolica\/dove-pol-pot-regno-e-sta-ritornando\/","og_locale":"it_IT","og_type":"article","og_title":"Dove Pol Pot regn\u00f2 e sta ritornando - Rassegna Stampa Cattolica","og_description":"Rassegna Stampa Cattolica - Per una cultura che nasce dalla Rivelazione cristiana in conformit\u00e0 alla tradizione e al Magistero della Chiesa in opposizione ad ogni relativismo e totalitarismo","og_url":"https:\/\/www.rassegnastampa-totustuus.it\/cattolica\/dove-pol-pot-regno-e-sta-ritornando\/","og_site_name":"Rassegna Stampa Cattolica","article_publisher":"https:\/\/www.facebook.com\/rassegnastampacattolica","article_published_time":"2017-05-01T22:00:47+00:00","article_modified_time":"2019-05-02T15:01:35+00:00","og_image":[{"width":1170,"height":801,"url":"https:\/\/www.rassegnastampa-totustuus.it\/cattolica\/wp-content\/uploads\/2019\/05\/Cambogia_comunismo_Kmer.jpg","type":"image\/jpeg"}],"author":"Redazione","twitter_card":"summary_large_image","twitter_creator":"@rassegnastampa9","twitter_site":"@rassegnastampa9","twitter_misc":{"Scritto da":"Redazione","Tempo di lettura stimato":"19 minuti"},"schema":{"@context":"https:\/\/schema.org","@graph":[{"@type":"Article","@id":"https:\/\/www.rassegnastampa-totustuus.it\/cattolica\/dove-pol-pot-regno-e-sta-ritornando\/#article","isPartOf":{"@id":"https:\/\/www.rassegnastampa-totustuus.it\/cattolica\/dove-pol-pot-regno-e-sta-ritornando\/"},"author":{"name":"Redazione","@id":"https:\/\/www.rassegnastampa-totustuus.it\/cattolica\/#\/schema\/person\/08f319d2bd1a0904ad9e2bfb7b15e5c3"},"headline":"Dove Pol Pot regn\u00f2 e sta ritornando","datePublished":"2017-05-01T22:00:47+00:00","dateModified":"2019-05-02T15:01:35+00:00","mainEntityOfPage":{"@id":"https:\/\/www.rassegnastampa-totustuus.it\/cattolica\/dove-pol-pot-regno-e-sta-ritornando\/"},"wordCount":3837,"publisher":{"@id":"https:\/\/www.rassegnastampa-totustuus.it\/cattolica\/#organization"},"image":{"@id":"https:\/\/www.rassegnastampa-totustuus.it\/cattolica\/dove-pol-pot-regno-e-sta-ritornando\/#primaryimage"},"thumbnailUrl":"https:\/\/www.rassegnastampa-totustuus.it\/cattolica\/wp-content\/uploads\/2019\/05\/Cambogia_comunismo_Kmer.jpg","keywords":["Cambogia","comunismo","kmer rossi","Pol-Pot"],"articleSection":["Cambogia","Comunismo","Paesi e continenti","Socialcomunismo","Storia"],"inLanguage":"it-IT"},{"@type":"WebPage","@id":"https:\/\/www.rassegnastampa-totustuus.it\/cattolica\/dove-pol-pot-regno-e-sta-ritornando\/","url":"https:\/\/www.rassegnastampa-totustuus.it\/cattolica\/dove-pol-pot-regno-e-sta-ritornando\/","name":"Dove Pol Pot regn\u00f2 e sta ritornando - Rassegna Stampa Cattolica","isPartOf":{"@id":"https:\/\/www.rassegnastampa-totustuus.it\/cattolica\/#website"},"primaryImageOfPage":{"@id":"https:\/\/www.rassegnastampa-totustuus.it\/cattolica\/dove-pol-pot-regno-e-sta-ritornando\/#primaryimage"},"image":{"@id":"https:\/\/www.rassegnastampa-totustuus.it\/cattolica\/dove-pol-pot-regno-e-sta-ritornando\/#primaryimage"},"thumbnailUrl":"https:\/\/www.rassegnastampa-totustuus.it\/cattolica\/wp-content\/uploads\/2019\/05\/Cambogia_comunismo_Kmer.jpg","datePublished":"2017-05-01T22:00:47+00:00","dateModified":"2019-05-02T15:01:35+00:00","description":"Rassegna Stampa Cattolica - Per una cultura che nasce dalla Rivelazione cristiana in conformit\u00e0 alla tradizione e al Magistero della Chiesa in opposizione ad ogni relativismo e totalitarismo","breadcrumb":{"@id":"https:\/\/www.rassegnastampa-totustuus.it\/cattolica\/dove-pol-pot-regno-e-sta-ritornando\/#breadcrumb"},"inLanguage":"it-IT","potentialAction":[{"@type":"ReadAction","target":["https:\/\/www.rassegnastampa-totustuus.it\/cattolica\/dove-pol-pot-regno-e-sta-ritornando\/"]}]},{"@type":"ImageObject","inLanguage":"it-IT","@id":"https:\/\/www.rassegnastampa-totustuus.it\/cattolica\/dove-pol-pot-regno-e-sta-ritornando\/#primaryimage","url":"https:\/\/www.rassegnastampa-totustuus.it\/cattolica\/wp-content\/uploads\/2019\/05\/Cambogia_comunismo_Kmer.jpg","contentUrl":"https:\/\/www.rassegnastampa-totustuus.it\/cattolica\/wp-content\/uploads\/2019\/05\/Cambogia_comunismo_Kmer.jpg","width":1170,"height":801},{"@type":"BreadcrumbList","@id":"https:\/\/www.rassegnastampa-totustuus.it\/cattolica\/dove-pol-pot-regno-e-sta-ritornando\/#breadcrumb","itemListElement":[{"@type":"ListItem","position":1,"name":"Home","item":"https:\/\/www.rassegnastampa-totustuus.it\/cattolica\/"},{"@type":"ListItem","position":2,"name":"Dove Pol Pot regn\u00f2 e sta ritornando"}]},{"@type":"WebSite","@id":"https:\/\/www.rassegnastampa-totustuus.it\/cattolica\/#website","url":"https:\/\/www.rassegnastampa-totustuus.it\/cattolica\/","name":"Rassegna Stampa Cattolica","description":"Per una cultura che nasce dalla Rivelazione cristiana in conformit\u00e0 alla tradizione e al Magistero della Chiesa in opposizione ad ogni relativismo e totalitarismo","publisher":{"@id":"https:\/\/www.rassegnastampa-totustuus.it\/cattolica\/#organization"},"alternateName":"Rass. Cattolica","potentialAction":[{"@type":"SearchAction","target":{"@type":"EntryPoint","urlTemplate":"https:\/\/www.rassegnastampa-totustuus.it\/cattolica\/?s={search_term_string}"},"query-input":{"@type":"PropertyValueSpecification","valueRequired":true,"valueName":"search_term_string"}}],"inLanguage":"it-IT"},{"@type":"Organization","@id":"https:\/\/www.rassegnastampa-totustuus.it\/cattolica\/#organization","name":"Rassegna Stampa Cattolica","url":"https:\/\/www.rassegnastampa-totustuus.it\/cattolica\/","logo":{"@type":"ImageObject","inLanguage":"it-IT","@id":"https:\/\/www.rassegnastampa-totustuus.it\/cattolica\/#\/schema\/logo\/image\/","url":"https:\/\/www.rassegnastampa-totustuus.it\/cattolica\/wp-content\/uploads\/2014\/04\/logo-rassegna1.gif","contentUrl":"https:\/\/www.rassegnastampa-totustuus.it\/cattolica\/wp-content\/uploads\/2014\/04\/logo-rassegna1.gif","width":600,"height":163,"caption":"Rassegna Stampa Cattolica"},"image":{"@id":"https:\/\/www.rassegnastampa-totustuus.it\/cattolica\/#\/schema\/logo\/image\/"},"sameAs":["https:\/\/www.facebook.com\/rassegnastampacattolica","https:\/\/x.com\/rassegnastampa9"]},{"@type":"Person","@id":"https:\/\/www.rassegnastampa-totustuus.it\/cattolica\/#\/schema\/person\/08f319d2bd1a0904ad9e2bfb7b15e5c3","name":"Redazione","image":{"@type":"ImageObject","inLanguage":"it-IT","@id":"https:\/\/secure.gravatar.com\/avatar\/2fcdf27c78ea025fbdb44e914cc63c72249ffec9dc8aafd5c82b26240ef3f346?s=96&d=mm&r=g","url":"https:\/\/secure.gravatar.com\/avatar\/2fcdf27c78ea025fbdb44e914cc63c72249ffec9dc8aafd5c82b26240ef3f346?s=96&d=mm&r=g","contentUrl":"https:\/\/secure.gravatar.com\/avatar\/2fcdf27c78ea025fbdb44e914cc63c72249ffec9dc8aafd5c82b26240ef3f346?s=96&d=mm&r=g","caption":"Redazione"},"url":"https:\/\/www.rassegnastampa-totustuus.it\/cattolica\/author\/pietroelle\/"}]}},"_links":{"self":[{"href":"https:\/\/www.rassegnastampa-totustuus.it\/cattolica\/wp-json\/wp\/v2\/posts\/42946","targetHints":{"allow":["GET"]}}],"collection":[{"href":"https:\/\/www.rassegnastampa-totustuus.it\/cattolica\/wp-json\/wp\/v2\/posts"}],"about":[{"href":"https:\/\/www.rassegnastampa-totustuus.it\/cattolica\/wp-json\/wp\/v2\/types\/post"}],"author":[{"embeddable":true,"href":"https:\/\/www.rassegnastampa-totustuus.it\/cattolica\/wp-json\/wp\/v2\/users\/6"}],"replies":[{"embeddable":true,"href":"https:\/\/www.rassegnastampa-totustuus.it\/cattolica\/wp-json\/wp\/v2\/comments?post=42946"}],"version-history":[{"count":1,"href":"https:\/\/www.rassegnastampa-totustuus.it\/cattolica\/wp-json\/wp\/v2\/posts\/42946\/revisions"}],"predecessor-version":[{"id":42960,"href":"https:\/\/www.rassegnastampa-totustuus.it\/cattolica\/wp-json\/wp\/v2\/posts\/42946\/revisions\/42960"}],"wp:featuredmedia":[{"embeddable":true,"href":"https:\/\/www.rassegnastampa-totustuus.it\/cattolica\/wp-json\/wp\/v2\/media\/42947"}],"wp:attachment":[{"href":"https:\/\/www.rassegnastampa-totustuus.it\/cattolica\/wp-json\/wp\/v2\/media?parent=42946"}],"wp:term":[{"taxonomy":"category","embeddable":true,"href":"https:\/\/www.rassegnastampa-totustuus.it\/cattolica\/wp-json\/wp\/v2\/categories?post=42946"},{"taxonomy":"post_tag","embeddable":true,"href":"https:\/\/www.rassegnastampa-totustuus.it\/cattolica\/wp-json\/wp\/v2\/tags?post=42946"}],"curies":[{"name":"wp","href":"https:\/\/api.w.org\/{rel}","templated":true}]}}